{"id":10019,"date":"2020-06-22T15:02:31","date_gmt":"2020-06-22T13:02:31","guid":{"rendered":"https:\/\/www.schlanser.ch\/magazin\/?p=10019"},"modified":"2024-01-10T15:49:23","modified_gmt":"2024-01-10T14:49:23","slug":"velotour-durch-die-schweiz","status":"publish","type":"post","link":"https:\/\/www.schlanser.ch\/magazin\/velotour-durch-die-schweiz\/","title":{"rendered":"Velotour durch die Schweiz"},"content":{"rendered":"<h2>\u00ab Vom Murtensee bis in die Ostschweiz gibt es viel zu entdecken \u00bb<\/h2>\n<p style=\"text-align: justify;\"><strong>Stellen Sie sich vor, Sie schwingen sich bei sommerlichen Temperaturen auf Ihr Velo und lassen sich den erfrischenden Fahrtwind um die Nase wehen. Ringsherum nichts als Natur, Berge und Wasser. Die malerische Schweiz ist f\u00fcr eine Tour zu Fuss, mit dem Velo oder dem Camper wie gemacht. Ob der Bodenseeradweg, entlang am Z\u00fcrichsee oder eine Velotour am Murtensee, die Schweizer Region auf zwei R\u00e4dern zu erkunden, lohnt sich in jedem Fall.<\/strong><\/p>\n<h2>Tipp f\u00fcr den Sommerurlaub \u2013 eine Schweizer Velotour<\/h2>\n<p style=\"text-align: justify;\">Mit dem Velo erreichen Sie die sch\u00f6nsten Ecken und Stationen des Landes. Packen Sie Ihre Drahtesel also auf den <a href=\"https:\/\/www.schlanser.ch\/fahrzeug\/wohnwagen-wohnmobil-zubehoer\/fahrradtraeger\/\">Velohalter f\u00fcr Autos oder Wohnmobile<\/a> und auf Sie warten historische Ortsbilder, idyllische Seenlandschaften, gem\u00fctliche Wege und Gassen.<\/p>\n<p><img loading=\"lazy\" decoding=\"async\" class=\"aligncenter wp-image-15822 size-full\" title=\"Fiamma Carry Bike Fahrradtr\u00e4ger f\u00fcr VW T5 mit Heckklappe\" src=\"https:\/\/www.schlanser.ch\/magazin\/wp-content\/uploads\/2020\/06\/fiamma-carry-bike-fahrradtraeger-fuer-vw-t5.jpg\" alt=\"Fiamma Carry Bike Fahrradtr\u00e4ger f\u00fcr VW T5 mit Heckklappe\" width=\"600\" height=\"375\" srcset=\"https:\/\/www.schlanser.ch\/magazin\/wp-content\/uploads\/2020\/06\/fiamma-carry-bike-fahrradtraeger-fuer-vw-t5.jpg 600w, https:\/\/www.schlanser.ch\/magazin\/wp-content\/uploads\/2020\/06\/fiamma-carry-bike-fahrradtraeger-fuer-vw-t5-300x188.jpg 300w\" sizes=\"(max-width: 600px) 100vw, 600px\" \/><\/p>\n<p style=\"text-align: justify;\">Halten Sie zwischendurch immer wieder inne und geniessen Sie die malerische Landschaft und einmalige Aussichtspunkte, wie Sie Ihnen nur die Schweiz bieten kann.<\/p>\n<h2>Velotour rund um den Murtensee<\/h2>\n<p style=\"text-align: justify;\">Eine Rundfahrt um den Murtensee geh\u00f6rt zu den beliebtesten Strecken, die mit dem Velo erkundet werden k\u00f6nnen. Die lokale Route Nummer 480 startet im Z\u00e4hringerst\u00e4dtchen Murten mit allerhand Mittelaltercharme. In der historischen Altstadt finden Sie zahlreiche gem\u00fctliche Laubeng\u00e4nge sowie die stadteigene Ringmauer aus dem 13. bis 17. Jahrhundert. Hier lohnt es sich in jedem Fall, einen genaueren Blick zu riskieren, denn die Mauer geh\u00f6rt zu den Befestigungsbauwerken, die im Land am besten erhalten sind.<\/p>\n<figure id=\"attachment_10043\" aria-describedby=\"caption-attachment-10043\" style=\"width: 600px\" class=\"wp-caption aligncenter\"><img loading=\"lazy\" decoding=\"async\" class=\"wp-image-10043 size-full\" title=\"Murten ist eine mittelalterliche Gemeinde am S\u00fcdostufer des Murtensees\" src=\"https:\/\/www.schlanser.ch\/magazin\/wp-content\/uploads\/2020\/07\/Murten-historische-Altstadt-Schweiz.jpg\" alt=\"Murten historische Altstadt Schweiz\" width=\"600\" height=\"375\" srcset=\"https:\/\/www.schlanser.ch\/magazin\/wp-content\/uploads\/2020\/07\/Murten-historische-Altstadt-Schweiz.jpg 600w, https:\/\/www.schlanser.ch\/magazin\/wp-content\/uploads\/2020\/07\/Murten-historische-Altstadt-Schweiz-300x188.jpg 300w\" sizes=\"(max-width: 600px) 100vw, 600px\" \/><figcaption id=\"caption-attachment-10043\" class=\"wp-caption-text\">\u00a9 bill_17 \u2013 stock.adobe.com<\/figcaption><\/figure>\n<p style=\"text-align: justify;\">Weiter geht es mit der Velotour im Uhrzeigersinn einmal rund um den Murtensee. Hier radeln sie zun\u00e4chst auf l\u00e4ndlichen und ruhigen Strassen immer Richtung Faoug. Haben Sie die ersten Kilometer hinter sich gebracht, kommen Sie in Salavaux heraus, wo Sie einen der l\u00e4ngsten Schweizer Sandstr\u00e4nde finden \u2013 ein Augenschmaus. Mit leichtem Anstieg fahren Sie weiter durch etliche Weinberge direkt auf den Mount Vally. N\u00f6rdlich vom Murtensse auf dem H\u00fcgelzug kredenzt das Land Ihnen einen unvergesslichen Blick auf die Alpen und die Jura.<\/p>\n<figure id=\"attachment_10045\" aria-describedby=\"caption-attachment-10045\" style=\"width: 600px\" class=\"wp-caption aligncenter\"><img loading=\"lazy\" decoding=\"async\" class=\"wp-image-10045 size-full\" title=\"Der Murtensee ist der kleinste der drei grossen Schweizer Jurarandseen\" src=\"https:\/\/www.schlanser.ch\/magazin\/wp-content\/uploads\/2020\/07\/murtensee-schweiz.jpg\" alt=\"murtensee-schweiz\" width=\"600\" height=\"450\" srcset=\"https:\/\/www.schlanser.ch\/magazin\/wp-content\/uploads\/2020\/07\/murtensee-schweiz.jpg 600w, https:\/\/www.schlanser.ch\/magazin\/wp-content\/uploads\/2020\/07\/murtensee-schweiz-300x225.jpg 300w\" sizes=\"(max-width: 600px) 100vw, 600px\" \/><figcaption id=\"caption-attachment-10045\" class=\"wp-caption-text\">\u00a9 rruntsch \u2013 stock.adobe.com<\/figcaption><\/figure>\n<p style=\"text-align: justify;\">Anschliessend geht es rasant bergab und Sie kommen durch den Chablais, was ein sehr grosses Waldgebiet ist. Hier streifen Sie auch noch das Seeland und anschliessend geht es wieder zur\u00fcck nach Murten. Auf der Velotour am Murtensee bietet sich Ihnen allerlei Sehenswertes: Weinberge, Str\u00e4nde, Wasser, Wald und Historisches.<\/p>\n<h2>Velotour durch die Ostschweiz<\/h2>\n<p style=\"text-align: justify;\">St. Gallen wird auch die K\u00f6nigin der Ostschweiz genannt. Die entsprechende Velotour bringt Sie zu den schweizerischen Glanzpunkten: dem Z\u00fcrichsee und dem Bodensee.<\/p>\n<blockquote>\n<p style=\"text-align: justify;\">Die Tour ist an einem Tag nicht zu schaffen und f\u00fcr ganze 10 Tage ausgelegt.<\/p>\n<\/blockquote>\n<p style=\"text-align: justify;\">Hier tauchen Sie voll ein in die atemberaubende Natur, aber auch in touristische Gebiete am Bodensee oder rund um Schaffhausen.<\/p>\n<figure id=\"attachment_10048\" aria-describedby=\"caption-attachment-10048\" style=\"width: 600px\" class=\"wp-caption aligncenter\"><img loading=\"lazy\" decoding=\"async\" class=\"wp-image-10048 size-full\" title=\"Innenansicht der Stiftskirche St. Gallen\" src=\"https:\/\/www.schlanser.ch\/magazin\/wp-content\/uploads\/2020\/07\/Stiftskirche-St.-Gallen-innen.jpg\" alt=\"Stiftskirche St. Gallen innen\" width=\"600\" height=\"380\" srcset=\"https:\/\/www.schlanser.ch\/magazin\/wp-content\/uploads\/2020\/07\/Stiftskirche-St.-Gallen-innen.jpg 600w, https:\/\/www.schlanser.ch\/magazin\/wp-content\/uploads\/2020\/07\/Stiftskirche-St.-Gallen-innen-300x190.jpg 300w\" sizes=\"(max-width: 600px) 100vw, 600px\" \/><figcaption id=\"caption-attachment-10048\" class=\"wp-caption-text\">\u00a9 g215 \u2013 stock.adobe.com<\/figcaption><\/figure>\n<p style=\"text-align: justify;\">Die Tour eignet sich auch f\u00fcr unerfahrene Velofahrer und hat dabei aber einiges zu bieten:<\/p>\n<ul>\n<li style=\"text-align: justify;\">Bad Ragaz mit der Tamina Therme<\/li>\n<li style=\"text-align: justify;\">Klangweg in der Altstadt von St. Johann<\/li>\n<li style=\"text-align: justify;\">kulturelle Erlebnisse im Kloster von St. Gallen<\/li>\n<li style=\"text-align: justify;\">verschiedene Panoramawege f\u00fcr unvergessliche Ausblicke<\/li>\n<\/ul>\n<h2>Velotour mit Kindern in der Schweiz<\/h2>\n<p style=\"text-align: justify;\">Wenn Sie mit der ganzen Familie eine Tour planen, beziehungsweise mit Kindern unterwegs sind, ist es wichtig, dass Sie eine eher flache und vor allem sicher befahrbare Route w\u00e4hlen. Eine einfache Velotour in der Schweiz ist hier der Schl\u00fcssel zum Erfolg.<\/p>\n<p><a href=\"https:\/\/www.schlanser.ch\/outdoor-freizeit\/wasserwelt\/badespass\/3674\/kinder-matratze\"><img loading=\"lazy\" decoding=\"async\" class=\"aligncenter wp-image-10067 size-full\" title=\"Kinder-Matratze | Luftmatratze f\u00fcr Kinder in farbenfrohem Design | mit Sichtfenster\" src=\"https:\/\/www.schlanser.ch\/magazin\/wp-content\/uploads\/2020\/07\/kinder-matratze.jpg\" alt=\"kinder-matratze\" width=\"600\" height=\"495\" srcset=\"https:\/\/www.schlanser.ch\/magazin\/wp-content\/uploads\/2020\/07\/kinder-matratze.jpg 600w, https:\/\/www.schlanser.ch\/magazin\/wp-content\/uploads\/2020\/07\/kinder-matratze-300x248.jpg 300w\" sizes=\"(max-width: 600px) 100vw, 600px\" \/><\/a><\/p>\n<p style=\"text-align: justify;\">Am besten ist diese f\u00fcr unge\u00fcbte Velofahrer ausgelegt und bietet unterwegs allerlei Spannendes zu Entdecken. Kinder lassen sich weniger von der malerischen Landschaft beeindrucken, sie wollen unterwegs auch mal etwas Abenteuer. Sinnvoll ist es dann, wenn zwischendurch mal ein paar Kilometer mit der Bahn gefahren werden k\u00f6nnen, falls die Kraft oder Lust bei den Kleinen einmal g\u00e4nzlich ausgeht.<\/p>\n<figure id=\"attachment_10034\" aria-describedby=\"caption-attachment-10034\" style=\"width: 600px\" class=\"wp-caption aligncenter\"><img loading=\"lazy\" decoding=\"async\" class=\"wp-image-10034 size-full\" title=\"Suchen Sie f\u00fcr die Velotour mit Kindern einfache Strecken heraus \" src=\"https:\/\/www.schlanser.ch\/magazin\/wp-content\/uploads\/2020\/07\/Velotour-mit-Kindern.jpg\" alt=\"Velotour mit Kindern\" width=\"600\" height=\"400\" srcset=\"https:\/\/www.schlanser.ch\/magazin\/wp-content\/uploads\/2020\/07\/Velotour-mit-Kindern.jpg 600w, https:\/\/www.schlanser.ch\/magazin\/wp-content\/uploads\/2020\/07\/Velotour-mit-Kindern-300x200.jpg 300w\" sizes=\"(max-width: 600px) 100vw, 600px\" \/><figcaption id=\"caption-attachment-10034\" class=\"wp-caption-text\">\u00a9 ARochau \u2013 stock.adobe.com<\/figcaption><\/figure>\n<p style=\"text-align: justify;\">F\u00fcr Familien mit Kindern eignet sich die Veloroute von Bad Ragaz nach Schaffhausen. Sie fahren den Rhein- und Bodenseeradweg entlang, hier warten tolle Natureindr\u00fccke f\u00fcr die Eltern, aber auch Spass und Abenteuer f\u00fcr die Kleinen.<\/p>\n<p><img loading=\"lazy\" decoding=\"async\" class=\"aligncenter wp-image-10065 size-full\" title=\"Flamefield Melamin Kinder Geschirr-Set Camper Smiles Junior | inkl. tollem Motiv-Rucksack\" src=\"https:\/\/www.schlanser.ch\/magazin\/wp-content\/uploads\/2020\/07\/flamefield-melamin-kinder-geschirr-set-camper-smiles-junior-1.jpg\" alt=\"flamefield-melamin-kinder-geschirr-set-camper-smiles-junior\" width=\"500\" height=\"371\" srcset=\"https:\/\/www.schlanser.ch\/magazin\/wp-content\/uploads\/2020\/07\/flamefield-melamin-kinder-geschirr-set-camper-smiles-junior-1.jpg 500w, https:\/\/www.schlanser.ch\/magazin\/wp-content\/uploads\/2020\/07\/flamefield-melamin-kinder-geschirr-set-camper-smiles-junior-1-300x223.jpg 300w\" sizes=\"(max-width: 500px) 100vw, 500px\" \/><\/p>\n<p style=\"text-align: justify;\">Ein absolutes Highlight ist der imposante Wasserfall in Schaffhausen. Die Route betr\u00e4gt 187 Kilometer, an verschiedenen Stationen kann auch mal bequem auf die Eisenbahn ausgewichen werden. Nat\u00fcrlich kann man auch jederzeit anhalten und Rast machen.<\/p>\n<h2>Gr\u00fcne Tour durch Bern<\/h2>\n<p style=\"text-align: justify;\">Zu einer Schweizer Tour geh\u00f6rt ein Abstecher in die Hauptstadt. In Bern gibt es einiges zu sehen und das l\u00e4sst sich wunderbar auf dem Drahtesel erkunden. Gestartet und auch &#8222;gelandet&#8220; wird am Flughafen-Belp. Sie haben die M\u00f6glichkeit, auf einen fast 60 Kilometer langen Radweg durch die Hauptstadt zu fahren.<\/p>\n<figure id=\"attachment_10052\" aria-describedby=\"caption-attachment-10052\" style=\"width: 600px\" class=\"wp-caption aligncenter\"><img loading=\"lazy\" decoding=\"async\" class=\"wp-image-10052 size-full\" title=\"Das Aaretal in der Schweiz bietet einen herrlichen Panorama-Ausblick\" src=\"https:\/\/www.schlanser.ch\/magazin\/wp-content\/uploads\/2020\/07\/aaretal.jpg\" alt=\"aaretal\" width=\"600\" height=\"400\" srcset=\"https:\/\/www.schlanser.ch\/magazin\/wp-content\/uploads\/2020\/07\/aaretal.jpg 600w, https:\/\/www.schlanser.ch\/magazin\/wp-content\/uploads\/2020\/07\/aaretal-300x200.jpg 300w\" sizes=\"(max-width: 600px) 100vw, 600px\" \/><figcaption id=\"caption-attachment-10052\" class=\"wp-caption-text\">\u00a9 Schlierner \u2013 stock.adobe.com<\/figcaption><\/figure>\n<p style=\"text-align: justify;\">Vorbei geht es am Aaretal mit einem unglaublichen Panorama-Ausblick \u00fcber die Alpen von Bern. Des Weiteren warten auf Sie spannende Kulturlandschaften sowie interessante D\u00f6rfer und Weiler. Die Route wechselt immer mal wieder zwischen Anstiegen und Abstiegen.<\/p>\n<h2>Die Seenregion von Genf<\/h2>\n<p style=\"text-align: justify;\">Die Tour durch die Genfer Seenregion betr\u00e4gt 17 Kilometer, was gut zu schaffen ist, auch f\u00fcr Anf\u00e4nger. Sie starten in Hermance und fahren \u00fcber Cologny bis nach Gen\u00e8ve.<\/p>\n<figure id=\"attachment_10055\" aria-describedby=\"caption-attachment-10055\" style=\"width: 600px\" class=\"wp-caption aligncenter\"><img loading=\"lazy\" decoding=\"async\" class=\"wp-image-10055 size-full\" title=\"Genf in der Schweiz - in der Seenregion l\u00e4sst es sich gut fahren\" src=\"https:\/\/www.schlanser.ch\/magazin\/wp-content\/uploads\/2020\/07\/Genf-Schweiz.jpg\" alt=\"Genf Schweiz\" width=\"600\" height=\"337\" srcset=\"https:\/\/www.schlanser.ch\/magazin\/wp-content\/uploads\/2020\/07\/Genf-Schweiz.jpg 600w, https:\/\/www.schlanser.ch\/magazin\/wp-content\/uploads\/2020\/07\/Genf-Schweiz-300x169.jpg 300w\" sizes=\"(max-width: 600px) 100vw, 600px\" \/><figcaption id=\"caption-attachment-10055\" class=\"wp-caption-text\">\u00a9 nikolazivic \u2013 stock.adobe.com<\/figcaption><\/figure>\n<p style=\"text-align: justify;\">Hier k\u00f6nnen Sie die wundersch\u00f6ne Natur auf zwei R\u00e4dern geniessen, fahren durch h\u00fcbsche D\u00f6rfer und verw\u00f6hnen Ihren Geist mit spektakul\u00e4ren Aussichten. Diese Tour eignet sich vor allem f\u00fcr Geniesser, die gem\u00e4chlich fahren und sich dabei an der sch\u00f6nen Natur nicht satt sehen k\u00f6nnen.<\/p>\n<h2>Heimatferien auf dem Velo lohnen sich immer &#8211; Velotour durch die Schweiz<\/h2>\n<p style=\"text-align: justify;\">Eine Velotour durch die Schweiz lohnt sich in jedem Fall. F\u00fcr jeden Bedarf ist das Passende dabei: Es gibt anspruchsvolle Touren sowie Routen f\u00fcr gem\u00fctliche Fahrer und Familien.<\/p>\n<p><a href=\"https:\/\/www.schlanser.ch\/fahrzeug\/wohnwagen-wohnmobil-zubehoer\/fahrradtraeger\/208700\/thule-velo-slide-fahrradtraeger-heckgarage\"><img loading=\"lazy\" decoding=\"async\" class=\"aligncenter wp-image-10026 size-full\" title=\"Thule Velo Slide Fahrradtr\u00e4ger Heckgarage | Tragkraft bis zu 70 kg\" src=\"https:\/\/www.schlanser.ch\/magazin\/wp-content\/uploads\/2020\/07\/thule-velo-slide-fahrradtraeger-heckgarage.jpg\" alt=\"thule-velo-slide-fahrradtraeger-heckgarage\" width=\"500\" height=\"372\" srcset=\"https:\/\/www.schlanser.ch\/magazin\/wp-content\/uploads\/2020\/07\/thule-velo-slide-fahrradtraeger-heckgarage.jpg 500w, https:\/\/www.schlanser.ch\/magazin\/wp-content\/uploads\/2020\/07\/thule-velo-slide-fahrradtraeger-heckgarage-300x223.jpg 300w\" sizes=\"(max-width: 500px) 100vw, 500px\" \/><\/a><\/p>\n<p style=\"text-align: justify;\">Egal, ob Sie lieber in der Natur oder am Wasser unterwegs sind oder doch eher in etwas Kultur eintauchen m\u00f6chten, Sie kommen auf Ihre Kosten.<\/p>\n<p><a href=\"https:\/\/www.schlanser.ch\/fahrzeug\/wohnwagen-wohnmobil-zubehoer\/fahrradtraeger-zubehoer\/143533\/thule-montageschienen-fuer-fahrradtraeger-velo-slide-70cm\"><img loading=\"lazy\" decoding=\"async\" class=\"aligncenter wp-image-10029\" title=\"Thule Montageschienen f\u00fcr Fahrradtr\u00e4ger Velo Slide | 70 cm | 3 St\u00fcck\" src=\"https:\/\/www.schlanser.ch\/magazin\/wp-content\/uploads\/2020\/07\/thule-montageschienen-fuer-fahrradtraeger-velo-slide-70cm.jpg\" alt=\"thule-montageschienen-fuer-fahrradtraeger-velo-slide-70cm\" width=\"400\" height=\"272\" srcset=\"https:\/\/www.schlanser.ch\/magazin\/wp-content\/uploads\/2020\/07\/thule-montageschienen-fuer-fahrradtraeger-velo-slide-70cm.jpg 500w, https:\/\/www.schlanser.ch\/magazin\/wp-content\/uploads\/2020\/07\/thule-montageschienen-fuer-fahrradtraeger-velo-slide-70cm-300x204.jpg 300w, https:\/\/www.schlanser.ch\/magazin\/wp-content\/uploads\/2020\/07\/thule-montageschienen-fuer-fahrradtraeger-velo-slide-70cm-110x75.jpg 110w\" sizes=\"(max-width: 400px) 100vw, 400px\" \/><\/a><\/p>\n<p style=\"text-align: justify;\">Von der <a href=\"https:\/\/www.schlanser.ch\/outdoor-freizeit\/\">Trekkingausr\u00fcstung<\/a> bis zum <a href=\"https:\/\/www.schlanser.ch\/fahrzeug\/wohnwagen-wohnmobil-zubehoer\/fahrradtraeger-zubehoer\/\">Zubeh\u00f6r f\u00fcr Fahrradhalter<\/a> ist <a href=\"https:\/\/www.schlanser.ch\/\">Schlanser Ihr professioneller Campingausr\u00fcster<\/a> f\u00fcr jede Velotour. Wir beraten Sie gerne.<\/p>\n","protected":false},"excerpt":{"rendered":"<p>\u00ab Vom Murtensee bis in die Ostschweiz gibt es viel zu entdecken \u00bb Stellen Sie sich vor, Sie schwingen sich bei sommerlichen Temperaturen auf Ihr Velo und lassen sich den erfrischenden Fahrtwind um die Nase wehen. Ringsherum nichts als Natur, Berge und Wasser. Die malerische Schweiz ist f\u00fcr eine Tour zu Fuss, mit dem Velo &hellip;<\/p>\n","protected":false},"author":1,"featured_media":10057,"comment_status":"closed","ping_status":"open","sticky":false,"template":"","format":"standard","meta":{"footnotes":""},"categories":[2],"tags":[1333,760,426,1362,290,42,797,1016,805,1368,1306,1370,1129,1013,326,1369,1364,1363,1365,237,198,1366,295,776,1345,1367,1361,23],"yoast_head":"<!-- This site is optimized with the Yoast SEO plugin v22.2 - https:\/\/yoast.com\/wordpress\/plugins\/seo\/ -->\n<title>Velotour durch die Schweiz - Schlanser Magazin<\/title>\n<meta name=\"description\" content=\"Planen Sie mit dem Schlanser Magazin Ihre Velotour durch die Schweiz \u2600 Entdecken Sie Velotouren in der ganzen Schweiz \u2713 Mehr zu Heimatferien!\" \/>\n<meta name=\"robots\" content=\"index, follow, max-snippet:-1, max-image-preview:large, max-video-preview:-1\" \/>\n<link rel=\"canonical\" href=\"https:\/\/www.schlanser.ch\/magazin\/velotour-durch-die-schweiz\/\" \/>\n<meta property=\"og:locale\" content=\"de_DE\" \/>\n<meta property=\"og:type\" content=\"article\" \/>\n<meta property=\"og:title\" content=\"Velotour durch die Schweiz - Schlanser Magazin\" \/>\n<meta property=\"og:description\" content=\"Planen Sie mit dem Schlanser Magazin Ihre Velotour durch die Schweiz \u2600 Entdecken Sie Velotouren in der ganzen Schweiz \u2713 Mehr zu Heimatferien!\" \/>\n<meta property=\"og:url\" content=\"https:\/\/www.schlanser.ch\/magazin\/velotour-durch-die-schweiz\/\" \/>\n<meta property=\"og:site_name\" content=\"Schlanser Magazin\" \/>\n<meta property=\"article:published_time\" content=\"2020-06-22T13:02:31+00:00\" \/>\n<meta property=\"article:modified_time\" content=\"2024-01-10T14:49:23+00:00\" \/>\n<meta property=\"og:image\" content=\"https:\/\/www.schlanser.ch\/magazin\/wp-content\/uploads\/2020\/07\/velotour-durch-die-schweiz.jpg\" \/>\n\t<meta property=\"og:image:width\" content=\"800\" \/>\n\t<meta property=\"og:image:height\" content=\"534\" \/>\n\t<meta property=\"og:image:type\" content=\"image\/jpeg\" \/>\n<meta name=\"author\" content=\"admin\" \/>\n<meta name=\"twitter:card\" content=\"summary_large_image\" \/>\n<meta name=\"twitter:label1\" content=\"Verfasst von\" \/>\n\t<meta name=\"twitter:data1\" content=\"admin\" \/>\n\t<meta name=\"twitter:label2\" content=\"Gesch\u00e4tzte Lesezeit\" \/>\n\t<meta name=\"twitter:data2\" content=\"8 Minuten\" \/>\n<script type=\"application\/ld+json\" class=\"yoast-schema-graph\">{\"@context\":\"https:\/\/schema.org\",\"@graph\":[{\"@type\":\"WebPage\",\"@id\":\"https:\/\/www.schlanser.ch\/magazin\/velotour-durch-die-schweiz\/\",\"url\":\"https:\/\/www.schlanser.ch\/magazin\/velotour-durch-die-schweiz\/\",\"name\":\"Velotour durch die Schweiz - Schlanser Magazin\",\"isPartOf\":{\"@id\":\"https:\/\/www.schlanser.ch\/magazin\/#website\"},\"primaryImageOfPage\":{\"@id\":\"https:\/\/www.schlanser.ch\/magazin\/velotour-durch-die-schweiz\/#primaryimage\"},\"image\":{\"@id\":\"https:\/\/www.schlanser.ch\/magazin\/velotour-durch-die-schweiz\/#primaryimage\"},\"thumbnailUrl\":\"https:\/\/www.schlanser.ch\/magazin\/wp-content\/uploads\/2020\/07\/velotour-durch-die-schweiz.jpg\",\"datePublished\":\"2020-06-22T13:02:31+00:00\",\"dateModified\":\"2024-01-10T14:49:23+00:00\",\"author\":{\"@id\":\"https:\/\/www.schlanser.ch\/magazin\/#\/schema\/person\/000db0a103eb2594ba3daf394b1dfea2\"},\"description\":\"Planen Sie mit dem Schlanser Magazin Ihre Velotour durch die Schweiz \u2600 Entdecken Sie Velotouren in der ganzen Schweiz \u2713 Mehr zu Heimatferien!\",\"breadcrumb\":{\"@id\":\"https:\/\/www.schlanser.ch\/magazin\/velotour-durch-die-schweiz\/#breadcrumb\"},\"inLanguage\":\"de-DE\",\"potentialAction\":[{\"@type\":\"ReadAction\",\"target\":[\"https:\/\/www.schlanser.ch\/magazin\/velotour-durch-die-schweiz\/\"]}]},{\"@type\":\"ImageObject\",\"inLanguage\":\"de-DE\",\"@id\":\"https:\/\/www.schlanser.ch\/magazin\/velotour-durch-die-schweiz\/#primaryimage\",\"url\":\"https:\/\/www.schlanser.ch\/magazin\/wp-content\/uploads\/2020\/07\/velotour-durch-die-schweiz.jpg\",\"contentUrl\":\"https:\/\/www.schlanser.ch\/magazin\/wp-content\/uploads\/2020\/07\/velotour-durch-die-schweiz.jpg\",\"width\":800,\"height\":534,\"caption\":\"\u00a9 ARochau \u2013 stock.adobe.com\"},{\"@type\":\"BreadcrumbList\",\"@id\":\"https:\/\/www.schlanser.ch\/magazin\/velotour-durch-die-schweiz\/#breadcrumb\",\"itemListElement\":[{\"@type\":\"ListItem\",\"position\":1,\"name\":\"Startseite\",\"item\":\"https:\/\/www.schlanser.ch\/magazin\/\"},{\"@type\":\"ListItem\",\"position\":2,\"name\":\"Velotour durch die Schweiz\"}]},{\"@type\":\"WebSite\",\"@id\":\"https:\/\/www.schlanser.ch\/magazin\/#website\",\"url\":\"https:\/\/www.schlanser.ch\/magazin\/\",\"name\":\"Schlanser Magazin\",\"description\":\"\",\"potentialAction\":[{\"@type\":\"SearchAction\",\"target\":{\"@type\":\"EntryPoint\",\"urlTemplate\":\"https:\/\/www.schlanser.ch\/magazin\/?s={search_term_string}\"},\"query-input\":\"required name=search_term_string\"}],\"inLanguage\":\"de-DE\"},{\"@type\":\"Person\",\"@id\":\"https:\/\/www.schlanser.ch\/magazin\/#\/schema\/person\/000db0a103eb2594ba3daf394b1dfea2\",\"name\":\"admin\",\"image\":{\"@type\":\"ImageObject\",\"inLanguage\":\"de-DE\",\"@id\":\"https:\/\/www.schlanser.ch\/magazin\/#\/schema\/person\/image\/\",\"url\":\"https:\/\/secure.gravatar.com\/avatar\/a794a4fe8a9b9c52241597eb381dfa2e?s=96&d=mm&r=g\",\"contentUrl\":\"https:\/\/secure.gravatar.com\/avatar\/a794a4fe8a9b9c52241597eb381dfa2e?s=96&d=mm&r=g\",\"caption\":\"admin\"}}]}<\/script>\n<!-- \/ Yoast SEO plugin. -->","yoast_head_json":{"title":"Velotour durch die Schweiz - Schlanser Magazin","description":"Planen Sie mit dem Schlanser Magazin Ihre Velotour durch die Schweiz \u2600 Entdecken Sie Velotouren in der ganzen Schweiz \u2713 Mehr zu Heimatferien!","robots":{"index":"index","follow":"follow","max-snippet":"max-snippet:-1","max-image-preview":"max-image-preview:large","max-video-preview":"max-video-preview:-1"},"canonical":"https:\/\/www.schlanser.ch\/magazin\/velotour-durch-die-schweiz\/","og_locale":"de_DE","og_type":"article","og_title":"Velotour durch die Schweiz - Schlanser Magazin","og_description":"Planen Sie mit dem Schlanser Magazin Ihre Velotour durch die Schweiz \u2600 Entdecken Sie Velotouren in der ganzen Schweiz \u2713 Mehr zu Heimatferien!","og_url":"https:\/\/www.schlanser.ch\/magazin\/velotour-durch-die-schweiz\/","og_site_name":"Schlanser Magazin","article_published_time":"2020-06-22T13:02:31+00:00","article_modified_time":"2024-01-10T14:49:23+00:00","og_image":[{"width":800,"height":534,"url":"https:\/\/www.schlanser.ch\/magazin\/wp-content\/uploads\/2020\/07\/velotour-durch-die-schweiz.jpg","type":"image\/jpeg"}],"author":"admin","twitter_card":"summary_large_image","twitter_misc":{"Verfasst von":"admin","Gesch\u00e4tzte Lesezeit":"8 Minuten"},"schema":{"@context":"https:\/\/schema.org","@graph":[{"@type":"WebPage","@id":"https:\/\/www.schlanser.ch\/magazin\/velotour-durch-die-schweiz\/","url":"https:\/\/www.schlanser.ch\/magazin\/velotour-durch-die-schweiz\/","name":"Velotour durch die Schweiz - Schlanser Magazin","isPartOf":{"@id":"https:\/\/www.schlanser.ch\/magazin\/#website"},"primaryImageOfPage":{"@id":"https:\/\/www.schlanser.ch\/magazin\/velotour-durch-die-schweiz\/#primaryimage"},"image":{"@id":"https:\/\/www.schlanser.ch\/magazin\/velotour-durch-die-schweiz\/#primaryimage"},"thumbnailUrl":"https:\/\/www.schlanser.ch\/magazin\/wp-content\/uploads\/2020\/07\/velotour-durch-die-schweiz.jpg","datePublished":"2020-06-22T13:02:31+00:00","dateModified":"2024-01-10T14:49:23+00:00","author":{"@id":"https:\/\/www.schlanser.ch\/magazin\/#\/schema\/person\/000db0a103eb2594ba3daf394b1dfea2"},"description":"Planen Sie mit dem Schlanser Magazin Ihre Velotour durch die Schweiz \u2600 Entdecken Sie Velotouren in der ganzen Schweiz \u2713 Mehr zu Heimatferien!","breadcrumb":{"@id":"https:\/\/www.schlanser.ch\/magazin\/velotour-durch-die-schweiz\/#breadcrumb"},"inLanguage":"de-DE","potentialAction":[{"@type":"ReadAction","target":["https:\/\/www.schlanser.ch\/magazin\/velotour-durch-die-schweiz\/"]}]},{"@type":"ImageObject","inLanguage":"de-DE","@id":"https:\/\/www.schlanser.ch\/magazin\/velotour-durch-die-schweiz\/#primaryimage","url":"https:\/\/www.schlanser.ch\/magazin\/wp-content\/uploads\/2020\/07\/velotour-durch-die-schweiz.jpg","contentUrl":"https:\/\/www.schlanser.ch\/magazin\/wp-content\/uploads\/2020\/07\/velotour-durch-die-schweiz.jpg","width":800,"height":534,"caption":"\u00a9 ARochau \u2013 stock.adobe.com"},{"@type":"BreadcrumbList","@id":"https:\/\/www.schlanser.ch\/magazin\/velotour-durch-die-schweiz\/#breadcrumb","itemListElement":[{"@type":"ListItem","position":1,"name":"Startseite","item":"https:\/\/www.schlanser.ch\/magazin\/"},{"@type":"ListItem","position":2,"name":"Velotour durch die Schweiz"}]},{"@type":"WebSite","@id":"https:\/\/www.schlanser.ch\/magazin\/#website","url":"https:\/\/www.schlanser.ch\/magazin\/","name":"Schlanser Magazin","description":"","potentialAction":[{"@type":"SearchAction","target":{"@type":"EntryPoint","urlTemplate":"https:\/\/www.schlanser.ch\/magazin\/?s={search_term_string}"},"query-input":"required name=search_term_string"}],"inLanguage":"de-DE"},{"@type":"Person","@id":"https:\/\/www.schlanser.ch\/magazin\/#\/schema\/person\/000db0a103eb2594ba3daf394b1dfea2","name":"admin","image":{"@type":"ImageObject","inLanguage":"de-DE","@id":"https:\/\/www.schlanser.ch\/magazin\/#\/schema\/person\/image\/","url":"https:\/\/secure.gravatar.com\/avatar\/a794a4fe8a9b9c52241597eb381dfa2e?s=96&d=mm&r=g","contentUrl":"https:\/\/secure.gravatar.com\/avatar\/a794a4fe8a9b9c52241597eb381dfa2e?s=96&d=mm&r=g","caption":"admin"}}]}},"_links":{"self":[{"href":"https:\/\/www.schlanser.ch\/magazin\/wp-json\/wp\/v2\/posts\/10019"}],"collection":[{"href":"https:\/\/www.schlanser.ch\/magazin\/wp-json\/wp\/v2\/posts"}],"about":[{"href":"https:\/\/www.schlanser.ch\/magazin\/wp-json\/wp\/v2\/types\/post"}],"author":[{"embeddable":true,"href":"https:\/\/www.schlanser.ch\/magazin\/wp-json\/wp\/v2\/users\/1"}],"replies":[{"embeddable":true,"href":"https:\/\/www.schlanser.ch\/magazin\/wp-json\/wp\/v2\/comments?post=10019"}],"version-history":[{"count":43,"href":"https:\/\/www.schlanser.ch\/magazin\/wp-json\/wp\/v2\/posts\/10019\/revisions"}],"predecessor-version":[{"id":17429,"href":"https:\/\/www.schlanser.ch\/magazin\/wp-json\/wp\/v2\/posts\/10019\/revisions\/17429"}],"wp:featuredmedia":[{"embeddable":true,"href":"https:\/\/www.schlanser.ch\/magazin\/wp-json\/wp\/v2\/media\/10057"}],"wp:attachment":[{"href":"https:\/\/www.schlanser.ch\/magazin\/wp-json\/wp\/v2\/media?parent=10019"}],"wp:term":[{"taxonomy":"category","embeddable":true,"href":"https:\/\/www.schlanser.ch\/magazin\/wp-json\/wp\/v2\/categories?post=10019"},{"taxonomy":"post_tag","embeddable":true,"href":"https:\/\/www.schlanser.ch\/magazin\/wp-json\/wp\/v2\/tags?post=10019"}],"curies":[{"name":"wp","href":"https:\/\/api.w.org\/{rel}","templated":true}]}}