{"id":10213,"date":"2020-07-21T16:20:25","date_gmt":"2020-07-21T14:20:25","guid":{"rendered":"https:\/\/www.schlanser.ch\/magazin\/?p=10213"},"modified":"2026-02-04T13:27:01","modified_gmt":"2026-02-04T12:27:01","slug":"das-zeltdepot-und-alternativen","status":"publish","type":"post","link":"https:\/\/www.schlanser.ch\/magazin\/das-zeltdepot-und-alternativen\/","title":{"rendered":"Das Zeltdepot und Alternativen"},"content":{"rendered":"<h2>\u00ab Wie Camper Platz schaffen \u00bb<\/h2>\n<p style=\"text-align: justify;\"><strong>Bei Campern mit langj\u00e4hriger Erfahrung tritt h\u00e4ufig das Ph\u00e4nomen auf, dass sie sich mit einem grossen Ausr\u00fcstungsfundus ausstatten, der irgendwo untergebracht werden muss. Das Thema <\/strong><a href=\"https:\/\/www.schlanser.ch\/moebel\/campingmoebel\/campingschraenke\/\"><strong>Ordnung im Wohnwagen<\/strong><\/a><strong> wird immer wieder aktuell. Im folgenden Artikel k\u00f6nnen Sie Tipps nachlesen, wie Sie in Ihrem individuellen Campingarrangement Ordnung und Platz schaffen und welche Ordnungshelfer es gibt.<\/strong><\/p>\n<h2 style=\"text-align: justify;\">Wenn Platz Mangelware ist &#8211; wie Sie Platz schaffen im Wohnwagen, Wohnmobil und Vorzelt<\/h2>\n<p style=\"text-align: justify;\">Einige simple und effektive Tricks, um Ordnung und Platz im Wohnwagen zu schaffen, sind:<\/p>\n<ul>\n<li style=\"text-align: justify;\">Nicht so viel Gep\u00e4ck mitnehmen. Es klingt einfacher, als es oft ist, aber den Zweck einer Knoblauchpresse kann auch ein scharfes Messer erf\u00fcllen. Zwei Paar Strassenschuhe sind zumeist unn\u00f6tig. Duschgel, Shampoo und Zahncreme k\u00f6nnten Sie sich teilen.<\/li>\n<li style=\"text-align: justify;\"><a href=\"https:\/\/www.schlanser.ch\/outdoor-freizeit\/outdoor-ausruestung\/outdoorzubehoer\/\">Handt\u00fccher aus Mikrofaser<\/a> nehmen viel weniger Stauraum ein und trocknen schneller als Baumwollfrottiert\u00fccher. Es kann sich eventuell lohnen, f\u00fcr die Campingferien extra Handt\u00fccher anzuschaffen.<\/li>\n<li style=\"text-align: justify;\">Achten Sie darauf, Dinge \u00fcbersichtlich verstauen, perfekt geeignet sind kleine Kisten und Netze, die Gebrauchsgegenst\u00e4nde griffbereit halten, oder auch Regenschirme oder Schuhl\u00f6ffel an einem sinnvollen Ort verwahren. Praktisch sind auch <a href=\"https:\/\/www.schlanser.ch\/haushalt\/camping-haushalt\/sortieren-hakensysteme\/\">Meori Faltboxen in verschiedenen Gr\u00f6ssen<\/a>, die Sie je nach Bedarf einsetzen k\u00f6nnen.<\/li>\n<\/ul>\n<p><img loading=\"lazy\" decoding=\"async\" class=\"aligncenter wp-image-10218\" title=\"Meori Faltbox Classic Azur Blau Large\" src=\"https:\/\/www.schlanser.ch\/magazin\/wp-content\/uploads\/2022\/07\/Meori-Faltbox-Classic-Azur-Blau-Large-1.jpg\" alt=\"Meori Faltbox Classic Azur Blau Large\" width=\"496\" height=\"413\" srcset=\"https:\/\/www.schlanser.ch\/magazin\/wp-content\/uploads\/2022\/07\/Meori-Faltbox-Classic-Azur-Blau-Large-1.jpg 620w, https:\/\/www.schlanser.ch\/magazin\/wp-content\/uploads\/2022\/07\/Meori-Faltbox-Classic-Azur-Blau-Large-1-300x250.jpg 300w\" sizes=\"(max-width: 496px) 100vw, 496px\" \/><\/p>\n<ul>\n<li style=\"text-align: justify;\">Stellen Sie am Ferienort <a href=\"https:\/\/www.schlanser.ch\/zelte\/vorzelte\/universal-dusch-geraetezelte\/\">Universalzelte<\/a> auf und lagern Sie dort grosse und sperrige Gegenst\u00e4nde, wie zum Beispiel Kickroller, Velos, Kinderwagen, Luftpumpe, G\u00e4stest\u00fchle, Sitzauflagen, den Grill und noch viel mehr.<\/li>\n<li style=\"text-align: justify;\">Diese Art von Universalzelten ohne Schlafm\u00f6glichkeit finden Sie als Ger\u00e4tezelte f\u00fcr verschiedenste Nutzungsm\u00f6glichkeiten. Es gibt sie als Wurfzelte oder auch mit Stangenkonstruktion, je nach Einsatzzweck k\u00f6nnen Sie die f\u00fcr Sie praktischere Variante w\u00e4hlen.<\/li>\n<li style=\"text-align: justify;\">Gegebenenfalls k\u00f6nnen Sie auch ein K\u00fcchenzelt mit praktischen <a href=\"https:\/\/www.schlanser.ch\/haushalt\/\">K\u00fcchenutensilien und Schr\u00e4nken<\/a> nutzen, um grossz\u00fcgigeres Equipment f\u00fcr die Zubereitung der Mahlzeiten zu nutzen. Dadurch k\u00f6nnen Sie Platz schaffen im Wohnwagen oder Wohnmobil.<\/li>\n<\/ul>\n<p><img loading=\"lazy\" decoding=\"async\" class=\"aligncenter wp-image-10220 size-full\" title=\"Berger Ger\u00e4te- und K\u00fcchenzelt Granary\" src=\"https:\/\/www.schlanser.ch\/magazin\/wp-content\/uploads\/2022\/07\/Berger-Ger\u00e4te-und-K\u00fcchenzelt-Granary-1.jpg\" alt=\"Berger Ger\u00e4te- und K\u00fcchenzelt Granary - Zeltdepot\" width=\"620\" height=\"388\" srcset=\"https:\/\/www.schlanser.ch\/magazin\/wp-content\/uploads\/2022\/07\/Berger-Ger\u00e4te-und-K\u00fcchenzelt-Granary-1.jpg 620w, https:\/\/www.schlanser.ch\/magazin\/wp-content\/uploads\/2022\/07\/Berger-Ger\u00e4te-und-K\u00fcchenzelt-Granary-1-300x188.jpg 300w\" sizes=\"(max-width: 620px) 100vw, 620px\" \/><\/p>\n<h2>Ein Platz zum Duschen, Waschen oder Umziehen: mannshohe Universalzelte<\/h2>\n<p style=\"text-align: justify;\">Wenn Sie mit einem kleinen flachen Zelt unterwegs sind, werden Sie es zu sch\u00e4tzen wissen, sich bequem umziehen zu k\u00f6nnen. Wenn Sie wildcampen, k\u00f6nnen Sie in einem Wurfzelt oder Umkleidezelt ohne Boden ungest\u00f6rt draussen duschen. Auch auf Festivals oder wenn es am Badesee oder Strand sehr voll ist, k\u00f6nnen Sie in einem Zelt mit Standh\u00f6he Ihre Kleidung wechseln, ohne den Blicken der anderen Menschen ausgeliefert zu sein. Das Stehzelt ohne oder mit Boden ist ein optimaler Begleiter, um ein St\u00fcckchen Privatsph\u00e4re zu sch\u00fctzen. Von Berger gibt es entsprechende Universalzelte sowie ein Wurfzelt mit Stehh\u00f6he, in dem eine praktische Handtuchhalterung integriert ist. Die 2 Meter hohen Zelte k\u00f6nnen Sie auch als Ger\u00e4tezelte benutzen.<\/p>\n<p><a href=\"https:\/\/www.schlanser.ch\/zelte\/vorzelte\/universal-dusch-geraetezelte\/7429\/berger-universal-umkleidekabine\"><img loading=\"lazy\" decoding=\"async\" class=\"aligncenter wp-image-10224 size-full\" title=\"Berger Universal Umkleidekabine\" src=\"https:\/\/www.schlanser.ch\/magazin\/wp-content\/uploads\/2022\/07\/IMG_328440_1_2005020625055eacf6227a23f-1.jpg\" alt=\"Berger Universal Umkleidekabine - Zeltdepot oder Duschkabine\" width=\"660\" height=\"413\" srcset=\"https:\/\/www.schlanser.ch\/magazin\/wp-content\/uploads\/2022\/07\/IMG_328440_1_2005020625055eacf6227a23f-1.jpg 660w, https:\/\/www.schlanser.ch\/magazin\/wp-content\/uploads\/2022\/07\/IMG_328440_1_2005020625055eacf6227a23f-1-300x188.jpg 300w\" sizes=\"(max-width: 660px) 100vw, 660px\" \/><\/a><\/p>\n<h2>Velos richtig und sicher parken in der Fahrradgarage<\/h2>\n<p style=\"text-align: justify;\">Wenn Sie Ihre Velos in den Ferien dabeihaben, bietet es sich an, einen gesch\u00fctzten Platz f\u00fcr die Unterbringung bereitzustellen. Einige Camper pr\u00e4ferieren den Platz auf dem <a href=\"https:\/\/www.schlanser.ch\/fahrzeug\/wohnwagen-wohnmobil-zubehoer\/fahrradtraeger\/\">Fahrradtr\u00e4ger<\/a> des Fahrzeugs. Dort k\u00f6nnen Sie die Velos sicher anschliessen und mit einer speziellen Abdeckung gegen die Witterung sch\u00fctzen. Allerdings m\u00fcssen Sie die Velos dann immer wieder umst\u00e4ndlich dort anbringen. Als Alternative bietet sich eine Fahrradgarage an, die einen sicheren und trockenen Standort bietet. Wenig Platz w\u00e4hrend des Transports ben\u00f6tigt das Berger Avila Wurfzelt. Das Depotzelt ist am Ferienort im Handumdrehen aufgebaut und bietet als Universalzelt auch anderen Gegenst\u00e4nden Platz, wie etwa Bodyboards, Kickrollern, dem Badminton Set, den Inlineskates, dem Kinderwagen oder der <a href=\"https:\/\/www.schlanser.ch\/outdoor-freizeit\/wind-sonnenschutz\/strandmuscheln\/\">Strandmuschel<\/a>.<\/p>\n<p><a href=\"https:\/\/www.schlanser.ch\/zelte\/vorzelte\/universal-dusch-geraetezelte\/73379\/berger-avila-universalzelt\/wurfzelt\"><img loading=\"lazy\" decoding=\"async\" class=\"aligncenter wp-image-10226 size-full\" title=\"Berger Avila Universalzelt \/ Wurfzelt\" src=\"https:\/\/www.schlanser.ch\/magazin\/wp-content\/uploads\/2022\/07\/Berger-Avila-Universalzelt-Wurfzelt-2.jpg\" alt=\"Berger Avila Universalzelt \/ Wurfzelt - Zeltdepot oder Fahrradunterbringung\" width=\"620\" height=\"387\" srcset=\"https:\/\/www.schlanser.ch\/magazin\/wp-content\/uploads\/2022\/07\/Berger-Avila-Universalzelt-Wurfzelt-2.jpg 620w, https:\/\/www.schlanser.ch\/magazin\/wp-content\/uploads\/2022\/07\/Berger-Avila-Universalzelt-Wurfzelt-2-300x187.jpg 300w\" sizes=\"(max-width: 620px) 100vw, 620px\" \/><\/a><\/p>\n<h2>Den Wohnwagen winterfest machen \u2013 das Vorzelt muss ins Zeltdepot<\/h2>\n<p style=\"text-align: justify;\">Beim Thema Wohnwagen winterfest machen, kommt es darauf an, ob Sie Wintercamping betreiben wollen oder nicht. Einige Tipps k\u00f6nnen Sie bei beiden Varianten beherzigen, passen Sie diese dann individuell an.<\/p>\n<p style=\"text-align: justify;\">Zum winterfesten Ausr\u00fcsten des Wohnwagens geh\u00f6rt, dass Sie:<\/p>\n<ul>\n<li style=\"text-align: justify;\">Lebensmittel herausr\u00e4umen, damit keine ungebetenen G\u00e4ste, wie M\u00e4use und Insekten, Nahrung finden.<\/li>\n<li style=\"text-align: justify;\">Der <a href=\"https:\/\/www.schlanser.ch\/haushalt\/kuehlung\/camping-kuehlschraenke\/\">K\u00fchlschrank<\/a> soll ausgeschaltet, sauber, trocken und leicht ge\u00f6ffnet bleiben.<\/li>\n<\/ul>\n<p><img loading=\"lazy\" decoding=\"async\" class=\"aligncenter wp-image-10234\" title=\"Berger Absorberstandk\u00fchlschrank 803KF\" src=\"https:\/\/www.schlanser.ch\/magazin\/wp-content\/uploads\/2022\/07\/Berger-Absorberstandk\u00fchlschrank-803KF-1.jpg\" alt=\"Berger Absorberstandk\u00fchlschrank 803KF\" width=\"508\" height=\"423\" srcset=\"https:\/\/www.schlanser.ch\/magazin\/wp-content\/uploads\/2022\/07\/Berger-Absorberstandk\u00fchlschrank-803KF-1.jpg 620w, https:\/\/www.schlanser.ch\/magazin\/wp-content\/uploads\/2022\/07\/Berger-Absorberstandk\u00fchlschrank-803KF-1-300x250.jpg 300w\" sizes=\"(max-width: 508px) 100vw, 508px\" \/><\/p>\n<ul>\n<li style=\"text-align: justify;\">M\u00f6bel, Fl\u00e4chen und Herd sollten vor dem Winter sauber sein, dann macht das Einchecken im Fr\u00fchjahr viel mehr Freude.<\/li>\n<li style=\"text-align: justify;\">Textilien und Papiere k\u00f6nnen nicht dauerhaft im Wohnwagen \u00fcberwintern. Sie ziehen Feuchtigkeit und werden bei fehlender regelm\u00e4ssiger L\u00fcftung aufquellen oder schimmeln. F\u00fcr Textilien, wie Decken und Vorh\u00e4nge ist der Winter eine gute Zeit, Zuhause eine Reinigung vorzunehmen oder L\u00f6cher zu flicken.<\/li>\n<li style=\"text-align: justify;\">Polster k\u00f6nnen Sie im Wohnwagen belassen, dann stellen Sie sie aber f\u00fcr eine bessere Bel\u00fcftung auf. Sie k\u00f6nnen die Polster aber auch im Zeltdepot aufbewahren, wenn dieser Ort geeigneter ist.<\/li>\n<li style=\"text-align: justify;\">Eventuell k\u00f6nnen Sie einen Luftentfeuchter in den Wohnwagen stellen, falls die R\u00e4ume sehr feucht sind.<\/li>\n<\/ul>\n<p><img loading=\"lazy\" decoding=\"async\" class=\"aligncenter wp-image-10232 size-full\" title=\"Berger Raumluftentfeuchter Box\" src=\"https:\/\/www.schlanser.ch\/magazin\/wp-content\/uploads\/2022\/07\/Berger-Raumluftentfeuchter-Box-1.jpg\" alt=\"Berger Raumluftentfeuchter Box\" width=\"620\" height=\"419\" srcset=\"https:\/\/www.schlanser.ch\/magazin\/wp-content\/uploads\/2022\/07\/Berger-Raumluftentfeuchter-Box-1.jpg 620w, https:\/\/www.schlanser.ch\/magazin\/wp-content\/uploads\/2022\/07\/Berger-Raumluftentfeuchter-Box-1-300x203.jpg 300w, https:\/\/www.schlanser.ch\/magazin\/wp-content\/uploads\/2022\/07\/Berger-Raumluftentfeuchter-Box-1-110x75.jpg 110w\" sizes=\"(max-width: 620px) 100vw, 620px\" \/><\/p>\n<ul>\n<li style=\"text-align: justify;\">Die <a href=\"https:\/\/www.schlanser.ch\/elektro\/energieversorgung\/batterien-ladegeraete\/\">Bordbatterie<\/a> sollten Sie abklemmen oder kr\u00e4ftig aufladen, um eine Tiefenentladung zu vermeiden, die der Batterie schadet.<\/li>\n<li style=\"text-align: justify;\">Elektronische Ger\u00e4te sollten Sie ausbauen und woanders unterbringen. Sie wissen ja vorher nicht, wie kalt es wird.<\/li>\n<li style=\"text-align: justify;\">Alle Teile der <a href=\"https:\/\/www.schlanser.ch\/fahrzeug\/wasser\/\">Wasseranlage<\/a> werden gereinigt und restlos entleert, dabei auch Auspusten, denn meist bleibt sonst ein kleiner Rest Fl\u00fcssigkeit enthalten. Die Wasserh\u00e4hne sollten dann offenbleiben.<\/li>\n<li style=\"text-align: justify;\">Schliessen Sie die Gasabsperrh\u00e4hne im Innenraum.<\/li>\n<li style=\"text-align: justify;\">Die Schl\u00f6sser und Scharniere sollten Sie \u00f6len und die Dichtungen mit <a href=\"https:\/\/www.schlanser.ch\/fahrzeug\/wohnwagen-wohnmobil-zubehoer\/wohnwagenreiniger-wohnmobil-pflege\/\">Pflegemitteln, wie Glycerin oder Gummipflege<\/a><\/li>\n<\/ul>\n<h2>Schnee und Eis zum Trotz \u2013 wie Sie von aussen den Wohnwagen winterfest machen<\/h2>\n<p style=\"text-align: justify;\">Neben der Reinigung und Pflege von aussen, k\u00f6nnen Sie zum Schutz des Daches vor N\u00e4sse Schutzplanen \u00fcber Ihrem Wohnwagen anbringen. Dabei sollten Sie beachten, dass eine Luftzirkulation m\u00f6glich ist. Optimal ist dies beim Nellen Zelte Wohnwagen Schutzdach. Es sch\u00fctzt ganzj\u00e4hrig vor Hagel, Schnee, Vereisung, Feuchtigkeit und Hitze und steht auf F\u00fcssen, sodass eine Zirkulation der Luft m\u00f6glich ist. Eine gute Alternative zur Garage bieten auch die Berger Wohnwagen Schutzh\u00fcllen, die aus atmungsaktivem Gewebe gefertigt sind und somit eine Feuchtigkeitsabgabe nach aussen gew\u00e4hrleisten.<\/p>\n<p><img loading=\"lazy\" decoding=\"async\" class=\"aligncenter wp-image-10236 size-full\" title=\"Berger Wohnwagen Schutzh\u00fclle\" src=\"https:\/\/www.schlanser.ch\/magazin\/wp-content\/uploads\/2022\/07\/Berger-Wohnwagen-Schutzh\u00fclle-1.jpg\" alt=\"Berger Wohnwagen Schutzh\u00fclle\" width=\"620\" height=\"482\" srcset=\"https:\/\/www.schlanser.ch\/magazin\/wp-content\/uploads\/2022\/07\/Berger-Wohnwagen-Schutzh\u00fclle-1.jpg 620w, https:\/\/www.schlanser.ch\/magazin\/wp-content\/uploads\/2022\/07\/Berger-Wohnwagen-Schutzh\u00fclle-1-300x233.jpg 300w\" sizes=\"(max-width: 620px) 100vw, 620px\" \/><\/p>\n<h2>Platz schaffen im Wohnwagen: ein Zeltdepot einrichten<\/h2>\n<p style=\"text-align: justify;\">F\u00fcr die Gegenst\u00e4nde, die Sie w\u00e4hrend der Wintersaison nicht im Wohnwagen lassen k\u00f6nnen, bietet es sich an, ein Zeltdepot einzurichten, an dem Sie alles trocken und schimmelfrei verwahren k\u00f6nnen. Manchmal k\u00f6nnen Sie den Teil einer Scheune gegen geringe Geb\u00fchr nutzen oder Sie haben bei sich zu Hause noch etwas Platz. Auch ein Depotzelt, welches \u00fcber den Winter stehenbleiben darf, also ein Winterzelt, kommt in Frage, sofern es vor Schneemassen gesch\u00fctzt wird.<\/p>\n<p style=\"text-align: justify;\">Der Dauerbrenner f\u00fcr Camper ist das Platz schaffen im Wohnwagen. Durch eine gute Strukturierung und kleine Ordnungshelfer k\u00f6nnen Sie im Ferienalltag Platz gewinnen. Um Ihren Wohnwagen winterfest zu machen, ist es n\u00f6tig, noch mehr Gegenst\u00e4nde auszulagern. Dann bleibt Ihnen die Freude am Campen auch im kommenden Fr\u00fchjahr erhalten. Ob Fahrradgarage, Ger\u00e4tezelt oder das winterfeste Vorzelt \u2013 auch f\u00fcr Ihren Campingalltag gibt es Probleml\u00f6ser.<\/p>\n","protected":false},"excerpt":{"rendered":"<p>\u00ab Wie Camper Platz schaffen \u00bb Bei Campern mit langj\u00e4hriger Erfahrung tritt h\u00e4ufig das Ph\u00e4nomen auf, dass sie sich mit einem grossen Ausr\u00fcstungsfundus ausstatten, der irgendwo untergebracht werden muss. Das Thema Ordnung im Wohnwagen wird immer wieder aktuell. Im folgenden Artikel k\u00f6nnen Sie Tipps nachlesen, wie Sie in Ihrem individuellen Campingarrangement Ordnung und Platz schaffen &hellip;<\/p>\n","protected":false},"author":1,"featured_media":10225,"comment_status":"closed","ping_status":"open","sticky":false,"template":"","format":"standard","meta":{"footnotes":""},"categories":[3],"tags":[1406,1408,1409,1410,1407,1281,377,1411],"yoast_head":"<!-- This site is optimized with the Yoast SEO plugin v22.2 - https:\/\/yoast.com\/wordpress\/plugins\/seo\/ -->\n<title>Das Zeltdepot und Alternativen - Schlanser Magazin<\/title>\n<meta name=\"description\" content=\"Das Schlanser Magazin berichtet von Zeltdepots, Depotzelten und der Ordnung in Vorzelt &amp; Caravan! \u2013 \u2714Platz schaffen \u2714Organizer \u2714Tipps &amp; Tricks!\" \/>\n<meta name=\"robots\" content=\"noindex, follow\" \/>\n<meta property=\"og:locale\" content=\"de_DE\" \/>\n<meta property=\"og:type\" content=\"article\" \/>\n<meta property=\"og:title\" content=\"Das Zeltdepot und Alternativen - Schlanser Magazin\" \/>\n<meta property=\"og:description\" content=\"Das Schlanser Magazin berichtet von Zeltdepots, Depotzelten und der Ordnung in Vorzelt &amp; Caravan! \u2013 \u2714Platz schaffen \u2714Organizer \u2714Tipps &amp; Tricks!\" \/>\n<meta property=\"og:url\" content=\"https:\/\/www.schlanser.ch\/magazin\/das-zeltdepot-und-alternativen\/\" \/>\n<meta property=\"og:site_name\" content=\"Schlanser Magazin\" \/>\n<meta property=\"article:published_time\" content=\"2020-07-21T14:20:25+00:00\" \/>\n<meta property=\"article:modified_time\" content=\"2026-02-04T12:27:01+00:00\" \/>\n<meta property=\"og:image\" content=\"https:\/\/www.schlanser.ch\/magazin\/wp-content\/uploads\/2022\/07\/Berger-Avila-Universalzelt-Wurfzelt-1.jpg\" \/>\n\t<meta property=\"og:image:width\" content=\"660\" \/>\n\t<meta property=\"og:image:height\" content=\"334\" \/>\n\t<meta property=\"og:image:type\" content=\"image\/jpeg\" \/>\n<meta name=\"author\" content=\"admin\" \/>\n<meta name=\"twitter:card\" content=\"summary_large_image\" \/>\n<meta name=\"twitter:label1\" content=\"Verfasst von\" \/>\n\t<meta name=\"twitter:data1\" content=\"admin\" \/>\n\t<meta name=\"twitter:label2\" content=\"Gesch\u00e4tzte Lesezeit\" \/>\n\t<meta name=\"twitter:data2\" content=\"6 Minuten\" \/>\n<script type=\"application\/ld+json\" class=\"yoast-schema-graph\">{\"@context\":\"https:\/\/schema.org\",\"@graph\":[{\"@type\":\"WebPage\",\"@id\":\"https:\/\/www.schlanser.ch\/magazin\/das-zeltdepot-und-alternativen\/\",\"url\":\"https:\/\/www.schlanser.ch\/magazin\/das-zeltdepot-und-alternativen\/\",\"name\":\"Das Zeltdepot und Alternativen - Schlanser Magazin\",\"isPartOf\":{\"@id\":\"https:\/\/www.schlanser.ch\/magazin\/#website\"},\"primaryImageOfPage\":{\"@id\":\"https:\/\/www.schlanser.ch\/magazin\/das-zeltdepot-und-alternativen\/#primaryimage\"},\"image\":{\"@id\":\"https:\/\/www.schlanser.ch\/magazin\/das-zeltdepot-und-alternativen\/#primaryimage\"},\"thumbnailUrl\":\"https:\/\/www.schlanser.ch\/magazin\/wp-content\/uploads\/2022\/07\/Berger-Avila-Universalzelt-Wurfzelt-1.jpg\",\"datePublished\":\"2020-07-21T14:20:25+00:00\",\"dateModified\":\"2026-02-04T12:27:01+00:00\",\"author\":{\"@id\":\"https:\/\/www.schlanser.ch\/magazin\/#\/schema\/person\/000db0a103eb2594ba3daf394b1dfea2\"},\"description\":\"Das Schlanser Magazin berichtet von Zeltdepots, Depotzelten und der Ordnung in Vorzelt & Caravan! \u2013 \u2714Platz schaffen \u2714Organizer \u2714Tipps & Tricks!\",\"breadcrumb\":{\"@id\":\"https:\/\/www.schlanser.ch\/magazin\/das-zeltdepot-und-alternativen\/#breadcrumb\"},\"inLanguage\":\"de-DE\",\"potentialAction\":[{\"@type\":\"ReadAction\",\"target\":[\"https:\/\/www.schlanser.ch\/magazin\/das-zeltdepot-und-alternativen\/\"]}]},{\"@type\":\"ImageObject\",\"inLanguage\":\"de-DE\",\"@id\":\"https:\/\/www.schlanser.ch\/magazin\/das-zeltdepot-und-alternativen\/#primaryimage\",\"url\":\"https:\/\/www.schlanser.ch\/magazin\/wp-content\/uploads\/2022\/07\/Berger-Avila-Universalzelt-Wurfzelt-1.jpg\",\"contentUrl\":\"https:\/\/www.schlanser.ch\/magazin\/wp-content\/uploads\/2022\/07\/Berger-Avila-Universalzelt-Wurfzelt-1.jpg\",\"width\":660,\"height\":334},{\"@type\":\"BreadcrumbList\",\"@id\":\"https:\/\/www.schlanser.ch\/magazin\/das-zeltdepot-und-alternativen\/#breadcrumb\",\"itemListElement\":[{\"@type\":\"ListItem\",\"position\":1,\"name\":\"Startseite\",\"item\":\"https:\/\/www.schlanser.ch\/magazin\/\"},{\"@type\":\"ListItem\",\"position\":2,\"name\":\"Das Zeltdepot und Alternativen\"}]},{\"@type\":\"WebSite\",\"@id\":\"https:\/\/www.schlanser.ch\/magazin\/#website\",\"url\":\"https:\/\/www.schlanser.ch\/magazin\/\",\"name\":\"Schlanser Magazin\",\"description\":\"\",\"potentialAction\":[{\"@type\":\"SearchAction\",\"target\":{\"@type\":\"EntryPoint\",\"urlTemplate\":\"https:\/\/www.schlanser.ch\/magazin\/?s={search_term_string}\"},\"query-input\":\"required name=search_term_string\"}],\"inLanguage\":\"de-DE\"},{\"@type\":\"Person\",\"@id\":\"https:\/\/www.schlanser.ch\/magazin\/#\/schema\/person\/000db0a103eb2594ba3daf394b1dfea2\",\"name\":\"admin\",\"image\":{\"@type\":\"ImageObject\",\"inLanguage\":\"de-DE\",\"@id\":\"https:\/\/www.schlanser.ch\/magazin\/#\/schema\/person\/image\/\",\"url\":\"https:\/\/secure.gravatar.com\/avatar\/a794a4fe8a9b9c52241597eb381dfa2e?s=96&d=mm&r=g\",\"contentUrl\":\"https:\/\/secure.gravatar.com\/avatar\/a794a4fe8a9b9c52241597eb381dfa2e?s=96&d=mm&r=g\",\"caption\":\"admin\"}}]}<\/script>\n<!-- \/ Yoast SEO plugin. -->","yoast_head_json":{"title":"Das Zeltdepot und Alternativen - Schlanser Magazin","description":"Das Schlanser Magazin berichtet von Zeltdepots, Depotzelten und der Ordnung in Vorzelt & Caravan! \u2013 \u2714Platz schaffen \u2714Organizer \u2714Tipps & Tricks!","robots":{"index":"noindex","follow":"follow"},"og_locale":"de_DE","og_type":"article","og_title":"Das Zeltdepot und Alternativen - Schlanser Magazin","og_description":"Das Schlanser Magazin berichtet von Zeltdepots, Depotzelten und der Ordnung in Vorzelt & Caravan! \u2013 \u2714Platz schaffen \u2714Organizer \u2714Tipps & Tricks!","og_url":"https:\/\/www.schlanser.ch\/magazin\/das-zeltdepot-und-alternativen\/","og_site_name":"Schlanser Magazin","article_published_time":"2020-07-21T14:20:25+00:00","article_modified_time":"2026-02-04T12:27:01+00:00","og_image":[{"width":660,"height":334,"url":"https:\/\/www.schlanser.ch\/magazin\/wp-content\/uploads\/2022\/07\/Berger-Avila-Universalzelt-Wurfzelt-1.jpg","type":"image\/jpeg"}],"author":"admin","twitter_card":"summary_large_image","twitter_misc":{"Verfasst von":"admin","Gesch\u00e4tzte Lesezeit":"6 Minuten"},"schema":{"@context":"https:\/\/schema.org","@graph":[{"@type":"WebPage","@id":"https:\/\/www.schlanser.ch\/magazin\/das-zeltdepot-und-alternativen\/","url":"https:\/\/www.schlanser.ch\/magazin\/das-zeltdepot-und-alternativen\/","name":"Das Zeltdepot und Alternativen - Schlanser Magazin","isPartOf":{"@id":"https:\/\/www.schlanser.ch\/magazin\/#website"},"primaryImageOfPage":{"@id":"https:\/\/www.schlanser.ch\/magazin\/das-zeltdepot-und-alternativen\/#primaryimage"},"image":{"@id":"https:\/\/www.schlanser.ch\/magazin\/das-zeltdepot-und-alternativen\/#primaryimage"},"thumbnailUrl":"https:\/\/www.schlanser.ch\/magazin\/wp-content\/uploads\/2022\/07\/Berger-Avila-Universalzelt-Wurfzelt-1.jpg","datePublished":"2020-07-21T14:20:25+00:00","dateModified":"2026-02-04T12:27:01+00:00","author":{"@id":"https:\/\/www.schlanser.ch\/magazin\/#\/schema\/person\/000db0a103eb2594ba3daf394b1dfea2"},"description":"Das Schlanser Magazin berichtet von Zeltdepots, Depotzelten und der Ordnung in Vorzelt & Caravan! \u2013 \u2714Platz schaffen \u2714Organizer \u2714Tipps & Tricks!","breadcrumb":{"@id":"https:\/\/www.schlanser.ch\/magazin\/das-zeltdepot-und-alternativen\/#breadcrumb"},"inLanguage":"de-DE","potentialAction":[{"@type":"ReadAction","target":["https:\/\/www.schlanser.ch\/magazin\/das-zeltdepot-und-alternativen\/"]}]},{"@type":"ImageObject","inLanguage":"de-DE","@id":"https:\/\/www.schlanser.ch\/magazin\/das-zeltdepot-und-alternativen\/#primaryimage","url":"https:\/\/www.schlanser.ch\/magazin\/wp-content\/uploads\/2022\/07\/Berger-Avila-Universalzelt-Wurfzelt-1.jpg","contentUrl":"https:\/\/www.schlanser.ch\/magazin\/wp-content\/uploads\/2022\/07\/Berger-Avila-Universalzelt-Wurfzelt-1.jpg","width":660,"height":334},{"@type":"BreadcrumbList","@id":"https:\/\/www.schlanser.ch\/magazin\/das-zeltdepot-und-alternativen\/#breadcrumb","itemListElement":[{"@type":"ListItem","position":1,"name":"Startseite","item":"https:\/\/www.schlanser.ch\/magazin\/"},{"@type":"ListItem","position":2,"name":"Das Zeltdepot und Alternativen"}]},{"@type":"WebSite","@id":"https:\/\/www.schlanser.ch\/magazin\/#website","url":"https:\/\/www.schlanser.ch\/magazin\/","name":"Schlanser Magazin","description":"","potentialAction":[{"@type":"SearchAction","target":{"@type":"EntryPoint","urlTemplate":"https:\/\/www.schlanser.ch\/magazin\/?s={search_term_string}"},"query-input":"required name=search_term_string"}],"inLanguage":"de-DE"},{"@type":"Person","@id":"https:\/\/www.schlanser.ch\/magazin\/#\/schema\/person\/000db0a103eb2594ba3daf394b1dfea2","name":"admin","image":{"@type":"ImageObject","inLanguage":"de-DE","@id":"https:\/\/www.schlanser.ch\/magazin\/#\/schema\/person\/image\/","url":"https:\/\/secure.gravatar.com\/avatar\/a794a4fe8a9b9c52241597eb381dfa2e?s=96&d=mm&r=g","contentUrl":"https:\/\/secure.gravatar.com\/avatar\/a794a4fe8a9b9c52241597eb381dfa2e?s=96&d=mm&r=g","caption":"admin"}}]}},"_links":{"self":[{"href":"https:\/\/www.schlanser.ch\/magazin\/wp-json\/wp\/v2\/posts\/10213"}],"collection":[{"href":"https:\/\/www.schlanser.ch\/magazin\/wp-json\/wp\/v2\/posts"}],"about":[{"href":"https:\/\/www.schlanser.ch\/magazin\/wp-json\/wp\/v2\/types\/post"}],"author":[{"embeddable":true,"href":"https:\/\/www.schlanser.ch\/magazin\/wp-json\/wp\/v2\/users\/1"}],"replies":[{"embeddable":true,"href":"https:\/\/www.schlanser.ch\/magazin\/wp-json\/wp\/v2\/comments?post=10213"}],"version-history":[{"count":21,"href":"https:\/\/www.schlanser.ch\/magazin\/wp-json\/wp\/v2\/posts\/10213\/revisions"}],"predecessor-version":[{"id":17262,"href":"https:\/\/www.schlanser.ch\/magazin\/wp-json\/wp\/v2\/posts\/10213\/revisions\/17262"}],"wp:featuredmedia":[{"embeddable":true,"href":"https:\/\/www.schlanser.ch\/magazin\/wp-json\/wp\/v2\/media\/10225"}],"wp:attachment":[{"href":"https:\/\/www.schlanser.ch\/magazin\/wp-json\/wp\/v2\/media?parent=10213"}],"wp:term":[{"taxonomy":"category","embeddable":true,"href":"https:\/\/www.schlanser.ch\/magazin\/wp-json\/wp\/v2\/categories?post=10213"},{"taxonomy":"post_tag","embeddable":true,"href":"https:\/\/www.schlanser.ch\/magazin\/wp-json\/wp\/v2\/tags?post=10213"}],"curies":[{"name":"wp","href":"https:\/\/api.w.org\/{rel}","templated":true}]}}