{"id":10430,"date":"2020-08-25T10:17:19","date_gmt":"2020-08-25T08:17:19","guid":{"rendered":"https:\/\/www.schlanser.ch\/magazin\/?p=10430"},"modified":"2024-01-10T15:45:20","modified_gmt":"2024-01-10T14:45:20","slug":"campingtrends-2020","status":"publish","type":"post","link":"https:\/\/www.schlanser.ch\/magazin\/campingtrends-2020\/","title":{"rendered":"Campingtrends 2020"},"content":{"rendered":"<h2>\u00ab Volle Campingpl\u00e4tze und kluge L\u00f6sungen \u00bb<\/h2>\n<p style=\"text-align: justify;\"><strong>Das Jahr 2020 ist f\u00fcr die Camping-Szene ein Jahr voller Ver\u00e4nderungen und neuen Herausforderungen in Strukturen und L\u00f6sungen. Im Sommer 2020 sind voll ausgebuchte Campingpl\u00e4tze die Regel, wobei die Pl\u00e4tze nicht Ihre volle Auslastung anstreben d\u00fcrfen. Lassen Sie sich inspirieren, welche Campingtrends Sie f\u00fcr erholsame Ferien nutzen k\u00f6nnen.<\/strong><\/p>\n<h2>Neue Entwicklungen und Str\u00f6mungen in der Campingszene<\/h2>\n<p style=\"text-align: justify;\">Campingtrends bilden immer eine Bedarfsentwicklung in der Gesellschaft ab und leiten sich h\u00e4ufig aus den gegebenen Umst\u00e4nden ab. 2020 wird ein bereits fr\u00fcher einsetzender Trend weitergef\u00fchrt: Die Anzahl der Zulassungen f\u00fcr Caravans und Wohnmobile, vor allem f\u00fcr ausgebaute Kastenwagen hat stark zugenommen. Der Markt f\u00fcr Individualreisende, die mit Ihrem eigenen mobilen zu Hause unterwegs sein wollen, weitet sich mehr und mehr auf eine j\u00fcngere Zielgruppe aus. Die 20- bis 30-J\u00e4hrigen haben das Campen f\u00fcr sich entdeckt und str\u00f6men auf die Campingpl\u00e4tze.<\/p>\n<p><a href=\"https:\/\/www.schlanser.ch\/zelte\/vorzelte\/reisemobil-busvorzelte\/50495\/berger-touring-xl-reisemobil\/kastenwagen-vorzelt\"><img loading=\"lazy\" decoding=\"async\" class=\"aligncenter wp-image-10435 size-full\" title=\"Berger Touring-XL Reisemobil- \/ Kastenwagen Vorzelt | Moskitonetzt\u00fcr an allen Eing\u00e4ngen\" src=\"https:\/\/www.schlanser.ch\/magazin\/wp-content\/uploads\/2020\/09\/berger-touring-xl-reisemobil-kastenwagen-vorzelt.jpg\" alt=\"berger-touring-xl-reisemobil-kastenwagen-vorzelt-campingtrends-2020\" width=\"600\" height=\"375\" srcset=\"https:\/\/www.schlanser.ch\/magazin\/wp-content\/uploads\/2020\/09\/berger-touring-xl-reisemobil-kastenwagen-vorzelt.jpg 600w, https:\/\/www.schlanser.ch\/magazin\/wp-content\/uploads\/2020\/09\/berger-touring-xl-reisemobil-kastenwagen-vorzelt-300x188.jpg 300w\" sizes=\"(max-width: 600px) 100vw, 600px\" \/><\/a><\/p>\n<p style=\"text-align: justify;\">Einer der Campingtrends 2020 ist dementsprechend das vergr\u00f6sserte Angebot an kleineren Stellpl\u00e4tzen auf Bauernh\u00f6fen. Weiterhin werden die Wohnmobile immer kleiner und kompakter. Funktionen, die sonst innerhalb des Wohnbereichs erf\u00fcllt werden konnten, m\u00fcssen nun, \u00e4hnlich wie bei den Ferien mit <a href=\"https:\/\/www.schlanser.ch\/zelte\/vorzelte\/universal-dusch-geraetezelte\/\">Ger\u00e4tezelt<\/a> oder grossem <a href=\"https:\/\/www.schlanser.ch\/zelte\/vorzelte\/wohnwagenvorzelte\/\">Vorzelt<\/a>, nach draussen verlagert werden.<\/p>\n<h2>Ab ins Freie! \u2013 Campingtrends f\u00fcr den Aussenbereich am Wohnwagen<\/h2>\n<p style=\"text-align: justify;\">Der Trend geht ausserdem zu autarken Wohnmobilen, die ihre eigenen sanit\u00e4ren Anlagen nutzen. Die meisten Wohnmobile verf\u00fcgen \u00fcber eigene Toiletten, die Duschen werden jedoch oftmals eingespart. Welche M\u00f6glichkeiten haben Sie, dennoch Ihre eigene Dusche zu nutzen?<\/p>\n<p><img loading=\"lazy\" decoding=\"async\" class=\"aligncenter wp-image-10438 size-full\" title=\"G.F. Garden Sunny Style Solardusche | Duschkopf schwenkbar\" src=\"https:\/\/www.schlanser.ch\/magazin\/wp-content\/uploads\/2020\/09\/g-f-garden-sunny-style-solardusche.jpg\" alt=\"g-f-garden-sunny-style-solardusche-campingtrends-2020\" width=\"600\" height=\"375\" srcset=\"https:\/\/www.schlanser.ch\/magazin\/wp-content\/uploads\/2020\/09\/g-f-garden-sunny-style-solardusche.jpg 600w, https:\/\/www.schlanser.ch\/magazin\/wp-content\/uploads\/2020\/09\/g-f-garden-sunny-style-solardusche-300x188.jpg 300w\" sizes=\"(max-width: 600px) 100vw, 600px\" \/><\/p>\n<p style=\"text-align: justify;\">Mithilfe einer <a href=\"https:\/\/www.schlanser.ch\/fahrzeug\/sanitaer\/campingduschen\/\" class=\"broken_link\">Solardusche<\/a> k\u00f6nnen Sie kaltes Wasser mit Hilfe der Sonne erw\u00e4rmen und zum Duschen benutzen. Bei der G.F. Garden Style Solardusche schliessen Sie das Kaltwasser aus der Leitung an. Nach zwei Stunden direkter Sonneneinstrahlung steht warmes Wasser f\u00fcr die Dusche zur Verf\u00fcgung und wird mithilfe der Mischbatterie angenehm temperiert.<\/p>\n<p><img loading=\"lazy\" decoding=\"async\" class=\"aligncenter wp-image-10440 size-full\" title=\"Berger Ger\u00e4te- und K\u00fcchenzelt Granary Deluxe | sehr robustes Material\" src=\"https:\/\/www.schlanser.ch\/magazin\/wp-content\/uploads\/2020\/09\/berger-geraete-und-kuechenzelt-granary-deluxe.jpg\" alt=\"berger-geraete-und-kuechenzelt-granary-deluxe-campingtrends-2020\" width=\"600\" height=\"376\" srcset=\"https:\/\/www.schlanser.ch\/magazin\/wp-content\/uploads\/2020\/09\/berger-geraete-und-kuechenzelt-granary-deluxe.jpg 600w, https:\/\/www.schlanser.ch\/magazin\/wp-content\/uploads\/2020\/09\/berger-geraete-und-kuechenzelt-granary-deluxe-300x188.jpg 300w\" sizes=\"(max-width: 600px) 100vw, 600px\" \/><\/p>\n<p style=\"text-align: justify;\">Mit der Berger Solardusche k\u00f6nnen Sie eine kurze warme Dusche mit 20 Litern Warmwasser im Freien geniessen. Der Duschsack wird einfach am Fahrzeug oder an einem Baum aufgeh\u00e4ngt und erw\u00e4rmt sich durch die Sonnenenergie. Wenn Sie noch ein Duschzelt aufstellen, sind Sie komplett von den sanit\u00e4ren Anlagen des Platzes unabh\u00e4ngig und m\u00fcssen bei Stosszeiten und vielen abgesperrten Duschen nicht Schlange stehen. Achten Sie immer darauf, 100% abbaubare K\u00f6rperpflege zu verwenden, da ihr Abwasser im Boden und nicht in der Kl\u00e4ranlage landet.<\/p>\n<p><img loading=\"lazy\" decoding=\"async\" class=\"aligncenter wp-image-10444 size-full\" title=\"Berger Washbag Premium | gro\u00dfes Hauptfach | praktischer Tragegriff | geringes Gewicht\" src=\"https:\/\/www.schlanser.ch\/magazin\/wp-content\/uploads\/2020\/09\/berger-washbag-premium.jpg\" alt=\"berger-washbag-premium\" width=\"400\" height=\"400\" srcset=\"https:\/\/www.schlanser.ch\/magazin\/wp-content\/uploads\/2020\/09\/berger-washbag-premium.jpg 400w, https:\/\/www.schlanser.ch\/magazin\/wp-content\/uploads\/2020\/09\/berger-washbag-premium-300x300.jpg 300w, https:\/\/www.schlanser.ch\/magazin\/wp-content\/uploads\/2020\/09\/berger-washbag-premium-150x150.jpg 150w\" sizes=\"(max-width: 400px) 100vw, 400px\" \/><\/p>\n<p style=\"text-align: justify;\">Als Ablageort f\u00fcr Kosmetika und Kleidung w\u00e4hrend des Duschens eignen sich Berger Washbags, die im Duschzelt oder neben dem Duschsack der Solardusche aufgeh\u00e4ngt werden und alles griffbereit halten. Die Berger Washbags eignen sich auch als platzsparender Aufbewahrungsort der Kosmetika, wenn Sie regelm\u00e4ssig ins Waschhaus gehen wollen. Dort ausgeklappt haben Sie alles griffbereit und \u00fcbersichtlich sortiert, f\u00fcr den R\u00fcckweg klappen Sie die Washbag wieder zusammen.<\/p>\n<h2>Dark Sky Orte \u2013 \u00dcber Ihnen nur das Licht der Sterne<\/h2>\n<p style=\"text-align: justify;\">Einer der neueren Campingtrends 2020 ist der Aufenthalt an Dark Sky Orten, also Orten, an denen keine Lichtverschmutzung herrscht und der Nachthimmel in glasklarer Sch\u00e4rfe mit atemberaubenden Sternenformationen gl\u00e4nzt. Diese Orte liegen meist abgelegen und mitunter m\u00fcssen Sie zu Fuss dorthin wandern. Wer die \u00dcbernachtung unter freiem Himmel scheut, findet ein grosses Angebot f\u00fcr unterschiedliche <a href=\"https:\/\/www.schlanser.ch\/zelte\/campingzelte\/wurfzelte\/\">Wurfzelte<\/a>.<\/p>\n<p><img loading=\"lazy\" decoding=\"async\" class=\"aligncenter wp-image-10448 size-full\" title=\"Berger Wurfzelt Calgary 4 | doppelwandig | einfach auf- und abgebaut | fest eingen\u00e4hter Boden\" src=\"https:\/\/www.schlanser.ch\/magazin\/wp-content\/uploads\/2020\/09\/berger-wurfzelt-calgary-4.jpg\" alt=\"berger-wurfzelt-calgary-4\" width=\"600\" height=\"375\" srcset=\"https:\/\/www.schlanser.ch\/magazin\/wp-content\/uploads\/2020\/09\/berger-wurfzelt-calgary-4.jpg 600w, https:\/\/www.schlanser.ch\/magazin\/wp-content\/uploads\/2020\/09\/berger-wurfzelt-calgary-4-300x188.jpg 300w\" sizes=\"(max-width: 600px) 100vw, 600px\" \/><\/p>\n<p style=\"text-align: justify;\">Unkompliziert und schnell aufgebaut stehen sie bereit, damit Sie sp\u00e4t abends, erf\u00fcllt vom Anblick des Sternenhimmels, ins gem\u00fctliche Zelt kriechen und zufrieden und gesch\u00fctzt schlafen k\u00f6nnen. Wurfzelte eignen sich auch als zus\u00e4tzlicher Stauraum am Campingplatz oder als \u00dcbernachtungsort f\u00fcr Urlaubsg\u00e4ste oder wenn die Kinder spontan allein \u00fcbernachten wollen.<\/p>\n<p><a href=\"https:\/\/www.schlanser.ch\/outdoor-freizeit\/outdoor-ausruestung\/insektenabwehr-mueckenschutz\/48778\/berger-moskitozelt-zu-feldbett\"><img loading=\"lazy\" decoding=\"async\" class=\"aligncenter wp-image-10453 size-full\" title=\"Berger Moskitozelt zu Feldbett | sowohl f\u00fcr den Einsatz als kleines Trekkingzelt, als auch als \u00dcberzelt f\u00fcr Feldbetten\" src=\"https:\/\/www.schlanser.ch\/magazin\/wp-content\/uploads\/2020\/09\/berger-moskitozelt-zu-feldbett.jpg\" alt=\"berger-moskitozelt-zu-feldbett-campingtrends-2020\" width=\"600\" height=\"375\" srcset=\"https:\/\/www.schlanser.ch\/magazin\/wp-content\/uploads\/2020\/09\/berger-moskitozelt-zu-feldbett.jpg 600w, https:\/\/www.schlanser.ch\/magazin\/wp-content\/uploads\/2020\/09\/berger-moskitozelt-zu-feldbett-300x188.jpg 300w\" sizes=\"(max-width: 600px) 100vw, 600px\" \/><\/a><\/p>\n<p style=\"text-align: justify;\">Dark Sky Orte finden Sie zahlreich im Norden Europas, wo zus\u00e4tzlich faszinierende Nordlichter ein einzigartiges Lichtspektakel bieten. In den skandinavischen L\u00e4ndern Schweden, Norwegen und Finnland gibt es allerdings Stechm\u00fccken. Sie sollten sich daher nachts sch\u00fctzen.<\/p>\n<p><a href=\"https:\/\/www.schlanser.ch\/outdoor-freizeit\/outdoor-ausruestung\/insektenabwehr-mueckenschutz\/18928\/moskitonetz-solo\"><img loading=\"lazy\" decoding=\"async\" class=\"aligncenter wp-image-10450 size-full\" title=\"Moskitonetz Solo | zuverl\u00e4ssiger Schutz beim Camping und Trekking\" src=\"https:\/\/www.schlanser.ch\/magazin\/wp-content\/uploads\/2020\/09\/moskitonetz-solo.jpg\" alt=\"moskitonetz-solo\" width=\"600\" height=\"530\" srcset=\"https:\/\/www.schlanser.ch\/magazin\/wp-content\/uploads\/2020\/09\/moskitonetz-solo.jpg 600w, https:\/\/www.schlanser.ch\/magazin\/wp-content\/uploads\/2020\/09\/moskitonetz-solo-300x265.jpg 300w\" sizes=\"(max-width: 600px) 100vw, 600px\" \/><\/a><\/p>\n<p style=\"text-align: justify;\"><a href=\"https:\/\/www.schlanser.ch\/outdoor-freizeit\/outdoor-ausruestung\/insektenabwehr-mueckenschutz\/\">Moskitonetze, M\u00fccken Abwehrsprays oder Duftlampen und M\u00fcckenfallen<\/a> k\u00f6nnen gute Dienste leisten. Moskitonetze k\u00f6nnen Sie auch draussen aufh\u00e4ngen, um unter freiem Himmel gesch\u00fctzt zu \u00fcbernachten. Oder Sie statten Ihre Bettstelle damit aus, um die l\u00e4stigen Insekten fernzuhalten.<\/p>\n<h2>Unabh\u00e4ngig vom Netz<\/h2>\n<p style=\"text-align: justify;\">Zu den Campingtrends 2020 geh\u00f6rt sicher auch die Ausstattung am Platz. Voll belegte Pl\u00e4tze pr\u00e4gen das Jahr 2020 und es kann sein, dass Sie keinen Stellplatz mit Stromversorgung ergattern und dann Alternativen haben sollten. Auch die M\u00f6glichkeit, Wildcamping zu betreiben, k\u00f6nnen Sie in Betracht ziehen, sofern es erlaubt ist.<\/p>\n<p><img loading=\"lazy\" decoding=\"async\" class=\"aligncenter wp-image-10456\" title=\"Dometic CFX3 55 AC\/DC Kompressork\u00fchlbox | 48 Liter | 35 % weniger Energieverbrauch\" src=\"https:\/\/www.schlanser.ch\/magazin\/wp-content\/uploads\/2020\/09\/dometic-cfx3-55-ac-dc-kompressorkuehlbox-48-liter.jpg\" alt=\"dometic-cfx3-55-ac-dc-kompressorkuehlbox-48-liter\" width=\"400\" height=\"342\" srcset=\"https:\/\/www.schlanser.ch\/magazin\/wp-content\/uploads\/2020\/09\/dometic-cfx3-55-ac-dc-kompressorkuehlbox-48-liter.jpg 500w, https:\/\/www.schlanser.ch\/magazin\/wp-content\/uploads\/2020\/09\/dometic-cfx3-55-ac-dc-kompressorkuehlbox-48-liter-300x256.jpg 300w\" sizes=\"(max-width: 400px) 100vw, 400px\" \/><\/p>\n<p style=\"text-align: justify;\">Wohnmobilstellpl\u00e4tze sind f\u00fcr autarke Fahrzeuge eine wunderbare Alternative. Sie planen dann allerdings eher einen Roadtrip, weil die dauerhafte \u00dcbernachtung \u00fcber mehrere N\u00e4chte dort nicht vorgesehen ist. Wenn Sie autark stehen k\u00f6nnen, m\u00fcssen Sie nicht auf eine Stromversorgung des Stellplatzes achten, sondern versorgen sich selbst.<\/p>\n<p><a href=\"https:\/\/www.schlanser.ch\/elektro\/energieversorgung\/camping-solaranlagen\/22931\/buettner-mobiles-solarmodul-mt50-travel-line\" class=\"broken_link\"><img loading=\"lazy\" decoding=\"async\" class=\"aligncenter wp-image-10459\" title=\"B\u00fcttner Mobiles Solarmodul MT50 Travel-Line\" src=\"https:\/\/www.schlanser.ch\/magazin\/wp-content\/uploads\/2020\/09\/buettner-mobiles-solarmodul-mt50-travel-line.jpg\" alt=\"buettner-mobiles-solarmodul-mt50-travel-line\" width=\"500\" height=\"442\" srcset=\"https:\/\/www.schlanser.ch\/magazin\/wp-content\/uploads\/2020\/09\/buettner-mobiles-solarmodul-mt50-travel-line.jpg 600w, https:\/\/www.schlanser.ch\/magazin\/wp-content\/uploads\/2020\/09\/buettner-mobiles-solarmodul-mt50-travel-line-300x265.jpg 300w\" sizes=\"(max-width: 500px) 100vw, 500px\" \/><\/a><\/p>\n<p style=\"text-align: justify;\">Eine M\u00f6glichkeit autarker zu werden, ist der Gasbetrieb von \u201eElektroger\u00e4ten\u201c wie einer <a href=\"https:\/\/www.schlanser.ch\/haushalt\/kuehlung\/kuehlboxen\/\">Kompressork\u00fchlbox<\/a>. Alternativ liefert ein <a href=\"https:\/\/www.schlanser.ch\/elektro\/energieversorgung\/camping-solaranlagen\/\">Solarmodul<\/a> Strom. Beim Einkauf transportieren Sie auch TK-Ware \u00fcber den 12Volt Anschluss sicher nach Hause oder zum Stellplatz und in den Ferien m\u00fcssen Sie weniger h\u00e4ufig zum Einkaufen fahren.<\/p>\n<p><img loading=\"lazy\" decoding=\"async\" class=\"aligncenter wp-image-10463\" title=\"Engel MT35G-P Kompressork\u00fchlbox | 32 Liter | minimaler Stromverbrauch\" src=\"https:\/\/www.schlanser.ch\/magazin\/wp-content\/uploads\/2020\/09\/engel-mt35g-p-kompressorkuehlbox-32-liter.jpg\" alt=\"engel-mt35g-p-kompressorkuehlbox-32-liter\" width=\"400\" height=\"360\" srcset=\"https:\/\/www.schlanser.ch\/magazin\/wp-content\/uploads\/2020\/09\/engel-mt35g-p-kompressorkuehlbox-32-liter.jpg 500w, https:\/\/www.schlanser.ch\/magazin\/wp-content\/uploads\/2020\/09\/engel-mt35g-p-kompressorkuehlbox-32-liter-300x270.jpg 300w\" sizes=\"(max-width: 400px) 100vw, 400px\" \/><\/p>\n<p style=\"text-align: justify;\">Die Kompressork\u00fchlboxen von Dometic oder Engel k\u00f6nnen beispielsweise auch an ein Solarmodul angeschlossen werden. Durch das Angebot verschiedener Gr\u00f6ssen, k\u00f6nnen Sie das Volumen der Box gut an Ihren pers\u00f6nlichen Bedarf anpassen. Die K\u00fchlboxen von Engel sind besonders leise und k\u00fchlen mithilfe eines Schwingkompressors, der lageunabh\u00e4ngig arbeitet und bis zu 60 % Neigung toleriert. F\u00fcr Schiffe ist er daher sehr gut geeignet, aber auch bei einigen Fahrstrecken oder Parksituationen ist das von Vorteil.<\/p>\n<blockquote>\n<p style=\"text-align: justify;\">Erweitern Sie Ihre K\u00fchlm\u00f6glichkeiten und folgen Sie den Campingtrends, die sich an die ver\u00e4nderten klimatischen Bedingungen anpassen.<\/p>\n<\/blockquote>\n<h2>Mehr Campingpl\u00e4tze<\/h2>\n<p style=\"text-align: justify;\">Die Campingtrends 2020 k\u00f6nnen helfen, auf den vollen Campingpl\u00e4tzen mehr Ruhe und Gelassenheit zu finden. In der n\u00e4chsten Zukunft ist nicht davon auszugehen, dass sich die Lage grossartig \u00e4ndert. Nutzen Sie also jetzt die Ideen, um Ihre Campingausstattung anzupassen.<\/p>\n<p><a href=\"https:\/\/www.schlanser.ch\/zelte\/vorzelte\/markisen-sonnensegel\/50260\/berger-sonnenvordach-fuer-bus-wohnwagen\"><img loading=\"lazy\" decoding=\"async\" class=\"aligncenter wp-image-10468 size-full\" title=\"Berger Sonnenvordach f\u00fcr Bus &amp; Wohnwagen | inkl. Aufstellstangen | einfache Befestigung\" src=\"https:\/\/www.schlanser.ch\/magazin\/wp-content\/uploads\/2020\/09\/berger-sonnenvordach-fuer-bus-wohnwagen.jpg\" alt=\"berger-sonnenvordach-fuer-bus-wohnwagen-campingtrends-2020\" width=\"600\" height=\"375\" srcset=\"https:\/\/www.schlanser.ch\/magazin\/wp-content\/uploads\/2020\/09\/berger-sonnenvordach-fuer-bus-wohnwagen.jpg 600w, https:\/\/www.schlanser.ch\/magazin\/wp-content\/uploads\/2020\/09\/berger-sonnenvordach-fuer-bus-wohnwagen-300x188.jpg 300w\" sizes=\"(max-width: 600px) 100vw, 600px\" \/><\/a><\/p>\n<p style=\"text-align: justify;\">Kluge L\u00f6sungen werden f\u00fcr Entspannung auf vollen Campingpl\u00e4tzen sorgen und mehr Sicherheit gew\u00e4hrleisten. Autarkes Reisen wird immer beliebter und entsprechendes Equipment wird die Trends in den kommenden Jahren pr\u00e4gen.<\/p>\n","protected":false},"excerpt":{"rendered":"<p>\u00ab Volle Campingpl\u00e4tze und kluge L\u00f6sungen \u00bb Das Jahr 2020 ist f\u00fcr die Camping-Szene ein Jahr voller Ver\u00e4nderungen und neuen Herausforderungen in Strukturen und L\u00f6sungen. Im Sommer 2020 sind voll ausgebuchte Campingpl\u00e4tze die Regel, wobei die Pl\u00e4tze nicht Ihre volle Auslastung anstreben d\u00fcrfen. Lassen Sie sich inspirieren, welche Campingtrends Sie f\u00fcr erholsame Ferien nutzen k\u00f6nnen. &hellip;<\/p>\n","protected":false},"author":1,"featured_media":10473,"comment_status":"closed","ping_status":"open","sticky":false,"template":"","format":"standard","meta":{"footnotes":""},"categories":[2],"tags":[1447,18,201,197,1446,29,1283,75,1335,241,1205,1449,450,1450,926,1334,235,1448,377,449,297,1003],"yoast_head":"<!-- This site is optimized with the Yoast SEO plugin v22.2 - https:\/\/yoast.com\/wordpress\/plugins\/seo\/ -->\n<title>Campingtrends 2020 - Schlanser Magazin<\/title>\n<meta name=\"description\" content=\"Das Schlanser Magazin pr\u00e4sentiert die Campingtrends des Jahres 2020! \u2013 Mehr zu \u2714 beliebten Reisezielen \u2714 neuen Must-haves \u2714 Profi-Equipment!\" \/>\n<meta name=\"robots\" content=\"index, follow, max-snippet:-1, max-image-preview:large, max-video-preview:-1\" \/>\n<link rel=\"canonical\" href=\"https:\/\/www.schlanser.ch\/magazin\/campingtrends-2020\/\" \/>\n<meta property=\"og:locale\" content=\"de_DE\" \/>\n<meta property=\"og:type\" content=\"article\" \/>\n<meta property=\"og:title\" content=\"Campingtrends 2020 - Schlanser Magazin\" \/>\n<meta property=\"og:description\" content=\"Das Schlanser Magazin pr\u00e4sentiert die Campingtrends des Jahres 2020! \u2013 Mehr zu \u2714 beliebten Reisezielen \u2714 neuen Must-haves \u2714 Profi-Equipment!\" \/>\n<meta property=\"og:url\" content=\"https:\/\/www.schlanser.ch\/magazin\/campingtrends-2020\/\" \/>\n<meta property=\"og:site_name\" content=\"Schlanser Magazin\" \/>\n<meta property=\"article:published_time\" content=\"2020-08-25T08:17:19+00:00\" \/>\n<meta property=\"article:modified_time\" content=\"2024-01-10T14:45:20+00:00\" \/>\n<meta property=\"og:image\" content=\"https:\/\/www.schlanser.ch\/magazin\/wp-content\/uploads\/2020\/09\/campingtrends-2020.jpg\" \/>\n\t<meta property=\"og:image:width\" content=\"800\" \/>\n\t<meta property=\"og:image:height\" content=\"533\" \/>\n\t<meta property=\"og:image:type\" content=\"image\/jpeg\" \/>\n<meta name=\"author\" content=\"admin\" \/>\n<meta name=\"twitter:card\" content=\"summary_large_image\" \/>\n<meta name=\"twitter:label1\" content=\"Verfasst von\" \/>\n\t<meta name=\"twitter:data1\" content=\"admin\" \/>\n\t<meta name=\"twitter:label2\" content=\"Gesch\u00e4tzte Lesezeit\" \/>\n\t<meta name=\"twitter:data2\" content=\"5 Minuten\" \/>\n<script type=\"application\/ld+json\" class=\"yoast-schema-graph\">{\"@context\":\"https:\/\/schema.org\",\"@graph\":[{\"@type\":\"WebPage\",\"@id\":\"https:\/\/www.schlanser.ch\/magazin\/campingtrends-2020\/\",\"url\":\"https:\/\/www.schlanser.ch\/magazin\/campingtrends-2020\/\",\"name\":\"Campingtrends 2020 - Schlanser Magazin\",\"isPartOf\":{\"@id\":\"https:\/\/www.schlanser.ch\/magazin\/#website\"},\"primaryImageOfPage\":{\"@id\":\"https:\/\/www.schlanser.ch\/magazin\/campingtrends-2020\/#primaryimage\"},\"image\":{\"@id\":\"https:\/\/www.schlanser.ch\/magazin\/campingtrends-2020\/#primaryimage\"},\"thumbnailUrl\":\"https:\/\/www.schlanser.ch\/magazin\/wp-content\/uploads\/2020\/09\/campingtrends-2020.jpg\",\"datePublished\":\"2020-08-25T08:17:19+00:00\",\"dateModified\":\"2024-01-10T14:45:20+00:00\",\"author\":{\"@id\":\"https:\/\/www.schlanser.ch\/magazin\/#\/schema\/person\/000db0a103eb2594ba3daf394b1dfea2\"},\"description\":\"Das Schlanser Magazin pr\u00e4sentiert die Campingtrends des Jahres 2020! \u2013 Mehr zu \u2714 beliebten Reisezielen \u2714 neuen Must-haves \u2714 Profi-Equipment!\",\"breadcrumb\":{\"@id\":\"https:\/\/www.schlanser.ch\/magazin\/campingtrends-2020\/#breadcrumb\"},\"inLanguage\":\"de-DE\",\"potentialAction\":[{\"@type\":\"ReadAction\",\"target\":[\"https:\/\/www.schlanser.ch\/magazin\/campingtrends-2020\/\"]}]},{\"@type\":\"ImageObject\",\"inLanguage\":\"de-DE\",\"@id\":\"https:\/\/www.schlanser.ch\/magazin\/campingtrends-2020\/#primaryimage\",\"url\":\"https:\/\/www.schlanser.ch\/magazin\/wp-content\/uploads\/2020\/09\/campingtrends-2020.jpg\",\"contentUrl\":\"https:\/\/www.schlanser.ch\/magazin\/wp-content\/uploads\/2020\/09\/campingtrends-2020.jpg\",\"width\":800,\"height\":533,\"caption\":\"\u00a9 cherryandbees \u2013 stock.adobe.com\"},{\"@type\":\"BreadcrumbList\",\"@id\":\"https:\/\/www.schlanser.ch\/magazin\/campingtrends-2020\/#breadcrumb\",\"itemListElement\":[{\"@type\":\"ListItem\",\"position\":1,\"name\":\"Startseite\",\"item\":\"https:\/\/www.schlanser.ch\/magazin\/\"},{\"@type\":\"ListItem\",\"position\":2,\"name\":\"Campingtrends 2020\"}]},{\"@type\":\"WebSite\",\"@id\":\"https:\/\/www.schlanser.ch\/magazin\/#website\",\"url\":\"https:\/\/www.schlanser.ch\/magazin\/\",\"name\":\"Schlanser Magazin\",\"description\":\"\",\"potentialAction\":[{\"@type\":\"SearchAction\",\"target\":{\"@type\":\"EntryPoint\",\"urlTemplate\":\"https:\/\/www.schlanser.ch\/magazin\/?s={search_term_string}\"},\"query-input\":\"required name=search_term_string\"}],\"inLanguage\":\"de-DE\"},{\"@type\":\"Person\",\"@id\":\"https:\/\/www.schlanser.ch\/magazin\/#\/schema\/person\/000db0a103eb2594ba3daf394b1dfea2\",\"name\":\"admin\",\"image\":{\"@type\":\"ImageObject\",\"inLanguage\":\"de-DE\",\"@id\":\"https:\/\/www.schlanser.ch\/magazin\/#\/schema\/person\/image\/\",\"url\":\"https:\/\/secure.gravatar.com\/avatar\/a794a4fe8a9b9c52241597eb381dfa2e?s=96&d=mm&r=g\",\"contentUrl\":\"https:\/\/secure.gravatar.com\/avatar\/a794a4fe8a9b9c52241597eb381dfa2e?s=96&d=mm&r=g\",\"caption\":\"admin\"}}]}<\/script>\n<!-- \/ Yoast SEO plugin. -->","yoast_head_json":{"title":"Campingtrends 2020 - Schlanser Magazin","description":"Das Schlanser Magazin pr\u00e4sentiert die Campingtrends des Jahres 2020! \u2013 Mehr zu \u2714 beliebten Reisezielen \u2714 neuen Must-haves \u2714 Profi-Equipment!","robots":{"index":"index","follow":"follow","max-snippet":"max-snippet:-1","max-image-preview":"max-image-preview:large","max-video-preview":"max-video-preview:-1"},"canonical":"https:\/\/www.schlanser.ch\/magazin\/campingtrends-2020\/","og_locale":"de_DE","og_type":"article","og_title":"Campingtrends 2020 - Schlanser Magazin","og_description":"Das Schlanser Magazin pr\u00e4sentiert die Campingtrends des Jahres 2020! \u2013 Mehr zu \u2714 beliebten Reisezielen \u2714 neuen Must-haves \u2714 Profi-Equipment!","og_url":"https:\/\/www.schlanser.ch\/magazin\/campingtrends-2020\/","og_site_name":"Schlanser Magazin","article_published_time":"2020-08-25T08:17:19+00:00","article_modified_time":"2024-01-10T14:45:20+00:00","og_image":[{"width":800,"height":533,"url":"https:\/\/www.schlanser.ch\/magazin\/wp-content\/uploads\/2020\/09\/campingtrends-2020.jpg","type":"image\/jpeg"}],"author":"admin","twitter_card":"summary_large_image","twitter_misc":{"Verfasst von":"admin","Gesch\u00e4tzte Lesezeit":"5 Minuten"},"schema":{"@context":"https:\/\/schema.org","@graph":[{"@type":"WebPage","@id":"https:\/\/www.schlanser.ch\/magazin\/campingtrends-2020\/","url":"https:\/\/www.schlanser.ch\/magazin\/campingtrends-2020\/","name":"Campingtrends 2020 - Schlanser Magazin","isPartOf":{"@id":"https:\/\/www.schlanser.ch\/magazin\/#website"},"primaryImageOfPage":{"@id":"https:\/\/www.schlanser.ch\/magazin\/campingtrends-2020\/#primaryimage"},"image":{"@id":"https:\/\/www.schlanser.ch\/magazin\/campingtrends-2020\/#primaryimage"},"thumbnailUrl":"https:\/\/www.schlanser.ch\/magazin\/wp-content\/uploads\/2020\/09\/campingtrends-2020.jpg","datePublished":"2020-08-25T08:17:19+00:00","dateModified":"2024-01-10T14:45:20+00:00","author":{"@id":"https:\/\/www.schlanser.ch\/magazin\/#\/schema\/person\/000db0a103eb2594ba3daf394b1dfea2"},"description":"Das Schlanser Magazin pr\u00e4sentiert die Campingtrends des Jahres 2020! \u2013 Mehr zu \u2714 beliebten Reisezielen \u2714 neuen Must-haves \u2714 Profi-Equipment!","breadcrumb":{"@id":"https:\/\/www.schlanser.ch\/magazin\/campingtrends-2020\/#breadcrumb"},"inLanguage":"de-DE","potentialAction":[{"@type":"ReadAction","target":["https:\/\/www.schlanser.ch\/magazin\/campingtrends-2020\/"]}]},{"@type":"ImageObject","inLanguage":"de-DE","@id":"https:\/\/www.schlanser.ch\/magazin\/campingtrends-2020\/#primaryimage","url":"https:\/\/www.schlanser.ch\/magazin\/wp-content\/uploads\/2020\/09\/campingtrends-2020.jpg","contentUrl":"https:\/\/www.schlanser.ch\/magazin\/wp-content\/uploads\/2020\/09\/campingtrends-2020.jpg","width":800,"height":533,"caption":"\u00a9 cherryandbees \u2013 stock.adobe.com"},{"@type":"BreadcrumbList","@id":"https:\/\/www.schlanser.ch\/magazin\/campingtrends-2020\/#breadcrumb","itemListElement":[{"@type":"ListItem","position":1,"name":"Startseite","item":"https:\/\/www.schlanser.ch\/magazin\/"},{"@type":"ListItem","position":2,"name":"Campingtrends 2020"}]},{"@type":"WebSite","@id":"https:\/\/www.schlanser.ch\/magazin\/#website","url":"https:\/\/www.schlanser.ch\/magazin\/","name":"Schlanser Magazin","description":"","potentialAction":[{"@type":"SearchAction","target":{"@type":"EntryPoint","urlTemplate":"https:\/\/www.schlanser.ch\/magazin\/?s={search_term_string}"},"query-input":"required name=search_term_string"}],"inLanguage":"de-DE"},{"@type":"Person","@id":"https:\/\/www.schlanser.ch\/magazin\/#\/schema\/person\/000db0a103eb2594ba3daf394b1dfea2","name":"admin","image":{"@type":"ImageObject","inLanguage":"de-DE","@id":"https:\/\/www.schlanser.ch\/magazin\/#\/schema\/person\/image\/","url":"https:\/\/secure.gravatar.com\/avatar\/a794a4fe8a9b9c52241597eb381dfa2e?s=96&d=mm&r=g","contentUrl":"https:\/\/secure.gravatar.com\/avatar\/a794a4fe8a9b9c52241597eb381dfa2e?s=96&d=mm&r=g","caption":"admin"}}]}},"_links":{"self":[{"href":"https:\/\/www.schlanser.ch\/magazin\/wp-json\/wp\/v2\/posts\/10430"}],"collection":[{"href":"https:\/\/www.schlanser.ch\/magazin\/wp-json\/wp\/v2\/posts"}],"about":[{"href":"https:\/\/www.schlanser.ch\/magazin\/wp-json\/wp\/v2\/types\/post"}],"author":[{"embeddable":true,"href":"https:\/\/www.schlanser.ch\/magazin\/wp-json\/wp\/v2\/users\/1"}],"replies":[{"embeddable":true,"href":"https:\/\/www.schlanser.ch\/magazin\/wp-json\/wp\/v2\/comments?post=10430"}],"version-history":[{"count":39,"href":"https:\/\/www.schlanser.ch\/magazin\/wp-json\/wp\/v2\/posts\/10430\/revisions"}],"predecessor-version":[{"id":17279,"href":"https:\/\/www.schlanser.ch\/magazin\/wp-json\/wp\/v2\/posts\/10430\/revisions\/17279"}],"wp:featuredmedia":[{"embeddable":true,"href":"https:\/\/www.schlanser.ch\/magazin\/wp-json\/wp\/v2\/media\/10473"}],"wp:attachment":[{"href":"https:\/\/www.schlanser.ch\/magazin\/wp-json\/wp\/v2\/media?parent=10430"}],"wp:term":[{"taxonomy":"category","embeddable":true,"href":"https:\/\/www.schlanser.ch\/magazin\/wp-json\/wp\/v2\/categories?post=10430"},{"taxonomy":"post_tag","embeddable":true,"href":"https:\/\/www.schlanser.ch\/magazin\/wp-json\/wp\/v2\/tags?post=10430"}],"curies":[{"name":"wp","href":"https:\/\/api.w.org\/{rel}","templated":true}]}}