{"id":10475,"date":"2020-08-27T20:34:40","date_gmt":"2020-08-27T18:34:40","guid":{"rendered":"https:\/\/www.schlanser.ch\/magazin\/?p=10475"},"modified":"2024-01-10T15:45:20","modified_gmt":"2024-01-10T14:45:20","slug":"die-schoensten-orte-fuer-camping-in-den-bergen","status":"publish","type":"post","link":"https:\/\/www.schlanser.ch\/magazin\/die-schoensten-orte-fuer-camping-in-den-bergen\/","title":{"rendered":"Die sch\u00f6nsten Orte f\u00fcr Camping in den Bergen"},"content":{"rendered":"<p style=\"text-align: justify;\"><b><span data-contrast=\"auto\">Ferien in luftigen H\u00f6hen sind eine Wohltat f\u00fcr K\u00f6rper, Geist und Seele. Camping in den Bergen f\u00fchrt zu Entspannung und Wohlbefinden. Lesen Sie hier, welche positiven Auswirkungen der Aufenthalt in den Bergen auf Ihren K\u00f6rper hat, welche Freizeitangebote\u00a0<\/span><\/b><b><span data-contrast=\"auto\">Spass<\/span><\/b><b><span data-contrast=\"auto\">\u00a0und Abwechslung bringen und wo die sch\u00f6nsten Orte f\u00fcr<\/span><\/b><b><span data-contrast=\"auto\">s<\/span><\/b><b><span data-contrast=\"auto\">\u00a0Camp<\/span><\/b><b><span data-contrast=\"auto\">en<\/span><\/b><b><span data-contrast=\"auto\">\u00a0<\/span><\/b><b><span data-contrast=\"auto\">in luftigen H\u00f6hen<\/span><\/b><b><span data-contrast=\"auto\">\u00a0liegen.<\/span><\/b><span data-ccp-props=\"{&quot;201341983&quot;:0,&quot;335559739&quot;:160,&quot;335559740&quot;:259}\">\u00a0<\/span><\/p>\n<h2><span data-contrast=\"auto\">Das besondere Flair in \u00fcber 1000 Metern H\u00f6he<\/span><span data-ccp-props=\"{&quot;201341983&quot;:0,&quot;335559739&quot;:160,&quot;335559740&quot;:259}\">\u00a0<\/span><\/h2>\n<p style=\"text-align: justify;\"><span data-contrast=\"auto\">Die weite Aussicht von einer Bergkuppe aus hat eine fast berauschende Wirkung aufs Gem\u00fct. Gleichzeitig f\u00fchlen Sie sich geerdet, nehmen sich selbst als winziges Teilst\u00fcck in dieser wuchtigen Bergwelt wahr und f\u00fchlen sich in diese sch\u00fctzenswerte Natur ein. Die H\u00f6henluft hat positive gesundheitliche Auswirkungen auf den menschlichen K\u00f6rper und auch das Wandern oder\u00a0<\/span><span data-contrast=\"auto\">S<\/span><span data-contrast=\"auto\">pazierengehen in den Bergen tut gut. Das Camping<\/span><span data-contrast=\"auto\">\u00a0hier<\/span><span data-contrast=\"auto\">\u00a0ist eine besonders naturnahe Form der Unterbringung und sch\u00e4rft die Sinne f\u00fcr die nat\u00fcrliche Umgebung. Ger\u00fcche von w\u00fcrzigen Wildkr\u00e4utern und Bergblumen steigen Ihnen in die Nase<\/span><span data-contrast=\"auto\">.<\/span><span data-contrast=\"auto\">\u00a0<\/span><span data-contrast=\"auto\">D<\/span><span data-contrast=\"auto\">ank des weiten Blicks entspannen Sie Ihre Augen und der Geschmack einer gesunden Mahlzeit erscheint nach einer Wanderung mindestens doppelt so gut.\u00a0<\/span><span data-ccp-props=\"{&quot;201341983&quot;:0,&quot;335559739&quot;:160,&quot;335559740&quot;:259}\">\u00a0<\/span><\/p>\n<figure id=\"attachment_10480\" aria-describedby=\"caption-attachment-10480\" style=\"width: 660px\" class=\"wp-caption aligncenter\"><img loading=\"lazy\" decoding=\"async\" class=\"wp-image-10480 size-full\" title=\"Die Bergwelt (hier der Vierwaldst\u00e4ttersee) liefert die perfekte Umgebung zur Entspannung \" src=\"https:\/\/www.schlanser.ch\/magazin\/wp-content\/uploads\/2022\/08\/Schweiz-Vierwaldst\u00e4ttersee.jpg\" alt=\"Berglandschaft, Vierwaldst\u00e4ttersee - Die sch\u00f6nsten Orte f\u00fcr Camping in den Bergen\" width=\"660\" height=\"396\" srcset=\"https:\/\/www.schlanser.ch\/magazin\/wp-content\/uploads\/2022\/08\/Schweiz-Vierwaldst\u00e4ttersee.jpg 660w, https:\/\/www.schlanser.ch\/magazin\/wp-content\/uploads\/2022\/08\/Schweiz-Vierwaldst\u00e4ttersee-300x180.jpg 300w\" sizes=\"(max-width: 660px) 100vw, 660px\" \/><figcaption id=\"caption-attachment-10480\" class=\"wp-caption-text\">\u00a9 Boris Stroujko &#8211; stock.adobe.com<\/figcaption><\/figure>\n<h2><span data-contrast=\"auto\">Gesundheit durch den Aufenthalt in luftiger H\u00f6he<\/span><span data-ccp-props=\"{&quot;201341983&quot;:0,&quot;335559739&quot;:160,&quot;335559740&quot;:259}\">\u00a0<\/span><\/h2>\n<p style=\"text-align: justify;\"><span data-contrast=\"auto\">Durch die Bewegung in sauberer H\u00f6henluft wird Ihre Muskulatur gest\u00e4rkt, Kreislauf und Stoffwechselvorg\u00e4nge werden angeregt, die H\u00f6hensonne f\u00fcllt Ihre<\/span><span data-contrast=\"auto\">n<\/span><span data-contrast=\"auto\">\u00a0Vitamin D Speicher auf, die Schlafqualit\u00e4t und das allgemeine Wohlbefinden werden verbessert. Dies steigert Ihre Leistungsf\u00e4higkeit enorm. F\u00fcr die Ferien, die der Regeneration und Erholung dienen sollen, sind die Berge also schon aus gesundheitlicher Sicht perfekt geeignet. Das Camping in den Bergen verl\u00e4ngert dann das Aufhalten in der H\u00f6henluft im Gegensatz zum Campen am\u00a0<\/span><span data-contrast=\"auto\">Fuss<\/span><span data-contrast=\"auto\">\u00a0des Berges und steigert die positiven k\u00f6rperlichen Auswirkungen noch.<\/span><span data-ccp-props=\"{&quot;201341983&quot;:0,&quot;335559739&quot;:160,&quot;335559740&quot;:259}\">\u00a0<\/span><\/p>\n<p><img loading=\"lazy\" decoding=\"async\" class=\"aligncenter wp-image-10491 size-full\" title=\"Berger Merano 3 Familienzelt\" src=\"https:\/\/www.schlanser.ch\/magazin\/wp-content\/uploads\/2022\/08\/Berger-Merano-3-Familienzelt-1.jpg\" alt=\"Berger Merano 3 Familienzelt\" width=\"660\" height=\"413\" srcset=\"https:\/\/www.schlanser.ch\/magazin\/wp-content\/uploads\/2022\/08\/Berger-Merano-3-Familienzelt-1.jpg 660w, https:\/\/www.schlanser.ch\/magazin\/wp-content\/uploads\/2022\/08\/Berger-Merano-3-Familienzelt-1-300x188.jpg 300w\" sizes=\"(max-width: 660px) 100vw, 660px\" \/><\/p>\n<h2><span data-contrast=\"auto\">Das riesige Freizeitangebot<\/span><span data-ccp-props=\"{&quot;201341983&quot;:0,&quot;335559739&quot;:160,&quot;335559740&quot;:259}\">\u00a0<\/span><\/h2>\n<p style=\"text-align: justify;\"><span data-contrast=\"auto\">Camping in den Bergen bietet meist eine atemberaubende Aussicht<\/span><span data-contrast=\"auto\">, egal ob<\/span><span data-contrast=\"auto\">\u00a0am\u00a0<\/span><span data-contrast=\"auto\">Fusse<\/span><span data-contrast=\"auto\">\u00a0<\/span><span data-contrast=\"auto\">nach oben<\/span><span data-contrast=\"auto\">\u00a0oder \u00fcber eine<\/span><span data-contrast=\"auto\">n<\/span><span data-contrast=\"auto\">\u00a0See<\/span><span data-contrast=\"auto\">\u00a0hinweg<\/span><span data-contrast=\"auto\">. Mit einem ansprechenden Freizeit- und Ausflugsangebot steht den gelungenen Ferien<\/span><span data-contrast=\"auto\">\u00a0in den Alpen<\/span><span data-contrast=\"auto\">\u00a0nichts mehr im Weg. Die Berge bieten attraktive Freizeitm\u00f6glichkeiten. Vom Mountainbiken \u00fcber das Klettern an Naturfelsen, \u00fcbers Gleitschirmfliegen oder dabei\u00a0<\/span><span data-contrast=\"auto\">zuschauen<\/span><span data-contrast=\"auto\">. Wassersportangebote, wie zum Beispiel\u00a0<\/span><span data-contrast=\"auto\">Stand-Up-Paddeln<\/span><span data-contrast=\"auto\">, Angeln oder Bootfahren gibt es an\u00a0<\/span><span data-contrast=\"auto\">gr\u00f6sseren<\/span><span data-contrast=\"auto\">\u00a0Seen zuhauf. Das Wintersportangebot reicht von Langlaufski \u00fcber Ski und Snowboard fahren bis hin zum Rodeln oder Schlittschuhfahren. Die Angebote sind unglaublich vielf\u00e4ltig und lassen die Ferien am Meer erblassen. Auch einfache Wanderungen in der herrlichen Bergkulisse, der Anblick und das Erleben eiskalter, kristallklarer Bergseen lassen Sie die ersehnte Erholung finden.<\/span><span data-ccp-props=\"{&quot;201341983&quot;:0,&quot;335559739&quot;:160,&quot;335559740&quot;:259}\">\u00a0<\/span><\/p>\n<figure id=\"attachment_10485\" aria-describedby=\"caption-attachment-10485\" style=\"width: 660px\" class=\"wp-caption aligncenter\"><img loading=\"lazy\" decoding=\"async\" class=\"wp-image-10485 size-full\" title=\"Berge und Seen bieten ein extrem breites Spektrum an Freizeitaktivit\u00e4ten\" src=\"https:\/\/www.schlanser.ch\/magazin\/wp-content\/uploads\/2022\/08\/Paddeln-Montreux.jpg\" alt=\"Stand Up Paddeln - Die sch\u00f6nsten Orte f\u00fcr Camping in den Bergen\" width=\"660\" height=\"402\" srcset=\"https:\/\/www.schlanser.ch\/magazin\/wp-content\/uploads\/2022\/08\/Paddeln-Montreux.jpg 660w, https:\/\/www.schlanser.ch\/magazin\/wp-content\/uploads\/2022\/08\/Paddeln-Montreux-300x183.jpg 300w\" sizes=\"(max-width: 660px) 100vw, 660px\" \/><figcaption id=\"caption-attachment-10485\" class=\"wp-caption-text\">\u00a9 dudlajzov &#8211; stock.adobe.com<\/figcaption><\/figure>\n<h2><span data-contrast=\"auto\">Besondere Anforderungen an das Cam<\/span><span data-contrast=\"auto\">pen<\/span><span data-contrast=\"auto\">\u00a0in den Bergen mit Kindern<\/span><span data-ccp-props=\"{&quot;201341983&quot;:0,&quot;335559739&quot;:160,&quot;335559740&quot;:259}\">\u00a0<\/span><\/h2>\n<p style=\"text-align: justify;\"><span data-contrast=\"auto\">Beim Camping in den Bergen mit Kindern sollten Sie sich vorab folgende Fragen stellen, wenn die Kinder klein sind:<\/span><span data-ccp-props=\"{&quot;201341983&quot;:0,&quot;335559739&quot;:160,&quot;335559740&quot;:259}\">\u00a0<\/span><\/p>\n<ol>\n<li style=\"text-align: justify;\" data-leveltext=\"%1.\" data-font=\"\" data-listid=\"2\" aria-setsize=\"-1\" data-aria-posinset=\"1\" data-aria-level=\"1\"><span data-contrast=\"auto\">Gibt es kinderwagentaugliche Wanderwege oder besitze ich eine gute\u00a0<\/span><span data-contrast=\"auto\">Kraxe<\/span><span data-contrast=\"auto\">\u00a0zum Tragen des Kleinkindes?\u00a0<\/span><span data-ccp-props=\"{&quot;134233279&quot;:true,&quot;201341983&quot;:0,&quot;335559739&quot;:160,&quot;335559740&quot;:259}\">\u00a0<\/span><\/li>\n<li style=\"text-align: justify;\" data-leveltext=\"%1.\" data-font=\"\" data-listid=\"2\" aria-setsize=\"-1\" data-aria-posinset=\"1\" data-aria-level=\"1\"><span data-contrast=\"auto\">Ist der Campingplatz kinderfreundlich?\u00a0<\/span><span data-ccp-props=\"{&quot;134233279&quot;:true,&quot;201341983&quot;:0,&quot;335559739&quot;:160,&quot;335559740&quot;:259}\">\u00a0<\/span><\/li>\n<li style=\"text-align: justify;\" data-leveltext=\"%1.\" data-font=\"\" data-listid=\"2\" aria-setsize=\"-1\" data-aria-posinset=\"1\" data-aria-level=\"1\"><span data-contrast=\"auto\">Gibt es gute Einkaufsm\u00f6glichkeiten und kinderfreundliche Restaurants?<\/span><span data-ccp-props=\"{&quot;134233279&quot;:true,&quot;201341983&quot;:0,&quot;335559739&quot;:160,&quot;335559740&quot;:259}\">\u00a0<\/span><\/li>\n<li style=\"text-align: justify;\" data-leveltext=\"%1.\" data-font=\"\" data-listid=\"2\" aria-setsize=\"-1\" data-aria-posinset=\"1\" data-aria-level=\"1\"><span data-contrast=\"auto\">Kann ich den Weg zum Gipfel eines Berges mit der Seilbahn erreichen?<\/span><span data-ccp-props=\"{&quot;134233279&quot;:true,&quot;201341983&quot;:0,&quot;335559739&quot;:160,&quot;335559740&quot;:259}\">\u00a0<\/span><\/li>\n<li style=\"text-align: justify;\" data-leveltext=\"%1.\" data-font=\"\" data-listid=\"2\" aria-setsize=\"-1\" data-aria-posinset=\"1\" data-aria-level=\"1\"><span data-contrast=\"auto\">Gibt es Freizeitangebote, die auch bei Regenwetter\u00a0<\/span><span data-contrast=\"auto\">Spass<\/span><span data-contrast=\"auto\">\u00a0machen?<\/span><span data-ccp-props=\"{&quot;134233279&quot;:true,&quot;201341983&quot;:0,&quot;335559739&quot;:160,&quot;335559740&quot;:259}\">\u00a0<\/span><\/li>\n<\/ol>\n<p><img loading=\"lazy\" decoding=\"async\" class=\"aligncenter wp-image-10487 size-full\" title=\"Bestway Luftmatratzensessel Lounge\" src=\"https:\/\/www.schlanser.ch\/magazin\/wp-content\/uploads\/2022\/08\/IMG_509550_2_2005021949075eadb2934e8b3-1.jpg\" alt=\"Bestway Luftmatratzensessel Lounge\" width=\"660\" height=\"413\" srcset=\"https:\/\/www.schlanser.ch\/magazin\/wp-content\/uploads\/2022\/08\/IMG_509550_2_2005021949075eadb2934e8b3-1.jpg 660w, https:\/\/www.schlanser.ch\/magazin\/wp-content\/uploads\/2022\/08\/IMG_509550_2_2005021949075eadb2934e8b3-1-300x188.jpg 300w\" sizes=\"(max-width: 660px) 100vw, 660px\" \/><\/p>\n<p style=\"text-align: justify;\"><span data-contrast=\"auto\">Bei\u00a0<\/span><span data-contrast=\"auto\">gr\u00f6sseren<\/span><span data-contrast=\"auto\">\u00a0Kindern sind schon gemeinsame Wanderungen m\u00f6glich. Campingpl\u00e4tze sollte<\/span><span data-contrast=\"auto\">n<\/span><span data-contrast=\"auto\">\u00a0dann kinderfreundlich sein und Besch\u00e4ftigungsm\u00f6glichkeiten anbieten, um Langeweile vorzubeugen. F\u00fcr erholsame Ferien mit Kindern brauchen Sie eine freundliche, zugewandte Umgebung. Die beeindruckenden Erlebnisse\u00a0<\/span><span data-contrast=\"auto\">dort\u00a0<\/span><span data-contrast=\"auto\">werden auch Ihre Kinder bereichern.<\/span><span data-ccp-props=\"{&quot;201341983&quot;:0,&quot;335559739&quot;:160,&quot;335559740&quot;:259}\">\u00a0<\/span><\/p>\n<h2><span data-contrast=\"auto\">Eine kleine Auswahl attraktiver Campingpl\u00e4tze<\/span><span data-ccp-props=\"{&quot;201341983&quot;:0,&quot;335559739&quot;:160,&quot;335559740&quot;:259}\">\u00a0<\/span><\/h2>\n<p style=\"text-align: justify;\"><span data-contrast=\"auto\">Der Wagnerhof ist ein kleiner Campingplatz im Ort Bergen, der ganzj\u00e4hrig ge\u00f6ffnet ist. In Bayern in Deutschland gelegen\u00a0<\/span><span data-contrast=\"auto\">die Gemeinde<\/span><span data-contrast=\"auto\">\u00a0gut zu erreichen und bietet viele Sehensw\u00fcrdigkeiten in der N\u00e4he. Besuchen Sie vom Camping Wagnerhof aus das wundersch\u00f6ne Schloss\u00a0<\/span><span data-contrast=\"auto\">Hohenaschau<\/span><span data-contrast=\"auto\">, den K\u00f6nigssee und<\/span><span data-contrast=\"auto\">\u00a0die<\/span><span data-contrast=\"auto\">\u00a0Region Berchtesgaden mit den Bergen Jenner, Watzmann und Hoher\u00a0<\/span><span data-contrast=\"auto\">G\u00f6ll<\/span><span data-contrast=\"auto\">. Auch der Chiemsee ist von hier aus gut zu erreichen.<\/span><span data-ccp-props=\"{&quot;201341983&quot;:0,&quot;335559739&quot;:160,&quot;335559740&quot;:259}\">\u00a0<\/span><\/p>\n<figure id=\"attachment_10489\" aria-describedby=\"caption-attachment-10489\" style=\"width: 660px\" class=\"wp-caption aligncenter\"><img loading=\"lazy\" decoding=\"async\" class=\"wp-image-10489 size-full\" title=\"Schloss Hohenaschau im Chiemgau (Bayern) ist f\u00fcr Camper gut erreichbar\" src=\"https:\/\/www.schlanser.ch\/magazin\/wp-content\/uploads\/2022\/08\/Schloss-Hohenaschau.jpg\" alt=\"Schloss Hohenaschau im Chiemgau (Bayern) - Die sch\u00f6nsten Orte f\u00fcr Camping in den Bergen\" width=\"660\" height=\"442\" srcset=\"https:\/\/www.schlanser.ch\/magazin\/wp-content\/uploads\/2022\/08\/Schloss-Hohenaschau.jpg 660w, https:\/\/www.schlanser.ch\/magazin\/wp-content\/uploads\/2022\/08\/Schloss-Hohenaschau-300x201.jpg 300w, https:\/\/www.schlanser.ch\/magazin\/wp-content\/uploads\/2022\/08\/Schloss-Hohenaschau-110x75.jpg 110w\" sizes=\"(max-width: 660px) 100vw, 660px\" \/><figcaption id=\"caption-attachment-10489\" class=\"wp-caption-text\">\u00a9 starryvoyage &#8211; stock.adobe.com<\/figcaption><\/figure>\n<p style=\"text-align: justify;\"><span data-contrast=\"auto\">Ebenfalls in Bayern liegt der Kaiser Camping, ein 4<\/span><span data-contrast=\"auto\">&#8211;<\/span><span data-contrast=\"auto\">Sterne<\/span><span data-contrast=\"auto\">&#8211;<\/span><span data-contrast=\"auto\">Platz mit Spielplatz, Ponyhof, Kinderanimation, Pool, Hundedusche und kostenlosem WLAN.\u00a0<\/span><span data-contrast=\"auto\">Der Platz am Fu\u00dfe des Wendelsteins<\/span><span data-contrast=\"auto\">\u00a0wird hier zum Kinderspiel, da die Kleinen immer eine Besch\u00e4ftigung finden und auch die\u00a0<\/span><span data-contrast=\"auto\">Grossen<\/span><span data-contrast=\"auto\">\u00a0ein ansprechendes Angebot f\u00fcr gesteigertes Wohlbefinden\u00a0<\/span><span data-contrast=\"auto\">erfahren d\u00fcrfen<\/span><span data-contrast=\"auto\">.<\/span><span data-ccp-props=\"{&quot;201341983&quot;:0,&quot;335559739&quot;:160,&quot;335559740&quot;:259}\">\u00a0<\/span><\/p>\n<p style=\"text-align: justify;\"><span data-contrast=\"auto\">Besonders f\u00fcr Familien mit\u00a0<\/span><span data-contrast=\"auto\">grossen<\/span><span data-contrast=\"auto\">\u00a0Kindern geeignet ist\u00a0<\/span><span data-contrast=\"auto\">ein anderes<\/span><span data-contrast=\"auto\"> Kaiser Camping in der Ferienregion Kaiserwinkl in Tirol in \u00d6sterreich. Im\u00a0<\/span><span data-contrast=\"auto\">Eurocamp<\/span><span data-contrast=\"auto\">\u00a0Wilder Kaiser\u00a0<\/span><span data-contrast=\"auto\">K\u00f6ssen<\/span><span data-contrast=\"auto\">\u00a0k\u00f6nnen Sie etliche Sportangebote nutzen<\/span><span data-contrast=\"auto\">.<\/span><span data-contrast=\"auto\">\u00a0Mountainbiken, Ski<\/span><span data-contrast=\"auto\">&#8211;<\/span><span data-contrast=\"auto\">\u00a0und Snowboard<\/span><span data-contrast=\"auto\">fahren\u00a0<\/span><span data-contrast=\"auto\">k\u00f6nnen G\u00e4ste<\/span><span data-contrast=\"auto\">\u00a0je nach Wetterlage<\/span><span data-contrast=\"auto\">\u00a0und Jahreszeit<\/span><span data-contrast=\"auto\">. V<\/span><span data-contrast=\"auto\">ielf\u00e4ltige Freizeitangebot<\/span><span data-contrast=\"auto\">e, zu denen<\/span><span data-contrast=\"auto\">\u00a0die Sommerrodelbahn oder de<\/span><span data-contrast=\"auto\">r<\/span><span data-contrast=\"auto\">\u00a0Ort Kufstein mit seiner mittelalterlichen Festung<\/span><span data-contrast=\"auto\">\u00a0geh\u00f6ren<\/span><span data-contrast=\"auto\">, bieten sich dar\u00fcber hinaus an<\/span><span data-contrast=\"auto\">. Das Kaiseralm\u00a0<\/span><span data-contrast=\"auto\">Pizzastadl<\/span><span data-contrast=\"auto\">\u00a0verspricht kaiserliche K\u00fcche zu b\u00fcrgerlichen Preisen und schmeichelt mit seinem rustikalen Einrichtungsstil mit massivem Naturholz und gem\u00fctlicher Atmosph\u00e4re.\u00a0<\/span><span data-ccp-props=\"{&quot;201341983&quot;:0,&quot;335559739&quot;:160,&quot;335559740&quot;:259}\">\u00a0<\/span><\/p>\n<figure id=\"attachment_10495\" aria-describedby=\"caption-attachment-10495\" style=\"width: 660px\" class=\"wp-caption aligncenter\"><img loading=\"lazy\" decoding=\"async\" class=\"wp-image-10495 size-full\" title=\"Das Gebirgstal Kaiserwinkl in Tirol erf\u00fcllt je nach Saison Berg-, Wasser- oder Schneefreunden (fast) jeden Wunsch \" src=\"https:\/\/www.schlanser.ch\/magazin\/wp-content\/uploads\/2022\/08\/Walchsee-Kaiserwinkl.jpg\" alt=\"Das Gebirgstal Kaiserwinkl in Tirol - Die sch\u00f6nsten Orte f\u00fcr Camping in den Bergen\" width=\"660\" height=\"440\" srcset=\"https:\/\/www.schlanser.ch\/magazin\/wp-content\/uploads\/2022\/08\/Walchsee-Kaiserwinkl.jpg 660w, https:\/\/www.schlanser.ch\/magazin\/wp-content\/uploads\/2022\/08\/Walchsee-Kaiserwinkl-300x200.jpg 300w\" sizes=\"(max-width: 660px) 100vw, 660px\" \/><figcaption id=\"caption-attachment-10495\" class=\"wp-caption-text\">\u00a9 Gerold H. Waldhart &#8211; stock.adobe.com<\/figcaption><\/figure>\n<h2><span data-contrast=\"auto\">Unvorhersehbare Naturgewalt und wilde Sch\u00f6nheit<\/span><span data-ccp-props=\"{&quot;201341983&quot;:0,&quot;335559739&quot;:160,&quot;335559740&quot;:259}\">\u00a0<\/span><\/h2>\n<p style=\"text-align: justify;\"><span data-contrast=\"auto\">Beim Camping in den Bergen werden Sie die Kraft der wilden Natur zu sp\u00fcren bekommen. Wer einmal die Wucht eines Gewitters in den Bergen erlebt hat, wird diese Erfahrung nicht mehr so schnell vergessen. Gerade die schnellen Wetterwechsel machen den Aufenthalt in der H\u00f6he so reizvoll. Ein Regenschauer kommt so \u00fcberraschend und intensiv, wie er dann auch wieder verschwindet. Achten Sie in jedem Fall auf wettertaugliche Kleidung in Ihrem Gep\u00e4ck<\/span><span data-contrast=\"auto\">\u00a0und\u00a0<\/span><a href=\"https:\/\/www.schlanser.ch\/\"><span data-contrast=\"none\">gutes Camping-Equipment<\/span><\/a><span data-contrast=\"auto\">.\u00a0<\/span><span data-ccp-props=\"{&quot;201341983&quot;:0,&quot;335559739&quot;:160,&quot;335559740&quot;:259}\">\u00a0<\/span><\/p>\n<p><img loading=\"lazy\" decoding=\"async\" class=\"aligncenter wp-image-10497 size-large\" title=\"Berger Milano 6 Faltzelt\" src=\"https:\/\/www.schlanser.ch\/magazin\/wp-content\/uploads\/2022\/08\/IMG_305270_1_2005020524325eace7f100715-1024x640.jpg\" alt=\"Berger Milano 6 Faltzelt\" width=\"618\" height=\"386\" srcset=\"https:\/\/www.schlanser.ch\/magazin\/wp-content\/uploads\/2022\/08\/IMG_305270_1_2005020524325eace7f100715-1024x640.jpg 1024w, https:\/\/www.schlanser.ch\/magazin\/wp-content\/uploads\/2022\/08\/IMG_305270_1_2005020524325eace7f100715-300x188.jpg 300w, https:\/\/www.schlanser.ch\/magazin\/wp-content\/uploads\/2022\/08\/IMG_305270_1_2005020524325eace7f100715-768x480.jpg 768w, https:\/\/www.schlanser.ch\/magazin\/wp-content\/uploads\/2022\/08\/IMG_305270_1_2005020524325eace7f100715.jpg 1280w\" sizes=\"(max-width: 618px) 100vw, 618px\" \/><\/p>\n<p style=\"text-align: justify;\"><span data-contrast=\"auto\">Eine Liste der sch\u00f6nsten Orte in den Bergen w\u00e4re sicher endlos. Berglandschaften haben Ihren eigenen individuellen Charakter und Reiz. Lassen Sie sich treiben und probieren Sie neue Orte aus.\u00a0<\/span><span data-contrast=\"auto\">Meist k\u00f6nnen an einem Ort die unterschiedlichsten Bed\u00fcrfnisse befriedigt werden. Seien Sie offen f\u00fcr die vielf\u00e4ltige und wilde Sch\u00f6nheit der\u00a0<\/span><span data-contrast=\"auto\">Alpen<\/span><span data-contrast=\"auto\">.<\/span><span data-contrast=\"auto\">\u00a0Nat\u00fcrlich gibt es daf\u00fcr auch in der Schweiz zahllose wundersch\u00f6ne Pl\u00e4tze!<\/span><span data-ccp-props=\"{&quot;201341983&quot;:0,&quot;335559739&quot;:160,&quot;335559740&quot;:259}\">\u00a0<\/span><\/p>\n","protected":false},"excerpt":{"rendered":"<p>Ferien in luftigen H\u00f6hen sind eine Wohltat f\u00fcr K\u00f6rper, Geist und Seele. Camping in den Bergen f\u00fchrt zu Entspannung und Wohlbefinden. Lesen Sie hier, welche positiven Auswirkungen der Aufenthalt in den Bergen auf Ihren K\u00f6rper hat, welche Freizeitangebote\u00a0Spass\u00a0und Abwechslung bringen und wo die sch\u00f6nsten Orte f\u00fcrs\u00a0Campen\u00a0in luftigen H\u00f6hen\u00a0liegen.\u00a0 Das besondere Flair in \u00fcber 1000 Metern &hellip;<\/p>\n","protected":false},"author":1,"featured_media":10477,"comment_status":"closed","ping_status":"open","sticky":false,"template":"","format":"standard","meta":{"footnotes":""},"categories":[2],"tags":[508,1454,1457,1453,1451,989,1456,895,1455,1452,988],"yoast_head":"<!-- This site is optimized with the Yoast SEO plugin v22.2 - https:\/\/yoast.com\/wordpress\/plugins\/seo\/ -->\n<title>Die sch\u00f6nsten Orte f\u00fcr Camping in den Bergen - Schlanser Magazin<\/title>\n<meta name=\"description\" content=\"Das Schlanser Campingmagazin zeigt Ihnen die sch\u00f6nsten Campingpl\u00e4tze in den Bergen \u2714 \u2013 Beliebte Orte f\u00fcr Camping in den Alpen entdecken!\" \/>\n<meta name=\"robots\" content=\"index, follow, max-snippet:-1, max-image-preview:large, max-video-preview:-1\" \/>\n<link rel=\"canonical\" href=\"https:\/\/www.schlanser.ch\/magazin\/die-schoensten-orte-fuer-camping-in-den-bergen\/\" \/>\n<meta property=\"og:locale\" content=\"de_DE\" \/>\n<meta property=\"og:type\" content=\"article\" \/>\n<meta property=\"og:title\" content=\"Die sch\u00f6nsten Orte f\u00fcr Camping in den Bergen - Schlanser Magazin\" \/>\n<meta property=\"og:description\" content=\"Das Schlanser Campingmagazin zeigt Ihnen die sch\u00f6nsten Campingpl\u00e4tze in den Bergen \u2714 \u2013 Beliebte Orte f\u00fcr Camping in den Alpen entdecken!\" \/>\n<meta property=\"og:url\" content=\"https:\/\/www.schlanser.ch\/magazin\/die-schoensten-orte-fuer-camping-in-den-bergen\/\" \/>\n<meta property=\"og:site_name\" content=\"Schlanser Magazin\" \/>\n<meta property=\"article:published_time\" content=\"2020-08-27T18:34:40+00:00\" \/>\n<meta property=\"article:modified_time\" content=\"2024-01-10T14:45:20+00:00\" \/>\n<meta property=\"og:image\" content=\"https:\/\/www.schlanser.ch\/magazin\/wp-content\/uploads\/2022\/08\/Camping-Berge.jpg\" \/>\n\t<meta property=\"og:image:width\" content=\"660\" \/>\n\t<meta property=\"og:image:height\" content=\"378\" \/>\n\t<meta property=\"og:image:type\" content=\"image\/jpeg\" \/>\n<meta name=\"author\" content=\"admin\" \/>\n<meta name=\"twitter:card\" content=\"summary_large_image\" \/>\n<meta name=\"twitter:label1\" content=\"Verfasst von\" \/>\n\t<meta name=\"twitter:data1\" content=\"admin\" \/>\n\t<meta name=\"twitter:label2\" content=\"Gesch\u00e4tzte Lesezeit\" \/>\n\t<meta name=\"twitter:data2\" content=\"5 Minuten\" \/>\n<script type=\"application\/ld+json\" class=\"yoast-schema-graph\">{\"@context\":\"https:\/\/schema.org\",\"@graph\":[{\"@type\":\"WebPage\",\"@id\":\"https:\/\/www.schlanser.ch\/magazin\/die-schoensten-orte-fuer-camping-in-den-bergen\/\",\"url\":\"https:\/\/www.schlanser.ch\/magazin\/die-schoensten-orte-fuer-camping-in-den-bergen\/\",\"name\":\"Die sch\u00f6nsten Orte f\u00fcr Camping in den Bergen - Schlanser Magazin\",\"isPartOf\":{\"@id\":\"https:\/\/www.schlanser.ch\/magazin\/#website\"},\"primaryImageOfPage\":{\"@id\":\"https:\/\/www.schlanser.ch\/magazin\/die-schoensten-orte-fuer-camping-in-den-bergen\/#primaryimage\"},\"image\":{\"@id\":\"https:\/\/www.schlanser.ch\/magazin\/die-schoensten-orte-fuer-camping-in-den-bergen\/#primaryimage\"},\"thumbnailUrl\":\"https:\/\/www.schlanser.ch\/magazin\/wp-content\/uploads\/2022\/08\/Camping-Berge.jpg\",\"datePublished\":\"2020-08-27T18:34:40+00:00\",\"dateModified\":\"2024-01-10T14:45:20+00:00\",\"author\":{\"@id\":\"https:\/\/www.schlanser.ch\/magazin\/#\/schema\/person\/000db0a103eb2594ba3daf394b1dfea2\"},\"description\":\"Das Schlanser Campingmagazin zeigt Ihnen die sch\u00f6nsten Campingpl\u00e4tze in den Bergen \u2714 \u2013 Beliebte Orte f\u00fcr Camping in den Alpen entdecken!\",\"breadcrumb\":{\"@id\":\"https:\/\/www.schlanser.ch\/magazin\/die-schoensten-orte-fuer-camping-in-den-bergen\/#breadcrumb\"},\"inLanguage\":\"de-DE\",\"potentialAction\":[{\"@type\":\"ReadAction\",\"target\":[\"https:\/\/www.schlanser.ch\/magazin\/die-schoensten-orte-fuer-camping-in-den-bergen\/\"]}]},{\"@type\":\"ImageObject\",\"inLanguage\":\"de-DE\",\"@id\":\"https:\/\/www.schlanser.ch\/magazin\/die-schoensten-orte-fuer-camping-in-den-bergen\/#primaryimage\",\"url\":\"https:\/\/www.schlanser.ch\/magazin\/wp-content\/uploads\/2022\/08\/Camping-Berge.jpg\",\"contentUrl\":\"https:\/\/www.schlanser.ch\/magazin\/wp-content\/uploads\/2022\/08\/Camping-Berge.jpg\",\"width\":660,\"height\":378,\"caption\":\"\u00a9 andreusK - stock.adobe.com\"},{\"@type\":\"BreadcrumbList\",\"@id\":\"https:\/\/www.schlanser.ch\/magazin\/die-schoensten-orte-fuer-camping-in-den-bergen\/#breadcrumb\",\"itemListElement\":[{\"@type\":\"ListItem\",\"position\":1,\"name\":\"Startseite\",\"item\":\"https:\/\/www.schlanser.ch\/magazin\/\"},{\"@type\":\"ListItem\",\"position\":2,\"name\":\"Die sch\u00f6nsten Orte f\u00fcr Camping in den Bergen\"}]},{\"@type\":\"WebSite\",\"@id\":\"https:\/\/www.schlanser.ch\/magazin\/#website\",\"url\":\"https:\/\/www.schlanser.ch\/magazin\/\",\"name\":\"Schlanser Magazin\",\"description\":\"\",\"potentialAction\":[{\"@type\":\"SearchAction\",\"target\":{\"@type\":\"EntryPoint\",\"urlTemplate\":\"https:\/\/www.schlanser.ch\/magazin\/?s={search_term_string}\"},\"query-input\":\"required name=search_term_string\"}],\"inLanguage\":\"de-DE\"},{\"@type\":\"Person\",\"@id\":\"https:\/\/www.schlanser.ch\/magazin\/#\/schema\/person\/000db0a103eb2594ba3daf394b1dfea2\",\"name\":\"admin\",\"image\":{\"@type\":\"ImageObject\",\"inLanguage\":\"de-DE\",\"@id\":\"https:\/\/www.schlanser.ch\/magazin\/#\/schema\/person\/image\/\",\"url\":\"https:\/\/secure.gravatar.com\/avatar\/a794a4fe8a9b9c52241597eb381dfa2e?s=96&d=mm&r=g\",\"contentUrl\":\"https:\/\/secure.gravatar.com\/avatar\/a794a4fe8a9b9c52241597eb381dfa2e?s=96&d=mm&r=g\",\"caption\":\"admin\"}}]}<\/script>\n<!-- \/ Yoast SEO plugin. -->","yoast_head_json":{"title":"Die sch\u00f6nsten Orte f\u00fcr Camping in den Bergen - Schlanser Magazin","description":"Das Schlanser Campingmagazin zeigt Ihnen die sch\u00f6nsten Campingpl\u00e4tze in den Bergen \u2714 \u2013 Beliebte Orte f\u00fcr Camping in den Alpen entdecken!","robots":{"index":"index","follow":"follow","max-snippet":"max-snippet:-1","max-image-preview":"max-image-preview:large","max-video-preview":"max-video-preview:-1"},"canonical":"https:\/\/www.schlanser.ch\/magazin\/die-schoensten-orte-fuer-camping-in-den-bergen\/","og_locale":"de_DE","og_type":"article","og_title":"Die sch\u00f6nsten Orte f\u00fcr Camping in den Bergen - Schlanser Magazin","og_description":"Das Schlanser Campingmagazin zeigt Ihnen die sch\u00f6nsten Campingpl\u00e4tze in den Bergen \u2714 \u2013 Beliebte Orte f\u00fcr Camping in den Alpen entdecken!","og_url":"https:\/\/www.schlanser.ch\/magazin\/die-schoensten-orte-fuer-camping-in-den-bergen\/","og_site_name":"Schlanser Magazin","article_published_time":"2020-08-27T18:34:40+00:00","article_modified_time":"2024-01-10T14:45:20+00:00","og_image":[{"width":660,"height":378,"url":"https:\/\/www.schlanser.ch\/magazin\/wp-content\/uploads\/2022\/08\/Camping-Berge.jpg","type":"image\/jpeg"}],"author":"admin","twitter_card":"summary_large_image","twitter_misc":{"Verfasst von":"admin","Gesch\u00e4tzte Lesezeit":"5 Minuten"},"schema":{"@context":"https:\/\/schema.org","@graph":[{"@type":"WebPage","@id":"https:\/\/www.schlanser.ch\/magazin\/die-schoensten-orte-fuer-camping-in-den-bergen\/","url":"https:\/\/www.schlanser.ch\/magazin\/die-schoensten-orte-fuer-camping-in-den-bergen\/","name":"Die sch\u00f6nsten Orte f\u00fcr Camping in den Bergen - Schlanser Magazin","isPartOf":{"@id":"https:\/\/www.schlanser.ch\/magazin\/#website"},"primaryImageOfPage":{"@id":"https:\/\/www.schlanser.ch\/magazin\/die-schoensten-orte-fuer-camping-in-den-bergen\/#primaryimage"},"image":{"@id":"https:\/\/www.schlanser.ch\/magazin\/die-schoensten-orte-fuer-camping-in-den-bergen\/#primaryimage"},"thumbnailUrl":"https:\/\/www.schlanser.ch\/magazin\/wp-content\/uploads\/2022\/08\/Camping-Berge.jpg","datePublished":"2020-08-27T18:34:40+00:00","dateModified":"2024-01-10T14:45:20+00:00","author":{"@id":"https:\/\/www.schlanser.ch\/magazin\/#\/schema\/person\/000db0a103eb2594ba3daf394b1dfea2"},"description":"Das Schlanser Campingmagazin zeigt Ihnen die sch\u00f6nsten Campingpl\u00e4tze in den Bergen \u2714 \u2013 Beliebte Orte f\u00fcr Camping in den Alpen entdecken!","breadcrumb":{"@id":"https:\/\/www.schlanser.ch\/magazin\/die-schoensten-orte-fuer-camping-in-den-bergen\/#breadcrumb"},"inLanguage":"de-DE","potentialAction":[{"@type":"ReadAction","target":["https:\/\/www.schlanser.ch\/magazin\/die-schoensten-orte-fuer-camping-in-den-bergen\/"]}]},{"@type":"ImageObject","inLanguage":"de-DE","@id":"https:\/\/www.schlanser.ch\/magazin\/die-schoensten-orte-fuer-camping-in-den-bergen\/#primaryimage","url":"https:\/\/www.schlanser.ch\/magazin\/wp-content\/uploads\/2022\/08\/Camping-Berge.jpg","contentUrl":"https:\/\/www.schlanser.ch\/magazin\/wp-content\/uploads\/2022\/08\/Camping-Berge.jpg","width":660,"height":378,"caption":"\u00a9 andreusK - stock.adobe.com"},{"@type":"BreadcrumbList","@id":"https:\/\/www.schlanser.ch\/magazin\/die-schoensten-orte-fuer-camping-in-den-bergen\/#breadcrumb","itemListElement":[{"@type":"ListItem","position":1,"name":"Startseite","item":"https:\/\/www.schlanser.ch\/magazin\/"},{"@type":"ListItem","position":2,"name":"Die sch\u00f6nsten Orte f\u00fcr Camping in den Bergen"}]},{"@type":"WebSite","@id":"https:\/\/www.schlanser.ch\/magazin\/#website","url":"https:\/\/www.schlanser.ch\/magazin\/","name":"Schlanser Magazin","description":"","potentialAction":[{"@type":"SearchAction","target":{"@type":"EntryPoint","urlTemplate":"https:\/\/www.schlanser.ch\/magazin\/?s={search_term_string}"},"query-input":"required name=search_term_string"}],"inLanguage":"de-DE"},{"@type":"Person","@id":"https:\/\/www.schlanser.ch\/magazin\/#\/schema\/person\/000db0a103eb2594ba3daf394b1dfea2","name":"admin","image":{"@type":"ImageObject","inLanguage":"de-DE","@id":"https:\/\/www.schlanser.ch\/magazin\/#\/schema\/person\/image\/","url":"https:\/\/secure.gravatar.com\/avatar\/a794a4fe8a9b9c52241597eb381dfa2e?s=96&d=mm&r=g","contentUrl":"https:\/\/secure.gravatar.com\/avatar\/a794a4fe8a9b9c52241597eb381dfa2e?s=96&d=mm&r=g","caption":"admin"}}]}},"_links":{"self":[{"href":"https:\/\/www.schlanser.ch\/magazin\/wp-json\/wp\/v2\/posts\/10475"}],"collection":[{"href":"https:\/\/www.schlanser.ch\/magazin\/wp-json\/wp\/v2\/posts"}],"about":[{"href":"https:\/\/www.schlanser.ch\/magazin\/wp-json\/wp\/v2\/types\/post"}],"author":[{"embeddable":true,"href":"https:\/\/www.schlanser.ch\/magazin\/wp-json\/wp\/v2\/users\/1"}],"replies":[{"embeddable":true,"href":"https:\/\/www.schlanser.ch\/magazin\/wp-json\/wp\/v2\/comments?post=10475"}],"version-history":[{"count":35,"href":"https:\/\/www.schlanser.ch\/magazin\/wp-json\/wp\/v2\/posts\/10475\/revisions"}],"predecessor-version":[{"id":17280,"href":"https:\/\/www.schlanser.ch\/magazin\/wp-json\/wp\/v2\/posts\/10475\/revisions\/17280"}],"wp:featuredmedia":[{"embeddable":true,"href":"https:\/\/www.schlanser.ch\/magazin\/wp-json\/wp\/v2\/media\/10477"}],"wp:attachment":[{"href":"https:\/\/www.schlanser.ch\/magazin\/wp-json\/wp\/v2\/media?parent=10475"}],"wp:term":[{"taxonomy":"category","embeddable":true,"href":"https:\/\/www.schlanser.ch\/magazin\/wp-json\/wp\/v2\/categories?post=10475"},{"taxonomy":"post_tag","embeddable":true,"href":"https:\/\/www.schlanser.ch\/magazin\/wp-json\/wp\/v2\/tags?post=10475"}],"curies":[{"name":"wp","href":"https:\/\/api.w.org\/{rel}","templated":true}]}}