{"id":10517,"date":"2020-09-02T17:14:46","date_gmt":"2020-09-02T15:14:46","guid":{"rendered":"https:\/\/www.schlanser.ch\/magazin\/?p=10517"},"modified":"2024-01-10T15:45:22","modified_gmt":"2024-01-10T14:45:22","slug":"keder","status":"publish","type":"post","link":"https:\/\/www.schlanser.ch\/magazin\/keder\/","title":{"rendered":"Keder"},"content":{"rendered":"<h2>\u00ab Eine Erfindung, die Campern das Leben erleichterte \u00bb<\/h2>\n<p style=\"text-align: justify;\"><strong>Ein wahrer Probleml\u00f6ser beim Camping ist die <\/strong><a href=\"https:\/\/www.schlanser.ch\/fahrzeug\/wohnwagen-wohnmobil-zubehoer\/schutzhuellen-planen\/\"><strong>Kederverbindung von Planen und Textilien<\/strong><\/a><strong> mit der <\/strong><strong>Kederschiene<\/strong><strong> des Wohnwagens oder Wohnmobils. Durch die Ausst\u00fclpung direkt am Textil, ben\u00f6tigen Sie keine zus\u00e4tzlichen Befestigungsformen mehr und haben eine direkte und wasserdichte Verbindung von Plane und Fahrzeug. Was es mit dem Keder auf sich hat und welche Nutzungsm\u00f6glichkeiten es gibt, lesen Sie hier.<\/strong><\/p>\n<h2>Camperromantik<\/h2>\n<p style=\"text-align: justify;\">Gitarre spielen am Lagerfeuer, einfaches Essen aus erw\u00e4rmten Konserven und N\u00e4chte auf Isomatten &#8211; mit Vorstellungen von dieser Camperromantik wurden die letzten Jahrzehnte gepr\u00e4gt. Was heute noch auf via Interrail reisende Jugendliche zutrifft, gilt keineswegs mehr f\u00fcr den Grossteil der Camper. Camping bedeutet naturnahe Ferien mit dem h\u00f6chstm\u00f6glichen Mass an Komfort, damit Ferien auch wirklich der Erholung dienen k\u00f6nnen. Zum Komfort geh\u00f6rt auch, dass Sie sich neuer Erfindungen bedienen k\u00f6nnen, die das Leben als Camper wirklich erleichtern und besser machen. Eine solche Erfindung ist die Kederverbindung.<\/p>\n<p><a href=\"https:\/\/www.schlanser.ch\/zelte\/vorzelte\/markisen-sonnensegel\/18620\/sigma-sonnenvordach\"><img loading=\"lazy\" decoding=\"async\" class=\"aligncenter wp-image-10526 size-large\" title=\"Sigma Sonnenvordach\" src=\"https:\/\/www.schlanser.ch\/magazin\/wp-content\/uploads\/2022\/08\/Sigma-Sonnenvordach-1024x1024.jpg\" alt=\"Sigma Sonnenvordach\" width=\"618\" height=\"618\" srcset=\"https:\/\/www.schlanser.ch\/magazin\/wp-content\/uploads\/2022\/08\/Sigma-Sonnenvordach-1024x1024.jpg 1024w, https:\/\/www.schlanser.ch\/magazin\/wp-content\/uploads\/2022\/08\/Sigma-Sonnenvordach-300x300.jpg 300w, https:\/\/www.schlanser.ch\/magazin\/wp-content\/uploads\/2022\/08\/Sigma-Sonnenvordach-150x150.jpg 150w, https:\/\/www.schlanser.ch\/magazin\/wp-content\/uploads\/2022\/08\/Sigma-Sonnenvordach-768x768.jpg 768w, https:\/\/www.schlanser.ch\/magazin\/wp-content\/uploads\/2022\/08\/Sigma-Sonnenvordach.jpg 1280w\" sizes=\"(max-width: 618px) 100vw, 618px\" \/><\/a><\/p>\n<h2>Viele M\u00f6glichkeiten, ein Wohnwagenschutzdach zu installieren<\/h2>\n<p style=\"text-align: justify;\">Ein Problemfeld beim Camping ist die Befestigung des Vorzeltes oder des \u00fcberdachten Bereichs vor dem Fahrzeug. Die folgenden M\u00f6glichkeiten haben Sie daf\u00fcr:<\/p>\n<ol>\n<li><a href=\"https:\/\/www.schlanser.ch\/zelte\/zeltzubehoer\/zeltheringe-abspannmaterial\/\">Abspannseile<\/a> \u00fcber das Fahrzeugdach spannen<\/li>\n<li>Klettverschluss an Dachreling<\/li>\n<li>Befestigung mit Magnetband am Fahrzeugdach<\/li>\n<li>Schleusen mit Schleusenstab in Regenrinne h\u00e4ngen<\/li>\n<li>Saugn\u00e4pfe<\/li>\n<li>Befestigung mit <a href=\"https:\/\/www.schlanser.ch\/zelte\/vorzelte\/reisemobil-busvorzelte\/23858\/kederadapterset-7-5-mm?number=302730\">Kederadapter<\/a><br \/>\n<a href=\"https:\/\/www.schlanser.ch\/zelte\/vorzelte\/reisemobil-busvorzelte\/23858\/kederadapterset-7-5-mm\"><img loading=\"lazy\" decoding=\"async\" class=\"aligncenter wp-image-10524 size-large\" title=\"Kederadapterset 7-5 mm\" src=\"https:\/\/www.schlanser.ch\/magazin\/wp-content\/uploads\/2022\/08\/IMG_302730_1_2005020454255eace0e1d113f-1024x645.jpg\" alt=\"Adapterset f\u00fcr Keder 7-5 mm\" width=\"618\" height=\"389\" srcset=\"https:\/\/www.schlanser.ch\/magazin\/wp-content\/uploads\/2022\/08\/IMG_302730_1_2005020454255eace0e1d113f-1024x645.jpg 1024w, https:\/\/www.schlanser.ch\/magazin\/wp-content\/uploads\/2022\/08\/IMG_302730_1_2005020454255eace0e1d113f-300x189.jpg 300w, https:\/\/www.schlanser.ch\/magazin\/wp-content\/uploads\/2022\/08\/IMG_302730_1_2005020454255eace0e1d113f-768x484.jpg 768w, https:\/\/www.schlanser.ch\/magazin\/wp-content\/uploads\/2022\/08\/IMG_302730_1_2005020454255eace0e1d113f.jpg 1280w\" sizes=\"(max-width: 618px) 100vw, 618px\" \/><\/a><\/li>\n<li>Befestigung an Kederf\u00fchrung der Markise<\/li>\n<li>Keder an Vorzeltschiene<\/li>\n<\/ol>\n<p style=\"text-align: justify;\">Das Problem ist bei vielen dieser M\u00f6glichkeiten, dass eine L\u00fccke zwischen Fahrzeug und Textil entsteht, durch die Regen eindringen kann. Die versuchte Vergr\u00f6sserung des Wohnraums bleibt dabei immer provisorisch. Mit den Varianten, bei denen der Keder zum Einsatz kommt, erhalten Sie eine l\u00fcckenlose Verbindung zwischen Fahrzeug und Textil.<\/p>\n<p><img loading=\"lazy\" decoding=\"async\" class=\"aligncenter wp-image-10544 size-full\" title=\"Ideal II 380x240 Sonnenvordach\" src=\"https:\/\/www.schlanser.ch\/magazin\/wp-content\/uploads\/2022\/08\/IMG_263410_1_2005010455375eab8fa9d5e24-1.jpg\" alt=\"Ideal II 380x240 Sonnenvordach\" width=\"660\" height=\"413\" srcset=\"https:\/\/www.schlanser.ch\/magazin\/wp-content\/uploads\/2022\/08\/IMG_263410_1_2005010455375eab8fa9d5e24-1.jpg 660w, https:\/\/www.schlanser.ch\/magazin\/wp-content\/uploads\/2022\/08\/IMG_263410_1_2005010455375eab8fa9d5e24-1-300x188.jpg 300w\" sizes=\"(max-width: 660px) 100vw, 660px\" \/><\/p>\n<h2>Was ist ein Keder und welche Einsatzbereiche gibt es?<\/h2>\n<p style=\"text-align: justify;\">Der Keder an Textilien ist eine Randverst\u00e4rkung eines Tuches oder einer Plane. Diese Randverst\u00e4rkung bildet eine Wulst und kann in eine passende Profilschiene eingef\u00fchrt werden. Diese befindet sich an jedem Wohnwagen, wo sie das Vorzelt am Fahrzeug h\u00e4lt. Durch die enge Verbindung zwischen Fahrzeug und Plane sch\u00fctzt sie optimal gegen Regen. An ausgebauten Kastenwagen kann eine Profilschiene f\u00fcr eine Kederwulst nachger\u00fcstet werden und auch an jedem anderen Fahrzeug k\u00f6nnen Sie diese anbringen und dann die vielf\u00e4ltigen M\u00f6glichkeiten der Kederverbindung nutzen.<\/p>\n<p><img loading=\"lazy\" decoding=\"async\" class=\"aligncenter wp-image-10531 size-full\" title=\"Markisen-\/Wagensch\u00fcrzen-Leiste\" src=\"https:\/\/www.schlanser.ch\/magazin\/wp-content\/uploads\/2022\/08\/Markisen-Wagensch\u00fcrzen-Leiste-1.jpg\" alt=\"Markisen-\/Wagensch\u00fcrzen-Leiste\" width=\"400\" height=\"514\" srcset=\"https:\/\/www.schlanser.ch\/magazin\/wp-content\/uploads\/2022\/08\/Markisen-Wagensch\u00fcrzen-Leiste-1.jpg 400w, https:\/\/www.schlanser.ch\/magazin\/wp-content\/uploads\/2022\/08\/Markisen-Wagensch\u00fcrzen-Leiste-1-233x300.jpg 233w\" sizes=\"(max-width: 400px) 100vw, 400px\" \/><\/p>\n<h2>Einsatzbereiche f\u00fcr Kederverbindungen<\/h2>\n<p style=\"text-align: justify;\">Ein <a href=\"https:\/\/www.schlanser.ch\/nellen\/\">Wohnwagenschutzdach<\/a> errichten Sie klassischerweise mithilfe der Vorzeltschiene. In diese Schiene eingef\u00fchrt, ist die Verbindung stabil und dicht. Weiterhin k\u00f6nnen Sie Haken in die Kederschiene einh\u00e4ngen, um H\u00e4ngetaschen, Lampions oder Kleidung aufzuh\u00e4ngen. Dies ist sehr praktisch, weil Sie damit unabh\u00e4ngig von der umliegenden Baumbepflanzung werden.<\/p>\n<p><img loading=\"lazy\" decoding=\"async\" class=\"aligncenter wp-image-10535 size-full\" title=\"Nellen Zelte Wohnwagen Schutzdach Typ 1 380 - 450 cm\" src=\"https:\/\/www.schlanser.ch\/magazin\/wp-content\/uploads\/2022\/08\/IMG_209980450_1_2004302047305eab1d42ca99d-1.jpg\" alt=\"Nellen Zelte Wohnwagen Schutzdach Typ 1 380 - 450 cm\" width=\"660\" height=\"413\" srcset=\"https:\/\/www.schlanser.ch\/magazin\/wp-content\/uploads\/2022\/08\/IMG_209980450_1_2004302047305eab1d42ca99d-1.jpg 660w, https:\/\/www.schlanser.ch\/magazin\/wp-content\/uploads\/2022\/08\/IMG_209980450_1_2004302047305eab1d42ca99d-1-300x188.jpg 300w\" sizes=\"(max-width: 660px) 100vw, 660px\" \/><\/p>\n<p style=\"text-align: justify;\">Ein <a href=\"https:\/\/www.schlanser.ch\/outdoor-freizeit\/wind-sonnenschutz\/pavillons-tarps\/\">Tarp<\/a> stellt eine weitere Verwendungsm\u00f6glichkeit f\u00fcr eine Kederverbindung dar. Mit einem Tarp sind Sie sehr flexibel, Sie k\u00f6nnen es nach Bedarf an verschiedenen Stellen als Sonnensegel und Regenschutz benutzen. Mit einer Kederverbindung ben\u00f6tigen Sie am Wohnwagen oder Campervan nur die Vorzeltschiene.<\/p>\n<p style=\"text-align: justify;\">Mithilfe des Bent Kador Universal Adapters mit Keder k\u00f6nnen Sie das Canvas Tarp direkt an der Wohnmobilschiene oder Wohnwagenschiene montieren. Auch das Berger Vela UV Tarp\/ Sonnensegel mit Keder l\u00e4sst sich einfach an der Kederschiene montieren. Es ist besonders leicht und ideal f\u00fcr kurze Aufenthalte, wo Sie nicht das komplette Vorzelt aufbauen m\u00f6chten. Ausserdem ist es universell einsetzbar und kann unterwegs als schattenspendende Picknickwand dienen.<\/p>\n<p><img loading=\"lazy\" decoding=\"async\" class=\"aligncenter wp-image-10539 size-full\" title=\"Bent Kador Universal Adapter mit Keder\" src=\"https:\/\/www.schlanser.ch\/magazin\/wp-content\/uploads\/2022\/08\/IMG_306590_5_2005020549565eacede58fab6-1.jpg\" alt=\"Bent Kador Universal Adapter mit Keder\" width=\"660\" height=\"412\" srcset=\"https:\/\/www.schlanser.ch\/magazin\/wp-content\/uploads\/2022\/08\/IMG_306590_5_2005020549565eacede58fab6-1.jpg 660w, https:\/\/www.schlanser.ch\/magazin\/wp-content\/uploads\/2022\/08\/IMG_306590_5_2005020549565eacede58fab6-1-300x187.jpg 300w\" sizes=\"(max-width: 660px) 100vw, 660px\" \/><\/p>\n<p style=\"text-align: justify;\">Eine Schiene f\u00fcr eine Kederwulst leistet auch hervorragende Dienste an der Fahrzeugunterseite. Dort k\u00f6nnen Sie eine Windblende anbringen, damit der Wind nicht unter dem Fahrzeug durchbl\u00e4st und Sie in Ihrem Wohnbereich frieren oder Zug bekommen. Insbesondere Kleinkinder und Haustiere werden von dem Windschutz profitieren, da sie sich h\u00e4ufig in Bodenn\u00e4he aufhalten. Aber auch Erwachsene merken den Unterschied, wenn der unangenehme Luftzug pl\u00f6tzlich weg ist. Die Profilschiene schneiden Sie sich passend zu.<\/p>\n<p style=\"text-align: justify;\">Falls Ihr Reisemobil \u00fcber eine <a href=\"https:\/\/www.schlanser.ch\/zelte\/vorzelte\/markisenzubehoer\/\">Markise<\/a> verf\u00fcgt, kennen Sie die Vorz\u00fcge dieses schnell aufgebauten Schutzdaches. Vielleicht kennen Sie aber auch das Problem der sp\u00e4ten Nachmittagssonne, die so tief steht, dass Sie unter der Markise geblendet werden. Dar\u00fcber hinaus sind die Temperaturen auch sp\u00e4t noch so hoch, dass Ihr gesch\u00fctztes Pl\u00e4tzchen gegen Abend sehr ungem\u00fctlich wird. Sie k\u00f6nnen dann das Kederprofil an der Markise nutzen, um einen zus\u00e4tzlichen Sonnenschutz anzubringen, der Sie vor der seitlichen Sonneneinstrahlung sch\u00fctzt. Da die Kederverbindung sehr schnell aufgebaut ist, kann dieser zus\u00e4tzliche Sonnenschutz einfach nach Bedarf eingezogen werden und andernfalls wieder verstaut werden.<\/p>\n<p><a href=\"https:\/\/www.schlanser.ch\/zelte\/vorzelte\/wohnwagenvorzelte\/18772\/berger-garda-reisevorzelt\" class=\"broken_link\"><img loading=\"lazy\" decoding=\"async\" class=\"aligncenter wp-image-10529 size-full\" title=\"Berger Garda Reisevorzelt\" src=\"https:\/\/www.schlanser.ch\/magazin\/wp-content\/uploads\/2022\/08\/IMG_262910_2_2005010443445eab8ce100af7-1.jpg\" alt=\"Berger Garda Reisevorzelt\" width=\"660\" height=\"413\" srcset=\"https:\/\/www.schlanser.ch\/magazin\/wp-content\/uploads\/2022\/08\/IMG_262910_2_2005010443445eab8ce100af7-1.jpg 660w, https:\/\/www.schlanser.ch\/magazin\/wp-content\/uploads\/2022\/08\/IMG_262910_2_2005010443445eab8ce100af7-1-300x188.jpg 300w\" sizes=\"(max-width: 660px) 100vw, 660px\" \/><\/a><\/p>\n<h2>Wenn es einmal klemmt \u2013 die Kederschienen-Reparatur<\/h2>\n<p style=\"text-align: justify;\">Wenn die Vorzeltschiene besch\u00e4digt ist, zum Beispiel verbogen oder eingedr\u00fcckt, l\u00e4uft der Keder nicht mehr gut hindurch und kann sogar besch\u00e4digt werden. Doch Sie haben mit ein wenig Geschick eine gute Chance, die Kederschiene selbst zu reparieren. Benutzen Sie daf\u00fcr einen Kederdorn, den Sie in die Schiene einf\u00fchren und mit dem Hammer die Schiene weiten oder enger machen. Bei Verschmutzungen kann es ebenfalls passieren, dass der Keder nicht mehr glatt hindurchl\u00e4uft. In diesem Fall hilft eine Reinigung mit Waschbenzin und eine anschliessende Behandlung mit silikonhaltigem Gleitspray, zum Beispiel von Berger. Das Spray hilft ebenfalls gegen klemmende Reissverschl\u00fcsse und sch\u00fctzt elektrische Kontakte und Schrauben vor Korrosion. Es geh\u00f6rt also unbedingt in Ihre Werkzeugkiste in den Ferien. Mit diesen Hilfsmitteln werden Sie lange Freude an der Kederverbindung haben.<\/p>\n<p><img loading=\"lazy\" decoding=\"async\" class=\"aligncenter wp-image-10541 \" title=\"Berger Kederdorn\" src=\"https:\/\/www.schlanser.ch\/magazin\/wp-content\/uploads\/2022\/08\/IMG_172340_1_2004301843055eab001a4edb3-1.jpg\" alt=\"Berger Kederdorn\" width=\"395\" height=\"395\" srcset=\"https:\/\/www.schlanser.ch\/magazin\/wp-content\/uploads\/2022\/08\/IMG_172340_1_2004301843055eab001a4edb3-1.jpg 660w, https:\/\/www.schlanser.ch\/magazin\/wp-content\/uploads\/2022\/08\/IMG_172340_1_2004301843055eab001a4edb3-1-300x300.jpg 300w, https:\/\/www.schlanser.ch\/magazin\/wp-content\/uploads\/2022\/08\/IMG_172340_1_2004301843055eab001a4edb3-1-150x150.jpg 150w\" sizes=\"(max-width: 395px) 100vw, 395px\" \/><\/p>\n<p style=\"text-align: justify;\">Es gibt Erfindungen, die m\u00f6chten Sie nicht mehr missen. Sicherlich geh\u00f6rt auch die Kederverbindung beim Camping dazu. Wenn die Erfindung doch nicht weltbewegend ist, so vereinfacht sie doch einen wichtigen Bereich im Camperleben. Probieren Sie diese Art der Verbindung aus. Sicherlich finden Sie ihre pers\u00f6nlichen Einsatzm\u00f6glichkeiten, in denen eine Vereinfachung durch Keder stattfinden kann.<\/p>\n","protected":false},"excerpt":{"rendered":"<p>\u00ab Eine Erfindung, die Campern das Leben erleichterte \u00bb Ein wahrer Probleml\u00f6ser beim Camping ist die Kederverbindung von Planen und Textilien mit der Kederschiene des Wohnwagens oder Wohnmobils. Durch die Ausst\u00fclpung direkt am Textil, ben\u00f6tigen Sie keine zus\u00e4tzlichen Befestigungsformen mehr und haben eine direkte und wasserdichte Verbindung von Plane und Fahrzeug. Was es mit dem &hellip;<\/p>\n","protected":false},"author":1,"featured_media":10538,"comment_status":"closed","ping_status":"open","sticky":false,"template":"","format":"standard","meta":{"footnotes":""},"categories":[1],"tags":[1458,1460,1463,1459,1461,1464,926,333,377,296,1462],"yoast_head":"<!-- This site is optimized with the Yoast SEO plugin v22.2 - https:\/\/yoast.com\/wordpress\/plugins\/seo\/ -->\n<title>Keder - Schlanser Magazin<\/title>\n<meta name=\"description\" content=\"Das Schlanser Magazin berichtet \u00fcber das praktische Kedersystem\u2714 das Campern in vielerlei Hinsicht das Leben leichter und das Campen trockener macht!\" \/>\n<meta name=\"robots\" content=\"index, follow, max-snippet:-1, max-image-preview:large, max-video-preview:-1\" \/>\n<link rel=\"canonical\" href=\"https:\/\/www.schlanser.ch\/magazin\/keder\/\" \/>\n<meta property=\"og:locale\" content=\"de_DE\" \/>\n<meta property=\"og:type\" content=\"article\" \/>\n<meta property=\"og:title\" content=\"Keder - Schlanser Magazin\" \/>\n<meta property=\"og:description\" content=\"Das Schlanser Magazin berichtet \u00fcber das praktische Kedersystem\u2714 das Campern in vielerlei Hinsicht das Leben leichter und das Campen trockener macht!\" \/>\n<meta property=\"og:url\" content=\"https:\/\/www.schlanser.ch\/magazin\/keder\/\" \/>\n<meta property=\"og:site_name\" content=\"Schlanser Magazin\" \/>\n<meta property=\"article:published_time\" content=\"2020-09-02T15:14:46+00:00\" \/>\n<meta property=\"article:modified_time\" content=\"2024-01-10T14:45:22+00:00\" \/>\n<meta property=\"og:image\" content=\"https:\/\/www.schlanser.ch\/magazin\/wp-content\/uploads\/2022\/08\/IMG_306590_1_2005020549515eaceddfee264-1.jpg\" \/>\n\t<meta property=\"og:image:width\" content=\"660\" \/>\n\t<meta property=\"og:image:height\" content=\"413\" \/>\n\t<meta property=\"og:image:type\" content=\"image\/jpeg\" \/>\n<meta name=\"author\" content=\"admin\" \/>\n<meta name=\"twitter:card\" content=\"summary_large_image\" \/>\n<meta name=\"twitter:label1\" content=\"Verfasst von\" \/>\n\t<meta name=\"twitter:data1\" content=\"admin\" \/>\n\t<meta name=\"twitter:label2\" content=\"Gesch\u00e4tzte Lesezeit\" \/>\n\t<meta name=\"twitter:data2\" content=\"5 Minuten\" \/>\n<script type=\"application\/ld+json\" class=\"yoast-schema-graph\">{\"@context\":\"https:\/\/schema.org\",\"@graph\":[{\"@type\":\"WebPage\",\"@id\":\"https:\/\/www.schlanser.ch\/magazin\/keder\/\",\"url\":\"https:\/\/www.schlanser.ch\/magazin\/keder\/\",\"name\":\"Keder - Schlanser Magazin\",\"isPartOf\":{\"@id\":\"https:\/\/www.schlanser.ch\/magazin\/#website\"},\"primaryImageOfPage\":{\"@id\":\"https:\/\/www.schlanser.ch\/magazin\/keder\/#primaryimage\"},\"image\":{\"@id\":\"https:\/\/www.schlanser.ch\/magazin\/keder\/#primaryimage\"},\"thumbnailUrl\":\"https:\/\/www.schlanser.ch\/magazin\/wp-content\/uploads\/2022\/08\/IMG_306590_1_2005020549515eaceddfee264-1.jpg\",\"datePublished\":\"2020-09-02T15:14:46+00:00\",\"dateModified\":\"2024-01-10T14:45:22+00:00\",\"author\":{\"@id\":\"https:\/\/www.schlanser.ch\/magazin\/#\/schema\/person\/000db0a103eb2594ba3daf394b1dfea2\"},\"description\":\"Das Schlanser Magazin berichtet \u00fcber das praktische Kedersystem\u2714 das Campern in vielerlei Hinsicht das Leben leichter und das Campen trockener macht!\",\"breadcrumb\":{\"@id\":\"https:\/\/www.schlanser.ch\/magazin\/keder\/#breadcrumb\"},\"inLanguage\":\"de-DE\",\"potentialAction\":[{\"@type\":\"ReadAction\",\"target\":[\"https:\/\/www.schlanser.ch\/magazin\/keder\/\"]}]},{\"@type\":\"ImageObject\",\"inLanguage\":\"de-DE\",\"@id\":\"https:\/\/www.schlanser.ch\/magazin\/keder\/#primaryimage\",\"url\":\"https:\/\/www.schlanser.ch\/magazin\/wp-content\/uploads\/2022\/08\/IMG_306590_1_2005020549515eaceddfee264-1.jpg\",\"contentUrl\":\"https:\/\/www.schlanser.ch\/magazin\/wp-content\/uploads\/2022\/08\/IMG_306590_1_2005020549515eaceddfee264-1.jpg\",\"width\":660,\"height\":413,\"caption\":\"Keder f\u00fcr Wohnmobile\"},{\"@type\":\"BreadcrumbList\",\"@id\":\"https:\/\/www.schlanser.ch\/magazin\/keder\/#breadcrumb\",\"itemListElement\":[{\"@type\":\"ListItem\",\"position\":1,\"name\":\"Startseite\",\"item\":\"https:\/\/www.schlanser.ch\/magazin\/\"},{\"@type\":\"ListItem\",\"position\":2,\"name\":\"Keder\"}]},{\"@type\":\"WebSite\",\"@id\":\"https:\/\/www.schlanser.ch\/magazin\/#website\",\"url\":\"https:\/\/www.schlanser.ch\/magazin\/\",\"name\":\"Schlanser Magazin\",\"description\":\"\",\"potentialAction\":[{\"@type\":\"SearchAction\",\"target\":{\"@type\":\"EntryPoint\",\"urlTemplate\":\"https:\/\/www.schlanser.ch\/magazin\/?s={search_term_string}\"},\"query-input\":\"required name=search_term_string\"}],\"inLanguage\":\"de-DE\"},{\"@type\":\"Person\",\"@id\":\"https:\/\/www.schlanser.ch\/magazin\/#\/schema\/person\/000db0a103eb2594ba3daf394b1dfea2\",\"name\":\"admin\",\"image\":{\"@type\":\"ImageObject\",\"inLanguage\":\"de-DE\",\"@id\":\"https:\/\/www.schlanser.ch\/magazin\/#\/schema\/person\/image\/\",\"url\":\"https:\/\/secure.gravatar.com\/avatar\/a794a4fe8a9b9c52241597eb381dfa2e?s=96&d=mm&r=g\",\"contentUrl\":\"https:\/\/secure.gravatar.com\/avatar\/a794a4fe8a9b9c52241597eb381dfa2e?s=96&d=mm&r=g\",\"caption\":\"admin\"}}]}<\/script>\n<!-- \/ Yoast SEO plugin. -->","yoast_head_json":{"title":"Keder - Schlanser Magazin","description":"Das Schlanser Magazin berichtet \u00fcber das praktische Kedersystem\u2714 das Campern in vielerlei Hinsicht das Leben leichter und das Campen trockener macht!","robots":{"index":"index","follow":"follow","max-snippet":"max-snippet:-1","max-image-preview":"max-image-preview:large","max-video-preview":"max-video-preview:-1"},"canonical":"https:\/\/www.schlanser.ch\/magazin\/keder\/","og_locale":"de_DE","og_type":"article","og_title":"Keder - Schlanser Magazin","og_description":"Das Schlanser Magazin berichtet \u00fcber das praktische Kedersystem\u2714 das Campern in vielerlei Hinsicht das Leben leichter und das Campen trockener macht!","og_url":"https:\/\/www.schlanser.ch\/magazin\/keder\/","og_site_name":"Schlanser Magazin","article_published_time":"2020-09-02T15:14:46+00:00","article_modified_time":"2024-01-10T14:45:22+00:00","og_image":[{"width":660,"height":413,"url":"https:\/\/www.schlanser.ch\/magazin\/wp-content\/uploads\/2022\/08\/IMG_306590_1_2005020549515eaceddfee264-1.jpg","type":"image\/jpeg"}],"author":"admin","twitter_card":"summary_large_image","twitter_misc":{"Verfasst von":"admin","Gesch\u00e4tzte Lesezeit":"5 Minuten"},"schema":{"@context":"https:\/\/schema.org","@graph":[{"@type":"WebPage","@id":"https:\/\/www.schlanser.ch\/magazin\/keder\/","url":"https:\/\/www.schlanser.ch\/magazin\/keder\/","name":"Keder - Schlanser Magazin","isPartOf":{"@id":"https:\/\/www.schlanser.ch\/magazin\/#website"},"primaryImageOfPage":{"@id":"https:\/\/www.schlanser.ch\/magazin\/keder\/#primaryimage"},"image":{"@id":"https:\/\/www.schlanser.ch\/magazin\/keder\/#primaryimage"},"thumbnailUrl":"https:\/\/www.schlanser.ch\/magazin\/wp-content\/uploads\/2022\/08\/IMG_306590_1_2005020549515eaceddfee264-1.jpg","datePublished":"2020-09-02T15:14:46+00:00","dateModified":"2024-01-10T14:45:22+00:00","author":{"@id":"https:\/\/www.schlanser.ch\/magazin\/#\/schema\/person\/000db0a103eb2594ba3daf394b1dfea2"},"description":"Das Schlanser Magazin berichtet \u00fcber das praktische Kedersystem\u2714 das Campern in vielerlei Hinsicht das Leben leichter und das Campen trockener macht!","breadcrumb":{"@id":"https:\/\/www.schlanser.ch\/magazin\/keder\/#breadcrumb"},"inLanguage":"de-DE","potentialAction":[{"@type":"ReadAction","target":["https:\/\/www.schlanser.ch\/magazin\/keder\/"]}]},{"@type":"ImageObject","inLanguage":"de-DE","@id":"https:\/\/www.schlanser.ch\/magazin\/keder\/#primaryimage","url":"https:\/\/www.schlanser.ch\/magazin\/wp-content\/uploads\/2022\/08\/IMG_306590_1_2005020549515eaceddfee264-1.jpg","contentUrl":"https:\/\/www.schlanser.ch\/magazin\/wp-content\/uploads\/2022\/08\/IMG_306590_1_2005020549515eaceddfee264-1.jpg","width":660,"height":413,"caption":"Keder f\u00fcr Wohnmobile"},{"@type":"BreadcrumbList","@id":"https:\/\/www.schlanser.ch\/magazin\/keder\/#breadcrumb","itemListElement":[{"@type":"ListItem","position":1,"name":"Startseite","item":"https:\/\/www.schlanser.ch\/magazin\/"},{"@type":"ListItem","position":2,"name":"Keder"}]},{"@type":"WebSite","@id":"https:\/\/www.schlanser.ch\/magazin\/#website","url":"https:\/\/www.schlanser.ch\/magazin\/","name":"Schlanser Magazin","description":"","potentialAction":[{"@type":"SearchAction","target":{"@type":"EntryPoint","urlTemplate":"https:\/\/www.schlanser.ch\/magazin\/?s={search_term_string}"},"query-input":"required name=search_term_string"}],"inLanguage":"de-DE"},{"@type":"Person","@id":"https:\/\/www.schlanser.ch\/magazin\/#\/schema\/person\/000db0a103eb2594ba3daf394b1dfea2","name":"admin","image":{"@type":"ImageObject","inLanguage":"de-DE","@id":"https:\/\/www.schlanser.ch\/magazin\/#\/schema\/person\/image\/","url":"https:\/\/secure.gravatar.com\/avatar\/a794a4fe8a9b9c52241597eb381dfa2e?s=96&d=mm&r=g","contentUrl":"https:\/\/secure.gravatar.com\/avatar\/a794a4fe8a9b9c52241597eb381dfa2e?s=96&d=mm&r=g","caption":"admin"}}]}},"_links":{"self":[{"href":"https:\/\/www.schlanser.ch\/magazin\/wp-json\/wp\/v2\/posts\/10517"}],"collection":[{"href":"https:\/\/www.schlanser.ch\/magazin\/wp-json\/wp\/v2\/posts"}],"about":[{"href":"https:\/\/www.schlanser.ch\/magazin\/wp-json\/wp\/v2\/types\/post"}],"author":[{"embeddable":true,"href":"https:\/\/www.schlanser.ch\/magazin\/wp-json\/wp\/v2\/users\/1"}],"replies":[{"embeddable":true,"href":"https:\/\/www.schlanser.ch\/magazin\/wp-json\/wp\/v2\/comments?post=10517"}],"version-history":[{"count":24,"href":"https:\/\/www.schlanser.ch\/magazin\/wp-json\/wp\/v2\/posts\/10517\/revisions"}],"predecessor-version":[{"id":17283,"href":"https:\/\/www.schlanser.ch\/magazin\/wp-json\/wp\/v2\/posts\/10517\/revisions\/17283"}],"wp:featuredmedia":[{"embeddable":true,"href":"https:\/\/www.schlanser.ch\/magazin\/wp-json\/wp\/v2\/media\/10538"}],"wp:attachment":[{"href":"https:\/\/www.schlanser.ch\/magazin\/wp-json\/wp\/v2\/media?parent=10517"}],"wp:term":[{"taxonomy":"category","embeddable":true,"href":"https:\/\/www.schlanser.ch\/magazin\/wp-json\/wp\/v2\/categories?post=10517"},{"taxonomy":"post_tag","embeddable":true,"href":"https:\/\/www.schlanser.ch\/magazin\/wp-json\/wp\/v2\/tags?post=10517"}],"curies":[{"name":"wp","href":"https:\/\/api.w.org\/{rel}","templated":true}]}}