{"id":10551,"date":"2020-09-14T09:56:25","date_gmt":"2020-09-14T07:56:25","guid":{"rendered":"https:\/\/www.schlanser.ch\/magazin\/?p=10551"},"modified":"2025-12-10T10:28:35","modified_gmt":"2025-12-10T09:28:35","slug":"berger-touring","status":"publish","type":"post","link":"https:\/\/www.schlanser.ch\/magazin\/berger-touring\/","title":{"rendered":"Berger Touring"},"content":{"rendered":"<h2>\u00ab Busvorzelte und Bodenplanen bieten Schutz vor N\u00e4sse und Wind beim Camping \u00bb<\/h2>\n<p style=\"text-align: justify;\"><a href=\"https:\/\/www.schlanser.ch\/zelte\/vorzelte\/\"><strong>Vorzelte<\/strong><\/a><strong> erf\u00fcllen ihren Zweck, sie halten Regen ab und bieten Stauraum. Wenn Sie jedoch auf der Suche nach besonderen Extras und feinen Verbesserungen sind, dann schauen Sie sich die Touring Linie von <\/strong><a href=\"https:\/\/www.schlanser.ch\/berger\/\"><strong>Fritz Berger<\/strong><\/a><strong> an. Mit Liebe zum Detail wird hier weiterentwickelt, angepasst und verbessert. Lesen Sie, welche Eigenschaften der Marktf\u00fchrer in Sachen <\/strong><a href=\"https:\/\/www.schlanser.ch\/zelte\/vorzelte\/reisemobil-busvorzelte\/\"><strong>Busvorzelten<\/strong><\/a><strong> und <\/strong><a href=\"https:\/\/www.schlanser.ch\/zelte\/zeltzubehoer\/vorzeltteppich-zeltboden\/\"><strong>Bodenplanen<\/strong><\/a><strong> bietet und was Sie f\u00fcr Ihre Ausstattung beachten sollten.<\/strong><\/p>\n<h2>Das eigene Campinglager im Wandel<\/h2>\n<p style=\"text-align: justify;\">Die Grundausstattung beim Camping bleibt eine dynamische Anpassung an die \u00e4usseren Gegebenheiten. Die Anzahl der Familienmitglieder oder der Mitreisenden kann sich \u00e4ndern, kommt eventuell ein Hund dazu? Reisen Sie gemeinsam mit Freunden? Erwarten die Kinder \u00dcbernachtungsbesuch im <a href=\"https:\/\/www.schlanser.ch\/zelte\/campingzelte\/\">Zelt<\/a> oder Wohnwagen? Nach jeder Camping-Saison k\u00f6nnen Sie sich als Familie zusammensetzen und Ihr pers\u00f6nliches Campinglager optimieren. Sei es im Sinne von komfortableren Neuanschaffungen oder im Sinne einer Verringerung des Reisegep\u00e4cks.<\/p>\n<p><img loading=\"lazy\" decoding=\"async\" class=\"aligncenter wp-image-10576 size-full\" title=\"Berger Touring Easy-L Rear Heckzelt f\u00fcr VW T5\/T6\" src=\"https:\/\/www.schlanser.ch\/magazin\/wp-content\/uploads\/2020\/10\/berger-touring-easy-l-rear-heckzelt-fuer-vw-t5-t6.jpg\" alt=\"berger-touring-easy-l-rear-heckzelt-fuer-vw-t5-t6\" width=\"600\" height=\"375\" srcset=\"https:\/\/www.schlanser.ch\/magazin\/wp-content\/uploads\/2020\/10\/berger-touring-easy-l-rear-heckzelt-fuer-vw-t5-t6.jpg 600w, https:\/\/www.schlanser.ch\/magazin\/wp-content\/uploads\/2020\/10\/berger-touring-easy-l-rear-heckzelt-fuer-vw-t5-t6-300x188.jpg 300w\" sizes=\"(max-width: 600px) 100vw, 600px\" \/><\/p>\n<p style=\"text-align: justify;\">Was haben Sie im letzten Urlaub vermisst, was haben Sie nicht gebraucht? \u2013 das sind Fragen, die immer wieder zu kl\u00e4ren sind. Oftmals gibt es f\u00fcr bestimmte Probleme L\u00f6sungen auf dem Markt und es lohnt sich, diese zu kennen. Eventuell entscheiden Sie, ung\u00fcnstige L\u00f6sungen durch passendere zu ersetzen. Halten Sie sich auf dem neuesten Stand, indem Sie verfolgen, welche Neuerungen die Touring Linie von Berger enth\u00e4lt.<\/p>\n<h2>Fritz Berger \u2013 Der Name steht f\u00fcr Qualit\u00e4t und Praxisorientierung<\/h2>\n<p style=\"text-align: justify;\">Einer der Marktf\u00fchrer in Sachen Campingbedarf ist Fritz Berger. Mit \u00fcber 60-j\u00e4hriger Erfahrung im Campingmarkt stehen Berger Produkte in Qualit\u00e4tsfragen an der Spitze der Campinganbieter. Insbesondere die Produkte aus der Touring Linie werden stets weiterentwickelt und st\u00e4ndigen Bewertungen durch die Kunden unterzogen. Damit ist verl\u00e4ssliche Qualit\u00e4t garantiert, die an den Bed\u00fcrfnissen und Anforderungen der Camper orientiert ist und st\u00e4ndig in der Praxis getestet wird.<\/p>\n<p><img loading=\"lazy\" decoding=\"async\" class=\"aligncenter wp-image-10574 size-full\" title=\"Berger Touring Easy-L Busvorzelt\" src=\"https:\/\/www.schlanser.ch\/magazin\/wp-content\/uploads\/2020\/10\/berger-touring-easy-l-busvorzelt.jpg\" alt=\"berger-touring-easy-l-busvorzelt\" width=\"600\" height=\"375\" srcset=\"https:\/\/www.schlanser.ch\/magazin\/wp-content\/uploads\/2020\/10\/berger-touring-easy-l-busvorzelt.jpg 600w, https:\/\/www.schlanser.ch\/magazin\/wp-content\/uploads\/2020\/10\/berger-touring-easy-l-busvorzelt-300x188.jpg 300w\" sizes=\"(max-width: 600px) 100vw, 600px\" \/><\/p>\n<h2>Berger Touring \u2013 damit Vorzelt und Bodenplane Sie nicht entt\u00e4uschen<\/h2>\n<p style=\"text-align: justify;\">Bodenplane und Busvorzelte beziehungsweise Wohnwagenvorzelte sollten eine sichere Verbindung haben und passgenau sein. Nichts ist nerviger, als st\u00e4ndig \u00fcber dieselbe Teppichfalte zu stolpern, die Sie nicht beseitigen k\u00f6nnen, weil das Gebilde unter falscher Spannung steht. Die Berger Touring Produkte sind aufeinander abgestimmt und erf\u00fcllen unterschiedliche Anforderungen:<\/p>\n<ul>\n<li style=\"text-align: justify;\">Reissfestigkeit<\/li>\n<li style=\"text-align: justify;\">Wasserbest\u00e4ndigkeit<\/li>\n<li style=\"text-align: justify;\">gute Verbindung zwischen Plane und Vorzelt<\/li>\n<li style=\"text-align: justify;\">gute und sichere Verankerung im Boden<\/li>\n<li style=\"text-align: justify;\">Langlebigkeit durch gute Verarbeitung und hochwertiges Material<\/li>\n<\/ul>\n<h2>Ob hoch \u2013 ob niedrig, ob lang \u2013 ob kurz: Vorzelte f\u00fcr fast jede Art von Fahrzeug<\/h2>\n<p style=\"text-align: justify;\">Die Berger Touring Linie enth\u00e4lt Modelle von Vorzelten, die verschiedene Gr\u00f6ssen haben, f\u00fcr verschiedene Fahrzeugh\u00f6hen ausgelegt sind und Ihre individuellen Bed\u00fcrfnisse m\u00f6glichst gut erf\u00fcllen. Haben Sie keine Lust sich mit dem Aufbau des Gest\u00e4nges abzugeben? Berger bietet aufblasbare Busvorzelte an, die sich schnell aufbauen lassen und windsicher sind.<\/p>\n<p><img loading=\"lazy\" decoding=\"async\" class=\"aligncenter wp-image-10572 size-full\" title=\"Berger Touring-L Busvorzelt\" src=\"https:\/\/www.schlanser.ch\/magazin\/wp-content\/uploads\/2020\/10\/berger-touring-l-busvorzelt.jpg\" alt=\"berger-touring-l-busvorzelt\" width=\"600\" height=\"375\" srcset=\"https:\/\/www.schlanser.ch\/magazin\/wp-content\/uploads\/2020\/10\/berger-touring-l-busvorzelt.jpg 600w, https:\/\/www.schlanser.ch\/magazin\/wp-content\/uploads\/2020\/10\/berger-touring-l-busvorzelt-300x188.jpg 300w\" sizes=\"(max-width: 600px) 100vw, 600px\" \/><\/p>\n<p style=\"text-align: justify;\">Da die Vorzelte von Berger freistehend sind, k\u00f6nnen Sie mit dem Fahrzeug spontan und ohne grossen Aufwand wegfahren, zum Einkaufen oder um Ausfl\u00fcge zu machen. Das Vorzelt bleibt einfach stehen und l\u00e4sst sich sogar regensicher verschliessen, wenn der PKW unterwegs ist. Sie behalten also in Ihrer Abwesenheit die Unterstellm\u00f6glichkeit f\u00fcr Ihr Equipment. Alles kann einfach dortbleiben, w\u00e4hrend Sie unterwegs sind. Dies macht die Mobilit\u00e4t am Urlaubsort \u00e4usserst unkompliziert.<\/p>\n<h2>Ein Fenster \u2013 viele Nutzungsarten<\/h2>\n<p style=\"text-align: justify;\">Die Vorzelte der Touring Linie bieten ein hohes Mass an Komfort. Die Fenster sind geschlossen blickdicht. Bei Bedarf k\u00f6nnen Sie durch die transparente Folie des ge\u00f6ffneten Fensters das Treiben rund um Ihren Platz beobachten. Spielen die Kinder noch friedlich? Ist der Hund noch an seinem Platz? Kommt ein Regenschauer auf?<\/p>\n<p><img loading=\"lazy\" decoding=\"async\" class=\"aligncenter wp-image-10566 size-full\" title=\"Berger Wachau Fenstermarkise\" src=\"https:\/\/www.schlanser.ch\/magazin\/wp-content\/uploads\/2020\/10\/berger-wachau-fenstermarkise.jpg\" alt=\"berger-wachau-fenstermarkise\" width=\"600\" height=\"375\" srcset=\"https:\/\/www.schlanser.ch\/magazin\/wp-content\/uploads\/2020\/10\/berger-wachau-fenstermarkise.jpg 600w, https:\/\/www.schlanser.ch\/magazin\/wp-content\/uploads\/2020\/10\/berger-wachau-fenstermarkise-300x188.jpg 300w\" sizes=\"(max-width: 600px) 100vw, 600px\" \/><\/p>\n<p style=\"text-align: justify;\">Weiterhin k\u00f6nnen Sie eine angenehme Brise hineinlassen, indem Sie lediglich das Fliegennetz an den Fenster\u00f6ffnungen belassen. Tun Sie dies an zwei Seiten, so wird ein sanfter Luftzug entstehen und den Raum erfrischen. F\u00fcr die Berger Touring Vorzelte gibt es weiterhin eine Schlafkabine, die ins Vorzelt eingezogen wird. Dies ist sehr praktisch, wenn Sie einen weiteren Schlafplatz ben\u00f6tigen und verhilft Ihnen zu noch mehr Flexibilit\u00e4t.<\/p>\n<h2>Material zum Wohlf\u00fchlen \u2013 hoher Baumwollanteil statt reiner Kunstfaser<\/h2>\n<p style=\"text-align: justify;\">Das Berger Touring L-TC Busvorzelt besticht mit einem Baumwollmischgewebe, wodurch das Raumklima im Vorzelt verbessert und die Kondenswasserbildung stark reduziert wird. Die wasserfesten Eigenschaften bleiben bei diesem Mischgewebe erhalten. Das geringf\u00fcgig h\u00f6here Gewicht wird durch die fantastischen Eigenschaften f\u00fcr eine Wohlf\u00fchlatmosph\u00e4re wettgemacht.<\/p>\n<p><img loading=\"lazy\" decoding=\"async\" class=\"aligncenter wp-image-10557 size-full\" title=\"Berger Touring-L TC Busvorzelt\" src=\"https:\/\/www.schlanser.ch\/magazin\/wp-content\/uploads\/2020\/10\/berger-touring-l-tc-busvorzelt.jpg\" alt=\"l-tc-busvorzelt\" width=\"600\" height=\"375\" srcset=\"https:\/\/www.schlanser.ch\/magazin\/wp-content\/uploads\/2020\/10\/berger-touring-l-tc-busvorzelt.jpg 600w, https:\/\/www.schlanser.ch\/magazin\/wp-content\/uploads\/2020\/10\/berger-touring-l-tc-busvorzelt-300x188.jpg 300w\" sizes=\"(max-width: 600px) 100vw, 600px\" \/><\/p>\n<h2>Trockene F\u00fcsse statt Regenpf\u00fctzen im Vorzelt<\/h2>\n<p style=\"text-align: justify;\">Mit den passgenauen Bodenplanen aus der Touring Linie bekommen Sie eine gute und sichere Abdichtung gegen Wasser. Bei starkem Regen gibt es h\u00e4ufig das Problem, dass Wasser schwallartig in den Wohnraum eindringt. Die Bodenplanen aus der Touring Linie verf\u00fcgen \u00fcber einen breiten Rand, der am Boden eine Art Schutzwall bildet. Ausserdem ist das Material so beschaffen, dass N\u00e4sse auch von unten nicht hochdr\u00fccken kann. Bewegen Sie sich in Ihrem Feriendomizil trockenen Fusses, damit die warmen Kuschelsocken an k\u00e4lteren Tagen ihren Zweck erf\u00fcllen k\u00f6nnen. Vertrauen Sie dem Marktf\u00fchrer in Sachen Camping Fritz Berger. Hier erhalten Sie gut durchdachte L\u00f6sungen in Top-Qualit\u00e4t zu fairen Preisen.<\/p>\n<p><a href=\"https:\/\/www.schlanser.ch\/zelte\/vorzelte\/reisemobil-busvorzelte\/2242\/berger-touring-easy-bodenplane\"><img loading=\"lazy\" decoding=\"async\" class=\"aligncenter wp-image-10563 size-full\" title=\"Berger Touring Easy Bodenplane\" src=\"https:\/\/www.schlanser.ch\/magazin\/wp-content\/uploads\/2020\/10\/berger-touring-easy-bodenplane.jpg\" alt=\"easy-bodenplane\" width=\"600\" height=\"600\" srcset=\"https:\/\/www.schlanser.ch\/magazin\/wp-content\/uploads\/2020\/10\/berger-touring-easy-bodenplane.jpg 600w, https:\/\/www.schlanser.ch\/magazin\/wp-content\/uploads\/2020\/10\/berger-touring-easy-bodenplane-300x300.jpg 300w, https:\/\/www.schlanser.ch\/magazin\/wp-content\/uploads\/2020\/10\/berger-touring-easy-bodenplane-150x150.jpg 150w\" sizes=\"(max-width: 600px) 100vw, 600px\" \/><\/a><\/p>\n<p style=\"text-align: justify;\">Es ist sinnvoll, wenn Sie jedes Jahr Ihre Ausstattung an die neuen Bed\u00fcrfnisse anpassen und erweitern oder sich verkleinern. <a href=\"https:\/\/www.schlanser.ch\/\">Professionelle Campingausstattung<\/a> spiegelt die Situation wider, in der Sie sich befinden. So entdecken Sie sp\u00e4ter auf den Urlaubsfotos die alten, nun ungewohnten L\u00f6sungen, die sie damals aber genauso ben\u00f6tigten. Schwelgen Sie dann in Erinnerungen daran, wie toll und entspannt Ihre Ferien mithilfe der passenden Ausstattung damals waren und freuen Sie sich \u00fcber Ihre heutige individuelle Ausstattung.<\/p>\n","protected":false},"excerpt":{"rendered":"<p>\u00ab Busvorzelte und Bodenplanen bieten Schutz vor N\u00e4sse und Wind beim Camping \u00bb Vorzelte erf\u00fcllen ihren Zweck, sie halten Regen ab und bieten Stauraum. Wenn Sie jedoch auf der Suche nach besonderen Extras und feinen Verbesserungen sind, dann schauen Sie sich die Touring Linie von Fritz Berger an. Mit Liebe zum Detail wird hier weiterentwickelt, &hellip;<\/p>\n","protected":false},"author":1,"featured_media":10578,"comment_status":"closed","ping_status":"open","sticky":false,"template":"","format":"standard","meta":{"footnotes":""},"categories":[1],"tags":[18,1465,1468,1466,619,614,201,939,480,1467,1334,377],"yoast_head":"<!-- This site is optimized with the Yoast SEO plugin v22.2 - https:\/\/yoast.com\/wordpress\/plugins\/seo\/ -->\n<title>Berger Touring - Schlanser Magazin<\/title>\n<meta name=\"description\" content=\"Lernen Sie mit den Vorzelten und Planen aus dem Berger Touring Programm\u2714 besonders robusten und reisef\u00e4higen Schutz vor N\u00e4sse und Wind kennen!\" \/>\n<meta name=\"robots\" content=\"noindex, follow\" \/>\n<meta property=\"og:locale\" content=\"de_DE\" \/>\n<meta property=\"og:type\" content=\"article\" \/>\n<meta property=\"og:title\" content=\"Berger Touring - Schlanser Magazin\" \/>\n<meta property=\"og:description\" content=\"Lernen Sie mit den Vorzelten und Planen aus dem Berger Touring Programm\u2714 besonders robusten und reisef\u00e4higen Schutz vor N\u00e4sse und Wind kennen!\" \/>\n<meta property=\"og:url\" content=\"https:\/\/www.schlanser.ch\/magazin\/berger-touring\/\" \/>\n<meta property=\"og:site_name\" content=\"Schlanser Magazin\" \/>\n<meta property=\"article:published_time\" content=\"2020-09-14T07:56:25+00:00\" \/>\n<meta property=\"article:modified_time\" content=\"2025-12-10T09:28:35+00:00\" \/>\n<meta property=\"og:image\" content=\"https:\/\/www.schlanser.ch\/magazin\/wp-content\/uploads\/2020\/10\/berger-touring.jpg\" \/>\n\t<meta property=\"og:image:width\" content=\"1280\" \/>\n\t<meta property=\"og:image:height\" content=\"800\" \/>\n\t<meta property=\"og:image:type\" content=\"image\/jpeg\" \/>\n<meta name=\"author\" content=\"admin\" \/>\n<meta name=\"twitter:card\" content=\"summary_large_image\" \/>\n<meta name=\"twitter:label1\" content=\"Verfasst von\" \/>\n\t<meta name=\"twitter:data1\" content=\"admin\" \/>\n\t<meta name=\"twitter:label2\" content=\"Gesch\u00e4tzte Lesezeit\" \/>\n\t<meta name=\"twitter:data2\" content=\"7 Minuten\" \/>\n<script type=\"application\/ld+json\" class=\"yoast-schema-graph\">{\"@context\":\"https:\/\/schema.org\",\"@graph\":[{\"@type\":\"WebPage\",\"@id\":\"https:\/\/www.schlanser.ch\/magazin\/berger-touring\/\",\"url\":\"https:\/\/www.schlanser.ch\/magazin\/berger-touring\/\",\"name\":\"Berger Touring - Schlanser Magazin\",\"isPartOf\":{\"@id\":\"https:\/\/www.schlanser.ch\/magazin\/#website\"},\"primaryImageOfPage\":{\"@id\":\"https:\/\/www.schlanser.ch\/magazin\/berger-touring\/#primaryimage\"},\"image\":{\"@id\":\"https:\/\/www.schlanser.ch\/magazin\/berger-touring\/#primaryimage\"},\"thumbnailUrl\":\"https:\/\/www.schlanser.ch\/magazin\/wp-content\/uploads\/2020\/10\/berger-touring.jpg\",\"datePublished\":\"2020-09-14T07:56:25+00:00\",\"dateModified\":\"2025-12-10T09:28:35+00:00\",\"author\":{\"@id\":\"https:\/\/www.schlanser.ch\/magazin\/#\/schema\/person\/000db0a103eb2594ba3daf394b1dfea2\"},\"description\":\"Lernen Sie mit den Vorzelten und Planen aus dem Berger Touring Programm\u2714 besonders robusten und reisef\u00e4higen Schutz vor N\u00e4sse und Wind kennen!\",\"breadcrumb\":{\"@id\":\"https:\/\/www.schlanser.ch\/magazin\/berger-touring\/#breadcrumb\"},\"inLanguage\":\"de-DE\",\"potentialAction\":[{\"@type\":\"ReadAction\",\"target\":[\"https:\/\/www.schlanser.ch\/magazin\/berger-touring\/\"]}]},{\"@type\":\"ImageObject\",\"inLanguage\":\"de-DE\",\"@id\":\"https:\/\/www.schlanser.ch\/magazin\/berger-touring\/#primaryimage\",\"url\":\"https:\/\/www.schlanser.ch\/magazin\/wp-content\/uploads\/2020\/10\/berger-touring.jpg\",\"contentUrl\":\"https:\/\/www.schlanser.ch\/magazin\/wp-content\/uploads\/2020\/10\/berger-touring.jpg\",\"width\":1280,\"height\":800},{\"@type\":\"BreadcrumbList\",\"@id\":\"https:\/\/www.schlanser.ch\/magazin\/berger-touring\/#breadcrumb\",\"itemListElement\":[{\"@type\":\"ListItem\",\"position\":1,\"name\":\"Startseite\",\"item\":\"https:\/\/www.schlanser.ch\/magazin\/\"},{\"@type\":\"ListItem\",\"position\":2,\"name\":\"Berger Touring\"}]},{\"@type\":\"WebSite\",\"@id\":\"https:\/\/www.schlanser.ch\/magazin\/#website\",\"url\":\"https:\/\/www.schlanser.ch\/magazin\/\",\"name\":\"Schlanser Magazin\",\"description\":\"\",\"potentialAction\":[{\"@type\":\"SearchAction\",\"target\":{\"@type\":\"EntryPoint\",\"urlTemplate\":\"https:\/\/www.schlanser.ch\/magazin\/?s={search_term_string}\"},\"query-input\":\"required name=search_term_string\"}],\"inLanguage\":\"de-DE\"},{\"@type\":\"Person\",\"@id\":\"https:\/\/www.schlanser.ch\/magazin\/#\/schema\/person\/000db0a103eb2594ba3daf394b1dfea2\",\"name\":\"admin\",\"image\":{\"@type\":\"ImageObject\",\"inLanguage\":\"de-DE\",\"@id\":\"https:\/\/www.schlanser.ch\/magazin\/#\/schema\/person\/image\/\",\"url\":\"https:\/\/secure.gravatar.com\/avatar\/a794a4fe8a9b9c52241597eb381dfa2e?s=96&d=mm&r=g\",\"contentUrl\":\"https:\/\/secure.gravatar.com\/avatar\/a794a4fe8a9b9c52241597eb381dfa2e?s=96&d=mm&r=g\",\"caption\":\"admin\"}}]}<\/script>\n<!-- \/ Yoast SEO plugin. -->","yoast_head_json":{"title":"Berger Touring - Schlanser Magazin","description":"Lernen Sie mit den Vorzelten und Planen aus dem Berger Touring Programm\u2714 besonders robusten und reisef\u00e4higen Schutz vor N\u00e4sse und Wind kennen!","robots":{"index":"noindex","follow":"follow"},"og_locale":"de_DE","og_type":"article","og_title":"Berger Touring - Schlanser Magazin","og_description":"Lernen Sie mit den Vorzelten und Planen aus dem Berger Touring Programm\u2714 besonders robusten und reisef\u00e4higen Schutz vor N\u00e4sse und Wind kennen!","og_url":"https:\/\/www.schlanser.ch\/magazin\/berger-touring\/","og_site_name":"Schlanser Magazin","article_published_time":"2020-09-14T07:56:25+00:00","article_modified_time":"2025-12-10T09:28:35+00:00","og_image":[{"width":1280,"height":800,"url":"https:\/\/www.schlanser.ch\/magazin\/wp-content\/uploads\/2020\/10\/berger-touring.jpg","type":"image\/jpeg"}],"author":"admin","twitter_card":"summary_large_image","twitter_misc":{"Verfasst von":"admin","Gesch\u00e4tzte Lesezeit":"7 Minuten"},"schema":{"@context":"https:\/\/schema.org","@graph":[{"@type":"WebPage","@id":"https:\/\/www.schlanser.ch\/magazin\/berger-touring\/","url":"https:\/\/www.schlanser.ch\/magazin\/berger-touring\/","name":"Berger Touring - Schlanser Magazin","isPartOf":{"@id":"https:\/\/www.schlanser.ch\/magazin\/#website"},"primaryImageOfPage":{"@id":"https:\/\/www.schlanser.ch\/magazin\/berger-touring\/#primaryimage"},"image":{"@id":"https:\/\/www.schlanser.ch\/magazin\/berger-touring\/#primaryimage"},"thumbnailUrl":"https:\/\/www.schlanser.ch\/magazin\/wp-content\/uploads\/2020\/10\/berger-touring.jpg","datePublished":"2020-09-14T07:56:25+00:00","dateModified":"2025-12-10T09:28:35+00:00","author":{"@id":"https:\/\/www.schlanser.ch\/magazin\/#\/schema\/person\/000db0a103eb2594ba3daf394b1dfea2"},"description":"Lernen Sie mit den Vorzelten und Planen aus dem Berger Touring Programm\u2714 besonders robusten und reisef\u00e4higen Schutz vor N\u00e4sse und Wind kennen!","breadcrumb":{"@id":"https:\/\/www.schlanser.ch\/magazin\/berger-touring\/#breadcrumb"},"inLanguage":"de-DE","potentialAction":[{"@type":"ReadAction","target":["https:\/\/www.schlanser.ch\/magazin\/berger-touring\/"]}]},{"@type":"ImageObject","inLanguage":"de-DE","@id":"https:\/\/www.schlanser.ch\/magazin\/berger-touring\/#primaryimage","url":"https:\/\/www.schlanser.ch\/magazin\/wp-content\/uploads\/2020\/10\/berger-touring.jpg","contentUrl":"https:\/\/www.schlanser.ch\/magazin\/wp-content\/uploads\/2020\/10\/berger-touring.jpg","width":1280,"height":800},{"@type":"BreadcrumbList","@id":"https:\/\/www.schlanser.ch\/magazin\/berger-touring\/#breadcrumb","itemListElement":[{"@type":"ListItem","position":1,"name":"Startseite","item":"https:\/\/www.schlanser.ch\/magazin\/"},{"@type":"ListItem","position":2,"name":"Berger Touring"}]},{"@type":"WebSite","@id":"https:\/\/www.schlanser.ch\/magazin\/#website","url":"https:\/\/www.schlanser.ch\/magazin\/","name":"Schlanser Magazin","description":"","potentialAction":[{"@type":"SearchAction","target":{"@type":"EntryPoint","urlTemplate":"https:\/\/www.schlanser.ch\/magazin\/?s={search_term_string}"},"query-input":"required name=search_term_string"}],"inLanguage":"de-DE"},{"@type":"Person","@id":"https:\/\/www.schlanser.ch\/magazin\/#\/schema\/person\/000db0a103eb2594ba3daf394b1dfea2","name":"admin","image":{"@type":"ImageObject","inLanguage":"de-DE","@id":"https:\/\/www.schlanser.ch\/magazin\/#\/schema\/person\/image\/","url":"https:\/\/secure.gravatar.com\/avatar\/a794a4fe8a9b9c52241597eb381dfa2e?s=96&d=mm&r=g","contentUrl":"https:\/\/secure.gravatar.com\/avatar\/a794a4fe8a9b9c52241597eb381dfa2e?s=96&d=mm&r=g","caption":"admin"}}]}},"_links":{"self":[{"href":"https:\/\/www.schlanser.ch\/magazin\/wp-json\/wp\/v2\/posts\/10551"}],"collection":[{"href":"https:\/\/www.schlanser.ch\/magazin\/wp-json\/wp\/v2\/posts"}],"about":[{"href":"https:\/\/www.schlanser.ch\/magazin\/wp-json\/wp\/v2\/types\/post"}],"author":[{"embeddable":true,"href":"https:\/\/www.schlanser.ch\/magazin\/wp-json\/wp\/v2\/users\/1"}],"replies":[{"embeddable":true,"href":"https:\/\/www.schlanser.ch\/magazin\/wp-json\/wp\/v2\/comments?post=10551"}],"version-history":[{"count":26,"href":"https:\/\/www.schlanser.ch\/magazin\/wp-json\/wp\/v2\/posts\/10551\/revisions"}],"predecessor-version":[{"id":17286,"href":"https:\/\/www.schlanser.ch\/magazin\/wp-json\/wp\/v2\/posts\/10551\/revisions\/17286"}],"wp:featuredmedia":[{"embeddable":true,"href":"https:\/\/www.schlanser.ch\/magazin\/wp-json\/wp\/v2\/media\/10578"}],"wp:attachment":[{"href":"https:\/\/www.schlanser.ch\/magazin\/wp-json\/wp\/v2\/media?parent=10551"}],"wp:term":[{"taxonomy":"category","embeddable":true,"href":"https:\/\/www.schlanser.ch\/magazin\/wp-json\/wp\/v2\/categories?post=10551"},{"taxonomy":"post_tag","embeddable":true,"href":"https:\/\/www.schlanser.ch\/magazin\/wp-json\/wp\/v2\/tags?post=10551"}],"curies":[{"name":"wp","href":"https:\/\/api.w.org\/{rel}","templated":true}]}}