{"id":10802,"date":"2020-10-19T10:44:38","date_gmt":"2020-10-19T08:44:38","guid":{"rendered":"https:\/\/www.schlanser.ch\/magazin\/?p=10802"},"modified":"2024-10-31T08:43:28","modified_gmt":"2024-10-31T07:43:28","slug":"vorzeltheizung-camping","status":"publish","type":"post","link":"https:\/\/www.schlanser.ch\/magazin\/vorzeltheizung-camping\/","title":{"rendered":"Vorzeltheizung f\u00fcr kalte Campingtage"},"content":{"rendered":"<p style=\"text-align: justify;\"><strong>Morgens erwachen Sie auf dem Campingplatz und merken bereits an Ihrem Atem, dass es ein kalter Morgen ist. Die Glasscheiben sind beschlagen und das zarte Licht l\u00e4sst einen klaren kalten Tag erwarten. Jetzt zum Fr\u00fchst\u00fccken aus dem warmen Bett ins kalte <\/strong><a href=\"https:\/\/www.schlanser.ch\/zelte\/vorzelte\/\"><strong>Vorzelt<\/strong><\/a><strong> zu gehen, erfordert einiges an \u00dcberwindung. Lesen Sie hier, welche M\u00f6glichkeiten Sie haben, um das Vorzelt als Wohnraum bedarfsgerecht zu beheizen und wie die <\/strong><a href=\"https:\/\/www.schlanser.ch\/fahrzeug\/heizen-kuehlen\/campingheizung-heizstrahler\/\"><strong>Vorzeltheizung<\/strong><\/a><strong> das Camperleben w\u00e4rmer macht!<\/strong><\/p>\n<h2>Die Eigenschaften eines Vorzelts<\/h2>\n<p style=\"text-align: justify;\">Auf dem Campingplatz bietet Ihnen Ihr Vorzelt zus\u00e4tzlichen Wohnraum, den Sie auf unterschiedliche Weise nutzen k\u00f6nnen. An heissen Tagen heizt sich der Raum durch das Sonnenlicht auf und Sie k\u00f6nnen mithilfe von L\u00fcftungs\u00f6ffnungen und Verdunkelung der transparenten Stellen eine Abk\u00fchlung erreichen.<\/p>\n<p><img loading=\"lazy\" decoding=\"async\" class=\"aligncenter wp-image-10837 size-full\" title=\"Vango Airbeam Hexaway II Tall Busvorzelt\" src=\"https:\/\/www.schlanser.ch\/magazin\/wp-content\/uploads\/2020\/11\/Vango-Airbeam-Hexaway-II-Tall-Busvorzelt.jpg\" alt=\"Vango Airbeam Hexaway II Tall Busvorzelt\" width=\"600\" height=\"375\" srcset=\"https:\/\/www.schlanser.ch\/magazin\/wp-content\/uploads\/2020\/11\/Vango-Airbeam-Hexaway-II-Tall-Busvorzelt.jpg 600w, https:\/\/www.schlanser.ch\/magazin\/wp-content\/uploads\/2020\/11\/Vango-Airbeam-Hexaway-II-Tall-Busvorzelt-300x188.jpg 300w\" sizes=\"(max-width: 600px) 100vw, 600px\" \/><\/p>\n<p style=\"text-align: justify;\">Doch was machen Sie an kalten Tagen? Wenn Sie morgens beim Fr\u00fchst\u00fcck eine Decke f\u00fcr die Beine brauchen, oder abends lieber schon ins Bett gehen, weil Sie frieren. F\u00fcr das Problem gibt es verschiedene Varianten der Vorzeltheizung.<\/p>\n<div class=\"box info  \"><div class=\"box-inner-block\"><i class=\"fa tie-shortcode-boxicon\"><\/i>\n\t\t\tVorzeltheizungen und mehr f\u00fcr das <a href=\"https:\/\/www.schlanser.ch\/erlebniswelten\/camping-bei-jedem-wetter\/\">Camping bei jedem Wetter<\/a> finden Sie in unserer Erlebniswelt. Ob Windschutz, Impr\u00e4gnierspray oder Heizmatte &#8211; so sind Sie f\u00fcr jedes Wetter bestens ausger\u00fcstet.\n\t\t\t<\/div><\/div>\n<h2>Der Extra-Raum des Campingalltags<\/h2>\n<p style=\"text-align: justify;\">W\u00e4hrend im Wohnmobil oder Wohnwagen eine gute Isolierung der W\u00e4nde besteht, haben Sie im Vorzelt lediglich d\u00fcnne Zeltw\u00e4nde.<\/p>\n<p style=\"text-align: justify;\">Im Vorzelt findet jedoch ein grosser Teil des Campinglebens statt:<\/p>\n<ul style=\"text-align: justify;\">\n<li>Es bietet Platz f\u00fcr die <a href=\"https:\/\/www.schlanser.ch\/haushalt\/\">Campingk\u00fcche mit Kochstelle und Vorratshaltung<\/a>.<\/li>\n<li>Eine grossz\u00fcgige und <a href=\"https:\/\/www.schlanser.ch\/moebel\/\">bequeme Sitzgelegenheit mit Esstisch<\/a> findet hier Platz.<\/li>\n<li>Der <a href=\"https:\/\/www.schlanser.ch\/elektro\/tv-zubehoer\/fernseher\/\">Fernseher<\/a> und die Leseecke k\u00f6nnen f\u00fcr abendliches Vergn\u00fcgen sorgen.<\/li>\n<li>Spielen Sie hier gemeinsam Brettspiele und Karten, wie Poker, Skat oder Doppelkopf. Schreiben Sie Postkarten mit Urlaubsgr\u00fcssen oder ein Reisetagebuch.<\/li>\n<\/ul>\n<blockquote>\n<p style=\"text-align: justify;\">All diese Aktivit\u00e4ten sind angenehmer, wenn Sie die M\u00f6glichkeit haben, die Vorzeltheizung zu benutzen.<\/p>\n<\/blockquote>\n<h2>Behagliche W\u00e4rme aus der Stellplatzbuchse<\/h2>\n<p style=\"text-align: justify;\">Eine Vorzeltheizung kann mit Strom oder Gas betrieben werden. Wenn Sie ohnehin eine Stromversorgung am Platz haben, k\u00f6nnen Sie mithilfe eines Mehrfachsteckers eine Buchse f\u00fcr einen elektrisch betriebenen Heizer freihalten.<\/p>\n<p><a href=\"https:\/\/www.schlanser.ch\/fahrzeug\/heizen-kuehlen\/campingheizung-heizstrahler\/74459\/brunner-heizluefter-kero-plus\"><img loading=\"lazy\" decoding=\"async\" class=\"aligncenter wp-image-10833\" title=\"Brunner Heizl\u00fcfter Kero Plus\" src=\"https:\/\/www.schlanser.ch\/thumbnail\/18\/1c\/96\/1706381500\/f54e169f4bcf4faba3595f2f429c4099_1820x1820.jpg\" alt=\"Brunner Heizl\u00fcfter Kero Plus\" width=\"400\" height=\"400\" \/><\/a><\/p>\n<p style=\"text-align: justify;\">Heizl\u00fcfter gibt es in verschiedenen Gr\u00f6ssen und Ausf\u00fchrungen. Sie bieten eine schnell verf\u00fcgbare W\u00e4rme, die erw\u00e4rmte Luft wird durch Ventilation in den Raum geblasen. Der Luftzug des Heizl\u00fcfters ist angenehm, wirbelt aber Staub auf.<\/p>\n<p><a href=\"https:\/\/www.schlanser.ch\/erlebniswelten\/saisonstart-angebote\/2819\/berger-keramik-heizluefter-plus\"><img loading=\"lazy\" decoding=\"async\" class=\"aligncenter wp-image-10841 size-full\" title=\"Berger Keramik-Heizl\u00fcfter Plus\" src=\"https:\/\/www.schlanser.ch\/magazin\/wp-content\/uploads\/2020\/11\/berger-keramik-heizluefter-plus.jpg\" alt=\"berger-keramik-heizluefter-plus\" width=\"400\" height=\"400\" srcset=\"https:\/\/www.schlanser.ch\/magazin\/wp-content\/uploads\/2020\/11\/berger-keramik-heizluefter-plus.jpg 600w, https:\/\/www.schlanser.ch\/magazin\/wp-content\/uploads\/2020\/11\/berger-keramik-heizluefter-plus-300x300.jpg 300w, https:\/\/www.schlanser.ch\/magazin\/wp-content\/uploads\/2020\/11\/berger-keramik-heizluefter-plus-150x150.jpg 150w\" sizes=\"(max-width: 400px) 100vw, 400px\" \/><\/a><\/p>\n<p style=\"text-align: justify;\">Campingheizer mit Keramikbrennst\u00e4ben haben den Vorteil, dass kein Staub und keine Haare verbrennen k\u00f6nnen. Dadurch sind sie auch bei Betrieb geruchslos.<\/p>\n<h2>Die Minibox f\u00fcr grosse W\u00e4rmeleistung<\/h2>\n<p style=\"text-align: justify;\">Angenehm warme Raumluft ohne trockene Nasenschleimhaut und ohne L\u00e4rmbel\u00e4stigung erhalten Sie zum Beispiel mit Heizger\u00e4ten der Firma Ecomat.<\/p>\n<p><a href=\"https:\/\/www.schlanser.ch\/erlebniswelten\/saisonstart-angebote\/213082\/ecomat2000-classic-heizluefter\"><img loading=\"lazy\" decoding=\"async\" class=\"aligncenter wp-image-10817 size-full\" title=\"Heizl\u00fcfter Ecomat Classic\" src=\"https:\/\/www.schlanser.ch\/magazin\/wp-content\/uploads\/2020\/11\/heizluefter-ecomat-classic.jpg\" alt=\"heizluefter-ecomat-classic\" width=\"400\" height=\"400\" srcset=\"https:\/\/www.schlanser.ch\/magazin\/wp-content\/uploads\/2020\/11\/heizluefter-ecomat-classic.jpg 400w, https:\/\/www.schlanser.ch\/magazin\/wp-content\/uploads\/2020\/11\/heizluefter-ecomat-classic-300x300.jpg 300w, https:\/\/www.schlanser.ch\/magazin\/wp-content\/uploads\/2020\/11\/heizluefter-ecomat-classic-150x150.jpg 150w\" sizes=\"(max-width: 400px) 100vw, 400px\" \/><\/a><\/p>\n<p style=\"text-align: justify;\">Die <a href=\"https:\/\/www.schlanser.ch\/ecomat\/\">Ecomat Heizl\u00fcfter<\/a> sind kompakt und ausgesprochen leise. In einer Tasche verstaut k\u00f6nnen sie bis zur Inbetriebnahme verwahrt werden. Die Luft wird nicht ausgetrocknet und der Dauerbetrieb ist m\u00f6glich, da die Ger\u00e4te sich automatisch abschalten.<\/p>\n<p><a href=\"https:\/\/www.schlanser.ch\/fahrzeug\/heizen-kuehlen\/campingheizung-heizstrahler\/443060\/ecomat2000-select-heizluefter\"><img loading=\"lazy\" decoding=\"async\" class=\"aligncenter wp-image-10819 size-full\" title=\"Heizl\u00fcfter Ecomat Select\" src=\"https:\/\/www.schlanser.ch\/magazin\/wp-content\/uploads\/2020\/11\/heizluefter-ecomat-select.jpg\" alt=\"heizluefter-ecomat-select\" width=\"400\" height=\"400\" srcset=\"https:\/\/www.schlanser.ch\/magazin\/wp-content\/uploads\/2020\/11\/heizluefter-ecomat-select.jpg 400w, https:\/\/www.schlanser.ch\/magazin\/wp-content\/uploads\/2020\/11\/heizluefter-ecomat-select-300x300.jpg 300w, https:\/\/www.schlanser.ch\/magazin\/wp-content\/uploads\/2020\/11\/heizluefter-ecomat-select-150x150.jpg 150w\" sizes=\"(max-width: 400px) 100vw, 400px\" \/><\/a><\/p>\n<p style=\"text-align: justify;\">Sie k\u00f6nnen die Ecomat Ger\u00e4te auch als Frostw\u00e4chter einsetzen, f\u00fcr schnelle W\u00e4rme k\u00f6nnen Sie die 3-Stufen-Ventilation anpassen. Die Filtermatten lassen sich wechseln, dadurch wird die Haltbarkeit enorm verl\u00e4ngert und Sie haben eine nachhaltige L\u00f6sung gefunden. Geniessen Sie hiermit W\u00e4rme, die sich selbstverst\u00e4ndlich anf\u00fchlt. Das Ger\u00e4t macht sich quasi unsichtbar.<\/p>\n<h2>Infrarot, die angenehme W\u00e4rmewelle<\/h2>\n<p style=\"text-align: justify;\">Infrarotheizer eignen sich besonders gut als Vorzeltheizung, wenn Sie eine nachhaltige Investition t\u00e4tigen wollen. <a href=\"https:\/\/www.schlanser.ch\/search?search=infrarot+heizung\">Infrarotheizungen<\/a> kommen mit einer edlen Optik daher und heizen mit neuer Infrarottechnik. Diese ist besonders energiesparend und dadurch verbrauchsarm.<\/p>\n<p><a href=\"https:\/\/www.schlanser.ch\/erlebniswelten\/saisonstart-angebote\/234822\/area-pro-warm-900-heizplatte\" class=\"broken_link\"><img loading=\"lazy\" decoding=\"async\" class=\"aligncenter wp-image-10812\" title=\"AREA PRO warm 900 Heizplatte\" src=\"https:\/\/www.schlanser.ch\/thumbnail\/c7\/76\/b9\/1674272232\/14d157ad57394592ae43be79b8b18289_1820x1820.jpg\" alt=\"AREA PRO warm 900 Heizplatte\" width=\"246\" height=\"450\" \/><\/a><\/p>\n<p style=\"text-align: justify;\">Bei der Infrarottechnik werden die Oberfl\u00e4chen von festen K\u00f6rpern erw\u00e4rmt. Diese strahlen dann die W\u00e4rme ab, zum Beispiel Tische, St\u00fchle und anderes Mobiliar. Dadurch verursacht das Ger\u00e4t kein Herumwirbeln von Staub und ist unter anderem f\u00fcr Allergiker oder sensible Menschen geeignet. Die W\u00e4rme wird als sehr angenehm und pr\u00e4sent empfunden.<\/p>\n<h2>Gasheizger\u00e4te \u2013 Gem\u00fctlichkeit auf kleiner Flamme<\/h2>\n<p style=\"text-align: justify;\">Gasbetriebene \u00d6fen bieten sich als Vorzeltheizung an, wenn Sie f\u00fcr Ihre Kochstelle ohnehin eine Gasflasche aufstellen m\u00f6chten. Diese k\u00f6nnen Sie dann \u00fcber eine Abzweigung auch an den Gasofen f\u00fcrs Vorzelt anschliessen. Durch die Verwendung eines gasbetriebenen Heizger\u00e4ts machen Sie sich von einer externen Stromquelle unabh\u00e4ngig.<\/p>\n<p><a href=\"https:\/\/www.schlanser.ch\/erlebniswelten\/saisonstart-angebote\/247124\/mr.-heater-portable-buddy-gasheizstrahler\" class=\"broken_link\"><img loading=\"lazy\" decoding=\"async\" class=\"aligncenter wp-image-10812\" title=\"Mr. Heater Portable Buddy Gasheizstrahler\" src=\"https:\/\/www.schlanser.ch\/thumbnail\/07\/27\/1a\/1674368886\/457e6ee7fcf14850a05b7fe5b9e868ea_1820x1820.jpg\" alt=\"Mr. Heater Portable Buddy Gasheizstrahler\" width=\"400\" height=\"318\" \/><\/a><\/p>\n<p style=\"text-align: justify;\">Der <a href=\"https:\/\/www.schlanser.ch\/hersteller\/hpv\/477330\/hpv-hochleistungs-gasheizstrahler\">HPV Campingheizer<\/a> ist als einfaches Ger\u00e4t ohne viel Schnickschnack perfekt f\u00fcr das Vorzelt geeignet. Die Temperatur ist nicht regulierbar. \u00dcber ein zus\u00e4tzliches Ventil an der Gaszufuhr k\u00f6nnen Sie jedoch den Gasfluss drosseln. Das Ger\u00e4t erf\u00fcllt einfache Anspr\u00fcche und kann eine solide Vorzeltheizung darstellen.<\/p>\n<h2>Viele Wege f\u00fchren zum Ziel \u2013 Ein Tipp erg\u00e4nzt die passende Vorzeltheizung<\/h2>\n<p style=\"text-align: justify;\">Ob Sie einen elektrischen Heizl\u00fcfter, einen edlen Infrarotheizer oder einen gasbetriebenen Heizstrahler benutzen, liegt ganz an Ihrem pers\u00f6nlichen Geschmack.<\/p>\n<p><a href=\"https:\/\/www.schlanser.ch\/erlebniswelten\/saisonstart-angebote\/269506\/area-pro-warm-camp-heizvorhang\"><img decoding=\"async\" class=\"aligncenter wp-image-10841 size-full\" title=\"AREA PRO warm camp Heizvorhang\" src=\"https:\/\/www.schlanser.ch\/media\/11\/90\/84\/1678461235\/94343d805ce14733b8ac6e5e020f147a.jpg\" alt=\"AREA PRO warm camp Heizvorhang\" width=\"800\" \/><\/a><\/p>\n<p style=\"text-align: justify;\">Achten Sie jedoch darauf, dass der Bodenbelag in Ihrem Vorzelt eine W\u00e4rmeisolierung bietet und zumindest gegen Feuchtigkeit sch\u00fctzt. Auch dadurch erreichen Sie eine gr\u00f6ssere Behaglichkeit an kalten Tagen.<\/p>\n<h2>Nur einer muss die K\u00e4lte verbannen<\/h2>\n<p style=\"text-align: justify;\">F\u00fcr Ihr Fr\u00fchst\u00fcck ohne Winterjacke bedeutet eine passende Vorzeltheizung, dass Sie ausknobeln, wer einige Minuten vorher aus dem warmen Bett kriecht, die Heizung anstellt und schon einmal den Kaffee vorbereitet.<\/p>\n<p><img loading=\"lazy\" decoding=\"async\" class=\"aligncenter wp-image-10847 size-full\" title=\"Kampa Dometic Ace Air All-Season 400 L aufblasbares Reisemobilvorzelt 265 cm\" src=\"https:\/\/www.schlanser.ch\/magazin\/wp-content\/uploads\/2020\/11\/Kampa-Dometic-Ace-Air-All-Season-400-L-aufblasbares-Reisemobilvorzelt-265-cm.jpg\" alt=\"Kampa Dometic Ace Air All-Season 400 L aufblasbares Reisemobilvorzelt 265 cm\" width=\"600\" height=\"300\" srcset=\"https:\/\/www.schlanser.ch\/magazin\/wp-content\/uploads\/2020\/11\/Kampa-Dometic-Ace-Air-All-Season-400-L-aufblasbares-Reisemobilvorzelt-265-cm.jpg 600w, https:\/\/www.schlanser.ch\/magazin\/wp-content\/uploads\/2020\/11\/Kampa-Dometic-Ace-Air-All-Season-400-L-aufblasbares-Reisemobilvorzelt-265-cm-300x150.jpg 300w\" sizes=\"(max-width: 600px) 100vw, 600px\" \/><\/p>\n<p style=\"text-align: justify;\">Kurz darauf ist es bereits behaglich warm im Vorzelt und das Fr\u00fchst\u00fcck kann genussvoll eingenommen werden. Somit starten Sie auch an kalten Campingtagen entspannt in neue Ferienabenteuer.<\/p>\n","protected":false},"excerpt":{"rendered":"<p>Morgens erwachen Sie auf dem Campingplatz und merken bereits an Ihrem Atem, dass es ein kalter Morgen ist. Die Glasscheiben sind beschlagen und das zarte Licht l\u00e4sst einen klaren kalten Tag erwarten. Jetzt zum Fr\u00fchst\u00fccken aus dem warmen Bett ins kalte Vorzelt zu gehen, erfordert einiges an \u00dcberwindung. Lesen Sie hier, welche M\u00f6glichkeiten Sie haben, &hellip;<\/p>\n","protected":false},"author":1,"featured_media":10821,"comment_status":"closed","ping_status":"open","sticky":false,"template":"","format":"standard","meta":{"footnotes":""},"categories":[1],"tags":[1512,18,799,619,201,1514,1513,1517,1510,143,87,140,1511,1509,1515,377,1508,1516,1518],"yoast_head":"<!-- This site is optimized with the Yoast SEO plugin v22.2 - https:\/\/yoast.com\/wordpress\/plugins\/seo\/ -->\n<title>Vorzeltheizung f\u00fcr kalte Campingtage - Schlanser Magazin<\/title>\n<meta name=\"description\" content=\"Das Schlanser Magazin berichtet \u00fcber die Vorz\u00fcge von Campingheizungen f\u00fcr kalte Campingtage \u2714 \u2013 Passende Ger\u00e4te f\u00fcr ein warmes Vorzelt im Winter!\" \/>\n<meta name=\"robots\" content=\"index, follow, max-snippet:-1, max-image-preview:large, max-video-preview:-1\" \/>\n<link rel=\"canonical\" href=\"https:\/\/www.schlanser.ch\/magazin\/vorzeltheizung-camping\/\" \/>\n<meta property=\"og:locale\" content=\"de_DE\" \/>\n<meta property=\"og:type\" content=\"article\" \/>\n<meta property=\"og:title\" content=\"Vorzeltheizung f\u00fcr kalte Campingtage - Schlanser Magazin\" \/>\n<meta property=\"og:description\" content=\"Das Schlanser Magazin berichtet \u00fcber die Vorz\u00fcge von Campingheizungen f\u00fcr kalte Campingtage \u2714 \u2013 Passende Ger\u00e4te f\u00fcr ein warmes Vorzelt im Winter!\" \/>\n<meta property=\"og:url\" content=\"https:\/\/www.schlanser.ch\/magazin\/vorzeltheizung-camping\/\" \/>\n<meta property=\"og:site_name\" content=\"Schlanser Magazin\" \/>\n<meta property=\"article:published_time\" content=\"2020-10-19T08:44:38+00:00\" \/>\n<meta property=\"article:modified_time\" content=\"2024-10-31T07:43:28+00:00\" \/>\n<meta property=\"og:image\" content=\"https:\/\/www.schlanser.ch\/magazin\/wp-content\/uploads\/2020\/11\/vorzeltheizung-camping.jpg\" \/>\n\t<meta property=\"og:image:width\" content=\"800\" \/>\n\t<meta property=\"og:image:height\" content=\"500\" \/>\n\t<meta property=\"og:image:type\" content=\"image\/jpeg\" \/>\n<meta name=\"author\" content=\"admin\" \/>\n<meta name=\"twitter:card\" content=\"summary_large_image\" \/>\n<meta name=\"twitter:label1\" content=\"Verfasst von\" \/>\n\t<meta name=\"twitter:data1\" content=\"admin\" \/>\n\t<meta name=\"twitter:label2\" content=\"Gesch\u00e4tzte Lesezeit\" \/>\n\t<meta name=\"twitter:data2\" content=\"7 Minuten\" \/>\n<script type=\"application\/ld+json\" class=\"yoast-schema-graph\">{\"@context\":\"https:\/\/schema.org\",\"@graph\":[{\"@type\":\"WebPage\",\"@id\":\"https:\/\/www.schlanser.ch\/magazin\/vorzeltheizung-camping\/\",\"url\":\"https:\/\/www.schlanser.ch\/magazin\/vorzeltheizung-camping\/\",\"name\":\"Vorzeltheizung f\u00fcr kalte Campingtage - Schlanser Magazin\",\"isPartOf\":{\"@id\":\"https:\/\/www.schlanser.ch\/magazin\/#website\"},\"primaryImageOfPage\":{\"@id\":\"https:\/\/www.schlanser.ch\/magazin\/vorzeltheizung-camping\/#primaryimage\"},\"image\":{\"@id\":\"https:\/\/www.schlanser.ch\/magazin\/vorzeltheizung-camping\/#primaryimage\"},\"thumbnailUrl\":\"https:\/\/www.schlanser.ch\/magazin\/wp-content\/uploads\/2020\/11\/vorzeltheizung-camping.jpg\",\"datePublished\":\"2020-10-19T08:44:38+00:00\",\"dateModified\":\"2024-10-31T07:43:28+00:00\",\"author\":{\"@id\":\"https:\/\/www.schlanser.ch\/magazin\/#\/schema\/person\/000db0a103eb2594ba3daf394b1dfea2\"},\"description\":\"Das Schlanser Magazin berichtet \u00fcber die Vorz\u00fcge von Campingheizungen f\u00fcr kalte Campingtage \u2714 \u2013 Passende Ger\u00e4te f\u00fcr ein warmes Vorzelt im Winter!\",\"breadcrumb\":{\"@id\":\"https:\/\/www.schlanser.ch\/magazin\/vorzeltheizung-camping\/#breadcrumb\"},\"inLanguage\":\"de-DE\",\"potentialAction\":[{\"@type\":\"ReadAction\",\"target\":[\"https:\/\/www.schlanser.ch\/magazin\/vorzeltheizung-camping\/\"]}]},{\"@type\":\"ImageObject\",\"inLanguage\":\"de-DE\",\"@id\":\"https:\/\/www.schlanser.ch\/magazin\/vorzeltheizung-camping\/#primaryimage\",\"url\":\"https:\/\/www.schlanser.ch\/magazin\/wp-content\/uploads\/2020\/11\/vorzeltheizung-camping.jpg\",\"contentUrl\":\"https:\/\/www.schlanser.ch\/magazin\/wp-content\/uploads\/2020\/11\/vorzeltheizung-camping.jpg\",\"width\":800,\"height\":500},{\"@type\":\"BreadcrumbList\",\"@id\":\"https:\/\/www.schlanser.ch\/magazin\/vorzeltheizung-camping\/#breadcrumb\",\"itemListElement\":[{\"@type\":\"ListItem\",\"position\":1,\"name\":\"Startseite\",\"item\":\"https:\/\/www.schlanser.ch\/magazin\/\"},{\"@type\":\"ListItem\",\"position\":2,\"name\":\"Vorzeltheizung f\u00fcr kalte Campingtage\"}]},{\"@type\":\"WebSite\",\"@id\":\"https:\/\/www.schlanser.ch\/magazin\/#website\",\"url\":\"https:\/\/www.schlanser.ch\/magazin\/\",\"name\":\"Schlanser Magazin\",\"description\":\"\",\"potentialAction\":[{\"@type\":\"SearchAction\",\"target\":{\"@type\":\"EntryPoint\",\"urlTemplate\":\"https:\/\/www.schlanser.ch\/magazin\/?s={search_term_string}\"},\"query-input\":\"required name=search_term_string\"}],\"inLanguage\":\"de-DE\"},{\"@type\":\"Person\",\"@id\":\"https:\/\/www.schlanser.ch\/magazin\/#\/schema\/person\/000db0a103eb2594ba3daf394b1dfea2\",\"name\":\"admin\",\"image\":{\"@type\":\"ImageObject\",\"inLanguage\":\"de-DE\",\"@id\":\"https:\/\/www.schlanser.ch\/magazin\/#\/schema\/person\/image\/\",\"url\":\"https:\/\/secure.gravatar.com\/avatar\/a794a4fe8a9b9c52241597eb381dfa2e?s=96&d=mm&r=g\",\"contentUrl\":\"https:\/\/secure.gravatar.com\/avatar\/a794a4fe8a9b9c52241597eb381dfa2e?s=96&d=mm&r=g\",\"caption\":\"admin\"}}]}<\/script>\n<!-- \/ Yoast SEO plugin. -->","yoast_head_json":{"title":"Vorzeltheizung f\u00fcr kalte Campingtage - Schlanser Magazin","description":"Das Schlanser Magazin berichtet \u00fcber die Vorz\u00fcge von Campingheizungen f\u00fcr kalte Campingtage \u2714 \u2013 Passende Ger\u00e4te f\u00fcr ein warmes Vorzelt im Winter!","robots":{"index":"index","follow":"follow","max-snippet":"max-snippet:-1","max-image-preview":"max-image-preview:large","max-video-preview":"max-video-preview:-1"},"canonical":"https:\/\/www.schlanser.ch\/magazin\/vorzeltheizung-camping\/","og_locale":"de_DE","og_type":"article","og_title":"Vorzeltheizung f\u00fcr kalte Campingtage - Schlanser Magazin","og_description":"Das Schlanser Magazin berichtet \u00fcber die Vorz\u00fcge von Campingheizungen f\u00fcr kalte Campingtage \u2714 \u2013 Passende Ger\u00e4te f\u00fcr ein warmes Vorzelt im Winter!","og_url":"https:\/\/www.schlanser.ch\/magazin\/vorzeltheizung-camping\/","og_site_name":"Schlanser Magazin","article_published_time":"2020-10-19T08:44:38+00:00","article_modified_time":"2024-10-31T07:43:28+00:00","og_image":[{"width":800,"height":500,"url":"https:\/\/www.schlanser.ch\/magazin\/wp-content\/uploads\/2020\/11\/vorzeltheizung-camping.jpg","type":"image\/jpeg"}],"author":"admin","twitter_card":"summary_large_image","twitter_misc":{"Verfasst von":"admin","Gesch\u00e4tzte Lesezeit":"7 Minuten"},"schema":{"@context":"https:\/\/schema.org","@graph":[{"@type":"WebPage","@id":"https:\/\/www.schlanser.ch\/magazin\/vorzeltheizung-camping\/","url":"https:\/\/www.schlanser.ch\/magazin\/vorzeltheizung-camping\/","name":"Vorzeltheizung f\u00fcr kalte Campingtage - Schlanser Magazin","isPartOf":{"@id":"https:\/\/www.schlanser.ch\/magazin\/#website"},"primaryImageOfPage":{"@id":"https:\/\/www.schlanser.ch\/magazin\/vorzeltheizung-camping\/#primaryimage"},"image":{"@id":"https:\/\/www.schlanser.ch\/magazin\/vorzeltheizung-camping\/#primaryimage"},"thumbnailUrl":"https:\/\/www.schlanser.ch\/magazin\/wp-content\/uploads\/2020\/11\/vorzeltheizung-camping.jpg","datePublished":"2020-10-19T08:44:38+00:00","dateModified":"2024-10-31T07:43:28+00:00","author":{"@id":"https:\/\/www.schlanser.ch\/magazin\/#\/schema\/person\/000db0a103eb2594ba3daf394b1dfea2"},"description":"Das Schlanser Magazin berichtet \u00fcber die Vorz\u00fcge von Campingheizungen f\u00fcr kalte Campingtage \u2714 \u2013 Passende Ger\u00e4te f\u00fcr ein warmes Vorzelt im Winter!","breadcrumb":{"@id":"https:\/\/www.schlanser.ch\/magazin\/vorzeltheizung-camping\/#breadcrumb"},"inLanguage":"de-DE","potentialAction":[{"@type":"ReadAction","target":["https:\/\/www.schlanser.ch\/magazin\/vorzeltheizung-camping\/"]}]},{"@type":"ImageObject","inLanguage":"de-DE","@id":"https:\/\/www.schlanser.ch\/magazin\/vorzeltheizung-camping\/#primaryimage","url":"https:\/\/www.schlanser.ch\/magazin\/wp-content\/uploads\/2020\/11\/vorzeltheizung-camping.jpg","contentUrl":"https:\/\/www.schlanser.ch\/magazin\/wp-content\/uploads\/2020\/11\/vorzeltheizung-camping.jpg","width":800,"height":500},{"@type":"BreadcrumbList","@id":"https:\/\/www.schlanser.ch\/magazin\/vorzeltheizung-camping\/#breadcrumb","itemListElement":[{"@type":"ListItem","position":1,"name":"Startseite","item":"https:\/\/www.schlanser.ch\/magazin\/"},{"@type":"ListItem","position":2,"name":"Vorzeltheizung f\u00fcr kalte Campingtage"}]},{"@type":"WebSite","@id":"https:\/\/www.schlanser.ch\/magazin\/#website","url":"https:\/\/www.schlanser.ch\/magazin\/","name":"Schlanser Magazin","description":"","potentialAction":[{"@type":"SearchAction","target":{"@type":"EntryPoint","urlTemplate":"https:\/\/www.schlanser.ch\/magazin\/?s={search_term_string}"},"query-input":"required name=search_term_string"}],"inLanguage":"de-DE"},{"@type":"Person","@id":"https:\/\/www.schlanser.ch\/magazin\/#\/schema\/person\/000db0a103eb2594ba3daf394b1dfea2","name":"admin","image":{"@type":"ImageObject","inLanguage":"de-DE","@id":"https:\/\/www.schlanser.ch\/magazin\/#\/schema\/person\/image\/","url":"https:\/\/secure.gravatar.com\/avatar\/a794a4fe8a9b9c52241597eb381dfa2e?s=96&d=mm&r=g","contentUrl":"https:\/\/secure.gravatar.com\/avatar\/a794a4fe8a9b9c52241597eb381dfa2e?s=96&d=mm&r=g","caption":"admin"}}]}},"_links":{"self":[{"href":"https:\/\/www.schlanser.ch\/magazin\/wp-json\/wp\/v2\/posts\/10802"}],"collection":[{"href":"https:\/\/www.schlanser.ch\/magazin\/wp-json\/wp\/v2\/posts"}],"about":[{"href":"https:\/\/www.schlanser.ch\/magazin\/wp-json\/wp\/v2\/types\/post"}],"author":[{"embeddable":true,"href":"https:\/\/www.schlanser.ch\/magazin\/wp-json\/wp\/v2\/users\/1"}],"replies":[{"embeddable":true,"href":"https:\/\/www.schlanser.ch\/magazin\/wp-json\/wp\/v2\/comments?post=10802"}],"version-history":[{"count":59,"href":"https:\/\/www.schlanser.ch\/magazin\/wp-json\/wp\/v2\/posts\/10802\/revisions"}],"predecessor-version":[{"id":18406,"href":"https:\/\/www.schlanser.ch\/magazin\/wp-json\/wp\/v2\/posts\/10802\/revisions\/18406"}],"wp:featuredmedia":[{"embeddable":true,"href":"https:\/\/www.schlanser.ch\/magazin\/wp-json\/wp\/v2\/media\/10821"}],"wp:attachment":[{"href":"https:\/\/www.schlanser.ch\/magazin\/wp-json\/wp\/v2\/media?parent=10802"}],"wp:term":[{"taxonomy":"category","embeddable":true,"href":"https:\/\/www.schlanser.ch\/magazin\/wp-json\/wp\/v2\/categories?post=10802"},{"taxonomy":"post_tag","embeddable":true,"href":"https:\/\/www.schlanser.ch\/magazin\/wp-json\/wp\/v2\/tags?post=10802"}],"curies":[{"name":"wp","href":"https:\/\/api.w.org\/{rel}","templated":true}]}}