{"id":11012,"date":"2020-11-23T10:10:48","date_gmt":"2020-11-23T09:10:48","guid":{"rendered":"https:\/\/www.schlanser.ch\/magazin\/?p=11012"},"modified":"2024-01-10T15:45:35","modified_gmt":"2024-01-10T14:45:35","slug":"deckenschlafsaecke","status":"publish","type":"post","link":"https:\/\/www.schlanser.ch\/magazin\/deckenschlafsaecke\/","title":{"rendered":"Deckenschlafs\u00e4cke"},"content":{"rendered":"<h2>\u00ab Wandelbare Klassiker mit vielen Vorz\u00fcgen \u00bb<\/h2>\n<p style=\"text-align: justify;\"><strong>Im Campingurlaub m\u00f6chten Sie einen gewissen Komfort nicht entbehren. Die einen nehmen sich zum Schlafen Ihr gewohntes Federbett mit, die anderen schlafen mit <\/strong><strong>Isomatte<\/strong><strong> im engen Mumienschlafsack. Wie gut w\u00e4re es, die Eigenschaften der verschiedenen Zudecken zu kombinieren, also sowohl genug Bewegungsfreiheit zu haben als auch einen geringen W\u00e4rmeverlust in der Nacht? Erfahren Sie mehr \u00fcber die <\/strong><strong>Deckenschlafs\u00e4cke<\/strong><strong> als geniale Kompromissl\u00f6sung.<\/strong><\/p>\n<h2>Nachts warmhalten \u2013 wie Sie im Zelt oder Wohnmobil nicht frieren<\/h2>\n<p style=\"text-align: justify;\">Beim Camping verbringen Sie Ihre Zeit in der Natur. In kalten N\u00e4chten sind Sie daher auch st\u00e4rker der Aussentemperatur ausgesetzt. Die Verwendung eines Schlafsacks verspricht den besseren Erhalt der K\u00f6rperw\u00e4rme und den Schutz vor dem Ausk\u00fchlen bei niedriger Umgebungstemperatur, weil er den K\u00f6rper komplett einh\u00fcllt. Einen Schlafsack als Decke zu verwenden kann helfen, dass Sie sich auch nachts im <a href=\"https:\/\/www.schlanser.ch\/zelte\/campingzelte\/\">Campingzelt<\/a> behaglich warm und gem\u00fctlich f\u00fchlen.<\/p>\n<p><img loading=\"lazy\" decoding=\"async\" class=\"aligncenter wp-image-11037\" title=\"Mountain Guide Deckenschlafsack Quinto | weiches Flanellfutter | minimales Packma\u00df\" src=\"https:\/\/www.schlanser.ch\/magazin\/wp-content\/uploads\/2020\/12\/mountain-guide-deckenschlafsack-quinto.jpg\" alt=\"mountain-guide-deckenschlafsack-quinto-deckenschlafsaecke\" width=\"500\" height=\"313\" srcset=\"https:\/\/www.schlanser.ch\/magazin\/wp-content\/uploads\/2020\/12\/mountain-guide-deckenschlafsack-quinto.jpg 600w, https:\/\/www.schlanser.ch\/magazin\/wp-content\/uploads\/2020\/12\/mountain-guide-deckenschlafsack-quinto-300x188.jpg 300w\" sizes=\"(max-width: 500px) 100vw, 500px\" \/><\/p>\n<p style=\"text-align: justify;\">Mumienschlafs\u00e4cke kommen mit wenig Material aus, damit das Packmass sowie das Gewicht gering bleiben, sind sie im Beinbereich schmaler zugeschnitten. Leider ist es nicht jedermanns Sache, sich in einen Schlafsack zu quetschen und die Nacht mit wenig Beinfreiheit hinter sich zu bringen. Nicht zuletzt kann das Gef\u00fchl eingeengt zu sein, zu Alptr\u00e4umen f\u00fchren.<\/p>\n<h2>Deckenschlafs\u00e4cke \u2013 auf viele Arten zu nutzen<\/h2>\n<p style=\"text-align: justify;\">Einen Schlafsack als Decke zu verwenden, hat mehrere Vorteile, es kann Ihnen mehr Beinfreiheit und damit erholsameren Schlaf bescheren. Ein viereckiger Schlafsack spart nicht am Material in der Beinbreite, sondern die Form verl\u00e4uft bis zum Fussende grossz\u00fcgig.<\/p>\n<p><img loading=\"lazy\" decoding=\"async\" class=\"aligncenter wp-image-11022\" title=\"Berger Deckenschlafsack Camper Comfort | tolles Design | flauschiges Material\" src=\"https:\/\/www.schlanser.ch\/magazin\/wp-content\/uploads\/2020\/12\/berger-deckenschlafsack-camper-comfort.jpg\" alt=\"berger-deckenschlafsack-camper-comfort-deckenschlafsaecke\" width=\"500\" height=\"263\" srcset=\"https:\/\/www.schlanser.ch\/magazin\/wp-content\/uploads\/2020\/12\/berger-deckenschlafsack-camper-comfort.jpg 600w, https:\/\/www.schlanser.ch\/magazin\/wp-content\/uploads\/2020\/12\/berger-deckenschlafsack-camper-comfort-300x158.jpg 300w\" sizes=\"(max-width: 500px) 100vw, 500px\" \/><\/p>\n<p style=\"text-align: justify;\">Das Augenmerk wird auf den Komfort durch mehr Platz gelegt, statt darauf, m\u00f6glichst wenig W\u00e4rme an Hohlr\u00e4ume zu verschenken. Sie haben auch im geschlossenen Zustand viel mehr Platz. Ein viereckiger Schlafsack kann zudem mit dem durchgehenden Reissverschluss in eine komfortable Zudecke verwandelt werden.<\/p>\n<h2>Gem\u00fctliche Zweisamkeit \u2013 Kuschelfaktor f\u00fcr Paare<\/h2>\n<p style=\"text-align: justify;\">Ein gew\u00f6hnlicher Schlafsack ist zu schmal, um zu zweit darin zu schlafen. Der Berger Deckenschlafsack Duo ist jedoch breit genug, damit zwei liebende Menschen bequem darin schlafen k\u00f6nnen. Sind Sie es gewohnt, gemeinsam einzuschlafen? Sie m\u00fcssen beim Camping keine Abstriche machen. Aber auch f\u00fcr besonders viel Bewegungsfreiheit f\u00fcr eine Person in der Nacht eignet sich der Berger XXL-Schlafsack mit \u00dcberbreite.<\/p>\n<p><img loading=\"lazy\" decoding=\"async\" class=\"aligncenter wp-image-11026\" title=\"Berger Deckenschlafsack Torino Double | f\u00fcr zwei Personen | kann beidseitig ge\u00f6ffnet werden\" src=\"https:\/\/www.schlanser.ch\/magazin\/wp-content\/uploads\/2020\/12\/berger-deckenschlafsack-torino-double.jpg\" alt=\"berger-deckenschlafsack-torino-double\" width=\"500\" height=\"313\" srcset=\"https:\/\/www.schlanser.ch\/magazin\/wp-content\/uploads\/2020\/12\/berger-deckenschlafsack-torino-double.jpg 600w, https:\/\/www.schlanser.ch\/magazin\/wp-content\/uploads\/2020\/12\/berger-deckenschlafsack-torino-double-300x188.jpg 300w\" sizes=\"(max-width: 500px) 100vw, 500px\" \/><\/p>\n<p style=\"text-align: justify;\">Genau wie bei Berger ist auch beim Outwell Deckenschlafsack Camper Lux ein Innenfutter aus 100% Baumwolle verarbeitet, was hohen Schlafkomfort bietet. Das Problem, dass an Reissverschl\u00fcssen K\u00e4ltebr\u00fccken entstehen, wird bei Outwell durch zwei versetzte Lagen gel\u00f6st, damit Sie noch w\u00e4rmer und gem\u00fctlicher \u00fcbernachten k\u00f6nnen. Ausserdem haben Sie die M\u00f6glichkeit, zwei Schlafs\u00e4cke miteinander zu koppeln, um einen XXL-Schlafsack zu bekommen, so k\u00f6nnen Sie sehr grossz\u00fcgig n\u00e4chtigen oder mit einem lieben Menschen gemeinsam \u00fcbernachten.<\/p>\n<p><img loading=\"lazy\" decoding=\"async\" class=\"aligncenter wp-image-11028\" title=\"Outwell Deckenschlafsack Camper links | koppelbar | eingen\u00e4htes Kopfkissen\" src=\"https:\/\/www.schlanser.ch\/magazin\/wp-content\/uploads\/2020\/12\/outwell-deckenschlafsack-camper-links.jpg\" alt=\"outwell-deckenschlafsack-camper-links-deckenschlafsaecke\" width=\"321\" height=\"350\" srcset=\"https:\/\/www.schlanser.ch\/magazin\/wp-content\/uploads\/2020\/12\/outwell-deckenschlafsack-camper-links.jpg 500w, https:\/\/www.schlanser.ch\/magazin\/wp-content\/uploads\/2020\/12\/outwell-deckenschlafsack-camper-links-275x300.jpg 275w\" sizes=\"(max-width: 321px) 100vw, 321px\" \/><\/p>\n<p style=\"text-align: justify;\">Achten Sie dann beim Kauf darauf, auf welcher Seite sich der Reissverschluss befindet. Koppelbar sind Schlafs\u00e4cke, mit einem rechten und einem linken Reissverschluss in Kombination. Die integrierten Kopfkissen in den Outwell Deckenschlafs\u00e4cken sind zus\u00e4tzliche Vorteile, wenn Sie nicht auf Ihr gewohntes Kissen bestehen. Falls doch, bieten Ihnen daf\u00fcr die Berger Deckenschlafs\u00e4cke Platz.<\/p>\n<h2>Tipps zur guten Pflege von Deckenschlafs\u00e4cken<\/h2>\n<ol>\n<li style=\"text-align: justify;\">Nach jeder Nacht gut ausl\u00fcften: Berger verarbeitet als Innenfutter Hohlfaserpolyester, welches die Feuchtigkeit, die Sie nachts absondern gut aufnehmen und teilweise ableiten kann. Damit die Deckenschlafs\u00e4cke nicht muffig werden, m\u00fcssen sie jeden Morgen gel\u00fcftet werden, damit die restliche Feuchtigkeit entweichen kann.<br \/>\n<img loading=\"lazy\" decoding=\"async\" class=\"aligncenter wp-image-11046\" title=\"Berger Deckenschlafsack ArizonaXXL | \u00fcberstehendes Kopfteil | extrabreite Komfort-Ausf\u00fchrung\" src=\"https:\/\/www.schlanser.ch\/magazin\/wp-content\/uploads\/2020\/12\/berger-deckenschlafsack-arizonaxxl.jpg\" alt=\"berger-deckenschlafsack-arizonaxxl\" width=\"500\" height=\"275\" srcset=\"https:\/\/www.schlanser.ch\/magazin\/wp-content\/uploads\/2020\/12\/berger-deckenschlafsack-arizonaxxl.jpg 600w, https:\/\/www.schlanser.ch\/magazin\/wp-content\/uploads\/2020\/12\/berger-deckenschlafsack-arizonaxxl-300x165.jpg 300w\" sizes=\"(max-width: 500px) 100vw, 500px\" \/><\/li>\n<li style=\"text-align: justify;\">Die Reinigung: Sie sollten Schlafs\u00e4cke nur alle zwei Jahre sowie nach Bedarf waschen, es gilt das Credo: so selten wie m\u00f6glich, so oft wie n\u00f6tig. Sollte er doch einmal unangenehm riechen, h\u00e4ngen Sie ihn im Duschraum auf, w\u00e4hrend sie duschen. Die hohe Luftfeuchtigkeit wird das Material sanft reinigen, eine anschliessende gute Ausl\u00fcftung f\u00fchrt oft dazu, dass mit der Feuchtigkeit auch die Ger\u00fcche entweichen. Bei Verschmutzungen m\u00fcssen Deckenschlafs\u00e4cke nat\u00fcrlich gewaschen werden, eventuell gen\u00fcgt eine partielle, vorsichtige Reinigung per Hand. In der Waschmaschine sollten Sie die Schleuderfunktion m\u00f6glichst gering einstellen, je nachdem, wie schnell die Trocknung erfolgen kann. Im Sommer bei heissem Wetter, Sonnenschein und Wind, sollten Berger Deckenschlafs\u00e4cke bis zum n\u00e4chsten Abend wieder verf\u00fcgbar sein, da das Material die Feuchtigkeit gut abgibt.<br \/>\n<img loading=\"lazy\" decoding=\"async\" class=\"aligncenter wp-image-11048\" title=\"Berger Deckenschlafsack Montana | weiches Flanellfutter f\u00fcr mehr Komfort\" src=\"https:\/\/www.schlanser.ch\/magazin\/wp-content\/uploads\/2020\/12\/berger-deckenschlafsack-montana.jpg\" alt=\"berger-deckenschlafsack-montana-deckenschlafsaecke\" width=\"500\" height=\"267\" srcset=\"https:\/\/www.schlanser.ch\/magazin\/wp-content\/uploads\/2020\/12\/berger-deckenschlafsack-montana.jpg 600w, https:\/\/www.schlanser.ch\/magazin\/wp-content\/uploads\/2020\/12\/berger-deckenschlafsack-montana-300x160.jpg 300w, https:\/\/www.schlanser.ch\/magazin\/wp-content\/uploads\/2020\/12\/berger-deckenschlafsack-montana-310x165.jpg 310w\" sizes=\"(max-width: 500px) 100vw, 500px\" \/><\/li>\n<li style=\"text-align: justify;\">Die Aufbewahrung: Deckenschlafs\u00e4cke sollten Sie m\u00f6glichst nicht in der Verpackungstasche lagern, sondern freih\u00e4ngend in einem Kleiderschrank. Das schont das Material, erh\u00e4lt es frisch und Ihre Zudecke ist stets f\u00fcr den n\u00e4chsten Einsatz bereit.<\/li>\n<\/ol>\n<h2>Schutz vor Schmutz: Ein H\u00fcttenschlafsack sorgt f\u00fcr mehr Hygiene<\/h2>\n<p style=\"text-align: justify;\">Die \u00dcbernachtung in Bergh\u00fctten auf mehrt\u00e4gigen Wanderungen kann mit vorhandenem Bettzeug und eigenem H\u00fcttenschlafsack hygienisch und mit wenig Gep\u00e4ck gestaltet werden. Dieser d\u00fcnne Einzug h\u00e4lt kaum warm, dient jedoch als Schutzh\u00fclle vor dem fremden Bettzeug. Das Baumwoll-Mischgewebe ist bei 30 Grad waschbar und trocknet schnell, da keine F\u00fcllung vorhanden ist.<\/p>\n<p><img loading=\"lazy\" decoding=\"async\" class=\"aligncenter wp-image-11018\" title=\"TC-Inlett H\u00fcttenschlafsack\" src=\"https:\/\/www.schlanser.ch\/magazin\/wp-content\/uploads\/2020\/12\/tc-inlett-huettenschlafsack.jpg\" alt=\"tc-inlett-huettenschlafsack\" width=\"500\" height=\"267\" srcset=\"https:\/\/www.schlanser.ch\/magazin\/wp-content\/uploads\/2020\/12\/tc-inlett-huettenschlafsack.jpg 600w, https:\/\/www.schlanser.ch\/magazin\/wp-content\/uploads\/2020\/12\/tc-inlett-huettenschlafsack-300x160.jpg 300w, https:\/\/www.schlanser.ch\/magazin\/wp-content\/uploads\/2020\/12\/tc-inlett-huettenschlafsack-310x165.jpg 310w\" sizes=\"(max-width: 500px) 100vw, 500px\" \/><\/p>\n<p style=\"text-align: justify;\">Den H\u00fcttenschlafsack k\u00f6nnen Sie auch in Ihrem Deckenschlafsack als zus\u00e4tzliche Schutzh\u00fclle verwenden. Im Campingalltag stehen Sie dann auch nicht bei einer notwendig gewordenen W\u00e4sche ohne Zudecke da, sondern waschen lediglich das Innenteil. Sollte er abends noch feucht sein, verwenden Sie eben Ihre Decke ohne H\u00fcttenschlafsack.<\/p>\n<h2>Raupenwanderung: Flexibel bleiben im warmen Kokon<\/h2>\n<p style=\"text-align: justify;\">Der Berger Deckenschlafsack Camper Suit verspricht besonders viel Flexibilit\u00e4t. Der spezielle Reissverschluss bietet die M\u00f6glichkeit, Arme und Beine freizulegen und ansonsten weiterhin im Schlafsack zu stecken. Sie haben also die Gelegenheit, einen M\u00fcckenstich am Knie zu versorgen, ohne sich aus der warmen H\u00fclle zu sch\u00e4len. Ausserdem k\u00f6nnen Sie die F\u00fcsse freilegen und so mit dem Deckenschlafsack laufen, um nachts etwas zu trinken zu holen oder morgens direkt vom Schlafplatz zur <a href=\"https:\/\/www.schlanser.ch\/moebel\/campingmoebel\/campingliegen\/\">Campingliege<\/a> umzuziehen, um den Sonnenaufgang zu geniessen, ohne zu frieren.<\/p>\n<p><img loading=\"lazy\" decoding=\"async\" class=\"aligncenter wp-image-11034 size-full\" title=\"Berger Deckenschlafsack Camper Suit | weiches Soft-Fleece innen | integrierte Taschen\" src=\"https:\/\/www.schlanser.ch\/magazin\/wp-content\/uploads\/2020\/12\/berger-deckenschlafsack-camper-suit.jpg\" alt=\"berger-deckenschlafsack-camper-suit-deckenschlafsaecke\" width=\"600\" height=\"375\" srcset=\"https:\/\/www.schlanser.ch\/magazin\/wp-content\/uploads\/2020\/12\/berger-deckenschlafsack-camper-suit.jpg 600w, https:\/\/www.schlanser.ch\/magazin\/wp-content\/uploads\/2020\/12\/berger-deckenschlafsack-camper-suit-300x188.jpg 300w\" sizes=\"(max-width: 600px) 100vw, 600px\" \/><\/p>\n<p style=\"text-align: justify;\">Dieser Berger Deckenschlafsack eignet sich somit nicht nur f\u00fcr \u00dcbernachtungen, sondern bietet auch tags\u00fcber eine gute Hilfe, wenn Sie beispielsweise an k\u00fchlen Tagen unter freiem Himmel auf Ihrem Campingsessel etwas lesen wollen. Besonders im Fr\u00fchling oder im Herbst ist es grossartig, die Sonnenstrahlen und die klare, k\u00fchle Luft im Gesicht zu sp\u00fcren und den Rest des K\u00f6rpers wohlig warm zu halten. Deckenschlafs\u00e4cke k\u00f6nnen viel mehr als nur ein viereckiger Schlafsack sein.<\/p>\n<p><img loading=\"lazy\" decoding=\"async\" class=\"aligncenter wp-image-11042\" title=\"Berger Deckenschlafsack Camper | auch als Decke verwendbar | koppelbar | weiches Flanellfutter\" src=\"https:\/\/www.schlanser.ch\/magazin\/wp-content\/uploads\/2020\/12\/berger-deckenschlafsack-camper.jpg\" alt=\"berger-deckenschlafsack-camper\" width=\"500\" height=\"283\" srcset=\"https:\/\/www.schlanser.ch\/magazin\/wp-content\/uploads\/2020\/12\/berger-deckenschlafsack-camper.jpg 600w, https:\/\/www.schlanser.ch\/magazin\/wp-content\/uploads\/2020\/12\/berger-deckenschlafsack-camper-300x170.jpg 300w\" sizes=\"(max-width: 500px) 100vw, 500px\" \/><\/p>\n<p style=\"text-align: justify;\">Sie k\u00f6nnen die Gem\u00fctlichkeit der Decke von Zuhause gut imitieren, sind flexibel anzuwenden, halten warm ohne nass zu werden und k\u00f6nnen mit anderen Deckenschlafs\u00e4cken kombiniert werden. Mit diesen Vorz\u00fcgen k\u00f6nnen die Hersteller der Klassiker, wie Berger und Outwell, punkten. So macht Camping Spass!<\/p>\n","protected":false},"excerpt":{"rendered":"<p>\u00ab Wandelbare Klassiker mit vielen Vorz\u00fcgen \u00bb Im Campingurlaub m\u00f6chten Sie einen gewissen Komfort nicht entbehren. Die einen nehmen sich zum Schlafen Ihr gewohntes Federbett mit, die anderen schlafen mit Isomatte im engen Mumienschlafsack. Wie gut w\u00e4re es, die Eigenschaften der verschiedenen Zudecken zu kombinieren, also sowohl genug Bewegungsfreiheit zu haben als auch einen geringen &hellip;<\/p>\n","protected":false},"author":1,"featured_media":11021,"comment_status":"closed","ping_status":"open","sticky":false,"template":"","format":"standard","meta":{"footnotes":""},"categories":[3],"tags":[18,1556,57,1557,1558,1559,48,56,349],"yoast_head":"<!-- This site is optimized with the Yoast SEO plugin v22.2 - https:\/\/yoast.com\/wordpress\/plugins\/seo\/ -->\n<title>Deckenschlafs\u00e4cke - Schlanser Magazin<\/title>\n<meta name=\"description\" content=\"Das Schlanser Magazin f\u00fcr Camping Profis und alle die es werden wollen, stellt Deckenschlafs\u00e4cke vor \u2714 \u2013 Schlafsack und Bettdecke in einem!\" \/>\n<meta name=\"robots\" content=\"index, follow, max-snippet:-1, max-image-preview:large, max-video-preview:-1\" \/>\n<link rel=\"canonical\" href=\"https:\/\/www.schlanser.ch\/magazin\/deckenschlafsaecke\/\" \/>\n<meta property=\"og:locale\" content=\"de_DE\" \/>\n<meta property=\"og:type\" content=\"article\" \/>\n<meta property=\"og:title\" content=\"Deckenschlafs\u00e4cke - Schlanser Magazin\" \/>\n<meta property=\"og:description\" content=\"Das Schlanser Magazin f\u00fcr Camping Profis und alle die es werden wollen, stellt Deckenschlafs\u00e4cke vor \u2714 \u2013 Schlafsack und Bettdecke in einem!\" \/>\n<meta property=\"og:url\" content=\"https:\/\/www.schlanser.ch\/magazin\/deckenschlafsaecke\/\" \/>\n<meta property=\"og:site_name\" content=\"Schlanser Magazin\" \/>\n<meta property=\"article:published_time\" content=\"2020-11-23T09:10:48+00:00\" \/>\n<meta property=\"article:modified_time\" content=\"2024-01-10T14:45:35+00:00\" \/>\n<meta property=\"og:image\" content=\"https:\/\/www.schlanser.ch\/magazin\/wp-content\/uploads\/2020\/12\/deckenschlafsaecke.jpg\" \/>\n\t<meta property=\"og:image:width\" content=\"800\" \/>\n\t<meta property=\"og:image:height\" content=\"500\" \/>\n\t<meta property=\"og:image:type\" content=\"image\/jpeg\" \/>\n<meta name=\"author\" content=\"admin\" \/>\n<meta name=\"twitter:card\" content=\"summary_large_image\" \/>\n<meta name=\"twitter:label1\" content=\"Verfasst von\" \/>\n\t<meta name=\"twitter:data1\" content=\"admin\" \/>\n\t<meta name=\"twitter:label2\" content=\"Gesch\u00e4tzte Lesezeit\" \/>\n\t<meta name=\"twitter:data2\" content=\"5 Minuten\" \/>\n<script type=\"application\/ld+json\" class=\"yoast-schema-graph\">{\"@context\":\"https:\/\/schema.org\",\"@graph\":[{\"@type\":\"WebPage\",\"@id\":\"https:\/\/www.schlanser.ch\/magazin\/deckenschlafsaecke\/\",\"url\":\"https:\/\/www.schlanser.ch\/magazin\/deckenschlafsaecke\/\",\"name\":\"Deckenschlafs\u00e4cke - Schlanser Magazin\",\"isPartOf\":{\"@id\":\"https:\/\/www.schlanser.ch\/magazin\/#website\"},\"primaryImageOfPage\":{\"@id\":\"https:\/\/www.schlanser.ch\/magazin\/deckenschlafsaecke\/#primaryimage\"},\"image\":{\"@id\":\"https:\/\/www.schlanser.ch\/magazin\/deckenschlafsaecke\/#primaryimage\"},\"thumbnailUrl\":\"https:\/\/www.schlanser.ch\/magazin\/wp-content\/uploads\/2020\/12\/deckenschlafsaecke.jpg\",\"datePublished\":\"2020-11-23T09:10:48+00:00\",\"dateModified\":\"2024-01-10T14:45:35+00:00\",\"author\":{\"@id\":\"https:\/\/www.schlanser.ch\/magazin\/#\/schema\/person\/000db0a103eb2594ba3daf394b1dfea2\"},\"description\":\"Das Schlanser Magazin f\u00fcr Camping Profis und alle die es werden wollen, stellt Deckenschlafs\u00e4cke vor \u2714 \u2013 Schlafsack und Bettdecke in einem!\",\"breadcrumb\":{\"@id\":\"https:\/\/www.schlanser.ch\/magazin\/deckenschlafsaecke\/#breadcrumb\"},\"inLanguage\":\"de-DE\",\"potentialAction\":[{\"@type\":\"ReadAction\",\"target\":[\"https:\/\/www.schlanser.ch\/magazin\/deckenschlafsaecke\/\"]}]},{\"@type\":\"ImageObject\",\"inLanguage\":\"de-DE\",\"@id\":\"https:\/\/www.schlanser.ch\/magazin\/deckenschlafsaecke\/#primaryimage\",\"url\":\"https:\/\/www.schlanser.ch\/magazin\/wp-content\/uploads\/2020\/12\/deckenschlafsaecke.jpg\",\"contentUrl\":\"https:\/\/www.schlanser.ch\/magazin\/wp-content\/uploads\/2020\/12\/deckenschlafsaecke.jpg\",\"width\":800,\"height\":500},{\"@type\":\"BreadcrumbList\",\"@id\":\"https:\/\/www.schlanser.ch\/magazin\/deckenschlafsaecke\/#breadcrumb\",\"itemListElement\":[{\"@type\":\"ListItem\",\"position\":1,\"name\":\"Startseite\",\"item\":\"https:\/\/www.schlanser.ch\/magazin\/\"},{\"@type\":\"ListItem\",\"position\":2,\"name\":\"Deckenschlafs\u00e4cke\"}]},{\"@type\":\"WebSite\",\"@id\":\"https:\/\/www.schlanser.ch\/magazin\/#website\",\"url\":\"https:\/\/www.schlanser.ch\/magazin\/\",\"name\":\"Schlanser Magazin\",\"description\":\"\",\"potentialAction\":[{\"@type\":\"SearchAction\",\"target\":{\"@type\":\"EntryPoint\",\"urlTemplate\":\"https:\/\/www.schlanser.ch\/magazin\/?s={search_term_string}\"},\"query-input\":\"required name=search_term_string\"}],\"inLanguage\":\"de-DE\"},{\"@type\":\"Person\",\"@id\":\"https:\/\/www.schlanser.ch\/magazin\/#\/schema\/person\/000db0a103eb2594ba3daf394b1dfea2\",\"name\":\"admin\",\"image\":{\"@type\":\"ImageObject\",\"inLanguage\":\"de-DE\",\"@id\":\"https:\/\/www.schlanser.ch\/magazin\/#\/schema\/person\/image\/\",\"url\":\"https:\/\/secure.gravatar.com\/avatar\/a794a4fe8a9b9c52241597eb381dfa2e?s=96&d=mm&r=g\",\"contentUrl\":\"https:\/\/secure.gravatar.com\/avatar\/a794a4fe8a9b9c52241597eb381dfa2e?s=96&d=mm&r=g\",\"caption\":\"admin\"}}]}<\/script>\n<!-- \/ Yoast SEO plugin. -->","yoast_head_json":{"title":"Deckenschlafs\u00e4cke - Schlanser Magazin","description":"Das Schlanser Magazin f\u00fcr Camping Profis und alle die es werden wollen, stellt Deckenschlafs\u00e4cke vor \u2714 \u2013 Schlafsack und Bettdecke in einem!","robots":{"index":"index","follow":"follow","max-snippet":"max-snippet:-1","max-image-preview":"max-image-preview:large","max-video-preview":"max-video-preview:-1"},"canonical":"https:\/\/www.schlanser.ch\/magazin\/deckenschlafsaecke\/","og_locale":"de_DE","og_type":"article","og_title":"Deckenschlafs\u00e4cke - Schlanser Magazin","og_description":"Das Schlanser Magazin f\u00fcr Camping Profis und alle die es werden wollen, stellt Deckenschlafs\u00e4cke vor \u2714 \u2013 Schlafsack und Bettdecke in einem!","og_url":"https:\/\/www.schlanser.ch\/magazin\/deckenschlafsaecke\/","og_site_name":"Schlanser Magazin","article_published_time":"2020-11-23T09:10:48+00:00","article_modified_time":"2024-01-10T14:45:35+00:00","og_image":[{"width":800,"height":500,"url":"https:\/\/www.schlanser.ch\/magazin\/wp-content\/uploads\/2020\/12\/deckenschlafsaecke.jpg","type":"image\/jpeg"}],"author":"admin","twitter_card":"summary_large_image","twitter_misc":{"Verfasst von":"admin","Gesch\u00e4tzte Lesezeit":"5 Minuten"},"schema":{"@context":"https:\/\/schema.org","@graph":[{"@type":"WebPage","@id":"https:\/\/www.schlanser.ch\/magazin\/deckenschlafsaecke\/","url":"https:\/\/www.schlanser.ch\/magazin\/deckenschlafsaecke\/","name":"Deckenschlafs\u00e4cke - Schlanser Magazin","isPartOf":{"@id":"https:\/\/www.schlanser.ch\/magazin\/#website"},"primaryImageOfPage":{"@id":"https:\/\/www.schlanser.ch\/magazin\/deckenschlafsaecke\/#primaryimage"},"image":{"@id":"https:\/\/www.schlanser.ch\/magazin\/deckenschlafsaecke\/#primaryimage"},"thumbnailUrl":"https:\/\/www.schlanser.ch\/magazin\/wp-content\/uploads\/2020\/12\/deckenschlafsaecke.jpg","datePublished":"2020-11-23T09:10:48+00:00","dateModified":"2024-01-10T14:45:35+00:00","author":{"@id":"https:\/\/www.schlanser.ch\/magazin\/#\/schema\/person\/000db0a103eb2594ba3daf394b1dfea2"},"description":"Das Schlanser Magazin f\u00fcr Camping Profis und alle die es werden wollen, stellt Deckenschlafs\u00e4cke vor \u2714 \u2013 Schlafsack und Bettdecke in einem!","breadcrumb":{"@id":"https:\/\/www.schlanser.ch\/magazin\/deckenschlafsaecke\/#breadcrumb"},"inLanguage":"de-DE","potentialAction":[{"@type":"ReadAction","target":["https:\/\/www.schlanser.ch\/magazin\/deckenschlafsaecke\/"]}]},{"@type":"ImageObject","inLanguage":"de-DE","@id":"https:\/\/www.schlanser.ch\/magazin\/deckenschlafsaecke\/#primaryimage","url":"https:\/\/www.schlanser.ch\/magazin\/wp-content\/uploads\/2020\/12\/deckenschlafsaecke.jpg","contentUrl":"https:\/\/www.schlanser.ch\/magazin\/wp-content\/uploads\/2020\/12\/deckenschlafsaecke.jpg","width":800,"height":500},{"@type":"BreadcrumbList","@id":"https:\/\/www.schlanser.ch\/magazin\/deckenschlafsaecke\/#breadcrumb","itemListElement":[{"@type":"ListItem","position":1,"name":"Startseite","item":"https:\/\/www.schlanser.ch\/magazin\/"},{"@type":"ListItem","position":2,"name":"Deckenschlafs\u00e4cke"}]},{"@type":"WebSite","@id":"https:\/\/www.schlanser.ch\/magazin\/#website","url":"https:\/\/www.schlanser.ch\/magazin\/","name":"Schlanser Magazin","description":"","potentialAction":[{"@type":"SearchAction","target":{"@type":"EntryPoint","urlTemplate":"https:\/\/www.schlanser.ch\/magazin\/?s={search_term_string}"},"query-input":"required name=search_term_string"}],"inLanguage":"de-DE"},{"@type":"Person","@id":"https:\/\/www.schlanser.ch\/magazin\/#\/schema\/person\/000db0a103eb2594ba3daf394b1dfea2","name":"admin","image":{"@type":"ImageObject","inLanguage":"de-DE","@id":"https:\/\/www.schlanser.ch\/magazin\/#\/schema\/person\/image\/","url":"https:\/\/secure.gravatar.com\/avatar\/a794a4fe8a9b9c52241597eb381dfa2e?s=96&d=mm&r=g","contentUrl":"https:\/\/secure.gravatar.com\/avatar\/a794a4fe8a9b9c52241597eb381dfa2e?s=96&d=mm&r=g","caption":"admin"}}]}},"_links":{"self":[{"href":"https:\/\/www.schlanser.ch\/magazin\/wp-json\/wp\/v2\/posts\/11012"}],"collection":[{"href":"https:\/\/www.schlanser.ch\/magazin\/wp-json\/wp\/v2\/posts"}],"about":[{"href":"https:\/\/www.schlanser.ch\/magazin\/wp-json\/wp\/v2\/types\/post"}],"author":[{"embeddable":true,"href":"https:\/\/www.schlanser.ch\/magazin\/wp-json\/wp\/v2\/users\/1"}],"replies":[{"embeddable":true,"href":"https:\/\/www.schlanser.ch\/magazin\/wp-json\/wp\/v2\/comments?post=11012"}],"version-history":[{"count":42,"href":"https:\/\/www.schlanser.ch\/magazin\/wp-json\/wp\/v2\/posts\/11012\/revisions"}],"predecessor-version":[{"id":17305,"href":"https:\/\/www.schlanser.ch\/magazin\/wp-json\/wp\/v2\/posts\/11012\/revisions\/17305"}],"wp:featuredmedia":[{"embeddable":true,"href":"https:\/\/www.schlanser.ch\/magazin\/wp-json\/wp\/v2\/media\/11021"}],"wp:attachment":[{"href":"https:\/\/www.schlanser.ch\/magazin\/wp-json\/wp\/v2\/media?parent=11012"}],"wp:term":[{"taxonomy":"category","embeddable":true,"href":"https:\/\/www.schlanser.ch\/magazin\/wp-json\/wp\/v2\/categories?post=11012"},{"taxonomy":"post_tag","embeddable":true,"href":"https:\/\/www.schlanser.ch\/magazin\/wp-json\/wp\/v2\/tags?post=11012"}],"curies":[{"name":"wp","href":"https:\/\/api.w.org\/{rel}","templated":true}]}}