{"id":11055,"date":"2020-12-01T10:07:32","date_gmt":"2020-12-01T09:07:32","guid":{"rendered":"https:\/\/www.schlanser.ch\/magazin\/?p=11055"},"modified":"2024-01-10T15:45:36","modified_gmt":"2024-01-10T14:45:36","slug":"unabhaengige-trekkingferien","status":"publish","type":"post","link":"https:\/\/www.schlanser.ch\/magazin\/unabhaengige-trekkingferien\/","title":{"rendered":"Unabh\u00e4ngige Trekkingferien"},"content":{"rendered":"<h2>\u00ab Freie Tage in der Region verbringen \u00bb<\/h2>\n<p style=\"text-align: justify;\"><strong>Trekkingferien stehen mittlerweile hoch im Kurs. F\u00fcr Naturfreunde und Aktivurlauber sind sie besonders geeignet, ob f\u00fcr die kompletten Ferien oder als spannende Tagestouren. Das tolle ist, dass Sie hier unabh\u00e4ngig und auf keine teuren Fl\u00fcge angewiesen sind. Zudem k\u00f6nnen Sie auf Menschenmassen verzichten, die sich mit Ihnen ins Get\u00fcmmel st\u00fcrzen. Stressige St\u00e4dtetrips, teure Shoppingtouren, lange Staus und Schlange stehen am Hotelbuffet fallen f\u00fcr Sie weg, wenn Sie sich f\u00fcr Trekkingurlaub entscheiden. Auf Sie warten nichts als Entspannung, pure Natur und ein abenteuerliches Gef\u00fchl, was dem des Wildcampens recht nahekommt.<\/strong><\/p>\n<h2>Wichtige Infos zu Trekkingpl\u00e4tzen<\/h2>\n<p style=\"text-align: justify;\">Trekking bedeutet allgemein betrachtet das Fernwandern mit einem Rucksack und einem <a href=\"https:\/\/www.schlanser.ch\/zelte\/\">Zelt<\/a>. Ein Trekking- beziehungsweise Biwakplatz schliesst die L\u00fccke zwischen Wildcamping und einem herk\u00f6mmlichen Campingplatz. Hier k\u00f6nnen Sie immer noch die Erfahrung von naturnahen und unabh\u00e4ngigen Trekkingferien machen, k\u00f6nnen aber dennoch der Notwendigkeit nachgehen, f\u00fcr manche Dinge einen Campingplatz nutzen zu m\u00fcssen.<\/p>\n<figure id=\"attachment_11066\" aria-describedby=\"caption-attachment-11066\" style=\"width: 620px\" class=\"wp-caption aligncenter\"><img loading=\"lazy\" decoding=\"async\" class=\"wp-image-11066 size-full\" title=\"Sch\u00f6ne Pl\u00e4tze lassen sich oftmals ganz in der N\u00e4he finden\" src=\"https:\/\/www.schlanser.ch\/magazin\/wp-content\/uploads\/2022\/12\/Biwak2.jpg\" alt=\"Mann campt in den Bergen - Unabh\u00e4ngige Trekkingferien\" width=\"620\" height=\"493\" srcset=\"https:\/\/www.schlanser.ch\/magazin\/wp-content\/uploads\/2022\/12\/Biwak2.jpg 620w, https:\/\/www.schlanser.ch\/magazin\/wp-content\/uploads\/2022\/12\/Biwak2-300x239.jpg 300w\" sizes=\"(max-width: 620px) 100vw, 620px\" \/><figcaption id=\"caption-attachment-11066\" class=\"wp-caption-text\">\u00a9 alexlukin &#8211; stock.adobe.com<\/figcaption><\/figure>\n<p style=\"text-align: justify;\">Wildcamping ist nicht \u00fcberall erlaubt, daher bieten verschiedene Regionen und Destinationen spezielle Pl\u00e4tze f\u00fcr Trekking und zum Biwakieren an. Diese befinden sich in Naturlage und dort ist es erlaubt, eine bestimmte Anzahl an Zelten auszustellen. Hier k\u00f6nnen Sie mit vorheriger Buchung Ihr Nachtquartier im Wald, auf einer Wiese oder in einem Nationalpark aufschlagen. Manche der Pl\u00e4tze bieten auch etwas Komfort an, wie Sanit\u00e4ranlagen, Verpflegungsm\u00f6glichkeiten oder gar ein Schwimmbad. Doch wer das nicht m\u00f6chte und vollkommen naturnah und unabh\u00e4ngig sein m\u00f6chte, findet daf\u00fcr auch die passenden Pl\u00e4tze. Sich komplett selbst in der freien Natur zu versorgen, kommt auch einem Abenteuer gleich. Ein paar wichtige Dinge finden Sie aber standardm\u00e4ssig vor:<\/p>\n<ul>\n<li>Feuerstelle mit Sitzm\u00f6glichkeiten und<\/li>\n<li>nat\u00fcrlich den Zeltplatz<\/li>\n<li>Toilette<\/li>\n<\/ul>\n<figure id=\"attachment_11080\" aria-describedby=\"caption-attachment-11080\" style=\"width: 620px\" class=\"wp-caption aligncenter\"><img loading=\"lazy\" decoding=\"async\" class=\"wp-image-11080 size-full\" title=\"Offizielle Trekkingpl\u00e4tze bieten gewisse Annehmlichkeiten\" src=\"https:\/\/www.schlanser.ch\/magazin\/wp-content\/uploads\/2022\/12\/Wald-Toilette.jpg\" alt=\"\u00d6ffentliche Toilette im Wald - Unabh\u00e4ngige Trekkingferien\" width=\"620\" height=\"413\" srcset=\"https:\/\/www.schlanser.ch\/magazin\/wp-content\/uploads\/2022\/12\/Wald-Toilette.jpg 620w, https:\/\/www.schlanser.ch\/magazin\/wp-content\/uploads\/2022\/12\/Wald-Toilette-300x200.jpg 300w\" sizes=\"(max-width: 620px) 100vw, 620px\" \/><figcaption id=\"caption-attachment-11080\" class=\"wp-caption-text\">\u00a9 jpbarcelos &#8211; stock.adobe.com<\/figcaption><\/figure>\n<p style=\"text-align: justify;\">Wenn es auf den Trekkingpl\u00e4tzen eine Feuerstelle gibt, k\u00f6nnen Sie logischerweise davon ausgehen, dass Sie hier auch Feuer machen d\u00fcrfen. Mancherorts muss das Holz selbst zusammengesucht werden, manchmal wird es aber auch von den Betreibern des Trekkingplatzes zur Verf\u00fcgung gestellt. Achten Sie bitte darauf, dass an manchen Tagen Feuerverbot aufgrund von Waldbrandgefahr herrscht. Ihr Wasser m\u00fcssen Sie in der Regel selbst mitbringen, manche Pl\u00e4tze haben aber zumindest ein Fass f\u00fcr das Brauchwasser. Doch ein gewisses Mass an Selbstversorgung geh\u00f6rt schliesslich zum Trekking beziehungsweise Biwakieren dazu.<\/p>\n<p><img loading=\"lazy\" decoding=\"async\" class=\"aligncenter wp-image-11085 size-full\" title=\"Outwell Familienzelt Bayfield 5A\" src=\"https:\/\/www.schlanser.ch\/magazin\/wp-content\/uploads\/2022\/12\/IMG_272850_1_200930040939IXfR1iVG4vO45-1.jpg\" alt=\"Outwell Familienzelt Bayfield 5A - Unabh\u00e4ngige Trekkingferien\" width=\"620\" height=\"388\" srcset=\"https:\/\/www.schlanser.ch\/magazin\/wp-content\/uploads\/2022\/12\/IMG_272850_1_200930040939IXfR1iVG4vO45-1.jpg 620w, https:\/\/www.schlanser.ch\/magazin\/wp-content\/uploads\/2022\/12\/IMG_272850_1_200930040939IXfR1iVG4vO45-1-300x188.jpg 300w\" sizes=\"(max-width: 620px) 100vw, 620px\" \/><\/p>\n<h2>Wenn kein Trekkingplatz in der N\u00e4he ist<\/h2>\n<p style=\"text-align: justify;\">Haben Sie einen bestimmten Ort oder eine Route im Kopf, doch weit und breit ist kein Trekkingplatz vorhanden? Dann m\u00fcssen Sie kreativ werden, doch wie gesagt, Wildcampen ist nicht \u00fcberall gestattet. Eine gute Alternative sind Bauernh\u00f6fe. Fragen Sie doch ein paar Landbesitzer, denen Sie auf Ihrer Route begegnen, ob Sie auf deren Wiese campieren d\u00fcrfen. Trekkingferien auf dem Bauernhof sind auch eine tolle Idee. Es gibt sogar Bauernh\u00f6fe, die offiziell anbieten, dass man bei ihnen seine Zelte aufschlagen kann.<\/p>\n<figure id=\"attachment_11074\" aria-describedby=\"caption-attachment-11074\" style=\"width: 620px\" class=\"wp-caption aligncenter\"><img loading=\"lazy\" decoding=\"async\" class=\"wp-image-11074 size-full\" title=\"In freier Wildbahn gilt es, die Vorschriften bez\u00fcglich Feuerstellen genau zu beachten\" src=\"https:\/\/www.schlanser.ch\/magazin\/wp-content\/uploads\/2022\/12\/Paar-Camping-Lagereuer.jpg\" alt=\"Junge Paar campt und sitzt am Lagerfeuer\" width=\"620\" height=\"413\" srcset=\"https:\/\/www.schlanser.ch\/magazin\/wp-content\/uploads\/2022\/12\/Paar-Camping-Lagereuer.jpg 620w, https:\/\/www.schlanser.ch\/magazin\/wp-content\/uploads\/2022\/12\/Paar-Camping-Lagereuer-300x200.jpg 300w\" sizes=\"(max-width: 620px) 100vw, 620px\" \/><figcaption id=\"caption-attachment-11074\" class=\"wp-caption-text\">\u00a9 Studio Romantic &#8211; stock.adobe.com<\/figcaption><\/figure>\n<h2>Welche Art von Trekkingferien sollen es sein?<\/h2>\n<p style=\"text-align: justify;\">Sind Sie eher der spontane oder der geplante Typ? Das ist wichtig zu wissen, wenn es um die Reservierung der Pl\u00e4tze geht. Bei manchen Trekkingpl\u00e4tzen m\u00fcssen Sie n\u00e4mlich lange im Voraus reservieren, bei anderen k\u00f6nnen Sie ganz spontan ohne Anmeldung auftauchen. Je nachdem, was Ihnen hier lieber ist, finden Sie die passenden Pl\u00e4tze. Wenn Sie mit Ihren Kindern in den Ferien unterwegs sind, macht es wohl eher Sinn, vorab zu reservieren, damit auch alles glatt geht. Bei einem Abenteuer mit dem Partner oder Freunden k\u00f6nnen Sie sich auch spontan was suchen. Jene Pl\u00e4tze, die von Tourismusverb\u00e4nden oder anderen Institutionen angeboten werden, sind meist reservierungspflichtig.<\/p>\n<p><img loading=\"lazy\" decoding=\"async\" class=\"aligncenter wp-image-11083 size-full\" title=\"Mountain Guide Trekkingzelt Nola II Alu\" src=\"https:\/\/www.schlanser.ch\/magazin\/wp-content\/uploads\/2022\/12\/Mountain-Guide-Trekkingzelt-Nola-II-Alu-1.jpg\" alt=\"Mountain Guide Trekkingzelt Nola II Alu\" width=\"620\" height=\"388\" srcset=\"https:\/\/www.schlanser.ch\/magazin\/wp-content\/uploads\/2022\/12\/Mountain-Guide-Trekkingzelt-Nola-II-Alu-1.jpg 620w, https:\/\/www.schlanser.ch\/magazin\/wp-content\/uploads\/2022\/12\/Mountain-Guide-Trekkingzelt-Nola-II-Alu-1-300x188.jpg 300w\" sizes=\"(max-width: 620px) 100vw, 620px\" \/><\/p>\n<p style=\"text-align: justify;\">Eine weitere Entscheidung, die es zu treffen gilt, ist die, ob Sie lieber auf \u00f6ffentlichem oder auf privatem Gel\u00e4nde unterkommen. Trekkingpl\u00e4tze, die privat betrieben werden, sind oftmals kostenlos und bed\u00fcrfen nur einer Anmeldung.<\/p>\n<p style=\"text-align: justify;\">Zur Not k\u00f6nnen Sie auch bei Menschen klingeln und nachfragen, ob Sie mit Ihrer Familie oder Ihren Freunden im Garten zelten d\u00fcrfen. Nur Mut, es gibt mehr hilfsbereite und unkomplizierte Menschen, als man vielleicht vermuten mag. Zudem haben Sie noch die Wahl, richtig zu zelten oder Ihr Lager einfach unter dem freien Sternhimmel aufzuschlagen. Das hat auch was, die Nacht im Freien zu verbringen und nur auf einer Isomatte und in einem Schlafsack zu n\u00e4chtigen. Das nennt sich Biwakieren oder auch Lagern und ist nicht jedermanns Sache. Doch wenn Sie sich zutrauen auf das <a href=\"https:\/\/www.schlanser.ch\/zelte\/campingzelte\/leicht-trekkingzelte\/\">Trekkingzelt<\/a> zu verzichten, ist das eine tolle Sache, denn mehr Abenteuer geht wohl kaum.<\/p>\n<p><img loading=\"lazy\" decoding=\"async\" class=\"aligncenter wp-image-11088 size-full\" title=\"Berger Dreamer Mumienschlafsack Rechts\" src=\"https:\/\/www.schlanser.ch\/magazin\/wp-content\/uploads\/2022\/12\/Berger-Dreamer-Mumienschlafsack-Rechts-1.jpg\" alt=\"Berger Dreamer Mumienschlafsack Rechts\" width=\"620\" height=\"252\" srcset=\"https:\/\/www.schlanser.ch\/magazin\/wp-content\/uploads\/2022\/12\/Berger-Dreamer-Mumienschlafsack-Rechts-1.jpg 620w, https:\/\/www.schlanser.ch\/magazin\/wp-content\/uploads\/2022\/12\/Berger-Dreamer-Mumienschlafsack-Rechts-1-300x122.jpg 300w\" sizes=\"(max-width: 620px) 100vw, 620px\" \/><\/p>\n<h2>Die richtige Trekkingausr\u00fcstung<\/h2>\n<p style=\"text-align: justify;\">Bei der optimalen <a href=\"https:\/\/www.schlanser.ch\/outdoor-freizeit\/outdoor-ausruestung\/\">Ausr\u00fcstung f\u00fcr die Trekkingferien<\/a> spalten sich die Lager enorm. Bedacht werden sollte immer, dass Sie alles mit sich herumschleppen m\u00fcssen und der Trekkingrucksack nicht zu schwer sein darf. Doch genauso sollte nichts Wichtiges in Ihrer Trekkingausr\u00fcstung fehlen, denn Sie k\u00f6nnen immer in die Situation kommen, in der die passende Ausr\u00fcstung Ihr Leben retten kann.<\/p>\n<p>\u00a0 \u00a0 \u00a0 \u00a0 \u00a0 <img loading=\"lazy\" decoding=\"async\" class=\"alignnone wp-image-11090\" title=\"Regatta Rucksack Survivor III Schwarz 65 l\" src=\"https:\/\/www.schlanser.ch\/magazin\/wp-content\/uploads\/2022\/12\/Regatta-Rucksack-Survivor-III-Schwarz-65-l-1.jpg\" alt=\"Regatta Rucksack Survivor III Schwarz 65 l\" width=\"248\" height=\"432\" \/>\u00a0 \u00a0 \u00a0 \u00a0 \u00a0 \u00a0 <img loading=\"lazy\" decoding=\"async\" class=\"alignnone wp-image-11092\" title=\"Mountain Guide Rucksack Halifax 23L\" src=\"https:\/\/www.schlanser.ch\/magazin\/wp-content\/uploads\/2022\/12\/Mountain-Guide-Rucksack-Halifax-23L-1.jpg\" alt=\"Mountain Guide Rucksack Halifax 23L\" width=\"272\" height=\"371\" srcset=\"https:\/\/www.schlanser.ch\/magazin\/wp-content\/uploads\/2022\/12\/Mountain-Guide-Rucksack-Halifax-23L-1.jpg 400w, https:\/\/www.schlanser.ch\/magazin\/wp-content\/uploads\/2022\/12\/Mountain-Guide-Rucksack-Halifax-23L-1-220x300.jpg 220w\" sizes=\"(max-width: 272px) 100vw, 272px\" \/><\/p>\n<p style=\"text-align: justify;\">Am besten informieren Sie sich gr\u00fcndlich \u00fcber die Gegebenheiten an Ihrem Reiseziel. Was ist vor Ort und was ben\u00f6tigen Sie unbedingt? \u00dcberpr\u00fcfen Sie dann Ihre Ausr\u00fcstung und schreiben Sie sich auf, was noch fehlt. Es schadet auch nicht Onlineforen rund um das Thema Trekkingferien zu durchforsten oder sich in speziellen Outdoor-L\u00e4den umzusehen. Hier k\u00f6nnen Sie von der Erfahrung der anderen profitieren. Haben Sie Ihren Trekkingrucksack dann gepackt starten Sie am besten einen Testlauf. K\u00f6nnen Sie das Gewicht gut mehrere Stunden am St\u00fcck auf dem R\u00fccken tragen, ist alles sicher. Kommt er Ihnen zu schwer vor, sortieren Sie Unn\u00f6tiges aus.<\/p>\n<blockquote>\n<p style=\"text-align: justify;\">Unser Tipp: Je l\u00e4nger Sie unterwegs sind, desto akribischer sollten Sie Ihre Trekkingausr\u00fcstung planen.<\/p>\n<\/blockquote>\n<p style=\"text-align: justify;\">K\u00f6nnen Sie sich nicht entscheiden, welche Dinge weichen sollen, um Gewicht zu verlieren, legen Sie die ganze Ausr\u00fcstung auf den Boden. Laufen Sie am Tag mehrmals daran vorbei, irgendwann f\u00e4llt Ihnen auf, was Sie eigentlich gar nicht f\u00fcr Ihren Trekkingurlaub ben\u00f6tigen.<\/p>\n<p style=\"text-align: justify;\">Nun k\u00f6nnen Sie Ihren Trekkingrucksack final packen. \u00dcberlegen Sie sich, wo jedes einzelne Teil hinkommt und packen Sie mit System. Im Notfall m\u00fcssen Sie wichtige Dinge sofort finden k\u00f6nnen. Apropos Notfall, denken Sie unbedingt an eine vollst\u00e4ndige Erste-Hilfe-Ausr\u00fcstung und vergewissern Sie sich, dass Sie mit jedem einzelnen Teil davon umgehen k\u00f6nnen. Angenommen Sie verstauchen sich den Kn\u00f6chel. Wissen Sie welchen Verband Sie anlegen m\u00fcssen? Welche Salbe kommt auf den Kn\u00f6chel? Wie verhalten Sie sich bei einer offenen Wunde? Selbst wenn Sie nur kurz unterwegs sind, geh\u00f6rt ein Erste-Hilfe-Set unbedingt zum Standard. Wir haben f\u00fcr Sie noch eine Liste mit Dingen zusammengestellt, die Sie unterwegs in den Trekkingferien dabeihaben sollten:<\/p>\n<ul>\n<li>Zelt<\/li>\n<li>Schlafsack und Isomatte<\/li>\n<\/ul>\n<p><img loading=\"lazy\" decoding=\"async\" class=\"aligncenter wp-image-11102\" title=\"Isomatte\" src=\"https:\/\/www.schlanser.ch\/magazin\/wp-content\/uploads\/2022\/12\/Isomatte-1.jpg\" alt=\"Isomatte\" width=\"451\" height=\"420\" srcset=\"https:\/\/www.schlanser.ch\/magazin\/wp-content\/uploads\/2022\/12\/Isomatte-1.jpg 500w, https:\/\/www.schlanser.ch\/magazin\/wp-content\/uploads\/2022\/12\/Isomatte-1-300x280.jpg 300w\" sizes=\"(max-width: 451px) 100vw, 451px\" \/><\/p>\n<ul>\n<li>Wanderschuhe und strapazierf\u00e4hige Socken<\/li>\n<li>atmungsaktive Funktionskleidung<\/li>\n<li>Kopfbedeckungen f\u00fcr Regen- und Sonnenwetter<\/li>\n<li>Regenjacke<\/li>\n<li><a href=\"https:\/\/www.schlanser.ch\/outdoor-freizeit\/outdoor-ausruestung\/outdoorzubehoer\/\">Tourenst\u00f6cke<\/a><\/li>\n<\/ul>\n<p><img loading=\"lazy\" decoding=\"async\" class=\"aligncenter wp-image-11099 size-full\" title=\"Leki Trekkingst\u00f6cke Trail SLS Vintage Line 2er Set\" src=\"https:\/\/www.schlanser.ch\/magazin\/wp-content\/uploads\/2022\/12\/Leki-Trekkingst\u00f6cke-Trail-SLS-Vintage-Line-2er-Set-1.jpg\" alt=\"Leki Trekkingst\u00f6cke Trail SLS Vintage Line 2er Set\" width=\"620\" height=\"120\" srcset=\"https:\/\/www.schlanser.ch\/magazin\/wp-content\/uploads\/2022\/12\/Leki-Trekkingst\u00f6cke-Trail-SLS-Vintage-Line-2er-Set-1.jpg 620w, https:\/\/www.schlanser.ch\/magazin\/wp-content\/uploads\/2022\/12\/Leki-Trekkingst\u00f6cke-Trail-SLS-Vintage-Line-2er-Set-1-300x58.jpg 300w\" sizes=\"(max-width: 620px) 100vw, 620px\" \/><\/p>\n<ul>\n<li>Sonnenschutz<\/li>\n<li>ausreichend Trinken und Verpflegung<\/li>\n<li>Wanderkarte, Handy mit GPS<\/li>\n<li>Zahnb\u00fcrste und Zahnpasta<\/li>\n<li>Taschenmesser<\/li>\n<li>Bargeld<\/li>\n<li>Versichertenkarte<\/li>\n<\/ul>\n","protected":false},"excerpt":{"rendered":"<p>\u00ab Freie Tage in der Region verbringen \u00bb Trekkingferien stehen mittlerweile hoch im Kurs. F\u00fcr Naturfreunde und Aktivurlauber sind sie besonders geeignet, ob f\u00fcr die kompletten Ferien oder als spannende Tagestouren. Das tolle ist, dass Sie hier unabh\u00e4ngig und auf keine teuren Fl\u00fcge angewiesen sind. Zudem k\u00f6nnen Sie auf Menschenmassen verzichten, die sich mit Ihnen &hellip;<\/p>\n","protected":false},"author":1,"featured_media":11065,"comment_status":"closed","ping_status":"open","sticky":false,"template":"","format":"standard","meta":{"footnotes":""},"categories":[2],"tags":[1565,1547,1561,1563,52,1564,1562,1560,206,323],"yoast_head":"<!-- This site is optimized with the Yoast SEO plugin v22.2 - https:\/\/yoast.com\/wordpress\/plugins\/seo\/ -->\n<title>Unabh\u00e4ngige Trekkingferien - Schlanser Magazin<\/title>\n<meta name=\"description\" content=\"Das Schlanser Magazin gibt Tipps f\u00fcr autarke Ferienerlebnisse \u2714 \u2013 Unser Ratgeber f\u00fcr Trekkingferien unter freiem Himmel \u2714 Die sch\u00f6nsten Orte!\" \/>\n<meta name=\"robots\" content=\"index, follow, max-snippet:-1, max-image-preview:large, max-video-preview:-1\" \/>\n<link rel=\"canonical\" href=\"https:\/\/www.schlanser.ch\/magazin\/unabhaengige-trekkingferien\/\" \/>\n<meta property=\"og:locale\" content=\"de_DE\" \/>\n<meta property=\"og:type\" content=\"article\" \/>\n<meta property=\"og:title\" content=\"Unabh\u00e4ngige Trekkingferien - Schlanser Magazin\" \/>\n<meta property=\"og:description\" content=\"Das Schlanser Magazin gibt Tipps f\u00fcr autarke Ferienerlebnisse \u2714 \u2013 Unser Ratgeber f\u00fcr Trekkingferien unter freiem Himmel \u2714 Die sch\u00f6nsten Orte!\" \/>\n<meta property=\"og:url\" content=\"https:\/\/www.schlanser.ch\/magazin\/unabhaengige-trekkingferien\/\" \/>\n<meta property=\"og:site_name\" content=\"Schlanser Magazin\" \/>\n<meta property=\"article:published_time\" content=\"2020-12-01T09:07:32+00:00\" \/>\n<meta property=\"article:modified_time\" content=\"2024-01-10T14:45:36+00:00\" \/>\n<meta property=\"og:image\" content=\"https:\/\/www.schlanser.ch\/magazin\/wp-content\/uploads\/2022\/12\/Biwak-Platz.jpg\" \/>\n\t<meta property=\"og:image:width\" content=\"660\" \/>\n\t<meta property=\"og:image:height\" content=\"407\" \/>\n\t<meta property=\"og:image:type\" content=\"image\/jpeg\" \/>\n<meta name=\"author\" content=\"admin\" \/>\n<meta name=\"twitter:card\" content=\"summary_large_image\" \/>\n<meta name=\"twitter:label1\" content=\"Verfasst von\" \/>\n\t<meta name=\"twitter:data1\" content=\"admin\" \/>\n\t<meta name=\"twitter:label2\" content=\"Gesch\u00e4tzte Lesezeit\" \/>\n\t<meta name=\"twitter:data2\" content=\"6 Minuten\" \/>\n<script type=\"application\/ld+json\" class=\"yoast-schema-graph\">{\"@context\":\"https:\/\/schema.org\",\"@graph\":[{\"@type\":\"WebPage\",\"@id\":\"https:\/\/www.schlanser.ch\/magazin\/unabhaengige-trekkingferien\/\",\"url\":\"https:\/\/www.schlanser.ch\/magazin\/unabhaengige-trekkingferien\/\",\"name\":\"Unabh\u00e4ngige Trekkingferien - Schlanser Magazin\",\"isPartOf\":{\"@id\":\"https:\/\/www.schlanser.ch\/magazin\/#website\"},\"primaryImageOfPage\":{\"@id\":\"https:\/\/www.schlanser.ch\/magazin\/unabhaengige-trekkingferien\/#primaryimage\"},\"image\":{\"@id\":\"https:\/\/www.schlanser.ch\/magazin\/unabhaengige-trekkingferien\/#primaryimage\"},\"thumbnailUrl\":\"https:\/\/www.schlanser.ch\/magazin\/wp-content\/uploads\/2022\/12\/Biwak-Platz.jpg\",\"datePublished\":\"2020-12-01T09:07:32+00:00\",\"dateModified\":\"2024-01-10T14:45:36+00:00\",\"author\":{\"@id\":\"https:\/\/www.schlanser.ch\/magazin\/#\/schema\/person\/000db0a103eb2594ba3daf394b1dfea2\"},\"description\":\"Das Schlanser Magazin gibt Tipps f\u00fcr autarke Ferienerlebnisse \u2714 \u2013 Unser Ratgeber f\u00fcr Trekkingferien unter freiem Himmel \u2714 Die sch\u00f6nsten Orte!\",\"breadcrumb\":{\"@id\":\"https:\/\/www.schlanser.ch\/magazin\/unabhaengige-trekkingferien\/#breadcrumb\"},\"inLanguage\":\"de-DE\",\"potentialAction\":[{\"@type\":\"ReadAction\",\"target\":[\"https:\/\/www.schlanser.ch\/magazin\/unabhaengige-trekkingferien\/\"]}]},{\"@type\":\"ImageObject\",\"inLanguage\":\"de-DE\",\"@id\":\"https:\/\/www.schlanser.ch\/magazin\/unabhaengige-trekkingferien\/#primaryimage\",\"url\":\"https:\/\/www.schlanser.ch\/magazin\/wp-content\/uploads\/2022\/12\/Biwak-Platz.jpg\",\"contentUrl\":\"https:\/\/www.schlanser.ch\/magazin\/wp-content\/uploads\/2022\/12\/Biwak-Platz.jpg\",\"width\":660,\"height\":407,\"caption\":\"\u00a9 Makuba -stock.adobe..com\"},{\"@type\":\"BreadcrumbList\",\"@id\":\"https:\/\/www.schlanser.ch\/magazin\/unabhaengige-trekkingferien\/#breadcrumb\",\"itemListElement\":[{\"@type\":\"ListItem\",\"position\":1,\"name\":\"Startseite\",\"item\":\"https:\/\/www.schlanser.ch\/magazin\/\"},{\"@type\":\"ListItem\",\"position\":2,\"name\":\"Unabh\u00e4ngige Trekkingferien\"}]},{\"@type\":\"WebSite\",\"@id\":\"https:\/\/www.schlanser.ch\/magazin\/#website\",\"url\":\"https:\/\/www.schlanser.ch\/magazin\/\",\"name\":\"Schlanser Magazin\",\"description\":\"\",\"potentialAction\":[{\"@type\":\"SearchAction\",\"target\":{\"@type\":\"EntryPoint\",\"urlTemplate\":\"https:\/\/www.schlanser.ch\/magazin\/?s={search_term_string}\"},\"query-input\":\"required name=search_term_string\"}],\"inLanguage\":\"de-DE\"},{\"@type\":\"Person\",\"@id\":\"https:\/\/www.schlanser.ch\/magazin\/#\/schema\/person\/000db0a103eb2594ba3daf394b1dfea2\",\"name\":\"admin\",\"image\":{\"@type\":\"ImageObject\",\"inLanguage\":\"de-DE\",\"@id\":\"https:\/\/www.schlanser.ch\/magazin\/#\/schema\/person\/image\/\",\"url\":\"https:\/\/secure.gravatar.com\/avatar\/a794a4fe8a9b9c52241597eb381dfa2e?s=96&d=mm&r=g\",\"contentUrl\":\"https:\/\/secure.gravatar.com\/avatar\/a794a4fe8a9b9c52241597eb381dfa2e?s=96&d=mm&r=g\",\"caption\":\"admin\"}}]}<\/script>\n<!-- \/ Yoast SEO plugin. -->","yoast_head_json":{"title":"Unabh\u00e4ngige Trekkingferien - Schlanser Magazin","description":"Das Schlanser Magazin gibt Tipps f\u00fcr autarke Ferienerlebnisse \u2714 \u2013 Unser Ratgeber f\u00fcr Trekkingferien unter freiem Himmel \u2714 Die sch\u00f6nsten Orte!","robots":{"index":"index","follow":"follow","max-snippet":"max-snippet:-1","max-image-preview":"max-image-preview:large","max-video-preview":"max-video-preview:-1"},"canonical":"https:\/\/www.schlanser.ch\/magazin\/unabhaengige-trekkingferien\/","og_locale":"de_DE","og_type":"article","og_title":"Unabh\u00e4ngige Trekkingferien - Schlanser Magazin","og_description":"Das Schlanser Magazin gibt Tipps f\u00fcr autarke Ferienerlebnisse \u2714 \u2013 Unser Ratgeber f\u00fcr Trekkingferien unter freiem Himmel \u2714 Die sch\u00f6nsten Orte!","og_url":"https:\/\/www.schlanser.ch\/magazin\/unabhaengige-trekkingferien\/","og_site_name":"Schlanser Magazin","article_published_time":"2020-12-01T09:07:32+00:00","article_modified_time":"2024-01-10T14:45:36+00:00","og_image":[{"width":660,"height":407,"url":"https:\/\/www.schlanser.ch\/magazin\/wp-content\/uploads\/2022\/12\/Biwak-Platz.jpg","type":"image\/jpeg"}],"author":"admin","twitter_card":"summary_large_image","twitter_misc":{"Verfasst von":"admin","Gesch\u00e4tzte Lesezeit":"6 Minuten"},"schema":{"@context":"https:\/\/schema.org","@graph":[{"@type":"WebPage","@id":"https:\/\/www.schlanser.ch\/magazin\/unabhaengige-trekkingferien\/","url":"https:\/\/www.schlanser.ch\/magazin\/unabhaengige-trekkingferien\/","name":"Unabh\u00e4ngige Trekkingferien - Schlanser Magazin","isPartOf":{"@id":"https:\/\/www.schlanser.ch\/magazin\/#website"},"primaryImageOfPage":{"@id":"https:\/\/www.schlanser.ch\/magazin\/unabhaengige-trekkingferien\/#primaryimage"},"image":{"@id":"https:\/\/www.schlanser.ch\/magazin\/unabhaengige-trekkingferien\/#primaryimage"},"thumbnailUrl":"https:\/\/www.schlanser.ch\/magazin\/wp-content\/uploads\/2022\/12\/Biwak-Platz.jpg","datePublished":"2020-12-01T09:07:32+00:00","dateModified":"2024-01-10T14:45:36+00:00","author":{"@id":"https:\/\/www.schlanser.ch\/magazin\/#\/schema\/person\/000db0a103eb2594ba3daf394b1dfea2"},"description":"Das Schlanser Magazin gibt Tipps f\u00fcr autarke Ferienerlebnisse \u2714 \u2013 Unser Ratgeber f\u00fcr Trekkingferien unter freiem Himmel \u2714 Die sch\u00f6nsten Orte!","breadcrumb":{"@id":"https:\/\/www.schlanser.ch\/magazin\/unabhaengige-trekkingferien\/#breadcrumb"},"inLanguage":"de-DE","potentialAction":[{"@type":"ReadAction","target":["https:\/\/www.schlanser.ch\/magazin\/unabhaengige-trekkingferien\/"]}]},{"@type":"ImageObject","inLanguage":"de-DE","@id":"https:\/\/www.schlanser.ch\/magazin\/unabhaengige-trekkingferien\/#primaryimage","url":"https:\/\/www.schlanser.ch\/magazin\/wp-content\/uploads\/2022\/12\/Biwak-Platz.jpg","contentUrl":"https:\/\/www.schlanser.ch\/magazin\/wp-content\/uploads\/2022\/12\/Biwak-Platz.jpg","width":660,"height":407,"caption":"\u00a9 Makuba -stock.adobe..com"},{"@type":"BreadcrumbList","@id":"https:\/\/www.schlanser.ch\/magazin\/unabhaengige-trekkingferien\/#breadcrumb","itemListElement":[{"@type":"ListItem","position":1,"name":"Startseite","item":"https:\/\/www.schlanser.ch\/magazin\/"},{"@type":"ListItem","position":2,"name":"Unabh\u00e4ngige Trekkingferien"}]},{"@type":"WebSite","@id":"https:\/\/www.schlanser.ch\/magazin\/#website","url":"https:\/\/www.schlanser.ch\/magazin\/","name":"Schlanser Magazin","description":"","potentialAction":[{"@type":"SearchAction","target":{"@type":"EntryPoint","urlTemplate":"https:\/\/www.schlanser.ch\/magazin\/?s={search_term_string}"},"query-input":"required name=search_term_string"}],"inLanguage":"de-DE"},{"@type":"Person","@id":"https:\/\/www.schlanser.ch\/magazin\/#\/schema\/person\/000db0a103eb2594ba3daf394b1dfea2","name":"admin","image":{"@type":"ImageObject","inLanguage":"de-DE","@id":"https:\/\/www.schlanser.ch\/magazin\/#\/schema\/person\/image\/","url":"https:\/\/secure.gravatar.com\/avatar\/a794a4fe8a9b9c52241597eb381dfa2e?s=96&d=mm&r=g","contentUrl":"https:\/\/secure.gravatar.com\/avatar\/a794a4fe8a9b9c52241597eb381dfa2e?s=96&d=mm&r=g","caption":"admin"}}]}},"_links":{"self":[{"href":"https:\/\/www.schlanser.ch\/magazin\/wp-json\/wp\/v2\/posts\/11055"}],"collection":[{"href":"https:\/\/www.schlanser.ch\/magazin\/wp-json\/wp\/v2\/posts"}],"about":[{"href":"https:\/\/www.schlanser.ch\/magazin\/wp-json\/wp\/v2\/types\/post"}],"author":[{"embeddable":true,"href":"https:\/\/www.schlanser.ch\/magazin\/wp-json\/wp\/v2\/users\/1"}],"replies":[{"embeddable":true,"href":"https:\/\/www.schlanser.ch\/magazin\/wp-json\/wp\/v2\/comments?post=11055"}],"version-history":[{"count":56,"href":"https:\/\/www.schlanser.ch\/magazin\/wp-json\/wp\/v2\/posts\/11055\/revisions"}],"predecessor-version":[{"id":17307,"href":"https:\/\/www.schlanser.ch\/magazin\/wp-json\/wp\/v2\/posts\/11055\/revisions\/17307"}],"wp:featuredmedia":[{"embeddable":true,"href":"https:\/\/www.schlanser.ch\/magazin\/wp-json\/wp\/v2\/media\/11065"}],"wp:attachment":[{"href":"https:\/\/www.schlanser.ch\/magazin\/wp-json\/wp\/v2\/media?parent=11055"}],"wp:term":[{"taxonomy":"category","embeddable":true,"href":"https:\/\/www.schlanser.ch\/magazin\/wp-json\/wp\/v2\/categories?post=11055"},{"taxonomy":"post_tag","embeddable":true,"href":"https:\/\/www.schlanser.ch\/magazin\/wp-json\/wp\/v2\/tags?post=11055"}],"curies":[{"name":"wp","href":"https:\/\/api.w.org\/{rel}","templated":true}]}}