{"id":11115,"date":"2020-12-11T13:32:28","date_gmt":"2020-12-11T12:32:28","guid":{"rendered":"https:\/\/www.schlanser.ch\/magazin\/?p=11115"},"modified":"2021-10-18T15:43:13","modified_gmt":"2021-10-18T13:43:13","slug":"xxl-schlafsack","status":"publish","type":"post","link":"https:\/\/www.schlanser.ch\/magazin\/xxl-schlafsack\/","title":{"rendered":"XXL-Schlafsack f\u00fcr grosse Menschen und grossen Komfort"},"content":{"rendered":"<p style=\"text-align: justify;\"><b><span data-contrast=\"auto\">Zwischen Geborgenheit und\u00a0<\/span><\/b><b><span data-contrast=\"auto\">sich eingeengt f\u00fchlen<\/span><\/b><b><span data-contrast=\"auto\">\u00a0<\/span><\/b><b><span data-contrast=\"auto\">\u2013<\/span><\/b><b><span data-contrast=\"auto\">\u00a0<\/span><\/b><b><span data-contrast=\"none\">Schlafs\u00e4cke<\/span><\/b><b><span data-contrast=\"auto\">\u00a0sorgen f\u00fcr warme und behagliche N\u00e4chte. Doch was, wenn der normale Schlafsack zu eng ist und Ihnen kein gesundes Schlaferlebnis bietet? Lesen Sie hier, welche Vorteile ein\u00a0<\/span><\/b><b><span data-contrast=\"none\">XXL-Schlafsack<\/span><\/b><b><span data-contrast=\"auto\">\u00a0bietet und wie Sie auch in den Ferien erholsamen Schlaf generieren k\u00f6nnen.<\/span><\/b><\/p>\n<h2><span data-contrast=\"auto\">Geborgenheit und W\u00e4rme\u00a0<\/span><span data-contrast=\"auto\">\u2013<\/span><span data-contrast=\"auto\">\u00a0Erinnerungen aus der Kindheit<\/span><\/h2>\n<p style=\"text-align: justify;\"><span data-contrast=\"auto\">Die meisten Kinder lieben Schlafs\u00e4cke. Die lebhafte Kindheitserinnerung an das Rollenspiel als Raupe mithilfe eines Schlafsacks und kriechender Fortbewegung durch die Wohnung l\u00e4sst junggebliebene Herzen h\u00f6herschlagen. Das eingemummelte Feeling und die gef\u00fchlte Rundum-Geborgenheit l<\/span><span data-contrast=\"auto\">assen<\/span><span data-contrast=\"auto\">\u00a0auch die \u00dcbernachtung bei Freunden oder im\u00a0<\/span><a href=\"https:\/\/www.schlanser.ch\/zelte\/campingzelte\/\"><span data-contrast=\"none\">Zelt<\/span><\/a><span data-contrast=\"auto\">\u00a0zu einer wohligen Erfahrung werden. Als Erwachsener haben Sie Ihre Vorlieben beim Schlafen oftmals schon so ausgefeilt, dass Sie eine enge H\u00fclle in der Nacht nicht mehr tolerieren k\u00f6nnen. Drehen Sie sich h\u00e4ufig vom Bauch auf den R\u00fccken, verdreht sich ein Schlafsack am K\u00f6rper und wirft unangenehme Falten. Die Beinfreiheit ist eingeschr\u00e4nkt, Ihre\u00a0<\/span><span data-contrast=\"auto\">F\u00fcsse<\/span><span data-contrast=\"auto\"> sind gezwungen, nah beieinander zu bleiben.<\/span><\/p>\n<blockquote>\n<p style=\"text-align: justify;\"><span data-contrast=\"auto\">Mit einem XXL<\/span><span data-contrast=\"auto\">&#8211;<\/span><span data-contrast=\"auto\">Schlafsack k\u00f6nnen Sie diese Unannehmlichkeiten umgehen und dennoch komfortabel in einem Schlafsack n\u00e4chtigen.<\/span><\/p>\n<\/blockquote>\n<h2><span data-contrast=\"auto\">F\u00fcr bewegte Tr\u00e4ume\u00a0<\/span><span data-contrast=\"auto\">\u2013<\/span><span data-contrast=\"auto\">\u00a0Platz und Behaglichkeit in\u00a0<\/span><span data-contrast=\"auto\">\u00dcbergr\u00f6sse<\/span><\/h2>\n<p style=\"text-align: justify;\"><span data-contrast=\"auto\">Ein\u00a0<\/span><span data-contrast=\"auto\">grosser<\/span><span data-contrast=\"auto\"> Schlafsack bietet bewegungsfreudigen Schlafenden ausreichend Platz. Sie k\u00f6nnen sich drehen und wenden, Arme und Beine heben, ausstrecken und spreizen, ohne vom Schlafsack beschr\u00e4nkt zu werden. Die M\u00f6glichkeit zur Bewegung wird zu einem entspannten Schlafgef\u00fchl f\u00fchren und das Gef\u00fchl des Eingeengt-Seins minimieren.\u00a0<\/span><span data-contrast=\"auto\">Hochgewachsene, stattliche Personen finden ebenfalls ausreichend Platz. Ihre \u00fcberdurchschnittlichen\u00a0<\/span><span data-contrast=\"auto\">K\u00f6rpermasse<\/span><span data-contrast=\"auto\"> werden vom XXL-Schlafsack sanft eingeh\u00fcllt, was Ihnen ein wohliges Schlafgef\u00fchl bei verl\u00e4sslicher W\u00e4rme geben wird.\u00a0<\/span><span data-contrast=\"auto\">Auch als Schwangere brauchen Sie etwas mehr Platz und Komfort bei der \u00dcbernachtung. Im XXL-Schlafsack k\u00f6nnen Sie sogar ein spezielles Seitenschl\u00e4ferkissen unterbringen, um den schwangeren Bauch gut zu st\u00fctzen.<\/span><\/p>\n<figure id=\"attachment_11144\" aria-describedby=\"caption-attachment-11144\" style=\"width: 600px\" class=\"wp-caption aligncenter\"><img loading=\"lazy\" decoding=\"async\" class=\"wp-image-11144 size-full\" title=\"Ein grosser Schlafsack spendet viel Platz und sorgt f\u00fcr eine wohlige Atmosph\u00e4re\" src=\"https:\/\/www.schlanser.ch\/magazin\/wp-content\/uploads\/2020\/12\/schlafsack-gross.jpg\" alt=\"schlafsack-gross-xxl-schlafsack\" width=\"600\" height=\"400\" srcset=\"https:\/\/www.schlanser.ch\/magazin\/wp-content\/uploads\/2020\/12\/schlafsack-gross.jpg 600w, https:\/\/www.schlanser.ch\/magazin\/wp-content\/uploads\/2020\/12\/schlafsack-gross-300x200.jpg 300w\" sizes=\"(max-width: 600px) 100vw, 600px\" \/><figcaption id=\"caption-attachment-11144\" class=\"wp-caption-text\">\u00a9 nelen.ru \u2013 stock.adobe.com<\/figcaption><\/figure>\n<p style=\"text-align: justify;\"><span data-contrast=\"auto\">Beim Familienurlaub mit S\u00e4ugling profitieren Sie vom H\u00fcttenschlafsack XXL, wenn Sie nachts stillen. Problemlos k\u00f6nnen Sie Ihr Baby<\/span><span data-contrast=\"auto\">\u00a0darin<\/span><span data-contrast=\"auto\">\u00a0stillen und in den Schlaf kuscheln. So verspricht auch der Zelturlaub entspannte N\u00e4chte mit m\u00f6glichst viel Erholung auch f\u00fcr frischgebackene Eltern. Aber auch Ihre Zweisamkeit k\u00f6nnen Sie in einem Schlafsack in\u00a0<\/span><span data-contrast=\"auto\">\u00dcbergr\u00f6sse<\/span><span data-contrast=\"auto\"> zelebrieren. Nicht nur diejenigen, die auch Zuhause unter einer Decke stecken, k\u00f6nnen in einem XXL-Schlafsack gemeinsam \u00fcbernachten.<\/span><\/p>\n<blockquote>\n<p style=\"text-align: justify;\"><span data-contrast=\"auto\">Zum Kuscheln f\u00fcr zwei erwachsene Personen eignet\u00a0<\/span><span data-contrast=\"auto\">sich die\u00a0<\/span><span data-contrast=\"auto\">\u00dcbergr\u00f6sse<\/span><span data-contrast=\"auto\"> ausgezeichnet.\u00a0<\/span><span data-contrast=\"auto\">Auch f\u00fcr Geschwisterkinder, die gern<\/span><span data-contrast=\"auto\">e<\/span><span data-contrast=\"auto\">\u00a0gemeinsam in einem Bett schlafen, ist ein\u00a0<\/span><span data-contrast=\"auto\">grosser<\/span><span data-contrast=\"auto\"> Schlafsack geeignet.<\/span><\/p>\n<\/blockquote>\n<p style=\"text-align: justify;\"><span data-contrast=\"auto\">Gemeinsam halten die Kinder die W\u00e4rme nachts aufrecht und f\u00fchlen sich vertraut geborgen. <\/span><span data-contrast=\"auto\">Wenn Kinder auch im Urlaub nachts ins Elternbett kriechen wollen, bietet ein\u00a0<\/span><span data-contrast=\"auto\">\u00fcbergrosser<\/span><span data-contrast=\"auto\">\u00a0Schlafsack gen\u00fcgend Platz. So kann die elterliche Anwesenheit unter gemeinsamer Decke f\u00fcr das Fernbleiben von Alptr\u00e4umen oder Angstgef\u00fchlen sorgen. Der n\u00e4chste Tag kann dann ausgeruht und entspannt begangen werden.<\/span><\/p>\n<h2><span data-contrast=\"auto\">Funktionsweise\u00a0<\/span><span data-contrast=\"auto\">\u2013<\/span><span data-contrast=\"auto\">\u00a0Was taugt ein\u00a0<\/span><span data-contrast=\"auto\">grosser<\/span><span data-contrast=\"auto\">\u00a0Schlafsack?<\/span><\/h2>\n<p style=\"text-align: justify;\"><span data-contrast=\"auto\">Schlafs\u00e4cke sorgen daf\u00fcr, dass die K\u00f6rperw\u00e4rme rundherum aufgefangen wird. Der Schlafende wird somit behaglich warmgehalten. Feuchtigkeit wird vom Gewebe aufgenommen und nach\u00a0<\/span><span data-contrast=\"auto\">a<\/span><span data-contrast=\"auto\">ussen<\/span><span data-contrast=\"auto\">\u00a0abgegeben oder entweicht beim Ausl\u00fcften am n\u00e4chsten Morgen. Das\u00a0<\/span><span data-contrast=\"auto\">Aussenmaterial<\/span><span data-contrast=\"auto\"> l\u00e4sst die Feuchtigkeit, die morgens in Zelt oder Wohnwagen herrscht, nicht eindringen. Wenn Sie schon einmal in Bettw\u00e4sche von Zuhause gezeltet haben, werden Sie gemerkt haben, dass sich das Bettzeug morgens klamm anf\u00fchlt.\u00a0<\/span><span data-contrast=\"auto\">Ein eng geschnittener Mumienschlafsack spart an Material und Gewicht und ist f\u00fcr extreme Wetterlagen oder mehrt\u00e4gige Wanderungen gut geeignet. Daf\u00fcr wird die Schnittform im Beinbereich schmal gehalten. <\/span><span data-contrast=\"auto\">Vielleicht konnten Sie sich bisher noch nicht f\u00fcr einen Schlafsack entscheiden, weil Sie sich nachts nicht eingeengt f\u00fchlen m\u00f6chten.<\/span><\/p>\n<p><img loading=\"lazy\" decoding=\"async\" class=\"aligncenter wp-image-11134 size-full\" title=\"Berger Deckenschlafsack Arizona XXL | extrabreite Komfort-Ausf\u00fchrung\" src=\"https:\/\/www.schlanser.ch\/magazin\/wp-content\/uploads\/2020\/12\/Berger-Deckenschlafsack-ArizonaXXL-1.jpg\" alt=\"Berger Deckenschlafsack ArizonaXXL xxl-schlafsack\" width=\"600\" height=\"340\" srcset=\"https:\/\/www.schlanser.ch\/magazin\/wp-content\/uploads\/2020\/12\/Berger-Deckenschlafsack-ArizonaXXL-1.jpg 600w, https:\/\/www.schlanser.ch\/magazin\/wp-content\/uploads\/2020\/12\/Berger-Deckenschlafsack-ArizonaXXL-1-300x170.jpg 300w\" sizes=\"(max-width: 600px) 100vw, 600px\" \/><\/p>\n<p style=\"text-align: justify;\"><span data-contrast=\"auto\">Neben den praktischen Deckenschlafs\u00e4cken in rechteckiger Form gibt es auch die M\u00f6glichkeit<\/span><span data-contrast=\"auto\">,<\/span><span data-contrast=\"auto\">\u00a0einen XXL- Schlafsack zu benutzen. Sie verlieren dann die Eigenschaft, bei\u00a0<\/span><span data-contrast=\"auto\">extrem geringer<\/span><span data-contrast=\"auto\"> Temperatur ausreichend warm zu bleiben, bei normalen Bedingungen bringt ein Schlafsack aber ausreichend W\u00e4rme und viele weitere Vorteile mit sich. Die Isolierf\u00e4higkeit ist trotz weiter Schnittform f\u00fcr die meisten Anwendungen hervorragend. <\/span><span data-contrast=\"auto\">Bei dem Berger Deckenschlafsack Arizona XXL beispielsweise liegt die Temperatur f\u00fcr die Komfortzone bei 4,8 &#8211; 9,2 Grad Celsius. Aber auch zwischen -9,2 und 19 Grad k\u00f6nnen Sie es ausreichend warm haben. Bei w\u00e4rmeren Temperaturen k\u00f6nnen Sie den\u00a0<\/span><span data-contrast=\"auto\">Reissverschluss<\/span><span data-contrast=\"auto\"> \u00f6ffnen und, wie bei einer gew\u00f6hnlichen Zudecke, im Schlaf den Grad des Zugedeckt-Seins variieren.<\/span><\/p>\n<p><img loading=\"lazy\" decoding=\"async\" class=\"aligncenter wp-image-11126\" title=\"Temperatur Komfort: 4,8 bis 9,2 \u00b0C | Temperatur Extrem: -9,2 \u00b0C | Temperatur Maximal: 19 \u00b0C\" src=\"https:\/\/www.schlanser.ch\/magazin\/wp-content\/uploads\/2020\/12\/berger-deckenschlafsack-arizonaxxl-temperatur.jpg\" alt=\"berger-deckenschlafsack-arizonaxxl-temperatur-xxl-schlafsack\" width=\"450\" height=\"292\" srcset=\"https:\/\/www.schlanser.ch\/magazin\/wp-content\/uploads\/2020\/12\/berger-deckenschlafsack-arizonaxxl-temperatur.jpg 600w, https:\/\/www.schlanser.ch\/magazin\/wp-content\/uploads\/2020\/12\/berger-deckenschlafsack-arizonaxxl-temperatur-300x195.jpg 300w\" sizes=\"(max-width: 450px) 100vw, 450px\" \/><\/p>\n<p style=\"text-align: justify;\"><span data-contrast=\"auto\">Neben besonders viel Beinfreiheit bietet ein XXL-Schlafsack weitere Annehmlichkeiten: Das Material des Arizona XXL<\/span><span data-contrast=\"auto\">&#8211;<\/span><span data-contrast=\"auto\">Schlafsacks \u00fcberzeugt durch\u00a0<\/span><span data-contrast=\"auto\">grosse<\/span><span data-contrast=\"auto\">\u00a0Funktionalit\u00e4t: Das Innenfutter besteht aus zweilagigem Hohlfaserpolyester und bietet intelligente Isolierwirkung sowie die Ableitung von Feuchtigkeit. Das\u00a0<\/span><span data-contrast=\"auto\">Aussenfutter<\/span><span data-contrast=\"auto\">\u00a0aus Polyester sch\u00fctzt den Schlafenden vor Feuchtigkeit der Umgebung, wie zum Beispiel dem Morgentau. Das Innenfutter besteht aus 100% Baumwolle und sorgt als kuscheliger Flanellstoff f\u00fcr ein angenehmes Schlafgef\u00fchl. Berger bietet mit dem Arizona Schlafsack die gewohnte gute Qualit\u00e4t und durchdachten Komfort.<\/span><\/p>\n<h2><span data-contrast=\"auto\">Tipps zur Pflege<\/span><\/h2>\n<p style=\"text-align: justify;\"><span data-contrast=\"auto\">Das t\u00e4gliche Ausl\u00fcften geh\u00f6rt zur Pflege jedes Schlafsacks, wie auch zur Pflege des Bettzeugs Zuhause. Falls n\u00f6tig, kann ein H\u00fcttenschlafsack XXL in der Waschmaschine bei 30 Grad gewaschen werden. Benutzen Sie daf\u00fcr wenig Reinigungsmittel, m\u00f6glichst fl\u00fcssiges Waschmittel oder in Wasser aufgel\u00f6stes Pulverwaschmittel. Nach dem Waschvorgang sollten Sie den Schlafsack mindestens dreimal kurzschleudern, damit die N\u00e4sse\u00a0<\/span><span data-contrast=\"auto\">gleichm\u00e4ssig<\/span><span data-contrast=\"auto\">\u00a0<\/span><span data-contrast=\"auto\">abfliessen<\/span><span data-contrast=\"auto\"> kann und die F\u00fcllung geschont wird.<\/span><\/p>\n<p><img loading=\"lazy\" decoding=\"async\" class=\"aligncenter wp-image-11138 size-full\" title=\"TC-Inlett H\u00fcttenschlafsack\" src=\"https:\/\/www.schlanser.ch\/magazin\/wp-content\/uploads\/2020\/12\/tc-inlett-huettenschlafsack-1.jpg\" alt=\"tc-inlett-huettenschlafsack\" width=\"600\" height=\"330\" srcset=\"https:\/\/www.schlanser.ch\/magazin\/wp-content\/uploads\/2020\/12\/tc-inlett-huettenschlafsack-1.jpg 600w, https:\/\/www.schlanser.ch\/magazin\/wp-content\/uploads\/2020\/12\/tc-inlett-huettenschlafsack-1-300x165.jpg 300w\" sizes=\"(max-width: 600px) 100vw, 600px\" \/><\/p>\n<p style=\"text-align: justify;\"><span data-contrast=\"auto\">Im W\u00e4schetrockner trocknen Sie den Deckenschlafsack schonend bei 30 Grad. Sie k\u00f6nnen saubere Tennisb\u00e4lle mit in den Trockner geben, damit die F\u00fcllung sch\u00f6n fluffig bleibt. W\u00e4hrend der Schlafsack <\/span><span data-contrast=\"auto\">z<\/span><span data-contrast=\"auto\">u<\/span><span data-contrast=\"auto\">\u00a0H<\/span><span data-contrast=\"auto\">ause auf seinen n\u00e4chsten Einsatz wartet, sollte er h\u00e4ngend ohne die Transporth\u00fclle aufbewahrt\u00a0<\/span><span data-contrast=\"auto\">werden, zum Beispiel im Kleiderschrank auf einem Hosenb\u00fcgel. Das h\u00e4lt das Innenfutter intakt und die Isolierf\u00e4higkeit wird nicht gemindert.<\/span><\/p>\n<h2><span data-contrast=\"auto\">Erholung pur\u00a0<\/span><span data-contrast=\"auto\">\u2013<\/span><span data-contrast=\"auto\">\u00a0dank erholsamer N\u00e4chte<\/span><\/h2>\n<p style=\"text-align: justify;\"><span data-contrast=\"auto\">Geniessen<\/span><span data-contrast=\"auto\">\u00a0Sie die N\u00e4chte in den Ferien, indem Sie guten Schlafkomfort mit gewohnter Bewegungsfreiheit kombinieren. Der\u00a0<\/span><span data-contrast=\"auto\">grosse<\/span><span data-contrast=\"auto\">\u00a0Schlafsack ist ein weiteres Element Ihrer gelungenen Ferien.<\/span><\/p>\n","protected":false},"excerpt":{"rendered":"<p>Zwischen Geborgenheit und\u00a0sich eingeengt f\u00fchlen\u00a0\u2013\u00a0Schlafs\u00e4cke\u00a0sorgen f\u00fcr warme und behagliche N\u00e4chte. Doch was, wenn der normale Schlafsack zu eng ist und Ihnen kein gesundes Schlaferlebnis bietet? Lesen Sie hier, welche Vorteile ein\u00a0XXL-Schlafsack\u00a0bietet und wie Sie auch in den Ferien erholsamen Schlaf generieren k\u00f6nnen. Geborgenheit und W\u00e4rme\u00a0\u2013\u00a0Erinnerungen aus der Kindheit Die meisten Kinder lieben Schlafs\u00e4cke. Die lebhafte &hellip;<\/p>\n","protected":false},"author":1,"featured_media":11124,"comment_status":"closed","ping_status":"open","sticky":false,"template":"","format":"standard","meta":{"footnotes":""},"categories":[3],"tags":[18,1556,1559,1567,349,24,1566],"yoast_head":"<!-- This site is optimized with the Yoast SEO plugin v22.2 - https:\/\/yoast.com\/wordpress\/plugins\/seo\/ -->\n<title>XXL-Schlafsack f\u00fcr grosse Menschen und grossen Komfort - Schlanser Magazin<\/title>\n<meta name=\"description\" content=\"Nicht nur\u00a0grosse\u00a0Menschen\u00a0geniessen\u00a0die Vorz\u00fcge eines Schlafsacks in\u00a0\u00dcbergr\u00f6sse\u00a0\u2714\u00a0Das\u00a0Schlanser\u00a0Campingmagazin berichtet von XXL-Schlafs\u00e4cken!\" \/>\n<meta name=\"robots\" content=\"index, follow, max-snippet:-1, max-image-preview:large, max-video-preview:-1\" \/>\n<link rel=\"canonical\" href=\"https:\/\/www.schlanser.ch\/magazin\/xxl-schlafsack\/\" \/>\n<meta property=\"og:locale\" content=\"de_DE\" \/>\n<meta property=\"og:type\" content=\"article\" \/>\n<meta property=\"og:title\" content=\"XXL-Schlafsack f\u00fcr grosse Menschen und grossen Komfort - Schlanser Magazin\" \/>\n<meta property=\"og:description\" content=\"Nicht nur\u00a0grosse\u00a0Menschen\u00a0geniessen\u00a0die Vorz\u00fcge eines Schlafsacks in\u00a0\u00dcbergr\u00f6sse\u00a0\u2714\u00a0Das\u00a0Schlanser\u00a0Campingmagazin berichtet von XXL-Schlafs\u00e4cken!\" \/>\n<meta property=\"og:url\" content=\"https:\/\/www.schlanser.ch\/magazin\/xxl-schlafsack\/\" \/>\n<meta property=\"og:site_name\" content=\"Schlanser Magazin\" \/>\n<meta property=\"article:published_time\" content=\"2020-12-11T12:32:28+00:00\" \/>\n<meta property=\"article:modified_time\" content=\"2021-10-18T13:43:13+00:00\" \/>\n<meta property=\"og:image\" content=\"https:\/\/www.schlanser.ch\/magazin\/wp-content\/uploads\/2020\/12\/xxl-schlafsack.jpg\" \/>\n\t<meta property=\"og:image:width\" content=\"800\" \/>\n\t<meta property=\"og:image:height\" content=\"533\" \/>\n\t<meta property=\"og:image:type\" content=\"image\/jpeg\" \/>\n<meta name=\"author\" content=\"admin\" \/>\n<meta name=\"twitter:card\" content=\"summary_large_image\" \/>\n<meta name=\"twitter:label1\" content=\"Verfasst von\" \/>\n\t<meta name=\"twitter:data1\" content=\"admin\" \/>\n\t<meta name=\"twitter:label2\" content=\"Gesch\u00e4tzte Lesezeit\" \/>\n\t<meta name=\"twitter:data2\" content=\"5 Minuten\" \/>\n<script type=\"application\/ld+json\" class=\"yoast-schema-graph\">{\"@context\":\"https:\/\/schema.org\",\"@graph\":[{\"@type\":\"WebPage\",\"@id\":\"https:\/\/www.schlanser.ch\/magazin\/xxl-schlafsack\/\",\"url\":\"https:\/\/www.schlanser.ch\/magazin\/xxl-schlafsack\/\",\"name\":\"XXL-Schlafsack f\u00fcr grosse Menschen und grossen Komfort - Schlanser Magazin\",\"isPartOf\":{\"@id\":\"https:\/\/www.schlanser.ch\/magazin\/#website\"},\"primaryImageOfPage\":{\"@id\":\"https:\/\/www.schlanser.ch\/magazin\/xxl-schlafsack\/#primaryimage\"},\"image\":{\"@id\":\"https:\/\/www.schlanser.ch\/magazin\/xxl-schlafsack\/#primaryimage\"},\"thumbnailUrl\":\"https:\/\/www.schlanser.ch\/magazin\/wp-content\/uploads\/2020\/12\/xxl-schlafsack.jpg\",\"datePublished\":\"2020-12-11T12:32:28+00:00\",\"dateModified\":\"2021-10-18T13:43:13+00:00\",\"author\":{\"@id\":\"https:\/\/www.schlanser.ch\/magazin\/#\/schema\/person\/000db0a103eb2594ba3daf394b1dfea2\"},\"description\":\"Nicht nur\u00a0grosse\u00a0Menschen\u00a0geniessen\u00a0die Vorz\u00fcge eines Schlafsacks in\u00a0\u00dcbergr\u00f6sse\u00a0\u2714\u00a0Das\u00a0Schlanser\u00a0Campingmagazin berichtet von XXL-Schlafs\u00e4cken!\",\"breadcrumb\":{\"@id\":\"https:\/\/www.schlanser.ch\/magazin\/xxl-schlafsack\/#breadcrumb\"},\"inLanguage\":\"de-DE\",\"potentialAction\":[{\"@type\":\"ReadAction\",\"target\":[\"https:\/\/www.schlanser.ch\/magazin\/xxl-schlafsack\/\"]}]},{\"@type\":\"ImageObject\",\"inLanguage\":\"de-DE\",\"@id\":\"https:\/\/www.schlanser.ch\/magazin\/xxl-schlafsack\/#primaryimage\",\"url\":\"https:\/\/www.schlanser.ch\/magazin\/wp-content\/uploads\/2020\/12\/xxl-schlafsack.jpg\",\"contentUrl\":\"https:\/\/www.schlanser.ch\/magazin\/wp-content\/uploads\/2020\/12\/xxl-schlafsack.jpg\",\"width\":800,\"height\":533,\"caption\":\"\u00a9 vetal1983 \u2013 stock.adobe.com\"},{\"@type\":\"BreadcrumbList\",\"@id\":\"https:\/\/www.schlanser.ch\/magazin\/xxl-schlafsack\/#breadcrumb\",\"itemListElement\":[{\"@type\":\"ListItem\",\"position\":1,\"name\":\"Startseite\",\"item\":\"https:\/\/www.schlanser.ch\/magazin\/\"},{\"@type\":\"ListItem\",\"position\":2,\"name\":\"XXL-Schlafsack f\u00fcr grosse Menschen und grossen Komfort\"}]},{\"@type\":\"WebSite\",\"@id\":\"https:\/\/www.schlanser.ch\/magazin\/#website\",\"url\":\"https:\/\/www.schlanser.ch\/magazin\/\",\"name\":\"Schlanser Magazin\",\"description\":\"\",\"potentialAction\":[{\"@type\":\"SearchAction\",\"target\":{\"@type\":\"EntryPoint\",\"urlTemplate\":\"https:\/\/www.schlanser.ch\/magazin\/?s={search_term_string}\"},\"query-input\":\"required name=search_term_string\"}],\"inLanguage\":\"de-DE\"},{\"@type\":\"Person\",\"@id\":\"https:\/\/www.schlanser.ch\/magazin\/#\/schema\/person\/000db0a103eb2594ba3daf394b1dfea2\",\"name\":\"admin\",\"image\":{\"@type\":\"ImageObject\",\"inLanguage\":\"de-DE\",\"@id\":\"https:\/\/www.schlanser.ch\/magazin\/#\/schema\/person\/image\/\",\"url\":\"https:\/\/secure.gravatar.com\/avatar\/a794a4fe8a9b9c52241597eb381dfa2e?s=96&d=mm&r=g\",\"contentUrl\":\"https:\/\/secure.gravatar.com\/avatar\/a794a4fe8a9b9c52241597eb381dfa2e?s=96&d=mm&r=g\",\"caption\":\"admin\"}}]}<\/script>\n<!-- \/ Yoast SEO plugin. -->","yoast_head_json":{"title":"XXL-Schlafsack f\u00fcr grosse Menschen und grossen Komfort - Schlanser Magazin","description":"Nicht nur\u00a0grosse\u00a0Menschen\u00a0geniessen\u00a0die Vorz\u00fcge eines Schlafsacks in\u00a0\u00dcbergr\u00f6sse\u00a0\u2714\u00a0Das\u00a0Schlanser\u00a0Campingmagazin berichtet von XXL-Schlafs\u00e4cken!","robots":{"index":"index","follow":"follow","max-snippet":"max-snippet:-1","max-image-preview":"max-image-preview:large","max-video-preview":"max-video-preview:-1"},"canonical":"https:\/\/www.schlanser.ch\/magazin\/xxl-schlafsack\/","og_locale":"de_DE","og_type":"article","og_title":"XXL-Schlafsack f\u00fcr grosse Menschen und grossen Komfort - Schlanser Magazin","og_description":"Nicht nur\u00a0grosse\u00a0Menschen\u00a0geniessen\u00a0die Vorz\u00fcge eines Schlafsacks in\u00a0\u00dcbergr\u00f6sse\u00a0\u2714\u00a0Das\u00a0Schlanser\u00a0Campingmagazin berichtet von XXL-Schlafs\u00e4cken!","og_url":"https:\/\/www.schlanser.ch\/magazin\/xxl-schlafsack\/","og_site_name":"Schlanser Magazin","article_published_time":"2020-12-11T12:32:28+00:00","article_modified_time":"2021-10-18T13:43:13+00:00","og_image":[{"width":800,"height":533,"url":"https:\/\/www.schlanser.ch\/magazin\/wp-content\/uploads\/2020\/12\/xxl-schlafsack.jpg","type":"image\/jpeg"}],"author":"admin","twitter_card":"summary_large_image","twitter_misc":{"Verfasst von":"admin","Gesch\u00e4tzte Lesezeit":"5 Minuten"},"schema":{"@context":"https:\/\/schema.org","@graph":[{"@type":"WebPage","@id":"https:\/\/www.schlanser.ch\/magazin\/xxl-schlafsack\/","url":"https:\/\/www.schlanser.ch\/magazin\/xxl-schlafsack\/","name":"XXL-Schlafsack f\u00fcr grosse Menschen und grossen Komfort - Schlanser Magazin","isPartOf":{"@id":"https:\/\/www.schlanser.ch\/magazin\/#website"},"primaryImageOfPage":{"@id":"https:\/\/www.schlanser.ch\/magazin\/xxl-schlafsack\/#primaryimage"},"image":{"@id":"https:\/\/www.schlanser.ch\/magazin\/xxl-schlafsack\/#primaryimage"},"thumbnailUrl":"https:\/\/www.schlanser.ch\/magazin\/wp-content\/uploads\/2020\/12\/xxl-schlafsack.jpg","datePublished":"2020-12-11T12:32:28+00:00","dateModified":"2021-10-18T13:43:13+00:00","author":{"@id":"https:\/\/www.schlanser.ch\/magazin\/#\/schema\/person\/000db0a103eb2594ba3daf394b1dfea2"},"description":"Nicht nur\u00a0grosse\u00a0Menschen\u00a0geniessen\u00a0die Vorz\u00fcge eines Schlafsacks in\u00a0\u00dcbergr\u00f6sse\u00a0\u2714\u00a0Das\u00a0Schlanser\u00a0Campingmagazin berichtet von XXL-Schlafs\u00e4cken!","breadcrumb":{"@id":"https:\/\/www.schlanser.ch\/magazin\/xxl-schlafsack\/#breadcrumb"},"inLanguage":"de-DE","potentialAction":[{"@type":"ReadAction","target":["https:\/\/www.schlanser.ch\/magazin\/xxl-schlafsack\/"]}]},{"@type":"ImageObject","inLanguage":"de-DE","@id":"https:\/\/www.schlanser.ch\/magazin\/xxl-schlafsack\/#primaryimage","url":"https:\/\/www.schlanser.ch\/magazin\/wp-content\/uploads\/2020\/12\/xxl-schlafsack.jpg","contentUrl":"https:\/\/www.schlanser.ch\/magazin\/wp-content\/uploads\/2020\/12\/xxl-schlafsack.jpg","width":800,"height":533,"caption":"\u00a9 vetal1983 \u2013 stock.adobe.com"},{"@type":"BreadcrumbList","@id":"https:\/\/www.schlanser.ch\/magazin\/xxl-schlafsack\/#breadcrumb","itemListElement":[{"@type":"ListItem","position":1,"name":"Startseite","item":"https:\/\/www.schlanser.ch\/magazin\/"},{"@type":"ListItem","position":2,"name":"XXL-Schlafsack f\u00fcr grosse Menschen und grossen Komfort"}]},{"@type":"WebSite","@id":"https:\/\/www.schlanser.ch\/magazin\/#website","url":"https:\/\/www.schlanser.ch\/magazin\/","name":"Schlanser Magazin","description":"","potentialAction":[{"@type":"SearchAction","target":{"@type":"EntryPoint","urlTemplate":"https:\/\/www.schlanser.ch\/magazin\/?s={search_term_string}"},"query-input":"required name=search_term_string"}],"inLanguage":"de-DE"},{"@type":"Person","@id":"https:\/\/www.schlanser.ch\/magazin\/#\/schema\/person\/000db0a103eb2594ba3daf394b1dfea2","name":"admin","image":{"@type":"ImageObject","inLanguage":"de-DE","@id":"https:\/\/www.schlanser.ch\/magazin\/#\/schema\/person\/image\/","url":"https:\/\/secure.gravatar.com\/avatar\/a794a4fe8a9b9c52241597eb381dfa2e?s=96&d=mm&r=g","contentUrl":"https:\/\/secure.gravatar.com\/avatar\/a794a4fe8a9b9c52241597eb381dfa2e?s=96&d=mm&r=g","caption":"admin"}}]}},"_links":{"self":[{"href":"https:\/\/www.schlanser.ch\/magazin\/wp-json\/wp\/v2\/posts\/11115"}],"collection":[{"href":"https:\/\/www.schlanser.ch\/magazin\/wp-json\/wp\/v2\/posts"}],"about":[{"href":"https:\/\/www.schlanser.ch\/magazin\/wp-json\/wp\/v2\/types\/post"}],"author":[{"embeddable":true,"href":"https:\/\/www.schlanser.ch\/magazin\/wp-json\/wp\/v2\/users\/1"}],"replies":[{"embeddable":true,"href":"https:\/\/www.schlanser.ch\/magazin\/wp-json\/wp\/v2\/comments?post=11115"}],"version-history":[{"count":30,"href":"https:\/\/www.schlanser.ch\/magazin\/wp-json\/wp\/v2\/posts\/11115\/revisions"}],"predecessor-version":[{"id":13430,"href":"https:\/\/www.schlanser.ch\/magazin\/wp-json\/wp\/v2\/posts\/11115\/revisions\/13430"}],"wp:featuredmedia":[{"embeddable":true,"href":"https:\/\/www.schlanser.ch\/magazin\/wp-json\/wp\/v2\/media\/11124"}],"wp:attachment":[{"href":"https:\/\/www.schlanser.ch\/magazin\/wp-json\/wp\/v2\/media?parent=11115"}],"wp:term":[{"taxonomy":"category","embeddable":true,"href":"https:\/\/www.schlanser.ch\/magazin\/wp-json\/wp\/v2\/categories?post=11115"},{"taxonomy":"post_tag","embeddable":true,"href":"https:\/\/www.schlanser.ch\/magazin\/wp-json\/wp\/v2\/tags?post=11115"}],"curies":[{"name":"wp","href":"https:\/\/api.w.org\/{rel}","templated":true}]}}