{"id":11148,"date":"2020-12-15T09:30:36","date_gmt":"2020-12-15T08:30:36","guid":{"rendered":"https:\/\/www.schlanser.ch\/magazin\/?p=11148"},"modified":"2026-03-05T16:16:31","modified_gmt":"2026-03-05T15:16:31","slug":"camping-in-liechtenstein","status":"publish","type":"post","link":"https:\/\/www.schlanser.ch\/magazin\/camping-in-liechtenstein\/","title":{"rendered":"Camping in Liechtenstein"},"content":{"rendered":"<h2>\u00ab Die sch\u00f6nsten Sehensw\u00fcrdigkeiten und Campingpl\u00e4tze in unserem kleinsten Nachbarland \u00bb<\/h2>\n<p style=\"text-align: justify;\"><b><span data-contrast=\"auto\">Das F\u00fcrstentum Liechtenstein ist ein sogenannter Binnenstaat im mitteleurop\u00e4ischen Alpenraum. Es handelt sich dabei um den sechstkleinsten Staat der Erde, der Alpenrhein bildet die westliche Grenze zwischen der Schweiz<\/span><\/b><b><span data-contrast=\"auto\"> und<\/span><\/b><b><span data-contrast=\"auto\"> \u00d6sterreich. Die Hauptstadt inklusive F\u00fcrstensitz ist Vaduz. Triesenberg ist der Ort mit der <\/span><\/b><b><span data-contrast=\"auto\">gr\u00f6ssten<\/span><\/b><b><span data-contrast=\"auto\"> Fl\u00e4che des F\u00fcrstentums. Die meisten Einwohner befinden sich in dem Ort Schaan, dieser und die St\u00e4dte Triesen sowie Vaduz bilden die sogenannte Agglomeration, (Zusammenballung \/Ballungsgebiet, das aus fast 17.000 Einwohnern besteht. Der n\u00f6rdliche Teil von Liechtenstein ist sehr stark kultiviert, w\u00e4hrend der s\u00fcdliche Teil weniger bewirtschaftet ist. Der Norden wird das Unterland, der S\u00fcden das Oberland genannt.<\/span><\/b><\/p>\n<figure id=\"attachment_19163\" aria-describedby=\"caption-attachment-19163\" style=\"width: 800px\" class=\"wp-caption aligncenter\"><img loading=\"lazy\" decoding=\"async\" class=\"wp-image-19163 size-full\" title=\"VAduz muss mindestens ein Tagesausflug wert sein - auch wenn Natururlaub favorisiert wird.\" src=\"https:\/\/www.schlanser.ch\/magazin\/wp-content\/uploads\/2020\/12\/C-amping-Vaduz-1.jpg\" alt=\"Blick Richtung Liechtenstein Square mit Frau im Vordergrund\" width=\"800\" height=\"528\" srcset=\"https:\/\/www.schlanser.ch\/magazin\/wp-content\/uploads\/2020\/12\/C-amping-Vaduz-1.jpg 800w, https:\/\/www.schlanser.ch\/magazin\/wp-content\/uploads\/2020\/12\/C-amping-Vaduz-1-300x198.jpg 300w, https:\/\/www.schlanser.ch\/magazin\/wp-content\/uploads\/2020\/12\/C-amping-Vaduz-1-768x507.jpg 768w, https:\/\/www.schlanser.ch\/magazin\/wp-content\/uploads\/2020\/12\/C-amping-Vaduz-1-310x205.jpg 310w\" sizes=\"(max-width: 800px) 100vw, 800px\" \/><figcaption id=\"caption-attachment-19163\" class=\"wp-caption-text\">\u00a9 T.Den_Team &#8211; stock.adobe.com<\/figcaption><\/figure>\n<h2><span data-contrast=\"auto\">Liechtenstein ist eine Reise wert<\/span><\/h2>\n<p style=\"text-align: justify;\"><span data-contrast=\"auto\">Wenn Sie \u00fcberlegen<\/span><span data-contrast=\"auto\">,<\/span><span data-contrast=\"auto\"> Ihren Urlaub im F\u00fcrstentum zu planen, ist dort sowohl Sommer- als auch Winterurlaub empfehlenswert. <\/span><span data-contrast=\"auto\">Das F\u00fcrstentum<\/span><span data-contrast=\"auto\"> besteht haupts\u00e4chlich aus Gebirgen<\/span><span data-contrast=\"auto\">.<\/span><span data-contrast=\"auto\"> Sie k\u00f6nnen hier also hervorragend wandern und auch Skifahren. Wenn Sie Wanderungen planen, ist die beste Reisezeit vom Fr\u00fchjahr (Mai) bis in den Sp\u00e4tsommer (September). Steht Ihnen der Sinn nach Wintersport, ist Skifahren<\/span><span data-contrast=\"auto\"> rund um Vaduz und Schaan<\/span><span data-contrast=\"auto\"> von Dezember bis April m\u00f6glich.<\/span><\/p>\n<blockquote>\n<p style=\"text-align: justify;\"><span data-contrast=\"auto\">Hinweis: Die Amtssprache im F\u00fcrstentum ist Deutsch. Im Alltag werden h\u00e4ufig auch liechtensteinische Mundarten gesprochen, die dem Alemannischen angeh\u00f6ren. Circa 34 Prozent der liechtensteinischen Einwohner sind Ausl\u00e4nder.<\/span><\/p>\n<\/blockquote>\n<h2><span data-contrast=\"auto\">Camping in Liechtenstein<\/span><\/h2>\n<p style=\"text-align: justify;\"><span data-contrast=\"auto\">M\u00f6chten Sie dem F\u00fcrstentum einen Besuch abstatten und planen Ihren Urlaub dort, kann man Sie nur begl\u00fcckw\u00fcnschen. Der Staat mag nicht sonderlich <\/span><span data-contrast=\"auto\">gross<\/span><span data-contrast=\"auto\"> sein, doch hat er einiges zu bieten. Auch f\u00fcr die Urlauber mit mobilem Heim, gibt es gen\u00fcgend M\u00f6glichkeiten, mit Ihrem Wohnmobil ein sch\u00f6nes Pl\u00e4tzchen auf einem Campingplatz zu finden. Campingpl\u00e4tze in Liechtenstein finden Sie einige, einer der beliebtesten ist der Campingplatz Camping Mittagsspitze in Triesen. Hier campen Sie am <\/span><span data-contrast=\"auto\">Fusse<\/span><span data-contrast=\"auto\"> des Berges Mittagsspitze, was einfach nur atemberaubend aussieht.<\/span><\/p>\n<figure id=\"attachment_19164\" aria-describedby=\"caption-attachment-19164\" style=\"width: 800px\" class=\"wp-caption aligncenter\"><img loading=\"lazy\" decoding=\"async\" class=\"wp-image-19164 size-full\" title=\"Kleines Land mit viel Charme und tollen M\u00f6glichkeiten\" src=\"https:\/\/www.schlanser.ch\/magazin\/wp-content\/uploads\/2020\/12\/C-amping-Vaduz-2.jpg\" alt=\"Blick auf das Schloss in VAduz in der D\u00e4mmerung\" width=\"800\" height=\"450\" srcset=\"https:\/\/www.schlanser.ch\/magazin\/wp-content\/uploads\/2020\/12\/C-amping-Vaduz-2.jpg 800w, https:\/\/www.schlanser.ch\/magazin\/wp-content\/uploads\/2020\/12\/C-amping-Vaduz-2-300x169.jpg 300w, https:\/\/www.schlanser.ch\/magazin\/wp-content\/uploads\/2020\/12\/C-amping-Vaduz-2-768x432.jpg 768w\" sizes=\"(max-width: 800px) 100vw, 800px\" \/><figcaption id=\"caption-attachment-19164\" class=\"wp-caption-text\">\u00a9 Boran &#8211; stock.adobe.com<\/figcaption><\/figure>\n<p style=\"text-align: justify;\"><span data-contrast=\"auto\">Der Platz ist am wildromantischen <\/span><span data-contrast=\"auto\">Lawental<\/span><span data-contrast=\"auto\"> gelegen, beides macht den Aufenthalt in Triesen zu einem erholsamen und entspannten Erlebnis. <\/span><span data-contrast=\"auto\">Mitten in eine wundersch\u00f6ne Landschaft eingebettet<\/span><span data-contrast=\"auto\">,<\/span><span data-contrast=\"auto\"> k\u00f6nnen Sie wieder auftanken und<\/span><span data-contrast=\"auto\"> im <\/span><a href=\"https:\/\/www.schlanser.ch\/moebel\/campingmoebel\/campingstuehle\/\"><span data-contrast=\"none\">Campingstuhl<\/span><\/a><span data-contrast=\"auto\"> einfach mal alle Viere <\/span><span data-contrast=\"auto\">von sich strecken<\/span><span data-contrast=\"auto\">. <\/span><span data-contrast=\"auto\">Wenn Ihnen nach etwas Bewegung und Action zumute ist, warten dort zahlreiche Wanderwege auf Sie, auch mit dem Velo k\u00f6nnen Sie die sch\u00f6ne Umgebung erkunden. Mit einer Laufzeit von maximal 15 Minuten erreichen Sie zudem verschiedene Freizeiteinrichtungen, wie einen <\/span><span data-contrast=\"auto\">Seilpark<\/span><span data-contrast=\"auto\">, Erlebnisspielpl\u00e4tze oder einen Tennisplatz.<\/span><\/p>\n<p style=\"text-align: justify;\">Was den Camping Mittagsspitze zus\u00e4tzlich attraktiv macht: Der Campingplatz wird bereits in dritter Generation gef\u00fchrt und bietet neben grossz\u00fcgigen Stellpl\u00e4tzen auch ein Aussenpool, gedeckte Sitzpl\u00e4tze, ein Selbstbedienungsl\u00e4deli und ein hauseigenes Restaurant mit regionalen Spezialit\u00e4ten. G\u00e4ste erhalten zudem eine G\u00e4stekarte, mit der der Ortsbus kostenlos genutzt werden kann \u2013 praktisch f\u00fcr Ausfl\u00fcge in die Umgebung.<\/p>\n<figure id=\"attachment_11183\" aria-describedby=\"caption-attachment-11183\" style=\"width: 600px\" class=\"wp-caption aligncenter\"><img loading=\"lazy\" decoding=\"async\" class=\"wp-image-11183 size-full\" title=\"F\u00fcrstentum Liechtenstein | Blick von Triesenberg in die Schweiz\" src=\"https:\/\/www.schlanser.ch\/magazin\/wp-content\/uploads\/2020\/12\/Fuerstentum-Liechtenstein-Blick-von-Triesenberg-in-die-Schweiz.jpg\" alt=\"Fuerstentum Liechtenstein Blick von Triesenberg in die Schweiz\" width=\"600\" height=\"400\" srcset=\"https:\/\/www.schlanser.ch\/magazin\/wp-content\/uploads\/2020\/12\/Fuerstentum-Liechtenstein-Blick-von-Triesenberg-in-die-Schweiz.jpg 600w, https:\/\/www.schlanser.ch\/magazin\/wp-content\/uploads\/2020\/12\/Fuerstentum-Liechtenstein-Blick-von-Triesenberg-in-die-Schweiz-300x200.jpg 300w\" sizes=\"(max-width: 600px) 100vw, 600px\" \/><figcaption id=\"caption-attachment-11183\" class=\"wp-caption-text\">\u00a9 Stanford Lone \u2013 stock.adobe.com<\/figcaption><\/figure>\n<h3>Camping Vaduz Liechtenstein \u2013 die Hauptstadt erleben<\/h3>\n<p style=\"text-align: justify;\"><span data-contrast=\"auto\">M\u00f6chten Sie der sehenswerten Hauptstadt einen Besuch abstatten, ist das kein Problem, diese ist gerademal sieben Kilometer entfernt. Ein empfehlenswerter Campingplatz in Vaduz ist der Stellplatz \u201eParking Rheindamstadion&#8220;. Hier k\u00f6nnen Sie ganz entspannt einen Spaziergang am Rhein unternehmen und werden mit einer sch\u00f6nen Aussicht auf die Burg verzaubert. In die Stadt gelangen <\/span><span data-contrast=\"auto\">Sie bequem zu <\/span><span data-contrast=\"auto\">Fuss<\/span><span data-contrast=\"auto\"> und k\u00f6nnen dort auf Entdeckungsreise gehen.<\/span><\/p>\n<p style=\"text-align: justify;\">Camping Vaduz Liechtenstein bedeutet dabei nicht nur eine g\u00fcnstige \u00dcbernachtungsm\u00f6glichkeit, sondern einen direkten Einstieg in die Kulturgeschichte des F\u00fcrstentums. In Vaduz finden Sie das Kunstmuseum, das Landesmuseum und nat\u00fcrlich das Schloss Vaduz \u2013 eines der bekanntesten Wahrzeichen der ganzen Region. Wer die Hauptstadt als Ausgangspunkt w\u00e4hlt, kann an einem einzigen Tag sowohl Rheinspaziergang als auch Burgblick und Weinprobe in der Hofkellerei verbinden. F\u00fcr Camper mit Wohnmobil lohnt sich ausserdem der Wohnmobilstellplatz in Malbun als Zwischenstopp, bevor es weiter ins Gebirge geht.<\/p>\n<p style=\"text-align: justify;\"><span data-contrast=\"auto\">Weitere Campingpl\u00e4tze im F\u00fcrstentum finden Sie in:<\/span><\/p>\n<ul>\n<li data-leveltext=\"-\" data-font=\"Calibri\" data-listid=\"2\" aria-setsize=\"-1\" data-aria-posinset=\"0\" data-aria-level=\"1\"><span data-contrast=\"auto\">Malbun<\/span><\/li>\n<li data-leveltext=\"-\" data-font=\"Calibri\" data-listid=\"2\" aria-setsize=\"-1\" data-aria-posinset=\"0\" data-aria-level=\"1\"><span data-contrast=\"auto\">Balzers<\/span><\/li>\n<li data-leveltext=\"-\" data-font=\"Calibri\" data-listid=\"2\" aria-setsize=\"-1\" data-aria-posinset=\"0\" data-aria-level=\"1\"><span data-contrast=\"auto\">Triesenberg<\/span><\/li>\n<li data-leveltext=\"-\" data-font=\"Calibri\" data-listid=\"2\" aria-setsize=\"-1\" data-aria-posinset=\"0\" data-aria-level=\"1\"><span data-contrast=\"auto\">Steg<\/span><\/li>\n<\/ul>\n<h2><span data-contrast=\"auto\">Sehensw\u00fcrdigkeiten im F\u00fcrstentum Liechtenstein<\/span><\/h2>\n<p style=\"text-align: justify;\"><span data-contrast=\"auto\">Man sagt, dass die Welt in dem beschaulichen Alpenland noch in Ordnung ist. Das liegt wohl daran, dass hier die K\u00fche ganz friedlich auf der Weide stehen und das sattgr\u00fcne Gras fressen und an den gr\u00fcnen H\u00e4ngen gedeihen der Wein und die Obstb\u00e4ume, dass es eine wahre Pracht ist. Hier <\/span><span data-contrast=\"auto\">gr\u00fcsst<\/span><span data-contrast=\"auto\"> man sich auf der <\/span><span data-contrast=\"auto\">Strasse<\/span><span data-contrast=\"auto\"> und l\u00e4sst tags\u00fcber auch mal die T\u00fcren offenstehen.<\/span><\/p>\n<figure id=\"attachment_11179\" aria-describedby=\"caption-attachment-11179\" style=\"width: 600px\" class=\"wp-caption aligncenter\"><img loading=\"lazy\" decoding=\"async\" class=\"wp-image-11179 size-full\" title=\"Balzers in Liechtenstein\" src=\"https:\/\/www.schlanser.ch\/magazin\/wp-content\/uploads\/2020\/12\/balzers-liechtenstein.jpg\" alt=\"balzers-liechtenstein\" width=\"600\" height=\"400\" srcset=\"https:\/\/www.schlanser.ch\/magazin\/wp-content\/uploads\/2020\/12\/balzers-liechtenstein.jpg 600w, https:\/\/www.schlanser.ch\/magazin\/wp-content\/uploads\/2020\/12\/balzers-liechtenstein-300x200.jpg 300w\" sizes=\"(max-width: 600px) 100vw, 600px\" \/><figcaption id=\"caption-attachment-11179\" class=\"wp-caption-text\">\u00a9 rh2010 \u2013 stock.adobe.com<\/figcaption><\/figure>\n<p style=\"text-align: justify;\"><span data-contrast=\"auto\">Wenn im Fr\u00fchling die Natur wieder zum Leben erwacht, zieht es die Menschen nach <\/span><span data-contrast=\"auto\">draussen<\/span><span data-contrast=\"auto\"> zum Wandern und Velo fahren. Natur <\/span><span data-contrast=\"auto\">geniessen<\/span><span data-contrast=\"auto\"> und Sonne tanken, geh\u00f6rt hier f\u00fcr die Meisten zu den Hauptbesch\u00e4ftigungen. Auch im Winter zieht es die Liechtensteiner nach <\/span><span data-contrast=\"auto\">draussen<\/span><span data-contrast=\"auto\">, da trifft man sich zum Snowboard und Skifahren.<\/span><\/p>\n<h3><span data-contrast=\"auto\">Grossab\u00fcnt Badesee \u2013 Badespass und Erholung<\/span><\/h3>\n<p style=\"text-align: justify;\"><span data-contrast=\"auto\">Kein Urlaub ohne einen Sprung ins k\u00fchle Nass, das gilt auch f\u00fcr Camping in Liechtenstein. Besonders sch\u00f6n ist das mit einem Blick auf die Alpen, wie es der <\/span><span data-contrast=\"auto\">Grossab\u00fcnt<\/span><span data-contrast=\"auto\"> Badesee bietet. Hier finden Sie kein <\/span><span data-contrast=\"auto\">spassbad\u00e4hnliches<\/span><span data-contrast=\"auto\"> Feeling vor, sondern vor allem Ruhe, Entspannung und Natur.<\/span><\/p>\n<p style=\"text-align: justify;\"><span data-contrast=\"auto\">Zum Sonnen k\u00f6nnen Sie sich auf die gepflegte Wiese legen und zwischendurch immer wieder in das glasklare k\u00fchle Wasser h\u00fcpfen. W\u00e4hrend Sie dort planschen, k\u00f6nnen Sie sich von dem grandiosen Blick auf die Alpen verzaubern lassen. Im Fr\u00fchjahr tragen diese noch Schnee, was ihren Anblick nochmal faszinierender macht. Eintritt f\u00fcr den See zahlen Sie nicht, f\u00fcr den kleinen Hunger zwischendurch ist <\/span><span data-contrast=\"auto\">dort <\/span><span data-contrast=\"auto\">auch gesorgt.<\/span><\/p>\n<h3><span data-contrast=\"auto\">Burg Gutenberg \u2013 Historische Entdeckungsreise<\/span><\/h3>\n<p style=\"text-align: justify;\"><span data-contrast=\"auto\">Wenn Ihnen der Sinn nach etwas Kultur steht, k\u00f6nnen Sie einmal die Burg Gutenberg in Balzers besichtigen. Diese ist neben dem Schloss Vaduz die bekannteste Sehensw\u00fcrdigkeit in Liechtenstein. Diese erkennen Sie schon aus weiter Entfernung, denn sie thront auf einem H\u00fcgel, der 70 Meter hoch ist.<\/span><\/p>\n<figure id=\"attachment_11161\" aria-describedby=\"caption-attachment-11161\" style=\"width: 600px\" class=\"wp-caption aligncenter\"><img loading=\"lazy\" decoding=\"async\" class=\"wp-image-11161 size-full\" title=\"Burg Gutenberg in Liechtenstein\" src=\"https:\/\/www.schlanser.ch\/magazin\/wp-content\/uploads\/2020\/12\/Burg-Gutenberg-Liechtenstein.jpg\" alt=\"Burg Gutenberg Liechtenstein\" width=\"600\" height=\"400\" srcset=\"https:\/\/www.schlanser.ch\/magazin\/wp-content\/uploads\/2020\/12\/Burg-Gutenberg-Liechtenstein.jpg 600w, https:\/\/www.schlanser.ch\/magazin\/wp-content\/uploads\/2020\/12\/Burg-Gutenberg-Liechtenstein-300x200.jpg 300w\" sizes=\"(max-width: 600px) 100vw, 600px\" \/><figcaption id=\"caption-attachment-11161\" class=\"wp-caption-text\">\u00a9 EMBorque \u2013 stock.adobe.com<\/figcaption><\/figure>\n<p style=\"text-align: justify;\"><span data-contrast=\"auto\">Vor langer Zeit war die Burg Gutenberg einst eine Kirche mit Friedhof. Nun kann sie von Touristen besichtigt werden, allerdings nur mit vorheriger Anmeldung. Doch auch so lohnt sich ein Ausflug nach Balzers, ein Stadtbummel und die Erkundung des Hinterlandes sind <\/span><span data-contrast=\"auto\">immer <\/span><span data-contrast=\"auto\">eine Reise wert.<\/span><\/p>\n<h3><span data-contrast=\"auto\">Kunstmuseum Liechtenstein in Vaduz \u2013 Auf den Spuren der Kunst<\/span><\/h3>\n<p style=\"text-align: justify;\"><span data-contrast=\"auto\">Wenn Sie in der Hauptstadt sind, kommen Sie am Liechtensteiner Kunstmuseum kaum vorbei, denn es ist schon sehr pr\u00e4sent, wie es d<\/span><span data-contrast=\"auto\">ort<\/span><span data-contrast=\"auto\"> zwischen den anderen alten H\u00e4usern herausragt.<\/span><\/p>\n<p><iframe loading=\"lazy\" src=\"https:\/\/www.youtube-nocookie.com\/embed\/OMZcjXlhMxo\" width=\"560\" height=\"315\" frameborder=\"0\" allowfullscreen=\"allowfullscreen\"><\/iframe><\/p>\n<p style=\"text-align: justify;\"><span data-contrast=\"auto\">Sind sie kunstinteressiert? Dann sollten Sie dem 200 Jahre altem Museum unbedingt einen Besuch abstatten. Es erwarten Sie dort eine tolle Auswahl an zeitgen\u00f6ssischer Kunst, zwischenzeitlich gibt es dort auch interessante Fotoausstellungen zu begutachten.<\/span><\/p>\n<h3><span data-contrast=\"auto\">Die Hofkellerei des F\u00fcrsten \u2013 Weinverkostung und k\u00f6stliche Speisen<\/span><\/h3>\n<p style=\"text-align: justify;\"><span data-contrast=\"auto\">Was l\u00e4dt mehr zu einer Weinprobe ein, als eine alte Kellerei, ein milder Sommerabend und das Ambiente eines Weinanbaugebiets? Davon finden Sie im Land \u00fcbrigens einige, <\/span><span data-contrast=\"auto\">grosse<\/span><span data-contrast=\"auto\"> und kleine, auch sehr viele private Anbaufl\u00e4chen.<\/span><\/p>\n<p><iframe loading=\"lazy\" src=\"https:\/\/www.youtube-nocookie.com\/embed\/0nL2u1BzTho\" width=\"560\" height=\"315\" frameborder=\"0\" allowfullscreen=\"allowfullscreen\"><\/iframe><\/p>\n<p style=\"text-align: justify;\"><span data-contrast=\"auto\">Zu den bekanntesten und <\/span><span data-contrast=\"auto\">gr\u00f6ssten<\/span><span data-contrast=\"auto\"> z\u00e4hlt die Hofkellerei des F\u00fcrsten, welche mitsamt Weingut in Vaduz liegt. Hier entdecken Sie eine wundersch\u00f6ne Aussicht auf das Land und seine Natur. <\/span><span data-contrast=\"auto\">Verkosten k\u00f6nnen Sie dort, <\/span><span data-contrast=\"auto\">standesgem\u00e4ss<\/span><span data-contrast=\"auto\"> bei einer Degustation im Weinkeller unter anderem einen Riesling, einen Pinot Noir Blanc oder auch einen Gr\u00fcnen <\/span><span data-contrast=\"auto\">Veltiner<\/span><span data-contrast=\"auto\">.<\/span><\/p>\n<figure id=\"attachment_11158\" aria-describedby=\"caption-attachment-11158\" style=\"width: 600px\" class=\"wp-caption aligncenter\"><img loading=\"lazy\" decoding=\"async\" class=\"wp-image-11158 size-full\" title=\"Weinberg in Vaduz\" src=\"https:\/\/www.schlanser.ch\/magazin\/wp-content\/uploads\/2020\/12\/Weinberg-in-Vaduz.jpg\" alt=\"Weinberg in Vaduz\" width=\"600\" height=\"400\" srcset=\"https:\/\/www.schlanser.ch\/magazin\/wp-content\/uploads\/2020\/12\/Weinberg-in-Vaduz.jpg 600w, https:\/\/www.schlanser.ch\/magazin\/wp-content\/uploads\/2020\/12\/Weinberg-in-Vaduz-300x200.jpg 300w\" sizes=\"(max-width: 600px) 100vw, 600px\" \/><figcaption id=\"caption-attachment-11158\" class=\"wp-caption-text\">\u00a9 Alizada Studios \u2013 stock.adobe.com<\/figcaption><\/figure>\n<p style=\"text-align: justify;\"><span data-contrast=\"auto\">Wenn Sie davor oder danach noch einen Happen essen m\u00f6chten, k\u00f6nnen Sie das im Restaurant Torkel auf der anderen Seite des Weinguts tun. Ein perfekter Abschluss von einem ereignisreichen Urlaubstag.<\/span><\/p>\n<h3><span data-contrast=\"auto\">Malbun \u2013 Camping und Skifahren in Liechtenstein<\/span><\/h3>\n<p style=\"text-align: justify;\"><span data-contrast=\"auto\">Es wurde bereits erw\u00e4hnt, dass Urlaub<\/span><span data-contrast=\"auto\">,<\/span><span data-contrast=\"auto\"> beziehungsweise Camping in Liechtenstein<\/span><span data-contrast=\"auto\">,<\/span><span data-contrast=\"auto\"> sowohl im Sommer als auch im Winter einiges zu bieten hat. Vor allem im Bergdorf Malbun kommen Wintersportfreunde und leidenschaftliche Wanderer auf ihre Kosten. Der Ferien- und Naherholungsort ist ideal, wenn Sie mit der ganzen Familie unterwegs sind. <\/span><span data-contrast=\"auto\">Im Winter k\u00f6nnen Sie in Malbun mit der ganzen Familie Skifahren. Das Dorf beziehungsweise Wintersportgebiet liegt in verkehrsruhiger Lage, idyllisch und ruhig.<\/span><\/p>\n<figure id=\"attachment_11168\" aria-describedby=\"caption-attachment-11168\" style=\"width: 600px\" class=\"wp-caption aligncenter\"><img loading=\"lazy\" decoding=\"async\" class=\"wp-image-11168 size-full\" title=\"Skigebiet Malbun in Liechtenstein\" src=\"https:\/\/www.schlanser.ch\/magazin\/wp-content\/uploads\/2020\/12\/Skigebiet-Malbun.jpg\" alt=\"Skigebiet Malbun\" width=\"600\" height=\"450\" srcset=\"https:\/\/www.schlanser.ch\/magazin\/wp-content\/uploads\/2020\/12\/Skigebiet-Malbun.jpg 600w, https:\/\/www.schlanser.ch\/magazin\/wp-content\/uploads\/2020\/12\/Skigebiet-Malbun-300x225.jpg 300w\" sizes=\"(max-width: 600px) 100vw, 600px\" \/><figcaption id=\"caption-attachment-11168\" class=\"wp-caption-text\">\u00a9 Jeff \u2013 stock.adobe.com<\/figcaption><\/figure>\n<p style=\"text-align: justify;\"><span data-contrast=\"auto\">Mit den Sessel- und Schleppliften gelangen Sie sicher auf die Piste, Malbun liegt circa 1600 Meter in der H\u00f6he. F\u00fcr Freunde des Langlaufs gibt es auch 15 Kilometer weit gespurte Loipen, wo Sie die Natur <\/span><span data-contrast=\"auto\">geniessen<\/span><span data-contrast=\"auto\"> und innehalten k\u00f6nnen.<\/span><\/p>\n<p style=\"text-align: justify;\">F\u00fcr Camper ist Malbun besonders interessant: Der offizielle Wohnmobilstellplatz auf dem Parkplatz P2 bietet zw\u00f6lf Stellpl\u00e4tze direkt im Naherholungsgebiet und ist das ganze Jahr ge\u00f6ffnet. Im Winter liegt er meist unter einer Schneedecke \u2013 ein einzigartiges Erlebnis f\u00fcr alle, die Wintercamping in den Alpen lieben. Wer das Thema vertiefen m\u00f6chte, findet in unserem Artikel zum <a href=\"https:\/\/www.schlanser.ch\/magazin\/wintercamping-im-skiurlaub\/\">Wintercamping im Skiurlaub<\/a> viele weitere Tipps rund um Ausr\u00fcstung und geeignete Ziele.<\/p>\n<p><a href=\"https:\/\/www.schlanser.ch\/hersteller\/leki\/252826\/leki-sherpa-fx-carbon-strong-wanderstoecke\"><img loading=\"lazy\" decoding=\"async\" class=\"aligncenter wp-image-11191\" title=\"Leki Trekkingst\u00f6cke Makalu Lite 2er Set\" src=\"https:\/\/www.schlanser.ch\/magazin\/wp-content\/uploads\/2020\/12\/leki-trekkingstoecke-makalu-lite-2er-set-1.jpg\" alt=\"leki-trekkingstoecke-makalu-lite-2er-set\" width=\"500\" height=\"103\" srcset=\"https:\/\/www.schlanser.ch\/magazin\/wp-content\/uploads\/2020\/12\/leki-trekkingstoecke-makalu-lite-2er-set-1.jpg 600w, https:\/\/www.schlanser.ch\/magazin\/wp-content\/uploads\/2020\/12\/leki-trekkingstoecke-makalu-lite-2er-set-1-300x62.jpg 300w\" sizes=\"(max-width: 500px) 100vw, 500px\" \/><\/a><\/p>\n<p style=\"text-align: justify;\"><span data-contrast=\"auto\">Wenn Skifahren im Allgemeinen nicht so Ihr Ding ist, ist eine Reise in das Bergdorf trotzdem empfehlenswert. Dort gibt es noch einiges<\/span><span data-contrast=\"auto\"> \u00fcber<\/span> <span data-contrast=\"auto\">de<\/span><span data-contrast=\"auto\">n Wintersport <\/span><span data-contrast=\"auto\">hinaus <\/span><span data-contrast=\"auto\">zu entdecken. Im Fr\u00fchjahr l\u00e4dt der Ort<\/span><span data-contrast=\"auto\"> beispielsweise<\/span><span data-contrast=\"auto\"> zu ausgiebigen Wanderungen ein.<\/span><\/p>\n<h2>Liechtenstein als Tor zu \u00d6sterreich<\/h2>\n<p style=\"text-align: justify;\">Liechtenstein liegt geografisch genau zwischen der Schweiz und \u00d6sterreich \u2013 und macht sich damit als Zwischenstopp auf einer gr\u00f6sseren Camping-Rundreise besonders gut. Wer das F\u00fcrstentum erkundet hat und noch mehr Alpenflair sucht, ist in Vorarlberg und Tirol genau richtig. Die Campingpl\u00e4tze \u00d6sterreichs, von den Seen K\u00e4rntens bis zu den Gletschern Tirols, sind von Liechtenstein aus in kurzer Zeit erreichbar. Eine \u00dcbersicht der <a href=\"https:\/\/www.schlanser.ch\/magazin\/die-schoensten-campingplaetze-in-oesterreich\/\">sch\u00f6nsten Campingpl\u00e4tze in \u00d6sterreich<\/a> hilft dabei, die Weiterreise optimal zu planen.<\/p>\n","protected":false},"excerpt":{"rendered":"<p>\u00ab Die sch\u00f6nsten Sehensw\u00fcrdigkeiten und Campingpl\u00e4tze in unserem kleinsten Nachbarland \u00bb Das F\u00fcrstentum Liechtenstein ist ein sogenannter Binnenstaat im mitteleurop\u00e4ischen Alpenraum. Es handelt sich dabei um den sechstkleinsten Staat der Erde, der Alpenrhein bildet die westliche Grenze zwischen der Schweiz und \u00d6sterreich. Die Hauptstadt inklusive F\u00fcrstensitz ist Vaduz. Triesenberg ist der Ort mit der gr\u00f6ssten &hellip;<\/p>\n","protected":false},"author":1,"featured_media":11164,"comment_status":"closed","ping_status":"open","sticky":false,"template":"","format":"standard","meta":{"footnotes":""},"categories":[2],"tags":[201,197,34,1568,996,1569],"yoast_head":"<!-- This site is optimized with the Yoast SEO plugin v22.2 - https:\/\/yoast.com\/wordpress\/plugins\/seo\/ -->\n<title>Camping in Liechtenstein - Schlanser Magazin<\/title>\n<meta name=\"description\" content=\"Das Schlanser Camping Magazin zeigt Camping im kleinsten Nachbarland der Schweiz Liechtenstein! \u2013\u00a0\u2714\u00a0Infos\u00a0\u2714\u00a0Campingpl\u00e4tze\u00a0\u2714\u00a0Sehensw\u00fcrdigkeiten\" \/>\n<meta name=\"robots\" content=\"index, follow, max-snippet:-1, max-image-preview:large, max-video-preview:-1\" \/>\n<link rel=\"canonical\" href=\"https:\/\/www.schlanser.ch\/magazin\/camping-in-liechtenstein\/\" \/>\n<meta property=\"og:locale\" content=\"de_DE\" \/>\n<meta property=\"og:type\" content=\"article\" \/>\n<meta property=\"og:title\" content=\"Camping in Liechtenstein - Schlanser Magazin\" \/>\n<meta property=\"og:description\" content=\"Das Schlanser Camping Magazin zeigt Camping im kleinsten Nachbarland der Schweiz Liechtenstein! \u2013\u00a0\u2714\u00a0Infos\u00a0\u2714\u00a0Campingpl\u00e4tze\u00a0\u2714\u00a0Sehensw\u00fcrdigkeiten\" \/>\n<meta property=\"og:url\" content=\"https:\/\/www.schlanser.ch\/magazin\/camping-in-liechtenstein\/\" \/>\n<meta property=\"og:site_name\" content=\"Schlanser Magazin\" \/>\n<meta property=\"article:published_time\" content=\"2020-12-15T08:30:36+00:00\" \/>\n<meta property=\"article:modified_time\" content=\"2026-03-05T15:16:31+00:00\" \/>\n<meta property=\"og:image\" content=\"https:\/\/www.schlanser.ch\/magazin\/wp-content\/uploads\/2020\/12\/camping-in-liechtenstein.jpg\" \/>\n\t<meta property=\"og:image:width\" content=\"800\" \/>\n\t<meta property=\"og:image:height\" content=\"533\" \/>\n\t<meta property=\"og:image:type\" content=\"image\/jpeg\" \/>\n<meta name=\"author\" content=\"admin\" \/>\n<meta name=\"twitter:card\" content=\"summary_large_image\" \/>\n<meta name=\"twitter:label1\" content=\"Verfasst von\" \/>\n\t<meta name=\"twitter:data1\" content=\"admin\" \/>\n\t<meta name=\"twitter:label2\" content=\"Gesch\u00e4tzte Lesezeit\" \/>\n\t<meta name=\"twitter:data2\" content=\"10 Minuten\" \/>\n<script type=\"application\/ld+json\" class=\"yoast-schema-graph\">{\"@context\":\"https:\/\/schema.org\",\"@graph\":[{\"@type\":\"WebPage\",\"@id\":\"https:\/\/www.schlanser.ch\/magazin\/camping-in-liechtenstein\/\",\"url\":\"https:\/\/www.schlanser.ch\/magazin\/camping-in-liechtenstein\/\",\"name\":\"Camping in Liechtenstein - Schlanser Magazin\",\"isPartOf\":{\"@id\":\"https:\/\/www.schlanser.ch\/magazin\/#website\"},\"primaryImageOfPage\":{\"@id\":\"https:\/\/www.schlanser.ch\/magazin\/camping-in-liechtenstein\/#primaryimage\"},\"image\":{\"@id\":\"https:\/\/www.schlanser.ch\/magazin\/camping-in-liechtenstein\/#primaryimage\"},\"thumbnailUrl\":\"https:\/\/www.schlanser.ch\/magazin\/wp-content\/uploads\/2020\/12\/camping-in-liechtenstein.jpg\",\"datePublished\":\"2020-12-15T08:30:36+00:00\",\"dateModified\":\"2026-03-05T15:16:31+00:00\",\"author\":{\"@id\":\"https:\/\/www.schlanser.ch\/magazin\/#\/schema\/person\/000db0a103eb2594ba3daf394b1dfea2\"},\"description\":\"Das Schlanser Camping Magazin zeigt Camping im kleinsten Nachbarland der Schweiz Liechtenstein! \u2013\u00a0\u2714\u00a0Infos\u00a0\u2714\u00a0Campingpl\u00e4tze\u00a0\u2714\u00a0Sehensw\u00fcrdigkeiten\",\"breadcrumb\":{\"@id\":\"https:\/\/www.schlanser.ch\/magazin\/camping-in-liechtenstein\/#breadcrumb\"},\"inLanguage\":\"de-DE\",\"potentialAction\":[{\"@type\":\"ReadAction\",\"target\":[\"https:\/\/www.schlanser.ch\/magazin\/camping-in-liechtenstein\/\"]}]},{\"@type\":\"ImageObject\",\"inLanguage\":\"de-DE\",\"@id\":\"https:\/\/www.schlanser.ch\/magazin\/camping-in-liechtenstein\/#primaryimage\",\"url\":\"https:\/\/www.schlanser.ch\/magazin\/wp-content\/uploads\/2020\/12\/camping-in-liechtenstein.jpg\",\"contentUrl\":\"https:\/\/www.schlanser.ch\/magazin\/wp-content\/uploads\/2020\/12\/camping-in-liechtenstein.jpg\",\"width\":800,\"height\":533,\"caption\":\"\u00a9 \u0412\u0438\u0442\u0430\u043b\u0438\u0439 \u0421\u043e\u0432\u0430 \u2013 stock.adobe.com\"},{\"@type\":\"BreadcrumbList\",\"@id\":\"https:\/\/www.schlanser.ch\/magazin\/camping-in-liechtenstein\/#breadcrumb\",\"itemListElement\":[{\"@type\":\"ListItem\",\"position\":1,\"name\":\"Startseite\",\"item\":\"https:\/\/www.schlanser.ch\/magazin\/\"},{\"@type\":\"ListItem\",\"position\":2,\"name\":\"Camping in Liechtenstein\"}]},{\"@type\":\"WebSite\",\"@id\":\"https:\/\/www.schlanser.ch\/magazin\/#website\",\"url\":\"https:\/\/www.schlanser.ch\/magazin\/\",\"name\":\"Schlanser Magazin\",\"description\":\"\",\"potentialAction\":[{\"@type\":\"SearchAction\",\"target\":{\"@type\":\"EntryPoint\",\"urlTemplate\":\"https:\/\/www.schlanser.ch\/magazin\/?s={search_term_string}\"},\"query-input\":\"required name=search_term_string\"}],\"inLanguage\":\"de-DE\"},{\"@type\":\"Person\",\"@id\":\"https:\/\/www.schlanser.ch\/magazin\/#\/schema\/person\/000db0a103eb2594ba3daf394b1dfea2\",\"name\":\"admin\",\"image\":{\"@type\":\"ImageObject\",\"inLanguage\":\"de-DE\",\"@id\":\"https:\/\/www.schlanser.ch\/magazin\/#\/schema\/person\/image\/\",\"url\":\"https:\/\/secure.gravatar.com\/avatar\/a794a4fe8a9b9c52241597eb381dfa2e?s=96&d=mm&r=g\",\"contentUrl\":\"https:\/\/secure.gravatar.com\/avatar\/a794a4fe8a9b9c52241597eb381dfa2e?s=96&d=mm&r=g\",\"caption\":\"admin\"}}]}<\/script>\n<!-- \/ Yoast SEO plugin. -->","yoast_head_json":{"title":"Camping in Liechtenstein - Schlanser Magazin","description":"Das Schlanser Camping Magazin zeigt Camping im kleinsten Nachbarland der Schweiz Liechtenstein! \u2013\u00a0\u2714\u00a0Infos\u00a0\u2714\u00a0Campingpl\u00e4tze\u00a0\u2714\u00a0Sehensw\u00fcrdigkeiten","robots":{"index":"index","follow":"follow","max-snippet":"max-snippet:-1","max-image-preview":"max-image-preview:large","max-video-preview":"max-video-preview:-1"},"canonical":"https:\/\/www.schlanser.ch\/magazin\/camping-in-liechtenstein\/","og_locale":"de_DE","og_type":"article","og_title":"Camping in Liechtenstein - Schlanser Magazin","og_description":"Das Schlanser Camping Magazin zeigt Camping im kleinsten Nachbarland der Schweiz Liechtenstein! \u2013\u00a0\u2714\u00a0Infos\u00a0\u2714\u00a0Campingpl\u00e4tze\u00a0\u2714\u00a0Sehensw\u00fcrdigkeiten","og_url":"https:\/\/www.schlanser.ch\/magazin\/camping-in-liechtenstein\/","og_site_name":"Schlanser Magazin","article_published_time":"2020-12-15T08:30:36+00:00","article_modified_time":"2026-03-05T15:16:31+00:00","og_image":[{"width":800,"height":533,"url":"https:\/\/www.schlanser.ch\/magazin\/wp-content\/uploads\/2020\/12\/camping-in-liechtenstein.jpg","type":"image\/jpeg"}],"author":"admin","twitter_card":"summary_large_image","twitter_misc":{"Verfasst von":"admin","Gesch\u00e4tzte Lesezeit":"10 Minuten"},"schema":{"@context":"https:\/\/schema.org","@graph":[{"@type":"WebPage","@id":"https:\/\/www.schlanser.ch\/magazin\/camping-in-liechtenstein\/","url":"https:\/\/www.schlanser.ch\/magazin\/camping-in-liechtenstein\/","name":"Camping in Liechtenstein - Schlanser Magazin","isPartOf":{"@id":"https:\/\/www.schlanser.ch\/magazin\/#website"},"primaryImageOfPage":{"@id":"https:\/\/www.schlanser.ch\/magazin\/camping-in-liechtenstein\/#primaryimage"},"image":{"@id":"https:\/\/www.schlanser.ch\/magazin\/camping-in-liechtenstein\/#primaryimage"},"thumbnailUrl":"https:\/\/www.schlanser.ch\/magazin\/wp-content\/uploads\/2020\/12\/camping-in-liechtenstein.jpg","datePublished":"2020-12-15T08:30:36+00:00","dateModified":"2026-03-05T15:16:31+00:00","author":{"@id":"https:\/\/www.schlanser.ch\/magazin\/#\/schema\/person\/000db0a103eb2594ba3daf394b1dfea2"},"description":"Das Schlanser Camping Magazin zeigt Camping im kleinsten Nachbarland der Schweiz Liechtenstein! \u2013\u00a0\u2714\u00a0Infos\u00a0\u2714\u00a0Campingpl\u00e4tze\u00a0\u2714\u00a0Sehensw\u00fcrdigkeiten","breadcrumb":{"@id":"https:\/\/www.schlanser.ch\/magazin\/camping-in-liechtenstein\/#breadcrumb"},"inLanguage":"de-DE","potentialAction":[{"@type":"ReadAction","target":["https:\/\/www.schlanser.ch\/magazin\/camping-in-liechtenstein\/"]}]},{"@type":"ImageObject","inLanguage":"de-DE","@id":"https:\/\/www.schlanser.ch\/magazin\/camping-in-liechtenstein\/#primaryimage","url":"https:\/\/www.schlanser.ch\/magazin\/wp-content\/uploads\/2020\/12\/camping-in-liechtenstein.jpg","contentUrl":"https:\/\/www.schlanser.ch\/magazin\/wp-content\/uploads\/2020\/12\/camping-in-liechtenstein.jpg","width":800,"height":533,"caption":"\u00a9 \u0412\u0438\u0442\u0430\u043b\u0438\u0439 \u0421\u043e\u0432\u0430 \u2013 stock.adobe.com"},{"@type":"BreadcrumbList","@id":"https:\/\/www.schlanser.ch\/magazin\/camping-in-liechtenstein\/#breadcrumb","itemListElement":[{"@type":"ListItem","position":1,"name":"Startseite","item":"https:\/\/www.schlanser.ch\/magazin\/"},{"@type":"ListItem","position":2,"name":"Camping in Liechtenstein"}]},{"@type":"WebSite","@id":"https:\/\/www.schlanser.ch\/magazin\/#website","url":"https:\/\/www.schlanser.ch\/magazin\/","name":"Schlanser Magazin","description":"","potentialAction":[{"@type":"SearchAction","target":{"@type":"EntryPoint","urlTemplate":"https:\/\/www.schlanser.ch\/magazin\/?s={search_term_string}"},"query-input":"required name=search_term_string"}],"inLanguage":"de-DE"},{"@type":"Person","@id":"https:\/\/www.schlanser.ch\/magazin\/#\/schema\/person\/000db0a103eb2594ba3daf394b1dfea2","name":"admin","image":{"@type":"ImageObject","inLanguage":"de-DE","@id":"https:\/\/www.schlanser.ch\/magazin\/#\/schema\/person\/image\/","url":"https:\/\/secure.gravatar.com\/avatar\/a794a4fe8a9b9c52241597eb381dfa2e?s=96&d=mm&r=g","contentUrl":"https:\/\/secure.gravatar.com\/avatar\/a794a4fe8a9b9c52241597eb381dfa2e?s=96&d=mm&r=g","caption":"admin"}}]}},"_links":{"self":[{"href":"https:\/\/www.schlanser.ch\/magazin\/wp-json\/wp\/v2\/posts\/11148"}],"collection":[{"href":"https:\/\/www.schlanser.ch\/magazin\/wp-json\/wp\/v2\/posts"}],"about":[{"href":"https:\/\/www.schlanser.ch\/magazin\/wp-json\/wp\/v2\/types\/post"}],"author":[{"embeddable":true,"href":"https:\/\/www.schlanser.ch\/magazin\/wp-json\/wp\/v2\/users\/1"}],"replies":[{"embeddable":true,"href":"https:\/\/www.schlanser.ch\/magazin\/wp-json\/wp\/v2\/comments?post=11148"}],"version-history":[{"count":45,"href":"https:\/\/www.schlanser.ch\/magazin\/wp-json\/wp\/v2\/posts\/11148\/revisions"}],"predecessor-version":[{"id":19165,"href":"https:\/\/www.schlanser.ch\/magazin\/wp-json\/wp\/v2\/posts\/11148\/revisions\/19165"}],"wp:featuredmedia":[{"embeddable":true,"href":"https:\/\/www.schlanser.ch\/magazin\/wp-json\/wp\/v2\/media\/11164"}],"wp:attachment":[{"href":"https:\/\/www.schlanser.ch\/magazin\/wp-json\/wp\/v2\/media?parent=11148"}],"wp:term":[{"taxonomy":"category","embeddable":true,"href":"https:\/\/www.schlanser.ch\/magazin\/wp-json\/wp\/v2\/categories?post=11148"},{"taxonomy":"post_tag","embeddable":true,"href":"https:\/\/www.schlanser.ch\/magazin\/wp-json\/wp\/v2\/tags?post=11148"}],"curies":[{"name":"wp","href":"https:\/\/api.w.org\/{rel}","templated":true}]}}