{"id":11323,"date":"2021-01-26T10:23:27","date_gmt":"2021-01-26T09:23:27","guid":{"rendered":"https:\/\/www.schlanser.ch\/magazin\/?p=11323"},"modified":"2025-12-10T14:47:47","modified_gmt":"2025-12-10T13:47:47","slug":"winterwandern-in-der-schweiz","status":"publish","type":"post","link":"https:\/\/www.schlanser.ch\/magazin\/winterwandern-in-der-schweiz\/","title":{"rendered":"Die 5 bezauberndsten Winterwanderungen"},"content":{"rendered":"<h2>\u00ab Winterwandern im Schnee ist pure Magie \u00bb<\/h2>\n<p style=\"text-align: justify;\"><strong>Raus aus dem Alltag, rein in die verschneite Bergwelt: Winterwandern in der Schweiz ist der perfekte Ausgleich f\u00fcr alle, die dem Trubel entfliehen m\u00f6chten. Ob nach Feierabend, am Wochenende oder in den Ferien \u2013 die sch\u00f6nsten Winterwanderwege liegen oft n\u00e4her, als man denkt. Wir stellen Ihnen f\u00fcnf bezaubernde Winterwanderungen vor, die Sie garantiert verzaubern werden. Von der familienfreundlichen Panoramatour bis zum spektakul\u00e4ren H\u00f6henweg ist f\u00fcr jeden Geschmack etwas dabei. Dazu erfahren Sie, welche <a href=\"https:\/\/www.schlanser.ch\/outdoor-freizeit\/outdoor-ausruestung\/outdoorzubehoer\/\">Wander-Ausr\u00fcstung<\/a> Sie f\u00fcr Ihr Winterabenteuer einpacken sollten.<\/strong><\/p>\n<h2>Warum Winterwandern so guttut<\/h2>\n<p style=\"text-align: justify;\">Die klare Winterluft, das Knirschen des Schnees unter den Sohlen, die Stille der verschneiten Landschaft \u2013 eine Winterwanderung ist Balsam f\u00fcr K\u00f6rper und Seele. Anders als auf \u00fcberf\u00fcllten Skipisten finden Sie auf den Winterwanderwegen Ruhe und Entspannung. Die \u00fcber 3&#8217;000 Kilometer markierten Winterwanderwege der Schweiz sind meist gut pr\u00e4pariert und f\u00fchren durch atemberaubende Landschaften. Viele Routen lassen sich ideal mit einer Bergbahnfahrt, einer Schlittelpartie oder einem w\u00e4rmenden Fondue kombinieren.<\/p>\n<figure id=\"attachment_11327\" aria-describedby=\"caption-attachment-11327\" style=\"width: 660px\" class=\"wp-caption aligncenter\"><img loading=\"lazy\" decoding=\"async\" class=\"wp-image-11327 size-full\" title=\"Viel idyllischer als bei einer Bergwanderung in Schnee und Sonnenschein geht's eigentlich nicht\" src=\"https:\/\/www.schlanser.ch\/magazin\/wp-content\/uploads\/2023\/01\/Bergwandern-Winter.jpg\" alt=\"Zwei Wanderer beim Winterwandern in bergiger Schneelandschaft\" width=\"660\" height=\"439\" srcset=\"https:\/\/www.schlanser.ch\/magazin\/wp-content\/uploads\/2023\/01\/Bergwandern-Winter.jpg 660w, https:\/\/www.schlanser.ch\/magazin\/wp-content\/uploads\/2023\/01\/Bergwandern-Winter-300x200.jpg 300w, https:\/\/www.schlanser.ch\/magazin\/wp-content\/uploads\/2023\/01\/Bergwandern-Winter-310x205.jpg 310w\" sizes=\"(max-width: 660px) 100vw, 660px\" \/><figcaption id=\"caption-attachment-11327\" class=\"wp-caption-text\">\u00a9 Halfpoint &#8211; stock.adobe.com<\/figcaption><\/figure>\n<p style=\"text-align: justify;\">Bevor Sie losziehen, beachten Sie diese wichtigen Punkte: Informieren Sie sich vorab \u00fcber die aktuellen Wetter- und Schneeverh\u00e4ltnisse. Nutzen Sie ausschliesslich markierte Winterwanderwege (rosa Wegweiser) und planen Sie Ihre Tour so, dass Sie bei Tageslicht zur\u00fcck sind. <a href=\"https:\/\/www.schlanser.ch\/haushalt\/camping-geschirr\/thermoflaschen-thermokannen\/\">Mit heissem Tee in der Thermoskanne<\/a> und ausreichend Verpflegung im Rucksack sind Sie bestens ger\u00fcstet.<\/p>\n<h2>1. Rigi Panoramaweg \u2013 Die K\u00f6nigin der Winterwanderungen<\/h2>\n<p style=\"text-align: justify;\">Die Rigi tr\u00e4gt nicht umsonst den Beinamen &#8222;K\u00f6nigin der Berge&#8220;. Das Rigi Winterwandern geh\u00f6rt zu den sch\u00f6nsten Erlebnissen, die die Zentralschweiz zu bieten hat. Der Panoramaweg von Rigi Kulm nach Rigi Kaltbad ist ein Klassiker unter den Winterwanderwegen \u2013 und das aus gutem Grund.<\/p>\n<p style=\"text-align: justify;\">Die Route startet auf dem Gipfel (1&#8217;797 m) und f\u00fchrt auf 5 Kilometern sanft abw\u00e4rts nach Kaltbad. Unterwegs geniessen Sie einen atemberaubenden Rundblick auf die Alpen und zahlreiche Schweizer Seen. Die reine Gehzeit betr\u00e4gt etwa eine Stunde, doch Sie werden garantiert \u00f6fter stehenbleiben wollen, um die Aussicht zu geniessen. Auf halber Strecke l\u00e4dt das Kr\u00e4uterhotel Edelweiss bei der Station Staffelh\u00f6he zur Einkehr ein.<\/p>\n<figure id=\"attachment_11351\" aria-describedby=\"caption-attachment-11351\" style=\"width: 620px\" class=\"wp-caption aligncenter\"><img loading=\"lazy\" decoding=\"async\" class=\"wp-image-11351 size-full\" title=\"Die Rigi Bergbahn - tolles Erlebnis mit toller Aussicht\" src=\"https:\/\/www.schlanser.ch\/magazin\/wp-content\/uploads\/2023\/01\/Rigi-Bergbahn.jpg\" alt=\"Die Rigi Bergbahn \" width=\"620\" height=\"372\" srcset=\"https:\/\/www.schlanser.ch\/magazin\/wp-content\/uploads\/2023\/01\/Rigi-Bergbahn.jpg 620w, https:\/\/www.schlanser.ch\/magazin\/wp-content\/uploads\/2023\/01\/Rigi-Bergbahn-300x180.jpg 300w\" sizes=\"(max-width: 620px) 100vw, 620px\" \/><figcaption id=\"caption-attachment-11351\" class=\"wp-caption-text\">\u00a9 Beat Pl\u00fcss &#8211; stock.adobe.com<\/figcaption><\/figure>\n<p style=\"text-align: justify;\">Das Highlight am Ziel: In Rigi Kaltbad erwartet Sie das Mineralbad &amp; Spa \u2013 perfekt, um nach der Winterwanderung die m\u00fcden Muskeln zu entspannen. Die R\u00fcckfahrt erfolgt bequem mit der historischen Zahnradbahn nach Vitznau. Diese Winterwanderung auf der Rigi eignet sich hervorragend f\u00fcr Familien mit Kindern ab etwa 8 Jahren.<\/p>\n<p style=\"text-align: justify;\"><em>Fakten: 5 km, ca. 1 Std., 330 Hm \u2193, einfach, familienfreundlich ab 8 J.<\/em><\/p>\n<h2>2. Engstligenalp bei Adelboden \u2013 Winterwandern auf der Hochebene<\/h2>\n<p style=\"text-align: justify;\">Wer Winterwandern im Berner Oberland sucht, findet auf der Engstligenalp ein wahres Paradies. Die gr\u00f6sste Hochebene der Westschweizer Alpen liegt auf knapp 2&#8217;000 Metern H\u00f6he und ist mit der Luftseilbahn ab Adelboden bequem erreichbar. Hier oben herrscht eine magische Stille \u2013 keine Skipisten, keine rasenden Sportler, nur Sie und die verschneite Bergwelt.<\/p>\n<p style=\"text-align: justify;\">Der 5,5 Kilometer lange Rundweg f\u00fchrt durch eine weitl\u00e4ufige Schneelandschaft am Fuss des Wildstrubels. Die Hochebene ist so weitl\u00e4ufig, dass Sie sich fast wie in einer arktischen Tundra f\u00fchlen. Selbst an Schneefalltagen ist die Wanderung ein Genuss \u2013 die Orientierung f\u00e4llt auf dem gut markierten Weg leicht.<\/p>\n<figure id=\"attachment_19046\" aria-describedby=\"caption-attachment-19046\" style=\"width: 618px\" class=\"wp-caption aligncenter\"><img loading=\"lazy\" decoding=\"async\" class=\"wp-image-19046 size-large\" title=\"Alp versinkt im Schnee\" src=\"https:\/\/www.schlanser.ch\/magazin\/wp-content\/uploads\/2021\/01\/Die-schoenstern-Winterwanderungen-in-der-Schweiz-1-1024x564.jpg\" alt=\"Winterlandschaft auf der Engstligenalp \" width=\"618\" height=\"340\" srcset=\"https:\/\/www.schlanser.ch\/magazin\/wp-content\/uploads\/2021\/01\/Die-schoenstern-Winterwanderungen-in-der-Schweiz-1-1024x564.jpg 1024w, https:\/\/www.schlanser.ch\/magazin\/wp-content\/uploads\/2021\/01\/Die-schoenstern-Winterwanderungen-in-der-Schweiz-1-300x165.jpg 300w, https:\/\/www.schlanser.ch\/magazin\/wp-content\/uploads\/2021\/01\/Die-schoenstern-Winterwanderungen-in-der-Schweiz-1-768x423.jpg 768w, https:\/\/www.schlanser.ch\/magazin\/wp-content\/uploads\/2021\/01\/Die-schoenstern-Winterwanderungen-in-der-Schweiz-1.jpg 1200w\" sizes=\"(max-width: 618px) 100vw, 618px\" \/><figcaption id=\"caption-attachment-19046\" class=\"wp-caption-text\">\u00a9 Gabi Sch\u00e4r stock.adobe.com<\/figcaption><\/figure>\n<p style=\"text-align: justify;\">Nach der Winterwanderung wartet ein besonderes Erlebnis: Im Fondue-Iglu bei der Bergstation k\u00f6nnen Sie sich mit geschmolzenem K\u00e4se aufw\u00e4rmen. Diese Tour im Berner Oberland ist ideal f\u00fcr Familien mit Kindern ab 10 Jahren und alle, die fernab vom Rummel die Winterlandschaft geniessen m\u00f6chten.<\/p>\n<p style=\"text-align: justify;\"><em>Fakten: 5,5 km Rundweg, ca. 1,5 Std., flach (ca. 100 Hm), einfach, familienfreundlich ab 10 J.<\/em><\/p>\n<h2>3. Schwarzsee-Rundweg \u2013 Winterzauber mit gefrorenem Wasserfall<\/h2>\n<p style=\"text-align: justify;\">Der Schwarzsee in den Freiburger Voralpen ist ein echter Geheimtipp unter den Winterwanderwegen. Die 4 Kilometer lange Rundwanderung um den idyllischen Bergsee bietet ein ganz besonderes Naturschauspiel: In kalten Wintern gefriert der nur zehn Meter tiefe See komplett \u2013 dann k\u00f6nnen Sie Ihre Winterwanderung sogar direkt \u00fcber das Eis fortsetzen.<\/p>\n<figure id=\"attachment_19047\" aria-describedby=\"caption-attachment-19047\" style=\"width: 618px\" class=\"wp-caption aligncenter\"><img loading=\"lazy\" decoding=\"async\" class=\"wp-image-19047 size-large\" title=\"Der Schwarzsee-Rundweg ist eine tolle Winterwanderung in den Freiburger Voralpen\" src=\"https:\/\/www.schlanser.ch\/magazin\/wp-content\/uploads\/2021\/01\/Die-schoenstern-Winterwanderungen-in-der-Schweiz-2-1024x680.jpg\" alt=\"Blick auf den gefrorenen Schwarzsee\" width=\"618\" height=\"410\" srcset=\"https:\/\/www.schlanser.ch\/magazin\/wp-content\/uploads\/2021\/01\/Die-schoenstern-Winterwanderungen-in-der-Schweiz-2-1024x680.jpg 1024w, https:\/\/www.schlanser.ch\/magazin\/wp-content\/uploads\/2021\/01\/Die-schoenstern-Winterwanderungen-in-der-Schweiz-2-300x199.jpg 300w, https:\/\/www.schlanser.ch\/magazin\/wp-content\/uploads\/2021\/01\/Die-schoenstern-Winterwanderungen-in-der-Schweiz-2-768x510.jpg 768w, https:\/\/www.schlanser.ch\/magazin\/wp-content\/uploads\/2021\/01\/Die-schoenstern-Winterwanderungen-in-der-Schweiz-2-310x205.jpg 310w, https:\/\/www.schlanser.ch\/magazin\/wp-content\/uploads\/2021\/01\/Die-schoenstern-Winterwanderungen-in-der-Schweiz-2.jpg 1200w\" sizes=\"(max-width: 618px) 100vw, 618px\" \/><figcaption id=\"caption-attachment-19047\" class=\"wp-caption-text\">\u00a9 bill_17 stock.adobe.com<\/figcaption><\/figure>\n<p style=\"text-align: justify;\">Ein Highlight der Tour ist der Abstecher zum Seeweidbachwasserfall. Im Winter verwandelt er sich in eine spektakul\u00e4re Eisskulptur, die Fotografenherzen h\u00f6herschlagen l\u00e4sst. Die umliegenden Kalkberge bilden eine malerische Kulisse, die an skandinavische Fjordlandschaften erinnert.<\/p>\n<p style=\"text-align: justify;\">Mit nur 4 Kilometern L\u00e4nge und kaum H\u00f6henunterschied ist diese Winterwanderung perfekt f\u00fcr Familien mit kleineren Kindern ab etwa 6 Jahren. Am Schwarzsee gibt es zudem mehrere Restaurants und ein kleines Skigebiet \u2013 ideal f\u00fcr einen abwechslungsreichen Wintertag.<\/p>\n<p style=\"text-align: justify;\"><em>Fakten: 4 km Rundweg, ca. 1 Std., flach, sehr einfach, familienfreundlich ab 6 J.<\/em><\/p>\n<h2>4. Gr\u00fctschalp nach M\u00fcrren \u2013 Panorama auf Eiger, M\u00f6nch und Jungfrau<\/h2>\n<p style=\"text-align: justify;\">Diese Winterwanderung im Berner Oberland ist ein absoluter Klassiker und bietet eines der spektakul\u00e4rsten Bergpanoramen der Schweiz. Von der Gr\u00fctschalp f\u00fchrt der Weg durch lichte Bergw\u00e4lder und \u00fcber verschneite Weiden nach M\u00fcrren \u2013 und das legend\u00e4re Dreigestirn Eiger, M\u00f6nch und Jungfrau ist dabei Ihr st\u00e4ndiger Begleiter.<\/p>\n<p style=\"text-align: justify;\">Die 4 Kilometer lange Strecke ist leicht ansteigend und in etwa 1,5 Stunden zu bew\u00e4ltigen. Das Besondere: Wenn l\u00e4nger kein Neuschnee gefallen ist, ist der Weg sogar kinderwagentauglich. Damit eignet sich diese Route auch f\u00fcr Familien mit ganz kleinen Kindern oder f\u00fcr Grosseltern, die ihre Enkel im Schlitten ziehen m\u00f6chten.<\/p>\n<figure id=\"attachment_19049\" aria-describedby=\"caption-attachment-19049\" style=\"width: 618px\" class=\"wp-caption aligncenter\"><img loading=\"lazy\" decoding=\"async\" class=\"wp-image-19049 size-large\" title=\"Winterliches Wandern immer mit einem Hauch von M\u00e4rchen und Schneezaube\" src=\"https:\/\/www.schlanser.ch\/magazin\/wp-content\/uploads\/2021\/01\/Die-schoenstern-Winterwanderungen-in-der-Schweiz-7-1024x683.jpg\" alt=\"Der Weg nach Murren entlang eines ger\u00e4umten Fu\u00dfwegen bei Schnee\" width=\"618\" height=\"412\" srcset=\"https:\/\/www.schlanser.ch\/magazin\/wp-content\/uploads\/2021\/01\/Die-schoenstern-Winterwanderungen-in-der-Schweiz-7-1024x683.jpg 1024w, https:\/\/www.schlanser.ch\/magazin\/wp-content\/uploads\/2021\/01\/Die-schoenstern-Winterwanderungen-in-der-Schweiz-7-300x200.jpg 300w, https:\/\/www.schlanser.ch\/magazin\/wp-content\/uploads\/2021\/01\/Die-schoenstern-Winterwanderungen-in-der-Schweiz-7-768x512.jpg 768w, https:\/\/www.schlanser.ch\/magazin\/wp-content\/uploads\/2021\/01\/Die-schoenstern-Winterwanderungen-in-der-Schweiz-7.jpg 1200w\" sizes=\"(max-width: 618px) 100vw, 618px\" \/><figcaption id=\"caption-attachment-19049\" class=\"wp-caption-text\">\u00a9 fukez84 stock.adobe.com<\/figcaption><\/figure>\n<p style=\"text-align: justify;\">In M\u00fcrren angekommen, lohnt sich ein Bummel durch das autofreie Bergdorf. Von hier k\u00f6nnen Sie mit der Bergbahn zum Schilthorn fahren oder gem\u00fctlich in einem der traditionellen Bergrestaurants einkehren. Die Winterwanderwege im Berner Oberland rund um M\u00fcrren geh\u00f6ren zweifellos zu den sch\u00f6nsten der Schweiz.<\/p>\n<p style=\"text-align: justify;\"><em>Fakten: 4 km, ca. 1,5 Std., leicht ansteigend, einfach, bei wenig Schnee kinderwagentauglich<\/em><\/p>\n<h2>5. Muottas Muragl Philosophenweg \u2013 Engadiner Wintertraum<\/h2>\n<p style=\"text-align: justify;\">Der Philosophenweg ab Muottas Muragl gilt als einer der sch\u00f6nsten Winterwanderwege der Schweiz \u2013 und das will etwas heissen. Die Aussicht auf das Berninamassiv und die glitzernde Engadiner Seenplatte ist schlicht atemberaubend. Hier oben, auf \u00fcber 2&#8217;400 Metern H\u00f6he, erleben Sie Winterwandern in seiner sch\u00f6nsten Form.<\/p>\n<p style=\"text-align: justify;\">Der gut pr\u00e4parierte H\u00f6henweg f\u00fchrt in etwa 2 Stunden zur Alp Languard. Unterwegs passieren Sie mehrere Aussichtspunkte mit Sitzb\u00e4nken \u2013 perfekt f\u00fcr eine Pause mit Blick auf die majest\u00e4tischen Viertausender. Der Name &#8222;Philosophenweg&#8220; kommt nicht von ungef\u00e4hr: Die erhabene Bergkulisse l\u00e4dt zum Nachdenken und Innehalten ein.<\/p>\n<figure id=\"attachment_19051\" aria-describedby=\"caption-attachment-19051\" style=\"width: 618px\" class=\"wp-caption aligncenter\"><img loading=\"lazy\" decoding=\"async\" class=\"wp-image-19051 size-large\" title=\"Immer eine sch\u00f6ne Belohnung, wenn der Weg sich gelohnt hat.\" src=\"https:\/\/www.schlanser.ch\/magazin\/wp-content\/uploads\/2021\/01\/Die-schoenstern-Winterwanderungen-in-der-Schweiz-5-1024x768.jpg\" alt=\"Blick vom Muottas Muragl - einem Ausflugsberg mit einer H\u00f6he von 2453 m \u00fc. M mit Sitzbank und Schweizer Flagge\" width=\"618\" height=\"464\" srcset=\"https:\/\/www.schlanser.ch\/magazin\/wp-content\/uploads\/2021\/01\/Die-schoenstern-Winterwanderungen-in-der-Schweiz-5-1024x768.jpg 1024w, https:\/\/www.schlanser.ch\/magazin\/wp-content\/uploads\/2021\/01\/Die-schoenstern-Winterwanderungen-in-der-Schweiz-5-300x225.jpg 300w, https:\/\/www.schlanser.ch\/magazin\/wp-content\/uploads\/2021\/01\/Die-schoenstern-Winterwanderungen-in-der-Schweiz-5-768x576.jpg 768w, https:\/\/www.schlanser.ch\/magazin\/wp-content\/uploads\/2021\/01\/Die-schoenstern-Winterwanderungen-in-der-Schweiz-5.jpg 1200w\" sizes=\"(max-width: 618px) 100vw, 618px\" \/><figcaption id=\"caption-attachment-19051\" class=\"wp-caption-text\">\u00a9 Raphael Fenner\/Wirestock &#8211; stock.adobe.com<\/figcaption><\/figure>\n<p style=\"text-align: justify;\">Das kr\u00f6nende Finale: Von der Alp Languard k\u00f6nnen Sie mit der rasantesten Schlittelbahn des Engadins zur\u00fcck nach Pontresina sausen. Diese Winterwanderung ist aufgrund der H\u00f6henlage und L\u00e4nge eher f\u00fcr ge\u00fcbte Wanderer und Jugendliche ab etwa 12 Jahren geeignet.<\/p>\n<p style=\"text-align: justify;\"><em>Fakten: 6 km, ca. 2 Std., H\u00f6henlage 2&#8217;400 m, mittelschwer, mit Schlittelbahn-R\u00fcckfahrt<\/em><\/p>\n<h2>Weitere lohnende Winterwanderungen<\/h2>\n<p style=\"text-align: justify;\">Die Schweiz bietet nat\u00fcrlich noch viele weitere traumhafte Winterwanderwege. Wer in der Zentralschweiz unterwegs ist, sollte den Stoos und den Fronalpstock nicht verpassen \u2013 die 360\u00b0-Rundsicht auf unz\u00e4hlige Alpengipfel und Seen ist spektakul\u00e4r. Am S\u00f6renberg im Entlebuch erstreckt sich ein 40 Kilometer langes Winterwandernetz auf der Sonnenseite des Berges. Und f\u00fcr alle, die einmal einen Gletscher aus der N\u00e4he erleben m\u00f6chten, ist der Morteratsch-Gletscherweg bei Pontresina ein Muss: In nur einer Stunde wandern Sie vom Bahnhof bis zum Gletschertor \u2013 ein eindr\u00fcckliches Erlebnis f\u00fcr die ganze Familie.<\/p>\n<figure id=\"attachment_19052\" aria-describedby=\"caption-attachment-19052\" style=\"width: 618px\" class=\"wp-caption aligncenter\"><img loading=\"lazy\" decoding=\"async\" class=\"wp-image-19052 size-large\" title=\"Bezaubernde Orte als Ziel der Winterwanderung. Nicht immer muss es nur die Aussicht sein.\" src=\"https:\/\/www.schlanser.ch\/magazin\/wp-content\/uploads\/2021\/01\/Die-schoenstern-Winterwanderungen-in-der-Schweiz-8-1024x683.jpg\" alt=\"Frau steht in der Eish\u00f6hle von Morteratsch Glacier, Grisons\" width=\"618\" height=\"412\" srcset=\"https:\/\/www.schlanser.ch\/magazin\/wp-content\/uploads\/2021\/01\/Die-schoenstern-Winterwanderungen-in-der-Schweiz-8-1024x683.jpg 1024w, https:\/\/www.schlanser.ch\/magazin\/wp-content\/uploads\/2021\/01\/Die-schoenstern-Winterwanderungen-in-der-Schweiz-8-300x200.jpg 300w, https:\/\/www.schlanser.ch\/magazin\/wp-content\/uploads\/2021\/01\/Die-schoenstern-Winterwanderungen-in-der-Schweiz-8-768x512.jpg 768w, https:\/\/www.schlanser.ch\/magazin\/wp-content\/uploads\/2021\/01\/Die-schoenstern-Winterwanderungen-in-der-Schweiz-8.jpg 1200w\" sizes=\"(max-width: 618px) 100vw, 618px\" \/><figcaption id=\"caption-attachment-19052\" class=\"wp-caption-text\">\u00a9 svitlychnaja &#8211; stock.adobe.com<\/figcaption><\/figure>\n<h2 data-start=\"263\" data-end=\"318\"><strong data-start=\"266\" data-end=\"318\">Sicherheit im Winter \u2013 worauf Sie achten sollten<\/strong><\/h2>\n<p data-start=\"320\" data-end=\"1123\">Auch wenn die meisten Winterwanderwege in der Schweiz gut pr\u00e4pariert und markiert sind, lohnt sich eine sorgf\u00e4ltige Planung. Pr\u00fcfen Sie vor jeder Tour den aktuellen Wegstatus sowie das Lawinenbulletin des SLF. Selbst einfache Wanderwege k\u00f6nnen nach starkem Schneefall oder bei Windverfrachtungen vor\u00fcbergehend gesperrt sein. Nehmen Sie unbedingt eine voll geladene Powerbank und eine Stirnlampe mit \u2013 die Tage sind kurz, und das Licht verschwindet schneller, als man denkt. F\u00fcr vereiste Passagen empfehlen sich Gr\u00f6del, die Sie unter die Wanderschuhe schnallen. Zus\u00e4tzlich erh\u00f6ht das Mitf\u00fchren von Trekkingst\u00f6cken die Trittsicherheit. Wenn Sie abseits viel begangener Routen unterwegs sind, ist es zudem sinnvoll, die Rega-App zu installieren und Ihren Angeh\u00f6rigen Ihre geplante R\u00fcckkehrzeit mitzuteilen.<\/p>\n<figure id=\"attachment_11335\" aria-describedby=\"caption-attachment-11335\" style=\"width: 620px\" class=\"wp-caption aligncenter\"><img loading=\"lazy\" decoding=\"async\" class=\"wp-image-11335 size-full\" title=\"Das Winterwandern in der Schweiz eignet sich f\u00fcr Kinder wie f\u00fcr auch den ambitionierten Bergsteiger\" src=\"https:\/\/www.schlanser.ch\/magazin\/wp-content\/uploads\/2023\/01\/Flumserberg.jpg\" alt=\"Flumserberg in der Schweiz im Winter - Winterwandern f\u00fcr jeden\" width=\"620\" height=\"351\" srcset=\"https:\/\/www.schlanser.ch\/magazin\/wp-content\/uploads\/2023\/01\/Flumserberg.jpg 620w, https:\/\/www.schlanser.ch\/magazin\/wp-content\/uploads\/2023\/01\/Flumserberg-300x170.jpg 300w\" sizes=\"(max-width: 620px) 100vw, 620px\" \/><figcaption id=\"caption-attachment-11335\" class=\"wp-caption-text\">\u00a9 rachid amrous &#8211; stock.adobe.com<\/figcaption><\/figure>\n<h2>Die richtige Ausr\u00fcstung f\u00fcrs Winterwandern<\/h2>\n<p style=\"text-align: justify;\">Beim Winterwandern wechseln sich Anstrengung und Pausen ab \u2013 entsprechend sollte Ihre Kleidung atmungsaktiv und gleichzeitig w\u00e4rmend sein. Bew\u00e4hrt hat sich das Zwiebelprinzip: Thermounterw\u00e4sche, dar\u00fcber Fleece, eine w\u00e4rmende Weste und eine wind- und wasserdichte Aussenschicht. Gef\u00fctterte Handschuhe und eine warme M\u00fctze geh\u00f6ren in jeden Rucksack.<\/p>\n<p><a href=\"https:\/\/www.schlanser.ch\/hersteller\/vargo\/241496\/vargo-exoti-50-rucksack-50-liter\" class=\"broken_link\"><img loading=\"lazy\" decoding=\"async\" class=\"aligncenter wp-image-19054 size-large\" title=\"Keine Kompromisse mehr. Der ExoTi 50 bietet jeweils das Beste aus den Innengestell- und Aussengestellrucksacksystemen. \" src=\"https:\/\/www.schlanser.ch\/magazin\/wp-content\/uploads\/2021\/01\/vargo-exoti-50-rucksack-50-liter-618x1024.jpg\" alt=\"Vargo ExoTi 50 Rucksack 50 Liter\" width=\"618\" height=\"1024\" srcset=\"https:\/\/www.schlanser.ch\/magazin\/wp-content\/uploads\/2021\/01\/vargo-exoti-50-rucksack-50-liter-618x1024.jpg 618w, https:\/\/www.schlanser.ch\/magazin\/wp-content\/uploads\/2021\/01\/vargo-exoti-50-rucksack-50-liter-181x300.jpg 181w, https:\/\/www.schlanser.ch\/magazin\/wp-content\/uploads\/2021\/01\/vargo-exoti-50-rucksack-50-liter-768x1272.jpg 768w, https:\/\/www.schlanser.ch\/magazin\/wp-content\/uploads\/2021\/01\/vargo-exoti-50-rucksack-50-liter.jpg 838w\" sizes=\"(max-width: 618px) 100vw, 618px\" \/><\/a><\/p>\n<p style=\"text-align: justify;\">Ihre Wanderschuhe sollten hochgeschnitten, wasserdicht und mit einem griffigen Profil versehen sein. Bei vereisten Passagen helfen Schneekrallen (Gr\u00f6del), die Sie einfach unter die Schuhe schnallen. Trekkingst\u00f6cke geben zus\u00e4tzliche Sicherheit auf rutschigem Untergrund. F\u00fcr unpr\u00e4parierte Wege oder Tiefschnee sind Schneeschuhe die richtige Wahl.<\/p>\n<p style=\"text-align: justify;\">Im Rucksack sollten Sie neben warmen Getr\u00e4nken auch <a href=\"https:\/\/www.schlanser.ch\/haushalt\/camping-geschirr\/trekkinggeschirr\/\">leichte, bruchsichere Beh\u00e4lter f\u00fcr die Verpflegung<\/a> dabei haben. Ein Wechselshirt ist Gold wert, wenn Sie unterwegs ins Schwitzen geraten sind.<\/p>\n<p><a href=\"https:\/\/www.schlanser.ch\/hersteller\/sea-to-summit\/597040\/sea-to-summit-alpha-kochset-2.2-pacific-blue-grey\"><img loading=\"lazy\" decoding=\"async\" class=\"aligncenter wp-image-11341 size-large\" title=\"Ohne die Kocht\u00f6pe ideal zum Essen unterwegs\" src=\"https:\/\/www.schlanser.ch\/magazin\/wp-content\/uploads\/2023\/01\/Sea-to-Summit-DeltaLight-Camp-Set-2.2-Geschirr-Set-f\u00fcr-2-Personen-6-tlg.-1024x440.jpg\" alt=\"Sea to Summit DeltaLight Camp Set 2.2 Geschirr-Set f\u00fcr 2 Personen 6-tlg.\" width=\"618\" height=\"266\" srcset=\"https:\/\/www.schlanser.ch\/magazin\/wp-content\/uploads\/2023\/01\/Sea-to-Summit-DeltaLight-Camp-Set-2.2-Geschirr-Set-f\u00fcr-2-Personen-6-tlg.-1024x440.jpg 1024w, https:\/\/www.schlanser.ch\/magazin\/wp-content\/uploads\/2023\/01\/Sea-to-Summit-DeltaLight-Camp-Set-2.2-Geschirr-Set-f\u00fcr-2-Personen-6-tlg.-300x129.jpg 300w, https:\/\/www.schlanser.ch\/magazin\/wp-content\/uploads\/2023\/01\/Sea-to-Summit-DeltaLight-Camp-Set-2.2-Geschirr-Set-f\u00fcr-2-Personen-6-tlg.-768x330.jpg 768w, https:\/\/www.schlanser.ch\/magazin\/wp-content\/uploads\/2023\/01\/Sea-to-Summit-DeltaLight-Camp-Set-2.2-Geschirr-Set-f\u00fcr-2-Personen-6-tlg..jpg 1280w\" sizes=\"(max-width: 618px) 100vw, 618px\" \/><\/a><\/p>\n<h2>Schneeschuhwandern \u2013 f\u00fcr Abenteuerlustige<\/h2>\n<p style=\"text-align: justify;\">Wer abseits der pr\u00e4parierten Winterwanderwege die unber\u00fchrte Natur erleben m\u00f6chte, f\u00fcr den ist Schneeschuhwandern genau das Richtige. Mit den breiten Schneeschuhen sinken Sie auch im Tiefschnee nicht ein und k\u00f6nnen Ihre eigenen Spuren in die weisse Landschaft setzen. Allerdings erfordert diese Art des Winterwanderns mehr Erfahrung und eine sorgf\u00e4ltige Tourenplanung.<\/p>\n<p style=\"text-align: justify;\">Wichtige Tipps f\u00fcrs Schneeschuhwandern:<\/p>\n<ul>\n<li style=\"text-align: justify;\">Benutzen Sie ausgewiesene Schneeschuhrouten<\/li>\n<li style=\"text-align: justify;\">Informieren Sie sich \u00fcber die aktuelle Lawinensituation<\/li>\n<li style=\"text-align: justify;\">Gehen Sie nie alleine und planen Sie grossz\u00fcgig Zeit ein<\/li>\n<li style=\"text-align: justify;\">Nehmen Sie an gef\u00fchrten Touren teil, wenn Sie unsicher sind<\/li>\n<\/ul>\n<h2 data-start=\"1130\" data-end=\"1170\"><strong data-start=\"1133\" data-end=\"1170\">R\u00fccksicht auf Natur und Wildtiere<\/strong><\/h2>\n<p data-start=\"1172\" data-end=\"1856\">Im Winter sind Wildtiere besonders empfindlich gegen\u00fcber St\u00f6rungen. Sie sparen Energie, um die kalte Jahreszeit zu \u00fcberstehen \u2013 unn\u00f6tiges Aufscheuchen kann sie stark belasten. Bleiben Sie deshalb stets auf den markierten Winterwanderwegen und beachten Sie die ausgewiesenen Wildruhezonen, die in vielen Regionen klar signalisiert sind. Vermeiden Sie L\u00e4rm und verzichten Sie auf Abk\u00fcrzungen durch den Tiefschnee, besonders in Waldgebieten. Wenn Sie mit dem Hund unterwegs sind, f\u00fchren Sie ihn im Winter konsequent an der Leine, um Wildtiere nicht zu verunsichern. Mit etwas Aufmerksamkeit tragen Sie wesentlich dazu bei, dass die Natur ihren winterlichen Rhythmus ungest\u00f6rt leben kann.<\/p>\n<figure id=\"attachment_19053\" aria-describedby=\"caption-attachment-19053\" style=\"width: 618px\" class=\"wp-caption aligncenter\"><img loading=\"lazy\" decoding=\"async\" class=\"wp-image-19053 size-large\" title=\"Der richtige Umgang mit der wertvollen Natur ist wichtig\" src=\"https:\/\/www.schlanser.ch\/magazin\/wp-content\/uploads\/2021\/01\/Die-schoenstern-Winterwanderungen-in-der-Schweiz-3-1024x620.jpg\" alt=\"Schreckhafte Berggamsen im Feld blicken hinunter\" width=\"618\" height=\"374\" srcset=\"https:\/\/www.schlanser.ch\/magazin\/wp-content\/uploads\/2021\/01\/Die-schoenstern-Winterwanderungen-in-der-Schweiz-3-1024x620.jpg 1024w, https:\/\/www.schlanser.ch\/magazin\/wp-content\/uploads\/2021\/01\/Die-schoenstern-Winterwanderungen-in-der-Schweiz-3-300x182.jpg 300w, https:\/\/www.schlanser.ch\/magazin\/wp-content\/uploads\/2021\/01\/Die-schoenstern-Winterwanderungen-in-der-Schweiz-3-768x465.jpg 768w, https:\/\/www.schlanser.ch\/magazin\/wp-content\/uploads\/2021\/01\/Die-schoenstern-Winterwanderungen-in-der-Schweiz-3.jpg 1200w\" sizes=\"(max-width: 618px) 100vw, 618px\" \/><figcaption id=\"caption-attachment-19053\" class=\"wp-caption-text\">\u00a9 MEISTERFOTO &#8211; stock.adobe.com<\/figcaption><\/figure>\n<h2>\u00dcberblickstabelle Empfehlungen f\u00fcr Winterwanderungen:<\/h2>\n<table class=\"bg-bg-100 min-w-full border-separate border-spacing-0 text-sm leading-[1.88888] whitespace-normal\">\n<thead class=\"text-left\">\n<tr>\n<th class=\"text-text-000 [&amp;:not(:first-child)]:-x-[hsla(var(--border-100)\/0.5)] px-2 [&amp;:not(:first-child)]:border-l-[0.5px]\">#<\/th>\n<th class=\"text-text-000 [&amp;:not(:first-child)]:-x-[hsla(var(--border-100)\/0.5)] px-2 [&amp;:not(:first-child)]:border-l-[0.5px]\">Wanderung<\/th>\n<th class=\"text-text-000 [&amp;:not(:first-child)]:-x-[hsla(var(--border-100)\/0.5)] px-2 [&amp;:not(:first-child)]:border-l-[0.5px]\">Region<\/th>\n<th class=\"text-text-000 [&amp;:not(:first-child)]:-x-[hsla(var(--border-100)\/0.5)] px-2 [&amp;:not(:first-child)]:border-l-[0.5px]\">Details<\/th>\n<th class=\"text-text-000 [&amp;:not(:first-child)]:-x-[hsla(var(--border-100)\/0.5)] px-2 [&amp;:not(:first-child)]:border-l-[0.5px]\">Keyword (Suchvol.)<\/th>\n<th class=\"text-text-000 [&amp;:not(:first-child)]:-x-[hsla(var(--border-100)\/0.5)] px-2 [&amp;:not(:first-child)]:border-l-[0.5px]\">Kinderfreundlich?<\/th>\n<\/tr>\n<\/thead>\n<tbody>\n<tr>\n<td class=\"border-t-border-100\/50 [&amp;:not(:first-child)]:-x-[hsla(var(--border-100)\/0.5)] border-t-[0.5px] px-2 [&amp;:not(:first-child)]:border-l-[0.5px]\"><strong>1<\/strong><\/td>\n<td class=\"border-t-border-100\/50 [&amp;:not(:first-child)]:-x-[hsla(var(--border-100)\/0.5)] border-t-[0.5px] px-2 [&amp;:not(:first-child)]:border-l-[0.5px]\"><strong>Rigi Panoramaweg<\/strong> (Kulm \u2192 Kaltbad)<\/td>\n<td class=\"border-t-border-100\/50 [&amp;:not(:first-child)]:-x-[hsla(var(--border-100)\/0.5)] border-t-[0.5px] px-2 [&amp;:not(:first-child)]:border-l-[0.5px]\">Zentralschweiz<\/td>\n<td class=\"border-t-border-100\/50 [&amp;:not(:first-child)]:-x-[hsla(var(--border-100)\/0.5)] border-t-[0.5px] px-2 [&amp;:not(:first-child)]:border-l-[0.5px]\">1 Std., 5 km, einfach, 330 Hm \u2193, Zahnradbahn, Mineralbad am Ziel<\/td>\n<td class=\"border-t-border-100\/50 [&amp;:not(:first-child)]:-x-[hsla(var(--border-100)\/0.5)] border-t-[0.5px] px-2 [&amp;:not(:first-child)]:border-l-[0.5px]\">&#8222;rigi winterwandern&#8220; (550)<\/td>\n<td class=\"border-t-border-100\/50 [&amp;:not(:first-child)]:-x-[hsla(var(--border-100)\/0.5)] border-t-[0.5px] px-2 [&amp;:not(:first-child)]:border-l-[0.5px]\">\u2705 Ab 8-10 J. ideal<\/td>\n<\/tr>\n<tr>\n<td class=\"border-t-border-100\/50 [&amp;:not(:first-child)]:-x-[hsla(var(--border-100)\/0.5)] border-t-[0.5px] px-2 [&amp;:not(:first-child)]:border-l-[0.5px]\"><strong>2<\/strong><\/td>\n<td class=\"border-t-border-100\/50 [&amp;:not(:first-child)]:-x-[hsla(var(--border-100)\/0.5)] border-t-[0.5px] px-2 [&amp;:not(:first-child)]:border-l-[0.5px]\"><strong>Engstligenalp-Rundweg<\/strong> bei Adelboden<\/td>\n<td class=\"border-t-border-100\/50 [&amp;:not(:first-child)]:-x-[hsla(var(--border-100)\/0.5)] border-t-[0.5px] px-2 [&amp;:not(:first-child)]:border-l-[0.5px]\">Berner Oberland<\/td>\n<td class=\"border-t-border-100\/50 [&amp;:not(:first-child)]:-x-[hsla(var(--border-100)\/0.5)] border-t-[0.5px] px-2 [&amp;:not(:first-child)]:border-l-[0.5px]\">5,5 km, Hochebene 2000m, keine Skifahrer, Fondue-Iglu<\/td>\n<td class=\"border-t-border-100\/50 [&amp;:not(:first-child)]:-x-[hsla(var(--border-100)\/0.5)] border-t-[0.5px] px-2 [&amp;:not(:first-child)]:border-l-[0.5px]\">&#8222;winterwandern berner oberland&#8220; (700)<\/td>\n<td class=\"border-t-border-100\/50 [&amp;:not(:first-child)]:-x-[hsla(var(--border-100)\/0.5)] border-t-[0.5px] px-2 [&amp;:not(:first-child)]:border-l-[0.5px]\">\u2705 Ab 10 J.<\/td>\n<\/tr>\n<tr>\n<td class=\"border-t-border-100\/50 [&amp;:not(:first-child)]:-x-[hsla(var(--border-100)\/0.5)] border-t-[0.5px] px-2 [&amp;:not(:first-child)]:border-l-[0.5px]\"><strong>3<\/strong><\/td>\n<td class=\"border-t-border-100\/50 [&amp;:not(:first-child)]:-x-[hsla(var(--border-100)\/0.5)] border-t-[0.5px] px-2 [&amp;:not(:first-child)]:border-l-[0.5px]\"><strong>Schwarzsee-Rundweg<\/strong><\/td>\n<td class=\"border-t-border-100\/50 [&amp;:not(:first-child)]:-x-[hsla(var(--border-100)\/0.5)] border-t-[0.5px] px-2 [&amp;:not(:first-child)]:border-l-[0.5px]\">Freiburger Voralpen<\/td>\n<td class=\"border-t-border-100\/50 [&amp;:not(:first-child)]:-x-[hsla(var(--border-100)\/0.5)] border-t-[0.5px] px-2 [&amp;:not(:first-child)]:border-l-[0.5px]\">4 km, gefrorener Wasserfall, bei K\u00e4lte auf dem Eis laufen<\/td>\n<td class=\"border-t-border-100\/50 [&amp;:not(:first-child)]:-x-[hsla(var(--border-100)\/0.5)] border-t-[0.5px] px-2 [&amp;:not(:first-child)]:border-l-[0.5px]\">\u2013 (Geheimtipp)<\/td>\n<td class=\"border-t-border-100\/50 [&amp;:not(:first-child)]:-x-[hsla(var(--border-100)\/0.5)] border-t-[0.5px] px-2 [&amp;:not(:first-child)]:border-l-[0.5px]\">\u2705 Ab 6 J.<\/td>\n<\/tr>\n<tr>\n<td class=\"border-t-border-100\/50 [&amp;:not(:first-child)]:-x-[hsla(var(--border-100)\/0.5)] border-t-[0.5px] px-2 [&amp;:not(:first-child)]:border-l-[0.5px]\"><strong>4<\/strong><\/td>\n<td class=\"border-t-border-100\/50 [&amp;:not(:first-child)]:-x-[hsla(var(--border-100)\/0.5)] border-t-[0.5px] px-2 [&amp;:not(:first-child)]:border-l-[0.5px]\"><strong>Gr\u00fctschalp \u2192 M\u00fcrren<\/strong><\/td>\n<td class=\"border-t-border-100\/50 [&amp;:not(:first-child)]:-x-[hsla(var(--border-100)\/0.5)] border-t-[0.5px] px-2 [&amp;:not(:first-child)]:border-l-[0.5px]\">Berner Oberland<\/td>\n<td class=\"border-t-border-100\/50 [&amp;:not(:first-child)]:-x-[hsla(var(--border-100)\/0.5)] border-t-[0.5px] px-2 [&amp;:not(:first-child)]:border-l-[0.5px]\">4 km, 1,5 Std., Eiger-M\u00f6nch-Jungfrau-Panorama, kinderwagentauglich<\/td>\n<td class=\"border-t-border-100\/50 [&amp;:not(:first-child)]:-x-[hsla(var(--border-100)\/0.5)] border-t-[0.5px] px-2 [&amp;:not(:first-child)]:border-l-[0.5px]\">&#8222;winterwandern berner oberland&#8220; (700)<\/td>\n<td class=\"border-t-border-100\/50 [&amp;:not(:first-child)]:-x-[hsla(var(--border-100)\/0.5)] border-t-[0.5px] px-2 [&amp;:not(:first-child)]:border-l-[0.5px]\">\u2705 Sogar mit Kinderwagen<\/td>\n<\/tr>\n<tr>\n<td class=\"border-t-border-100\/50 [&amp;:not(:first-child)]:-x-[hsla(var(--border-100)\/0.5)] border-t-[0.5px] px-2 [&amp;:not(:first-child)]:border-l-[0.5px]\"><strong>5<\/strong><\/td>\n<td class=\"border-t-border-100\/50 [&amp;:not(:first-child)]:-x-[hsla(var(--border-100)\/0.5)] border-t-[0.5px] px-2 [&amp;:not(:first-child)]:border-l-[0.5px]\"><strong>Muottas Muragl Philosophenweg<\/strong><\/td>\n<td class=\"border-t-border-100\/50 [&amp;:not(:first-child)]:-x-[hsla(var(--border-100)\/0.5)] border-t-[0.5px] px-2 [&amp;:not(:first-child)]:border-l-[0.5px]\">Engadin\/Graub\u00fcnden<\/td>\n<td class=\"border-t-border-100\/50 [&amp;:not(:first-child)]:-x-[hsla(var(--border-100)\/0.5)] border-t-[0.5px] px-2 [&amp;:not(:first-child)]:border-l-[0.5px]\">Top-Winterwanderweg CH, Berninamassiv, Engadiner Seen, Schlittelbahn zur\u00fcck<\/td>\n<td class=\"border-t-border-100\/50 [&amp;:not(:first-child)]:-x-[hsla(var(--border-100)\/0.5)] border-t-[0.5px] px-2 [&amp;:not(:first-child)]:border-l-[0.5px]\">&#8222;winterwandern&#8220; (1&#8217;100)<\/td>\n<td class=\"border-t-border-100\/50 [&amp;:not(:first-child)]:-x-[hsla(var(--border-100)\/0.5)] border-t-[0.5px] px-2 [&amp;:not(:first-child)]:border-l-[0.5px]\">\u26a0\ufe0f Ab 12 J. (anspruchsvoller)<\/td>\n<\/tr>\n<\/tbody>\n<\/table>\n<h2>Ihr Winterabenteuer wartet<\/h2>\n<p style=\"text-align: justify;\">Die Schweizer Winterlandschaft bietet unz\u00e4hlige M\u00f6glichkeiten f\u00fcr unvergessliche Erlebnisse. Ob Sie eine gem\u00fctliche Familienwanderung am Schwarzsee planen, das spektakul\u00e4re Panorama auf der Rigi geniessen oder sich auf den Philosophenweg im Engadin wagen \u2013 mit der richtigen Vorbereitung und Ausr\u00fcstung wird jede Winterwanderung zum Genuss. Schn\u00fcren Sie Ihre Wanderschuhe, packen Sie die Thermoskanne ein und entdecken Sie die bezaubernde Winterwunderwelt vor Ihrer Haust\u00fcr!<\/p>\n<figure id=\"attachment_11331\" aria-describedby=\"caption-attachment-11331\" style=\"width: 620px\" class=\"wp-caption aligncenter\"><img loading=\"lazy\" decoding=\"async\" class=\"wp-image-11331 size-full\" title=\"Sicherheit hat in den Bergen immer h\u00f6chste Priorit\u00e4t\" src=\"https:\/\/www.schlanser.ch\/magazin\/wp-content\/uploads\/2023\/01\/Seilschaft.jpg\" alt=\"Seilschaft am Gletscher - Winterwandern in gr\u00f6\u00dfter Sicherheit\" width=\"620\" height=\"413\" srcset=\"https:\/\/www.schlanser.ch\/magazin\/wp-content\/uploads\/2023\/01\/Seilschaft.jpg 620w, https:\/\/www.schlanser.ch\/magazin\/wp-content\/uploads\/2023\/01\/Seilschaft-300x200.jpg 300w\" sizes=\"(max-width: 620px) 100vw, 620px\" \/><figcaption id=\"caption-attachment-11331\" class=\"wp-caption-text\">\u00a9 moodboard &#8211; stock.adobe.com<\/figcaption><\/figure>\n<h2 data-start=\"1863\" data-end=\"1901\"><strong data-start=\"1866\" data-end=\"1901\">Nachhaltige und bequeme Anreise zum Winterwandern<\/strong><\/h2>\n<p data-start=\"1903\" data-end=\"2516\">Viele der sch\u00f6nsten Winterwanderwege der Schweiz sind hervorragend mit dem \u00f6ffentlichen Verkehr erreichbar \u2013 ein grosser Vorteil, wenn Sie entspannt in den Tag starten m\u00f6chten. Ob Rigi, Schwarzsee, Engstligenalp oder Muottas Muragl: Oft bringen Sie Bergbahnen, Postautos und Z\u00fcge direkt zum Ausgangspunkt Ihrer Tour. Damit vermeiden Sie nicht nur die Parkplatzsuche, sondern leisten auch einen Beitrag zu einer nachhaltigeren Freizeitgestaltung. Zudem entf\u00e4llt die Sorge um winterliche Strassenverh\u00e4ltnisse, und Sie k\u00f6nnen den Tag ganz entspannt geniessen \u2013 vom ersten Schritt im Schnee bis zur R\u00fcckreise ins Tal.<\/p>\n<figure id=\"attachment_11345\" aria-describedby=\"caption-attachment-11345\" style=\"width: 620px\" class=\"wp-caption aligncenter\"><img loading=\"lazy\" decoding=\"async\" class=\"wp-image-11345 size-full\" title=\"Die Berge der Schweiz wie hier im Hoch-Ybrig bieten Natur pur f\u00fcr alle\" src=\"https:\/\/www.schlanser.ch\/magazin\/wp-content\/uploads\/2023\/01\/Hoch-Ybrig-2.jpg\" alt=\"Hoch-Ybrig Bergregion in der Schweiz\" width=\"620\" height=\"392\" srcset=\"https:\/\/www.schlanser.ch\/magazin\/wp-content\/uploads\/2023\/01\/Hoch-Ybrig-2.jpg 620w, https:\/\/www.schlanser.ch\/magazin\/wp-content\/uploads\/2023\/01\/Hoch-Ybrig-2-300x190.jpg 300w\" sizes=\"(max-width: 620px) 100vw, 620px\" \/><figcaption id=\"caption-attachment-11345\" class=\"wp-caption-text\">\u00a9 Lucia &#8211; stock.adobe.com<\/figcaption><\/figure>\n","protected":false},"excerpt":{"rendered":"<p>\u00ab Winterwandern im Schnee ist pure Magie \u00bb Raus aus dem Alltag, rein in die verschneite Bergwelt: Winterwandern in der Schweiz ist der perfekte Ausgleich f\u00fcr alle, die dem Trubel entfliehen m\u00f6chten. Ob nach Feierabend, am Wochenende oder in den Ferien \u2013 die sch\u00f6nsten Winterwanderwege liegen oft n\u00e4her, als man denkt. Wir stellen Ihnen f\u00fcnf &hellip;<\/p>\n","protected":false},"author":1,"featured_media":11328,"comment_status":"closed","ping_status":"open","sticky":false,"template":"","format":"standard","meta":{"footnotes":""},"categories":[2],"tags":[1592,1593,762,1589,985,1132,1590,341,767,372,687,749,1588,1591],"yoast_head":"<!-- This site is optimized with the Yoast SEO plugin v22.2 - https:\/\/yoast.com\/wordpress\/plugins\/seo\/ -->\n<title>Die 5 bezauberndsten Winterwanderungen - Schlanser Magazin<\/title>\n<meta name=\"description\" content=\"Das Schlanser Campingmagazin l\u00e4dt zum Winterwandern ein! \u2714 Die Top 5 der sch\u00f6nsten Touren \u2714 Hochwertiges Equipment \u2714 Auch Kindergeeignete Wege!\" \/>\n<meta name=\"robots\" content=\"index, follow, max-snippet:-1, max-image-preview:large, max-video-preview:-1\" \/>\n<link rel=\"canonical\" href=\"https:\/\/www.schlanser.ch\/magazin\/winterwandern-in-der-schweiz\/\" \/>\n<meta property=\"og:locale\" content=\"de_DE\" \/>\n<meta property=\"og:type\" content=\"article\" \/>\n<meta property=\"og:title\" content=\"Die 5 bezauberndsten Winterwanderungen - Schlanser Magazin\" \/>\n<meta property=\"og:description\" content=\"Das Schlanser Campingmagazin l\u00e4dt zum Winterwandern ein! \u2714 Die Top 5 der sch\u00f6nsten Touren \u2714 Hochwertiges Equipment \u2714 Auch Kindergeeignete Wege!\" \/>\n<meta property=\"og:url\" content=\"https:\/\/www.schlanser.ch\/magazin\/winterwandern-in-der-schweiz\/\" \/>\n<meta property=\"og:site_name\" content=\"Schlanser Magazin\" \/>\n<meta property=\"article:published_time\" content=\"2021-01-26T09:23:27+00:00\" \/>\n<meta property=\"article:modified_time\" content=\"2025-12-10T13:47:47+00:00\" \/>\n<meta property=\"og:image\" content=\"https:\/\/www.schlanser.ch\/magazin\/wp-content\/uploads\/2023\/01\/Winterwandern.jpg\" \/>\n\t<meta property=\"og:image:width\" content=\"660\" \/>\n\t<meta property=\"og:image:height\" content=\"418\" \/>\n\t<meta property=\"og:image:type\" content=\"image\/jpeg\" \/>\n<meta name=\"author\" content=\"admin\" \/>\n<meta name=\"twitter:card\" content=\"summary_large_image\" \/>\n<meta name=\"twitter:label1\" content=\"Verfasst von\" \/>\n\t<meta name=\"twitter:data1\" content=\"admin\" \/>\n\t<meta name=\"twitter:label2\" content=\"Gesch\u00e4tzte Lesezeit\" \/>\n\t<meta name=\"twitter:data2\" content=\"14 Minuten\" \/>\n<script type=\"application\/ld+json\" class=\"yoast-schema-graph\">{\"@context\":\"https:\/\/schema.org\",\"@graph\":[{\"@type\":\"WebPage\",\"@id\":\"https:\/\/www.schlanser.ch\/magazin\/winterwandern-in-der-schweiz\/\",\"url\":\"https:\/\/www.schlanser.ch\/magazin\/winterwandern-in-der-schweiz\/\",\"name\":\"Die 5 bezauberndsten Winterwanderungen - Schlanser Magazin\",\"isPartOf\":{\"@id\":\"https:\/\/www.schlanser.ch\/magazin\/#website\"},\"primaryImageOfPage\":{\"@id\":\"https:\/\/www.schlanser.ch\/magazin\/winterwandern-in-der-schweiz\/#primaryimage\"},\"image\":{\"@id\":\"https:\/\/www.schlanser.ch\/magazin\/winterwandern-in-der-schweiz\/#primaryimage\"},\"thumbnailUrl\":\"https:\/\/www.schlanser.ch\/magazin\/wp-content\/uploads\/2023\/01\/Winterwandern.jpg\",\"datePublished\":\"2021-01-26T09:23:27+00:00\",\"dateModified\":\"2025-12-10T13:47:47+00:00\",\"author\":{\"@id\":\"https:\/\/www.schlanser.ch\/magazin\/#\/schema\/person\/000db0a103eb2594ba3daf394b1dfea2\"},\"description\":\"Das Schlanser Campingmagazin l\u00e4dt zum Winterwandern ein! \u2714 Die Top 5 der sch\u00f6nsten Touren \u2714 Hochwertiges Equipment \u2714 Auch Kindergeeignete Wege!\",\"breadcrumb\":{\"@id\":\"https:\/\/www.schlanser.ch\/magazin\/winterwandern-in-der-schweiz\/#breadcrumb\"},\"inLanguage\":\"de-DE\",\"potentialAction\":[{\"@type\":\"ReadAction\",\"target\":[\"https:\/\/www.schlanser.ch\/magazin\/winterwandern-in-der-schweiz\/\"]}]},{\"@type\":\"ImageObject\",\"inLanguage\":\"de-DE\",\"@id\":\"https:\/\/www.schlanser.ch\/magazin\/winterwandern-in-der-schweiz\/#primaryimage\",\"url\":\"https:\/\/www.schlanser.ch\/magazin\/wp-content\/uploads\/2023\/01\/Winterwandern.jpg\",\"contentUrl\":\"https:\/\/www.schlanser.ch\/magazin\/wp-content\/uploads\/2023\/01\/Winterwandern.jpg\",\"width\":660,\"height\":418,\"caption\":\"\u00a9 Tomsickova - stock.adobe.com\"},{\"@type\":\"BreadcrumbList\",\"@id\":\"https:\/\/www.schlanser.ch\/magazin\/winterwandern-in-der-schweiz\/#breadcrumb\",\"itemListElement\":[{\"@type\":\"ListItem\",\"position\":1,\"name\":\"Startseite\",\"item\":\"https:\/\/www.schlanser.ch\/magazin\/\"},{\"@type\":\"ListItem\",\"position\":2,\"name\":\"Die 5 bezauberndsten Winterwanderungen\"}]},{\"@type\":\"WebSite\",\"@id\":\"https:\/\/www.schlanser.ch\/magazin\/#website\",\"url\":\"https:\/\/www.schlanser.ch\/magazin\/\",\"name\":\"Schlanser Magazin\",\"description\":\"\",\"potentialAction\":[{\"@type\":\"SearchAction\",\"target\":{\"@type\":\"EntryPoint\",\"urlTemplate\":\"https:\/\/www.schlanser.ch\/magazin\/?s={search_term_string}\"},\"query-input\":\"required name=search_term_string\"}],\"inLanguage\":\"de-DE\"},{\"@type\":\"Person\",\"@id\":\"https:\/\/www.schlanser.ch\/magazin\/#\/schema\/person\/000db0a103eb2594ba3daf394b1dfea2\",\"name\":\"admin\",\"image\":{\"@type\":\"ImageObject\",\"inLanguage\":\"de-DE\",\"@id\":\"https:\/\/www.schlanser.ch\/magazin\/#\/schema\/person\/image\/\",\"url\":\"https:\/\/secure.gravatar.com\/avatar\/a794a4fe8a9b9c52241597eb381dfa2e?s=96&d=mm&r=g\",\"contentUrl\":\"https:\/\/secure.gravatar.com\/avatar\/a794a4fe8a9b9c52241597eb381dfa2e?s=96&d=mm&r=g\",\"caption\":\"admin\"}}]}<\/script>\n<!-- \/ Yoast SEO plugin. -->","yoast_head_json":{"title":"Die 5 bezauberndsten Winterwanderungen - Schlanser Magazin","description":"Das Schlanser Campingmagazin l\u00e4dt zum Winterwandern ein! \u2714 Die Top 5 der sch\u00f6nsten Touren \u2714 Hochwertiges Equipment \u2714 Auch Kindergeeignete Wege!","robots":{"index":"index","follow":"follow","max-snippet":"max-snippet:-1","max-image-preview":"max-image-preview:large","max-video-preview":"max-video-preview:-1"},"canonical":"https:\/\/www.schlanser.ch\/magazin\/winterwandern-in-der-schweiz\/","og_locale":"de_DE","og_type":"article","og_title":"Die 5 bezauberndsten Winterwanderungen - Schlanser Magazin","og_description":"Das Schlanser Campingmagazin l\u00e4dt zum Winterwandern ein! \u2714 Die Top 5 der sch\u00f6nsten Touren \u2714 Hochwertiges Equipment \u2714 Auch Kindergeeignete Wege!","og_url":"https:\/\/www.schlanser.ch\/magazin\/winterwandern-in-der-schweiz\/","og_site_name":"Schlanser Magazin","article_published_time":"2021-01-26T09:23:27+00:00","article_modified_time":"2025-12-10T13:47:47+00:00","og_image":[{"width":660,"height":418,"url":"https:\/\/www.schlanser.ch\/magazin\/wp-content\/uploads\/2023\/01\/Winterwandern.jpg","type":"image\/jpeg"}],"author":"admin","twitter_card":"summary_large_image","twitter_misc":{"Verfasst von":"admin","Gesch\u00e4tzte Lesezeit":"14 Minuten"},"schema":{"@context":"https:\/\/schema.org","@graph":[{"@type":"WebPage","@id":"https:\/\/www.schlanser.ch\/magazin\/winterwandern-in-der-schweiz\/","url":"https:\/\/www.schlanser.ch\/magazin\/winterwandern-in-der-schweiz\/","name":"Die 5 bezauberndsten Winterwanderungen - Schlanser Magazin","isPartOf":{"@id":"https:\/\/www.schlanser.ch\/magazin\/#website"},"primaryImageOfPage":{"@id":"https:\/\/www.schlanser.ch\/magazin\/winterwandern-in-der-schweiz\/#primaryimage"},"image":{"@id":"https:\/\/www.schlanser.ch\/magazin\/winterwandern-in-der-schweiz\/#primaryimage"},"thumbnailUrl":"https:\/\/www.schlanser.ch\/magazin\/wp-content\/uploads\/2023\/01\/Winterwandern.jpg","datePublished":"2021-01-26T09:23:27+00:00","dateModified":"2025-12-10T13:47:47+00:00","author":{"@id":"https:\/\/www.schlanser.ch\/magazin\/#\/schema\/person\/000db0a103eb2594ba3daf394b1dfea2"},"description":"Das Schlanser Campingmagazin l\u00e4dt zum Winterwandern ein! \u2714 Die Top 5 der sch\u00f6nsten Touren \u2714 Hochwertiges Equipment \u2714 Auch Kindergeeignete Wege!","breadcrumb":{"@id":"https:\/\/www.schlanser.ch\/magazin\/winterwandern-in-der-schweiz\/#breadcrumb"},"inLanguage":"de-DE","potentialAction":[{"@type":"ReadAction","target":["https:\/\/www.schlanser.ch\/magazin\/winterwandern-in-der-schweiz\/"]}]},{"@type":"ImageObject","inLanguage":"de-DE","@id":"https:\/\/www.schlanser.ch\/magazin\/winterwandern-in-der-schweiz\/#primaryimage","url":"https:\/\/www.schlanser.ch\/magazin\/wp-content\/uploads\/2023\/01\/Winterwandern.jpg","contentUrl":"https:\/\/www.schlanser.ch\/magazin\/wp-content\/uploads\/2023\/01\/Winterwandern.jpg","width":660,"height":418,"caption":"\u00a9 Tomsickova - stock.adobe.com"},{"@type":"BreadcrumbList","@id":"https:\/\/www.schlanser.ch\/magazin\/winterwandern-in-der-schweiz\/#breadcrumb","itemListElement":[{"@type":"ListItem","position":1,"name":"Startseite","item":"https:\/\/www.schlanser.ch\/magazin\/"},{"@type":"ListItem","position":2,"name":"Die 5 bezauberndsten Winterwanderungen"}]},{"@type":"WebSite","@id":"https:\/\/www.schlanser.ch\/magazin\/#website","url":"https:\/\/www.schlanser.ch\/magazin\/","name":"Schlanser Magazin","description":"","potentialAction":[{"@type":"SearchAction","target":{"@type":"EntryPoint","urlTemplate":"https:\/\/www.schlanser.ch\/magazin\/?s={search_term_string}"},"query-input":"required name=search_term_string"}],"inLanguage":"de-DE"},{"@type":"Person","@id":"https:\/\/www.schlanser.ch\/magazin\/#\/schema\/person\/000db0a103eb2594ba3daf394b1dfea2","name":"admin","image":{"@type":"ImageObject","inLanguage":"de-DE","@id":"https:\/\/www.schlanser.ch\/magazin\/#\/schema\/person\/image\/","url":"https:\/\/secure.gravatar.com\/avatar\/a794a4fe8a9b9c52241597eb381dfa2e?s=96&d=mm&r=g","contentUrl":"https:\/\/secure.gravatar.com\/avatar\/a794a4fe8a9b9c52241597eb381dfa2e?s=96&d=mm&r=g","caption":"admin"}}]}},"_links":{"self":[{"href":"https:\/\/www.schlanser.ch\/magazin\/wp-json\/wp\/v2\/posts\/11323"}],"collection":[{"href":"https:\/\/www.schlanser.ch\/magazin\/wp-json\/wp\/v2\/posts"}],"about":[{"href":"https:\/\/www.schlanser.ch\/magazin\/wp-json\/wp\/v2\/types\/post"}],"author":[{"embeddable":true,"href":"https:\/\/www.schlanser.ch\/magazin\/wp-json\/wp\/v2\/users\/1"}],"replies":[{"embeddable":true,"href":"https:\/\/www.schlanser.ch\/magazin\/wp-json\/wp\/v2\/comments?post=11323"}],"version-history":[{"count":32,"href":"https:\/\/www.schlanser.ch\/magazin\/wp-json\/wp\/v2\/posts\/11323\/revisions"}],"predecessor-version":[{"id":19055,"href":"https:\/\/www.schlanser.ch\/magazin\/wp-json\/wp\/v2\/posts\/11323\/revisions\/19055"}],"wp:featuredmedia":[{"embeddable":true,"href":"https:\/\/www.schlanser.ch\/magazin\/wp-json\/wp\/v2\/media\/11328"}],"wp:attachment":[{"href":"https:\/\/www.schlanser.ch\/magazin\/wp-json\/wp\/v2\/media?parent=11323"}],"wp:term":[{"taxonomy":"category","embeddable":true,"href":"https:\/\/www.schlanser.ch\/magazin\/wp-json\/wp\/v2\/categories?post=11323"},{"taxonomy":"post_tag","embeddable":true,"href":"https:\/\/www.schlanser.ch\/magazin\/wp-json\/wp\/v2\/tags?post=11323"}],"curies":[{"name":"wp","href":"https:\/\/api.w.org\/{rel}","templated":true}]}}