{"id":11445,"date":"2021-02-08T13:39:44","date_gmt":"2021-02-08T12:39:44","guid":{"rendered":"https:\/\/www.schlanser.ch\/magazin\/?p=11445"},"modified":"2024-06-17T17:54:30","modified_gmt":"2024-06-17T15:54:30","slug":"oekotourismus","status":"publish","type":"post","link":"https:\/\/www.schlanser.ch\/magazin\/oekotourismus\/","title":{"rendered":"\u00d6kotourismus"},"content":{"rendered":"<h2>\u00ab Nachhaltige Ferien als Klimaschutz \u00bb<\/h2>\n<p style=\"text-align: justify;\"><strong>Die Sch\u00f6nheit und Vielfalt der Natur, die Pracht der Bl\u00fctezeiten, die Kraft des Lebens im Sommer, die Erntezeit mit ihren prallen Fr\u00fcchten und die Ruhephase der Natur im Winter \u2013 all dies k\u00f6nnen Sie erleben, wenn Sie Ihr Leben naturverbunden gestalten. Auch beim Reisen spielt die Natur eine grosse Rolle, die Vegetation unterscheidet sich von der Ihrer Heimat, die Tierwelt birgt manche \u00dcberraschung und das Klima stellt andere Anforderungen an den eigenen K\u00f6rper. Beim Reisen gibt es all die Unterschiede zu entdecken und zu geniessen, aber auch zu sch\u00fctzen. Erfahren Sie hier, wie Sie \u00d6kotourismus als Klimatrend in Ihre pers\u00f6nlichen Reisegewohnheiten integrieren k\u00f6nnen.<\/strong><\/p>\n<h2>Ein besserer CO2-Fussabdruck durch \u00d6kotourismus?<\/h2>\n<p style=\"text-align: justify;\">\u00d6kotourismus bedeutet, in unber\u00fchrte Landschaften zu reisen ohne dort Verw\u00fcstungen zu hinterlassen.<\/p>\n<blockquote>\n<p style=\"text-align: justify;\">\u00d6kotourismus soll umweltfreundlich und sozialvertr\u00e4glich sein, darum kann er auch in st\u00e4rker besiedelten Regionen stattfinden.<\/p>\n<\/blockquote>\n<p style=\"text-align: justify;\">Die bereiste Gegend profitiert langfristig vom gut umgesetzten nachhaltigen Tourismus. Der \u00d6kotourismus stellt eine neue Einnahmequelle f\u00fcr die Menschen vorort dar. Wenn \u00d6kotourismus in Regionen, in denen Armut und \u00dcbernutzung von Ressourcen herrschen, aufgebaut wird, f\u00f6rdert dies zudem die Akzeptanz von Naturschutzprojekten in der Region. Nachhaltige Ferien zu gestalten, ist gar nicht so kompliziert, wie es sich vermuten l\u00e4sst. Es kann sogar Freude bereiten, den Fokus auf umweltbewusstes Verhalten zu legen und mit diesem Hauptaugenmerk alle Angebote und Aktivit\u00e4ten, die Sie wahrnehmen, auf Nachhaltigkeit zu \u00fcberpr\u00fcfen. Das Ziel Ihrer nachhaltigen Ferien k\u00f6nnte sein, Ihren pers\u00f6nlichen CO2-Fussabdruck klein zu halten.<\/p>\n<figure id=\"attachment_11447\" aria-describedby=\"caption-attachment-11447\" style=\"width: 618px\" class=\"wp-caption aligncenter\"><img loading=\"lazy\" decoding=\"async\" class=\"wp-image-11447 size-large\" title=\"Statt 5-Sterne-Luxus sehnen sich viele zur\u00fcck zu naturverbundenem Urlaub\" src=\"https:\/\/www.schlanser.ch\/magazin\/wp-content\/uploads\/2023\/02\/AdobeStock_208901263-1024x682.jpeg\" alt=\"Junges Paar zeltet - \u00d6kotourismus\" width=\"618\" height=\"412\" srcset=\"https:\/\/www.schlanser.ch\/magazin\/wp-content\/uploads\/2023\/02\/AdobeStock_208901263-1024x682.jpeg 1024w, https:\/\/www.schlanser.ch\/magazin\/wp-content\/uploads\/2023\/02\/AdobeStock_208901263-300x200.jpeg 300w, https:\/\/www.schlanser.ch\/magazin\/wp-content\/uploads\/2023\/02\/AdobeStock_208901263-768x511.jpeg 768w, https:\/\/www.schlanser.ch\/magazin\/wp-content\/uploads\/2023\/02\/AdobeStock_208901263-1536x1022.jpeg 1536w, https:\/\/www.schlanser.ch\/magazin\/wp-content\/uploads\/2023\/02\/AdobeStock_208901263-2048x1363.jpeg 2048w\" sizes=\"(max-width: 618px) 100vw, 618px\" \/><figcaption id=\"caption-attachment-11447\" class=\"wp-caption-text\">\u00a9 sasapanchenko &#8211; stock.adobe.com<\/figcaption><\/figure>\n<h2>Bausteine des \u00d6kotourismus 1: Die Anreise &#8211; Nachhaltigkeit so gut es geht<\/h2>\n<p style=\"text-align: justify;\">Auf dem Weg in nachhaltigen Ferien k\u00f6nnen Sie den Grossteil Ihrer Klimabilanz beeinflussen. Alle \u00dcberlegungen beinhalten ein Abw\u00e4gen von Notwendigkeiten, W\u00fcnschen und Erfahrungsgewinn. Hierbei spielen auch Ihre Sehns\u00fcchte eine Rolle, denn Fernweh kann eben nur durch das Reisen in die Ferne gestillt werden. Grosse Entfernungen zwischen Urlaubsort und Heimatort fordern hohe Emissionswerte. W\u00e4gen Sie ab, ob das Reiseziel weit entfernt sein muss. Pr\u00fcfen Sie die Klimabilanz bei verschiedenen Verkehrsmitteln wie Dieselfahrzeug, Elektrofahrzeug, Zug, Autobus, E-Bike oder einer Reise zu Fuss. Dies m\u00fcssen Sie mit der verf\u00fcgbaren Reisezeit abw\u00e4gen. Wenn Sie fliegen wollen, k\u00f6nnen Sie bei Organisationen wie atmosfair Kompensationszahlungen f\u00fcr Fl\u00fcge vornehmen, die dann in klimasch\u00fctzende Projekte fliessen, wodurch Sie eine Wiedergutmachung bewirken k\u00f6nnen.<\/p>\n<figure id=\"attachment_11450\" aria-describedby=\"caption-attachment-11450\" style=\"width: 620px\" class=\"wp-caption aligncenter\"><img loading=\"lazy\" decoding=\"async\" class=\"wp-image-11450 size-full\" title=\"Die Natur l\u00e4sst sich auch geniessen, ohne ihr Schaden zuzuf\u00fcgen\" src=\"https:\/\/www.schlanser.ch\/magazin\/wp-content\/uploads\/2023\/02\/Familie-Bergwandern-\u00d6kotourismus.jpg\" alt=\"Junge Familie beim Bergwandern - \u00d6kotourismus\" width=\"620\" height=\"355\" srcset=\"https:\/\/www.schlanser.ch\/magazin\/wp-content\/uploads\/2023\/02\/Familie-Bergwandern-\u00d6kotourismus.jpg 620w, https:\/\/www.schlanser.ch\/magazin\/wp-content\/uploads\/2023\/02\/Familie-Bergwandern-\u00d6kotourismus-300x172.jpg 300w\" sizes=\"(max-width: 620px) 100vw, 620px\" \/><figcaption id=\"caption-attachment-11450\" class=\"wp-caption-text\">\u00a9 yanlev &#8211; stock.adobe.com<\/figcaption><\/figure>\n<p style=\"text-align: justify;\">Spannend wird es, wenn Sie mithilfe entsprechender Rechner Ihre Reiseoptionen f\u00fcr nachhaltiges Reisen pr\u00fcfen. Ein vollbesetzter PKW kann unter Umst\u00e4nden eine bessere \u00d6kobilanz haben, als eine Fahrt mit dem Schnellzug. G\u00fcnstig wirkt sich immer ein nahegelegenes Reiseziel aus, da der Grossteil der Verschmutzung bei der An- und Abreise entsteht.<\/p>\n<h2>Bausteine des \u00d6kotourismus 2: Die Unterkunft &#8211; Wohlf\u00fchlen mit gutem Gewissen<\/h2>\n<p style=\"text-align: justify;\">Nachhaltiges Reisen kann auch bedeuten, dass Sie Ihre Unterkunft bei der Auswahl auf Nachhaltigkeitsaspekte und auf Ressourcenschonung pr\u00fcfen. Werden biologische, regionale und saisonale Lebensmittel verarbeitet? Wie ist die Energie- und W\u00e4rmeversorgung? Wurde das Haus in \u00f6kologischer Bauweise erbaut oder renoviert? Wird das Wasser im Swimmingpool mithilfe von Pflanzen ges\u00e4ubert statt mit Chemie? Achtet das Haus auf M\u00fcllvermeidung? Dies zeigt sich auch bei den kleinen Portionsgr\u00f6ssen am Buffet, die durchaus verpackungsfrei in Glassch\u00e4lchen angeboten werden k\u00f6nnen.<\/p>\n<figure id=\"attachment_11453\" aria-describedby=\"caption-attachment-11453\" style=\"width: 618px\" class=\"wp-caption aligncenter\"><img loading=\"lazy\" decoding=\"async\" class=\"wp-image-11453 size-large\" title=\"Gerade kleine Familienbetriebe wirtschaften nachhaltig\" src=\"https:\/\/www.schlanser.ch\/magazin\/wp-content\/uploads\/2023\/02\/AdobeStock_69568642-1024x680.jpeg\" alt=\"Almh\u00fctte - Familienbetrieb\" width=\"618\" height=\"410\" srcset=\"https:\/\/www.schlanser.ch\/magazin\/wp-content\/uploads\/2023\/02\/AdobeStock_69568642-1024x680.jpeg 1024w, https:\/\/www.schlanser.ch\/magazin\/wp-content\/uploads\/2023\/02\/AdobeStock_69568642-300x199.jpeg 300w, https:\/\/www.schlanser.ch\/magazin\/wp-content\/uploads\/2023\/02\/AdobeStock_69568642-768x510.jpeg 768w, https:\/\/www.schlanser.ch\/magazin\/wp-content\/uploads\/2023\/02\/AdobeStock_69568642-1536x1020.jpeg 1536w, https:\/\/www.schlanser.ch\/magazin\/wp-content\/uploads\/2023\/02\/AdobeStock_69568642-2048x1360.jpeg 2048w, https:\/\/www.schlanser.ch\/magazin\/wp-content\/uploads\/2023\/02\/AdobeStock_69568642-310x205.jpeg 310w\" sizes=\"(max-width: 618px) 100vw, 618px\" \/><figcaption id=\"caption-attachment-11453\" class=\"wp-caption-text\">\u00a9 tunedin &#8211; stock.adobe.com<\/figcaption><\/figure>\n<h2>Bausteine des \u00d6kotourismus 3: Die eigene Lebensweise im Urlaub \u2013 Erholung ohne Verzicht<\/h2>\n<p style=\"text-align: justify;\">Nachhaltiger Urlaub hinterl\u00e4sst keine Sch\u00e4den am Urlaubsort. Es ist oft sowohl illegal als auch umweltsch\u00e4dlich Souvenirs wie Sand und Muscheln vom Strand mitzunehmen.<\/p>\n<p style=\"text-align: justify;\">Eine Einkaufstasche im Gep\u00e4ck spart Kunststofft\u00fcten ein, die <a href=\"https:\/\/www.schlanser.ch\/haushalt\/camping-geschirr\/trinkflaschen\/\">wiederbef\u00fcllbare Trinkflasche<\/a> vermeidet Spontank\u00e4ufe von Einweg-Trinkflaschen. Auch <a href=\"https:\/\/www.schlanser.ch\/haushalt\/camping-haushalt\/behaelter\/\">Aufbewahrungsdosen<\/a> f\u00fcr einen Imbiss unterwegs, sollten Sie dabei haben. Die Kosmetik w\u00e4hrend der Reise kann ohne Verpackungsm\u00fcll auskommen: Benutzen Sie wiederverwendbare Kleinverpackungen statt Reisegr\u00f6ssen von Kosmetika. Festes Duschgel und festes Shampoo kommen ohne Einmalverpackung aus Kunststoff aus und sind sehr ergiebig.<\/p>\n<p><img loading=\"lazy\" decoding=\"async\" class=\"alignnone wp-image-11458\" title=\"Outwell Gilory Thermobecher 0,4 l blue shadow\" src=\"https:\/\/www.schlanser.ch\/magazin\/wp-content\/uploads\/2023\/02\/Outwell-Gilory-Thermobecher-04-l-blue-shadow-1.jpg\" alt=\"Outwell Gilory Thermobecher 0,4 l blue shadow\" width=\"246\" height=\"316\" srcset=\"https:\/\/www.schlanser.ch\/magazin\/wp-content\/uploads\/2023\/02\/Outwell-Gilory-Thermobecher-04-l-blue-shadow-1.jpg 400w, https:\/\/www.schlanser.ch\/magazin\/wp-content\/uploads\/2023\/02\/Outwell-Gilory-Thermobecher-04-l-blue-shadow-1-233x300.jpg 233w\" sizes=\"(max-width: 246px) 100vw, 246px\" \/>\u00a0 \u00a0 \u00a0 \u00a0 \u00a0 \u00a0 \u00a0 \u00a0 \u00a0 <a href=\"https:\/\/www.schlanser.ch\/haushalt\/camping-haushalt\/behaelter\/47796\/branq-frischhaltedosen-rund-3er-set\"><img loading=\"lazy\" decoding=\"async\" class=\"wp-image-11455 alignnone\" title=\"BranQ Frischhaltedosen Rund 3er Set\" src=\"https:\/\/www.schlanser.ch\/magazin\/wp-content\/uploads\/2023\/02\/BranQ-Frischhaltedosen-Rund-3er-Set-1.jpg\" alt=\"BranQ Frischhaltedosen Rund 3er Set\" width=\"299\" height=\"200\" \/><\/a><\/p>\n<p style=\"text-align: justify;\">Am Urlaubsort sollten Sie m\u00f6glichst \u00f6ffentliche Verkehrsmittel benutzen, um Ausfl\u00fcge zu machen. Sie werden erstaunt sein, wie die Eindr\u00fccke eines Landes und der Menschen sich intensivieren, da Sie sich f\u00fcr nachhaltige Ferien entschieden haben.<\/p>\n<p><img loading=\"lazy\" decoding=\"async\" class=\"aligncenter wp-image-11469\" title=\"Berger Universal-Packtasche\" src=\"https:\/\/www.schlanser.ch\/magazin\/wp-content\/uploads\/2023\/02\/IMG_326430_1_2010010031054ucku6e553he8-1.jpg\" alt=\"Berger Universal-Packtasche\" width=\"384\" height=\"342\" srcset=\"https:\/\/www.schlanser.ch\/magazin\/wp-content\/uploads\/2023\/02\/IMG_326430_1_2010010031054ucku6e553he8-1.jpg 600w, https:\/\/www.schlanser.ch\/magazin\/wp-content\/uploads\/2023\/02\/IMG_326430_1_2010010031054ucku6e553he8-1-300x267.jpg 300w\" sizes=\"(max-width: 384px) 100vw, 384px\" \/><\/p>\n<p style=\"text-align: justify;\">Am Urlaubsort k\u00f6nnen Sie lokale Restaurants unterst\u00fctzen. Damit st\u00e4rken Sie die lokale Wirtschaft und die Region kann sich nachhaltig auf die Einnahmequellen aus \u00d6kotourismus einstellen. Als Konsument haben Sie Entscheidungsgewalt, st\u00fcrzen Sie sich auf die nachhaltigen Angebote, wird die Nachfrage auch das Angebot erweitern. Ein Reisetipp aus dem Bereich des \u00d6kotourismus ist, sich von Einheimischen herumf\u00fchren zu lassen. Das Geld landet dann direkt bei der Bev\u00f6lkerung und nicht bei grossen Konzernen. Ausserdem sind Entdeckungstouren mit Einheimischen meist lustiger und pers\u00f6nlicher und das Essen schmeckt oft besser, da Sie an Geheimtipps der Region kommen.<\/p>\n<figure id=\"attachment_11471\" aria-describedby=\"caption-attachment-11471\" style=\"width: 620px\" class=\"wp-caption aligncenter\"><img loading=\"lazy\" decoding=\"async\" class=\"wp-image-11471 size-full\" title=\"Man sollte unbedingt die lokale K\u00fcche genie\u00dfen - das ist gut f\u00fcr Gaumen und Umwelt\" src=\"https:\/\/www.schlanser.ch\/magazin\/wp-content\/uploads\/2023\/02\/Marende-S\u00fcdtirol.jpg\" alt=\"Marende- S\u00fcdtiroler Brotzeit\" width=\"620\" height=\"413\" srcset=\"https:\/\/www.schlanser.ch\/magazin\/wp-content\/uploads\/2023\/02\/Marende-S\u00fcdtirol.jpg 620w, https:\/\/www.schlanser.ch\/magazin\/wp-content\/uploads\/2023\/02\/Marende-S\u00fcdtirol-300x200.jpg 300w\" sizes=\"(max-width: 620px) 100vw, 620px\" \/><figcaption id=\"caption-attachment-11471\" class=\"wp-caption-text\">\u00a9 MarkusBraun &#8211; stock.adobe.com<\/figcaption><\/figure>\n<h2>Nachhaltige Ferien am Bauernhof &#8211; beim Erzeuger mithelfen<\/h2>\n<p style=\"text-align: justify;\">Eine gute, \u00f6kologisch vertretbare Reisem\u00f6glichkeit besteht in Ferien auf dem Bauernhof. Bei intensiven Ger\u00fcchen, Geschm\u00e4ckern und anderen Sinneserfahrungen erleben Sie hautnah, wie allt\u00e4gliche Lebensmittel angebaut werden oder wachsen. Dies schafft Verbindung mit der Natur und ihren Ressourcen und ist nicht nur f\u00fcr Kinder empfehlenswert. Auf dem Bauernhof verinnerlichen Sie das Credo: Sch\u00fctzen was als sch\u00fctzenswert erlebt wurde.<\/p>\n<h2>Urlaub auf dem Zeltplatz &#8211; \u00d6kotourismus von Beginn an?<\/h2>\n<p style=\"text-align: justify;\">Beim Camping bescheiden Sie sich meist ohnehin auf das N\u00f6tigste und verbringen damit nachhaltige Ferien. Sie lassen jeden Luxus hinter sich, trennen N\u00f6tiges von \u00dcberfl\u00fcssigem und verhalten sich sparsam. Schliesslich m\u00fcssen Ressourcen m\u00fchsam aufgef\u00fcllt werden. Es ist m\u00f6glich beim Camping nachhaltige Ferien zu verbringen, Ihr eigenes Reiseverhalten k\u00f6nnen Sie st\u00e4ndig \u00fcberpr\u00fcfen und beeinflussen. Vermeiden Sie unn\u00f6tige Fahrten vom Zeltplatz weg, kaufen Sie nachhaltig produzierte Lebensmittel, am besten beim Direktvermarkter der Region und vermeiden Sie Verpackungsm\u00fcll.<\/p>\n<p style=\"text-align: justify;\">Auch am Zeltplatz kann nachhaltiger Urlaub stattfinden. Einige Zeltpl\u00e4tze haben Naturkl\u00e4ranlagen und ein \u00f6kologisches Konzept, gestalten Sie sich individuelle und nachhaltige Ferien beim Camping.<\/p>\n<p><a href=\"https:\/\/www.schlanser.ch\/zelte\/campingzelte\/4-personen-zelte\/116258\/berger-lagoon-4-familienzelt-2024\"><img loading=\"lazy\" decoding=\"async\" class=\"aligncenter wp-image-15644 size-full\" title=\"Berger Lagoon 4 Familienzelt\" src=\"https:\/\/www.schlanser.ch\/thumbnail\/47\/6c\/fd\/1717120255\/e0749b32e8124941bd46a3d5860ef638_1820x1820.jpg\" alt=\"Berger Lagoon 4 Familienzelt\" width=\"620\" height=\"388\" \/><\/a><\/p>\n<h2>Nachhaltiger Urlaub mit Kindern &#8211; Vereinfachung oder Nerventest?<\/h2>\n<p style=\"text-align: justify;\">Nachhaltige Ferien sind bei guter Planung problemlos mit Kindern m\u00f6glich. Beim Zugfahren mit Kindern sind Nachtz\u00fcge mit Schlafkabinen oder Schlafwagen empfehlenswert. Verschlafen Sie einfach den aufregenden und anstrengenden Teil und steigen Sie morgens erholt am Urlaubsort aus dem Zug. Zumindest sollten Sie bei Tagesfahrten Pl\u00e4tze im Kinderabteil buchen. Hier ist mehr Platz und die Lautst\u00e4rke wird nicht so schnell kritisiert, das entspannt alle Reisenden. Bei der Suche nach dem richtigen Ferienort k\u00f6nnen Sie den Suchfilter: &#8222;Auto nicht notwendig&#8220; einstellen, dann geraten Sie vor Ort nicht in Not. Ein nachhaltiger Urlaub mit Kindern ist meist in kinderfreundlichen Unterk\u00fcnften ohnehin umsetzbar, da Eltern von jungen Kindern h\u00e4ufig ein starkes Bewusstsein f\u00fcr die Zukunft der Erde haben.<\/p>\n<p><a href=\"https:\/\/www.schlanser.ch\/zelte\/vorzelte\/wohnwagenvorzelte\/18772\/berger-garda-reisevorzelt\" class=\"broken_link\"><img loading=\"lazy\" decoding=\"async\" class=\"aligncenter wp-image-11476 size-full\" title=\"Berger Garda Reisevorzelt\" src=\"https:\/\/www.schlanser.ch\/magazin\/wp-content\/uploads\/2023\/02\/IMG_262910_2.jpg\" alt=\"Berger Garda Reisevorzelt\" width=\"620\" height=\"397\" srcset=\"https:\/\/www.schlanser.ch\/magazin\/wp-content\/uploads\/2023\/02\/IMG_262910_2.jpg 620w, https:\/\/www.schlanser.ch\/magazin\/wp-content\/uploads\/2023\/02\/IMG_262910_2-300x192.jpg 300w\" sizes=\"(max-width: 620px) 100vw, 620px\" \/><\/a><\/p>\n<h2>\u00d6kotourismus als Klimatrend &#8211; auf den Zug sollten Sie aufspringen<\/h2>\n<p style=\"text-align: justify;\">Nachhaltiger Urlaub macht Sie sensibler f\u00fcr Lebensweisen, die den CO2-Fussabdruck verschlechtern. Haben Sie erst einmal nachhaltige Ferien konzipiert, werden Sie auch im Alltag aufmerksamer f\u00fcr umweltschonendes Verhalten. Es macht regelrecht Spass, den Umweltschutz im Hinterkopf zu haben, wenn Sie sich in der Welt bewegen. Folgen Sie dem Klimatrend \u00d6kotourismus und verbringen Sie m\u00f6glichst nachhaltige Ferien. Dabei gilt: Nachhaltiges Reisen bedeutet auch, dass Sie Ihre verdiente Erholung finden. Das Leben ist voller Kompromisse!<\/p>\n","protected":false},"excerpt":{"rendered":"<p>\u00ab Nachhaltige Ferien als Klimaschutz \u00bb Die Sch\u00f6nheit und Vielfalt der Natur, die Pracht der Bl\u00fctezeiten, die Kraft des Lebens im Sommer, die Erntezeit mit ihren prallen Fr\u00fcchten und die Ruhephase der Natur im Winter \u2013 all dies k\u00f6nnen Sie erleben, wenn Sie Ihr Leben naturverbunden gestalten. Auch beim Reisen spielt die Natur eine grosse &hellip;<\/p>\n","protected":false},"author":1,"featured_media":11448,"comment_status":"closed","ping_status":"open","sticky":false,"template":"","format":"standard","meta":{"footnotes":""},"categories":[2],"tags":[1457,201,1610,1605,1604,1549,1611,1607,1609,1603,1606,748,1608],"yoast_head":"<!-- This site is optimized with the Yoast SEO plugin v22.2 - https:\/\/yoast.com\/wordpress\/plugins\/seo\/ -->\n<title>\u00d6kotourismus - Schlanser Magazin<\/title>\n<meta name=\"description\" content=\"Das Schlanser Campingmagazin erkl\u00e4rt nachhaltige Ferien zum Klimaschutz im Urlaub! \u2714Sch\u00f6ne Ziele \u2714\u00d6kotourismus als Klimatrend \u2714CO2-arm Anreisen\" \/>\n<meta name=\"robots\" content=\"noindex, follow\" \/>\n<meta property=\"og:locale\" content=\"de_DE\" \/>\n<meta property=\"og:type\" content=\"article\" \/>\n<meta property=\"og:title\" content=\"\u00d6kotourismus - Schlanser Magazin\" \/>\n<meta property=\"og:description\" content=\"Das Schlanser Campingmagazin erkl\u00e4rt nachhaltige Ferien zum Klimaschutz im Urlaub! \u2714Sch\u00f6ne Ziele \u2714\u00d6kotourismus als Klimatrend \u2714CO2-arm Anreisen\" \/>\n<meta property=\"og:url\" content=\"https:\/\/www.schlanser.ch\/magazin\/oekotourismus\/\" \/>\n<meta property=\"og:site_name\" content=\"Schlanser Magazin\" \/>\n<meta property=\"article:published_time\" content=\"2021-02-08T12:39:44+00:00\" \/>\n<meta property=\"article:modified_time\" content=\"2024-06-17T15:54:30+00:00\" \/>\n<meta property=\"og:image\" content=\"https:\/\/www.schlanser.ch\/magazin\/wp-content\/uploads\/2023\/02\/AdobeStock_329663125-scaled.jpeg\" \/>\n\t<meta property=\"og:image:width\" content=\"2560\" \/>\n\t<meta property=\"og:image:height\" content=\"1707\" \/>\n\t<meta property=\"og:image:type\" content=\"image\/jpeg\" \/>\n<meta name=\"author\" content=\"admin\" \/>\n<meta name=\"twitter:card\" content=\"summary_large_image\" \/>\n<meta name=\"twitter:label1\" content=\"Verfasst von\" \/>\n\t<meta name=\"twitter:data1\" content=\"admin\" \/>\n\t<meta name=\"twitter:label2\" content=\"Gesch\u00e4tzte Lesezeit\" \/>\n\t<meta name=\"twitter:data2\" content=\"9 Minuten\" \/>\n<script type=\"application\/ld+json\" class=\"yoast-schema-graph\">{\"@context\":\"https:\/\/schema.org\",\"@graph\":[{\"@type\":\"WebPage\",\"@id\":\"https:\/\/www.schlanser.ch\/magazin\/oekotourismus\/\",\"url\":\"https:\/\/www.schlanser.ch\/magazin\/oekotourismus\/\",\"name\":\"\u00d6kotourismus - Schlanser Magazin\",\"isPartOf\":{\"@id\":\"https:\/\/www.schlanser.ch\/magazin\/#website\"},\"primaryImageOfPage\":{\"@id\":\"https:\/\/www.schlanser.ch\/magazin\/oekotourismus\/#primaryimage\"},\"image\":{\"@id\":\"https:\/\/www.schlanser.ch\/magazin\/oekotourismus\/#primaryimage\"},\"thumbnailUrl\":\"https:\/\/www.schlanser.ch\/magazin\/wp-content\/uploads\/2023\/02\/AdobeStock_329663125-scaled.jpeg\",\"datePublished\":\"2021-02-08T12:39:44+00:00\",\"dateModified\":\"2024-06-17T15:54:30+00:00\",\"author\":{\"@id\":\"https:\/\/www.schlanser.ch\/magazin\/#\/schema\/person\/000db0a103eb2594ba3daf394b1dfea2\"},\"description\":\"Das Schlanser Campingmagazin erkl\u00e4rt nachhaltige Ferien zum Klimaschutz im Urlaub! \u2714Sch\u00f6ne Ziele \u2714\u00d6kotourismus als Klimatrend \u2714CO2-arm Anreisen\",\"breadcrumb\":{\"@id\":\"https:\/\/www.schlanser.ch\/magazin\/oekotourismus\/#breadcrumb\"},\"inLanguage\":\"de-DE\",\"potentialAction\":[{\"@type\":\"ReadAction\",\"target\":[\"https:\/\/www.schlanser.ch\/magazin\/oekotourismus\/\"]}]},{\"@type\":\"ImageObject\",\"inLanguage\":\"de-DE\",\"@id\":\"https:\/\/www.schlanser.ch\/magazin\/oekotourismus\/#primaryimage\",\"url\":\"https:\/\/www.schlanser.ch\/magazin\/wp-content\/uploads\/2023\/02\/AdobeStock_329663125-scaled.jpeg\",\"contentUrl\":\"https:\/\/www.schlanser.ch\/magazin\/wp-content\/uploads\/2023\/02\/AdobeStock_329663125-scaled.jpeg\",\"width\":2560,\"height\":1707,\"caption\":\"\u00a9 Elizaveta - stock.adobe.com\"},{\"@type\":\"BreadcrumbList\",\"@id\":\"https:\/\/www.schlanser.ch\/magazin\/oekotourismus\/#breadcrumb\",\"itemListElement\":[{\"@type\":\"ListItem\",\"position\":1,\"name\":\"Startseite\",\"item\":\"https:\/\/www.schlanser.ch\/magazin\/\"},{\"@type\":\"ListItem\",\"position\":2,\"name\":\"\u00d6kotourismus\"}]},{\"@type\":\"WebSite\",\"@id\":\"https:\/\/www.schlanser.ch\/magazin\/#website\",\"url\":\"https:\/\/www.schlanser.ch\/magazin\/\",\"name\":\"Schlanser Magazin\",\"description\":\"\",\"potentialAction\":[{\"@type\":\"SearchAction\",\"target\":{\"@type\":\"EntryPoint\",\"urlTemplate\":\"https:\/\/www.schlanser.ch\/magazin\/?s={search_term_string}\"},\"query-input\":\"required name=search_term_string\"}],\"inLanguage\":\"de-DE\"},{\"@type\":\"Person\",\"@id\":\"https:\/\/www.schlanser.ch\/magazin\/#\/schema\/person\/000db0a103eb2594ba3daf394b1dfea2\",\"name\":\"admin\",\"image\":{\"@type\":\"ImageObject\",\"inLanguage\":\"de-DE\",\"@id\":\"https:\/\/www.schlanser.ch\/magazin\/#\/schema\/person\/image\/\",\"url\":\"https:\/\/secure.gravatar.com\/avatar\/a794a4fe8a9b9c52241597eb381dfa2e?s=96&d=mm&r=g\",\"contentUrl\":\"https:\/\/secure.gravatar.com\/avatar\/a794a4fe8a9b9c52241597eb381dfa2e?s=96&d=mm&r=g\",\"caption\":\"admin\"}}]}<\/script>\n<!-- \/ Yoast SEO plugin. -->","yoast_head_json":{"title":"\u00d6kotourismus - Schlanser Magazin","description":"Das Schlanser Campingmagazin erkl\u00e4rt nachhaltige Ferien zum Klimaschutz im Urlaub! \u2714Sch\u00f6ne Ziele \u2714\u00d6kotourismus als Klimatrend \u2714CO2-arm Anreisen","robots":{"index":"noindex","follow":"follow"},"og_locale":"de_DE","og_type":"article","og_title":"\u00d6kotourismus - Schlanser Magazin","og_description":"Das Schlanser Campingmagazin erkl\u00e4rt nachhaltige Ferien zum Klimaschutz im Urlaub! \u2714Sch\u00f6ne Ziele \u2714\u00d6kotourismus als Klimatrend \u2714CO2-arm Anreisen","og_url":"https:\/\/www.schlanser.ch\/magazin\/oekotourismus\/","og_site_name":"Schlanser Magazin","article_published_time":"2021-02-08T12:39:44+00:00","article_modified_time":"2024-06-17T15:54:30+00:00","og_image":[{"width":2560,"height":1707,"url":"https:\/\/www.schlanser.ch\/magazin\/wp-content\/uploads\/2023\/02\/AdobeStock_329663125-scaled.jpeg","type":"image\/jpeg"}],"author":"admin","twitter_card":"summary_large_image","twitter_misc":{"Verfasst von":"admin","Gesch\u00e4tzte Lesezeit":"9 Minuten"},"schema":{"@context":"https:\/\/schema.org","@graph":[{"@type":"WebPage","@id":"https:\/\/www.schlanser.ch\/magazin\/oekotourismus\/","url":"https:\/\/www.schlanser.ch\/magazin\/oekotourismus\/","name":"\u00d6kotourismus - Schlanser Magazin","isPartOf":{"@id":"https:\/\/www.schlanser.ch\/magazin\/#website"},"primaryImageOfPage":{"@id":"https:\/\/www.schlanser.ch\/magazin\/oekotourismus\/#primaryimage"},"image":{"@id":"https:\/\/www.schlanser.ch\/magazin\/oekotourismus\/#primaryimage"},"thumbnailUrl":"https:\/\/www.schlanser.ch\/magazin\/wp-content\/uploads\/2023\/02\/AdobeStock_329663125-scaled.jpeg","datePublished":"2021-02-08T12:39:44+00:00","dateModified":"2024-06-17T15:54:30+00:00","author":{"@id":"https:\/\/www.schlanser.ch\/magazin\/#\/schema\/person\/000db0a103eb2594ba3daf394b1dfea2"},"description":"Das Schlanser Campingmagazin erkl\u00e4rt nachhaltige Ferien zum Klimaschutz im Urlaub! \u2714Sch\u00f6ne Ziele \u2714\u00d6kotourismus als Klimatrend \u2714CO2-arm Anreisen","breadcrumb":{"@id":"https:\/\/www.schlanser.ch\/magazin\/oekotourismus\/#breadcrumb"},"inLanguage":"de-DE","potentialAction":[{"@type":"ReadAction","target":["https:\/\/www.schlanser.ch\/magazin\/oekotourismus\/"]}]},{"@type":"ImageObject","inLanguage":"de-DE","@id":"https:\/\/www.schlanser.ch\/magazin\/oekotourismus\/#primaryimage","url":"https:\/\/www.schlanser.ch\/magazin\/wp-content\/uploads\/2023\/02\/AdobeStock_329663125-scaled.jpeg","contentUrl":"https:\/\/www.schlanser.ch\/magazin\/wp-content\/uploads\/2023\/02\/AdobeStock_329663125-scaled.jpeg","width":2560,"height":1707,"caption":"\u00a9 Elizaveta - stock.adobe.com"},{"@type":"BreadcrumbList","@id":"https:\/\/www.schlanser.ch\/magazin\/oekotourismus\/#breadcrumb","itemListElement":[{"@type":"ListItem","position":1,"name":"Startseite","item":"https:\/\/www.schlanser.ch\/magazin\/"},{"@type":"ListItem","position":2,"name":"\u00d6kotourismus"}]},{"@type":"WebSite","@id":"https:\/\/www.schlanser.ch\/magazin\/#website","url":"https:\/\/www.schlanser.ch\/magazin\/","name":"Schlanser Magazin","description":"","potentialAction":[{"@type":"SearchAction","target":{"@type":"EntryPoint","urlTemplate":"https:\/\/www.schlanser.ch\/magazin\/?s={search_term_string}"},"query-input":"required name=search_term_string"}],"inLanguage":"de-DE"},{"@type":"Person","@id":"https:\/\/www.schlanser.ch\/magazin\/#\/schema\/person\/000db0a103eb2594ba3daf394b1dfea2","name":"admin","image":{"@type":"ImageObject","inLanguage":"de-DE","@id":"https:\/\/www.schlanser.ch\/magazin\/#\/schema\/person\/image\/","url":"https:\/\/secure.gravatar.com\/avatar\/a794a4fe8a9b9c52241597eb381dfa2e?s=96&d=mm&r=g","contentUrl":"https:\/\/secure.gravatar.com\/avatar\/a794a4fe8a9b9c52241597eb381dfa2e?s=96&d=mm&r=g","caption":"admin"}}]}},"_links":{"self":[{"href":"https:\/\/www.schlanser.ch\/magazin\/wp-json\/wp\/v2\/posts\/11445"}],"collection":[{"href":"https:\/\/www.schlanser.ch\/magazin\/wp-json\/wp\/v2\/posts"}],"about":[{"href":"https:\/\/www.schlanser.ch\/magazin\/wp-json\/wp\/v2\/types\/post"}],"author":[{"embeddable":true,"href":"https:\/\/www.schlanser.ch\/magazin\/wp-json\/wp\/v2\/users\/1"}],"replies":[{"embeddable":true,"href":"https:\/\/www.schlanser.ch\/magazin\/wp-json\/wp\/v2\/comments?post=11445"}],"version-history":[{"count":36,"href":"https:\/\/www.schlanser.ch\/magazin\/wp-json\/wp\/v2\/posts\/11445\/revisions"}],"predecessor-version":[{"id":18034,"href":"https:\/\/www.schlanser.ch\/magazin\/wp-json\/wp\/v2\/posts\/11445\/revisions\/18034"}],"wp:featuredmedia":[{"embeddable":true,"href":"https:\/\/www.schlanser.ch\/magazin\/wp-json\/wp\/v2\/media\/11448"}],"wp:attachment":[{"href":"https:\/\/www.schlanser.ch\/magazin\/wp-json\/wp\/v2\/media?parent=11445"}],"wp:term":[{"taxonomy":"category","embeddable":true,"href":"https:\/\/www.schlanser.ch\/magazin\/wp-json\/wp\/v2\/categories?post=11445"},{"taxonomy":"post_tag","embeddable":true,"href":"https:\/\/www.schlanser.ch\/magazin\/wp-json\/wp\/v2\/tags?post=11445"}],"curies":[{"name":"wp","href":"https:\/\/api.w.org\/{rel}","templated":true}]}}