{"id":11553,"date":"2021-02-19T15:28:26","date_gmt":"2021-02-19T14:28:26","guid":{"rendered":"https:\/\/www.schlanser.ch\/magazin\/?p=11553"},"modified":"2025-12-10T10:23:13","modified_gmt":"2025-12-10T09:23:13","slug":"klappstuhl-und-klappsessel","status":"publish","type":"post","link":"https:\/\/www.schlanser.ch\/magazin\/klappstuhl-und-klappsessel\/","title":{"rendered":"Klappstuhl und Klappsessel"},"content":{"rendered":"<h2>\u00ab Ideale Campingm\u00f6bel f\u00fcr mobile Camper \u00bb<\/h2>\n<p style=\"text-align: justify;\"><strong>\u201eWie man sich bettet, so liegt man.\u201c Was f\u00fcr die Schlafgelegenheit beim Camping gilt, gilt auch f\u00fcr die Sitzgelegenheiten. Spartanisch hin oder her, eine hochwertige Sitzgelegenheit wie ein Klappstuhl oder ein Klappsessel f\u00fcr die Mahlzeiten, die Freizeitlekt\u00fcre und zum Ausruhen, ist von unsch\u00e4tzbarem Wert f\u00fcr erholsame Ferien. Lesen Sie hier, welche Campingm\u00f6bel zum Sitzen am besten zu Ihnen passen.<\/strong><\/p>\n<h2>Die ersten Handgriffe am Ferienort<\/h2>\n<p style=\"text-align: justify;\">Beim Campingplatz angekommen, bauen Sie zuerst Ihr Lager auf und positionieren das Fahrzeug, bauen <a href=\"https:\/\/www.schlanser.ch\/zelte\/\">Zelt<\/a> oder <a href=\"https:\/\/www.schlanser.ch\/zelte\/vorzelte\/\">Vorzelt<\/a> auf und stellen Tisch und Sitzgelegenheiten bereit. Nach der Reise werden Sie sich zuerst einen Kaffee oder Tee g\u00f6nnen und sich hinsetzen. Vielleicht nehmen Sie erst einmal die Nachbarschaft in Augenschein und lassen den Platz auf sich wirken. Toll, wenn Sie nun bequem sitzen und die Campingferien nicht mit R\u00fcckenschmerzen beginnen. Wir stellen Ihnen einige namhafte Hersteller mit ihren Sitzm\u00f6beln vor.<\/p>\n<p><img loading=\"lazy\" decoding=\"async\" class=\"aligncenter wp-image-11565 size-full\" title=\"Berger Sigma II Bus Sonnenvordach\" src=\"https:\/\/www.schlanser.ch\/magazin\/wp-content\/uploads\/2022\/02\/IMG_286150_1_20093011563924LoOPc3LHBDe.jpg\" alt=\"Berger Sigma II Bus Sonnenvordach\" width=\"620\" height=\"388\" srcset=\"https:\/\/www.schlanser.ch\/magazin\/wp-content\/uploads\/2022\/02\/IMG_286150_1_20093011563924LoOPc3LHBDe.jpg 620w, https:\/\/www.schlanser.ch\/magazin\/wp-content\/uploads\/2022\/02\/IMG_286150_1_20093011563924LoOPc3LHBDe-300x188.jpg 300w\" sizes=\"(max-width: 620px) 100vw, 620px\" \/><\/p>\n<h2>Klappbar, Alu und was sonst noch? &#8211; Kriterien f\u00fcr passende Campingst\u00fchle<\/h2>\n<p style=\"text-align: justify;\">M\u00fcssen Ihre Sitzgelegenheiten nur zu den Mahlzeiten ihren Zweck erf\u00fcllen? Oder benutzen Sie sie auch, um in der Sonne zu sitzen, zu lesen, dem Treiben in der Nachbarschaft zuzusehen oder lange Gespr\u00e4che mit Ihren Herzensmenschen am Abend zu f\u00fchren? Ein guter Campingstuhl bietet eine Sitzfl\u00e4che und eine niedrige R\u00fcckenlehne. M\u00f6glicherweise reicht Ihnen das v\u00f6llig aus. Weiterhin gibt es Ausf\u00fchrungen mit hoher Lehne und separatem Kopfteil, welches Sie bei manchen Modellen auch f\u00fcr noch mehr Komfort einstellen k\u00f6nnen.<\/p>\n<p style=\"text-align: justify;\">Es ist ratsam, <a href=\"https:\/\/www.schlanser.ch\/moebel\/campingmoebel\/campingstuehle\/\">Campingst\u00fchle<\/a> auszuw\u00e4hlen, die klappbar sind, damit sie ein geringes Packmass haben. Bei jeder Weiterreise m\u00fcssen die Campingst\u00fchle, wie auch der <a href=\"https:\/\/www.schlanser.ch\/moebel\/campingmoebel\/campingtische\/\">Campingtisch<\/a>, verstaut werden. Der Klappmechanismus sollte robust sein und das Packmass nicht sperrig. Am besten r\u00e4umen Sie dem Mobiliar einen geeigneten festen Ort w\u00e4hrend des Transports ein.<\/p>\n<p><img loading=\"lazy\" decoding=\"async\" class=\"aligncenter wp-image-11571 size-full\" title=\"Berger Bambus-Alu Rolltisch 115 x 75 cm\" src=\"https:\/\/www.schlanser.ch\/magazin\/wp-content\/uploads\/2022\/02\/IMG_714350_1_201117054550ixfzBkus0OGCi.jpg\" alt=\"Berger Bambus-Alu Rolltisch 115 x 75 cm\" width=\"620\" height=\"499\" srcset=\"https:\/\/www.schlanser.ch\/magazin\/wp-content\/uploads\/2022\/02\/IMG_714350_1_201117054550ixfzBkus0OGCi.jpg 620w, https:\/\/www.schlanser.ch\/magazin\/wp-content\/uploads\/2022\/02\/IMG_714350_1_201117054550ixfzBkus0OGCi-300x241.jpg 300w\" sizes=\"(max-width: 620px) 100vw, 620px\" \/><\/p>\n<p style=\"text-align: justify;\">Weiterhin ist Alu das Material der Wahl. Aluminiumrohre sind stabil und dabei \u00e4usserst leicht, ein wichtiges Kriterium, wenn Sie ohnehin am Rande der maximalen Zuladung agieren. Auch gegen Feuchtigkeit sollten die Campingm\u00f6bel resistent sein. Camping findet draussen statt und so setzt sich auch der Morgentau auf alles, was unter freiem Himmel steht. Ausserdem wird der ein oder andere Regenschauer Ihr Lager \u00fcberraschen, wenn Sie gerade einen Ausflug unternehmen.<\/p>\n<h2>Gem\u00fctliche Lounge dank Klappsessel oder funktionaler Essplatz mit St\u00fchlen?<\/h2>\n<p style=\"text-align: justify;\">Die Sitzm\u00f6bel k\u00f6nnen als wichtiges Ausstattungselement beim Camping betrachtet werden. Ob Sie lieber auf einem Klappstuhl oder auf einem Klappsessel Platz nehmen, ist eine Entscheidung, die Sie am besten durch Ausprobieren treffen k\u00f6nnen. Faltstuhl, Faltsessel und Co werden Ihnen die Auswahl nicht leichtmachen. Letztendlich entscheidet auch der optische Eindruck. In Funktion und Design unterscheiden sich die einzelnen Produkte stark, die Qualit\u00e4t ist bei allen vorgestellten Modellen beeindruckend.<\/p>\n<h2>Stilvoll und robust \u2013 Westfield f\u00fcr k\u00f6nigliches Dinieren am Platz<\/h2>\n<p style=\"text-align: justify;\">Ein Premium Produkt ist der Westfield Royal Compact Campingstuhl, der mit einer dickenverstellbaren Kopfst\u00fctze ausgestattet ist. Allgemein in schlichter Eleganz gehalten, tr\u00e4gt er bis zu 150 Kilogramm. Der Bezug aus Meshgewebe ist schnelltrocknend, sodass auch ein Regenschauer oder der Morgentau nicht lange das Sitzvergn\u00fcgen schm\u00e4lern. Notfalls wischen Sie den Klappstuhl mit einem Handtuch ruck zuck trocken und er ist sofort einsatzbereit. Weitere Klappst\u00fchle von Westfield haben zus\u00e4tzliche Ausstattungsmerkmale und sind teilweise mit einer Fussbank kombinierbar.<\/p>\n<p>\u00a0 \u00a0 <img loading=\"lazy\" decoding=\"async\" class=\"alignnone wp-image-11556\" title=\"Westfield Royal Compact Campingstuhl\" src=\"https:\/\/www.schlanser.ch\/magazin\/wp-content\/uploads\/2022\/02\/IMG_733710_1_210117172148Xhop38lqCzPW8.jpg\" alt=\"Westfield Royal Compact Campingstuhl\" width=\"235\" height=\"355\" srcset=\"https:\/\/www.schlanser.ch\/magazin\/wp-content\/uploads\/2022\/02\/IMG_733710_1_210117172148Xhop38lqCzPW8.jpg 620w, https:\/\/www.schlanser.ch\/magazin\/wp-content\/uploads\/2022\/02\/IMG_733710_1_210117172148Xhop38lqCzPW8-199x300.jpg 199w\" sizes=\"(max-width: 235px) 100vw, 235px\" \/> \u00a0 \u00a0 \u00a0\u00a0 \u00a0 \u00a0 \u00a0 \u00a0 \u00a0 <img loading=\"lazy\" decoding=\"async\" class=\"alignnone wp-image-11579\" title=\"Westfield Faltstuhl Elisabeth\" src=\"https:\/\/www.schlanser.ch\/magazin\/wp-content\/uploads\/2022\/02\/IMG_732600_1_201001150745mAoEW7xWNfDcm.jpg\" alt=\"Westfield Faltstuhl Elisabeth\" width=\"273\" height=\"307\" srcset=\"https:\/\/www.schlanser.ch\/magazin\/wp-content\/uploads\/2022\/02\/IMG_732600_1_201001150745mAoEW7xWNfDcm.jpg 620w, https:\/\/www.schlanser.ch\/magazin\/wp-content\/uploads\/2022\/02\/IMG_732600_1_201001150745mAoEW7xWNfDcm-267x300.jpg 267w\" sizes=\"(max-width: 273px) 100vw, 273px\" \/><\/p>\n<h2>Flach wie eine Flunder \u2013 das Packmass bei Crespo<\/h2>\n<p style=\"text-align: justify;\">Der Hersteller Crespo hat verschiedene Faltstuhl-Varianten im Angebot: von einfachen Hockern \u00fcber St\u00fchle mit niedrigen R\u00fcckenlehnen bis zu komfortablen Klappst\u00fchlen mit einstellbaren Kopfst\u00fctzen. Hier gibt es eine breite Palette schlichter und funktionaler St\u00fchle. Das besonders flache Packmass \u00fcberzeugt auch spartanisch Reisende mit wenig Stauraum.<\/p>\n<p><img loading=\"lazy\" decoding=\"async\" class=\"aligncenter wp-image-11557 size-full\" title=\"Crespo Liege Hoch mit Armlehnen \" src=\"https:\/\/www.schlanser.ch\/magazin\/wp-content\/uploads\/2022\/02\/IMG_733800_1_210117172213ddjkEzVNKa1zp.jpg\" alt=\"Crespo Liege Hoch mit Armlehnen \" width=\"620\" height=\"446\" srcset=\"https:\/\/www.schlanser.ch\/magazin\/wp-content\/uploads\/2022\/02\/IMG_733800_1_210117172213ddjkEzVNKa1zp.jpg 620w, https:\/\/www.schlanser.ch\/magazin\/wp-content\/uploads\/2022\/02\/IMG_733800_1_210117172213ddjkEzVNKa1zp-300x216.jpg 300w\" sizes=\"(max-width: 620px) 100vw, 620px\" \/><\/p>\n<h2>Probier&#8217;s mal mit Gem\u00fctlichkeit: Berger sorgt f\u00fcr Sitzvariationen<\/h2>\n<p style=\"text-align: justify;\">In gewohnt guter Qualit\u00e4t bietet Berger optisch ansprechend gestaltete Sitzm\u00f6bel an. Die Ausf\u00fchrungen sind sehr unterschiedlich, f\u00fcr jeden Anspruch ist etwas dabei. Die zarten, geschmackvollen Muster und Farben erg\u00e4nzen die <a href=\"https:\/\/www.schlanser.ch\/moebel\/campingmoebel\/\">Campingm\u00f6bel<\/a> in gedeckten Farben. Berger bietet sogar Schaukelst\u00fchle f\u00fcr den Campingbereich an, sodass Sie im Trubel des Campinglebens in Ruhe und Entspannung Strickarbeiten ausf\u00fchren k\u00f6nnen und sich gem\u00fctlich vor und zur\u00fcck schaukeln k\u00f6nnen. Auch das Faltsofa f\u00fcr zwei Personen verspricht erholsame Gem\u00fctlichkeit mit Kuschelfaktor.<\/p>\n<p><img loading=\"lazy\" decoding=\"async\" class=\"aligncenter wp-image-11558 size-full\" title=\"Berger Faltsofa Relax Double\" src=\"https:\/\/www.schlanser.ch\/magazin\/wp-content\/uploads\/2022\/02\/IMG_731500_6_201001143552fGOR236nTnQmB.jpg\" alt=\"Berger Faltsofa Relax Double Klappstuhl und Klappsessel\" width=\"620\" height=\"399\" srcset=\"https:\/\/www.schlanser.ch\/magazin\/wp-content\/uploads\/2022\/02\/IMG_731500_6_201001143552fGOR236nTnQmB.jpg 620w, https:\/\/www.schlanser.ch\/magazin\/wp-content\/uploads\/2022\/02\/IMG_731500_6_201001143552fGOR236nTnQmB-300x193.jpg 300w\" sizes=\"(max-width: 620px) 100vw, 620px\" \/><\/p>\n<h2>Trocken gepolstert bei Brunner<\/h2>\n<p style=\"text-align: justify;\">Von Brunner gibt es einen klassischen Klappstuhl, der durch seine Robustheit \u00fcberzeugt und ein abnehmbares Auflagepolster bietet. Bei Regen oder nachts k\u00f6nnen Sie das Sitzpolster mit ins Innere nehmen und morgens sogleich trocken Platz nehmen. Die Sitzauflage des Klappstuhls von Brunner verf\u00fcgt im hinteren Bereich \u00fcber praktische Taschen zum Verstauen von Sonnencreme oder Zeitschriften.<\/p>\n<p><img loading=\"lazy\" decoding=\"async\" class=\"aligncenter wp-image-11559 \" title=\"Brunner Skye Aria Klappstuhl\" src=\"https:\/\/www.schlanser.ch\/magazin\/wp-content\/uploads\/2022\/02\/IMG_733530_2_210116190037x4l3tHxh2dVWj.jpg\" alt=\"Brunner Skye Aria Klappstuhl Klappstuhl und Klappsessel\" width=\"473\" height=\"317\" srcset=\"https:\/\/www.schlanser.ch\/magazin\/wp-content\/uploads\/2022\/02\/IMG_733530_2_210116190037x4l3tHxh2dVWj.jpg 620w, https:\/\/www.schlanser.ch\/magazin\/wp-content\/uploads\/2022\/02\/IMG_733530_2_210116190037x4l3tHxh2dVWj-300x201.jpg 300w, https:\/\/www.schlanser.ch\/magazin\/wp-content\/uploads\/2022\/02\/IMG_733530_2_210116190037x4l3tHxh2dVWj-110x75.jpg 110w\" sizes=\"(max-width: 473px) 100vw, 473px\" \/><\/p>\n<h2>Auf Palmen speisen bei Bel Sol<\/h2>\n<p>Die Faltst\u00fchle von Bel Sol in unterschiedlichen Ausf\u00fchrungen sind ultraleicht und bestechen mit einem geschmackvollen Palmenbl\u00e4tter-Motiv. Sie bestehen aus recyceltem Kunststoff und sind daher ein Beitrag zu mehr Nachhaltigkeit und ressourcenschonendem Verhalten.<\/p>\n<p><img loading=\"lazy\" decoding=\"async\" class=\"aligncenter wp-image-11560 \" title=\"Bel Sol Emil Faltstuhl \" src=\"https:\/\/www.schlanser.ch\/magazin\/wp-content\/uploads\/2022\/02\/Unbenannt.jpg\" alt=\"Bel Sol Emil Faltstuhl Klappstuhl und Klappsessel\" width=\"594\" height=\"508\" srcset=\"https:\/\/www.schlanser.ch\/magazin\/wp-content\/uploads\/2022\/02\/Unbenannt.jpg 620w, https:\/\/www.schlanser.ch\/magazin\/wp-content\/uploads\/2022\/02\/Unbenannt-300x257.jpg 300w\" sizes=\"(max-width: 594px) 100vw, 594px\" \/><\/p>\n<h2>Ungew\u00f6hnliche Sitzgelegenheiten mit Pfiff<\/h2>\n<p style=\"text-align: justify;\">Lafuma bietet Faltsessel und Faltliegest\u00fchle an, auf denen Sie weniger gut am Tisch sitzen k\u00f6nnen, aber umso besser entspannen k\u00f6nnen. Der Mittagsschlaf in einem Lafuma Klappsessel an einem schattigen \u00d6rtchen wird zu Ihrer Erholung beitragen. Auch der Lafuma Regiestuhl \u00fcberzeugt durch Stabilit\u00e4t und sein schmales Packmass.<\/p>\n<p><img loading=\"lazy\" decoding=\"async\" class=\"aligncenter wp-image-11562 \" title=\"Lafuma Regiesessel FGX XL Seigle\" src=\"https:\/\/www.schlanser.ch\/magazin\/wp-content\/uploads\/2022\/02\/Unbenannt2.jpg\" alt=\"Lafuma Regiesessel FGX XL Seigle Klappstuhl und Klappsessel\" width=\"490\" height=\"415\" srcset=\"https:\/\/www.schlanser.ch\/magazin\/wp-content\/uploads\/2022\/02\/Unbenannt2.jpg 620w, https:\/\/www.schlanser.ch\/magazin\/wp-content\/uploads\/2022\/02\/Unbenannt2-300x255.jpg 300w\" sizes=\"(max-width: 490px) 100vw, 490px\" \/><\/p>\n<p style=\"text-align: justify;\">Ob Regiestuhl oder Faltsofa, gestalten Sie Ihr Campingmobiliar nach Ihren Vorstellungen. Schl\u00fcrfen Sie einen Fruchtcocktail auf dem Klappsessel, grillieren Sie gem\u00fctlich im Faltstuhl und treffen Sie Menschen, mit denen Sie gern Zeit verbringen. Das alles macht noch mehr Spass, wenn Sie bequeme, stilvolle Sitzm\u00f6bel haben. So k\u00f6nnen die Stunden vergehen, die Gem\u00fctlichkeit steigt und die geselligen Abende m\u00fcssen kein Ende finden.<\/p>\n","protected":false},"excerpt":{"rendered":"<p>\u00ab Ideale Campingm\u00f6bel f\u00fcr mobile Camper \u00bb \u201eWie man sich bettet, so liegt man.\u201c Was f\u00fcr die Schlafgelegenheit beim Camping gilt, gilt auch f\u00fcr die Sitzgelegenheiten. Spartanisch hin oder her, eine hochwertige Sitzgelegenheit wie ein Klappstuhl oder ein Klappsessel f\u00fcr die Mahlzeiten, die Freizeitlekt\u00fcre und zum Ausruhen, ist von unsch\u00e4tzbarem Wert f\u00fcr erholsame Ferien. Lesen &hellip;<\/p>\n","protected":false},"author":1,"featured_media":11567,"comment_status":"closed","ping_status":"open","sticky":false,"template":"","format":"standard","meta":{"footnotes":""},"categories":[1],"tags":[1624,18,799,190,467,1623,191,1625,480,233],"yoast_head":"<!-- This site is optimized with the Yoast SEO plugin v22.2 - https:\/\/yoast.com\/wordpress\/plugins\/seo\/ -->\n<title>Klappstuhl und Klappsessel - Schlanser Magazin<\/title>\n<meta name=\"description\" content=\"Klappstuhl und Klappsessel \u2013 wie finden Sie den passenden Liegestuhl? \u2714 Das Schlanser Campingmagazin \u2714 stellt Ihnen geeignete Modelle vor!\" \/>\n<meta name=\"robots\" content=\"noindex, follow\" \/>\n<meta property=\"og:locale\" content=\"de_DE\" \/>\n<meta property=\"og:type\" content=\"article\" \/>\n<meta property=\"og:title\" content=\"Klappstuhl und Klappsessel - Schlanser Magazin\" \/>\n<meta property=\"og:description\" content=\"Klappstuhl und Klappsessel \u2013 wie finden Sie den passenden Liegestuhl? \u2714 Das Schlanser Campingmagazin \u2714 stellt Ihnen geeignete Modelle vor!\" \/>\n<meta property=\"og:url\" content=\"https:\/\/www.schlanser.ch\/magazin\/klappstuhl-und-klappsessel\/\" \/>\n<meta property=\"og:site_name\" content=\"Schlanser Magazin\" \/>\n<meta property=\"article:published_time\" content=\"2021-02-19T14:28:26+00:00\" \/>\n<meta property=\"article:modified_time\" content=\"2025-12-10T09:23:13+00:00\" \/>\n<meta property=\"og:image\" content=\"https:\/\/www.schlanser.ch\/magazin\/wp-content\/uploads\/2022\/02\/AdobeStock_86204768.jpg\" \/>\n\t<meta property=\"og:image:width\" content=\"660\" \/>\n\t<meta property=\"og:image:height\" content=\"440\" \/>\n\t<meta property=\"og:image:type\" content=\"image\/jpeg\" \/>\n<meta name=\"author\" content=\"admin\" \/>\n<meta name=\"twitter:card\" content=\"summary_large_image\" \/>\n<meta name=\"twitter:label1\" content=\"Verfasst von\" \/>\n\t<meta name=\"twitter:data1\" content=\"admin\" \/>\n\t<meta name=\"twitter:label2\" content=\"Gesch\u00e4tzte Lesezeit\" \/>\n\t<meta name=\"twitter:data2\" content=\"7 Minuten\" \/>\n<script type=\"application\/ld+json\" class=\"yoast-schema-graph\">{\"@context\":\"https:\/\/schema.org\",\"@graph\":[{\"@type\":\"WebPage\",\"@id\":\"https:\/\/www.schlanser.ch\/magazin\/klappstuhl-und-klappsessel\/\",\"url\":\"https:\/\/www.schlanser.ch\/magazin\/klappstuhl-und-klappsessel\/\",\"name\":\"Klappstuhl und Klappsessel - Schlanser Magazin\",\"isPartOf\":{\"@id\":\"https:\/\/www.schlanser.ch\/magazin\/#website\"},\"primaryImageOfPage\":{\"@id\":\"https:\/\/www.schlanser.ch\/magazin\/klappstuhl-und-klappsessel\/#primaryimage\"},\"image\":{\"@id\":\"https:\/\/www.schlanser.ch\/magazin\/klappstuhl-und-klappsessel\/#primaryimage\"},\"thumbnailUrl\":\"https:\/\/www.schlanser.ch\/magazin\/wp-content\/uploads\/2022\/02\/AdobeStock_86204768.jpg\",\"datePublished\":\"2021-02-19T14:28:26+00:00\",\"dateModified\":\"2025-12-10T09:23:13+00:00\",\"author\":{\"@id\":\"https:\/\/www.schlanser.ch\/magazin\/#\/schema\/person\/000db0a103eb2594ba3daf394b1dfea2\"},\"description\":\"Klappstuhl und Klappsessel \u2013 wie finden Sie den passenden Liegestuhl? \u2714 Das Schlanser Campingmagazin \u2714 stellt Ihnen geeignete Modelle vor!\",\"breadcrumb\":{\"@id\":\"https:\/\/www.schlanser.ch\/magazin\/klappstuhl-und-klappsessel\/#breadcrumb\"},\"inLanguage\":\"de-DE\",\"potentialAction\":[{\"@type\":\"ReadAction\",\"target\":[\"https:\/\/www.schlanser.ch\/magazin\/klappstuhl-und-klappsessel\/\"]}]},{\"@type\":\"ImageObject\",\"inLanguage\":\"de-DE\",\"@id\":\"https:\/\/www.schlanser.ch\/magazin\/klappstuhl-und-klappsessel\/#primaryimage\",\"url\":\"https:\/\/www.schlanser.ch\/magazin\/wp-content\/uploads\/2022\/02\/AdobeStock_86204768.jpg\",\"contentUrl\":\"https:\/\/www.schlanser.ch\/magazin\/wp-content\/uploads\/2022\/02\/AdobeStock_86204768.jpg\",\"width\":660,\"height\":440,\"caption\":\"\u00a9 goodluz \u2013 stock.adobe.com\"},{\"@type\":\"BreadcrumbList\",\"@id\":\"https:\/\/www.schlanser.ch\/magazin\/klappstuhl-und-klappsessel\/#breadcrumb\",\"itemListElement\":[{\"@type\":\"ListItem\",\"position\":1,\"name\":\"Startseite\",\"item\":\"https:\/\/www.schlanser.ch\/magazin\/\"},{\"@type\":\"ListItem\",\"position\":2,\"name\":\"Klappstuhl und Klappsessel\"}]},{\"@type\":\"WebSite\",\"@id\":\"https:\/\/www.schlanser.ch\/magazin\/#website\",\"url\":\"https:\/\/www.schlanser.ch\/magazin\/\",\"name\":\"Schlanser Magazin\",\"description\":\"\",\"potentialAction\":[{\"@type\":\"SearchAction\",\"target\":{\"@type\":\"EntryPoint\",\"urlTemplate\":\"https:\/\/www.schlanser.ch\/magazin\/?s={search_term_string}\"},\"query-input\":\"required name=search_term_string\"}],\"inLanguage\":\"de-DE\"},{\"@type\":\"Person\",\"@id\":\"https:\/\/www.schlanser.ch\/magazin\/#\/schema\/person\/000db0a103eb2594ba3daf394b1dfea2\",\"name\":\"admin\",\"image\":{\"@type\":\"ImageObject\",\"inLanguage\":\"de-DE\",\"@id\":\"https:\/\/www.schlanser.ch\/magazin\/#\/schema\/person\/image\/\",\"url\":\"https:\/\/secure.gravatar.com\/avatar\/a794a4fe8a9b9c52241597eb381dfa2e?s=96&d=mm&r=g\",\"contentUrl\":\"https:\/\/secure.gravatar.com\/avatar\/a794a4fe8a9b9c52241597eb381dfa2e?s=96&d=mm&r=g\",\"caption\":\"admin\"}}]}<\/script>\n<!-- \/ Yoast SEO plugin. -->","yoast_head_json":{"title":"Klappstuhl und Klappsessel - Schlanser Magazin","description":"Klappstuhl und Klappsessel \u2013 wie finden Sie den passenden Liegestuhl? \u2714 Das Schlanser Campingmagazin \u2714 stellt Ihnen geeignete Modelle vor!","robots":{"index":"noindex","follow":"follow"},"og_locale":"de_DE","og_type":"article","og_title":"Klappstuhl und Klappsessel - Schlanser Magazin","og_description":"Klappstuhl und Klappsessel \u2013 wie finden Sie den passenden Liegestuhl? \u2714 Das Schlanser Campingmagazin \u2714 stellt Ihnen geeignete Modelle vor!","og_url":"https:\/\/www.schlanser.ch\/magazin\/klappstuhl-und-klappsessel\/","og_site_name":"Schlanser Magazin","article_published_time":"2021-02-19T14:28:26+00:00","article_modified_time":"2025-12-10T09:23:13+00:00","og_image":[{"width":660,"height":440,"url":"https:\/\/www.schlanser.ch\/magazin\/wp-content\/uploads\/2022\/02\/AdobeStock_86204768.jpg","type":"image\/jpeg"}],"author":"admin","twitter_card":"summary_large_image","twitter_misc":{"Verfasst von":"admin","Gesch\u00e4tzte Lesezeit":"7 Minuten"},"schema":{"@context":"https:\/\/schema.org","@graph":[{"@type":"WebPage","@id":"https:\/\/www.schlanser.ch\/magazin\/klappstuhl-und-klappsessel\/","url":"https:\/\/www.schlanser.ch\/magazin\/klappstuhl-und-klappsessel\/","name":"Klappstuhl und Klappsessel - Schlanser Magazin","isPartOf":{"@id":"https:\/\/www.schlanser.ch\/magazin\/#website"},"primaryImageOfPage":{"@id":"https:\/\/www.schlanser.ch\/magazin\/klappstuhl-und-klappsessel\/#primaryimage"},"image":{"@id":"https:\/\/www.schlanser.ch\/magazin\/klappstuhl-und-klappsessel\/#primaryimage"},"thumbnailUrl":"https:\/\/www.schlanser.ch\/magazin\/wp-content\/uploads\/2022\/02\/AdobeStock_86204768.jpg","datePublished":"2021-02-19T14:28:26+00:00","dateModified":"2025-12-10T09:23:13+00:00","author":{"@id":"https:\/\/www.schlanser.ch\/magazin\/#\/schema\/person\/000db0a103eb2594ba3daf394b1dfea2"},"description":"Klappstuhl und Klappsessel \u2013 wie finden Sie den passenden Liegestuhl? \u2714 Das Schlanser Campingmagazin \u2714 stellt Ihnen geeignete Modelle vor!","breadcrumb":{"@id":"https:\/\/www.schlanser.ch\/magazin\/klappstuhl-und-klappsessel\/#breadcrumb"},"inLanguage":"de-DE","potentialAction":[{"@type":"ReadAction","target":["https:\/\/www.schlanser.ch\/magazin\/klappstuhl-und-klappsessel\/"]}]},{"@type":"ImageObject","inLanguage":"de-DE","@id":"https:\/\/www.schlanser.ch\/magazin\/klappstuhl-und-klappsessel\/#primaryimage","url":"https:\/\/www.schlanser.ch\/magazin\/wp-content\/uploads\/2022\/02\/AdobeStock_86204768.jpg","contentUrl":"https:\/\/www.schlanser.ch\/magazin\/wp-content\/uploads\/2022\/02\/AdobeStock_86204768.jpg","width":660,"height":440,"caption":"\u00a9 goodluz \u2013 stock.adobe.com"},{"@type":"BreadcrumbList","@id":"https:\/\/www.schlanser.ch\/magazin\/klappstuhl-und-klappsessel\/#breadcrumb","itemListElement":[{"@type":"ListItem","position":1,"name":"Startseite","item":"https:\/\/www.schlanser.ch\/magazin\/"},{"@type":"ListItem","position":2,"name":"Klappstuhl und Klappsessel"}]},{"@type":"WebSite","@id":"https:\/\/www.schlanser.ch\/magazin\/#website","url":"https:\/\/www.schlanser.ch\/magazin\/","name":"Schlanser Magazin","description":"","potentialAction":[{"@type":"SearchAction","target":{"@type":"EntryPoint","urlTemplate":"https:\/\/www.schlanser.ch\/magazin\/?s={search_term_string}"},"query-input":"required name=search_term_string"}],"inLanguage":"de-DE"},{"@type":"Person","@id":"https:\/\/www.schlanser.ch\/magazin\/#\/schema\/person\/000db0a103eb2594ba3daf394b1dfea2","name":"admin","image":{"@type":"ImageObject","inLanguage":"de-DE","@id":"https:\/\/www.schlanser.ch\/magazin\/#\/schema\/person\/image\/","url":"https:\/\/secure.gravatar.com\/avatar\/a794a4fe8a9b9c52241597eb381dfa2e?s=96&d=mm&r=g","contentUrl":"https:\/\/secure.gravatar.com\/avatar\/a794a4fe8a9b9c52241597eb381dfa2e?s=96&d=mm&r=g","caption":"admin"}}]}},"_links":{"self":[{"href":"https:\/\/www.schlanser.ch\/magazin\/wp-json\/wp\/v2\/posts\/11553"}],"collection":[{"href":"https:\/\/www.schlanser.ch\/magazin\/wp-json\/wp\/v2\/posts"}],"about":[{"href":"https:\/\/www.schlanser.ch\/magazin\/wp-json\/wp\/v2\/types\/post"}],"author":[{"embeddable":true,"href":"https:\/\/www.schlanser.ch\/magazin\/wp-json\/wp\/v2\/users\/1"}],"replies":[{"embeddable":true,"href":"https:\/\/www.schlanser.ch\/magazin\/wp-json\/wp\/v2\/comments?post=11553"}],"version-history":[{"count":28,"href":"https:\/\/www.schlanser.ch\/magazin\/wp-json\/wp\/v2\/posts\/11553\/revisions"}],"predecessor-version":[{"id":17341,"href":"https:\/\/www.schlanser.ch\/magazin\/wp-json\/wp\/v2\/posts\/11553\/revisions\/17341"}],"wp:featuredmedia":[{"embeddable":true,"href":"https:\/\/www.schlanser.ch\/magazin\/wp-json\/wp\/v2\/media\/11567"}],"wp:attachment":[{"href":"https:\/\/www.schlanser.ch\/magazin\/wp-json\/wp\/v2\/media?parent=11553"}],"wp:term":[{"taxonomy":"category","embeddable":true,"href":"https:\/\/www.schlanser.ch\/magazin\/wp-json\/wp\/v2\/categories?post=11553"},{"taxonomy":"post_tag","embeddable":true,"href":"https:\/\/www.schlanser.ch\/magazin\/wp-json\/wp\/v2\/tags?post=11553"}],"curies":[{"name":"wp","href":"https:\/\/api.w.org\/{rel}","templated":true}]}}