{"id":11701,"date":"2025-03-17T14:20:12","date_gmt":"2025-03-17T13:20:12","guid":{"rendered":"https:\/\/www.schlanser.ch\/magazin\/?p=11701"},"modified":"2025-05-08T17:02:44","modified_gmt":"2025-05-08T15:02:44","slug":"atera-fahrradtraeger-test","status":"publish","type":"post","link":"https:\/\/www.schlanser.ch\/magazin\/atera-fahrradtraeger-test\/","title":{"rendered":"Atera Fahrradtr\u00e4ger im Test &#8211; Unsere Erfahrungen Velotransport"},"content":{"rendered":"<h2>\u00ab Mit dem Velo in die Ferien \u00bb<\/h2>\n<p style=\"text-align: justify;\"><strong>Campingurlaub und Velofahren, das ist Natur pur. Warum nicht beides kombinieren? Vielerorts lassen sich wundervolle Radtouren durchf\u00fchren, wo Sie fest im Sattel sitzend die wundersch\u00f6ne Umgebung geniessen k\u00f6nnen. Anschliessend geht es zur\u00fcck auf den Campingplatz, wo das Camperleben so richtig zelebriert werden kann. Doch bevor sich darauf verlassen wird, dass es vor Ort die passenden R\u00e4der zum Ausleihen gibt, nehmen viele Camper lieber ihre eigenen mit. Mit dem <\/strong><a href=\"https:\/\/www.schlanser.ch\/fahrzeug\/wohnwagen-wohnmobil-zubehoer\/fahrradtraeger\/\"><strong>Atera Fahrradtr\u00e4ger<\/strong><\/a><strong> ist das auch kein Problem, die R\u00e4der sind schnell und sicher auf oder am Auto montiert.<\/strong><\/p>\n<h2>Atera Fahrradtr\u00e4ger im Praxistest: Sicherheit und Funktionalit\u00e4t \u00fcberzeugen<\/h2>\n<p style=\"text-align: justify;\">Bei unseren umfangreichen Tests der verschiedenen Atera Velotr\u00e4ger hat sich gezeigt, dass der Hersteller sein Versprechen von Qualit\u00e4t und Sicherheit einl\u00f6st. Die Tr\u00e4gersysteme zeichnen sich durch durchdachte Konstruktionen aus, die den Transport von Velos deutlich vereinfachen. Besonders \u00fcberzeugt haben uns die benutzerfreundlichen Befestigungsmechanismen, die selbst f\u00fcr Einsteiger im test leicht zu handhaben waren.<\/p>\n<p style=\"text-align: justify;\">F\u00fcr den Velotransport bietet Atera verschiedene Befestigungssysteme an. So k\u00f6nnen die R\u00e4der zum Beispiel auf dem Dach, auf der Anh\u00e4ngerkupplung oder am Heck des Autos transportiert werden. Jedes dieser Velotr\u00e4ger-Systeme hat seine Vor- und Nachteile. Welches System f\u00fcr Sie infrage kommt, obliegt Ihrer individuellen Situation. Ausschlaggebend ist zum Beispiel, welche Art von Fahrzeug Sie fahren und wie viele Velos Sie transportieren m\u00f6chten.<\/p>\n<figure id=\"attachment_11703\" aria-describedby=\"caption-attachment-11703\" style=\"width: 660px\" class=\"wp-caption aligncenter\"><img loading=\"lazy\" decoding=\"async\" class=\"wp-image-11703 size-full\" title=\"Die Sicherheit eines Systems steht im Strassenverkehr immer an erster Stelle\" src=\"https:\/\/www.schlanser.ch\/magazin\/wp-content\/uploads\/2023\/03\/Fahrradtr\u00e4ger-PKW.jpg\" alt=\"Auto mit Fahrradtr\u00e4ger und Dachbox\" width=\"660\" height=\"437\" srcset=\"https:\/\/www.schlanser.ch\/magazin\/wp-content\/uploads\/2023\/03\/Fahrradtr\u00e4ger-PKW.jpg 660w, https:\/\/www.schlanser.ch\/magazin\/wp-content\/uploads\/2023\/03\/Fahrradtr\u00e4ger-PKW-300x199.jpg 300w, https:\/\/www.schlanser.ch\/magazin\/wp-content\/uploads\/2023\/03\/Fahrradtr\u00e4ger-PKW-310x205.jpg 310w\" sizes=\"(max-width: 660px) 100vw, 660px\" \/><figcaption id=\"caption-attachment-11703\" class=\"wp-caption-text\">\u00a9 muh23 &#8211; stock.adobe.com<\/figcaption><\/figure>\n<div class=\"highlight-box\">\n<h3>Testurteil: Velotr\u00e4ger Atera Strada-Serie<\/h3>\n<p>In unserem Praxistest haben wir besonders die Atera Strada-Serie genauer unter die Lupe genommen. Das Ergebnis: Mit ihrem innovativen Schnellverschluss, dem zuverl\u00e4ssigen Diebstahlschutz und der einfachen Handhabung geh\u00f6ren diese Modelle zu den besten Fahrradtr\u00e4gern f\u00fcr die Anh\u00e4ngerkupplung auf dem Markt. Besonders das Modell Strada EVO 3 konnte durch seine Stabilit\u00e4t und durchdachte Konstruktion \u00fcberzeugen.<\/p>\n<\/div>\n<h2>Der Hersteller Atera: Tradition und Innovation<\/h2>\n<p style=\"text-align: justify;\">1963 wurde die Autoteile Ravensburg (Atera) von Eberhard Tittel gegr\u00fcndet. Eigentlich als Grosshandel f\u00fcr Autozubeh\u00f6r ins Leben gerufen, ist das deutsche Unternehmen seit 1978 auf Tr\u00e4gersysteme spezialisiert. Im Jahr 1980 wurde das Unternehmen Zulieferer f\u00fcr die Autoindustrie, seit 2008 geh\u00f6rt es zur BOS Gruppe. So handelt es sich bei Atera also um ein Tochterunternehmen des internationalen Automobilkonzerns, das Tr\u00e4gersysteme f\u00fcr die Automobilindustrie entwickelt und fertigt.<\/p>\n<p style=\"text-align: justify;\">Dabei hat das Unternehmen sein Fachwissen stets erweitert, was sich in den verschiedenen Modellen der Atera Fahrradtr\u00e4ger widerspiegelt. Atera Fahrradtr\u00e4ger wurden mehrfach ausgezeichnet und stehen bis heute f\u00fcr h\u00f6chste Qualit\u00e4t und Funktionalit\u00e4t. Die Velotr\u00e4ger werden stets an die Bed\u00fcrfnisse der Kunden angepasst und das bei gleichbleibender Qualit\u00e4t. Neben dem Fahrradtransport werden ausserdem Systeme f\u00fcr den Transport von Ski, Snowboards, Kanus, SUPs oder Surfbrettern und spezielle Dachboxen sowie Schwerlasttr\u00e4gern angeboten.<\/p>\n<p><iframe loading=\"lazy\" src=\"https:\/\/www.youtube.com\/embed\/60GmPEf8yJU\" width=\"706\" height=\"397\" frameborder=\"0\" allowfullscreen=\"allowfullscreen\"><\/iframe><\/p>\n<h2>Dachtr\u00e4ger im Test: Giro AF+ und Giro Speed \u00fcberzeugen<\/h2>\n<p style=\"text-align: justify;\">Bei unserem Test der Atera-Dachtr\u00e4gersysteme haben besonders die Modelle Giro AF+ und Giro Speed durch ihre solide Verarbeitung und einfache Montage gepunktet. Die vormontierte Basis aus vier St\u00fctzf\u00fcssen und zwei Tragrohren erm\u00f6glicht eine schnelle Installation, w\u00e4hrend die fahrzeugspezifischen Varianten einen perfekten Sitz garantieren.<\/p>\n<p style=\"text-align: justify;\">Das Velo auf dem Dach zu transportieren, ist eine beliebte Methode. Daf\u00fcr muss allerdings erst die richtige Basis geschaffen werden. Hier erhalten Sie vom Hersteller den passenden Basistr\u00e4ger f\u00fcr Dach und Reling. Wichtig ist, dass Sie aus dem grossen Angebot der Basistr\u00e4ger das richtige Modell f\u00fcr Ihr Fahrzeug aussuchen. Wenn Sie dies einmal gefunden haben, wissen Sie ein sicheres Produkt bei sich, um Ihr Velo zu transportieren.<\/p>\n<p style=\"text-align: justify;\">Bei unseren Praxistests fiel auf, dass man die R\u00e4der jedes Mal auf das Dach hoch- und wieder herunterheben muss. Das bedeutet nicht nur einen gewissen Kraftaufwand, sondern sollte auch unter gr\u00f6sster Vorsicht geschehen, da sonst Lacksch\u00e4den am Auto entstehen k\u00f6nnen. Zudem wirkt immer eine gewisse Last auf das Autodach, die mit der Anzahl der R\u00e4der oder schweren Modellen, wie E-Bikes steigt. Diese Faktoren sollten bei der Kaufentscheidung ber\u00fccksichtigt werden.<\/p>\n<p><iframe loading=\"lazy\" src=\"https:\/\/www.youtube.com\/embed\/AGTF9poihpc\" width=\"706\" height=\"397\" frameborder=\"0\" allowfullscreen=\"allowfullscreen\"><\/iframe><\/p>\n<h2>Hecktr\u00e4ger Linea im Test: Vielseitig und praktisch<\/h2>\n<p style=\"text-align: justify;\">Die Linea-Serie von Atera \u00fcberzeugte in unserem Test durch ihre Vielseitigkeit und praktische Handhabung. Das innovative Heckklappentr\u00e4gerprogramm namens Linea ist speziell darauf ausgelegt, f\u00fcr nahezu jedes Fahrzeugmodell eine passende L\u00f6sung zu bieten. Ob Kastenwagen, Transporter, Kombi oder Van &#8211; das Linea-System passt sich durch seine modulare Konstruktion perfekt an. Achtung: mann sollte immer den richtigen Fahrradtr\u00e4ger bestellen. Auf ein neues Fahrzeug mitnehmen ist praktisch nur bei einem Velotr\u00e4ge f\u00fcr die Anh\u00e4ngerkupplung m\u00f6glich.<\/p>\n<p style=\"text-align: justify;\">Das System Linea setzt sich aus dem Grundtr\u00e4ger sowie dem Montage-Kit zusammen. Letzteres ist speziell auf Ihr Fahrzeug abgestimmt, hier ben\u00f6tigen Sie nur zwei Angaben: den Fahrzeugtypen und das Baujahr. Sollte das Fahrzeug also einmal gewechselt werden, m\u00fcssen Sie nur das Montage-Kit austauschen, die Grundtr\u00e4ger k\u00f6nnen weiterhin zum Einsatz kommen &#8211; ein nachhaltiges Konzept, das in unserem Test positiv aufgefallen ist.<\/p>\n<p><a href=\"https:\/\/www.schlanser.ch\/fahrzeug\/wohnwagen-wohnmobil-zubehoer\/fahrradtraeger\/23830\/atera-fahrradtraeger-linea-3-vw-t5\"><img loading=\"lazy\" decoding=\"async\" class=\"aligncenter wp-image-11707 size-full\" title=\"Atera Fahrradtr\u00e4ger Linea 3 VW T5\" src=\"https:\/\/www.schlanser.ch\/magazin\/wp-content\/uploads\/2023\/03\/IMG_270560_2_210116024337LXjvJdzvhzLSp-1-1.jpg\" alt=\"Atera Fahrradtr\u00e4ger Linea 3 VW T5\" width=\"620\" height=\"425\" srcset=\"https:\/\/www.schlanser.ch\/magazin\/wp-content\/uploads\/2023\/03\/IMG_270560_2_210116024337LXjvJdzvhzLSp-1-1.jpg 620w, https:\/\/www.schlanser.ch\/magazin\/wp-content\/uploads\/2023\/03\/IMG_270560_2_210116024337LXjvJdzvhzLSp-1-1-300x206.jpg 300w, https:\/\/www.schlanser.ch\/magazin\/wp-content\/uploads\/2023\/03\/IMG_270560_2_210116024337LXjvJdzvhzLSp-1-1-110x75.jpg 110w\" sizes=\"(max-width: 620px) 100vw, 620px\" \/><\/a><\/p>\n<p style=\"text-align: justify;\">In unserem Praxistest des Atera Linea 3 f\u00fcr den VW T5 konnten wir best\u00e4tigen, dass bis zu vier Velos problemlos Platz finden. Der Tr\u00e4ger wird tats\u00e4chlich vormontiert geliefert und l\u00e4sst sich mit wenigen Handgriffen anbringen. Besonders \u00fcberzeugt hat uns, dass der Kofferraum trotz montiertem und beladenem Tr\u00e4ger jederzeit zug\u00e4nglich bleibt &#8211; ein praktisches Feature bei l\u00e4ngeren Reisen.<\/p>\n<p><a href=\"https:\/\/www.schlanser.ch\/fahrzeug\/wohnwagen-wohnmobil-zubehoer\/fahrradtraeger\/23830\/atera-fahrradtraeger-linea-3-vw-t5\"><img loading=\"lazy\" decoding=\"async\" class=\"aligncenter wp-image-11709 size-full\" title=\"Atera Fahrradtr\u00e4ger Linea 3 VW T5\" src=\"https:\/\/www.schlanser.ch\/magazin\/wp-content\/uploads\/2023\/03\/IMG_270560_1_210116024335OZJuuvtXjFboL-1.jpg\" alt=\"Atera Fahrradtr\u00e4ger Linea 3 VW T5\" width=\"500\" height=\"474\" srcset=\"https:\/\/www.schlanser.ch\/magazin\/wp-content\/uploads\/2023\/03\/IMG_270560_1_210116024335OZJuuvtXjFboL-1.jpg 500w, https:\/\/www.schlanser.ch\/magazin\/wp-content\/uploads\/2023\/03\/IMG_270560_1_210116024335OZJuuvtXjFboL-1-300x284.jpg 300w\" sizes=\"(max-width: 500px) 100vw, 500px\" \/><\/a><\/p>\n<h2>Atera Strada Serie im H\u00e4rtetest: Spitzenleistung f\u00fcr Anh\u00e4ngerkupplungstr\u00e4ger<\/h2>\n<p style=\"text-align: justify;\">Strada Fahrradtr\u00e4ger haben in unserem umfassenden Test als klarer Favorit unter den Anh\u00e4ngerkupplungstr\u00e4gern abgeschnitten. Als weltweit umfangreichste Velotr\u00e4ger-Serie f\u00fcr die Anh\u00e4ngerkupplung bietet sie L\u00f6sungen f\u00fcr jeden Fahrradtyp &#8211; vom leichten Kinderrad bis zum schweren E-Bike. Besonders beeindruckt hat uns im Test die Kombination aus maximaler Sicherheit und unkomplizierter Handhabung.<\/p>\n<p style=\"text-align: justify;\">Der innovative Schnellverschluss dieser Fahrradtr\u00e4ger erm\u00f6glicht eine Montage in Sekundenschnelle, w\u00e4hrend der Sicherheitsindikator mit seinem gr\u00fcnen Ring eindeutig anzeigt, ob der Tr\u00e4ger korrekt befestigt ist. Dies gibt auch Neulingen die Sicherheit, dass alles richtig montiert wurde. Die Tr\u00e4ger kommen komplett vormontiert und mit allem notwendigen Zubeh\u00f6r &#8211; in unserem Test waren die Velotr\u00e4ger innerhalb weniger Minuten einsatzbereit.<\/p>\n<p><a href=\"https:\/\/www.schlanser.ch\/fahrzeug\/wohnwagen-wohnmobil-zubehoer\/fahrradtraeger\/170620\/atera-fahrradtraeger-strada-dl-3\"><img loading=\"lazy\" decoding=\"async\" class=\"aligncenter wp-image-11714 size-full\" title=\"Atera Fahrradtr\u00e4ger Strada DL 3\" src=\"https:\/\/www.schlanser.ch\/magazin\/wp-content\/uploads\/2023\/03\/IMG_270510_2_200930034041CEHZ9Gor7CTcZ-1.jpg\" alt=\"Atera Fahrradtr\u00e4ger Strada DL 3\" width=\"620\" height=\"473\" srcset=\"https:\/\/www.schlanser.ch\/magazin\/wp-content\/uploads\/2023\/03\/IMG_270510_2_200930034041CEHZ9Gor7CTcZ-1.jpg 620w, https:\/\/www.schlanser.ch\/magazin\/wp-content\/uploads\/2023\/03\/IMG_270510_2_200930034041CEHZ9Gor7CTcZ-1-300x229.jpg 300w\" sizes=\"(max-width: 620px) 100vw, 620px\" \/><\/a><\/p>\n<p style=\"text-align: justify;\">Im praktischen Einsatz \u00fcberzeugte besonders die komfortable Abklappfunktion, die per Fusstritt bedient werden kann und selbst bei beladenem Tr\u00e4ger einen problemlosen Zugang zum Kofferraum gew\u00e4hrleistet. Der integrierte Diebstahlschutz f\u00fcr Tr\u00e4ger und Fahrr\u00e4der bot in unserem Test ein beruhigendes Gef\u00fchl, besonders bei wertvollen R\u00e4dern.<\/p>\n<p style=\"text-align: justify;\">Die Serie umfasst verschiedene Modelle, die auf unterschiedliche Bed\u00fcrfnisse zugeschnitten sind:<\/p>\n<ul>\n<li><strong>Strada Evo<\/strong>: Der Flaggschiff-Fahrradtr\u00e4ger mit maximaler Flexibilit\u00e4t und Benutzerfreundlichkeit<\/li>\n<li><strong>Strada Vario<\/strong>: Ideal f\u00fcr unterschiedliche Fahrradtypen mit besonders variabler Einstellung<\/li>\n<li><strong>Strada Sport<\/strong>: Die leichte, sportliche Variante Fahrradtr\u00e4ger f\u00fcr aktive Fahrer<\/li>\n<li><strong>Strada E-Bike<\/strong>: Speziell konstruiert f\u00fcr den Transport schwerer E-Bikes<\/li>\n<li><strong>Strada DL<\/strong>: Der klassische Velotr\u00e4ger mit bew\u00e4hrter Technik und solidem Preis-Leistungs-Verh\u00e4ltnis<\/li>\n<\/ul>\n<p style=\"text-align: justify;\">Besonderes Augenmerk legten wir im Test auf die Lichtbr\u00fccke, die zuverl\u00e4ssig alle wichtigen Beleuchtungsfunktionen abdeckte: R\u00fccklicht, Bremse, Blinker, R\u00fcckfahrscheinwerfer und Nebelschlussleuchte. Bei einigen \u00e4lteren Fahrzeugen kann ein zus\u00e4tzlicher <a href=\"https:\/\/www.schlanser.ch\/fahrzeug\/wohnwagen-wohnmobil-zubehoer\/anhaengerzubehoer\/\">Anh\u00e4nger-Adapter<\/a> notwendig sein, neuere Modelle verf\u00fcgen in der Regel \u00fcber die passende Anschlussbuchse.<\/p>\n<p><img loading=\"lazy\" decoding=\"async\" class=\"aligncenter wp-image-11716\" src=\"https:\/\/www.schlanser.ch\/magazin\/wp-content\/uploads\/2023\/03\/Atera-Fahrradtr\u00e4ger-Strada-DL-3-1.jpg\" alt=\"\" width=\"482\" height=\"372\" srcset=\"https:\/\/www.schlanser.ch\/magazin\/wp-content\/uploads\/2023\/03\/Atera-Fahrradtr\u00e4ger-Strada-DL-3-1.jpg 600w, https:\/\/www.schlanser.ch\/magazin\/wp-content\/uploads\/2023\/03\/Atera-Fahrradtr\u00e4ger-Strada-DL-3-1-300x232.jpg 300w\" sizes=\"(max-width: 482px) 100vw, 482px\" \/><\/p>\n<div class=\"highlight-box\">\n<h3>Unser Testsieger: STRADA EVO 3<\/h3>\n<p>In unserem Vergleichstest hat der STRADA EVO 3 mit seiner hervorragenden Balance aus Funktionalit\u00e4t, Qualit\u00e4t und Benutzerfreundlichkeit die Spitzenposition errungen. Mit einem Gewicht von nur 19,8 kg kann er dennoch bis zu 66 kg tragen und ist durch seine abnehmbare Abstandshalter f\u00fcr verschiedenste Fahrradtypen geeignet. Die hochstabile Konstruktion aus Stahl und Aluminium sowie der innovative Rollenauswurf machen dern Fahrradtr\u00e4ger zum perfekten Begleiter f\u00fcr Campingfahrzeuge und Familienfahrten.<\/p>\n<\/div>\n<h2>Schutzkonzepte &#8222;Frame Protection&#8220; und &#8222;Wheel Protection&#8220; im Praxistest<\/h2>\n<p style=\"text-align: justify;\">In unserem ausf\u00fchrlichen Test der Atera-Schutzkonzepte f\u00fcr Fahrr\u00e4der hat sich gezeigt, dass der Hersteller an alle Details gedacht hat. W\u00e4hrend des Transports wirken gewisse Zug- und Fliehkr\u00e4fte auf die Velos, die zu Verformungen an den Rahmen und R\u00e4dern f\u00fchren k\u00f6nnten. Die speziell entwickelten Schutzkonzepte &#8222;Frame Protection&#8220; und &#8222;Wheel Protection&#8220; verhindern solche Sch\u00e4den effektiv.<\/p>\n<p style=\"text-align: justify;\">Die gummierten Greifarme sch\u00fctzen den Rahmen vor Kratzern und Druckstellen, w\u00e4hrend das innovative System der Rastb\u00e4nder ein \u00dcberspannen verhindert und damit die empfindlichen Laufr\u00e4der schont. Besonders praktisch: Die Greifarme lassen sich einfach abnehmen und versetzen, was in unserem Test die Montage auch bei ungew\u00f6hnlichen Rahmengeometrien erheblich erleichterte.<\/p>\n<p><a href=\"https:\/\/www.schlanser.ch\/fahrzeug\/wohnwagen-wohnmobil-zubehoer\/fahrradtraeger-zubehoer\/206581\/atera-erweiterungssatz-dl3-fuer-4-fahrraeder\" class=\"broken_link\"><img loading=\"lazy\" decoding=\"async\" class=\"aligncenter wp-image-11722 size-full\" title=\"Atera Erweiterungssatz DL3 f\u00fcr 4 Fahrr\u00e4der\" src=\"https:\/\/www.schlanser.ch\/magazin\/wp-content\/uploads\/2023\/03\/IMG_288290_1_2010110731449AXMnpodJ8h7u-1.jpg\" alt=\"Atera Erweiterungssatz DL3 f\u00fcr 4 Fahrr\u00e4der\" width=\"620\" height=\"226\" srcset=\"https:\/\/www.schlanser.ch\/magazin\/wp-content\/uploads\/2023\/03\/IMG_288290_1_2010110731449AXMnpodJ8h7u-1.jpg 620w, https:\/\/www.schlanser.ch\/magazin\/wp-content\/uploads\/2023\/03\/IMG_288290_1_2010110731449AXMnpodJ8h7u-1-300x109.jpg 300w\" sizes=\"(max-width: 620px) 100vw, 620px\" \/><\/a><\/p>\n<h2>Langzeitqualit\u00e4t und Garantie im Test unserer Velotr\u00e4ger<\/h2>\n<p style=\"text-align: justify;\">Ein wichtiger Aspekt unseres Tests war die Bewertung der Langlebigkeit und des Kundenservice. Auf alle Atera-Erzeugnisse gibt es eine dreij\u00e4hrige Garantie, was das Vertrauen des Herstellers in seine Produkte unterstreicht. Im Garantiefall wird das Produkt zur\u00fcck zum Produzenten geschickt, der dann entscheidet, ob eine Reparatur m\u00f6glich ist oder ein kompletter Austausch erfolgen muss.<\/p>\n<p style=\"text-align: justify;\">Die Verf\u00fcgbarkeit von Ersatzteilen haben wir ebenfalls getestet und als sehr gut bewertet. Bei Bedarf kann man sich direkt an den Hersteller wenden, wobei lediglich die Artikelnummer des Fahrradtr\u00e4gers ben\u00f6tigt wird, um die passenden Ersatzteile zu identifizieren. Auch die Bedienungsanleitungen sind jederzeit \u00fcber die Homepage des Herstellers zug\u00e4nglich &#8211; ein Service, der bei pl\u00f6tzlichen Fragen sehr hilfreich sein kann.<\/p>\n<p style=\"text-align: justify;\">Nach mehrmonatiger Nutzung verschiedener Fahrradtr\u00e4ger im Dauertest k\u00f6nnen wir best\u00e4tigen, dass die Atera Fahrradtr\u00e4ger auch bei h\u00e4ufigem Gebrauch und unterschiedlichen Witterungsbedingungen kaum Verschleisserscheinungen zeigen. Das matt eloxierte Aluminium und die hochwertigen Kunststoffkomponenten behalten ihr Aussehen und ihre Funktionalit\u00e4t \u00fcber lange Zeit.<\/p>\n<p><a href=\"https:\/\/www.schlanser.ch\/fahrzeug\/wohnwagen-wohnmobil-zubehoer\/fahrradtraeger-zubehoer\/210687\/eufab-wandhalterung-fuer-fahrradtraeger-lang\"><img loading=\"lazy\" decoding=\"async\" class=\"aligncenter wp-image-11721 size-full\" title=\"Eufab Wandhalterung f\u00fcr Fahrradtr\u00e4ger lang\" src=\"https:\/\/www.schlanser.ch\/magazin\/wp-content\/uploads\/2023\/03\/IMG_332880_2_210108043854Jklu3QiL9TqFM-1.jpg\" alt=\"Eufab Wandhalterung f\u00fcr Fahrradtr\u00e4ger lang\" width=\"620\" height=\"388\" srcset=\"https:\/\/www.schlanser.ch\/magazin\/wp-content\/uploads\/2023\/03\/IMG_332880_2_210108043854Jklu3QiL9TqFM-1.jpg 620w, https:\/\/www.schlanser.ch\/magazin\/wp-content\/uploads\/2023\/03\/IMG_332880_2_210108043854Jklu3QiL9TqFM-1-300x188.jpg 300w\" sizes=\"(max-width: 620px) 100vw, 620px\" \/><\/a><\/p>\n<h2>Fazit zum Atera Fahrradtr\u00e4ger Test<\/h2>\n<p style=\"text-align: justify;\">Nach umfangreichen Praxistests verschiedener Modelle k\u00f6nnen wir Atera Fahrradtr\u00e4ger uneingeschr\u00e4nkt empfehlen. Die Kombination aus durchdachter Konstruktion, hochwertigen Materialien und benutzerfreundlicher Bedienung macht sie zu einer verl\u00e4sslichen Wahl f\u00fcr den sicheren Transport von Fahrr\u00e4dern aller Art.<\/p>\n<p style=\"text-align: justify;\">Besonders hervorzuheben sind:<\/p>\n<ul>\n<li>Die hervorragende Verarbeitungsqualit\u00e4t, die auch bei intensiver Nutzung bestehen bleibt<\/li>\n<li>Durchdachte Sicherheitsfunktionen wie der Diebstahlschutz und der Montage-Indikator<\/li>\n<li>Die einfache Handhabung durch Schnellverschl\u00fcsse und Fussbedienung<\/li>\n<li>Vielseitige Anpassbarkeit f\u00fcr verschiedene Fahrradtypen und Fahrzeugmodelle<\/li>\n<li>Das umfangreiche Zubeh\u00f6r- und Erweiterungsprogramm<\/li>\n<\/ul>\n<p style=\"text-align: justify;\">Ob Sie sich f\u00fcr einen Dachtr\u00e4ger, einen Hecktr\u00e4ger oder einen Anh\u00e4ngerkupplungstr\u00e4ger entscheiden, h\u00e4ngt von Ihren individuellen Bed\u00fcrfnissen ab. In jedem Fall bietet der Hersteller qualitativ hochwertige L\u00f6sungen, die einen sicheren und komfortablen Transport Ihrer Velos gew\u00e4hrleisten. Mit der dreij\u00e4hrigen Garantie und dem guten Kundenservice bietet der Hersteller zudem ein \u00fcberzeugendes Gesamtpaket, das den etwas h\u00f6heren Preis rechtfertigt.<\/p>\n","protected":false},"excerpt":{"rendered":"<p>\u00ab Mit dem Velo in die Ferien \u00bb Campingurlaub und Velofahren, das ist Natur pur. Warum nicht beides kombinieren? Vielerorts lassen sich wundervolle Radtouren durchf\u00fchren, wo Sie fest im Sattel sitzend die wundersch\u00f6ne Umgebung geniessen k\u00f6nnen. Anschliessend geht es zur\u00fcck auf den Campingplatz, wo das Camperleben so richtig zelebriert werden kann. Doch bevor sich darauf &hellip;<\/p>\n","protected":false},"author":1,"featured_media":11736,"comment_status":"closed","ping_status":"open","sticky":false,"template":"","format":"standard","meta":{"footnotes":""},"categories":[2],"tags":[1198,1648,1655,1651,34,1652,1654,1653,1656,1657,1650],"yoast_head":"<!-- This site is optimized with the Yoast SEO plugin v22.2 - https:\/\/yoast.com\/wordpress\/plugins\/seo\/ -->\n<title>Atera Fahrradtr\u00e4ger im Test - Unsere Erfahrungen Velotransport - Schlanser Magazin<\/title>\n<meta name=\"description\" content=\"Campingferien mit dem Velo sind mit den passenden Fahrradtr\u00e4gern von Atera aktiv und komfortabel\u2714\u2013 Finden Sie das passende Modell mit dem Schlanser Magazin!\" \/>\n<meta name=\"robots\" content=\"index, follow, max-snippet:-1, max-image-preview:large, max-video-preview:-1\" \/>\n<link rel=\"canonical\" href=\"https:\/\/www.schlanser.ch\/magazin\/atera-fahrradtraeger-test\/\" \/>\n<meta property=\"og:locale\" content=\"de_DE\" \/>\n<meta property=\"og:type\" content=\"article\" \/>\n<meta property=\"og:title\" content=\"Atera Fahrradtr\u00e4ger im Test - Unsere Erfahrungen Velotransport - Schlanser Magazin\" \/>\n<meta property=\"og:description\" content=\"Campingferien mit dem Velo sind mit den passenden Fahrradtr\u00e4gern von Atera aktiv und komfortabel\u2714\u2013 Finden Sie das passende Modell mit dem Schlanser Magazin!\" \/>\n<meta property=\"og:url\" content=\"https:\/\/www.schlanser.ch\/magazin\/atera-fahrradtraeger-test\/\" \/>\n<meta property=\"og:site_name\" content=\"Schlanser Magazin\" \/>\n<meta property=\"article:published_time\" content=\"2025-03-17T13:20:12+00:00\" \/>\n<meta property=\"article:modified_time\" content=\"2025-05-08T15:02:44+00:00\" \/>\n<meta property=\"og:image\" content=\"https:\/\/www.schlanser.ch\/magazin\/wp-content\/uploads\/2021\/03\/IMG_270560_2_210116024337LXjvJdzvhzLSp-3.jpg\" \/>\n\t<meta property=\"og:image:width\" content=\"660\" \/>\n\t<meta property=\"og:image:height\" content=\"303\" \/>\n\t<meta property=\"og:image:type\" content=\"image\/jpeg\" \/>\n<meta name=\"author\" content=\"admin\" \/>\n<meta name=\"twitter:card\" content=\"summary_large_image\" \/>\n<meta name=\"twitter:label1\" content=\"Verfasst von\" \/>\n\t<meta name=\"twitter:data1\" content=\"admin\" \/>\n\t<meta name=\"twitter:label2\" content=\"Gesch\u00e4tzte Lesezeit\" \/>\n\t<meta name=\"twitter:data2\" content=\"11 Minuten\" \/>\n<script type=\"application\/ld+json\" class=\"yoast-schema-graph\">{\"@context\":\"https:\/\/schema.org\",\"@graph\":[{\"@type\":\"WebPage\",\"@id\":\"https:\/\/www.schlanser.ch\/magazin\/atera-fahrradtraeger-test\/\",\"url\":\"https:\/\/www.schlanser.ch\/magazin\/atera-fahrradtraeger-test\/\",\"name\":\"Atera Fahrradtr\u00e4ger im Test - Unsere Erfahrungen Velotransport - Schlanser Magazin\",\"isPartOf\":{\"@id\":\"https:\/\/www.schlanser.ch\/magazin\/#website\"},\"primaryImageOfPage\":{\"@id\":\"https:\/\/www.schlanser.ch\/magazin\/atera-fahrradtraeger-test\/#primaryimage\"},\"image\":{\"@id\":\"https:\/\/www.schlanser.ch\/magazin\/atera-fahrradtraeger-test\/#primaryimage\"},\"thumbnailUrl\":\"https:\/\/www.schlanser.ch\/magazin\/wp-content\/uploads\/2021\/03\/IMG_270560_2_210116024337LXjvJdzvhzLSp-3.jpg\",\"datePublished\":\"2025-03-17T13:20:12+00:00\",\"dateModified\":\"2025-05-08T15:02:44+00:00\",\"author\":{\"@id\":\"https:\/\/www.schlanser.ch\/magazin\/#\/schema\/person\/000db0a103eb2594ba3daf394b1dfea2\"},\"description\":\"Campingferien mit dem Velo sind mit den passenden Fahrradtr\u00e4gern von Atera aktiv und komfortabel\u2714\u2013 Finden Sie das passende Modell mit dem Schlanser Magazin!\",\"breadcrumb\":{\"@id\":\"https:\/\/www.schlanser.ch\/magazin\/atera-fahrradtraeger-test\/#breadcrumb\"},\"inLanguage\":\"de-DE\",\"potentialAction\":[{\"@type\":\"ReadAction\",\"target\":[\"https:\/\/www.schlanser.ch\/magazin\/atera-fahrradtraeger-test\/\"]}]},{\"@type\":\"ImageObject\",\"inLanguage\":\"de-DE\",\"@id\":\"https:\/\/www.schlanser.ch\/magazin\/atera-fahrradtraeger-test\/#primaryimage\",\"url\":\"https:\/\/www.schlanser.ch\/magazin\/wp-content\/uploads\/2021\/03\/IMG_270560_2_210116024337LXjvJdzvhzLSp-3.jpg\",\"contentUrl\":\"https:\/\/www.schlanser.ch\/magazin\/wp-content\/uploads\/2021\/03\/IMG_270560_2_210116024337LXjvJdzvhzLSp-3.jpg\",\"width\":660,\"height\":303},{\"@type\":\"BreadcrumbList\",\"@id\":\"https:\/\/www.schlanser.ch\/magazin\/atera-fahrradtraeger-test\/#breadcrumb\",\"itemListElement\":[{\"@type\":\"ListItem\",\"position\":1,\"name\":\"Startseite\",\"item\":\"https:\/\/www.schlanser.ch\/magazin\/\"},{\"@type\":\"ListItem\",\"position\":2,\"name\":\"Atera Fahrradtr\u00e4ger im Test &#8211; Unsere Erfahrungen Velotransport\"}]},{\"@type\":\"WebSite\",\"@id\":\"https:\/\/www.schlanser.ch\/magazin\/#website\",\"url\":\"https:\/\/www.schlanser.ch\/magazin\/\",\"name\":\"Schlanser Magazin\",\"description\":\"\",\"potentialAction\":[{\"@type\":\"SearchAction\",\"target\":{\"@type\":\"EntryPoint\",\"urlTemplate\":\"https:\/\/www.schlanser.ch\/magazin\/?s={search_term_string}\"},\"query-input\":\"required name=search_term_string\"}],\"inLanguage\":\"de-DE\"},{\"@type\":\"Person\",\"@id\":\"https:\/\/www.schlanser.ch\/magazin\/#\/schema\/person\/000db0a103eb2594ba3daf394b1dfea2\",\"name\":\"admin\",\"image\":{\"@type\":\"ImageObject\",\"inLanguage\":\"de-DE\",\"@id\":\"https:\/\/www.schlanser.ch\/magazin\/#\/schema\/person\/image\/\",\"url\":\"https:\/\/secure.gravatar.com\/avatar\/a794a4fe8a9b9c52241597eb381dfa2e?s=96&d=mm&r=g\",\"contentUrl\":\"https:\/\/secure.gravatar.com\/avatar\/a794a4fe8a9b9c52241597eb381dfa2e?s=96&d=mm&r=g\",\"caption\":\"admin\"}}]}<\/script>\n<!-- \/ Yoast SEO plugin. -->","yoast_head_json":{"title":"Atera Fahrradtr\u00e4ger im Test - Unsere Erfahrungen Velotransport - Schlanser Magazin","description":"Campingferien mit dem Velo sind mit den passenden Fahrradtr\u00e4gern von Atera aktiv und komfortabel\u2714\u2013 Finden Sie das passende Modell mit dem Schlanser Magazin!","robots":{"index":"index","follow":"follow","max-snippet":"max-snippet:-1","max-image-preview":"max-image-preview:large","max-video-preview":"max-video-preview:-1"},"canonical":"https:\/\/www.schlanser.ch\/magazin\/atera-fahrradtraeger-test\/","og_locale":"de_DE","og_type":"article","og_title":"Atera Fahrradtr\u00e4ger im Test - Unsere Erfahrungen Velotransport - Schlanser Magazin","og_description":"Campingferien mit dem Velo sind mit den passenden Fahrradtr\u00e4gern von Atera aktiv und komfortabel\u2714\u2013 Finden Sie das passende Modell mit dem Schlanser Magazin!","og_url":"https:\/\/www.schlanser.ch\/magazin\/atera-fahrradtraeger-test\/","og_site_name":"Schlanser Magazin","article_published_time":"2025-03-17T13:20:12+00:00","article_modified_time":"2025-05-08T15:02:44+00:00","og_image":[{"width":660,"height":303,"url":"https:\/\/www.schlanser.ch\/magazin\/wp-content\/uploads\/2021\/03\/IMG_270560_2_210116024337LXjvJdzvhzLSp-3.jpg","type":"image\/jpeg"}],"author":"admin","twitter_card":"summary_large_image","twitter_misc":{"Verfasst von":"admin","Gesch\u00e4tzte Lesezeit":"11 Minuten"},"schema":{"@context":"https:\/\/schema.org","@graph":[{"@type":"WebPage","@id":"https:\/\/www.schlanser.ch\/magazin\/atera-fahrradtraeger-test\/","url":"https:\/\/www.schlanser.ch\/magazin\/atera-fahrradtraeger-test\/","name":"Atera Fahrradtr\u00e4ger im Test - Unsere Erfahrungen Velotransport - Schlanser Magazin","isPartOf":{"@id":"https:\/\/www.schlanser.ch\/magazin\/#website"},"primaryImageOfPage":{"@id":"https:\/\/www.schlanser.ch\/magazin\/atera-fahrradtraeger-test\/#primaryimage"},"image":{"@id":"https:\/\/www.schlanser.ch\/magazin\/atera-fahrradtraeger-test\/#primaryimage"},"thumbnailUrl":"https:\/\/www.schlanser.ch\/magazin\/wp-content\/uploads\/2021\/03\/IMG_270560_2_210116024337LXjvJdzvhzLSp-3.jpg","datePublished":"2025-03-17T13:20:12+00:00","dateModified":"2025-05-08T15:02:44+00:00","author":{"@id":"https:\/\/www.schlanser.ch\/magazin\/#\/schema\/person\/000db0a103eb2594ba3daf394b1dfea2"},"description":"Campingferien mit dem Velo sind mit den passenden Fahrradtr\u00e4gern von Atera aktiv und komfortabel\u2714\u2013 Finden Sie das passende Modell mit dem Schlanser Magazin!","breadcrumb":{"@id":"https:\/\/www.schlanser.ch\/magazin\/atera-fahrradtraeger-test\/#breadcrumb"},"inLanguage":"de-DE","potentialAction":[{"@type":"ReadAction","target":["https:\/\/www.schlanser.ch\/magazin\/atera-fahrradtraeger-test\/"]}]},{"@type":"ImageObject","inLanguage":"de-DE","@id":"https:\/\/www.schlanser.ch\/magazin\/atera-fahrradtraeger-test\/#primaryimage","url":"https:\/\/www.schlanser.ch\/magazin\/wp-content\/uploads\/2021\/03\/IMG_270560_2_210116024337LXjvJdzvhzLSp-3.jpg","contentUrl":"https:\/\/www.schlanser.ch\/magazin\/wp-content\/uploads\/2021\/03\/IMG_270560_2_210116024337LXjvJdzvhzLSp-3.jpg","width":660,"height":303},{"@type":"BreadcrumbList","@id":"https:\/\/www.schlanser.ch\/magazin\/atera-fahrradtraeger-test\/#breadcrumb","itemListElement":[{"@type":"ListItem","position":1,"name":"Startseite","item":"https:\/\/www.schlanser.ch\/magazin\/"},{"@type":"ListItem","position":2,"name":"Atera Fahrradtr\u00e4ger im Test &#8211; Unsere Erfahrungen Velotransport"}]},{"@type":"WebSite","@id":"https:\/\/www.schlanser.ch\/magazin\/#website","url":"https:\/\/www.schlanser.ch\/magazin\/","name":"Schlanser Magazin","description":"","potentialAction":[{"@type":"SearchAction","target":{"@type":"EntryPoint","urlTemplate":"https:\/\/www.schlanser.ch\/magazin\/?s={search_term_string}"},"query-input":"required name=search_term_string"}],"inLanguage":"de-DE"},{"@type":"Person","@id":"https:\/\/www.schlanser.ch\/magazin\/#\/schema\/person\/000db0a103eb2594ba3daf394b1dfea2","name":"admin","image":{"@type":"ImageObject","inLanguage":"de-DE","@id":"https:\/\/www.schlanser.ch\/magazin\/#\/schema\/person\/image\/","url":"https:\/\/secure.gravatar.com\/avatar\/a794a4fe8a9b9c52241597eb381dfa2e?s=96&d=mm&r=g","contentUrl":"https:\/\/secure.gravatar.com\/avatar\/a794a4fe8a9b9c52241597eb381dfa2e?s=96&d=mm&r=g","caption":"admin"}}]}},"_links":{"self":[{"href":"https:\/\/www.schlanser.ch\/magazin\/wp-json\/wp\/v2\/posts\/11701"}],"collection":[{"href":"https:\/\/www.schlanser.ch\/magazin\/wp-json\/wp\/v2\/posts"}],"about":[{"href":"https:\/\/www.schlanser.ch\/magazin\/wp-json\/wp\/v2\/types\/post"}],"author":[{"embeddable":true,"href":"https:\/\/www.schlanser.ch\/magazin\/wp-json\/wp\/v2\/users\/1"}],"replies":[{"embeddable":true,"href":"https:\/\/www.schlanser.ch\/magazin\/wp-json\/wp\/v2\/comments?post=11701"}],"version-history":[{"count":22,"href":"https:\/\/www.schlanser.ch\/magazin\/wp-json\/wp\/v2\/posts\/11701\/revisions"}],"predecessor-version":[{"id":18729,"href":"https:\/\/www.schlanser.ch\/magazin\/wp-json\/wp\/v2\/posts\/11701\/revisions\/18729"}],"wp:featuredmedia":[{"embeddable":true,"href":"https:\/\/www.schlanser.ch\/magazin\/wp-json\/wp\/v2\/media\/11736"}],"wp:attachment":[{"href":"https:\/\/www.schlanser.ch\/magazin\/wp-json\/wp\/v2\/media?parent=11701"}],"wp:term":[{"taxonomy":"category","embeddable":true,"href":"https:\/\/www.schlanser.ch\/magazin\/wp-json\/wp\/v2\/categories?post=11701"},{"taxonomy":"post_tag","embeddable":true,"href":"https:\/\/www.schlanser.ch\/magazin\/wp-json\/wp\/v2\/tags?post=11701"}],"curies":[{"name":"wp","href":"https:\/\/api.w.org\/{rel}","templated":true}]}}