{"id":11890,"date":"2021-04-14T10:43:19","date_gmt":"2021-04-14T08:43:19","guid":{"rendered":"https:\/\/www.schlanser.ch\/magazin\/?p=11890"},"modified":"2024-06-17T16:07:46","modified_gmt":"2024-06-17T14:07:46","slug":"ferien-in-der-schweiz-2021","status":"publish","type":"post","link":"https:\/\/www.schlanser.ch\/magazin\/ferien-in-der-schweiz-2021\/","title":{"rendered":"Ferien in der Schweiz 2021"},"content":{"rendered":"<h2>\u00ab Neue Urlaubsziele-Ziele f\u00fcr Camper \u00bb<\/h2>\n<p style=\"text-align: justify;\"><strong>Was kommt Ihnen als Erstes in den Kopf, wenn Sie an die Schweiz denken? Die frische Bergluft, die glasklaren Seen oder die malerischen Winterlandschaften? Vielleicht sind es aber auch die historischen Altst\u00e4dte oder unsere leckere heimische K\u00fcche. In jedem Fall ist unser Alpenland eines der Top-Urlaubsziele, denn neben der atemberaubenden Landschaft gibt es hier noch so einiges mehr zu entdecken. Wie Ihre Ferien in der Schweiz 2021 aussehen k\u00f6nnen und warum die Heimat ein so beliebtes Urlaubsziel ist, erfahren Sie hier.<\/strong><\/p>\n<h2>Urlaub vor der Haust\u00fcr?<\/h2>\n<p style=\"text-align: justify;\">Viele Menschen haben die Schweiz touristisch als reines Skifahrer- und Wanderurlaubland im Kopf. Nat\u00fcrlich sind das zwei der wichtigsten Punkte, doch noch l\u00e4ngst nicht alles. Wer mit dem Wohnmobil durch die Schweiz f\u00e4hrt, bekommt dort nicht nur landschaftlich, sondern auch kulturell vieles zu sehen. Der besondere Charme liegt darin, dass es unterwegs stets aussichtsreich und einmalig ist. Zwischendurch kann jederzeit \u00fcberall angehalten und in die Natur eingetaucht werden. Das weckt ein tiefes Gef\u00fchl von Freiheit.<\/p>\n<figure id=\"attachment_11896\" aria-describedby=\"caption-attachment-11896\" style=\"width: 620px\" class=\"wp-caption aligncenter\"><img loading=\"lazy\" decoding=\"async\" class=\"wp-image-11896 size-full\" title=\"Warum in die Ferne schweifen wenn das Gute liegt so nah - die Schweiz bietet traumhafte Natur\" src=\"https:\/\/www.schlanser.ch\/magazin\/wp-content\/uploads\/2023\/04\/Grindelwald.jpg\" alt=\"Wanderer in den Alpen - Ferien in der Schweiz 2021\" width=\"620\" height=\"345\" srcset=\"https:\/\/www.schlanser.ch\/magazin\/wp-content\/uploads\/2023\/04\/Grindelwald.jpg 620w, https:\/\/www.schlanser.ch\/magazin\/wp-content\/uploads\/2023\/04\/Grindelwald-300x167.jpg 300w\" sizes=\"(max-width: 620px) 100vw, 620px\" \/><figcaption id=\"caption-attachment-11896\" class=\"wp-caption-text\">\u00a9 janoka82 &#8211; stock.adobe.com<\/figcaption><\/figure>\n<p style=\"text-align: justify;\">Auch das Schweizer Mittelland hat einiges zu bieten. Dieses erstreckt sich zwischen dem Jura-Gebirge im Norden und dem Alpenhauptkamm im S\u00fcden und beinhaltet sehr sch\u00f6ne Urlaubsziele. Es ist sehr dicht besiedelt und wirtschaftlich erfolgreich. Die Hauptstadt Bern verf\u00fcgt \u00fcber einen sehenswerten mittelalterlichen Stadtkern, in Kombination mit seinen Gassen und Lauben ergibt die Stadt ein Gesamtkunstwerk. In Z\u00fcrich haben Designer, K\u00fcnstler und Galeristen neuen Schwung in die Stadt und die Industriebranche gebracht. Genf wiederum ist die internationalste Stadt der Schweiz, zumindest wird ihr das nachgesagt. Sie liegt idyllisch am Genfer See und ist das Zentrum der franz\u00f6sischsprachigen Schweiz, zudem haben hier viele namhafte Organisationen der Vereinten Nationen ihr Domizil.<\/p>\n<figure id=\"attachment_11899\" aria-describedby=\"caption-attachment-11899\" style=\"width: 620px\" class=\"wp-caption aligncenter\"><img loading=\"lazy\" decoding=\"async\" class=\"wp-image-11899 size-full\" title=\"Idyllisches, urbanes Flair findet man in Bern\" src=\"https:\/\/www.schlanser.ch\/magazin\/wp-content\/uploads\/2023\/04\/Bern.jpg\" alt=\"Bern, Aale, Altstadt - Ferien in der Schweiz 2021\" width=\"620\" height=\"359\" srcset=\"https:\/\/www.schlanser.ch\/magazin\/wp-content\/uploads\/2023\/04\/Bern.jpg 620w, https:\/\/www.schlanser.ch\/magazin\/wp-content\/uploads\/2023\/04\/Bern-300x174.jpg 300w\" sizes=\"(max-width: 620px) 100vw, 620px\" \/><figcaption id=\"caption-attachment-11899\" class=\"wp-caption-text\">\u00a9 Sergii Figurnyi &#8211; stock.adobe.com<\/figcaption><\/figure>\n<h2>Wann ist die beste Reisezeit?<\/h2>\n<p style=\"text-align: justify;\">Wann die beste Reisezeit f\u00fcr die Schweiz ist, h\u00e4ngt nat\u00fcrlich von Ihren Urlaubspl\u00e4nen ab. M\u00f6chten Sie die bezaubernden Winterlandschaften erleben und einen unvergesslichen Skiurlaub unternehmen, sollten Sie direkt in der Skisaison reisen. Diese geht von November bis M\u00e4rz. Gegens\u00e4tzlich dazu ist ein Sommerurlaub immer empfehlenswert. In den Monaten von Mai bis September gibt es schier endlos scheinende Wanderm\u00f6glichkeiten, Sie k\u00f6nnen an den malerischen Sees entspannen oder sich von den kulturellen Highlights verzaubern lassen. Ende Juni bis Anfang Juli stehen die Chancen gut, dass Sie bestes Sommerwetter erwischen.<\/p>\n<figure id=\"attachment_11895\" aria-describedby=\"caption-attachment-11895\" style=\"width: 660px\" class=\"wp-caption aligncenter\"><img loading=\"lazy\" decoding=\"async\" class=\"wp-image-11895 size-full\" title=\"Der Z\u00fcrichsee ist weltbekannt - aus gutem Grund\" src=\"https:\/\/www.schlanser.ch\/magazin\/wp-content\/uploads\/2023\/04\/Z\u00fcrichsee.jpg\" alt=\"Z\u00fcrichsee - Ferien in der Schweiz 2021\" width=\"660\" height=\"331\" srcset=\"https:\/\/www.schlanser.ch\/magazin\/wp-content\/uploads\/2023\/04\/Z\u00fcrichsee.jpg 660w, https:\/\/www.schlanser.ch\/magazin\/wp-content\/uploads\/2023\/04\/Z\u00fcrichsee-300x150.jpg 300w\" sizes=\"(max-width: 660px) 100vw, 660px\" \/><figcaption id=\"caption-attachment-11895\" class=\"wp-caption-text\">\u00a9 rachid amrous &#8211; stock.adobe.com<\/figcaption><\/figure>\n<p style=\"text-align: justify;\">Die absolute Hochsaison f\u00fcr Urlaub in der Schweiz geht von Mitte Juli bis Mitte August. Hier sind dann auch Vorbuchungen f\u00fcr die Campingpl\u00e4tze sinnvoll. Doch nicht nur der Sommer und der Winter sind eine Reise wert. Im Fr\u00fchling, wenn die Natur f\u00f6rmlich explodiert, sieht das mit der ohnehin malerischen Landschaft noch mal atemberaubender aus. Im Herbst tauchen die Alpen in eine mystische Nebel- und Farbstimmung ein, deren Anblick einmalig ist. Wichtig ist nur, dass Sie die \u00d6ffnungszeiten der Campingpl\u00e4tze in der Nebensaison beachten.<\/p>\n<h2>Ferien in der Schweiz 2021<\/h2>\n<p style=\"text-align: justify;\">Vor allem in Jahren wie 2020 und 2021 liegt Camping im Trend. Was gibt es Besseres, als unabh\u00e4ngig und mobil zu sein? Im Vordergrund steht vor allem das Gef\u00fchl der Freiheit. Man ist mit seinem eigenen fahrbaren Heim oder im <a href=\"https:\/\/www.schlanser.ch\/zelte\/campingzelte\/familienzelte\/\">Familienzelt<\/a> in der Fremde unterwegs und hat gleichzeitig alles dabei, was man ben\u00f6tigt. Zwischendurch mal spontan den Standort wechseln ist kein Problem, ohne dabei auf Unterk\u00fcnfte und fremde Betten angewiesen zu sein. Ist man dann noch in so einem Naturparadies wie der Schweiz unterwegs, kann der Urlaub beginnen. Hier warten sch\u00f6nste Urlaubsziele auf Sie.<\/p>\n<p><a href=\"hhttps:\/\/www.schlanser.ch\/zelte\/campingzelte\/4-personen-zelte\/116258\/berger-lagoon-4-familienzelt-2024\"><img loading=\"lazy\" decoding=\"async\" class=\"aligncenter wp-image-11897 size-full\" title=\"Berger Lagoon 4 Familienzelt\" src=\"https:\/\/www.schlanser.ch\/thumbnail\/47\/6c\/fd\/1717120255\/e0749b32e8124941bd46a3d5860ef638_1820x1820.jpg\" alt=\"Berger Lagoon 4 Familienzelt\" width=\"620\" height=\"388\" \/><\/a><\/p>\n<h2>Die grosse Seentour &#8211; ab Z\u00fcrich in Richtung Ostschweiz<\/h2>\n<p style=\"text-align: justify;\">Ein Sommerurlaub in der Schweiz 2021 ohne die ber\u00fchmte grosse Seentour ist nur die halbe Miete. Wie im gesamten Land sehen Sie auch von Z\u00fcrich in Richtung Ostschweiz spektakul\u00e4re Landschaften. Die Route zwischen dem Bodensee und der italienischen Schweiz bietet Ihnen bekannte Metropolen wie Z\u00fcrich oder Luzern, beschauliche St\u00e4dtchen wie Lugano oder Bellinzona und nat\u00fcrlich auch tolle grosse Seen. Auf der Route finden Sie entsprechende Campingpl\u00e4tze f\u00fcr Ihre Seentour. Die Strecke betr\u00e4gt insgesamt 750 Kilometer und ist etwa f\u00fcr 10 Tage ausgelegt.<\/p>\n<figure id=\"attachment_11903\" aria-describedby=\"caption-attachment-11903\" style=\"width: 660px\" class=\"wp-caption aligncenter\"><img loading=\"lazy\" decoding=\"async\" class=\"wp-image-11903 size-full\" title=\"Die Ostschweiz bietet zahlreiche wundersch\u00f6ne Seen wie den Luganersee\" src=\"https:\/\/www.schlanser.ch\/magazin\/wp-content\/uploads\/2023\/04\/Lugano.jpg\" alt=\"Luganersee\" width=\"660\" height=\"399\" srcset=\"https:\/\/www.schlanser.ch\/magazin\/wp-content\/uploads\/2023\/04\/Lugano.jpg 660w, https:\/\/www.schlanser.ch\/magazin\/wp-content\/uploads\/2023\/04\/Lugano-300x181.jpg 300w\" sizes=\"(max-width: 660px) 100vw, 660px\" \/><figcaption id=\"caption-attachment-11903\" class=\"wp-caption-text\">\u00a9 Sina Ettmer &#8211; stock.adobe.com<\/figcaption><\/figure>\n<h2>Natur pur &#8211; ab Z\u00fcrich in Richtung Westschweiz<\/h2>\n<p style=\"text-align: justify;\">Gerade im Jahr 2021 ist die Natur das Kostbarste, was wir haben. W\u00e4hrend in den Metropolen und St\u00e4dten das Leben nahezu stillsteht, ist ein Besuch in der Natur immer m\u00f6glich. Ferien in der Schweiz 2021 ist also allein von dem Gesichtspunkt her eine gute Idee, dass unser Land ein Naturparadies ist und \u00fcber zahlreiche abgelegene Ortschaften verf\u00fcgt. Hier finden Camper ideale Voraussetzungen, mitten in der Natur l\u00e4sst sich dem ganzen Wahnsinn entfliehen. Unterwegs in den Alpen auf T\u00e4lern, Schluchten und schmalen Strassen geht es auf dem Weg in die franz\u00f6sischsprachige Schweiz. Hier passieren Sie bekannte Metropolen wie Z\u00fcrich, Genf oder Luzern. Doch vor allem entdecken Sie Natur und Ruhe, zum Beispiel am Vierwaldst\u00e4ttersee oder dem idyllischen Murtensee. Bei einer Gesamtstrecke von 800 Kilometern sind Sie etwa 11 Tage unterwegs.<\/p>\n<figure id=\"attachment_11905\" aria-describedby=\"caption-attachment-11905\" style=\"width: 620px\" class=\"wp-caption aligncenter\"><img loading=\"lazy\" decoding=\"async\" class=\"wp-image-11905 size-full\" title=\"Die Schlucht der Areuse ist eine von vielen Destinationen in der Westschweiz\" src=\"https:\/\/www.schlanser.ch\/magazin\/wp-content\/uploads\/2023\/04\/Gorges-de-lAreuses-bei-Neuchatel-Romandie.jpg\" alt=\"Die Schlucht der Areuse\" width=\"620\" height=\"360\" srcset=\"https:\/\/www.schlanser.ch\/magazin\/wp-content\/uploads\/2023\/04\/Gorges-de-lAreuses-bei-Neuchatel-Romandie.jpg 620w, https:\/\/www.schlanser.ch\/magazin\/wp-content\/uploads\/2023\/04\/Gorges-de-lAreuses-bei-Neuchatel-Romandie-300x174.jpg 300w\" sizes=\"(max-width: 620px) 100vw, 620px\" \/><figcaption id=\"caption-attachment-11905\" class=\"wp-caption-text\">\u00a9 elliottcb &#8211; stock.adobe.com<\/figcaption><\/figure>\n<h2>Die sch\u00f6nsten Schweizer Campingpl\u00e4tze 2021<\/h2>\n<p style=\"text-align: justify;\">Wer 2021 mit Kind und Kegel unterwegs ist, kann doch einfach mal waschechte Safariferien machen. Zwar ist das Berner Oberland r\u00e4umlich weit entfernt von einer afrikanischen Savanne, Elefanten und Giraffen und dennoch bringen die Campingplatzbetreiber ein St\u00fcck Afrika in das malerische St\u00fcck Schweiz. Auf dem Campingplatz R\u00fctti gibt es waschechte Safarizelte, die Klein und Gross begeistern. Dank ihrer kindlichen Fantasie machen sich die Keinen schon bald auf zur Safaritour in den nahegelegen Wald. Anstatt L\u00f6wen gibt es eben Eichh\u00f6rnchen zu entdecken.<\/p>\n<p><a href=\"https:\/\/www.schlanser.ch\/zelte\/campingzelte\/familienzelte\/212671\/dwt-steilwandzelt-villa-4\"><img loading=\"lazy\" decoding=\"async\" class=\"aligncenter wp-image-11907 size-full\" title=\"DWT Steilwandzelt Villa 4\" src=\"https:\/\/www.schlanser.ch\/magazin\/wp-content\/uploads\/2023\/04\/DWT-Steilwandzelt-Villa-4-1.jpg\" alt=\"DWT Steilwandzelt Villa 4\" width=\"620\" height=\"388\" srcset=\"https:\/\/www.schlanser.ch\/magazin\/wp-content\/uploads\/2023\/04\/DWT-Steilwandzelt-Villa-4-1.jpg 620w, https:\/\/www.schlanser.ch\/magazin\/wp-content\/uploads\/2023\/04\/DWT-Steilwandzelt-Villa-4-1-300x188.jpg 300w\" sizes=\"(max-width: 620px) 100vw, 620px\" \/><\/a><\/p>\n<p style=\"text-align: justify;\">Oder wie w\u00e4re es mal wieder mit Ferien auf dem Bauernhof? F\u00fcr 2021 durchaus keine schlechte Idee. Der Camping Bauernhof &#8222;Manser&#8220; liegt inmitten einer sch\u00f6nen Kulturlandschaft und ist eingebettet von gr\u00fcnen Weiden und grossen B\u00e4umen. Zwischendrin gackert, muht und wiehert es, riecht nach frischem Heu und Landleben. Die Kinder sind mitten im Geschehen, d\u00fcrfen bei der F\u00fctterung helfen, beim Melken zuschauen und die Rinder und Pferde auf der Weide besuchen. Spielplatz, Badesee, Grillpl\u00e4tze und Velotouren sorgen ebenfalls f\u00fcr Besch\u00e4ftigung. Wer es so richtig abgelegen mag, kann Campingferien inmitten der Alpen machen. Der Platz Pradafenz in Churwalden liegt zwischen zwei hohen Gipfeln, idyllischen Bergseen und gr\u00fcnen Alpenwiesen. Hier gibt es zahlreiche M\u00f6glichkeiten, die Natur und Umgebung zu geniessen, der perfekte Ort f\u00fcr einen Sommerurlaub in der Schweiz 2021.<\/p>\n<figure id=\"attachment_11922\" aria-describedby=\"caption-attachment-11922\" style=\"width: 620px\" class=\"wp-caption aligncenter\"><img loading=\"lazy\" decoding=\"async\" class=\"wp-image-11922 size-full\" title=\"Kinder lieben den direkten Kontakt mit Tieren\" src=\"https:\/\/www.schlanser.ch\/magazin\/wp-content\/uploads\/2023\/04\/Kinder-Bauernhof.jpg\" alt=\"2 Kinder f\u00fcttern eine Kabl\" width=\"620\" height=\"384\" srcset=\"https:\/\/www.schlanser.ch\/magazin\/wp-content\/uploads\/2023\/04\/Kinder-Bauernhof.jpg 620w, https:\/\/www.schlanser.ch\/magazin\/wp-content\/uploads\/2023\/04\/Kinder-Bauernhof-300x186.jpg 300w\" sizes=\"(max-width: 620px) 100vw, 620px\" \/><figcaption id=\"caption-attachment-11922\" class=\"wp-caption-text\">\u00a9 HQUALITY &#8211; stock.adobe.com<\/figcaption><\/figure>\n","protected":false},"excerpt":{"rendered":"<p>\u00ab Neue Urlaubsziele-Ziele f\u00fcr Camper \u00bb Was kommt Ihnen als Erstes in den Kopf, wenn Sie an die Schweiz denken? Die frische Bergluft, die glasklaren Seen oder die malerischen Winterlandschaften? Vielleicht sind es aber auch die historischen Altst\u00e4dte oder unsere leckere heimische K\u00fcche. In jedem Fall ist unser Alpenland eines der Top-Urlaubsziele, denn neben der &hellip;<\/p>\n","protected":false},"author":1,"featured_media":11901,"comment_status":"closed","ping_status":"open","sticky":false,"template":"","format":"standard","meta":{"footnotes":""},"categories":[2],"tags":[1453,197,1682,985,1365,1685,1687,1089,1366,1684,1683,1686,747],"yoast_head":"<!-- This site is optimized with the Yoast SEO plugin v22.2 - https:\/\/yoast.com\/wordpress\/plugins\/seo\/ -->\n<title>Ferien in der Schweiz 2021 - Schlanser Magazin<\/title>\n<meta name=\"description\" content=\"Das Schlanser Campingmagazin pr\u00e4sentiert die sch\u00f6nsten Orte f\u00fcr Ferien in der Schweiz 2021- \u2714Die besten Campingpl\u00e4tze \u2714Geheimtipps \u2714Hotspots!\" \/>\n<meta name=\"robots\" content=\"noindex, follow\" \/>\n<meta property=\"og:locale\" content=\"de_DE\" \/>\n<meta property=\"og:type\" content=\"article\" \/>\n<meta property=\"og:title\" content=\"Ferien in der Schweiz 2021 - Schlanser Magazin\" \/>\n<meta property=\"og:description\" content=\"Das Schlanser Campingmagazin pr\u00e4sentiert die sch\u00f6nsten Orte f\u00fcr Ferien in der Schweiz 2021- \u2714Die besten Campingpl\u00e4tze \u2714Geheimtipps \u2714Hotspots!\" \/>\n<meta property=\"og:url\" content=\"https:\/\/www.schlanser.ch\/magazin\/ferien-in-der-schweiz-2021\/\" \/>\n<meta property=\"og:site_name\" content=\"Schlanser Magazin\" \/>\n<meta property=\"article:published_time\" content=\"2021-04-14T08:43:19+00:00\" \/>\n<meta property=\"article:modified_time\" content=\"2024-06-17T14:07:46+00:00\" \/>\n<meta property=\"og:image\" content=\"https:\/\/www.schlanser.ch\/magazin\/wp-content\/uploads\/2023\/04\/Genfer-See.jpg\" \/>\n\t<meta property=\"og:image:width\" content=\"660\" \/>\n\t<meta property=\"og:image:height\" content=\"364\" \/>\n\t<meta property=\"og:image:type\" content=\"image\/jpeg\" \/>\n<meta name=\"author\" content=\"admin\" \/>\n<meta name=\"twitter:card\" content=\"summary_large_image\" \/>\n<meta name=\"twitter:label1\" content=\"Verfasst von\" \/>\n\t<meta name=\"twitter:data1\" content=\"admin\" \/>\n\t<meta name=\"twitter:label2\" content=\"Gesch\u00e4tzte Lesezeit\" \/>\n\t<meta name=\"twitter:data2\" content=\"8 Minuten\" \/>\n<script type=\"application\/ld+json\" class=\"yoast-schema-graph\">{\"@context\":\"https:\/\/schema.org\",\"@graph\":[{\"@type\":\"WebPage\",\"@id\":\"https:\/\/www.schlanser.ch\/magazin\/ferien-in-der-schweiz-2021\/\",\"url\":\"https:\/\/www.schlanser.ch\/magazin\/ferien-in-der-schweiz-2021\/\",\"name\":\"Ferien in der Schweiz 2021 - Schlanser Magazin\",\"isPartOf\":{\"@id\":\"https:\/\/www.schlanser.ch\/magazin\/#website\"},\"primaryImageOfPage\":{\"@id\":\"https:\/\/www.schlanser.ch\/magazin\/ferien-in-der-schweiz-2021\/#primaryimage\"},\"image\":{\"@id\":\"https:\/\/www.schlanser.ch\/magazin\/ferien-in-der-schweiz-2021\/#primaryimage\"},\"thumbnailUrl\":\"https:\/\/www.schlanser.ch\/magazin\/wp-content\/uploads\/2023\/04\/Genfer-See.jpg\",\"datePublished\":\"2021-04-14T08:43:19+00:00\",\"dateModified\":\"2024-06-17T14:07:46+00:00\",\"author\":{\"@id\":\"https:\/\/www.schlanser.ch\/magazin\/#\/schema\/person\/000db0a103eb2594ba3daf394b1dfea2\"},\"description\":\"Das Schlanser Campingmagazin pr\u00e4sentiert die sch\u00f6nsten Orte f\u00fcr Ferien in der Schweiz 2021- \u2714Die besten Campingpl\u00e4tze \u2714Geheimtipps \u2714Hotspots!\",\"breadcrumb\":{\"@id\":\"https:\/\/www.schlanser.ch\/magazin\/ferien-in-der-schweiz-2021\/#breadcrumb\"},\"inLanguage\":\"de-DE\",\"potentialAction\":[{\"@type\":\"ReadAction\",\"target\":[\"https:\/\/www.schlanser.ch\/magazin\/ferien-in-der-schweiz-2021\/\"]}]},{\"@type\":\"ImageObject\",\"inLanguage\":\"de-DE\",\"@id\":\"https:\/\/www.schlanser.ch\/magazin\/ferien-in-der-schweiz-2021\/#primaryimage\",\"url\":\"https:\/\/www.schlanser.ch\/magazin\/wp-content\/uploads\/2023\/04\/Genfer-See.jpg\",\"contentUrl\":\"https:\/\/www.schlanser.ch\/magazin\/wp-content\/uploads\/2023\/04\/Genfer-See.jpg\",\"width\":660,\"height\":364,\"caption\":\"\u00a9 by-studio - stock.adobe..com\"},{\"@type\":\"BreadcrumbList\",\"@id\":\"https:\/\/www.schlanser.ch\/magazin\/ferien-in-der-schweiz-2021\/#breadcrumb\",\"itemListElement\":[{\"@type\":\"ListItem\",\"position\":1,\"name\":\"Startseite\",\"item\":\"https:\/\/www.schlanser.ch\/magazin\/\"},{\"@type\":\"ListItem\",\"position\":2,\"name\":\"Ferien in der Schweiz 2021\"}]},{\"@type\":\"WebSite\",\"@id\":\"https:\/\/www.schlanser.ch\/magazin\/#website\",\"url\":\"https:\/\/www.schlanser.ch\/magazin\/\",\"name\":\"Schlanser Magazin\",\"description\":\"\",\"potentialAction\":[{\"@type\":\"SearchAction\",\"target\":{\"@type\":\"EntryPoint\",\"urlTemplate\":\"https:\/\/www.schlanser.ch\/magazin\/?s={search_term_string}\"},\"query-input\":\"required name=search_term_string\"}],\"inLanguage\":\"de-DE\"},{\"@type\":\"Person\",\"@id\":\"https:\/\/www.schlanser.ch\/magazin\/#\/schema\/person\/000db0a103eb2594ba3daf394b1dfea2\",\"name\":\"admin\",\"image\":{\"@type\":\"ImageObject\",\"inLanguage\":\"de-DE\",\"@id\":\"https:\/\/www.schlanser.ch\/magazin\/#\/schema\/person\/image\/\",\"url\":\"https:\/\/secure.gravatar.com\/avatar\/a794a4fe8a9b9c52241597eb381dfa2e?s=96&d=mm&r=g\",\"contentUrl\":\"https:\/\/secure.gravatar.com\/avatar\/a794a4fe8a9b9c52241597eb381dfa2e?s=96&d=mm&r=g\",\"caption\":\"admin\"}}]}<\/script>\n<!-- \/ Yoast SEO plugin. -->","yoast_head_json":{"title":"Ferien in der Schweiz 2021 - Schlanser Magazin","description":"Das Schlanser Campingmagazin pr\u00e4sentiert die sch\u00f6nsten Orte f\u00fcr Ferien in der Schweiz 2021- \u2714Die besten Campingpl\u00e4tze \u2714Geheimtipps \u2714Hotspots!","robots":{"index":"noindex","follow":"follow"},"og_locale":"de_DE","og_type":"article","og_title":"Ferien in der Schweiz 2021 - Schlanser Magazin","og_description":"Das Schlanser Campingmagazin pr\u00e4sentiert die sch\u00f6nsten Orte f\u00fcr Ferien in der Schweiz 2021- \u2714Die besten Campingpl\u00e4tze \u2714Geheimtipps \u2714Hotspots!","og_url":"https:\/\/www.schlanser.ch\/magazin\/ferien-in-der-schweiz-2021\/","og_site_name":"Schlanser Magazin","article_published_time":"2021-04-14T08:43:19+00:00","article_modified_time":"2024-06-17T14:07:46+00:00","og_image":[{"width":660,"height":364,"url":"https:\/\/www.schlanser.ch\/magazin\/wp-content\/uploads\/2023\/04\/Genfer-See.jpg","type":"image\/jpeg"}],"author":"admin","twitter_card":"summary_large_image","twitter_misc":{"Verfasst von":"admin","Gesch\u00e4tzte Lesezeit":"8 Minuten"},"schema":{"@context":"https:\/\/schema.org","@graph":[{"@type":"WebPage","@id":"https:\/\/www.schlanser.ch\/magazin\/ferien-in-der-schweiz-2021\/","url":"https:\/\/www.schlanser.ch\/magazin\/ferien-in-der-schweiz-2021\/","name":"Ferien in der Schweiz 2021 - Schlanser Magazin","isPartOf":{"@id":"https:\/\/www.schlanser.ch\/magazin\/#website"},"primaryImageOfPage":{"@id":"https:\/\/www.schlanser.ch\/magazin\/ferien-in-der-schweiz-2021\/#primaryimage"},"image":{"@id":"https:\/\/www.schlanser.ch\/magazin\/ferien-in-der-schweiz-2021\/#primaryimage"},"thumbnailUrl":"https:\/\/www.schlanser.ch\/magazin\/wp-content\/uploads\/2023\/04\/Genfer-See.jpg","datePublished":"2021-04-14T08:43:19+00:00","dateModified":"2024-06-17T14:07:46+00:00","author":{"@id":"https:\/\/www.schlanser.ch\/magazin\/#\/schema\/person\/000db0a103eb2594ba3daf394b1dfea2"},"description":"Das Schlanser Campingmagazin pr\u00e4sentiert die sch\u00f6nsten Orte f\u00fcr Ferien in der Schweiz 2021- \u2714Die besten Campingpl\u00e4tze \u2714Geheimtipps \u2714Hotspots!","breadcrumb":{"@id":"https:\/\/www.schlanser.ch\/magazin\/ferien-in-der-schweiz-2021\/#breadcrumb"},"inLanguage":"de-DE","potentialAction":[{"@type":"ReadAction","target":["https:\/\/www.schlanser.ch\/magazin\/ferien-in-der-schweiz-2021\/"]}]},{"@type":"ImageObject","inLanguage":"de-DE","@id":"https:\/\/www.schlanser.ch\/magazin\/ferien-in-der-schweiz-2021\/#primaryimage","url":"https:\/\/www.schlanser.ch\/magazin\/wp-content\/uploads\/2023\/04\/Genfer-See.jpg","contentUrl":"https:\/\/www.schlanser.ch\/magazin\/wp-content\/uploads\/2023\/04\/Genfer-See.jpg","width":660,"height":364,"caption":"\u00a9 by-studio - stock.adobe..com"},{"@type":"BreadcrumbList","@id":"https:\/\/www.schlanser.ch\/magazin\/ferien-in-der-schweiz-2021\/#breadcrumb","itemListElement":[{"@type":"ListItem","position":1,"name":"Startseite","item":"https:\/\/www.schlanser.ch\/magazin\/"},{"@type":"ListItem","position":2,"name":"Ferien in der Schweiz 2021"}]},{"@type":"WebSite","@id":"https:\/\/www.schlanser.ch\/magazin\/#website","url":"https:\/\/www.schlanser.ch\/magazin\/","name":"Schlanser Magazin","description":"","potentialAction":[{"@type":"SearchAction","target":{"@type":"EntryPoint","urlTemplate":"https:\/\/www.schlanser.ch\/magazin\/?s={search_term_string}"},"query-input":"required name=search_term_string"}],"inLanguage":"de-DE"},{"@type":"Person","@id":"https:\/\/www.schlanser.ch\/magazin\/#\/schema\/person\/000db0a103eb2594ba3daf394b1dfea2","name":"admin","image":{"@type":"ImageObject","inLanguage":"de-DE","@id":"https:\/\/www.schlanser.ch\/magazin\/#\/schema\/person\/image\/","url":"https:\/\/secure.gravatar.com\/avatar\/a794a4fe8a9b9c52241597eb381dfa2e?s=96&d=mm&r=g","contentUrl":"https:\/\/secure.gravatar.com\/avatar\/a794a4fe8a9b9c52241597eb381dfa2e?s=96&d=mm&r=g","caption":"admin"}}]}},"_links":{"self":[{"href":"https:\/\/www.schlanser.ch\/magazin\/wp-json\/wp\/v2\/posts\/11890"}],"collection":[{"href":"https:\/\/www.schlanser.ch\/magazin\/wp-json\/wp\/v2\/posts"}],"about":[{"href":"https:\/\/www.schlanser.ch\/magazin\/wp-json\/wp\/v2\/types\/post"}],"author":[{"embeddable":true,"href":"https:\/\/www.schlanser.ch\/magazin\/wp-json\/wp\/v2\/users\/1"}],"replies":[{"embeddable":true,"href":"https:\/\/www.schlanser.ch\/magazin\/wp-json\/wp\/v2\/comments?post=11890"}],"version-history":[{"count":27,"href":"https:\/\/www.schlanser.ch\/magazin\/wp-json\/wp\/v2\/posts\/11890\/revisions"}],"predecessor-version":[{"id":18016,"href":"https:\/\/www.schlanser.ch\/magazin\/wp-json\/wp\/v2\/posts\/11890\/revisions\/18016"}],"wp:featuredmedia":[{"embeddable":true,"href":"https:\/\/www.schlanser.ch\/magazin\/wp-json\/wp\/v2\/media\/11901"}],"wp:attachment":[{"href":"https:\/\/www.schlanser.ch\/magazin\/wp-json\/wp\/v2\/media?parent=11890"}],"wp:term":[{"taxonomy":"category","embeddable":true,"href":"https:\/\/www.schlanser.ch\/magazin\/wp-json\/wp\/v2\/categories?post=11890"},{"taxonomy":"post_tag","embeddable":true,"href":"https:\/\/www.schlanser.ch\/magazin\/wp-json\/wp\/v2\/tags?post=11890"}],"curies":[{"name":"wp","href":"https:\/\/api.w.org\/{rel}","templated":true}]}}