{"id":11968,"date":"2021-04-21T10:04:49","date_gmt":"2021-04-21T08:04:49","guid":{"rendered":"https:\/\/www.schlanser.ch\/magazin\/?p=11968"},"modified":"2024-01-10T15:47:54","modified_gmt":"2024-01-10T14:47:54","slug":"woran-sie-beim-zelten-mit-kindern-denken-sollten","status":"publish","type":"post","link":"https:\/\/www.schlanser.ch\/magazin\/woran-sie-beim-zelten-mit-kindern-denken-sollten\/","title":{"rendered":"Woran Sie beim Zelten mit Kindern denken sollten"},"content":{"rendered":"<p style=\"text-align: justify;\"><strong>Zelten mit Kindern \u2013 das klingt f\u00fcr viele erst mal nach Stress. Doch dem ist nicht so, denn auf den zweiten Blick ist Campingurlaub mit Kindern deutlich entspannter als ein Familienurlaub im Hotel. Schliesslich sind die Kleinen auf dem Campingplatz den ganzen Tag draussen und k\u00f6nnen toben. Voraussetzung ist nat\u00fcrlich ein familienfreundlicher Campingplatz, damit die Kids auch besch\u00e4ftigt sind. Was es sonst noch zu beachten gilt und was Sie beim Zelten mit Kindern unbedingt dabei haben sollten, erfahren Sie hier.<\/strong><\/p>\n<h2>Camping mit der ganzen Familie &#8211; die Vorteile<\/h2>\n<p style=\"text-align: justify;\">Wie bereits erw\u00e4hnt, ist es ein grosser Vorteil, dass der Nachwuchs den ganzen Tag draussen ist und nach Lust und Laune toben und spielen kann. Im Hotelzimmer m\u00fcssen sie ruhig sein, d\u00fcrfen nicht herumrennen und auf den Betten springen, um die anderen G\u00e4ste nicht zu st\u00f6ren. Das ist auf dem Campingplatz weniger das Problem, insofern er f\u00fcr Familien ausgelegt ist. Da Sie mit den Kids in Ihren eigenen vier W\u00e4nden unterwegs sind, m\u00fcssen Sie auch keine Angst haben, sie k\u00f6nnten etwas kaputt oder dreckig machen. Ein weiterer Vorteil ist, dass Sie an keine festen Zeiten gebunden sind. Sie k\u00f6nnen essen, wann Sie wollen und dadurch Ausfl\u00fcge und Co. besser planen. Sie aber auch Ihre Kinder werden mit anderen schneller in Kontakt kommen. Es ist etwas anderes, ob man in einem Hotel in der gleichen Etage wohnt oder auf dem Campingplatz nebeneinander lebt.<\/p>\n<figure id=\"attachment_11973\" aria-describedby=\"caption-attachment-11973\" style=\"width: 620px\" class=\"wp-caption aligncenter\"><img loading=\"lazy\" decoding=\"async\" class=\"wp-image-11973 size-full\" title=\"Camping bietet den Kindern einen maximalen Grad an Freiheit\" src=\"https:\/\/www.schlanser.ch\/magazin\/wp-content\/uploads\/2023\/04\/Zelten-mit-Kindern.jpg\" alt=\"2 Kinder beim Campen - Zelten mit Kindern \" width=\"620\" height=\"413\" srcset=\"https:\/\/www.schlanser.ch\/magazin\/wp-content\/uploads\/2023\/04\/Zelten-mit-Kindern.jpg 620w, https:\/\/www.schlanser.ch\/magazin\/wp-content\/uploads\/2023\/04\/Zelten-mit-Kindern-300x200.jpg 300w\" sizes=\"(max-width: 620px) 100vw, 620px\" \/><figcaption id=\"caption-attachment-11973\" class=\"wp-caption-text\">\u00a9 V&amp;P Photo Studio &#8211; stock.adobe.com<\/figcaption><\/figure>\n<h2>Den richtigen Campingplatz w\u00e4hlen<\/h2>\n<p style=\"text-align: justify;\">Der Familienurlaub steht und f\u00e4llt mit dem richtigen Campingplatz. Wer sorgenfrei und entspannt campen m\u00f6chte, sollte hier sorgf\u00e4ltig bei der Auswahl sein. Ein familienfreundlicher Campingplatz verf\u00fcgt \u00fcber folgende Punkte:<\/p>\n<ul>\n<li>kindgerechte Sanit\u00e4ranlagen (alternativ geht auch eine Campingtoilette),<\/li>\n<li>Spielplatz und andere Besch\u00e4ftigungsm\u00f6glichkeiten (zum Beispiel Animationsprogramme),<\/li>\n<li>weitl\u00e4ufiges und gut gesichertes Gel\u00e4nde,<\/li>\n<li>Wickelm\u00f6glichkeiten f\u00fcr Babys und Kleinkinder<\/li>\n<\/ul>\n<figure id=\"attachment_11997\" aria-describedby=\"caption-attachment-11997\" style=\"width: 620px\" class=\"wp-caption aligncenter\"><img loading=\"lazy\" decoding=\"async\" class=\"wp-image-11997 size-full\" title=\"Babys brauchen viel Pflege - gut ausgestattete Campingpl\u00e4tze bieten Wickelstationen\" src=\"https:\/\/www.schlanser.ch\/magazin\/wp-content\/uploads\/2023\/04\/Vater-Baby-Campen.jpg\" alt=\"Vater mit Baby beim Campen - Zelten mit Kindern und Baby\" width=\"620\" height=\"413\" srcset=\"https:\/\/www.schlanser.ch\/magazin\/wp-content\/uploads\/2023\/04\/Vater-Baby-Campen.jpg 620w, https:\/\/www.schlanser.ch\/magazin\/wp-content\/uploads\/2023\/04\/Vater-Baby-Campen-300x200.jpg 300w\" sizes=\"(max-width: 620px) 100vw, 620px\" \/><figcaption id=\"caption-attachment-11997\" class=\"wp-caption-text\">\u00a9 Aubrey &#8211; stock.adobe.com<\/figcaption><\/figure>\n<p style=\"text-align: justify;\">Ideal ist es, wenn die Nachbarn Verst\u00e4ndnis f\u00fcr Kinder haben, am besten selbst Kinder mitbringen. Wichtig ist auch, dass sich andere Familien auf dem Platz befinden, damit die Kinder Spielgef\u00e4hrden haben. Haben Sie auch im Hinterkopf, dass es sein kann, dass Sie im Urlaub Regentage erwarten. Achten Sie daher darauf, dass es in der Umgebung ausreichend Besch\u00e4ftigungsm\u00f6glichkeiten wie Indoor-Spielpl\u00e4tze, Hallenb\u00e4der, Burgen oder Museen gibt. Das mitgebrachte Spielzeug wird irgendwann auch langweilig. Wenn Sie dann den richtigen Campingplatz gefunden haben, ist es sinnvoll, den Stellplatz m\u00f6glichst nahe den Sanit\u00e4ranlagen zu buchen. So m\u00fcssen Sie keine weiten Strecken zur\u00fccklegen, wenn die Kleinen mal schnell auf Toilette m\u00fcssen. Das kann sprichw\u00f6rtlich in die Hose gehen. Gr\u00f6ssere Kinder k\u00f6nnen dann auch bequem allein zur Toilette gehen.<\/p>\n<figure id=\"attachment_11977\" aria-describedby=\"caption-attachment-11977\" style=\"width: 620px\" class=\"wp-caption aligncenter\"><img loading=\"lazy\" decoding=\"async\" class=\"wp-image-11977 size-full\" title=\"Ideal ist es, wenn in der N\u00e4he ein breit gef\u00e4chertes Freizeitangebot vorhanden ist\" src=\"https:\/\/www.schlanser.ch\/magazin\/wp-content\/uploads\/2023\/04\/Familie-badeanstalt.jpg\" alt=\"Junge Familie im Schwimmbad - Zelten mit Kindern \" width=\"620\" height=\"365\" srcset=\"https:\/\/www.schlanser.ch\/magazin\/wp-content\/uploads\/2023\/04\/Familie-badeanstalt.jpg 620w, https:\/\/www.schlanser.ch\/magazin\/wp-content\/uploads\/2023\/04\/Familie-badeanstalt-300x177.jpg 300w\" sizes=\"(max-width: 620px) 100vw, 620px\" \/><figcaption id=\"caption-attachment-11977\" class=\"wp-caption-text\">\u00a9 goodluz &#8211; stock.adobe.com<\/figcaption><\/figure>\n<h2>Zelten mit Kindern \u2013 die Grundausr\u00fcstung<\/h2>\n<p style=\"text-align: justify;\">An alles zu denken, wenn man ohne Nachwuchs losf\u00e4hrt, ist schon schwer. Doch Zelten mit Kindern ist noch mal eine ganz andere Herausforderung. Fakt ist, das Packen der Ausr\u00fcstung sollte unter h\u00f6chster Sorgfalt geschehen, damit nichts vergessen wird. Nat\u00fcrlich l\u00e4sst sich fast alles (ausser dem Lieblingskuscheltier) noch vor Ort besorgen, doch das sorgt nur f\u00fcr Stress und ein Loch in der Reisekasse. Das Wichtigste ist nat\u00fcrlich die <a href=\"https:\/\/www.schlanser.ch\/zelte\/\">Zelt-Ausr\u00fcstung<\/a>. Dazu geh\u00f6ren:<\/p>\n<ul>\n<li><a href=\"https:\/\/www.schlanser.ch\/zelte\/campingzelte\/familienzelte\/\">Familienzelt<\/a> oder mehrere Zelte bei gr\u00f6sseren Kindern,<\/li>\n<li>gem\u00fctliche und von unten isolierte Schlafunterlagen (zum Beispiel selbstaufblasbare Isomatten)<\/li>\n<li>Schlafs\u00e4cke (Schlafsack f\u00fcr Kinder und f\u00fcr Erwachsene),<\/li>\n<li>und nach Bedarf noch ein Kissen, eine Kuscheldecke etc.<\/li>\n<\/ul>\n<p><img loading=\"lazy\" decoding=\"async\" class=\"aligncenter wp-image-11979 size-full\" title=\"Berger Lagoon 4-L aufblasbares Familienzelt\" src=\"https:\/\/www.schlanser.ch\/magazin\/wp-content\/uploads\/2023\/04\/IMG_336910_1_210126062444ELsWGiOpgsYLD-1.jpg\" alt=\"Berger Lagoon 4-L aufblasbares Familienzelt\" width=\"620\" height=\"360\" srcset=\"https:\/\/www.schlanser.ch\/magazin\/wp-content\/uploads\/2023\/04\/IMG_336910_1_210126062444ELsWGiOpgsYLD-1.jpg 620w, https:\/\/www.schlanser.ch\/magazin\/wp-content\/uploads\/2023\/04\/IMG_336910_1_210126062444ELsWGiOpgsYLD-1-300x174.jpg 300w\" sizes=\"(max-width: 620px) 100vw, 620px\" \/><\/p>\n<p style=\"text-align: justify;\">Wichtig sind auch zus\u00e4tzliche Schattenspender, wie ein Pavillon. Zum einen kann man sich hier in die Schatten zur\u00fcckziehen, zum anderen sch\u00fctzt er das Zelt auch vor stundenlanger Sonneneinstrahlung. Sehr gut vor Wind und Wetter sch\u00fctzt auch ein <a href=\"https:\/\/www.schlanser.ch\/outdoor-freizeit\/wind-sonnenschutz\/pavillons-tarps\/\">Tarp<\/a>. Dabei handelt es sich um eine Plane, die entweder aufgeh\u00e4ngt oder aufgestellt und mittels \u00d6sen und Schlaufen befestigt wird. Unter dem Tarp kann auch sehr gut die Ausr\u00fcstung aufbewahrt werden. Der n\u00e4chste wichtige Part ist die passende Kleidung. Diese sollte f\u00fcr die ganze Familie in ausreichender Menge und f\u00fcr alle m\u00f6glichen Wetteroptionen vorhanden sein. Rechnen Sie in jedem Fall mit mehreren Regentagen und packen wetterfeste und warme Kleidung ein, auch wenn Sommer ist. Die Kleinen brauchen noch eine Matschhose, damit Sie auch im Regen draussen toben und auf den Knien unterwegs sein k\u00f6nnen. Bedenken Sie auch, dass nasse Kleidung im Zelt nur langsam trocknet und daher ausreichend Wechselkleidung vorhanden sein sollte. Umgekehrt, also f\u00fcr warmes und sonniges Wetter ist gen\u00fcgend Sonnenschutz wichtig. Ein luftiger und ein warmer Schlafanzug f\u00fcr die Nacht sowie ein Bademantel und Badekleidung sollten auch im Koffer laden.<\/p>\n<p><a href=\"https:\/\/www.schlanser.ch\/outdoor-freizeit\/wind-sonnenschutz\/pavillons-tarps\/46855\/berger-tarp-2x3-uv-50\"><img loading=\"lazy\" decoding=\"async\" class=\"aligncenter wp-image-11981 size-full\" title=\"Berger Tarp 2x3 UV+50\" src=\"https:\/\/www.schlanser.ch\/magazin\/wp-content\/uploads\/2023\/04\/IMG_328350_1_201001004751BLDWmoEtC29PY-1.jpg\" alt=\"Berger Tarp 2x3 UV+50\" width=\"620\" height=\"388\" srcset=\"https:\/\/www.schlanser.ch\/magazin\/wp-content\/uploads\/2023\/04\/IMG_328350_1_201001004751BLDWmoEtC29PY-1.jpg 620w, https:\/\/www.schlanser.ch\/magazin\/wp-content\/uploads\/2023\/04\/IMG_328350_1_201001004751BLDWmoEtC29PY-1-300x188.jpg 300w\" sizes=\"(max-width: 620px) 100vw, 620px\" \/><\/a><\/p>\n<h2>Weiteres Zubeh\u00f6r f\u00fcr das Zelten mit Kindern<\/h2>\n<p style=\"text-align: justify;\">Im Campingurlaub bleibt die K\u00fcche kalt und dennoch sollten ein paar wichtige K\u00fcchenutensilien vorhanden sein. Dazu geh\u00f6ren:<\/p>\n<ul>\n<li><a href=\"https:\/\/www.schlanser.ch\/haushalt\/camping-geschirr\/\">Campinggeschirr (Teller, Tassen, Sch\u00fcsseln und Besteck)<\/a><\/li>\n<li><a href=\"https:\/\/www.schlanser.ch\/fahrzeug\/wasser\/wasserbehaelter\/\">Wassertank<\/a><\/li>\n<li>T\u00f6pfe<\/li>\n<li>Gaskocher<\/li>\n<li>K\u00fcchenmesser<\/li>\n<li>Dosen\u00f6ffner<\/li>\n<li>nach Bedarf Grill und Grillzubeh\u00f6r<\/li>\n<\/ul>\n<p><img loading=\"lazy\" decoding=\"async\" class=\"aligncenter wp-image-11984\" title=\"Campingaz 3in1 Grill &amp; Kocher (Gaskartusche)\" src=\"https:\/\/www.schlanser.ch\/magazin\/wp-content\/uploads\/2023\/04\/IMG_443040_1_201104090959aWXQgJo8Xrl03-1.jpg\" alt=\"Campingaz 3in1 Grill &amp; Kocher (Gaskartusche)\" width=\"387\" height=\"387\" srcset=\"https:\/\/www.schlanser.ch\/magazin\/wp-content\/uploads\/2023\/04\/IMG_443040_1_201104090959aWXQgJo8Xrl03-1.jpg 500w, https:\/\/www.schlanser.ch\/magazin\/wp-content\/uploads\/2023\/04\/IMG_443040_1_201104090959aWXQgJo8Xrl03-1-300x300.jpg 300w, https:\/\/www.schlanser.ch\/magazin\/wp-content\/uploads\/2023\/04\/IMG_443040_1_201104090959aWXQgJo8Xrl03-1-150x150.jpg 150w\" sizes=\"(max-width: 387px) 100vw, 387px\" \/><\/p>\n<p style=\"text-align: justify;\">Der Kulturbeutel kommt nat\u00fcrlich auch mit. Was Sie hier alles einpacken, obliegt Ihren pers\u00f6nlichen Vorstellungen und Bed\u00fcrfnissen. Das wichtigste sind Zahnb\u00fcrsten, Zahnpasta, Sonnencreme, Hautcremes, Haarb\u00fcrsten, Duschbad, Shampoo, Deodorants, Seife und Feuchtt\u00fccher. Neben dem sollten Sie unbedingt an einen M\u00fcckenschutz in Form eines Anti-M\u00fcckensprays denken. Auch Handt\u00fccher, Waschlappen und die Wickeltasche d\u00fcrfen nicht fehlen. Eine Reiseapotheke geh\u00f6rt ebenfalls zur Grundausstattung. Neben allen Medikamenten, welche die Familie ben\u00f6tigt, geh\u00f6ren hier:<\/p>\n<ul>\n<li>Desinfektionsmittel,<\/li>\n<li>Pflaster und Verbandszeug,<\/li>\n<li>Wundsalbe,<\/li>\n<li><a href=\"https:\/\/www.schlanser.ch\/outdoor-freizeit\/outdoor-ausruestung\/insektenabwehr-mueckenschutz\/\">Zeckenzange<\/a> und<\/li>\n<li>Medikamente gegen Husten, Schnupfen, Fieber und Bauchschmerzen hinein.<\/li>\n<\/ul>\n<p><a href=\"https:\/\/www.schlanser.ch\/outdoor-freizeit\/outdoor-ausruestung\/insektenabwehr-mueckenschutz\/213297\/zeckenzange\"><img loading=\"lazy\" decoding=\"async\" class=\"aligncenter wp-image-11986 \" title=\"Zeckenzange\" src=\"https:\/\/www.schlanser.ch\/magazin\/wp-content\/uploads\/2023\/04\/IMG_517020_1_210316234351PhaW2NXY3j1x8-1.jpg\" alt=\"Zeckenzange\" width=\"529\" height=\"116\" srcset=\"https:\/\/www.schlanser.ch\/magazin\/wp-content\/uploads\/2023\/04\/IMG_517020_1_210316234351PhaW2NXY3j1x8-1.jpg 620w, https:\/\/www.schlanser.ch\/magazin\/wp-content\/uploads\/2023\/04\/IMG_517020_1_210316234351PhaW2NXY3j1x8-1-300x66.jpg 300w\" sizes=\"(max-width: 529px) 100vw, 529px\" \/><\/a><\/p>\n<p style=\"text-align: justify;\">Unbedingt zum Zelten mit Kindern geh\u00f6ren auch <a href=\"https:\/\/www.schlanser.ch\/outdoor-freizeit\/campinglampen\/led-campingleuchten\/\">Taschenlampen oder Stirnlampen<\/a>. Wenn Sie oder die Kinder nachts mal auf Toilette m\u00fcssen, sind diese unverzichtbar. Das gilt nat\u00fcrlich auch f\u00fcr schaurige Nachtwanderungen oder die abendliche Lesestunde im Zelt. Am besten eignen sich robuste Taschenlampen, die auch mal herunterfallen oder nass werden k\u00f6nnen.<\/p>\n<p><a href=\"https:\/\/www.schlanser.ch\/outdoor-freizeit\/campinglampen\/led-campingleuchten\/211589\/led-stirnlampe\"><img loading=\"lazy\" decoding=\"async\" class=\"aligncenter wp-image-11989 size-full\" title=\"LED Stirnlampe\" src=\"https:\/\/www.schlanser.ch\/magazin\/wp-content\/uploads\/2023\/04\/IMG_516980_2_210126230714FmsIrxjK81JKd-1.jpg\" alt=\"LED Stirnlampe\" width=\"620\" height=\"388\" srcset=\"https:\/\/www.schlanser.ch\/magazin\/wp-content\/uploads\/2023\/04\/IMG_516980_2_210126230714FmsIrxjK81JKd-1.jpg 620w, https:\/\/www.schlanser.ch\/magazin\/wp-content\/uploads\/2023\/04\/IMG_516980_2_210126230714FmsIrxjK81JKd-1-300x188.jpg 300w\" sizes=\"(max-width: 620px) 100vw, 620px\" \/><\/a><\/p>\n<p style=\"text-align: justify;\">Ein grosses Thema beim Zelten mit Kindern ist auch der M\u00fcckenschutz. Neben einem M\u00fcckenspray hilft ein Baldachin zuverl\u00e4ssig vor M\u00fccken. Der Baldachin wird direkt \u00fcber den Schlafplatz angebracht und h\u00e4lt so die stechenden Plagen fern. Vor allem, wenn Sie mit kleinen Kindern unterwegs sind, bietet sich ein <a href=\"https:\/\/www.schlanser.ch\/outdoor-freizeit\/transportieren-befestigen\/transportieren-befestigen\/\">Bollerwagen<\/a> an. Das ist f\u00fcr alle leichter, hier k\u00f6nnen nicht nur die Kinder, sondern auch das Gep\u00e4ck transportiert werden. Wer keinen Bollerwagen besitzt, kann sich vorher informieren, ob der Campingplatz einen Bollerwagen-Verleih anbietet.<\/p>\n<p><img loading=\"lazy\" decoding=\"async\" class=\"aligncenter wp-image-11991\" title=\"Berger Bollerwagen\" src=\"https:\/\/www.schlanser.ch\/magazin\/wp-content\/uploads\/2023\/04\/IMG_822080_1_201001154600eRSXRU2qGzzsD-1.jpg\" alt=\"Berger Bollerwagen\" width=\"421\" height=\"453\" srcset=\"https:\/\/www.schlanser.ch\/magazin\/wp-content\/uploads\/2023\/04\/IMG_822080_1_201001154600eRSXRU2qGzzsD-1.jpg 500w, https:\/\/www.schlanser.ch\/magazin\/wp-content\/uploads\/2023\/04\/IMG_822080_1_201001154600eRSXRU2qGzzsD-1-279x300.jpg 279w\" sizes=\"(max-width: 421px) 100vw, 421px\" \/><\/p>\n<p style=\"text-align: justify;\">Nat\u00fcrlich l\u00e4sst sich die Auflistung noch erweitern. Je nach pers\u00f6nlichen Bed\u00fcrfnissen reisen manche Familien mit einer eher minimalistischen Grundausstattung, andere f\u00fchren ihren halben Hausrat mit. Vor allem, was Sie an Spielzeug und Besch\u00e4ftigungsm\u00f6glichkeiten f\u00fcr Ihre Kinder brauchen, variiert von Familie zu Familie stark. Sie wissen am Ende am besten, was f\u00fcr Ihre Familie wichtig ist, damit Sie einen gl\u00fccklichen und zufriedenen Campingurlaub erleben k\u00f6nnen.<\/p>\n","protected":false},"excerpt":{"rendered":"<p>Zelten mit Kindern \u2013 das klingt f\u00fcr viele erst mal nach Stress. Doch dem ist nicht so, denn auf den zweiten Blick ist Campingurlaub mit Kindern deutlich entspannter als ein Familienurlaub im Hotel. Schliesslich sind die Kleinen auf dem Campingplatz den ganzen Tag draussen und k\u00f6nnen toben. Voraussetzung ist nat\u00fcrlich ein familienfreundlicher Campingplatz, damit die &hellip;<\/p>\n","protected":false},"author":1,"featured_media":11996,"comment_status":"closed","ping_status":"open","sticky":false,"template":"","format":"standard","meta":{"footnotes":""},"categories":[2],"tags":[1696,407,1694,895,1695,1693,333,1692,1691],"yoast_head":"<!-- This site is optimized with the Yoast SEO plugin v22.2 - https:\/\/yoast.com\/wordpress\/plugins\/seo\/ -->\n<title>Woran Sie beim Zelten mit Kindern denken sollten - Schlanser Magazin<\/title>\n<meta name=\"description\" content=\"Das Schlanser Magazin l\u00e4dt Sie &amp; Ihre Kinder zum Zelten ein\u2714 \u2013 Die besten Pl\u00e4tze + Checkliste, was alles ins Gep\u00e4ck muss beim Zelten mit Kindern!\" \/>\n<meta name=\"robots\" content=\"index, follow, max-snippet:-1, max-image-preview:large, max-video-preview:-1\" \/>\n<link rel=\"canonical\" href=\"https:\/\/www.schlanser.ch\/magazin\/woran-sie-beim-zelten-mit-kindern-denken-sollten\/\" \/>\n<meta property=\"og:locale\" content=\"de_DE\" \/>\n<meta property=\"og:type\" content=\"article\" \/>\n<meta property=\"og:title\" content=\"Woran Sie beim Zelten mit Kindern denken sollten - Schlanser Magazin\" \/>\n<meta property=\"og:description\" content=\"Das Schlanser Magazin l\u00e4dt Sie &amp; Ihre Kinder zum Zelten ein\u2714 \u2013 Die besten Pl\u00e4tze + Checkliste, was alles ins Gep\u00e4ck muss beim Zelten mit Kindern!\" \/>\n<meta property=\"og:url\" content=\"https:\/\/www.schlanser.ch\/magazin\/woran-sie-beim-zelten-mit-kindern-denken-sollten\/\" \/>\n<meta property=\"og:site_name\" content=\"Schlanser Magazin\" \/>\n<meta property=\"article:published_time\" content=\"2021-04-21T08:04:49+00:00\" \/>\n<meta property=\"article:modified_time\" content=\"2024-01-10T14:47:54+00:00\" \/>\n<meta property=\"og:image\" content=\"https:\/\/www.schlanser.ch\/magazin\/wp-content\/uploads\/2023\/04\/Vater-Sohn-Zeltaufbau.jpg\" \/>\n\t<meta property=\"og:image:width\" content=\"660\" \/>\n\t<meta property=\"og:image:height\" content=\"324\" \/>\n\t<meta property=\"og:image:type\" content=\"image\/jpeg\" \/>\n<meta name=\"author\" content=\"admin\" \/>\n<meta name=\"twitter:card\" content=\"summary_large_image\" \/>\n<meta name=\"twitter:label1\" content=\"Verfasst von\" \/>\n\t<meta name=\"twitter:data1\" content=\"admin\" \/>\n\t<meta name=\"twitter:label2\" content=\"Gesch\u00e4tzte Lesezeit\" \/>\n\t<meta name=\"twitter:data2\" content=\"6 Minuten\" \/>\n<script type=\"application\/ld+json\" class=\"yoast-schema-graph\">{\"@context\":\"https:\/\/schema.org\",\"@graph\":[{\"@type\":\"WebPage\",\"@id\":\"https:\/\/www.schlanser.ch\/magazin\/woran-sie-beim-zelten-mit-kindern-denken-sollten\/\",\"url\":\"https:\/\/www.schlanser.ch\/magazin\/woran-sie-beim-zelten-mit-kindern-denken-sollten\/\",\"name\":\"Woran Sie beim Zelten mit Kindern denken sollten - Schlanser Magazin\",\"isPartOf\":{\"@id\":\"https:\/\/www.schlanser.ch\/magazin\/#website\"},\"primaryImageOfPage\":{\"@id\":\"https:\/\/www.schlanser.ch\/magazin\/woran-sie-beim-zelten-mit-kindern-denken-sollten\/#primaryimage\"},\"image\":{\"@id\":\"https:\/\/www.schlanser.ch\/magazin\/woran-sie-beim-zelten-mit-kindern-denken-sollten\/#primaryimage\"},\"thumbnailUrl\":\"https:\/\/www.schlanser.ch\/magazin\/wp-content\/uploads\/2023\/04\/Vater-Sohn-Zeltaufbau.jpg\",\"datePublished\":\"2021-04-21T08:04:49+00:00\",\"dateModified\":\"2024-01-10T14:47:54+00:00\",\"author\":{\"@id\":\"https:\/\/www.schlanser.ch\/magazin\/#\/schema\/person\/000db0a103eb2594ba3daf394b1dfea2\"},\"description\":\"Das Schlanser Magazin l\u00e4dt Sie & Ihre Kinder zum Zelten ein\u2714 \u2013 Die besten Pl\u00e4tze + Checkliste, was alles ins Gep\u00e4ck muss beim Zelten mit Kindern!\",\"breadcrumb\":{\"@id\":\"https:\/\/www.schlanser.ch\/magazin\/woran-sie-beim-zelten-mit-kindern-denken-sollten\/#breadcrumb\"},\"inLanguage\":\"de-DE\",\"potentialAction\":[{\"@type\":\"ReadAction\",\"target\":[\"https:\/\/www.schlanser.ch\/magazin\/woran-sie-beim-zelten-mit-kindern-denken-sollten\/\"]}]},{\"@type\":\"ImageObject\",\"inLanguage\":\"de-DE\",\"@id\":\"https:\/\/www.schlanser.ch\/magazin\/woran-sie-beim-zelten-mit-kindern-denken-sollten\/#primaryimage\",\"url\":\"https:\/\/www.schlanser.ch\/magazin\/wp-content\/uploads\/2023\/04\/Vater-Sohn-Zeltaufbau.jpg\",\"contentUrl\":\"https:\/\/www.schlanser.ch\/magazin\/wp-content\/uploads\/2023\/04\/Vater-Sohn-Zeltaufbau.jpg\",\"width\":660,\"height\":324,\"caption\":\"\u00a9 vectorfusionart - stock.adobe.com\"},{\"@type\":\"BreadcrumbList\",\"@id\":\"https:\/\/www.schlanser.ch\/magazin\/woran-sie-beim-zelten-mit-kindern-denken-sollten\/#breadcrumb\",\"itemListElement\":[{\"@type\":\"ListItem\",\"position\":1,\"name\":\"Startseite\",\"item\":\"https:\/\/www.schlanser.ch\/magazin\/\"},{\"@type\":\"ListItem\",\"position\":2,\"name\":\"Woran Sie beim Zelten mit Kindern denken sollten\"}]},{\"@type\":\"WebSite\",\"@id\":\"https:\/\/www.schlanser.ch\/magazin\/#website\",\"url\":\"https:\/\/www.schlanser.ch\/magazin\/\",\"name\":\"Schlanser Magazin\",\"description\":\"\",\"potentialAction\":[{\"@type\":\"SearchAction\",\"target\":{\"@type\":\"EntryPoint\",\"urlTemplate\":\"https:\/\/www.schlanser.ch\/magazin\/?s={search_term_string}\"},\"query-input\":\"required name=search_term_string\"}],\"inLanguage\":\"de-DE\"},{\"@type\":\"Person\",\"@id\":\"https:\/\/www.schlanser.ch\/magazin\/#\/schema\/person\/000db0a103eb2594ba3daf394b1dfea2\",\"name\":\"admin\",\"image\":{\"@type\":\"ImageObject\",\"inLanguage\":\"de-DE\",\"@id\":\"https:\/\/www.schlanser.ch\/magazin\/#\/schema\/person\/image\/\",\"url\":\"https:\/\/secure.gravatar.com\/avatar\/a794a4fe8a9b9c52241597eb381dfa2e?s=96&d=mm&r=g\",\"contentUrl\":\"https:\/\/secure.gravatar.com\/avatar\/a794a4fe8a9b9c52241597eb381dfa2e?s=96&d=mm&r=g\",\"caption\":\"admin\"}}]}<\/script>\n<!-- \/ Yoast SEO plugin. -->","yoast_head_json":{"title":"Woran Sie beim Zelten mit Kindern denken sollten - Schlanser Magazin","description":"Das Schlanser Magazin l\u00e4dt Sie & Ihre Kinder zum Zelten ein\u2714 \u2013 Die besten Pl\u00e4tze + Checkliste, was alles ins Gep\u00e4ck muss beim Zelten mit Kindern!","robots":{"index":"index","follow":"follow","max-snippet":"max-snippet:-1","max-image-preview":"max-image-preview:large","max-video-preview":"max-video-preview:-1"},"canonical":"https:\/\/www.schlanser.ch\/magazin\/woran-sie-beim-zelten-mit-kindern-denken-sollten\/","og_locale":"de_DE","og_type":"article","og_title":"Woran Sie beim Zelten mit Kindern denken sollten - Schlanser Magazin","og_description":"Das Schlanser Magazin l\u00e4dt Sie & Ihre Kinder zum Zelten ein\u2714 \u2013 Die besten Pl\u00e4tze + Checkliste, was alles ins Gep\u00e4ck muss beim Zelten mit Kindern!","og_url":"https:\/\/www.schlanser.ch\/magazin\/woran-sie-beim-zelten-mit-kindern-denken-sollten\/","og_site_name":"Schlanser Magazin","article_published_time":"2021-04-21T08:04:49+00:00","article_modified_time":"2024-01-10T14:47:54+00:00","og_image":[{"width":660,"height":324,"url":"https:\/\/www.schlanser.ch\/magazin\/wp-content\/uploads\/2023\/04\/Vater-Sohn-Zeltaufbau.jpg","type":"image\/jpeg"}],"author":"admin","twitter_card":"summary_large_image","twitter_misc":{"Verfasst von":"admin","Gesch\u00e4tzte Lesezeit":"6 Minuten"},"schema":{"@context":"https:\/\/schema.org","@graph":[{"@type":"WebPage","@id":"https:\/\/www.schlanser.ch\/magazin\/woran-sie-beim-zelten-mit-kindern-denken-sollten\/","url":"https:\/\/www.schlanser.ch\/magazin\/woran-sie-beim-zelten-mit-kindern-denken-sollten\/","name":"Woran Sie beim Zelten mit Kindern denken sollten - Schlanser Magazin","isPartOf":{"@id":"https:\/\/www.schlanser.ch\/magazin\/#website"},"primaryImageOfPage":{"@id":"https:\/\/www.schlanser.ch\/magazin\/woran-sie-beim-zelten-mit-kindern-denken-sollten\/#primaryimage"},"image":{"@id":"https:\/\/www.schlanser.ch\/magazin\/woran-sie-beim-zelten-mit-kindern-denken-sollten\/#primaryimage"},"thumbnailUrl":"https:\/\/www.schlanser.ch\/magazin\/wp-content\/uploads\/2023\/04\/Vater-Sohn-Zeltaufbau.jpg","datePublished":"2021-04-21T08:04:49+00:00","dateModified":"2024-01-10T14:47:54+00:00","author":{"@id":"https:\/\/www.schlanser.ch\/magazin\/#\/schema\/person\/000db0a103eb2594ba3daf394b1dfea2"},"description":"Das Schlanser Magazin l\u00e4dt Sie & Ihre Kinder zum Zelten ein\u2714 \u2013 Die besten Pl\u00e4tze + Checkliste, was alles ins Gep\u00e4ck muss beim Zelten mit Kindern!","breadcrumb":{"@id":"https:\/\/www.schlanser.ch\/magazin\/woran-sie-beim-zelten-mit-kindern-denken-sollten\/#breadcrumb"},"inLanguage":"de-DE","potentialAction":[{"@type":"ReadAction","target":["https:\/\/www.schlanser.ch\/magazin\/woran-sie-beim-zelten-mit-kindern-denken-sollten\/"]}]},{"@type":"ImageObject","inLanguage":"de-DE","@id":"https:\/\/www.schlanser.ch\/magazin\/woran-sie-beim-zelten-mit-kindern-denken-sollten\/#primaryimage","url":"https:\/\/www.schlanser.ch\/magazin\/wp-content\/uploads\/2023\/04\/Vater-Sohn-Zeltaufbau.jpg","contentUrl":"https:\/\/www.schlanser.ch\/magazin\/wp-content\/uploads\/2023\/04\/Vater-Sohn-Zeltaufbau.jpg","width":660,"height":324,"caption":"\u00a9 vectorfusionart - stock.adobe.com"},{"@type":"BreadcrumbList","@id":"https:\/\/www.schlanser.ch\/magazin\/woran-sie-beim-zelten-mit-kindern-denken-sollten\/#breadcrumb","itemListElement":[{"@type":"ListItem","position":1,"name":"Startseite","item":"https:\/\/www.schlanser.ch\/magazin\/"},{"@type":"ListItem","position":2,"name":"Woran Sie beim Zelten mit Kindern denken sollten"}]},{"@type":"WebSite","@id":"https:\/\/www.schlanser.ch\/magazin\/#website","url":"https:\/\/www.schlanser.ch\/magazin\/","name":"Schlanser Magazin","description":"","potentialAction":[{"@type":"SearchAction","target":{"@type":"EntryPoint","urlTemplate":"https:\/\/www.schlanser.ch\/magazin\/?s={search_term_string}"},"query-input":"required name=search_term_string"}],"inLanguage":"de-DE"},{"@type":"Person","@id":"https:\/\/www.schlanser.ch\/magazin\/#\/schema\/person\/000db0a103eb2594ba3daf394b1dfea2","name":"admin","image":{"@type":"ImageObject","inLanguage":"de-DE","@id":"https:\/\/www.schlanser.ch\/magazin\/#\/schema\/person\/image\/","url":"https:\/\/secure.gravatar.com\/avatar\/a794a4fe8a9b9c52241597eb381dfa2e?s=96&d=mm&r=g","contentUrl":"https:\/\/secure.gravatar.com\/avatar\/a794a4fe8a9b9c52241597eb381dfa2e?s=96&d=mm&r=g","caption":"admin"}}]}},"_links":{"self":[{"href":"https:\/\/www.schlanser.ch\/magazin\/wp-json\/wp\/v2\/posts\/11968"}],"collection":[{"href":"https:\/\/www.schlanser.ch\/magazin\/wp-json\/wp\/v2\/posts"}],"about":[{"href":"https:\/\/www.schlanser.ch\/magazin\/wp-json\/wp\/v2\/types\/post"}],"author":[{"embeddable":true,"href":"https:\/\/www.schlanser.ch\/magazin\/wp-json\/wp\/v2\/users\/1"}],"replies":[{"embeddable":true,"href":"https:\/\/www.schlanser.ch\/magazin\/wp-json\/wp\/v2\/comments?post=11968"}],"version-history":[{"count":29,"href":"https:\/\/www.schlanser.ch\/magazin\/wp-json\/wp\/v2\/posts\/11968\/revisions"}],"predecessor-version":[{"id":17369,"href":"https:\/\/www.schlanser.ch\/magazin\/wp-json\/wp\/v2\/posts\/11968\/revisions\/17369"}],"wp:featuredmedia":[{"embeddable":true,"href":"https:\/\/www.schlanser.ch\/magazin\/wp-json\/wp\/v2\/media\/11996"}],"wp:attachment":[{"href":"https:\/\/www.schlanser.ch\/magazin\/wp-json\/wp\/v2\/media?parent=11968"}],"wp:term":[{"taxonomy":"category","embeddable":true,"href":"https:\/\/www.schlanser.ch\/magazin\/wp-json\/wp\/v2\/categories?post=11968"},{"taxonomy":"post_tag","embeddable":true,"href":"https:\/\/www.schlanser.ch\/magazin\/wp-json\/wp\/v2\/tags?post=11968"}],"curies":[{"name":"wp","href":"https:\/\/api.w.org\/{rel}","templated":true}]}}