{"id":12225,"date":"2021-05-12T16:36:17","date_gmt":"2021-05-12T14:36:17","guid":{"rendered":"https:\/\/www.schlanser.ch\/magazin\/?p=12225"},"modified":"2026-03-05T16:21:04","modified_gmt":"2026-03-05T15:21:04","slug":"faltschrank-fuer-die-campingkueche","status":"publish","type":"post","link":"https:\/\/www.schlanser.ch\/magazin\/faltschrank-fuer-die-campingkueche\/","title":{"rendered":"Der Faltschrank f\u00fcr die Campingk\u00fcche"},"content":{"rendered":"<h2>\u00ab Platzsparende mobile Vorratshaltung \u00bb<\/h2>\n<p style=\"text-align: justify;\"><strong>Eine <\/strong><a href=\"https:\/\/www.schlanser.ch\/haushalt\/\"><strong>Campingk\u00fcche<\/strong><\/a><strong> mit ausreichend Platz f\u00fcr Lebensmittel, <\/strong><a href=\"https:\/\/www.schlanser.ch\/haushalt\/camping-haushalt\/\"><strong>T\u00f6pfe und andere Kochutensilien<\/strong><\/a><strong>, Platz f\u00fcr den <\/strong><strong>Gaskocher oder das Induktionskochfeld<\/strong><strong>, <\/strong><a href=\"https:\/\/www.schlanser.ch\/haushalt\/camping-geschirr\/\"><strong>griffbereites Geschirr und Besteck<\/strong><\/a><strong> \u2013 das sind die Geheimnisse einer stressfreien Versorgung mit kulinarischen K\u00f6stlichkeiten im Campingurlaub. Lesen Sie hier, wie Sie Ihre Campingk\u00fcche effektiv einrichten k\u00f6nnen.<\/strong><\/p>\n<h2>Vorzeltk\u00fcche gestern und heute<\/h2>\n<p style=\"text-align: justify;\">In den ersten Campingversuchen reichte es meist ganz sporadisch M\u00fcsli und H-Milch dabeizuhaben und sich aufs Erw\u00e4rmen von Konserven mit einem einflammigen Gaskocher zu beschr\u00e4nken. Familienurlaub oder Geniesserurlaub erfordern aber eine wesentlich bessere Ausstattung der Campingk\u00fcche. Daf\u00fcr entsteht damit die M\u00f6glichkeit, abends mehrg\u00e4ngige Men\u00fcs in geselliger Runde zu schmausen. Die Wohnmobilk\u00fcche ist meist schon gut ausgestattet und alles hat seinen Platz. Etwas grossz\u00fcgiger ist es, wenn Sie eine Vorzeltk\u00fcche einrichten. Das Platzangebot ist dann einfach gr\u00f6sser. Mit einem Faltschrank sparen Sie Stauraum w\u00e4hrend der Anreise und verf\u00fcgen dann vor Ort \u00fcber enormen Stauraum und grossz\u00fcgige Arbeitsfl\u00e4chen.<\/p>\n<p><img loading=\"lazy\" decoding=\"async\" class=\"aligncenter wp-image-12234 size-full\" title=\"Camptime Venus freistehendes K\u00fcchen- \/ Universalzelt\" src=\"https:\/\/www.schlanser.ch\/magazin\/wp-content\/uploads\/2021\/06\/camptime-venus-freistehendes-kuechen-universalzelt.jpg\" alt=\"camptime-venus-freistehendes-kuechen-universalzelt\" width=\"600\" height=\"375\" srcset=\"https:\/\/www.schlanser.ch\/magazin\/wp-content\/uploads\/2021\/06\/camptime-venus-freistehendes-kuechen-universalzelt.jpg 600w, https:\/\/www.schlanser.ch\/magazin\/wp-content\/uploads\/2021\/06\/camptime-venus-freistehendes-kuechen-universalzelt-300x188.jpg 300w\" sizes=\"(max-width: 600px) 100vw, 600px\" \/><\/p>\n<h2>Abends am Campingplatz \u2013 lustiges Treiben unerw\u00fcnschter Besucher<\/h2>\n<p style=\"text-align: justify;\">Die Kinder schlafen schon, die Ruhe kehrt langsam ein und Sie geniessen noch ein k\u00fchles Getr\u00e4nk vor Ihrem <a href=\"https:\/\/www.schlanser.ch\/zelte\/vorzelte\/\">Vorzelt<\/a>. Neben dem abendlichen Treiben der anderen G\u00e4ste k\u00f6nnen Sie nun auch d\u00e4mmerungsaktive Tiere beobachten: Kaninchen und M\u00e4use huschen \u00fcber die Pl\u00e4tze, nachts werden sich auch einige Ratten tummeln. Bei allen Massnahmen der Campingplatzbetreiber, wo Menschen sind, sind auch Nagetiere. Sp\u00e4testens jetzt nehmen Sie sich vor, die Lebensmittel gut zu verstauen. Eine wichtige Regel lautet: Lebensmittel nicht liegen lassen. Dies lockt die hungrigen Besucher zus\u00e4tzlich an. Ein <a href=\"https:\/\/www.schlanser.ch\/moebel\/campingmoebel\/campingschraenke\/\">Faltschrank<\/a> sch\u00fctzt die Vorr\u00e4te gegen Ungeziefer und r\u00e4uberische Nagetiere und sch\u00fctzt Sie dadurch vor den unangenehmen Besuchern.<\/p>\n<p><img loading=\"lazy\" decoding=\"async\" class=\"aligncenter wp-image-12236\" title=\"Crespo Faltschrank AP\/ 107\" src=\"https:\/\/www.schlanser.ch\/magazin\/wp-content\/uploads\/2021\/06\/crespo-faltschrank-ap-107.jpg\" alt=\"crespo-faltschrank-ap-107\" width=\"348\" height=\"450\" srcset=\"https:\/\/www.schlanser.ch\/magazin\/wp-content\/uploads\/2021\/06\/crespo-faltschrank-ap-107.jpg 464w, https:\/\/www.schlanser.ch\/magazin\/wp-content\/uploads\/2021\/06\/crespo-faltschrank-ap-107-232x300.jpg 232w\" sizes=\"(max-width: 348px) 100vw, 348px\" \/><\/p>\n<h2>Empfehlungen zum gewohnten Kocherlebnis \u2013 wie ein Berger Campingschrank Ihre pers\u00f6nlichen Vorlieben realisiert<\/h2>\n<p style=\"text-align: justify;\">M\u00f6chten Sie das K\u00fcchenequipment \u00fcbersichtlich verstauen, so dass auch die Kinder problemlos den Tisch decken k\u00f6nnen? Oder m\u00f6chten Sie m\u00f6glichst viel in wenig Schr\u00e4nken unterbringen, um Platz zu sparen? Einen Berger Campingschrank finden Sie in allen Variationen, vom kleinen Stauraum bis hin zur grossen K\u00fcchenkombination zum Verstauen, Vorbereiten und Zubereiten.<\/p>\n<blockquote>\n<p style=\"text-align: justify;\">Ob als Faltschrank oder Kofferschrank, Berger bietet Vielfalt und Qualit\u00e4t f\u00fcr s\u00e4mtliche Bed\u00fcrfnisse von Campern.<\/p>\n<\/blockquote>\n<h2>Die K\u00fcche im Koffer \u2013 Vor- und Nachteile der Kofferbox<\/h2>\n<p style=\"text-align: justify;\">Statt eines Stangengestells kann der Faltschrank f\u00fcr das Vorzelt auch als Koffermodell ausgew\u00e4hlt werden. Von Bel Sol gibt es einen schicken Faltschrank, der als Koffer konzipiert ist. Die kleine Variante entspricht einer Kofferbox, die grosse Variante entspricht einem K\u00fcchenmodul mit sehr viel Stauraum.<\/p>\n<p><img loading=\"lazy\" decoding=\"async\" class=\"aligncenter wp-image-12241\" title=\"Bel Sol Nancy K\u00fcchenmodul\" src=\"https:\/\/www.schlanser.ch\/magazin\/wp-content\/uploads\/2021\/06\/bel-sol-nancy-kuechenmodul.jpg\" alt=\"bel-sol-nancy-kuechenmodul\" width=\"358\" height=\"450\" srcset=\"https:\/\/www.schlanser.ch\/magazin\/wp-content\/uploads\/2021\/06\/bel-sol-nancy-kuechenmodul.jpg 398w, https:\/\/www.schlanser.ch\/magazin\/wp-content\/uploads\/2021\/06\/bel-sol-nancy-kuechenmodul-239x300.jpg 239w\" sizes=\"(max-width: 358px) 100vw, 358px\" \/><\/p>\n<p style=\"text-align: justify;\">Die Kofferbox von Berger hat ein praktisches kleines Format und eignet sich perfekt als Erg\u00e4nzung zu einer gr\u00f6sseren K\u00fcchenbox. Die obere Platte dient bei der K\u00fcche im Koffer als Arbeitsplatte und der untere Teil stellt eine durchgehende Bodenplatte dar. Diese Variante bringt den Vorteil der grossen Stabilit\u00e4t mit sich. Die Arbeitsplatte ist dann leicht \u00fcberstehend und besonders gross.<\/p>\n<p><img loading=\"lazy\" decoding=\"async\" class=\"aligncenter wp-image-12238\" title=\"Berger Kofferbox Tampere S\" src=\"https:\/\/www.schlanser.ch\/magazin\/wp-content\/uploads\/2021\/06\/berger-kofferbox-tampere-s.jpg\" alt=\"berger-kofferbox-tampere-s Faltschrank\" width=\"341\" height=\"450\" srcset=\"https:\/\/www.schlanser.ch\/magazin\/wp-content\/uploads\/2021\/06\/berger-kofferbox-tampere-s.jpg 454w, https:\/\/www.schlanser.ch\/magazin\/wp-content\/uploads\/2021\/06\/berger-kofferbox-tampere-s-227x300.jpg 227w\" sizes=\"(max-width: 341px) 100vw, 341px\" \/><\/p>\n<p style=\"text-align: justify;\">Beim Verstauen w\u00e4hrend der Reise sind die Stoffkomponenten sehr gut gegen Besch\u00e4digungen gesch\u00fctzt, weil sie von Arbeits- und Bodenplatte eingeschlossen werden. Ausserdem ist das Packmass dann besonders flach. Ein Nachteil ergibt sich aus der durchgehenden Bodenplatte bei unebenem Untergrund. Hier besteht die Gefahr des Wackelns.<\/p>\n<h2>Windschutz ja oder nein?<\/h2>\n<p style=\"text-align: justify;\">Im Gegensatz zur Wohnmobilk\u00fcche m\u00fcssen Sie bei der Vorzeltk\u00fcche gegebenenfalls den Wind in die Planung mit einbeziehen. Gute Bel\u00fcftung ist einerseits vorteilhaft, da Dampf und Ger\u00fcche abtransportiert werden, andererseits kann aber bei starkem Wind die Flamme des Gaskochers ausgeblasen werden.<\/p>\n<p><img loading=\"lazy\" decoding=\"async\" class=\"aligncenter wp-image-12230\" title=\"Crespo Faltschrank AP\/105\" src=\"https:\/\/www.schlanser.ch\/magazin\/wp-content\/uploads\/2021\/06\/crespo-faltschrank-ap-105.jpg\" alt=\"crespo-faltschrank-ap-105\" width=\"405\" height=\"500\" srcset=\"https:\/\/www.schlanser.ch\/magazin\/wp-content\/uploads\/2021\/06\/crespo-faltschrank-ap-105.jpg 500w, https:\/\/www.schlanser.ch\/magazin\/wp-content\/uploads\/2021\/06\/crespo-faltschrank-ap-105-243x300.jpg 243w\" sizes=\"(max-width: 405px) 100vw, 405px\" \/><\/p>\n<p style=\"text-align: justify;\">Besonders \u00e4rgerlich ist das, wenn Sie seit geraumer Zeit auf das Sieden des Nudelwassers warten und irgendwann feststellen, dass die Flamme l\u00e4ngst unbemerkt erloschen ist. Auch f\u00fcr die Zubereitung von Speisen ist ein Windschutz, je nach Standort n\u00fctzlich, damit das Salz auch wirklich auf den Speisen landet und nicht in alle Winde verstreut wird.<\/p>\n<p><img loading=\"lazy\" decoding=\"async\" class=\"aligncenter wp-image-12249 size-full\" title=\"Berger K\u00fcchenbox Premium II schwarz\" src=\"https:\/\/www.schlanser.ch\/magazin\/wp-content\/uploads\/2021\/06\/Berger-Kuechenbox-Premium-II-schwarz.jpg\" alt=\"Berger Kuechenbox Premium II schwarz\" width=\"500\" height=\"500\" srcset=\"https:\/\/www.schlanser.ch\/magazin\/wp-content\/uploads\/2021\/06\/Berger-Kuechenbox-Premium-II-schwarz.jpg 500w, https:\/\/www.schlanser.ch\/magazin\/wp-content\/uploads\/2021\/06\/Berger-Kuechenbox-Premium-II-schwarz-300x300.jpg 300w, https:\/\/www.schlanser.ch\/magazin\/wp-content\/uploads\/2021\/06\/Berger-Kuechenbox-Premium-II-schwarz-150x150.jpg 150w\" sizes=\"(max-width: 500px) 100vw, 500px\" \/><\/p>\n<p style=\"text-align: justify;\">Bei einigen Faltschrank Modellen, wie etwa dem Crespo Faltschrank m\u00fcssen Sie den Windschutz extra dazukaufen. Bei anderen, wie zum Beispiel bei der Berger K\u00fcchenbox, ist er schon inklusive.<\/p>\n<h2>Gerader Stand auf jedem Untergrund \u2013 Varianten bei Brunner, Crespo und Bel Sol<\/h2>\n<p style=\"text-align: justify;\">Klar ist, ein Gasherd muss absolut sicher stehen und auch T\u00f6pfe, die mit Wasser gef\u00fcllt sind, m\u00fcssen zuverl\u00e4ssig Halt finden. Der Faltschrank muss also absolut sicher stehen und darf nicht wackeln. Ob Sie auf sandigem Boden, auf Rasen oder auf steinigem Untergrund campen, k\u00f6nnen Sie selten vorher wissen. Die Varianten unterscheiden sich von Campingschrank zu Campingschrank. Nichts ist beim Zubereiten des Essens nerviger, als wenn die Zutaten st\u00e4ndig von der Arbeitsplatte rutschen.<\/p>\n<p><img loading=\"lazy\" decoding=\"async\" class=\"aligncenter wp-image-12252\" title=\"Brunner Razor Ultralight LS K\u00fcchenbox\" src=\"https:\/\/www.schlanser.ch\/magazin\/wp-content\/uploads\/2021\/06\/brunner-razor-ultralight-ls-kuechenbox.jpg\" alt=\"brunner-razor-ultralight-ls-kuechenbox Faltschrank\" width=\"341\" height=\"450\" srcset=\"https:\/\/www.schlanser.ch\/magazin\/wp-content\/uploads\/2021\/06\/brunner-razor-ultralight-ls-kuechenbox.jpg 379w, https:\/\/www.schlanser.ch\/magazin\/wp-content\/uploads\/2021\/06\/brunner-razor-ultralight-ls-kuechenbox-227x300.jpg 227w\" sizes=\"(max-width: 341px) 100vw, 341px\" \/><\/p>\n<p style=\"text-align: justify;\">Die Brunner Razor Ultralight CT K\u00fcchenbox kann dank der eingelassenen Wasserwaage \u00fcberall in Waage aufgestellt werden, die einzeln h\u00f6henverstellbaren F\u00fcsse sind dabei Gold wert. Die K\u00fcchenbox besticht mit einem Gewicht von nur 5,9 kg und verf\u00fcgt \u00fcber eine elegante Arbeitsplatte aus Aluminium und Bambus.<\/p>\n<p><img loading=\"lazy\" decoding=\"async\" class=\"aligncenter wp-image-12232\" title=\"Crespo AP\/102 Faltschrank\" src=\"https:\/\/www.schlanser.ch\/magazin\/wp-content\/uploads\/2021\/06\/crespo-ap-102-faltschrank.jpg\" alt=\"crespo-ap-102-faltschrank\" width=\"319\" height=\"500\" srcset=\"https:\/\/www.schlanser.ch\/magazin\/wp-content\/uploads\/2021\/06\/crespo-ap-102-faltschrank.jpg 383w, https:\/\/www.schlanser.ch\/magazin\/wp-content\/uploads\/2021\/06\/crespo-ap-102-faltschrank-192x300.jpg 192w\" sizes=\"(max-width: 319px) 100vw, 319px\" \/><\/p>\n<p style=\"text-align: justify;\">Der Crespo Faltschrank verf\u00fcgt \u00fcber selbst nivellierende F\u00fcsschen, die sich selbst an unebenen, steinigen Untergrund anpassen. Hier bekommen Sie sicheren Halt beim R\u00fcebli schneiden. F\u00fcr Sandboden sind am besten die Koffer-Schrank-Varianten, zum Beispiel von Bel Sol geeignet, die eine feste Bodenplatte besitzen.<\/p>\n<p><img loading=\"lazy\" decoding=\"async\" class=\"aligncenter wp-image-12243\" title=\"Bel Sol Jutta K\u00fcchenmodul\" src=\"https:\/\/www.schlanser.ch\/magazin\/wp-content\/uploads\/2021\/06\/bel-sol-jutta-kuechenmodul.jpg\" alt=\"bel-sol-jutta-kuechenmodul\" width=\"456\" height=\"450\" srcset=\"https:\/\/www.schlanser.ch\/magazin\/wp-content\/uploads\/2021\/06\/bel-sol-jutta-kuechenmodul.jpg 500w, https:\/\/www.schlanser.ch\/magazin\/wp-content\/uploads\/2021\/06\/bel-sol-jutta-kuechenmodul-300x296.jpg 300w\" sizes=\"(max-width: 456px) 100vw, 456px\" \/><\/p>\n<h2>Das Schrank-Leichtgewicht von Outwell<\/h2>\n<p style=\"text-align: justify;\">Der Outwell Campingschrank Bahamas eignet sich weniger f\u00fcr Lebensmittelvorr\u00e4te als viel mehr f\u00fcr T\u00f6pfe, Pfannen, Geschirr und Gl\u00e4ser oder eben als Schrank f\u00fcr Kleidung sowie Badutensilien. Er ist ein Leichtgewicht unter den Faltschr\u00e4nken und verf\u00fcgt \u00fcber Klappt\u00fcren mit Magnetverschluss, die ger\u00e4uschlos und elegant \u00f6ffnen und schliessen.<\/p>\n<p><img loading=\"lazy\" decoding=\"async\" class=\"aligncenter wp-image-12257\" title=\"Outwell Campingschrank Bahamas\" src=\"https:\/\/www.schlanser.ch\/magazin\/wp-content\/uploads\/2021\/06\/Outwell-Campingschrank-Bahamas.jpg\" alt=\"Outwell Campingschrank Bahamas Faltschrank\" width=\"429\" height=\"450\" srcset=\"https:\/\/www.schlanser.ch\/magazin\/wp-content\/uploads\/2021\/06\/Outwell-Campingschrank-Bahamas.jpg 500w, https:\/\/www.schlanser.ch\/magazin\/wp-content\/uploads\/2021\/06\/Outwell-Campingschrank-Bahamas-286x300.jpg 286w\" sizes=\"(max-width: 429px) 100vw, 429px\" \/><\/p>\n<p style=\"text-align: justify;\">Ordnung und \u00dcbersichtlichkeit beim Camping bringen die entspannenden Freuden des Kochens erst richtig zur Geltung. Beeindrucken Sie Ihre abendlichen G\u00e4ste mit einem k\u00f6stlichen Men\u00fc, wie Sie es auch zu Hause serviert h\u00e4tten. Mit den richtigen Faltschr\u00e4nken haben Sie gen\u00fcgend Stauraum f\u00fcr die Zubereitung genussvoller Gaumenfreuden.<\/p>\n","protected":false},"excerpt":{"rendered":"<p>\u00ab Platzsparende mobile Vorratshaltung \u00bb Eine Campingk\u00fcche mit ausreichend Platz f\u00fcr Lebensmittel, T\u00f6pfe und andere Kochutensilien, Platz f\u00fcr den Gaskocher oder das Induktionskochfeld, griffbereites Geschirr und Besteck \u2013 das sind die Geheimnisse einer stressfreien Versorgung mit kulinarischen K\u00f6stlichkeiten im Campingurlaub. Lesen Sie hier, wie Sie Ihre Campingk\u00fcche effektiv einrichten k\u00f6nnen. Vorzeltk\u00fcche gestern und heute In &hellip;<\/p>\n","protected":false},"author":1,"featured_media":12256,"comment_status":"closed","ping_status":"open","sticky":false,"template":"","format":"standard","meta":{"footnotes":""},"categories":[3],"tags":[18,799,384,407,631,467,1621,1720,1722,37,1723,962,56,1284,1721],"yoast_head":"<!-- This site is optimized with the Yoast SEO plugin v22.2 - https:\/\/yoast.com\/wordpress\/plugins\/seo\/ -->\n<title>Der Faltschrank f\u00fcr die Campingk\u00fcche - Schlanser Magazin<\/title>\n<meta name=\"description\" content=\"Campingschr\u00e4nke sind unscheinbar und doch so praktisch \u2714 Das Schlanser Campingmagazin zeigt platzsparende L\u00f6sungen f\u00fcr die Campingk\u00fcche!\" \/>\n<meta name=\"robots\" content=\"noindex, follow\" \/>\n<meta property=\"og:locale\" content=\"de_DE\" \/>\n<meta property=\"og:type\" content=\"article\" \/>\n<meta property=\"og:title\" content=\"Der Faltschrank f\u00fcr die Campingk\u00fcche - Schlanser Magazin\" \/>\n<meta property=\"og:description\" content=\"Campingschr\u00e4nke sind unscheinbar und doch so praktisch \u2714 Das Schlanser Campingmagazin zeigt platzsparende L\u00f6sungen f\u00fcr die Campingk\u00fcche!\" \/>\n<meta property=\"og:url\" content=\"https:\/\/www.schlanser.ch\/magazin\/faltschrank-fuer-die-campingkueche\/\" \/>\n<meta property=\"og:site_name\" content=\"Schlanser Magazin\" \/>\n<meta property=\"article:published_time\" content=\"2021-05-12T14:36:17+00:00\" \/>\n<meta property=\"article:modified_time\" content=\"2026-03-05T15:21:04+00:00\" \/>\n<meta property=\"og:image\" content=\"https:\/\/www.schlanser.ch\/magazin\/wp-content\/uploads\/2021\/06\/Der-Faltschrank-fuer-die-Campingkueche.jpg\" \/>\n\t<meta property=\"og:image:width\" content=\"800\" \/>\n\t<meta property=\"og:image:height\" content=\"500\" \/>\n\t<meta property=\"og:image:type\" content=\"image\/jpeg\" \/>\n<meta name=\"author\" content=\"admin\" \/>\n<meta name=\"twitter:card\" content=\"summary_large_image\" \/>\n<meta name=\"twitter:label1\" content=\"Verfasst von\" \/>\n\t<meta name=\"twitter:data1\" content=\"admin\" \/>\n\t<meta name=\"twitter:label2\" content=\"Gesch\u00e4tzte Lesezeit\" \/>\n\t<meta name=\"twitter:data2\" content=\"8 Minuten\" \/>\n<script type=\"application\/ld+json\" class=\"yoast-schema-graph\">{\"@context\":\"https:\/\/schema.org\",\"@graph\":[{\"@type\":\"WebPage\",\"@id\":\"https:\/\/www.schlanser.ch\/magazin\/faltschrank-fuer-die-campingkueche\/\",\"url\":\"https:\/\/www.schlanser.ch\/magazin\/faltschrank-fuer-die-campingkueche\/\",\"name\":\"Der Faltschrank f\u00fcr die Campingk\u00fcche - Schlanser Magazin\",\"isPartOf\":{\"@id\":\"https:\/\/www.schlanser.ch\/magazin\/#website\"},\"primaryImageOfPage\":{\"@id\":\"https:\/\/www.schlanser.ch\/magazin\/faltschrank-fuer-die-campingkueche\/#primaryimage\"},\"image\":{\"@id\":\"https:\/\/www.schlanser.ch\/magazin\/faltschrank-fuer-die-campingkueche\/#primaryimage\"},\"thumbnailUrl\":\"https:\/\/www.schlanser.ch\/magazin\/wp-content\/uploads\/2021\/06\/Der-Faltschrank-fuer-die-Campingkueche.jpg\",\"datePublished\":\"2021-05-12T14:36:17+00:00\",\"dateModified\":\"2026-03-05T15:21:04+00:00\",\"author\":{\"@id\":\"https:\/\/www.schlanser.ch\/magazin\/#\/schema\/person\/000db0a103eb2594ba3daf394b1dfea2\"},\"description\":\"Campingschr\u00e4nke sind unscheinbar und doch so praktisch \u2714 Das Schlanser Campingmagazin zeigt platzsparende L\u00f6sungen f\u00fcr die Campingk\u00fcche!\",\"breadcrumb\":{\"@id\":\"https:\/\/www.schlanser.ch\/magazin\/faltschrank-fuer-die-campingkueche\/#breadcrumb\"},\"inLanguage\":\"de-DE\",\"potentialAction\":[{\"@type\":\"ReadAction\",\"target\":[\"https:\/\/www.schlanser.ch\/magazin\/faltschrank-fuer-die-campingkueche\/\"]}]},{\"@type\":\"ImageObject\",\"inLanguage\":\"de-DE\",\"@id\":\"https:\/\/www.schlanser.ch\/magazin\/faltschrank-fuer-die-campingkueche\/#primaryimage\",\"url\":\"https:\/\/www.schlanser.ch\/magazin\/wp-content\/uploads\/2021\/06\/Der-Faltschrank-fuer-die-Campingkueche.jpg\",\"contentUrl\":\"https:\/\/www.schlanser.ch\/magazin\/wp-content\/uploads\/2021\/06\/Der-Faltschrank-fuer-die-Campingkueche.jpg\",\"width\":800,\"height\":500},{\"@type\":\"BreadcrumbList\",\"@id\":\"https:\/\/www.schlanser.ch\/magazin\/faltschrank-fuer-die-campingkueche\/#breadcrumb\",\"itemListElement\":[{\"@type\":\"ListItem\",\"position\":1,\"name\":\"Startseite\",\"item\":\"https:\/\/www.schlanser.ch\/magazin\/\"},{\"@type\":\"ListItem\",\"position\":2,\"name\":\"Der Faltschrank f\u00fcr die Campingk\u00fcche\"}]},{\"@type\":\"WebSite\",\"@id\":\"https:\/\/www.schlanser.ch\/magazin\/#website\",\"url\":\"https:\/\/www.schlanser.ch\/magazin\/\",\"name\":\"Schlanser Magazin\",\"description\":\"\",\"potentialAction\":[{\"@type\":\"SearchAction\",\"target\":{\"@type\":\"EntryPoint\",\"urlTemplate\":\"https:\/\/www.schlanser.ch\/magazin\/?s={search_term_string}\"},\"query-input\":\"required name=search_term_string\"}],\"inLanguage\":\"de-DE\"},{\"@type\":\"Person\",\"@id\":\"https:\/\/www.schlanser.ch\/magazin\/#\/schema\/person\/000db0a103eb2594ba3daf394b1dfea2\",\"name\":\"admin\",\"image\":{\"@type\":\"ImageObject\",\"inLanguage\":\"de-DE\",\"@id\":\"https:\/\/www.schlanser.ch\/magazin\/#\/schema\/person\/image\/\",\"url\":\"https:\/\/secure.gravatar.com\/avatar\/a794a4fe8a9b9c52241597eb381dfa2e?s=96&d=mm&r=g\",\"contentUrl\":\"https:\/\/secure.gravatar.com\/avatar\/a794a4fe8a9b9c52241597eb381dfa2e?s=96&d=mm&r=g\",\"caption\":\"admin\"}}]}<\/script>\n<!-- \/ Yoast SEO plugin. -->","yoast_head_json":{"title":"Der Faltschrank f\u00fcr die Campingk\u00fcche - Schlanser Magazin","description":"Campingschr\u00e4nke sind unscheinbar und doch so praktisch \u2714 Das Schlanser Campingmagazin zeigt platzsparende L\u00f6sungen f\u00fcr die Campingk\u00fcche!","robots":{"index":"noindex","follow":"follow"},"og_locale":"de_DE","og_type":"article","og_title":"Der Faltschrank f\u00fcr die Campingk\u00fcche - Schlanser Magazin","og_description":"Campingschr\u00e4nke sind unscheinbar und doch so praktisch \u2714 Das Schlanser Campingmagazin zeigt platzsparende L\u00f6sungen f\u00fcr die Campingk\u00fcche!","og_url":"https:\/\/www.schlanser.ch\/magazin\/faltschrank-fuer-die-campingkueche\/","og_site_name":"Schlanser Magazin","article_published_time":"2021-05-12T14:36:17+00:00","article_modified_time":"2026-03-05T15:21:04+00:00","og_image":[{"width":800,"height":500,"url":"https:\/\/www.schlanser.ch\/magazin\/wp-content\/uploads\/2021\/06\/Der-Faltschrank-fuer-die-Campingkueche.jpg","type":"image\/jpeg"}],"author":"admin","twitter_card":"summary_large_image","twitter_misc":{"Verfasst von":"admin","Gesch\u00e4tzte Lesezeit":"8 Minuten"},"schema":{"@context":"https:\/\/schema.org","@graph":[{"@type":"WebPage","@id":"https:\/\/www.schlanser.ch\/magazin\/faltschrank-fuer-die-campingkueche\/","url":"https:\/\/www.schlanser.ch\/magazin\/faltschrank-fuer-die-campingkueche\/","name":"Der Faltschrank f\u00fcr die Campingk\u00fcche - Schlanser Magazin","isPartOf":{"@id":"https:\/\/www.schlanser.ch\/magazin\/#website"},"primaryImageOfPage":{"@id":"https:\/\/www.schlanser.ch\/magazin\/faltschrank-fuer-die-campingkueche\/#primaryimage"},"image":{"@id":"https:\/\/www.schlanser.ch\/magazin\/faltschrank-fuer-die-campingkueche\/#primaryimage"},"thumbnailUrl":"https:\/\/www.schlanser.ch\/magazin\/wp-content\/uploads\/2021\/06\/Der-Faltschrank-fuer-die-Campingkueche.jpg","datePublished":"2021-05-12T14:36:17+00:00","dateModified":"2026-03-05T15:21:04+00:00","author":{"@id":"https:\/\/www.schlanser.ch\/magazin\/#\/schema\/person\/000db0a103eb2594ba3daf394b1dfea2"},"description":"Campingschr\u00e4nke sind unscheinbar und doch so praktisch \u2714 Das Schlanser Campingmagazin zeigt platzsparende L\u00f6sungen f\u00fcr die Campingk\u00fcche!","breadcrumb":{"@id":"https:\/\/www.schlanser.ch\/magazin\/faltschrank-fuer-die-campingkueche\/#breadcrumb"},"inLanguage":"de-DE","potentialAction":[{"@type":"ReadAction","target":["https:\/\/www.schlanser.ch\/magazin\/faltschrank-fuer-die-campingkueche\/"]}]},{"@type":"ImageObject","inLanguage":"de-DE","@id":"https:\/\/www.schlanser.ch\/magazin\/faltschrank-fuer-die-campingkueche\/#primaryimage","url":"https:\/\/www.schlanser.ch\/magazin\/wp-content\/uploads\/2021\/06\/Der-Faltschrank-fuer-die-Campingkueche.jpg","contentUrl":"https:\/\/www.schlanser.ch\/magazin\/wp-content\/uploads\/2021\/06\/Der-Faltschrank-fuer-die-Campingkueche.jpg","width":800,"height":500},{"@type":"BreadcrumbList","@id":"https:\/\/www.schlanser.ch\/magazin\/faltschrank-fuer-die-campingkueche\/#breadcrumb","itemListElement":[{"@type":"ListItem","position":1,"name":"Startseite","item":"https:\/\/www.schlanser.ch\/magazin\/"},{"@type":"ListItem","position":2,"name":"Der Faltschrank f\u00fcr die Campingk\u00fcche"}]},{"@type":"WebSite","@id":"https:\/\/www.schlanser.ch\/magazin\/#website","url":"https:\/\/www.schlanser.ch\/magazin\/","name":"Schlanser Magazin","description":"","potentialAction":[{"@type":"SearchAction","target":{"@type":"EntryPoint","urlTemplate":"https:\/\/www.schlanser.ch\/magazin\/?s={search_term_string}"},"query-input":"required name=search_term_string"}],"inLanguage":"de-DE"},{"@type":"Person","@id":"https:\/\/www.schlanser.ch\/magazin\/#\/schema\/person\/000db0a103eb2594ba3daf394b1dfea2","name":"admin","image":{"@type":"ImageObject","inLanguage":"de-DE","@id":"https:\/\/www.schlanser.ch\/magazin\/#\/schema\/person\/image\/","url":"https:\/\/secure.gravatar.com\/avatar\/a794a4fe8a9b9c52241597eb381dfa2e?s=96&d=mm&r=g","contentUrl":"https:\/\/secure.gravatar.com\/avatar\/a794a4fe8a9b9c52241597eb381dfa2e?s=96&d=mm&r=g","caption":"admin"}}]}},"_links":{"self":[{"href":"https:\/\/www.schlanser.ch\/magazin\/wp-json\/wp\/v2\/posts\/12225"}],"collection":[{"href":"https:\/\/www.schlanser.ch\/magazin\/wp-json\/wp\/v2\/posts"}],"about":[{"href":"https:\/\/www.schlanser.ch\/magazin\/wp-json\/wp\/v2\/types\/post"}],"author":[{"embeddable":true,"href":"https:\/\/www.schlanser.ch\/magazin\/wp-json\/wp\/v2\/users\/1"}],"replies":[{"embeddable":true,"href":"https:\/\/www.schlanser.ch\/magazin\/wp-json\/wp\/v2\/comments?post=12225"}],"version-history":[{"count":37,"href":"https:\/\/www.schlanser.ch\/magazin\/wp-json\/wp\/v2\/posts\/12225\/revisions"}],"predecessor-version":[{"id":17387,"href":"https:\/\/www.schlanser.ch\/magazin\/wp-json\/wp\/v2\/posts\/12225\/revisions\/17387"}],"wp:featuredmedia":[{"embeddable":true,"href":"https:\/\/www.schlanser.ch\/magazin\/wp-json\/wp\/v2\/media\/12256"}],"wp:attachment":[{"href":"https:\/\/www.schlanser.ch\/magazin\/wp-json\/wp\/v2\/media?parent=12225"}],"wp:term":[{"taxonomy":"category","embeddable":true,"href":"https:\/\/www.schlanser.ch\/magazin\/wp-json\/wp\/v2\/categories?post=12225"},{"taxonomy":"post_tag","embeddable":true,"href":"https:\/\/www.schlanser.ch\/magazin\/wp-json\/wp\/v2\/tags?post=12225"}],"curies":[{"name":"wp","href":"https:\/\/api.w.org\/{rel}","templated":true}]}}