{"id":12620,"date":"2021-06-24T11:11:17","date_gmt":"2021-06-24T09:11:17","guid":{"rendered":"https:\/\/www.schlanser.ch\/magazin\/?p=12620"},"modified":"2024-01-10T15:48:35","modified_gmt":"2024-01-10T14:48:35","slug":"berger-vorzelte-im-vergleich","status":"publish","type":"post","link":"https:\/\/www.schlanser.ch\/magazin\/berger-vorzelte-im-vergleich\/","title":{"rendered":"Berger Vorzelte im Vergleich"},"content":{"rendered":"<h2>\u00ab Das passende Vorzelt f\u00fcr Ihre Campingferien \u00bb<\/h2>\n<p style=\"text-align: justify;\"><strong>Endlich wieder Urlaub, endlich wieder mit dem Wohnmobil quer durch alle L\u00e4nder reisen. Wer mit seinem Wohnwagen unterwegs ist, profitiert von der Anschaffung eines Vorzelts. Damit erweitern Sie nicht nur Ihren Wohnraum, sondern erhalten auch zus\u00e4tzliche Abstellfl\u00e4che. Schliesslich m\u00fcssen <\/strong><a href=\"https:\/\/www.schlanser.ch\/\"><strong>Campingausr\u00fcstung<\/strong><\/a><strong>, Fahrr\u00e4der, <\/strong><a href=\"https:\/\/www.schlanser.ch\/haushalt\/kocher-grills\/campinggrills\/\"><strong>Grill<\/strong><\/a><strong>, <\/strong><a href=\"https:\/\/www.schlanser.ch\/moebel\/campingmoebel\/\"><strong>Campingtische- und St\u00fchle<\/strong><\/a><strong> irgendwo Platz finden. Auch die Vorr\u00e4te und das Trinkwasser sollten sicher untergestellt sein. Ein Vorzelt eignet sich zu vielerlei Zwecken und stellt in jedem Fall einen Mehrwert f\u00fcr Camper dar. Was es bei der Auswahl des Vorzeltes zu beachten gibt und wie Sie Ihr passendes St\u00fcck finden, erfahren Sie hier. Zudem haben wir einen Vorzelte Vergleich mit verschiedenen Modellen der <\/strong><a href=\"https:\/\/www.schlanser.ch\/zelte\/vorzelte\/\"><strong>Berger Vorzelte<\/strong><\/a><strong> f\u00fcr Sie.<\/strong><\/p>\n<h2>Die verschiedenen Arten von Vorzelten<\/h2>\n<p style=\"text-align: justify;\">Vielleicht denken Sie jetzt, Vorzelt ist gleich Vorzelt. Was soll es hier noch mal f\u00fcr verschiedene Arten geben? Tats\u00e4chlich unterscheiden sich diese in einigen Punkten, zum Beispiel in der Gr\u00f6sse.<\/p>\n<div class=\"box note  \"><div class=\"box-inner-block\"><i class=\"fa tie-shortcode-boxicon\"><\/i>\n\t\t\tAber auch den Anspruch, den Sie an das Zelt stellen und wozu Sie es gebrauchen wollen, sind wichtige Parameter.\n\t\t\t<\/div><\/div>\n<h2>Ganzzelte \u00fcber die gesamte Breite des Wohnwagens<\/h2>\n<p style=\"text-align: justify;\">Unter Ganzzelten versteht man <a href=\"https:\/\/www.schlanser.ch\/zelte\/vorzelte\/wohnwagenvorzelte\/\">Wohnwagenvorzelte<\/a>, die \u00fcber die komplette Wohnwagenbreite reichen. Eine andere Bezeichnung f\u00fcr die Vorzeltart lautet Zelt mit Volleinzug. Es wird mit einem Keder in die Kederschiene eingef\u00fchrt und anschliessend durch das komplette Umlaufmass der Leiste gezogen. Solch ein Ganzzelt ist ideal f\u00fcr Camper, die viel Platz ben\u00f6tigen und die L\u00e4nge ihres Fahrzeugs komplett ausnutzen m\u00f6chten. Das sind nat\u00fcrlich meist die Saisoncamper.<\/p>\n<p><img loading=\"lazy\" decoding=\"async\" class=\"aligncenter wp-image-12657 size-full\" title=\"Berger QEK Junior Wohnwagenvorzelt\" src=\"https:\/\/www.schlanser.ch\/magazin\/wp-content\/uploads\/2021\/07\/Berger-QEK-Junior-Wohnwagenvorzelt.jpg\" alt=\"Berger QEK Junior Wohnwagenvorzelt\" width=\"800\" height=\"500\" srcset=\"https:\/\/www.schlanser.ch\/magazin\/wp-content\/uploads\/2021\/07\/Berger-QEK-Junior-Wohnwagenvorzelt.jpg 800w, https:\/\/www.schlanser.ch\/magazin\/wp-content\/uploads\/2021\/07\/Berger-QEK-Junior-Wohnwagenvorzelt-300x188.jpg 300w, https:\/\/www.schlanser.ch\/magazin\/wp-content\/uploads\/2021\/07\/Berger-QEK-Junior-Wohnwagenvorzelt-768x480.jpg 768w\" sizes=\"(max-width: 800px) 100vw, 800px\" \/><\/p>\n<p style=\"text-align: justify;\">So schaffen Sie sich ein gewisses Mass an Zusatzfl\u00e4che und k\u00f6nnen diese als Wohn- oder Stauraum nutzen. Wichtiger allerdings ist, dass es sich um robustes Material handelt, aus dem Dach und Seitenw\u00e4nde bestehen. Unbedingt sollten Camper darauf achten, dass Ihr Vorzelt als Ganzjahresvorzelt oder zumindest als Saisonvorzelt klassifiziert sind. Reisevorzelte sind nicht f\u00fcr den dauerhaften Einsatz geeignet, daf\u00fcr aber mobiler, leichter und schneller aufgebaut.<\/p>\n<h2>Teilzelte f\u00fcr Wohnmobil<\/h2>\n<p style=\"text-align: justify;\">Eine zweite Art der Vorzelte sind Teilzelte. Wie es der Name bereits verr\u00e4t, unterscheiden sie sich von den Ganzzelten dahingehend, dass sie nur \u00fcber einen Teil des Fahrzeugs reichen. Die gesamte L\u00e4nge des Wohnwagens wird also nicht mit dem Vorzelt abgedeckt. <a href=\"https:\/\/www.schlanser.ch\/zelte\/vorzelte\/reisemobil-busvorzelte\/\">Buszelte<\/a> geh\u00f6ren auch mit in diese Kategorie der Teilzelte. Mittels Schaumstoffpolster und Anpressstangen wird das Zelt an einer oder beiden Seiten an der Fahrzeugwand abgedichtet.<\/p>\n<div class=\"box success  \"><div class=\"box-inner-block\"><i class=\"fa tie-shortcode-boxicon\"><\/i>\n\t\t\tTeilzelte eignen sich f\u00fcr Camper, die gerne zu zweit verreisen und nicht viel Platz ben\u00f6tigen.\n\t\t\t<\/div><\/div>\n<p style=\"text-align: justify;\">Das meiste spielt sich ohnehin im Wohnwagen ab und das Vorzelt wird eigentlich nur gebraucht, um ein paar Sachen unterzustellen. In diesem Fall ist ein Teilzelt eine gute und ausreichende L\u00f6sung. Auch f\u00fcr Campernomaden, die \u00f6fters den Standort wechseln, sind diese Zelte ideal.<\/p>\n<h2>Beispiele f\u00fcr Berger Vorzelte aus der Kategorie Ganzzelte<\/h2>\n<h3>Berger Palermo II Saisonvorzelt<\/h3>\n<p style=\"text-align: justify;\">Dieses Berger Vorzelt mit dem Namen Palermo II ist wetterecht und daher das ganze Jahr benutzbar. Damit gen\u00fcgend Licht hineinkommt verf\u00fcgt es \u00fcber grosse Fensterklappen. Ist Privatsph\u00e4re gew\u00fcnscht oder soll die Sonne nicht hineinscheinen, k\u00f6nnen die Fensterklappen abgedeckt und abgedunkelt werden.<\/p>\n<p><a href=\"https:\/\/www.schlanser.ch\/zelte\/vorzelte\/wohnwagenvorzelte\/23172\/berger-palermo-ii-saisonvorzelt\"><img loading=\"lazy\" decoding=\"async\" class=\"aligncenter wp-image-12626 size-full\" title=\"Berger Palermo II Saisonvorzelt\" src=\"https:\/\/www.schlanser.ch\/magazin\/wp-content\/uploads\/2021\/07\/Berger-Palermo-II-Saisonvorzelt.jpg\" alt=\"Berger Palermo II Saisonvorzelt\" width=\"800\" height=\"501\" srcset=\"https:\/\/www.schlanser.ch\/magazin\/wp-content\/uploads\/2021\/07\/Berger-Palermo-II-Saisonvorzelt.jpg 800w, https:\/\/www.schlanser.ch\/magazin\/wp-content\/uploads\/2021\/07\/Berger-Palermo-II-Saisonvorzelt-300x188.jpg 300w, https:\/\/www.schlanser.ch\/magazin\/wp-content\/uploads\/2021\/07\/Berger-Palermo-II-Saisonvorzelt-768x481.jpg 768w\" sizes=\"(max-width: 800px) 100vw, 800px\" \/><\/a><\/p>\n<p style=\"text-align: justify;\">Das Fritz Berger Vorzelt Palermo verf\u00fcgt zudem \u00fcber eine Sturmabspannung, die einmal ringsum geht und ist damit besonders sicher. Die Vorderwand ist jederzeit austauschbar, die Eingangst\u00fcr kann hochgerollt werden. Auch die Seitenw\u00e4nde sind herausnehmbar und verf\u00fcgen \u00fcber ein grosses L\u00fcftungsfenster. An beiden Seiten sind an den Fenstern <a href=\"https:\/\/www.schlanser.ch\/outdoor-freizeit\/outdoor-ausruestung\/insektenabwehr-mueckenschutz\/\">Moskitonetze<\/a> angebracht. Insgesamt ist das Vorzelt nach Saisonende leicht zu reinigen.<\/p>\n<h3>Berger Sirmione III Reisevorzelt<\/h3>\n<p style=\"text-align: justify;\">Auch bei diesem Ganzzelt mit dem Namen Sirmione III ist die Vorder- und Seitenwand herausnehmbar. Die Eingangst\u00fcr befindet sich hier am Seitenteil, sowohl links als auch rechts und ist jederzeit hochrollbar. F\u00fcr die Verandastangen sind passende Hohls\u00e4ume vorhanden.<\/p>\n<p><img loading=\"lazy\" decoding=\"async\" class=\"aligncenter wp-image-12628 size-full\" title=\"Berger Sirmione III Reisevorzelt\" src=\"https:\/\/www.schlanser.ch\/magazin\/wp-content\/uploads\/2021\/07\/Berger-Sirmione-III-Reisevorzelt.jpg\" alt=\"Berger Sirmione III Reisevorzelt Berger Vorzelte im Vergleich\" width=\"800\" height=\"499\" srcset=\"https:\/\/www.schlanser.ch\/magazin\/wp-content\/uploads\/2021\/07\/Berger-Sirmione-III-Reisevorzelt.jpg 800w, https:\/\/www.schlanser.ch\/magazin\/wp-content\/uploads\/2021\/07\/Berger-Sirmione-III-Reisevorzelt-300x187.jpg 300w, https:\/\/www.schlanser.ch\/magazin\/wp-content\/uploads\/2021\/07\/Berger-Sirmione-III-Reisevorzelt-768x479.jpg 768w\" sizes=\"(max-width: 800px) 100vw, 800px\" \/><\/p>\n<p style=\"text-align: justify;\">Die grossz\u00fcgigen Fenster f\u00fcr ausreichend Licht im Vorzelt sind aus Moskitogaze und einer Pr\u00e4gefolien-Aussenklappe, die mittels Reissverschluss bedient wird. F\u00fcr eine sichere Wetterfestigkeit sorgt der wetterfeste Erdstreifen. Damit ausreichend Luft in das Fritz Berger Vorzelt Sirmione III kommt, gibt es eine Giebelhochentl\u00fcftung.<\/p>\n<h3>Berger Fehmarn IV All-Season Ganzjahresvorzelt<\/h3>\n<p style=\"text-align: justify;\">Bei dem Fritz Berger Camping Vorzelt Fehmarn besteht die Vorderwand aus zwei Seitenteilen und ist komplett herausnahm- und austauschbar. Die Eingangst\u00fcr kann ganz nach Ihren Bed\u00fcrfnissen links, in der Mitte oder rechts aussen positioniert werden. F\u00fcr einen besseren Durchgangsverkehr kann die T\u00fcr hochgerollt und befestigt werden. F\u00fcr ein weiteres Sturmgest\u00e4nge oder Verandastangen sind die H\u00f6hls\u00e4ume bereits vorhanden. Die Fenster an der Vorderwand sind verschliessbar, f\u00fcr die T\u00fcr gibt es einen zus\u00e4tzlichen Moskitoschutz.<\/p>\n<p><a href=\"https:\/\/www.schlanser.ch\/zelte\/vorzelte\/wohnwagenvorzelte\/209896\/berger-fehmarn-iv-all-season-ganzjahresvorzelt\"><img loading=\"lazy\" decoding=\"async\" class=\"aligncenter wp-image-12630 size-full\" title=\"Berger Fehmarn IV All-Season Ganzjahresvorzelt\" src=\"https:\/\/www.schlanser.ch\/magazin\/wp-content\/uploads\/2021\/07\/Berger-Fehmarn-IV-All-Season-Ganzjahresvorzelt.jpg\" alt=\"Berger Fehmarn IV All-Season Ganzjahresvorzelt\" width=\"800\" height=\"500\" srcset=\"https:\/\/www.schlanser.ch\/magazin\/wp-content\/uploads\/2021\/07\/Berger-Fehmarn-IV-All-Season-Ganzjahresvorzelt.jpg 800w, https:\/\/www.schlanser.ch\/magazin\/wp-content\/uploads\/2021\/07\/Berger-Fehmarn-IV-All-Season-Ganzjahresvorzelt-300x188.jpg 300w, https:\/\/www.schlanser.ch\/magazin\/wp-content\/uploads\/2021\/07\/Berger-Fehmarn-IV-All-Season-Ganzjahresvorzelt-768x480.jpg 768w\" sizes=\"(max-width: 800px) 100vw, 800px\" \/><\/a><\/p>\n<p style=\"text-align: justify;\">Damit keine Feuchtigkeit in den Innenraum gelangt, sind die Reisverschl\u00fcsse extra abgedeckt. Auch die Seitenw\u00e4nde des Fehmarn Vorzelts lassen sich komplett herausnehmen. In jeder Seite gibt es eine gebogene Eingangst\u00fcr, die sich wegrollen l\u00e4sst. Die Fenster an den Seitenw\u00e4nden bestehen aus Gaze, Folie und doppelten Fensterklappen (Dreifachfenster).<\/p>\n<h2>Beispiele f\u00fcr Berger Vorzelte aus der Kategorie Teilzelte<\/h2>\n<h3>Berger Garda Reisevorzelt<\/h3>\n<p style=\"text-align: justify;\">Das Fritz Berger Camping Vorzelt Garda ist ideal f\u00fcr Kurzreisen oder Camper, die auf ihrer Tour h\u00e4ufig den Standort wechseln. Der Auf- und Abbau geschieht z\u00fcgig und unkompliziert. Mit dem Garda Reisevorzelt schaffen Sie sich einen gem\u00fctlichen und grossz\u00fcgigen Zusatzraum, in dem zum Beispiel auch noch jemand schlafen kann.<\/p>\n<p><a href=\"https:\/\/www.schlanser.ch\/zelte\/vorzelte\/wohnwagenvorzelte\/18772\/berger-garda-reisevorzelt\" class=\"broken_link\"><img loading=\"lazy\" decoding=\"async\" class=\"aligncenter wp-image-12632 size-full\" title=\"Berger Garda Reisevorzelt\" src=\"https:\/\/www.schlanser.ch\/magazin\/wp-content\/uploads\/2021\/07\/Berger-Garda-Reisevorzelt.jpg\" alt=\"Berger Garda Reisevorzelt Berger Vorzelte im Vergleich\" width=\"800\" height=\"500\" srcset=\"https:\/\/www.schlanser.ch\/magazin\/wp-content\/uploads\/2021\/07\/Berger-Garda-Reisevorzelt.jpg 800w, https:\/\/www.schlanser.ch\/magazin\/wp-content\/uploads\/2021\/07\/Berger-Garda-Reisevorzelt-300x188.jpg 300w, https:\/\/www.schlanser.ch\/magazin\/wp-content\/uploads\/2021\/07\/Berger-Garda-Reisevorzelt-768x480.jpg 768w\" sizes=\"(max-width: 800px) 100vw, 800px\" \/><\/a><\/p>\n<p style=\"text-align: justify;\">Wenn Sie das m\u00f6chten, ist das gesamte Berger Vorzelt blickdicht verschliessbar. Ansonsten sind die Abdeckklappen wegrollbar. Der zus\u00e4tzliche Seiteneingang sorgt f\u00fcr mehr Komfort. Durch einen Moskitonetzanteil von 50 Prozent an der Vorderwand kann bequem gel\u00fcftet werden, ohne, dass Insekten hineinfliegen.<\/p>\n<h3>Berger Arona Alu Reisevorzelt<\/h3>\n<p style=\"text-align: justify;\">Das Berger Vorzelt Arona ist praktisch und robust. Die Vorderwand besteht aus zwei Eing\u00e4ngen, welche hochrollbar sind. Dank der drei verst\u00e4rkten <a href=\"https:\/\/www.schlanser.ch\/zelte\/zeltzubehoer\/zeltheringe-abspannmaterial\/\">Abspanngurte<\/a> verf\u00fcgt das Arona Zelt \u00fcber zus\u00e4tzliche Stabilit\u00e4t. Die Faulstreifen sind je nach Bedarf nach innen oder aussen zu spannen. Faulstreifen werden auch Erd- oder Spritzstreifen, bilden den Abschluss der Zeltw\u00e4nde. Faulstreifen verhindern, dass Feuchtigkeit, die aufsteigt die Zeltw\u00e4nde durchn\u00e4sst oder Regenwasser \u00fcber den Boden in das Vorzelt gelangt.<\/p>\n<p><img loading=\"lazy\" decoding=\"async\" class=\"aligncenter wp-image-12634 size-full\" title=\"Berger Arona Alu Reisevorzelt\" src=\"https:\/\/www.schlanser.ch\/magazin\/wp-content\/uploads\/2021\/07\/Berger-Arona-Alu-Reisevorzelt.jpg\" alt=\"Berger Arona Alu Reisevorzelt\" width=\"800\" height=\"500\" srcset=\"https:\/\/www.schlanser.ch\/magazin\/wp-content\/uploads\/2021\/07\/Berger-Arona-Alu-Reisevorzelt.jpg 800w, https:\/\/www.schlanser.ch\/magazin\/wp-content\/uploads\/2021\/07\/Berger-Arona-Alu-Reisevorzelt-300x188.jpg 300w, https:\/\/www.schlanser.ch\/magazin\/wp-content\/uploads\/2021\/07\/Berger-Arona-Alu-Reisevorzelt-768x480.jpg 768w\" sizes=\"(max-width: 800px) 100vw, 800px\" \/><\/p>\n<p style=\"text-align: justify;\">Die vier grossen Fenster sorgen f\u00fcr ausreichend Licht, k\u00f6nnen aber auch mehr Privatsph\u00e4re schaffen, indem sie blickdicht verschlossen werden. F\u00fcr mehr Komfort gibt es einen Seiteneingang auf der linken und auf der rechten Seite. Damit Sie nachts vor Moskitos und Co. gefeit sind, verf\u00fcgen die seitlichen Fenster \u00fcber Moskitonetze.<\/p>\n<h2>Fazit zu unseren Berger Vorzelten<\/h2>\n<p style=\"text-align: justify;\">Berger Vorzelte werden am besten unter Ber\u00fccksichtigung der Camp-Gewohnheiten gekauft. Stellen Sie sich einfach die Frage, ob Sie eher Dauercamper oder Nomadencamper sind. Dauercamper setzen auf Ganzjahresvorzelte oder Saisonvorzelte. Nomaden verbringen dank leichter Reisevorzelte weniger Ferienzeit mit dem Aufbau. F\u00fcr Camper, die meist nur wenige Tage an einem Ort verweilen, ist neuerdings ausserdem ein Blick auf <a href=\"https:\/\/www.schlanser.ch\/zelte\/vorzelte\/aufblasbare-vorzelte\/\">aufblasbare Vorzelte<\/a> empfehlenswert. Alle Berger Vorzelte punkten mit einer ausgesprochenen Robustheit und Standfestigkeit, zudem k\u00f6nnen sie aus verschiedenen Materialien hergestellt sein.<\/p>\n<div class=\"box info  \"><div class=\"box-inner-block\"><i class=\"fa tie-shortcode-boxicon\"><\/i>\n\t\t\tGanzjahresvorzelte, die Regen und Winter standhalten m\u00fcssen, bestehen meist aus kunststoffbeschichtetem Polyestergewebe.\n\t\t\t<\/div><\/div>\n<p style=\"text-align: justify;\">Damit das Zelt auch wirklich dicht ist, sind die N\u00e4hte \u00fcberklebt. F\u00fcr den Sommer ist es dann allerdings wichtig, die Vorzelte grossfl\u00e4chig \u00f6ffnen zu k\u00f6nnen, damit der Luftaustausch verbessert wird. Reisevorzelte legen mehr Wert auf ein geringes Gewicht und einen schnellen Aufbau.<\/p>\n<p><img loading=\"lazy\" decoding=\"async\" class=\"aligncenter wp-image-12659 size-full\" title=\"Berger Garda-L 4 Season aufblasbares Reisevorzelt\" src=\"https:\/\/www.schlanser.ch\/magazin\/wp-content\/uploads\/2021\/07\/Berger-Garda-L-4-Season-aufblasbares-Reisevorzelt.jpg\" alt=\"Berger Garda-L 4 Season aufblasbares Reisevorzelt\" width=\"800\" height=\"500\" srcset=\"https:\/\/www.schlanser.ch\/magazin\/wp-content\/uploads\/2021\/07\/Berger-Garda-L-4-Season-aufblasbares-Reisevorzelt.jpg 800w, https:\/\/www.schlanser.ch\/magazin\/wp-content\/uploads\/2021\/07\/Berger-Garda-L-4-Season-aufblasbares-Reisevorzelt-300x188.jpg 300w, https:\/\/www.schlanser.ch\/magazin\/wp-content\/uploads\/2021\/07\/Berger-Garda-L-4-Season-aufblasbares-Reisevorzelt-768x480.jpg 768w\" sizes=\"(max-width: 800px) 100vw, 800px\" \/><\/p>\n<p style=\"text-align: justify;\">Wir hoffen, unser Vorzelte Vergleich konnte Ihnen etwas Klarheit verschaffen.<\/p>\n","protected":false},"excerpt":{"rendered":"<p>\u00ab Das passende Vorzelt f\u00fcr Ihre Campingferien \u00bb Endlich wieder Urlaub, endlich wieder mit dem Wohnmobil quer durch alle L\u00e4nder reisen. Wer mit seinem Wohnwagen unterwegs ist, profitiert von der Anschaffung eines Vorzelts. Damit erweitern Sie nicht nur Ihren Wohnraum, sondern erhalten auch zus\u00e4tzliche Abstellfl\u00e4che. Schliesslich m\u00fcssen Campingausr\u00fcstung, Fahrr\u00e4der, Grill, Campingtische- und St\u00fchle irgendwo Platz &hellip;<\/p>\n","protected":false},"author":1,"featured_media":12654,"comment_status":"closed","ping_status":"open","sticky":false,"template":"","format":"standard","meta":{"footnotes":""},"categories":[3],"tags":[18,890,374,1741,375,376,1742,1740,395,28],"yoast_head":"<!-- This site is optimized with the Yoast SEO plugin v22.2 - https:\/\/yoast.com\/wordpress\/plugins\/seo\/ -->\n<title>Berger Vorzelte im Vergleich - Schlanser Magazin<\/title>\n<meta name=\"description\" content=\"Das Schlanser Campingmagazin vergleicht Berger Vorzelte verschiedener Priorit\u00e4ten! \u2013 \u2714 Reisevorzelte \u2714 Saisonvorzelte \u2714 Ganzjahresvorzelte \u2714 Ganzzelte\" \/>\n<meta name=\"robots\" content=\"index, follow, max-snippet:-1, max-image-preview:large, max-video-preview:-1\" \/>\n<link rel=\"canonical\" href=\"https:\/\/www.schlanser.ch\/magazin\/berger-vorzelte-im-vergleich\/\" \/>\n<meta property=\"og:locale\" content=\"de_DE\" \/>\n<meta property=\"og:type\" content=\"article\" \/>\n<meta property=\"og:title\" content=\"Berger Vorzelte im Vergleich - Schlanser Magazin\" \/>\n<meta property=\"og:description\" content=\"Das Schlanser Campingmagazin vergleicht Berger Vorzelte verschiedener Priorit\u00e4ten! \u2013 \u2714 Reisevorzelte \u2714 Saisonvorzelte \u2714 Ganzjahresvorzelte \u2714 Ganzzelte\" \/>\n<meta property=\"og:url\" content=\"https:\/\/www.schlanser.ch\/magazin\/berger-vorzelte-im-vergleich\/\" \/>\n<meta property=\"og:site_name\" content=\"Schlanser Magazin\" \/>\n<meta property=\"article:published_time\" content=\"2021-06-24T09:11:17+00:00\" \/>\n<meta property=\"article:modified_time\" content=\"2024-01-10T14:48:35+00:00\" \/>\n<meta property=\"og:image\" content=\"https:\/\/www.schlanser.ch\/magazin\/wp-content\/uploads\/2021\/07\/Berger-Vorzelte-im-Vergleich.jpg\" \/>\n\t<meta property=\"og:image:width\" content=\"800\" \/>\n\t<meta property=\"og:image:height\" content=\"504\" \/>\n\t<meta property=\"og:image:type\" content=\"image\/jpeg\" \/>\n<meta name=\"author\" content=\"admin\" \/>\n<meta name=\"twitter:card\" content=\"summary_large_image\" \/>\n<meta name=\"twitter:label1\" content=\"Verfasst von\" \/>\n\t<meta name=\"twitter:data1\" content=\"admin\" \/>\n\t<meta name=\"twitter:label2\" content=\"Gesch\u00e4tzte Lesezeit\" \/>\n\t<meta name=\"twitter:data2\" content=\"6 Minuten\" \/>\n<script type=\"application\/ld+json\" class=\"yoast-schema-graph\">{\"@context\":\"https:\/\/schema.org\",\"@graph\":[{\"@type\":\"WebPage\",\"@id\":\"https:\/\/www.schlanser.ch\/magazin\/berger-vorzelte-im-vergleich\/\",\"url\":\"https:\/\/www.schlanser.ch\/magazin\/berger-vorzelte-im-vergleich\/\",\"name\":\"Berger Vorzelte im Vergleich - Schlanser Magazin\",\"isPartOf\":{\"@id\":\"https:\/\/www.schlanser.ch\/magazin\/#website\"},\"primaryImageOfPage\":{\"@id\":\"https:\/\/www.schlanser.ch\/magazin\/berger-vorzelte-im-vergleich\/#primaryimage\"},\"image\":{\"@id\":\"https:\/\/www.schlanser.ch\/magazin\/berger-vorzelte-im-vergleich\/#primaryimage\"},\"thumbnailUrl\":\"https:\/\/www.schlanser.ch\/magazin\/wp-content\/uploads\/2021\/07\/Berger-Vorzelte-im-Vergleich.jpg\",\"datePublished\":\"2021-06-24T09:11:17+00:00\",\"dateModified\":\"2024-01-10T14:48:35+00:00\",\"author\":{\"@id\":\"https:\/\/www.schlanser.ch\/magazin\/#\/schema\/person\/000db0a103eb2594ba3daf394b1dfea2\"},\"description\":\"Das Schlanser Campingmagazin vergleicht Berger Vorzelte verschiedener Priorit\u00e4ten! \u2013 \u2714 Reisevorzelte \u2714 Saisonvorzelte \u2714 Ganzjahresvorzelte \u2714 Ganzzelte\",\"breadcrumb\":{\"@id\":\"https:\/\/www.schlanser.ch\/magazin\/berger-vorzelte-im-vergleich\/#breadcrumb\"},\"inLanguage\":\"de-DE\",\"potentialAction\":[{\"@type\":\"ReadAction\",\"target\":[\"https:\/\/www.schlanser.ch\/magazin\/berger-vorzelte-im-vergleich\/\"]}]},{\"@type\":\"ImageObject\",\"inLanguage\":\"de-DE\",\"@id\":\"https:\/\/www.schlanser.ch\/magazin\/berger-vorzelte-im-vergleich\/#primaryimage\",\"url\":\"https:\/\/www.schlanser.ch\/magazin\/wp-content\/uploads\/2021\/07\/Berger-Vorzelte-im-Vergleich.jpg\",\"contentUrl\":\"https:\/\/www.schlanser.ch\/magazin\/wp-content\/uploads\/2021\/07\/Berger-Vorzelte-im-Vergleich.jpg\",\"width\":800,\"height\":504},{\"@type\":\"BreadcrumbList\",\"@id\":\"https:\/\/www.schlanser.ch\/magazin\/berger-vorzelte-im-vergleich\/#breadcrumb\",\"itemListElement\":[{\"@type\":\"ListItem\",\"position\":1,\"name\":\"Startseite\",\"item\":\"https:\/\/www.schlanser.ch\/magazin\/\"},{\"@type\":\"ListItem\",\"position\":2,\"name\":\"Berger Vorzelte im Vergleich\"}]},{\"@type\":\"WebSite\",\"@id\":\"https:\/\/www.schlanser.ch\/magazin\/#website\",\"url\":\"https:\/\/www.schlanser.ch\/magazin\/\",\"name\":\"Schlanser Magazin\",\"description\":\"\",\"potentialAction\":[{\"@type\":\"SearchAction\",\"target\":{\"@type\":\"EntryPoint\",\"urlTemplate\":\"https:\/\/www.schlanser.ch\/magazin\/?s={search_term_string}\"},\"query-input\":\"required name=search_term_string\"}],\"inLanguage\":\"de-DE\"},{\"@type\":\"Person\",\"@id\":\"https:\/\/www.schlanser.ch\/magazin\/#\/schema\/person\/000db0a103eb2594ba3daf394b1dfea2\",\"name\":\"admin\",\"image\":{\"@type\":\"ImageObject\",\"inLanguage\":\"de-DE\",\"@id\":\"https:\/\/www.schlanser.ch\/magazin\/#\/schema\/person\/image\/\",\"url\":\"https:\/\/secure.gravatar.com\/avatar\/a794a4fe8a9b9c52241597eb381dfa2e?s=96&d=mm&r=g\",\"contentUrl\":\"https:\/\/secure.gravatar.com\/avatar\/a794a4fe8a9b9c52241597eb381dfa2e?s=96&d=mm&r=g\",\"caption\":\"admin\"}}]}<\/script>\n<!-- \/ Yoast SEO plugin. -->","yoast_head_json":{"title":"Berger Vorzelte im Vergleich - Schlanser Magazin","description":"Das Schlanser Campingmagazin vergleicht Berger Vorzelte verschiedener Priorit\u00e4ten! \u2013 \u2714 Reisevorzelte \u2714 Saisonvorzelte \u2714 Ganzjahresvorzelte \u2714 Ganzzelte","robots":{"index":"index","follow":"follow","max-snippet":"max-snippet:-1","max-image-preview":"max-image-preview:large","max-video-preview":"max-video-preview:-1"},"canonical":"https:\/\/www.schlanser.ch\/magazin\/berger-vorzelte-im-vergleich\/","og_locale":"de_DE","og_type":"article","og_title":"Berger Vorzelte im Vergleich - Schlanser Magazin","og_description":"Das Schlanser Campingmagazin vergleicht Berger Vorzelte verschiedener Priorit\u00e4ten! \u2013 \u2714 Reisevorzelte \u2714 Saisonvorzelte \u2714 Ganzjahresvorzelte \u2714 Ganzzelte","og_url":"https:\/\/www.schlanser.ch\/magazin\/berger-vorzelte-im-vergleich\/","og_site_name":"Schlanser Magazin","article_published_time":"2021-06-24T09:11:17+00:00","article_modified_time":"2024-01-10T14:48:35+00:00","og_image":[{"width":800,"height":504,"url":"https:\/\/www.schlanser.ch\/magazin\/wp-content\/uploads\/2021\/07\/Berger-Vorzelte-im-Vergleich.jpg","type":"image\/jpeg"}],"author":"admin","twitter_card":"summary_large_image","twitter_misc":{"Verfasst von":"admin","Gesch\u00e4tzte Lesezeit":"6 Minuten"},"schema":{"@context":"https:\/\/schema.org","@graph":[{"@type":"WebPage","@id":"https:\/\/www.schlanser.ch\/magazin\/berger-vorzelte-im-vergleich\/","url":"https:\/\/www.schlanser.ch\/magazin\/berger-vorzelte-im-vergleich\/","name":"Berger Vorzelte im Vergleich - Schlanser Magazin","isPartOf":{"@id":"https:\/\/www.schlanser.ch\/magazin\/#website"},"primaryImageOfPage":{"@id":"https:\/\/www.schlanser.ch\/magazin\/berger-vorzelte-im-vergleich\/#primaryimage"},"image":{"@id":"https:\/\/www.schlanser.ch\/magazin\/berger-vorzelte-im-vergleich\/#primaryimage"},"thumbnailUrl":"https:\/\/www.schlanser.ch\/magazin\/wp-content\/uploads\/2021\/07\/Berger-Vorzelte-im-Vergleich.jpg","datePublished":"2021-06-24T09:11:17+00:00","dateModified":"2024-01-10T14:48:35+00:00","author":{"@id":"https:\/\/www.schlanser.ch\/magazin\/#\/schema\/person\/000db0a103eb2594ba3daf394b1dfea2"},"description":"Das Schlanser Campingmagazin vergleicht Berger Vorzelte verschiedener Priorit\u00e4ten! \u2013 \u2714 Reisevorzelte \u2714 Saisonvorzelte \u2714 Ganzjahresvorzelte \u2714 Ganzzelte","breadcrumb":{"@id":"https:\/\/www.schlanser.ch\/magazin\/berger-vorzelte-im-vergleich\/#breadcrumb"},"inLanguage":"de-DE","potentialAction":[{"@type":"ReadAction","target":["https:\/\/www.schlanser.ch\/magazin\/berger-vorzelte-im-vergleich\/"]}]},{"@type":"ImageObject","inLanguage":"de-DE","@id":"https:\/\/www.schlanser.ch\/magazin\/berger-vorzelte-im-vergleich\/#primaryimage","url":"https:\/\/www.schlanser.ch\/magazin\/wp-content\/uploads\/2021\/07\/Berger-Vorzelte-im-Vergleich.jpg","contentUrl":"https:\/\/www.schlanser.ch\/magazin\/wp-content\/uploads\/2021\/07\/Berger-Vorzelte-im-Vergleich.jpg","width":800,"height":504},{"@type":"BreadcrumbList","@id":"https:\/\/www.schlanser.ch\/magazin\/berger-vorzelte-im-vergleich\/#breadcrumb","itemListElement":[{"@type":"ListItem","position":1,"name":"Startseite","item":"https:\/\/www.schlanser.ch\/magazin\/"},{"@type":"ListItem","position":2,"name":"Berger Vorzelte im Vergleich"}]},{"@type":"WebSite","@id":"https:\/\/www.schlanser.ch\/magazin\/#website","url":"https:\/\/www.schlanser.ch\/magazin\/","name":"Schlanser Magazin","description":"","potentialAction":[{"@type":"SearchAction","target":{"@type":"EntryPoint","urlTemplate":"https:\/\/www.schlanser.ch\/magazin\/?s={search_term_string}"},"query-input":"required name=search_term_string"}],"inLanguage":"de-DE"},{"@type":"Person","@id":"https:\/\/www.schlanser.ch\/magazin\/#\/schema\/person\/000db0a103eb2594ba3daf394b1dfea2","name":"admin","image":{"@type":"ImageObject","inLanguage":"de-DE","@id":"https:\/\/www.schlanser.ch\/magazin\/#\/schema\/person\/image\/","url":"https:\/\/secure.gravatar.com\/avatar\/a794a4fe8a9b9c52241597eb381dfa2e?s=96&d=mm&r=g","contentUrl":"https:\/\/secure.gravatar.com\/avatar\/a794a4fe8a9b9c52241597eb381dfa2e?s=96&d=mm&r=g","caption":"admin"}}]}},"_links":{"self":[{"href":"https:\/\/www.schlanser.ch\/magazin\/wp-json\/wp\/v2\/posts\/12620"}],"collection":[{"href":"https:\/\/www.schlanser.ch\/magazin\/wp-json\/wp\/v2\/posts"}],"about":[{"href":"https:\/\/www.schlanser.ch\/magazin\/wp-json\/wp\/v2\/types\/post"}],"author":[{"embeddable":true,"href":"https:\/\/www.schlanser.ch\/magazin\/wp-json\/wp\/v2\/users\/1"}],"replies":[{"embeddable":true,"href":"https:\/\/www.schlanser.ch\/magazin\/wp-json\/wp\/v2\/comments?post=12620"}],"version-history":[{"count":34,"href":"https:\/\/www.schlanser.ch\/magazin\/wp-json\/wp\/v2\/posts\/12620\/revisions"}],"predecessor-version":[{"id":17408,"href":"https:\/\/www.schlanser.ch\/magazin\/wp-json\/wp\/v2\/posts\/12620\/revisions\/17408"}],"wp:featuredmedia":[{"embeddable":true,"href":"https:\/\/www.schlanser.ch\/magazin\/wp-json\/wp\/v2\/media\/12654"}],"wp:attachment":[{"href":"https:\/\/www.schlanser.ch\/magazin\/wp-json\/wp\/v2\/media?parent=12620"}],"wp:term":[{"taxonomy":"category","embeddable":true,"href":"https:\/\/www.schlanser.ch\/magazin\/wp-json\/wp\/v2\/categories?post=12620"},{"taxonomy":"post_tag","embeddable":true,"href":"https:\/\/www.schlanser.ch\/magazin\/wp-json\/wp\/v2\/tags?post=12620"}],"curies":[{"name":"wp","href":"https:\/\/api.w.org\/{rel}","templated":true}]}}