{"id":12853,"date":"2021-07-20T09:12:28","date_gmt":"2021-07-20T07:12:28","guid":{"rendered":"https:\/\/www.schlanser.ch\/magazin\/?p=12853"},"modified":"2024-06-17T10:45:53","modified_gmt":"2024-06-17T08:45:53","slug":"ausstattung-fuer-den-camping-van","status":"publish","type":"post","link":"https:\/\/www.schlanser.ch\/magazin\/ausstattung-fuer-den-camping-van\/","title":{"rendered":"Die Ausstattung f\u00fcr den Camping Van &#8211; kreativ und multifunktional"},"content":{"rendered":"<p style=\"text-align: justify;\"><strong>Sie sind offen f\u00fcr Neues, lieben die Natur und wollen endlich mal raus aus dem Alltagsstress? Dann kommt eine Auszeit mit dem Campingbus wie gerufen. Camping ist mittlerweile bei Jung und Alt beliebt. W\u00e4hrend es Familien und \u00e4ltere Menschen gern ruhig und abgelegen auf dem Campingplatz im gem\u00fctlichen Wohnmobil m\u00f6gen, ziehen j\u00fcngere Menschen den Camping-Van und den familienfreundlichen Platz mit etwas Trubel vor. Zur Ausstattung geh\u00f6ren heutzutage mehr als <\/strong><a href=\"https:\/\/www.schlanser.ch\/outdoor-freizeit\/schlafsaecke-matten\/schlafsaecke\/\"><strong>Schlafsack<\/strong><\/a><strong> und <\/strong><a href=\"https:\/\/www.schlanser.ch\/haushalt\/kocher-grills\/campingkocher\/\"><strong>Campingkocher<\/strong><\/a><strong>, mit n\u00fctzlichem Outdoor Equipment wird der Urlaub naturnah und komfortabel. Was alles zur Basic-Ausstattung f\u00fcr den Camping Van geh\u00f6rt und wie sie alles sinnvoll und platzsparend arrangieren, erfahren Sie in diesem Artikel.<\/strong><\/p>\n<h2>Was ist das Besondere an einem Camping Van?<\/h2>\n<p style=\"text-align: justify;\">Dem Camping Van beziehungsweise Campingbus verdanken wir, dass sich das Campingfieber auch auf die j\u00fcngere Bev\u00f6lkerungsgruppe ausgebreitet hat. Den Grundstein hat der legend\u00e4re VW-Bulli gelegt, welcher mit seinem ersten Ausbausatz zu einer rollenden Ferienwohnung gemacht wurde. Der Kult um dieses alte Liebhaberst\u00fcck ist bis heute nicht verschwunden, auch gegenw\u00e4rtig gibt es noch unterschiedliche Modelle und Ausbauformen. Der Camping Van ist beliebt, weil er klein und damit praktisch ist. Dar\u00fcber hinaus l\u00e4sst er sich kreativ aus- und umbauen, wer sich mal in den sozialen Netzwerken umschaut, findet hier wahre Kunstwerke.<\/p>\n<figure id=\"attachment_12858\" aria-describedby=\"caption-attachment-12858\" style=\"width: 620px\" class=\"wp-caption aligncenter\"><img loading=\"lazy\" decoding=\"async\" class=\"wp-image-12858 size-full\" title=\"Die Mutter der Camping Vans ist der legend\u00e4re VW Bulli\" src=\"https:\/\/www.schlanser.ch\/magazin\/wp-content\/uploads\/2023\/07\/Bulli-Camper.jpg\" alt=\"Junge Frau sitzt in einem gelben VW Bulli, Faltdach\" width=\"620\" height=\"413\" srcset=\"https:\/\/www.schlanser.ch\/magazin\/wp-content\/uploads\/2023\/07\/Bulli-Camper.jpg 620w, https:\/\/www.schlanser.ch\/magazin\/wp-content\/uploads\/2023\/07\/Bulli-Camper-300x200.jpg 300w\" sizes=\"(max-width: 620px) 100vw, 620px\" \/><figcaption id=\"caption-attachment-12858\" class=\"wp-caption-text\">\u00a9 topshots &#8211; stock.adobe.com<\/figcaption><\/figure>\n<p style=\"text-align: justify;\">Praktisch sind sie, weil sie sich im Innenbereich multifunktional nutzen lassen. So gibt es zum Beispiel M\u00f6bel- und Einrichtungsst\u00fccke zum Klappen, Schieben oder Ausziehen. Was einst noch die K\u00fcche war, ist nun Schlafbereich. Doch das ist nicht alles, mittlerweile gibt es hier immer mehr kreative L\u00f6sungen, zum Beispiel einrollbare Matratzen, tolle Panorama-Dachzelte, kleine Bars mit Bierzapfanlagen und <a href=\"https:\/\/www.schlanser.ch\/fahrzeug\/wasser\/armaturen-becken\/\">luxuri\u00f6se Aussenduschen<\/a>.<\/p>\n<figure id=\"attachment_12864\" aria-describedby=\"caption-attachment-12864\" style=\"width: 620px\" class=\"wp-caption aligncenter\"><img loading=\"lazy\" decoding=\"async\" class=\"wp-image-12864 size-full\" title=\"Aus Platzgr\u00fcnden nutzen viele das Dach des Camping Vans als Schlafst\u00e4tte\" src=\"https:\/\/www.schlanser.ch\/magazin\/wp-content\/uploads\/2023\/07\/Bulli-Dachzelt.jpg\" alt=\"Camping Van, oben sitzen 2 junge Frauen; Faltdach als Schlafplatz\" width=\"620\" height=\"413\" srcset=\"https:\/\/www.schlanser.ch\/magazin\/wp-content\/uploads\/2023\/07\/Bulli-Dachzelt.jpg 620w, https:\/\/www.schlanser.ch\/magazin\/wp-content\/uploads\/2023\/07\/Bulli-Dachzelt-300x200.jpg 300w\" sizes=\"(max-width: 620px) 100vw, 620px\" \/><figcaption id=\"caption-attachment-12864\" class=\"wp-caption-text\">\u00a9 supAVADEE &#8211; stock.adobe.com<\/figcaption><\/figure>\n<p style=\"text-align: justify;\">Besonders charakteristisch f\u00fcr den Camping Van sind sogenannte Hubd\u00e4cher. Dabei handelt es sich um Aufbauten f\u00fcr das Fahrzeugdach, welche aus Glasfaserkunststoff sowie wasserdichtem Stoff bestehen. Diese lassen sich wie ein Akkordeon ausklappen und so kann sich der Innenraum des Busses praktischerweise auf Stehh\u00f6he ausbreiten. Theoretisch lassen sich in diese D\u00e4cher auch noch Schlafpl\u00e4tze einbauen. Auch Kochen kann im Van arrangiert werden. Zwar gibt es keine komplette K\u00fcche wie im Wohnmobil, aber kleine Kochnischen. Hier gibt es einen <a href=\"https:\/\/www.schlanser.ch\/haushalt\/kocher-grills\/einbaukocher-spuelen\/\">Einbaukocher<\/a> oder einfach einen mobilen Campingkocher, der in Schubladen aufbewahrt wird. Einen K\u00fchlschrank gibt es ebenfalls, auch wenn dieser etwas kleiner ausf\u00e4llt. In der Regel sind das <a href=\"https:\/\/www.schlanser.ch\/haushalt\/kuehlung\/kuehlboxen\/\">kompakte K\u00fchlboxen<\/a>, die einen 12-Volt-Anschluss ben\u00f6tigen. B\u00e4der und Duschen gibt es Innenraum des Vans meist nicht. Hier kommt eine <a href=\"https:\/\/www.schlanser.ch\/fahrzeug\/sanitaer\/campingduschen\/\" class=\"broken_link\">Solardusche<\/a> zum Einsatz, da <a href=\"https:\/\/www.schlanser.ch\/fahrzeug\/wasser\/wasserbehaelter\/\">Wassertanks bis 15 Liter<\/a> das nicht realisieren k\u00f6nnen. Diese eignen sich nur f\u00fcr Wasch- oder Sp\u00fclbecken.<\/p>\n<p><img loading=\"lazy\" decoding=\"async\" class=\"aligncenter wp-image-12862 size-full\" title=\"G.F. Garden Sunny Style Solardusche\" src=\"https:\/\/www.schlanser.ch\/magazin\/wp-content\/uploads\/2023\/07\/IMG_247530_4_200929214420dXlj9ZGPaqD9W-1.jpg\" alt=\"G.F. Garden Sunny Style Solardusche\" width=\"620\" height=\"388\" srcset=\"https:\/\/www.schlanser.ch\/magazin\/wp-content\/uploads\/2023\/07\/IMG_247530_4_200929214420dXlj9ZGPaqD9W-1.jpg 620w, https:\/\/www.schlanser.ch\/magazin\/wp-content\/uploads\/2023\/07\/IMG_247530_4_200929214420dXlj9ZGPaqD9W-1-300x188.jpg 300w\" sizes=\"(max-width: 620px) 100vw, 620px\" \/><\/p>\n<p style=\"text-align: justify;\">Als Toilette h\u00e4lt meist ein Porta Potti beziehungsweise eine Campingtoilette her, welches in einem Staufach aufbewahrt wird. Doch wenn wir ehrlich sind, geh\u00f6rt zum echten Vanlife einfach dazu. Die <a href=\"https:\/\/www.schlanser.ch\/elektro\/energieversorgung\/\">Stromversorgung ist in vielen Campingbussen<\/a> auch vorhanden, zum Beispiel f\u00fcr Lichtversorgung, Wasserpumpe und K\u00fchlschrank. F\u00fcr W\u00e4rme im Camping Van sorgt in der Regel die Standheizung, es gibt aber auch schon Modelle, die \u00fcber eine Fussbodenheizung verf\u00fcgen.<\/p>\n<p><a href=\"https:\/\/www.schlanser.ch\/fahrzeug\/heizen-kuehlen\/campingheizung-heizstrahler\/443060\/ecomat2000-select-heizluefter\"><img loading=\"lazy\" decoding=\"async\" class=\"aligncenter wp-image-12881 \" title=\"ECOMAT2000 Select Heizl\u00fcfter\" src=\"https:\/\/www.schlanser.ch\/thumbnail\/fc\/9a\/b7\/1710946032\/f2bfa63c89004b7192facfaa1119101b_1820x1820.jpg\" alt=\"ECOMAT2000 Select Heizl\u00fcfter\" width=\"379\" height=\"378\" \/><\/a><\/p>\n<h2>Der Camping Van: Naturverbundenheit und Freiheit<\/h2>\n<p style=\"text-align: justify;\">Der Urlaub mit dem Campingbus eignet sich im Prinzip f\u00fcr alle Belange. Besonders Singles oder Paare nutzen diese M\u00f6glichkeit des fahrbaren Urlaubsdomizils gerne. Ein spannender Roadtrip, ein l\u00e4ngerer Urlaub oder auch nur ein kurzer Wochenendausflug \u2013 alles ist mit dem Camper m\u00f6glich. Ein grosser Vorteil ist, dass Sie flexibel unterwegs sein k\u00f6nnen und Ihre komplette Ausstattung immer dabeihaben. Spontane Stopps sind kein Problem, einfach den n\u00e4chsten Campingplatz oder Stellplatz anfahren und die Zeit dort geniessen. Das Bett ist immer dabei, Zelt aufbauen oder aufwendiges Ankuppeln und Rangieren sind nicht n\u00f6tig. Ein wichtiger Aspekt ist tats\u00e4chlich das Bett, denn je komfortabler Sie n\u00e4chtigen, umso fitter sind Sie f\u00fcr Ihre wohlverdienten Urlaubstage.<\/p>\n<figure id=\"attachment_12870\" aria-describedby=\"caption-attachment-12870\" style=\"width: 620px\" class=\"wp-caption aligncenter\"><img loading=\"lazy\" decoding=\"async\" class=\"wp-image-12870 size-full\" title=\"Mit seiner Gr\u00f6\u00dfe ist der Camping Van flexibel und sowohl f\u00fcr lange als auch kurze Reisen geeignet\" src=\"https:\/\/www.schlanser.ch\/magazin\/wp-content\/uploads\/2023\/07\/Camping-Van-mit-Faltdach.jpg\" alt=\"Camping Van steht nahe eines Sees, Faltdach ist hochgeklappt\" width=\"620\" height=\"414\" srcset=\"https:\/\/www.schlanser.ch\/magazin\/wp-content\/uploads\/2023\/07\/Camping-Van-mit-Faltdach.jpg 620w, https:\/\/www.schlanser.ch\/magazin\/wp-content\/uploads\/2023\/07\/Camping-Van-mit-Faltdach-300x200.jpg 300w\" sizes=\"(max-width: 620px) 100vw, 620px\" \/><figcaption id=\"caption-attachment-12870\" class=\"wp-caption-text\">\u00a9 Oleksandr &#8211; stock.adobe.com<\/figcaption><\/figure>\n<h2>Die richtige Ausstattung f\u00fcr das Vanlife<\/h2>\n<p style=\"text-align: justify;\">Der Camping Van l\u00e4sst sich im Vorfeld komplett und nach Ihren pers\u00f6nlichen Vorlieben einrichten. Der <a href=\"https:\/\/www.schlanser.ch\/fahrzeug\/campingfahrzeug-inneneinrichtung\/\">Fahrzeuginnenausbau<\/a> ist dabei f\u00fcr ge\u00fcbte Handwerker auch in Eigenregie m\u00f6glich. Viele Campingliebhaber bauen sich ihren Van komplett selbst um. Das macht nicht nur Spass, sondern l\u00e4sst sie auch einiges an Erfahrungen sammeln. Wichtig ist, sich hier vorher genau zu informieren. Das f\u00e4ngt mit der Verkleidung und Isolation des Busses an und geht hin \u00fcber die K\u00fcche und das Bett. Bevor es mit dem Umbau losgeht, sollte alles genau geplant werden, damit am Ende alles passt. Auch die Heizung und Elektrik geh\u00f6ren dazu, ebenso wie der sanit\u00e4re Bereich. An Mobiliar ist alles sinnvoll, was Platz spart. So gibt es einen <a href=\"https:\/\/www.schlanser.ch\/moebel\/campingmoebel\/campingtische\/\">praktischen Falttisch<\/a>, der nach dem Essen einfach zusammengefaltet wird und dadurch keinen Raum einnimmt. Als Sitzgelegenheit eignet sich ein <a href=\"https:\/\/www.schlanser.ch\/moebel\/campingmoebel\/campingstuehle\/\">Klappstuhl<\/a>, im Campingschrank kann alles sicher verstaut werden.<\/p>\n<p><img loading=\"lazy\" decoding=\"async\" class=\"aligncenter wp-image-12868 size-full\" title=\"Berger Picknicktisch-Set 90 x 52,5 cm\" src=\"https:\/\/www.schlanser.ch\/magazin\/wp-content\/uploads\/2023\/07\/IMG_714370_1_201001131913vnKQLwInBAmwZ-1.jpg\" alt=\"Berger Picknicktisch-Set 90 x 52,5 cm\" width=\"600\" height=\"450\" srcset=\"https:\/\/www.schlanser.ch\/magazin\/wp-content\/uploads\/2023\/07\/IMG_714370_1_201001131913vnKQLwInBAmwZ-1.jpg 600w, https:\/\/www.schlanser.ch\/magazin\/wp-content\/uploads\/2023\/07\/IMG_714370_1_201001131913vnKQLwInBAmwZ-1-300x225.jpg 300w\" sizes=\"(max-width: 600px) 100vw, 600px\" \/><\/p>\n<p style=\"text-align: justify;\">Damit in der K\u00fcche das Notwendigste vorhanden ist, empfehlen wir diese Ausstattung:<\/p>\n<ul>\n<li>Campinggrill,<\/li>\n<li>Sp\u00fclbecken,<\/li>\n<li>M\u00f6glichkeiten f\u00fcr die K\u00fchlung von Lebensmitteln (K\u00fchlbox, Kompressor-K\u00fchlbox oder K\u00fchlschrank),<\/li>\n<li><a href=\"https:\/\/www.schlanser.ch\/moebel\/campingmoebel\/campingschraenke\/\">Campingschrank<\/a><\/li>\n<li><a href=\"https:\/\/www.schlanser.ch\/haushalt\/camping-geschirr\/\">Campinggeschirr (Gl\u00e4ser, Becher, Tassen, Kunststoff- oder Melamingeschirr, Kochgeschirr, Campingbesteck, Trinkflaschen, Thermogeschirr etc.)<\/a><\/li>\n<li><a href=\"https:\/\/www.schlanser.ch\/haushalt\/haushaltsgeraete\/\">Haushaltsger\u00e4te Wasserkocher, Campingbackofen, Kaffeekocher, Espressozubereiter<\/a>, Raclette etc.<\/li>\n<li>Gaskochfeld (Einbaukocher),<\/li>\n<\/ul>\n<p><img loading=\"lazy\" decoding=\"async\" class=\"aligncenter wp-image-12874 size-full\" title=\"Dometic HSG 2370R Kocher-Sp\u00fclenkombination 900 x 370 mm Sp\u00fcle rechts\" src=\"https:\/\/www.schlanser.ch\/magazin\/wp-content\/uploads\/2023\/07\/IMG_523840_1_210703053635XAjVu6qXofWl9-1.jpg\" alt=\"Dometic HSG 2370R Kocher-Sp\u00fclenkombination 900 x 370 mm Sp\u00fcle rechts\" width=\"620\" height=\"416\" srcset=\"https:\/\/www.schlanser.ch\/magazin\/wp-content\/uploads\/2023\/07\/IMG_523840_1_210703053635XAjVu6qXofWl9-1.jpg 620w, https:\/\/www.schlanser.ch\/magazin\/wp-content\/uploads\/2023\/07\/IMG_523840_1_210703053635XAjVu6qXofWl9-1-300x201.jpg 300w, https:\/\/www.schlanser.ch\/magazin\/wp-content\/uploads\/2023\/07\/IMG_523840_1_210703053635XAjVu6qXofWl9-1-110x75.jpg 110w\" sizes=\"(max-width: 620px) 100vw, 620px\" \/><\/p>\n<h2>Aufs Gewicht achten &#8211; Praktisches ist zu bevorzugen<\/h2>\n<p style=\"text-align: justify;\">Besonders praktisch f\u00fcr den Camping Van Ausstattung ist eine Koch- Sp\u00fclenkombination. Wichtig ist, dass die Kochstellen \u00fcber eine Abdeckung verf\u00fcgen, damit keine Abstellfl\u00e4che verlorengeht. Campingschrank oder Campingbox sorgen f\u00fcr mehr Ordnung im Van. Gerade, wenn nicht viel Platz ist, sollte nichts herumliegen, denn das sorgt nur f\u00fcr Chaos und l\u00e4sst alles zugestellt und \u00fcberladen aussehen. Ein weiterer Tipp f\u00fcr mehr Platz im Campingurlaub ist, nur das N\u00f6tigste mitzunehmen. Auch Geschirr und Haushaltsger\u00e4te m\u00fcssen nicht in doppelter und dreifacher Ausf\u00fchrung sein. Was gebraucht wird, kommt mit, keine Frage. Doch in den meisten F\u00e4llen landet zu viel Kram im Van. Hier hilft es, kurz vor der Abfahrt noch mal die Ausstattung durchzugehen, oftmals fallen dann unn\u00f6tige und doppelte Dinge auf, die getrost zu Hause bleiben k\u00f6nnen. Achten Sie zuletzt unbedingt auf das zul\u00e4ssige Gesamtgewicht des Camping Vans, damit Sie das H\u00f6chstgewicht nicht \u00fcberschreiten und sicher unterwegs sind.<\/p>\n","protected":false},"excerpt":{"rendered":"<p>Sie sind offen f\u00fcr Neues, lieben die Natur und wollen endlich mal raus aus dem Alltagsstress? Dann kommt eine Auszeit mit dem Campingbus wie gerufen. Camping ist mittlerweile bei Jung und Alt beliebt. W\u00e4hrend es Familien und \u00e4ltere Menschen gern ruhig und abgelegen auf dem Campingplatz im gem\u00fctlichen Wohnmobil m\u00f6gen, ziehen j\u00fcngere Menschen den Camping-Van &hellip;<\/p>\n","protected":false},"author":1,"featured_media":12876,"comment_status":"closed","ping_status":"open","sticky":false,"template":"","format":"standard","meta":{"footnotes":""},"categories":[3],"tags":[1629,1764,1770,1763,1765,1298,1767,1768,1766,1769,884],"yoast_head":"<!-- This site is optimized with the Yoast SEO plugin v22.2 - https:\/\/yoast.com\/wordpress\/plugins\/seo\/ -->\n<title>Die Ausstattung f\u00fcr den Camping Van - kreativ und multifunktional - Schlanser Magazin<\/title>\n<meta name=\"description\" content=\"Das Schlanser Magazin erkl\u00e4rt moderne Ausstattung f\u00fcr Camping Vans \u2714 Die Must-haves f\u00fcr den Selbstausbau + viele Tipps zum passenden Campingbus!\" \/>\n<meta name=\"robots\" content=\"index, follow, max-snippet:-1, max-image-preview:large, max-video-preview:-1\" \/>\n<link rel=\"canonical\" href=\"https:\/\/www.schlanser.ch\/magazin\/ausstattung-fuer-den-camping-van\/\" \/>\n<meta property=\"og:locale\" content=\"de_DE\" \/>\n<meta property=\"og:type\" content=\"article\" \/>\n<meta property=\"og:title\" content=\"Die Ausstattung f\u00fcr den Camping Van - kreativ und multifunktional - Schlanser Magazin\" \/>\n<meta property=\"og:description\" content=\"Das Schlanser Magazin erkl\u00e4rt moderne Ausstattung f\u00fcr Camping Vans \u2714 Die Must-haves f\u00fcr den Selbstausbau + viele Tipps zum passenden Campingbus!\" \/>\n<meta property=\"og:url\" content=\"https:\/\/www.schlanser.ch\/magazin\/ausstattung-fuer-den-camping-van\/\" \/>\n<meta property=\"og:site_name\" content=\"Schlanser Magazin\" \/>\n<meta property=\"article:published_time\" content=\"2021-07-20T07:12:28+00:00\" \/>\n<meta property=\"article:modified_time\" content=\"2024-06-17T08:45:53+00:00\" \/>\n<meta property=\"og:image\" content=\"https:\/\/www.schlanser.ch\/magazin\/wp-content\/uploads\/2023\/07\/Van-Aussicht.jpg\" \/>\n\t<meta property=\"og:image:width\" content=\"620\" \/>\n\t<meta property=\"og:image:height\" content=\"350\" \/>\n\t<meta property=\"og:image:type\" content=\"image\/jpeg\" \/>\n<meta name=\"author\" content=\"admin\" \/>\n<meta name=\"twitter:card\" content=\"summary_large_image\" \/>\n<meta name=\"twitter:label1\" content=\"Verfasst von\" \/>\n\t<meta name=\"twitter:data1\" content=\"admin\" \/>\n\t<meta name=\"twitter:label2\" content=\"Gesch\u00e4tzte Lesezeit\" \/>\n\t<meta name=\"twitter:data2\" content=\"7 Minuten\" \/>\n<script type=\"application\/ld+json\" class=\"yoast-schema-graph\">{\"@context\":\"https:\/\/schema.org\",\"@graph\":[{\"@type\":\"WebPage\",\"@id\":\"https:\/\/www.schlanser.ch\/magazin\/ausstattung-fuer-den-camping-van\/\",\"url\":\"https:\/\/www.schlanser.ch\/magazin\/ausstattung-fuer-den-camping-van\/\",\"name\":\"Die Ausstattung f\u00fcr den Camping Van - kreativ und multifunktional - Schlanser Magazin\",\"isPartOf\":{\"@id\":\"https:\/\/www.schlanser.ch\/magazin\/#website\"},\"primaryImageOfPage\":{\"@id\":\"https:\/\/www.schlanser.ch\/magazin\/ausstattung-fuer-den-camping-van\/#primaryimage\"},\"image\":{\"@id\":\"https:\/\/www.schlanser.ch\/magazin\/ausstattung-fuer-den-camping-van\/#primaryimage\"},\"thumbnailUrl\":\"https:\/\/www.schlanser.ch\/magazin\/wp-content\/uploads\/2023\/07\/Van-Aussicht.jpg\",\"datePublished\":\"2021-07-20T07:12:28+00:00\",\"dateModified\":\"2024-06-17T08:45:53+00:00\",\"author\":{\"@id\":\"https:\/\/www.schlanser.ch\/magazin\/#\/schema\/person\/000db0a103eb2594ba3daf394b1dfea2\"},\"description\":\"Das Schlanser Magazin erkl\u00e4rt moderne Ausstattung f\u00fcr Camping Vans \u2714 Die Must-haves f\u00fcr den Selbstausbau + viele Tipps zum passenden Campingbus!\",\"breadcrumb\":{\"@id\":\"https:\/\/www.schlanser.ch\/magazin\/ausstattung-fuer-den-camping-van\/#breadcrumb\"},\"inLanguage\":\"de-DE\",\"potentialAction\":[{\"@type\":\"ReadAction\",\"target\":[\"https:\/\/www.schlanser.ch\/magazin\/ausstattung-fuer-den-camping-van\/\"]}]},{\"@type\":\"ImageObject\",\"inLanguage\":\"de-DE\",\"@id\":\"https:\/\/www.schlanser.ch\/magazin\/ausstattung-fuer-den-camping-van\/#primaryimage\",\"url\":\"https:\/\/www.schlanser.ch\/magazin\/wp-content\/uploads\/2023\/07\/Van-Aussicht.jpg\",\"contentUrl\":\"https:\/\/www.schlanser.ch\/magazin\/wp-content\/uploads\/2023\/07\/Van-Aussicht.jpg\",\"width\":620,\"height\":350,\"caption\":\"\u00a9 BublikHaus - stock.adobe.com\"},{\"@type\":\"BreadcrumbList\",\"@id\":\"https:\/\/www.schlanser.ch\/magazin\/ausstattung-fuer-den-camping-van\/#breadcrumb\",\"itemListElement\":[{\"@type\":\"ListItem\",\"position\":1,\"name\":\"Startseite\",\"item\":\"https:\/\/www.schlanser.ch\/magazin\/\"},{\"@type\":\"ListItem\",\"position\":2,\"name\":\"Die Ausstattung f\u00fcr den Camping Van &#8211; kreativ und multifunktional\"}]},{\"@type\":\"WebSite\",\"@id\":\"https:\/\/www.schlanser.ch\/magazin\/#website\",\"url\":\"https:\/\/www.schlanser.ch\/magazin\/\",\"name\":\"Schlanser Magazin\",\"description\":\"\",\"potentialAction\":[{\"@type\":\"SearchAction\",\"target\":{\"@type\":\"EntryPoint\",\"urlTemplate\":\"https:\/\/www.schlanser.ch\/magazin\/?s={search_term_string}\"},\"query-input\":\"required name=search_term_string\"}],\"inLanguage\":\"de-DE\"},{\"@type\":\"Person\",\"@id\":\"https:\/\/www.schlanser.ch\/magazin\/#\/schema\/person\/000db0a103eb2594ba3daf394b1dfea2\",\"name\":\"admin\",\"image\":{\"@type\":\"ImageObject\",\"inLanguage\":\"de-DE\",\"@id\":\"https:\/\/www.schlanser.ch\/magazin\/#\/schema\/person\/image\/\",\"url\":\"https:\/\/secure.gravatar.com\/avatar\/a794a4fe8a9b9c52241597eb381dfa2e?s=96&d=mm&r=g\",\"contentUrl\":\"https:\/\/secure.gravatar.com\/avatar\/a794a4fe8a9b9c52241597eb381dfa2e?s=96&d=mm&r=g\",\"caption\":\"admin\"}}]}<\/script>\n<!-- \/ Yoast SEO plugin. -->","yoast_head_json":{"title":"Die Ausstattung f\u00fcr den Camping Van - kreativ und multifunktional - Schlanser Magazin","description":"Das Schlanser Magazin erkl\u00e4rt moderne Ausstattung f\u00fcr Camping Vans \u2714 Die Must-haves f\u00fcr den Selbstausbau + viele Tipps zum passenden Campingbus!","robots":{"index":"index","follow":"follow","max-snippet":"max-snippet:-1","max-image-preview":"max-image-preview:large","max-video-preview":"max-video-preview:-1"},"canonical":"https:\/\/www.schlanser.ch\/magazin\/ausstattung-fuer-den-camping-van\/","og_locale":"de_DE","og_type":"article","og_title":"Die Ausstattung f\u00fcr den Camping Van - kreativ und multifunktional - Schlanser Magazin","og_description":"Das Schlanser Magazin erkl\u00e4rt moderne Ausstattung f\u00fcr Camping Vans \u2714 Die Must-haves f\u00fcr den Selbstausbau + viele Tipps zum passenden Campingbus!","og_url":"https:\/\/www.schlanser.ch\/magazin\/ausstattung-fuer-den-camping-van\/","og_site_name":"Schlanser Magazin","article_published_time":"2021-07-20T07:12:28+00:00","article_modified_time":"2024-06-17T08:45:53+00:00","og_image":[{"width":620,"height":350,"url":"https:\/\/www.schlanser.ch\/magazin\/wp-content\/uploads\/2023\/07\/Van-Aussicht.jpg","type":"image\/jpeg"}],"author":"admin","twitter_card":"summary_large_image","twitter_misc":{"Verfasst von":"admin","Gesch\u00e4tzte Lesezeit":"7 Minuten"},"schema":{"@context":"https:\/\/schema.org","@graph":[{"@type":"WebPage","@id":"https:\/\/www.schlanser.ch\/magazin\/ausstattung-fuer-den-camping-van\/","url":"https:\/\/www.schlanser.ch\/magazin\/ausstattung-fuer-den-camping-van\/","name":"Die Ausstattung f\u00fcr den Camping Van - kreativ und multifunktional - Schlanser Magazin","isPartOf":{"@id":"https:\/\/www.schlanser.ch\/magazin\/#website"},"primaryImageOfPage":{"@id":"https:\/\/www.schlanser.ch\/magazin\/ausstattung-fuer-den-camping-van\/#primaryimage"},"image":{"@id":"https:\/\/www.schlanser.ch\/magazin\/ausstattung-fuer-den-camping-van\/#primaryimage"},"thumbnailUrl":"https:\/\/www.schlanser.ch\/magazin\/wp-content\/uploads\/2023\/07\/Van-Aussicht.jpg","datePublished":"2021-07-20T07:12:28+00:00","dateModified":"2024-06-17T08:45:53+00:00","author":{"@id":"https:\/\/www.schlanser.ch\/magazin\/#\/schema\/person\/000db0a103eb2594ba3daf394b1dfea2"},"description":"Das Schlanser Magazin erkl\u00e4rt moderne Ausstattung f\u00fcr Camping Vans \u2714 Die Must-haves f\u00fcr den Selbstausbau + viele Tipps zum passenden Campingbus!","breadcrumb":{"@id":"https:\/\/www.schlanser.ch\/magazin\/ausstattung-fuer-den-camping-van\/#breadcrumb"},"inLanguage":"de-DE","potentialAction":[{"@type":"ReadAction","target":["https:\/\/www.schlanser.ch\/magazin\/ausstattung-fuer-den-camping-van\/"]}]},{"@type":"ImageObject","inLanguage":"de-DE","@id":"https:\/\/www.schlanser.ch\/magazin\/ausstattung-fuer-den-camping-van\/#primaryimage","url":"https:\/\/www.schlanser.ch\/magazin\/wp-content\/uploads\/2023\/07\/Van-Aussicht.jpg","contentUrl":"https:\/\/www.schlanser.ch\/magazin\/wp-content\/uploads\/2023\/07\/Van-Aussicht.jpg","width":620,"height":350,"caption":"\u00a9 BublikHaus - stock.adobe.com"},{"@type":"BreadcrumbList","@id":"https:\/\/www.schlanser.ch\/magazin\/ausstattung-fuer-den-camping-van\/#breadcrumb","itemListElement":[{"@type":"ListItem","position":1,"name":"Startseite","item":"https:\/\/www.schlanser.ch\/magazin\/"},{"@type":"ListItem","position":2,"name":"Die Ausstattung f\u00fcr den Camping Van &#8211; kreativ und multifunktional"}]},{"@type":"WebSite","@id":"https:\/\/www.schlanser.ch\/magazin\/#website","url":"https:\/\/www.schlanser.ch\/magazin\/","name":"Schlanser Magazin","description":"","potentialAction":[{"@type":"SearchAction","target":{"@type":"EntryPoint","urlTemplate":"https:\/\/www.schlanser.ch\/magazin\/?s={search_term_string}"},"query-input":"required name=search_term_string"}],"inLanguage":"de-DE"},{"@type":"Person","@id":"https:\/\/www.schlanser.ch\/magazin\/#\/schema\/person\/000db0a103eb2594ba3daf394b1dfea2","name":"admin","image":{"@type":"ImageObject","inLanguage":"de-DE","@id":"https:\/\/www.schlanser.ch\/magazin\/#\/schema\/person\/image\/","url":"https:\/\/secure.gravatar.com\/avatar\/a794a4fe8a9b9c52241597eb381dfa2e?s=96&d=mm&r=g","contentUrl":"https:\/\/secure.gravatar.com\/avatar\/a794a4fe8a9b9c52241597eb381dfa2e?s=96&d=mm&r=g","caption":"admin"}}]}},"_links":{"self":[{"href":"https:\/\/www.schlanser.ch\/magazin\/wp-json\/wp\/v2\/posts\/12853"}],"collection":[{"href":"https:\/\/www.schlanser.ch\/magazin\/wp-json\/wp\/v2\/posts"}],"about":[{"href":"https:\/\/www.schlanser.ch\/magazin\/wp-json\/wp\/v2\/types\/post"}],"author":[{"embeddable":true,"href":"https:\/\/www.schlanser.ch\/magazin\/wp-json\/wp\/v2\/users\/1"}],"replies":[{"embeddable":true,"href":"https:\/\/www.schlanser.ch\/magazin\/wp-json\/wp\/v2\/comments?post=12853"}],"version-history":[{"count":25,"href":"https:\/\/www.schlanser.ch\/magazin\/wp-json\/wp\/v2\/posts\/12853\/revisions"}],"predecessor-version":[{"id":17985,"href":"https:\/\/www.schlanser.ch\/magazin\/wp-json\/wp\/v2\/posts\/12853\/revisions\/17985"}],"wp:featuredmedia":[{"embeddable":true,"href":"https:\/\/www.schlanser.ch\/magazin\/wp-json\/wp\/v2\/media\/12876"}],"wp:attachment":[{"href":"https:\/\/www.schlanser.ch\/magazin\/wp-json\/wp\/v2\/media?parent=12853"}],"wp:term":[{"taxonomy":"category","embeddable":true,"href":"https:\/\/www.schlanser.ch\/magazin\/wp-json\/wp\/v2\/categories?post=12853"},{"taxonomy":"post_tag","embeddable":true,"href":"https:\/\/www.schlanser.ch\/magazin\/wp-json\/wp\/v2\/tags?post=12853"}],"curies":[{"name":"wp","href":"https:\/\/api.w.org\/{rel}","templated":true}]}}