{"id":13120,"date":"2021-09-07T13:50:21","date_gmt":"2021-09-07T11:50:21","guid":{"rendered":"https:\/\/www.schlanser.ch\/magazin\/?p=13120"},"modified":"2024-01-10T15:45:38","modified_gmt":"2024-01-10T14:45:38","slug":"caravantrend-mini-camper","status":"publish","type":"post","link":"https:\/\/www.schlanser.ch\/magazin\/caravantrend-mini-camper\/","title":{"rendered":"Caravantrend Mini Camper"},"content":{"rendered":"<h2>\u00ab Kompakt f\u00fcr maximale Flexibilit\u00e4t in den Ferien \u00bb<strong><br \/>\n<\/strong><\/h2>\n<p style=\"text-align: justify;\"><strong>F\u00fcr kleine Reisen und Wochenendausfl\u00fcge muss es nicht immer gleich ein grosses Wohnmobil sein. Hier ist der Mini Camper eine tolle und praktische Option. Da sich sp\u00e4testens seit letztem Jahr immer mehr Menschen Unabh\u00e4ngigkeit und Flexibilit\u00e4t w\u00fcnschen, steigt die Nachfrage f\u00fcr kleine Campingbusse immer mehr. Zudem wird der Camper Ausbau von bekannten Modellen wie Toyota Previa, VW Caddy, Nissan NV200, Dacia Dokker und Co. immer ausgekl\u00fcgelter und individueller. Fakt ist: Die Fangruppe der Mini Camper w\u00e4chst immer mehr. Das Wichtigste zum <\/strong><a href=\"https:\/\/www.schlanser.ch\/fahrzeug\/\"><strong>Camper Ausbau<\/strong><\/a><strong> erfahren Sie hier.<\/strong><\/p>\n<h2>Die Vorteile vom Mini Camper<\/h2>\n<p style=\"text-align: justify;\">Prinzipiell wachsen die Fahrzeuge beim Camping mit ihren Anspr\u00fcchen. Je mehr Menschen mitfahren und je mehr man im Camper wirklich wohnen m\u00f6chte, desto gr\u00f6sser sind auch die Fahrzeuge. Das heisst aber nicht, dass mit einem Mini Camper kein sch\u00f6ner und bequemer Urlaub m\u00f6glich ist. Wer hier sinnvoll plant, kann diesen mit allem ausstatten, was notwendig ist. So liegen die Vorteile gegen\u00fcber klassischen Campingfahrzeugen nat\u00fcrlich in ihrer Kompaktheit. Sie kommen damit so gut wie \u00fcberall hin, selbst in einer Tiefgarage k\u00f6nnen Sie parken. Das Fahren funktioniert deutlich wendiger und alltagstauglicher. Zudem l\u00e4sst sich die <a href=\"https:\/\/www.schlanser.ch\/fahrzeug\/campingfahrzeug-inneneinrichtung\/\">Fahrzeuginneneinrichtung<\/a> meist flexibel ein- und wieder ausbauen, sodass der Wagen als Alltags-Pkw verwendet werden kann. Der absolute Klassiker ist ungeschlagen der VW Caddy, wahrscheinlich, weil er so praktisch und handlich ist. Ein bisschen Nostalgie ist nat\u00fcrlich auch mit im Spiel.<\/p>\n<figure id=\"attachment_13139\" aria-describedby=\"caption-attachment-13139\" style=\"width: 620px\" class=\"wp-caption aligncenter\"><img loading=\"lazy\" decoding=\"async\" class=\"wp-image-13139 size-full\" title=\"Durch ein paar Tricks l\u00e4sst sich der Raum um den Wagen herum auch nutzen\" src=\"https:\/\/www.schlanser.ch\/magazin\/wp-content\/uploads\/2023\/09\/Caravantrend-Mini-Camper.jpg\" alt=\"Camper Van mit Schlafdach und Campingtisch - Caravantrend Mini Camper\" width=\"620\" height=\"413\" srcset=\"https:\/\/www.schlanser.ch\/magazin\/wp-content\/uploads\/2023\/09\/Caravantrend-Mini-Camper.jpg 620w, https:\/\/www.schlanser.ch\/magazin\/wp-content\/uploads\/2023\/09\/Caravantrend-Mini-Camper-300x200.jpg 300w\" sizes=\"(max-width: 620px) 100vw, 620px\" \/><figcaption id=\"caption-attachment-13139\" class=\"wp-caption-text\">\u00a9 BublikHaus &#8211; stock.adobe.com<\/figcaption><\/figure>\n<h2>Die verschiedenen Basisfahrzeuge<\/h2>\n<p style=\"text-align: justify;\">Der Camper Ausbau eines Hochdach-Kombis ist der ideale und auch preiswerte Einstieg in die Welt des Campings. So gibt es den Dacia Dokker schon unter 13.000 CHF, weitere ideale Basisfahrzeuge sind zum Beispiel:<\/p>\n<ul>\n<li>Volkswagen Caddy<\/li>\n<li>Nissan NV20<\/li>\n<li>Opel Combo<\/li>\n<li>Ford Transit Connect<\/li>\n<li>Toyota Previa<\/li>\n<\/ul>\n<h3>VW Caddy<\/h3>\n<p style=\"text-align: justify;\">Der VW Caddy ist, wie bereits erw\u00e4hnt, der Klassiker f\u00fcr Menschen, die einen Mini Camper selber ausbauen m\u00f6chten. So finden Sie f\u00fcr das Fahrzeug auch so gut wie bei allen Anbietern die passenden Modulm\u00f6bel zum Einbauen, der VW Caddy ist in Sachen Ausstattung demnach State-of-the-Art. Preislich liegt er etwa bei 27.000 CHF.<\/p>\n<figure id=\"attachment_13124\" aria-describedby=\"caption-attachment-13124\" style=\"width: 620px\" class=\"wp-caption aligncenter\"><img loading=\"lazy\" decoding=\"async\" class=\"wp-image-13124 size-full\" title=\"VW Caddy\" src=\"https:\/\/www.schlanser.ch\/magazin\/wp-content\/uploads\/2023\/09\/Volkswagen_Caddy_V_IMG_4136-1.jpg\" alt=\"VW Caddy - Mini Camper\" width=\"620\" height=\"413\" srcset=\"https:\/\/www.schlanser.ch\/magazin\/wp-content\/uploads\/2023\/09\/Volkswagen_Caddy_V_IMG_4136-1.jpg 620w, https:\/\/www.schlanser.ch\/magazin\/wp-content\/uploads\/2023\/09\/Volkswagen_Caddy_V_IMG_4136-1-300x200.jpg 300w\" sizes=\"(max-width: 620px) 100vw, 620px\" \/><figcaption id=\"caption-attachment-13124\" class=\"wp-caption-text\">Von Alexander Migl &#8211; Eigenes Werk, CC BY-SA 4.0, https:\/\/commons.wikimedia.org\/w\/index.php?curid=104728427<\/figcaption><\/figure>\n<h3>Nissan NV200<\/h3>\n<p style=\"text-align: justify;\">Der Nissan NV200 eignet sich sehr gut f\u00fcr den Ausbau zum Mini Camper. Hier haben Sie ausreichend Platz f\u00fcr zwei Personen, mit etwas Geschick l\u00e4sst sich gen\u00fcgend Stauraum schaffen und alles gut unterbringen. Der Preise f\u00fcr den Nissan NV200 liegt etwa bei 18.000 CHF.<\/p>\n<figure id=\"attachment_13129\" aria-describedby=\"caption-attachment-13129\" style=\"width: 620px\" class=\"wp-caption aligncenter\"><img loading=\"lazy\" decoding=\"async\" class=\"wp-image-13129 size-full\" title=\"Nissan NV200\" src=\"https:\/\/www.schlanser.ch\/magazin\/wp-content\/uploads\/2023\/09\/Nissan_NV2001.jpg\" alt=\"Nissan NV200 - Mini Camper\" width=\"620\" height=\"403\" srcset=\"https:\/\/www.schlanser.ch\/magazin\/wp-content\/uploads\/2023\/09\/Nissan_NV2001.jpg 620w, https:\/\/www.schlanser.ch\/magazin\/wp-content\/uploads\/2023\/09\/Nissan_NV2001-300x195.jpg 300w\" sizes=\"(max-width: 620px) 100vw, 620px\" \/><figcaption id=\"caption-attachment-13129\" class=\"wp-caption-text\">Von IFCAR &#8211; Eigenes Werk, Gemeinfrei, https:\/\/commons.wikimedia.org\/w\/index.php?curid=19009777<\/figcaption><\/figure>\n<h3>Opel Combo<\/h3>\n<p style=\"text-align: justify;\">Auch der Opel Combo ist ein kompakter Campingbus, welcher sich hervorragend als Mini Camper eignet. Wie die anderen Hochdachkombis auch ist er sowohl als Diesel, Benziner, Hybrid und auch als Elektrofahrzeug erh\u00e4ltlich. Die Kosten liegen etwa bei 19.000 CHF.<\/p>\n<p><img loading=\"lazy\" decoding=\"async\" class=\"aligncenter wp-image-13131 size-full\" title=\"Opel Combo\" src=\"https:\/\/www.schlanser.ch\/magazin\/wp-content\/uploads\/2023\/09\/Combo-Cargo-XL-475-m-1.jpg\" alt=\"Opel Combo - Mini Camper\" width=\"620\" height=\"413\" srcset=\"https:\/\/www.schlanser.ch\/magazin\/wp-content\/uploads\/2023\/09\/Combo-Cargo-XL-475-m-1.jpg 620w, https:\/\/www.schlanser.ch\/magazin\/wp-content\/uploads\/2023\/09\/Combo-Cargo-XL-475-m-1-300x200.jpg 300w\" sizes=\"(max-width: 620px) 100vw, 620px\" \/><\/p>\n<h3>Ford Transit Connect<\/h3>\n<p style=\"text-align: justify;\">Beim Ford Transit Connect wurde einst die Karosserie verj\u00fcngt, was einen \u00fcppigen Innenraum verspricht, der ideal f\u00fcr eine Fahrzeuginneneinrichtung zum Campen ist. Eigentlich kommt der Ford Transit Connect seltener als Basisfahrzeug f\u00fcr einen Mini Camper zum Einsatz, doch daf\u00fcr gibt es eigentlich gar keinen Grund. Eine Variante mit langem Radstand, die etwas h\u00f6her ist, gibt es ebenfalls. Die Kosten belaufen sich auf etwa 21.500 CHF.<\/p>\n<figure id=\"attachment_13132\" aria-describedby=\"caption-attachment-13132\" style=\"width: 620px\" class=\"wp-caption aligncenter\"><img loading=\"lazy\" decoding=\"async\" class=\"wp-image-13132 size-full\" title=\"Ford Transit Connect 1.6 TDCi (II)\" src=\"https:\/\/www.schlanser.ch\/magazin\/wp-content\/uploads\/2023\/09\/Ford_Transit_Connect_1.6.jpg\" alt=\"Ford Transit Connect 1.6 TDCi (II) - Mini Camper\" width=\"620\" height=\"383\" srcset=\"https:\/\/www.schlanser.ch\/magazin\/wp-content\/uploads\/2023\/09\/Ford_Transit_Connect_1.6.jpg 620w, https:\/\/www.schlanser.ch\/magazin\/wp-content\/uploads\/2023\/09\/Ford_Transit_Connect_1.6-300x185.jpg 300w\" sizes=\"(max-width: 620px) 100vw, 620px\" \/><figcaption id=\"caption-attachment-13132\" class=\"wp-caption-text\">Von M 93, CC BY-SA 3.0 de, https:\/\/commons.wikimedia.org\/w\/index.php?curid=39374912<\/figcaption><\/figure>\n<h3>Toyota Previa<\/h3>\n<p style=\"text-align: justify;\">Der Toyota Previa ist ein sehr gutes Basisfahrzeug, um ihn f\u00fcr das Camping auszubauen. Der Benziner ist zudem robust und langlebig, im Innenraum l\u00e4sst sich einiges umsetzen. Preislich liegt der Toyota Previa etwa bei 42.000 CHF.<\/p>\n<figure id=\"attachment_13136\" aria-describedby=\"caption-attachment-13136\" style=\"width: 620px\" class=\"wp-caption aligncenter\"><img loading=\"lazy\" decoding=\"async\" class=\"wp-image-13136 size-full\" title=\"Toyota Previa XR50\" src=\"https:\/\/www.schlanser.ch\/magazin\/wp-content\/uploads\/2023\/09\/Toyota_Previa_XR50.jpg\" alt=\"Toyota Previa XR50 - Mini Camper\" width=\"620\" height=\"320\" srcset=\"https:\/\/www.schlanser.ch\/magazin\/wp-content\/uploads\/2023\/09\/Toyota_Previa_XR50.jpg 620w, https:\/\/www.schlanser.ch\/magazin\/wp-content\/uploads\/2023\/09\/Toyota_Previa_XR50-300x155.jpg 300w\" sizes=\"(max-width: 620px) 100vw, 620px\" \/><figcaption id=\"caption-attachment-13136\" class=\"wp-caption-text\">Von Navigator84 &#8211; Eigenes Werk, CC BY-SA 3.0, https:\/\/commons.wikimedia.org\/w\/index.php?curid=28865049<\/figcaption><\/figure>\n<p style=\"text-align: justify;\">Ebenfalls gut f\u00fcr den Ausbau eignen sich der Citro\u00ebn Berlingo, der Renault Kangoo, der Mercedes-Benz Citan sowie der Landrover Defender.<\/p>\n<h2 style=\"text-align: justify;\">Mini Camper gebraucht kaufen<\/h2>\n<p style=\"text-align: justify;\">Die Anschaffung eines Neu-Basisfahrzeugs f\u00fcr das Camping ist nat\u00fcrlich mit nicht zu untersch\u00e4tzenden Kosten verbunden. Diese heben sich immer noch deutlich von den Preisen f\u00fcr ein Wohnmobil ab, dennoch muss die Anschaffung gut \u00fcberlegt sein. Eine gute Variante ist es, sich f\u00fcr ein gebrauchtes Fahrzeug zu entscheiden. Das bringt einige Vorteile mit: Zum einen stehen die Chancen gut, dass Kinderkrankheiten und diverse M\u00e4ngel bereits behoben sind und eine gewisse Ausstattung schon vorhanden ist. Vielleicht haben Sie Gl\u00fcck und erhalten hier bereits ausgekl\u00fcgelte Selbstausbauten im Fahrzeug, sodass Sie selbst nicht mehr grossartig Hand anlegen m\u00fcssen. Ein wichtiger Punkt, auch bei einem gebrauchten Fahrzeug, ist die Versicherung. Ob Teilkasko oder Vollkasko, eins ist klar: Ohne Versicherung geht es nicht. Die gute Nachricht: F\u00fcr Hochdachkombis sind Versicherungen in der Regel recht g\u00fcnstig zu bekommen.<\/p>\n<h2>Kastenwagen ausbauen \u2013 so geht es<\/h2>\n<p style=\"text-align: justify;\">Alles beginnt mit der Bodenplatte. Dazu sollte zun\u00e4chst eine passende Schablone erstellt werden, zum Beispiel aus aneinandergeklebten Fotokartons. Nun den Bus ausgiebig vermessen und auf die Schablone \u00fcbertragen und diese dann ins Auto legen. Als Material f\u00fcr die Bodenplatte eignet sich stabiles Holz, welches trotzdem m\u00f6glichst leicht sein soll, zum Beispiel Birkenholz. Die Schablone einfach auf die Holzplatte legen, mit Klebeband befestigen und die Konturen ziehen. Das Ganze mit einer Stichs\u00e4ge auss\u00e4gen und abschleifen. Passt die Platte auf Anhieb, kann dann der Bodenbelag verlegt werden. Die meisten Camper entscheiden sich hier f\u00fcr PVC. Das ist robust, wasserfest und pflegeleicht. F\u00fcr einen ordentlichen Abschluss der Platte eignen sich unauff\u00e4llige Kunststoffprofile. Zus\u00e4tzlichen Halt garantiert eine Befestigung der Platte an der Ladungssicherung.<\/p>\n<figure id=\"attachment_13141\" aria-describedby=\"caption-attachment-13141\" style=\"width: 620px\" class=\"wp-caption aligncenter\"><img loading=\"lazy\" decoding=\"async\" class=\"wp-image-13141 size-full\" title=\"Beim Camper-Ausbau steht die effiziente Nutzung des begrenzten Raumes stets im Vordergrund\" src=\"https:\/\/www.schlanser.ch\/magazin\/wp-content\/uploads\/2023\/09\/Mini-Camper-Ausbau.jpg\" alt=\"Junger Mann beim Camper-Ausbau - Caravantrend Mini Camper\" width=\"620\" height=\"413\" srcset=\"https:\/\/www.schlanser.ch\/magazin\/wp-content\/uploads\/2023\/09\/Mini-Camper-Ausbau.jpg 620w, https:\/\/www.schlanser.ch\/magazin\/wp-content\/uploads\/2023\/09\/Mini-Camper-Ausbau-300x200.jpg 300w\" sizes=\"(max-width: 620px) 100vw, 620px\" \/><figcaption id=\"caption-attachment-13141\" class=\"wp-caption-text\">\u00a9 photoschmidt &#8211; stock.adobe.com<\/figcaption><\/figure>\n<h3>Das Bett<\/h3>\n<p style=\"text-align: justify;\">Das Wichtigste beim Mini Camper ausbauen ist nat\u00fcrlich die Bettkonstruktion. Alles andere: essen, kochen, duschen usw. kann draussen erledigt werden, geschlafen wir aber im Bus. F\u00fcr die Bettkonstruktion entscheiden sich die meisten f\u00fcr Europaletten oder Mutiplexplatten, die aus robustem Buchenholz bestehen. Damit das Ganze auch sicher h\u00e4lt, werden die Platten mittels Alu-Winkelprofilen auf der Bodenplatte befestigt. Eine \u00dcberlegung, die sie vorher anstellen m\u00fcssen ist, ob Sie einen Ausschnitt freilassen, damit sie ohne die Matratze zu ber\u00fchren, hinter den Fahrerraum treten k\u00f6nnen. Veranschlagen Sie aber mindestens 80 cm Bettbreite pro Person, damit Sie bequem liegen k\u00f6nnen. Eine praktische L\u00f6sung ist es ausserdem, dass Bett mithilfe von Klapp- oder Schiebel\u00f6sungen vergr\u00f6ssern und verkleinern zu k\u00f6nnen.<\/p>\n<figure id=\"attachment_13143\" aria-describedby=\"caption-attachment-13143\" style=\"width: 620px\" class=\"wp-caption aligncenter\"><img loading=\"lazy\" decoding=\"async\" class=\"wp-image-13143 size-full\" title=\"Das Bett hat den gr\u00f6\u00dften Einfluss auf die Raumgestaltung\" src=\"https:\/\/www.schlanser.ch\/magazin\/wp-content\/uploads\/2023\/09\/Caravantrend-Mini-Camper-bett-Ausbau.jpg\" alt=\"Jemand baut ein Bett in einen Mini Camper\" width=\"620\" height=\"413\" srcset=\"https:\/\/www.schlanser.ch\/magazin\/wp-content\/uploads\/2023\/09\/Caravantrend-Mini-Camper-bett-Ausbau.jpg 620w, https:\/\/www.schlanser.ch\/magazin\/wp-content\/uploads\/2023\/09\/Caravantrend-Mini-Camper-bett-Ausbau-300x200.jpg 300w\" sizes=\"(max-width: 620px) 100vw, 620px\" \/><figcaption id=\"caption-attachment-13143\" class=\"wp-caption-text\">\u00a9 photoschmidt &#8211; stock.adobe.com<\/figcaption><\/figure>\n<h3>Stauraum<\/h3>\n<p style=\"text-align: justify;\">Ein weiterer wichtiger Aspekt ist der Stauraum. Hier gilt es, sich einen genauen Plan zu machen, damit alles so sinnvoll und platzsparend wie m\u00f6glich verstaut werden kann. Beim Mini Camper z\u00e4hlt wirklich jeder Zentimeter. Wandschr\u00e4nke zum Beispiel sind f\u00fcr ein Wohnmobil ideal, als Fahrzeuginneneinrichtung f\u00fcr kleine Campingbusse eignen sie sich aber weniger. Setzen Sie hier lieber auf Verstaum\u00f6glichkeiten unter der Bettkonstruktion. Das k\u00f6nnen sie ganz unkompliziert mit Euroboxen oder anderen Beh\u00e4ltnissen realisieren. Achten Sie nur darauf, dass die Boxen stabil und stapelbar sind. Das Gute ist: Die Boxen k\u00f6nnen jederzeit ohne viel Aufwand aus dem Mini Camper entfernt werden, es ist nichts fest verbaut. Zwischen die Boxen k\u00f6nnen Sie zum Beispiel ein Holzbrett klemmen und dieses dann als Tisch verwenden.<\/p>\n<p><img loading=\"lazy\" decoding=\"async\" class=\"aligncenter wp-image-13145 size-full\" title=\"Enders Toronto M 47 Liter Classic Box - Aluminiumbox\" src=\"https:\/\/www.schlanser.ch\/magazin\/wp-content\/uploads\/2023\/09\/Enders-Toronto-M-47-Liter-Classic-Box.jpg\" alt=\"Enders Toronto M 47 Liter Classic Box - Aluminiumbox\" width=\"620\" height=\"387\" srcset=\"https:\/\/www.schlanser.ch\/magazin\/wp-content\/uploads\/2023\/09\/Enders-Toronto-M-47-Liter-Classic-Box.jpg 620w, https:\/\/www.schlanser.ch\/magazin\/wp-content\/uploads\/2023\/09\/Enders-Toronto-M-47-Liter-Classic-Box-300x187.jpg 300w\" sizes=\"(max-width: 620px) 100vw, 620px\" \/><\/p>\n<h2>Mit Liebe zum Detail<\/h2>\n<p style=\"text-align: justify;\">Auch wenn der Mini Camper eher spartanisch eingerichtet ist, kann er mit ein paar kleinen Details gem\u00fctlich und wohnlich gemacht werden. So sind Gardinen wichtig, um morgens etwas l\u00e4nger schlafen zu k\u00f6nnen und um etwas Privatsph\u00e4re zu schaffen. Hierf\u00fcr reichen ganz simple Befestigungsarten wie der Klettverschluss, Druckkn\u00f6pfe oder Saugn\u00e4pfe. An Dekoration eignen sich zum Beispiel sch\u00f6ne, aufeinander abgestimmte Kissenbez\u00fcge, kleine Lichterketten, Wimpelketten, Pompons oder Traumf\u00e4nger. Gegen ein paar Bilder an der Wand, die mit Powerstrips befestigt werden, eine kleine Pflanze oder \u00e4hnliches spricht nat\u00fcrlich auch nichts.<\/p>\n<p><img loading=\"lazy\" decoding=\"async\" class=\"aligncenter wp-image-13147 size-full\" title=\"Crespo Komplettset 5tlg.\" src=\"https:\/\/www.schlanser.ch\/magazin\/wp-content\/uploads\/2023\/09\/Crespo-Komplettset-5tlg..jpg\" alt=\"Crespo Komplettset 5tlg.\" width=\"620\" height=\"388\" srcset=\"https:\/\/www.schlanser.ch\/magazin\/wp-content\/uploads\/2023\/09\/Crespo-Komplettset-5tlg..jpg 620w, https:\/\/www.schlanser.ch\/magazin\/wp-content\/uploads\/2023\/09\/Crespo-Komplettset-5tlg.-300x188.jpg 300w\" sizes=\"(max-width: 620px) 100vw, 620px\" \/><\/p>\n<p>Weiteres n\u00fctzliches Zubeh\u00f6r f\u00fcr den Mini Camper:<\/p>\n<ul>\n<li><a href=\"https:\/\/www.schlanser.ch\/moebel\/\">Campingm\u00f6bel (Tisch und St\u00fchle)<\/a><\/li>\n<li><a href=\"https:\/\/www.schlanser.ch\/elektro\/energieversorgung\/cee-stromversorgung\/\">Campingkabeltrommel<\/a><\/li>\n<li><a href=\"https:\/\/www.schlanser.ch\/fahrzeug\/sanitaer\/campingtoiletten\/\">Mobile Toilette<\/a><\/li>\n<li><a href=\"https:\/\/www.schlanser.ch\/zelte\/vorzelte\/markisen-sonnensegel\/\">Sonnensegel<\/a><\/li>\n<li>Dachzelt<\/li>\n<li>Aufstelldach<\/li>\n<li><a href=\"https:\/\/www.schlanser.ch\/zelte\/vorzelte\/reisemobil-busvorzelte\/\">Vorzelt<\/a><br \/>\n<a href=\"https:\/\/www.schlanser.ch\/zelte\/vorzelte\/reisemobil-busvorzelte\/212974\/dometic-hub-suv-connect-anschlusstunnel-fuer-heckpavillon\"><img loading=\"lazy\" decoding=\"async\" class=\"aligncenter wp-image-13152 size-full\" title=\"Dometic HUB SUV Connect Anschlusstunnel f\u00fcr Heckpavillon\" src=\"https:\/\/www.schlanser.ch\/magazin\/wp-content\/uploads\/2023\/09\/Dometic-HUB-SUV-Connect-Anschlusstunnel-f\u00fcr-Heckpavillon-1.jpg\" alt=\"Dometic HUB SUV Connect Anschlusstunnel f\u00fcr Heckpavillon\" width=\"620\" height=\"373\" srcset=\"https:\/\/www.schlanser.ch\/magazin\/wp-content\/uploads\/2023\/09\/Dometic-HUB-SUV-Connect-Anschlusstunnel-f\u00fcr-Heckpavillon-1.jpg 620w, https:\/\/www.schlanser.ch\/magazin\/wp-content\/uploads\/2023\/09\/Dometic-HUB-SUV-Connect-Anschlusstunnel-f\u00fcr-Heckpavillon-1-300x180.jpg 300w\" sizes=\"(max-width: 620px) 100vw, 620px\" \/><\/a><\/li>\n<\/ul>\n","protected":false},"excerpt":{"rendered":"<p>\u00ab Kompakt f\u00fcr maximale Flexibilit\u00e4t in den Ferien \u00bb F\u00fcr kleine Reisen und Wochenendausfl\u00fcge muss es nicht immer gleich ein grosses Wohnmobil sein. Hier ist der Mini Camper eine tolle und praktische Option. Da sich sp\u00e4testens seit letztem Jahr immer mehr Menschen Unabh\u00e4ngigkeit und Flexibilit\u00e4t w\u00fcnschen, steigt die Nachfrage f\u00fcr kleine Campingbusse immer mehr. Zudem &hellip;<\/p>\n","protected":false},"author":1,"featured_media":13138,"comment_status":"closed","ping_status":"open","sticky":false,"template":"","format":"standard","meta":{"footnotes":""},"categories":[3],"tags":[1799,1821,1826,1828,1820,1822,1824,1825,1829,1827,1823,1830],"yoast_head":"<!-- This site is optimized with the Yoast SEO plugin v22.2 - https:\/\/yoast.com\/wordpress\/plugins\/seo\/ -->\n<title>Caravantrend Mini Camper - Schlanser Magazin<\/title>\n<meta name=\"description\" content=\"Entdecken Sie eine neue Art von Caravan-Ferien \u2714 Das Schlanser Magazin geht dem Caravantrend Mini-Camper mit vielen Beispielen auf den Grund!\" \/>\n<meta name=\"robots\" content=\"index, follow, max-snippet:-1, max-image-preview:large, max-video-preview:-1\" \/>\n<link rel=\"canonical\" href=\"https:\/\/www.schlanser.ch\/magazin\/caravantrend-mini-camper\/\" \/>\n<meta property=\"og:locale\" content=\"de_DE\" \/>\n<meta property=\"og:type\" content=\"article\" \/>\n<meta property=\"og:title\" content=\"Caravantrend Mini Camper - Schlanser Magazin\" \/>\n<meta property=\"og:description\" content=\"Entdecken Sie eine neue Art von Caravan-Ferien \u2714 Das Schlanser Magazin geht dem Caravantrend Mini-Camper mit vielen Beispielen auf den Grund!\" \/>\n<meta property=\"og:url\" content=\"https:\/\/www.schlanser.ch\/magazin\/caravantrend-mini-camper\/\" \/>\n<meta property=\"og:site_name\" content=\"Schlanser Magazin\" \/>\n<meta property=\"article:published_time\" content=\"2021-09-07T11:50:21+00:00\" \/>\n<meta property=\"article:modified_time\" content=\"2024-01-10T14:45:38+00:00\" \/>\n<meta property=\"og:image\" content=\"https:\/\/www.schlanser.ch\/magazin\/wp-content\/uploads\/2023\/09\/Citro\u00ebn_Berlingo.jpg\" \/>\n\t<meta property=\"og:image:width\" content=\"660\" \/>\n\t<meta property=\"og:image:height\" content=\"360\" \/>\n\t<meta property=\"og:image:type\" content=\"image\/jpeg\" \/>\n<meta name=\"author\" content=\"admin\" \/>\n<meta name=\"twitter:card\" content=\"summary_large_image\" \/>\n<meta name=\"twitter:label1\" content=\"Verfasst von\" \/>\n\t<meta name=\"twitter:data1\" content=\"admin\" \/>\n\t<meta name=\"twitter:label2\" content=\"Gesch\u00e4tzte Lesezeit\" \/>\n\t<meta name=\"twitter:data2\" content=\"7 Minuten\" \/>\n<script type=\"application\/ld+json\" class=\"yoast-schema-graph\">{\"@context\":\"https:\/\/schema.org\",\"@graph\":[{\"@type\":\"WebPage\",\"@id\":\"https:\/\/www.schlanser.ch\/magazin\/caravantrend-mini-camper\/\",\"url\":\"https:\/\/www.schlanser.ch\/magazin\/caravantrend-mini-camper\/\",\"name\":\"Caravantrend Mini Camper - Schlanser Magazin\",\"isPartOf\":{\"@id\":\"https:\/\/www.schlanser.ch\/magazin\/#website\"},\"primaryImageOfPage\":{\"@id\":\"https:\/\/www.schlanser.ch\/magazin\/caravantrend-mini-camper\/#primaryimage\"},\"image\":{\"@id\":\"https:\/\/www.schlanser.ch\/magazin\/caravantrend-mini-camper\/#primaryimage\"},\"thumbnailUrl\":\"https:\/\/www.schlanser.ch\/magazin\/wp-content\/uploads\/2023\/09\/Citro\u00ebn_Berlingo.jpg\",\"datePublished\":\"2021-09-07T11:50:21+00:00\",\"dateModified\":\"2024-01-10T14:45:38+00:00\",\"author\":{\"@id\":\"https:\/\/www.schlanser.ch\/magazin\/#\/schema\/person\/000db0a103eb2594ba3daf394b1dfea2\"},\"description\":\"Entdecken Sie eine neue Art von Caravan-Ferien \u2714 Das Schlanser Magazin geht dem Caravantrend Mini-Camper mit vielen Beispielen auf den Grund!\",\"breadcrumb\":{\"@id\":\"https:\/\/www.schlanser.ch\/magazin\/caravantrend-mini-camper\/#breadcrumb\"},\"inLanguage\":\"de-DE\",\"potentialAction\":[{\"@type\":\"ReadAction\",\"target\":[\"https:\/\/www.schlanser.ch\/magazin\/caravantrend-mini-camper\/\"]}]},{\"@type\":\"ImageObject\",\"inLanguage\":\"de-DE\",\"@id\":\"https:\/\/www.schlanser.ch\/magazin\/caravantrend-mini-camper\/#primaryimage\",\"url\":\"https:\/\/www.schlanser.ch\/magazin\/wp-content\/uploads\/2023\/09\/Citro\u00ebn_Berlingo.jpg\",\"contentUrl\":\"https:\/\/www.schlanser.ch\/magazin\/wp-content\/uploads\/2023\/09\/Citro\u00ebn_Berlingo.jpg\",\"width\":660,\"height\":360,\"caption\":\"Von M 93, CC BY-SA 3.0 de, https:\/\/commons.wikimedia.org\/w\/index.php?curid=21123476\"},{\"@type\":\"BreadcrumbList\",\"@id\":\"https:\/\/www.schlanser.ch\/magazin\/caravantrend-mini-camper\/#breadcrumb\",\"itemListElement\":[{\"@type\":\"ListItem\",\"position\":1,\"name\":\"Startseite\",\"item\":\"https:\/\/www.schlanser.ch\/magazin\/\"},{\"@type\":\"ListItem\",\"position\":2,\"name\":\"Caravantrend Mini Camper\"}]},{\"@type\":\"WebSite\",\"@id\":\"https:\/\/www.schlanser.ch\/magazin\/#website\",\"url\":\"https:\/\/www.schlanser.ch\/magazin\/\",\"name\":\"Schlanser Magazin\",\"description\":\"\",\"potentialAction\":[{\"@type\":\"SearchAction\",\"target\":{\"@type\":\"EntryPoint\",\"urlTemplate\":\"https:\/\/www.schlanser.ch\/magazin\/?s={search_term_string}\"},\"query-input\":\"required name=search_term_string\"}],\"inLanguage\":\"de-DE\"},{\"@type\":\"Person\",\"@id\":\"https:\/\/www.schlanser.ch\/magazin\/#\/schema\/person\/000db0a103eb2594ba3daf394b1dfea2\",\"name\":\"admin\",\"image\":{\"@type\":\"ImageObject\",\"inLanguage\":\"de-DE\",\"@id\":\"https:\/\/www.schlanser.ch\/magazin\/#\/schema\/person\/image\/\",\"url\":\"https:\/\/secure.gravatar.com\/avatar\/a794a4fe8a9b9c52241597eb381dfa2e?s=96&d=mm&r=g\",\"contentUrl\":\"https:\/\/secure.gravatar.com\/avatar\/a794a4fe8a9b9c52241597eb381dfa2e?s=96&d=mm&r=g\",\"caption\":\"admin\"}}]}<\/script>\n<!-- \/ Yoast SEO plugin. -->","yoast_head_json":{"title":"Caravantrend Mini Camper - Schlanser Magazin","description":"Entdecken Sie eine neue Art von Caravan-Ferien \u2714 Das Schlanser Magazin geht dem Caravantrend Mini-Camper mit vielen Beispielen auf den Grund!","robots":{"index":"index","follow":"follow","max-snippet":"max-snippet:-1","max-image-preview":"max-image-preview:large","max-video-preview":"max-video-preview:-1"},"canonical":"https:\/\/www.schlanser.ch\/magazin\/caravantrend-mini-camper\/","og_locale":"de_DE","og_type":"article","og_title":"Caravantrend Mini Camper - Schlanser Magazin","og_description":"Entdecken Sie eine neue Art von Caravan-Ferien \u2714 Das Schlanser Magazin geht dem Caravantrend Mini-Camper mit vielen Beispielen auf den Grund!","og_url":"https:\/\/www.schlanser.ch\/magazin\/caravantrend-mini-camper\/","og_site_name":"Schlanser Magazin","article_published_time":"2021-09-07T11:50:21+00:00","article_modified_time":"2024-01-10T14:45:38+00:00","og_image":[{"width":660,"height":360,"url":"https:\/\/www.schlanser.ch\/magazin\/wp-content\/uploads\/2023\/09\/Citro\u00ebn_Berlingo.jpg","type":"image\/jpeg"}],"author":"admin","twitter_card":"summary_large_image","twitter_misc":{"Verfasst von":"admin","Gesch\u00e4tzte Lesezeit":"7 Minuten"},"schema":{"@context":"https:\/\/schema.org","@graph":[{"@type":"WebPage","@id":"https:\/\/www.schlanser.ch\/magazin\/caravantrend-mini-camper\/","url":"https:\/\/www.schlanser.ch\/magazin\/caravantrend-mini-camper\/","name":"Caravantrend Mini Camper - Schlanser Magazin","isPartOf":{"@id":"https:\/\/www.schlanser.ch\/magazin\/#website"},"primaryImageOfPage":{"@id":"https:\/\/www.schlanser.ch\/magazin\/caravantrend-mini-camper\/#primaryimage"},"image":{"@id":"https:\/\/www.schlanser.ch\/magazin\/caravantrend-mini-camper\/#primaryimage"},"thumbnailUrl":"https:\/\/www.schlanser.ch\/magazin\/wp-content\/uploads\/2023\/09\/Citro\u00ebn_Berlingo.jpg","datePublished":"2021-09-07T11:50:21+00:00","dateModified":"2024-01-10T14:45:38+00:00","author":{"@id":"https:\/\/www.schlanser.ch\/magazin\/#\/schema\/person\/000db0a103eb2594ba3daf394b1dfea2"},"description":"Entdecken Sie eine neue Art von Caravan-Ferien \u2714 Das Schlanser Magazin geht dem Caravantrend Mini-Camper mit vielen Beispielen auf den Grund!","breadcrumb":{"@id":"https:\/\/www.schlanser.ch\/magazin\/caravantrend-mini-camper\/#breadcrumb"},"inLanguage":"de-DE","potentialAction":[{"@type":"ReadAction","target":["https:\/\/www.schlanser.ch\/magazin\/caravantrend-mini-camper\/"]}]},{"@type":"ImageObject","inLanguage":"de-DE","@id":"https:\/\/www.schlanser.ch\/magazin\/caravantrend-mini-camper\/#primaryimage","url":"https:\/\/www.schlanser.ch\/magazin\/wp-content\/uploads\/2023\/09\/Citro\u00ebn_Berlingo.jpg","contentUrl":"https:\/\/www.schlanser.ch\/magazin\/wp-content\/uploads\/2023\/09\/Citro\u00ebn_Berlingo.jpg","width":660,"height":360,"caption":"Von M 93, CC BY-SA 3.0 de, https:\/\/commons.wikimedia.org\/w\/index.php?curid=21123476"},{"@type":"BreadcrumbList","@id":"https:\/\/www.schlanser.ch\/magazin\/caravantrend-mini-camper\/#breadcrumb","itemListElement":[{"@type":"ListItem","position":1,"name":"Startseite","item":"https:\/\/www.schlanser.ch\/magazin\/"},{"@type":"ListItem","position":2,"name":"Caravantrend Mini Camper"}]},{"@type":"WebSite","@id":"https:\/\/www.schlanser.ch\/magazin\/#website","url":"https:\/\/www.schlanser.ch\/magazin\/","name":"Schlanser Magazin","description":"","potentialAction":[{"@type":"SearchAction","target":{"@type":"EntryPoint","urlTemplate":"https:\/\/www.schlanser.ch\/magazin\/?s={search_term_string}"},"query-input":"required name=search_term_string"}],"inLanguage":"de-DE"},{"@type":"Person","@id":"https:\/\/www.schlanser.ch\/magazin\/#\/schema\/person\/000db0a103eb2594ba3daf394b1dfea2","name":"admin","image":{"@type":"ImageObject","inLanguage":"de-DE","@id":"https:\/\/www.schlanser.ch\/magazin\/#\/schema\/person\/image\/","url":"https:\/\/secure.gravatar.com\/avatar\/a794a4fe8a9b9c52241597eb381dfa2e?s=96&d=mm&r=g","contentUrl":"https:\/\/secure.gravatar.com\/avatar\/a794a4fe8a9b9c52241597eb381dfa2e?s=96&d=mm&r=g","caption":"admin"}}]}},"_links":{"self":[{"href":"https:\/\/www.schlanser.ch\/magazin\/wp-json\/wp\/v2\/posts\/13120"}],"collection":[{"href":"https:\/\/www.schlanser.ch\/magazin\/wp-json\/wp\/v2\/posts"}],"about":[{"href":"https:\/\/www.schlanser.ch\/magazin\/wp-json\/wp\/v2\/types\/post"}],"author":[{"embeddable":true,"href":"https:\/\/www.schlanser.ch\/magazin\/wp-json\/wp\/v2\/users\/1"}],"replies":[{"embeddable":true,"href":"https:\/\/www.schlanser.ch\/magazin\/wp-json\/wp\/v2\/comments?post=13120"}],"version-history":[{"count":27,"href":"https:\/\/www.schlanser.ch\/magazin\/wp-json\/wp\/v2\/posts\/13120\/revisions"}],"predecessor-version":[{"id":17310,"href":"https:\/\/www.schlanser.ch\/magazin\/wp-json\/wp\/v2\/posts\/13120\/revisions\/17310"}],"wp:featuredmedia":[{"embeddable":true,"href":"https:\/\/www.schlanser.ch\/magazin\/wp-json\/wp\/v2\/media\/13138"}],"wp:attachment":[{"href":"https:\/\/www.schlanser.ch\/magazin\/wp-json\/wp\/v2\/media?parent=13120"}],"wp:term":[{"taxonomy":"category","embeddable":true,"href":"https:\/\/www.schlanser.ch\/magazin\/wp-json\/wp\/v2\/categories?post=13120"},{"taxonomy":"post_tag","embeddable":true,"href":"https:\/\/www.schlanser.ch\/magazin\/wp-json\/wp\/v2\/tags?post=13120"}],"curies":[{"name":"wp","href":"https:\/\/api.w.org\/{rel}","templated":true}]}}