{"id":13257,"date":"2021-09-20T10:51:05","date_gmt":"2021-09-20T08:51:05","guid":{"rendered":"https:\/\/www.schlanser.ch\/magazin\/?p=13257"},"modified":"2024-02-27T17:46:11","modified_gmt":"2024-02-27T16:46:11","slug":"pavillon-ganzjaehrig-stehen-lassen","status":"publish","type":"post","link":"https:\/\/www.schlanser.ch\/magazin\/pavillon-ganzjaehrig-stehen-lassen\/","title":{"rendered":"Pavillon ganzj\u00e4hrig stehen lassen?"},"content":{"rendered":"<h2>\u00ab Erfahrungen &amp; Empfehlungen rund um den Schattenspender! \u00bb<\/h2>\n<p style=\"text-align: justify;\"><strong>Ein <\/strong><a href=\"https:\/\/www.schlanser.ch\/outdoor-freizeit\/wind-sonnenschutz\/pavillons-tarps\/\"><strong>Campingpavillon<\/strong><\/a><strong> erfreut sich auch Zuhause grosser Beliebtheit. Der flexibel aufstellbare Sonnen- und Regenschutz kann so manche Kaffeetafel im Freien retten oder beim Saisoncamping fest eingeplant werden. Lesen Sie hier, ob Sie einen Pavillon ganzj\u00e4hrig stehen lassen k\u00f6nnen und welche Alternativen es gibt.<\/strong><\/p>\n<h2>Pavillons \u2013 Raumwunder mit vielen Vorteilen<\/h2>\n<p style=\"text-align: justify;\">Als preisg\u00fcnstige und flexible \u00dcberdachung beim Camping, k\u00f6nnen Sie mit Pavillons Ihren Wohnraum vergr\u00f6ssern. Die wichtigsten Vorteile eines Camping-Pavillons sind:<\/p>\n<ol>\n<li>schnell und einfach aufgebaut<\/li>\n<li>flexibel verschiebbar<\/li>\n<li>freistehend<\/li>\n<li>zuverl\u00e4ssiger Schattenspender<\/li>\n<li>Schutz vor Regen und Morgentau<\/li>\n<\/ol>\n<p style=\"text-align: justify;\">Mit zus\u00e4tzlichen Seitenw\u00e4nden kann der Faltpavillon zum windgesch\u00fctzten <a href=\"https:\/\/www.schlanser.ch\/zelte\/vorzelte\/universal-dusch-geraetezelte\/\">K\u00fcchenzelt<\/a> oder zum Speisezimmer werden und auch an regnerischen Tagen zuverl\u00e4ssig vor N\u00e4sse sch\u00fctzen.<\/p>\n<p><a href=\"https:\/\/www.schlanser.ch\/outdoor-freizeit\/wind-sonnenschutz\/pavillons-tarps\/23880\/berger-seitenwand-fuer-pavillon-bologna-1-stueck-blau\"><img loading=\"lazy\" decoding=\"async\" class=\"aligncenter wp-image-13290 size-full\" title=\"Berger Seitenwand f\u00fcr Pavillon Bologna\" src=\"https:\/\/www.schlanser.ch\/magazin\/wp-content\/uploads\/2021\/10\/Berger-Seitenwand-fuer-Pavillon-Bologna-1-Stueck-blau.jpg\" alt=\"Berger Seitenwand fuer Pavillon Bologna 1 Stueck blau\" width=\"800\" height=\"500\" srcset=\"https:\/\/www.schlanser.ch\/magazin\/wp-content\/uploads\/2021\/10\/Berger-Seitenwand-fuer-Pavillon-Bologna-1-Stueck-blau.jpg 800w, https:\/\/www.schlanser.ch\/magazin\/wp-content\/uploads\/2021\/10\/Berger-Seitenwand-fuer-Pavillon-Bologna-1-Stueck-blau-300x188.jpg 300w, https:\/\/www.schlanser.ch\/magazin\/wp-content\/uploads\/2021\/10\/Berger-Seitenwand-fuer-Pavillon-Bologna-1-Stueck-blau-768x480.jpg 768w\" sizes=\"(max-width: 800px) 100vw, 800px\" \/><\/a><\/p>\n<p style=\"text-align: justify;\">Die Seitenteile gibt es in verschiedenen Ausf\u00fchrungen, zum Beispiel mit Fensterausschnitten oder mit T\u00fcr. Die Ausstattung bleibt Ihren Bed\u00fcrfnissen und Ihrem Geschmack \u00fcberlassen. Ganzj\u00e4hrig einsetzbar macht dies kein Pavillonmodell.<\/p>\n<p><a href=\"https:\/\/www.schlanser.ch\/outdoor-freizeit\/wind-sonnenschutz\/pavillons-tarps\/23878\/pavillon-bologna-blau\"><img loading=\"lazy\" decoding=\"async\" class=\"aligncenter wp-image-13314 size-full\" title=\"Pavillon Bologna blau\" src=\"https:\/\/www.schlanser.ch\/magazin\/wp-content\/uploads\/2021\/10\/Pavillon-Bologna-blau.jpg\" alt=\"Pavillon Bologna blau\" width=\"800\" height=\"503\" srcset=\"https:\/\/www.schlanser.ch\/magazin\/wp-content\/uploads\/2021\/10\/Pavillon-Bologna-blau.jpg 800w, https:\/\/www.schlanser.ch\/magazin\/wp-content\/uploads\/2021\/10\/Pavillon-Bologna-blau-300x189.jpg 300w, https:\/\/www.schlanser.ch\/magazin\/wp-content\/uploads\/2021\/10\/Pavillon-Bologna-blau-768x483.jpg 768w\" sizes=\"(max-width: 800px) 100vw, 800px\" \/><\/a><\/p>\n<h2>Mobile Zelte am Campingplatz<\/h2>\n<ul>\n<li>Beim Camping mit dem Wohnwagen vergr\u00f6ssern Sie den Wohnraum mithilfe eines <a href=\"https:\/\/www.schlanser.ch\/zelte\/vorzelte\/\">Vorzeltes<\/a>. Dieses ist aus robustem Material gefertigt, passt an die Seite des Wohnwagens und wird mit diesem fest verbunden. Ein Dauercamping-Vorzelt ist ganzj\u00e4hrig einsetzbar.<\/li>\n<li>Eine Alternative zum Vorzelt ist die Nutzung einer <a href=\"https:\/\/www.schlanser.ch\/zelte\/vorzelte\/markisen-sonnensegel\/\">Markise<\/a>, die Sie einfach ausfahren, um den trockenen und schattigen Bereich zu vergr\u00f6ssern.<\/li>\n<li>Weiterhin gibt es die M\u00f6glichkeit, einen Faltpavillon zu benutzen, den Sie wie ein Vorzelt an die Seitenwand des Wohnwagens stellen. Dort gibt es dann keine feste Verbindung. Sie sind aber umso flexibler, da Sie den Pavillon mit wechselnden Fahrzeugen benutzen k\u00f6nnen oder ihn am optimalen Ort des Stellplatzes aufbauen k\u00f6nnen.<br \/>\n<a href=\"https:\/\/www.schlanser.ch\/outdoor-freizeit\/wind-sonnenschutz\/pavillons-tarps\/329430\/berger-faltpavillon-festival\"><img loading=\"lazy\" decoding=\"async\" class=\"aligncenter wp-image-13279 size-full\" title=\"Berger Faltpavillon Festival\" src=\"https:\/\/www.schlanser.ch\/magazin\/wp-content\/uploads\/2021\/10\/Berger-Faltpavillon-Festival.jpg\" alt=\"Berger Faltpavillon Festival\" width=\"800\" height=\"500\" srcset=\"https:\/\/www.schlanser.ch\/magazin\/wp-content\/uploads\/2021\/10\/Berger-Faltpavillon-Festival.jpg 800w, https:\/\/www.schlanser.ch\/magazin\/wp-content\/uploads\/2021\/10\/Berger-Faltpavillon-Festival-300x188.jpg 300w, https:\/\/www.schlanser.ch\/magazin\/wp-content\/uploads\/2021\/10\/Berger-Faltpavillon-Festival-768x480.jpg 768w\" sizes=\"(max-width: 800px) 100vw, 800px\" \/><\/a><\/li>\n<li>Ein sehr gutes ganzj\u00e4hrig freistehendes K\u00fcchenzelt erhalten Sie mit dem Brunner Storage Plus K\u00fcchen- und Ger\u00e4tezelt. Hierbei ist eine effektive Hochentl\u00fcftung gegeben, damit Sie problemlos mit dem Gaskocher arbeiten k\u00f6nnen.<br \/>\n<img loading=\"lazy\" decoding=\"async\" class=\"aligncenter wp-image-13262 size-full\" title=\"Brunner Stroage Plus K\u00fcchen- und Ger\u00e4tezelt\" src=\"https:\/\/www.schlanser.ch\/magazin\/wp-content\/uploads\/2021\/10\/brunner-stroage-plus-kuechen-und-geraetezelt.jpg\" alt=\"brunner-stroage-plus-kuechen-und-geraetezelt\" width=\"800\" height=\"500\" srcset=\"https:\/\/www.schlanser.ch\/magazin\/wp-content\/uploads\/2021\/10\/brunner-stroage-plus-kuechen-und-geraetezelt.jpg 800w, https:\/\/www.schlanser.ch\/magazin\/wp-content\/uploads\/2021\/10\/brunner-stroage-plus-kuechen-und-geraetezelt-300x188.jpg 300w, https:\/\/www.schlanser.ch\/magazin\/wp-content\/uploads\/2021\/10\/brunner-stroage-plus-kuechen-und-geraetezelt-768x480.jpg 768w\" sizes=\"(max-width: 800px) 100vw, 800px\" \/><\/li>\n<li>Etwas offener pr\u00e4sentiert sich der Brunner Medusa Outdoor Faltpavillon. Mit 3&#215;3 Metern bietet er einer grossz\u00fcgigen schattigen Sitzecke Platz und das Stahl- und Fiberglasgest\u00e4nge sorgen f\u00fcr grosse Stabilit\u00e4t.<br \/>\n<img loading=\"lazy\" decoding=\"async\" class=\"aligncenter wp-image-13264 size-full\" title=\"Brunner Medusa Outdoor Pavillon 3 x 3 m\" src=\"https:\/\/www.schlanser.ch\/magazin\/wp-content\/uploads\/2021\/10\/Brunner-Medusa-Outdoor-Pavillon-3-x-3-m.jpg\" alt=\"Brunner Medusa Outdoor Pavillon 3 x 3 m\" width=\"800\" height=\"500\" srcset=\"https:\/\/www.schlanser.ch\/magazin\/wp-content\/uploads\/2021\/10\/Brunner-Medusa-Outdoor-Pavillon-3-x-3-m.jpg 800w, https:\/\/www.schlanser.ch\/magazin\/wp-content\/uploads\/2021\/10\/Brunner-Medusa-Outdoor-Pavillon-3-x-3-m-300x188.jpg 300w, https:\/\/www.schlanser.ch\/magazin\/wp-content\/uploads\/2021\/10\/Brunner-Medusa-Outdoor-Pavillon-3-x-3-m-768x480.jpg 768w\" sizes=\"(max-width: 800px) 100vw, 800px\" \/><\/li>\n<\/ul>\n<h2>Mobile Zelte am Dauerstellplatz<\/h2>\n<p style=\"text-align: justify;\">Auch beim Dauercamping kann die Nutzung eines Faltpavillons praktisch sein, aber ist nicht ganzj\u00e4hrig empfohlen. Einen Campingdauerstellplatz best\u00fccken Sie mit Ihrem Equipment und sind bei jeder Anreise sofort campingbereit. Beim Saisoncamping steht Ihr Equipment w\u00e4hrend der ganzen Saison am Stellplatz, beim Dauercamping lassen Sie alles gegebenenfalls ganzj\u00e4hrig \u00fcber Jahre aufgebaut. Etwas luftiger als ein festes Vorzelt am Wohnwagen wirken Pavillons. Diese gibt es in verschiedenen Ausf\u00fchrungen, mit flexiblen Seitenw\u00e4nden, Fenstern, Stehh\u00f6he etc. Insgesamt haben unsere Pavillons f\u00fcrs Camping einen frischen, modernen Look.<\/p>\n<p><a href=\"https:\/\/www.schlanser.ch\/outdoor-freizeit\/wind-sonnenschutz\/pavillons-tarps\/48486\/berger-faltpavillon-2x2\" class=\"broken_link\"><img loading=\"lazy\" decoding=\"async\" class=\"aligncenter wp-image-13288 size-full\" title=\"Berger Faltpavillon 2x2\" src=\"https:\/\/www.schlanser.ch\/magazin\/wp-content\/uploads\/2021\/10\/Berger-Faltpavillon-2x2-1.jpg\" alt=\"Berger Faltpavillon 2x2\" width=\"800\" height=\"500\" srcset=\"https:\/\/www.schlanser.ch\/magazin\/wp-content\/uploads\/2021\/10\/Berger-Faltpavillon-2x2-1.jpg 800w, https:\/\/www.schlanser.ch\/magazin\/wp-content\/uploads\/2021\/10\/Berger-Faltpavillon-2x2-1-300x188.jpg 300w, https:\/\/www.schlanser.ch\/magazin\/wp-content\/uploads\/2021\/10\/Berger-Faltpavillon-2x2-1-768x480.jpg 768w\" sizes=\"(max-width: 800px) 100vw, 800px\" \/><\/a><\/p>\n<p style=\"text-align: justify;\">Die Sicherheitshinweise f\u00fcr das Equipment am Dauerstellplatz lassen jedoch den Einsatz eines Faltpavillons ohne Aufsicht nicht zu. Die Frage, ob der Campingpavillon ganzj\u00e4hrig stehengelassen werden kann muss mit dem Hinweis auf folgende Problemfelder negativ beantwortet werden:<\/p>\n<ul>\n<li>Schnee<\/li>\n<li>Eis<\/li>\n<li>Hagel<\/li>\n<li>Sturm<\/li>\n<li>Verwitterung des Materials<\/li>\n<li>Stabilit\u00e4t<\/li>\n<\/ul>\n<p style=\"text-align: justify;\">F\u00fcr eine verl\u00e4ngerte Lebensdauer und Funktionalit\u00e4t sorgt auch bei Pavillons das <a href=\"https:\/\/www.schlanser.ch\/zelte\/zeltzubehoer\/impraegnieren-reinigen-pflegen\/\">Berger Zeltimpr\u00e4gnier-Spray f\u00fcr Gewebe aus Baumwolle, Baumwoll- Polyester, Acryl und alubeschichtete Gewebe<\/a>. Um den Steck- oder Faltpavillon ganzj\u00e4hrig stehen lassen zu k\u00f6nnen, reicht dieser Schutz aber leider nicht aus.<\/p>\n<p><a href=\"https:\/\/www.schlanser.ch\/zelte\/zeltzubehoer\/impraegnieren-reinigen-pflegen\/2989\/berger-zeltimpraegnier-spray-500-ml\"><img loading=\"lazy\" decoding=\"async\" class=\"aligncenter wp-image-13266\" title=\"Berger Zeltimpr\u00e4gnier-Spray\" src=\"https:\/\/www.schlanser.ch\/magazin\/wp-content\/uploads\/2021\/10\/berger-zeltimpraegnier-spray-500-ml.jpg\" alt=\"berger-zeltimpraegnier-spray-500-ml\" width=\"263\" height=\"350\" srcset=\"https:\/\/www.schlanser.ch\/magazin\/wp-content\/uploads\/2021\/10\/berger-zeltimpraegnier-spray-500-ml.jpg 300w, https:\/\/www.schlanser.ch\/magazin\/wp-content\/uploads\/2021\/10\/berger-zeltimpraegnier-spray-500-ml-225x300.jpg 225w\" sizes=\"(max-width: 263px) 100vw, 263px\" \/><\/a><\/p>\n<h2>Mobile Zelte im Garten<\/h2>\n<p style=\"text-align: justify;\">Im heimatlichen Garten finden sich weitere Anwendungsideen f\u00fcr mobile \u00dcberdachungen: als Unterstellm\u00f6glichkeit f\u00fcr Rasenm\u00e4her und Ger\u00e4te, als Raum f\u00fcr eine kleine Werkbank im Trockenen oder als dauerhafte Sitzgelegenheit.<\/p>\n<p><img loading=\"lazy\" decoding=\"async\" class=\"aligncenter wp-image-13310 size-full\" title=\"Berger Pavillon Sunrise\" src=\"https:\/\/www.schlanser.ch\/magazin\/wp-content\/uploads\/2021\/10\/Berger-Pavillon-Sunrise.jpg\" alt=\"Berger Pavillon Sunrise\" width=\"800\" height=\"500\" srcset=\"https:\/\/www.schlanser.ch\/magazin\/wp-content\/uploads\/2021\/10\/Berger-Pavillon-Sunrise.jpg 800w, https:\/\/www.schlanser.ch\/magazin\/wp-content\/uploads\/2021\/10\/Berger-Pavillon-Sunrise-300x188.jpg 300w, https:\/\/www.schlanser.ch\/magazin\/wp-content\/uploads\/2021\/10\/Berger-Pavillon-Sunrise-768x480.jpg 768w\" sizes=\"(max-width: 800px) 100vw, 800px\" \/><\/p>\n<p style=\"text-align: justify;\">Auch hier gilt aber, dass mobile Zelte nicht f\u00fcr extreme Wetterlagen ausgelegt sind. Neben der fehlenden Stabilit\u00e4t bei Sturm, Hagel und Schnee ist das Material der Plane oft nicht auf den Dauergebrauch ausgelegt und erm\u00fcdet bei zu viel Sonneneinstrahlung oder starken mechanischen Belastungen wie etwa Hagel oder Starkregen. Ein zus\u00e4tzlicher Schutz wird also n\u00f6tig sein.<\/p>\n<h2>Empfehlung<\/h2>\n<p style=\"text-align: justify;\">F\u00fcr den besonders schnellen Aufbau eignet sich ein Pavillon mit aufblasbarem Gest\u00e4nge, wie der Berger Pavillon Gazebo-L. Im Lieferumfang ist eine Doppelhubpumpe enthalten, damit das Aufstellen kinderleicht geht. An nur einem Ventil wird das gesamte Konstrukt blitzschnell und stabil aufgerichtet. Auch der Abbau erfolgt innerhalb von Minuten.<\/p>\n<p><img loading=\"lazy\" decoding=\"async\" class=\"aligncenter wp-image-13268 size-full\" title=\"Berger Pavillon Gazebo-L\" src=\"https:\/\/www.schlanser.ch\/magazin\/wp-content\/uploads\/2021\/10\/Berger-Pavillon-Gazebo-L.jpg\" alt=\"Berger Pavillon Gazebo-L\" width=\"800\" height=\"500\" srcset=\"https:\/\/www.schlanser.ch\/magazin\/wp-content\/uploads\/2021\/10\/Berger-Pavillon-Gazebo-L.jpg 800w, https:\/\/www.schlanser.ch\/magazin\/wp-content\/uploads\/2021\/10\/Berger-Pavillon-Gazebo-L-300x188.jpg 300w, https:\/\/www.schlanser.ch\/magazin\/wp-content\/uploads\/2021\/10\/Berger-Pavillon-Gazebo-L-768x480.jpg 768w\" sizes=\"(max-width: 800px) 100vw, 800px\" \/><\/p>\n<h2>Faltpavillon ganzj\u00e4hrig nutzen? \u2013 Alternativen f\u00fcr jede Gelegenheit<\/h2>\n<p style=\"text-align: justify;\">Laut Herstellerempfehlung sind Faltpavillons bei Wind, Starkregen und Hagel abzubauen. Schneelast soll sofort vom Dach entfernt werden. Daher stellen sie keine ganzj\u00e4hrige L\u00f6sung dar. Eine sichere Alternative zum Faltpavillon ist ein Vorzelt. Vorzelte gibt es durchaus wintertauglich, zum Beispiel das <a href=\"https:\/\/www.schlanser.ch\/zelte\/vorzelte\/aufblasbare-vorzelte\/\">aufblasbaren Vorzelt<\/a> Dometic Winter Air PVC 260. Sogar eine Schneelast toleriert dieses Vorzelt, bzw. sorgt mit seiner Dachform f\u00fcr ein schnelles Abrutschen des Schnees.<\/p>\n<p><img loading=\"lazy\" decoding=\"async\" class=\"aligncenter wp-image-13271 size-full\" title=\"Dometic Winter Air PVC 260 aufblasbares Reisemobil- \/ Wohnwagenvorzelt\" src=\"https:\/\/www.schlanser.ch\/magazin\/wp-content\/uploads\/2021\/10\/Dometic-Winter-Air-PVC-260-aufblasbares-Reisemobil-Wohnwagenvorzelt.jpg\" alt=\"Dometic Winter Air PVC 260 aufblasbares Reisemobil-Wohnwagenvorzelt\" width=\"800\" height=\"370\" srcset=\"https:\/\/www.schlanser.ch\/magazin\/wp-content\/uploads\/2021\/10\/Dometic-Winter-Air-PVC-260-aufblasbares-Reisemobil-Wohnwagenvorzelt.jpg 800w, https:\/\/www.schlanser.ch\/magazin\/wp-content\/uploads\/2021\/10\/Dometic-Winter-Air-PVC-260-aufblasbares-Reisemobil-Wohnwagenvorzelt-300x139.jpg 300w, https:\/\/www.schlanser.ch\/magazin\/wp-content\/uploads\/2021\/10\/Dometic-Winter-Air-PVC-260-aufblasbares-Reisemobil-Wohnwagenvorzelt-768x355.jpg 768w\" sizes=\"(max-width: 800px) 100vw, 800px\" \/><\/p>\n<p style=\"text-align: justify;\">F\u00fcr den Dauerstellplatz oder den Garten sollten Sie lieber auf robuste dauerhafte Pavillons mit Stahlkonstruktion und hartem Dach zur\u00fcckgreifen. Zeltspezialisten fertigen diese nach Mass und stellen Sie mit betonierten F\u00fcssen f\u00fcr den ganzj\u00e4hrig gedachten Einsatz auf. Camping-Pavillons lassen sich allenfalls das ganze Jahr \u00fcber in der Scheune oder im Carport aufstellen, wenn sie dort eine geeignete Befestigung vorfinden. Im Freien m\u00fcssen sie stets wieder abgebaut werden.<\/p>\n<h2>Pavillonbeschwerung \u2013 sichere Befestigung auch bei Windb\u00f6en<\/h2>\n<p style=\"text-align: justify;\">Stellen Sie sich folgende Situation vor: Sie sitzen unter dem Dach eines Pavillons an der Kaffeetafel in der N\u00e4he des Meeres. Am Meer weht h\u00e4ufig ein kr\u00e4ftiger Wind und auch Windb\u00f6en sind keine Seltenheit. Ausserdem \u00e4ndert sich das Wetter h\u00e4ufig \u00fcberraschend schnell.<\/p>\n<p><a href=\"https:\/\/www.schlanser.ch\/zelte\/zeltzubehoer\/zeltheringe-abspannmaterial\/2318\/peggy-peg-schraubhering-l-2er-set\"><img loading=\"lazy\" decoding=\"async\" class=\"aligncenter wp-image-13276\" title=\"Peggy Peg Schraubhering L 2er Set\" src=\"https:\/\/www.schlanser.ch\/magazin\/wp-content\/uploads\/2021\/10\/Peggy-Peg-Schraubhering-L-2er-Set.jpg\" alt=\"Peggy Peg Schraubhering L 2er Set\" width=\"400\" height=\"185\" srcset=\"https:\/\/www.schlanser.ch\/magazin\/wp-content\/uploads\/2021\/10\/Peggy-Peg-Schraubhering-L-2er-Set.jpg 800w, https:\/\/www.schlanser.ch\/magazin\/wp-content\/uploads\/2021\/10\/Peggy-Peg-Schraubhering-L-2er-Set-300x139.jpg 300w, https:\/\/www.schlanser.ch\/magazin\/wp-content\/uploads\/2021\/10\/Peggy-Peg-Schraubhering-L-2er-Set-768x355.jpg 768w\" sizes=\"(max-width: 400px) 100vw, 400px\" \/><\/a><\/p>\n<p style=\"text-align: justify;\">Ein Campingpavillon hat kaum Eigengewicht und Abspannleinen sind nicht vorgesehen. Der Wind greift nun unter das Pavillondach und reisst den gesamten Faltpavillon hinfort. Um dem vorzubeugen, gibt es den Probleml\u00f6ser von <a href=\"https:\/\/www.schlanser.ch\/zelte\/zeltzubehoer\/zeltheringe-abspannmaterial\/\">Peggy Peg im 2er Set<\/a>.<\/p>\n<p><img loading=\"lazy\" decoding=\"async\" class=\"aligncenter wp-image-13283 size-full\" title=\"Peggy Peg PP Tube bef\u00fcllbare Pavillonfu\u00dfbeschwerer 2er Set\" src=\"https:\/\/www.schlanser.ch\/magazin\/wp-content\/uploads\/2021\/10\/Peggy-Peg-PP-Tube-befuellbare-Pavillonfussbeschwerer-2er-Set.jpg\" alt=\"Peggy Peg PP Tube befuellbare Pavillonfussbeschwerer 2er Set\" width=\"800\" height=\"500\" srcset=\"https:\/\/www.schlanser.ch\/magazin\/wp-content\/uploads\/2021\/10\/Peggy-Peg-PP-Tube-befuellbare-Pavillonfussbeschwerer-2er-Set.jpg 800w, https:\/\/www.schlanser.ch\/magazin\/wp-content\/uploads\/2021\/10\/Peggy-Peg-PP-Tube-befuellbare-Pavillonfussbeschwerer-2er-Set-300x188.jpg 300w, https:\/\/www.schlanser.ch\/magazin\/wp-content\/uploads\/2021\/10\/Peggy-Peg-PP-Tube-befuellbare-Pavillonfussbeschwerer-2er-Set-768x480.jpg 768w\" sizes=\"(max-width: 800px) 100vw, 800px\" \/><\/p>\n<p style=\"text-align: justify;\">Hier werden bef\u00fcllbare Pavillonfussbeschwerer vor Ort mit Wasser bef\u00fcllt und an die Beine des Pavillons geklettet. Dadurch vergr\u00f6ssert sich das Gewicht enorm und das mobile Zelt fliegt nicht weg, die Kaffeetafel bleibt friedlich gedeckt.<\/p>\n<p><a href=\"https:\/\/www.schlanser.ch\/zelte\/zeltzubehoer\/zeltheringe-abspannmaterial\/2443\/peggy-peg-fix-go-ankerplatte-2.0\"><img loading=\"lazy\" decoding=\"async\" class=\"aligncenter wp-image-13273 size-full\" title=\"Peggy Peg Fix&amp;Go Ankerplatte 2.0\" src=\"https:\/\/www.schlanser.ch\/magazin\/wp-content\/uploads\/2021\/10\/Peggy-Peg-Fix-Go-Ankerplatte.jpg\" alt=\"Peggy Peg Fix Go Ankerplatte\" width=\"800\" height=\"272\" srcset=\"https:\/\/www.schlanser.ch\/magazin\/wp-content\/uploads\/2021\/10\/Peggy-Peg-Fix-Go-Ankerplatte.jpg 800w, https:\/\/www.schlanser.ch\/magazin\/wp-content\/uploads\/2021\/10\/Peggy-Peg-Fix-Go-Ankerplatte-300x102.jpg 300w, https:\/\/www.schlanser.ch\/magazin\/wp-content\/uploads\/2021\/10\/Peggy-Peg-Fix-Go-Ankerplatte-768x261.jpg 768w\" sizes=\"(max-width: 800px) 100vw, 800px\" \/><\/a><\/p>\n<p style=\"text-align: justify;\">Weiterhin k\u00f6nnen Sie unebenen Untergrund mit der Peggy Peg Fix&amp;Go Ankerplatte 2.0 ausgleichen und die Pavillonf\u00fcsse sicher im Boden verankern.<\/p>\n<h2>Fazit: Gem\u00fctliche Sitzecke nur w\u00e4hrend der Ferienzeit<\/h2>\n<p style=\"text-align: justify;\">Ein Campingpavillon ist eine sinnvolle und preisg\u00fcnstige M\u00f6glichkeit, um den Wohnraum in den Ferien zu vergr\u00f6ssern, die Sitzecke vor Sonne und Feuchtigkeit zu sch\u00fctzen oder ein schattiges Liegepl\u00e4tzchen auf einem Stellplatz ohne B\u00e4ume zu kreieren. Den Pavillon ganzj\u00e4hrig zu nutzen, ist jedoch nicht empfehlenswert.<\/p>\n","protected":false},"excerpt":{"rendered":"<p>\u00ab Erfahrungen &amp; Empfehlungen rund um den Schattenspender! \u00bb Ein Campingpavillon erfreut sich auch Zuhause grosser Beliebtheit. Der flexibel aufstellbare Sonnen- und Regenschutz kann so manche Kaffeetafel im Freien retten oder beim Saisoncamping fest eingeplant werden. Lesen Sie hier, ob Sie einen Pavillon ganzj\u00e4hrig stehen lassen k\u00f6nnen und welche Alternativen es gibt. Pavillons \u2013 Raumwunder &hellip;<\/p>\n","protected":false},"author":1,"featured_media":13270,"comment_status":"closed","ping_status":"open","sticky":false,"template":"","format":"standard","meta":{"footnotes":""},"categories":[3],"tags":[501,18,799,407,1845,29,1844,386,1842,406,1285,962,1843,341,203,1847,1849,496,620,1848,1280,960,749,28,1846],"yoast_head":"<!-- This site is optimized with the Yoast SEO plugin v22.2 - https:\/\/yoast.com\/wordpress\/plugins\/seo\/ -->\n<title>Pavillon ganzj\u00e4hrig stehen lassen? - Schlanser Magazin<\/title>\n<meta name=\"description\" content=\"Das Schlanser Magazin bespricht Erfahrungen und Empfehlungen rund um Pavillons! \u2013 Wir kl\u00e4ren \u2714 Robustheit, \u2714 Wind- und Winterfestigkeit!\" \/>\n<meta name=\"robots\" content=\"index, follow, max-snippet:-1, max-image-preview:large, max-video-preview:-1\" \/>\n<link rel=\"canonical\" href=\"https:\/\/www.schlanser.ch\/magazin\/pavillon-ganzjaehrig-stehen-lassen\/\" \/>\n<meta property=\"og:locale\" content=\"de_DE\" \/>\n<meta property=\"og:type\" content=\"article\" \/>\n<meta property=\"og:title\" content=\"Pavillon ganzj\u00e4hrig stehen lassen? - Schlanser Magazin\" \/>\n<meta property=\"og:description\" content=\"Das Schlanser Magazin bespricht Erfahrungen und Empfehlungen rund um Pavillons! \u2013 Wir kl\u00e4ren \u2714 Robustheit, \u2714 Wind- und Winterfestigkeit!\" \/>\n<meta property=\"og:url\" content=\"https:\/\/www.schlanser.ch\/magazin\/pavillon-ganzjaehrig-stehen-lassen\/\" \/>\n<meta property=\"og:site_name\" content=\"Schlanser Magazin\" \/>\n<meta property=\"article:published_time\" content=\"2021-09-20T08:51:05+00:00\" \/>\n<meta property=\"article:modified_time\" content=\"2024-02-27T16:46:11+00:00\" \/>\n<meta property=\"og:image\" content=\"https:\/\/www.schlanser.ch\/magazin\/wp-content\/uploads\/2021\/10\/Pavillon-ganzjaehrig-stehen-lassen.jpg\" \/>\n\t<meta property=\"og:image:width\" content=\"800\" \/>\n\t<meta property=\"og:image:height\" content=\"499\" \/>\n\t<meta property=\"og:image:type\" content=\"image\/jpeg\" \/>\n<meta name=\"author\" content=\"admin\" \/>\n<meta name=\"twitter:card\" content=\"summary_large_image\" \/>\n<meta name=\"twitter:label1\" content=\"Verfasst von\" \/>\n\t<meta name=\"twitter:data1\" content=\"admin\" \/>\n\t<meta name=\"twitter:label2\" content=\"Gesch\u00e4tzte Lesezeit\" \/>\n\t<meta name=\"twitter:data2\" content=\"9 Minuten\" \/>\n<script type=\"application\/ld+json\" class=\"yoast-schema-graph\">{\"@context\":\"https:\/\/schema.org\",\"@graph\":[{\"@type\":\"WebPage\",\"@id\":\"https:\/\/www.schlanser.ch\/magazin\/pavillon-ganzjaehrig-stehen-lassen\/\",\"url\":\"https:\/\/www.schlanser.ch\/magazin\/pavillon-ganzjaehrig-stehen-lassen\/\",\"name\":\"Pavillon ganzj\u00e4hrig stehen lassen? - Schlanser Magazin\",\"isPartOf\":{\"@id\":\"https:\/\/www.schlanser.ch\/magazin\/#website\"},\"primaryImageOfPage\":{\"@id\":\"https:\/\/www.schlanser.ch\/magazin\/pavillon-ganzjaehrig-stehen-lassen\/#primaryimage\"},\"image\":{\"@id\":\"https:\/\/www.schlanser.ch\/magazin\/pavillon-ganzjaehrig-stehen-lassen\/#primaryimage\"},\"thumbnailUrl\":\"https:\/\/www.schlanser.ch\/magazin\/wp-content\/uploads\/2021\/10\/Pavillon-ganzjaehrig-stehen-lassen.jpg\",\"datePublished\":\"2021-09-20T08:51:05+00:00\",\"dateModified\":\"2024-02-27T16:46:11+00:00\",\"author\":{\"@id\":\"https:\/\/www.schlanser.ch\/magazin\/#\/schema\/person\/000db0a103eb2594ba3daf394b1dfea2\"},\"description\":\"Das Schlanser Magazin bespricht Erfahrungen und Empfehlungen rund um Pavillons! \u2013 Wir kl\u00e4ren \u2714 Robustheit, \u2714 Wind- und Winterfestigkeit!\",\"breadcrumb\":{\"@id\":\"https:\/\/www.schlanser.ch\/magazin\/pavillon-ganzjaehrig-stehen-lassen\/#breadcrumb\"},\"inLanguage\":\"de-DE\",\"potentialAction\":[{\"@type\":\"ReadAction\",\"target\":[\"https:\/\/www.schlanser.ch\/magazin\/pavillon-ganzjaehrig-stehen-lassen\/\"]}]},{\"@type\":\"ImageObject\",\"inLanguage\":\"de-DE\",\"@id\":\"https:\/\/www.schlanser.ch\/magazin\/pavillon-ganzjaehrig-stehen-lassen\/#primaryimage\",\"url\":\"https:\/\/www.schlanser.ch\/magazin\/wp-content\/uploads\/2021\/10\/Pavillon-ganzjaehrig-stehen-lassen.jpg\",\"contentUrl\":\"https:\/\/www.schlanser.ch\/magazin\/wp-content\/uploads\/2021\/10\/Pavillon-ganzjaehrig-stehen-lassen.jpg\",\"width\":800,\"height\":499},{\"@type\":\"BreadcrumbList\",\"@id\":\"https:\/\/www.schlanser.ch\/magazin\/pavillon-ganzjaehrig-stehen-lassen\/#breadcrumb\",\"itemListElement\":[{\"@type\":\"ListItem\",\"position\":1,\"name\":\"Startseite\",\"item\":\"https:\/\/www.schlanser.ch\/magazin\/\"},{\"@type\":\"ListItem\",\"position\":2,\"name\":\"Pavillon ganzj\u00e4hrig stehen lassen?\"}]},{\"@type\":\"WebSite\",\"@id\":\"https:\/\/www.schlanser.ch\/magazin\/#website\",\"url\":\"https:\/\/www.schlanser.ch\/magazin\/\",\"name\":\"Schlanser Magazin\",\"description\":\"\",\"potentialAction\":[{\"@type\":\"SearchAction\",\"target\":{\"@type\":\"EntryPoint\",\"urlTemplate\":\"https:\/\/www.schlanser.ch\/magazin\/?s={search_term_string}\"},\"query-input\":\"required name=search_term_string\"}],\"inLanguage\":\"de-DE\"},{\"@type\":\"Person\",\"@id\":\"https:\/\/www.schlanser.ch\/magazin\/#\/schema\/person\/000db0a103eb2594ba3daf394b1dfea2\",\"name\":\"admin\",\"image\":{\"@type\":\"ImageObject\",\"inLanguage\":\"de-DE\",\"@id\":\"https:\/\/www.schlanser.ch\/magazin\/#\/schema\/person\/image\/\",\"url\":\"https:\/\/secure.gravatar.com\/avatar\/a794a4fe8a9b9c52241597eb381dfa2e?s=96&d=mm&r=g\",\"contentUrl\":\"https:\/\/secure.gravatar.com\/avatar\/a794a4fe8a9b9c52241597eb381dfa2e?s=96&d=mm&r=g\",\"caption\":\"admin\"}}]}<\/script>\n<!-- \/ Yoast SEO plugin. -->","yoast_head_json":{"title":"Pavillon ganzj\u00e4hrig stehen lassen? - Schlanser Magazin","description":"Das Schlanser Magazin bespricht Erfahrungen und Empfehlungen rund um Pavillons! \u2013 Wir kl\u00e4ren \u2714 Robustheit, \u2714 Wind- und Winterfestigkeit!","robots":{"index":"index","follow":"follow","max-snippet":"max-snippet:-1","max-image-preview":"max-image-preview:large","max-video-preview":"max-video-preview:-1"},"canonical":"https:\/\/www.schlanser.ch\/magazin\/pavillon-ganzjaehrig-stehen-lassen\/","og_locale":"de_DE","og_type":"article","og_title":"Pavillon ganzj\u00e4hrig stehen lassen? - Schlanser Magazin","og_description":"Das Schlanser Magazin bespricht Erfahrungen und Empfehlungen rund um Pavillons! \u2013 Wir kl\u00e4ren \u2714 Robustheit, \u2714 Wind- und Winterfestigkeit!","og_url":"https:\/\/www.schlanser.ch\/magazin\/pavillon-ganzjaehrig-stehen-lassen\/","og_site_name":"Schlanser Magazin","article_published_time":"2021-09-20T08:51:05+00:00","article_modified_time":"2024-02-27T16:46:11+00:00","og_image":[{"width":800,"height":499,"url":"https:\/\/www.schlanser.ch\/magazin\/wp-content\/uploads\/2021\/10\/Pavillon-ganzjaehrig-stehen-lassen.jpg","type":"image\/jpeg"}],"author":"admin","twitter_card":"summary_large_image","twitter_misc":{"Verfasst von":"admin","Gesch\u00e4tzte Lesezeit":"9 Minuten"},"schema":{"@context":"https:\/\/schema.org","@graph":[{"@type":"WebPage","@id":"https:\/\/www.schlanser.ch\/magazin\/pavillon-ganzjaehrig-stehen-lassen\/","url":"https:\/\/www.schlanser.ch\/magazin\/pavillon-ganzjaehrig-stehen-lassen\/","name":"Pavillon ganzj\u00e4hrig stehen lassen? - Schlanser Magazin","isPartOf":{"@id":"https:\/\/www.schlanser.ch\/magazin\/#website"},"primaryImageOfPage":{"@id":"https:\/\/www.schlanser.ch\/magazin\/pavillon-ganzjaehrig-stehen-lassen\/#primaryimage"},"image":{"@id":"https:\/\/www.schlanser.ch\/magazin\/pavillon-ganzjaehrig-stehen-lassen\/#primaryimage"},"thumbnailUrl":"https:\/\/www.schlanser.ch\/magazin\/wp-content\/uploads\/2021\/10\/Pavillon-ganzjaehrig-stehen-lassen.jpg","datePublished":"2021-09-20T08:51:05+00:00","dateModified":"2024-02-27T16:46:11+00:00","author":{"@id":"https:\/\/www.schlanser.ch\/magazin\/#\/schema\/person\/000db0a103eb2594ba3daf394b1dfea2"},"description":"Das Schlanser Magazin bespricht Erfahrungen und Empfehlungen rund um Pavillons! \u2013 Wir kl\u00e4ren \u2714 Robustheit, \u2714 Wind- und Winterfestigkeit!","breadcrumb":{"@id":"https:\/\/www.schlanser.ch\/magazin\/pavillon-ganzjaehrig-stehen-lassen\/#breadcrumb"},"inLanguage":"de-DE","potentialAction":[{"@type":"ReadAction","target":["https:\/\/www.schlanser.ch\/magazin\/pavillon-ganzjaehrig-stehen-lassen\/"]}]},{"@type":"ImageObject","inLanguage":"de-DE","@id":"https:\/\/www.schlanser.ch\/magazin\/pavillon-ganzjaehrig-stehen-lassen\/#primaryimage","url":"https:\/\/www.schlanser.ch\/magazin\/wp-content\/uploads\/2021\/10\/Pavillon-ganzjaehrig-stehen-lassen.jpg","contentUrl":"https:\/\/www.schlanser.ch\/magazin\/wp-content\/uploads\/2021\/10\/Pavillon-ganzjaehrig-stehen-lassen.jpg","width":800,"height":499},{"@type":"BreadcrumbList","@id":"https:\/\/www.schlanser.ch\/magazin\/pavillon-ganzjaehrig-stehen-lassen\/#breadcrumb","itemListElement":[{"@type":"ListItem","position":1,"name":"Startseite","item":"https:\/\/www.schlanser.ch\/magazin\/"},{"@type":"ListItem","position":2,"name":"Pavillon ganzj\u00e4hrig stehen lassen?"}]},{"@type":"WebSite","@id":"https:\/\/www.schlanser.ch\/magazin\/#website","url":"https:\/\/www.schlanser.ch\/magazin\/","name":"Schlanser Magazin","description":"","potentialAction":[{"@type":"SearchAction","target":{"@type":"EntryPoint","urlTemplate":"https:\/\/www.schlanser.ch\/magazin\/?s={search_term_string}"},"query-input":"required name=search_term_string"}],"inLanguage":"de-DE"},{"@type":"Person","@id":"https:\/\/www.schlanser.ch\/magazin\/#\/schema\/person\/000db0a103eb2594ba3daf394b1dfea2","name":"admin","image":{"@type":"ImageObject","inLanguage":"de-DE","@id":"https:\/\/www.schlanser.ch\/magazin\/#\/schema\/person\/image\/","url":"https:\/\/secure.gravatar.com\/avatar\/a794a4fe8a9b9c52241597eb381dfa2e?s=96&d=mm&r=g","contentUrl":"https:\/\/secure.gravatar.com\/avatar\/a794a4fe8a9b9c52241597eb381dfa2e?s=96&d=mm&r=g","caption":"admin"}}]}},"_links":{"self":[{"href":"https:\/\/www.schlanser.ch\/magazin\/wp-json\/wp\/v2\/posts\/13257"}],"collection":[{"href":"https:\/\/www.schlanser.ch\/magazin\/wp-json\/wp\/v2\/posts"}],"about":[{"href":"https:\/\/www.schlanser.ch\/magazin\/wp-json\/wp\/v2\/types\/post"}],"author":[{"embeddable":true,"href":"https:\/\/www.schlanser.ch\/magazin\/wp-json\/wp\/v2\/users\/1"}],"replies":[{"embeddable":true,"href":"https:\/\/www.schlanser.ch\/magazin\/wp-json\/wp\/v2\/comments?post=13257"}],"version-history":[{"count":52,"href":"https:\/\/www.schlanser.ch\/magazin\/wp-json\/wp\/v2\/posts\/13257\/revisions"}],"predecessor-version":[{"id":17718,"href":"https:\/\/www.schlanser.ch\/magazin\/wp-json\/wp\/v2\/posts\/13257\/revisions\/17718"}],"wp:featuredmedia":[{"embeddable":true,"href":"https:\/\/www.schlanser.ch\/magazin\/wp-json\/wp\/v2\/media\/13270"}],"wp:attachment":[{"href":"https:\/\/www.schlanser.ch\/magazin\/wp-json\/wp\/v2\/media?parent=13257"}],"wp:term":[{"taxonomy":"category","embeddable":true,"href":"https:\/\/www.schlanser.ch\/magazin\/wp-json\/wp\/v2\/categories?post=13257"},{"taxonomy":"post_tag","embeddable":true,"href":"https:\/\/www.schlanser.ch\/magazin\/wp-json\/wp\/v2\/tags?post=13257"}],"curies":[{"name":"wp","href":"https:\/\/api.w.org\/{rel}","templated":true}]}}