{"id":13410,"date":"2021-10-11T16:42:51","date_gmt":"2021-10-11T14:42:51","guid":{"rendered":"https:\/\/www.schlanser.ch\/magazin\/?p=13410"},"modified":"2024-01-10T15:49:38","modified_gmt":"2024-01-10T14:49:38","slug":"camping-ferien-im-herbst-2021","status":"publish","type":"post","link":"https:\/\/www.schlanser.ch\/magazin\/camping-ferien-im-herbst-2021\/","title":{"rendered":"Camping-Ferien im Herbst 2021"},"content":{"rendered":"<h2>\u00ab Sch\u00f6ne Ziele ganz in der N\u00e4he \u00bb<\/h2>\n<p style=\"text-align: justify;\"><strong>In den Herbstferien gl\u00e4nzt die Natur mit ihren warmen, erdigen Braun-, Gelb- und Rott\u00f6nen, die goldene Sonne w\u00e4rmt noch kr\u00e4ftig, nachts wird es bereits knackig kalt und der Nebel h\u00fcllt die Welt im Morgengrauen friedlich ein. Was k\u00f6nnte es Sch\u00f6neres geben, als erneut auf eine Reise zu gehen und Zeit zu haben, die Natur mit all ihren Erscheinungen in den Herbstferien zu geniessen? Camping-Ferien im Herbst bedeuten kr\u00e4ftigende Sonne, W\u00e4rme hinter der Windschutzscheibe, k\u00fchle Abende, neblige Morgen und kuschelige N\u00e4chte unter warmen Decken. Lesen Sie hier, welche Orte in der Schweiz sich in den Ferien im Herbst 2021 f\u00fcr traumhaftes Camping eignen.<\/strong><\/p>\n<h2>Reiseziel Graub\u00fcnden &#8211; Herbstzauber statt Wintersport<\/h2>\n<p style=\"text-align: justify;\">Mit dem Reiseziel Graub\u00fcnden w\u00e4hlen Sie f\u00fcr Ihre Ferien im Herbst 2021 am besten St. Moritz oder Davos aus. Beide Orte sind ber\u00fchmte Urlaubsorte, die auch \u00fcber den Wintersport hinaus viel zu bieten haben und bei den Camping-Ferien im Herbst 2021 etwas ruhiger sind als sonst.<\/p>\n<p><a href=\"https:\/\/www.schlanser.ch\/outdoor-freizeit\/wind-sonnenschutz\/pavillons-tarps\/48486\/berger-faltpavillon-2x2\" class=\"broken_link\"><img loading=\"lazy\" decoding=\"async\" class=\"aligncenter wp-image-13420 size-full\" title=\"Berger Faltpavillon 2x2\" src=\"https:\/\/www.schlanser.ch\/magazin\/wp-content\/uploads\/2021\/10\/Berger-Faltpavillon-2x2-2.jpg\" alt=\"Berger Faltpavillon 2x2\" width=\"620\" height=\"388\" srcset=\"https:\/\/www.schlanser.ch\/magazin\/wp-content\/uploads\/2021\/10\/Berger-Faltpavillon-2x2-2.jpg 620w, https:\/\/www.schlanser.ch\/magazin\/wp-content\/uploads\/2021\/10\/Berger-Faltpavillon-2x2-2-300x188.jpg 300w\" sizes=\"(max-width: 620px) 100vw, 620px\" \/><\/a><\/p>\n<h3>St. Moritz \u2013 extravagante Alpenmetropole<\/h3>\n<p style=\"text-align: justify;\">In der Region Graub\u00fcnden befindet sich der bekannteste Urlaubsort der Schweiz. Es ist ein Ort des alpinen Wintertourismus, zweimal wurden hier die olympischen Winterspiele ausgetragen, modernes alpines Flair trifft atemberaubende Natur. Die Gastronomie und das Shopping- und Vergn\u00fcgungsangebot pr\u00e4sentieren sich auf internationalem Niveau f\u00fcr Touristen aus aller Welt. Eine einheimische Spezialit\u00e4t ist die Engadiner Nusstorte, die Sie unbedingt kosten sollten.<\/p>\n<p style=\"text-align: justify;\">Neben dem attraktiven Winterangebot hat St. Moritz auch in den Herbstferien 2021 einiges zu bieten. Eine Vielzahl an Sportangeboten wie Wandern, Mountainbiken, Tennis, Minigolfen und Reiten lassen sich wunderbar in der herbstlichen Natur geniessen. In der Kunsteisbahn Ludains k\u00f6nnen Sie auch im Sommer und Herbst Eislaufen. In 17 Kletterg\u00e4rten meistern Sie einige Herausforderungen. Auch das Wellnessangebot in St. Moritz kann sich sehen lassen: Die St. Moritzer Heilquellen mit heilsamem Sauerwasser zum Trinken, luxuri\u00f6sen Wellnessoasen, Thermen sowie t\u00fcrkisblauen Bergseen laden ein, den Herbst von seiner sinnlichen Seite zu erleben.<\/p>\n<figure id=\"attachment_13411\" aria-describedby=\"caption-attachment-13411\" style=\"width: 620px\" class=\"wp-caption aligncenter\"><img loading=\"lazy\" decoding=\"async\" class=\"wp-image-13411 size-full\" title=\"In St. Moritz in Graub\u00fcnden kann man im Herbst sch\u00f6n wandern oder mountainbiken gehen \" src=\"https:\/\/www.schlanser.ch\/magazin\/wp-content\/uploads\/2021\/10\/herbst-graubuenden.jpg\" alt=\"Graub\u00fcnden im Herbst 2021\" width=\"620\" height=\"310\" srcset=\"https:\/\/www.schlanser.ch\/magazin\/wp-content\/uploads\/2021\/10\/herbst-graubuenden.jpg 620w, https:\/\/www.schlanser.ch\/magazin\/wp-content\/uploads\/2021\/10\/herbst-graubuenden-300x150.jpg 300w\" sizes=\"(max-width: 620px) 100vw, 620px\" \/><figcaption id=\"caption-attachment-13411\" class=\"wp-caption-text\">\u00a9 Thorsten Schier &#8211; stock.adobe.com<\/figcaption><\/figure>\n<h3>Davos &#8211; lebendige Oktoberferien in der h\u00f6chsten Stadt der Alpen<\/h3>\n<p style=\"text-align: justify;\">Neben den vielf\u00e4ltigen Winter-Abenteuern bietet Davos auch in den anderen Jahreszeiten eine berauschende Urlaubszeit. Geniessen Sie die goldenen Oktoberferien auf \u00fcber 2500 Metern H\u00f6he als Wanderer in dem gut beschilderten, 700 km fassenden Wandernetz und entdecken Sie die Berggipfel mit den Bergbahnen vom Jakobshorn, Weissfluhjoch, Rinerhorn und Schatzalp\/Strela. Auch auf dem Mountainbike sporteln Sie auf atemberaubenden Trails. Entspannter wird eine Erkundungstour in einer romantischen Pferdekutsche. Wer das Wasser sucht, wird am Davoser See f\u00fcndig, wo das Strandbad und das Wakeboard- sowie das Surf- und Segelzentrum warten. Lassen Sie sich verzaubern von den Angeboten f\u00fcr die Ferien im Herbst 2021.<\/p>\n<p style=\"text-align: justify;\">Davos ist Ausgangspunkt f\u00fcr die ber\u00fchmten Z\u00fcge Glacier- und Bernina- Express und f\u00fcr Familien gibt es hier einige weitere Highlights zu entdecken: Sommerrodelbahn, Streichelzoo, Erlebnisbad, den Davoser Adventure Park &#8211; und vieles mehr!<\/p>\n<figure id=\"attachment_13412\" aria-describedby=\"caption-attachment-13412\" style=\"width: 620px\" class=\"wp-caption aligncenter\"><img loading=\"lazy\" decoding=\"async\" class=\"wp-image-13412 size-full\" title=\"In Davos gibt es im Herbst eine Menge zu unternehmen - von Sommerrodelbahn bis Adventure Park\" src=\"https:\/\/www.schlanser.ch\/magazin\/wp-content\/uploads\/2021\/10\/davos-herbst.jpg\" alt=\"Davos und Davoser See\" width=\"620\" height=\"413\" srcset=\"https:\/\/www.schlanser.ch\/magazin\/wp-content\/uploads\/2021\/10\/davos-herbst.jpg 620w, https:\/\/www.schlanser.ch\/magazin\/wp-content\/uploads\/2021\/10\/davos-herbst-300x200.jpg 300w\" sizes=\"(max-width: 620px) 100vw, 620px\" \/><figcaption id=\"caption-attachment-13412\" class=\"wp-caption-text\">\u00a9 Sasa Komlen &#8211; stock.adobe.com<\/figcaption><\/figure>\n<h2>Weggis &#8211; Entspannung und Erholung am Vierwaldst\u00e4tter See<\/h2>\n<p style=\"text-align: justify;\">In Weggis kommen Sie zur Ruhe, der Blick ruht auf dem sch\u00f6nen Berg- und Seepanorama und der K\u00f6rper entspannt in den Wellnessoasen. Das mediterrane Klima brachte Weggis den Namen Riviera der Zentralschweiz ein. Auch im Oktober finden Sie angenehme Temperaturen f\u00fcr Ihre Camping-Ferien, die an den vielen Campingpl\u00e4tzen am Vierwaldst\u00e4tter See gebucht werden k\u00f6nnen.<\/p>\n<p style=\"text-align: justify;\">Mit dem historischen Schaufelraddampfer oder auf modernen Motorbooten gelangen Sie \u00fcber den Vierwaldst\u00e4tter See zu den bekanntesten Ausflugszielen der Zentralschweiz: B\u00fcrgenstock, Klewenalp, Pilatus oder Stanserhorn sowie nach Luzern. Buchen Sie gleich gelungene Ferien im Herbst 2021.<\/p>\n<p><img loading=\"lazy\" decoding=\"async\" class=\"aligncenter wp-image-13413 size-full\" title=\"Berger Kiwi NZ 2 Kuppelzelt\" src=\"https:\/\/www.schlanser.ch\/magazin\/wp-content\/uploads\/2021\/10\/Berger-Kiwi-NZ-2-Kuppelzelt.jpg\" alt=\"Berger Kiwi NZ 2 Kuppelzelt\" width=\"620\" height=\"388\" srcset=\"https:\/\/www.schlanser.ch\/magazin\/wp-content\/uploads\/2021\/10\/Berger-Kiwi-NZ-2-Kuppelzelt.jpg 620w, https:\/\/www.schlanser.ch\/magazin\/wp-content\/uploads\/2021\/10\/Berger-Kiwi-NZ-2-Kuppelzelt-300x188.jpg 300w\" sizes=\"(max-width: 620px) 100vw, 620px\" \/><\/p>\n<h2>Das Berner Oberland im Spaziergang entdecken<\/h2>\n<p style=\"text-align: justify;\">Im Berner Oberland gelegen bietet die Region Hasliberg Spannung und Spass f\u00fcr Familien und Naturfreunde. Besuchen Sie beispielsweise die imposante Aareschlucht in Meiringen-Hasliberg, die dank Stegen komplett durchwandert werden kann. Der Weg dauert etwa 40 Minuten und ist f\u00fcr Rollst\u00fchle und Kinderwagen geeignet. Auch sonst bietet das Gemeindegebiet Hasliberg wundersch\u00f6ne Spazier- und Wanderwege, auch auf dem Mountainbike finden Sie hier zum entspannten Berggl\u00fcck. Auf dem Kugelweg Hasliberg finden Sie 11 imposante Kugelbahnen, auf denen Sie erworbene Kugeln rollen lassen k\u00f6nnen. Ihre Kinder werden motiviert laufen, rennen und sich \u00fcber das Geklacker der Kugeln freuen. Der Weg dauert etwa eine Stunde und ist nicht kinderwagentauglich.<\/p>\n<figure id=\"attachment_13414\" aria-describedby=\"caption-attachment-13414\" style=\"width: 620px\" class=\"wp-caption aligncenter\"><img loading=\"lazy\" decoding=\"async\" class=\"wp-image-13414 size-full\" title=\"Im Gebiet Hasliberg finden sich viele Wanderwege, die f\u00fcr die ganze Familie geeignet sind\" src=\"https:\/\/www.schlanser.ch\/magazin\/wp-content\/uploads\/2021\/10\/hasliberg.jpg\" alt=\"Hasliberg Berner Oberland\" width=\"620\" height=\"465\" srcset=\"https:\/\/www.schlanser.ch\/magazin\/wp-content\/uploads\/2021\/10\/hasliberg.jpg 620w, https:\/\/www.schlanser.ch\/magazin\/wp-content\/uploads\/2021\/10\/hasliberg-300x225.jpg 300w\" sizes=\"(max-width: 620px) 100vw, 620px\" \/><figcaption id=\"caption-attachment-13414\" class=\"wp-caption-text\">\u00a9 MAMO &#8211; stock.adobe.com<\/figcaption><\/figure>\n<h2>Zermatt \u2013 riesige Auswahl an Erlebnissen im Kanton Wallis<\/h2>\n<p style=\"text-align: justify;\">Das Bergdorf Zermatt ist ber\u00fchmt f\u00fcr seine Lage am Matterhorn, dem Symbol f\u00fcr die Schweiz. Die \u00c4sthetik des Matterhorns bewundern Sie von verschiedenen Blickwinkeln aus, entdecken Wolkenspiele und stimmungsvolle Lichtmomente von benachbarten Bergen aus, wie dem Rothorn oder dem Gornergrat.<\/p>\n<p style=\"text-align: justify;\">In Zermatt urlauben Sie in der N\u00e4he von vielen Viertausendern, sind dem Schnee auch im Herbst nah und k\u00f6nnen sogar im Sommer Wintersportarten aus\u00fcben. Bergsteigen, Klettern, Spazieren, Wandern \u2013 der Abenteuerlust sind keine Grenzen gesetzt. Viele Gletscher lassen sich hier bewundern, die trotz Schwund noch von beachtlicher Gr\u00f6sse sind. Wie w\u00e4re es mit autofreien Ferien im Herbst 2021? In der autofreien Gemeinde Zermatt sind Sie zu Fuss, per Pferdetaxi oder per genehmigtem Elektrofahrzeug unterwegs. Bis Camping T\u00e4sch k\u00f6nnen Sie aber selbst fahren und dort gem\u00fctliche Camping-Ferien verbringen. Ein Shuttle-Service bringt Ihnen den Kanton Wallis n\u00e4her und Sie zu den Sehensw\u00fcrdigkeiten Zermatts.<\/p>\n<figure id=\"attachment_13416\" aria-describedby=\"caption-attachment-13416\" style=\"width: 620px\" class=\"wp-caption aligncenter\"><img loading=\"lazy\" decoding=\"async\" class=\"wp-image-13416 size-full\" title=\"In Zermatt kann man zwischen 4000er-Bergen wandern, klettern oder bergsteigen\" src=\"https:\/\/www.schlanser.ch\/magazin\/wp-content\/uploads\/2021\/10\/matterhorn-wandern.jpg\" alt=\"Wandern am Matterhorn im Herbst 2021\" width=\"620\" height=\"396\" srcset=\"https:\/\/www.schlanser.ch\/magazin\/wp-content\/uploads\/2021\/10\/matterhorn-wandern.jpg 620w, https:\/\/www.schlanser.ch\/magazin\/wp-content\/uploads\/2021\/10\/matterhorn-wandern-300x192.jpg 300w\" sizes=\"(max-width: 620px) 100vw, 620px\" \/><figcaption id=\"caption-attachment-13416\" class=\"wp-caption-text\">\u00a9 DeLex &#8211; stock.adobe.com<\/figcaption><\/figure>\n<h2>Herbstferien \u2013 Das Gute liegt so nahe<\/h2>\n<p style=\"text-align: justify;\">Ihre Ferien im Herbst 2021 geniessen Sie am besten direkt um die Ecke. W\u00e4hlen Sie aus den Schweizer Campingzielen, sparen Sie sich eine weite Anfahrt und starten Sie direkt mit der Erholung am Urlaubsziel durch. Packen Sie Ihr <a href=\"https:\/\/www.schlanser.ch\/\">Campingequipment<\/a> zusammen und fahren Sie in die sch\u00f6nsten Gebiete f\u00fcr Ihre Herbstferien 2021 in der Schweiz.<\/p>\n<p><a href=\"https:\/\/www.schlanser.ch\/zelte\/zeltzubehoer\/vorzeltteppich-zeltboden\/218858\/bo-camp-urban-outdoor-lewisham-outdoormatte-200-x-180-cm\"><img loading=\"lazy\" decoding=\"async\" class=\"aligncenter wp-image-13415 size-full\" title=\"Bo-Camp Urban Outdoor Lewisham Outdoormatte 200 x 180 cm\" src=\"https:\/\/www.schlanser.ch\/magazin\/wp-content\/uploads\/2021\/10\/Bo-Camp-Urban-Outdoor-Lewisham-Outdoormatte.jpg\" alt=\"Bo-Camp Urban Outdoor Lewisham Outdoormatte 200 x 180 cm\" width=\"620\" height=\"388\" srcset=\"https:\/\/www.schlanser.ch\/magazin\/wp-content\/uploads\/2021\/10\/Bo-Camp-Urban-Outdoor-Lewisham-Outdoormatte.jpg 620w, https:\/\/www.schlanser.ch\/magazin\/wp-content\/uploads\/2021\/10\/Bo-Camp-Urban-Outdoor-Lewisham-Outdoormatte-300x188.jpg 300w\" sizes=\"(max-width: 620px) 100vw, 620px\" \/><\/a><\/p>\n","protected":false},"excerpt":{"rendered":"<p>\u00ab Sch\u00f6ne Ziele ganz in der N\u00e4he \u00bb In den Herbstferien gl\u00e4nzt die Natur mit ihren warmen, erdigen Braun-, Gelb- und Rott\u00f6nen, die goldene Sonne w\u00e4rmt noch kr\u00e4ftig, nachts wird es bereits knackig kalt und der Nebel h\u00fcllt die Welt im Morgengrauen friedlich ein. Was k\u00f6nnte es Sch\u00f6neres geben, als erneut auf eine Reise zu &hellip;<\/p>\n","protected":false},"author":1,"featured_media":13419,"comment_status":"closed","ping_status":"open","sticky":false,"template":"","format":"standard","meta":{"footnotes":""},"categories":[2],"tags":[1886,392,1882,1881,1307,1883,1888,1880,1884,1885,1887],"yoast_head":"<!-- This site is optimized with the Yoast SEO plugin v22.2 - https:\/\/yoast.com\/wordpress\/plugins\/seo\/ -->\n<title>Camping-Ferien im Herbst 2021 - Schlanser Magazin<\/title>\n<meta name=\"description\" content=\"Naherholung in den Herbstferien ist f\u00fcr flexible Camper selbst an wenigen Tagen lohnenswert \u2665\ufe0f Das Schlanser Magazin mit tollen Ideen f\u00fcr den Herbst 2021!\" \/>\n<meta name=\"robots\" content=\"noindex, follow\" \/>\n<meta property=\"og:locale\" content=\"de_DE\" \/>\n<meta property=\"og:type\" content=\"article\" \/>\n<meta property=\"og:title\" content=\"Camping-Ferien im Herbst 2021 - Schlanser Magazin\" \/>\n<meta property=\"og:description\" content=\"Naherholung in den Herbstferien ist f\u00fcr flexible Camper selbst an wenigen Tagen lohnenswert \u2665\ufe0f Das Schlanser Magazin mit tollen Ideen f\u00fcr den Herbst 2021!\" \/>\n<meta property=\"og:url\" content=\"https:\/\/www.schlanser.ch\/magazin\/camping-ferien-im-herbst-2021\/\" \/>\n<meta property=\"og:site_name\" content=\"Schlanser Magazin\" \/>\n<meta property=\"article:published_time\" content=\"2021-10-11T14:42:51+00:00\" \/>\n<meta property=\"article:modified_time\" content=\"2024-01-10T14:49:38+00:00\" \/>\n<meta property=\"og:image\" content=\"https:\/\/www.schlanser.ch\/magazin\/wp-content\/uploads\/2021\/10\/silsersee-herbst.jpg\" \/>\n\t<meta property=\"og:image:width\" content=\"660\" \/>\n\t<meta property=\"og:image:height\" content=\"371\" \/>\n\t<meta property=\"og:image:type\" content=\"image\/jpeg\" \/>\n<meta name=\"author\" content=\"admin\" \/>\n<meta name=\"twitter:card\" content=\"summary_large_image\" \/>\n<meta name=\"twitter:label1\" content=\"Verfasst von\" \/>\n\t<meta name=\"twitter:data1\" content=\"admin\" \/>\n\t<meta name=\"twitter:label2\" content=\"Gesch\u00e4tzte Lesezeit\" \/>\n\t<meta name=\"twitter:data2\" content=\"7 Minuten\" \/>\n<script type=\"application\/ld+json\" class=\"yoast-schema-graph\">{\"@context\":\"https:\/\/schema.org\",\"@graph\":[{\"@type\":\"WebPage\",\"@id\":\"https:\/\/www.schlanser.ch\/magazin\/camping-ferien-im-herbst-2021\/\",\"url\":\"https:\/\/www.schlanser.ch\/magazin\/camping-ferien-im-herbst-2021\/\",\"name\":\"Camping-Ferien im Herbst 2021 - Schlanser Magazin\",\"isPartOf\":{\"@id\":\"https:\/\/www.schlanser.ch\/magazin\/#website\"},\"primaryImageOfPage\":{\"@id\":\"https:\/\/www.schlanser.ch\/magazin\/camping-ferien-im-herbst-2021\/#primaryimage\"},\"image\":{\"@id\":\"https:\/\/www.schlanser.ch\/magazin\/camping-ferien-im-herbst-2021\/#primaryimage\"},\"thumbnailUrl\":\"https:\/\/www.schlanser.ch\/magazin\/wp-content\/uploads\/2021\/10\/silsersee-herbst.jpg\",\"datePublished\":\"2021-10-11T14:42:51+00:00\",\"dateModified\":\"2024-01-10T14:49:38+00:00\",\"author\":{\"@id\":\"https:\/\/www.schlanser.ch\/magazin\/#\/schema\/person\/000db0a103eb2594ba3daf394b1dfea2\"},\"description\":\"Naherholung in den Herbstferien ist f\u00fcr flexible Camper selbst an wenigen Tagen lohnenswert \u2665\ufe0f Das Schlanser Magazin mit tollen Ideen f\u00fcr den Herbst 2021!\",\"breadcrumb\":{\"@id\":\"https:\/\/www.schlanser.ch\/magazin\/camping-ferien-im-herbst-2021\/#breadcrumb\"},\"inLanguage\":\"de-DE\",\"potentialAction\":[{\"@type\":\"ReadAction\",\"target\":[\"https:\/\/www.schlanser.ch\/magazin\/camping-ferien-im-herbst-2021\/\"]}]},{\"@type\":\"ImageObject\",\"inLanguage\":\"de-DE\",\"@id\":\"https:\/\/www.schlanser.ch\/magazin\/camping-ferien-im-herbst-2021\/#primaryimage\",\"url\":\"https:\/\/www.schlanser.ch\/magazin\/wp-content\/uploads\/2021\/10\/silsersee-herbst.jpg\",\"contentUrl\":\"https:\/\/www.schlanser.ch\/magazin\/wp-content\/uploads\/2021\/10\/silsersee-herbst.jpg\",\"width\":660,\"height\":371,\"caption\":\"\u00a9 suteracher - stock.adobe.com\"},{\"@type\":\"BreadcrumbList\",\"@id\":\"https:\/\/www.schlanser.ch\/magazin\/camping-ferien-im-herbst-2021\/#breadcrumb\",\"itemListElement\":[{\"@type\":\"ListItem\",\"position\":1,\"name\":\"Startseite\",\"item\":\"https:\/\/www.schlanser.ch\/magazin\/\"},{\"@type\":\"ListItem\",\"position\":2,\"name\":\"Camping-Ferien im Herbst 2021\"}]},{\"@type\":\"WebSite\",\"@id\":\"https:\/\/www.schlanser.ch\/magazin\/#website\",\"url\":\"https:\/\/www.schlanser.ch\/magazin\/\",\"name\":\"Schlanser Magazin\",\"description\":\"\",\"potentialAction\":[{\"@type\":\"SearchAction\",\"target\":{\"@type\":\"EntryPoint\",\"urlTemplate\":\"https:\/\/www.schlanser.ch\/magazin\/?s={search_term_string}\"},\"query-input\":\"required name=search_term_string\"}],\"inLanguage\":\"de-DE\"},{\"@type\":\"Person\",\"@id\":\"https:\/\/www.schlanser.ch\/magazin\/#\/schema\/person\/000db0a103eb2594ba3daf394b1dfea2\",\"name\":\"admin\",\"image\":{\"@type\":\"ImageObject\",\"inLanguage\":\"de-DE\",\"@id\":\"https:\/\/www.schlanser.ch\/magazin\/#\/schema\/person\/image\/\",\"url\":\"https:\/\/secure.gravatar.com\/avatar\/a794a4fe8a9b9c52241597eb381dfa2e?s=96&d=mm&r=g\",\"contentUrl\":\"https:\/\/secure.gravatar.com\/avatar\/a794a4fe8a9b9c52241597eb381dfa2e?s=96&d=mm&r=g\",\"caption\":\"admin\"}}]}<\/script>\n<!-- \/ Yoast SEO plugin. -->","yoast_head_json":{"title":"Camping-Ferien im Herbst 2021 - Schlanser Magazin","description":"Naherholung in den Herbstferien ist f\u00fcr flexible Camper selbst an wenigen Tagen lohnenswert \u2665\ufe0f Das Schlanser Magazin mit tollen Ideen f\u00fcr den Herbst 2021!","robots":{"index":"noindex","follow":"follow"},"og_locale":"de_DE","og_type":"article","og_title":"Camping-Ferien im Herbst 2021 - Schlanser Magazin","og_description":"Naherholung in den Herbstferien ist f\u00fcr flexible Camper selbst an wenigen Tagen lohnenswert \u2665\ufe0f Das Schlanser Magazin mit tollen Ideen f\u00fcr den Herbst 2021!","og_url":"https:\/\/www.schlanser.ch\/magazin\/camping-ferien-im-herbst-2021\/","og_site_name":"Schlanser Magazin","article_published_time":"2021-10-11T14:42:51+00:00","article_modified_time":"2024-01-10T14:49:38+00:00","og_image":[{"width":660,"height":371,"url":"https:\/\/www.schlanser.ch\/magazin\/wp-content\/uploads\/2021\/10\/silsersee-herbst.jpg","type":"image\/jpeg"}],"author":"admin","twitter_card":"summary_large_image","twitter_misc":{"Verfasst von":"admin","Gesch\u00e4tzte Lesezeit":"7 Minuten"},"schema":{"@context":"https:\/\/schema.org","@graph":[{"@type":"WebPage","@id":"https:\/\/www.schlanser.ch\/magazin\/camping-ferien-im-herbst-2021\/","url":"https:\/\/www.schlanser.ch\/magazin\/camping-ferien-im-herbst-2021\/","name":"Camping-Ferien im Herbst 2021 - Schlanser Magazin","isPartOf":{"@id":"https:\/\/www.schlanser.ch\/magazin\/#website"},"primaryImageOfPage":{"@id":"https:\/\/www.schlanser.ch\/magazin\/camping-ferien-im-herbst-2021\/#primaryimage"},"image":{"@id":"https:\/\/www.schlanser.ch\/magazin\/camping-ferien-im-herbst-2021\/#primaryimage"},"thumbnailUrl":"https:\/\/www.schlanser.ch\/magazin\/wp-content\/uploads\/2021\/10\/silsersee-herbst.jpg","datePublished":"2021-10-11T14:42:51+00:00","dateModified":"2024-01-10T14:49:38+00:00","author":{"@id":"https:\/\/www.schlanser.ch\/magazin\/#\/schema\/person\/000db0a103eb2594ba3daf394b1dfea2"},"description":"Naherholung in den Herbstferien ist f\u00fcr flexible Camper selbst an wenigen Tagen lohnenswert \u2665\ufe0f Das Schlanser Magazin mit tollen Ideen f\u00fcr den Herbst 2021!","breadcrumb":{"@id":"https:\/\/www.schlanser.ch\/magazin\/camping-ferien-im-herbst-2021\/#breadcrumb"},"inLanguage":"de-DE","potentialAction":[{"@type":"ReadAction","target":["https:\/\/www.schlanser.ch\/magazin\/camping-ferien-im-herbst-2021\/"]}]},{"@type":"ImageObject","inLanguage":"de-DE","@id":"https:\/\/www.schlanser.ch\/magazin\/camping-ferien-im-herbst-2021\/#primaryimage","url":"https:\/\/www.schlanser.ch\/magazin\/wp-content\/uploads\/2021\/10\/silsersee-herbst.jpg","contentUrl":"https:\/\/www.schlanser.ch\/magazin\/wp-content\/uploads\/2021\/10\/silsersee-herbst.jpg","width":660,"height":371,"caption":"\u00a9 suteracher - stock.adobe.com"},{"@type":"BreadcrumbList","@id":"https:\/\/www.schlanser.ch\/magazin\/camping-ferien-im-herbst-2021\/#breadcrumb","itemListElement":[{"@type":"ListItem","position":1,"name":"Startseite","item":"https:\/\/www.schlanser.ch\/magazin\/"},{"@type":"ListItem","position":2,"name":"Camping-Ferien im Herbst 2021"}]},{"@type":"WebSite","@id":"https:\/\/www.schlanser.ch\/magazin\/#website","url":"https:\/\/www.schlanser.ch\/magazin\/","name":"Schlanser Magazin","description":"","potentialAction":[{"@type":"SearchAction","target":{"@type":"EntryPoint","urlTemplate":"https:\/\/www.schlanser.ch\/magazin\/?s={search_term_string}"},"query-input":"required name=search_term_string"}],"inLanguage":"de-DE"},{"@type":"Person","@id":"https:\/\/www.schlanser.ch\/magazin\/#\/schema\/person\/000db0a103eb2594ba3daf394b1dfea2","name":"admin","image":{"@type":"ImageObject","inLanguage":"de-DE","@id":"https:\/\/www.schlanser.ch\/magazin\/#\/schema\/person\/image\/","url":"https:\/\/secure.gravatar.com\/avatar\/a794a4fe8a9b9c52241597eb381dfa2e?s=96&d=mm&r=g","contentUrl":"https:\/\/secure.gravatar.com\/avatar\/a794a4fe8a9b9c52241597eb381dfa2e?s=96&d=mm&r=g","caption":"admin"}}]}},"_links":{"self":[{"href":"https:\/\/www.schlanser.ch\/magazin\/wp-json\/wp\/v2\/posts\/13410"}],"collection":[{"href":"https:\/\/www.schlanser.ch\/magazin\/wp-json\/wp\/v2\/posts"}],"about":[{"href":"https:\/\/www.schlanser.ch\/magazin\/wp-json\/wp\/v2\/types\/post"}],"author":[{"embeddable":true,"href":"https:\/\/www.schlanser.ch\/magazin\/wp-json\/wp\/v2\/users\/1"}],"replies":[{"embeddable":true,"href":"https:\/\/www.schlanser.ch\/magazin\/wp-json\/wp\/v2\/comments?post=13410"}],"version-history":[{"count":3,"href":"https:\/\/www.schlanser.ch\/magazin\/wp-json\/wp\/v2\/posts\/13410\/revisions"}],"predecessor-version":[{"id":17452,"href":"https:\/\/www.schlanser.ch\/magazin\/wp-json\/wp\/v2\/posts\/13410\/revisions\/17452"}],"wp:featuredmedia":[{"embeddable":true,"href":"https:\/\/www.schlanser.ch\/magazin\/wp-json\/wp\/v2\/media\/13419"}],"wp:attachment":[{"href":"https:\/\/www.schlanser.ch\/magazin\/wp-json\/wp\/v2\/media?parent=13410"}],"wp:term":[{"taxonomy":"category","embeddable":true,"href":"https:\/\/www.schlanser.ch\/magazin\/wp-json\/wp\/v2\/categories?post=13410"},{"taxonomy":"post_tag","embeddable":true,"href":"https:\/\/www.schlanser.ch\/magazin\/wp-json\/wp\/v2\/tags?post=13410"}],"curies":[{"name":"wp","href":"https:\/\/api.w.org\/{rel}","templated":true}]}}