{"id":13435,"date":"2021-10-19T09:43:26","date_gmt":"2021-10-19T07:43:26","guid":{"rendered":"https:\/\/www.schlanser.ch\/magazin\/?p=13435"},"modified":"2024-02-27T18:02:52","modified_gmt":"2024-02-27T17:02:52","slug":"zelt-warm-bekommen","status":"publish","type":"post","link":"https:\/\/www.schlanser.ch\/magazin\/zelt-warm-bekommen\/","title":{"rendered":"Wie Sie Ihr Zelt warm bekommen"},"content":{"rendered":"<h2>\u00ab Nie wieder frieren beim Winter- und Herbstcamping \u00bb<\/h2>\n<p style=\"text-align: justify;\"><strong>Camping ist prinzipiell das ganze Jahr \u00fcber m\u00f6glich. Auch wenn es die meisten in der Campinghauptsaison zwischen Juli und August auf die Campingpl\u00e4tze zieht, ist f\u00fcr viele die Nebensaison ebenso interessant. Nat\u00fcrlich muss sich dann auf die mitunter sehr kalten N\u00e4chte eingestellt werden. Niemand m\u00f6chte schliesslich im Urlaub frieren. Doch das muss auch nicht sein, denn es gibt einige hilfreiche Tipps, wie Sie den kalten N\u00e4chten beim Camping trotzen k\u00f6nnen und Ihr Zelt warm bekommen.<\/strong><\/p>\n<h2>Absolutes Basic: Ein warmer Schlafsack<\/h2>\n<p style=\"text-align: justify;\">Wer im Fr\u00fchjahr, Herbst und Winter campen geht, ben\u00f6tigt einen <a href=\"https:\/\/www.schlanser.ch\/outdoor-freizeit\/schlafsaecke-matten\/schlafsaecke\/\">guten Schlafsack<\/a>. Auf keinen Fall d\u00fcrfen Sie nachts frieren oder gar ausk\u00fchlen. Ein extra dicker Schlafsack, der auch Minusgraden standh\u00e4lt, ist der sogenannte Mumienschlafsack. Ein guter Tipp ist es auch, direkt vor dem Schlafengehen, ein paar W\u00e4rmflaschen oder \u00e4hnliches auf dem Schlafplatz zu platzieren. So w\u00e4rmt der Schlafsack schon mal vor und es ist gleich kuschlig warm, wenn Sie hineinschl\u00fcpfen.<\/p>\n<p><img loading=\"lazy\" decoding=\"async\" class=\"aligncenter wp-image-13440\" title=\"Berger Dreamer Mumienschlafsack Rechts | Temperatur Extrem: -20 \u00b0C\" src=\"https:\/\/www.schlanser.ch\/magazin\/wp-content\/uploads\/2021\/11\/Berger-Dreamer-Mumienschlafsack-Rechts.jpg\" alt=\"Berger Dreamer Mumienschlafsack Rechts Zelt warm bekommen\" width=\"550\" height=\"229\" srcset=\"https:\/\/www.schlanser.ch\/magazin\/wp-content\/uploads\/2021\/11\/Berger-Dreamer-Mumienschlafsack-Rechts.jpg 600w, https:\/\/www.schlanser.ch\/magazin\/wp-content\/uploads\/2021\/11\/Berger-Dreamer-Mumienschlafsack-Rechts-300x125.jpg 300w\" sizes=\"(max-width: 550px) 100vw, 550px\" \/><\/p>\n<p style=\"text-align: justify;\">Es ist in jedem Fall sinnvoll, ein paar W\u00e4rmflaschen dabei zu haben, wenn die Gefahr kalter N\u00e4chte besteht. Alternativ geht auch eine <a href=\"https:\/\/www.schlanser.ch\/haushalt\/camping-geschirr\/thermoflaschen-thermokannen\/\">Thermosflasche<\/a>, die mit heissem Wasser bef\u00fcllt wird. Es reicht, wenn Sie die W\u00e4rmflasche oder eine alternative W\u00e4rmequelle eine halbe Stunde vor dem Schlafengehen in den Schlafsack legen. Ausserdem k\u00f6nnen Sie ein paar Handt\u00fccher oder andere Stoffutensilien in den Schlafsackinnenraum legen und damit Hohlr\u00e4ume ausf\u00fcllen. So muss Ihr K\u00f6rper weniger Raum erw\u00e4rmen.<\/p>\n<p><img loading=\"lazy\" decoding=\"async\" class=\"aligncenter wp-image-13449\" title=\"Outwell Constellation Comforter Decke 200 x 120 cm Blau\" src=\"https:\/\/www.schlanser.ch\/magazin\/wp-content\/uploads\/2021\/11\/Outwell-Constellation-Comforter-Decke-200-x-120-cm-Blau.jpg\" alt=\"Outwell Constellation Comforter Decke 200 x 120 cm Blau Zelt warm bekommen\" width=\"500\" height=\"419\" srcset=\"https:\/\/www.schlanser.ch\/magazin\/wp-content\/uploads\/2021\/11\/Outwell-Constellation-Comforter-Decke-200-x-120-cm-Blau.jpg 600w, https:\/\/www.schlanser.ch\/magazin\/wp-content\/uploads\/2021\/11\/Outwell-Constellation-Comforter-Decke-200-x-120-cm-Blau-300x252.jpg 300w\" sizes=\"(max-width: 500px) 100vw, 500px\" \/><\/p>\n<p style=\"text-align: justify;\">Sie k\u00f6nnen auch gleich Ihre Kleidung f\u00fcr den n\u00e4chsten Morgen aufw\u00e4rmen, dann frieren Sie nach dem Aufstehen nicht. Zus\u00e4tzlich k\u00f6nnen Sie sich nat\u00fcrlich auch noch mit warmen Decken ausstatten, mit denen Sie sich noch mehr w\u00e4rmen und vor allem warmhalten k\u00f6nnen.<\/p>\n<div class=\"box info  \"><div class=\"box-inner-block\"><i class=\"fa tie-shortcode-boxicon\"><\/i>\n\t\t\tSich nur mit Decken zuzudecken, reicht allerdings in sehr strengen N\u00e4chten nicht aus. Hier ist es besser, in einen warmen Winterschlafsack eingeh\u00fcllt zu sein und die Decken zus\u00e4tzlich zu verwenden.\n\t\t\t<\/div><\/div>\n<h2>Auf das richtige Zelt beziehungsweise Vorzelt setzen<\/h2>\n<p style=\"text-align: justify;\">Zugegeben, ein <a href=\"https:\/\/www.schlanser.ch\/zelte\/campingzelte\/5-8-personen-zelte\/\">grosses Zelt mit viel Raum zum Schlafen<\/a> und <a href=\"https:\/\/www.schlanser.ch\/moebel\/campingmoebel\/campingschraenke\/\">Unterbringen des Campingzubeh\u00f6rs<\/a> ist toll. Ist dann noch Platz, um sich abends in gem\u00fctlicher Runde zu treffen, scheint alles perfekt. Wer allerdings in den kalten Wintermonaten oder auch im fr\u00fchen Herbst und zeitigen Fr\u00fchjahr campen geht, sollte lieber ein <a href=\"https:\/\/www.schlanser.ch\/zelte\/campingzelte\/2-personen-zelte\/\">kleines Zelt<\/a> dabeihaben. Ein grosses Zelt warm zu bekommen, l\u00e4sst sich schwerer realisieren, als ein kleines und gem\u00fctliches.<\/p>\n<p><a href=\"https:\/\/www.schlanser.ch\/zelte\/campingzelte\/iglu-kuppelzelte\/210528\/high-peak-nevada-2.0-kuppelzelt\" class=\"broken_link\"><img loading=\"lazy\" decoding=\"async\" class=\"aligncenter wp-image-13465\" title=\"High Peak Nevada 2.0 Kuppelzelt\" src=\"https:\/\/www.schlanser.ch\/magazin\/wp-content\/uploads\/2021\/11\/High-Peak-Nevada-2-Kuppelzelt.jpg\" alt=\"High Peak Nevada 2 Kuppelzelt\" width=\"550\" height=\"329\" srcset=\"https:\/\/www.schlanser.ch\/magazin\/wp-content\/uploads\/2021\/11\/High-Peak-Nevada-2-Kuppelzelt.jpg 600w, https:\/\/www.schlanser.ch\/magazin\/wp-content\/uploads\/2021\/11\/High-Peak-Nevada-2-Kuppelzelt-300x180.jpg 300w\" sizes=\"(max-width: 550px) 100vw, 550px\" \/><\/a><\/p>\n<p style=\"text-align: justify;\">Hier gibt es weniger Hohlr\u00e4ume und die K\u00f6rperw\u00e4rme, die Sie abgeben, bleibt sp\u00fcrbarer im Raum. Bei wirklich strenger K\u00e4lte kann das Zelt zum Beispiel mit einer <a href=\"https:\/\/www.schlanser.ch\/fahrzeug\/heizen-kuehlen\/campingheizung-heizstrahler\/\">elektrischen Heizung<\/a> aufgeheizt werden. Die Aufw\u00e4rmung geht dabei deutlich schneller, als wenn es sich um ein grosses Zelt handelt.<\/p>\n<p><img loading=\"lazy\" decoding=\"async\" class=\"aligncenter wp-image-13458 size-full\" title=\"Robens Trekkingzelt Boulder 2\" src=\"https:\/\/www.schlanser.ch\/magazin\/wp-content\/uploads\/2021\/11\/Robens-Trekkingzelt-Boulder-2.jpg\" alt=\"Robens Trekkingzelt Boulder 2 Zelt warm bekommen\" width=\"800\" height=\"499\" srcset=\"https:\/\/www.schlanser.ch\/magazin\/wp-content\/uploads\/2021\/11\/Robens-Trekkingzelt-Boulder-2.jpg 800w, https:\/\/www.schlanser.ch\/magazin\/wp-content\/uploads\/2021\/11\/Robens-Trekkingzelt-Boulder-2-300x187.jpg 300w, https:\/\/www.schlanser.ch\/magazin\/wp-content\/uploads\/2021\/11\/Robens-Trekkingzelt-Boulder-2-768x479.jpg 768w\" sizes=\"(max-width: 800px) 100vw, 800px\" \/><\/p>\n<p style=\"text-align: justify;\">Ein weiterer wichtiger Faktor ist die Isolierung. Luftige Sommerzelte sind f\u00fcr laue Sommern\u00e4chte wunderbar, aber im Winter kann es durch die vielf\u00e4ltigen Bel\u00fcftungen ordentlich ziehen. So ist es wichtig, das Zelt zumindest windgesch\u00fctzt aufzustellen. Noch besser ist es nat\u00fcrlich, gleich ein Winterzelt beziehungsweise ein Ganzjahreszelt zu nutzen.<\/p>\n<p><img loading=\"lazy\" decoding=\"async\" class=\"aligncenter wp-image-13461 size-full\" title=\"Vango Scafell 200 Trekkingzelt\" src=\"https:\/\/www.schlanser.ch\/magazin\/wp-content\/uploads\/2021\/11\/Vango-Scafell-200-Trekkingzelt.jpg\" alt=\"Vango Scafell 200 Trekkingzelt\" width=\"800\" height=\"499\" srcset=\"https:\/\/www.schlanser.ch\/magazin\/wp-content\/uploads\/2021\/11\/Vango-Scafell-200-Trekkingzelt.jpg 800w, https:\/\/www.schlanser.ch\/magazin\/wp-content\/uploads\/2021\/11\/Vango-Scafell-200-Trekkingzelt-300x187.jpg 300w, https:\/\/www.schlanser.ch\/magazin\/wp-content\/uploads\/2021\/11\/Vango-Scafell-200-Trekkingzelt-768x479.jpg 768w\" sizes=\"(max-width: 800px) 100vw, 800px\" \/><\/p>\n<p style=\"text-align: justify;\">Gerade der Boden wird schnell kalt und K\u00e4lte von unten sorgt daf\u00fcr, dass Sie bald am ganzen K\u00f6rper frieren. So k\u00f6nnen Sie im Herbst zum Beispiel das untenliegende Laub als Bodenisolierung nutzen. Einfach eine Schicht Laub auf den Boden ausbreiten, eine Plane dar\u00fcberlegen und dann das Zelt darauf aufbauen. Nat\u00fcrlich reicht das aber nicht, es hindert nur einen Teil der K\u00e4lte daran, nach oben aufzusteigen.<\/p>\n<p><img loading=\"lazy\" decoding=\"async\" class=\"aligncenter wp-image-13455\" title=\"Outwell Dreamcatcher Double selbstaufblasende Isomatte 195 x 130 x 10 cm\" src=\"https:\/\/www.schlanser.ch\/magazin\/wp-content\/uploads\/2021\/11\/Outwell-Dreamcatcher-Double-selbstaufblasende-Isomatte-195-x-130-x-10-cm.jpg\" alt=\"Outwell Dreamcatcher Double selbstaufblasende Isomatte 195 x 130 x 10 cm\" width=\"550\" height=\"374\" srcset=\"https:\/\/www.schlanser.ch\/magazin\/wp-content\/uploads\/2021\/11\/Outwell-Dreamcatcher-Double-selbstaufblasende-Isomatte-195-x-130-x-10-cm.jpg 600w, https:\/\/www.schlanser.ch\/magazin\/wp-content\/uploads\/2021\/11\/Outwell-Dreamcatcher-Double-selbstaufblasende-Isomatte-195-x-130-x-10-cm-300x204.jpg 300w, https:\/\/www.schlanser.ch\/magazin\/wp-content\/uploads\/2021\/11\/Outwell-Dreamcatcher-Double-selbstaufblasende-Isomatte-195-x-130-x-10-cm-110x75.jpg 110w\" sizes=\"(max-width: 550px) 100vw, 550px\" \/><\/p>\n<p style=\"text-align: justify;\">Zus\u00e4tzlich muss nat\u00fcrlich eine <a href=\"https:\/\/www.schlanser.ch\/outdoor-freizeit\/schlafsaecke-matten\/iso-campingmatten\/\">gute Isomatte<\/a> her, die ordentlich isoliert. Am besten bew\u00e4hrt sich hier eine <a href=\"https:\/\/www.schlanser.ch\/outdoor-freizeit\/schlafsaecke-matten\/luftbetten\/\">aufblasbare Luftmatratze<\/a>, da Sie hier nicht direkt auf dem Boden, sondern etwas erh\u00f6ht liegen. Die herk\u00f6mmliche Isomatte kann zur Grundisolierung darunter Platz finden. Noch besser ist nat\u00fcrlich ein richtiges Feldbett mit einem Lattenrost.<\/p>\n<h2>Feuchtigkeit unbedingt vermeiden<\/h2>\n<p style=\"text-align: justify;\">Da wo es feucht ist, entsteht schnell K\u00e4lte. Feuchte Luft ist schwer zu erw\u00e4rmen, daher sollten Sie penibel darauf achten, keine Feuchtigkeit im Zelt zu haben. Nasse Schuhe und Kleidung trocknen Sie am besten ausserhalb des Zeltes. Das geht zum Beispiel im Vorzelt, mit einer Vorzeltheizung geht das zudem recht schnell.<\/p>\n<p><a href=\"https:\/\/www.schlanser.ch\/fahrzeug\/heizen-kuehlen\/campingheizung-heizstrahler\/530369\/outdoor-revolution-tragbare-gasheizung-1200-w\" class=\"broken_link\"><img loading=\"lazy\" decoding=\"async\" class=\"alignleft wp-image-629 size-full\" title=\"Outdoor Revolution tragbare Gasheizung 1200 W\" src=\"https:\/\/www.schlanser.ch\/thumbnail\/f0\/d2\/70\/1708365921\/deab9bfe673d4a52b4a7bc821b820f34_1820x1820.jpg\" alt=\"Outdoor Revolution tragbare Gasheizung 1200 W\" width=\"263\" height=\"150\" \/><\/a><\/p>\n<p style=\"text-align: justify;\">Ist es Ihnen nicht m\u00f6glich, nasse Kleidung und Schuhe woanders zu trocknen, sollten Sie auf eine gute Bel\u00fcftung achten, damit die feuchte Luft nach aussen geleitet werden kann und sich nicht im Inneren staut. Doch auch trockene Kleidung kann die Nacht \u00fcber feucht werden und sollte daher am besten in wasserdichten Beuteln verstaut werden.<\/p>\n<div class=\"box success  \"><div class=\"box-inner-block\"><i class=\"fa tie-shortcode-boxicon\"><\/i>\n\t\t\tTipp: M\u00f6chten Sie Ihr Zelt nach dem Campingurlaub wieder einpacken, sollte es unbedingt richtig trocken sein. Ist das nicht der Fall, kann sich schnell Schimmel bilden.\n\t\t\t<\/div><\/div>\n<h2>Campingheizungen funktionieren auch im Zelt<\/h2>\n<p style=\"text-align: justify;\">Nicht nur im Wohnmobil, sondern auch im Zelt und Vorzelt k\u00f6nnen <a href=\"https:\/\/www.schlanser.ch\/fahrzeug\/heizen-kuehlen\/\">Campingheizungen<\/a> zum Einsatz kommen, um das Zelt warm zu bekommen. Die Zeltheizung oder Vorzeltheizung h\u00e4lt das Zelt auch bei frostigen Temperaturen warm. Wichtige Faktoren sind dabei die Heizkraft, sowie die Gr\u00f6sse und das Gewicht und nat\u00fcrlich auch der Sicherheitsaspekt. Die meisten Camper entscheiden sich hier f\u00fcr einen Gasheizstrahler oder eine elektrische Zeltheizung oder Vorzeltheizung. Doch es gibt zum Beispiel auch ganz einfache Teelicht\u00f6fen.<\/p>\n<p><img loading=\"lazy\" decoding=\"async\" class=\"aligncenter wp-image-13474\" title=\"Mr. Heater Portable Buddy Gasheizstrahler\" src=\"https:\/\/www.schlanser.ch\/magazin\/wp-content\/uploads\/2021\/11\/Mr-Heater-Portable-Buddy-Gasheizstrahler.jpg\" alt=\"Mr Heater Portable Buddy Gasheizstrahler\" width=\"284\" height=\"350\" srcset=\"https:\/\/www.schlanser.ch\/magazin\/wp-content\/uploads\/2021\/11\/Mr-Heater-Portable-Buddy-Gasheizstrahler.jpg 350w, https:\/\/www.schlanser.ch\/magazin\/wp-content\/uploads\/2021\/11\/Mr-Heater-Portable-Buddy-Gasheizstrahler-244x300.jpg 244w\" sizes=\"(max-width: 284px) 100vw, 284px\" \/><\/p>\n<p style=\"text-align: justify;\">Ein Heizstrahler ist zuletzt auch f\u00fcr Feierlichkeiten im Aussenbereich praktisch, der Teelichtofen f\u00fcr Bergtouren. F\u00fcr den Partyzeltgebrauch l\u00e4ngst bekannt, gibt es die Infrarotheizung auch f\u00fcr normale Campingzelte. Hier haben Sie die Wahl aus einer richtigen Infrarotheizung oder auch einen Infrarotstrahler, um das Zelt warm zu bekommen.<\/p>\n<div class=\"box warning  \"><div class=\"box-inner-block\"><i class=\"fa tie-shortcode-boxicon\"><\/i>\n\t\t\tWichtig zu wissen: Bei Gasheizungen im Innenraum ist unbedingt darauf zu achten, dass diese mit einer Sauerstoffmangelsicherung ausgestattet sind. Eine gute Bel\u00fcftung ist auch dann noch unbedingt wichtig. Es besteht ansonsten Lebensgefahr.\n\t\t\t<\/div><\/div>\n<p style=\"text-align: justify;\">Das w\u00e4re zum Beispiel beim Gasheizstrahler der Fall. Gef\u00e4hrliche Abgase, wie Kohlendioxid und Kohlenmonoxid und nat\u00fcrlich auch zu sauerstoffarme und warme Luft k\u00f6nnen zu ernsthaften gesundheitlichen Problemen f\u00fchren und mitunter lebensgef\u00e4hrlich werden.<\/p>\n<p><img loading=\"lazy\" decoding=\"async\" class=\"aligncenter wp-image-13471 size-full\" title=\"Tristar KA-5065 Keramik-Heizl\u00fcfter\" src=\"https:\/\/www.schlanser.ch\/magazin\/wp-content\/uploads\/2021\/11\/Tristar-KA-5065-Keramik-Heizluefter.jpg\" alt=\"Tristar KA-5065 Keramik-Heizluefter\" width=\"276\" height=\"400\" srcset=\"https:\/\/www.schlanser.ch\/magazin\/wp-content\/uploads\/2021\/11\/Tristar-KA-5065-Keramik-Heizluefter.jpg 276w, https:\/\/www.schlanser.ch\/magazin\/wp-content\/uploads\/2021\/11\/Tristar-KA-5065-Keramik-Heizluefter-207x300.jpg 207w\" sizes=\"(max-width: 276px) 100vw, 276px\" \/><\/p>\n<p style=\"text-align: justify;\">Die Heizstrahler beziehungsweise Heizl\u00fcfter punkten mit einer hohen Mobilit\u00e4t und einer einfachen Nutzung. So sind diese die perfekten Begleiter bei einer Campingtour im Winter.<\/p>\n<h2>Heizmatte oder Heizteppich f\u00fcr einen warmen Boden<\/h2>\n<p style=\"text-align: justify;\">W\u00e4rme steigt bekanntlich in die H\u00f6he auf. So ist es auch im Zelt im unteren Bereich immer am k\u00e4ltesten. Dem kann mit einer <a href=\"https:\/\/www.schlanser.ch\/fahrzeug\/heizen-kuehlen\/heizteppiche-frostwaechter\/\">Heizmatte beziehungsweise einen Heizteppich<\/a> begegnet werden.<\/p>\n<p><img loading=\"lazy\" decoding=\"async\" class=\"aligncenter wp-image-13488\" title=\"Pro Car Heizteppich Palais (230 V)\" src=\"https:\/\/www.schlanser.ch\/magazin\/wp-content\/uploads\/2021\/11\/Pro-Car-Heizteppich-Palais-230-V.jpg\" alt=\"Pro Car Heizteppich Palais (230 V)\" width=\"400\" height=\"272\" srcset=\"https:\/\/www.schlanser.ch\/magazin\/wp-content\/uploads\/2021\/11\/Pro-Car-Heizteppich-Palais-230-V.jpg 500w, https:\/\/www.schlanser.ch\/magazin\/wp-content\/uploads\/2021\/11\/Pro-Car-Heizteppich-Palais-230-V-300x204.jpg 300w, https:\/\/www.schlanser.ch\/magazin\/wp-content\/uploads\/2021\/11\/Pro-Car-Heizteppich-Palais-230-V-110x75.jpg 110w\" sizes=\"(max-width: 400px) 100vw, 400px\" \/><\/p>\n<p style=\"text-align: justify;\">Dabei handelt es sich wie um eine Art Auslegeware, die mit Kabel und Stecker dabei helfen, das Zelt warm zu bekommen. Die Beheizung erfolgt in der Regel durch in Glasfasermaterial verwebte Karbonfasern. Der Heizteppich eignet sich, wie es der Name bereits verr\u00e4t als Teppich, w\u00e4hrend die Heizmatte unter den vorhandenen Bodenbelag gelegt wird.<\/p>\n<p><a href=\"https:\/\/www.schlanser.ch\/fahrzeug\/heizen-kuehlen\/heizteppiche-frostwaechter\/20903\/pro-car-heizmatte-230-v\"><img loading=\"lazy\" decoding=\"async\" class=\"aligncenter wp-image-13490\" title=\"Pro Car Heizmatte 230 V\" src=\"https:\/\/www.schlanser.ch\/magazin\/wp-content\/uploads\/2021\/11\/Pro-Car-Heizmatte-230-V.jpg\" alt=\"Pro Car Heizmatte 230 V Zelt warm bekommen\" width=\"500\" height=\"322\" srcset=\"https:\/\/www.schlanser.ch\/magazin\/wp-content\/uploads\/2021\/11\/Pro-Car-Heizmatte-230-V.jpg 600w, https:\/\/www.schlanser.ch\/magazin\/wp-content\/uploads\/2021\/11\/Pro-Car-Heizmatte-230-V-300x193.jpg 300w\" sizes=\"(max-width: 500px) 100vw, 500px\" \/><\/a><\/p>\n<p style=\"text-align: justify;\">Die Matten sind wasserdicht und k\u00f6nnen so auch in einem Zelt oder <a href=\"https:\/\/www.schlanser.ch\/zelte\/vorzelte\/wohnwagenvorzelte\/\">Vorzelt<\/a> zum Einsatz kommen. Der Heizfilm ist gerade mal einen Millimeter dick und macht die Camping-Fussbodenheizung flexibel f\u00fcr den mobilen und station\u00e4ren Einsatz.<\/p>\n<h2>Gut f\u00fcr sich sorgen<\/h2>\n<p style=\"text-align: justify;\">F\u00fcr w\u00e4rmere Zeltn\u00e4chte sorgen Sie auch mit W\u00e4rme, die von innen kommt. Das heisst, dass Sie den Tag \u00fcber gen\u00fcgend essen und trinken, damit Ihre K\u00f6rpertemperatur nicht unn\u00f6tig absinkt.<\/p>\n<figure id=\"attachment_13482\" aria-describedby=\"caption-attachment-13482\" style=\"width: 800px\" class=\"wp-caption aligncenter\"><img loading=\"lazy\" decoding=\"async\" class=\"wp-image-13482 size-full\" title=\"F\u00fcr w\u00e4rmere Zeltn\u00e4chte sorgen Sie auch mit W\u00e4rme, die von innen kommt\" src=\"https:\/\/www.schlanser.ch\/magazin\/wp-content\/uploads\/2021\/11\/waerme-von-innen.jpg\" alt=\"waerme von innen\" width=\"800\" height=\"534\" srcset=\"https:\/\/www.schlanser.ch\/magazin\/wp-content\/uploads\/2021\/11\/waerme-von-innen.jpg 800w, https:\/\/www.schlanser.ch\/magazin\/wp-content\/uploads\/2021\/11\/waerme-von-innen-300x200.jpg 300w, https:\/\/www.schlanser.ch\/magazin\/wp-content\/uploads\/2021\/11\/waerme-von-innen-768x513.jpg 768w\" sizes=\"(max-width: 800px) 100vw, 800px\" \/><figcaption id=\"caption-attachment-13482\" class=\"wp-caption-text\">\u00a9 iuricazac \u2013 stock.adobe.com<\/figcaption><\/figure>\n<p style=\"text-align: justify;\">Zudem sollten Sie sich auch am Tag ausreichend warm kleiden, damit Sie abends nicht vollkommen durchgefroren das Zelt betreten. Eine heisse Tasse Tee am Abend oder eine warme Suppe schadet garantiert auch nicht, allerdings sollten Sie es nicht provozieren, nachts st\u00e4ndig raus zu m\u00fcssen.<\/p>\n","protected":false},"excerpt":{"rendered":"<p>\u00ab Nie wieder frieren beim Winter- und Herbstcamping \u00bb Camping ist prinzipiell das ganze Jahr \u00fcber m\u00f6glich. Auch wenn es die meisten in der Campinghauptsaison zwischen Juli und August auf die Campingpl\u00e4tze zieht, ist f\u00fcr viele die Nebensaison ebenso interessant. Nat\u00fcrlich muss sich dann auf die mitunter sehr kalten N\u00e4chte eingestellt werden. Niemand m\u00f6chte schliesslich &hellip;<\/p>\n","protected":false},"author":1,"featured_media":13438,"comment_status":"closed","ping_status":"open","sticky":false,"template":"","format":"standard","meta":{"footnotes":""},"categories":[3],"tags":[18,201,1514,728,1892,1896,1510,1897,1049,1890,1486,1339,87,1481,1893,1895,1891,56,1898,1894,349,235,79,618,377,749,477,323,1889,748],"yoast_head":"<!-- This site is optimized with the Yoast SEO plugin v22.2 - https:\/\/yoast.com\/wordpress\/plugins\/seo\/ -->\n<title>Wie Sie Ihr Zelt warm bekommen - Schlanser Magazin<\/title>\n<meta name=\"description\" content=\"Das Schlanser Magazin zeigt, wie Sie auch bei k\u00fchleren Temperaturen Ihr Zelt warmbekommen \u2714 Entdecken Sie Zeltheizungen &amp; Hilfsmittel im Vergleich\" \/>\n<meta name=\"robots\" content=\"index, follow, max-snippet:-1, max-image-preview:large, max-video-preview:-1\" \/>\n<link rel=\"canonical\" href=\"https:\/\/www.schlanser.ch\/magazin\/zelt-warm-bekommen\/\" \/>\n<meta property=\"og:locale\" content=\"de_DE\" \/>\n<meta property=\"og:type\" content=\"article\" \/>\n<meta property=\"og:title\" content=\"Wie Sie Ihr Zelt warm bekommen - Schlanser Magazin\" \/>\n<meta property=\"og:description\" content=\"Das Schlanser Magazin zeigt, wie Sie auch bei k\u00fchleren Temperaturen Ihr Zelt warmbekommen \u2714 Entdecken Sie Zeltheizungen &amp; Hilfsmittel im Vergleich\" \/>\n<meta property=\"og:url\" content=\"https:\/\/www.schlanser.ch\/magazin\/zelt-warm-bekommen\/\" \/>\n<meta property=\"og:site_name\" content=\"Schlanser Magazin\" \/>\n<meta property=\"article:published_time\" content=\"2021-10-19T07:43:26+00:00\" \/>\n<meta property=\"article:modified_time\" content=\"2024-02-27T17:02:52+00:00\" \/>\n<meta property=\"og:image\" content=\"https:\/\/www.schlanser.ch\/magazin\/wp-content\/uploads\/2021\/11\/Wie-Sie-Ihr-Zelt-warm-bekommen.jpg\" \/>\n\t<meta property=\"og:image:width\" content=\"800\" \/>\n\t<meta property=\"og:image:height\" content=\"450\" \/>\n\t<meta property=\"og:image:type\" content=\"image\/jpeg\" \/>\n<meta name=\"author\" content=\"admin\" \/>\n<meta name=\"twitter:card\" content=\"summary_large_image\" \/>\n<meta name=\"twitter:label1\" content=\"Verfasst von\" \/>\n\t<meta name=\"twitter:data1\" content=\"admin\" \/>\n\t<meta name=\"twitter:label2\" content=\"Gesch\u00e4tzte Lesezeit\" \/>\n\t<meta name=\"twitter:data2\" content=\"10 Minuten\" \/>\n<script type=\"application\/ld+json\" class=\"yoast-schema-graph\">{\"@context\":\"https:\/\/schema.org\",\"@graph\":[{\"@type\":\"WebPage\",\"@id\":\"https:\/\/www.schlanser.ch\/magazin\/zelt-warm-bekommen\/\",\"url\":\"https:\/\/www.schlanser.ch\/magazin\/zelt-warm-bekommen\/\",\"name\":\"Wie Sie Ihr Zelt warm bekommen - Schlanser Magazin\",\"isPartOf\":{\"@id\":\"https:\/\/www.schlanser.ch\/magazin\/#website\"},\"primaryImageOfPage\":{\"@id\":\"https:\/\/www.schlanser.ch\/magazin\/zelt-warm-bekommen\/#primaryimage\"},\"image\":{\"@id\":\"https:\/\/www.schlanser.ch\/magazin\/zelt-warm-bekommen\/#primaryimage\"},\"thumbnailUrl\":\"https:\/\/www.schlanser.ch\/magazin\/wp-content\/uploads\/2021\/11\/Wie-Sie-Ihr-Zelt-warm-bekommen.jpg\",\"datePublished\":\"2021-10-19T07:43:26+00:00\",\"dateModified\":\"2024-02-27T17:02:52+00:00\",\"author\":{\"@id\":\"https:\/\/www.schlanser.ch\/magazin\/#\/schema\/person\/000db0a103eb2594ba3daf394b1dfea2\"},\"description\":\"Das Schlanser Magazin zeigt, wie Sie auch bei k\u00fchleren Temperaturen Ihr Zelt warmbekommen \u2714 Entdecken Sie Zeltheizungen & Hilfsmittel im Vergleich\",\"breadcrumb\":{\"@id\":\"https:\/\/www.schlanser.ch\/magazin\/zelt-warm-bekommen\/#breadcrumb\"},\"inLanguage\":\"de-DE\",\"potentialAction\":[{\"@type\":\"ReadAction\",\"target\":[\"https:\/\/www.schlanser.ch\/magazin\/zelt-warm-bekommen\/\"]}]},{\"@type\":\"ImageObject\",\"inLanguage\":\"de-DE\",\"@id\":\"https:\/\/www.schlanser.ch\/magazin\/zelt-warm-bekommen\/#primaryimage\",\"url\":\"https:\/\/www.schlanser.ch\/magazin\/wp-content\/uploads\/2021\/11\/Wie-Sie-Ihr-Zelt-warm-bekommen.jpg\",\"contentUrl\":\"https:\/\/www.schlanser.ch\/magazin\/wp-content\/uploads\/2021\/11\/Wie-Sie-Ihr-Zelt-warm-bekommen.jpg\",\"width\":800,\"height\":450,\"caption\":\"\u00a9 Georg \u2013 stock.adobe.com\"},{\"@type\":\"BreadcrumbList\",\"@id\":\"https:\/\/www.schlanser.ch\/magazin\/zelt-warm-bekommen\/#breadcrumb\",\"itemListElement\":[{\"@type\":\"ListItem\",\"position\":1,\"name\":\"Startseite\",\"item\":\"https:\/\/www.schlanser.ch\/magazin\/\"},{\"@type\":\"ListItem\",\"position\":2,\"name\":\"Wie Sie Ihr Zelt warm bekommen\"}]},{\"@type\":\"WebSite\",\"@id\":\"https:\/\/www.schlanser.ch\/magazin\/#website\",\"url\":\"https:\/\/www.schlanser.ch\/magazin\/\",\"name\":\"Schlanser Magazin\",\"description\":\"\",\"potentialAction\":[{\"@type\":\"SearchAction\",\"target\":{\"@type\":\"EntryPoint\",\"urlTemplate\":\"https:\/\/www.schlanser.ch\/magazin\/?s={search_term_string}\"},\"query-input\":\"required name=search_term_string\"}],\"inLanguage\":\"de-DE\"},{\"@type\":\"Person\",\"@id\":\"https:\/\/www.schlanser.ch\/magazin\/#\/schema\/person\/000db0a103eb2594ba3daf394b1dfea2\",\"name\":\"admin\",\"image\":{\"@type\":\"ImageObject\",\"inLanguage\":\"de-DE\",\"@id\":\"https:\/\/www.schlanser.ch\/magazin\/#\/schema\/person\/image\/\",\"url\":\"https:\/\/secure.gravatar.com\/avatar\/a794a4fe8a9b9c52241597eb381dfa2e?s=96&d=mm&r=g\",\"contentUrl\":\"https:\/\/secure.gravatar.com\/avatar\/a794a4fe8a9b9c52241597eb381dfa2e?s=96&d=mm&r=g\",\"caption\":\"admin\"}}]}<\/script>\n<!-- \/ Yoast SEO plugin. -->","yoast_head_json":{"title":"Wie Sie Ihr Zelt warm bekommen - Schlanser Magazin","description":"Das Schlanser Magazin zeigt, wie Sie auch bei k\u00fchleren Temperaturen Ihr Zelt warmbekommen \u2714 Entdecken Sie Zeltheizungen & Hilfsmittel im Vergleich","robots":{"index":"index","follow":"follow","max-snippet":"max-snippet:-1","max-image-preview":"max-image-preview:large","max-video-preview":"max-video-preview:-1"},"canonical":"https:\/\/www.schlanser.ch\/magazin\/zelt-warm-bekommen\/","og_locale":"de_DE","og_type":"article","og_title":"Wie Sie Ihr Zelt warm bekommen - Schlanser Magazin","og_description":"Das Schlanser Magazin zeigt, wie Sie auch bei k\u00fchleren Temperaturen Ihr Zelt warmbekommen \u2714 Entdecken Sie Zeltheizungen & Hilfsmittel im Vergleich","og_url":"https:\/\/www.schlanser.ch\/magazin\/zelt-warm-bekommen\/","og_site_name":"Schlanser Magazin","article_published_time":"2021-10-19T07:43:26+00:00","article_modified_time":"2024-02-27T17:02:52+00:00","og_image":[{"width":800,"height":450,"url":"https:\/\/www.schlanser.ch\/magazin\/wp-content\/uploads\/2021\/11\/Wie-Sie-Ihr-Zelt-warm-bekommen.jpg","type":"image\/jpeg"}],"author":"admin","twitter_card":"summary_large_image","twitter_misc":{"Verfasst von":"admin","Gesch\u00e4tzte Lesezeit":"10 Minuten"},"schema":{"@context":"https:\/\/schema.org","@graph":[{"@type":"WebPage","@id":"https:\/\/www.schlanser.ch\/magazin\/zelt-warm-bekommen\/","url":"https:\/\/www.schlanser.ch\/magazin\/zelt-warm-bekommen\/","name":"Wie Sie Ihr Zelt warm bekommen - Schlanser Magazin","isPartOf":{"@id":"https:\/\/www.schlanser.ch\/magazin\/#website"},"primaryImageOfPage":{"@id":"https:\/\/www.schlanser.ch\/magazin\/zelt-warm-bekommen\/#primaryimage"},"image":{"@id":"https:\/\/www.schlanser.ch\/magazin\/zelt-warm-bekommen\/#primaryimage"},"thumbnailUrl":"https:\/\/www.schlanser.ch\/magazin\/wp-content\/uploads\/2021\/11\/Wie-Sie-Ihr-Zelt-warm-bekommen.jpg","datePublished":"2021-10-19T07:43:26+00:00","dateModified":"2024-02-27T17:02:52+00:00","author":{"@id":"https:\/\/www.schlanser.ch\/magazin\/#\/schema\/person\/000db0a103eb2594ba3daf394b1dfea2"},"description":"Das Schlanser Magazin zeigt, wie Sie auch bei k\u00fchleren Temperaturen Ihr Zelt warmbekommen \u2714 Entdecken Sie Zeltheizungen & Hilfsmittel im Vergleich","breadcrumb":{"@id":"https:\/\/www.schlanser.ch\/magazin\/zelt-warm-bekommen\/#breadcrumb"},"inLanguage":"de-DE","potentialAction":[{"@type":"ReadAction","target":["https:\/\/www.schlanser.ch\/magazin\/zelt-warm-bekommen\/"]}]},{"@type":"ImageObject","inLanguage":"de-DE","@id":"https:\/\/www.schlanser.ch\/magazin\/zelt-warm-bekommen\/#primaryimage","url":"https:\/\/www.schlanser.ch\/magazin\/wp-content\/uploads\/2021\/11\/Wie-Sie-Ihr-Zelt-warm-bekommen.jpg","contentUrl":"https:\/\/www.schlanser.ch\/magazin\/wp-content\/uploads\/2021\/11\/Wie-Sie-Ihr-Zelt-warm-bekommen.jpg","width":800,"height":450,"caption":"\u00a9 Georg \u2013 stock.adobe.com"},{"@type":"BreadcrumbList","@id":"https:\/\/www.schlanser.ch\/magazin\/zelt-warm-bekommen\/#breadcrumb","itemListElement":[{"@type":"ListItem","position":1,"name":"Startseite","item":"https:\/\/www.schlanser.ch\/magazin\/"},{"@type":"ListItem","position":2,"name":"Wie Sie Ihr Zelt warm bekommen"}]},{"@type":"WebSite","@id":"https:\/\/www.schlanser.ch\/magazin\/#website","url":"https:\/\/www.schlanser.ch\/magazin\/","name":"Schlanser Magazin","description":"","potentialAction":[{"@type":"SearchAction","target":{"@type":"EntryPoint","urlTemplate":"https:\/\/www.schlanser.ch\/magazin\/?s={search_term_string}"},"query-input":"required name=search_term_string"}],"inLanguage":"de-DE"},{"@type":"Person","@id":"https:\/\/www.schlanser.ch\/magazin\/#\/schema\/person\/000db0a103eb2594ba3daf394b1dfea2","name":"admin","image":{"@type":"ImageObject","inLanguage":"de-DE","@id":"https:\/\/www.schlanser.ch\/magazin\/#\/schema\/person\/image\/","url":"https:\/\/secure.gravatar.com\/avatar\/a794a4fe8a9b9c52241597eb381dfa2e?s=96&d=mm&r=g","contentUrl":"https:\/\/secure.gravatar.com\/avatar\/a794a4fe8a9b9c52241597eb381dfa2e?s=96&d=mm&r=g","caption":"admin"}}]}},"_links":{"self":[{"href":"https:\/\/www.schlanser.ch\/magazin\/wp-json\/wp\/v2\/posts\/13435"}],"collection":[{"href":"https:\/\/www.schlanser.ch\/magazin\/wp-json\/wp\/v2\/posts"}],"about":[{"href":"https:\/\/www.schlanser.ch\/magazin\/wp-json\/wp\/v2\/types\/post"}],"author":[{"embeddable":true,"href":"https:\/\/www.schlanser.ch\/magazin\/wp-json\/wp\/v2\/users\/1"}],"replies":[{"embeddable":true,"href":"https:\/\/www.schlanser.ch\/magazin\/wp-json\/wp\/v2\/comments?post=13435"}],"version-history":[{"count":61,"href":"https:\/\/www.schlanser.ch\/magazin\/wp-json\/wp\/v2\/posts\/13435\/revisions"}],"predecessor-version":[{"id":17729,"href":"https:\/\/www.schlanser.ch\/magazin\/wp-json\/wp\/v2\/posts\/13435\/revisions\/17729"}],"wp:featuredmedia":[{"embeddable":true,"href":"https:\/\/www.schlanser.ch\/magazin\/wp-json\/wp\/v2\/media\/13438"}],"wp:attachment":[{"href":"https:\/\/www.schlanser.ch\/magazin\/wp-json\/wp\/v2\/media?parent=13435"}],"wp:term":[{"taxonomy":"category","embeddable":true,"href":"https:\/\/www.schlanser.ch\/magazin\/wp-json\/wp\/v2\/categories?post=13435"},{"taxonomy":"post_tag","embeddable":true,"href":"https:\/\/www.schlanser.ch\/magazin\/wp-json\/wp\/v2\/tags?post=13435"}],"curies":[{"name":"wp","href":"https:\/\/api.w.org\/{rel}","templated":true}]}}