{"id":13791,"date":"2021-12-16T14:10:46","date_gmt":"2021-12-16T13:10:46","guid":{"rendered":"https:\/\/www.schlanser.ch\/magazin\/?p=13791"},"modified":"2021-12-16T14:20:39","modified_gmt":"2021-12-16T13:20:39","slug":"wohnwagen-deko-fuer-den-liebevollen-stellplatz","status":"publish","type":"post","link":"https:\/\/www.schlanser.ch\/magazin\/wohnwagen-deko-fuer-den-liebevollen-stellplatz\/","title":{"rendered":"Wohnwagen Deko f\u00fcr den liebevollen Stellplatz"},"content":{"rendered":"<p style=\"text-align: justify;\"><strong>&#8222;Wie lange bleibt ihr?&#8220; fragt die Dauercamperin erwartungsfreudig als wir am Caravan die <\/strong><a href=\"https:\/\/www.schlanser.ch\/outdoor-freizeit\/campinglampen\/led-campingleuchten\/\"><strong>Lichterketten f\u00fcrs Vorzelt<\/strong><\/a><strong> und die Wimpelkette anbringen. &#8222;Och, nur \u00fcber Nacht, wir sind auf der Durchreise.&#8220; Diese Situation erleben jene Camper immer wieder, die selbst bei kurzen Aufenthalten auf eine liebevolle, heimelige Atmosph\u00e4re am Stellplatz achten. Ferien sind zum Wohlf\u00fchlen und Geniessen da \u2013 lesen Sie hier Tipps, wie Sie mit einfacher Wohnwagen Deko Wohlf\u00fchlatmosph\u00e4re schaffen.<\/strong><\/p>\n<h2>Die passende Camping Deko f\u00fcr jeden Aufenthalt<\/h2>\n<p style=\"text-align: justify;\">Das Urlaubsgef\u00fchl stellt sich sofort ein, wenn Sie nach dem Aufbauen der notwendigen Bestandteile an die liebevolle Deko gehen. Beachten Sie dabei zwei Bereiche Ihres Kurzzeit-Refugiums: den Wohnwagen und den Stellplatz. Die Dekoration im Wohnwagen ist eher f\u00fcr Sie selbst und f\u00fcr Ihre Besucher. Die Dekoration ausserhalb des Wohnwagens selbst ist dar\u00fcber hinaus eine Freude f\u00fcr den gesamten Campingplatz. Beim abendlichen Spaziergang erfreut es jeden Passanten, wenn Ihr Platz besonders ansprechend hergerichtet ist und wenn Sie selbst von Ausfl\u00fcgen zur\u00fcckkehren, ist es ein gutes Gef\u00fchl in Ihr gestaltetes &#8222;Zuhause&#8220; zu kommen. Achten Sie bei der Gartendeko darauf, nicht zu grelle Farben, Lichter oder gar Blinklichter zu verwenden. Sie riskieren sonst, dass sich andere durch Ihre Dekoration bel\u00e4stigt f\u00fchlen.<\/p>\n<figure id=\"attachment_13793\" aria-describedby=\"caption-attachment-13793\" style=\"width: 800px\" class=\"wp-caption aligncenter\"><img loading=\"lazy\" decoding=\"async\" class=\"wp-image-13793 size-full\" title=\"Die meisten Camper m\u00f6chten sich ihre Umgebung individuell einrichten\" src=\"https:\/\/www.schlanser.ch\/magazin\/wp-content\/uploads\/2023\/12\/Wohnwagen-Stellplatz.jpg\" alt=\"Wohnwagen Stellplatz - Wohnwagen Deko\" width=\"800\" height=\"426\" srcset=\"https:\/\/www.schlanser.ch\/magazin\/wp-content\/uploads\/2023\/12\/Wohnwagen-Stellplatz.jpg 800w, https:\/\/www.schlanser.ch\/magazin\/wp-content\/uploads\/2023\/12\/Wohnwagen-Stellplatz-300x160.jpg 300w, https:\/\/www.schlanser.ch\/magazin\/wp-content\/uploads\/2023\/12\/Wohnwagen-Stellplatz-768x409.jpg 768w, https:\/\/www.schlanser.ch\/magazin\/wp-content\/uploads\/2023\/12\/Wohnwagen-Stellplatz-310x165.jpg 310w\" sizes=\"(max-width: 800px) 100vw, 800px\" \/><figcaption id=\"caption-attachment-13793\" class=\"wp-caption-text\">\u00a9 antonio &#8211; stock.adobe.com<\/figcaption><\/figure>\n<h2>Guter Geschmack \u2013 zielsicher passende Dekoelemente ausw\u00e4hlen<\/h2>\n<p style=\"text-align: justify;\">Wohnwagen Deko sollte selbstverst\u00e4ndlich vor allem Ihnen selbst gefallen. Ein weiteres Kriterium ist allerdings, dass die Gegenst\u00e4nde nicht allzu schwer sind, schliesslich z\u00e4hlt am Ende jedes Kilo f\u00fcr die Gesamtlast. Zus\u00e4tzlich sollte sich die Deko gut fixieren lassen. Gem\u00fctlich und eindrucksvoll ist es, wenn im Wohnwagen ein Farbkonzept besteht und sich die Deko Elemente in das Farbkonzept einf\u00fcgen. Nett ist es auch, wenn sich Gegenst\u00e4nde aus Zielorten der vergangenen Reisen im Wohnwagen sammeln und eine liebevolle Stimmung ausstrahlen.<\/p>\n<p><a href=\"https:\/\/www.schlanser.ch\/outdoor-freizeit\/campinglampen\/gaslampen\/213806\/feuerhand-sturmlaterne-baby-special-276\"><img loading=\"lazy\" decoding=\"async\" class=\"aligncenter wp-image-13797 size-full\" title=\"Feuerhand Sturmlaterne Baby Special 276\" src=\"https:\/\/www.schlanser.ch\/magazin\/wp-content\/uploads\/2023\/12\/Feuerhand-Sturmlaterne-Baby-Special-276.jpg\" alt=\"Feuerhand Sturmlaterne Baby Special 276 - Wohnwagen Deko\" width=\"620\" height=\"565\" srcset=\"https:\/\/www.schlanser.ch\/magazin\/wp-content\/uploads\/2023\/12\/Feuerhand-Sturmlaterne-Baby-Special-276.jpg 620w, https:\/\/www.schlanser.ch\/magazin\/wp-content\/uploads\/2023\/12\/Feuerhand-Sturmlaterne-Baby-Special-276-300x273.jpg 300w\" sizes=\"(max-width: 620px) 100vw, 620px\" \/><\/a><\/p>\n<h2>Tipps und Tricks f\u00fcr die Camping Deko<\/h2>\n<p style=\"text-align: justify;\">Ein Stellplatz kann entweder eine freie Gr\u00fcnfl\u00e4che sein oder ein angelegter Platz mit Str\u00e4uchern oder sogar B\u00e4umen. Mit dem richtigen Lichtkonzept werden Wohnwagen und Vorzelt auch abends gut in Szene gesetzt. \u00d6kologisch nachhaltig sind daf\u00fcr Solarlampen, die sich w\u00e4hrend des Tages aufladen und in der D\u00e4mmerung selbstst\u00e4ndig angehen.<\/p>\n<p><a href=\"https:\/\/www.schlanser.ch\/outdoor-freizeit\/campinglampen\/led-campingleuchten\/18594\/solar-led-lampion\"><img loading=\"lazy\" decoding=\"async\" class=\"aligncenter wp-image-13800 size-full\" title=\"Solar LED Lampion\" src=\"https:\/\/www.schlanser.ch\/magazin\/wp-content\/uploads\/2023\/12\/Solar-LED-Lampion.jpg\" alt=\"Solar LED Lampion - Wohnwagen Deko\" width=\"620\" height=\"415\" srcset=\"https:\/\/www.schlanser.ch\/magazin\/wp-content\/uploads\/2023\/12\/Solar-LED-Lampion.jpg 620w, https:\/\/www.schlanser.ch\/magazin\/wp-content\/uploads\/2023\/12\/Solar-LED-Lampion-300x201.jpg 300w, https:\/\/www.schlanser.ch\/magazin\/wp-content\/uploads\/2023\/12\/Solar-LED-Lampion-110x75.jpg 110w\" sizes=\"(max-width: 620px) 100vw, 620px\" \/><\/a><\/p>\n<p style=\"text-align: justify;\">Dekorationslichter am Stellplatz, wie beispielsweise eine Solar-Lichterkette, sollten m\u00f6glichst immer am Wohnwagen angebracht werden. Dadurch haben Sie verl\u00e4ssliche Aufh\u00e4nge-M\u00f6glichkeiten. Verwenden Sie dazu zum Beispiel Silwy The One Metall <a href=\"https:\/\/www.schlanser.ch\/haushalt\/camping-haushalt\/sortieren-hakensysteme\/\">Magnethaken<\/a>, die Sie ohne Bohren und Schrauben beliebig oft verwenden k\u00f6nnen und r\u00fcckstandslos entfernen k\u00f6nnen. Auch die <a href=\"https:\/\/www.schlanser.ch\/haushalt\/camping-haushalt\/waesche-reinigung\/\">W\u00e4scheleine<\/a> Pops von Brunner k\u00f6nnen Sie als Aufh\u00e4ngung f\u00fcr Aussendeko Objekte verwenden. Das Thule LED Strip Band eignet sich f\u00fcr innen und aussen und bietet vielf\u00e4ltige Gestaltungsm\u00f6glichkeiten f\u00fcr stimmungsvolle Beleuchtung.<\/p>\n<p><a href=\"https:\/\/www.schlanser.ch\/haushalt\/camping-haushalt\/sortieren-hakensysteme\/224881\/silwy-the-one-magnet-haken-inkl.-metall-nano-gel-pad-weiss\/schwarz\" class=\"broken_link\"><img loading=\"lazy\" decoding=\"async\" class=\"aligncenter wp-image-13802 size-full\" title=\"Silwy The One Magnet-Haken inkl. Metall Nano Gel Pad Wei\u00df \/ Schwarz\" src=\"https:\/\/www.schlanser.ch\/magazin\/wp-content\/uploads\/2023\/12\/Silwy-The-One-Magnet-Haken.jpg\" alt=\"Silwy The One Magnet-Haken inkl. Metall Nano Gel Pad Wei\u00df \/ Schwarz\" width=\"620\" height=\"387\" srcset=\"https:\/\/www.schlanser.ch\/magazin\/wp-content\/uploads\/2023\/12\/Silwy-The-One-Magnet-Haken.jpg 620w, https:\/\/www.schlanser.ch\/magazin\/wp-content\/uploads\/2023\/12\/Silwy-The-One-Magnet-Haken-300x187.jpg 300w\" sizes=\"(max-width: 620px) 100vw, 620px\" \/><\/a><\/p>\n<h2>Gestaltungsm\u00f6glichkeiten f\u00fcr den liebevollen Stellplatz<\/h2>\n<ol>\n<li style=\"text-align: justify;\">Lichter und Lichterketten f\u00fcrs <a href=\"https:\/\/www.schlanser.ch\/zelte\/vorzelte\/\">Vorzelt<\/a> und den Aussenbereich. Verwenden Sie Dekorationslichter, zum Beispiel Kerzen ohne echtes Feuer, Solarlampen oder eine Solar-Lichterkette. Solarlampen k\u00f6nnen auch zus\u00e4tzlich aus Sicherheitsgr\u00fcnden aufgestellt werden, etwa wenn der Gehweg sehr dunkel ist oder zum Wiedererkennen des eigenen Stellplatzes.<\/li>\n<li style=\"text-align: justify;\">Gartendeko allgemein kann auch f\u00fcr den Stellplatz verwendet werden. Ob Sie Ihren Gartenzwerg mit auf Reisen nehmen oder die Glaskugeln als Bodenstecker. Lassen Sie Ihrer Fantasie freien Lauf und gestalten Sie individuell durch Wimpelkette und Co.<\/li>\n<li style=\"text-align: justify;\">Auch durch praktischen Sichtschutz, durch Sichtschutzw\u00e4nde oder <a href=\"https:\/\/www.schlanser.ch\/outdoor-freizeit\/wind-sonnenschutz\/pavillons-tarps\/\">Pavillons<\/a>, gestalten Sie Ihren Stellplatz. Schaffen Sie sich Ihre kleine Oase der Erholung. An Pavillons k\u00f6nnen Sie farblich passende T\u00fccher f\u00fcr zus\u00e4tzlichen Sichtschutz oder andere Dekoelemente anbringen.<\/li>\n<li style=\"text-align: justify;\">Durch den ansprechenden Sonnenschutz mit Tarps oder durch <a href=\"https:\/\/www.schlanser.ch\/outdoor-freizeit\/wind-sonnenschutz\/sichtschutz-sonnenschirme\/\">Sonnenschirme<\/a> erf\u00fcllen Sie neben der Schutzfunktion auch eine optische Funktion. W\u00e4hlen Sie daher ansprechende Designs f\u00fcr Ihren liebevoll gestalteten Stellplatz. An die Sonnenschirme k\u00f6nnen Sie wunderbar Wimpelketten oder eine Solar-Lichterkette anbringen und damit auch f\u00fcr den Abend dekorieren.<\/li>\n<\/ol>\n<p><a href=\"https:\/\/www.schlanser.ch\/outdoor-freizeit\/wind-sonnenschutz\/pavillons-tarps\/48486\/berger-faltpavillon-2x2\" class=\"broken_link\"><img loading=\"lazy\" decoding=\"async\" class=\"aligncenter wp-image-13805 size-full\" title=\"Berger Faltpavillon 2x2\" src=\"https:\/\/www.schlanser.ch\/magazin\/wp-content\/uploads\/2023\/12\/Berger-Faltpavillon-2x2-1.jpg\" alt=\"Berger Faltpavillon 2x2\" width=\"620\" height=\"388\" srcset=\"https:\/\/www.schlanser.ch\/magazin\/wp-content\/uploads\/2023\/12\/Berger-Faltpavillon-2x2-1.jpg 620w, https:\/\/www.schlanser.ch\/magazin\/wp-content\/uploads\/2023\/12\/Berger-Faltpavillon-2x2-1-300x188.jpg 300w\" sizes=\"(max-width: 620px) 100vw, 620px\" \/><\/a><\/p>\n<h2>Den Wohnwagen neu in Szene setzen \u2013 funktionale Deko<\/h2>\n<p style=\"text-align: justify;\">Die gr\u00f6sste Ver\u00e4nderung in der Optik Ihres Wohnwagens erreichen Sie durch neue Vorh\u00e4nge und Polsterbez\u00fcge, die am besten Ihrem Farbkonzept entsprechen. W\u00e4hlen Sie Muster, die modern sind und Ihrem Stil entsprechen und lassen Sie Vorh\u00e4nge nach Mass anfertigen oder setzen Sie sich selbst an die N\u00e4hmaschine. Sitzpolster lassen sich auch ohne N\u00e4hen neu beziehen, lassen Sie dann einfach die alten, sauberen Bez\u00fcge drauf und umh\u00fcllen Sie diese mit dekorativem Stoff mithilfe eines Gummis an der R\u00fcckseite. Sie k\u00f6nnen auch Vorh\u00e4nge durch moderne Plissees ersetzen und dadurch einen modernen unverspielten Look erreichen.<\/p>\n<p><a href=\"https:\/\/www.schlanser.ch\/fahrzeug\/campingfahrzeug-inneneinrichtung\/tuervorhaenge-fliegengitter\/212456\/chenille-flauschvorhang-bunt-185-x-56-cm\"><img loading=\"lazy\" decoding=\"async\" class=\"aligncenter wp-image-13807 size-full\" title=\"Chenille Flauschvorhang bunt 185 x 56 cm\" src=\"https:\/\/www.schlanser.ch\/magazin\/wp-content\/uploads\/2023\/12\/Chenille-Flauschvorhang-bunt-185-x-56-cm.jpg\" alt=\"Chenille Flauschvorhang bunt 185 x 56 cm\" width=\"620\" height=\"388\" srcset=\"https:\/\/www.schlanser.ch\/magazin\/wp-content\/uploads\/2023\/12\/Chenille-Flauschvorhang-bunt-185-x-56-cm.jpg 620w, https:\/\/www.schlanser.ch\/magazin\/wp-content\/uploads\/2023\/12\/Chenille-Flauschvorhang-bunt-185-x-56-cm-300x188.jpg 300w\" sizes=\"(max-width: 620px) 100vw, 620px\" \/><\/a><\/p>\n<p style=\"text-align: justify;\">Die Fronten der Schr\u00e4nke beeinflussen die Optik des Wohnwagens stark. Durch eine Farbver\u00e4nderung oder neue Fronten, \u00e4ndern Sie die Raumatmosph\u00e4re wirkungsvoll. Passen Sie die Schrankfronten Ihrem Farbkonzept an.<\/p>\n<h2>Die Trends der Wohnwagen Deko<\/h2>\n<ul>\n<li style=\"text-align: justify;\">Im Trend liegen Makramee-Kn\u00fcpfereien, der Boho- und Landhausstil sind angesagt. Helle und freundliche Farben werden gew\u00e4hlt, das Design ist verspielt, aber funktional. Verzichten Sie auf zu viele Glitzerengelchen und H\u00e4keldeckchen, wenn Sie einen modernen Stil verfolgen.<\/li>\n<li style=\"text-align: justify;\">Auch Schriftz\u00fcge liegen im Trend: Mit Schriftz\u00fcgen, die an Wand, Schrankt\u00fcr oder auf der Fussmatte angebracht sind, erinnern Sie Besucher und auch sich selbst stets an Ihre \u00dcberzeugungen.<\/li>\n<li style=\"text-align: justify;\">&#8222;Zuhause ist da, wo wir parken&#8220;, &#8222;Das Leben ist ein Abenteuer&#8220;, &#8222;Lebe deinen Traum und tr\u00e4ume nicht dein Leben&#8220;, sind nur einige Beispiele aus der grossen Auswahl der Schriftz\u00fcge. Ob Sie diese als Laubs\u00e4gearbeit aufh\u00e4ngen oder als Wand-Klebe-Tattoo bleibt Ihrem Deko-Geschmack \u00fcberlassen. Auch gerahmte oder ungerahmte Postkarten versch\u00f6nern den Wohnbereich und sind leicht austauschbar.<\/li>\n<\/ul>\n<figure id=\"attachment_13809\" aria-describedby=\"caption-attachment-13809\" style=\"width: 620px\" class=\"wp-caption aligncenter\"><img loading=\"lazy\" decoding=\"async\" class=\"wp-image-13809 size-full\" title=\"Richtig wohl f\u00fchlt man sich, wenn man deine Umgebung selber mitgestalten kann\" src=\"https:\/\/www.schlanser.ch\/magazin\/wp-content\/uploads\/2023\/12\/Gl\u00fcckliche-Camper-Familie.jpg\" alt=\"Junge Familie von ihrem Camper\" width=\"620\" height=\"413\" srcset=\"https:\/\/www.schlanser.ch\/magazin\/wp-content\/uploads\/2023\/12\/Gl\u00fcckliche-Camper-Familie.jpg 620w, https:\/\/www.schlanser.ch\/magazin\/wp-content\/uploads\/2023\/12\/Gl\u00fcckliche-Camper-Familie-300x200.jpg 300w\" sizes=\"(max-width: 620px) 100vw, 620px\" \/><figcaption id=\"caption-attachment-13809\" class=\"wp-caption-text\">\u00a9 goodluz &#8211; stock.adobe.com<\/figcaption><\/figure>\n<h2>Campingaccessoires machen Camping hyggelig<\/h2>\n<p style=\"text-align: justify;\">Camping Deko macht Ihre Camping Ausstattung individuell. Verwenden Sie Aufmerksamkeit auf Ihren pers\u00f6nlichen Fingerabdruck in den Ferien und hinterlassen Sie bei Ihnen und bei anderen einen bleibenden Eindruck durch liebevolle Gem\u00fctlichkeit im mobilen Zuhause.<\/p>\n","protected":false},"excerpt":{"rendered":"<p>&#8222;Wie lange bleibt ihr?&#8220; fragt die Dauercamperin erwartungsfreudig als wir am Caravan die Lichterketten f\u00fcrs Vorzelt und die Wimpelkette anbringen. &#8222;Och, nur \u00fcber Nacht, wir sind auf der Durchreise.&#8220; Diese Situation erleben jene Camper immer wieder, die selbst bei kurzen Aufenthalten auf eine liebevolle, heimelige Atmosph\u00e4re am Stellplatz achten. Ferien sind zum Wohlf\u00fchlen und Geniessen &hellip;<\/p>\n","protected":false},"author":1,"featured_media":13815,"comment_status":"closed","ping_status":"open","sticky":false,"template":"","format":"standard","meta":{"footnotes":""},"categories":[2],"tags":[1947,1953,1948,1946,1952,1945,1949,1951,1950,1943,1942,1944],"yoast_head":"<!-- This site is optimized with the Yoast SEO plugin v22.2 - https:\/\/yoast.com\/wordpress\/plugins\/seo\/ -->\n<title>Wohnwagen Deko f\u00fcr den liebevollen Stellplatz - Schlanser Magazin<\/title>\n<meta name=\"description\" content=\"Liebevolle Wohnwagen-Deko macht jeden Campingurlaub gem\u00fctlicher \u2714 Das Schlanser Magazin berichtet \u00fcber Heimat auf R\u00e4dern und heimelige Wohngef\u00fchle!\" \/>\n<meta name=\"robots\" content=\"index, follow, max-snippet:-1, max-image-preview:large, max-video-preview:-1\" \/>\n<link rel=\"canonical\" href=\"https:\/\/www.schlanser.ch\/magazin\/wohnwagen-deko-fuer-den-liebevollen-stellplatz\/\" \/>\n<meta property=\"og:locale\" content=\"de_DE\" \/>\n<meta property=\"og:type\" content=\"article\" \/>\n<meta property=\"og:title\" content=\"Wohnwagen Deko f\u00fcr den liebevollen Stellplatz - Schlanser Magazin\" \/>\n<meta property=\"og:description\" content=\"Liebevolle Wohnwagen-Deko macht jeden Campingurlaub gem\u00fctlicher \u2714 Das Schlanser Magazin berichtet \u00fcber Heimat auf R\u00e4dern und heimelige Wohngef\u00fchle!\" \/>\n<meta property=\"og:url\" content=\"https:\/\/www.schlanser.ch\/magazin\/wohnwagen-deko-fuer-den-liebevollen-stellplatz\/\" \/>\n<meta property=\"og:site_name\" content=\"Schlanser Magazin\" \/>\n<meta property=\"article:published_time\" content=\"2021-12-16T13:10:46+00:00\" \/>\n<meta property=\"article:modified_time\" content=\"2021-12-16T13:20:39+00:00\" \/>\n<meta property=\"og:image\" content=\"https:\/\/www.schlanser.ch\/magazin\/wp-content\/uploads\/2023\/12\/Wohnmobil-Stellplatz-2.jpg\" \/>\n\t<meta property=\"og:image:width\" content=\"620\" \/>\n\t<meta property=\"og:image:height\" content=\"392\" \/>\n\t<meta property=\"og:image:type\" content=\"image\/jpeg\" \/>\n<meta name=\"author\" content=\"admin\" \/>\n<meta name=\"twitter:card\" content=\"summary_large_image\" \/>\n<meta name=\"twitter:label1\" content=\"Verfasst von\" \/>\n\t<meta name=\"twitter:data1\" content=\"admin\" \/>\n\t<meta name=\"twitter:label2\" content=\"Gesch\u00e4tzte Lesezeit\" \/>\n\t<meta name=\"twitter:data2\" content=\"5 Minuten\" \/>\n<script type=\"application\/ld+json\" class=\"yoast-schema-graph\">{\"@context\":\"https:\/\/schema.org\",\"@graph\":[{\"@type\":\"WebPage\",\"@id\":\"https:\/\/www.schlanser.ch\/magazin\/wohnwagen-deko-fuer-den-liebevollen-stellplatz\/\",\"url\":\"https:\/\/www.schlanser.ch\/magazin\/wohnwagen-deko-fuer-den-liebevollen-stellplatz\/\",\"name\":\"Wohnwagen Deko f\u00fcr den liebevollen Stellplatz - Schlanser Magazin\",\"isPartOf\":{\"@id\":\"https:\/\/www.schlanser.ch\/magazin\/#website\"},\"primaryImageOfPage\":{\"@id\":\"https:\/\/www.schlanser.ch\/magazin\/wohnwagen-deko-fuer-den-liebevollen-stellplatz\/#primaryimage\"},\"image\":{\"@id\":\"https:\/\/www.schlanser.ch\/magazin\/wohnwagen-deko-fuer-den-liebevollen-stellplatz\/#primaryimage\"},\"thumbnailUrl\":\"https:\/\/www.schlanser.ch\/magazin\/wp-content\/uploads\/2023\/12\/Wohnmobil-Stellplatz-2.jpg\",\"datePublished\":\"2021-12-16T13:10:46+00:00\",\"dateModified\":\"2021-12-16T13:20:39+00:00\",\"author\":{\"@id\":\"https:\/\/www.schlanser.ch\/magazin\/#\/schema\/person\/000db0a103eb2594ba3daf394b1dfea2\"},\"description\":\"Liebevolle Wohnwagen-Deko macht jeden Campingurlaub gem\u00fctlicher \u2714 Das Schlanser Magazin berichtet \u00fcber Heimat auf R\u00e4dern und heimelige Wohngef\u00fchle!\",\"breadcrumb\":{\"@id\":\"https:\/\/www.schlanser.ch\/magazin\/wohnwagen-deko-fuer-den-liebevollen-stellplatz\/#breadcrumb\"},\"inLanguage\":\"de-DE\",\"potentialAction\":[{\"@type\":\"ReadAction\",\"target\":[\"https:\/\/www.schlanser.ch\/magazin\/wohnwagen-deko-fuer-den-liebevollen-stellplatz\/\"]}]},{\"@type\":\"ImageObject\",\"inLanguage\":\"de-DE\",\"@id\":\"https:\/\/www.schlanser.ch\/magazin\/wohnwagen-deko-fuer-den-liebevollen-stellplatz\/#primaryimage\",\"url\":\"https:\/\/www.schlanser.ch\/magazin\/wp-content\/uploads\/2023\/12\/Wohnmobil-Stellplatz-2.jpg\",\"contentUrl\":\"https:\/\/www.schlanser.ch\/magazin\/wp-content\/uploads\/2023\/12\/Wohnmobil-Stellplatz-2.jpg\",\"width\":620,\"height\":392,\"caption\":\"\u00a9 Larry D Crain - stock.adobe.com\"},{\"@type\":\"BreadcrumbList\",\"@id\":\"https:\/\/www.schlanser.ch\/magazin\/wohnwagen-deko-fuer-den-liebevollen-stellplatz\/#breadcrumb\",\"itemListElement\":[{\"@type\":\"ListItem\",\"position\":1,\"name\":\"Startseite\",\"item\":\"https:\/\/www.schlanser.ch\/magazin\/\"},{\"@type\":\"ListItem\",\"position\":2,\"name\":\"Wohnwagen Deko f\u00fcr den liebevollen Stellplatz\"}]},{\"@type\":\"WebSite\",\"@id\":\"https:\/\/www.schlanser.ch\/magazin\/#website\",\"url\":\"https:\/\/www.schlanser.ch\/magazin\/\",\"name\":\"Schlanser Magazin\",\"description\":\"\",\"potentialAction\":[{\"@type\":\"SearchAction\",\"target\":{\"@type\":\"EntryPoint\",\"urlTemplate\":\"https:\/\/www.schlanser.ch\/magazin\/?s={search_term_string}\"},\"query-input\":\"required name=search_term_string\"}],\"inLanguage\":\"de-DE\"},{\"@type\":\"Person\",\"@id\":\"https:\/\/www.schlanser.ch\/magazin\/#\/schema\/person\/000db0a103eb2594ba3daf394b1dfea2\",\"name\":\"admin\",\"image\":{\"@type\":\"ImageObject\",\"inLanguage\":\"de-DE\",\"@id\":\"https:\/\/www.schlanser.ch\/magazin\/#\/schema\/person\/image\/\",\"url\":\"https:\/\/secure.gravatar.com\/avatar\/a794a4fe8a9b9c52241597eb381dfa2e?s=96&d=mm&r=g\",\"contentUrl\":\"https:\/\/secure.gravatar.com\/avatar\/a794a4fe8a9b9c52241597eb381dfa2e?s=96&d=mm&r=g\",\"caption\":\"admin\"}}]}<\/script>\n<!-- \/ Yoast SEO plugin. -->","yoast_head_json":{"title":"Wohnwagen Deko f\u00fcr den liebevollen Stellplatz - Schlanser Magazin","description":"Liebevolle Wohnwagen-Deko macht jeden Campingurlaub gem\u00fctlicher \u2714 Das Schlanser Magazin berichtet \u00fcber Heimat auf R\u00e4dern und heimelige Wohngef\u00fchle!","robots":{"index":"index","follow":"follow","max-snippet":"max-snippet:-1","max-image-preview":"max-image-preview:large","max-video-preview":"max-video-preview:-1"},"canonical":"https:\/\/www.schlanser.ch\/magazin\/wohnwagen-deko-fuer-den-liebevollen-stellplatz\/","og_locale":"de_DE","og_type":"article","og_title":"Wohnwagen Deko f\u00fcr den liebevollen Stellplatz - Schlanser Magazin","og_description":"Liebevolle Wohnwagen-Deko macht jeden Campingurlaub gem\u00fctlicher \u2714 Das Schlanser Magazin berichtet \u00fcber Heimat auf R\u00e4dern und heimelige Wohngef\u00fchle!","og_url":"https:\/\/www.schlanser.ch\/magazin\/wohnwagen-deko-fuer-den-liebevollen-stellplatz\/","og_site_name":"Schlanser Magazin","article_published_time":"2021-12-16T13:10:46+00:00","article_modified_time":"2021-12-16T13:20:39+00:00","og_image":[{"width":620,"height":392,"url":"https:\/\/www.schlanser.ch\/magazin\/wp-content\/uploads\/2023\/12\/Wohnmobil-Stellplatz-2.jpg","type":"image\/jpeg"}],"author":"admin","twitter_card":"summary_large_image","twitter_misc":{"Verfasst von":"admin","Gesch\u00e4tzte Lesezeit":"5 Minuten"},"schema":{"@context":"https:\/\/schema.org","@graph":[{"@type":"WebPage","@id":"https:\/\/www.schlanser.ch\/magazin\/wohnwagen-deko-fuer-den-liebevollen-stellplatz\/","url":"https:\/\/www.schlanser.ch\/magazin\/wohnwagen-deko-fuer-den-liebevollen-stellplatz\/","name":"Wohnwagen Deko f\u00fcr den liebevollen Stellplatz - Schlanser Magazin","isPartOf":{"@id":"https:\/\/www.schlanser.ch\/magazin\/#website"},"primaryImageOfPage":{"@id":"https:\/\/www.schlanser.ch\/magazin\/wohnwagen-deko-fuer-den-liebevollen-stellplatz\/#primaryimage"},"image":{"@id":"https:\/\/www.schlanser.ch\/magazin\/wohnwagen-deko-fuer-den-liebevollen-stellplatz\/#primaryimage"},"thumbnailUrl":"https:\/\/www.schlanser.ch\/magazin\/wp-content\/uploads\/2023\/12\/Wohnmobil-Stellplatz-2.jpg","datePublished":"2021-12-16T13:10:46+00:00","dateModified":"2021-12-16T13:20:39+00:00","author":{"@id":"https:\/\/www.schlanser.ch\/magazin\/#\/schema\/person\/000db0a103eb2594ba3daf394b1dfea2"},"description":"Liebevolle Wohnwagen-Deko macht jeden Campingurlaub gem\u00fctlicher \u2714 Das Schlanser Magazin berichtet \u00fcber Heimat auf R\u00e4dern und heimelige Wohngef\u00fchle!","breadcrumb":{"@id":"https:\/\/www.schlanser.ch\/magazin\/wohnwagen-deko-fuer-den-liebevollen-stellplatz\/#breadcrumb"},"inLanguage":"de-DE","potentialAction":[{"@type":"ReadAction","target":["https:\/\/www.schlanser.ch\/magazin\/wohnwagen-deko-fuer-den-liebevollen-stellplatz\/"]}]},{"@type":"ImageObject","inLanguage":"de-DE","@id":"https:\/\/www.schlanser.ch\/magazin\/wohnwagen-deko-fuer-den-liebevollen-stellplatz\/#primaryimage","url":"https:\/\/www.schlanser.ch\/magazin\/wp-content\/uploads\/2023\/12\/Wohnmobil-Stellplatz-2.jpg","contentUrl":"https:\/\/www.schlanser.ch\/magazin\/wp-content\/uploads\/2023\/12\/Wohnmobil-Stellplatz-2.jpg","width":620,"height":392,"caption":"\u00a9 Larry D Crain - stock.adobe.com"},{"@type":"BreadcrumbList","@id":"https:\/\/www.schlanser.ch\/magazin\/wohnwagen-deko-fuer-den-liebevollen-stellplatz\/#breadcrumb","itemListElement":[{"@type":"ListItem","position":1,"name":"Startseite","item":"https:\/\/www.schlanser.ch\/magazin\/"},{"@type":"ListItem","position":2,"name":"Wohnwagen Deko f\u00fcr den liebevollen Stellplatz"}]},{"@type":"WebSite","@id":"https:\/\/www.schlanser.ch\/magazin\/#website","url":"https:\/\/www.schlanser.ch\/magazin\/","name":"Schlanser Magazin","description":"","potentialAction":[{"@type":"SearchAction","target":{"@type":"EntryPoint","urlTemplate":"https:\/\/www.schlanser.ch\/magazin\/?s={search_term_string}"},"query-input":"required name=search_term_string"}],"inLanguage":"de-DE"},{"@type":"Person","@id":"https:\/\/www.schlanser.ch\/magazin\/#\/schema\/person\/000db0a103eb2594ba3daf394b1dfea2","name":"admin","image":{"@type":"ImageObject","inLanguage":"de-DE","@id":"https:\/\/www.schlanser.ch\/magazin\/#\/schema\/person\/image\/","url":"https:\/\/secure.gravatar.com\/avatar\/a794a4fe8a9b9c52241597eb381dfa2e?s=96&d=mm&r=g","contentUrl":"https:\/\/secure.gravatar.com\/avatar\/a794a4fe8a9b9c52241597eb381dfa2e?s=96&d=mm&r=g","caption":"admin"}}]}},"_links":{"self":[{"href":"https:\/\/www.schlanser.ch\/magazin\/wp-json\/wp\/v2\/posts\/13791"}],"collection":[{"href":"https:\/\/www.schlanser.ch\/magazin\/wp-json\/wp\/v2\/posts"}],"about":[{"href":"https:\/\/www.schlanser.ch\/magazin\/wp-json\/wp\/v2\/types\/post"}],"author":[{"embeddable":true,"href":"https:\/\/www.schlanser.ch\/magazin\/wp-json\/wp\/v2\/users\/1"}],"replies":[{"embeddable":true,"href":"https:\/\/www.schlanser.ch\/magazin\/wp-json\/wp\/v2\/comments?post=13791"}],"version-history":[{"count":19,"href":"https:\/\/www.schlanser.ch\/magazin\/wp-json\/wp\/v2\/posts\/13791\/revisions"}],"predecessor-version":[{"id":13821,"href":"https:\/\/www.schlanser.ch\/magazin\/wp-json\/wp\/v2\/posts\/13791\/revisions\/13821"}],"wp:featuredmedia":[{"embeddable":true,"href":"https:\/\/www.schlanser.ch\/magazin\/wp-json\/wp\/v2\/media\/13815"}],"wp:attachment":[{"href":"https:\/\/www.schlanser.ch\/magazin\/wp-json\/wp\/v2\/media?parent=13791"}],"wp:term":[{"taxonomy":"category","embeddable":true,"href":"https:\/\/www.schlanser.ch\/magazin\/wp-json\/wp\/v2\/categories?post=13791"},{"taxonomy":"post_tag","embeddable":true,"href":"https:\/\/www.schlanser.ch\/magazin\/wp-json\/wp\/v2\/tags?post=13791"}],"curies":[{"name":"wp","href":"https:\/\/api.w.org\/{rel}","templated":true}]}}