{"id":14029,"date":"2022-02-10T09:36:57","date_gmt":"2022-02-10T08:36:57","guid":{"rendered":"https:\/\/www.schlanser.ch\/magazin\/?p=14029"},"modified":"2024-06-17T18:03:19","modified_gmt":"2024-06-17T16:03:19","slug":"velotraeger-vorschriften-schweiz","status":"publish","type":"post","link":"https:\/\/www.schlanser.ch\/magazin\/velotraeger-vorschriften-schweiz\/","title":{"rendered":"Alles zu Velotr\u00e4ger Vorschriften in der Schweiz"},"content":{"rendered":"<h2>\u00ab Passende Produkte und worauf Sie achten m\u00fcssen! \u00bb<\/h2>\n<p style=\"text-align: justify;\"><strong>Mit dem Velo in die Ferien \u2013 einfach sofort mobil sein und den Camper am Stellplatz lassen. Wenn die Velos dabei sind, ist der Alltag easy. Doch wie transportieren Sie diese sicher bis zum Ferienort? Lesen Sie hier alles zu <\/strong><a href=\"https:\/\/www.schlanser.ch\/fahrzeug\/wohnwagen-wohnmobil-zubehoer\/fahrradtraeger\/\"><strong>Velotr\u00e4gern<\/strong><\/a><strong>, Vorschriften und passenden L\u00f6sungen f\u00fcr Sie.<\/strong><\/p>\n<h2>Welche Velotr\u00e4ger-Vorschriften in der Schweiz gibt es?<\/h2>\n<p>F\u00fcnf Arten von Velotr\u00e4gern lassen sich unterscheiden:<\/p>\n<h3>1. Hecktr\u00e4ger-Systeme<\/h3>\n<p style=\"text-align: justify;\">Sie sind oft auf den Fahrzeugtyp festgelegt und m\u00fcssen daher gut ausgew\u00e4hlt werden. Hecktr\u00e4ger bieten eine einigermassen bequeme Montage der Velos, die insbesondere durch Aufschiebhilfen noch erleichtert werden kann.<\/p>\n<p><img loading=\"lazy\" decoding=\"async\" class=\"aligncenter wp-image-14065 size-full\" title=\"Thule OutWay Platform 2 Hecktr\u00e4ger Fahrradtr\u00e4ger\" src=\"https:\/\/www.schlanser.ch\/magazin\/wp-content\/uploads\/2022\/04\/Thule-OutWay-Platform-2-Hecktraeger-Fahrradtraeger.jpg\" alt=\"Thule OutWay Platform 2 Hecktraeger Fahrradtraeger\" width=\"600\" height=\"540\" srcset=\"https:\/\/www.schlanser.ch\/magazin\/wp-content\/uploads\/2022\/04\/Thule-OutWay-Platform-2-Hecktraeger-Fahrradtraeger.jpg 600w, https:\/\/www.schlanser.ch\/magazin\/wp-content\/uploads\/2022\/04\/Thule-OutWay-Platform-2-Hecktraeger-Fahrradtraeger-300x270.jpg 300w\" sizes=\"(max-width: 600px) 100vw, 600px\" \/><\/p>\n<h3>2. Tr\u00e4ger f\u00fcr die Anh\u00e4ngerkupplung<\/h3>\n<p style=\"text-align: justify;\">Diese Velotr\u00e4ger werden einfach auf dem sauberen Kugelkopf der Anh\u00e4ngerkupplung montiert. Die Velotr\u00e4ger-Vorschriften sehen vor, dass die St\u00fctzlast der Anh\u00e4ngerkupplung beachtet werden muss. Ein Nachr\u00fcsten auf ein weiteres Velo ist oft m\u00f6glich, indem <a href=\"https:\/\/www.schlanser.ch\/fahrzeug\/wohnwagen-wohnmobil-zubehoer\/fahrradtraeger-zubehoer\/\">Zusatzschienen<\/a> angebaut werden.<\/p>\n<p><a href=\"https:\/\/www.schlanser.ch\/fahrzeug\/wohnwagen-wohnmobil-zubehoer\/fahrradtraeger\/159643\/eufab-fahrradtraeger-anhaengerkupplung-jake\" class=\"broken_link\"><img loading=\"lazy\" decoding=\"async\" class=\"aligncenter wp-image-14073 size-full\" title=\"Eufab Fahrradtr\u00e4ger Anh\u00e4ngerkupplung Jake\" src=\"https:\/\/www.schlanser.ch\/magazin\/wp-content\/uploads\/2022\/04\/Eufab-Fahrradtraeger-Anhaengerkupplung-Jake.jpg\" alt=\"Eufab Fahrradtraeger Anhaengerkupplung Jake\" width=\"650\" height=\"406\" srcset=\"https:\/\/www.schlanser.ch\/magazin\/wp-content\/uploads\/2022\/04\/Eufab-Fahrradtraeger-Anhaengerkupplung-Jake.jpg 650w, https:\/\/www.schlanser.ch\/magazin\/wp-content\/uploads\/2022\/04\/Eufab-Fahrradtraeger-Anhaengerkupplung-Jake-300x187.jpg 300w\" sizes=\"(max-width: 650px) 100vw, 650px\" \/><\/a><\/p>\n<h3>3. Dachgep\u00e4cktr\u00e4ger<\/h3>\n<p style=\"text-align: justify;\">Die Montage der Zweir\u00e4der auf dem Dach ist unbequem und m\u00fchsam. Das Fahrverhalten \u00e4ndert sich, daf\u00fcr ist der Dachtr\u00e4ger f\u00fcr Velos g\u00fcnstig in der Anschaffung. Wer die M\u00fche nicht scheut, kann diese Variante getrost w\u00e4hlen.<\/p>\n<p><img loading=\"lazy\" decoding=\"async\" class=\"aligncenter wp-image-14067 size-full\" title=\"Thule ProBar Flex Dachtr\u00e4ger f\u00fcr Transporter Low\" src=\"https:\/\/www.schlanser.ch\/magazin\/wp-content\/uploads\/2022\/04\/Thule-ProBar-Flex-Dachtraeger-fuer-Transporter-Low.jpg\" alt=\"Thule ProBar Flex Dachtraeger fuer Transporter Low\" width=\"600\" height=\"350\" srcset=\"https:\/\/www.schlanser.ch\/magazin\/wp-content\/uploads\/2022\/04\/Thule-ProBar-Flex-Dachtraeger-fuer-Transporter-Low.jpg 600w, https:\/\/www.schlanser.ch\/magazin\/wp-content\/uploads\/2022\/04\/Thule-ProBar-Flex-Dachtraeger-fuer-Transporter-Low-300x175.jpg 300w\" sizes=\"(max-width: 600px) 100vw, 600px\" \/><\/p>\n<h3>4. Velotr\u00e4ger f\u00fcr die Deichsel<\/h3>\n<p style=\"text-align: justify;\">Am Wohnwagen bietet sich die Deichsel als Ort f\u00fcr die Velohalterung an. F\u00fcr den sicheren Transport gibt es spezielle Befestigungsschienen f\u00fcr diesen Bereich am Wohnwagen. Es gibt hier sogar klappbare Varianten, sodass der Zugang zum Gaskasten gegeben ist.<\/p>\n<p><a href=\"https:\/\/www.schlanser.ch\/fahrzeug\/wohnwagen-wohnmobil-zubehoer\/fahrradtraeger\/210422\/las-fahrradtraeger-fuer-die-deichsel-bc260\" class=\"broken_link\"><img loading=\"lazy\" decoding=\"async\" class=\"aligncenter wp-image-14071 size-full\" title=\"LAS Fahrradtr\u00e4ger f\u00fcr die Deichsel BC260\" src=\"https:\/\/www.schlanser.ch\/magazin\/wp-content\/uploads\/2022\/04\/LAS-Fahrradtraeger-fuer-die-Deichsel-BC260.jpg\" alt=\"LAS Fahrradtraeger fuer die Deichsel BC260\" width=\"650\" height=\"406\" srcset=\"https:\/\/www.schlanser.ch\/magazin\/wp-content\/uploads\/2022\/04\/LAS-Fahrradtraeger-fuer-die-Deichsel-BC260.jpg 650w, https:\/\/www.schlanser.ch\/magazin\/wp-content\/uploads\/2022\/04\/LAS-Fahrradtraeger-fuer-die-Deichsel-BC260-300x187.jpg 300w\" sizes=\"(max-width: 650px) 100vw, 650px\" \/><\/a><\/p>\n<h3>5. Velotr\u00e4ger f\u00fcr beste Ladungssicherung in der Wohnmobil-Garage<\/h3>\n<p style=\"text-align: justify;\">Die fachgerechte Ladungssicherung auch im Fahrzeuginneren geh\u00f6rt zu den Pflichten des Fahrzeugf\u00fchrers. Mithilfe eines Tr\u00e4gers f\u00fcr die Wohnmobilgarage gelingt dies m\u00fchelos.<\/p>\n<h2>Tipps zur Auswahl Ihres Velotr\u00e4gers \u2013 Passen muss es!<\/h2>\n<p style=\"text-align: justify;\">Wie viele Velos m\u00f6chten Sie transportieren und wie schwer sind diese? E-Bikes sind deutlich schwerer als Rennvelos, ein Velotr\u00e4ger muss passend ausgelegt sein. Zudem sollte das Tr\u00e4gersystem zum Fahrzeug passen. W\u00fcnschen Sie sich einen Heckklappentr\u00e4ger, so k\u00f6nnen Sie einfach in der \u00dcbersicht des Herstellers nachschauen, ob Ihr Fahrzeugmodell zum jeweiligen Tr\u00e4ger passt.<\/p>\n<p><img loading=\"lazy\" decoding=\"async\" class=\"aligncenter wp-image-14063 size-full\" title=\"Fiamma Carry Bike Pro C E-Bike Fahrradtr\u00e4ger\" src=\"https:\/\/www.schlanser.ch\/magazin\/wp-content\/uploads\/2022\/04\/Fiamma-Carry-Bike-Pro-C-E-Bike-Fahrradtraeger.jpg\" alt=\"Fiamma Carry Bike Pro C E-Bike Fahrradtraeger\" width=\"650\" height=\"406\" srcset=\"https:\/\/www.schlanser.ch\/magazin\/wp-content\/uploads\/2022\/04\/Fiamma-Carry-Bike-Pro-C-E-Bike-Fahrradtraeger.jpg 650w, https:\/\/www.schlanser.ch\/magazin\/wp-content\/uploads\/2022\/04\/Fiamma-Carry-Bike-Pro-C-E-Bike-Fahrradtraeger-300x187.jpg 300w\" sizes=\"(max-width: 650px) 100vw, 650px\" \/><\/p>\n<p style=\"text-align: justify;\">Auch die Art der Klemmvorrichtung sollte bedacht werden, damit Ihr Velorahmen nicht besch\u00e4digt wird. Nachstellbarkeit, einfache Bedienbarkeit und bei schweren Velos Auffahrrampen oder niedrige Hubh\u00f6he sind hier die wichtigsten Aspekte.<\/p>\n<h2>Tipps f\u00fcr den sicheren Transport \u2013 Velotr\u00e4ger-Vorschriften erf\u00fcllen<\/h2>\n<ol>\n<li>Beachten Sie die Bedienungsanleitung. Hier finden Sie Informationen \u00fcber die zul\u00e4ssige Gewichtszuladung, zur empfohlenen H\u00f6chstgeschwindigkeit und weiteren Vorschriften.<\/li>\n<li>Alles, was nicht dauerhaft am Velo fixiert ist, wie Luftpumpe oder Stecklampen, sollten Sie vor der Fahrt abnehmen und sicher verstauen.<\/li>\n<li>Falls der Tr\u00e4ger eigene Lichter hat, pr\u00fcfen Sie die Funktion vor Fahrtantritt.<\/li>\n<li>Nach 50 km Fahrt sollten Sie nochmals \u00fcberpr\u00fcfen, ob sich etwas gelockert hat oder wackelt.<\/li>\n<\/ol>\n<h2>Welche Velotr\u00e4ger-Vorschriften gibt es in der Schweiz?<\/h2>\n<h3>In der Schweiz gelten klare Velotr\u00e4ger-Vorschriften:<\/h3>\n<p style=\"text-align: justify;\">Bremsleuchten und Nummernschilder m\u00fcssen immer sichtbar sein. Gegebenenfalls ben\u00f6tigen Sie ein drittes Nummernschild oder <a href=\"https:\/\/www.schlanser.ch\/fahrzeug\/wohnwagen-wohnmobil-zubehoer\/fahrzeugbeleuchtung\/\">zus\u00e4tzliche Bremsbeleuchtung<\/a> f\u00fcr den Tr\u00e4ger.<\/p>\n<p><a href=\"https:\/\/www.schlanser.ch\/fahrzeug\/wohnwagen-wohnmobil-zubehoer\/fahrradtraeger-zubehoer\/210958\/aluminium-warntafel-2-in-1-italien\/spanien\"><img loading=\"lazy\" decoding=\"async\" class=\"aligncenter wp-image-14035 size-full\" title=\"Aluminium Warntafel 2-in-1 Italien \/ Spanien\" src=\"https:\/\/www.schlanser.ch\/magazin\/wp-content\/uploads\/2022\/04\/Aluminium-Warntafel-2-in-1-Italien-Spanien.jpg\" alt=\"Aluminium Warntafel 2-in-1 Italien Spanien\" width=\"600\" height=\"430\" srcset=\"https:\/\/www.schlanser.ch\/magazin\/wp-content\/uploads\/2022\/04\/Aluminium-Warntafel-2-in-1-Italien-Spanien.jpg 600w, https:\/\/www.schlanser.ch\/magazin\/wp-content\/uploads\/2022\/04\/Aluminium-Warntafel-2-in-1-Italien-Spanien-300x215.jpg 300w\" sizes=\"(max-width: 600px) 100vw, 600px\" \/><\/a><\/p>\n<p style=\"text-align: justify;\">Durch eine spezielle Warntafel muss der Fahrradtr\u00e4ger in der Schweiz nicht gekennzeichnet sein, wohl aber f\u00fcr Reisen durch Italien oder Spanien. Statten Sie sich also mit einer Warntafel aus, falls diese Ziele auf Ihrer Reiseroute stehen.<\/p>\n<p><a href=\"https:\/\/www.schlanser.ch\/fahrzeug\/wohnwagen-wohnmobil-zubehoer\/schutzhuellen-planen\/22785\/hindermann-bikehuelle-basic-zwoo-3\"><img loading=\"lazy\" decoding=\"async\" class=\"aligncenter wp-image-14042 size-full\" title=\"Hindermann Bikeh\u00fclle Basic Zwoo 3\" src=\"https:\/\/www.schlanser.ch\/magazin\/wp-content\/uploads\/2022\/04\/Hindermann-Bikehuelle-Basic-Zwoo-3.jpg\" alt=\"Hindermann Bikehuelle Basic Zwoo 3\" width=\"600\" height=\"672\" srcset=\"https:\/\/www.schlanser.ch\/magazin\/wp-content\/uploads\/2022\/04\/Hindermann-Bikehuelle-Basic-Zwoo-3.jpg 600w, https:\/\/www.schlanser.ch\/magazin\/wp-content\/uploads\/2022\/04\/Hindermann-Bikehuelle-Basic-Zwoo-3-268x300.jpg 268w\" sizes=\"(max-width: 600px) 100vw, 600px\" \/><\/a><\/p>\n<p style=\"text-align: justify;\">In der Schweiz muss eine \u00fcberstehende Ladung erst ab einem Meter \u00fcber das Fahrzeug hinaus gekennzeichnet werden. Dann sind tags\u00fcber Wimpel oder Tafeln, bei Dunkelheit eine zus\u00e4tzliche Beleuchtung vorgeschrieben. Die maximale Breite der geladenen Velos betr\u00e4gt 2 m, pro Seite darf das Fahrzeug um 20 cm \u00fcberragt werden.<\/p>\n<h3>Tempolimit f\u00fcr Fahrradtr\u00e4ger nach Herstellervorgabe<\/h3>\n<p style=\"text-align: justify;\">Zu den Velotr\u00e4ger-Vorschriften geh\u00f6rt kein spezielles Tempolimit f\u00fcr das Fahren mit Fahrradtr\u00e4ger. Der TCS hat das gut erkl\u00e4rt:<\/p>\n<div class=\"box note  \"><div class=\"box-inner-block\"><i class=\"fa tie-shortcode-boxicon\"><\/i>\n\t\t\tVelotr\u00e4ger Vorschriften in der Schweiz entsprechen den allgemeinen Vorgaben f\u00fcr alle Fahrzeuge: es gilt die H\u00f6chstgeschwindigkeit von 120 km\/h.\n\t\t\t<\/div><\/div>\n<p style=\"text-align: justify;\">Falls Herstellerangaben zur H\u00f6chstgeschwindigkeit abweichen, so liegt das an der Produkthaftung. W\u00fcnschen Sie eine Gew\u00e4hrleistung im Schadensfall, sollten Sie unbedingt das Tempolimit f\u00fcr Fahrradtr\u00e4ger nach Herstellervorgabe beachten. Bei \u00dcberschreitung der dort angegebenen H\u00f6chstgeschwindigkeit verstossen Sie jedoch nicht gegen Velotr\u00e4ger-Vorschriften, haben also kein Bussgeld zu erwarten.<\/p>\n<figure id=\"attachment_14077\" aria-describedby=\"caption-attachment-14077\" style=\"width: 650px\" class=\"wp-caption aligncenter\"><img loading=\"lazy\" decoding=\"async\" class=\"wp-image-14077 size-full\" title=\"Mit dem Fahrradtr\u00e4ger auf der Autobahn\" src=\"https:\/\/www.schlanser.ch\/magazin\/wp-content\/uploads\/2022\/04\/fahrradtraeger-autobahn.jpg\" alt=\"fahrradtraeger-autobahn\" width=\"650\" height=\"415\" srcset=\"https:\/\/www.schlanser.ch\/magazin\/wp-content\/uploads\/2022\/04\/fahrradtraeger-autobahn.jpg 650w, https:\/\/www.schlanser.ch\/magazin\/wp-content\/uploads\/2022\/04\/fahrradtraeger-autobahn-300x192.jpg 300w\" sizes=\"(max-width: 650px) 100vw, 650px\" \/><figcaption id=\"caption-attachment-14077\" class=\"wp-caption-text\">\u00a9 v_tynka \u2013 stock.adobe.com<\/figcaption><\/figure>\n<h2>Bew\u00e4hrte Modelle \u2013 unsere Empfehlungen f\u00fcr passende Velotr\u00e4ger!<\/h2>\n<h3>Die Anh\u00e4ngerkupplung f\u00fcr Velos nutzen \u2013 die Eufab-, Thule- und Atera-Velotr\u00e4ger<\/h3>\n<p style=\"text-align: justify;\">Verf\u00fcgt Ihr Fahrzeug \u00fcber eine Anh\u00e4ngerkupplung, ist dies der einfache Weg, um Velos zu transportieren. Gute Erfahrungen wurden mit den Premium-Fahrradtr\u00e4gern von Eufab gemacht. Hier gibt es leichtere Varianten aus Aluminium und Kunststoff, sowie stabilere Modelle aus Stahl. Der Clou: Die hohe maximale Tragkraft wird erg\u00e4nzt durch eine kompakte Verstauungsm\u00f6glichkeit, denn der Fahrradtr\u00e4ger ist klappbar. Mit der passenden Schutzh\u00fclle wird er einfach in der Garage schonend verstaut.<\/p>\n<p><img loading=\"lazy\" decoding=\"async\" class=\"aligncenter wp-image-14045 size-full\" title=\"Eufab Fahrradtr\u00e4ger Anh\u00e4ngerkupplung Premium TG\" src=\"https:\/\/www.schlanser.ch\/magazin\/wp-content\/uploads\/2022\/04\/Eufab-Fahrradtraeger-Anhaengerkupplung-Premium-TG.jpg\" alt=\"Eufab Fahrradtraeger Anhaengerkupplung Premium TG velotraeger-vorschriften-schweiz\" width=\"700\" height=\"438\" srcset=\"https:\/\/www.schlanser.ch\/magazin\/wp-content\/uploads\/2022\/04\/Eufab-Fahrradtraeger-Anhaengerkupplung-Premium-TG.jpg 700w, https:\/\/www.schlanser.ch\/magazin\/wp-content\/uploads\/2022\/04\/Eufab-Fahrradtraeger-Anhaengerkupplung-Premium-TG-300x188.jpg 300w\" sizes=\"(max-width: 700px) 100vw, 700px\" \/><\/p>\n<p style=\"text-align: justify;\">Auch der Atera Velotr\u00e4ger f\u00fcr die Anh\u00e4ngerkupplung hat Vorteile. Durch die Kipp- und Schwenkfunktion im beladenen Zustand bleibt der Kofferraum sogar bei Vans zug\u00e4nglich.<\/p>\n<p><a href=\"https:\/\/www.schlanser.ch\/fahrzeug\/wohnwagen-wohnmobil-zubehoer\/fahrradtraeger\/170620\/atera-fahrradtraeger-strada-dl-3\"><img loading=\"lazy\" decoding=\"async\" class=\"aligncenter wp-image-14049 size-full\" title=\"Atera Fahrradtr\u00e4ger Strada DL 3\" src=\"https:\/\/www.schlanser.ch\/magazin\/wp-content\/uploads\/2022\/04\/Atera-Fahrradtraeger-Strada-DL-3.jpg\" alt=\"Atera Fahrradtraeger Strada DL 3\" width=\"600\" height=\"375\" srcset=\"https:\/\/www.schlanser.ch\/magazin\/wp-content\/uploads\/2022\/04\/Atera-Fahrradtraeger-Strada-DL-3.jpg 600w, https:\/\/www.schlanser.ch\/magazin\/wp-content\/uploads\/2022\/04\/Atera-Fahrradtraeger-Strada-DL-3-300x188.jpg 300w\" sizes=\"(max-width: 600px) 100vw, 600px\" \/><\/a><\/p>\n<p style=\"text-align: justify;\">Ein Fahrradtr\u00e4ger von Thule l\u00e4sst sich bis 60 kg beladen und ist somit auch f\u00fcr E-Bikes geeignet. Durch die Kippfunktion bleibt der Kofferraum meist zug\u00e4nglich und die abgesenkte Plattform erleichtert die Beladung.<\/p>\n<p><img loading=\"lazy\" decoding=\"async\" class=\"aligncenter wp-image-14047 size-full\" title=\"Thule Fahrradtr\u00e4ger EasyFold XT 2B\" src=\"https:\/\/www.schlanser.ch\/magazin\/wp-content\/uploads\/2022\/04\/Thule-Fahrradtraeger-EasyFold-XT-2B.jpg\" alt=\"Thule Fahrradtraeger EasyFold XT 2B velotraeger-vorschriften-schweiz\" width=\"600\" height=\"444\" srcset=\"https:\/\/www.schlanser.ch\/magazin\/wp-content\/uploads\/2022\/04\/Thule-Fahrradtraeger-EasyFold-XT-2B.jpg 600w, https:\/\/www.schlanser.ch\/magazin\/wp-content\/uploads\/2022\/04\/Thule-Fahrradtraeger-EasyFold-XT-2B-300x222.jpg 300w\" sizes=\"(max-width: 600px) 100vw, 600px\" \/><\/p>\n<p style=\"text-align: justify;\">Beachten Sie, dass die L\u00e4nge des Fahrradtr\u00e4gers nach hinten raus zur Fahrzeugl\u00e4nge hinzugerechnet wird, sodass beispielsweise bei F\u00e4hrfahrten durch den Velotr\u00e4ger h\u00f6here Kosten entstehen.<\/p>\n<h3>Variante ohne Anh\u00e4ngerkupplung: Heckklappentr\u00e4ger<\/h3>\n<p style=\"text-align: justify;\">In der Gruppe der Heckklappentr\u00e4ger empfehlen wir die EuroCarry Fahrradtr\u00e4ger. Diese lassen sich bei Bedarf am passenden Fahrzeug montieren und einfach wieder abnehmen.<\/p>\n<p><img loading=\"lazy\" decoding=\"async\" class=\"aligncenter wp-image-14051 size-full\" title=\"Fahrradtr\u00e4ger Nuevo\" src=\"https:\/\/www.schlanser.ch\/magazin\/wp-content\/uploads\/2022\/04\/Fahrradtraeger-Nuevo.jpg\" alt=\"Fahrradtraeger Nuevo velotraeger-vorschriften-schweiz\" width=\"600\" height=\"580\" srcset=\"https:\/\/www.schlanser.ch\/magazin\/wp-content\/uploads\/2022\/04\/Fahrradtraeger-Nuevo.jpg 600w, https:\/\/www.schlanser.ch\/magazin\/wp-content\/uploads\/2022\/04\/Fahrradtraeger-Nuevo-300x290.jpg 300w\" sizes=\"(max-width: 600px) 100vw, 600px\" \/><\/p>\n<p style=\"text-align: justify;\">F\u00fcr Kastenwagen und insbesondere bei schweren Velos empfehlen wir den EuroCarry Fahrradtr\u00e4ger Nuevo, der auch modellgerecht ausgew\u00e4hlt werden muss. Der Fahrradtr\u00e4ger wird fest mit dem Fahrzeugheck verbaut und hat extra breite Auflagewinkel f\u00fcr noch h\u00f6here Tragkraft.<\/p>\n<h3>Die Deichsel als perfekter Ort f\u00fcr die Velos<\/h3>\n<p style=\"text-align: justify;\">Ziehen Sie mit Ihrem Fahrzeug einen Wohnwagen, k\u00f6nnen Sie die Deichsel f\u00fcr den Velotransport nutzen. Sicher befestigt werden die Velos an Deichseltr\u00e4gern. Der Berger Premium Deichseltr\u00e4ger ist klappbar, damit auch der Gaskasten am Caravan zug\u00e4nglich bleibt.<\/p>\n<p><a href=\"https:\/\/www.schlanser.ch\/fahrzeug\/wohnwagen-wohnmobil-zubehoer\/fahrradtraeger\/1853\/berger-fahrradtraeger-premium\"><img loading=\"lazy\" decoding=\"async\" class=\"aligncenter wp-image-14053 size-full\" title=\"Berger Fahrradtr\u00e4ger Premium\" src=\"https:\/\/www.schlanser.ch\/magazin\/wp-content\/uploads\/2022\/04\/Berger-Fahrradtraeger-Premium.jpg\" alt=\"Berger Fahrradtraeger Premium velotraeger-vorschriften-schweiz\" width=\"600\" height=\"600\" srcset=\"https:\/\/www.schlanser.ch\/magazin\/wp-content\/uploads\/2022\/04\/Berger-Fahrradtraeger-Premium.jpg 600w, https:\/\/www.schlanser.ch\/magazin\/wp-content\/uploads\/2022\/04\/Berger-Fahrradtraeger-Premium-300x300.jpg 300w, https:\/\/www.schlanser.ch\/magazin\/wp-content\/uploads\/2022\/04\/Berger-Fahrradtraeger-Premium-150x150.jpg 150w\" sizes=\"(max-width: 600px) 100vw, 600px\" \/><\/a><\/p>\n<p style=\"text-align: justify;\">Ebenso bei dem Deichseltr\u00e4ger von Fiamma, dessen Halteriemen \u00fcber Schnellspannvorrichtungen verf\u00fcgen, damit die Velos noch schneller befestigt und gel\u00f6st werden k\u00f6nnen.<\/p>\n<p><a href=\"https:\/\/www.schlanser.ch\/fahrzeug\/wohnwagen-wohnmobil-zubehoer\/fahrradtraeger\/291580\/fiamma-carry-bike-xl-a-pro-deichsel-fahrradtraeger\" class=\"broken_link\"><img loading=\"lazy\" decoding=\"async\" class=\"aligncenter wp-image-14056 size-full\" title=\"Fiamma Carry-Bike XL A Pro Deichsel Fahrradtr\u00e4ger\" src=\"https:\/\/www.schlanser.ch\/magazin\/wp-content\/uploads\/2022\/04\/Fiamma-Carry-Bike-XL-A-Pro-Deichsel-Fahrradtraeger.jpg\" alt=\"Fiamma Carry-Bike XL A Pro Deichsel Fahrradtraeger velotraeger-vorschriften-schweiz\" width=\"600\" height=\"518\" srcset=\"https:\/\/www.schlanser.ch\/magazin\/wp-content\/uploads\/2022\/04\/Fiamma-Carry-Bike-XL-A-Pro-Deichsel-Fahrradtraeger.jpg 600w, https:\/\/www.schlanser.ch\/magazin\/wp-content\/uploads\/2022\/04\/Fiamma-Carry-Bike-XL-A-Pro-Deichsel-Fahrradtraeger-300x259.jpg 300w\" sizes=\"(max-width: 600px) 100vw, 600px\" \/><\/a><\/p>\n<h2>Velotr\u00e4ger Zubeh\u00f6r, das wirklich Sinn macht<\/h2>\n<p style=\"text-align: justify;\">Mit einer Schutzh\u00fclle f\u00fcr Velos sch\u00fctzen Sie Ihre R\u00e4der vor Regen, Matsch und Steinschlag. Zum Beispiel ist die <a href=\"https:\/\/www.schlanser.ch\/fahrzeug\/wohnwagen-wohnmobil-zubehoer\/schutzhuellen-planen\/\">Berger Schutzh\u00fclle f\u00fcr Heckfahrradtr\u00e4ger<\/a> eine gute Wahl.<\/p>\n<p><img loading=\"lazy\" decoding=\"async\" class=\"aligncenter wp-image-14060 size-full\" title=\"Berger Fahrradschutzh\u00fclle Heck mit Tasche 300D\" src=\"https:\/\/www.schlanser.ch\/magazin\/wp-content\/uploads\/2022\/04\/Berger-Fahrradschutzhuelle-Heck-mit-Tasche-300D.jpg\" alt=\"Berger Fahrradschutzhuelle Heck mit Tasche 300D\" width=\"650\" height=\"406\" srcset=\"https:\/\/www.schlanser.ch\/magazin\/wp-content\/uploads\/2022\/04\/Berger-Fahrradschutzhuelle-Heck-mit-Tasche-300D.jpg 650w, https:\/\/www.schlanser.ch\/magazin\/wp-content\/uploads\/2022\/04\/Berger-Fahrradschutzhuelle-Heck-mit-Tasche-300D-300x187.jpg 300w\" sizes=\"(max-width: 650px) 100vw, 650px\" \/><\/p>\n<p style=\"text-align: justify;\">Die Fiamma Heckklappentr\u00e4ger lassen sich alternativ auch mit einer <a href=\"https:\/\/www.schlanser.ch\/fahrzeug\/wohnwagen-wohnmobil-zubehoer\/transportboxen-leitern\/\">Gep\u00e4ckbox<\/a> beladen. In die Fiamma Ultrabox erhalten Sie 500 Liter Stauraum zus\u00e4tzlich.<\/p>\n<p><img loading=\"lazy\" decoding=\"async\" class=\"aligncenter wp-image-14058 size-full\" title=\"Ultra-Box 320 (S)\" src=\"https:\/\/www.schlanser.ch\/magazin\/wp-content\/uploads\/2022\/04\/Ultra-Box-320-S.jpg\" alt=\"Ultra-Box 320 (S)\" width=\"600\" height=\"400\" srcset=\"https:\/\/www.schlanser.ch\/magazin\/wp-content\/uploads\/2022\/04\/Ultra-Box-320-S.jpg 600w, https:\/\/www.schlanser.ch\/magazin\/wp-content\/uploads\/2022\/04\/Ultra-Box-320-S-300x200.jpg 300w\" sizes=\"(max-width: 600px) 100vw, 600px\" \/><\/p>\n<h2>Der richtige Velotr\u00e4ger \u2013 das Schlanser Fazit<\/h2>\n<p style=\"text-align: justify;\">Der richtige Velotr\u00e4ger wird Ihnen lange Freude machen und garantiert Ihnen Mobilit\u00e4t am Reiseziel. Entdecken Sie die Highlights der Gegend mit Ihrem Drahtesel und geniessen Sie die Bewegung und die Gem\u00fctlichkeit beim Radeln ohne Zeitdruck und in guter Urlaubsstimmung.<\/p>\n","protected":false},"excerpt":{"rendered":"<p>\u00ab Passende Produkte und worauf Sie achten m\u00fcssen! \u00bb Mit dem Velo in die Ferien \u2013 einfach sofort mobil sein und den Camper am Stellplatz lassen. Wenn die Velos dabei sind, ist der Alltag easy. Doch wie transportieren Sie diese sicher bis zum Ferienort? Lesen Sie hier alles zu Velotr\u00e4gern, Vorschriften und passenden L\u00f6sungen f\u00fcr &hellip;<\/p>\n","protected":false},"author":1,"featured_media":14076,"comment_status":"closed","ping_status":"open","sticky":false,"template":"","format":"standard","meta":{"footnotes":""},"categories":[1],"tags":[1198,1202,18,536,1294,426,1982,292,1203,1200,1986,290,42,1987,1985,291,528,668,198,295,1679,1983,1981,1243,1984,23],"yoast_head":"<!-- This site is optimized with the Yoast SEO plugin v22.2 - https:\/\/yoast.com\/wordpress\/plugins\/seo\/ -->\n<title>Alles zu Velotr\u00e4ger Vorschriften in der Schweiz - Schlanser Magazin<\/title>\n<meta name=\"description\" content=\"Lesen Sie im Schlanser Magazin, welche \u2714 M\u00f6glichkeiten zur Befestigung von Velotr\u00e4gern bestehen &amp; welche Vorschriften in der Schweiz zu beachten sind!\" \/>\n<meta name=\"robots\" content=\"index, follow, max-snippet:-1, max-image-preview:large, max-video-preview:-1\" \/>\n<link rel=\"canonical\" href=\"https:\/\/www.schlanser.ch\/magazin\/velotraeger-vorschriften-schweiz\/\" \/>\n<meta property=\"og:locale\" content=\"de_DE\" \/>\n<meta property=\"og:type\" content=\"article\" \/>\n<meta property=\"og:title\" content=\"Alles zu Velotr\u00e4ger Vorschriften in der Schweiz - Schlanser Magazin\" \/>\n<meta property=\"og:description\" content=\"Lesen Sie im Schlanser Magazin, welche \u2714 M\u00f6glichkeiten zur Befestigung von Velotr\u00e4gern bestehen &amp; welche Vorschriften in der Schweiz zu beachten sind!\" \/>\n<meta property=\"og:url\" content=\"https:\/\/www.schlanser.ch\/magazin\/velotraeger-vorschriften-schweiz\/\" \/>\n<meta property=\"og:site_name\" content=\"Schlanser Magazin\" \/>\n<meta property=\"article:published_time\" content=\"2022-02-10T08:36:57+00:00\" \/>\n<meta property=\"article:modified_time\" content=\"2024-06-17T16:03:19+00:00\" \/>\n<meta property=\"og:image\" content=\"https:\/\/www.schlanser.ch\/magazin\/wp-content\/uploads\/2022\/04\/Alles-zu-Velotraeger-Vorschriften-in-der-Schweiz.jpg\" \/>\n\t<meta property=\"og:image:width\" content=\"800\" \/>\n\t<meta property=\"og:image:height\" content=\"533\" \/>\n\t<meta property=\"og:image:type\" content=\"image\/jpeg\" \/>\n<meta name=\"author\" content=\"admin\" \/>\n<meta name=\"twitter:card\" content=\"summary_large_image\" \/>\n<meta name=\"twitter:label1\" content=\"Verfasst von\" \/>\n\t<meta name=\"twitter:data1\" content=\"admin\" \/>\n\t<meta name=\"twitter:label2\" content=\"Gesch\u00e4tzte Lesezeit\" \/>\n\t<meta name=\"twitter:data2\" content=\"10 Minuten\" \/>\n<script type=\"application\/ld+json\" class=\"yoast-schema-graph\">{\"@context\":\"https:\/\/schema.org\",\"@graph\":[{\"@type\":\"WebPage\",\"@id\":\"https:\/\/www.schlanser.ch\/magazin\/velotraeger-vorschriften-schweiz\/\",\"url\":\"https:\/\/www.schlanser.ch\/magazin\/velotraeger-vorschriften-schweiz\/\",\"name\":\"Alles zu Velotr\u00e4ger Vorschriften in der Schweiz - Schlanser Magazin\",\"isPartOf\":{\"@id\":\"https:\/\/www.schlanser.ch\/magazin\/#website\"},\"primaryImageOfPage\":{\"@id\":\"https:\/\/www.schlanser.ch\/magazin\/velotraeger-vorschriften-schweiz\/#primaryimage\"},\"image\":{\"@id\":\"https:\/\/www.schlanser.ch\/magazin\/velotraeger-vorschriften-schweiz\/#primaryimage\"},\"thumbnailUrl\":\"https:\/\/www.schlanser.ch\/magazin\/wp-content\/uploads\/2022\/04\/Alles-zu-Velotraeger-Vorschriften-in-der-Schweiz.jpg\",\"datePublished\":\"2022-02-10T08:36:57+00:00\",\"dateModified\":\"2024-06-17T16:03:19+00:00\",\"author\":{\"@id\":\"https:\/\/www.schlanser.ch\/magazin\/#\/schema\/person\/000db0a103eb2594ba3daf394b1dfea2\"},\"description\":\"Lesen Sie im Schlanser Magazin, welche \u2714 M\u00f6glichkeiten zur Befestigung von Velotr\u00e4gern bestehen & welche Vorschriften in der Schweiz zu beachten sind!\",\"breadcrumb\":{\"@id\":\"https:\/\/www.schlanser.ch\/magazin\/velotraeger-vorschriften-schweiz\/#breadcrumb\"},\"inLanguage\":\"de-DE\",\"potentialAction\":[{\"@type\":\"ReadAction\",\"target\":[\"https:\/\/www.schlanser.ch\/magazin\/velotraeger-vorschriften-schweiz\/\"]}]},{\"@type\":\"ImageObject\",\"inLanguage\":\"de-DE\",\"@id\":\"https:\/\/www.schlanser.ch\/magazin\/velotraeger-vorschriften-schweiz\/#primaryimage\",\"url\":\"https:\/\/www.schlanser.ch\/magazin\/wp-content\/uploads\/2022\/04\/Alles-zu-Velotraeger-Vorschriften-in-der-Schweiz.jpg\",\"contentUrl\":\"https:\/\/www.schlanser.ch\/magazin\/wp-content\/uploads\/2022\/04\/Alles-zu-Velotraeger-Vorschriften-in-der-Schweiz.jpg\",\"width\":800,\"height\":533,\"caption\":\"\u00a9 zatevakhin \u2013 stock.adobe.com\"},{\"@type\":\"BreadcrumbList\",\"@id\":\"https:\/\/www.schlanser.ch\/magazin\/velotraeger-vorschriften-schweiz\/#breadcrumb\",\"itemListElement\":[{\"@type\":\"ListItem\",\"position\":1,\"name\":\"Startseite\",\"item\":\"https:\/\/www.schlanser.ch\/magazin\/\"},{\"@type\":\"ListItem\",\"position\":2,\"name\":\"Alles zu Velotr\u00e4ger Vorschriften in der Schweiz\"}]},{\"@type\":\"WebSite\",\"@id\":\"https:\/\/www.schlanser.ch\/magazin\/#website\",\"url\":\"https:\/\/www.schlanser.ch\/magazin\/\",\"name\":\"Schlanser Magazin\",\"description\":\"\",\"potentialAction\":[{\"@type\":\"SearchAction\",\"target\":{\"@type\":\"EntryPoint\",\"urlTemplate\":\"https:\/\/www.schlanser.ch\/magazin\/?s={search_term_string}\"},\"query-input\":\"required name=search_term_string\"}],\"inLanguage\":\"de-DE\"},{\"@type\":\"Person\",\"@id\":\"https:\/\/www.schlanser.ch\/magazin\/#\/schema\/person\/000db0a103eb2594ba3daf394b1dfea2\",\"name\":\"admin\",\"image\":{\"@type\":\"ImageObject\",\"inLanguage\":\"de-DE\",\"@id\":\"https:\/\/www.schlanser.ch\/magazin\/#\/schema\/person\/image\/\",\"url\":\"https:\/\/secure.gravatar.com\/avatar\/a794a4fe8a9b9c52241597eb381dfa2e?s=96&d=mm&r=g\",\"contentUrl\":\"https:\/\/secure.gravatar.com\/avatar\/a794a4fe8a9b9c52241597eb381dfa2e?s=96&d=mm&r=g\",\"caption\":\"admin\"}}]}<\/script>\n<!-- \/ Yoast SEO plugin. -->","yoast_head_json":{"title":"Alles zu Velotr\u00e4ger Vorschriften in der Schweiz - Schlanser Magazin","description":"Lesen Sie im Schlanser Magazin, welche \u2714 M\u00f6glichkeiten zur Befestigung von Velotr\u00e4gern bestehen & welche Vorschriften in der Schweiz zu beachten sind!","robots":{"index":"index","follow":"follow","max-snippet":"max-snippet:-1","max-image-preview":"max-image-preview:large","max-video-preview":"max-video-preview:-1"},"canonical":"https:\/\/www.schlanser.ch\/magazin\/velotraeger-vorschriften-schweiz\/","og_locale":"de_DE","og_type":"article","og_title":"Alles zu Velotr\u00e4ger Vorschriften in der Schweiz - Schlanser Magazin","og_description":"Lesen Sie im Schlanser Magazin, welche \u2714 M\u00f6glichkeiten zur Befestigung von Velotr\u00e4gern bestehen & welche Vorschriften in der Schweiz zu beachten sind!","og_url":"https:\/\/www.schlanser.ch\/magazin\/velotraeger-vorschriften-schweiz\/","og_site_name":"Schlanser Magazin","article_published_time":"2022-02-10T08:36:57+00:00","article_modified_time":"2024-06-17T16:03:19+00:00","og_image":[{"width":800,"height":533,"url":"https:\/\/www.schlanser.ch\/magazin\/wp-content\/uploads\/2022\/04\/Alles-zu-Velotraeger-Vorschriften-in-der-Schweiz.jpg","type":"image\/jpeg"}],"author":"admin","twitter_card":"summary_large_image","twitter_misc":{"Verfasst von":"admin","Gesch\u00e4tzte Lesezeit":"10 Minuten"},"schema":{"@context":"https:\/\/schema.org","@graph":[{"@type":"WebPage","@id":"https:\/\/www.schlanser.ch\/magazin\/velotraeger-vorschriften-schweiz\/","url":"https:\/\/www.schlanser.ch\/magazin\/velotraeger-vorschriften-schweiz\/","name":"Alles zu Velotr\u00e4ger Vorschriften in der Schweiz - Schlanser Magazin","isPartOf":{"@id":"https:\/\/www.schlanser.ch\/magazin\/#website"},"primaryImageOfPage":{"@id":"https:\/\/www.schlanser.ch\/magazin\/velotraeger-vorschriften-schweiz\/#primaryimage"},"image":{"@id":"https:\/\/www.schlanser.ch\/magazin\/velotraeger-vorschriften-schweiz\/#primaryimage"},"thumbnailUrl":"https:\/\/www.schlanser.ch\/magazin\/wp-content\/uploads\/2022\/04\/Alles-zu-Velotraeger-Vorschriften-in-der-Schweiz.jpg","datePublished":"2022-02-10T08:36:57+00:00","dateModified":"2024-06-17T16:03:19+00:00","author":{"@id":"https:\/\/www.schlanser.ch\/magazin\/#\/schema\/person\/000db0a103eb2594ba3daf394b1dfea2"},"description":"Lesen Sie im Schlanser Magazin, welche \u2714 M\u00f6glichkeiten zur Befestigung von Velotr\u00e4gern bestehen & welche Vorschriften in der Schweiz zu beachten sind!","breadcrumb":{"@id":"https:\/\/www.schlanser.ch\/magazin\/velotraeger-vorschriften-schweiz\/#breadcrumb"},"inLanguage":"de-DE","potentialAction":[{"@type":"ReadAction","target":["https:\/\/www.schlanser.ch\/magazin\/velotraeger-vorschriften-schweiz\/"]}]},{"@type":"ImageObject","inLanguage":"de-DE","@id":"https:\/\/www.schlanser.ch\/magazin\/velotraeger-vorschriften-schweiz\/#primaryimage","url":"https:\/\/www.schlanser.ch\/magazin\/wp-content\/uploads\/2022\/04\/Alles-zu-Velotraeger-Vorschriften-in-der-Schweiz.jpg","contentUrl":"https:\/\/www.schlanser.ch\/magazin\/wp-content\/uploads\/2022\/04\/Alles-zu-Velotraeger-Vorschriften-in-der-Schweiz.jpg","width":800,"height":533,"caption":"\u00a9 zatevakhin \u2013 stock.adobe.com"},{"@type":"BreadcrumbList","@id":"https:\/\/www.schlanser.ch\/magazin\/velotraeger-vorschriften-schweiz\/#breadcrumb","itemListElement":[{"@type":"ListItem","position":1,"name":"Startseite","item":"https:\/\/www.schlanser.ch\/magazin\/"},{"@type":"ListItem","position":2,"name":"Alles zu Velotr\u00e4ger Vorschriften in der Schweiz"}]},{"@type":"WebSite","@id":"https:\/\/www.schlanser.ch\/magazin\/#website","url":"https:\/\/www.schlanser.ch\/magazin\/","name":"Schlanser Magazin","description":"","potentialAction":[{"@type":"SearchAction","target":{"@type":"EntryPoint","urlTemplate":"https:\/\/www.schlanser.ch\/magazin\/?s={search_term_string}"},"query-input":"required name=search_term_string"}],"inLanguage":"de-DE"},{"@type":"Person","@id":"https:\/\/www.schlanser.ch\/magazin\/#\/schema\/person\/000db0a103eb2594ba3daf394b1dfea2","name":"admin","image":{"@type":"ImageObject","inLanguage":"de-DE","@id":"https:\/\/www.schlanser.ch\/magazin\/#\/schema\/person\/image\/","url":"https:\/\/secure.gravatar.com\/avatar\/a794a4fe8a9b9c52241597eb381dfa2e?s=96&d=mm&r=g","contentUrl":"https:\/\/secure.gravatar.com\/avatar\/a794a4fe8a9b9c52241597eb381dfa2e?s=96&d=mm&r=g","caption":"admin"}}]}},"_links":{"self":[{"href":"https:\/\/www.schlanser.ch\/magazin\/wp-json\/wp\/v2\/posts\/14029"}],"collection":[{"href":"https:\/\/www.schlanser.ch\/magazin\/wp-json\/wp\/v2\/posts"}],"about":[{"href":"https:\/\/www.schlanser.ch\/magazin\/wp-json\/wp\/v2\/types\/post"}],"author":[{"embeddable":true,"href":"https:\/\/www.schlanser.ch\/magazin\/wp-json\/wp\/v2\/users\/1"}],"replies":[{"embeddable":true,"href":"https:\/\/www.schlanser.ch\/magazin\/wp-json\/wp\/v2\/comments?post=14029"}],"version-history":[{"count":42,"href":"https:\/\/www.schlanser.ch\/magazin\/wp-json\/wp\/v2\/posts\/14029\/revisions"}],"predecessor-version":[{"id":18041,"href":"https:\/\/www.schlanser.ch\/magazin\/wp-json\/wp\/v2\/posts\/14029\/revisions\/18041"}],"wp:featuredmedia":[{"embeddable":true,"href":"https:\/\/www.schlanser.ch\/magazin\/wp-json\/wp\/v2\/media\/14076"}],"wp:attachment":[{"href":"https:\/\/www.schlanser.ch\/magazin\/wp-json\/wp\/v2\/media?parent=14029"}],"wp:term":[{"taxonomy":"category","embeddable":true,"href":"https:\/\/www.schlanser.ch\/magazin\/wp-json\/wp\/v2\/categories?post=14029"},{"taxonomy":"post_tag","embeddable":true,"href":"https:\/\/www.schlanser.ch\/magazin\/wp-json\/wp\/v2\/tags?post=14029"}],"curies":[{"name":"wp","href":"https:\/\/api.w.org\/{rel}","templated":true}]}}