{"id":1414,"date":"2017-03-01T09:35:23","date_gmt":"2017-03-01T08:35:23","guid":{"rendered":"https:\/\/www.schlanser.ch\/magazin\/?p=1414"},"modified":"2024-01-10T14:41:47","modified_gmt":"2024-01-10T13:41:47","slug":"luftbetten-als-gaestebett","status":"publish","type":"post","link":"https:\/\/www.schlanser.ch\/magazin\/luftbetten-als-gaestebett\/","title":{"rendered":"Mit dem Luftbett wird das Vorzelt zum G\u00e4stezimmer"},"content":{"rendered":"<h2>\u00ab Besuch auf dem Campingplatz \u00bb<\/h2>\n<p style=\"text-align: justify;\"><strong>Das &#8222;Luftbett&#8220; ist keine neuzeitliche Bezeichnung f\u00fcr die bekannte Luftmatratze. Das Luftbett ist neu, es ist anders. Zu den gesch\u00e4tzten Vorteilen kommen ansprechende Leistungsmerkmale hinzu. Wie die Weiterentwicklung aussieht und wo Sie mit welcher Unterlage am bequemsten liegen, lesen Sie hier.<\/strong><\/p>\n<h2>Unverhofft kommt oft<\/h2>\n<p style=\"text-align: justify;\">G\u00e4ste treffen auf Einladung ein oder kommen \u00fcberraschend. Besonders sch\u00f6ne Abende enden nicht selten mit einem unerwarteten \u00dcbernachtungsgast. Ist das G\u00e4stebett aufblasbar, entsteht innerhalb weniger Minuten eine Matratze f\u00fcr bis zu zwei Personen: auf engstem Raum, von h\u00f6chstem Komfort und ungeachtet der Bodenbeschaffenheit. \u201eEinzel- oder Doppelbetten\u201c sind wahlweise erh\u00e4ltlich. Unterschiede zeigen sich bei den Abmessungen.<\/p>\n<figure id=\"attachment_1453\" aria-describedby=\"caption-attachment-1453\" style=\"width: 600px\" class=\"wp-caption aligncenter\"><img loading=\"lazy\" decoding=\"async\" class=\"wp-image-1453 size-full\" title=\"Besuch auf dem Campingplatz\" src=\"https:\/\/www.schlanser.ch\/magazin\/wp-content\/uploads\/2017\/03\/Besuch-auf-dem-Campingplatz.jpg\" alt=\"Besuch auf dem Campingplatz\" width=\"600\" height=\"400\" srcset=\"https:\/\/www.schlanser.ch\/magazin\/wp-content\/uploads\/2017\/03\/Besuch-auf-dem-Campingplatz.jpg 600w, https:\/\/www.schlanser.ch\/magazin\/wp-content\/uploads\/2017\/03\/Besuch-auf-dem-Campingplatz-300x200.jpg 300w\" sizes=\"(max-width: 600px) 100vw, 600px\" \/><figcaption id=\"caption-attachment-1453\" class=\"wp-caption-text\">\u00a9 luckybusiness \/ Fotolia.com<\/figcaption><\/figure>\n<p style=\"text-align: justify;\">Kleinere Modelle passen in ein Zelt und auf die Ladefl\u00e4che, wenn nur eine Art Not\u00fcbernachtung geplant ist. Mit einer eingebauten Pumpe bl\u00e4st sich das Luftbett selbst auf. So viel Einsatzf\u00e4higkeit gelingt nur um den Preis des Gewichts. Bis zu 7 kg und mehr sind f\u00fcr unterwegs zu veranschlagen. Beim Staumass zeigt sich das aufblasbare G\u00e4stebett daf\u00fcr \u00fcberraschend zur\u00fcckhaltend. Auf dem Campingplatz f\u00fchrt es zu L\u00f6sungen, die schnell auf- und abgebaut sind. Dann darf der Besuch ruhig kommen.<\/p>\n<h2>Bequem und anspruchslos in der Handhabung<\/h2>\n<p style=\"text-align: justify;\">Schon die Luftmatratze bietet angenehmen Liegekomfort. Eine luftgef\u00fcllte Matratze schmiegt sich jeder K\u00f6rperform und Lage des Schl\u00e4fers an. Wenigstens solange sie die Luft h\u00e4lt. Das ist hoffentlich bis gegen Morgen der Fall. Dichtigkeit spielt eine entscheidende Rolle bei der Qualit\u00e4t, wenn das G\u00e4stebett aufblasbar sein soll.<\/p>\n<p style=\"text-align: justify;\"><img loading=\"lazy\" decoding=\"async\" class=\"alignleft wp-image-1465 size-full\" title=\"Intex Luftbett Dura-Beam\" src=\"https:\/\/www.schlanser.ch\/magazin\/wp-content\/uploads\/2017\/03\/Intex-Luftbett-Dura-Beam.jpg\" alt=\"Intex Luftbett Dura-Beam\" width=\"370\" height=\"250\" srcset=\"https:\/\/www.schlanser.ch\/magazin\/wp-content\/uploads\/2017\/03\/Intex-Luftbett-Dura-Beam.jpg 370w, https:\/\/www.schlanser.ch\/magazin\/wp-content\/uploads\/2017\/03\/Intex-Luftbett-Dura-Beam-300x203.jpg 300w, https:\/\/www.schlanser.ch\/magazin\/wp-content\/uploads\/2017\/03\/Intex-Luftbett-Dura-Beam-110x75.jpg 110w\" sizes=\"(max-width: 370px) 100vw, 370px\" \/>F\u00fcr zus\u00e4tzlichen Komfort ist das Luftbett mit Stegen ausgestattet in einer oder mehreren Luftkammern. Das lenkt die Luftzirkulation im Inneren und es findet eine bessere Gewichtsverteilung statt. Mit zwei und mehr Kammern steuern Sie den Luftdruck und damit den H\u00e4rtegrad im oberen Teil. Die untere Kammer \u00fcbernimmt dabei die Funktion eines Lattenrosts. Andere setzen auf die Zirkulation durch alle Kammern.<\/p>\n<p style=\"text-align: justify;\">Um ein so grosses Volumen zu bef\u00fcllen, sind Pumpen unentbehrlich. Luftbetten mit hochwertiger Pumpe sind trotzdem binnen weniger Minuten einsatzbereit. Auf die Frage, wie die Luft nach dem Gebrauch abgelassen wird, liefern Hersteller patente Antworten.<\/p>\n<h2>Von leichtf\u00fcssig bis gross aufgestellt<\/h2>\n<p style=\"text-align: justify;\">In der Wohnung oder im Haus ist ein Zweikammernsystem eine Entscheidung f\u00fcr den maximalen Komfort, wenn G\u00e4ste kommen. F\u00fcr unterwegs sind L\u00f6sungen gefragt, die Bequemlichkeit bieten, geringen Stauraum erfordern und leichtgewichtig sind. Matratzen mit einer Luftkammer bilden die optimale Schnittmenge.<\/p>\n<p style=\"text-align: justify;\"><img loading=\"lazy\" decoding=\"async\" class=\"aligncenter wp-image-1433 size-full\" title=\"Coleman Luftbett Compact\" src=\"https:\/\/www.schlanser.ch\/magazin\/wp-content\/uploads\/2017\/03\/Coleman-Luftbett-Compact.jpg\" alt=\"Coleman Luftbett Compact\" width=\"600\" height=\"220\" srcset=\"https:\/\/www.schlanser.ch\/magazin\/wp-content\/uploads\/2017\/03\/Coleman-Luftbett-Compact.jpg 600w, https:\/\/www.schlanser.ch\/magazin\/wp-content\/uploads\/2017\/03\/Coleman-Luftbett-Compact-300x110.jpg 300w\" sizes=\"(max-width: 600px) 100vw, 600px\" \/><\/p>\n<p style=\"text-align: justify;\">Herstellern wie Coleman gelingt es, ein Bett f\u00fcr Zeltkabinen zu produzieren, das deutlich unter 2 kg wiegt. F\u00fcr nur wenige Gramm mehr stattet <a href=\"https:\/\/www.schlanser.ch\/campingaz\/\">Campingaz<\/a> das Luftbett, das zum G\u00e4stebett aufblasbar ist, sogar mit einem Kopfkissen aus. Ausf\u00fchrungen als Einzel- oder Doppelbett f\u00fchren beide Produzenten im Katalog. Das Intex Luftbett mit einer Kammer bl\u00e4st sich dank integrierter Luftpumpe selbst auf. Die Abmessungen dieser Betten eignen sich in erster Linie f\u00fcr kleinere Personen. Wer mehr L\u00e4nge will, gewinnt zus\u00e4tzlich eine bequeme Einstiegsh\u00f6he.<\/p>\n<h2>Intex Luftbett f\u00fcr h\u00f6chste Anspr\u00fcche<\/h2>\n<p style=\"text-align: justify;\">Bei dem Intex Luftbett mit zwei Luftkammern \u00fcbernimmt die untere Kammer die Aufgabe eines Lattenrosts und bieten eine stabile Unterlage. Der H\u00e4rtegrad der Matratze ist in der oberen Luftkammer individuell einstellbar. Eine hautfreundliche Beschichtung und eine aparte Gestaltung machen aus der aufblasbaren Matratze ein vollwertiges G\u00e4stebett.<\/p>\n<p style=\"text-align: justify;\"><img loading=\"lazy\" decoding=\"async\" class=\"wp-image-1428 size-full alignright\" title=\"Intex Luftbett Rising Comfort\" src=\"https:\/\/www.schlanser.ch\/magazin\/wp-content\/uploads\/2017\/03\/Intex-Luftbett-Rising-Comfort.jpg\" alt=\"Intex Luftbett Rising Comfort\" width=\"394\" height=\"230\" srcset=\"https:\/\/www.schlanser.ch\/magazin\/wp-content\/uploads\/2017\/03\/Intex-Luftbett-Rising-Comfort.jpg 394w, https:\/\/www.schlanser.ch\/magazin\/wp-content\/uploads\/2017\/03\/Intex-Luftbett-Rising-Comfort-300x175.jpg 300w\" sizes=\"(max-width: 394px) 100vw, 394px\" \/>Bei dem Intex Luftbett Dura Beam und dem Modell Rising Comfort mit drei Kammern finden Sie Betten mit \u00fcber 2 m L\u00e4nge und einer komfortablen Einstiegsh\u00f6he von 42 cm. W\u00e4hrend einige Alternativen mit einer Fuss- oder Handpumpe zu bef\u00fcllen sind, muss f\u00fcr das Intex Luftbett mit Mehrkammersystem ein 220-V-Anschluss vorhanden sein. In beiden Ausf\u00fchrungen sind Luftpumpen in das G\u00e4stebett integriert, die nach Gebrauch die Luft abpumpen. Angesichts des relativ hohen Gesamtgewichts eine erfreuliche Erleichterung bei der Handhabung.<\/p>\n<h2>Ansprechende Oberfl\u00e4che<\/h2>\n<p style=\"text-align: justify;\">Die Kammern der Luftbetten sind aus anspruchsvollen Kunststoffen wie PVC oder Polyester hergestellt. Ganz ohne Weichmacher geht es nicht. Das nehmen empfindliche Nasen bereits beim Auspacken wahr. Vor dem ersten Einsatz ist das Bett gut zu l\u00fcften. Am besten im Freien. Ein hochwertiges G\u00e4stebett ist mit samtartigem Velours f\u00fcr ein angenehmes Hautgef\u00fchl beflockt.<\/p>\n<blockquote>\n<p style=\"text-align: justify;\">Unsere Empfehlung: Nutzen Sie ein Laken, um dem Schwitzen vorzubeugen.<\/p>\n<\/blockquote>\n<p style=\"text-align: justify;\"><img loading=\"lazy\" decoding=\"async\" class=\"alignleft wp-image-1450 size-full\" title=\"Intex Luftbett Velours DOWNY\" src=\"https:\/\/www.schlanser.ch\/magazin\/wp-content\/uploads\/2017\/03\/Intex-Luftbett-Velours-DOWNY.jpg\" alt=\"Intex Luftbett Velours DOWNY\" width=\"400\" height=\"258\" srcset=\"https:\/\/www.schlanser.ch\/magazin\/wp-content\/uploads\/2017\/03\/Intex-Luftbett-Velours-DOWNY.jpg 400w, https:\/\/www.schlanser.ch\/magazin\/wp-content\/uploads\/2017\/03\/Intex-Luftbett-Velours-DOWNY-300x194.jpg 300w\" sizes=\"(max-width: 400px) 100vw, 400px\" \/>Ein Schlafsack mit Kopfteil erf\u00fcllt kurzfristig denselben Zweck. Der Kunststoff erlaubt eine leichte Reinigung, die vor jeder Lagerung erfolgen sollte. Flecken entfernt ein angefeuchtetes Tuch ohne aggressive Putzmittel. Danach gut trocknen lassen. Vor dem Einrollen sind noch alle losen Verschmutzungen zu entfernen.<\/p>\n<p style=\"text-align: justify;\">Eine Tasche gew\u00e4hrleistet die saubere Aufbewahrung und sch\u00fctzt vor Besch\u00e4digungen.<\/p>\n<h2>Gute Pflege von allen Seiten<\/h2>\n<p style=\"text-align: justify;\">Trotz einer verst\u00e4rkten Auflagefl\u00e4che ist das Material empfindlich gegen Abrieb. Schon ein kleines Steinchen kann durch dauerhafte Reibung eine Schadstelle erzeugen. Achten Sie darauf, dass keine Kr\u00fcmel oder \u00e4hnliche Verschmutzungen f\u00fcr l\u00e4ngere Zeit unter dem Bett liegen bleiben. Sogar der Boden wird por\u00f6s. Wenn es so weit gekommen ist, sind die besten Jahre der Matratze vielleicht vorbei. Flicken reparieren schadhafte Stellen am G\u00e4stebett, die infolge von Unachtsamkeit entstehen. Spitze Gegenst\u00e4nde in der Umgebung der Matratze sind heikel.<\/p>\n<p style=\"text-align: justify;\"><img loading=\"lazy\" decoding=\"async\" class=\"aligncenter wp-image-1468 size-full\" title=\"Campingaz Luftbett Smart Quickbed\" src=\"https:\/\/www.schlanser.ch\/magazin\/wp-content\/uploads\/2017\/03\/Campingaz-Luftbett-Smart-Quickbed.jpg\" alt=\"Campingaz Luftbett Smart Quickbed\" width=\"600\" height=\"287\" srcset=\"https:\/\/www.schlanser.ch\/magazin\/wp-content\/uploads\/2017\/03\/Campingaz-Luftbett-Smart-Quickbed.jpg 600w, https:\/\/www.schlanser.ch\/magazin\/wp-content\/uploads\/2017\/03\/Campingaz-Luftbett-Smart-Quickbed-300x144.jpg 300w\" sizes=\"(max-width: 600px) 100vw, 600px\" \/><\/p>\n<p style=\"text-align: justify;\">Im Zelt sch\u00fctzt eine Unterlage vor Besch\u00e4digungen durch das Scheuern scharfkantiger Steine, das Sie dank des Luftbetts zum Gl\u00fcck nicht mehr bemerken. Wer die Isomatte unter den Zeltboden legt, erlangt zweifach Schutz, weil derselbe Stein auch das Zelt besch\u00e4digen k\u00f6nnte.<\/p>\n<h2>Den Aktionsradius erweitern<\/h2>\n<p style=\"text-align: justify;\">Im Haus und unterwegs ist das aufblasbare Bett ein deutliches Plus. Wer \u00fcber ausreichend Stauraum verf\u00fcgt, greift zur Variante mit Mehrkammersystem f\u00fcr den gehobenen Anspruch. F\u00fcr den Aufenthalt beim Festival oder f\u00fcr den Wochenendtreff mit Zelt darf die aufblasbare Matratze sparsamer ausfallen, ohne an Liegekomfort einb\u00fcssen zu m\u00fcssen.<\/p>\n<p style=\"text-align: justify;\"><img loading=\"lazy\" decoding=\"async\" class=\"alignright wp-image-1441 size-full\" title=\"Intex Luftbett mit integrierter Pumpe\" src=\"https:\/\/www.schlanser.ch\/magazin\/wp-content\/uploads\/2017\/03\/Intex-Luftbett-mit-integrierter-Pumpe.jpg\" alt=\"Intex Luftbett mit integrierter Pumpe\" width=\"420\" height=\"210\" srcset=\"https:\/\/www.schlanser.ch\/magazin\/wp-content\/uploads\/2017\/03\/Intex-Luftbett-mit-integrierter-Pumpe.jpg 420w, https:\/\/www.schlanser.ch\/magazin\/wp-content\/uploads\/2017\/03\/Intex-Luftbett-mit-integrierter-Pumpe-300x150.jpg 300w\" sizes=\"(max-width: 420px) 100vw, 420px\" \/>Ob integrierte Pumpe oder mechanisches Aufblasen ist eine Frage des Preises und des Volumens der Luftbetten. F\u00fcr den Einsatz unterwegs sind Systeme empfehlenswert, die beide Optionen erlauben, falls der Strom fehlt. Damit die elektrische Luftpumpe \u00fcberall l\u00e4uft, statten manche Hersteller die mobilen Betten mit einem Anschluss an die Autobatterie aus. Akkupumpen bilden nat\u00fcrlich eine weitere Alternative.<\/p>\n","protected":false},"excerpt":{"rendered":"<p>\u00ab Besuch auf dem Campingplatz \u00bb Das &#8222;Luftbett&#8220; ist keine neuzeitliche Bezeichnung f\u00fcr die bekannte Luftmatratze. Das Luftbett ist neu, es ist anders. Zu den gesch\u00e4tzten Vorteilen kommen ansprechende Leistungsmerkmale hinzu. Wie die Weiterentwicklung aussieht und wo Sie mit welcher Unterlage am bequemsten liegen, lesen Sie hier. Unverhofft kommt oft G\u00e4ste treffen auf Einladung ein &hellip;<\/p>\n","protected":false},"author":1,"featured_media":1421,"comment_status":"closed","ping_status":"open","sticky":false,"template":"","format":"standard","meta":{"footnotes":""},"categories":[3],"tags":[9,186,185,184,24],"yoast_head":"<!-- This site is optimized with the Yoast SEO plugin v22.2 - https:\/\/yoast.com\/wordpress\/plugins\/seo\/ -->\n<title>Mit dem Luftbett wird das Vorzelt zum G\u00e4stezimmer - Schlanser Magazin<\/title>\n<meta name=\"description\" content=\"Das Schlanser Magazin zeigt, wie hochwertige Luftbetten als G\u00e4stebett im Vorzelt dienen \u2714 richtige Pflege \u2714 worauf Sie beim Kauf achten sollten \u2714\" \/>\n<meta name=\"robots\" content=\"index, follow, max-snippet:-1, max-image-preview:large, max-video-preview:-1\" \/>\n<link rel=\"canonical\" href=\"https:\/\/www.schlanser.ch\/magazin\/luftbetten-als-gaestebett\/\" \/>\n<meta property=\"og:locale\" content=\"de_DE\" \/>\n<meta property=\"og:type\" content=\"article\" \/>\n<meta property=\"og:title\" content=\"Mit dem Luftbett wird das Vorzelt zum G\u00e4stezimmer - Schlanser Magazin\" \/>\n<meta property=\"og:description\" content=\"Das Schlanser Magazin zeigt, wie hochwertige Luftbetten als G\u00e4stebett im Vorzelt dienen \u2714 richtige Pflege \u2714 worauf Sie beim Kauf achten sollten \u2714\" \/>\n<meta property=\"og:url\" content=\"https:\/\/www.schlanser.ch\/magazin\/luftbetten-als-gaestebett\/\" \/>\n<meta property=\"og:site_name\" content=\"Schlanser Magazin\" \/>\n<meta property=\"article:published_time\" content=\"2017-03-01T08:35:23+00:00\" \/>\n<meta property=\"article:modified_time\" content=\"2024-01-10T13:41:47+00:00\" \/>\n<meta property=\"og:image\" content=\"https:\/\/www.schlanser.ch\/magazin\/wp-content\/uploads\/2017\/03\/Mit-dem-Luftbett-wird-das-Vorzelt-zum-Gaestezimmer.jpg\" \/>\n\t<meta property=\"og:image:width\" content=\"660\" \/>\n\t<meta property=\"og:image:height\" content=\"330\" \/>\n\t<meta property=\"og:image:type\" content=\"image\/jpeg\" \/>\n<meta name=\"author\" content=\"admin\" \/>\n<meta name=\"twitter:card\" content=\"summary_large_image\" \/>\n<meta name=\"twitter:label1\" content=\"Verfasst von\" \/>\n\t<meta name=\"twitter:data1\" content=\"admin\" \/>\n\t<meta name=\"twitter:label2\" content=\"Gesch\u00e4tzte Lesezeit\" \/>\n\t<meta name=\"twitter:data2\" content=\"5 Minuten\" \/>\n<script type=\"application\/ld+json\" class=\"yoast-schema-graph\">{\"@context\":\"https:\/\/schema.org\",\"@graph\":[{\"@type\":\"WebPage\",\"@id\":\"https:\/\/www.schlanser.ch\/magazin\/luftbetten-als-gaestebett\/\",\"url\":\"https:\/\/www.schlanser.ch\/magazin\/luftbetten-als-gaestebett\/\",\"name\":\"Mit dem Luftbett wird das Vorzelt zum G\u00e4stezimmer - Schlanser Magazin\",\"isPartOf\":{\"@id\":\"https:\/\/www.schlanser.ch\/magazin\/#website\"},\"primaryImageOfPage\":{\"@id\":\"https:\/\/www.schlanser.ch\/magazin\/luftbetten-als-gaestebett\/#primaryimage\"},\"image\":{\"@id\":\"https:\/\/www.schlanser.ch\/magazin\/luftbetten-als-gaestebett\/#primaryimage\"},\"thumbnailUrl\":\"https:\/\/www.schlanser.ch\/magazin\/wp-content\/uploads\/2017\/03\/Mit-dem-Luftbett-wird-das-Vorzelt-zum-Gaestezimmer.jpg\",\"datePublished\":\"2017-03-01T08:35:23+00:00\",\"dateModified\":\"2024-01-10T13:41:47+00:00\",\"author\":{\"@id\":\"https:\/\/www.schlanser.ch\/magazin\/#\/schema\/person\/000db0a103eb2594ba3daf394b1dfea2\"},\"description\":\"Das Schlanser Magazin zeigt, wie hochwertige Luftbetten als G\u00e4stebett im Vorzelt dienen \u2714 richtige Pflege \u2714 worauf Sie beim Kauf achten sollten \u2714\",\"breadcrumb\":{\"@id\":\"https:\/\/www.schlanser.ch\/magazin\/luftbetten-als-gaestebett\/#breadcrumb\"},\"inLanguage\":\"de-DE\",\"potentialAction\":[{\"@type\":\"ReadAction\",\"target\":[\"https:\/\/www.schlanser.ch\/magazin\/luftbetten-als-gaestebett\/\"]}]},{\"@type\":\"ImageObject\",\"inLanguage\":\"de-DE\",\"@id\":\"https:\/\/www.schlanser.ch\/magazin\/luftbetten-als-gaestebett\/#primaryimage\",\"url\":\"https:\/\/www.schlanser.ch\/magazin\/wp-content\/uploads\/2017\/03\/Mit-dem-Luftbett-wird-das-Vorzelt-zum-Gaestezimmer.jpg\",\"contentUrl\":\"https:\/\/www.schlanser.ch\/magazin\/wp-content\/uploads\/2017\/03\/Mit-dem-Luftbett-wird-das-Vorzelt-zum-Gaestezimmer.jpg\",\"width\":660,\"height\":330},{\"@type\":\"BreadcrumbList\",\"@id\":\"https:\/\/www.schlanser.ch\/magazin\/luftbetten-als-gaestebett\/#breadcrumb\",\"itemListElement\":[{\"@type\":\"ListItem\",\"position\":1,\"name\":\"Startseite\",\"item\":\"https:\/\/www.schlanser.ch\/magazin\/\"},{\"@type\":\"ListItem\",\"position\":2,\"name\":\"Mit dem Luftbett wird das Vorzelt zum G\u00e4stezimmer\"}]},{\"@type\":\"WebSite\",\"@id\":\"https:\/\/www.schlanser.ch\/magazin\/#website\",\"url\":\"https:\/\/www.schlanser.ch\/magazin\/\",\"name\":\"Schlanser Magazin\",\"description\":\"\",\"potentialAction\":[{\"@type\":\"SearchAction\",\"target\":{\"@type\":\"EntryPoint\",\"urlTemplate\":\"https:\/\/www.schlanser.ch\/magazin\/?s={search_term_string}\"},\"query-input\":\"required name=search_term_string\"}],\"inLanguage\":\"de-DE\"},{\"@type\":\"Person\",\"@id\":\"https:\/\/www.schlanser.ch\/magazin\/#\/schema\/person\/000db0a103eb2594ba3daf394b1dfea2\",\"name\":\"admin\",\"image\":{\"@type\":\"ImageObject\",\"inLanguage\":\"de-DE\",\"@id\":\"https:\/\/www.schlanser.ch\/magazin\/#\/schema\/person\/image\/\",\"url\":\"https:\/\/secure.gravatar.com\/avatar\/a794a4fe8a9b9c52241597eb381dfa2e?s=96&d=mm&r=g\",\"contentUrl\":\"https:\/\/secure.gravatar.com\/avatar\/a794a4fe8a9b9c52241597eb381dfa2e?s=96&d=mm&r=g\",\"caption\":\"admin\"}}]}<\/script>\n<!-- \/ Yoast SEO plugin. -->","yoast_head_json":{"title":"Mit dem Luftbett wird das Vorzelt zum G\u00e4stezimmer - Schlanser Magazin","description":"Das Schlanser Magazin zeigt, wie hochwertige Luftbetten als G\u00e4stebett im Vorzelt dienen \u2714 richtige Pflege \u2714 worauf Sie beim Kauf achten sollten \u2714","robots":{"index":"index","follow":"follow","max-snippet":"max-snippet:-1","max-image-preview":"max-image-preview:large","max-video-preview":"max-video-preview:-1"},"canonical":"https:\/\/www.schlanser.ch\/magazin\/luftbetten-als-gaestebett\/","og_locale":"de_DE","og_type":"article","og_title":"Mit dem Luftbett wird das Vorzelt zum G\u00e4stezimmer - Schlanser Magazin","og_description":"Das Schlanser Magazin zeigt, wie hochwertige Luftbetten als G\u00e4stebett im Vorzelt dienen \u2714 richtige Pflege \u2714 worauf Sie beim Kauf achten sollten \u2714","og_url":"https:\/\/www.schlanser.ch\/magazin\/luftbetten-als-gaestebett\/","og_site_name":"Schlanser Magazin","article_published_time":"2017-03-01T08:35:23+00:00","article_modified_time":"2024-01-10T13:41:47+00:00","og_image":[{"width":660,"height":330,"url":"https:\/\/www.schlanser.ch\/magazin\/wp-content\/uploads\/2017\/03\/Mit-dem-Luftbett-wird-das-Vorzelt-zum-Gaestezimmer.jpg","type":"image\/jpeg"}],"author":"admin","twitter_card":"summary_large_image","twitter_misc":{"Verfasst von":"admin","Gesch\u00e4tzte Lesezeit":"5 Minuten"},"schema":{"@context":"https:\/\/schema.org","@graph":[{"@type":"WebPage","@id":"https:\/\/www.schlanser.ch\/magazin\/luftbetten-als-gaestebett\/","url":"https:\/\/www.schlanser.ch\/magazin\/luftbetten-als-gaestebett\/","name":"Mit dem Luftbett wird das Vorzelt zum G\u00e4stezimmer - Schlanser Magazin","isPartOf":{"@id":"https:\/\/www.schlanser.ch\/magazin\/#website"},"primaryImageOfPage":{"@id":"https:\/\/www.schlanser.ch\/magazin\/luftbetten-als-gaestebett\/#primaryimage"},"image":{"@id":"https:\/\/www.schlanser.ch\/magazin\/luftbetten-als-gaestebett\/#primaryimage"},"thumbnailUrl":"https:\/\/www.schlanser.ch\/magazin\/wp-content\/uploads\/2017\/03\/Mit-dem-Luftbett-wird-das-Vorzelt-zum-Gaestezimmer.jpg","datePublished":"2017-03-01T08:35:23+00:00","dateModified":"2024-01-10T13:41:47+00:00","author":{"@id":"https:\/\/www.schlanser.ch\/magazin\/#\/schema\/person\/000db0a103eb2594ba3daf394b1dfea2"},"description":"Das Schlanser Magazin zeigt, wie hochwertige Luftbetten als G\u00e4stebett im Vorzelt dienen \u2714 richtige Pflege \u2714 worauf Sie beim Kauf achten sollten \u2714","breadcrumb":{"@id":"https:\/\/www.schlanser.ch\/magazin\/luftbetten-als-gaestebett\/#breadcrumb"},"inLanguage":"de-DE","potentialAction":[{"@type":"ReadAction","target":["https:\/\/www.schlanser.ch\/magazin\/luftbetten-als-gaestebett\/"]}]},{"@type":"ImageObject","inLanguage":"de-DE","@id":"https:\/\/www.schlanser.ch\/magazin\/luftbetten-als-gaestebett\/#primaryimage","url":"https:\/\/www.schlanser.ch\/magazin\/wp-content\/uploads\/2017\/03\/Mit-dem-Luftbett-wird-das-Vorzelt-zum-Gaestezimmer.jpg","contentUrl":"https:\/\/www.schlanser.ch\/magazin\/wp-content\/uploads\/2017\/03\/Mit-dem-Luftbett-wird-das-Vorzelt-zum-Gaestezimmer.jpg","width":660,"height":330},{"@type":"BreadcrumbList","@id":"https:\/\/www.schlanser.ch\/magazin\/luftbetten-als-gaestebett\/#breadcrumb","itemListElement":[{"@type":"ListItem","position":1,"name":"Startseite","item":"https:\/\/www.schlanser.ch\/magazin\/"},{"@type":"ListItem","position":2,"name":"Mit dem Luftbett wird das Vorzelt zum G\u00e4stezimmer"}]},{"@type":"WebSite","@id":"https:\/\/www.schlanser.ch\/magazin\/#website","url":"https:\/\/www.schlanser.ch\/magazin\/","name":"Schlanser Magazin","description":"","potentialAction":[{"@type":"SearchAction","target":{"@type":"EntryPoint","urlTemplate":"https:\/\/www.schlanser.ch\/magazin\/?s={search_term_string}"},"query-input":"required name=search_term_string"}],"inLanguage":"de-DE"},{"@type":"Person","@id":"https:\/\/www.schlanser.ch\/magazin\/#\/schema\/person\/000db0a103eb2594ba3daf394b1dfea2","name":"admin","image":{"@type":"ImageObject","inLanguage":"de-DE","@id":"https:\/\/www.schlanser.ch\/magazin\/#\/schema\/person\/image\/","url":"https:\/\/secure.gravatar.com\/avatar\/a794a4fe8a9b9c52241597eb381dfa2e?s=96&d=mm&r=g","contentUrl":"https:\/\/secure.gravatar.com\/avatar\/a794a4fe8a9b9c52241597eb381dfa2e?s=96&d=mm&r=g","caption":"admin"}}]}},"_links":{"self":[{"href":"https:\/\/www.schlanser.ch\/magazin\/wp-json\/wp\/v2\/posts\/1414"}],"collection":[{"href":"https:\/\/www.schlanser.ch\/magazin\/wp-json\/wp\/v2\/posts"}],"about":[{"href":"https:\/\/www.schlanser.ch\/magazin\/wp-json\/wp\/v2\/types\/post"}],"author":[{"embeddable":true,"href":"https:\/\/www.schlanser.ch\/magazin\/wp-json\/wp\/v2\/users\/1"}],"replies":[{"embeddable":true,"href":"https:\/\/www.schlanser.ch\/magazin\/wp-json\/wp\/v2\/comments?post=1414"}],"version-history":[{"count":55,"href":"https:\/\/www.schlanser.ch\/magazin\/wp-json\/wp\/v2\/posts\/1414\/revisions"}],"predecessor-version":[{"id":16758,"href":"https:\/\/www.schlanser.ch\/magazin\/wp-json\/wp\/v2\/posts\/1414\/revisions\/16758"}],"wp:featuredmedia":[{"embeddable":true,"href":"https:\/\/www.schlanser.ch\/magazin\/wp-json\/wp\/v2\/media\/1421"}],"wp:attachment":[{"href":"https:\/\/www.schlanser.ch\/magazin\/wp-json\/wp\/v2\/media?parent=1414"}],"wp:term":[{"taxonomy":"category","embeddable":true,"href":"https:\/\/www.schlanser.ch\/magazin\/wp-json\/wp\/v2\/categories?post=1414"},{"taxonomy":"post_tag","embeddable":true,"href":"https:\/\/www.schlanser.ch\/magazin\/wp-json\/wp\/v2\/tags?post=1414"}],"curies":[{"name":"wp","href":"https:\/\/api.w.org\/{rel}","templated":true}]}}