{"id":14599,"date":"2022-04-14T14:15:45","date_gmt":"2022-04-14T12:15:45","guid":{"rendered":"https:\/\/www.schlanser.ch\/magazin\/?p=14599"},"modified":"2025-10-01T15:15:51","modified_gmt":"2025-10-01T13:15:51","slug":"neue-ausruestung-neue-zelte-2022","status":"publish","type":"post","link":"https:\/\/www.schlanser.ch\/magazin\/neue-ausruestung-neue-zelte-2022\/","title":{"rendered":"Neue Ausr\u00fcstung, neue Zelte 2022"},"content":{"rendered":"<h2>\u00ab Camper-Equipment f\u00fcr die neue Saison \u00bb<\/h2>\n<p style=\"text-align: justify;\"><strong>Die Zelte von 2022 werden innovativ. Die Produktentwickler werden nicht m\u00fcde, nach Verbesserungspotential f\u00fcr ihre Kunden zu suchen. Kleine Verbesserungen, die Liebe zum Detail, moderne Farben und robuste High-Tech-Materialien begeistern Kunden in ganz Europa. Profitieren Sie von genialen Ideen und erfrischenden Probleml\u00f6sern. Lesen Sie alles zum Thema &#8222;<\/strong><a href=\"https:\/\/www.schlanser.ch\/zelte\/\"><strong>Neue Zelte 2022<\/strong><\/a><strong>&#8222;<\/strong><\/p>\n<h2>Nach den Ferien ist vor den Ferien!<\/h2>\n<p style=\"text-align: justify;\">St\u00e4ndig \u00e4ndern sich die Ausgangslagen der Campingfreunde. Der ewige Single verreist im n\u00e4chsten Urlaub 2022 gemeinsam mit seiner neuen Partnerin, die Kinder sind aus dem Haus oder die Eltern verreisen ab dem Sommer 2022 nur noch zu zweit. Oder kommt das Baby bald zur Welt und das <a href=\"https:\/\/www.schlanser.ch\/zelte\/campingzelte\/4-personen-zelte\/\">4- Personen Zelt<\/a> reicht 2022 nicht mehr aus? Als Campingfreund suchen Sie st\u00e4ndig nach Verbesserungen, vielleicht haben Sie im letzten Urlaub schlechte Erfahrungen mit den Fiberglasst\u00e4ben des Zeltes gemacht und w\u00fcnschen sich ein Zelt zum Aufblasen?<\/p>\n<p><img loading=\"lazy\" decoding=\"async\" class=\"aligncenter wp-image-14602 size-full\" title=\"Berger Magalo 6-L Tunnelzelt | mit aufblasbarem Gest\u00e4nge\" src=\"https:\/\/www.schlanser.ch\/magazin\/wp-content\/uploads\/2024\/04\/Berger-Magalo-6-L-Tunnelzelt.jpg\" alt=\"Berger Magalo 6-L Tunnelzelt\" width=\"620\" height=\"388\" srcset=\"https:\/\/www.schlanser.ch\/magazin\/wp-content\/uploads\/2024\/04\/Berger-Magalo-6-L-Tunnelzelt.jpg 620w, https:\/\/www.schlanser.ch\/magazin\/wp-content\/uploads\/2024\/04\/Berger-Magalo-6-L-Tunnelzelt-300x188.jpg 300w\" sizes=\"(max-width: 620px) 100vw, 620px\" \/><\/p>\n<p style=\"text-align: justify;\">Was auch immer Sie suchen, der Blick auf das Camper-Equipment f\u00fcr 2022 wird Sie begeistern und inspirieren.<\/p>\n<h2>Leicht, flexibel und \u00fcberall verf\u00fcgbar \u2013 Luft als Konstruktionsmaterial f\u00fcr neue Zelte 2022<\/h2>\n<p style=\"text-align: justify;\">Auch die <a href=\"https:\/\/www.schlanser.ch\/zelte\/campingzelte\/aufblasbare-zelte\/\">aufblasbaren Zelte 2022<\/a> kommen ohne oder mit weniger Gest\u00e4nge aus. Das ist ein grosser Vorteil beim Auf- und Abbau. Sie sparen Zeit, da Sie das Zelt lediglich aufblasen und abspannen m\u00fcssen. Auch die Verstauung in der Packtasche wird unkomplizierter. Heute sind die Luftg\u00e4nge noch robuster und die Reparatur gelingt noch einfacher. Entdecken Sie neue Zelte von 2022.<\/p>\n<p><img loading=\"lazy\" decoding=\"async\" class=\"aligncenter wp-image-14606 size-full\" title=\"Brunner Bullet 5 Airtech aufblasbares Familienzelt\" src=\"https:\/\/www.schlanser.ch\/magazin\/wp-content\/uploads\/2024\/04\/Brunner-Bullet-5-Airtech-aufblasbares-Familienzelt.jpg\" alt=\"Brunner Bullet 5 Airtech aufblasbares Familienzelt - Zelte 2022\" width=\"620\" height=\"388\" srcset=\"https:\/\/www.schlanser.ch\/magazin\/wp-content\/uploads\/2024\/04\/Brunner-Bullet-5-Airtech-aufblasbares-Familienzelt.jpg 620w, https:\/\/www.schlanser.ch\/magazin\/wp-content\/uploads\/2024\/04\/Brunner-Bullet-5-Airtech-aufblasbares-Familienzelt-300x188.jpg 300w\" sizes=\"(max-width: 620px) 100vw, 620px\" \/><\/p>\n<h2>H\u00f6here Lebensdauer und mehr Komfort \u2013 der Unterbodenschutz<\/h2>\n<p style=\"text-align: justify;\">Die grosse Trockenheit w\u00e4hrend der letzten Jahre hat dazu gef\u00fchrt, dass \u00fcppige, polsternde Rasenfl\u00e4chen schwer zu erhalten sind. Die Platzbetreiber tun 2022 ihr Bestes, jedoch entstehen durch die D\u00fcrre Risse im Boden, das Gras wird welk und der Boden steinhart. Ausserdem befinden sich am Boden oft Kiefernadeln, Steinchen oder Disteln. F\u00fcr die <a href=\"https:\/\/www.schlanser.ch\/zelte\/zeltzubehoer\/vorzeltteppich-zeltboden\/\">Bodenplane<\/a> des Zelts bedeutet dies eine erh\u00f6hte Gefahr. Diesem Problem stellen sich die Hersteller durch Schutzplanen f\u00fcr den Bereich unter dem Zelt. Beispielsweise werden verschiedene Gr\u00f6ssen der Firma Outwell angeboten, die Sie passgenau f\u00fcr Ihr Zelt w\u00e4hlen k\u00f6nnen. Gleichzeitig sorgt eine Bodenplane auch f\u00fcr mehr Komfort, da sie eben diese Unebenheiten ausgleicht und zus\u00e4tzlich gegen K\u00e4lte isoliert. Besonders in den kalten N\u00e4chten zu Beginn und gegen Ende der Sommersaison gewinnen Sie enorm an Wohlbefinden im Zelt.<\/p>\n<p><img loading=\"lazy\" decoding=\"async\" class=\"aligncenter wp-image-14607 size-full\" title=\"Bodenplane Eco 250 x 300 cm\" src=\"https:\/\/www.schlanser.ch\/magazin\/wp-content\/uploads\/2024\/04\/Bodenplane-Eco-250-x-300-cm.jpg\" alt=\"Bodenplane Eco 250 x 300 cm\" width=\"620\" height=\"390\" srcset=\"https:\/\/www.schlanser.ch\/magazin\/wp-content\/uploads\/2024\/04\/Bodenplane-Eco-250-x-300-cm.jpg 620w, https:\/\/www.schlanser.ch\/magazin\/wp-content\/uploads\/2024\/04\/Bodenplane-Eco-250-x-300-cm-300x189.jpg 300w\" sizes=\"(max-width: 620px) 100vw, 620px\" \/><\/p>\n<h2>Die aktuell beliebtesten Zelte<\/h2>\n<h3>Das neue Busvorzelt von Brunner &#8211; den Campingvan spielend leicht vergr\u00f6ssern<\/h3>\n<p style=\"text-align: justify;\">Das Trouper XL Bus-Vorzelt von Brunner bietet Ihnen zus\u00e4tzlichen Wohnraum mit den Massen 370 x 310 cm. Dank der Luftzeltbauweise mit einem Ventil ist der Aufbau ein Kinderspiel! Mit dem strapazierf\u00e4higen Keder, Schleusenstab oder Klett stellen Sie die Verbindung zwischen Bus und Zelt her. Zum Einkaufen und f\u00fcr Ausfl\u00fcge lassen Sie das Zelt mit dem Camper-Equipment einfach freistehen und fahren mit dem Bus weg. Dadurch wird es zum kurzzeitigen Lagerzelt. Der Zeltboden sorgt f\u00fcr ein angenehmes Wohngef\u00fchl und optional ist ein Innenzelt in das <a href=\"https:\/\/www.schlanser.ch\/zelte\/vorzelte\/reisemobil-busvorzelte\/\">Bus-Vorzelt<\/a> montierbar.<\/p>\n<p><img loading=\"lazy\" decoding=\"async\" class=\"aligncenter wp-image-14609 size-full\" title=\"Brunner Trouper XL Bus-Vorzelt 370 x 310 cm\" src=\"https:\/\/www.schlanser.ch\/magazin\/wp-content\/uploads\/2024\/04\/Brunner-Trouper-XL-Bus-Vorzelt-370-x-310-cm.jpg\" alt=\"Brunner Trouper XL Bus-Vorzelt 370 x 310 cm - Zelte 2022\" width=\"620\" height=\"417\" srcset=\"https:\/\/www.schlanser.ch\/magazin\/wp-content\/uploads\/2024\/04\/Brunner-Trouper-XL-Bus-Vorzelt-370-x-310-cm.jpg 620w, https:\/\/www.schlanser.ch\/magazin\/wp-content\/uploads\/2024\/04\/Brunner-Trouper-XL-Bus-Vorzelt-370-x-310-cm-300x202.jpg 300w, https:\/\/www.schlanser.ch\/magazin\/wp-content\/uploads\/2024\/04\/Brunner-Trouper-XL-Bus-Vorzelt-370-x-310-cm-110x75.jpg 110w\" sizes=\"(max-width: 620px) 100vw, 620px\" \/><\/p>\n<h3>Das Outwell Oakwood Tunnelzelt \u2013 Familienzelt mit Liebe zum Detail<\/h3>\n<p style=\"text-align: justify;\">Zwei abgedunkelte Schlafkabinen machen die Ferien auch nachts zur Erholungsoase. Das &#8222;Outwell Oakwood 5 Dreiraum Tunnelzelt&#8220; bietet zahlreiche, gut durchdachte Details, die den Campingalltag perfekt machen. So sind die bereits montierten Abspannleinen selbst-leuchtend und verringern das Risiko zu stolpern. Ein Pluspunkt f\u00fcr die Sicherheit am Platz! Das <a href=\"https:\/\/www.schlanser.ch\/zelte\/campingzelte\/tunnelzelte\/\">Tunnelzelt<\/a> k\u00f6nnen Sie, dank des grossen Eingangs und des Hinterl\u00fcftungssystems, ausgezeichnet l\u00fcften. Die grossen <a href=\"https:\/\/www.schlanser.ch\/outdoor-freizeit\/outdoor-ausruestung\/insektenabwehr-mueckenschutz\/\">Moskito-Netze<\/a> verhindern das Eindringen von Stechm\u00fccken und anderen unerw\u00fcnschten G\u00e4sten.<\/p>\n<p><img loading=\"lazy\" decoding=\"async\" class=\"aligncenter wp-image-14611 size-full\" title=\"Outwell Oakwood 5 Dreiraum Tunnelzelt dark leaf\" src=\"https:\/\/www.schlanser.ch\/magazin\/wp-content\/uploads\/2024\/04\/Outwell-Oakwood-5-Dreiraum-Tunnelzelt-dark-leaf.jpg\" alt=\"Outwell Oakwood 5 Dreiraum Tunnelzelt dark leaf - Zelte 2022\" width=\"620\" height=\"332\" srcset=\"https:\/\/www.schlanser.ch\/magazin\/wp-content\/uploads\/2024\/04\/Outwell-Oakwood-5-Dreiraum-Tunnelzelt-dark-leaf.jpg 620w, https:\/\/www.schlanser.ch\/magazin\/wp-content\/uploads\/2024\/04\/Outwell-Oakwood-5-Dreiraum-Tunnelzelt-dark-leaf-300x161.jpg 300w, https:\/\/www.schlanser.ch\/magazin\/wp-content\/uploads\/2024\/04\/Outwell-Oakwood-5-Dreiraum-Tunnelzelt-dark-leaf-310x165.jpg 310w\" sizes=\"(max-width: 620px) 100vw, 620px\" \/><\/p>\n<h3>Strandzelt &#8211; Sommer, Sand und Sonnenschutz<\/h3>\n<p style=\"text-align: justify;\">Outwells neues <a href=\"https:\/\/www.schlanser.ch\/zelte\/campingzelte\/iglu-kuppelzelte\/\">Strandzelt<\/a> von 2022 besticht durch seinen guten UV- Schutz und dem geringen Packmass. Die Sands\u00e4cke dienen als Heringe und k\u00f6nnen vor Ort mit Sand bef\u00fcllt und vergraben werden. So h\u00e4lt es dem Wind stand. Der Boden hilft dabei, dass auch kleine Kinder ihre Snacks am Strand ohne Sand essen k\u00f6nnen.<\/p>\n<p><a href=\"https:\/\/www.schlanser.ch\/zelte\/campingzelte\/iglu-kuppelzelte\/236178\/outwell-beach-shelter-compton-2-strandzelt\" class=\"broken_link\"><img loading=\"lazy\" decoding=\"async\" class=\"aligncenter wp-image-14613 size-full\" title=\"Outwell Beach Shelter Compton 2 Strandzelt\" src=\"https:\/\/www.schlanser.ch\/magazin\/wp-content\/uploads\/2024\/04\/Outwell-Beach-Shelter-Compton-2-Strandzelt.jpg\" alt=\"Outwell Beach Shelter Compton 2 Strandzelt\" width=\"620\" height=\"331\" srcset=\"https:\/\/www.schlanser.ch\/magazin\/wp-content\/uploads\/2024\/04\/Outwell-Beach-Shelter-Compton-2-Strandzelt.jpg 620w, https:\/\/www.schlanser.ch\/magazin\/wp-content\/uploads\/2024\/04\/Outwell-Beach-Shelter-Compton-2-Strandzelt-300x160.jpg 300w, https:\/\/www.schlanser.ch\/magazin\/wp-content\/uploads\/2024\/04\/Outwell-Beach-Shelter-Compton-2-Strandzelt-310x165.jpg 310w\" sizes=\"(max-width: 620px) 100vw, 620px\" \/><\/a><\/p>\n<h3>F\u00fcr noch mehr Privatsph\u00e4re \u2013 extra Kuppelzelt f\u00fcr Teenager-Kinder<\/h3>\n<p style=\"text-align: justify;\">W\u00fcnschen Sie sich, weiterhin mit den grossen Kindern gemeinsam zu verreisen und suchen deshalb ein <a href=\"https:\/\/www.schlanser.ch\/zelte\/campingzelte\/5-8-personen-zelte\/\">F\u00fcnfraumzelt<\/a>? Vielleicht laden Sie auch noch die besten Freunde der Kinder ein? Achtung! Ein F\u00fcnfraumzelt hat drei Schlafkabinen, einen Wohnraum und ein Raum, der einem offenen Vorzelt gleicht. Locken Sie Ihre Teenager also nicht mit Einzelkabinen. Als Alternativvorschlag begn\u00fcgen Sie sich doch mit einem zus\u00e4tzlichen Zelt auf dem Stellplatz. Sp\u00e4ter k\u00f6nnen die erwachsenen Kinder dann selbstst\u00e4ndig mit einem der Zelte verreisen &#8211; Eine gute Investition!<\/p>\n<p><img loading=\"lazy\" decoding=\"async\" class=\"aligncenter wp-image-14615 size-full\" title=\"Berger Otario 5 Familienzelt\" src=\"https:\/\/www.schlanser.ch\/magazin\/wp-content\/uploads\/2024\/04\/Berger-Otario-5-Familienzelt.jpg\" alt=\"Berger Otario 5 Familienzelt\" width=\"620\" height=\"388\" srcset=\"https:\/\/www.schlanser.ch\/magazin\/wp-content\/uploads\/2024\/04\/Berger-Otario-5-Familienzelt.jpg 620w, https:\/\/www.schlanser.ch\/magazin\/wp-content\/uploads\/2024\/04\/Berger-Otario-5-Familienzelt-300x188.jpg 300w\" sizes=\"(max-width: 620px) 100vw, 620px\" \/><\/p>\n<h3>Berger Zelte 2022 machen Spass &#8211; Mit einem Wurf im Urlaub!<\/h3>\n<p style=\"text-align: justify;\">Nach der Anreise keine Zeit verlieren \u2013 das ist die Devise der Berger Zelte. Das neue <a href=\"https:\/\/www.schlanser.ch\/zelte\/campingzelte\/wurfzelte\/\">Wurfzelt<\/a> Ponte 4 von Berger ist binnen k\u00fcrzester Zeit aufgebaut, ein Wurf gen\u00fcgt. Die zugeh\u00f6rige L\u00e4ssigkeit m\u00fcssen Sie etwas ein\u00fcben. Das Verstauen muss ebenfalls ge\u00fcbt werden, da bilden die Zelte 2022 keine Ausnahme. Im Berger Ponte 4 Wurfzelt schlafen Sie bequem in 2 Schlafkabinen. F\u00fcr Berger Zelte gilt: Qualit\u00e4t und Innovation setzen sich durch. Die Doppelwand sch\u00fctzt Sie und Ihr <a href=\"https:\/\/www.schlanser.ch\/\">Camper-Equipment<\/a> zuverl\u00e4ssig vor N\u00e4sse.<\/p>\n<p><a href=\"https:\/\/www.schlanser.ch\/zelte\/campingzelte\/wurfzelte\/228150\/berger-ponte-4-wurfzelt\" class=\"broken_link\"><img loading=\"lazy\" decoding=\"async\" class=\"aligncenter wp-image-14617 size-full\" title=\"Berger Ponte 4 Wurfzelt\" src=\"https:\/\/www.schlanser.ch\/magazin\/wp-content\/uploads\/2024\/04\/Berger-Ponte-4-Wurfzelt.jpg\" alt=\"Berger Ponte 4 Wurfzelt\" width=\"620\" height=\"388\" srcset=\"https:\/\/www.schlanser.ch\/magazin\/wp-content\/uploads\/2024\/04\/Berger-Ponte-4-Wurfzelt.jpg 620w, https:\/\/www.schlanser.ch\/magazin\/wp-content\/uploads\/2024\/04\/Berger-Ponte-4-Wurfzelt-300x188.jpg 300w\" sizes=\"(max-width: 620px) 100vw, 620px\" \/><\/a><\/p>\n<h3>Vango &#8211; f\u00fcr die ultimative Naturerfahrung unterwegs<\/h3>\n<p style=\"text-align: justify;\">Seien Sie der Natur nah und \u00fcbernachten Sie minimalistisch, w\u00e4hrend Sie auf Radtour oder auf Wanderschaft sind. Am Waldrand lauschen Sie in der D\u00e4mmerung den Ger\u00e4uschen der Natur: Das Rascheln der Bl\u00e4tter, die Singv\u00f6gel des Abends und die fr\u00fchen Spechtklopfer des Morgengrauens begeistern Sie. Perfekt ausgestattet sind Sie mit dem neuen Leichtzelt: Vango Heddon 100. Dieses Leichtzelt f\u00fcr eine Person l\u00e4sst sich mit zwei Wanderst\u00f6cken oder mit zwei gesammelten Holzst\u00f6cken errichten. So sind Sie w\u00e4hrend Ihrer Tour fast frei von Zelt-Gewicht. Durch das minimale Gewicht k\u00f6nnen Sie das Vango Heddon auch als Strandzelt nutzen.<\/p>\n<p><a href=\"https:\/\/www.schlanser.ch\/zelte\/campingzelte\/2-personen-zelte\/231478\/vango-heddon-100-leichtzelt-1-person\"><img loading=\"lazy\" decoding=\"async\" class=\"aligncenter wp-image-14619 size-full\" title=\"Vango Heddon 100 Leichtzelt 1 Person\" src=\"https:\/\/www.schlanser.ch\/magazin\/wp-content\/uploads\/2024\/04\/Vango-Heddon-100-Leichtzelt-1-Person.jpg\" alt=\"Vango Heddon 100 Leichtzelt 1 Person\" width=\"620\" height=\"445\" srcset=\"https:\/\/www.schlanser.ch\/magazin\/wp-content\/uploads\/2024\/04\/Vango-Heddon-100-Leichtzelt-1-Person.jpg 620w, https:\/\/www.schlanser.ch\/magazin\/wp-content\/uploads\/2024\/04\/Vango-Heddon-100-Leichtzelt-1-Person-300x215.jpg 300w\" sizes=\"(max-width: 620px) 100vw, 620px\" \/><\/a><\/p>\n<h3>WIGO Markisen &#8211; bew\u00e4hrt und best\u00e4ndig<\/h3>\n<p style=\"text-align: justify;\">Die Markisentechnik von WIGO setzt sich auch in diesem Jahr durch. Entdecken Sie bei Bedarf neues Zubeh\u00f6r f\u00fcr unsere bew\u00e4hrten Wigo Sackmarkisen. Die <a href=\"https:\/\/www.schlanser.ch\/zelte\/vorzelte\/wohnwagenvorzelte\/\">Sackmarkisen mit Vorzelt von Wigo<\/a> sind so konstruiert, dass ein Veranda-Effekt entsteht. Ob mit geschlossenem Vorzelt, halb ge\u00f6ffneten Seiten oder ge\u00f6ffneten Fensterluken &#8211; Sie entscheiden, wie Sie es gem\u00fctlich haben. Die Markise hat System und pr\u00e4sentiert sich so komplett, dass Neuerungen eigentlich \u00fcberfl\u00fcssig sind.<\/p>\n<p><img loading=\"lazy\" decoding=\"async\" class=\"aligncenter wp-image-14621 size-full\" title=\"Wigo Sackmarkise mit Vorzelt Rolli Plus Ambiente Special 495 x 250 cm\" src=\"https:\/\/www.schlanser.ch\/magazin\/wp-content\/uploads\/2024\/04\/Wigo-Sackmarkise-mit-Vorzelt-Rolli-Plus-Ambiente-Special-495-x-250-cm.jpg\" alt=\"Wigo Sackmarkise mit Vorzelt Rolli Plus Ambiente Special 495 x 250 cm\" width=\"620\" height=\"388\" srcset=\"https:\/\/www.schlanser.ch\/magazin\/wp-content\/uploads\/2024\/04\/Wigo-Sackmarkise-mit-Vorzelt-Rolli-Plus-Ambiente-Special-495-x-250-cm.jpg 620w, https:\/\/www.schlanser.ch\/magazin\/wp-content\/uploads\/2024\/04\/Wigo-Sackmarkise-mit-Vorzelt-Rolli-Plus-Ambiente-Special-495-x-250-cm-300x188.jpg 300w\" sizes=\"(max-width: 620px) 100vw, 620px\" \/><\/p>\n<h2>Perfekt eingerichtet mit K\u00fcchenzelt \u2013 neue Funktionalit\u00e4t beim Kochen<\/h2>\n<p style=\"text-align: justify;\">Vor Wind und Wetter gesch\u00fctzt platzieren Sie Ihre <a href=\"https:\/\/www.schlanser.ch\/haushalt\/\">Camping-K\u00fcchenausstattung<\/a> am besten im <a href=\"https:\/\/www.schlanser.ch\/zelte\/vorzelte\/universal-dusch-geraetezelte\/\">grossz\u00fcgigen K\u00fcchenzelt<\/a>, welches Sie auch als Lagerzelt nutzen k\u00f6nnen. Hier k\u00f6nnen Sie Gerichte ohne Sandverwehungen zubereiten, gut bel\u00fcftet kochen und den K\u00fchlschrank mit Gas oder Strom betreiben. Das neue K\u00fcchenzelt von Brunner mit Hochentl\u00fcftung wird Ihren Campingalltag bereichern.<\/p>\n<p><a href=\"https:\/\/www.schlanser.ch\/zelte\/vorzelte\/universal-dusch-geraetezelte\/48914\/berger-granary-deluxe-geraete-und-kuechenzelt\" class=\"broken_link\"><img loading=\"lazy\" decoding=\"async\" class=\"aligncenter wp-image-14623 size-full\" title=\"Berger Granary Deluxe Ger\u00e4te- und K\u00fcchenzelt\" src=\"https:\/\/www.schlanser.ch\/magazin\/wp-content\/uploads\/2024\/04\/Berger-Granary-Deluxe-Geraete-und-Kuechenzelt.jpg\" alt=\"Berger Granary Deluxe Ger\u00e4te- und K\u00fcchenzelt\" width=\"620\" height=\"388\" srcset=\"https:\/\/www.schlanser.ch\/magazin\/wp-content\/uploads\/2024\/04\/Berger-Granary-Deluxe-Geraete-und-Kuechenzelt.jpg 620w, https:\/\/www.schlanser.ch\/magazin\/wp-content\/uploads\/2024\/04\/Berger-Granary-Deluxe-Geraete-und-Kuechenzelt-300x188.jpg 300w\" sizes=\"(max-width: 620px) 100vw, 620px\" \/><\/a><\/p>\n<h3>Fr\u00fch ins Bett und lange ausschlafen &#8211; Coleman Schlafbereich ohne Tageslicht<\/h3>\n<p style=\"text-align: justify;\">Das neue Kuppelzelt Octagon 8 Black Out von Coleman bietet die M\u00f6glichkeit zur Abdunkelung. Bis zu 99% des Tageslichts werden abgeschirmt. Der grosse Wohn- oder Schlafbereich eignet sich perfekt f\u00fcr bis zu 8 Personen oder einen grossen Wohnraum f\u00fcr eine Familie. Durch die Verdunkelungstechnologie k\u00f6nnen Sie m\u00fchelos auch an hellen Abenden Ihre Kinder ins Bett bringen. Perfekt eignet sich das grosse Kuppelzelt auch f\u00fcr Junggebliebene oder Festivalbesucher, die als Gruppe \u00fcbernachten wollen und morgens gern etwas l\u00e4nger ausschlafen.<\/p>\n<p><img loading=\"lazy\" decoding=\"async\" class=\"aligncenter wp-image-14625 size-full\" title=\"Coleman Octagon 8 BlackOut Kuppelzelt\" src=\"https:\/\/www.schlanser.ch\/magazin\/wp-content\/uploads\/2024\/04\/Coleman-Octagon-8-BlackOut-Kuppelzelt.jpg\" alt=\"Coleman Octagon 8 BlackOut Kuppelzelt\" width=\"620\" height=\"388\" srcset=\"https:\/\/www.schlanser.ch\/magazin\/wp-content\/uploads\/2024\/04\/Coleman-Octagon-8-BlackOut-Kuppelzelt.jpg 620w, https:\/\/www.schlanser.ch\/magazin\/wp-content\/uploads\/2024\/04\/Coleman-Octagon-8-BlackOut-Kuppelzelt-300x188.jpg 300w\" sizes=\"(max-width: 620px) 100vw, 620px\" \/><\/p>\n<h2>Fazit \u2013 2022 kann kommen<\/h2>\n<p style=\"text-align: justify;\">Bei den neuen Zelten 2022 finden Sie das, was Ihre derzeitigen Anspr\u00fcche erf\u00fcllt. Entdecken Sie jetzt alle Neuheiten und lassen Sie sich in Gedanken schonmal genussvoll in den Urlaub treiben.<\/p>\n","protected":false},"excerpt":{"rendered":"<p>\u00ab Camper-Equipment f\u00fcr die neue Saison \u00bb Die Zelte von 2022 werden innovativ. Die Produktentwickler werden nicht m\u00fcde, nach Verbesserungspotential f\u00fcr ihre Kunden zu suchen. Kleine Verbesserungen, die Liebe zum Detail, moderne Farben und robuste High-Tech-Materialien begeistern Kunden in ganz Europa. Profitieren Sie von genialen Ideen und erfrischenden Probleml\u00f6sern. Lesen Sie alles zum Thema &#8222;Neue &hellip;<\/p>\n","protected":false},"author":1,"featured_media":14627,"comment_status":"closed","ping_status":"open","sticky":false,"template":"","format":"standard","meta":{"footnotes":""},"categories":[1],"tags":[2082,1468,619,2085,1695,2084,1893,2081,2083,1978,377,387,2080],"yoast_head":"<!-- This site is optimized with the Yoast SEO plugin v22.2 - https:\/\/yoast.com\/wordpress\/plugins\/seo\/ -->\n<title>Neue Ausr\u00fcstung, neue Zelte 2022 - Schlanser Magazin<\/title>\n<meta name=\"description\" content=\"Das Schlanser Campingmagazin stellt neues Equipment f\u00fcr die langersehnte \u2600\ufe0f Campingsaison 2022 vor \u2665\ufe0f Jetzt neue Marken-Zelte und mehr entdecken!\" \/>\n<meta name=\"robots\" content=\"noindex, follow\" \/>\n<meta property=\"og:locale\" content=\"de_DE\" \/>\n<meta property=\"og:type\" content=\"article\" \/>\n<meta property=\"og:title\" content=\"Neue Ausr\u00fcstung, neue Zelte 2022 - Schlanser Magazin\" \/>\n<meta property=\"og:description\" content=\"Das Schlanser Campingmagazin stellt neues Equipment f\u00fcr die langersehnte \u2600\ufe0f Campingsaison 2022 vor \u2665\ufe0f Jetzt neue Marken-Zelte und mehr entdecken!\" \/>\n<meta property=\"og:url\" content=\"https:\/\/www.schlanser.ch\/magazin\/neue-ausruestung-neue-zelte-2022\/\" \/>\n<meta property=\"og:site_name\" content=\"Schlanser Magazin\" \/>\n<meta property=\"article:published_time\" content=\"2022-04-14T12:15:45+00:00\" \/>\n<meta property=\"article:modified_time\" content=\"2025-10-01T13:15:51+00:00\" \/>\n<meta property=\"og:image\" content=\"https:\/\/www.schlanser.ch\/magazin\/wp-content\/uploads\/2024\/04\/Coleman-Octagon-8-BlackOut-Kuppelzelt-Beitragsbild.jpg\" \/>\n\t<meta property=\"og:image:width\" content=\"660\" \/>\n\t<meta property=\"og:image:height\" content=\"413\" \/>\n\t<meta property=\"og:image:type\" content=\"image\/jpeg\" \/>\n<meta name=\"author\" content=\"admin\" \/>\n<meta name=\"twitter:card\" content=\"summary_large_image\" \/>\n<meta name=\"twitter:label1\" content=\"Verfasst von\" \/>\n\t<meta name=\"twitter:data1\" content=\"admin\" \/>\n\t<meta name=\"twitter:label2\" content=\"Gesch\u00e4tzte Lesezeit\" \/>\n\t<meta name=\"twitter:data2\" content=\"9 Minuten\" \/>\n<script type=\"application\/ld+json\" class=\"yoast-schema-graph\">{\"@context\":\"https:\/\/schema.org\",\"@graph\":[{\"@type\":\"WebPage\",\"@id\":\"https:\/\/www.schlanser.ch\/magazin\/neue-ausruestung-neue-zelte-2022\/\",\"url\":\"https:\/\/www.schlanser.ch\/magazin\/neue-ausruestung-neue-zelte-2022\/\",\"name\":\"Neue Ausr\u00fcstung, neue Zelte 2022 - Schlanser Magazin\",\"isPartOf\":{\"@id\":\"https:\/\/www.schlanser.ch\/magazin\/#website\"},\"primaryImageOfPage\":{\"@id\":\"https:\/\/www.schlanser.ch\/magazin\/neue-ausruestung-neue-zelte-2022\/#primaryimage\"},\"image\":{\"@id\":\"https:\/\/www.schlanser.ch\/magazin\/neue-ausruestung-neue-zelte-2022\/#primaryimage\"},\"thumbnailUrl\":\"https:\/\/www.schlanser.ch\/magazin\/wp-content\/uploads\/2024\/04\/Coleman-Octagon-8-BlackOut-Kuppelzelt-Beitragsbild.jpg\",\"datePublished\":\"2022-04-14T12:15:45+00:00\",\"dateModified\":\"2025-10-01T13:15:51+00:00\",\"author\":{\"@id\":\"https:\/\/www.schlanser.ch\/magazin\/#\/schema\/person\/000db0a103eb2594ba3daf394b1dfea2\"},\"description\":\"Das Schlanser Campingmagazin stellt neues Equipment f\u00fcr die langersehnte \u2600\ufe0f Campingsaison 2022 vor \u2665\ufe0f Jetzt neue Marken-Zelte und mehr entdecken!\",\"breadcrumb\":{\"@id\":\"https:\/\/www.schlanser.ch\/magazin\/neue-ausruestung-neue-zelte-2022\/#breadcrumb\"},\"inLanguage\":\"de-DE\",\"potentialAction\":[{\"@type\":\"ReadAction\",\"target\":[\"https:\/\/www.schlanser.ch\/magazin\/neue-ausruestung-neue-zelte-2022\/\"]}]},{\"@type\":\"ImageObject\",\"inLanguage\":\"de-DE\",\"@id\":\"https:\/\/www.schlanser.ch\/magazin\/neue-ausruestung-neue-zelte-2022\/#primaryimage\",\"url\":\"https:\/\/www.schlanser.ch\/magazin\/wp-content\/uploads\/2024\/04\/Coleman-Octagon-8-BlackOut-Kuppelzelt-Beitragsbild.jpg\",\"contentUrl\":\"https:\/\/www.schlanser.ch\/magazin\/wp-content\/uploads\/2024\/04\/Coleman-Octagon-8-BlackOut-Kuppelzelt-Beitragsbild.jpg\",\"width\":660,\"height\":413,\"caption\":\"Coleman Octagon 8 BlackOut Kuppelzelt - Zelte 2022\"},{\"@type\":\"BreadcrumbList\",\"@id\":\"https:\/\/www.schlanser.ch\/magazin\/neue-ausruestung-neue-zelte-2022\/#breadcrumb\",\"itemListElement\":[{\"@type\":\"ListItem\",\"position\":1,\"name\":\"Startseite\",\"item\":\"https:\/\/www.schlanser.ch\/magazin\/\"},{\"@type\":\"ListItem\",\"position\":2,\"name\":\"Neue Ausr\u00fcstung, neue Zelte 2022\"}]},{\"@type\":\"WebSite\",\"@id\":\"https:\/\/www.schlanser.ch\/magazin\/#website\",\"url\":\"https:\/\/www.schlanser.ch\/magazin\/\",\"name\":\"Schlanser Magazin\",\"description\":\"\",\"potentialAction\":[{\"@type\":\"SearchAction\",\"target\":{\"@type\":\"EntryPoint\",\"urlTemplate\":\"https:\/\/www.schlanser.ch\/magazin\/?s={search_term_string}\"},\"query-input\":\"required name=search_term_string\"}],\"inLanguage\":\"de-DE\"},{\"@type\":\"Person\",\"@id\":\"https:\/\/www.schlanser.ch\/magazin\/#\/schema\/person\/000db0a103eb2594ba3daf394b1dfea2\",\"name\":\"admin\",\"image\":{\"@type\":\"ImageObject\",\"inLanguage\":\"de-DE\",\"@id\":\"https:\/\/www.schlanser.ch\/magazin\/#\/schema\/person\/image\/\",\"url\":\"https:\/\/secure.gravatar.com\/avatar\/a794a4fe8a9b9c52241597eb381dfa2e?s=96&d=mm&r=g\",\"contentUrl\":\"https:\/\/secure.gravatar.com\/avatar\/a794a4fe8a9b9c52241597eb381dfa2e?s=96&d=mm&r=g\",\"caption\":\"admin\"}}]}<\/script>\n<!-- \/ Yoast SEO plugin. -->","yoast_head_json":{"title":"Neue Ausr\u00fcstung, neue Zelte 2022 - Schlanser Magazin","description":"Das Schlanser Campingmagazin stellt neues Equipment f\u00fcr die langersehnte \u2600\ufe0f Campingsaison 2022 vor \u2665\ufe0f Jetzt neue Marken-Zelte und mehr entdecken!","robots":{"index":"noindex","follow":"follow"},"og_locale":"de_DE","og_type":"article","og_title":"Neue Ausr\u00fcstung, neue Zelte 2022 - Schlanser Magazin","og_description":"Das Schlanser Campingmagazin stellt neues Equipment f\u00fcr die langersehnte \u2600\ufe0f Campingsaison 2022 vor \u2665\ufe0f Jetzt neue Marken-Zelte und mehr entdecken!","og_url":"https:\/\/www.schlanser.ch\/magazin\/neue-ausruestung-neue-zelte-2022\/","og_site_name":"Schlanser Magazin","article_published_time":"2022-04-14T12:15:45+00:00","article_modified_time":"2025-10-01T13:15:51+00:00","og_image":[{"width":660,"height":413,"url":"https:\/\/www.schlanser.ch\/magazin\/wp-content\/uploads\/2024\/04\/Coleman-Octagon-8-BlackOut-Kuppelzelt-Beitragsbild.jpg","type":"image\/jpeg"}],"author":"admin","twitter_card":"summary_large_image","twitter_misc":{"Verfasst von":"admin","Gesch\u00e4tzte Lesezeit":"9 Minuten"},"schema":{"@context":"https:\/\/schema.org","@graph":[{"@type":"WebPage","@id":"https:\/\/www.schlanser.ch\/magazin\/neue-ausruestung-neue-zelte-2022\/","url":"https:\/\/www.schlanser.ch\/magazin\/neue-ausruestung-neue-zelte-2022\/","name":"Neue Ausr\u00fcstung, neue Zelte 2022 - Schlanser Magazin","isPartOf":{"@id":"https:\/\/www.schlanser.ch\/magazin\/#website"},"primaryImageOfPage":{"@id":"https:\/\/www.schlanser.ch\/magazin\/neue-ausruestung-neue-zelte-2022\/#primaryimage"},"image":{"@id":"https:\/\/www.schlanser.ch\/magazin\/neue-ausruestung-neue-zelte-2022\/#primaryimage"},"thumbnailUrl":"https:\/\/www.schlanser.ch\/magazin\/wp-content\/uploads\/2024\/04\/Coleman-Octagon-8-BlackOut-Kuppelzelt-Beitragsbild.jpg","datePublished":"2022-04-14T12:15:45+00:00","dateModified":"2025-10-01T13:15:51+00:00","author":{"@id":"https:\/\/www.schlanser.ch\/magazin\/#\/schema\/person\/000db0a103eb2594ba3daf394b1dfea2"},"description":"Das Schlanser Campingmagazin stellt neues Equipment f\u00fcr die langersehnte \u2600\ufe0f Campingsaison 2022 vor \u2665\ufe0f Jetzt neue Marken-Zelte und mehr entdecken!","breadcrumb":{"@id":"https:\/\/www.schlanser.ch\/magazin\/neue-ausruestung-neue-zelte-2022\/#breadcrumb"},"inLanguage":"de-DE","potentialAction":[{"@type":"ReadAction","target":["https:\/\/www.schlanser.ch\/magazin\/neue-ausruestung-neue-zelte-2022\/"]}]},{"@type":"ImageObject","inLanguage":"de-DE","@id":"https:\/\/www.schlanser.ch\/magazin\/neue-ausruestung-neue-zelte-2022\/#primaryimage","url":"https:\/\/www.schlanser.ch\/magazin\/wp-content\/uploads\/2024\/04\/Coleman-Octagon-8-BlackOut-Kuppelzelt-Beitragsbild.jpg","contentUrl":"https:\/\/www.schlanser.ch\/magazin\/wp-content\/uploads\/2024\/04\/Coleman-Octagon-8-BlackOut-Kuppelzelt-Beitragsbild.jpg","width":660,"height":413,"caption":"Coleman Octagon 8 BlackOut Kuppelzelt - Zelte 2022"},{"@type":"BreadcrumbList","@id":"https:\/\/www.schlanser.ch\/magazin\/neue-ausruestung-neue-zelte-2022\/#breadcrumb","itemListElement":[{"@type":"ListItem","position":1,"name":"Startseite","item":"https:\/\/www.schlanser.ch\/magazin\/"},{"@type":"ListItem","position":2,"name":"Neue Ausr\u00fcstung, neue Zelte 2022"}]},{"@type":"WebSite","@id":"https:\/\/www.schlanser.ch\/magazin\/#website","url":"https:\/\/www.schlanser.ch\/magazin\/","name":"Schlanser Magazin","description":"","potentialAction":[{"@type":"SearchAction","target":{"@type":"EntryPoint","urlTemplate":"https:\/\/www.schlanser.ch\/magazin\/?s={search_term_string}"},"query-input":"required name=search_term_string"}],"inLanguage":"de-DE"},{"@type":"Person","@id":"https:\/\/www.schlanser.ch\/magazin\/#\/schema\/person\/000db0a103eb2594ba3daf394b1dfea2","name":"admin","image":{"@type":"ImageObject","inLanguage":"de-DE","@id":"https:\/\/www.schlanser.ch\/magazin\/#\/schema\/person\/image\/","url":"https:\/\/secure.gravatar.com\/avatar\/a794a4fe8a9b9c52241597eb381dfa2e?s=96&d=mm&r=g","contentUrl":"https:\/\/secure.gravatar.com\/avatar\/a794a4fe8a9b9c52241597eb381dfa2e?s=96&d=mm&r=g","caption":"admin"}}]}},"_links":{"self":[{"href":"https:\/\/www.schlanser.ch\/magazin\/wp-json\/wp\/v2\/posts\/14599"}],"collection":[{"href":"https:\/\/www.schlanser.ch\/magazin\/wp-json\/wp\/v2\/posts"}],"about":[{"href":"https:\/\/www.schlanser.ch\/magazin\/wp-json\/wp\/v2\/types\/post"}],"author":[{"embeddable":true,"href":"https:\/\/www.schlanser.ch\/magazin\/wp-json\/wp\/v2\/users\/1"}],"replies":[{"embeddable":true,"href":"https:\/\/www.schlanser.ch\/magazin\/wp-json\/wp\/v2\/comments?post=14599"}],"version-history":[{"count":24,"href":"https:\/\/www.schlanser.ch\/magazin\/wp-json\/wp\/v2\/posts\/14599\/revisions"}],"predecessor-version":[{"id":17513,"href":"https:\/\/www.schlanser.ch\/magazin\/wp-json\/wp\/v2\/posts\/14599\/revisions\/17513"}],"wp:featuredmedia":[{"embeddable":true,"href":"https:\/\/www.schlanser.ch\/magazin\/wp-json\/wp\/v2\/media\/14627"}],"wp:attachment":[{"href":"https:\/\/www.schlanser.ch\/magazin\/wp-json\/wp\/v2\/media?parent=14599"}],"wp:term":[{"taxonomy":"category","embeddable":true,"href":"https:\/\/www.schlanser.ch\/magazin\/wp-json\/wp\/v2\/categories?post=14599"},{"taxonomy":"post_tag","embeddable":true,"href":"https:\/\/www.schlanser.ch\/magazin\/wp-json\/wp\/v2\/tags?post=14599"}],"curies":[{"name":"wp","href":"https:\/\/api.w.org\/{rel}","templated":true}]}}