{"id":15215,"date":"2022-07-19T15:43:00","date_gmt":"2022-07-19T13:43:00","guid":{"rendered":"https:\/\/www.schlanser.ch\/magazin\/?p=15215"},"modified":"2024-01-10T15:49:32","modified_gmt":"2024-01-10T14:49:32","slug":"camping-im-wallis","status":"publish","type":"post","link":"https:\/\/www.schlanser.ch\/magazin\/camping-im-wallis\/","title":{"rendered":"Camping im Wallis"},"content":{"rendered":"<h2>\u00ab Hohe Berge und tiefe Quellen \u00bb<\/h2>\n<p style=\"text-align: justify;\"><strong>Natur erleben an den imposanten Bergketten im Wallis! Erfrischen Sie sich in den k\u00fchlen Gew\u00e4ssern, erbeben Sie vor Ehrfurcht beim Anblick der Schweizer Alpen und geniessen Sie die Ferien im Kanton Wallis. Hier entdecken Sie Natur pur, alte Traditionen, aber auch den Spass und den Genuss des modernen Lebens. Lassen Sie sich von unseren Tipps f\u00fcr Mattertal und Co. verzaubern. Also: Velos auf den <\/strong><a href=\"https:\/\/www.schlanser.ch\/fahrzeug\/wohnwagen-wohnmobil-zubehoer\/fahrradtraeger\/\"><strong>Fahrradtr\u00e4ger<\/strong><\/a><strong>, <\/strong><a href=\"https:\/\/www.schlanser.ch\/outdoor-freizeit\/wasserwelt\/schlauchboote-kajaks-sup-boards\/\"><strong>SUP-Boards<\/strong><\/a><strong> eingepackt und die <\/strong><a href=\"https:\/\/www.schlanser.ch\/\"><strong>Campingausr\u00fcstung<\/strong><\/a><strong> startklar gemacht \u2013 schon k\u00f6nnen die Ferien starten.<\/strong><\/p>\n<h2>Ein Genuss im Sommer und Winter \u2013 Ferien im Wallis<\/h2>\n<p style=\"text-align: justify;\">Der drittgr\u00f6sste Kanton der Schweiz liegt vollst\u00e4ndig im Gebiet der Schweizer Alpen. Er breitet sich aus im Tal der Rhone, vom Rhonegletscher bis zum Genfer See und schliesst die Seitent\u00e4ler der Rhone ein. 45 Viertausender bieten Ihnen eine spannende und vielf\u00e4ltige Bergwelt zum Entdecken. F\u00fcr den Wintersport herrscht hier Schneegarantie, auf den Gletschern k\u00f6nnen Sie sogar im Sommer Schnee geniessen.<\/p>\n<figure id=\"attachment_15216\" aria-describedby=\"caption-attachment-15216\" style=\"width: 620px\" class=\"wp-caption aligncenter\"><img loading=\"lazy\" decoding=\"async\" class=\"wp-image-15216 size-full\" title=\"Der Kanton Wallis hat eine wundersch\u00f6ne Berglandschaft zu bieten\" src=\"https:\/\/www.schlanser.ch\/magazin\/wp-content\/uploads\/2022\/07\/wallis-berge.jpg\" alt=\"Berge im Kanton Wallis am Oeschinensee\" width=\"620\" height=\"413\" srcset=\"https:\/\/www.schlanser.ch\/magazin\/wp-content\/uploads\/2022\/07\/wallis-berge.jpg 620w, https:\/\/www.schlanser.ch\/magazin\/wp-content\/uploads\/2022\/07\/wallis-berge-300x200.jpg 300w\" sizes=\"(max-width: 620px) 100vw, 620px\" \/><figcaption id=\"caption-attachment-15216\" class=\"wp-caption-text\">\u00a9 Eva Bocek &#8211; stock.adobe.com<\/figcaption><\/figure>\n<h2>Tradition trifft Touristik \u2013 optimale Kombination f\u00fcr gelungene Ferien<\/h2>\n<p style=\"text-align: justify;\">Alpsennerei, Schellenschmiede und alte Braucht\u00fcmer \u2013 die Welt der Schweizer Alpen ist stark von Traditionen gepr\u00e4gt. Wenn im Sommer das Vieh auf die Alm getrieben wird und die Bergkr\u00e4uter im Gras zu k\u00f6stlicher Milch werden und hervorragender Bergk\u00e4se entsteht, zieht es Menschen in den Kanton Wallis. Wandertouristen tummeln sich gl\u00fcckselig auf den perfekten Wanderwegen, Sonnenstrahlen erw\u00e4rmen die Felsen und der w\u00fcrzige Duft der Bergbl\u00fcten weckt die Lebensgeister und den Appetit. Aufgrund der vielen Sonnenstunden findet sich im Sommer ein trockenes Steppenklima im Rhonetal. Sie finden aber auch wuselige B\u00e4che, dichte W\u00e4lder und schmucke Blumenwiesen. Die Sonne wirkt sich auch auf die kulinarischen Gaumenfreuden aus: Sonnengeschmack im Obst, in den Gew\u00fcrzen und nat\u00fcrlich im Wein!<\/p>\n<p style=\"text-align: justify;\">Wir stellen Ihnen ein paar Ausflugstipps und gut geeignete Orte f\u00fcr Campingpl\u00e4tze in den Walliser Alpen und im Wallis vor.<\/p>\n<figure id=\"attachment_15217\" aria-describedby=\"caption-attachment-15217\" style=\"width: 620px\" class=\"wp-caption aligncenter\"><img loading=\"lazy\" decoding=\"async\" class=\"wp-image-15217 size-full\" title=\"Die vielen Sonnenstunden im Wallis machen sich auch kulinarisch bemerkbar - zum Beispiel im exzellenten Wein\" src=\"https:\/\/www.schlanser.ch\/magazin\/wp-content\/uploads\/2022\/07\/wein.jpg\" alt=\"Wein aus dem Wallis\" width=\"620\" height=\"392\" srcset=\"https:\/\/www.schlanser.ch\/magazin\/wp-content\/uploads\/2022\/07\/wein.jpg 620w, https:\/\/www.schlanser.ch\/magazin\/wp-content\/uploads\/2022\/07\/wein-300x190.jpg 300w\" sizes=\"(max-width: 620px) 100vw, 620px\" \/><figcaption id=\"caption-attachment-15217\" class=\"wp-caption-text\">\u00a9 caftor &#8211; stock.adobe.com<\/figcaption><\/figure>\n<h3>Bezauberndes Wallis &#8211; den Tag begr\u00fcssen und geniessen<\/h3>\n<p style=\"text-align: justify;\">Beim Camping im Mattertal wird fr\u00fches Aufstehen belohnt: Suchen Sie noch vor Sonnenaufgang eine Stelle \u00f6stlich des Matterhorns auf. Es ist ein eindrucksvolles Erlebnis, das Sie nicht mehr vergessen werden, wenn die \u00f6stliche Matterhornspitze beim Sonnenaufgang zuerst ins Sonnenlicht getaucht wird. Anschliessend klettern die Sonnenstrahlen dann langsam die Ostwand hinab \u2013 ein beeindruckendes Lichtspektakel, an jedem unbew\u00f6lkten Morgen.<\/p>\n<figure id=\"attachment_15224\" aria-describedby=\"caption-attachment-15224\" style=\"width: 620px\" class=\"wp-caption aligncenter\"><img loading=\"lazy\" decoding=\"async\" class=\"wp-image-15224 size-full\" title=\"Welch Spektakel, wenn das Matterhorn im Licht der aufgehenden Sonne erscheint \" src=\"https:\/\/www.schlanser.ch\/magazin\/wp-content\/uploads\/2022\/07\/matterhorn.jpg\" alt=\"Matterhorn im Sonnenaufgang im Wallis\" width=\"620\" height=\"290\" srcset=\"https:\/\/www.schlanser.ch\/magazin\/wp-content\/uploads\/2022\/07\/matterhorn.jpg 620w, https:\/\/www.schlanser.ch\/magazin\/wp-content\/uploads\/2022\/07\/matterhorn-300x140.jpg 300w\" sizes=\"(max-width: 620px) 100vw, 620px\" \/><figcaption id=\"caption-attachment-15224\" class=\"wp-caption-text\">\u00a9 SasinParaksa &#8211; stock.adobe.com<\/figcaption><\/figure>\n<h3>Zermatt \u2013 bequem aufs Matterhorn hinauf<\/h3>\n<p style=\"text-align: justify;\">Der beliebte Ferienort liegt im Mattertal am Fusse des Matterhorns. Das Matterhorn gilt als Wahrzeichen f\u00fcr die Schweiz, verst\u00e4ndlich, denn mit seiner ganz eigenen \u00c4sthetik bietet er rundum ein gelungenes Urlaubserlebnis. Mit dem Gipfellift erreichen Sie in 3883 Metern H\u00f6he bequem einen Aussichtspunkt, von dem aus Sie die Umgebung bewundern k\u00f6nnen: 38 Viertausender und 14 Gletscher k\u00f6nnen Sie bei freier Sicht bewundern! Hier befindet sich auch das am h\u00f6chsten gelegene Sommerskigebiet. Bis zum Mittag k\u00f6nnen Sie hier herrlich Skifahren, danach wird die Sonne zu heftig. Gut m\u00f6glich, dass Sie prominente Wintersportler auf den Sesselliften entdecken, denn hier finden im Sommer Trainingslager f\u00fcr die Profis statt.<\/p>\n<p style=\"text-align: justify;\">Mit Zermatt als Ausgangspunkt starten Sie aufregende Mountainbike-Touren und spektakul\u00e4re Klettertouren. Bei traumhaften Wandertouren auf \u00fcber 400 Kilometer Wanderwegnetz, entdecken Sie zum Beispiel die alten, teils gepflasterten Saumwege aus dem 13. Jahrhundert.<\/p>\n<figure id=\"attachment_15218\" aria-describedby=\"caption-attachment-15218\" style=\"width: 620px\" class=\"wp-caption aligncenter\"><img loading=\"lazy\" decoding=\"async\" class=\"wp-image-15218 size-full\" title=\"Von Zermatt aus ergeben sich viele sch\u00f6ne Wanderungen in der wundersch\u00f6nen Landschaft \" src=\"https:\/\/www.schlanser.ch\/magazin\/wp-content\/uploads\/2022\/07\/zermatt-wandern.jpg\" alt=\"Frau wandert in den Bergen bei Zermatt \" width=\"620\" height=\"413\" srcset=\"https:\/\/www.schlanser.ch\/magazin\/wp-content\/uploads\/2022\/07\/zermatt-wandern.jpg 620w, https:\/\/www.schlanser.ch\/magazin\/wp-content\/uploads\/2022\/07\/zermatt-wandern-300x200.jpg 300w\" sizes=\"(max-width: 620px) 100vw, 620px\" \/><figcaption id=\"caption-attachment-15218\" class=\"wp-caption-text\">\u00a9 janoka82 &#8211; stock.adobe.com<\/figcaption><\/figure>\n<h3>Von Zermatt aus in die Eish\u00f6hle &#8211; einzigartiges Ferienerlebnis<\/h3>\n<p style=\"text-align: justify;\">Ein weiteres Highlight des Matterhorn glacier paradise ist der Gletscher-Palast, den Sie sich beim Camping im Mattertal auf keinen Fall entgehen lassen sollten. Er befindet sich 15 Meter unter der Gletscheroberfl\u00e4che. Ein Personenlift bringt Sie hinab in die eisige Tiefe. Hier werden st\u00e4ndig neue Eisskulpturen von K\u00fcnstlern gefertigt. Nehmen Sie auf Eisb\u00e4nken Platz und bestaunen Sie die glitzernden und funkelnden, beleuchteten Eisskulpturen.<\/p>\n<p style=\"text-align: justify;\">Am Campingplatz T\u00e4sch bei Zermatt w\u00e4rmen Sie sich wieder auf, geniessen die ruhige Lage und die gem\u00fctliche Ausstattung. Der Shuttle-Service oder die Z\u00fcge bringen Sie jederzeit unkompliziert in die autofreie Ortschaft.<\/p>\n<figure id=\"attachment_15219\" aria-describedby=\"caption-attachment-15219\" style=\"width: 620px\" class=\"wp-caption aligncenter\"><img loading=\"lazy\" decoding=\"async\" class=\"wp-image-15219 size-full\" title=\"Der Gletscher Palast liegt 15 Meter unter der Erde\" src=\"https:\/\/www.schlanser.ch\/magazin\/wp-content\/uploads\/2022\/07\/gletscherpalast.jpg\" alt=\"Gletscherpalast bei Zermatt \" width=\"620\" height=\"412\" srcset=\"https:\/\/www.schlanser.ch\/magazin\/wp-content\/uploads\/2022\/07\/gletscherpalast.jpg 620w, https:\/\/www.schlanser.ch\/magazin\/wp-content\/uploads\/2022\/07\/gletscherpalast-300x199.jpg 300w, https:\/\/www.schlanser.ch\/magazin\/wp-content\/uploads\/2022\/07\/gletscherpalast-310x205.jpg 310w\" sizes=\"(max-width: 620px) 100vw, 620px\" \/><figcaption id=\"caption-attachment-15219\" class=\"wp-caption-text\">\u00a9 PixHound &#8211; stock.adobe.com<\/figcaption><\/figure>\n<h3>Sion &#8211; Historische Entdeckungsreise trifft zeitlose Moderne<\/h3>\n<p style=\"text-align: justify;\">Die T\u00fcrme der Schl\u00f6sser Tourbillon und Valeria ragen in den Himmel hinauf und bilden gemeinsam das Wahrzeichen der Stadt Sion. Vergangenheit und Zukunft treffen sich in der Stadt, zahlreiche historische Denkm\u00e4ler, Einkaufsm\u00f6glichkeiten und der Wein werden Sie begeistern!<\/p>\n<p style=\"text-align: justify;\">Besonders die Weissweintraube wird in der Region angebaut und zu dem k\u00f6stlichen Fendant bereitet. Um die Felder zu bew\u00e4ssern, wurden vormals Kan\u00e4le in die Bergh\u00e4nge der Weinberge gehauen. Wanderungen an diesen &#8222;Suonen&#8220; sind immer ein besonderes Erlebnis. Es gibt einen TCS 4-Sterne-Campingplatz in Sion, auf dem Sie gut unterkommen k\u00f6nnen. Hier k\u00f6nnen Sie weitere Attraktionen erleben, wenn Sie gerade keinen Ausflug unternehmen, wie Spass im Planschbecken, Stand-Up-Paddling auf dem See und vieles mehr.<\/p>\n<p><a href=\"https:\/\/www.schlanser.ch\/zelte\/vorzelte\/reisemobil-busvorzelte\/32048\/berger-touring-busvorzelt\" class=\"broken_link\"><img loading=\"lazy\" decoding=\"async\" class=\"aligncenter wp-image-15220 size-full\" title=\"Berger Touring Busvorzelt\" src=\"https:\/\/www.schlanser.ch\/magazin\/wp-content\/uploads\/2022\/07\/Berger-Touring-Busvorzelt.jpg\" alt=\"Berger Touring Busvorzelt\" width=\"620\" height=\"388\" srcset=\"https:\/\/www.schlanser.ch\/magazin\/wp-content\/uploads\/2022\/07\/Berger-Touring-Busvorzelt.jpg 620w, https:\/\/www.schlanser.ch\/magazin\/wp-content\/uploads\/2022\/07\/Berger-Touring-Busvorzelt-300x188.jpg 300w\" sizes=\"(max-width: 620px) 100vw, 620px\" \/><\/a><\/p>\n<h3>Brigerbad \u2013 eine Wohltat f\u00fcr Ihre Gesundheit<\/h3>\n<p style=\"text-align: justify;\">Der gem\u00fctliche Badeort Brigerbad ist ein perfekter Ausgangspunkt f\u00fcr herrliche Wanderungen in das Baltschiedertal und das Gredetschtal. Im Freiluft-Thermalbad rutschen Sie in Thermalwasser 182 Meter am Berghang entlang und entspannen Ihre Muskeln auf wohltuende Art. Thermalwasser werden stressmindernde Eigenschaften nachgesagt sowie Heilwirkung bei Problemen mit dem Bewegungsapparat und immunst\u00e4rkende Effekte.<\/p>\n<p style=\"text-align: justify;\">Das Camping Brigerbad liegt direkt neben dem Thermalbad, Campingg\u00e4ste bekommen verg\u00fcnstigten Eintritt ins Bad. Der Campingplatz in den Schweizer Alpen ist mit gepflegten Rasenpl\u00e4tzen ausgestattet und verf\u00fcgt \u00fcber zwei ansprechende Kinderspielpl\u00e4tze und auch sonst ein tolles Freizeitangebot.<\/p>\n<h2>Camping Monument \u2013 urspr\u00fcngliche Sch\u00f6nheit und Gastfreundschaft erleben<\/h2>\n<p style=\"text-align: justify;\">Wild und romantisch wirkt es am Camping Monument. Der nette, seit 50 Jahren familiengef\u00fchrte Betrieb, wird Campingfreunde begeistern. Hier ist das Camping, wie es urspr\u00fcnglich einmal war: sch\u00f6ne, naturnah bewachsene Campingparzellen mit schattenspendenden B\u00e4umen und dazu das herrliche Alpenpanorama! Ein Genuss f\u00fcr die Seele!<\/p>\n<p style=\"text-align: justify;\">Der Campingplatz im Wallis verf\u00fcgt \u00fcber eine einfache, aber gute Ausstattung: Einkaufsm\u00f6glichkeit, Spielplatz, Schwimmbad sind vorhanden und garantieren Ferienspass. Das Camping Monument ist einfach ein Platz zum Wohlf\u00fchlen. Und noch dazu ist es ein optimaler Ausgangsort f\u00fcr Ausfl\u00fcge ins Wallis!<\/p>\n<figure id=\"attachment_15221\" aria-describedby=\"caption-attachment-15221\" style=\"width: 620px\" class=\"wp-caption aligncenter\"><img loading=\"lazy\" decoding=\"async\" class=\"wp-image-15221 size-full\" title=\"Im Naturpark Pfyn-Finges liegt das naturbelassene Camping Monument \" src=\"https:\/\/www.schlanser.ch\/magazin\/wp-content\/uploads\/2022\/07\/pfyn-finges.jpg\" alt=\"Naturpark Pfyn-Finges \" width=\"620\" height=\"349\" srcset=\"https:\/\/www.schlanser.ch\/magazin\/wp-content\/uploads\/2022\/07\/pfyn-finges.jpg 620w, https:\/\/www.schlanser.ch\/magazin\/wp-content\/uploads\/2022\/07\/pfyn-finges-300x169.jpg 300w\" sizes=\"(max-width: 620px) 100vw, 620px\" \/><figcaption id=\"caption-attachment-15221\" class=\"wp-caption-text\">Von Christian David &#8211; Eigenes Werk, CC BY-SA 4.0, https:\/\/commons.wikimedia.org\/w\/index.php?curid=100030033<\/figcaption><\/figure>\n<h2>Ausflugstipp: Panoramaweg auf Torrent<\/h2>\n<p style=\"text-align: justify;\">Eine sehr empfehlenswerte, gem\u00fctliche Wanderstrecke liegt bei Leukerbad. Viel Sonne und stets ein herrliches Alpenpanorama mit Blick auf die Viertausender der Walliser Alpen. Fahren Sie mit der Schwebebahn hinauf zur Rinderh\u00fctte und begegnen Sie bergab den kulinarischen Verlockungen des Wallis. Der Weg ist f\u00fcr Bewegungsfreudige, kulinarisch Interessierte und Familien mit Kindern geeignet. Der Campingplatz Torrent wird von einem Ehepaar liebevoll gef\u00fchrt und bietet sympathische Ausstattung, ein unterhaltsames Live-Musik-Programm und eine ruhige Lage.<\/p>\n<p><img loading=\"lazy\" decoding=\"async\" class=\"aligncenter wp-image-15222 size-full\" title=\"Berger Liberta-L Rear low aufblasbares SUV Heckzelt\" src=\"https:\/\/www.schlanser.ch\/magazin\/wp-content\/uploads\/2022\/07\/Berger-Liberta-L-Rear-low-aufblasbares-SUV-Heckzelt.jpg\" alt=\"Berger Liberta-L Rear low aufblasbares SUV Heckzelt\" width=\"620\" height=\"388\" srcset=\"https:\/\/www.schlanser.ch\/magazin\/wp-content\/uploads\/2022\/07\/Berger-Liberta-L-Rear-low-aufblasbares-SUV-Heckzelt.jpg 620w, https:\/\/www.schlanser.ch\/magazin\/wp-content\/uploads\/2022\/07\/Berger-Liberta-L-Rear-low-aufblasbares-SUV-Heckzelt-300x188.jpg 300w\" sizes=\"(max-width: 620px) 100vw, 620px\" \/><\/p>\n<h2>Camping im Wallis: lieben Sie die Gegens\u00e4tze<\/h2>\n<p style=\"text-align: justify;\">Hohe Berge und tiefe Quellen sind nur zwei der vielen Gegens\u00e4tze, die Sie erleben, wenn Sie f\u00fcr Ihre Ferien einen Campingplatz in Wallis ausw\u00e4hlen. Ihre Ferien im Wallis werden vieles ausl\u00f6sen, aber ganz sicher keine Langeweile. Erfreuen Sie sich an der Sch\u00f6nheit der Schweizer Ferienregion.<\/p>\n","protected":false},"excerpt":{"rendered":"<p>\u00ab Hohe Berge und tiefe Quellen \u00bb Natur erleben an den imposanten Bergketten im Wallis! Erfrischen Sie sich in den k\u00fchlen Gew\u00e4ssern, erbeben Sie vor Ehrfurcht beim Anblick der Schweizer Alpen und geniessen Sie die Ferien im Kanton Wallis. Hier entdecken Sie Natur pur, alte Traditionen, aber auch den Spass und den Genuss des modernen &hellip;<\/p>\n","protected":false},"author":1,"featured_media":15225,"comment_status":"closed","ping_status":"open","sticky":false,"template":"","format":"standard","meta":{"footnotes":""},"categories":[2],"tags":[2176,969,201,2174,2177,1888,2178,2175,743,1887],"yoast_head":"<!-- This site is optimized with the Yoast SEO plugin v22.2 - https:\/\/yoast.com\/wordpress\/plugins\/seo\/ -->\n<title>Camping im Wallis - Schlanser Magazin<\/title>\n<meta name=\"description\" content=\"Erleben Sie Camping im Wallis und entdecken Sie die sch\u00f6nsten Ausflugsziele \u2714 und Campingpl\u00e4tze \u2714 im Kanton | Schlanser Campingmagazin!\" \/>\n<meta name=\"robots\" content=\"index, follow, max-snippet:-1, max-image-preview:large, max-video-preview:-1\" \/>\n<link rel=\"canonical\" href=\"https:\/\/www.schlanser.ch\/magazin\/camping-im-wallis\/\" \/>\n<meta property=\"og:locale\" content=\"de_DE\" \/>\n<meta property=\"og:type\" content=\"article\" \/>\n<meta property=\"og:title\" content=\"Camping im Wallis - Schlanser Magazin\" \/>\n<meta property=\"og:description\" content=\"Erleben Sie Camping im Wallis und entdecken Sie die sch\u00f6nsten Ausflugsziele \u2714 und Campingpl\u00e4tze \u2714 im Kanton | Schlanser Campingmagazin!\" \/>\n<meta property=\"og:url\" content=\"https:\/\/www.schlanser.ch\/magazin\/camping-im-wallis\/\" \/>\n<meta property=\"og:site_name\" content=\"Schlanser Magazin\" \/>\n<meta property=\"article:published_time\" content=\"2022-07-19T13:43:00+00:00\" \/>\n<meta property=\"article:modified_time\" content=\"2024-01-10T14:49:32+00:00\" \/>\n<meta property=\"og:image\" content=\"https:\/\/www.schlanser.ch\/magazin\/wp-content\/uploads\/2022\/07\/wallis-camping.jpg\" \/>\n\t<meta property=\"og:image:width\" content=\"660\" \/>\n\t<meta property=\"og:image:height\" content=\"371\" \/>\n\t<meta property=\"og:image:type\" content=\"image\/jpeg\" \/>\n<meta name=\"author\" content=\"admin\" \/>\n<meta name=\"twitter:card\" content=\"summary_large_image\" \/>\n<meta name=\"twitter:label1\" content=\"Verfasst von\" \/>\n\t<meta name=\"twitter:data1\" content=\"admin\" \/>\n\t<meta name=\"twitter:label2\" content=\"Gesch\u00e4tzte Lesezeit\" \/>\n\t<meta name=\"twitter:data2\" content=\"8 Minuten\" \/>\n<script type=\"application\/ld+json\" class=\"yoast-schema-graph\">{\"@context\":\"https:\/\/schema.org\",\"@graph\":[{\"@type\":\"WebPage\",\"@id\":\"https:\/\/www.schlanser.ch\/magazin\/camping-im-wallis\/\",\"url\":\"https:\/\/www.schlanser.ch\/magazin\/camping-im-wallis\/\",\"name\":\"Camping im Wallis - Schlanser Magazin\",\"isPartOf\":{\"@id\":\"https:\/\/www.schlanser.ch\/magazin\/#website\"},\"primaryImageOfPage\":{\"@id\":\"https:\/\/www.schlanser.ch\/magazin\/camping-im-wallis\/#primaryimage\"},\"image\":{\"@id\":\"https:\/\/www.schlanser.ch\/magazin\/camping-im-wallis\/#primaryimage\"},\"thumbnailUrl\":\"https:\/\/www.schlanser.ch\/magazin\/wp-content\/uploads\/2022\/07\/wallis-camping.jpg\",\"datePublished\":\"2022-07-19T13:43:00+00:00\",\"dateModified\":\"2024-01-10T14:49:32+00:00\",\"author\":{\"@id\":\"https:\/\/www.schlanser.ch\/magazin\/#\/schema\/person\/000db0a103eb2594ba3daf394b1dfea2\"},\"description\":\"Erleben Sie Camping im Wallis und entdecken Sie die sch\u00f6nsten Ausflugsziele \u2714 und Campingpl\u00e4tze \u2714 im Kanton | Schlanser Campingmagazin!\",\"breadcrumb\":{\"@id\":\"https:\/\/www.schlanser.ch\/magazin\/camping-im-wallis\/#breadcrumb\"},\"inLanguage\":\"de-DE\",\"potentialAction\":[{\"@type\":\"ReadAction\",\"target\":[\"https:\/\/www.schlanser.ch\/magazin\/camping-im-wallis\/\"]}]},{\"@type\":\"ImageObject\",\"inLanguage\":\"de-DE\",\"@id\":\"https:\/\/www.schlanser.ch\/magazin\/camping-im-wallis\/#primaryimage\",\"url\":\"https:\/\/www.schlanser.ch\/magazin\/wp-content\/uploads\/2022\/07\/wallis-camping.jpg\",\"contentUrl\":\"https:\/\/www.schlanser.ch\/magazin\/wp-content\/uploads\/2022\/07\/wallis-camping.jpg\",\"width\":660,\"height\":371,\"caption\":\"\u00a9 sanderstock - stock.adobe.com\"},{\"@type\":\"BreadcrumbList\",\"@id\":\"https:\/\/www.schlanser.ch\/magazin\/camping-im-wallis\/#breadcrumb\",\"itemListElement\":[{\"@type\":\"ListItem\",\"position\":1,\"name\":\"Startseite\",\"item\":\"https:\/\/www.schlanser.ch\/magazin\/\"},{\"@type\":\"ListItem\",\"position\":2,\"name\":\"Camping im Wallis\"}]},{\"@type\":\"WebSite\",\"@id\":\"https:\/\/www.schlanser.ch\/magazin\/#website\",\"url\":\"https:\/\/www.schlanser.ch\/magazin\/\",\"name\":\"Schlanser Magazin\",\"description\":\"\",\"potentialAction\":[{\"@type\":\"SearchAction\",\"target\":{\"@type\":\"EntryPoint\",\"urlTemplate\":\"https:\/\/www.schlanser.ch\/magazin\/?s={search_term_string}\"},\"query-input\":\"required name=search_term_string\"}],\"inLanguage\":\"de-DE\"},{\"@type\":\"Person\",\"@id\":\"https:\/\/www.schlanser.ch\/magazin\/#\/schema\/person\/000db0a103eb2594ba3daf394b1dfea2\",\"name\":\"admin\",\"image\":{\"@type\":\"ImageObject\",\"inLanguage\":\"de-DE\",\"@id\":\"https:\/\/www.schlanser.ch\/magazin\/#\/schema\/person\/image\/\",\"url\":\"https:\/\/secure.gravatar.com\/avatar\/a794a4fe8a9b9c52241597eb381dfa2e?s=96&d=mm&r=g\",\"contentUrl\":\"https:\/\/secure.gravatar.com\/avatar\/a794a4fe8a9b9c52241597eb381dfa2e?s=96&d=mm&r=g\",\"caption\":\"admin\"}}]}<\/script>\n<!-- \/ Yoast SEO plugin. -->","yoast_head_json":{"title":"Camping im Wallis - Schlanser Magazin","description":"Erleben Sie Camping im Wallis und entdecken Sie die sch\u00f6nsten Ausflugsziele \u2714 und Campingpl\u00e4tze \u2714 im Kanton | Schlanser Campingmagazin!","robots":{"index":"index","follow":"follow","max-snippet":"max-snippet:-1","max-image-preview":"max-image-preview:large","max-video-preview":"max-video-preview:-1"},"canonical":"https:\/\/www.schlanser.ch\/magazin\/camping-im-wallis\/","og_locale":"de_DE","og_type":"article","og_title":"Camping im Wallis - Schlanser Magazin","og_description":"Erleben Sie Camping im Wallis und entdecken Sie die sch\u00f6nsten Ausflugsziele \u2714 und Campingpl\u00e4tze \u2714 im Kanton | Schlanser Campingmagazin!","og_url":"https:\/\/www.schlanser.ch\/magazin\/camping-im-wallis\/","og_site_name":"Schlanser Magazin","article_published_time":"2022-07-19T13:43:00+00:00","article_modified_time":"2024-01-10T14:49:32+00:00","og_image":[{"width":660,"height":371,"url":"https:\/\/www.schlanser.ch\/magazin\/wp-content\/uploads\/2022\/07\/wallis-camping.jpg","type":"image\/jpeg"}],"author":"admin","twitter_card":"summary_large_image","twitter_misc":{"Verfasst von":"admin","Gesch\u00e4tzte Lesezeit":"8 Minuten"},"schema":{"@context":"https:\/\/schema.org","@graph":[{"@type":"WebPage","@id":"https:\/\/www.schlanser.ch\/magazin\/camping-im-wallis\/","url":"https:\/\/www.schlanser.ch\/magazin\/camping-im-wallis\/","name":"Camping im Wallis - Schlanser Magazin","isPartOf":{"@id":"https:\/\/www.schlanser.ch\/magazin\/#website"},"primaryImageOfPage":{"@id":"https:\/\/www.schlanser.ch\/magazin\/camping-im-wallis\/#primaryimage"},"image":{"@id":"https:\/\/www.schlanser.ch\/magazin\/camping-im-wallis\/#primaryimage"},"thumbnailUrl":"https:\/\/www.schlanser.ch\/magazin\/wp-content\/uploads\/2022\/07\/wallis-camping.jpg","datePublished":"2022-07-19T13:43:00+00:00","dateModified":"2024-01-10T14:49:32+00:00","author":{"@id":"https:\/\/www.schlanser.ch\/magazin\/#\/schema\/person\/000db0a103eb2594ba3daf394b1dfea2"},"description":"Erleben Sie Camping im Wallis und entdecken Sie die sch\u00f6nsten Ausflugsziele \u2714 und Campingpl\u00e4tze \u2714 im Kanton | Schlanser Campingmagazin!","breadcrumb":{"@id":"https:\/\/www.schlanser.ch\/magazin\/camping-im-wallis\/#breadcrumb"},"inLanguage":"de-DE","potentialAction":[{"@type":"ReadAction","target":["https:\/\/www.schlanser.ch\/magazin\/camping-im-wallis\/"]}]},{"@type":"ImageObject","inLanguage":"de-DE","@id":"https:\/\/www.schlanser.ch\/magazin\/camping-im-wallis\/#primaryimage","url":"https:\/\/www.schlanser.ch\/magazin\/wp-content\/uploads\/2022\/07\/wallis-camping.jpg","contentUrl":"https:\/\/www.schlanser.ch\/magazin\/wp-content\/uploads\/2022\/07\/wallis-camping.jpg","width":660,"height":371,"caption":"\u00a9 sanderstock - stock.adobe.com"},{"@type":"BreadcrumbList","@id":"https:\/\/www.schlanser.ch\/magazin\/camping-im-wallis\/#breadcrumb","itemListElement":[{"@type":"ListItem","position":1,"name":"Startseite","item":"https:\/\/www.schlanser.ch\/magazin\/"},{"@type":"ListItem","position":2,"name":"Camping im Wallis"}]},{"@type":"WebSite","@id":"https:\/\/www.schlanser.ch\/magazin\/#website","url":"https:\/\/www.schlanser.ch\/magazin\/","name":"Schlanser Magazin","description":"","potentialAction":[{"@type":"SearchAction","target":{"@type":"EntryPoint","urlTemplate":"https:\/\/www.schlanser.ch\/magazin\/?s={search_term_string}"},"query-input":"required name=search_term_string"}],"inLanguage":"de-DE"},{"@type":"Person","@id":"https:\/\/www.schlanser.ch\/magazin\/#\/schema\/person\/000db0a103eb2594ba3daf394b1dfea2","name":"admin","image":{"@type":"ImageObject","inLanguage":"de-DE","@id":"https:\/\/www.schlanser.ch\/magazin\/#\/schema\/person\/image\/","url":"https:\/\/secure.gravatar.com\/avatar\/a794a4fe8a9b9c52241597eb381dfa2e?s=96&d=mm&r=g","contentUrl":"https:\/\/secure.gravatar.com\/avatar\/a794a4fe8a9b9c52241597eb381dfa2e?s=96&d=mm&r=g","caption":"admin"}}]}},"_links":{"self":[{"href":"https:\/\/www.schlanser.ch\/magazin\/wp-json\/wp\/v2\/posts\/15215"}],"collection":[{"href":"https:\/\/www.schlanser.ch\/magazin\/wp-json\/wp\/v2\/posts"}],"about":[{"href":"https:\/\/www.schlanser.ch\/magazin\/wp-json\/wp\/v2\/types\/post"}],"author":[{"embeddable":true,"href":"https:\/\/www.schlanser.ch\/magazin\/wp-json\/wp\/v2\/users\/1"}],"replies":[{"embeddable":true,"href":"https:\/\/www.schlanser.ch\/magazin\/wp-json\/wp\/v2\/comments?post=15215"}],"version-history":[{"count":5,"href":"https:\/\/www.schlanser.ch\/magazin\/wp-json\/wp\/v2\/posts\/15215\/revisions"}],"predecessor-version":[{"id":17442,"href":"https:\/\/www.schlanser.ch\/magazin\/wp-json\/wp\/v2\/posts\/15215\/revisions\/17442"}],"wp:featuredmedia":[{"embeddable":true,"href":"https:\/\/www.schlanser.ch\/magazin\/wp-json\/wp\/v2\/media\/15225"}],"wp:attachment":[{"href":"https:\/\/www.schlanser.ch\/magazin\/wp-json\/wp\/v2\/media?parent=15215"}],"wp:term":[{"taxonomy":"category","embeddable":true,"href":"https:\/\/www.schlanser.ch\/magazin\/wp-json\/wp\/v2\/categories?post=15215"},{"taxonomy":"post_tag","embeddable":true,"href":"https:\/\/www.schlanser.ch\/magazin\/wp-json\/wp\/v2\/tags?post=15215"}],"curies":[{"name":"wp","href":"https:\/\/api.w.org\/{rel}","templated":true}]}}