{"id":15432,"date":"2025-03-19T17:00:48","date_gmt":"2025-03-19T16:00:48","guid":{"rendered":"https:\/\/www.schlanser.ch\/magazin\/?p=15432"},"modified":"2026-01-07T17:10:53","modified_gmt":"2026-01-07T16:10:53","slug":"herbstferien-familienurlaub","status":"publish","type":"post","link":"https:\/\/www.schlanser.ch\/magazin\/herbstferien-familienurlaub\/","title":{"rendered":"Camping im Herbst \u2013 Die sch\u00f6nsten Ziele und die richtige Ausr\u00fcstung"},"content":{"rendered":"<h2>\u00ab Herbstferien Campingurlaub \u2013 Die sch\u00f6nsten Ziele und die richtige Ausr\u00fcstung \u00bb<\/h2>\n<p style=\"text-align: justify;\">In den Herbstferien gl\u00e4nzt die Natur mit ihren warmen, erdigen Braun-, Gelb- und Rott\u00f6nen, die goldene Sonne w\u00e4rmt noch kr\u00e4ftig, nachts wird es bereits knackig kalt und der Nebel h\u00fcllt die Welt im Morgengrauen friedlich ein. Was k\u00f6nnte es Sch\u00f6neres geben, als erneut auf eine Reise zu gehen und Zeit zu haben, die Natur mit all ihren Erscheinungen zu geniessen? Herbst-Camping in der Schweiz und den Nachbarl\u00e4ndern bedeutet kr\u00e4ftigende Sonne, W\u00e4rme hinter der Windschutzscheibe, k\u00fchle Abende, neblige Morgen und kuschelige N\u00e4chte unter warmen Decken. Doch wohin zum Camping im Herbst? Und was sollten Sie beachten? In diesem umfassenden Ratgeber erfahren Sie alles \u00fcber die richtige Ausr\u00fcstung, die besten Campingpl\u00e4tze und wertvolle Tipps f\u00fcr Ihren Herbsturlaub.<\/p>\n<figure id=\"attachment_15437\" aria-describedby=\"caption-attachment-15437\" style=\"width: 620px\" class=\"wp-caption aligncenter\"><img loading=\"lazy\" decoding=\"async\" class=\"wp-image-15437 size-full\" title=\"Der Herbst hat mit seinen Farben eine ganz besondere Atmosph\u00e4re\" src=\"https:\/\/www.schlanser.ch\/magazin\/wp-content\/uploads\/2024\/09\/wohnwgen-im-herbst.png\" alt=\"Campingwagen am See im Herbst - Herbstferien Familienurlaub\" width=\"620\" height=\"392\" srcset=\"https:\/\/www.schlanser.ch\/magazin\/wp-content\/uploads\/2024\/09\/wohnwgen-im-herbst.png 620w, https:\/\/www.schlanser.ch\/magazin\/wp-content\/uploads\/2024\/09\/wohnwgen-im-herbst-300x190.png 300w\" sizes=\"(max-width: 620px) 100vw, 620px\" \/><figcaption id=\"caption-attachment-15437\" class=\"wp-caption-text\">\u00a9 klavdiyav &#8211; stock.adobe.com<\/figcaption><\/figure>\n<h2>Warum Camping im Herbst eine gute Idee ist<\/h2>\n<p style=\"text-align: justify;\">Der grosse Vorteil am Camping im Herbst ist, dass dieser Zeitraum zur Nebensaison geh\u00f6rt. Das bedeutet geringere Stellplatzpreise und weniger Trubel auf dem Campingplatz. W\u00e4hrend Sie im Sommer erholsame Ferien in der Schweiz verbringen k\u00f6nnen, tanken Sie beim Camping im Herbst noch einmal Sonne, Energie und Kraft auf, um f\u00fcr den Winter ger\u00fcstet zu sein. Der Herbst ist die Zeit der Blattf\u00e4rbung, der Erntezeit und die Zeit f\u00fcr rot-goldenes Abendlicht.<\/p>\n<p style=\"text-align: justify;\">Sicherlich m\u00fcssen Sie beim Herbstcamping ber\u00fccksichtigen, dass die Regenwahrscheinlichkeit h\u00f6her ist und die Temperaturen besonders nachts weit hinuntergehen k\u00f6nnen. Doch das spricht nicht gegen einen Herbstausflug mit Caravan oder Zelt. Mit der richtigen Vorbereitung wird das Camping im Herbst in der Schweiz oder den Nachbarl\u00e4ndern zu einem unvergesslichen Erlebnis. Die Temperaturen sind ideal f\u00fcr Wanderungen und sportliche Aktivit\u00e4ten im Freien, ohne dass Sie unter der Sommerhitze leiden.<\/p>\n<h2>Camping im Herbst \u2013 was beachten?<\/h2>\n<p style=\"text-align: justify;\">Bevor Sie Ihr <a href=\"https:\/\/www.schlanser.ch\/\">Campingequipment<\/a> zusammenpacken, sollten Sie einige wichtige Punkte bedenken. Einige wenige Campingpl\u00e4tze schliessen unmittelbar nach der Sommersaison. \u00dcberpr\u00fcfen Sie deshalb unbedingt Ihren Wunschplatz hinsichtlich des konkreten Reisedatums, ehe Sie losfahren. Die gute Nachricht: Reservierungen sind im Herbst gl\u00fccklicherweise nicht unbedingt n\u00f6tig, was Ihnen mehr Flexibilit\u00e4t gibt.<\/p>\n<p style=\"text-align: justify;\">Herbsttaugliche Campingpl\u00e4tze bieten verschiedene Schlechtwetter-Aktivit\u00e4ten an. Vom Whirlpool \u00fcber einen Wellness- und Spabereich bis hin zum Fitnessraum finden sich viele M\u00f6glichkeiten zur Entspannung. Ein gutes Restaurant am Platz kann mit Kaffee und Kuchen \u00fcber einen frostigen Nachmittag helfen und eine Bowlingbahn die langen Abendstunden verk\u00fcrzen. Achten Sie bei der Wahl des Campingplatzes darauf, dass Indoor-Angebote vorhanden sind \u2013 so wird auch ein Regentag nicht zum Problem.<\/p>\n<p><a href=\"https:\/\/www.schlanser.ch\/outdoor-freizeit\/wind-sonnenschutz\/pavillons-tarps\/\"><img loading=\"lazy\" decoding=\"async\" class=\"aligncenter wp-image-13420 size-full\" title=\"Berger Faltpavillon 2x2\" src=\"https:\/\/www.schlanser.ch\/magazin\/wp-content\/uploads\/2021\/10\/Berger-Faltpavillon-2x2-2.jpg\" alt=\"Berger Faltpavillon 2x2\" width=\"620\" height=\"388\" srcset=\"https:\/\/www.schlanser.ch\/magazin\/wp-content\/uploads\/2021\/10\/Berger-Faltpavillon-2x2-2.jpg 620w, https:\/\/www.schlanser.ch\/magazin\/wp-content\/uploads\/2021\/10\/Berger-Faltpavillon-2x2-2-300x188.jpg 300w\" sizes=\"(max-width: 620px) 100vw, 620px\" \/><\/a><\/p>\n<h2>Die richtige Ausr\u00fcstung f\u00fcrs Herbstcamping<\/h2>\n<p style=\"text-align: justify;\">Damit Sie beim Campen im Herbst warm bleiben und gut ger\u00fcstet sind, braucht es die passende Ausr\u00fcstung. Egal ob Sie mit Zelt, Wohnwagen oder Wohnmobil unterwegs sind \u2013 die Vorbereitung entscheidet \u00fcber den Erfolg Ihres Herbsturlaubs. Die k\u00fchleren Temperaturen und k\u00fcrzeren Tage stellen besondere Anforderungen an Ihr Equipment. In den folgenden Abschnitten zeigen wir Ihnen, worauf es ankommt und welche Produkte sich besonders bew\u00e4hrt haben.<\/p>\n<h3>W\u00e4rme ist das A und O \u2013 Heizl\u00f6sungen f\u00fcrs Herbstcamping<\/h3>\n<p style=\"text-align: justify;\">Wenn die Temperaturen sinken, wird eine zuverl\u00e4ssige W\u00e4rmequelle zum wichtigsten Ausr\u00fcstungsgegenstand. F\u00fcr das Camping im Herbst mit Wohnwagen oder Wohnmobil gibt es verschiedene M\u00f6glichkeiten, den Innenraum behaglich zu halten. <a href=\"https:\/\/www.schlanser.ch\/fahrzeug\/heizen-kuehlen\/heizteppiche-frostwaechter\/\">Heizteppiche<\/a> sind eine beliebte L\u00f6sung f\u00fcr warme F\u00fcsse an feucht-kalten Oktobertagen. Der Pro Car Heizteppich Palais ist in 230-V- und 12-V-Ausf\u00fchrung erh\u00e4ltlich und l\u00e4sst sich einfach unter der Sitzgruppe platzieren. Alternativ sorgen Heizmatten gezielt dort f\u00fcr W\u00e4rme, wo Sie sie brauchen.<\/p>\n<p><a href=\"https:\/\/www.schlanser.ch\/hersteller\/area-pro\/269506\/area-pro-warm-camp-heizvorhang\"><img loading=\"lazy\" decoding=\"async\" class=\"aligncenter wp-image-19084 size-large\" title=\"Schluss mit kalten F\u00fc\u00dfen auf der Terrasse! Schluss mit wetterbedingten Absagen Ihres freudig erwarteten Grillfests! Dank Area Pro Flex genie\u00dfen Sie Ihre Zeit im Freien unabh\u00e4ngig von der Temperatur und f\u00fchlen sich dabei als w\u00fcrden Sie in der Sonne sitzen. \" src=\"https:\/\/www.schlanser.ch\/magazin\/wp-content\/uploads\/2025\/09\/area-pro-warm-camp-heizvorhang-1024x640.jpg\" alt=\"AREA PRO warm camp Heizvorhang\" width=\"618\" height=\"386\" srcset=\"https:\/\/www.schlanser.ch\/magazin\/wp-content\/uploads\/2025\/09\/area-pro-warm-camp-heizvorhang-1024x640.jpg 1024w, https:\/\/www.schlanser.ch\/magazin\/wp-content\/uploads\/2025\/09\/area-pro-warm-camp-heizvorhang-300x188.jpg 300w, https:\/\/www.schlanser.ch\/magazin\/wp-content\/uploads\/2025\/09\/area-pro-warm-camp-heizvorhang-768x480.jpg 768w, https:\/\/www.schlanser.ch\/magazin\/wp-content\/uploads\/2025\/09\/area-pro-warm-camp-heizvorhang-1536x960.jpg 1536w, https:\/\/www.schlanser.ch\/magazin\/wp-content\/uploads\/2025\/09\/area-pro-warm-camp-heizvorhang.jpg 1600w\" sizes=\"(max-width: 618px) 100vw, 618px\" \/><\/a><\/p>\n<p style=\"text-align: justify;\">F\u00fcr die schnelle Erw\u00e4rmung des gesamten Innenraums eignen sich <a href=\"https:\/\/www.schlanser.ch\/fahrzeug\/heizen-kuehlen\/campingheizung-heizstrahler\/\">Keramik-Heizl\u00fcfter<\/a>. Der Berger Keramik-Heizl\u00fcfter ist bereits ab rund CHF 36.\u2013 erh\u00e4ltlich und bietet ein gutes Preis-Leistungs-Verh\u00e4ltnis. Wer mehr Komfort w\u00fcnscht, greift zum Berger HeatWave Keramik Heizl\u00fcfter mit Fernbedienung. F\u00fcr den professionellen Einsatz empfiehlt sich der ECOMAT2000 Classic Plus, der speziell f\u00fcr den Campingbereich entwickelt wurde und auch bei niedrigen Aussentemperaturen zuverl\u00e4ssig arbeitet.<\/p>\n<p style=\"text-align: justify;\">Ein besonderer Tipp f\u00fcr alle, die auch draussen nicht frieren m\u00f6chten: Die Outchair Seat Cover ist eine akkubetriebene, beheizbare Stuhlauflage, die sich dank Klettsystem an nahezu jeden Campingstuhl anpassen l\u00e4sst. So geniessen Sie auch am abendlichen Lagerfeuer wohlige W\u00e4rme. F\u00fcr Besitzer von Helinox-St\u00fchlen gibt es den passenden Helinox Sitzw\u00e4rmer \u2013 eine gesteppte Sitzabdeckung mit synthetischer Isolierung, die auch bei N\u00e4sse funktioniert und waschbar ist.<\/p>\n<p><a href=\"https:\/\/www.schlanser.ch\/erlebniswelten\/winter\/253592\/helinox-sitzwaermer-chair-one-chair-zero-swivel-chair\"><img loading=\"lazy\" decoding=\"async\" class=\"aligncenter wp-image-19085 size-large\" title=\"Die gesteppte Sitzabdeckung mit synthetischer Isolierung w\u00e4rmt Ihren Helinox Chair.\" src=\"https:\/\/www.schlanser.ch\/magazin\/wp-content\/uploads\/2025\/09\/helinox-sitzwaermer-chair-one-chair-zero-swivel-chair-861x1024.jpg\" alt=\"Helinox Sitzw\u00e4rmer Chair One\/ Chair Zero\/ Swivel Chair \" width=\"618\" height=\"735\" srcset=\"https:\/\/www.schlanser.ch\/magazin\/wp-content\/uploads\/2025\/09\/helinox-sitzwaermer-chair-one-chair-zero-swivel-chair-861x1024.jpg 861w, https:\/\/www.schlanser.ch\/magazin\/wp-content\/uploads\/2025\/09\/helinox-sitzwaermer-chair-one-chair-zero-swivel-chair-252x300.jpg 252w, https:\/\/www.schlanser.ch\/magazin\/wp-content\/uploads\/2025\/09\/helinox-sitzwaermer-chair-one-chair-zero-swivel-chair-768x914.jpg 768w, https:\/\/www.schlanser.ch\/magazin\/wp-content\/uploads\/2025\/09\/helinox-sitzwaermer-chair-one-chair-zero-swivel-chair-1291x1536.jpg 1291w, https:\/\/www.schlanser.ch\/magazin\/wp-content\/uploads\/2025\/09\/helinox-sitzwaermer-chair-one-chair-zero-swivel-chair.jpg 1500w\" sizes=\"(max-width: 618px) 100vw, 618px\" \/><\/a><\/p>\n<h3>Herbstcamping mit dem Zelt<\/h3>\n<p style=\"text-align: justify;\">Entscheiden Sie sich f\u00fcr <a href=\"https:\/\/www.schlanser.ch\/zelte\/campingzelte\/\">Camping mit dem Zelt<\/a> im Herbst, sollten Sie ein besonderes Augenmerk auf dessen Wetterfestigkeit legen. Es gibt kaum Unangenehmeres, als nachts in einem nassen Schlafsack aufzuwachen. Um Herbstst\u00fcrme trocken zu \u00fcberstehen, sollte Ihr Zelt eine Wassers\u00e4ule von mindestens 3.000 mm aufweisen. Zweiwandige Kuppelzelte stehen selbst bei st\u00e4rkerem Wind stabil und bleiben innen zuverl\u00e4ssig trocken. <a href=\"https:\/\/www.schlanser.ch\/zelte\/campingzelte\/tunnelzelte\/\">Tunnelzelte<\/a> halten viel aus, wenn sie gut abgespannt sind.<\/p>\n<p><img loading=\"lazy\" decoding=\"async\" class=\"aligncenter wp-image-2830 size-full\" title=\"Familienzelt Asmera 6 Deluxe von Fritz Berger\" src=\"https:\/\/www.schlanser.ch\/magazin\/wp-content\/uploads\/2017\/09\/Berger-Familienzelte-Asmera-6-Deluxe.jpg\" alt=\"Berger Familienzelte Asmera 6 Deluxe\" width=\"600\" height=\"375\" srcset=\"https:\/\/www.schlanser.ch\/magazin\/wp-content\/uploads\/2017\/09\/Berger-Familienzelte-Asmera-6-Deluxe.jpg 600w, https:\/\/www.schlanser.ch\/magazin\/wp-content\/uploads\/2017\/09\/Berger-Familienzelte-Asmera-6-Deluxe-300x188.jpg 300w\" sizes=\"(max-width: 600px) 100vw, 600px\" \/><\/p>\n<p style=\"text-align: justify;\">Gerade f\u00fcr den Herbst lohnt es sich, \u00fcber ein ger\u00e4umiges <a href=\"https:\/\/www.schlanser.ch\/zelte\/campingzelte\/familienzelte\/\">Familienzelt<\/a> nachzudenken. Dieses verf\u00fcgt \u00fcber separate Schlafkabinen und einen kleinen Wohnraum. So haben Sie die M\u00f6glichkeit, bei Bedarf im Zelt zu essen oder beispielsweise beim Kartenspiel einen Regenschauer abzuwarten. Entsprechend der herbstlichen Nachttemperaturen muss der Schlafsack warm sein. Ein Mumienschlafsack, dessen Komfortbereich nahe an den Gefrierpunkt heranreicht, sorgt f\u00fcr stets kuschelig warme N\u00e4chte.<\/p>\n<h3>Gute Isolation von unten \u2013 Isomatten f\u00fcr k\u00fchle N\u00e4chte<\/h3>\n<p style=\"text-align: justify;\">Beim Camping im Herbst ist die Isolation nach unten mindestens so wichtig wie ein warmer Schlafsack. Der Boden k\u00fchlt nachts stark aus und entzieht dem K\u00f6rper W\u00e4rme. Eine hochwertige <a href=\"https:\/\/www.schlanser.ch\/outdoor-freizeit\/schlafsaecke-matten\/iso-campingmatten\/\">Isomatte<\/a> mit gutem R-Wert ist daher unverzichtbar. Selbstaufblasende Modelle wie die Outwell Dreamboat oder die Berger Comfort Duo bieten nicht nur Komfort, sondern auch eine effektive W\u00e4rmed\u00e4mmung.<\/p>\n<p><a href=\"https:\/\/www.schlanser.ch\/hersteller\/sea-to-summit\/243283\/sea-to-summit-ether-light-xt-insulated-air-isomatte-small\"><img loading=\"lazy\" decoding=\"async\" class=\"aligncenter wp-image-19086 size-large\" title=\"Die Ether Light XT Insulated kombiniert ein leichtes 30\/40D-Nylon-Gewebe, Exkin Platinum und THERMOLITE-Isolation mit einer Air Sprung Cell Konstruktion, um eine 10 cm dicke und isolierte Matte mit unglaublich geringem Gewicht zu schaffen.\" src=\"https:\/\/www.schlanser.ch\/magazin\/wp-content\/uploads\/2025\/09\/sea-to-summit-ether-light-xt-insulated-air-isomatte-small-1024x580.jpg\" alt=\"Sea to Summit Ether Light XT Insulated Air Isomatte\" width=\"618\" height=\"350\" srcset=\"https:\/\/www.schlanser.ch\/magazin\/wp-content\/uploads\/2025\/09\/sea-to-summit-ether-light-xt-insulated-air-isomatte-small-1024x580.jpg 1024w, https:\/\/www.schlanser.ch\/magazin\/wp-content\/uploads\/2025\/09\/sea-to-summit-ether-light-xt-insulated-air-isomatte-small-300x170.jpg 300w, https:\/\/www.schlanser.ch\/magazin\/wp-content\/uploads\/2025\/09\/sea-to-summit-ether-light-xt-insulated-air-isomatte-small-768x435.jpg 768w, https:\/\/www.schlanser.ch\/magazin\/wp-content\/uploads\/2025\/09\/sea-to-summit-ether-light-xt-insulated-air-isomatte-small.jpg 1482w\" sizes=\"(max-width: 618px) 100vw, 618px\" \/><\/a><\/p>\n<p style=\"text-align: justify;\">Besonders empfehlenswert f\u00fcr das Herbstcamping ist die Sea to Summit Ether Light XT Insulated Air Isomatte, die speziell f\u00fcr k\u00fchlere Bedingungen konzipiert wurde. Wer es etwas g\u00fcnstiger mag, findet mit der Berger selbstaufblasenden Isomatte Double eine solide Alternative f\u00fcr rund CHF 124.\u2013. F\u00fcr Campervans gibt es zudem spezielle Thermomatten wie die Isoflex Thermomatte, die genau auf die Fahrzeugmasse zugeschnitten sind und zus\u00e4tzlich gegen K\u00e4lte von aussen isolieren.<\/p>\n<h3>Licht ins Dunkel \u2013 Beleuchtung f\u00fcr lange Herbstabende<\/h3>\n<p style=\"text-align: justify;\">Ab September wird es merklich fr\u00fcher dunkel und sp\u00e4ter hell. Eine solide Grundausstattung an <a href=\"https:\/\/www.schlanser.ch\/outdoor-freizeit\/campinglampen\/led-campingleuchten\/\">Campinglampen<\/a> ist daher beim Herbstcamping noch wichtiger als im Sommer. Moderne LED-Leuchten bieten dabei eine hervorragende Lichtausbeute bei geringem Stromverbrauch. Die Coleman LED Laterne ist ein Klassiker, der zuverl\u00e4ssig den Campingtisch erhellt. Wer es atmosph\u00e4rischer mag, greift zur Barebones Edison String Lights Lichterkette oder der stilvollen Barebones Edison Mini Lantern.<\/p>\n<p><a href=\"https:\/\/www.schlanser.ch\/hersteller\/berger\/546233\/berger-hopuni-pro-led-campinglaterne-mit-dimmfunktion-gruen\"><img loading=\"lazy\" decoding=\"async\" class=\"aligncenter wp-image-19087 size-large\" title=\"Diese exklusive LED-Laterne von Berger sorgt f\u00fcr tolles Ambiente an deinen Campingabenden!\" src=\"https:\/\/www.schlanser.ch\/magazin\/wp-content\/uploads\/2025\/09\/berger-hopuni-pro-led-campinglaterne-mit-dimmfunktion-gruen-1024x682.jpg\" alt=\"Berger Hopuni Pro LED Campinglaterne mit Dimmfunktion Gr\u00fcn \" width=\"618\" height=\"412\" srcset=\"https:\/\/www.schlanser.ch\/magazin\/wp-content\/uploads\/2025\/09\/berger-hopuni-pro-led-campinglaterne-mit-dimmfunktion-gruen-1024x682.jpg 1024w, https:\/\/www.schlanser.ch\/magazin\/wp-content\/uploads\/2025\/09\/berger-hopuni-pro-led-campinglaterne-mit-dimmfunktion-gruen-300x200.jpg 300w, https:\/\/www.schlanser.ch\/magazin\/wp-content\/uploads\/2025\/09\/berger-hopuni-pro-led-campinglaterne-mit-dimmfunktion-gruen-768x512.jpg 768w, https:\/\/www.schlanser.ch\/magazin\/wp-content\/uploads\/2025\/09\/berger-hopuni-pro-led-campinglaterne-mit-dimmfunktion-gruen-1536x1024.jpg 1536w, https:\/\/www.schlanser.ch\/magazin\/wp-content\/uploads\/2025\/09\/berger-hopuni-pro-led-campinglaterne-mit-dimmfunktion-gruen.jpg 1820w\" sizes=\"(max-width: 618px) 100vw, 618px\" \/><\/a><\/p>\n<p style=\"text-align: justify;\">F\u00fcr das Vorzelt empfiehlt sich die Brunner Avenue LED-Vorzeltleuchte, die mit 12 V betrieben wird und sich einfach installieren l\u00e4sst. Der Brunner Flexspot LED Wandstrahler bietet flexibles Licht zum Lesen oder Arbeiten. Praktisch f\u00fcr unterwegs ist die Laterne Carnelian mit Lithium-Ionen-Akku, die Sie per USB aufladen k\u00f6nnen. So haben Sie auch bei l\u00e4ngeren Wanderungen oder am Lagerfeuer immer ausreichend Licht dabei.<\/p>\n<p><a href=\"https:\/\/www.schlanser.ch\/zelte\/campingzelte\/5-8-personen-zelte\/\"><img loading=\"lazy\" decoding=\"async\" class=\"aligncenter wp-image-15457 size-full\" title=\"Brunner Arqus Outdoor 5 Tunnelzelt 5-Personen\" src=\"https:\/\/www.schlanser.ch\/magazin\/wp-content\/uploads\/2024\/09\/brunner-arqus-outdoor-5-tunnelzelt-5-personen.jpg\" alt=\"Brunner Arqus Outdoor 5 Tunnelzelt 5-Personen\" width=\"620\" height=\"366\" srcset=\"https:\/\/www.schlanser.ch\/magazin\/wp-content\/uploads\/2024\/09\/brunner-arqus-outdoor-5-tunnelzelt-5-personen.jpg 620w, https:\/\/www.schlanser.ch\/magazin\/wp-content\/uploads\/2024\/09\/brunner-arqus-outdoor-5-tunnelzelt-5-personen-300x177.jpg 300w\" sizes=\"(max-width: 620px) 100vw, 620px\" \/><\/a><\/p>\n<h3>Camping im Herbst mit Wohnwagen oder Wohnmobil<\/h3>\n<p style=\"text-align: justify;\">Ziehen Sie f\u00fcr das Camping im Herbst mit Wohnwagen oder Wohnmobil vor, sollten Sie es vor der Reise auf Herbsttauglichkeit pr\u00fcfen. Gibt es Lecks? Haben Sie bei einem Sommerregen eventuell undichte Stellen am Fenster festgestellt? All dies sollte vor dem Herbstcamping gekl\u00e4rt und repariert werden. Vergessen Sie auch nicht das <a href=\"https:\/\/www.schlanser.ch\/zelte\/vorzelte\/\">Vorzelt<\/a>. Generell bietet sich f\u00fcr das Herbstcamping eher ein Saisonvorzelt an. Reisevorzelte sind weniger stabil und wetterresistent. Gut abgedichtete N\u00e4hte sind ein absolutes Muss, um im Vorzelt trocken zu bleiben.<\/p>\n<p style=\"text-align: justify;\">Wer regelm\u00e4ssig auch in der k\u00fchleren Jahreszeit campen m\u00f6chte, sollte \u00fcber ein <a href=\"https:\/\/www.schlanser.ch\/zelte\/vorzelte\/wohnwagenvorzelte\/\">Ganzjahresvorzelt<\/a> nachdenken. Diese sind speziell f\u00fcr den Einsatz bei wechselhaften Wetterbedingungen konstruiert und halten auch st\u00e4rkeren Winden und Niederschl\u00e4gen stand. Das Berger Fehmarn IV All-Season Ganzjahresvorzelt bietet einen guten Einstieg. Das Dometic Residence AIR All-Season ist ein aufblasbares Modell, das sich besonders schnell aufbauen l\u00e4sst \u2013 ideal, wenn Sie flexibel unterwegs sind. F\u00fcr h\u00f6chste Anspr\u00fcche empfiehlt sich das Brand Palazzo Ganzjahresvorzelt, das auch bei extremen Bedingungen zuverl\u00e4ssig sch\u00fctzt.<\/p>\n<p><a href=\"https:\/\/www.schlanser.ch\/hersteller\/dometic\/360845\/dometic-residence-air-all-season-aufblasbares-statisches-vorzelt-groesse-12\"><img loading=\"lazy\" decoding=\"async\" class=\"aligncenter wp-image-19088 size-large\" title=\"Dank extrem robustem und atmungsaktivem Polycotton-Material ist das Vorzelt jedem Wetter gewachsen \u2013 ideal f\u00fcr l\u00e4ngere Aufenthalte zu jeder Jahreszeit.Details\" src=\"https:\/\/www.schlanser.ch\/magazin\/wp-content\/uploads\/2025\/09\/dometic-residence-air-all-season-aufblasbares-statisches-vorzelt-groesse-12-1024x508.jpg\" alt=\"Dometic Residence AIR All-Season Aufblasbares statisches Vorzelt\" width=\"618\" height=\"307\" srcset=\"https:\/\/www.schlanser.ch\/magazin\/wp-content\/uploads\/2025\/09\/dometic-residence-air-all-season-aufblasbares-statisches-vorzelt-groesse-12-1024x508.jpg 1024w, https:\/\/www.schlanser.ch\/magazin\/wp-content\/uploads\/2025\/09\/dometic-residence-air-all-season-aufblasbares-statisches-vorzelt-groesse-12-300x149.jpg 300w, https:\/\/www.schlanser.ch\/magazin\/wp-content\/uploads\/2025\/09\/dometic-residence-air-all-season-aufblasbares-statisches-vorzelt-groesse-12-768x381.jpg 768w, https:\/\/www.schlanser.ch\/magazin\/wp-content\/uploads\/2025\/09\/dometic-residence-air-all-season-aufblasbares-statisches-vorzelt-groesse-12-1536x762.jpg 1536w, https:\/\/www.schlanser.ch\/magazin\/wp-content\/uploads\/2025\/09\/dometic-residence-air-all-season-aufblasbares-statisches-vorzelt-groesse-12.jpg 1820w\" sizes=\"(max-width: 618px) 100vw, 618px\" \/><\/a><\/p>\n<p style=\"text-align: justify;\">Testen Sie Ihre Heizung auf Funktionalit\u00e4t. F\u00fcr warme F\u00fcsse an einem feucht-kalten Oktobertag sorgt ein kleiner Heizteppich, den Sie unterhalb Ihrer Sitzgelegenheit installieren. Ansonsten wird es ab September bereits merklich fr\u00fcher dunkel und sp\u00e4ter hell. Eine solide Grundausstattung an Lampen ist daher noch wichtiger als im Sommer. F\u00fcr Familienreisen in der k\u00fchleren Jahreszeit sollten Sie Ihr Camping-Equipment \u00fcberpr\u00fcfen: Ist der <a href=\"https:\/\/www.schlanser.ch\/outdoor-freizeit\/schlafsaecke-matten\/schlafsaecke\/\">Schlafsack warm<\/a> genug f\u00fcr n\u00e4chtliche Temperaturen unter 10 Grad?<\/p>\n<p><a href=\"https:\/\/www.schlanser.ch\/hersteller\/vango\/261152\/vango-airhub-hexaway-ii-low-aufblasbares-busvorzelt\"><img loading=\"lazy\" decoding=\"async\" class=\"aligncenter wp-image-15447 size-full\" title=\"Das AirHub Hexaway kann direkt an der Seite des Fahrzeuges angebracht werden und als grossr\u00e4umiger Pavillon perfekt geeignet zum Relaxen und Entspannen. Das Vango Airbeam Luftgest\u00e4nge und die AirSpeed Ventile sorgen f\u00fcr hohe Stabilit\u00e4t und einen schnellen Auf- und Abbau.\" src=\"https:\/\/www.schlanser.ch\/magazin\/wp-content\/uploads\/2024\/09\/vango-airbeam-hexaway-ii-tall-aufblasbares-busvorzelt.jpg\" alt=\"Vango Airbeam Hexaway II Tall aufblasbares Busvorzelt\" width=\"620\" height=\"388\" srcset=\"https:\/\/www.schlanser.ch\/magazin\/wp-content\/uploads\/2024\/09\/vango-airbeam-hexaway-ii-tall-aufblasbares-busvorzelt.jpg 620w, https:\/\/www.schlanser.ch\/magazin\/wp-content\/uploads\/2024\/09\/vango-airbeam-hexaway-ii-tall-aufblasbares-busvorzelt-300x188.jpg 300w\" sizes=\"(max-width: 620px) 100vw, 620px\" \/><\/a><\/p>\n<h3>Kleidung und pers\u00f6nliche Ausr\u00fcstung<\/h3>\n<p style=\"text-align: justify;\">Statt der Turnschuhe packen Sie f\u00fcr den Herbsturlaub die impr\u00e4gnierten Stiefel zum Wandern ein. Damit Sie auch obenherum nicht nass werden, geh\u00f6ren unbedingt Regenjacke und -hose oder ein langer Regenponcho ins Gep\u00e4ck. Planen Sie l\u00e4ngere Wanderungen oder Velotouren, braucht auch Ihr Proviant Regenschutz. Ein passendes Cape f\u00fcr den Rucksack bzw. die Velotaschen ist unverzichtbar. Denken Sie auch an M\u00fctze und Handschuhe \u2013 gerade in den Morgenstunden kann es empfindlich k\u00fchl sein.<\/p>\n<figure id=\"attachment_2832\" aria-describedby=\"caption-attachment-2832\" style=\"width: 600px\" class=\"wp-caption aligncenter\"><img loading=\"lazy\" decoding=\"async\" class=\"wp-image-2832 size-full\" title=\"Wetterfeste Ausr\u00fcstung ist beim Camping im Herbst unabdingbar\" src=\"https:\/\/www.schlanser.ch\/magazin\/wp-content\/uploads\/2017\/09\/Spezialausr\u00fcstung.jpg\" alt=\"Richtige Ausr\u00fcstung ist beim Camping im Herbst unabdingbar\" width=\"600\" height=\"400\" srcset=\"https:\/\/www.schlanser.ch\/magazin\/wp-content\/uploads\/2017\/09\/Spezialausr\u00fcstung.jpg 600w, https:\/\/www.schlanser.ch\/magazin\/wp-content\/uploads\/2017\/09\/Spezialausr\u00fcstung-300x200.jpg 300w\" sizes=\"(max-width: 600px) 100vw, 600px\" \/><figcaption id=\"caption-attachment-2832\" class=\"wp-caption-text\">\u00a9 Stephen \/ Fotolia.com<\/figcaption><\/figure>\n<h3>Heisse Getr\u00e4nke unterwegs \u2013 Thermosflaschen und Thermobecher<\/h3>\n<p style=\"text-align: justify;\">Ein echter Luxus beim Camping im Herbst ist ein heisses Getr\u00e4nk. Ob dampfender Kaffee am Morgen, w\u00e4rmender Tee nach der Wanderung oder eine heisse Suppe zum Mittag \u2013 mit der richtigen <a href=\"https:\/\/www.schlanser.ch\/haushalt\/camping-geschirr\/thermoflaschen-thermokannen\/\">Thermoskanne<\/a> bleibt alles stundenlang warm. Die Brunner Iquid Isolierflasche mit 1,5 Litern Fassungsverm\u00f6gen eignet sich perfekt f\u00fcr Familienausfl\u00fcge. F\u00fcr den pers\u00f6nlichen Gebrauch sind die kompakteren Thermobecher von Dometic oder der Stanley Stacking Tumbler ideal \u2013 sie passen in jeden Rucksack und halten Getr\u00e4nke zuverl\u00e4ssig warm.<\/p>\n<p style=\"text-align: justify;\">Wer auch warme Mahlzeiten mitnehmen m\u00f6chte, greift zum Esbit Food-Thermobeh\u00e4lter. Darin bleibt das Mittagessen \u00fcber Stunden heiss \u2013 perfekt f\u00fcr l\u00e4ngere Wanderungen, bei denen Sie nicht extra kochen m\u00f6chten. Die Rebel Outdoor Isolierflasche mit integriertem Teesieb ist ein cleverer Begleiter f\u00fcr Teeliebhaber: Einfach losen Tee einf\u00fcllen, heisses Wasser dazu, und unterwegs den perfekt gezogenen Tee geniessen.<\/p>\n<p style=\"text-align: justify;\">Auch sollten Sie <a href=\"https:\/\/www.schlanser.ch\/moebel\/campingmoebel\/campingtische\/\">Campingtisch<\/a> und Bestuhlung bereithalten, da rudiment\u00e4res Picknicken auf der Decke bei Dauerregen wirklich keine Freude macht. <a href=\"https:\/\/www.schlanser.ch\/zelte\/vorzelte\/\">Vorzelt<\/a> oder Innensitzecke sind also <a href=\"https:\/\/www.schlanser.ch\/\">notwendiges Camping-Equipment<\/a>. Auch f\u00fcr die nahe Erholung beim Urlaub in der Schweiz sollten Sie mindestens ein <a href=\"https:\/\/www.schlanser.ch\/zelte\/vorzelte\/reisemobil-busvorzelte\/\">Busvorzelt<\/a> am Fahrzeug haben, denn die Niederschl\u00e4ge kommen nun h\u00e4ufiger.<\/p>\n<p><img loading=\"lazy\" decoding=\"async\" class=\"aligncenter wp-image-15438 size-full\" title=\"Therm-a-Rest Questar 0F\/-18C Schlafsack normal\" src=\"https:\/\/www.schlanser.ch\/magazin\/wp-content\/uploads\/2024\/09\/Therm-a-Rest-Questar.png\" alt=\"Therm-a-Rest Questar 0F\/-18C Schlafsack normal\" width=\"620\" height=\"466\" srcset=\"https:\/\/www.schlanser.ch\/magazin\/wp-content\/uploads\/2024\/09\/Therm-a-Rest-Questar.png 620w, https:\/\/www.schlanser.ch\/magazin\/wp-content\/uploads\/2024\/09\/Therm-a-Rest-Questar-300x225.png 300w\" sizes=\"(max-width: 620px) 100vw, 620px\" \/><\/p>\n<h2>Camping im Herbst mit Kindern<\/h2>\n<p style=\"text-align: justify;\">Selbst mit Kindern ist beim Camping im Herbst eine entspannte Zeit zu verleben. F\u00fcr Familien ist es nat\u00fcrlich sch\u00f6n, auf dem Campingplatz einen Innenspielplatz vorzufinden. Ein Hallenbad l\u00e4dt auch bei Regen zum Planschen ein. F\u00fcr gute Wetterlagen sollte es M\u00f6glichkeiten zum Wandern oder Radfahren geben. Ist das Wetter einmal unentschieden, erf\u00fcllt ein St\u00e4dtetrip den Tag.<\/p>\n<p style=\"text-align: justify;\">Ist das Wetter doch mal so schlecht, dass Sie nicht vor die T\u00fcr gehen m\u00f6chten, darf die Unterhaltung f\u00fcr drinnen nicht fehlen. Gerade Kinder wollen besch\u00e4ftigt werden. Damit nicht st\u00e4ndig der Fernseher laufen muss, sollten Spiele und B\u00fccher zur Grundausr\u00fcstung z\u00e4hlen. Beim <a href=\"https:\/\/www.schlanser.ch\/magazin\/camping-mit-kindern\/\">Camping mit Kindern<\/a> empfiehlt es sich ausserdem, Campingpl\u00e4tze mit entsprechender Infrastruktur zu w\u00e4hlen \u2013 von Spielpl\u00e4tzen \u00fcber Streichelzoos bis hin zu kindgerechten Wanderwegen.<\/p>\n<figure id=\"attachment_2834\" aria-describedby=\"caption-attachment-2834\" style=\"width: 600px\" class=\"wp-caption aligncenter\"><img loading=\"lazy\" decoding=\"async\" class=\"wp-image-2834 size-full\" title=\"Herbstcamping auf Campingpl\u00e4tzen bietet neben der romantischen Natur auch viele Indooraktivit\u00e4ten\" src=\"https:\/\/www.schlanser.ch\/magazin\/wp-content\/uploads\/2017\/09\/Herbstcamping-1.jpg\" alt=\"Herbstcamping auf Campingpl\u00e4tzen bietet neben der romantischen Natur auch viele Indooraktivit\u00e4ten\" width=\"600\" height=\"401\" srcset=\"https:\/\/www.schlanser.ch\/magazin\/wp-content\/uploads\/2017\/09\/Herbstcamping-1.jpg 600w, https:\/\/www.schlanser.ch\/magazin\/wp-content\/uploads\/2017\/09\/Herbstcamping-1-300x201.jpg 300w, https:\/\/www.schlanser.ch\/magazin\/wp-content\/uploads\/2017\/09\/Herbstcamping-1-110x75.jpg 110w\" sizes=\"(max-width: 600px) 100vw, 600px\" \/><figcaption id=\"caption-attachment-2834\" class=\"wp-caption-text\">\u00a9 Daria Minaeva \/ Fotolia.com<\/figcaption><\/figure>\n<h2>Camping im Herbst mit Hund<\/h2>\n<p style=\"text-align: justify;\">Der Herbst ist die ideale Jahreszeit f\u00fcr das Camping im Herbst mit Hund. Die gem\u00e4ssigten Temperaturen sind f\u00fcr Vierbeiner deutlich angenehmer als die Sommerhitze. Lange Wanderungen durch herbstlich gef\u00e4rbte W\u00e4lder machen Mensch und Tier gleichermassen Freude. Achten Sie bei der Wahl des Campingplatzes darauf, dass Hunde willkommen sind und idealerweise Auslaufm\u00f6glichkeiten in der N\u00e4he vorhanden sind. Viele der von uns empfohlenen Pl\u00e4tze heissen Hunde explizit willkommen.<\/p>\n<p style=\"text-align: justify;\">Packen Sie f\u00fcr Ihren Vierbeiner eine warme Hundedecke ein und denken Sie an ausreichend Futter sowie Wasser f\u00fcr Wanderungen. Ein wetterfester Hundemantel kann bei nasskaltem Wetter sinnvoll sein, besonders f\u00fcr kurzhaarige Rassen.<\/p>\n<h2>Camping im Herbst wohin? \u2013 Herbst-Camping in der Schweiz<\/h2>\n<p style=\"text-align: justify;\">Ihre Ferien im Herbst geniessen Sie am besten direkt um die Ecke. W\u00e4hlen Sie aus den Schweizer Campingzielen, sparen Sie sich eine weite Anfahrt und starten Sie direkt mit der Erholung am Urlaubsziel durch. Der <a href=\"https:\/\/www.schlanser.ch\/magazin\/campingurlaub-in-der-schweiz\/\">Campingurlaub in der Schweiz<\/a> bietet im Herbst eine besondere Atmosph\u00e4re mit buntem Laub und klarer Bergluft.<\/p>\n<h3>Campingplatz Muglin \u2013 Val M\u00fcstair<\/h3>\n<p style=\"text-align: justify;\">Der Campingplatz Muglin liegt an der Grenze zu S\u00fcdtirol im UNESCO Biosferagebiet Val M\u00fcstair. F\u00fcr sonnige Tage im Herbst gibt es hier reichlich wundersch\u00f6ne Natur zu erkunden. An Regentagen l\u00e4dt die Saunalandschaft zum Entspannen ein. F\u00fcr die Kinder findet sich in unmittelbarer N\u00e4he ein Hallenbad. Ausserdem darf auf dem Nachbarhof im Ziegenpark fleissig gestreichelt werden. Als besonderes Highlight im Herbsturlaub ist hier Schlafen im Stroh m\u00f6glich, bei dem man garantiert wettergesch\u00fctzt ruhen kann. Die neue Pergola am Platz l\u00e4dt selbst bei Regenwetter zum Grillen ein.<\/p>\n<figure id=\"attachment_2836\" aria-describedby=\"caption-attachment-2836\" style=\"width: 600px\" class=\"wp-caption aligncenter\"><img loading=\"lazy\" decoding=\"async\" class=\"wp-image-2836 size-full\" title=\"Erholsames Schlafen im Stroh\" src=\"https:\/\/www.schlanser.ch\/magazin\/wp-content\/uploads\/2017\/09\/Schlafen-im-Heu.jpg\" alt=\"Erholsames Schlafen im Stroh\" width=\"600\" height=\"400\" srcset=\"https:\/\/www.schlanser.ch\/magazin\/wp-content\/uploads\/2017\/09\/Schlafen-im-Heu.jpg 600w, https:\/\/www.schlanser.ch\/magazin\/wp-content\/uploads\/2017\/09\/Schlafen-im-Heu-300x200.jpg 300w\" sizes=\"(max-width: 600px) 100vw, 600px\" \/><figcaption id=\"caption-attachment-2836\" class=\"wp-caption-text\">\u00a9 Mat Hayward \/ Fotolia.com<\/figcaption><\/figure>\n<h3>Campingplatz Eienw\u00e4ldli \u2013 Engelberg<\/h3>\n<p style=\"text-align: justify;\">In Engelberg im Berner Oberland liegt der Campingplatz Eienw\u00e4ldli. Ganzj\u00e4hrig ge\u00f6ffnet bietet sich Ihnen hier beim Camping im Herbst ein herrliches Bergpanorama. Auf 1.000 qm Wellness- und Spabereich k\u00f6nnen Sie es sich gut gehen lassen und zum Beispiel eine Herbstmassage geniessen. Es gibt ein Herbstprogramm mit diversen Unternehmungen, an denen auch Familien teilnehmen k\u00f6nnen. An k\u00fchlen Abenden stehen eine Feuerstelle oder ein Aufenthalts- und TV-Raum bereit. Bei gutem Wetter gibt es in unmittelbarer N\u00e4he die M\u00f6glichkeit zum Golfen, Klettern, Paragliden und Mountainbiken.<\/p>\n<h3>Camping T\u00e4sch \u2013 bei Zermatt<\/h3>\n<p style=\"text-align: justify;\">Das Bergdorf Zermatt ist ber\u00fchmt f\u00fcr seine Lage am Matterhorn, dem Symbol f\u00fcr die Schweiz. In Zermatt urlauben Sie in der N\u00e4he von vielen Viertausendern, sind dem Schnee auch im Herbst nah und k\u00f6nnen sogar im Sommer Wintersportarten aus\u00fcben. Bergsteigen, Klettern, Spazieren, Wandern \u2013 der Abenteuerlust sind keine Grenzen gesetzt. In der autofreien Gemeinde Zermatt sind Sie zu Fuss, per Pferdetaxi oder per genehmigtem Elektrofahrzeug unterwegs. Bis Camping T\u00e4sch k\u00f6nnen Sie aber selbst fahren und dort gem\u00fctliches Camping im Herbst verbringen. Ein Shuttle-Service bringt Ihnen den Kanton Wallis n\u00e4her und Sie zu den Sehensw\u00fcrdigkeiten Zermatts.<\/p>\n<figure id=\"attachment_13416\" aria-describedby=\"caption-attachment-13416\" style=\"width: 620px\" class=\"wp-caption aligncenter\"><img loading=\"lazy\" decoding=\"async\" class=\"wp-image-13416 size-full\" title=\"In Zermatt kann man zwischen 4000er-Bergen wandern, klettern oder bergsteigen\" src=\"https:\/\/www.schlanser.ch\/magazin\/wp-content\/uploads\/2021\/10\/matterhorn-wandern.jpg\" alt=\"Wandern am Matterhorn im Herbst\" width=\"620\" height=\"396\" srcset=\"https:\/\/www.schlanser.ch\/magazin\/wp-content\/uploads\/2021\/10\/matterhorn-wandern.jpg 620w, https:\/\/www.schlanser.ch\/magazin\/wp-content\/uploads\/2021\/10\/matterhorn-wandern-300x192.jpg 300w\" sizes=\"(max-width: 620px) 100vw, 620px\" \/><figcaption id=\"caption-attachment-13416\" class=\"wp-caption-text\">\u00a9 DeLex &#8211; stock.adobe.com<\/figcaption><\/figure>\n<h2>Camping im Herbst in Deutschland<\/h2>\n<p style=\"text-align: justify;\">Von der Schweiz aus sind viele attraktive deutsche Campingziele gut erreichbar. Deutschland in den Herbstferien bietet lustvolles Wandern oder das raue Meer an der Nordseek\u00fcste.<\/p>\n<h3>Camping Zum Wilden Michel \u2013 Schwarzwald<\/h3>\n<p style=\"text-align: justify;\">K\u00fchl ist es im Schwarzwald bereits im Oktober. Ende Oktober sind die schaurig sch\u00f6nen Halloween-Wochen im Europapark Rust, der vielf\u00e4ltige Attraktionen f\u00fcr die ganze Familie bietet. Die badische K\u00fcche geniessen Sie in den zahlreichen lokalen Restaurants und die Wanderwege sind sehr gut ausgeschildert.<\/p>\n<p style=\"text-align: justify;\">Auf dem ganzj\u00e4hrig ge\u00f6ffneten Campingplatz &#8222;Zum Wilden Michel&#8220; in Furtwangen gibt es viel zu entdecken. Fast jede Woche gibt es Live-Musik, an den Abenden kann es dann schon mal etwas lauter werden. Daf\u00fcr pulsiert hier das Leben. Die Betreiber des Campingplatzes heissen Hunde und Kinder explizit willkommen \u2013 ideal f\u00fcrs Camping im Herbst mit Hund. Und sollte es doch mal kalt und ungem\u00fctlich werden, k\u00f6nnen Sie den beheizbaren Zuber mit Whirlpool-Funktion oder die Sauna im Hofgeb\u00e4ude mieten und sich etwas Gutes tun.<\/p>\n<figure id=\"attachment_15444\" aria-describedby=\"caption-attachment-15444\" style=\"width: 620px\" class=\"wp-caption aligncenter\"><img loading=\"lazy\" decoding=\"async\" class=\"wp-image-15444 size-full\" title=\"Badenweiler im Breisgau, Baden-W\u00fcrttemberg\" src=\"https:\/\/www.schlanser.ch\/magazin\/wp-content\/uploads\/2024\/09\/badenweiler-im-herbst.jpg\" alt=\"Badenweiler im Breisgau - Herbstferien Familienurlaub\" width=\"620\" height=\"411\" srcset=\"https:\/\/www.schlanser.ch\/magazin\/wp-content\/uploads\/2024\/09\/badenweiler-im-herbst.jpg 620w, https:\/\/www.schlanser.ch\/magazin\/wp-content\/uploads\/2024\/09\/badenweiler-im-herbst-300x199.jpg 300w, https:\/\/www.schlanser.ch\/magazin\/wp-content\/uploads\/2024\/09\/badenweiler-im-herbst-310x205.jpg 310w\" sizes=\"(max-width: 620px) 100vw, 620px\" \/><figcaption id=\"caption-attachment-15444\" class=\"wp-caption-text\">\u00a9 Ilhan Balta &#8211; stock.adobe.com<\/figcaption><\/figure>\n<h3>Camping M\u00fcnstertal \u2013 Schwarzwald<\/h3>\n<p style=\"text-align: justify;\">Ebenfalls im Schwarzwald gelegen bietet der Camping M\u00fcnstertal eine hervorragende Ausgangslage f\u00fcr Wanderungen und Ausfl\u00fcge. Der Platz liegt im malerischen M\u00fcnstertal und besticht durch seine ruhige Lage inmitten der Natur. Besonders im Herbst zeigt sich die Region von ihrer sch\u00f6nsten Seite mit den bunten W\u00e4ldern und den klaren Herbsttagen. Die Infrastruktur des Platzes ist modern und familienfreundlich.<\/p>\n<h3>Campingplatz Spilak \u2013 Norderney<\/h3>\n<p style=\"text-align: justify;\">Die wohltuende Wirkung der Meeresluft auf die Gesundheit ist schon lange bekannt. Grund genug, die sch\u00f6ne Nordseeinsel als Urlaubsziel f\u00fcr die Herbstreise auszuw\u00e4hlen. Wenn die Hauptsaison vorbei ist, l\u00e4sst auch das Get\u00fcmmel am Strand nach. Sandburgen lassen sich dennoch bauen, obwohl das Wasser nur f\u00fcr Hartgesottene noch nicht zu kalt ist.<\/p>\n<p style=\"text-align: justify;\">Auf dem Campingplatz Spilak werden Sie an einem Reiterhof willkommen geheissen. Die Saison geht hier in der Regel bis Ende Oktober und Sie k\u00f6nnen t\u00e4glich Pferden\u00e4he geniessen, Reiter am Strand beobachten oder auch einmal selbst in den Sattel steigen. Pferdefreunde k\u00f6nnen hier sogar mit eigenem Pferd Urlaub machen. Herbstfreuden sind zum Beispiel ein Besuch an der Seehund-Auffangstation und das Schwimmbad Thalasso-Spa ist perfekt f\u00fcr kalte Herbsttage.<\/p>\n<figure id=\"attachment_15449\" aria-describedby=\"caption-attachment-15449\" style=\"width: 620px\" class=\"wp-caption aligncenter\"><img loading=\"lazy\" decoding=\"async\" class=\"wp-image-15449 size-full\" title=\"Strand von Norderney\" src=\"https:\/\/www.schlanser.ch\/magazin\/wp-content\/uploads\/2024\/09\/Norderney-Strand.jpg\" alt=\"Strand von Norderney\" width=\"620\" height=\"413\" srcset=\"https:\/\/www.schlanser.ch\/magazin\/wp-content\/uploads\/2024\/09\/Norderney-Strand.jpg 620w, https:\/\/www.schlanser.ch\/magazin\/wp-content\/uploads\/2024\/09\/Norderney-Strand-300x200.jpg 300w\" sizes=\"(max-width: 620px) 100vw, 620px\" \/><figcaption id=\"caption-attachment-15449\" class=\"wp-caption-text\">\u00a9 G\u00fcnther Ramm &#8211; stock.adobe.com<\/figcaption><\/figure>\n<figure id=\"attachment_15452\" aria-describedby=\"caption-attachment-15452\" style=\"width: 620px\" class=\"wp-caption aligncenter\"><img loading=\"lazy\" decoding=\"async\" class=\"wp-image-15452 size-full\" title=\"Kegelrobben und Seehunde am Ostende Norderneys\" src=\"https:\/\/www.schlanser.ch\/magazin\/wp-content\/uploads\/2024\/09\/sehunde-Norderney.jpg\" alt=\"Kegelrobben und Seehunde am Ostende Norderneys\" width=\"620\" height=\"413\" srcset=\"https:\/\/www.schlanser.ch\/magazin\/wp-content\/uploads\/2024\/09\/sehunde-Norderney.jpg 620w, https:\/\/www.schlanser.ch\/magazin\/wp-content\/uploads\/2024\/09\/sehunde-Norderney-300x200.jpg 300w\" sizes=\"(max-width: 620px) 100vw, 620px\" \/><figcaption id=\"caption-attachment-15452\" class=\"wp-caption-text\">Von Andreas Trepte &#8211; Eigenes Werk, CC BY-SA 2.5, https:\/\/commons.wikimedia.org\/w\/index.php?curid=5660037<\/figcaption><\/figure>\n<h2>Camping im Herbst in \u00d6sterreich<\/h2>\n<p style=\"text-align: justify;\">\u00d6sterreich bietet mit seinen Alpent\u00e4lern und Seen ideale Bedingungen f\u00fcr das Campen im Herbst warm und gem\u00fctlich. Die gute Infrastruktur und die N\u00e4he zur Schweiz machen das Land zu einem beliebten Ziel.<\/p>\n<h3>Camping Zillertal<\/h3>\n<p style=\"text-align: justify;\">Das Zillertal ist bekannt f\u00fcr seine atemberaubende Bergkulisse und die vielf\u00e4ltigen Freizeitm\u00f6glichkeiten. Der Campingplatz bietet moderne Einrichtungen und ist auch im Herbst ge\u00f6ffnet. Von hier aus starten zahlreiche Wanderwege in die umliegende Bergwelt. Besonders reizvoll ist der Herbst im Zillertal, wenn sich die L\u00e4rchen goldgelb f\u00e4rben und die Almwiesen in warmen Farben erstrahlen.<\/p>\n<h3>Sportcamp Woferlgut \u2013 Bruck an der Grossglocknerstrasse<\/h3>\n<p style=\"text-align: justify;\">Das Sportcamp Woferlgut liegt ideal f\u00fcr Ausfl\u00fcge zum Grossglockner, dem h\u00f6chsten Berg \u00d6sterreichs. Der Campingplatz bietet ein umfangreiches Wellness-Angebot, das beim Campen im Herbst warm und behaglich f\u00fcr Entspannung nach aktiven Tagen sorgt. Familien finden hier ein breites Angebot an Aktivit\u00e4ten, von Wanderungen bis zu Ausfl\u00fcgen in die historische Stadt Salzburg.<\/p>\n<h3>Grubhof \u2013 Lofer<\/h3>\n<p style=\"text-align: justify;\">Der Grubhof in Lofer z\u00e4hlt zu den Top-Campingpl\u00e4tzen in den Alpen und ist auch im Herbst ge\u00f6ffnet. Die Region bietet eine Vielzahl an Wanderm\u00f6glichkeiten, von gem\u00fctlichen Spazierg\u00e4ngen bis zu anspruchsvollen Bergtouren. Der Campingplatz selbst \u00fcberzeugt mit seinem Wellnessbereich und der familienfreundlichen Atmosph\u00e4re. Im Herbst geniessen Sie hier die Ruhe nach der Hochsaison und k\u00f6nnen die Natur in ihrer vollen Pracht erleben.<\/p>\n<h2>Camping im Herbst in Italien<\/h2>\n<p style=\"text-align: justify;\">Familienreisen nach Norditalien sind mit ca. f\u00fcnf Stunden Reisezeit von der Schweiz aus auch f\u00fcr Kinder zumutbar. Bei Familienreisen nach Italien k\u00f6nnen Sie Sonne tanken \u2013 milde Temperaturen erwarten Sie in Bella Italia. Der Herbst zeigt sich an den Weinbergen goldgelb und kr\u00e4ftig rot.<\/p>\n<h3>Geniesser Deluxe Campingplatz Schlosshof \u2013 S\u00fcdtirol<\/h3>\n<p style=\"text-align: justify;\">Hier ist der Name Programm: Auf dem &#8222;Geniesser Deluxe Campingplatz Schlosshof&#8220; befinden Sie sich mitten im Wein- und Obstgarten S\u00fcdtirols. Bei langen Spazierg\u00e4ngen k\u00f6nnen Sie im Herbsturlaub eine Farbenpracht aus buntem Laub bewundern. Der Platz schliesst erst Mitte November und bis Mitte Oktober wird der Aussenpool beheizt. Zus\u00e4tzlich finden Sie im Innenbereich ein Hallenbad mit Sauna, Solarium und diversen Wellnessangeboten. Die Kleinen toben sich im Kinderspielraum aus, w\u00e4hrend die Gr\u00f6sseren sich beim Kegeln am\u00fcsieren. Als Ausflugsziele bei durchwachsenem Wetter sind Bozen und Meran schnell erreichbar.<\/p>\n<figure id=\"attachment_2837\" aria-describedby=\"caption-attachment-2837\" style=\"width: 600px\" class=\"wp-caption aligncenter\"><img loading=\"lazy\" decoding=\"async\" class=\"wp-image-2837 size-full\" title=\"Das malerische S\u00fcdtirol im Herbst\" src=\"https:\/\/www.schlanser.ch\/magazin\/wp-content\/uploads\/2017\/09\/S\u00fcdtirol-im-Herbst.jpg\" alt=\"S\u00fcdtirol im Herbst\" width=\"600\" height=\"400\" srcset=\"https:\/\/www.schlanser.ch\/magazin\/wp-content\/uploads\/2017\/09\/S\u00fcdtirol-im-Herbst.jpg 600w, https:\/\/www.schlanser.ch\/magazin\/wp-content\/uploads\/2017\/09\/S\u00fcdtirol-im-Herbst-300x200.jpg 300w\" sizes=\"(max-width: 600px) 100vw, 600px\" \/><figcaption id=\"caption-attachment-2837\" class=\"wp-caption-text\">\u00a9 ronnybas \/ Fotolia.com<\/figcaption><\/figure>\n<h3>Dolomiti Camping Village \u2013 Val di Sole<\/h3>\n<p style=\"text-align: justify;\">Im Val di Sole liegt das Dolomiti Camping Village und Wellness Resort. Der Campingplatz ist ganzj\u00e4hrig ge\u00f6ffnet und rund um den Platz finden Sie ein wundersch\u00f6nes Wandergebiet, das zu ausgedehnten Herbsttouren einl\u00e4dt. Gibt es schon Schnee, stehen diverse Wintersportarten auf dem Programm. An den sonnigen Herbsttagen k\u00f6nnen Sie bei Rafting, Kanufahren, Nordic Walking oder Downhillbike fahren unvergessliche Erinnerungen sammeln. Auch hier l\u00e4dt ein gut ausgestattetes Wellnesscenter zur Entspannung beim Camping im Herbst ein.<\/p>\n<h3>Caravan Park Sexten \u2013 S\u00fcdtirol<\/h3>\n<p style=\"text-align: justify;\">Der Caravan Park Sexten liegt in einer der sch\u00f6nsten Regionen der Dolomiten. Der Herbst pr\u00e4sentiert sich hier besonders eindrucksvoll mit den markanten Felsformationen vor dem blauen Himmel und den goldenen L\u00e4rchenw\u00e4ldern. Der Campingplatz bietet eine erstklassige Infrastruktur und ist ideal f\u00fcr Familien und Wanderbegeisterte. Die Drei Zinnen sind von hier aus gut erreichbar und auch f\u00fcr weniger ge\u00fcbte Wanderer gibt es zahlreiche lohnende Touren.<\/p>\n<figure id=\"attachment_15443\" aria-describedby=\"caption-attachment-15443\" style=\"width: 620px\" class=\"wp-caption aligncenter\"><img loading=\"lazy\" decoding=\"async\" class=\"wp-image-15443 size-full\" title=\"Lago Antorno, Dolomiten\" src=\"https:\/\/www.schlanser.ch\/magazin\/wp-content\/uploads\/2024\/09\/Lago-Antorno-Dolomiten.png\" alt=\"Lago Antorno, Dolomiten\" width=\"620\" height=\"413\" srcset=\"https:\/\/www.schlanser.ch\/magazin\/wp-content\/uploads\/2024\/09\/Lago-Antorno-Dolomiten.png 620w, https:\/\/www.schlanser.ch\/magazin\/wp-content\/uploads\/2024\/09\/Lago-Antorno-Dolomiten-300x200.png 300w\" sizes=\"(max-width: 620px) 100vw, 620px\" \/><figcaption id=\"caption-attachment-15443\" class=\"wp-caption-text\">\u00a9 ValentinValkov &#8211; stock.adobe.com<\/figcaption><\/figure>\n<h2>Camping im Herbst in Frankreich<\/h2>\n<p style=\"text-align: justify;\">Frankreich bietet auch im Herbst wunderbare Campingm\u00f6glichkeiten. Besonders das Elsass und die Alpenregionen sind von der Schweiz aus gut erreichbar und laden zum entspannten Herbstcamping ein.<\/p>\n<h3>Camping l&#8217;Oasis \u2013 Oberbronn, Elsass<\/h3>\n<p style=\"text-align: justify;\">Im Elsass erwartet Sie zum Herbstcamping ein ganz besonderer Campingplatz. Die l&#8217;Oasis in Oberbronn ist der perfekte Ausgangspunkt, um das Elsass mit seiner Kultur und seinen kulinarischen Spezialit\u00e4ten kennenzulernen. Diverse Wander- und Mountainbike-Strecken nehmen ihren Anfang direkt am Gel\u00e4nde. In der angeschlossenen Wellness-Oase warten auf Sie ein Dampfbad, Jacuzzi, eine Gegenstromanlage, ein Spabereich sowie ein Fitnessraum. Schlechtes Wetter vergessen Sie sofort auf einer gef\u00fchrten Tour zur Schnapsbrennerei oder in die Schokoladenfabrik. In verschiedenen R\u00e4umen stehen Billard und Videospiele bereit. Neben Colmar und Strassburg erwarten Sie in der Umgebung ein Reiterhof, ein See zum Bootfahren und Fischen, ein Planetarium und ein Zoo.<\/p>\n<h3>Camping Eden \u2013 Savoie<\/h3>\n<p style=\"text-align: justify;\">Der Camping Eden liegt in der wundersch\u00f6nen Region Savoie in den franz\u00f6sischen Alpen. Im Herbst bietet die Region spektakul\u00e4re Ausblicke auf die schneebedeckten Gipfel und die herbstlich gef\u00e4rbten T\u00e4ler. Der Campingplatz ist gut ausgestattet und bietet ideale Bedingungen f\u00fcr Wanderer und Naturliebhaber. Die N\u00e4he zum Mont Blanc macht ihn zu einem besonderen Ziel f\u00fcr Bergbegeisterte.<\/p>\n<h3>Camping Domaine de Champ\u00e9 \u2013 Vogesen<\/h3>\n<p style=\"text-align: justify;\">In den Vogesen gelegen bietet der Camping Domaine de Champ\u00e9 eine ruhige und naturnahe Atmosph\u00e4re. Die Region ist bekannt f\u00fcr ihre ausgedehnten W\u00e4lder, die im Herbst in allen Farben leuchten. Der Campingplatz ist familienfreundlich und bietet verschiedene Aktivit\u00e4ten f\u00fcr Gross und Klein. Von hier aus erkunden Sie die malerischen Vogesen-D\u00f6rfer und geniessen die franz\u00f6sische Lebensart.<\/p>\n<h2>Weitere Schweizer Herbstziele f\u00fcr Tagesausfl\u00fcge<\/h2>\n<p style=\"text-align: justify;\">Neben den Campingpl\u00e4tzen gibt es in der Schweiz zahlreiche lohnende Ausflugsziele f\u00fcr den Herbst. Die Regionen Graub\u00fcnden, das Berner Oberland und die Zentralschweiz bieten besonders sch\u00f6ne Erlebnisse.<\/p>\n<h3>St. Moritz und Davos \u2013 Graub\u00fcnden<\/h3>\n<p style=\"text-align: justify;\">Mit dem Reiseziel Graub\u00fcnden w\u00e4hlen Sie f\u00fcr Ihre Ferien im Herbst am besten St. Moritz oder Davos aus. Beide Orte sind ber\u00fchmte Urlaubsorte, die auch \u00fcber den Wintersport hinaus viel zu bieten haben und beim Camping im Herbst etwas ruhiger sind als sonst. Neben dem attraktiven Winterangebot hat St. Moritz auch im Herbst einiges zu bieten: Wandern, Mountainbiken, Tennis, Minigolfen und Reiten lassen sich wunderbar in der herbstlichen Natur geniessen.<\/p>\n<figure id=\"attachment_13411\" aria-describedby=\"caption-attachment-13411\" style=\"width: 620px\" class=\"wp-caption aligncenter\"><img loading=\"lazy\" decoding=\"async\" class=\"wp-image-13411 size-full\" title=\"In St. Moritz in Graub\u00fcnden kann man im Herbst sch\u00f6n wandern oder mountainbiken gehen\" src=\"https:\/\/www.schlanser.ch\/magazin\/wp-content\/uploads\/2021\/10\/herbst-graubuenden.jpg\" alt=\"Graub\u00fcnden im Herbst\" width=\"620\" height=\"310\" srcset=\"https:\/\/www.schlanser.ch\/magazin\/wp-content\/uploads\/2021\/10\/herbst-graubuenden.jpg 620w, https:\/\/www.schlanser.ch\/magazin\/wp-content\/uploads\/2021\/10\/herbst-graubuenden-300x150.jpg 300w\" sizes=\"(max-width: 620px) 100vw, 620px\" \/><figcaption id=\"caption-attachment-13411\" class=\"wp-caption-text\">\u00a9 Thorsten Schier &#8211; stock.adobe.com<\/figcaption><\/figure>\n<p style=\"text-align: justify;\">Davos bietet auf \u00fcber 2500 Metern H\u00f6he ein 700 km fassendes Wandernetz und Bergbahnen zum Jakobshorn, Weissfluhjoch, Rinerhorn und zur Schatzalp. Davos ist Ausgangspunkt f\u00fcr die ber\u00fchmten Z\u00fcge Glacier- und Bernina-Express und f\u00fcr Familien gibt es weitere Highlights: Sommerrodelbahn, Streichelzoo, Erlebnisbad und den Davoser Adventure Park.<\/p>\n<figure id=\"attachment_13412\" aria-describedby=\"caption-attachment-13412\" style=\"width: 620px\" class=\"wp-caption aligncenter\"><img loading=\"lazy\" decoding=\"async\" class=\"wp-image-13412 size-full\" title=\"In Davos gibt es im Herbst eine Menge zu unternehmen - von Sommerrodelbahn bis Adventure Park\" src=\"https:\/\/www.schlanser.ch\/magazin\/wp-content\/uploads\/2021\/10\/davos-herbst.jpg\" alt=\"Davos und Davoser See\" width=\"620\" height=\"413\" srcset=\"https:\/\/www.schlanser.ch\/magazin\/wp-content\/uploads\/2021\/10\/davos-herbst.jpg 620w, https:\/\/www.schlanser.ch\/magazin\/wp-content\/uploads\/2021\/10\/davos-herbst-300x200.jpg 300w\" sizes=\"(max-width: 620px) 100vw, 620px\" \/><figcaption id=\"caption-attachment-13412\" class=\"wp-caption-text\">\u00a9 Sasa Komlen &#8211; stock.adobe.com<\/figcaption><\/figure>\n<h3>Weggis \u2013 Vierwaldst\u00e4ttersee<\/h3>\n<p style=\"text-align: justify;\">In Weggis kommen Sie zur Ruhe, der Blick ruht auf dem sch\u00f6nen Berg- und Seepanorama und der K\u00f6rper entspannt in den Wellnessoasen. Das mediterrane Klima brachte Weggis den Namen Riviera der Zentralschweiz ein. Auch im Oktober finden Sie angenehme Temperaturen f\u00fcr Ihre Camping-Ferien. Mit dem historischen Schaufelraddampfer oder auf modernen Motorbooten gelangen Sie \u00fcber den Vierwaldst\u00e4tter See zu den bekanntesten Ausflugszielen der Zentralschweiz: B\u00fcrgenstock, Klewenalp, Pilatus oder Stanserhorn sowie nach Luzern.<\/p>\n<p><a href=\"https:\/\/www.schlanser.ch\/zelte\/campingzelte\/2-personen-zelte\/\"><img loading=\"lazy\" decoding=\"async\" class=\"aligncenter wp-image-13413 size-full\" title=\"Berger Kiwi NZ 2 Kuppelzelt\" src=\"https:\/\/www.schlanser.ch\/magazin\/wp-content\/uploads\/2021\/10\/Berger-Kiwi-NZ-2-Kuppelzelt.jpg\" alt=\"Berger Kiwi NZ 2 Kuppelzelt\" width=\"620\" height=\"388\" srcset=\"https:\/\/www.schlanser.ch\/magazin\/wp-content\/uploads\/2021\/10\/Berger-Kiwi-NZ-2-Kuppelzelt.jpg 620w, https:\/\/www.schlanser.ch\/magazin\/wp-content\/uploads\/2021\/10\/Berger-Kiwi-NZ-2-Kuppelzelt-300x188.jpg 300w\" sizes=\"(max-width: 620px) 100vw, 620px\" \/><\/a><\/p>\n<h3>Berner Oberland \u2013 Hasliberg<\/h3>\n<p style=\"text-align: justify;\">Im Berner Oberland gelegen bietet die Region Hasliberg Spannung und Spass f\u00fcr Familien und Naturfreunde. Besuchen Sie die imposante Aareschlucht in Meiringen-Hasliberg, die dank Stegen komplett durchwandert werden kann. Der Weg dauert etwa 40 Minuten und ist f\u00fcr Rollst\u00fchle und Kinderwagen geeignet. Auf dem Kugelweg Hasliberg finden Sie 11 imposante Kugelbahnen \u2013 Ihre Kinder werden motiviert laufen, rennen und sich \u00fcber das Geklacker der Kugeln freuen.<\/p>\n<figure id=\"attachment_13414\" aria-describedby=\"caption-attachment-13414\" style=\"width: 620px\" class=\"wp-caption aligncenter\"><img loading=\"lazy\" decoding=\"async\" class=\"wp-image-13414 size-full\" title=\"Im Gebiet Hasliberg finden sich viele Wanderwege, die f\u00fcr die ganze Familie geeignet sind\" src=\"https:\/\/www.schlanser.ch\/magazin\/wp-content\/uploads\/2021\/10\/hasliberg.jpg\" alt=\"Hasliberg Berner Oberland\" width=\"620\" height=\"465\" srcset=\"https:\/\/www.schlanser.ch\/magazin\/wp-content\/uploads\/2021\/10\/hasliberg.jpg 620w, https:\/\/www.schlanser.ch\/magazin\/wp-content\/uploads\/2021\/10\/hasliberg-300x225.jpg 300w\" sizes=\"(max-width: 620px) 100vw, 620px\" \/><figcaption id=\"caption-attachment-13414\" class=\"wp-caption-text\">\u00a9 MAMO &#8211; stock.adobe.com<\/figcaption><\/figure>\n<h2>Fazit \u2013 Das Gute liegt so nah<\/h2>\n<p style=\"text-align: justify;\">Camping im Herbst bietet eine wunderbare M\u00f6glichkeit, die Natur in ihrer sch\u00f6nsten Pracht zu erleben. Ob Herbst-Camping in der Schweiz oder in den Nachbarl\u00e4ndern \u2013 die Auswahl an herbsttauglichen Campingpl\u00e4tzen ist gross. Mit der richtigen Ausr\u00fcstung, etwas Planung und Flexibilit\u00e4t wird Ihr Herbsturlaub zu einem unvergesslichen Erlebnis f\u00fcr die ganze Familie.<\/p>\n<p style=\"text-align: justify;\">Entdecken Sie die Freuden von herbstlichem Urlaub in der Schweiz oder im Ausland und geniessen Sie die vorwinterliche Reise mit Ihren Lieben. Packen Sie Ihr Campingequipment zusammen und fahren Sie in die sch\u00f6nsten Gebiete \u2013 das Gute liegt so nah!<\/p>\n<p><a href=\"https:\/\/www.schlanser.ch\/zelte\/zeltzubehoer\/vorzeltteppich-zeltboden\/218858\/bo-camp-urban-outdoor-lewisham-outdoormatte-200-x-180-cm\"><img loading=\"lazy\" decoding=\"async\" class=\"aligncenter wp-image-13415 size-full\" title=\"Bo-Camp Urban Outdoor Lewisham Outdoormatte 200 x 180 cm\" src=\"https:\/\/www.schlanser.ch\/magazin\/wp-content\/uploads\/2021\/10\/Bo-Camp-Urban-Outdoor-Lewisham-Outdoormatte.jpg\" alt=\"Bo-Camp Urban Outdoor Lewisham Outdoormatte 200 x 180 cm\" width=\"620\" height=\"388\" srcset=\"https:\/\/www.schlanser.ch\/magazin\/wp-content\/uploads\/2021\/10\/Bo-Camp-Urban-Outdoor-Lewisham-Outdoormatte.jpg 620w, https:\/\/www.schlanser.ch\/magazin\/wp-content\/uploads\/2021\/10\/Bo-Camp-Urban-Outdoor-Lewisham-Outdoormatte-300x188.jpg 300w\" sizes=\"(max-width: 620px) 100vw, 620px\" \/><\/a><\/p>\n","protected":false},"excerpt":{"rendered":"<p>\u00ab Herbstferien Campingurlaub \u2013 Die sch\u00f6nsten Ziele und die richtige Ausr\u00fcstung \u00bb In den Herbstferien gl\u00e4nzt die Natur mit ihren warmen, erdigen Braun-, Gelb- und Rott\u00f6nen, die goldene Sonne w\u00e4rmt noch kr\u00e4ftig, nachts wird es bereits knackig kalt und der Nebel h\u00fcllt die Welt im Morgengrauen friedlich ein. Was k\u00f6nnte es Sch\u00f6neres geben, als erneut &hellip;<\/p>\n","protected":false},"author":1,"featured_media":15434,"comment_status":"closed","ping_status":"open","sticky":false,"template":"","format":"standard","meta":{"footnotes":""},"categories":[2],"tags":[392,34,1596,895,2247,2244,2245,254,2248,1076,2249,2250,982,2246],"yoast_head":"<!-- This site is optimized with the Yoast SEO plugin v22.2 - https:\/\/yoast.com\/wordpress\/plugins\/seo\/ -->\n<title>Camping im Herbst \u2013 Die sch\u00f6nsten Ziele und die richtige Ausr\u00fcstung - Schlanser Magazin<\/title>\n<meta name=\"description\" content=\"Jetzt Familienurlaub in den Herbstferien planen mit den besten Tipps f\u00fcr eine Auszeit mit \u2714 Wohnwagen \u2714 Wohnmobil \u2714 Zelt | Schlanser.ch\" \/>\n<meta name=\"robots\" content=\"index, follow, max-snippet:-1, max-image-preview:large, max-video-preview:-1\" \/>\n<link rel=\"canonical\" href=\"https:\/\/www.schlanser.ch\/magazin\/herbstferien-familienurlaub\/\" \/>\n<meta property=\"og:locale\" content=\"de_DE\" \/>\n<meta property=\"og:type\" content=\"article\" \/>\n<meta property=\"og:title\" content=\"Camping im Herbst \u2013 Die sch\u00f6nsten Ziele und die richtige Ausr\u00fcstung - Schlanser Magazin\" \/>\n<meta property=\"og:description\" content=\"Jetzt Familienurlaub in den Herbstferien planen mit den besten Tipps f\u00fcr eine Auszeit mit \u2714 Wohnwagen \u2714 Wohnmobil \u2714 Zelt | Schlanser.ch\" \/>\n<meta property=\"og:url\" content=\"https:\/\/www.schlanser.ch\/magazin\/herbstferien-familienurlaub\/\" \/>\n<meta property=\"og:site_name\" content=\"Schlanser Magazin\" \/>\n<meta property=\"article:published_time\" content=\"2025-03-19T16:00:48+00:00\" \/>\n<meta property=\"article:modified_time\" content=\"2026-01-07T16:10:53+00:00\" \/>\n<meta property=\"og:image\" content=\"https:\/\/www.schlanser.ch\/magazin\/wp-content\/uploads\/2024\/09\/familie-im-herbst.png\" \/>\n\t<meta property=\"og:image:width\" content=\"660\" \/>\n\t<meta property=\"og:image:height\" content=\"396\" \/>\n\t<meta property=\"og:image:type\" content=\"image\/png\" \/>\n<meta name=\"author\" content=\"admin\" \/>\n<meta name=\"twitter:card\" content=\"summary_large_image\" \/>\n<meta name=\"twitter:label1\" content=\"Verfasst von\" \/>\n\t<meta name=\"twitter:data1\" content=\"admin\" \/>\n\t<meta name=\"twitter:label2\" content=\"Gesch\u00e4tzte Lesezeit\" \/>\n\t<meta name=\"twitter:data2\" content=\"26 Minuten\" \/>\n<script type=\"application\/ld+json\" class=\"yoast-schema-graph\">{\"@context\":\"https:\/\/schema.org\",\"@graph\":[{\"@type\":\"WebPage\",\"@id\":\"https:\/\/www.schlanser.ch\/magazin\/herbstferien-familienurlaub\/\",\"url\":\"https:\/\/www.schlanser.ch\/magazin\/herbstferien-familienurlaub\/\",\"name\":\"Camping im Herbst \u2013 Die sch\u00f6nsten Ziele und die richtige Ausr\u00fcstung - Schlanser Magazin\",\"isPartOf\":{\"@id\":\"https:\/\/www.schlanser.ch\/magazin\/#website\"},\"primaryImageOfPage\":{\"@id\":\"https:\/\/www.schlanser.ch\/magazin\/herbstferien-familienurlaub\/#primaryimage\"},\"image\":{\"@id\":\"https:\/\/www.schlanser.ch\/magazin\/herbstferien-familienurlaub\/#primaryimage\"},\"thumbnailUrl\":\"https:\/\/www.schlanser.ch\/magazin\/wp-content\/uploads\/2024\/09\/familie-im-herbst.png\",\"datePublished\":\"2025-03-19T16:00:48+00:00\",\"dateModified\":\"2026-01-07T16:10:53+00:00\",\"author\":{\"@id\":\"https:\/\/www.schlanser.ch\/magazin\/#\/schema\/person\/000db0a103eb2594ba3daf394b1dfea2\"},\"description\":\"Jetzt Familienurlaub in den Herbstferien planen mit den besten Tipps f\u00fcr eine Auszeit mit \u2714 Wohnwagen \u2714 Wohnmobil \u2714 Zelt | Schlanser.ch\",\"breadcrumb\":{\"@id\":\"https:\/\/www.schlanser.ch\/magazin\/herbstferien-familienurlaub\/#breadcrumb\"},\"inLanguage\":\"de-DE\",\"potentialAction\":[{\"@type\":\"ReadAction\",\"target\":[\"https:\/\/www.schlanser.ch\/magazin\/herbstferien-familienurlaub\/\"]}]},{\"@type\":\"ImageObject\",\"inLanguage\":\"de-DE\",\"@id\":\"https:\/\/www.schlanser.ch\/magazin\/herbstferien-familienurlaub\/#primaryimage\",\"url\":\"https:\/\/www.schlanser.ch\/magazin\/wp-content\/uploads\/2024\/09\/familie-im-herbst.png\",\"contentUrl\":\"https:\/\/www.schlanser.ch\/magazin\/wp-content\/uploads\/2024\/09\/familie-im-herbst.png\",\"width\":660,\"height\":396,\"caption\":\"\u00a9 Pixel-Shot - stock.adobe.com\"},{\"@type\":\"BreadcrumbList\",\"@id\":\"https:\/\/www.schlanser.ch\/magazin\/herbstferien-familienurlaub\/#breadcrumb\",\"itemListElement\":[{\"@type\":\"ListItem\",\"position\":1,\"name\":\"Startseite\",\"item\":\"https:\/\/www.schlanser.ch\/magazin\/\"},{\"@type\":\"ListItem\",\"position\":2,\"name\":\"Camping im Herbst \u2013 Die sch\u00f6nsten Ziele und die richtige Ausr\u00fcstung\"}]},{\"@type\":\"WebSite\",\"@id\":\"https:\/\/www.schlanser.ch\/magazin\/#website\",\"url\":\"https:\/\/www.schlanser.ch\/magazin\/\",\"name\":\"Schlanser Magazin\",\"description\":\"\",\"potentialAction\":[{\"@type\":\"SearchAction\",\"target\":{\"@type\":\"EntryPoint\",\"urlTemplate\":\"https:\/\/www.schlanser.ch\/magazin\/?s={search_term_string}\"},\"query-input\":\"required name=search_term_string\"}],\"inLanguage\":\"de-DE\"},{\"@type\":\"Person\",\"@id\":\"https:\/\/www.schlanser.ch\/magazin\/#\/schema\/person\/000db0a103eb2594ba3daf394b1dfea2\",\"name\":\"admin\",\"image\":{\"@type\":\"ImageObject\",\"inLanguage\":\"de-DE\",\"@id\":\"https:\/\/www.schlanser.ch\/magazin\/#\/schema\/person\/image\/\",\"url\":\"https:\/\/secure.gravatar.com\/avatar\/a794a4fe8a9b9c52241597eb381dfa2e?s=96&d=mm&r=g\",\"contentUrl\":\"https:\/\/secure.gravatar.com\/avatar\/a794a4fe8a9b9c52241597eb381dfa2e?s=96&d=mm&r=g\",\"caption\":\"admin\"}}]}<\/script>\n<!-- \/ Yoast SEO plugin. -->","yoast_head_json":{"title":"Camping im Herbst \u2013 Die sch\u00f6nsten Ziele und die richtige Ausr\u00fcstung - Schlanser Magazin","description":"Jetzt Familienurlaub in den Herbstferien planen mit den besten Tipps f\u00fcr eine Auszeit mit \u2714 Wohnwagen \u2714 Wohnmobil \u2714 Zelt | Schlanser.ch","robots":{"index":"index","follow":"follow","max-snippet":"max-snippet:-1","max-image-preview":"max-image-preview:large","max-video-preview":"max-video-preview:-1"},"canonical":"https:\/\/www.schlanser.ch\/magazin\/herbstferien-familienurlaub\/","og_locale":"de_DE","og_type":"article","og_title":"Camping im Herbst \u2013 Die sch\u00f6nsten Ziele und die richtige Ausr\u00fcstung - Schlanser Magazin","og_description":"Jetzt Familienurlaub in den Herbstferien planen mit den besten Tipps f\u00fcr eine Auszeit mit \u2714 Wohnwagen \u2714 Wohnmobil \u2714 Zelt | Schlanser.ch","og_url":"https:\/\/www.schlanser.ch\/magazin\/herbstferien-familienurlaub\/","og_site_name":"Schlanser Magazin","article_published_time":"2025-03-19T16:00:48+00:00","article_modified_time":"2026-01-07T16:10:53+00:00","og_image":[{"width":660,"height":396,"url":"https:\/\/www.schlanser.ch\/magazin\/wp-content\/uploads\/2024\/09\/familie-im-herbst.png","type":"image\/png"}],"author":"admin","twitter_card":"summary_large_image","twitter_misc":{"Verfasst von":"admin","Gesch\u00e4tzte Lesezeit":"26 Minuten"},"schema":{"@context":"https:\/\/schema.org","@graph":[{"@type":"WebPage","@id":"https:\/\/www.schlanser.ch\/magazin\/herbstferien-familienurlaub\/","url":"https:\/\/www.schlanser.ch\/magazin\/herbstferien-familienurlaub\/","name":"Camping im Herbst \u2013 Die sch\u00f6nsten Ziele und die richtige Ausr\u00fcstung - Schlanser Magazin","isPartOf":{"@id":"https:\/\/www.schlanser.ch\/magazin\/#website"},"primaryImageOfPage":{"@id":"https:\/\/www.schlanser.ch\/magazin\/herbstferien-familienurlaub\/#primaryimage"},"image":{"@id":"https:\/\/www.schlanser.ch\/magazin\/herbstferien-familienurlaub\/#primaryimage"},"thumbnailUrl":"https:\/\/www.schlanser.ch\/magazin\/wp-content\/uploads\/2024\/09\/familie-im-herbst.png","datePublished":"2025-03-19T16:00:48+00:00","dateModified":"2026-01-07T16:10:53+00:00","author":{"@id":"https:\/\/www.schlanser.ch\/magazin\/#\/schema\/person\/000db0a103eb2594ba3daf394b1dfea2"},"description":"Jetzt Familienurlaub in den Herbstferien planen mit den besten Tipps f\u00fcr eine Auszeit mit \u2714 Wohnwagen \u2714 Wohnmobil \u2714 Zelt | Schlanser.ch","breadcrumb":{"@id":"https:\/\/www.schlanser.ch\/magazin\/herbstferien-familienurlaub\/#breadcrumb"},"inLanguage":"de-DE","potentialAction":[{"@type":"ReadAction","target":["https:\/\/www.schlanser.ch\/magazin\/herbstferien-familienurlaub\/"]}]},{"@type":"ImageObject","inLanguage":"de-DE","@id":"https:\/\/www.schlanser.ch\/magazin\/herbstferien-familienurlaub\/#primaryimage","url":"https:\/\/www.schlanser.ch\/magazin\/wp-content\/uploads\/2024\/09\/familie-im-herbst.png","contentUrl":"https:\/\/www.schlanser.ch\/magazin\/wp-content\/uploads\/2024\/09\/familie-im-herbst.png","width":660,"height":396,"caption":"\u00a9 Pixel-Shot - stock.adobe.com"},{"@type":"BreadcrumbList","@id":"https:\/\/www.schlanser.ch\/magazin\/herbstferien-familienurlaub\/#breadcrumb","itemListElement":[{"@type":"ListItem","position":1,"name":"Startseite","item":"https:\/\/www.schlanser.ch\/magazin\/"},{"@type":"ListItem","position":2,"name":"Camping im Herbst \u2013 Die sch\u00f6nsten Ziele und die richtige Ausr\u00fcstung"}]},{"@type":"WebSite","@id":"https:\/\/www.schlanser.ch\/magazin\/#website","url":"https:\/\/www.schlanser.ch\/magazin\/","name":"Schlanser Magazin","description":"","potentialAction":[{"@type":"SearchAction","target":{"@type":"EntryPoint","urlTemplate":"https:\/\/www.schlanser.ch\/magazin\/?s={search_term_string}"},"query-input":"required name=search_term_string"}],"inLanguage":"de-DE"},{"@type":"Person","@id":"https:\/\/www.schlanser.ch\/magazin\/#\/schema\/person\/000db0a103eb2594ba3daf394b1dfea2","name":"admin","image":{"@type":"ImageObject","inLanguage":"de-DE","@id":"https:\/\/www.schlanser.ch\/magazin\/#\/schema\/person\/image\/","url":"https:\/\/secure.gravatar.com\/avatar\/a794a4fe8a9b9c52241597eb381dfa2e?s=96&d=mm&r=g","contentUrl":"https:\/\/secure.gravatar.com\/avatar\/a794a4fe8a9b9c52241597eb381dfa2e?s=96&d=mm&r=g","caption":"admin"}}]}},"_links":{"self":[{"href":"https:\/\/www.schlanser.ch\/magazin\/wp-json\/wp\/v2\/posts\/15432"}],"collection":[{"href":"https:\/\/www.schlanser.ch\/magazin\/wp-json\/wp\/v2\/posts"}],"about":[{"href":"https:\/\/www.schlanser.ch\/magazin\/wp-json\/wp\/v2\/types\/post"}],"author":[{"embeddable":true,"href":"https:\/\/www.schlanser.ch\/magazin\/wp-json\/wp\/v2\/users\/1"}],"replies":[{"embeddable":true,"href":"https:\/\/www.schlanser.ch\/magazin\/wp-json\/wp\/v2\/comments?post=15432"}],"version-history":[{"count":27,"href":"https:\/\/www.schlanser.ch\/magazin\/wp-json\/wp\/v2\/posts\/15432\/revisions"}],"predecessor-version":[{"id":19090,"href":"https:\/\/www.schlanser.ch\/magazin\/wp-json\/wp\/v2\/posts\/15432\/revisions\/19090"}],"wp:featuredmedia":[{"embeddable":true,"href":"https:\/\/www.schlanser.ch\/magazin\/wp-json\/wp\/v2\/media\/15434"}],"wp:attachment":[{"href":"https:\/\/www.schlanser.ch\/magazin\/wp-json\/wp\/v2\/media?parent=15432"}],"wp:term":[{"taxonomy":"category","embeddable":true,"href":"https:\/\/www.schlanser.ch\/magazin\/wp-json\/wp\/v2\/categories?post=15432"},{"taxonomy":"post_tag","embeddable":true,"href":"https:\/\/www.schlanser.ch\/magazin\/wp-json\/wp\/v2\/tags?post=15432"}],"curies":[{"name":"wp","href":"https:\/\/api.w.org\/{rel}","templated":true}]}}