{"id":15464,"date":"2022-09-21T09:30:45","date_gmt":"2022-09-21T07:30:45","guid":{"rendered":"https:\/\/www.schlanser.ch\/magazin\/?p=15464"},"modified":"2024-01-10T15:52:03","modified_gmt":"2024-01-10T14:52:03","slug":"suisse-caravan-salon","status":"publish","type":"post","link":"https:\/\/www.schlanser.ch\/magazin\/suisse-caravan-salon\/","title":{"rendered":"Suisse Caravan Salon"},"content":{"rendered":"<h2>\u00ab Campingmesse in Bern im Oktober \u00bb<\/h2>\n<p style=\"text-align: justify;\"><strong>Dass mobiles Reisen sehr viele Vorteile hat, ist jedem sp\u00e4testens seit der Corona-Pandemie klar geworden. Doch bevor es mit dem Camper auf Touren geht, muss nat\u00fcrlich die <\/strong><a href=\"https:\/\/www.schlanser.ch\/\"><strong>passende Camping-Ausr\u00fcstung<\/strong><\/a><strong> her. Der Suisse Caravan Salon in Bern etabliert sich im Oktober als Treffpunkt f\u00fcr alle Campingliebhaber und f\u00fcr diejenigen, die es noch werden m\u00f6chten. Hier gibt es alles: vom <\/strong><a href=\"https:\/\/www.schlanser.ch\/zelte\/campingzelte\/\"><strong>Campingzelt<\/strong><\/a><strong>, \u00fcber den klassischen Wohnwagen, bis hin zum luxuri\u00f6sen Reisemobil und s\u00e4mtlicher Campingausstattung. Ausserdem k\u00f6nnen Sie sich gleich die passenden Inspirationen f\u00fcr den n\u00e4chsten Campingurlaub suchen, vor Ort pr\u00e4sentieren sich die verschiedensten Ferienregionen und Campingpl\u00e4tze. Am besten nehmen Sie Ihre ganze Familie mit, denn auch die Kleinen kommen im Kinderparadies der Urlaubsmesse voll und ganz auf ihre Kosten.<\/strong><\/p>\n<h2>Was ist der Suisse Caravan Salon?<\/h2>\n<p style=\"text-align: justify;\">Der Suisse Caravan Salon ist eine nationale Messe f\u00fcr Camping und Caravaning in Bern. Auf ihr pr\u00e4sentieren rund 350 Aussteller ihre aktuellen Trends und Neuheiten rund um das Thema mobiles Reisen. Dazu geh\u00f6ren nat\u00fcrlich die Fahrzeuge, mit denen das mobile Reisen m\u00f6glich wird. Zudem umfassen auch Wohnwagen, Zeltklappanh\u00e4nger und vieles weiteres Zubeh\u00f6r zur Campingausr\u00fcstung das Ausstellungsspektrum. Die Reisemesse spricht alle Camper an, die sich \u00fcber die aktuellen Trends und Neuheiten auf dem Laufenden halten m\u00f6chten, aber nat\u00fcrlich auch Camping-Neulinge.<\/p>\n<figure id=\"attachment_15485\" aria-describedby=\"caption-attachment-15485\" style=\"width: 620px\" class=\"wp-caption aligncenter\"><img loading=\"lazy\" decoding=\"async\" class=\"wp-image-15485 size-full\" title=\"Von luxuri\u00f6s bis Low Budget gibt es riesige Angebotsvielfalt \" src=\"https:\/\/www.schlanser.ch\/magazin\/wp-content\/uploads\/2024\/09\/Luxux-Wohnmobil-Innenansicht.jpg\" alt=\"Luxuri\u00f6ses Interieur eines Wohnmobils\" width=\"620\" height=\"413\" srcset=\"https:\/\/www.schlanser.ch\/magazin\/wp-content\/uploads\/2024\/09\/Luxux-Wohnmobil-Innenansicht.jpg 620w, https:\/\/www.schlanser.ch\/magazin\/wp-content\/uploads\/2024\/09\/Luxux-Wohnmobil-Innenansicht-300x200.jpg 300w\" sizes=\"(max-width: 620px) 100vw, 620px\" \/><figcaption id=\"caption-attachment-15485\" class=\"wp-caption-text\">\u00a9 Drew &#8211; stock.adobe.com<\/figcaption><\/figure>\n<p style=\"text-align: justify;\">Auf der Messe finden Sie nicht nur die gesamte Camping-Grundausstattung vor, sondern k\u00f6nnen sich auch von versierten Fachleuten beraten lassen. Umrandet wird das Ganze von einem ansprechenden Programm, das thematisch verschiedene Shows sowie Reiseberichte und Co. beinhaltet. Die Caravanmesse in Bern fand erstmalig im Jahr 1964 statt. In diesem Jahr lancierte J\u00fcrg W. Vogel zusammen mit anderen Menschen den ersten Schweizer Caravan Salon. Dieser befand sich in der Z\u00fcspa-Halle in Z\u00fcrich. Daraufhin gr\u00fcndete sich der Schweizer Caravangewerbe-Verband SCGV, von dem J\u00fcrg W. Vogel das Verbandspr\u00e4sidium \u00fcbernahm. Heute findet die Urlaubsmesse immer im Oktober statt und dient als R\u00fcckblick auf die vergangene Campingsaison und als Ausblick auf die kommende Saison. Im Jahr 2021 konnten sage und schreibe 50.600 Besucherinnen und Besucher verzeichnet werden.<\/p>\n<figure id=\"attachment_15471\" aria-describedby=\"caption-attachment-15471\" style=\"width: 620px\" class=\"wp-caption aligncenter\"><img loading=\"lazy\" decoding=\"async\" class=\"wp-image-15471 size-full\" title=\"Auf der Caravan Messe hat man die Gelegenheit, sich mit Experten auszutauschen\" src=\"https:\/\/www.schlanser.ch\/magazin\/wp-content\/uploads\/2024\/09\/Handwerker-und-Kundin-im-Caravan.jpg\" alt=\"Junge Frau bekommt die Inneneinrichtung eines Wohnmobils pr\u00e4sentiert\" width=\"620\" height=\"414\" srcset=\"https:\/\/www.schlanser.ch\/magazin\/wp-content\/uploads\/2024\/09\/Handwerker-und-Kundin-im-Caravan.jpg 620w, https:\/\/www.schlanser.ch\/magazin\/wp-content\/uploads\/2024\/09\/Handwerker-und-Kundin-im-Caravan-300x200.jpg 300w\" sizes=\"(max-width: 620px) 100vw, 620px\" \/><figcaption id=\"caption-attachment-15471\" class=\"wp-caption-text\">\u00a9 auremar &#8211; stock.adobe.com<\/figcaption><\/figure>\n<h2>Was umfasst das Messeangebot der Suisse Caravan Salon?<\/h2>\n<p style=\"text-align: justify;\">Das Messeangebot auf der Campingmesse in der Schweiz ist sehr umfassend angelegt, sodass hier jeder mit ganz unterschiedlichen Anspr\u00fcchen und Vorstellungen auf seine Kosten kommen sollte. Grosse Aufmerksamkeit wird den verschiedenen Freizeitfahrzeugen gewidmet, vor Ort k\u00f6nnen Sie sich zum Beispiel folgende anschauen:<\/p>\n<ul>\n<li>Wohnwagen,<\/li>\n<li>Motorcaravans,<\/li>\n<li>Mobilheime,<\/li>\n<li>Alkoven (Wohnmobile mit einem Balkon \u00fcber dem Fahrerhaus f\u00fcr zus\u00e4tzliche Schlafpl\u00e4tze),<\/li>\n<li>Klappwohnwagen,<\/li>\n<li>Zelt-Klapp Anh\u00e4nger,<\/li>\n<li>Teardrop Anh\u00e4nger (leichter tropfenf\u00f6rmiger Wohnwagen) oder<\/li>\n<li>Anh\u00e4nger mit Hubdach.<\/li>\n<\/ul>\n<p><img loading=\"lazy\" decoding=\"async\" class=\"aligncenter wp-image-15472 size-full\" title=\"Outwell Busvorzelt Lakecrest\" src=\"https:\/\/www.schlanser.ch\/magazin\/wp-content\/uploads\/2024\/09\/outwell-busvorzelt-lakecrest.jpg\" alt=\"Outwell Busvorzelt Lakecrest\" width=\"620\" height=\"327\" srcset=\"https:\/\/www.schlanser.ch\/magazin\/wp-content\/uploads\/2024\/09\/outwell-busvorzelt-lakecrest.jpg 620w, https:\/\/www.schlanser.ch\/magazin\/wp-content\/uploads\/2024\/09\/outwell-busvorzelt-lakecrest-300x158.jpg 300w, https:\/\/www.schlanser.ch\/magazin\/wp-content\/uploads\/2024\/09\/outwell-busvorzelt-lakecrest-310x165.jpg 310w\" sizes=\"(max-width: 620px) 100vw, 620px\" \/><\/p>\n<p style=\"text-align: justify;\">Auch <a href=\"https:\/\/www.schlanser.ch\/zelte\/vorzelte\/wohnwagenvorzelte\/\">Wohnwagenvorzelte<\/a>, Autodachzelte, normale Zelte sowie <a href=\"https:\/\/www.schlanser.ch\/outdoor-freizeit\/schlafsaecke-matten\/schlafsaecke\/\">Schlafs\u00e4cke<\/a>, <a href=\"https:\/\/www.schlanser.ch\/outdoor-freizeit\/schlafsaecke-matten\/iso-campingmatten\/\">Isomatten<\/a> und weiteres Zeltzubeh\u00f6r werden ausgestellt. Selbiges gilt f\u00fcr jegliches Outdoor-Equipment, <a href=\"https:\/\/www.schlanser.ch\/haushalt\/kocher-grills\/\">Koch- und Grillger\u00e4te<\/a> sowie Systeme zum Sonnen- und Wetterschutz. Auch Bikes, vor allem Elektrobikes, Trekkingbikes und die <a href=\"https:\/\/www.schlanser.ch\/fahrzeug\/wohnwagen-wohnmobil-zubehoer\/fahrradtraeger\/\">passenden Anh\u00e4nger f\u00fcr das Velo<\/a>, daneben Bikerzubeh\u00f6r sind Inhalt auf der Campermesse.<\/p>\n<p><img loading=\"lazy\" decoding=\"async\" class=\"aligncenter wp-image-15479 size-full\" title=\"Campingaz 2-Flamm-Kocher Camping Cook CV 50 mbar\" src=\"https:\/\/www.schlanser.ch\/magazin\/wp-content\/uploads\/2024\/09\/campingaz-2-flamm-kocher-camping-cook-cv-50-mbar.jpg\" alt=\"Campingaz 2-Flamm-Kocher Camping Cook CV 50 mbar\" width=\"620\" height=\"288\" srcset=\"https:\/\/www.schlanser.ch\/magazin\/wp-content\/uploads\/2024\/09\/campingaz-2-flamm-kocher-camping-cook-cv-50-mbar.jpg 620w, https:\/\/www.schlanser.ch\/magazin\/wp-content\/uploads\/2024\/09\/campingaz-2-flamm-kocher-camping-cook-cv-50-mbar-300x139.jpg 300w\" sizes=\"(max-width: 620px) 100vw, 620px\" \/><\/p>\n<p style=\"text-align: justify;\">Zudem stellt der Suisse Caravan Salon noch folgende Themen aus:<\/p>\n<ul>\n<li>Bekleidung (Funktionsbekleidung, Accessoires, Schuhe etc.),<\/li>\n<li><a href=\"https:\/\/www.schlanser.ch\/elektro\/navigation-rueckfahrhilfen\/navigationssysteme\/\">Navigationsger\u00e4te<\/a>,<\/li>\n<li><a href=\"https:\/\/www.schlanser.ch\/fahrzeug\/campingfahrzeug-inneneinrichtung\/\">Wohnmobileinrichtung<\/a>,<\/li>\n<li>Fitness,<\/li>\n<li>Wellness,<\/li>\n<li>Tourismus (Ausflugsziele, Erlebnisreisen, Tourismusregionen etc.) sowie<\/li>\n<li>verschiedene Campingpl\u00e4tze.<\/li>\n<\/ul>\n<p><a href=\"https:\/\/www.schlanser.ch\/fahrzeug\/campingfahrzeug-inneneinrichtung\/tischgestelle\/20941\/hubtisch-gestell-hta-600\"><img loading=\"lazy\" decoding=\"async\" class=\"aligncenter wp-image-15478 size-full\" title=\"Hubtisch-Gestell HTA 600\" src=\"https:\/\/www.schlanser.ch\/magazin\/wp-content\/uploads\/2024\/09\/hubtisch-gestell-hta-600.jpg\" alt=\"Hubtisch-Gestell HTA 600\" width=\"620\" height=\"620\" srcset=\"https:\/\/www.schlanser.ch\/magazin\/wp-content\/uploads\/2024\/09\/hubtisch-gestell-hta-600.jpg 620w, https:\/\/www.schlanser.ch\/magazin\/wp-content\/uploads\/2024\/09\/hubtisch-gestell-hta-600-300x300.jpg 300w, https:\/\/www.schlanser.ch\/magazin\/wp-content\/uploads\/2024\/09\/hubtisch-gestell-hta-600-150x150.jpg 150w\" sizes=\"(max-width: 620px) 100vw, 620px\" \/><\/a><\/p>\n<h2>Das Programm im Suisse Caravan Salon<\/h2>\n<p style=\"text-align: justify;\">Wenn der Suisse Caravan Salon in Bern Ende Oktober wieder seine Tore \u00f6ffnet, k\u00f6nnen Sie nicht nur gem\u00fctlich durch die Ausstellung schlendern und sich inspirieren lassen, sondern sich auch fachkundige Informationen rund um das Thema Caravaning einholen. So werden Sie seitens der Ausstellenden professionell \u00fcber Ihr Wunschfahrzeug und den Kauf inklusive passendem Zubeh\u00f6r beraten. Das Fahrzeugangebot auf der Reisemesse ist wirklich enorm, es werden s\u00e4mtliche Fahrzeugtypen von allen wichtigen Marken ausgestellt. Zudem erhalten Sie spannende Einblicke in das Leben als Camper und das nicht von irgendwem, sondern von eingefleischten Campern und erfahrenen Vanlifern. Dazu gibt es interessante Vortr\u00e4ge und Foren und sogar spassige Fahrtrainings und Allrad-Parcours. Insgesamt betrachtet ist die Campingmesse ein Erlebnis f\u00fcr alle Altersgruppen, auch Kinder kommen durch ein kindgerechtes Programm auf ihre Kosten.<\/p>\n<figure id=\"attachment_15489\" aria-describedby=\"caption-attachment-15489\" style=\"width: 620px\" class=\"wp-caption aligncenter\"><img loading=\"lazy\" decoding=\"async\" class=\"wp-image-15489 size-full\" title=\"Der Suisse Caravan Salon bietet f\u00fcr Interessierte ein Fahrtraining an\" src=\"https:\/\/www.schlanser.ch\/magazin\/wp-content\/uploads\/2024\/09\/paar-faehrt-im-wohnmobil.jpg\" alt=\"\u00c4lteres Paar im Wohnmobil, Mann am Steuer - Suisse Caravan Salon Fahrtraining\" width=\"620\" height=\"413\" srcset=\"https:\/\/www.schlanser.ch\/magazin\/wp-content\/uploads\/2024\/09\/paar-faehrt-im-wohnmobil.jpg 620w, https:\/\/www.schlanser.ch\/magazin\/wp-content\/uploads\/2024\/09\/paar-faehrt-im-wohnmobil-300x200.jpg 300w\" sizes=\"(max-width: 620px) 100vw, 620px\" \/><figcaption id=\"caption-attachment-15489\" class=\"wp-caption-text\">\u00a9 alex.pin &#8211; stock.adobe.com<\/figcaption><\/figure>\n<h2>Die Highlights des Suisse Caravan Salon 2021<\/h2>\n<p style=\"text-align: justify;\">Die vielseitigen und spannenden Pr\u00e4sentationen auf der Vortragsb\u00fchne sollten Sie sich auf keinen Fall entgehen lassen. Hier berichten Camper \u00fcber ihre spannenden Campingerlebnisse in den verschiedensten Regionen und haben einige Tipps und Tricks f\u00fcr Sie parat, wie Sie ihr Wohnmobil selbst ausbauen k\u00f6nnen. Die Vortr\u00e4ge, bei denen Sie so nah wie sonst selten an das Camperleben herankommen, sind definitiv ein Highlight der Reisemesse. M\u00f6chten Sie sich selbst in naher Zukunft mit dem Camper auf den Weg machen und die grosse Freiheit erleben, legen Sie mit dem Besuch der Caravanmesse den perfekten Grundstein. Hier erfahren Sie, wie der Weg vom Wunschtraum eines eigenen Campers bis hin zur tats\u00e4chlichen Reise aussieht. Das Vanlife-Camp liefert Ihnen die Antworten auf Ihre Fragen.<\/p>\n<p style=\"text-align: justify;\">Die Pandemie hat auch der Reise- und Campingbranche schwer zugesetzt. So ist es nicht verwunderlich, dass die Messe 2021 auch im Zeichen von Corona stand. Der Vortrag von einer betroffenen Camperin, die w\u00e4hrend ihrer Tour pl\u00f6tzlich vor geschlossenen Landesgrenzen stand und mit ihrer Reisegruppe zwangsweise in Costa Rica strandete, war spannend und unglaublich zugleich.<\/p>\n<p><iframe loading=\"lazy\" title=\"Das war der Suisse Caravan Salon 2021\" src=\"https:\/\/www.youtube.com\/embed\/mcHcymRmHyo\" width=\"924\" height=\"520\" frameborder=\"0\" allowfullscreen=\"allowfullscreen\"><\/iframe><\/p>\n<p style=\"text-align: justify;\">Gleichzeitig hat das mobile Reisen w\u00e4hrend der Pandemie aber auch einen Aufschwung erfahren und so wurden wertvolle Praxistipps und Insiderwissen von erfahrenen Weltenbummlern regelrecht aufgesogen. Vielgereiste Experten gaben auf der Reisemesse ihr Wissen und ihre Erfahrungen rund um die Themen passendes Wohnmobil, Sicherheit, Stellplatzformen, Kochen im Fahrzeug und Co. weiter. Die Talks \u00fcber alles Wissenswerte zu den Fahrzeugen waren definitiv ein Highlight. Italien geh\u00f6rt zu den beliebtesten Reisezielen, die mit dem Camper angesteuert werden. Hier warten die Dolomiten, der Gardasee oder das sch\u00f6ne Sardinien auf Sie. In Italien ist so gut wie jede Art von Camping m\u00f6glich und genau das wurde auf der Campermesse 2021 verdeutlicht. Die vielf\u00e4ltige Reisepalette dort wurde auf spannende Art und Weise pr\u00e4sentiert.<\/p>\n<figure id=\"attachment_15483\" aria-describedby=\"caption-attachment-15483\" style=\"width: 620px\" class=\"wp-caption aligncenter\"><img loading=\"lazy\" decoding=\"async\" class=\"wp-image-15483 size-full\" title=\"Kochen ist eines der wichtigsten Themen im Camper-Leben\" src=\"https:\/\/www.schlanser.ch\/magazin\/wp-content\/uploads\/2024\/09\/Kochen-im-Wohnmobil.jpg\" alt=\"Junger Mann kocht im Camper - Suisse Caravan Salon\" width=\"620\" height=\"413\" srcset=\"https:\/\/www.schlanser.ch\/magazin\/wp-content\/uploads\/2024\/09\/Kochen-im-Wohnmobil.jpg 620w, https:\/\/www.schlanser.ch\/magazin\/wp-content\/uploads\/2024\/09\/Kochen-im-Wohnmobil-300x200.jpg 300w\" sizes=\"(max-width: 620px) 100vw, 620px\" \/><figcaption id=\"caption-attachment-15483\" class=\"wp-caption-text\">\u00a9 photoschmidt &#8211; stock.adobe.com<\/figcaption><\/figure>\n<p style=\"text-align: justify;\">Einen Einblick in die Praxis erlaubte das Fahrtraining des Suisse Caravan Salon. Hier konnten Interessierte die Fahrzeuge selbst testen, nat\u00fcrlich nur in einem gesch\u00fctzten Bereich. Besser als sich direkt ans Steuer zu setzen, l\u00e4sst sich der neue Lieblings-Camper nicht testen. Das erm\u00f6glicht einen realistischen Einblick und baut Ber\u00fchrungs\u00e4ngste ab. Etwas Spass und Nervenkitzel durfte nat\u00fcrlich auch nicht fehlen. Auf dem All-Rad-Fahrparcours der Urlaubsmesse k\u00f6nnen ausgew\u00e4hlte Modelle getestet und \u00fcber verschiedene Hindernisse gesteuert werden.<\/p>\n<h2>Unser Fazit zur Caravanmesse<\/h2>\n<p style=\"text-align: justify;\">Die Campingmesse l\u00e4dt wie jede andere Messe auch zum Schauen, St\u00f6bern und Informieren ein. Gar nicht so selten werden hier aber auch die Kaufvertr\u00e4ge f\u00fcr das neue Wohnmobil oder den neuen Wohnwagen unterschrieben. Solche Produktausstellungen sind nach wie vor sehr beliebt und ein Besuch lohnt sich nicht nur, wenn eine gr\u00f6ssere Anschaffung ansteht. Hier lassen sich auch wunderbar Inspirationen sammeln und sich \u00fcber die Neuigkeiten in der Campingbranche informieren. Wir sind der Meinung: Ein Besuch der Campermesse lohnt sich in jedem Fall, und zwar nicht nur f\u00fcr eingefleischte Camper, sondern auch f\u00fcr Neulinge auf diesem Gebiet.<\/p>\n<p><a href=\"https:\/\/www.schlanser.ch\/fahrzeug\/campingfahrzeug-inneneinrichtung\/schlafkomfort\/210832\/campsleep-small-matratze-fuer-fahrerkabine-2-sitzer?\"><img loading=\"lazy\" decoding=\"async\" class=\"aligncenter wp-image-15491 size-full\" title=\"CampSleep Small Matratze f\u00fcr Fahrerkabine 2-Sitzer\" src=\"https:\/\/www.schlanser.ch\/magazin\/wp-content\/uploads\/2024\/09\/campsleep-small-matratze-fuer-fahrerkabine-2-sitzer.jpg\" alt=\"CampSleep Small Matratze f\u00fcr Fahrerkabine 2-Sitzer\" width=\"620\" height=\"388\" srcset=\"https:\/\/www.schlanser.ch\/magazin\/wp-content\/uploads\/2024\/09\/campsleep-small-matratze-fuer-fahrerkabine-2-sitzer.jpg 620w, https:\/\/www.schlanser.ch\/magazin\/wp-content\/uploads\/2024\/09\/campsleep-small-matratze-fuer-fahrerkabine-2-sitzer-300x188.jpg 300w\" sizes=\"(max-width: 620px) 100vw, 620px\" \/><\/a><\/p>\n<p>Der Suisse Caravan Salon \u00f6ffnet seine Tore im Jahr 2022 an f\u00fcnf Tagen: von Donnerstag, den 27. Oktober bis zum Montag, den 31. Oktober. Veranstaltungsort der Caravanmesse ist die BERNEXPO, das Messe- und Ausstellungsgel\u00e4nde von Bern.<\/p>\n","protected":false},"excerpt":{"rendered":"<p>\u00ab Campingmesse in Bern im Oktober \u00bb Dass mobiles Reisen sehr viele Vorteile hat, ist jedem sp\u00e4testens seit der Corona-Pandemie klar geworden. Doch bevor es mit dem Camper auf Touren geht, muss nat\u00fcrlich die passende Camping-Ausr\u00fcstung her. Der Suisse Caravan Salon in Bern etabliert sich im Oktober als Treffpunkt f\u00fcr alle Campingliebhaber und f\u00fcr diejenigen, &hellip;<\/p>\n","protected":false},"author":1,"featured_media":15469,"comment_status":"closed","ping_status":"open","sticky":false,"template":"","format":"standard","meta":{"footnotes":""},"categories":[3],"tags":[2255,201,2090,2257,2252,2256,2253,2251,2254,296,297],"yoast_head":"<!-- This site is optimized with the Yoast SEO plugin v22.2 - https:\/\/yoast.com\/wordpress\/plugins\/seo\/ -->\n<title>Suisse Caravan Salon - Schlanser Magazin<\/title>\n<meta name=\"description\" content=\"Die Messe zum Campingjahr 2022 entdecken Sie auf dem Suisse Caravan Salon \u2714 Trends und Innovationen rund um mobile Reisen! | Schlanser.ch\" \/>\n<meta name=\"robots\" content=\"index, follow, max-snippet:-1, max-image-preview:large, max-video-preview:-1\" \/>\n<link rel=\"canonical\" href=\"https:\/\/www.schlanser.ch\/magazin\/suisse-caravan-salon\/\" \/>\n<meta property=\"og:locale\" content=\"de_DE\" \/>\n<meta property=\"og:type\" content=\"article\" \/>\n<meta property=\"og:title\" content=\"Suisse Caravan Salon - Schlanser Magazin\" \/>\n<meta property=\"og:description\" content=\"Die Messe zum Campingjahr 2022 entdecken Sie auf dem Suisse Caravan Salon \u2714 Trends und Innovationen rund um mobile Reisen! | Schlanser.ch\" \/>\n<meta property=\"og:url\" content=\"https:\/\/www.schlanser.ch\/magazin\/suisse-caravan-salon\/\" \/>\n<meta property=\"og:site_name\" content=\"Schlanser Magazin\" \/>\n<meta property=\"article:published_time\" content=\"2022-09-21T07:30:45+00:00\" \/>\n<meta property=\"article:modified_time\" content=\"2024-01-10T14:52:03+00:00\" \/>\n<meta property=\"og:image\" content=\"https:\/\/www.schlanser.ch\/magazin\/wp-content\/uploads\/2024\/09\/Suisse-Caravan-Salon-2010.jpg\" \/>\n\t<meta property=\"og:image:width\" content=\"620\" \/>\n\t<meta property=\"og:image:height\" content=\"367\" \/>\n\t<meta property=\"og:image:type\" content=\"image\/jpeg\" \/>\n<meta name=\"author\" content=\"admin\" \/>\n<meta name=\"twitter:card\" content=\"summary_large_image\" \/>\n<meta name=\"twitter:label1\" content=\"Verfasst von\" \/>\n\t<meta name=\"twitter:data1\" content=\"admin\" \/>\n\t<meta name=\"twitter:label2\" content=\"Gesch\u00e4tzte Lesezeit\" \/>\n\t<meta name=\"twitter:data2\" content=\"8 Minuten\" \/>\n<script type=\"application\/ld+json\" class=\"yoast-schema-graph\">{\"@context\":\"https:\/\/schema.org\",\"@graph\":[{\"@type\":\"WebPage\",\"@id\":\"https:\/\/www.schlanser.ch\/magazin\/suisse-caravan-salon\/\",\"url\":\"https:\/\/www.schlanser.ch\/magazin\/suisse-caravan-salon\/\",\"name\":\"Suisse Caravan Salon - Schlanser Magazin\",\"isPartOf\":{\"@id\":\"https:\/\/www.schlanser.ch\/magazin\/#website\"},\"primaryImageOfPage\":{\"@id\":\"https:\/\/www.schlanser.ch\/magazin\/suisse-caravan-salon\/#primaryimage\"},\"image\":{\"@id\":\"https:\/\/www.schlanser.ch\/magazin\/suisse-caravan-salon\/#primaryimage\"},\"thumbnailUrl\":\"https:\/\/www.schlanser.ch\/magazin\/wp-content\/uploads\/2024\/09\/Suisse-Caravan-Salon-2010.jpg\",\"datePublished\":\"2022-09-21T07:30:45+00:00\",\"dateModified\":\"2024-01-10T14:52:03+00:00\",\"author\":{\"@id\":\"https:\/\/www.schlanser.ch\/magazin\/#\/schema\/person\/000db0a103eb2594ba3daf394b1dfea2\"},\"description\":\"Die Messe zum Campingjahr 2022 entdecken Sie auf dem Suisse Caravan Salon \u2714 Trends und Innovationen rund um mobile Reisen! | Schlanser.ch\",\"breadcrumb\":{\"@id\":\"https:\/\/www.schlanser.ch\/magazin\/suisse-caravan-salon\/#breadcrumb\"},\"inLanguage\":\"de-DE\",\"potentialAction\":[{\"@type\":\"ReadAction\",\"target\":[\"https:\/\/www.schlanser.ch\/magazin\/suisse-caravan-salon\/\"]}]},{\"@type\":\"ImageObject\",\"inLanguage\":\"de-DE\",\"@id\":\"https:\/\/www.schlanser.ch\/magazin\/suisse-caravan-salon\/#primaryimage\",\"url\":\"https:\/\/www.schlanser.ch\/magazin\/wp-content\/uploads\/2024\/09\/Suisse-Caravan-Salon-2010.jpg\",\"contentUrl\":\"https:\/\/www.schlanser.ch\/magazin\/wp-content\/uploads\/2024\/09\/Suisse-Caravan-Salon-2010.jpg\",\"width\":620,\"height\":367,\"caption\":\"By Bernexpo at German Wikipedia - Own work, CC BY-SA 3.0 de, https:\/\/commons.wikimedia.org\/w\/index.php?curid=16785590\"},{\"@type\":\"BreadcrumbList\",\"@id\":\"https:\/\/www.schlanser.ch\/magazin\/suisse-caravan-salon\/#breadcrumb\",\"itemListElement\":[{\"@type\":\"ListItem\",\"position\":1,\"name\":\"Startseite\",\"item\":\"https:\/\/www.schlanser.ch\/magazin\/\"},{\"@type\":\"ListItem\",\"position\":2,\"name\":\"Suisse Caravan Salon\"}]},{\"@type\":\"WebSite\",\"@id\":\"https:\/\/www.schlanser.ch\/magazin\/#website\",\"url\":\"https:\/\/www.schlanser.ch\/magazin\/\",\"name\":\"Schlanser Magazin\",\"description\":\"\",\"potentialAction\":[{\"@type\":\"SearchAction\",\"target\":{\"@type\":\"EntryPoint\",\"urlTemplate\":\"https:\/\/www.schlanser.ch\/magazin\/?s={search_term_string}\"},\"query-input\":\"required name=search_term_string\"}],\"inLanguage\":\"de-DE\"},{\"@type\":\"Person\",\"@id\":\"https:\/\/www.schlanser.ch\/magazin\/#\/schema\/person\/000db0a103eb2594ba3daf394b1dfea2\",\"name\":\"admin\",\"image\":{\"@type\":\"ImageObject\",\"inLanguage\":\"de-DE\",\"@id\":\"https:\/\/www.schlanser.ch\/magazin\/#\/schema\/person\/image\/\",\"url\":\"https:\/\/secure.gravatar.com\/avatar\/a794a4fe8a9b9c52241597eb381dfa2e?s=96&d=mm&r=g\",\"contentUrl\":\"https:\/\/secure.gravatar.com\/avatar\/a794a4fe8a9b9c52241597eb381dfa2e?s=96&d=mm&r=g\",\"caption\":\"admin\"}}]}<\/script>\n<!-- \/ Yoast SEO plugin. -->","yoast_head_json":{"title":"Suisse Caravan Salon - Schlanser Magazin","description":"Die Messe zum Campingjahr 2022 entdecken Sie auf dem Suisse Caravan Salon \u2714 Trends und Innovationen rund um mobile Reisen! | Schlanser.ch","robots":{"index":"index","follow":"follow","max-snippet":"max-snippet:-1","max-image-preview":"max-image-preview:large","max-video-preview":"max-video-preview:-1"},"canonical":"https:\/\/www.schlanser.ch\/magazin\/suisse-caravan-salon\/","og_locale":"de_DE","og_type":"article","og_title":"Suisse Caravan Salon - Schlanser Magazin","og_description":"Die Messe zum Campingjahr 2022 entdecken Sie auf dem Suisse Caravan Salon \u2714 Trends und Innovationen rund um mobile Reisen! | Schlanser.ch","og_url":"https:\/\/www.schlanser.ch\/magazin\/suisse-caravan-salon\/","og_site_name":"Schlanser Magazin","article_published_time":"2022-09-21T07:30:45+00:00","article_modified_time":"2024-01-10T14:52:03+00:00","og_image":[{"width":620,"height":367,"url":"https:\/\/www.schlanser.ch\/magazin\/wp-content\/uploads\/2024\/09\/Suisse-Caravan-Salon-2010.jpg","type":"image\/jpeg"}],"author":"admin","twitter_card":"summary_large_image","twitter_misc":{"Verfasst von":"admin","Gesch\u00e4tzte Lesezeit":"8 Minuten"},"schema":{"@context":"https:\/\/schema.org","@graph":[{"@type":"WebPage","@id":"https:\/\/www.schlanser.ch\/magazin\/suisse-caravan-salon\/","url":"https:\/\/www.schlanser.ch\/magazin\/suisse-caravan-salon\/","name":"Suisse Caravan Salon - Schlanser Magazin","isPartOf":{"@id":"https:\/\/www.schlanser.ch\/magazin\/#website"},"primaryImageOfPage":{"@id":"https:\/\/www.schlanser.ch\/magazin\/suisse-caravan-salon\/#primaryimage"},"image":{"@id":"https:\/\/www.schlanser.ch\/magazin\/suisse-caravan-salon\/#primaryimage"},"thumbnailUrl":"https:\/\/www.schlanser.ch\/magazin\/wp-content\/uploads\/2024\/09\/Suisse-Caravan-Salon-2010.jpg","datePublished":"2022-09-21T07:30:45+00:00","dateModified":"2024-01-10T14:52:03+00:00","author":{"@id":"https:\/\/www.schlanser.ch\/magazin\/#\/schema\/person\/000db0a103eb2594ba3daf394b1dfea2"},"description":"Die Messe zum Campingjahr 2022 entdecken Sie auf dem Suisse Caravan Salon \u2714 Trends und Innovationen rund um mobile Reisen! | Schlanser.ch","breadcrumb":{"@id":"https:\/\/www.schlanser.ch\/magazin\/suisse-caravan-salon\/#breadcrumb"},"inLanguage":"de-DE","potentialAction":[{"@type":"ReadAction","target":["https:\/\/www.schlanser.ch\/magazin\/suisse-caravan-salon\/"]}]},{"@type":"ImageObject","inLanguage":"de-DE","@id":"https:\/\/www.schlanser.ch\/magazin\/suisse-caravan-salon\/#primaryimage","url":"https:\/\/www.schlanser.ch\/magazin\/wp-content\/uploads\/2024\/09\/Suisse-Caravan-Salon-2010.jpg","contentUrl":"https:\/\/www.schlanser.ch\/magazin\/wp-content\/uploads\/2024\/09\/Suisse-Caravan-Salon-2010.jpg","width":620,"height":367,"caption":"By Bernexpo at German Wikipedia - Own work, CC BY-SA 3.0 de, https:\/\/commons.wikimedia.org\/w\/index.php?curid=16785590"},{"@type":"BreadcrumbList","@id":"https:\/\/www.schlanser.ch\/magazin\/suisse-caravan-salon\/#breadcrumb","itemListElement":[{"@type":"ListItem","position":1,"name":"Startseite","item":"https:\/\/www.schlanser.ch\/magazin\/"},{"@type":"ListItem","position":2,"name":"Suisse Caravan Salon"}]},{"@type":"WebSite","@id":"https:\/\/www.schlanser.ch\/magazin\/#website","url":"https:\/\/www.schlanser.ch\/magazin\/","name":"Schlanser Magazin","description":"","potentialAction":[{"@type":"SearchAction","target":{"@type":"EntryPoint","urlTemplate":"https:\/\/www.schlanser.ch\/magazin\/?s={search_term_string}"},"query-input":"required name=search_term_string"}],"inLanguage":"de-DE"},{"@type":"Person","@id":"https:\/\/www.schlanser.ch\/magazin\/#\/schema\/person\/000db0a103eb2594ba3daf394b1dfea2","name":"admin","image":{"@type":"ImageObject","inLanguage":"de-DE","@id":"https:\/\/www.schlanser.ch\/magazin\/#\/schema\/person\/image\/","url":"https:\/\/secure.gravatar.com\/avatar\/a794a4fe8a9b9c52241597eb381dfa2e?s=96&d=mm&r=g","contentUrl":"https:\/\/secure.gravatar.com\/avatar\/a794a4fe8a9b9c52241597eb381dfa2e?s=96&d=mm&r=g","caption":"admin"}}]}},"_links":{"self":[{"href":"https:\/\/www.schlanser.ch\/magazin\/wp-json\/wp\/v2\/posts\/15464"}],"collection":[{"href":"https:\/\/www.schlanser.ch\/magazin\/wp-json\/wp\/v2\/posts"}],"about":[{"href":"https:\/\/www.schlanser.ch\/magazin\/wp-json\/wp\/v2\/types\/post"}],"author":[{"embeddable":true,"href":"https:\/\/www.schlanser.ch\/magazin\/wp-json\/wp\/v2\/users\/1"}],"replies":[{"embeddable":true,"href":"https:\/\/www.schlanser.ch\/magazin\/wp-json\/wp\/v2\/comments?post=15464"}],"version-history":[{"count":23,"href":"https:\/\/www.schlanser.ch\/magazin\/wp-json\/wp\/v2\/posts\/15464\/revisions"}],"predecessor-version":[{"id":17545,"href":"https:\/\/www.schlanser.ch\/magazin\/wp-json\/wp\/v2\/posts\/15464\/revisions\/17545"}],"wp:featuredmedia":[{"embeddable":true,"href":"https:\/\/www.schlanser.ch\/magazin\/wp-json\/wp\/v2\/media\/15469"}],"wp:attachment":[{"href":"https:\/\/www.schlanser.ch\/magazin\/wp-json\/wp\/v2\/media?parent=15464"}],"wp:term":[{"taxonomy":"category","embeddable":true,"href":"https:\/\/www.schlanser.ch\/magazin\/wp-json\/wp\/v2\/categories?post=15464"},{"taxonomy":"post_tag","embeddable":true,"href":"https:\/\/www.schlanser.ch\/magazin\/wp-json\/wp\/v2\/tags?post=15464"}],"curies":[{"name":"wp","href":"https:\/\/api.w.org\/{rel}","templated":true}]}}