{"id":15663,"date":"2022-12-16T13:30:05","date_gmt":"2022-12-16T12:30:05","guid":{"rendered":"https:\/\/www.schlanser.ch\/magazin\/?p=15663"},"modified":"2025-11-20T17:29:46","modified_gmt":"2025-11-20T16:29:46","slug":"zelten-im-winter","status":"publish","type":"post","link":"https:\/\/www.schlanser.ch\/magazin\/zelten-im-winter\/","title":{"rendered":"Zelten im Winter"},"content":{"rendered":"<h2>\u00ab Der passende Winterschlafsack bei Minusgraden \u00bb<\/h2>\n<p style=\"text-align: justify;\"><strong>Eingefleischte Sommercamper werden sich vielleicht fragen, wie um Himmels willen man auf die Idee kommen kann, im Winter zu zelten. Doch Camping ist nicht nur im Sommer sch\u00f6n, sondern auch im Winter ein einmaliges Erlebnis. Es warten kalte N\u00e4chte mit herrlich klarer Luft, atemberaubende Sternenhimmel, idyllische und schneebedeckte Landschaften und eine fast schon mystische Stille auf Sie. Zelten im Winter lohnt sich also aus vielerlei Gesichtspunkten. Der Winter bringt einfach eine einmalige Stimmung mit. Dieser k\u00f6nnen Sie beim Campen besonders nahe kommen, denn schliesslich leben sie mittendrin. Damit das Vorhaben des Wintercampings allerdings auch funktioniert, gibt es ein paar wichtige Dinge zu beachten. Das f\u00e4ngt bei der <\/strong><a href=\"https:\/\/www.schlanser.ch\/\"><strong>richtigen Camper-Ausr\u00fcstung<\/strong><\/a><strong> an, geht \u00fcber eine gute Planung in Bezug auf sehr winterliche Temperaturen bis hin zur optimalen Verpflegung. Wir haben daher die wichtigsten Tipps zum Campen im Winter f\u00fcr Sie zusammengefasst.<\/strong><\/p>\n<h2>Das richtige Winterzelt finden<\/h2>\n<p style=\"text-align: justify;\">Nat\u00fcrlich stellt das Zelten im Winter andere Anspr\u00fcche als es im Sommer der Fall ist. Sie ben\u00f6tigen in erster Linie ein <a href=\"https:\/\/www.schlanser.ch\/zelte\/campingzelte\/\">winterfestes Zelt<\/a>, ohne dieses werden Sie nicht weit kommen. Es sch\u00fctzt Sie bei Ihrer Wintertour vor K\u00e4lte, N\u00e4sse und Wind. Ausserdem muss es stabil genug sein, damit es eventuellen Schneelasten standhalten kann. Das Winterzelt sollte \u00fcber Snowflaps verf\u00fcgen, dabei handelt es sich um Verl\u00e4ngerungen, die sich am unteren Rand des Aussenzeltes befinden. Wenn diese mit Schnee gef\u00fcllt sind, wird das Eindringen von Wind unter das Aussenzelt verhindert.<\/p>\n<p><a href=\"https:\/\/www.schlanser.ch\/hersteller\/robens\/493189\/robens-chinook-ursa-prs-tipi-zelt-dunkelgruen-8-personen\"><img loading=\"lazy\" decoding=\"async\" class=\"aligncenter wp-image-15675\" title=\"Robens Chinook Ursa PRS Tipi Zelt\" src=\"https:\/\/www.schlanser.ch\/thumbnail\/bd\/a0\/b3\/1743645808\/a162bee2342046468b8f9d16a1064796_1820x1820.jpg?1743645809\" alt=\"Robens Chinook Ursa PRS Tipi Zelt - Zelten im Winter\" width=\"622\" height=\"372\" \/><\/a><\/p>\n<p style=\"text-align: justify;\">Des Weiteren sollte ein Zelt im Wintereinsatz ger\u00e4umiger sein, da Sie in der kalten Jahreszeit definitiv mehr Gep\u00e4ck dabeihaben werden. Dieses muss nat\u00fcrlich irgendwo verstaut werden. Nicht zu vergessen ist auch, dass Sie dick eingepackt sind und gen\u00fcgend Bewegungsfreiheit im Innenzelt haben m\u00f6chten. Auch Winterzelte verf\u00fcgen \u00fcber L\u00fcftungsschlitze, allerdings m\u00fcssen diese vollst\u00e4ndig verschliessbar und hoch angebracht sein. Sie sollten sich auf keinen Fall in Liegeh\u00f6he befinden, das k\u00f6nnte in der Nacht im Winter unangenehm werden. Ideal ist noch ein Auslass f\u00fcr ein Kaminrohr und eine nicht-brennbare Zelthaut, falls auch geheizt werden soll.<\/p>\n<figure id=\"attachment_15685\" aria-describedby=\"caption-attachment-15685\" style=\"width: 620px\" class=\"wp-caption aligncenter\"><img loading=\"lazy\" decoding=\"async\" class=\"wp-image-15685 size-full\" title=\"Mit hochwertiger Ausr\u00fcstung kann das Zelten im Winter richtig Spass machen!\" src=\"https:\/\/www.schlanser.ch\/magazin\/wp-content\/uploads\/2024\/12\/Frau-winter-schnee-Zelt.jpg\" alt=\"Junge Frau sitzt im Winter vor ihrem Zelt - Zelten im Winter\" width=\"620\" height=\"414\" srcset=\"https:\/\/www.schlanser.ch\/magazin\/wp-content\/uploads\/2024\/12\/Frau-winter-schnee-Zelt.jpg 620w, https:\/\/www.schlanser.ch\/magazin\/wp-content\/uploads\/2024\/12\/Frau-winter-schnee-Zelt-300x200.jpg 300w\" sizes=\"(max-width: 620px) 100vw, 620px\" \/><figcaption id=\"caption-attachment-15685\" class=\"wp-caption-text\">\u00a9 AYAimages &#8211; stock.adobe.com<\/figcaption><\/figure>\n<h2>Anforderungen an den Winterzeltplatz und den Winterzeltaufbau<\/h2>\n<p style=\"text-align: justify;\">Wenn Sie Ihr Zeltlager in der Winterzeit aufschlagen m\u00f6chten, muss der Zeltplatz \u00fcber eine ausreichende Schneetiefe verf\u00fcgen. Das ist wichtig, damit sich das Zelt gut und sicher verankern l\u00e4sst. Dar\u00fcber hinaus sollte sich der Platz an einem windgesch\u00fctzten Ort befinden, der frei von H\u00e4ngen, Senken und Schneeverwehungen ist. Wenn Sie in der freien Natur zelten, checken Sie bitte immer den Lawinenlagebericht. Schneebedeckte B\u00e4ume stellen ebenfalls eine Gefahr dar. Bauen Sie Ihr Zelt immer so auf, dass sich der Eingang nicht auf der Windseite befindet. Verwenden Sie f\u00fcr ein winterfestes Zelt keine normalen Heringe zur Verankerung, sondern <a href=\"https:\/\/www.schlanser.ch\/zelte\/zeltzubehoer\/zeltheringe-abspannmaterial\/\">spezielle Schnee- oder auch Sandheringe<\/a>. Treten Sie den Schnee um die Heringe herum fest, treiben Sie diese damit in den Boden. Herrschen Minusgrade, dauert es nicht lange und sie sind festgefroren und halten sicher. Sie sollten wirklich alle Befestigungsm\u00f6glichkeiten nutzen, denn so kann sich die Last gleichm\u00e4ssiger verteilen.<\/p>\n<p><a href=\"https:\/\/www.schlanser.ch\/zelte\/zeltzubehoer\/zeltheringe-abspannmaterial\/24074\/berger-dreikant-hering-6er-pack\"><img loading=\"lazy\" decoding=\"async\" class=\"aligncenter wp-image-15680\" title=\"Berger Dreikant-Hering 6er Pack | eignet sich f\u00fcr extrem harte B\u00f6den\" src=\"https:\/\/www.schlanser.ch\/magazin\/wp-content\/uploads\/2024\/12\/berger-dreikant-hering-6er-pack.jpg\" alt=\"Berger Dreikant-Hering 6er Pack | eignet sich f\u00fcr extrem harte B\u00f6den\" width=\"407\" height=\"395\" srcset=\"https:\/\/www.schlanser.ch\/magazin\/wp-content\/uploads\/2024\/12\/berger-dreikant-hering-6er-pack.jpg 579w, https:\/\/www.schlanser.ch\/magazin\/wp-content\/uploads\/2024\/12\/berger-dreikant-hering-6er-pack-300x291.jpg 300w\" sizes=\"(max-width: 407px) 100vw, 407px\" \/><\/a><\/p>\n<p style=\"text-align: justify;\">Bei einem l\u00e4ngeren Wintereinsatz ist ein <a href=\"https:\/\/www.schlanser.ch\/zelte\/zeltzubehoer\/zelt-gestaenge-zubehoer\/\">zus\u00e4tzlicher Gest\u00e4ngesatz<\/a> sinnvoll. Sollte der Wind st\u00e4rker gehen, kann das f\u00fcr das Zelt zum Nachteil werden. Wie schon erw\u00e4hnt, ist ein windgesch\u00fctzter Zeltplatz im Winter besonders ratsam, doch das ist nicht immer m\u00f6glich. Hier gibt es einen einfachen, aber effektiven Trick: Bauen Sie eine Schneemauer um das Zelt herum auf. Diese sollte folgende Voraussetzungen erf\u00fcllen.<\/p>\n<ul>\n<li>mindestens drei Meter Entfernung vom Zelt<\/li>\n<li>etwa einen Meter hoch<\/li>\n<li>zur Windseite hin flach ansteigend<\/li>\n<li>um das Zelt herum steil gebaut<\/li>\n<\/ul>\n<p>Dadurch bricht der auf die Schneemauer treffende Wind und l\u00e4sst das Schneetreiben nicht zum Zelt durch. So ist das Zelt f\u00fcr das Wintercamping gut ger\u00fcstet.<\/p>\n<p><a href=\"https:\/\/www.schlanser.ch\/hersteller\/robens\/709498\/robens-lodge-2-kuppelzelt-2-personen\"><img loading=\"lazy\" decoding=\"async\" class=\"aligncenter wp-image-15683 size-full\" title=\"Robens Lodge 2 Kuppelzelt 2 Personen\" src=\"https:\/\/www.schlanser.ch\/thumbnail\/ac\/3a\/9b\/1743568290\/10cc858eade0415ea2bb725cb074a4c7_1820x1820.jpg?1743568291\" alt=\"Robens Lodge 2 Kuppelzelt 2 Personen\" width=\"620\" height=\"336\" \/><\/a><\/p>\n<h2>So wird Ihnen im Zelt trotz Minusgraden warm<\/h2>\n<p style=\"text-align: justify;\">Ein winterfestes Zelt gilt als die wichtigste Voraussetzung f\u00fcr ein erfolgreiches Wintercamping. Gleichzeitig ist es aber auch nicht alles, es sch\u00fctzt Sie sicher vor N\u00e4sse und Wind, vor K\u00e4lte bewahrt es aber nur bis zu einem gewissen Punkt. In der Regel braucht es noch zus\u00e4tzliche Massnahmen, um richtig kalte Temperaturen aushalten zu k\u00f6nnen. Diese beginnen schon vor dem Campen im Winter. So ist das K\u00e4lteempfinden von Menschen eine subjektive Angelegenheit. Was dem einen lange schon zu kalt ist, st\u00f6rt den anderen noch \u00fcberhaupt nicht.<\/p>\n<p style=\"text-align: justify;\">Wussten Sie, dass man sein K\u00e4lteempfinden trainieren kann? Wenn Sie sich f\u00fcr das Zelten im Winter interessieren, ist das nat\u00fcrlich gut zu wissen. Beginnen Sie sich schon eine ganze Weile vor dem Winterurlaub regelm\u00e4ssig kurzen K\u00e4ltereizen auszusetzen. Zu Beginn wird es Ihnen schnell danach sein, wieder ins Warme zu gehen. Doch mit jedem \u00dcbungszyklus mehr halten Sie die K\u00e4lte ein St\u00fcck l\u00e4nger aus. Dazu m\u00fcssen Sie nicht erst auf kalte Temperaturen warten, beginnen Sie schon im Sommer mit regelm\u00e4ssigen Wechselduschen. Das st\u00e4rkt zus\u00e4tzlich das Immunsystem, was f\u00fcr das Campen im Winter selbstverst\u00e4ndlich nicht verkehrt ist.<\/p>\n<figure id=\"attachment_15688\" aria-describedby=\"caption-attachment-15688\" style=\"width: 620px\" class=\"wp-caption aligncenter\"><img loading=\"lazy\" decoding=\"async\" class=\"wp-image-15688 size-full\" title=\"Im Winter ist der Kampf gegen die K\u00e4lte das zentrale Thema\" src=\"https:\/\/www.schlanser.ch\/magazin\/wp-content\/uploads\/2024\/12\/Winter-Junge-Leute-Feuerstelle.jpg\" alt=\"Junge Leute im Winter am Feuer\" width=\"620\" height=\"414\" srcset=\"https:\/\/www.schlanser.ch\/magazin\/wp-content\/uploads\/2024\/12\/Winter-Junge-Leute-Feuerstelle.jpg 620w, https:\/\/www.schlanser.ch\/magazin\/wp-content\/uploads\/2024\/12\/Winter-Junge-Leute-Feuerstelle-300x200.jpg 300w\" sizes=\"(max-width: 620px) 100vw, 620px\" \/><figcaption id=\"caption-attachment-15688\" class=\"wp-caption-text\">\u00a9 Stock Rocket &#8211; stock.adobe.com<\/figcaption><\/figure>\n<p style=\"text-align: justify;\">Wenn Sie allerdings bei extremer K\u00e4lte unterwegs sind, reicht das allein nicht aus. Es ist sehr wichtig, dass Sie eine Ausk\u00fchlung des K\u00f6rpers von vorneherein vermeiden. Daf\u00fcr ben\u00f6tigen Sie vor allem einen guten <a href=\"https:\/\/www.schlanser.ch\/outdoor-freizeit\/schlafsaecke-matten\/schlafsaecke\/\">Winterschlafsack<\/a>, denn in der Nacht, wenn Sie schlafen, bewegen Sie sich nicht. Das erh\u00f6ht die Gefahr einer Ausk\u00fchlung. Der Schlafsack sollte \u00fcber eine sehr gute W\u00e4rmeleistung verf\u00fcgen, die meisten Winterschlafs\u00e4cke sind sogenannte Mumienschlafs\u00e4cke. Das heisst, sie weisen die Form einer Mumie auf und passen sich der K\u00f6rperform optimal an. Er muss gut gef\u00fcttert sein und perfekte Isoliereigenschaften mitbringen, wenn dieser mit auf Ihre Wintertour kommt.<\/p>\n<p><a href=\"https:\/\/www.schlanser.ch\/schlafsaecke\/outdoor-freizeit\/schlafsaecke-matten\/756330\/sea-to-summit-spark-spiv-lang-daunenschlafsack\"><img loading=\"lazy\" decoding=\"async\" class=\"aligncenter wp-image-15677 \" title=\"Sea to Summit Spark SpIV Lang Daunenschlafsack | Temperatur Extrem: -36 \u00b0C\" src=\"https:\/\/www.schlanser.ch\/thumbnail\/04\/b6\/bc\/1706800244\/d1d361fd8aa1442dad308451cd38345a_1820x1820.jpg?1706800246\" alt=\"Sea to Summit Spark SpIV Lang Daunenschlafsack\" width=\"559\" height=\"598\" \/><\/a><\/p>\n<p style=\"text-align: justify;\">Der Sea to Summit Spark SpIV Lang Daunenschlafsack zum Beispiel ist f\u00fcr Temperaturen von bis zu -36 \u00b0C ausgelegt. Die spezielle wasserabweichende Ultra-Dry Down Behandlung macht den Spark zu einem idealen Schlafsack f\u00fcr anspruchsvolle Touren, bei denen jedes Gramm z\u00e4hlt und Daunenschlafs\u00e4cke bisher nie eine konkurrenzf\u00e4hige Option waren. <a href=\"https:\/\/www.schlanser.ch\/outdoor-freizeit\/schlafsaecke-matten\/iso-campingmatten\/\">passenden Isomatte<\/a>, damit von unten keine K\u00e4lte an den K\u00f6rper herankommt. Die <a href=\"https:\/\/www.schlanser.ch\/hersteller\/sea-to-summit\/243283\/sea-to-summit-ether-light-xt-insulated-air-isomatte-small\">Sea to Summit Ether Light XT Insulated Air Isomatte<\/a> kombiniert ein leichtes 30\/40D-Nylon-Gewebe, Exkin Platinum und THERMOLITE-Isolation mit einer Air Sprung Cell Konstruktion, um eine 10 cm dicke und isolierte Matte mit unglaublich geringem Gewicht zu schaffen.<\/p>\n<p><a href=\"https:\/\/www.schlanser.ch\/outdoor-freizeit\/schlafsaecke-matten\/iso-campingmatten\/24635\/happy-people-single-isomatte-alu-190-x-60-cm\"><img loading=\"lazy\" decoding=\"async\" class=\"aligncenter wp-image-15692\" title=\"Happy People Single Isomatte Alu 190 x 60 cm\" src=\"https:\/\/www.schlanser.ch\/magazin\/wp-content\/uploads\/2024\/12\/happy-people-single-isomatte-alu.jpg\" alt=\"Happy People Single Isomatte Alu 190 x 60 cm\" width=\"631\" height=\"559\" srcset=\"https:\/\/www.schlanser.ch\/magazin\/wp-content\/uploads\/2024\/12\/happy-people-single-isomatte-alu.jpg 620w, https:\/\/www.schlanser.ch\/magazin\/wp-content\/uploads\/2024\/12\/happy-people-single-isomatte-alu-300x266.jpg 300w\" sizes=\"(max-width: 631px) 100vw, 631px\" \/><\/a><\/p>\n<h2>Weitere M\u00f6glichkeiten f\u00fcr mehr W\u00e4rme im Zelt<\/h2>\n<p style=\"text-align: justify;\">Mit einer <a href=\"https:\/\/www.schlanser.ch\/fahrzeug\/heizen-kuehlen\/campingheizung-heizstrahler\/\">Zeltheizung<\/a> l\u00e4sst sich das Zelt mittels Gas oder Elektroantrieb im Winter aufheizen. Die Zeltheizung mit Gaskartusche funktioniert autark, allerdings ben\u00f6tigen Sie daf\u00fcr einen Druckminderer inklusive zus\u00e4tzlichen Schlauch zum Anschliessen. Ist die Gaskartusche leer, muss nat\u00fcrlich eine Ersatzkartusche her. Eine Elektro-Zeltheizung ben\u00f6tigt einen elektrischen Anschluss, f\u00fcr eine Nacht und auch etwas mehr, reicht die Autobatterie aus, ansonsten muss eine zus\u00e4tzliche Stromversorgung her. Ansonsten hilft es, wenn Sie sich warm anziehen, am besten im Zwiebellook und sich ordentlich mit Energie versorgen.<\/p>\n<p>Ein besonderes Highlight ist die diesebetriebene Zeltheizung, welche sicher ausserhalb des Zelt aufgestellt werden kann und \u00fcber ein Gebl\u00e4se und eine Schlauch warme Frischluft ins Innere bl\u00e4st.<\/p>\n<p><a href=\"https:\/\/www.schlanser.ch\/hersteller\/pundmann\/437102\/pundmann-dachzeltheizung-mit-lifepo-batterie\"><img loading=\"lazy\" decoding=\"async\" class=\"aligncenter wp-image-15694\" title=\"Pundmann Dachzeltheizung mit LIfePO Batterie\" src=\"https:\/\/www.schlanser.ch\/thumbnail\/2c\/af\/8e\/1741141287\/a2f571551f3f404d87c51ebd94b975da_1820x1820.jpg?1741141287\" alt=\"Pundmann Dachzeltheizung mit LIfePO Batterie\" width=\"489\" height=\"601\" \/><\/a><\/p>\n<p style=\"text-align: justify;\">W\u00e4rmflaschen sind nat\u00fcrlich auch immer willkommen, ebenso wie Thermoskannen mit heissem Tee. Ein warmer Tee oder eine heisse Suppe w\u00e4rmen von innen, was sehr wohltuend ist. Versuchen Sie es zudem zu vermeiden, in der Nacht noch einmal raus zu m\u00fcssen, denn dann entweicht die ganze W\u00e4rme aus dem Schlaflager.<\/p>\n<p><a href=\"https:\/\/www.schlanser.ch\/haushalt\/camping-geschirr\/thermoflaschen-thermokannen\/70329\/esbit-food-thermobehaelter-schwarz-500-ml\"><img loading=\"lazy\" decoding=\"async\" class=\"aligncenter wp-image-15702\" title=\"Esbit Food-Thermobeh\u00e4lter schwarz 500 ml\" src=\"https:\/\/www.schlanser.ch\/magazin\/wp-content\/uploads\/2022\/12\/esbit-food-thermobehaelter-schwarz-500-ml.jpg\" alt=\"Esbit Food-Thermobeh\u00e4lter schwarz 500 ml\" width=\"480\" height=\"468\" srcset=\"https:\/\/www.schlanser.ch\/magazin\/wp-content\/uploads\/2022\/12\/esbit-food-thermobehaelter-schwarz-500-ml.jpg 620w, https:\/\/www.schlanser.ch\/magazin\/wp-content\/uploads\/2022\/12\/esbit-food-thermobehaelter-schwarz-500-ml-300x292.jpg 300w\" sizes=\"(max-width: 480px) 100vw, 480px\" \/><\/a><\/p>\n<p style=\"text-align: justify;\">Haben Sie also alles parat, was Sie f\u00fcr die Nacht ben\u00f6tigen und suchen Sie vor dem Schlafengehen noch einmal die Toilette auf. Ist das Zelt winterfest, m\u00fcssen Sie die K\u00e4lte trotzdem draussenlassen. Dann steht dem Zelten im Winter nichts mehr im Weg.<\/p>\n","protected":false},"excerpt":{"rendered":"<p>\u00ab Der passende Winterschlafsack bei Minusgraden \u00bb Eingefleischte Sommercamper werden sich vielleicht fragen, wie um Himmels willen man auf die Idee kommen kann, im Winter zu zelten. Doch Camping ist nicht nur im Sommer sch\u00f6n, sondern auch im Winter ein einmaliges Erlebnis. Es warten kalte N\u00e4chte mit herrlich klarer Luft, atemberaubende Sternenhimmel, idyllische und schneebedeckte &hellip;<\/p>\n","protected":false},"author":1,"featured_media":15669,"comment_status":"closed","ping_status":"open","sticky":false,"template":"","format":"standard","meta":{"footnotes":""},"categories":[2],"tags":[2301,1481,2297,2300,2299,2302,2298,2296],"yoast_head":"<!-- This site is optimized with the Yoast SEO plugin v22.2 - https:\/\/yoast.com\/wordpress\/plugins\/seo\/ -->\n<title>Zelten im Winter - Schlanser Magazin<\/title>\n<meta name=\"description\" content=\"Winterurlaub im Zelt kann wundersch\u00f6n sein \u2600\ufe0f Wir erkl\u00e4ren, woran Sie f\u00fcr warme Camping-Ferien im Winter denken sollten | Schlanser.ch\" \/>\n<meta name=\"robots\" content=\"index, follow, max-snippet:-1, max-image-preview:large, max-video-preview:-1\" \/>\n<link rel=\"canonical\" href=\"https:\/\/www.schlanser.ch\/magazin\/zelten-im-winter\/\" \/>\n<meta property=\"og:locale\" content=\"de_DE\" \/>\n<meta property=\"og:type\" content=\"article\" \/>\n<meta property=\"og:title\" content=\"Zelten im Winter - Schlanser Magazin\" \/>\n<meta property=\"og:description\" content=\"Winterurlaub im Zelt kann wundersch\u00f6n sein \u2600\ufe0f Wir erkl\u00e4ren, woran Sie f\u00fcr warme Camping-Ferien im Winter denken sollten | Schlanser.ch\" \/>\n<meta property=\"og:url\" content=\"https:\/\/www.schlanser.ch\/magazin\/zelten-im-winter\/\" \/>\n<meta property=\"og:site_name\" content=\"Schlanser Magazin\" \/>\n<meta property=\"article:published_time\" content=\"2022-12-16T12:30:05+00:00\" \/>\n<meta property=\"article:modified_time\" content=\"2025-11-20T16:29:46+00:00\" \/>\n<meta property=\"og:image\" content=\"https:\/\/www.schlanser.ch\/magazin\/wp-content\/uploads\/2024\/12\/Zelten-im-Winter.jpg\" \/>\n\t<meta property=\"og:image:width\" content=\"660\" \/>\n\t<meta property=\"og:image:height\" content=\"366\" \/>\n\t<meta property=\"og:image:type\" content=\"image\/jpeg\" \/>\n<meta name=\"author\" content=\"admin\" \/>\n<meta name=\"twitter:card\" content=\"summary_large_image\" \/>\n<meta name=\"twitter:label1\" content=\"Verfasst von\" \/>\n\t<meta name=\"twitter:data1\" content=\"admin\" \/>\n\t<meta name=\"twitter:label2\" content=\"Gesch\u00e4tzte Lesezeit\" \/>\n\t<meta name=\"twitter:data2\" content=\"9 Minuten\" \/>\n<script type=\"application\/ld+json\" class=\"yoast-schema-graph\">{\"@context\":\"https:\/\/schema.org\",\"@graph\":[{\"@type\":\"WebPage\",\"@id\":\"https:\/\/www.schlanser.ch\/magazin\/zelten-im-winter\/\",\"url\":\"https:\/\/www.schlanser.ch\/magazin\/zelten-im-winter\/\",\"name\":\"Zelten im Winter - Schlanser Magazin\",\"isPartOf\":{\"@id\":\"https:\/\/www.schlanser.ch\/magazin\/#website\"},\"primaryImageOfPage\":{\"@id\":\"https:\/\/www.schlanser.ch\/magazin\/zelten-im-winter\/#primaryimage\"},\"image\":{\"@id\":\"https:\/\/www.schlanser.ch\/magazin\/zelten-im-winter\/#primaryimage\"},\"thumbnailUrl\":\"https:\/\/www.schlanser.ch\/magazin\/wp-content\/uploads\/2024\/12\/Zelten-im-Winter.jpg\",\"datePublished\":\"2022-12-16T12:30:05+00:00\",\"dateModified\":\"2025-11-20T16:29:46+00:00\",\"author\":{\"@id\":\"https:\/\/www.schlanser.ch\/magazin\/#\/schema\/person\/000db0a103eb2594ba3daf394b1dfea2\"},\"description\":\"Winterurlaub im Zelt kann wundersch\u00f6n sein \u2600\ufe0f Wir erkl\u00e4ren, woran Sie f\u00fcr warme Camping-Ferien im Winter denken sollten | Schlanser.ch\",\"breadcrumb\":{\"@id\":\"https:\/\/www.schlanser.ch\/magazin\/zelten-im-winter\/#breadcrumb\"},\"inLanguage\":\"de-DE\",\"potentialAction\":[{\"@type\":\"ReadAction\",\"target\":[\"https:\/\/www.schlanser.ch\/magazin\/zelten-im-winter\/\"]}]},{\"@type\":\"ImageObject\",\"inLanguage\":\"de-DE\",\"@id\":\"https:\/\/www.schlanser.ch\/magazin\/zelten-im-winter\/#primaryimage\",\"url\":\"https:\/\/www.schlanser.ch\/magazin\/wp-content\/uploads\/2024\/12\/Zelten-im-Winter.jpg\",\"contentUrl\":\"https:\/\/www.schlanser.ch\/magazin\/wp-content\/uploads\/2024\/12\/Zelten-im-Winter.jpg\",\"width\":660,\"height\":366,\"caption\":\"\u00a9 Rustic Wanderlust - stock.adobe.com\"},{\"@type\":\"BreadcrumbList\",\"@id\":\"https:\/\/www.schlanser.ch\/magazin\/zelten-im-winter\/#breadcrumb\",\"itemListElement\":[{\"@type\":\"ListItem\",\"position\":1,\"name\":\"Startseite\",\"item\":\"https:\/\/www.schlanser.ch\/magazin\/\"},{\"@type\":\"ListItem\",\"position\":2,\"name\":\"Zelten im Winter\"}]},{\"@type\":\"WebSite\",\"@id\":\"https:\/\/www.schlanser.ch\/magazin\/#website\",\"url\":\"https:\/\/www.schlanser.ch\/magazin\/\",\"name\":\"Schlanser Magazin\",\"description\":\"\",\"potentialAction\":[{\"@type\":\"SearchAction\",\"target\":{\"@type\":\"EntryPoint\",\"urlTemplate\":\"https:\/\/www.schlanser.ch\/magazin\/?s={search_term_string}\"},\"query-input\":\"required name=search_term_string\"}],\"inLanguage\":\"de-DE\"},{\"@type\":\"Person\",\"@id\":\"https:\/\/www.schlanser.ch\/magazin\/#\/schema\/person\/000db0a103eb2594ba3daf394b1dfea2\",\"name\":\"admin\",\"image\":{\"@type\":\"ImageObject\",\"inLanguage\":\"de-DE\",\"@id\":\"https:\/\/www.schlanser.ch\/magazin\/#\/schema\/person\/image\/\",\"url\":\"https:\/\/secure.gravatar.com\/avatar\/a794a4fe8a9b9c52241597eb381dfa2e?s=96&d=mm&r=g\",\"contentUrl\":\"https:\/\/secure.gravatar.com\/avatar\/a794a4fe8a9b9c52241597eb381dfa2e?s=96&d=mm&r=g\",\"caption\":\"admin\"}}]}<\/script>\n<!-- \/ Yoast SEO plugin. -->","yoast_head_json":{"title":"Zelten im Winter - Schlanser Magazin","description":"Winterurlaub im Zelt kann wundersch\u00f6n sein \u2600\ufe0f Wir erkl\u00e4ren, woran Sie f\u00fcr warme Camping-Ferien im Winter denken sollten | Schlanser.ch","robots":{"index":"index","follow":"follow","max-snippet":"max-snippet:-1","max-image-preview":"max-image-preview:large","max-video-preview":"max-video-preview:-1"},"canonical":"https:\/\/www.schlanser.ch\/magazin\/zelten-im-winter\/","og_locale":"de_DE","og_type":"article","og_title":"Zelten im Winter - Schlanser Magazin","og_description":"Winterurlaub im Zelt kann wundersch\u00f6n sein \u2600\ufe0f Wir erkl\u00e4ren, woran Sie f\u00fcr warme Camping-Ferien im Winter denken sollten | Schlanser.ch","og_url":"https:\/\/www.schlanser.ch\/magazin\/zelten-im-winter\/","og_site_name":"Schlanser Magazin","article_published_time":"2022-12-16T12:30:05+00:00","article_modified_time":"2025-11-20T16:29:46+00:00","og_image":[{"width":660,"height":366,"url":"https:\/\/www.schlanser.ch\/magazin\/wp-content\/uploads\/2024\/12\/Zelten-im-Winter.jpg","type":"image\/jpeg"}],"author":"admin","twitter_card":"summary_large_image","twitter_misc":{"Verfasst von":"admin","Gesch\u00e4tzte Lesezeit":"9 Minuten"},"schema":{"@context":"https:\/\/schema.org","@graph":[{"@type":"WebPage","@id":"https:\/\/www.schlanser.ch\/magazin\/zelten-im-winter\/","url":"https:\/\/www.schlanser.ch\/magazin\/zelten-im-winter\/","name":"Zelten im Winter - Schlanser Magazin","isPartOf":{"@id":"https:\/\/www.schlanser.ch\/magazin\/#website"},"primaryImageOfPage":{"@id":"https:\/\/www.schlanser.ch\/magazin\/zelten-im-winter\/#primaryimage"},"image":{"@id":"https:\/\/www.schlanser.ch\/magazin\/zelten-im-winter\/#primaryimage"},"thumbnailUrl":"https:\/\/www.schlanser.ch\/magazin\/wp-content\/uploads\/2024\/12\/Zelten-im-Winter.jpg","datePublished":"2022-12-16T12:30:05+00:00","dateModified":"2025-11-20T16:29:46+00:00","author":{"@id":"https:\/\/www.schlanser.ch\/magazin\/#\/schema\/person\/000db0a103eb2594ba3daf394b1dfea2"},"description":"Winterurlaub im Zelt kann wundersch\u00f6n sein \u2600\ufe0f Wir erkl\u00e4ren, woran Sie f\u00fcr warme Camping-Ferien im Winter denken sollten | Schlanser.ch","breadcrumb":{"@id":"https:\/\/www.schlanser.ch\/magazin\/zelten-im-winter\/#breadcrumb"},"inLanguage":"de-DE","potentialAction":[{"@type":"ReadAction","target":["https:\/\/www.schlanser.ch\/magazin\/zelten-im-winter\/"]}]},{"@type":"ImageObject","inLanguage":"de-DE","@id":"https:\/\/www.schlanser.ch\/magazin\/zelten-im-winter\/#primaryimage","url":"https:\/\/www.schlanser.ch\/magazin\/wp-content\/uploads\/2024\/12\/Zelten-im-Winter.jpg","contentUrl":"https:\/\/www.schlanser.ch\/magazin\/wp-content\/uploads\/2024\/12\/Zelten-im-Winter.jpg","width":660,"height":366,"caption":"\u00a9 Rustic Wanderlust - stock.adobe.com"},{"@type":"BreadcrumbList","@id":"https:\/\/www.schlanser.ch\/magazin\/zelten-im-winter\/#breadcrumb","itemListElement":[{"@type":"ListItem","position":1,"name":"Startseite","item":"https:\/\/www.schlanser.ch\/magazin\/"},{"@type":"ListItem","position":2,"name":"Zelten im Winter"}]},{"@type":"WebSite","@id":"https:\/\/www.schlanser.ch\/magazin\/#website","url":"https:\/\/www.schlanser.ch\/magazin\/","name":"Schlanser Magazin","description":"","potentialAction":[{"@type":"SearchAction","target":{"@type":"EntryPoint","urlTemplate":"https:\/\/www.schlanser.ch\/magazin\/?s={search_term_string}"},"query-input":"required name=search_term_string"}],"inLanguage":"de-DE"},{"@type":"Person","@id":"https:\/\/www.schlanser.ch\/magazin\/#\/schema\/person\/000db0a103eb2594ba3daf394b1dfea2","name":"admin","image":{"@type":"ImageObject","inLanguage":"de-DE","@id":"https:\/\/www.schlanser.ch\/magazin\/#\/schema\/person\/image\/","url":"https:\/\/secure.gravatar.com\/avatar\/a794a4fe8a9b9c52241597eb381dfa2e?s=96&d=mm&r=g","contentUrl":"https:\/\/secure.gravatar.com\/avatar\/a794a4fe8a9b9c52241597eb381dfa2e?s=96&d=mm&r=g","caption":"admin"}}]}},"_links":{"self":[{"href":"https:\/\/www.schlanser.ch\/magazin\/wp-json\/wp\/v2\/posts\/15663"}],"collection":[{"href":"https:\/\/www.schlanser.ch\/magazin\/wp-json\/wp\/v2\/posts"}],"about":[{"href":"https:\/\/www.schlanser.ch\/magazin\/wp-json\/wp\/v2\/types\/post"}],"author":[{"embeddable":true,"href":"https:\/\/www.schlanser.ch\/magazin\/wp-json\/wp\/v2\/users\/1"}],"replies":[{"embeddable":true,"href":"https:\/\/www.schlanser.ch\/magazin\/wp-json\/wp\/v2\/comments?post=15663"}],"version-history":[{"count":31,"href":"https:\/\/www.schlanser.ch\/magazin\/wp-json\/wp\/v2\/posts\/15663\/revisions"}],"predecessor-version":[{"id":18939,"href":"https:\/\/www.schlanser.ch\/magazin\/wp-json\/wp\/v2\/posts\/15663\/revisions\/18939"}],"wp:featuredmedia":[{"embeddable":true,"href":"https:\/\/www.schlanser.ch\/magazin\/wp-json\/wp\/v2\/media\/15669"}],"wp:attachment":[{"href":"https:\/\/www.schlanser.ch\/magazin\/wp-json\/wp\/v2\/media?parent=15663"}],"wp:term":[{"taxonomy":"category","embeddable":true,"href":"https:\/\/www.schlanser.ch\/magazin\/wp-json\/wp\/v2\/categories?post=15663"},{"taxonomy":"post_tag","embeddable":true,"href":"https:\/\/www.schlanser.ch\/magazin\/wp-json\/wp\/v2\/tags?post=15663"}],"curies":[{"name":"wp","href":"https:\/\/api.w.org\/{rel}","templated":true}]}}