{"id":15747,"date":"2023-01-20T09:00:03","date_gmt":"2023-01-20T08:00:03","guid":{"rendered":"https:\/\/www.schlanser.ch\/magazin\/?p=15747"},"modified":"2025-10-01T15:43:39","modified_gmt":"2025-10-01T13:43:39","slug":"camping-luzern","status":"publish","type":"post","link":"https:\/\/www.schlanser.ch\/magazin\/camping-luzern\/","title":{"rendered":"Camping Luzern"},"content":{"rendered":"<h2>\u00ab Ferien am Vierwaldst\u00e4ttersee \u00bb<\/h2>\n<p style=\"text-align: justify;\"><strong>Mitten im Herzen der Schweiz befindet sich der Vierwaldst\u00e4ttersee. Sie erkennen ihn an seiner einzigartig verwinkelten Form und nat\u00fcrlich den bekannten Bergen, die sich ringsherum befinden. Der See ist in dem beeindruckenden Bergpanorama eingebettet, die kleinen niedlichen und verwinkelten Buchten verleihen ihm einen urigen Charme. So ist es nur logisch, dass sich rund um den Alpenrandsee viele Campingpl\u00e4tze niedergelassen haben, dort Urlaub zu machen, ist wirklich ein Traum. Dort kommen Familien, Ruhesuchende, Actionlustige und Naturliebhaber gleichermassen auf ihre Kosten. Wir haben uns die Region rund um den See und einmal genauer angeschaut und stellen Ihnen den einen oder anderen empfehlenswerten Zeltplatz am Vierwaldst\u00e4ttersee vor.<\/strong><\/p>\n<h2>Was ist das Besondere an dem Alpenrandsee?<\/h2>\n<p style=\"text-align: justify;\">Das bekannte Seebecken entstand in der letzten Eiszeit, also vor etwa 12.000 Jahren aus dem sogenannten Reussgletscher. Seine verzweigte, fast schon fjordartige Form macht ihn einmalig und verleiht ihm eine besonders eigenwillige Atmosph\u00e4re. Der See ist von den Voralpen umgeben und liegt in der Zentralschweiz. Das Besondere ist, dass er in vier Schweizer Kantonen liegt, daher auch der Name Vierwaldst\u00e4ttersee. Die vier angrenzenden Kantone, die einst Waldst\u00e4tten genannt wurden, sind folgende:<\/p>\n<ul>\n<li>Uri<\/li>\n<li>Schwyz<\/li>\n<li>Unterwalden<\/li>\n<li>Luzern<\/li>\n<\/ul>\n<figure id=\"attachment_15750\" aria-describedby=\"caption-attachment-15750\" style=\"width: 620px\" class=\"wp-caption aligncenter\"><img loading=\"lazy\" decoding=\"async\" class=\"wp-image-15750 size-full\" title=\"Luzern bietet eine traumhafte Kulisse mit Alpenpanorama und Seeblick \" src=\"https:\/\/www.schlanser.ch\/magazin\/wp-content\/uploads\/2025\/01\/Luzern.jpg\" alt=\"Luzern - Camping Luzern\" width=\"620\" height=\"413\" srcset=\"https:\/\/www.schlanser.ch\/magazin\/wp-content\/uploads\/2025\/01\/Luzern.jpg 620w, https:\/\/www.schlanser.ch\/magazin\/wp-content\/uploads\/2025\/01\/Luzern-300x200.jpg 300w\" sizes=\"(max-width: 620px) 100vw, 620px\" \/><figcaption id=\"caption-attachment-15750\" class=\"wp-caption-text\">\u00a9 Eva Bocek &#8211; stock.adobe.com<\/figcaption><\/figure>\n<p style=\"text-align: justify;\">An seinem westlichen Ufer, am Urnersee, liegt die R\u00fctli-Wiese. Auf dieser wurde einst das B\u00fcndnis der Schweizer Urkantone Uri, Schwyz und Unterwalden geschlossen. Besonders beliebt ist der See zum Baden, im Sommer erreicht er etwa eine Wassertemperatur von 22 Grad Celsius. Das sind die besten Voraussetzungen f\u00fcr eine sch\u00f6ne Abk\u00fchlung. Zudem finden Sie in Luzern das Strandbad Lido, indem beherzt geschwommen und gebadet werden kann. Doch das ist l\u00e4ngst nicht das Einzige, Strandb\u00e4der gibt es dort zuhauf. Dank der guten Wasser- und Windverh\u00e4ltnisse wird auf dem See auch sehr gern gesegelt, gerudert oder Wasserski und Kanu gefahren. Durch sein hervorragendes klares Wasser l\u00e4sst sich vor Ort sehr gut tauchen. Bei Brunnen k\u00f6nnen Sie ein Wrack von einem gesunkenen Frachter bestaunen oder bei Sisikon eine sehenswerte Steilwand.<\/p>\n<p><a href=\"https:\/\/www.schlanser.ch\/hersteller\/berger\/116258\/berger-lagoon-4-familienzelt-2024-fuer-4-personen\"><img loading=\"lazy\" decoding=\"async\" class=\"aligncenter wp-image-18925 size-large\" title=\"komfortable Stehh\u00f6he 2 gegen\u00fcberliegende Eing\u00e4nge sorgen f\u00fcr einfachen Zugang Eing\u00e4nge als Sonnendach ausstellbar ger\u00e4umiger Wohnraum\" src=\"https:\/\/www.schlanser.ch\/magazin\/wp-content\/uploads\/2023\/01\/Berger-Lagoon-Tunnelzelt-1024x640.jpg\" alt=\"Das Berger Lagoon 4 bietet Platz f\u00fcr bis zu vier Personen und besteht aus hochwertigem Ripstop-Polyester. \" width=\"618\" height=\"386\" srcset=\"https:\/\/www.schlanser.ch\/magazin\/wp-content\/uploads\/2023\/01\/Berger-Lagoon-Tunnelzelt-1024x640.jpg 1024w, https:\/\/www.schlanser.ch\/magazin\/wp-content\/uploads\/2023\/01\/Berger-Lagoon-Tunnelzelt-300x188.jpg 300w, https:\/\/www.schlanser.ch\/magazin\/wp-content\/uploads\/2023\/01\/Berger-Lagoon-Tunnelzelt-768x480.jpg 768w, https:\/\/www.schlanser.ch\/magazin\/wp-content\/uploads\/2023\/01\/Berger-Lagoon-Tunnelzelt-1536x960.jpg 1536w, https:\/\/www.schlanser.ch\/magazin\/wp-content\/uploads\/2023\/01\/Berger-Lagoon-Tunnelzelt.jpg 1820w\" sizes=\"(max-width: 618px) 100vw, 618px\" \/><\/a><\/p>\n<h2>Idylle und Besinnung auf wundervollen Wanderwegen<\/h2>\n<p style=\"text-align: justify;\">Doch auch wem nicht so nach Sport und Action zumute ist, kommt am Vierwaldst\u00e4ttersee voll auf seine Kosten. Wie w\u00e4re es zum Beispiel mit einer idyllischen Schifffahrt \u00fcber den See, vielleicht sogar mit dem grossen Raddampfer? Auch Wanderfreude k\u00f6nnen an dem Alpenrandsee viel Zeit verbringen, Sie k\u00f6nnen auf dem Jakobsweg wandern oder Sie machen sich auf zu einer spannenden Bergwanderung. Es gibt einige sehenswerte Aussichtsberge wie das Stanserhorn oder die Rigi. Die Bergbahnen bringen Sie auf dabei den Gipfel. Das Wasser des Sees hat \u00fcbrigens Trinkwasserqualit\u00e4t. Rund um ihn wachsen ganz verschiedene Pflanzen, vor allem s\u00fcdl\u00e4ndische Gew\u00e4chse, wie Feigenb\u00e4ume, Edelkastanien, Zypressen, Hanfpalmen oder Yucca-Palmen.<\/p>\n<figure id=\"attachment_15756\" aria-describedby=\"caption-attachment-15756\" style=\"width: 620px\" class=\"wp-caption aligncenter\"><img loading=\"lazy\" decoding=\"async\" class=\"wp-image-15756 size-full\" title=\"Stanserhorn-Bahn\" src=\"https:\/\/www.schlanser.ch\/magazin\/wp-content\/uploads\/2025\/01\/Stanserhorn.jpg\" alt=\"Stanserhorn-Bahn\" width=\"620\" height=\"417\" srcset=\"https:\/\/www.schlanser.ch\/magazin\/wp-content\/uploads\/2025\/01\/Stanserhorn.jpg 620w, https:\/\/www.schlanser.ch\/magazin\/wp-content\/uploads\/2025\/01\/Stanserhorn-300x202.jpg 300w, https:\/\/www.schlanser.ch\/magazin\/wp-content\/uploads\/2025\/01\/Stanserhorn-110x75.jpg 110w\" sizes=\"(max-width: 620px) 100vw, 620px\" \/><figcaption id=\"caption-attachment-15756\" class=\"wp-caption-text\">\u00a9 chrisroosfotografie &#8211; stock.adobe.com<\/figcaption><\/figure>\n<h2>Campingplatz am Vierwaldst\u00e4ttersee &#8211; Familienfreundlichkeit wird grossgeschrieben<\/h2>\n<p style=\"text-align: justify;\">Urlaub mit der ganzen Familie ist doch mit das Sch\u00f6nste, was es gibt. So ist eines der wichtigsten Kriterien, nach dem ein Campingplatz ausgesucht wird, die Familienfreundlichkeit. Was nutzt es, wenn sich die Angebote f\u00fcr Erwachse \u00fcberschlagen, die Kinder aber leer ausgehen. Dann ist das auch f\u00fcr die sch\u00f6nen Eltern kein sch\u00f6nes Campingerlebnis. Auf Campingpl\u00e4tzen suchen Familien nach M\u00f6glichkeiten, ihre Kinder zu besch\u00e4ftigen und kombinieren das mit dem Entdecken der Natur, spannenden Aktivit\u00e4ten und Erholung. Dazu ist die Vierwaldst\u00e4ttersee-Umgebung pr\u00e4destiniert. Sei es ausgiebiger Badespass, eine sch\u00f6ne Zeit am See oder Ausfl\u00fcge in die Natur beziehungsweise in die n\u00e4chstgelegenen St\u00e4dte. Hier kommen sowohl Erwachsene als auch Kinder nicht zu kurz. Im Folgenden stellen wir Ihnen den einen oder anderen Campingplatz in der Zentralschweiz vor, die genau dies vereinen und besonders familienfreundlich sind.<\/p>\n<p><a href=\"https:\/\/www.schlanser.ch\/outdoor-freizeit\/wasserwelt\/schlauchboote-kajaks-sup-boards\/246799\/aqua-marina-hyper-stand-up-paddling-baord-set-5-teilig-350-cm\"><img loading=\"lazy\" decoding=\"async\" class=\"aligncenter wp-image-15757 size-full\" title=\"Aqua Marina Hyper Stand Up Paddling Baord Set 5 teilig 350 cm\" src=\"https:\/\/www.schlanser.ch\/magazin\/wp-content\/uploads\/2025\/01\/aqua-marina-hyper-stand-up-paddling-baord.jpg\" alt=\"Aqua Marina Hyper Stand Up Paddling Baord Set 5 teilig 350 cm\" width=\"620\" height=\"413\" srcset=\"https:\/\/www.schlanser.ch\/magazin\/wp-content\/uploads\/2025\/01\/aqua-marina-hyper-stand-up-paddling-baord.jpg 620w, https:\/\/www.schlanser.ch\/magazin\/wp-content\/uploads\/2025\/01\/aqua-marina-hyper-stand-up-paddling-baord-300x200.jpg 300w\" sizes=\"(max-width: 620px) 100vw, 620px\" \/><\/a><\/p>\n<h2>Camping im Kanton Luzern<\/h2>\n<p style=\"text-align: justify;\">Luzern gilt als eine der sch\u00f6nsten St\u00e4dte in der Schweiz, und das zurecht: Hier gibt es herrliche Natur, mediterranes Klima und einige kulturelle Highlights. Die Stadt vereint das mediterrane Lebensgef\u00fchl mit mitteleurop\u00e4ischer Gesch\u00e4ftigkeit. Sportbegeisterte k\u00f6nnen sich beim Wassersport auspowern, es gibt Kanufahren, Wasserski oder Windsurfen. Ausserdem k\u00f6nnen Sie in der Region gesunde Bergluft schnuppern und ausgiebig wandern oder auch eine Tour mit dem Velo unternehmen. Der Campingplatz von Luzern ist eines der beliebtesten Reiseziele in der Region.<\/p>\n<figure id=\"attachment_15759\" aria-describedby=\"caption-attachment-15759\" style=\"width: 620px\" class=\"wp-caption aligncenter\"><img loading=\"lazy\" decoding=\"async\" class=\"wp-image-15759 size-full\" title=\"Fahrradtour nahe des kleinen und grossen Mythen\" src=\"https:\/\/www.schlanser.ch\/magazin\/wp-content\/uploads\/2025\/01\/Fahrradfahren-Grosser-und-Kleiner-Mythen.jpg\" alt=\"Fahrradtour nahe des kleinen und grossen Mythen\" width=\"620\" height=\"350\" srcset=\"https:\/\/www.schlanser.ch\/magazin\/wp-content\/uploads\/2025\/01\/Fahrradfahren-Grosser-und-Kleiner-Mythen.jpg 620w, https:\/\/www.schlanser.ch\/magazin\/wp-content\/uploads\/2025\/01\/Fahrradfahren-Grosser-und-Kleiner-Mythen-300x169.jpg 300w\" sizes=\"(max-width: 620px) 100vw, 620px\" \/><figcaption id=\"caption-attachment-15759\" class=\"wp-caption-text\">\u00a9 Eva Bocek &#8211; stock.adobe.com<\/figcaption><\/figure>\n<h2>Camping in Luzern &#8211; das sind unsere Empfehlungen:<\/h2>\n<ul>\n<li>TCS Camping Sempach,<\/li>\n<li>Seefeld Park Sarnen oder<\/li>\n<li>TCS Camping Luzern &#8211; Horw Bahnhof.<\/li>\n<\/ul>\n<p style=\"text-align: justify;\"><a href=\"https:\/\/www.schlanser.ch\/\">Campingzubeh\u00f6r bestellen<\/a> sich kluge Camper nat\u00fcrlich bereits im Vorfeld, in Luzern gibt es diese jedoch auch zu erwerben, falls etwas fehlen sollte. Die Region dort ist sehr gut auf Campingurlauber eingestellt.<\/p>\n<p><a href=\"https:\/\/www.schlanser.ch\/outdoor-freizeit\/wasserwelt\/badespass\/3674\/kinder-matratze\"><img loading=\"lazy\" decoding=\"async\" class=\"aligncenter wp-image-15764 size-full\" title=\"Kinder-Matratze\" src=\"https:\/\/www.schlanser.ch\/magazin\/wp-content\/uploads\/2025\/01\/kinder-matratze.jpg\" alt=\"Kinder-Matratze\" width=\"620\" height=\"512\" srcset=\"https:\/\/www.schlanser.ch\/magazin\/wp-content\/uploads\/2025\/01\/kinder-matratze.jpg 620w, https:\/\/www.schlanser.ch\/magazin\/wp-content\/uploads\/2025\/01\/kinder-matratze-300x248.jpg 300w\" sizes=\"(max-width: 620px) 100vw, 620px\" \/><\/a><\/p>\n<h3>Camping International Lido<\/h3>\n<p style=\"text-align: justify;\">Der Platz Camping International Lido hat rund um das ganze Jahr ge\u00f6ffnet und ist aufgrund seiner stadtnahen, aber ruhigen Lage besonders gut f\u00fcr Familien geeignet. Sie haben die Stadt Luzern schnell zu Fuss erreicht und k\u00f6nnen dort einige Sehensw\u00fcrdigkeiten bestaunen. Die Kids freuen sich garantiert \u00fcber eine Schifffahrt oder eine Tour mit der Seilbahn. Kommt f\u00fcr Sie nur Urlaub mit tierischer Begleitung infrage? Kein Problem, Hunde sind auf dem Platz Camping International Lido erlaubt, es gibt sogar eine Hundedusche. Eine tolle Familienaktivit\u00e4t in unmittelbarer N\u00e4he vom Zeltplatz in Luzern ist ein Besuch im Gletschergarten. Dort erfahren Sie spannende Fakten \u00fcber die Eiszeit und den Gletscher. Ebenfalls gut mit Kindern l\u00e4sst sich das Spiegellabyrinth besuchen, aus dem es gar nicht so leicht ist, wieder herauszufinden.<\/p>\n<figure id=\"attachment_15766\" aria-describedby=\"caption-attachment-15766\" style=\"width: 620px\" class=\"wp-caption aligncenter\"><img loading=\"lazy\" decoding=\"async\" class=\"wp-image-15766 size-full\" title=\"Gletschergarten, Luzern\" src=\"https:\/\/www.schlanser.ch\/magazin\/wp-content\/uploads\/2025\/01\/Luzern-Gletschergarten.jpg\" alt=\"Gletschergarten, Luzern, LU, Schweiz. Glacier garden, Lucerne, LU, Switzerland.\" width=\"620\" height=\"413\" srcset=\"https:\/\/www.schlanser.ch\/magazin\/wp-content\/uploads\/2025\/01\/Luzern-Gletschergarten.jpg 620w, https:\/\/www.schlanser.ch\/magazin\/wp-content\/uploads\/2025\/01\/Luzern-Gletschergarten-300x200.jpg 300w\" sizes=\"(max-width: 620px) 100vw, 620px\" \/><figcaption id=\"caption-attachment-15766\" class=\"wp-caption-text\">Von Leiju &#8211; Eigenes Werk, CC BY-SA 3.0, https:\/\/commons.wikimedia.org\/w\/index.php?curid=16802639<\/figcaption><\/figure>\n<h3 style=\"text-align: justify;\">Camping S\u00f6renberg<\/h3>\n<p style=\"text-align: justify;\">Neben dem bekannten Lido ist auch der Platz Camping S\u00f6renberg sehr beliebt. Dieser liegt eingebettet zwischen Schrattenfluh und Rothornkette. Hier gibt es sowohl Stell- als auch Zeltpl\u00e4tze und gute Versorgungsm\u00f6glichkeiten, etwa Einkaufsm\u00f6glichkeiten, Informationsstellen oder Bushaltestellen. Der n\u00e4chste Skilift ist auch nur 300 Meter entfernt. Auch auf den Platz Camping S\u00f6renberg darf gern mit dem Hund angereist werden. An sportlichen Angeboten gibt es zum Beispiel einen Golfplatz in der N\u00e4he, ausserdem ist der Campingplatz in der Zentralschweiz ideal f\u00fcr Wintersportler.<\/p>\n<figure id=\"attachment_15768\" aria-describedby=\"caption-attachment-15768\" style=\"width: 620px\" class=\"wp-caption aligncenter\"><img loading=\"lazy\" decoding=\"async\" class=\"wp-image-15768 size-full\" title=\"Aussicht vom Brienzer Rothorn Richtung S\u00f6renberg\" src=\"https:\/\/www.schlanser.ch\/magazin\/wp-content\/uploads\/2025\/01\/Blick-auf-Soerenberg.jpg\" alt=\"Aussicht vom Brienzer Rothorn Richtung S\u00f6renberg - Camping Luzern\" width=\"620\" height=\"413\" srcset=\"https:\/\/www.schlanser.ch\/magazin\/wp-content\/uploads\/2025\/01\/Blick-auf-Soerenberg.jpg 620w, https:\/\/www.schlanser.ch\/magazin\/wp-content\/uploads\/2025\/01\/Blick-auf-Soerenberg-300x200.jpg 300w\" sizes=\"(max-width: 620px) 100vw, 620px\" \/><figcaption id=\"caption-attachment-15768\" class=\"wp-caption-text\">\u00a9 matho &#8211; stock.adobe.com<\/figcaption><\/figure>\n<h3>Camping Vitznau<\/h3>\n<p style=\"text-align: justify;\">Ganz im Zeichen von Familienurlaub steht auch der Campingplatz Vitznau. Hier gibt es einen beheizten Pool f\u00fcr Klein und Gross, einen grossen Spielplatz und einen tollen Seestrand. Hunde sind hier willkommen, auf die Vierbeiner wartet sogar ein eigener Hundeabschnitt. Zudem gibt es einen atemberaubenden Panoramablick auf den Alpenrandsee und die Berge. Wem es vor Ort noch nicht genug Wasserspass gibt, der kann in nur f\u00fcnf Minuten zur n\u00e4chsten Kajakvermietung gehen und dort den See auf dem Wasser erkunden. Mit den Kids lohnt sich auch in jedem Fall ein Besuch in den Natur- und Tierpark Goldau. In dem wissenschaftlichen Zoo gibt es einiges zu lernen, einigen Tieren kann sogar frei laufend begegnet werden. Die Umgebung von dem Campingplatz am Vierwaldst\u00e4ttersee hat also so einiges zu bieten.<\/p>\n<h2>Fazit zum Camping im Kanton Luzern<\/h2>\n<p style=\"text-align: justify;\">Der Region Luzern und der Vierwaldst\u00e4ttersee bieten so einiges f\u00fcr Ferieng\u00e4ste. Naturfreunde und Erholungsurlauber k\u00f6nnen sich in die Natur aufmachen und dort vieles erkunden. Pl\u00e4tze und stille Orte zum Zur\u00fcckziehen und Innehalten gibt es dort gen\u00fcgend. Wem eher nach Menschen und Kultur zumute ist, der kann sich in Luzern oder in die anderen kleine St\u00e4dte begeben und dort tolle Sehensw\u00fcrdigkeiten und interessante Kultur erleben. Gelegenheiten zum gem\u00fctlichen Schlendern und Bummeln gibt es dort nat\u00fcrlich auch. Den passenden Platz f\u00fcr das <a href=\"https:\/\/www.schlanser.ch\/zelte\/campingzelte\/familienzelte\/\">neue Familienzelt<\/a> finden Sie am Vierwaldst\u00e4ttersee garantiert ebenso. Mehr zum Urlaub in der Schweiz<\/p>\n<p><a href=\"coleman-cortes-3-tunnelzelt-fuer-3-personen\"><img loading=\"lazy\" decoding=\"async\" class=\"aligncenter wp-image-18926 size-large\" title=\"Das Tunnelzelt Cortes 3 von Coleman ist ein kompaktes und zuverl\u00e4ssiges 3-Personen-Zelt. Es ist dank der Tunnelkonstruktion leicht aufzubauen und bietet gen\u00fcgend Platz f\u00fcr drei Personen\" src=\"https:\/\/www.schlanser.ch\/magazin\/wp-content\/uploads\/2023\/01\/coleman-cortes-3-tunnelzelt-fuer-3-personen-1024x640.jpg\" alt=\"Coleman Cortes 3 Tunnelzelt f\u00fcr 3 Personen\" width=\"618\" height=\"386\" srcset=\"https:\/\/www.schlanser.ch\/magazin\/wp-content\/uploads\/2023\/01\/coleman-cortes-3-tunnelzelt-fuer-3-personen-1024x640.jpg 1024w, https:\/\/www.schlanser.ch\/magazin\/wp-content\/uploads\/2023\/01\/coleman-cortes-3-tunnelzelt-fuer-3-personen-300x187.jpg 300w, https:\/\/www.schlanser.ch\/magazin\/wp-content\/uploads\/2023\/01\/coleman-cortes-3-tunnelzelt-fuer-3-personen-768x480.jpg 768w, https:\/\/www.schlanser.ch\/magazin\/wp-content\/uploads\/2023\/01\/coleman-cortes-3-tunnelzelt-fuer-3-personen.jpg 1162w\" sizes=\"(max-width: 618px) 100vw, 618px\" \/><\/a><\/p>\n<div class=\"box info  \"><div class=\"box-inner-block\"><i class=\"fa tie-shortcode-boxicon\"><\/i>\n\t\t\tTipp: Seien Sie fr\u00fch dran mit der Buchung, denn die Region dort zieht jedes Jahr unz\u00e4hlige Besucher an. Wer einmal bei Sonnenuntergang den Blick \u00fcber den See und die Berge erlebt hat, wird definitiv wiederkommen wollen..\n\t\t\t<\/div><\/div>\n<p>&nbsp;<\/p>\n","protected":false},"excerpt":{"rendered":"<p>\u00ab Ferien am Vierwaldst\u00e4ttersee \u00bb Mitten im Herzen der Schweiz befindet sich der Vierwaldst\u00e4ttersee. Sie erkennen ihn an seiner einzigartig verwinkelten Form und nat\u00fcrlich den bekannten Bergen, die sich ringsherum befinden. Der See ist in dem beeindruckenden Bergpanorama eingebettet, die kleinen niedlichen und verwinkelten Buchten verleihen ihm einen urigen Charme. So ist es nur logisch, &hellip;<\/p>\n","protected":false},"author":1,"featured_media":15749,"comment_status":"closed","ping_status":"open","sticky":false,"template":"","format":"standard","meta":{"footnotes":""},"categories":[2],"tags":[509,2319,2321,1457,2314,2322,2320,2323,2317,2318,2316,2315],"yoast_head":"<!-- This site is optimized with the Yoast SEO plugin v22.2 - https:\/\/yoast.com\/wordpress\/plugins\/seo\/ -->\n<title>Camping Luzern - Schlanser Magazin<\/title>\n<meta name=\"description\" content=\"Entdecken Sie Luzern und den Vierwaldst\u00e4ttersee auf vielf\u00e4ltige Weise mit dem Camper oder Zelt \u2714 Pl\u00e4tze &amp; Ziele f\u00fcr Ihre Ferien | Schlanser.ch\" \/>\n<meta name=\"robots\" content=\"index, follow, max-snippet:-1, max-image-preview:large, max-video-preview:-1\" \/>\n<link rel=\"canonical\" href=\"https:\/\/www.schlanser.ch\/magazin\/camping-luzern\/\" \/>\n<meta property=\"og:locale\" content=\"de_DE\" \/>\n<meta property=\"og:type\" content=\"article\" \/>\n<meta property=\"og:title\" content=\"Camping Luzern - Schlanser Magazin\" \/>\n<meta property=\"og:description\" content=\"Entdecken Sie Luzern und den Vierwaldst\u00e4ttersee auf vielf\u00e4ltige Weise mit dem Camper oder Zelt \u2714 Pl\u00e4tze &amp; Ziele f\u00fcr Ihre Ferien | Schlanser.ch\" \/>\n<meta property=\"og:url\" content=\"https:\/\/www.schlanser.ch\/magazin\/camping-luzern\/\" \/>\n<meta property=\"og:site_name\" content=\"Schlanser Magazin\" \/>\n<meta property=\"article:published_time\" content=\"2023-01-20T08:00:03+00:00\" \/>\n<meta property=\"article:modified_time\" content=\"2025-10-01T13:43:39+00:00\" \/>\n<meta property=\"og:image\" content=\"https:\/\/www.schlanser.ch\/magazin\/wp-content\/uploads\/2025\/01\/Weggis-Schweiz.jpg\" \/>\n\t<meta property=\"og:image:width\" content=\"660\" \/>\n\t<meta property=\"og:image:height\" content=\"345\" \/>\n\t<meta property=\"og:image:type\" content=\"image\/jpeg\" \/>\n<meta name=\"author\" content=\"admin\" \/>\n<meta name=\"twitter:card\" content=\"summary_large_image\" \/>\n<meta name=\"twitter:label1\" content=\"Verfasst von\" \/>\n\t<meta name=\"twitter:data1\" content=\"admin\" \/>\n\t<meta name=\"twitter:label2\" content=\"Gesch\u00e4tzte Lesezeit\" \/>\n\t<meta name=\"twitter:data2\" content=\"9 Minuten\" \/>\n<script type=\"application\/ld+json\" class=\"yoast-schema-graph\">{\"@context\":\"https:\/\/schema.org\",\"@graph\":[{\"@type\":\"WebPage\",\"@id\":\"https:\/\/www.schlanser.ch\/magazin\/camping-luzern\/\",\"url\":\"https:\/\/www.schlanser.ch\/magazin\/camping-luzern\/\",\"name\":\"Camping Luzern - Schlanser Magazin\",\"isPartOf\":{\"@id\":\"https:\/\/www.schlanser.ch\/magazin\/#website\"},\"primaryImageOfPage\":{\"@id\":\"https:\/\/www.schlanser.ch\/magazin\/camping-luzern\/#primaryimage\"},\"image\":{\"@id\":\"https:\/\/www.schlanser.ch\/magazin\/camping-luzern\/#primaryimage\"},\"thumbnailUrl\":\"https:\/\/www.schlanser.ch\/magazin\/wp-content\/uploads\/2025\/01\/Weggis-Schweiz.jpg\",\"datePublished\":\"2023-01-20T08:00:03+00:00\",\"dateModified\":\"2025-10-01T13:43:39+00:00\",\"author\":{\"@id\":\"https:\/\/www.schlanser.ch\/magazin\/#\/schema\/person\/000db0a103eb2594ba3daf394b1dfea2\"},\"description\":\"Entdecken Sie Luzern und den Vierwaldst\u00e4ttersee auf vielf\u00e4ltige Weise mit dem Camper oder Zelt \u2714 Pl\u00e4tze & Ziele f\u00fcr Ihre Ferien | Schlanser.ch\",\"breadcrumb\":{\"@id\":\"https:\/\/www.schlanser.ch\/magazin\/camping-luzern\/#breadcrumb\"},\"inLanguage\":\"de-DE\",\"potentialAction\":[{\"@type\":\"ReadAction\",\"target\":[\"https:\/\/www.schlanser.ch\/magazin\/camping-luzern\/\"]}]},{\"@type\":\"ImageObject\",\"inLanguage\":\"de-DE\",\"@id\":\"https:\/\/www.schlanser.ch\/magazin\/camping-luzern\/#primaryimage\",\"url\":\"https:\/\/www.schlanser.ch\/magazin\/wp-content\/uploads\/2025\/01\/Weggis-Schweiz.jpg\",\"contentUrl\":\"https:\/\/www.schlanser.ch\/magazin\/wp-content\/uploads\/2025\/01\/Weggis-Schweiz.jpg\",\"width\":660,\"height\":345,\"caption\":\"\u00a9 matho - stock.adobe.com\"},{\"@type\":\"BreadcrumbList\",\"@id\":\"https:\/\/www.schlanser.ch\/magazin\/camping-luzern\/#breadcrumb\",\"itemListElement\":[{\"@type\":\"ListItem\",\"position\":1,\"name\":\"Startseite\",\"item\":\"https:\/\/www.schlanser.ch\/magazin\/\"},{\"@type\":\"ListItem\",\"position\":2,\"name\":\"Camping Luzern\"}]},{\"@type\":\"WebSite\",\"@id\":\"https:\/\/www.schlanser.ch\/magazin\/#website\",\"url\":\"https:\/\/www.schlanser.ch\/magazin\/\",\"name\":\"Schlanser Magazin\",\"description\":\"\",\"potentialAction\":[{\"@type\":\"SearchAction\",\"target\":{\"@type\":\"EntryPoint\",\"urlTemplate\":\"https:\/\/www.schlanser.ch\/magazin\/?s={search_term_string}\"},\"query-input\":\"required name=search_term_string\"}],\"inLanguage\":\"de-DE\"},{\"@type\":\"Person\",\"@id\":\"https:\/\/www.schlanser.ch\/magazin\/#\/schema\/person\/000db0a103eb2594ba3daf394b1dfea2\",\"name\":\"admin\",\"image\":{\"@type\":\"ImageObject\",\"inLanguage\":\"de-DE\",\"@id\":\"https:\/\/www.schlanser.ch\/magazin\/#\/schema\/person\/image\/\",\"url\":\"https:\/\/secure.gravatar.com\/avatar\/a794a4fe8a9b9c52241597eb381dfa2e?s=96&d=mm&r=g\",\"contentUrl\":\"https:\/\/secure.gravatar.com\/avatar\/a794a4fe8a9b9c52241597eb381dfa2e?s=96&d=mm&r=g\",\"caption\":\"admin\"}}]}<\/script>\n<!-- \/ Yoast SEO plugin. -->","yoast_head_json":{"title":"Camping Luzern - Schlanser Magazin","description":"Entdecken Sie Luzern und den Vierwaldst\u00e4ttersee auf vielf\u00e4ltige Weise mit dem Camper oder Zelt \u2714 Pl\u00e4tze & Ziele f\u00fcr Ihre Ferien | Schlanser.ch","robots":{"index":"index","follow":"follow","max-snippet":"max-snippet:-1","max-image-preview":"max-image-preview:large","max-video-preview":"max-video-preview:-1"},"canonical":"https:\/\/www.schlanser.ch\/magazin\/camping-luzern\/","og_locale":"de_DE","og_type":"article","og_title":"Camping Luzern - Schlanser Magazin","og_description":"Entdecken Sie Luzern und den Vierwaldst\u00e4ttersee auf vielf\u00e4ltige Weise mit dem Camper oder Zelt \u2714 Pl\u00e4tze & Ziele f\u00fcr Ihre Ferien | Schlanser.ch","og_url":"https:\/\/www.schlanser.ch\/magazin\/camping-luzern\/","og_site_name":"Schlanser Magazin","article_published_time":"2023-01-20T08:00:03+00:00","article_modified_time":"2025-10-01T13:43:39+00:00","og_image":[{"width":660,"height":345,"url":"https:\/\/www.schlanser.ch\/magazin\/wp-content\/uploads\/2025\/01\/Weggis-Schweiz.jpg","type":"image\/jpeg"}],"author":"admin","twitter_card":"summary_large_image","twitter_misc":{"Verfasst von":"admin","Gesch\u00e4tzte Lesezeit":"9 Minuten"},"schema":{"@context":"https:\/\/schema.org","@graph":[{"@type":"WebPage","@id":"https:\/\/www.schlanser.ch\/magazin\/camping-luzern\/","url":"https:\/\/www.schlanser.ch\/magazin\/camping-luzern\/","name":"Camping Luzern - Schlanser Magazin","isPartOf":{"@id":"https:\/\/www.schlanser.ch\/magazin\/#website"},"primaryImageOfPage":{"@id":"https:\/\/www.schlanser.ch\/magazin\/camping-luzern\/#primaryimage"},"image":{"@id":"https:\/\/www.schlanser.ch\/magazin\/camping-luzern\/#primaryimage"},"thumbnailUrl":"https:\/\/www.schlanser.ch\/magazin\/wp-content\/uploads\/2025\/01\/Weggis-Schweiz.jpg","datePublished":"2023-01-20T08:00:03+00:00","dateModified":"2025-10-01T13:43:39+00:00","author":{"@id":"https:\/\/www.schlanser.ch\/magazin\/#\/schema\/person\/000db0a103eb2594ba3daf394b1dfea2"},"description":"Entdecken Sie Luzern und den Vierwaldst\u00e4ttersee auf vielf\u00e4ltige Weise mit dem Camper oder Zelt \u2714 Pl\u00e4tze & Ziele f\u00fcr Ihre Ferien | Schlanser.ch","breadcrumb":{"@id":"https:\/\/www.schlanser.ch\/magazin\/camping-luzern\/#breadcrumb"},"inLanguage":"de-DE","potentialAction":[{"@type":"ReadAction","target":["https:\/\/www.schlanser.ch\/magazin\/camping-luzern\/"]}]},{"@type":"ImageObject","inLanguage":"de-DE","@id":"https:\/\/www.schlanser.ch\/magazin\/camping-luzern\/#primaryimage","url":"https:\/\/www.schlanser.ch\/magazin\/wp-content\/uploads\/2025\/01\/Weggis-Schweiz.jpg","contentUrl":"https:\/\/www.schlanser.ch\/magazin\/wp-content\/uploads\/2025\/01\/Weggis-Schweiz.jpg","width":660,"height":345,"caption":"\u00a9 matho - stock.adobe.com"},{"@type":"BreadcrumbList","@id":"https:\/\/www.schlanser.ch\/magazin\/camping-luzern\/#breadcrumb","itemListElement":[{"@type":"ListItem","position":1,"name":"Startseite","item":"https:\/\/www.schlanser.ch\/magazin\/"},{"@type":"ListItem","position":2,"name":"Camping Luzern"}]},{"@type":"WebSite","@id":"https:\/\/www.schlanser.ch\/magazin\/#website","url":"https:\/\/www.schlanser.ch\/magazin\/","name":"Schlanser Magazin","description":"","potentialAction":[{"@type":"SearchAction","target":{"@type":"EntryPoint","urlTemplate":"https:\/\/www.schlanser.ch\/magazin\/?s={search_term_string}"},"query-input":"required name=search_term_string"}],"inLanguage":"de-DE"},{"@type":"Person","@id":"https:\/\/www.schlanser.ch\/magazin\/#\/schema\/person\/000db0a103eb2594ba3daf394b1dfea2","name":"admin","image":{"@type":"ImageObject","inLanguage":"de-DE","@id":"https:\/\/www.schlanser.ch\/magazin\/#\/schema\/person\/image\/","url":"https:\/\/secure.gravatar.com\/avatar\/a794a4fe8a9b9c52241597eb381dfa2e?s=96&d=mm&r=g","contentUrl":"https:\/\/secure.gravatar.com\/avatar\/a794a4fe8a9b9c52241597eb381dfa2e?s=96&d=mm&r=g","caption":"admin"}}]}},"_links":{"self":[{"href":"https:\/\/www.schlanser.ch\/magazin\/wp-json\/wp\/v2\/posts\/15747"}],"collection":[{"href":"https:\/\/www.schlanser.ch\/magazin\/wp-json\/wp\/v2\/posts"}],"about":[{"href":"https:\/\/www.schlanser.ch\/magazin\/wp-json\/wp\/v2\/types\/post"}],"author":[{"embeddable":true,"href":"https:\/\/www.schlanser.ch\/magazin\/wp-json\/wp\/v2\/users\/1"}],"replies":[{"embeddable":true,"href":"https:\/\/www.schlanser.ch\/magazin\/wp-json\/wp\/v2\/comments?post=15747"}],"version-history":[{"count":23,"href":"https:\/\/www.schlanser.ch\/magazin\/wp-json\/wp\/v2\/posts\/15747\/revisions"}],"predecessor-version":[{"id":18927,"href":"https:\/\/www.schlanser.ch\/magazin\/wp-json\/wp\/v2\/posts\/15747\/revisions\/18927"}],"wp:featuredmedia":[{"embeddable":true,"href":"https:\/\/www.schlanser.ch\/magazin\/wp-json\/wp\/v2\/media\/15749"}],"wp:attachment":[{"href":"https:\/\/www.schlanser.ch\/magazin\/wp-json\/wp\/v2\/media?parent=15747"}],"wp:term":[{"taxonomy":"category","embeddable":true,"href":"https:\/\/www.schlanser.ch\/magazin\/wp-json\/wp\/v2\/categories?post=15747"},{"taxonomy":"post_tag","embeddable":true,"href":"https:\/\/www.schlanser.ch\/magazin\/wp-json\/wp\/v2\/tags?post=15747"}],"curies":[{"name":"wp","href":"https:\/\/api.w.org\/{rel}","templated":true}]}}