{"id":15852,"date":"2023-03-07T15:00:24","date_gmt":"2023-03-07T14:00:24","guid":{"rendered":"https:\/\/www.schlanser.ch\/magazin\/?p=15852"},"modified":"2024-01-10T15:54:49","modified_gmt":"2024-01-10T14:54:49","slug":"camping-appenzell","status":"publish","type":"post","link":"https:\/\/www.schlanser.ch\/magazin\/camping-appenzell\/","title":{"rendered":"Camping Appenzell"},"content":{"rendered":"<p style=\"text-align: justify;\"><strong>Ein h\u00fcgeliges Landschaftsbild, verteilte Bergsiedlungen, tiefblaue Seen und viel fruchtbares Weideland \u2013 das ist das Appenzellerland. Auch die gr\u00fcnen W\u00e4lder sowie die schmucken Bauernh\u00f6fe und die dekorativ bemalten Appenzeller-H\u00e4user pr\u00e4gen das Bild der Umgebung. Vor allem f\u00fcr Erholungssuchende und Wanderfreunde ist das Appenzellerland ein hervorragender Urlaubsort. Die Campingpl\u00e4tze dort liegen idyllisch, Sie campieren inmitten der friedvollen Natur sowie der klaren und heilsamen Bergluft. Das ist f\u00fcr K\u00f6rper und Seele gleichermassen eine Wohltat. Das ganze Jahr \u00fcber zieht es hier zahlreiche Campingurlauber hin. In jedem Fall finden Sie hier alles vor, was das Camperherz begehrt. Wir haben f\u00fcr die sch\u00f6nsten Reiseziele, Urlaubsorte und den einen oder anderen Campingplatz im Appenzell herausgesucht.<\/strong><\/p>\n<h2>Was ist das Besondere am Appenzeller Land?<\/h2>\n<p style=\"text-align: justify;\">Das heutige Appenzellerland wurde bis zum Jahr 1597 als Kanton Appenzell bezeichnet. Im Rahmen der Reformation kam es dann zu einer Landteilung und der Kanton wurde in die beiden Halbkantone Appenzell Ausserrhoden und Appenzell Innerrhoden aufgeteilt.<\/p>\n<div class=\"box info  \"><div class=\"box-inner-block\"><i class=\"fa tie-shortcode-boxicon\"><\/i>\n\t\t\tInteressant zu wissen: Mit der Glaubenszugeh\u00f6rigkeit wurde es sehr ernst genommen: Wer seinen Glauben nicht \u00e4ndern wollte und im falschen Halbkanton lebte, musste tats\u00e4chlich umsiedeln.\n\t\t\t<\/div><\/div>\n<p style=\"text-align: justify;\">Heute ist die Region als Appenzellerland sowie beide Teile als Appenzell bekannt. Appenzell selbst liegt in einer H\u00f6he von 780 Metern und befindet sich am Fusse des Alpsteinmassivs. Es besteht aus drei Bezirken: Appenzell, Schwende und R\u00fcte. Wer hier lebt oder Urlaub macht, befindet sich in der idealen Umgebung f\u00fcr ausgedehnte Wandertouren. Ein bekannter Wanderweg ist der sogenannte Witzweg. Dieser tr\u00e4gt den Namen Witzweg, weil Sie an rund vierzig Stationen auf Tafeln geschriebene Appenzeller Witze pr\u00e4sentiert bekommen.<\/p>\n<figure id=\"attachment_15880\" aria-describedby=\"caption-attachment-15880\" style=\"width: 620px\" class=\"wp-caption aligncenter\"><img loading=\"lazy\" decoding=\"async\" class=\"wp-image-15880 size-full\" title=\"Auf dem Witzweg - eine Wanderung f\u00fcr die ganze Familie\" src=\"https:\/\/www.schlanser.ch\/magazin\/wp-content\/uploads\/2025\/02\/Wolfhalden-Tafel-Witzweg.jpg\" alt=\"Auf dem Witzweg - eine Wanderung f\u00fcr die ganze Familie. - Camping Appenzell\" width=\"620\" height=\"414\" srcset=\"https:\/\/www.schlanser.ch\/magazin\/wp-content\/uploads\/2025\/02\/Wolfhalden-Tafel-Witzweg.jpg 620w, https:\/\/www.schlanser.ch\/magazin\/wp-content\/uploads\/2025\/02\/Wolfhalden-Tafel-Witzweg-300x200.jpg 300w\" sizes=\"(max-width: 620px) 100vw, 620px\" \/><figcaption id=\"caption-attachment-15880\" class=\"wp-caption-text\">Von Appenzellerland Tourismus AR &#8211; Eigenes Werk, CC BY-SA 4.0, https:\/\/commons.wikimedia.org\/w\/index.php?curid=105135007<\/figcaption><\/figure>\n<p style=\"text-align: justify;\">Eine Seilbahn verbindet den imposanten S\u00e4ntis (der Berg) sowie andere Berggipfel der Appenzeller Alpen, wie den Kronberg, miteinander. Die Seilbahn Hoher Kasten belohnt Sie mit einer spektakul\u00e4ren Aussicht. Typisch f\u00fcr Appenzell sind neben der lauschigen Natur und der reinen Alpenluft auch die lieblichen Bauernh\u00f6fe und die charakteristisch bunten H\u00e4userfassaden. Kulinarisch gibt es auch einiges zu entdecken und zu geniessen, wir empfehlen Ihnen den Gasthof Sch\u00e4fli im Kanton Appenzell Ausserrhoden und nat\u00fcrlich den ber\u00fchmten Appenzeller K\u00e4se. Einen passenden Campingplatz im Appenzell finden Sie am Fusse des Alpsteinmassivs.<\/p>\n<figure id=\"attachment_15858\" aria-describedby=\"caption-attachment-15858\" style=\"width: 620px\" class=\"wp-caption aligncenter\"><img loading=\"lazy\" decoding=\"async\" class=\"wp-image-15858 size-full\" title=\"Hoher Kasten Bahn\" src=\"https:\/\/www.schlanser.ch\/magazin\/wp-content\/uploads\/2025\/02\/Seilbahn-Hoher-Kasten.jpg\" alt=\"Hoher Kasten Bahn - Camping Appenzell\" width=\"620\" height=\"413\" srcset=\"https:\/\/www.schlanser.ch\/magazin\/wp-content\/uploads\/2025\/02\/Seilbahn-Hoher-Kasten.jpg 620w, https:\/\/www.schlanser.ch\/magazin\/wp-content\/uploads\/2025\/02\/Seilbahn-Hoher-Kasten-300x200.jpg 300w\" sizes=\"(max-width: 620px) 100vw, 620px\" \/><figcaption id=\"caption-attachment-15858\" class=\"wp-caption-text\">\u00a9 BauhoferProductions &#8211; stock.adobe.com<\/figcaption><\/figure>\n<h2>Camping im Appenzell<\/h2>\n<p style=\"text-align: justify;\">Was im Appenzell definitiv nicht zu wenig vorhanden ist, sind Campingpl\u00e4tze. Wenn auch Sie es ruhig, naturverbunden und authentisch m\u00f6gen, sind Sie im Appenzell genau richtig. Hier findet jeder Camper ein passendes Lager, sei es, um sein <a href=\"https:\/\/www.schlanser.ch\/zelte\/campingzelte\/familienzelte\/\">Familienzelt<\/a> aufzuschlagen oder den Wohnwagen abzustellen. Neben der traumhaften Lage inmitten uriger Natur gibt es dort auch eine Menge Freizeitbesch\u00e4ftigungen, sportliche Angebote und nat\u00fcrlich auch die sehenswerten ostschweizer Ortschaften. So ist Campieren im Appenzell auf jeden Fall etwas f\u00fcr jedermann: Das gilt f\u00fcr junge Erwachsene, die wandern, klettern und schwimmen m\u00f6chten, ebenso f\u00fcr \u00e4ltere Menschen, die Ruhe suchen oder Familien mit abenteuerlustigen Kindern. Bei der Suche nach dem perfekten Campingplatz im Appenzell wird garantiert jeder f\u00fcndig.<\/p>\n<p><img loading=\"lazy\" decoding=\"async\" class=\"aligncenter wp-image-15861 size-full\" title=\"Zempire Campingzelt Evo TM V2\" src=\"https:\/\/www.schlanser.ch\/magazin\/wp-content\/uploads\/2025\/02\/zempire-campingzelt-evo-tm-v2.jpg\" alt=\"Zempire Campingzelt Evo TM V2\" width=\"620\" height=\"258\" srcset=\"https:\/\/www.schlanser.ch\/magazin\/wp-content\/uploads\/2025\/02\/zempire-campingzelt-evo-tm-v2.jpg 620w, https:\/\/www.schlanser.ch\/magazin\/wp-content\/uploads\/2025\/02\/zempire-campingzelt-evo-tm-v2-300x125.jpg 300w\" sizes=\"(max-width: 620px) 100vw, 620px\" \/><\/p>\n<h2>Camping in Sankt Gallen<\/h2>\n<p style=\"text-align: justify;\">Wer neben idyllischer Natur noch Sehensw\u00fcrdigkeiten und Geschichte erleben m\u00f6chte, ist in Sankt Gallen genau richtig. Hier steht die ber\u00fchmte F\u00fcrstabtei St. Gallen. Dabei handelt es sich um ein absolut sehenswertes Kloster, welches verschiedene architektonische Stile in sich vereint. Wenn dies das Herz von Architekturliebhabern nicht h\u00f6her schlagen l\u00e4sst, was dann? Im Museum der Sankt Gallen k\u00f6nnen Sie pr\u00e4historische Funde aus der Wildkirchlih\u00f6hle unterhalb der Ebenalp bestaunen, etwa Skelette von H\u00f6hlenb\u00e4ren und Steinwerkzeuge.<\/p>\n<figure id=\"attachment_15862\" aria-describedby=\"caption-attachment-15862\" style=\"width: 620px\" class=\"wp-caption aligncenter\"><img loading=\"lazy\" decoding=\"async\" class=\"wp-image-15862 size-full\" title=\"Wildkirchlih\u00f6hle, Appenzell\" src=\"https:\/\/www.schlanser.ch\/magazin\/wp-content\/uploads\/2025\/02\/Wildkirchlihoehle.jpg\" alt=\"Wildkirchlih\u00f6hle, Appenzell\" width=\"620\" height=\"413\" srcset=\"https:\/\/www.schlanser.ch\/magazin\/wp-content\/uploads\/2025\/02\/Wildkirchlihoehle.jpg 620w, https:\/\/www.schlanser.ch\/magazin\/wp-content\/uploads\/2025\/02\/Wildkirchlihoehle-300x200.jpg 300w\" sizes=\"(max-width: 620px) 100vw, 620px\" \/><figcaption id=\"caption-attachment-15862\" class=\"wp-caption-text\">\u00a9 tauav &#8211; stock.adobe.com<\/figcaption><\/figure>\n<p style=\"text-align: justify;\">Allerdings ist die Gemeinde in der Schweiz nicht nur geschichtstr\u00e4chtig, sondern bietet auch eine Menge Freizeitaktivit\u00e4ten. Camping in Sankt Gallen heisst n\u00e4mlich auch Bodensee-N\u00e4he. Die beliebte See ist gerade mal 20 Minuten mit dem Auto entfernt und l\u00e4dt zum Baden, Schifffahren und entspannten Spazierg\u00e4ngen am Wasser ein.<\/p>\n<figure id=\"attachment_15863\" aria-describedby=\"caption-attachment-15863\" style=\"width: 620px\" class=\"wp-caption aligncenter\"><img loading=\"lazy\" decoding=\"async\" class=\"wp-image-15863 size-full\" title=\"Schloss Werdenberg \u00fcber dem Werdenbergersee nahe Buchs, Sankt Gallen\" src=\"https:\/\/www.schlanser.ch\/magazin\/wp-content\/uploads\/2025\/02\/Schloss-Werdenberg-nahe-Buchs-Sankt-Gallen.jpg\" alt=\"Schloss Werdenberg \u00fcber dem Werdenbergersee nahe Buchs, Sankt Gallen\" width=\"620\" height=\"413\" srcset=\"https:\/\/www.schlanser.ch\/magazin\/wp-content\/uploads\/2025\/02\/Schloss-Werdenberg-nahe-Buchs-Sankt-Gallen.jpg 620w, https:\/\/www.schlanser.ch\/magazin\/wp-content\/uploads\/2025\/02\/Schloss-Werdenberg-nahe-Buchs-Sankt-Gallen-300x200.jpg 300w\" sizes=\"(max-width: 620px) 100vw, 620px\" \/><figcaption id=\"caption-attachment-15863\" class=\"wp-caption-text\">\u00a9 mojolo &#8211; stock.adobe.com<\/figcaption><\/figure>\n<h3>Camping Jakobsbad<\/h3>\n<p style=\"text-align: justify;\">Die malerische Ortschaft Jakobsbad ist klein, aber fein. Es gibt hier wirklich nichts, was die Stille der Natur st\u00f6ren k\u00f6nnte. Wer also vor allem auf einen entspannten Urlaub abzielt, macht mit dem Jakobsbad Platz alles richtig. So k\u00f6nnen Sie sich im \u00f6rtlichen Kurhaus mal so richtig verw\u00f6hnen lassen. Das Kloster &#8222;Leiden Christi&#8220; ist ebenfalls ein Besuch wert. Ansonsten ist das Jakobsbad von einer sehr famili\u00e4ren Atmosph\u00e4re gepr\u00e4gt.<\/p>\n<p><img loading=\"lazy\" decoding=\"async\" class=\"aligncenter wp-image-15865 size-full\" title=\"Wohlf\u00fchlatmosph\u00e4re gibt es in Jakobsbad reichlich\" src=\"https:\/\/www.schlanser.ch\/magazin\/wp-content\/uploads\/2025\/02\/Jakobsbad.jpg\" alt=\"Jakobsbad\" width=\"620\" height=\"413\" srcset=\"https:\/\/www.schlanser.ch\/magazin\/wp-content\/uploads\/2025\/02\/Jakobsbad.jpg 620w, https:\/\/www.schlanser.ch\/magazin\/wp-content\/uploads\/2025\/02\/Jakobsbad-300x200.jpg 300w\" sizes=\"(max-width: 620px) 100vw, 620px\" \/><\/p>\n<h3>Camping Eischen<\/h3>\n<p style=\"text-align: justify;\">M\u00f6chten Sie eine spektakul\u00e4re Rundsicht mit Blick auf den S\u00e4ntis (der Berg) geniessen und auch ansonsten in die tiefe Ruhe der Natur eintauchen? Dann sind sie bei Camping Eischen an der richtigen Adresse. Etwas Wellness darf nat\u00fcrlich auch nicht fehlen, also besuchen Sie den Wellnessbereich mit Panoramaschwimmbad, die finnische Sauna, das Dampfbad oder den Outdoor-Whirlpool. Eischen verspricht absolute Erholung.<\/p>\n<h3>Campingplatz B\u00e4chli<\/h3>\n<p style=\"text-align: justify;\">Bei Camping B\u00e4chli handelt es sich um einen gem\u00fctlichen und kleinen Campingplatz, der eine famili\u00e4re Atmosph\u00e4re verspricht. Den Platz finden Sie gleich hinter der Grenze des Kantons Ausserrhoden in 850 Metern H\u00f6he. Zum traditionsreichen Gasthaus R\u00f6ssli laufen Sie weniger als 100 Meter. In der Nachbarschaft von B\u00e4chli finden Sie zudem einen schmucken Dorfladen mit allerlei Lebensmittel. <a href=\"https:\/\/www.schlanser.ch\/\">Gutes Camping-Equipment bestellen<\/a> Sie im Vorfeld bei Schlanser.<\/p>\n<p><a href=\"https:\/\/www.schlanser.ch\/haushalt\/kocher-grills\/campingkocher\/50913\/cadac-kocher-grill-2-cook-deluxe-50-mbar\" class=\"broken_link\"><img loading=\"lazy\" decoding=\"async\" class=\"aligncenter wp-image-15870 size-full\" title=\"Cadac Kocher Grill 2-Cook Deluxe 50 mbar\" src=\"https:\/\/www.schlanser.ch\/magazin\/wp-content\/uploads\/2025\/02\/cadac-kocher-grill-2-cook-deluxe-50-mbar.jpg\" alt=\"Cadac Kocher Grill 2-Cook Deluxe 50 mbar\" width=\"620\" height=\"388\" srcset=\"https:\/\/www.schlanser.ch\/magazin\/wp-content\/uploads\/2025\/02\/cadac-kocher-grill-2-cook-deluxe-50-mbar.jpg 620w, https:\/\/www.schlanser.ch\/magazin\/wp-content\/uploads\/2025\/02\/cadac-kocher-grill-2-cook-deluxe-50-mbar-300x188.jpg 300w\" sizes=\"(max-width: 620px) 100vw, 620px\" \/><\/a><\/p>\n<h3>Camping Seehorn<\/h3>\n<p style=\"text-align: justify;\">Wer vom Bodensee tr\u00e4umt, ist am Seehorn an der richtigen Adresse. Der Campingplatz direkt am Bodensee ist eine grossz\u00fcgige Anlage, die keine W\u00fcnsche offenl\u00e4sst. Es gibt einen direkten Seezugang und eine sehr gute Verkehrsanbindung. Der Camping Seehorn, nahe der Ortschaft Egnach, erm\u00f6glicht Ihnen einen entspannten, aber auch abwechslungsreichen Campingurlaub.<\/p>\n<figure id=\"attachment_15872\" aria-describedby=\"caption-attachment-15872\" style=\"width: 620px\" class=\"wp-caption aligncenter\"><img loading=\"lazy\" decoding=\"async\" class=\"wp-image-15872 size-full\" title=\"Egnach am Bodensee, Kanton Thurgau\" src=\"https:\/\/www.schlanser.ch\/magazin\/wp-content\/uploads\/2025\/02\/Seeweg-Egnach-Switzerland.jpg\" alt=\"Seeweg, 9322 Egnach, Switzerland\" width=\"620\" height=\"463\" srcset=\"https:\/\/www.schlanser.ch\/magazin\/wp-content\/uploads\/2025\/02\/Seeweg-Egnach-Switzerland.jpg 620w, https:\/\/www.schlanser.ch\/magazin\/wp-content\/uploads\/2025\/02\/Seeweg-Egnach-Switzerland-300x224.jpg 300w\" sizes=\"(max-width: 620px) 100vw, 620px\" \/><figcaption id=\"caption-attachment-15872\" class=\"wp-caption-text\">Von ruettimann, CC BY 3.0, https:\/\/commons.wikimedia.org\/w\/index.php?curid=59208765<\/figcaption><\/figure>\n<h3>Camping Luxburg<\/h3>\n<p style=\"text-align: justify;\">Die Residenz Luxburg befindet sich in freundlicher und ruhiger Lage am herrlichen Bodensee und verf\u00fcgt \u00fcber einen direktem Seeanstoss sowie einem grossen Badeplatz. Camping Luxburg ist aufgrund der einmaligen Lage geradezu pr\u00e4diziert f\u00fcr einen erholsamen und naturverbundenen Campingurlaub.<\/p>\n<h3>Camping beim Bauer Manser<\/h3>\n<p style=\"text-align: justify;\">M\u00f6chten Sie einmal Ferien auf dem Bauernhof machen? Beim Bauer Manser ist genau das m\u00f6glich. Hier erhalten Sie einen Einblick in das spannende Hofleben, was besonders f\u00fcr Familien mit Kindern interessant ist. Zudem erleben Sie beim Bauer Manser hautnah Tierhaltung, Obstanbau und weitere Aspekte des landwirtschaftlichen Lebens.<\/p>\n<figure id=\"attachment_15874\" aria-describedby=\"caption-attachment-15874\" style=\"width: 620px\" class=\"wp-caption aligncenter\"><img loading=\"lazy\" decoding=\"async\" class=\"wp-image-15874 size-full\" title=\"Ferien auf einem Bauernhof ist nicht nur f\u00fcr Kinder eine tolle Erfahrung\" src=\"https:\/\/www.schlanser.ch\/magazin\/wp-content\/uploads\/2025\/02\/Kind-spielt-mit-Huhn.jpg\" alt=\"Kind spielt mit Huhn\" width=\"620\" height=\"465\" srcset=\"https:\/\/www.schlanser.ch\/magazin\/wp-content\/uploads\/2025\/02\/Kind-spielt-mit-Huhn.jpg 620w, https:\/\/www.schlanser.ch\/magazin\/wp-content\/uploads\/2025\/02\/Kind-spielt-mit-Huhn-300x225.jpg 300w\" sizes=\"(max-width: 620px) 100vw, 620px\" \/><figcaption id=\"caption-attachment-15874\" class=\"wp-caption-text\">\u00a9 Elroi &#8211; stock.adobe.com<\/figcaption><\/figure>\n<h2>Campingplatz direkt am Wasser<\/h2>\n<p style=\"text-align: justify;\">Zum Einschlafen, dem Ger\u00e4usch des Wassers lauschen, eingeh\u00fcllt sein in die frische Luft der See und am Morgen zum Wachwerden eine Runde im k\u00fchlen Nass schwimmen. Camping im Appenzell, und dann auch noch direkt am See, ist definitiv eine Erfahrung wert.<\/p>\n<p><a href=\"https:\/\/www.schlanser.ch\/outdoor-freizeit\/wasserwelt\/schlauchboote-kajaks-sup-boards\/252702\/aqua-marina-laxo-freizeit-kayak-set-7-teilig-gruen\/grau-fuer-1-person\"><img loading=\"lazy\" decoding=\"async\" class=\"aligncenter wp-image-15878 size-full\" title=\"Aqua Marina Laxo Freizeit Kayak Set 7 teilig gr\u00fcn\/grau f\u00fcr 1 Person\" src=\"https:\/\/www.schlanser.ch\/magazin\/wp-content\/uploads\/2025\/02\/aqua-marina-laxo-freizeit-kayak-set-7-teilig-gruen.jpg\" alt=\"Aqua Marina Laxo Freizeit Kayak Set 7 teilig gr\u00fcn\/grau f\u00fcr 1 Person\" width=\"620\" height=\"390\" srcset=\"https:\/\/www.schlanser.ch\/magazin\/wp-content\/uploads\/2025\/02\/aqua-marina-laxo-freizeit-kayak-set-7-teilig-gruen.jpg 620w, https:\/\/www.schlanser.ch\/magazin\/wp-content\/uploads\/2025\/02\/aqua-marina-laxo-freizeit-kayak-set-7-teilig-gruen-300x189.jpg 300w\" sizes=\"(max-width: 620px) 100vw, 620px\" \/><\/a><\/p>\n<p style=\"text-align: justify;\">Im Appenzellerland ist das an verschiedenen Seen m\u00f6glich, das sind unsere Favoriten:<\/p>\n<ul>\n<li>Seealpsee<\/li>\n<li>Forstseeli<\/li>\n<li>S\u00e4mtisersee<\/li>\n<li>F\u00e4lensee<\/li>\n<li>G\u00e4brisseeli<\/li>\n<li>Oberchellensee<\/li>\n<li>Wildseeli<\/li>\n<\/ul>\n<p><img loading=\"lazy\" decoding=\"async\" class=\"aligncenter wp-image-15876 size-full\" title=\"Berger Otario 5 Familienzelt\" src=\"https:\/\/www.schlanser.ch\/magazin\/wp-content\/uploads\/2025\/02\/berger-otario-5-familienzelt.jpg\" alt=\"Berger Otario 5 Familienzelt\" width=\"620\" height=\"388\" srcset=\"https:\/\/www.schlanser.ch\/magazin\/wp-content\/uploads\/2025\/02\/berger-otario-5-familienzelt.jpg 620w, https:\/\/www.schlanser.ch\/magazin\/wp-content\/uploads\/2025\/02\/berger-otario-5-familienzelt-300x188.jpg 300w\" sizes=\"(max-width: 620px) 100vw, 620px\" \/><\/p>\n<p style=\"text-align: justify;\">Unsere Empfehlung ist zudem die Drei Seen Wanderung. Die Juwelen der Bergseen, der Seealpsee, der F\u00e4lensee und der S\u00e4mtisersee k\u00f6nnen auf der Drei Seen Wanderung kennengelernt und erkundet werden. Los geht es vom Ausgangspunkt in Wasserauen, von dort aus wandern Sie am Schwendebach entlang immer taleinw\u00e4rts. Sind Sie am Ende des Tals angekommen, geht es zum Seealpsee hinauf und dann am Ufer entlang. Danach f\u00fchrt ein Weg hinauf durch einen wundersch\u00f6nen Mischwald. \u00dcber Spitzigstein wandern Sie zu den Felsb\u00e4ndern am Unterstrich. Es folgen das D\u00f6rflein Meglisalp, das s\u00fcd\u00f6stlich gelegene B\u00f6tzelsattel, der Widderalpsattel und schliesslich der Abstieg \u00fcber die Widderalp bis hin zum Stiefelwald und zum Stiefelfelsen, wo die Drei Seen Wanderung endet.<\/p>\n","protected":false},"excerpt":{"rendered":"<p>Ein h\u00fcgeliges Landschaftsbild, verteilte Bergsiedlungen, tiefblaue Seen und viel fruchtbares Weideland \u2013 das ist das Appenzellerland. Auch die gr\u00fcnen W\u00e4lder sowie die schmucken Bauernh\u00f6fe und die dekorativ bemalten Appenzeller-H\u00e4user pr\u00e4gen das Bild der Umgebung. Vor allem f\u00fcr Erholungssuchende und Wanderfreunde ist das Appenzellerland ein hervorragender Urlaubsort. Die Campingpl\u00e4tze dort liegen idyllisch, Sie campieren inmitten der &hellip;<\/p>\n","protected":false},"author":1,"featured_media":15854,"comment_status":"closed","ping_status":"open","sticky":false,"template":"","format":"standard","meta":{"footnotes":""},"categories":[2],"tags":[2346,2351,2342,2348,2352,2347,2345,895,2344,2350,2343,2349],"yoast_head":"<!-- This site is optimized with the Yoast SEO plugin v22.2 - https:\/\/yoast.com\/wordpress\/plugins\/seo\/ -->\n<title>Camping Appenzell - Schlanser Magazin<\/title>\n<meta name=\"description\" content=\"Entdecken Sie Ferien in Appenzell: Camping an tiefblauen Seen \u2714 Wir stellen Campingpl\u00e4tze &amp; Sehensw\u00fcrdigkeiten vor | Schlanser.ch\" \/>\n<meta name=\"robots\" content=\"index, follow, max-snippet:-1, max-image-preview:large, max-video-preview:-1\" \/>\n<link rel=\"canonical\" href=\"https:\/\/www.schlanser.ch\/magazin\/camping-appenzell\/\" \/>\n<meta property=\"og:locale\" content=\"de_DE\" \/>\n<meta property=\"og:type\" content=\"article\" \/>\n<meta property=\"og:title\" content=\"Camping Appenzell - Schlanser Magazin\" \/>\n<meta property=\"og:description\" content=\"Entdecken Sie Ferien in Appenzell: Camping an tiefblauen Seen \u2714 Wir stellen Campingpl\u00e4tze &amp; Sehensw\u00fcrdigkeiten vor | Schlanser.ch\" \/>\n<meta property=\"og:url\" content=\"https:\/\/www.schlanser.ch\/magazin\/camping-appenzell\/\" \/>\n<meta property=\"og:site_name\" content=\"Schlanser Magazin\" \/>\n<meta property=\"article:published_time\" content=\"2023-03-07T14:00:24+00:00\" \/>\n<meta property=\"article:modified_time\" content=\"2024-01-10T14:54:49+00:00\" \/>\n<meta property=\"og:image\" content=\"https:\/\/www.schlanser.ch\/magazin\/wp-content\/uploads\/2025\/02\/Seealpsee-Appenzell.jpg\" \/>\n\t<meta property=\"og:image:width\" content=\"660\" \/>\n\t<meta property=\"og:image:height\" content=\"355\" \/>\n\t<meta property=\"og:image:type\" content=\"image\/jpeg\" \/>\n<meta name=\"author\" content=\"admin\" \/>\n<meta name=\"twitter:card\" content=\"summary_large_image\" \/>\n<meta name=\"twitter:label1\" content=\"Verfasst von\" \/>\n\t<meta name=\"twitter:data1\" content=\"admin\" \/>\n\t<meta name=\"twitter:label2\" content=\"Gesch\u00e4tzte Lesezeit\" \/>\n\t<meta name=\"twitter:data2\" content=\"9 Minuten\" \/>\n<script type=\"application\/ld+json\" class=\"yoast-schema-graph\">{\"@context\":\"https:\/\/schema.org\",\"@graph\":[{\"@type\":\"WebPage\",\"@id\":\"https:\/\/www.schlanser.ch\/magazin\/camping-appenzell\/\",\"url\":\"https:\/\/www.schlanser.ch\/magazin\/camping-appenzell\/\",\"name\":\"Camping Appenzell - Schlanser Magazin\",\"isPartOf\":{\"@id\":\"https:\/\/www.schlanser.ch\/magazin\/#website\"},\"primaryImageOfPage\":{\"@id\":\"https:\/\/www.schlanser.ch\/magazin\/camping-appenzell\/#primaryimage\"},\"image\":{\"@id\":\"https:\/\/www.schlanser.ch\/magazin\/camping-appenzell\/#primaryimage\"},\"thumbnailUrl\":\"https:\/\/www.schlanser.ch\/magazin\/wp-content\/uploads\/2025\/02\/Seealpsee-Appenzell.jpg\",\"datePublished\":\"2023-03-07T14:00:24+00:00\",\"dateModified\":\"2024-01-10T14:54:49+00:00\",\"author\":{\"@id\":\"https:\/\/www.schlanser.ch\/magazin\/#\/schema\/person\/000db0a103eb2594ba3daf394b1dfea2\"},\"description\":\"Entdecken Sie Ferien in Appenzell: Camping an tiefblauen Seen \u2714 Wir stellen Campingpl\u00e4tze & Sehensw\u00fcrdigkeiten vor | Schlanser.ch\",\"breadcrumb\":{\"@id\":\"https:\/\/www.schlanser.ch\/magazin\/camping-appenzell\/#breadcrumb\"},\"inLanguage\":\"de-DE\",\"potentialAction\":[{\"@type\":\"ReadAction\",\"target\":[\"https:\/\/www.schlanser.ch\/magazin\/camping-appenzell\/\"]}]},{\"@type\":\"ImageObject\",\"inLanguage\":\"de-DE\",\"@id\":\"https:\/\/www.schlanser.ch\/magazin\/camping-appenzell\/#primaryimage\",\"url\":\"https:\/\/www.schlanser.ch\/magazin\/wp-content\/uploads\/2025\/02\/Seealpsee-Appenzell.jpg\",\"contentUrl\":\"https:\/\/www.schlanser.ch\/magazin\/wp-content\/uploads\/2025\/02\/Seealpsee-Appenzell.jpg\",\"width\":660,\"height\":355,\"caption\":\"\u00a9 Peter Stein - stock.adobe.com\"},{\"@type\":\"BreadcrumbList\",\"@id\":\"https:\/\/www.schlanser.ch\/magazin\/camping-appenzell\/#breadcrumb\",\"itemListElement\":[{\"@type\":\"ListItem\",\"position\":1,\"name\":\"Startseite\",\"item\":\"https:\/\/www.schlanser.ch\/magazin\/\"},{\"@type\":\"ListItem\",\"position\":2,\"name\":\"Camping Appenzell\"}]},{\"@type\":\"WebSite\",\"@id\":\"https:\/\/www.schlanser.ch\/magazin\/#website\",\"url\":\"https:\/\/www.schlanser.ch\/magazin\/\",\"name\":\"Schlanser Magazin\",\"description\":\"\",\"potentialAction\":[{\"@type\":\"SearchAction\",\"target\":{\"@type\":\"EntryPoint\",\"urlTemplate\":\"https:\/\/www.schlanser.ch\/magazin\/?s={search_term_string}\"},\"query-input\":\"required name=search_term_string\"}],\"inLanguage\":\"de-DE\"},{\"@type\":\"Person\",\"@id\":\"https:\/\/www.schlanser.ch\/magazin\/#\/schema\/person\/000db0a103eb2594ba3daf394b1dfea2\",\"name\":\"admin\",\"image\":{\"@type\":\"ImageObject\",\"inLanguage\":\"de-DE\",\"@id\":\"https:\/\/www.schlanser.ch\/magazin\/#\/schema\/person\/image\/\",\"url\":\"https:\/\/secure.gravatar.com\/avatar\/a794a4fe8a9b9c52241597eb381dfa2e?s=96&d=mm&r=g\",\"contentUrl\":\"https:\/\/secure.gravatar.com\/avatar\/a794a4fe8a9b9c52241597eb381dfa2e?s=96&d=mm&r=g\",\"caption\":\"admin\"}}]}<\/script>\n<!-- \/ Yoast SEO plugin. -->","yoast_head_json":{"title":"Camping Appenzell - Schlanser Magazin","description":"Entdecken Sie Ferien in Appenzell: Camping an tiefblauen Seen \u2714 Wir stellen Campingpl\u00e4tze & Sehensw\u00fcrdigkeiten vor | Schlanser.ch","robots":{"index":"index","follow":"follow","max-snippet":"max-snippet:-1","max-image-preview":"max-image-preview:large","max-video-preview":"max-video-preview:-1"},"canonical":"https:\/\/www.schlanser.ch\/magazin\/camping-appenzell\/","og_locale":"de_DE","og_type":"article","og_title":"Camping Appenzell - Schlanser Magazin","og_description":"Entdecken Sie Ferien in Appenzell: Camping an tiefblauen Seen \u2714 Wir stellen Campingpl\u00e4tze & Sehensw\u00fcrdigkeiten vor | Schlanser.ch","og_url":"https:\/\/www.schlanser.ch\/magazin\/camping-appenzell\/","og_site_name":"Schlanser Magazin","article_published_time":"2023-03-07T14:00:24+00:00","article_modified_time":"2024-01-10T14:54:49+00:00","og_image":[{"width":660,"height":355,"url":"https:\/\/www.schlanser.ch\/magazin\/wp-content\/uploads\/2025\/02\/Seealpsee-Appenzell.jpg","type":"image\/jpeg"}],"author":"admin","twitter_card":"summary_large_image","twitter_misc":{"Verfasst von":"admin","Gesch\u00e4tzte Lesezeit":"9 Minuten"},"schema":{"@context":"https:\/\/schema.org","@graph":[{"@type":"WebPage","@id":"https:\/\/www.schlanser.ch\/magazin\/camping-appenzell\/","url":"https:\/\/www.schlanser.ch\/magazin\/camping-appenzell\/","name":"Camping Appenzell - Schlanser Magazin","isPartOf":{"@id":"https:\/\/www.schlanser.ch\/magazin\/#website"},"primaryImageOfPage":{"@id":"https:\/\/www.schlanser.ch\/magazin\/camping-appenzell\/#primaryimage"},"image":{"@id":"https:\/\/www.schlanser.ch\/magazin\/camping-appenzell\/#primaryimage"},"thumbnailUrl":"https:\/\/www.schlanser.ch\/magazin\/wp-content\/uploads\/2025\/02\/Seealpsee-Appenzell.jpg","datePublished":"2023-03-07T14:00:24+00:00","dateModified":"2024-01-10T14:54:49+00:00","author":{"@id":"https:\/\/www.schlanser.ch\/magazin\/#\/schema\/person\/000db0a103eb2594ba3daf394b1dfea2"},"description":"Entdecken Sie Ferien in Appenzell: Camping an tiefblauen Seen \u2714 Wir stellen Campingpl\u00e4tze & Sehensw\u00fcrdigkeiten vor | Schlanser.ch","breadcrumb":{"@id":"https:\/\/www.schlanser.ch\/magazin\/camping-appenzell\/#breadcrumb"},"inLanguage":"de-DE","potentialAction":[{"@type":"ReadAction","target":["https:\/\/www.schlanser.ch\/magazin\/camping-appenzell\/"]}]},{"@type":"ImageObject","inLanguage":"de-DE","@id":"https:\/\/www.schlanser.ch\/magazin\/camping-appenzell\/#primaryimage","url":"https:\/\/www.schlanser.ch\/magazin\/wp-content\/uploads\/2025\/02\/Seealpsee-Appenzell.jpg","contentUrl":"https:\/\/www.schlanser.ch\/magazin\/wp-content\/uploads\/2025\/02\/Seealpsee-Appenzell.jpg","width":660,"height":355,"caption":"\u00a9 Peter Stein - stock.adobe.com"},{"@type":"BreadcrumbList","@id":"https:\/\/www.schlanser.ch\/magazin\/camping-appenzell\/#breadcrumb","itemListElement":[{"@type":"ListItem","position":1,"name":"Startseite","item":"https:\/\/www.schlanser.ch\/magazin\/"},{"@type":"ListItem","position":2,"name":"Camping Appenzell"}]},{"@type":"WebSite","@id":"https:\/\/www.schlanser.ch\/magazin\/#website","url":"https:\/\/www.schlanser.ch\/magazin\/","name":"Schlanser Magazin","description":"","potentialAction":[{"@type":"SearchAction","target":{"@type":"EntryPoint","urlTemplate":"https:\/\/www.schlanser.ch\/magazin\/?s={search_term_string}"},"query-input":"required name=search_term_string"}],"inLanguage":"de-DE"},{"@type":"Person","@id":"https:\/\/www.schlanser.ch\/magazin\/#\/schema\/person\/000db0a103eb2594ba3daf394b1dfea2","name":"admin","image":{"@type":"ImageObject","inLanguage":"de-DE","@id":"https:\/\/www.schlanser.ch\/magazin\/#\/schema\/person\/image\/","url":"https:\/\/secure.gravatar.com\/avatar\/a794a4fe8a9b9c52241597eb381dfa2e?s=96&d=mm&r=g","contentUrl":"https:\/\/secure.gravatar.com\/avatar\/a794a4fe8a9b9c52241597eb381dfa2e?s=96&d=mm&r=g","caption":"admin"}}]}},"_links":{"self":[{"href":"https:\/\/www.schlanser.ch\/magazin\/wp-json\/wp\/v2\/posts\/15852"}],"collection":[{"href":"https:\/\/www.schlanser.ch\/magazin\/wp-json\/wp\/v2\/posts"}],"about":[{"href":"https:\/\/www.schlanser.ch\/magazin\/wp-json\/wp\/v2\/types\/post"}],"author":[{"embeddable":true,"href":"https:\/\/www.schlanser.ch\/magazin\/wp-json\/wp\/v2\/users\/1"}],"replies":[{"embeddable":true,"href":"https:\/\/www.schlanser.ch\/magazin\/wp-json\/wp\/v2\/comments?post=15852"}],"version-history":[{"count":26,"href":"https:\/\/www.schlanser.ch\/magazin\/wp-json\/wp\/v2\/posts\/15852\/revisions"}],"predecessor-version":[{"id":17574,"href":"https:\/\/www.schlanser.ch\/magazin\/wp-json\/wp\/v2\/posts\/15852\/revisions\/17574"}],"wp:featuredmedia":[{"embeddable":true,"href":"https:\/\/www.schlanser.ch\/magazin\/wp-json\/wp\/v2\/media\/15854"}],"wp:attachment":[{"href":"https:\/\/www.schlanser.ch\/magazin\/wp-json\/wp\/v2\/media?parent=15852"}],"wp:term":[{"taxonomy":"category","embeddable":true,"href":"https:\/\/www.schlanser.ch\/magazin\/wp-json\/wp\/v2\/categories?post=15852"},{"taxonomy":"post_tag","embeddable":true,"href":"https:\/\/www.schlanser.ch\/magazin\/wp-json\/wp\/v2\/tags?post=15852"}],"curies":[{"name":"wp","href":"https:\/\/api.w.org\/{rel}","templated":true}]}}