{"id":16543,"date":"2023-11-21T15:15:37","date_gmt":"2023-11-21T14:15:37","guid":{"rendered":"https:\/\/www.schlanser.ch\/magazin\/?p=16543"},"modified":"2024-06-17T17:30:05","modified_gmt":"2024-06-17T15:30:05","slug":"kleine-ruhige-campingplaetze","status":"publish","type":"post","link":"https:\/\/www.schlanser.ch\/magazin\/kleine-ruhige-campingplaetze\/","title":{"rendered":"Kleine ruhige Campingpl\u00e4tze"},"content":{"rendered":"<h2>\u00ab Lieblingspl\u00e4tze und Geheimpl\u00e4tze zur (inneren) Einkehr \u00bb<\/h2>\n<p style=\"text-align: justify;\"><strong>Kaum ist man eingetroffen, ist der Stress verflogen. Eine Woche sp\u00e4ter f\u00fchlt man sich wie neugeboren. Klingt zu sch\u00f6n, um wahr zu sein? Ruhige und kleine Campingpl\u00e4tze sind daf\u00fcr geschaffen, den Ferienstraum zu erf\u00fcllen. Oft finden sie sich dort, wo Lebensk\u00fcnstler schon vor Jahrzehnten und Jahrhunderten die Seele baumeln liessen. Entdecken Sie ruhige Campingpl\u00e4tze am See, am Meer und an anderen sch\u00f6nen Stellen in diesem Artikel.<\/strong><\/p>\n<h2>Ausruhen in Belgien? Nat\u00fcrlich in Spa!<\/h2>\n<p style=\"text-align: justify;\">Jedes verlockende Wellnessangebot bekennt sich heutzutage zum Namen des Kurortes, der zauberhaft in den Ardennen gelegen ist: Spa. Der Ruhm ist den 200 Mineralwasserquellen zu verdanken, auf deren heilsame Wirkung schon Joseph II. setze \u2013 der Kaiser des Heiligen R\u00f6mischen Reiches. Im 18. Jahrhundert gaben sich in den Thermalb\u00e4dern adlige Erholungssuchende aus verschiedensten L\u00e4ndern die Klinke in die Hand. Deshalb wurde das belgische St\u00e4dtchen auch als Caf\u00e9 de l&#8216; Europe bezeichnet, das f\u00fcr ruhige Ferien heute ein Geheimtipp ist.<\/p>\n<p><img loading=\"lazy\" decoding=\"async\" class=\"aligncenter wp-image-16547 size-full\" title=\"Der belgische Ort Spa wurde aufgrund seiner vielen Quellen zum Synonym f\u00fcr Erholungsb\u00e4der\" src=\"https:\/\/www.schlanser.ch\/magazin\/wp-content\/uploads\/2025\/11\/Spa-Cascade.jpg\" alt=\"Spa-Cascade\" width=\"620\" height=\"392\" srcset=\"https:\/\/www.schlanser.ch\/magazin\/wp-content\/uploads\/2025\/11\/Spa-Cascade.jpg 620w, https:\/\/www.schlanser.ch\/magazin\/wp-content\/uploads\/2025\/11\/Spa-Cascade-300x190.jpg 300w\" sizes=\"(max-width: 620px) 100vw, 620px\" \/><\/p>\n<p style=\"text-align: justify;\">So wohltuend wie das Heilwasser sind die Spazierg\u00e4nge durch die H\u00fcgellandschaft mit ausgedehnten W\u00e4ldern, bei denen man seine Gedanken ordnet oder einfach mal an nichts Allt\u00e4gliches denkt. Dazu verf\u00fchrt ein Campingplatz in ruhiger Lage, der in der N\u00e4he des ber\u00fchmten Kurbads und inmitten der Natur gelegen ist \u2013 zum Beispiel der Parc des Sources. Das beschauliche kleine Campingjuwel punktet mit dem direkten Zugang zu wundersch\u00f6nen Wanderwegen und einem wohldosierten Komfort, der sich beispielsweise im warmen Aussenpool zeigt.<\/p>\n<figure id=\"attachment_16550\" aria-describedby=\"caption-attachment-16550\" style=\"width: 620px\" class=\"wp-caption aligncenter\"><img loading=\"lazy\" decoding=\"async\" class=\"wp-image-16550 size-full\" title=\"Parc des sources in Spa, Belgien\" src=\"https:\/\/www.schlanser.ch\/magazin\/wp-content\/uploads\/2025\/11\/Parc-des-sources.jpg\" alt=\"Parc des sources in Spa\" width=\"620\" height=\"372\" srcset=\"https:\/\/www.schlanser.ch\/magazin\/wp-content\/uploads\/2025\/11\/Parc-des-sources.jpg 620w, https:\/\/www.schlanser.ch\/magazin\/wp-content\/uploads\/2025\/11\/Parc-des-sources-300x180.jpg 300w\" sizes=\"(max-width: 620px) 100vw, 620px\" \/><figcaption id=\"caption-attachment-16550\" class=\"wp-caption-text\">CC BY-SA 3.0, https:\/\/commons.wikimedia.org\/w\/index.php?curid=969003<\/figcaption><\/figure>\n<h2>Kaiserliche Seeb\u00e4der \u2013 naturverbundene Sommerfrische f\u00fcr Erwachsene, Kinder und Hunde<\/h2>\n<p style=\"text-align: justify;\">Als sich 1793 das erste Bad an der Ostsee etablierte, schien der Sprung in die Wellen noch k\u00fchn. Danach sprach sich schnell herum, wie erholsam und ruhig Sommerferien am Meer sind \u2013 zum Beispiel auf Usedom. Schon 1909 wird die deutsche Insel als Paradebeispiel f\u00fcr die B\u00e4derkultur im Lexikon erw\u00e4hnt, die ihre G\u00e4ste mit pr\u00e4chtigen Villen, feinen Sandstr\u00e4nden und kilometerlanger Promenade begr\u00fcsst.<\/p>\n<figure id=\"attachment_16552\" aria-describedby=\"caption-attachment-16552\" style=\"width: 620px\" class=\"wp-caption aligncenter\"><img loading=\"lazy\" decoding=\"async\" class=\"wp-image-16552 size-full\" title=\"Die idyllisch gelegene Insel Usedom bietet Ruhe, Erholung und wundersch\u00f6ne Strandlandschaften\" src=\"https:\/\/www.schlanser.ch\/magazin\/wp-content\/uploads\/2025\/11\/Bansin-auf-Usedom.jpg\" alt=\"Bansin-auf-Usedom\" width=\"620\" height=\"346\" srcset=\"https:\/\/www.schlanser.ch\/magazin\/wp-content\/uploads\/2025\/11\/Bansin-auf-Usedom.jpg 620w, https:\/\/www.schlanser.ch\/magazin\/wp-content\/uploads\/2025\/11\/Bansin-auf-Usedom-300x167.jpg 300w\" sizes=\"(max-width: 620px) 100vw, 620px\" \/><figcaption id=\"caption-attachment-16552\" class=\"wp-caption-text\">\u00a9 fotowunsch &#8211; stock.adobe.com<\/figcaption><\/figure>\n<p style=\"text-align: justify;\">Die naturgegebene und architektonische Sch\u00f6nheit erkl\u00e4rt, warum betuchte Stadtb\u00fcrger w\u00e4hrend der warmen Jahreszeit in Scharen herbeistr\u00f6mten. Die sommerlichen Reisewellen inspirierten Schriftsteller dazu, die Kaiserb\u00e4der als &#8222;Berliner Badewannen&#8220; zu bezeichnen. Sie begeistern heute mit dem gelungenen Mix aus mond\u00e4nen Bauten, modernen Freizeitangeboten und naturbelassenen Landschaften. Ferien voller Trubel sind dort genauso m\u00f6glich wie ein ruhiger Urlaub.<\/p>\n<figure id=\"attachment_16555\" aria-describedby=\"caption-attachment-16555\" style=\"width: 620px\" class=\"wp-caption aligncenter\"><img loading=\"lazy\" decoding=\"async\" class=\"wp-image-16555 size-full\" title=\"Das Osteebad Zinnowitz auf der Insel Usedom\" src=\"https:\/\/www.schlanser.ch\/magazin\/wp-content\/uploads\/2025\/11\/Camping-auf-Usedom.jpg\" alt=\"Das Osteebad Zinnowitz auf der Insel Usedom\" width=\"620\" height=\"373\" srcset=\"https:\/\/www.schlanser.ch\/magazin\/wp-content\/uploads\/2025\/11\/Camping-auf-Usedom.jpg 620w, https:\/\/www.schlanser.ch\/magazin\/wp-content\/uploads\/2025\/11\/Camping-auf-Usedom-300x180.jpg 300w\" sizes=\"(max-width: 620px) 100vw, 620px\" \/><figcaption id=\"caption-attachment-16555\" class=\"wp-caption-text\">\u00a9 mije shots &#8211; stock.adobe.com<\/figcaption><\/figure>\n<p style=\"text-align: justify;\">F\u00fcr die zweite Variante ist der &#8222;Natur Camping Usedom&#8220; die richtige Adresse. Der Campingplatz in ruhiger Lage ist im Umfeld von Heringsdorf an der Steilk\u00fcste gelegen, aber nur einen Katzensprung von den ausgedehnten Sandstr\u00e4nden entfernt, an denen vielerorts Hunde willkommen sind. Gleiches gilt f\u00fcr die Campinganlage, die auf ein familienfreundliches Konzept setzt. Kreativkurse, Lagerfeuer am Strand oder Nachtwanderungen: Die Kids freuen sich in der Hauptsaison \u00fcber ein abwechslungsreiches Animationsprogramm, das sympathisch unkompliziert ist. So wird es dem Nachwuchs nicht langweilig, wenn ein ruhiger Campingplatz am Meer die erholungsbed\u00fcrftigen Eltern anlockt.<\/p>\n<p><a href=\"https:\/\/www.schlanser.ch\/zelte\/campingzelte\/tunnelzelte\/669543\/berger-sierra-6-tunnelzelt\"><img loading=\"lazy\" decoding=\"async\" class=\"aligncenter wp-image-16560 size-full\" title=\"Berger Sierra 6 Tunnelzelt\" src=\"https:\/\/www.schlanser.ch\/thumbnail\/99\/f8\/72\/1712992467\/e213ce8a50324a3e9fcccd9057a82feb_1820x1820.jpg\" alt=\"Berger Sierra 6 Tunnelzelt\" width=\"620\" height=\"388\" \/><\/a><\/p>\n<h2>Gen\u00fcsslich relaxen ohne Massentourismus in Istrien<\/h2>\n<p style=\"text-align: justify;\">Ein ruhiger Campingplatz in Istrien wird gesucht? W\u00e4hrend Genussmenschen aus Deutschland zur Ost- und Nordsee str\u00f6mten, steuerten wohlhabende B\u00fcrger aus Wien die n\u00f6rdliche Adria an. Sie hatten die pittoresken K\u00fcsten mit ihrem fjord\u00e4hnlichen Charakter in Istrien f\u00fcr sich entdeckt, die inzwischen zu Italien, Kroatien und Slowenien geh\u00f6ren. Der Grundstein f\u00fcr die elegante Seebadkultur wurde 1844 mit der Villa Angiolina in <span class=\"mw-page-title-main\">Opatija <\/span>gelegt \u2013 dem ersten Hotel auf der Halbinsel. Z\u00fcgig gesellten sich einige Kurorte hinzu, die man schon fr\u00fch bequem mit der Eisenbahn und F\u00e4hre erreichen konnte.<\/p>\n<figure id=\"attachment_16576\" aria-describedby=\"caption-attachment-16576\" style=\"width: 620px\" class=\"wp-caption aligncenter\"><img loading=\"lazy\" decoding=\"async\" class=\"wp-image-16576 size-full\" title=\"Die Villa Angiolina ist ein historisches Herrenhaus im kroatischen Ort Opatija \" src=\"https:\/\/www.schlanser.ch\/magazin\/wp-content\/uploads\/2025\/11\/Villa-Angiolina.jpg\" alt=\"Villa Angiolina\" width=\"620\" height=\"446\" srcset=\"https:\/\/www.schlanser.ch\/magazin\/wp-content\/uploads\/2025\/11\/Villa-Angiolina.jpg 620w, https:\/\/www.schlanser.ch\/magazin\/wp-content\/uploads\/2025\/11\/Villa-Angiolina-300x216.jpg 300w\" sizes=\"(max-width: 620px) 100vw, 620px\" \/><figcaption id=\"caption-attachment-16576\" class=\"wp-caption-text\">Von Berthold Werner, CC BY-SA 3.0, https:\/\/commons.wikimedia.org\/w\/index.php?curid=40922852<\/figcaption><\/figure>\n<p style=\"text-align: justify;\">Das noble Flair der &#8222;\u00d6sterreichischen Riviera&#8220; verflog, als sich der Massentourismus ausbreitete, der vielerorts noch immer die K\u00fcsten pr\u00e4gt. Ein ruhiger Campingplatz in Istrien scheint deshalb f\u00fcr Individualisten und Glamping-Gegner undenkbar. Sie verkennen mit ihrer Vermutung, wie attraktiv und ruhig das gebirgige Inland ist. Das Vita Mia Camp verfolgt die Philosophie, die G\u00e4ste mit der Natur zu vereinen. Schwimmen unter Wasserf\u00e4llen, Biking durch urspr\u00fcngliche Gefilde oder atemberaubende Momente beim Paragliding: Der Geheimtipp f\u00fcr kleine und ruhige Campingpl\u00e4tze in Istrien er\u00f6ffnet facettenreiche M\u00f6glichkeiten, um Energie zu tanken. Er ist idyllisch auf einem H\u00fcgel bei Pazin gelegen und dennoch gut angebunden. Wer sich nach einem Strandtag sehnt, erreicht in weniger als einer Stunde sein Ziel. Mit dem Camper ist die Entfernung kein Thema, stimmt&#8217;s?<\/p>\n<figure id=\"attachment_16558\" aria-describedby=\"caption-attachment-16558\" style=\"width: 620px\" class=\"wp-caption aligncenter\"><img loading=\"lazy\" decoding=\"async\" class=\"wp-image-16558 size-full\" title=\"Blick auf Pazin, Istrien, Koratien\" src=\"https:\/\/www.schlanser.ch\/magazin\/wp-content\/uploads\/2025\/11\/Pazin-Istrien.jpg\" alt=\"Pazin-Istrie\" width=\"620\" height=\"445\" srcset=\"https:\/\/www.schlanser.ch\/magazin\/wp-content\/uploads\/2025\/11\/Pazin-Istrien.jpg 620w, https:\/\/www.schlanser.ch\/magazin\/wp-content\/uploads\/2025\/11\/Pazin-Istrien-300x215.jpg 300w\" sizes=\"(max-width: 620px) 100vw, 620px\" \/><figcaption id=\"caption-attachment-16558\" class=\"wp-caption-text\">\u00a9 Pecold &#8211; stock.adobe.com<\/figcaption><\/figure>\n<h2>Naturcamping in den Niederlanden<\/h2>\n<p style=\"text-align: justify;\">Zu den ber\u00fchmten Kurorten mit eleganter Beschaulichkeit z\u00e4hlte einst auch Scheveningen. Die urbane Atmosph\u00e4re von heute spiegelt sich in der pulsierenden Promenade mit \u00fcber 380 Meter langer Seebr\u00fccke und gigantischem Riesenrad wider. Wer ruhig die Ferien verbringen m\u00f6chte, zielt mit dem einstigen Fischerdorf daneben, das fast 60.000 Einwohner z\u00e4hlt und zur Metropole Den Haag geh\u00f6rt.<\/p>\n<figure id=\"attachment_16567\" aria-describedby=\"caption-attachment-16567\" style=\"width: 620px\" class=\"wp-caption aligncenter\"><img loading=\"lazy\" decoding=\"async\" class=\"wp-image-16567 size-full\" title=\"Riesenrad am Strand von Scheveningen\" src=\"https:\/\/www.schlanser.ch\/magazin\/wp-content\/uploads\/2025\/11\/Scheveningen.jpg\" alt=\"Scheveningen\" width=\"620\" height=\"413\" srcset=\"https:\/\/www.schlanser.ch\/magazin\/wp-content\/uploads\/2025\/11\/Scheveningen.jpg 620w, https:\/\/www.schlanser.ch\/magazin\/wp-content\/uploads\/2025\/11\/Scheveningen-300x200.jpg 300w\" sizes=\"(max-width: 620px) 100vw, 620px\" \/><figcaption id=\"caption-attachment-16567\" class=\"wp-caption-text\">\u00a9 Z. Jacobs &#8211; stock.adobe.com<\/figcaption><\/figure>\n<p style=\"text-align: justify;\">Es ist kein Geheimnis, dass die Niederl\u00e4nder gern campieren und tolle Ideen daf\u00fcr haben. Sie haben einen Dachverband geschaffen, damit sich f\u00fcrs ungest\u00f6rte Intermezzo in der Natur schnell ein Pl\u00e4tzchen findet. Kleine ruhige Campingpl\u00e4tze finden sich in den &#8222;Natuurkampeerterreinen&#8220;, die stets ruhig gelegen sind, auf ger\u00e4uschvolle Animation verzichten und nur die wesentlichen W\u00fcnsche f\u00fcrs Wohlf\u00fchlen mit dem Camper und <a href=\"https:\/\/www.schlanser.ch\/zelte\/\">Zelt<\/a> erf\u00fcllen \u2013 beispielsweise mit einer heissen Dusche.<\/p>\n<p><a href=\"https:\/\/www.schlanser.ch\/zelte\/campingzelte\/iglu-kuppelzelte\/857409\/easy-camp-oceanic-strandmuschel-sonnenschutz-150-x-140-x-100-cm\"><img loading=\"lazy\" decoding=\"async\" class=\"aligncenter wp-image-16562 \" title=\"Easy Camp Oceanic Strandmuschel Sonnenschutz 150 x 140 x 100 cm\" src=\"https:\/\/www.schlanser.ch\/magazin\/wp-content\/uploads\/2025\/11\/easy-camp-oceanic-strandmuschel.jpg\" alt=\"Easy Camp Oceanic Strandmuschel Sonnenschutz 150 x 140 x 100 cm\" width=\"460\" height=\"329\" srcset=\"https:\/\/www.schlanser.ch\/magazin\/wp-content\/uploads\/2025\/11\/easy-camp-oceanic-strandmuschel.jpg 726w, https:\/\/www.schlanser.ch\/magazin\/wp-content\/uploads\/2025\/11\/easy-camp-oceanic-strandmuschel-300x215.jpg 300w\" sizes=\"(max-width: 460px) 100vw, 460px\" \/><\/a><\/p>\n<p style=\"text-align: justify;\">Ein ruhiger Campingplatz am See, R\u00fcckzugsort mitten in den D\u00fcnen oder Ferien auf dem friesischen Bauernhof: Naturcamper k\u00f6nnen sich bei dem facettenreichen Portfolio kaum f\u00fcr ein Reiseziel entscheiden. Warum also nicht alles? <a href=\"https:\/\/www.schlanser.ch\/moebel\/haengematten\/\">H\u00e4ngematte<\/a>, Wohnmobil oder Zelt: Das Equipment wurde daf\u00fcr geschaffen, nach Lust und Laune die sch\u00f6nsten Ecken der Niederlande zu erkunden.<\/p>\n<p><a href=\"https:\/\/www.schlanser.ch\/moebel\/haengematten\/225877\/haengematte-barbados-230-x-150-cm-bunt\"><img loading=\"lazy\" decoding=\"async\" class=\"aligncenter wp-image-16564 size-full\" title=\"H\u00e4ngematte Barbados 230 x 150 cm bunt\" src=\"https:\/\/www.schlanser.ch\/magazin\/wp-content\/uploads\/2025\/11\/haengematte-barbados-230-x-150-cm-bunt.jpg\" alt=\"H\u00e4ngematte Barbados 230 x 150 cm bunt\" width=\"620\" height=\"491\" srcset=\"https:\/\/www.schlanser.ch\/magazin\/wp-content\/uploads\/2025\/11\/haengematte-barbados-230-x-150-cm-bunt.jpg 620w, https:\/\/www.schlanser.ch\/magazin\/wp-content\/uploads\/2025\/11\/haengematte-barbados-230-x-150-cm-bunt-300x238.jpg 300w\" sizes=\"(max-width: 620px) 100vw, 620px\" \/><\/a><\/p>\n<h2>Wo findet man die innere Mitte? Klar doch, in der Schweiz!<\/h2>\n<p style=\"text-align: justify;\">Im Einklang mit der Natur und allem anderen die innere Mitte finden und sich ganzheitlich wohlf\u00fchlen \u2013 diese Definition passt nicht zuf\u00e4llig zum Yoga und Camping. In der schnelllebigen Gegenwart sch\u00fcren \u00e4hnliche Bed\u00fcrfnisse das Interesse an der philosophischen Lehre und idyllischen Ferienideen. Den Link haben die Gr\u00fcnderinnen von Van Retreats erkannt und legen eine doppelt erholsame Auszeit ans Herz.<\/p>\n<p><iframe loading=\"lazy\" title=\"Van Retreats Intro Video\" src=\"https:\/\/www.youtube.com\/embed\/3Av3bHZXNog\" width=\"620\" height=\"374\" frameborder=\"0\" allowfullscreen=\"allowfullscreen\"><\/iframe><\/p>\n<p style=\"text-align: justify;\">Ein ruhiger Campingplatz in der Schweiz dient als Treffpunkt f\u00fcr Workshops fern von L\u00e4rm und Stress. Die Retreats mit Meditation, Pilates, Kochkurs und naturnahen Aktivit\u00e4ten werden als Komplettprogramm gebucht. F\u00fcr die vertraute Unterkunft sorgen die Teilnehmer selbst mit ihrem <a href=\"https:\/\/www.schlanser.ch\/zelte\/campingzelte\/\">Campingzelt<\/a> oder Campervan.<\/p>\n<p><a href=\"https:\/\/www.schlanser.ch\/zelte\/vorzelte\/wohnwagenvorzelte\/18921\/berger-molina-air-ii-aufblasbares-reisevorzelt\"><img loading=\"lazy\" decoding=\"async\" class=\"aligncenter wp-image-16570 size-full\" title=\"Berger Molina Air II aufblasbares Reisevorzelt\" src=\"https:\/\/www.schlanser.ch\/magazin\/wp-content\/uploads\/2025\/11\/berger-molina-air-ii-aufblasbares-reisevorzelt.jpg\" alt=\"Berger Molina Air II aufblasbares Reisevorzelt\" width=\"620\" height=\"388\" srcset=\"https:\/\/www.schlanser.ch\/magazin\/wp-content\/uploads\/2025\/11\/berger-molina-air-ii-aufblasbares-reisevorzelt.jpg 620w, https:\/\/www.schlanser.ch\/magazin\/wp-content\/uploads\/2025\/11\/berger-molina-air-ii-aufblasbares-reisevorzelt-300x188.jpg 300w\" sizes=\"(max-width: 620px) 100vw, 620px\" \/><\/a><\/p>\n<p style=\"text-align: justify;\">Kneift das Leben gerade an allen Ecken und Enden? Dann wird es Zeit f\u00fcr ein Yoga Camp in der Schweiz, damit es wieder runder l\u00e4uft.<\/p>\n","protected":false},"excerpt":{"rendered":"<p>\u00ab Lieblingspl\u00e4tze und Geheimpl\u00e4tze zur (inneren) Einkehr \u00bb Kaum ist man eingetroffen, ist der Stress verflogen. Eine Woche sp\u00e4ter f\u00fchlt man sich wie neugeboren. Klingt zu sch\u00f6n, um wahr zu sein? Ruhige und kleine Campingpl\u00e4tze sind daf\u00fcr geschaffen, den Ferienstraum zu erf\u00fcllen. Oft finden sie sich dort, wo Lebensk\u00fcnstler schon vor Jahrzehnten und Jahrhunderten die &hellip;<\/p>\n","protected":false},"author":1,"featured_media":16546,"comment_status":"closed","ping_status":"open","sticky":false,"template":"","format":"standard","meta":{"footnotes":""},"categories":[2],"tags":[2474,2475,895,715,2476,2473,2472,2477,285,2478,2479],"yoast_head":"<!-- This site is optimized with the Yoast SEO plugin v22.2 - https:\/\/yoast.com\/wordpress\/plugins\/seo\/ -->\n<title>Kleine ruhige Campingpl\u00e4tze - Schlanser Magazin<\/title>\n<meta name=\"description\" content=\"In den Ferien richtig entspannen \u2013 das geht am besten in der Stille der Natur. Wo Sie kleine ruhige Campingpl\u00e4tze finden | schlanser.ch\" \/>\n<meta name=\"robots\" content=\"index, follow, max-snippet:-1, max-image-preview:large, max-video-preview:-1\" \/>\n<link rel=\"canonical\" href=\"https:\/\/www.schlanser.ch\/magazin\/kleine-ruhige-campingplaetze\/\" \/>\n<meta property=\"og:locale\" content=\"de_DE\" \/>\n<meta property=\"og:type\" content=\"article\" \/>\n<meta property=\"og:title\" content=\"Kleine ruhige Campingpl\u00e4tze - Schlanser Magazin\" \/>\n<meta property=\"og:description\" content=\"In den Ferien richtig entspannen \u2013 das geht am besten in der Stille der Natur. Wo Sie kleine ruhige Campingpl\u00e4tze finden | schlanser.ch\" \/>\n<meta property=\"og:url\" content=\"https:\/\/www.schlanser.ch\/magazin\/kleine-ruhige-campingplaetze\/\" \/>\n<meta property=\"og:site_name\" content=\"Schlanser Magazin\" \/>\n<meta property=\"article:published_time\" content=\"2023-11-21T14:15:37+00:00\" \/>\n<meta property=\"article:modified_time\" content=\"2024-06-17T15:30:05+00:00\" \/>\n<meta property=\"og:image\" content=\"https:\/\/www.schlanser.ch\/magazin\/wp-content\/uploads\/2025\/11\/Campingplatz-in-den-Dolomiten-2.jpg\" \/>\n\t<meta property=\"og:image:width\" content=\"660\" \/>\n\t<meta property=\"og:image:height\" content=\"329\" \/>\n\t<meta property=\"og:image:type\" content=\"image\/jpeg\" \/>\n<meta name=\"author\" content=\"admin\" \/>\n<meta name=\"twitter:card\" content=\"summary_large_image\" \/>\n<meta name=\"twitter:label1\" content=\"Verfasst von\" \/>\n\t<meta name=\"twitter:data1\" content=\"admin\" \/>\n\t<meta name=\"twitter:label2\" content=\"Gesch\u00e4tzte Lesezeit\" \/>\n\t<meta name=\"twitter:data2\" content=\"9 Minuten\" \/>\n<script type=\"application\/ld+json\" class=\"yoast-schema-graph\">{\"@context\":\"https:\/\/schema.org\",\"@graph\":[{\"@type\":\"WebPage\",\"@id\":\"https:\/\/www.schlanser.ch\/magazin\/kleine-ruhige-campingplaetze\/\",\"url\":\"https:\/\/www.schlanser.ch\/magazin\/kleine-ruhige-campingplaetze\/\",\"name\":\"Kleine ruhige Campingpl\u00e4tze - Schlanser Magazin\",\"isPartOf\":{\"@id\":\"https:\/\/www.schlanser.ch\/magazin\/#website\"},\"primaryImageOfPage\":{\"@id\":\"https:\/\/www.schlanser.ch\/magazin\/kleine-ruhige-campingplaetze\/#primaryimage\"},\"image\":{\"@id\":\"https:\/\/www.schlanser.ch\/magazin\/kleine-ruhige-campingplaetze\/#primaryimage\"},\"thumbnailUrl\":\"https:\/\/www.schlanser.ch\/magazin\/wp-content\/uploads\/2025\/11\/Campingplatz-in-den-Dolomiten-2.jpg\",\"datePublished\":\"2023-11-21T14:15:37+00:00\",\"dateModified\":\"2024-06-17T15:30:05+00:00\",\"author\":{\"@id\":\"https:\/\/www.schlanser.ch\/magazin\/#\/schema\/person\/000db0a103eb2594ba3daf394b1dfea2\"},\"description\":\"In den Ferien richtig entspannen \u2013 das geht am besten in der Stille der Natur. Wo Sie kleine ruhige Campingpl\u00e4tze finden | schlanser.ch\",\"breadcrumb\":{\"@id\":\"https:\/\/www.schlanser.ch\/magazin\/kleine-ruhige-campingplaetze\/#breadcrumb\"},\"inLanguage\":\"de-DE\",\"potentialAction\":[{\"@type\":\"ReadAction\",\"target\":[\"https:\/\/www.schlanser.ch\/magazin\/kleine-ruhige-campingplaetze\/\"]}]},{\"@type\":\"ImageObject\",\"inLanguage\":\"de-DE\",\"@id\":\"https:\/\/www.schlanser.ch\/magazin\/kleine-ruhige-campingplaetze\/#primaryimage\",\"url\":\"https:\/\/www.schlanser.ch\/magazin\/wp-content\/uploads\/2025\/11\/Campingplatz-in-den-Dolomiten-2.jpg\",\"contentUrl\":\"https:\/\/www.schlanser.ch\/magazin\/wp-content\/uploads\/2025\/11\/Campingplatz-in-den-Dolomiten-2.jpg\",\"width\":660,\"height\":329,\"caption\":\"\u00a9 irakite - stock.adobe.com\"},{\"@type\":\"BreadcrumbList\",\"@id\":\"https:\/\/www.schlanser.ch\/magazin\/kleine-ruhige-campingplaetze\/#breadcrumb\",\"itemListElement\":[{\"@type\":\"ListItem\",\"position\":1,\"name\":\"Startseite\",\"item\":\"https:\/\/www.schlanser.ch\/magazin\/\"},{\"@type\":\"ListItem\",\"position\":2,\"name\":\"Kleine ruhige Campingpl\u00e4tze\"}]},{\"@type\":\"WebSite\",\"@id\":\"https:\/\/www.schlanser.ch\/magazin\/#website\",\"url\":\"https:\/\/www.schlanser.ch\/magazin\/\",\"name\":\"Schlanser Magazin\",\"description\":\"\",\"potentialAction\":[{\"@type\":\"SearchAction\",\"target\":{\"@type\":\"EntryPoint\",\"urlTemplate\":\"https:\/\/www.schlanser.ch\/magazin\/?s={search_term_string}\"},\"query-input\":\"required name=search_term_string\"}],\"inLanguage\":\"de-DE\"},{\"@type\":\"Person\",\"@id\":\"https:\/\/www.schlanser.ch\/magazin\/#\/schema\/person\/000db0a103eb2594ba3daf394b1dfea2\",\"name\":\"admin\",\"image\":{\"@type\":\"ImageObject\",\"inLanguage\":\"de-DE\",\"@id\":\"https:\/\/www.schlanser.ch\/magazin\/#\/schema\/person\/image\/\",\"url\":\"https:\/\/secure.gravatar.com\/avatar\/a794a4fe8a9b9c52241597eb381dfa2e?s=96&d=mm&r=g\",\"contentUrl\":\"https:\/\/secure.gravatar.com\/avatar\/a794a4fe8a9b9c52241597eb381dfa2e?s=96&d=mm&r=g\",\"caption\":\"admin\"}}]}<\/script>\n<!-- \/ Yoast SEO plugin. -->","yoast_head_json":{"title":"Kleine ruhige Campingpl\u00e4tze - Schlanser Magazin","description":"In den Ferien richtig entspannen \u2013 das geht am besten in der Stille der Natur. Wo Sie kleine ruhige Campingpl\u00e4tze finden | schlanser.ch","robots":{"index":"index","follow":"follow","max-snippet":"max-snippet:-1","max-image-preview":"max-image-preview:large","max-video-preview":"max-video-preview:-1"},"canonical":"https:\/\/www.schlanser.ch\/magazin\/kleine-ruhige-campingplaetze\/","og_locale":"de_DE","og_type":"article","og_title":"Kleine ruhige Campingpl\u00e4tze - Schlanser Magazin","og_description":"In den Ferien richtig entspannen \u2013 das geht am besten in der Stille der Natur. Wo Sie kleine ruhige Campingpl\u00e4tze finden | schlanser.ch","og_url":"https:\/\/www.schlanser.ch\/magazin\/kleine-ruhige-campingplaetze\/","og_site_name":"Schlanser Magazin","article_published_time":"2023-11-21T14:15:37+00:00","article_modified_time":"2024-06-17T15:30:05+00:00","og_image":[{"width":660,"height":329,"url":"https:\/\/www.schlanser.ch\/magazin\/wp-content\/uploads\/2025\/11\/Campingplatz-in-den-Dolomiten-2.jpg","type":"image\/jpeg"}],"author":"admin","twitter_card":"summary_large_image","twitter_misc":{"Verfasst von":"admin","Gesch\u00e4tzte Lesezeit":"9 Minuten"},"schema":{"@context":"https:\/\/schema.org","@graph":[{"@type":"WebPage","@id":"https:\/\/www.schlanser.ch\/magazin\/kleine-ruhige-campingplaetze\/","url":"https:\/\/www.schlanser.ch\/magazin\/kleine-ruhige-campingplaetze\/","name":"Kleine ruhige Campingpl\u00e4tze - Schlanser Magazin","isPartOf":{"@id":"https:\/\/www.schlanser.ch\/magazin\/#website"},"primaryImageOfPage":{"@id":"https:\/\/www.schlanser.ch\/magazin\/kleine-ruhige-campingplaetze\/#primaryimage"},"image":{"@id":"https:\/\/www.schlanser.ch\/magazin\/kleine-ruhige-campingplaetze\/#primaryimage"},"thumbnailUrl":"https:\/\/www.schlanser.ch\/magazin\/wp-content\/uploads\/2025\/11\/Campingplatz-in-den-Dolomiten-2.jpg","datePublished":"2023-11-21T14:15:37+00:00","dateModified":"2024-06-17T15:30:05+00:00","author":{"@id":"https:\/\/www.schlanser.ch\/magazin\/#\/schema\/person\/000db0a103eb2594ba3daf394b1dfea2"},"description":"In den Ferien richtig entspannen \u2013 das geht am besten in der Stille der Natur. Wo Sie kleine ruhige Campingpl\u00e4tze finden | schlanser.ch","breadcrumb":{"@id":"https:\/\/www.schlanser.ch\/magazin\/kleine-ruhige-campingplaetze\/#breadcrumb"},"inLanguage":"de-DE","potentialAction":[{"@type":"ReadAction","target":["https:\/\/www.schlanser.ch\/magazin\/kleine-ruhige-campingplaetze\/"]}]},{"@type":"ImageObject","inLanguage":"de-DE","@id":"https:\/\/www.schlanser.ch\/magazin\/kleine-ruhige-campingplaetze\/#primaryimage","url":"https:\/\/www.schlanser.ch\/magazin\/wp-content\/uploads\/2025\/11\/Campingplatz-in-den-Dolomiten-2.jpg","contentUrl":"https:\/\/www.schlanser.ch\/magazin\/wp-content\/uploads\/2025\/11\/Campingplatz-in-den-Dolomiten-2.jpg","width":660,"height":329,"caption":"\u00a9 irakite - stock.adobe.com"},{"@type":"BreadcrumbList","@id":"https:\/\/www.schlanser.ch\/magazin\/kleine-ruhige-campingplaetze\/#breadcrumb","itemListElement":[{"@type":"ListItem","position":1,"name":"Startseite","item":"https:\/\/www.schlanser.ch\/magazin\/"},{"@type":"ListItem","position":2,"name":"Kleine ruhige Campingpl\u00e4tze"}]},{"@type":"WebSite","@id":"https:\/\/www.schlanser.ch\/magazin\/#website","url":"https:\/\/www.schlanser.ch\/magazin\/","name":"Schlanser Magazin","description":"","potentialAction":[{"@type":"SearchAction","target":{"@type":"EntryPoint","urlTemplate":"https:\/\/www.schlanser.ch\/magazin\/?s={search_term_string}"},"query-input":"required name=search_term_string"}],"inLanguage":"de-DE"},{"@type":"Person","@id":"https:\/\/www.schlanser.ch\/magazin\/#\/schema\/person\/000db0a103eb2594ba3daf394b1dfea2","name":"admin","image":{"@type":"ImageObject","inLanguage":"de-DE","@id":"https:\/\/www.schlanser.ch\/magazin\/#\/schema\/person\/image\/","url":"https:\/\/secure.gravatar.com\/avatar\/a794a4fe8a9b9c52241597eb381dfa2e?s=96&d=mm&r=g","contentUrl":"https:\/\/secure.gravatar.com\/avatar\/a794a4fe8a9b9c52241597eb381dfa2e?s=96&d=mm&r=g","caption":"admin"}}]}},"_links":{"self":[{"href":"https:\/\/www.schlanser.ch\/magazin\/wp-json\/wp\/v2\/posts\/16543"}],"collection":[{"href":"https:\/\/www.schlanser.ch\/magazin\/wp-json\/wp\/v2\/posts"}],"about":[{"href":"https:\/\/www.schlanser.ch\/magazin\/wp-json\/wp\/v2\/types\/post"}],"author":[{"embeddable":true,"href":"https:\/\/www.schlanser.ch\/magazin\/wp-json\/wp\/v2\/users\/1"}],"replies":[{"embeddable":true,"href":"https:\/\/www.schlanser.ch\/magazin\/wp-json\/wp\/v2\/comments?post=16543"}],"version-history":[{"count":25,"href":"https:\/\/www.schlanser.ch\/magazin\/wp-json\/wp\/v2\/posts\/16543\/revisions"}],"predecessor-version":[{"id":18023,"href":"https:\/\/www.schlanser.ch\/magazin\/wp-json\/wp\/v2\/posts\/16543\/revisions\/18023"}],"wp:featuredmedia":[{"embeddable":true,"href":"https:\/\/www.schlanser.ch\/magazin\/wp-json\/wp\/v2\/media\/16546"}],"wp:attachment":[{"href":"https:\/\/www.schlanser.ch\/magazin\/wp-json\/wp\/v2\/media?parent=16543"}],"wp:term":[{"taxonomy":"category","embeddable":true,"href":"https:\/\/www.schlanser.ch\/magazin\/wp-json\/wp\/v2\/categories?post=16543"},{"taxonomy":"post_tag","embeddable":true,"href":"https:\/\/www.schlanser.ch\/magazin\/wp-json\/wp\/v2\/tags?post=16543"}],"curies":[{"name":"wp","href":"https:\/\/api.w.org\/{rel}","templated":true}]}}