{"id":16579,"date":"2023-11-28T10:00:32","date_gmt":"2023-11-28T09:00:32","guid":{"rendered":"https:\/\/www.schlanser.ch\/magazin\/?p=16579"},"modified":"2024-01-24T00:39:09","modified_gmt":"2024-01-23T23:39:09","slug":"kompakte-camper","status":"publish","type":"post","link":"https:\/\/www.schlanser.ch\/magazin\/kompakte-camper\/","title":{"rendered":"Kompakte Camper \u2013 rollende Schlafzimmer f\u00fcr flexible Camper"},"content":{"rendered":"<p style=\"text-align: justify;\"><strong>Renommierte Marken \u00fcberbieten sich gegenseitig mit ihren raffinierten Ideen f\u00fcr den Fahrzeug-Ausbau. Kompakte Camper bieten inzwischen einen \u00e4hnlichen Komfort wie stattliche Wohnmobile. Das gilt besonders, wenn sich am Reiseziel <\/strong><a href=\"https:\/\/www.schlanser.ch\/zelte\/vorzelte\/wohnwagenvorzelte\/\"><strong>Busvorzelte<\/strong><\/a><strong> hinzugesellen. Wer sich f\u00fcr einen Deut mehr Purismus \u00f6ffnet, wird vom Campervan grossz\u00fcgig belohnt. Denn mit ihm f\u00fchlt sich das Leben einfach agiler und kompakter an \u2013 im Alltag, an Wochenenden und beim Reisen.<\/strong><\/p>\n<h2>Allesk\u00f6nner f\u00fcr Freiheitsliebende \u2013 kompakter Caddy VW Camper<\/h2>\n<p style=\"text-align: justify;\">Heute mit dem Auto durch den pulsierenden Stadtverkehr zur Arbeit, morgen Freunden beim Umzug helfen und \u00fcbermorgen zum Wochenendtrip fern der urbanen Hektik durchstarten: Kompakte Camper sind f\u00fcr den modernen Lifestyle geschaffen und vereinen das Stadtauto mit dem Transporter und Wohnmobil im XS-Format. Die Vielseitigkeit erh\u00f6ht die Lebensqualit\u00e4t, w\u00e4hrend Zusatzkosten f\u00fcr Zweitfahrzeuge entfallen, was den Allroundern eine wachsende Fangemeinde beschert.<\/p>\n<figure id=\"attachment_16584\" aria-describedby=\"caption-attachment-16584\" style=\"width: 620px\" class=\"wp-caption aligncenter\"><img loading=\"lazy\" decoding=\"async\" class=\"wp-image-16584 size-full\" title=\"Volkswagen Caddy V\" src=\"https:\/\/www.schlanser.ch\/magazin\/wp-content\/uploads\/2025\/11\/Volkswagen-Caddy-V-rot.jpg\" alt=\"Volkswagen Caddy V - Kompakte Camper \u2013 rollende Schlafzimmer f\u00fcr flexible Camper\" width=\"620\" height=\"393\" srcset=\"https:\/\/www.schlanser.ch\/magazin\/wp-content\/uploads\/2025\/11\/Volkswagen-Caddy-V-rot.jpg 620w, https:\/\/www.schlanser.ch\/magazin\/wp-content\/uploads\/2025\/11\/Volkswagen-Caddy-V-rot-300x190.jpg 300w\" sizes=\"(max-width: 620px) 100vw, 620px\" \/><figcaption id=\"caption-attachment-16584\" class=\"wp-caption-text\">Von Alexander Migl &#8211; Eigenes Werk, CC BY-SA 4.0, https:\/\/commons.wikimedia.org\/w\/index.php?curid=107430566<\/figcaption><\/figure>\n<p style=\"text-align: justify;\">Seit einigen Jahren bietet Volkswagen einen kompakten Campervan an, der enorm alltagstauglich und dynamisch ist. Dem etablierten Hochdachkombi Caddy g\u00f6nnt der Hersteller ein ausklappbares Heckbett und clever verstaute Sitzm\u00f6bel. Optional ist eine Minik\u00fcche mit <a href=\"https:\/\/www.schlanser.ch\/haushalt\/kocher-grills\/einbaukocher-spuelen\/\">1-flammigem-Gaskocher<\/a> an Bord, auf die man nicht verzichten sollte. Durch sie wird der Caddy von VW ein kompakter Van, mit dem man spontane Fahrten ins Blaue unternehmen kann. Den Aufpreis wert ist auch das Panoramadach, das beim Einschlafen den Blick in die Sterne er\u00f6ffnet.<\/p>\n<p><a href=\"https:\/\/www.schlanser.ch\/fahrzeug\/campingfahrzeug-inneneinrichtung\/schlafkomfort\/219067\/matratze-fuer-hinterraum-verschiedene-fahrzeugmodelle-ohne-visko\"><img loading=\"lazy\" decoding=\"async\" class=\"aligncenter wp-image-16610 size-full\" title=\"Matratze f\u00fcr Hinterraum verschiedene Fahrzeugmodelle\" src=\"https:\/\/www.schlanser.ch\/magazin\/wp-content\/uploads\/2025\/11\/matratze-fuer-hinterraum-verschiedene-fahrzeugmodelle-ohne-visko.jpg\" alt=\"Matratze f\u00fcr Hinterraum verschiedene Fahrzeugmodelle\" width=\"620\" height=\"620\" srcset=\"https:\/\/www.schlanser.ch\/magazin\/wp-content\/uploads\/2025\/11\/matratze-fuer-hinterraum-verschiedene-fahrzeugmodelle-ohne-visko.jpg 620w, https:\/\/www.schlanser.ch\/magazin\/wp-content\/uploads\/2025\/11\/matratze-fuer-hinterraum-verschiedene-fahrzeugmodelle-ohne-visko-300x300.jpg 300w, https:\/\/www.schlanser.ch\/magazin\/wp-content\/uploads\/2025\/11\/matratze-fuer-hinterraum-verschiedene-fahrzeugmodelle-ohne-visko-150x150.jpg 150w\" sizes=\"(max-width: 620px) 100vw, 620px\" \/><\/a><\/p>\n<p style=\"text-align: justify;\">Volkswagen beschr\u00e4nkt sich bei seinem Fahrzeug bewusst auf eine Basisausstattung ohne integrierte <a href=\"https:\/\/www.schlanser.ch\/wasser-sanitaer\/wasserversorgung\/\">Wasserversorgung<\/a> und Bad. Dadurch bleibt das Multitalent ein wendiges Alltagsauto mit 5 Sitzen, bei dem man f\u00fcr Transporte die hinteren Sitzgelegenheiten genauso ausbauen kann wie die Zusatzmodule f\u00fcrs Campieren. Agile Paare, die einfache Reiseabenteuer m\u00f6gen oder gern offizielle Campingpl\u00e4tze mit Sanit\u00e4reinrichtungen ansteuern, werden den kompakten Volkswagen Camper lieben. Es gen\u00fcgt, f\u00fcr den grundlegenden Komfort beim ersten Wochenendausflug einen faltbaren Wasserkanister zu kaufen und die Minik\u00fcche durch ein <a href=\"https:\/\/www.schlanser.ch\/zelte\/vorzelte\/heckzelte\/\">Heckzelt<\/a> zu erweitern. Schon kann es losgehen!<\/p>\n<p><a href=\"https:\/\/www.schlanser.ch\/zelte\/vorzelte\/heckzelte\/252279\/brunner-pilote-heckzelt-fuer-vw-caddy\"><img loading=\"lazy\" decoding=\"async\" class=\"aligncenter wp-image-16587 size-full\" title=\"Brunner Pilote Heckzelt f\u00fcr VW Caddy\" src=\"https:\/\/www.schlanser.ch\/magazin\/wp-content\/uploads\/2025\/11\/brunner-pilote-heckzelt-fuer-vw-caddy.jpg\" alt=\"Brunner Pilote Heckzelt f\u00fcr VW Caddy\" width=\"620\" height=\"388\" srcset=\"https:\/\/www.schlanser.ch\/magazin\/wp-content\/uploads\/2025\/11\/brunner-pilote-heckzelt-fuer-vw-caddy.jpg 620w, https:\/\/www.schlanser.ch\/magazin\/wp-content\/uploads\/2025\/11\/brunner-pilote-heckzelt-fuer-vw-caddy-300x188.jpg 300w\" sizes=\"(max-width: 620px) 100vw, 620px\" \/><\/a><\/p>\n<h2>So raffiniert aufgeteilt wie eine 3-Zimmer-Wohnung \u2013 stadttauglicher Ford Transit Camper<\/h2>\n<p style=\"text-align: justify;\">Wer kompakte Camper sucht, die etwas mehr Bewegungsfreiheit oder Schlafpl\u00e4tze f\u00fcr vier Erwachsene bieten, entdeckt ein durchdachtes Fahrzeug bei Ford. Der Transit Camper Nugget gleicht in der j\u00fcngsten Ausf\u00fchrung einem rollenden Tiny House mit drei Zimmern. Am Reiseziel entfaltet sich das Aufstelldach, um f\u00fcr die Nacht einen Schlafbereich mit 1,25 m breitem Doppelbett zu er\u00f6ffnen.<\/p>\n<p><a href=\"https:\/\/www.schlanser.ch\/fahrzeug\/campingfahrzeug-inneneinrichtung\/tuervorhaenge-fliegengitter\/228160\/remis-remicare-tuer-insektenschutz-fuer-ford-transit-custom-v362\"><img loading=\"lazy\" decoding=\"async\" class=\"aligncenter wp-image-16594 size-full\" title=\"Remis REMIcare T\u00fcr-Insektenschutz f\u00fcr Ford Transit Custom V362\" src=\"https:\/\/www.schlanser.ch\/magazin\/wp-content\/uploads\/2025\/11\/remis-remicare-tuer-insektenschutz-fuer-ford-transit-custom-v362.jpg\" alt=\"Remis REMIcare T\u00fcr-Insektenschutz f\u00fcr Ford Transit Custom V362\" width=\"620\" height=\"349\" srcset=\"https:\/\/www.schlanser.ch\/magazin\/wp-content\/uploads\/2025\/11\/remis-remicare-tuer-insektenschutz-fuer-ford-transit-custom-v362.jpg 620w, https:\/\/www.schlanser.ch\/magazin\/wp-content\/uploads\/2025\/11\/remis-remicare-tuer-insektenschutz-fuer-ford-transit-custom-v362-300x169.jpg 300w\" sizes=\"(max-width: 620px) 100vw, 620px\" \/><\/a><\/p>\n<p style=\"text-align: justify;\">Im Heckbereich charakterisiert bei der Titanium-Ausstattung, die in Kooperation mit Westfalia entstand, eine K\u00fcche den Innenraum. <a href=\"https:\/\/www.schlanser.ch\/haushalt\/kuehlung\/camping-kuehlschraenke\/\">K\u00fchlschrank<\/a>, 2-Flammen-Kocher, K\u00fcchenschr\u00e4nke, Sp\u00fcle mit heissem Wasser: Der kulinarische Treffpunkt im Kompaktcamper l\u00e4sst keine W\u00fcnsche offen. Bei der Fahrzeug Inneneinrichtung gen\u00fcgt ein Richtungswechsel bei den drehbaren Kapit\u00e4nssitzen, damit sie sich mit den R\u00fccksitzen und dem klappbarem Esstisch zur gesch\u00fctzten Wohnlounge vereinen. Alternativ verwandelt sich derselbe Fahrzeugbereich in einen weiteren Schlafraum f\u00fcr zwei Personen.<\/p>\n<p style=\"text-align: justify;\">Mit seinen raffinierten Extras schleicht sich der kompakte Campervan ins Herz, der ab Sommer 2024 ausgeliefert werden soll. Solardachmodul f\u00fcr <a href=\"https:\/\/www.schlanser.ch\/erlebniswelten\/nachhaltig-autark\/\">autarken Strom<\/a>, Dusche im Aussenbereich des Hecks, smart untergebrachte Sitzgruppe f\u00fcr draussen: Ford hat beim Transit Camper an g\u00e4ngige Bed\u00fcrfnisse gedacht, damit man weniger Wohnwagenzubeh\u00f6r anschaffen und zuladen muss.<\/p>\n<figure id=\"attachment_16592\" aria-describedby=\"caption-attachment-16592\" style=\"width: 620px\" class=\"wp-caption aligncenter\"><img loading=\"lazy\" decoding=\"async\" class=\"wp-image-16592 size-full\" title=\"Ford Tourneo Custom Nugget (2023) auf der IAA 2023\" src=\"https:\/\/www.schlanser.ch\/magazin\/wp-content\/uploads\/2025\/11\/Ford-Tourneo-Custom-Nugget-2023.jpg\" alt=\"Ford Tourneo Custom Nugget (2023) auf der IAA 2023 - Kompakte Camper \u2013 rollende Schlafzimmer f\u00fcr flexible Camper\" width=\"620\" height=\"469\" srcset=\"https:\/\/www.schlanser.ch\/magazin\/wp-content\/uploads\/2025\/11\/Ford-Tourneo-Custom-Nugget-2023.jpg 620w, https:\/\/www.schlanser.ch\/magazin\/wp-content\/uploads\/2025\/11\/Ford-Tourneo-Custom-Nugget-2023-300x227.jpg 300w\" sizes=\"(max-width: 620px) 100vw, 620px\" \/><figcaption id=\"caption-attachment-16592\" class=\"wp-caption-text\">By Alexander-93 &#8211; Own work, CC BY-SA 4.0, https:\/\/commons.wikimedia.org\/w\/index.php?curid=137262057<\/figcaption><\/figure>\n<p style=\"text-align: justify;\">Der kompakte Van f\u00fcr Campingfans verfehlt mit einer H\u00f6he von 2,06 Metern knapp die Tiefgaragentauglichkeit und z\u00e4hlt mit seinem Spritverbrauch von 8,9 l\/100 km auch nicht zu den Sparf\u00fcchsen. Wer eher zu den \u00f6ffentlichen Verkehrsmitteln tendiert, kann trotzdem nur den 5-Sitzer-Campervan kaufen und als Alltagsfahrzeug nutzen.<\/p>\n<h2>Geschaffen f\u00fcr die Leichtigkeit des Seins, beim Cruisen und Campieren \u2013 kompakter Knaus Boxlife<\/h2>\n<p style=\"text-align: justify;\">Kompakte Camper sind nicht nur beliebt, weil sie sich als Stadtauto eignen und dadurch die Aufgaben des Erst- oder Zweitwagen \u00fcbernehmen k\u00f6nnen. Unternehmungslustige Globetrotter legen auf m\u00fchelosen Fahrspass beim Reisen wert, weil sie kleine Gassen in s\u00fcdl\u00e4ndischen St\u00e4dten erkunden und die Passagen auf engen K\u00fcstenstrassen geniessen m\u00f6chten. F\u00fcr diese Zielgruppe hat Knaus den Boxlife Pro 540 Road konzipiert, der den Traum vom kompakten Wohnmobil citytauglich erf\u00fcllt. Als Basis dient der Fiat Ducato, was sich in den angenehm \u00fcberschaubaren Abmessungen und dem vergleichsweise effizienten Verbrauch von 8,3 l\/100 km widerspiegelt. Der erfahrene Hersteller weiss, wie man Camper ausbauen kann.<\/p>\n<p><a href=\"https:\/\/www.schlanser.ch\/fahrzeug\/campingfahrzeug-inneneinrichtung\/tuervorhaenge-fliegengitter\/228376\/remis-remicare-tuer-insektenschutz-mit-tischschiene-fuer-fiat-ducato-x250-x290-1435-x-1080-mm\"><img loading=\"lazy\" decoding=\"async\" class=\"aligncenter wp-image-16597 size-full\" title=\"Remis REMIcare T\u00fcr-Insektenschutz mit Tischschiene f\u00fcr Fiat Ducato X250 \/ X290 1435 x 1080 mm\" src=\"https:\/\/www.schlanser.ch\/magazin\/wp-content\/uploads\/2025\/11\/remis-remicare-tuer-insektenschutz-mit-tischschiene-fuer-fiat-ducato-x250-x290-1435-x-1080-mm.jpg\" alt=\"Remis REMIcare T\u00fcr-Insektenschutz mit Tischschiene f\u00fcr Fiat Ducato X250 \/ X290 1435 x 1080 mm\" width=\"620\" height=\"355\" srcset=\"https:\/\/www.schlanser.ch\/magazin\/wp-content\/uploads\/2025\/11\/remis-remicare-tuer-insektenschutz-mit-tischschiene-fuer-fiat-ducato-x250-x290-1435-x-1080-mm.jpg 620w, https:\/\/www.schlanser.ch\/magazin\/wp-content\/uploads\/2025\/11\/remis-remicare-tuer-insektenschutz-mit-tischschiene-fuer-fiat-ducato-x250-x290-1435-x-1080-mm-300x172.jpg 300w\" sizes=\"(max-width: 620px) 100vw, 620px\" \/><\/a><\/p>\n<p style=\"text-align: justify;\">Die Ideen sind deshalb auch beim Boxlife Pro 540 brillant. Eine gem\u00fctliche Fahrzeug-Inneneinrichtung wartet auf die Campingliebhaber, denn nach den Abenteuern am Urlaubsort steht dem erholsamen Schlaf nichts im Weg \u2013 dank 2-Personen-Heckbett mit komfortablen Massen und durchgehendem Lattenrost. Es ist zweitrangig, dass sich das Bad mit Dusche, Waschbecken und schwenkbarer Toilette im Camper kompakt pr\u00e4sentiert. Im Vordergrund steht die Unabh\u00e4ngigkeit von Sanit\u00e4ranlagen oder Behelfsl\u00f6sungen, die viele Wohnmobilfans zugunsten der Wendigkeit eines Vans nicht aufgeben w\u00fcrden. Ausziehbare Arbeitsfl\u00e4che beim seitlich drapierten K\u00fcchenblock, flexibel vergr\u00f6sserbarer Esstisch oder erweiterbare Sitzbank: Mit raffinierten Details sorgt Knaus bei dem Kastenwagen-Camper daf\u00fcr, dass man trotz der Kompaktklasse weder bei der Bewegungsfreiheit im Fahrzeug noch bei der Inneneinrichtung grosse Kompromisse machen muss. Theoretisch ist es m\u00f6glich, mit den inkludierten und optionalen Notbetten vier Schlafpl\u00e4tze zu schaffen.<\/p>\n<p><a href=\"https:\/\/www.schlanser.ch\/fahrzeug\/campingfahrzeug-inneneinrichtung\/schlafkomfort\/210832\/campsleep-matratze-fuer-fahrerkabine-rechtslenker-small-148-cm\"><img loading=\"lazy\" decoding=\"async\" class=\"aligncenter wp-image-16601 size-full\" title=\"Campsleep Matratze f\u00fcr Fahrerkabine | Kompatibilit\u00e4t mit Fiat Ducato\" src=\"https:\/\/www.schlanser.ch\/magazin\/wp-content\/uploads\/2025\/11\/campingfahrzeug-inneneinrichtung_schlafkomfort_210832_campsleep-matratze-fuer-fahrerkabine-rechtslen.jpg\" alt=\"Campsleep Matratze f\u00fcr Fahrerkabine Rechtslenker Small 148 cm\" width=\"620\" height=\"388\" srcset=\"https:\/\/www.schlanser.ch\/magazin\/wp-content\/uploads\/2025\/11\/campingfahrzeug-inneneinrichtung_schlafkomfort_210832_campsleep-matratze-fuer-fahrerkabine-rechtslen.jpg 620w, https:\/\/www.schlanser.ch\/magazin\/wp-content\/uploads\/2025\/11\/campingfahrzeug-inneneinrichtung_schlafkomfort_210832_campsleep-matratze-fuer-fahrerkabine-rechtslen-300x188.jpg 300w\" sizes=\"(max-width: 620px) 100vw, 620px\" \/><\/a><\/p>\n<p style=\"text-align: justify;\">Praktisch ist der Kompaktcamper f\u00fcr den P\u00e4rchen-Urlaub optimiert. Wer die Kids nicht in Campingzelte ausquartieren m\u00f6chte, wirft einen Blick auf die Hochdachmodelle mit separaten Schlafbereichen im Bug und Heck oder g\u00f6nnt sich das Aufstelldach des Campingprofis als Erweiterung.<\/p>\n<h2>Kompakte Camper: Mercedes-Benz f\u00fcr autarke Naturabenteuer<\/h2>\n<p style=\"text-align: justify;\">Als Basis f\u00fcr kompakte Wohnmobile eignet sich nicht nur der Fiat Ducato exzellent, sondern auch der Sprinter von Mercedes. Hymer hat Vancamper mit Stern am K\u00fchlergrill zu bieten, die sich \u00fcber eine begeisterte Fangemeinde freuen. Der objektive Rundumblick m\u00fcndet dennoch in der Quintessenz: Die gebotenen Features beim Fahrzeug-Ausbau m\u00f6gen beim Mercedes-Benz-Camper einen Hauch nobler wirken, \u00e4hneln aber funktional dem Pendant mit italienischen Wurzeln. Die Wahl des Basisfahrzeugs bleibt deshalb eine Geschmacksfrage, die jeder Campingfan passend zu den individuellen Vorlieben beantwortet.<\/p>\n<p><a href=\"https:\/\/www.schlanser.ch\/fahrzeug\/campingfahrzeug-inneneinrichtung\/tuervorhaenge-fliegengitter\/228162\/remis-remicare-tuer-insektenschutz-mercedes-sprinter-vw-crafter-bj.-2006-2016-niedrige-tuer\"><img loading=\"lazy\" decoding=\"async\" class=\"aligncenter wp-image-16608 size-full\" title=\"Remis REMIcare T\u00fcr-Insektenschutz Mercedes Sprinter \/ VW Crafter Bj. 2006-2016 Niedrige T\u00fcr\" src=\"https:\/\/www.schlanser.ch\/magazin\/wp-content\/uploads\/2025\/11\/remis-remicare-tuer-insektenschutz-mercedes-sprinter-vw-crafter-bj.-2006-2016-niedrige-tuer-1.jpg\" alt=\"Remis REMIcare T\u00fcr-Insektenschutz Mercedes Sprinter \/ VW Crafter Bj. 2006-2016 Niedrige T\u00fcr\" width=\"620\" height=\"349\" srcset=\"https:\/\/www.schlanser.ch\/magazin\/wp-content\/uploads\/2025\/11\/remis-remicare-tuer-insektenschutz-mercedes-sprinter-vw-crafter-bj.-2006-2016-niedrige-tuer-1.jpg 620w, https:\/\/www.schlanser.ch\/magazin\/wp-content\/uploads\/2025\/11\/remis-remicare-tuer-insektenschutz-mercedes-sprinter-vw-crafter-bj.-2006-2016-niedrige-tuer-1-300x169.jpg 300w\" sizes=\"(max-width: 620px) 100vw, 620px\" \/><\/a><\/p>\n<p style=\"text-align: justify;\">Das Blatt wendet sich, wenn gewagtere Abenteuer fernab der Zivilisation auf der Wunschliste stehen. Daf\u00fcr hat Hymer einen kompakten Vancamper entwickelt, der 2022 eine Auszeichnung erhielt. Die Innenausstattung mit r\u00fcckseitiger Schlafoase, seitlicher K\u00fcchenzeile, Kompaktbad und flexibel nutzbarer Sitzgruppe im Vorderbereich ist typisch f\u00fcr kompakte Wohnmobile. Der Clou ist die Zusatzausstattung f\u00fcr mutigere Reisepl\u00e4ne beim Editionsmodell Grand Canyon S CrossOver. Dank Allradantrieb und H\u00f6herlegung spricht nichts gegen Touren jenseits der ausgebauten Strassen. Features wie die leistungsstarke Wasserversorgung und Solarstromanlage machen es m\u00f6glich, l\u00e4nger als eine Woche unabh\u00e4ngig zu campieren.<\/p>\n<figure id=\"attachment_16604\" aria-describedby=\"caption-attachment-16604\" style=\"width: 620px\" class=\"wp-caption aligncenter\"><img loading=\"lazy\" decoding=\"async\" class=\"wp-image-16604 size-full\" title=\"2019 Mercedes-Benz Sprinter 314 CDi 2.1\" src=\"https:\/\/www.schlanser.ch\/magazin\/wp-content\/uploads\/2025\/11\/Mercedes-Benz-Sprinter-314-CDi-2.1.jpg\" alt=\"2019 Mercedes-Benz Sprinter 314 CDi 2.1 - Kompakte Camper \u2013 rollende Schlafzimmer f\u00fcr flexible Camper\" width=\"620\" height=\"418\" srcset=\"https:\/\/www.schlanser.ch\/magazin\/wp-content\/uploads\/2025\/11\/Mercedes-Benz-Sprinter-314-CDi-2.1.jpg 620w, https:\/\/www.schlanser.ch\/magazin\/wp-content\/uploads\/2025\/11\/Mercedes-Benz-Sprinter-314-CDi-2.1-300x202.jpg 300w, https:\/\/www.schlanser.ch\/magazin\/wp-content\/uploads\/2025\/11\/Mercedes-Benz-Sprinter-314-CDi-2.1-110x75.jpg 110w\" sizes=\"(max-width: 620px) 100vw, 620px\" \/><figcaption id=\"caption-attachment-16604\" class=\"wp-caption-text\">Von Vauxford &#8211; Eigenes Werk, CC BY-SA 4.0, https:\/\/commons.wikimedia.org\/w\/index.php?curid=78495488<\/figcaption><\/figure>\n","protected":false},"excerpt":{"rendered":"<p>Renommierte Marken \u00fcberbieten sich gegenseitig mit ihren raffinierten Ideen f\u00fcr den Fahrzeug-Ausbau. Kompakte Camper bieten inzwischen einen \u00e4hnlichen Komfort wie stattliche Wohnmobile. Das gilt besonders, wenn sich am Reiseziel Busvorzelte hinzugesellen. Wer sich f\u00fcr einen Deut mehr Purismus \u00f6ffnet, wird vom Campervan grossz\u00fcgig belohnt. Denn mit ihm f\u00fchlt sich das Leben einfach agiler und kompakter &hellip;<\/p>\n","protected":false},"author":1,"featured_media":16597,"comment_status":"closed","ping_status":"open","sticky":false,"template":"","format":"standard","meta":{"footnotes":""},"categories":[3],"tags":[2483,2489,2482,516,2484,2488,2485,2480,2487,2486,2197,2481],"yoast_head":"<!-- This site is optimized with the Yoast SEO plugin v22.2 - https:\/\/yoast.com\/wordpress\/plugins\/seo\/ -->\n<title>Kompakte Camper \u2013 rollende Schlafzimmer f\u00fcr flexible Camper - Schlanser Magazin<\/title>\n<meta name=\"description\" content=\"Kompakte Camper machen das Reisen einfach und agil. \u2714 Alles zu den beliebtesten Campern &amp; Vans f\u00fcr die n\u00e4chsten Abenteuer | schlanser.ch\" \/>\n<meta name=\"robots\" content=\"index, follow, max-snippet:-1, max-image-preview:large, max-video-preview:-1\" \/>\n<link rel=\"canonical\" href=\"https:\/\/www.schlanser.ch\/magazin\/kompakte-camper\/\" \/>\n<meta property=\"og:locale\" content=\"de_DE\" \/>\n<meta property=\"og:type\" content=\"article\" \/>\n<meta property=\"og:title\" content=\"Kompakte Camper \u2013 rollende Schlafzimmer f\u00fcr flexible Camper - Schlanser Magazin\" \/>\n<meta property=\"og:description\" content=\"Kompakte Camper machen das Reisen einfach und agil. \u2714 Alles zu den beliebtesten Campern &amp; Vans f\u00fcr die n\u00e4chsten Abenteuer | schlanser.ch\" \/>\n<meta property=\"og:url\" content=\"https:\/\/www.schlanser.ch\/magazin\/kompakte-camper\/\" \/>\n<meta property=\"og:site_name\" content=\"Schlanser Magazin\" \/>\n<meta property=\"article:published_time\" content=\"2023-11-28T09:00:32+00:00\" \/>\n<meta property=\"article:modified_time\" content=\"2024-01-23T23:39:09+00:00\" \/>\n<meta property=\"og:image\" content=\"https:\/\/www.schlanser.ch\/magazin\/wp-content\/uploads\/2025\/11\/remis-remicare-tuer-insektenschutz-mit-tischschiene-fuer-fiat-ducato-x250-x290-1435-x-1080-mm.jpg\" \/>\n\t<meta property=\"og:image:width\" content=\"620\" \/>\n\t<meta property=\"og:image:height\" content=\"355\" \/>\n\t<meta property=\"og:image:type\" content=\"image\/jpeg\" \/>\n<meta name=\"author\" content=\"admin\" \/>\n<meta name=\"twitter:card\" content=\"summary_large_image\" \/>\n<meta name=\"twitter:label1\" content=\"Verfasst von\" \/>\n\t<meta name=\"twitter:data1\" content=\"admin\" \/>\n\t<meta name=\"twitter:label2\" content=\"Gesch\u00e4tzte Lesezeit\" \/>\n\t<meta name=\"twitter:data2\" content=\"8 Minuten\" \/>\n<script type=\"application\/ld+json\" class=\"yoast-schema-graph\">{\"@context\":\"https:\/\/schema.org\",\"@graph\":[{\"@type\":\"WebPage\",\"@id\":\"https:\/\/www.schlanser.ch\/magazin\/kompakte-camper\/\",\"url\":\"https:\/\/www.schlanser.ch\/magazin\/kompakte-camper\/\",\"name\":\"Kompakte Camper \u2013 rollende Schlafzimmer f\u00fcr flexible Camper - Schlanser Magazin\",\"isPartOf\":{\"@id\":\"https:\/\/www.schlanser.ch\/magazin\/#website\"},\"primaryImageOfPage\":{\"@id\":\"https:\/\/www.schlanser.ch\/magazin\/kompakte-camper\/#primaryimage\"},\"image\":{\"@id\":\"https:\/\/www.schlanser.ch\/magazin\/kompakte-camper\/#primaryimage\"},\"thumbnailUrl\":\"https:\/\/www.schlanser.ch\/magazin\/wp-content\/uploads\/2025\/11\/remis-remicare-tuer-insektenschutz-mit-tischschiene-fuer-fiat-ducato-x250-x290-1435-x-1080-mm.jpg\",\"datePublished\":\"2023-11-28T09:00:32+00:00\",\"dateModified\":\"2024-01-23T23:39:09+00:00\",\"author\":{\"@id\":\"https:\/\/www.schlanser.ch\/magazin\/#\/schema\/person\/000db0a103eb2594ba3daf394b1dfea2\"},\"description\":\"Kompakte Camper machen das Reisen einfach und agil. \u2714 Alles zu den beliebtesten Campern & Vans f\u00fcr die n\u00e4chsten Abenteuer | schlanser.ch\",\"breadcrumb\":{\"@id\":\"https:\/\/www.schlanser.ch\/magazin\/kompakte-camper\/#breadcrumb\"},\"inLanguage\":\"de-DE\",\"potentialAction\":[{\"@type\":\"ReadAction\",\"target\":[\"https:\/\/www.schlanser.ch\/magazin\/kompakte-camper\/\"]}]},{\"@type\":\"ImageObject\",\"inLanguage\":\"de-DE\",\"@id\":\"https:\/\/www.schlanser.ch\/magazin\/kompakte-camper\/#primaryimage\",\"url\":\"https:\/\/www.schlanser.ch\/magazin\/wp-content\/uploads\/2025\/11\/remis-remicare-tuer-insektenschutz-mit-tischschiene-fuer-fiat-ducato-x250-x290-1435-x-1080-mm.jpg\",\"contentUrl\":\"https:\/\/www.schlanser.ch\/magazin\/wp-content\/uploads\/2025\/11\/remis-remicare-tuer-insektenschutz-mit-tischschiene-fuer-fiat-ducato-x250-x290-1435-x-1080-mm.jpg\",\"width\":620,\"height\":355,\"caption\":\"Fiat Ducato - Kompakte Camper \u2013 rollende Schlafzimmer f\u00fcr flexible Camper\"},{\"@type\":\"BreadcrumbList\",\"@id\":\"https:\/\/www.schlanser.ch\/magazin\/kompakte-camper\/#breadcrumb\",\"itemListElement\":[{\"@type\":\"ListItem\",\"position\":1,\"name\":\"Startseite\",\"item\":\"https:\/\/www.schlanser.ch\/magazin\/\"},{\"@type\":\"ListItem\",\"position\":2,\"name\":\"Kompakte Camper \u2013 rollende Schlafzimmer f\u00fcr flexible Camper\"}]},{\"@type\":\"WebSite\",\"@id\":\"https:\/\/www.schlanser.ch\/magazin\/#website\",\"url\":\"https:\/\/www.schlanser.ch\/magazin\/\",\"name\":\"Schlanser Magazin\",\"description\":\"\",\"potentialAction\":[{\"@type\":\"SearchAction\",\"target\":{\"@type\":\"EntryPoint\",\"urlTemplate\":\"https:\/\/www.schlanser.ch\/magazin\/?s={search_term_string}\"},\"query-input\":\"required name=search_term_string\"}],\"inLanguage\":\"de-DE\"},{\"@type\":\"Person\",\"@id\":\"https:\/\/www.schlanser.ch\/magazin\/#\/schema\/person\/000db0a103eb2594ba3daf394b1dfea2\",\"name\":\"admin\",\"image\":{\"@type\":\"ImageObject\",\"inLanguage\":\"de-DE\",\"@id\":\"https:\/\/www.schlanser.ch\/magazin\/#\/schema\/person\/image\/\",\"url\":\"https:\/\/secure.gravatar.com\/avatar\/a794a4fe8a9b9c52241597eb381dfa2e?s=96&d=mm&r=g\",\"contentUrl\":\"https:\/\/secure.gravatar.com\/avatar\/a794a4fe8a9b9c52241597eb381dfa2e?s=96&d=mm&r=g\",\"caption\":\"admin\"}}]}<\/script>\n<!-- \/ Yoast SEO plugin. -->","yoast_head_json":{"title":"Kompakte Camper \u2013 rollende Schlafzimmer f\u00fcr flexible Camper - Schlanser Magazin","description":"Kompakte Camper machen das Reisen einfach und agil. \u2714 Alles zu den beliebtesten Campern & Vans f\u00fcr die n\u00e4chsten Abenteuer | schlanser.ch","robots":{"index":"index","follow":"follow","max-snippet":"max-snippet:-1","max-image-preview":"max-image-preview:large","max-video-preview":"max-video-preview:-1"},"canonical":"https:\/\/www.schlanser.ch\/magazin\/kompakte-camper\/","og_locale":"de_DE","og_type":"article","og_title":"Kompakte Camper \u2013 rollende Schlafzimmer f\u00fcr flexible Camper - Schlanser Magazin","og_description":"Kompakte Camper machen das Reisen einfach und agil. \u2714 Alles zu den beliebtesten Campern & Vans f\u00fcr die n\u00e4chsten Abenteuer | schlanser.ch","og_url":"https:\/\/www.schlanser.ch\/magazin\/kompakte-camper\/","og_site_name":"Schlanser Magazin","article_published_time":"2023-11-28T09:00:32+00:00","article_modified_time":"2024-01-23T23:39:09+00:00","og_image":[{"width":620,"height":355,"url":"https:\/\/www.schlanser.ch\/magazin\/wp-content\/uploads\/2025\/11\/remis-remicare-tuer-insektenschutz-mit-tischschiene-fuer-fiat-ducato-x250-x290-1435-x-1080-mm.jpg","type":"image\/jpeg"}],"author":"admin","twitter_card":"summary_large_image","twitter_misc":{"Verfasst von":"admin","Gesch\u00e4tzte Lesezeit":"8 Minuten"},"schema":{"@context":"https:\/\/schema.org","@graph":[{"@type":"WebPage","@id":"https:\/\/www.schlanser.ch\/magazin\/kompakte-camper\/","url":"https:\/\/www.schlanser.ch\/magazin\/kompakte-camper\/","name":"Kompakte Camper \u2013 rollende Schlafzimmer f\u00fcr flexible Camper - Schlanser Magazin","isPartOf":{"@id":"https:\/\/www.schlanser.ch\/magazin\/#website"},"primaryImageOfPage":{"@id":"https:\/\/www.schlanser.ch\/magazin\/kompakte-camper\/#primaryimage"},"image":{"@id":"https:\/\/www.schlanser.ch\/magazin\/kompakte-camper\/#primaryimage"},"thumbnailUrl":"https:\/\/www.schlanser.ch\/magazin\/wp-content\/uploads\/2025\/11\/remis-remicare-tuer-insektenschutz-mit-tischschiene-fuer-fiat-ducato-x250-x290-1435-x-1080-mm.jpg","datePublished":"2023-11-28T09:00:32+00:00","dateModified":"2024-01-23T23:39:09+00:00","author":{"@id":"https:\/\/www.schlanser.ch\/magazin\/#\/schema\/person\/000db0a103eb2594ba3daf394b1dfea2"},"description":"Kompakte Camper machen das Reisen einfach und agil. \u2714 Alles zu den beliebtesten Campern & Vans f\u00fcr die n\u00e4chsten Abenteuer | schlanser.ch","breadcrumb":{"@id":"https:\/\/www.schlanser.ch\/magazin\/kompakte-camper\/#breadcrumb"},"inLanguage":"de-DE","potentialAction":[{"@type":"ReadAction","target":["https:\/\/www.schlanser.ch\/magazin\/kompakte-camper\/"]}]},{"@type":"ImageObject","inLanguage":"de-DE","@id":"https:\/\/www.schlanser.ch\/magazin\/kompakte-camper\/#primaryimage","url":"https:\/\/www.schlanser.ch\/magazin\/wp-content\/uploads\/2025\/11\/remis-remicare-tuer-insektenschutz-mit-tischschiene-fuer-fiat-ducato-x250-x290-1435-x-1080-mm.jpg","contentUrl":"https:\/\/www.schlanser.ch\/magazin\/wp-content\/uploads\/2025\/11\/remis-remicare-tuer-insektenschutz-mit-tischschiene-fuer-fiat-ducato-x250-x290-1435-x-1080-mm.jpg","width":620,"height":355,"caption":"Fiat Ducato - Kompakte Camper \u2013 rollende Schlafzimmer f\u00fcr flexible Camper"},{"@type":"BreadcrumbList","@id":"https:\/\/www.schlanser.ch\/magazin\/kompakte-camper\/#breadcrumb","itemListElement":[{"@type":"ListItem","position":1,"name":"Startseite","item":"https:\/\/www.schlanser.ch\/magazin\/"},{"@type":"ListItem","position":2,"name":"Kompakte Camper \u2013 rollende Schlafzimmer f\u00fcr flexible Camper"}]},{"@type":"WebSite","@id":"https:\/\/www.schlanser.ch\/magazin\/#website","url":"https:\/\/www.schlanser.ch\/magazin\/","name":"Schlanser Magazin","description":"","potentialAction":[{"@type":"SearchAction","target":{"@type":"EntryPoint","urlTemplate":"https:\/\/www.schlanser.ch\/magazin\/?s={search_term_string}"},"query-input":"required name=search_term_string"}],"inLanguage":"de-DE"},{"@type":"Person","@id":"https:\/\/www.schlanser.ch\/magazin\/#\/schema\/person\/000db0a103eb2594ba3daf394b1dfea2","name":"admin","image":{"@type":"ImageObject","inLanguage":"de-DE","@id":"https:\/\/www.schlanser.ch\/magazin\/#\/schema\/person\/image\/","url":"https:\/\/secure.gravatar.com\/avatar\/a794a4fe8a9b9c52241597eb381dfa2e?s=96&d=mm&r=g","contentUrl":"https:\/\/secure.gravatar.com\/avatar\/a794a4fe8a9b9c52241597eb381dfa2e?s=96&d=mm&r=g","caption":"admin"}}]}},"_links":{"self":[{"href":"https:\/\/www.schlanser.ch\/magazin\/wp-json\/wp\/v2\/posts\/16579"}],"collection":[{"href":"https:\/\/www.schlanser.ch\/magazin\/wp-json\/wp\/v2\/posts"}],"about":[{"href":"https:\/\/www.schlanser.ch\/magazin\/wp-json\/wp\/v2\/types\/post"}],"author":[{"embeddable":true,"href":"https:\/\/www.schlanser.ch\/magazin\/wp-json\/wp\/v2\/users\/1"}],"replies":[{"embeddable":true,"href":"https:\/\/www.schlanser.ch\/magazin\/wp-json\/wp\/v2\/comments?post=16579"}],"version-history":[{"count":17,"href":"https:\/\/www.schlanser.ch\/magazin\/wp-json\/wp\/v2\/posts\/16579\/revisions"}],"predecessor-version":[{"id":16612,"href":"https:\/\/www.schlanser.ch\/magazin\/wp-json\/wp\/v2\/posts\/16579\/revisions\/16612"}],"wp:featuredmedia":[{"embeddable":true,"href":"https:\/\/www.schlanser.ch\/magazin\/wp-json\/wp\/v2\/media\/16597"}],"wp:attachment":[{"href":"https:\/\/www.schlanser.ch\/magazin\/wp-json\/wp\/v2\/media?parent=16579"}],"wp:term":[{"taxonomy":"category","embeddable":true,"href":"https:\/\/www.schlanser.ch\/magazin\/wp-json\/wp\/v2\/categories?post=16579"},{"taxonomy":"post_tag","embeddable":true,"href":"https:\/\/www.schlanser.ch\/magazin\/wp-json\/wp\/v2\/tags?post=16579"}],"curies":[{"name":"wp","href":"https:\/\/api.w.org\/{rel}","templated":true}]}}