{"id":17621,"date":"2024-03-05T16:50:53","date_gmt":"2024-03-05T15:50:53","guid":{"rendered":"https:\/\/www.schlanser.ch\/magazin\/?p=17621"},"modified":"2024-03-05T16:52:55","modified_gmt":"2024-03-05T15:52:55","slug":"camping-auf-zypern","status":"publish","type":"post","link":"https:\/\/www.schlanser.ch\/magazin\/camping-auf-zypern\/","title":{"rendered":"Camping auf Zypern"},"content":{"rendered":"<h2>\u00bb Sonneninsel mit naturnahen Campingpl\u00e4tzen \u00bb<\/h2>\n<p style=\"text-align: justify;\"><strong>An der S\u00fcdk\u00fcste stieg einst Aphrodite aus dem Wasser \u2013 als g\u00f6ttlicher Inbegriff von sinnlicher Begierde, Liebe und Sch\u00f6nheit. Wer Zypern besucht, seufzt kurz nach der Ankunft auf: Ihre Attribute haben sich offensichtlich auf die drittgr\u00f6sste Mittelmeerinsel \u00fcbertragen. Die idyllischen Panoramen sind so sch\u00f6n wie die lebendigen St\u00e4dte. Unwiderstehlich sind die zypriotischen Spezialit\u00e4ten, bei denen die Schlemmerlust kaum abebbt. Im Sturm erobert die Inselkultur das Herz. Sie ist so facettenreich, dass f\u00fcr ihre Entdeckung ein Urlaub kaum ausreicht.<\/strong><\/p>\n<h2>Vom Norden bis zum S\u00fcden eine Reise wert!<\/h2>\n<p style=\"text-align: justify;\">Der Inselstaat ist vom Mittelmeer umgeben, wodurch es reichlich traumhafte Sandstr\u00e4nde und verwunschene Badebuchten gibt. Das europ\u00e4ische Festland liegt genauso vor der T\u00fcr wie Asien und Afrika. \u00c4gypter, Griechen, R\u00f6mer oder Osmanen: W\u00e4hrend der rund 11.000-j\u00e4hrigen Geschichte eroberten sich verschiedenste V\u00f6lker das begehrte Eiland und hinterliessen ihre Spuren. Die Kirchen von Troodos, K\u00f6nigsgr\u00e4ber in Paphos oder venezianische Festung von Kyrenia: Beeindruckende Sehensw\u00fcrdigkeiten sind die Quintessenz der bewegten Historie.<\/p>\n<figure id=\"attachment_17626\" aria-describedby=\"caption-attachment-17626\" style=\"width: 620px\" class=\"wp-caption aligncenter\"><img loading=\"lazy\" decoding=\"async\" class=\"wp-image-17626 size-full\" title=\"Die Festung Kyrenia\" src=\"https:\/\/www.schlanser.ch\/magazin\/wp-content\/uploads\/2026\/01\/Festung-von-Kyrenia.jpg\" alt=\"Festung-von-Kyrenia\" width=\"620\" height=\"412\" srcset=\"https:\/\/www.schlanser.ch\/magazin\/wp-content\/uploads\/2026\/01\/Festung-von-Kyrenia.jpg 620w, https:\/\/www.schlanser.ch\/magazin\/wp-content\/uploads\/2026\/01\/Festung-von-Kyrenia-300x199.jpg 300w, https:\/\/www.schlanser.ch\/magazin\/wp-content\/uploads\/2026\/01\/Festung-von-Kyrenia-310x205.jpg 310w\" sizes=\"(max-width: 620px) 100vw, 620px\" \/><figcaption id=\"caption-attachment-17626\" class=\"wp-caption-text\">\u00a9 nejdetduzen &#8211; stock.adobe.com<\/figcaption><\/figure>\n<p style=\"text-align: justify;\">Heutzutage z\u00e4hlt S\u00fcdzypern zur Europ\u00e4ischen Union und zu den popul\u00e4ren Reisedestinationen, die sich nicht zuletzt f\u00fcr den Badeurlaub oder das Tauchen empfehlen. Nordzypern begreift sich selbst als unabh\u00e4ngige Republik mit politischer N\u00e4he zur T\u00fcrkei und gilt bei Globetrottern als Insidertipp. Jenseits der Hauptsaison pr\u00e4sentiert sich der kilometerlange &#8222;Goldene Strand&#8220; an der Spitze der Karpass-Halbinsel menschenleer, der mit hohen D\u00fcnen aufwartet. Entz\u00fcckend urspr\u00fcnglich sind im Norden vielerorts die Landschaften und St\u00e4dtchen, die jenseits der touristischen Trampelpfade zur Entschleunigung verf\u00fchren.<\/p>\n<figure id=\"attachment_17628\" aria-describedby=\"caption-attachment-17628\" style=\"width: 620px\" class=\"wp-caption aligncenter\"><img loading=\"lazy\" decoding=\"async\" class=\"wp-image-17628 size-full\" title=\"Strand im Nordosten Zypern (Karpas Halbinsel)\" src=\"https:\/\/www.schlanser.ch\/magazin\/wp-content\/uploads\/2026\/01\/Karpass-Strand-Zypern.jpg\" alt=\"Zypern Strand\" width=\"620\" height=\"349\" srcset=\"https:\/\/www.schlanser.ch\/magazin\/wp-content\/uploads\/2026\/01\/Karpass-Strand-Zypern.jpg 620w, https:\/\/www.schlanser.ch\/magazin\/wp-content\/uploads\/2026\/01\/Karpass-Strand-Zypern-300x169.jpg 300w\" sizes=\"(max-width: 620px) 100vw, 620px\" \/><figcaption id=\"caption-attachment-17628\" class=\"wp-caption-text\">\u00a9 \u0410\u043b\u0438\u043d\u0430 \u0411\u0438\u0442\u0442\u0430 &#8211; stock.adobe.com<\/figcaption><\/figure>\n<h2>Alle charmant und jede einzigartig &#8211; zypriotische St\u00e4dte wie Agia Napa, Nikosia und Lanarka<\/h2>\n<p style=\"text-align: justify;\">Wenn der Beruf endlich Sendepause hat, sehnt man sich zuerst nach purer Idylle. Hat sich der Stress verfl\u00fcchtigt, scheint auch urbanes Flair reizvoll. Der Vorteil beim Camping auf Zypern: Die Distanzen sind bei einer L\u00e4nge von etwa 225 km und Breite von 90 km \u00fcberschaubar. Bequem kann man im Urlaub mehrere Ausfl\u00fcge unternehmen.<\/p>\n<p style=\"text-align: justify;\">Es geht nichts \u00fcber St\u00e4dte mit Meeresbrise, oder? Mit der Traumkombination warten drei beliebte Citys der mediterranen Insel auf. Limassol (Lemesos) zeigt sich vielerorts quirlig mit den H\u00e4fen, vielf\u00e4ltigen Restaurants und zahlreichen Bars. Steht das Vergn\u00fcgen beim Urlaub im Vordergrund, ist Agia Napa perfekt. Das bekannte Touristenzentrum an der S\u00fcdostk\u00fcste l\u00e4sst keine W\u00fcnsche offen, was f\u00fcrs Am\u00fcsement genauso gilt wie die Str\u00e4nde.<\/p>\n<figure id=\"attachment_17630\" aria-describedby=\"caption-attachment-17630\" style=\"width: 620px\" class=\"wp-caption aligncenter\"><img loading=\"lazy\" decoding=\"async\" class=\"wp-image-17630 size-full\" title=\"Agia Napa, im Osten Zyperns\" src=\"https:\/\/www.schlanser.ch\/magazin\/wp-content\/uploads\/2026\/01\/Ayia-Napa.jpg\" alt=\"Ayia Napa - Camping auf Zypern\" width=\"620\" height=\"371\" srcset=\"https:\/\/www.schlanser.ch\/magazin\/wp-content\/uploads\/2026\/01\/Ayia-Napa.jpg 620w, https:\/\/www.schlanser.ch\/magazin\/wp-content\/uploads\/2026\/01\/Ayia-Napa-300x180.jpg 300w\" sizes=\"(max-width: 620px) 100vw, 620px\" \/><figcaption id=\"caption-attachment-17630\" class=\"wp-caption-text\">\u00a9 Serenity-H &#8211; stock.adobe.com<\/figcaption><\/figure>\n<p style=\"text-align: justify;\">Wecken die Legenden rund um Aphrodite die Neugier? Bedeutende Monumente und St\u00e4tten mit Link zur G\u00f6ttin entdeckt man in und rund um Paphos (Pafos). Die einstige Hauptstadt liegt an der s\u00fcdwestlichen K\u00fcste und ist reich gespickt mit Kulturattraktionen.<\/p>\n<p style=\"text-align: justify;\">Lanarka (Lanarca) streifen viele Urlauber lediglich, um die Flamingos am nahe gelegenen Salzsee zu beobachten. Schade! Denn die zypriotische City besticht mit ihrem authentischen Ambiente, weil ihre tollen Einkaufsm\u00f6glichkeiten und palmenges\u00e4umten Promenaden vor allem Einheimische lieben.<\/p>\n<figure id=\"attachment_17632\" aria-describedby=\"caption-attachment-17632\" style=\"width: 620px\" class=\"wp-caption aligncenter\"><img loading=\"lazy\" decoding=\"async\" class=\"wp-image-17632 size-full\" title=\"Lanarka, Hafenstadt im S\u00fcdosten der Mittelmeerinsel Zypern \" src=\"https:\/\/www.schlanser.ch\/magazin\/wp-content\/uploads\/2026\/01\/Larnaca.jpg\" alt=\"Larnaca - Camping auf Zypern\" width=\"620\" height=\"388\" srcset=\"https:\/\/www.schlanser.ch\/magazin\/wp-content\/uploads\/2026\/01\/Larnaca.jpg 620w, https:\/\/www.schlanser.ch\/magazin\/wp-content\/uploads\/2026\/01\/Larnaca-300x188.jpg 300w\" sizes=\"(max-width: 620px) 100vw, 620px\" \/><figcaption id=\"caption-attachment-17632\" class=\"wp-caption-text\">Von A.Savin &#8211; Eigenes Werk, FAL, https:\/\/commons.wikimedia.org\/w\/index.php?curid=55241132<\/figcaption><\/figure>\n<p style=\"text-align: justify;\">Wer spannende Gegens\u00e4tze liebt, l\u00e4sst sich Nikosia (Lefkosia) im Landesinneren nicht entgehen. Hier umgarnt die Inselhauptstadt die Sinne mit mittelalterlicher Beschaulichkeit, dort wirkt sie wie eine pulsierende Metropole.<\/p>\n<h2>Natur pur &#8211; hier pittoresk, dort k\u00f6stlich<\/h2>\n<p style=\"text-align: justify;\">Kaum l\u00e4sst man die Touristenzentren hinter sich, wird es bei den Ferien auf Zypern idyllisch. Oft gen\u00fcgen wenige Kilometer, um mitten zwischen Olivenhainen und Obstplantagen zu stehen. Bei der Fahrt ins Blaue kann man sich kaum entscheiden: Sind die malerischen Bergd\u00f6rfer oder die dramatischen K\u00fcstenpanoramen sch\u00f6ner?<\/p>\n<p style=\"text-align: justify;\">Feinschmecker, die sich f\u00fcrs Camping auf Zypern entscheiden, lassen sich ein Highlight nicht entgehen: die Weinstrasse. Sie f\u00fchrt im Bezirk Limassol an beschaulichen D\u00f6rfern wie Souni-Zanakia, Lofou, Omodos und Avdimou vorbei, die sich dem Anbau meist einheimischer Rebsorten widmen. Bis auf 1.952 m erhebt sich der Gipfel vom Olympos im Troodos-Gebirge, das f\u00fcr Wandertouren geschaffen ist. Wundervoll sind dort Kirchen, Kl\u00f6ster und Gebirgsd\u00f6rfer in die Natur eingebettet, bei der die Kiefern den Ton angeben.<\/p>\n<figure id=\"attachment_17636\" aria-describedby=\"caption-attachment-17636\" style=\"width: 620px\" class=\"wp-caption aligncenter\"><img loading=\"lazy\" decoding=\"async\" class=\"wp-image-17636 size-full\" title=\"Als Insel hat Zypern insbesondere Fisch und Meeresfr\u00fcchte auf der Speisekarte\" src=\"https:\/\/www.schlanser.ch\/magazin\/wp-content\/uploads\/2026\/01\/Meeresfruehcte-Restaurant-Zypern.jpg\" alt=\"Meeresfruechte-Restaurant-Zypern - Camping auf Zypern\" width=\"620\" height=\"442\" srcset=\"https:\/\/www.schlanser.ch\/magazin\/wp-content\/uploads\/2026\/01\/Meeresfruehcte-Restaurant-Zypern.jpg 620w, https:\/\/www.schlanser.ch\/magazin\/wp-content\/uploads\/2026\/01\/Meeresfruehcte-Restaurant-Zypern-300x214.jpg 300w\" sizes=\"(max-width: 620px) 100vw, 620px\" \/><figcaption id=\"caption-attachment-17636\" class=\"wp-caption-text\">\u00a9 natalia_maroz &#8211; stock.adobe.com<\/figcaption><\/figure>\n<h2>Campieren auf Zypern: naturnah und unkompliziert<\/h2>\n<p style=\"text-align: justify;\">Single-Reise, P\u00e4rchen-Urlaub oder Ferien mit der Familie: Das einst beschauliche Fischerdorf Agia Napa im Bezirk Famagusta bietet neben vielen Str\u00e4nden abwechslungsreiches Vergn\u00fcgen \u2013 tags\u00fcber und nachts. Camping-Erfahrungen in \u00e4hnlichen Destinationen legen nahe, dass sich in Zyperns beliebtem Touristenzentrum die Glamping-Pl\u00e4tze aneinanderreihen. Die Vermutung zielt an der Realit\u00e4t vorbei. Generell ist auf der Insel die Zahl der offiziellen Campingpl\u00e4tze \u00fcberschaubar. Typisch f\u00fcr den zypriotischen Stil sind:<\/p>\n<ul>\n<li>Polis Camping Site<\/li>\n<li>Aphrodite Family Eco Camping<\/li>\n<li>Platania Campsite.<\/li>\n<\/ul>\n<p style=\"text-align: justify;\">Der Polis Camping Site im Bezirk Paphos bietet Stellpl\u00e4tze f\u00fcr <a href=\"https:\/\/www.schlanser.ch\/zelte\/campingzelte\/\">Zelte<\/a> und Wohnmobile, die in einem kleinen Eukalyptuswald verteilt sind. Duschen, Toiletten, Minimarkt und Snackbar: F\u00fcr die wesentlichen Bed\u00fcrfnisse ist gesorgt, wobei sich die Ausstattung simpel pr\u00e4sentiert und das gastronomische Angebot auf die Hauptsaison fokussiert.<\/p>\n<p style=\"text-align: justify;\">Genauso wie der Polis Camping Site befindet sich der Aphrodite Family Eco Camping in Strandn\u00e4he und im Bezirk Paphos. Einheimische betreiben das Kleinod mit Campingstellpl\u00e4tzen und Holzh\u00fctten, um Ferien im Einklang mit der Natur zu erm\u00f6glichen. Gastfreundschaft wird gross geschrieben, aber auch der Umweltschutz. Denn das Gebiet rund um den Aphrodite Family Eco Camping wird f\u00fcr seine landschaftlichen Kontraste zwischen Bergen und Meer genauso gesch\u00e4tzt wie die Artenvielfalt.<\/p>\n<p><a href=\"https:\/\/www.schlanser.ch\/zelte\/campingzelte\/familienzelte\/212671\/dwt-steilwandzelt-villa-4\"><img loading=\"lazy\" decoding=\"async\" class=\"aligncenter wp-image-17634 size-full\" title=\"DWT Steilwandzelt Villa 4\" src=\"https:\/\/www.schlanser.ch\/magazin\/wp-content\/uploads\/2026\/01\/dwt-steilwandzelt-villa-4.jpg\" alt=\"DWT Steilwandzelt Villa 4\" width=\"620\" height=\"388\" srcset=\"https:\/\/www.schlanser.ch\/magazin\/wp-content\/uploads\/2026\/01\/dwt-steilwandzelt-villa-4.jpg 620w, https:\/\/www.schlanser.ch\/magazin\/wp-content\/uploads\/2026\/01\/dwt-steilwandzelt-villa-4-300x188.jpg 300w\" sizes=\"(max-width: 620px) 100vw, 620px\" \/><\/a><\/p>\n<p style=\"text-align: justify;\">Mehrere Campingpl\u00e4tze in den Distrikten Limassol und Nikosia laden dazu ein, das Troodos-Gebirge mit dem Wanderschuh zu erkunden \u2013 zum Beispiel der Platania Campsite mit Sanit\u00e4reinrichtungen, Einkaufsgelegenheit, Picknickb\u00e4nken und Kinderspielplatz. Er ist verwunschen in der Gebirgsnatur circa f\u00fcnf Kilometer vom beliebten Dorf Kakopetria gelegen, das mit gem\u00fctlichen Tavernen und urigen Kaffeeh\u00e4usern gespickt ist.<\/p>\n<p style=\"text-align: justify;\">Zypern beeindruckt mit 300 Sonnentagen im Jahr. Die Temperaturen von Wasser und Luft eignen sich auch im November f\u00fcr einen Badeurlaub. Wer dem nasskalten Herbst- und Winterwetter der Schweiz entfliehen m\u00f6chte, horcht in diesem Moment auf. Den Traum der Sonnenanbeter bremst die Infrastruktur aus: Die offiziellen Pl\u00e4tze sind regul\u00e4r nur vom Fr\u00fchjahr (M\u00e4rz oder Mai) bis zum Fr\u00fchherbst (September oder Oktober) ge\u00f6ffnet. Manchmal wird die Saison spontan verl\u00e4ngert, wenn das Sonnenwetter und der Besucherstrom anhalten.<\/p>\n<p><a href=\"https:\/\/www.schlanser.ch\/zelte\/campingzelte\/3-personen-zelte\/212800\/camptime-uranus-3-kuppelzelt\" class=\"broken_link\"><img loading=\"lazy\" decoding=\"async\" class=\"aligncenter wp-image-17641 size-full\" title=\"Camptime Uranus 3 Kuppelzelt\" src=\"https:\/\/www.schlanser.ch\/magazin\/wp-content\/uploads\/2026\/01\/camptime-uranus-3-kuppelzelt.jpg\" alt=\"Camptime Uranus 3 Kuppelzelt\" width=\"620\" height=\"388\" srcset=\"https:\/\/www.schlanser.ch\/magazin\/wp-content\/uploads\/2026\/01\/camptime-uranus-3-kuppelzelt.jpg 620w, https:\/\/www.schlanser.ch\/magazin\/wp-content\/uploads\/2026\/01\/camptime-uranus-3-kuppelzelt-300x188.jpg 300w\" sizes=\"(max-width: 620px) 100vw, 620px\" \/><\/a><\/p>\n<h2>Rundreise mit der F\u00e4hre oder Naturabenteuer per Campingflug<\/h2>\n<p style=\"text-align: justify;\">F\u00fcr einen flinken Abstecher in den Schweizer Ferien eignet sich Zypern mit einer Luftlinien-Entfernung von rund 2.500 Kilometern gewiss nicht. Es lohnt sich aber, den Inselstaat in eine Rundtour durch Griechenland und die T\u00fcrkei einzubeziehen. Seit 2022 verkehrt von Juni bis September eher sporadisch eine griechische F\u00e4hre zwischen den H\u00e4fen Pir\u00e4us und Limassol, die rund 30 Stunden unterwegs ist.<\/p>\n<p style=\"text-align: justify;\">Ganzj\u00e4hrig und mehrmals w\u00f6chentlich steuert der Anbieter Akg\u00fcnler Denizcilik von den t\u00fcrkischen H\u00e4fen in Tasucu (bei Alanya) und Mersin die nordzypriotische Hafenstadt Kyrenia (Girne) an. Der Fahrplan variiert saisonal, w\u00e4hrend die Fahrzeit zwischen 2,5 und 6 Stunden davon abh\u00e4ngig ist, ob man eine klassische F\u00e4hre oder ein Schnellboot w\u00e4hlt.<\/p>\n<figure id=\"attachment_17643\" aria-describedby=\"caption-attachment-17643\" style=\"width: 620px\" class=\"wp-caption aligncenter\"><img loading=\"lazy\" decoding=\"async\" class=\"wp-image-17643 size-full\" title=\"Von Griechenland und der T\u00fcrkei kann man Zypern mit einer F\u00e4hre erreichen\" src=\"https:\/\/www.schlanser.ch\/magazin\/wp-content\/uploads\/2026\/01\/Schiffsheck-mit-Zypern-Flagge.jpg\" alt=\"Schiffsheck-mit-Zypern-Flagge\" width=\"620\" height=\"413\" srcset=\"https:\/\/www.schlanser.ch\/magazin\/wp-content\/uploads\/2026\/01\/Schiffsheck-mit-Zypern-Flagge.jpg 620w, https:\/\/www.schlanser.ch\/magazin\/wp-content\/uploads\/2026\/01\/Schiffsheck-mit-Zypern-Flagge-300x200.jpg 300w\" sizes=\"(max-width: 620px) 100vw, 620px\" \/><figcaption id=\"caption-attachment-17643\" class=\"wp-caption-text\">\u00a9 Fotokon &#8211; stock.adobe.com<\/figcaption><\/figure>\n<p style=\"text-align: justify;\">Sprengt eine Rundreise das Zeitbudget? Die Wetterbedingungen sind im sonnenverw\u00f6hnten Zypern fabelhaft und die Natureindr\u00fccke genauso vielf\u00e4ltig wie die Sehensw\u00fcrdigkeiten. Hat man das mediterrane Reiseziel erreicht, versp\u00fcrt man kaum das Bed\u00fcrfnis nach einem R\u00fcckzugsort. Das spricht daf\u00fcr, zu den Wurzeln des Campings zur\u00fcckzukehren. Ein <a href=\"https:\/\/www.schlanser.ch\/zelte\/campingzelte\/leicht-trekkingzelte\/\">ultraleichtes Kuppel- oder Trekkingzelt<\/a> und <a href=\"https:\/\/www.schlanser.ch\/outdoor-freizeit\/\">minimalistisches Equipment f\u00fcrs Schlafen<\/a> und Kochen gen\u00fcgen vollkommen, um unvergesslich sch\u00f6ne Ferien auf Zypern zu verbringen.<\/p>\n<p><a href=\"https:\/\/www.schlanser.ch\/outdoor-freizeit\/schlafsaecke-matten\/iso-campingmatten\/24641\/berger-comfort-duo-selbstaufblasende-matte-196-x-130-x-5-cm-blau\"><img loading=\"lazy\" decoding=\"async\" class=\"aligncenter wp-image-17645 size-full\" title=\"Berger Comfort Duo Selbstaufblasende Matte 196 x 130 x 5 cm blau\" src=\"https:\/\/www.schlanser.ch\/magazin\/wp-content\/uploads\/2026\/01\/berger-comfort-duo-selbstaufblasende-matte-196-x-130-x-5-cm-blau.jpg\" alt=\"Berger Comfort Duo Selbstaufblasende Matte 196 x 130 x 5 cm blau\" width=\"620\" height=\"278\" srcset=\"https:\/\/www.schlanser.ch\/magazin\/wp-content\/uploads\/2026\/01\/berger-comfort-duo-selbstaufblasende-matte-196-x-130-x-5-cm-blau.jpg 620w, https:\/\/www.schlanser.ch\/magazin\/wp-content\/uploads\/2026\/01\/berger-comfort-duo-selbstaufblasende-matte-196-x-130-x-5-cm-blau-300x135.jpg 300w\" sizes=\"(max-width: 620px) 100vw, 620px\" \/><\/a><\/p>\n","protected":false},"excerpt":{"rendered":"<p>\u00bb Sonneninsel mit naturnahen Campingpl\u00e4tzen \u00bb An der S\u00fcdk\u00fcste stieg einst Aphrodite aus dem Wasser \u2013 als g\u00f6ttlicher Inbegriff von sinnlicher Begierde, Liebe und Sch\u00f6nheit. Wer Zypern besucht, seufzt kurz nach der Ankunft auf: Ihre Attribute haben sich offensichtlich auf die drittgr\u00f6sste Mittelmeerinsel \u00fcbertragen. Die idyllischen Panoramen sind so sch\u00f6n wie die lebendigen St\u00e4dte. Unwiderstehlich &hellip;<\/p>\n","protected":false},"author":1,"featured_media":17624,"comment_status":"closed","ping_status":"open","sticky":false,"template":"","format":"standard","meta":{"footnotes":""},"categories":[2],"tags":[2506,2499,897,895,2504,979,2505,2507,2503,1001,2502],"yoast_head":"<!-- This site is optimized with the Yoast SEO plugin v22.2 - https:\/\/yoast.com\/wordpress\/plugins\/seo\/ -->\n<title>Camping auf Zypern - Schlanser Magazin<\/title>\n<meta name=\"description\" content=\"Wo campt man auf Zypern? Was muss man auf der Sonneninsel sehen? Tipps f\u00fcr alle Caravan-Freunde in unserem Campingmagazin | schlanser.ch\" \/>\n<meta name=\"robots\" content=\"index, follow, max-snippet:-1, max-image-preview:large, max-video-preview:-1\" \/>\n<link rel=\"canonical\" href=\"https:\/\/www.schlanser.ch\/magazin\/camping-auf-zypern\/\" \/>\n<meta property=\"og:locale\" content=\"de_DE\" \/>\n<meta property=\"og:type\" content=\"article\" \/>\n<meta property=\"og:title\" content=\"Camping auf Zypern - Schlanser Magazin\" \/>\n<meta property=\"og:description\" content=\"Wo campt man auf Zypern? Was muss man auf der Sonneninsel sehen? Tipps f\u00fcr alle Caravan-Freunde in unserem Campingmagazin | schlanser.ch\" \/>\n<meta property=\"og:url\" content=\"https:\/\/www.schlanser.ch\/magazin\/camping-auf-zypern\/\" \/>\n<meta property=\"og:site_name\" content=\"Schlanser Magazin\" \/>\n<meta property=\"article:published_time\" content=\"2024-03-05T15:50:53+00:00\" \/>\n<meta property=\"article:modified_time\" content=\"2024-03-05T15:52:55+00:00\" \/>\n<meta property=\"og:image\" content=\"https:\/\/www.schlanser.ch\/magazin\/wp-content\/uploads\/2026\/01\/Camping-auf-Zypern.jpg\" \/>\n\t<meta property=\"og:image:width\" content=\"660\" \/>\n\t<meta property=\"og:image:height\" content=\"373\" \/>\n\t<meta property=\"og:image:type\" content=\"image\/jpeg\" \/>\n<meta name=\"author\" content=\"admin\" \/>\n<meta name=\"twitter:card\" content=\"summary_large_image\" \/>\n<meta name=\"twitter:label1\" content=\"Verfasst von\" \/>\n\t<meta name=\"twitter:data1\" content=\"admin\" \/>\n\t<meta name=\"twitter:label2\" content=\"Gesch\u00e4tzte Lesezeit\" \/>\n\t<meta name=\"twitter:data2\" content=\"9 Minuten\" \/>\n<script type=\"application\/ld+json\" class=\"yoast-schema-graph\">{\"@context\":\"https:\/\/schema.org\",\"@graph\":[{\"@type\":\"WebPage\",\"@id\":\"https:\/\/www.schlanser.ch\/magazin\/camping-auf-zypern\/\",\"url\":\"https:\/\/www.schlanser.ch\/magazin\/camping-auf-zypern\/\",\"name\":\"Camping auf Zypern - Schlanser Magazin\",\"isPartOf\":{\"@id\":\"https:\/\/www.schlanser.ch\/magazin\/#website\"},\"primaryImageOfPage\":{\"@id\":\"https:\/\/www.schlanser.ch\/magazin\/camping-auf-zypern\/#primaryimage\"},\"image\":{\"@id\":\"https:\/\/www.schlanser.ch\/magazin\/camping-auf-zypern\/#primaryimage\"},\"thumbnailUrl\":\"https:\/\/www.schlanser.ch\/magazin\/wp-content\/uploads\/2026\/01\/Camping-auf-Zypern.jpg\",\"datePublished\":\"2024-03-05T15:50:53+00:00\",\"dateModified\":\"2024-03-05T15:52:55+00:00\",\"author\":{\"@id\":\"https:\/\/www.schlanser.ch\/magazin\/#\/schema\/person\/000db0a103eb2594ba3daf394b1dfea2\"},\"description\":\"Wo campt man auf Zypern? Was muss man auf der Sonneninsel sehen? Tipps f\u00fcr alle Caravan-Freunde in unserem Campingmagazin | schlanser.ch\",\"breadcrumb\":{\"@id\":\"https:\/\/www.schlanser.ch\/magazin\/camping-auf-zypern\/#breadcrumb\"},\"inLanguage\":\"de-DE\",\"potentialAction\":[{\"@type\":\"ReadAction\",\"target\":[\"https:\/\/www.schlanser.ch\/magazin\/camping-auf-zypern\/\"]}]},{\"@type\":\"ImageObject\",\"inLanguage\":\"de-DE\",\"@id\":\"https:\/\/www.schlanser.ch\/magazin\/camping-auf-zypern\/#primaryimage\",\"url\":\"https:\/\/www.schlanser.ch\/magazin\/wp-content\/uploads\/2026\/01\/Camping-auf-Zypern.jpg\",\"contentUrl\":\"https:\/\/www.schlanser.ch\/magazin\/wp-content\/uploads\/2026\/01\/Camping-auf-Zypern.jpg\",\"width\":660,\"height\":373,\"caption\":\"\u00a9 alexlukin - stock.adobe.com\"},{\"@type\":\"BreadcrumbList\",\"@id\":\"https:\/\/www.schlanser.ch\/magazin\/camping-auf-zypern\/#breadcrumb\",\"itemListElement\":[{\"@type\":\"ListItem\",\"position\":1,\"name\":\"Startseite\",\"item\":\"https:\/\/www.schlanser.ch\/magazin\/\"},{\"@type\":\"ListItem\",\"position\":2,\"name\":\"Camping auf Zypern\"}]},{\"@type\":\"WebSite\",\"@id\":\"https:\/\/www.schlanser.ch\/magazin\/#website\",\"url\":\"https:\/\/www.schlanser.ch\/magazin\/\",\"name\":\"Schlanser Magazin\",\"description\":\"\",\"potentialAction\":[{\"@type\":\"SearchAction\",\"target\":{\"@type\":\"EntryPoint\",\"urlTemplate\":\"https:\/\/www.schlanser.ch\/magazin\/?s={search_term_string}\"},\"query-input\":\"required name=search_term_string\"}],\"inLanguage\":\"de-DE\"},{\"@type\":\"Person\",\"@id\":\"https:\/\/www.schlanser.ch\/magazin\/#\/schema\/person\/000db0a103eb2594ba3daf394b1dfea2\",\"name\":\"admin\",\"image\":{\"@type\":\"ImageObject\",\"inLanguage\":\"de-DE\",\"@id\":\"https:\/\/www.schlanser.ch\/magazin\/#\/schema\/person\/image\/\",\"url\":\"https:\/\/secure.gravatar.com\/avatar\/a794a4fe8a9b9c52241597eb381dfa2e?s=96&d=mm&r=g\",\"contentUrl\":\"https:\/\/secure.gravatar.com\/avatar\/a794a4fe8a9b9c52241597eb381dfa2e?s=96&d=mm&r=g\",\"caption\":\"admin\"}}]}<\/script>\n<!-- \/ Yoast SEO plugin. -->","yoast_head_json":{"title":"Camping auf Zypern - Schlanser Magazin","description":"Wo campt man auf Zypern? Was muss man auf der Sonneninsel sehen? Tipps f\u00fcr alle Caravan-Freunde in unserem Campingmagazin | schlanser.ch","robots":{"index":"index","follow":"follow","max-snippet":"max-snippet:-1","max-image-preview":"max-image-preview:large","max-video-preview":"max-video-preview:-1"},"canonical":"https:\/\/www.schlanser.ch\/magazin\/camping-auf-zypern\/","og_locale":"de_DE","og_type":"article","og_title":"Camping auf Zypern - Schlanser Magazin","og_description":"Wo campt man auf Zypern? Was muss man auf der Sonneninsel sehen? Tipps f\u00fcr alle Caravan-Freunde in unserem Campingmagazin | schlanser.ch","og_url":"https:\/\/www.schlanser.ch\/magazin\/camping-auf-zypern\/","og_site_name":"Schlanser Magazin","article_published_time":"2024-03-05T15:50:53+00:00","article_modified_time":"2024-03-05T15:52:55+00:00","og_image":[{"width":660,"height":373,"url":"https:\/\/www.schlanser.ch\/magazin\/wp-content\/uploads\/2026\/01\/Camping-auf-Zypern.jpg","type":"image\/jpeg"}],"author":"admin","twitter_card":"summary_large_image","twitter_misc":{"Verfasst von":"admin","Gesch\u00e4tzte Lesezeit":"9 Minuten"},"schema":{"@context":"https:\/\/schema.org","@graph":[{"@type":"WebPage","@id":"https:\/\/www.schlanser.ch\/magazin\/camping-auf-zypern\/","url":"https:\/\/www.schlanser.ch\/magazin\/camping-auf-zypern\/","name":"Camping auf Zypern - Schlanser Magazin","isPartOf":{"@id":"https:\/\/www.schlanser.ch\/magazin\/#website"},"primaryImageOfPage":{"@id":"https:\/\/www.schlanser.ch\/magazin\/camping-auf-zypern\/#primaryimage"},"image":{"@id":"https:\/\/www.schlanser.ch\/magazin\/camping-auf-zypern\/#primaryimage"},"thumbnailUrl":"https:\/\/www.schlanser.ch\/magazin\/wp-content\/uploads\/2026\/01\/Camping-auf-Zypern.jpg","datePublished":"2024-03-05T15:50:53+00:00","dateModified":"2024-03-05T15:52:55+00:00","author":{"@id":"https:\/\/www.schlanser.ch\/magazin\/#\/schema\/person\/000db0a103eb2594ba3daf394b1dfea2"},"description":"Wo campt man auf Zypern? Was muss man auf der Sonneninsel sehen? Tipps f\u00fcr alle Caravan-Freunde in unserem Campingmagazin | schlanser.ch","breadcrumb":{"@id":"https:\/\/www.schlanser.ch\/magazin\/camping-auf-zypern\/#breadcrumb"},"inLanguage":"de-DE","potentialAction":[{"@type":"ReadAction","target":["https:\/\/www.schlanser.ch\/magazin\/camping-auf-zypern\/"]}]},{"@type":"ImageObject","inLanguage":"de-DE","@id":"https:\/\/www.schlanser.ch\/magazin\/camping-auf-zypern\/#primaryimage","url":"https:\/\/www.schlanser.ch\/magazin\/wp-content\/uploads\/2026\/01\/Camping-auf-Zypern.jpg","contentUrl":"https:\/\/www.schlanser.ch\/magazin\/wp-content\/uploads\/2026\/01\/Camping-auf-Zypern.jpg","width":660,"height":373,"caption":"\u00a9 alexlukin - stock.adobe.com"},{"@type":"BreadcrumbList","@id":"https:\/\/www.schlanser.ch\/magazin\/camping-auf-zypern\/#breadcrumb","itemListElement":[{"@type":"ListItem","position":1,"name":"Startseite","item":"https:\/\/www.schlanser.ch\/magazin\/"},{"@type":"ListItem","position":2,"name":"Camping auf Zypern"}]},{"@type":"WebSite","@id":"https:\/\/www.schlanser.ch\/magazin\/#website","url":"https:\/\/www.schlanser.ch\/magazin\/","name":"Schlanser Magazin","description":"","potentialAction":[{"@type":"SearchAction","target":{"@type":"EntryPoint","urlTemplate":"https:\/\/www.schlanser.ch\/magazin\/?s={search_term_string}"},"query-input":"required name=search_term_string"}],"inLanguage":"de-DE"},{"@type":"Person","@id":"https:\/\/www.schlanser.ch\/magazin\/#\/schema\/person\/000db0a103eb2594ba3daf394b1dfea2","name":"admin","image":{"@type":"ImageObject","inLanguage":"de-DE","@id":"https:\/\/www.schlanser.ch\/magazin\/#\/schema\/person\/image\/","url":"https:\/\/secure.gravatar.com\/avatar\/a794a4fe8a9b9c52241597eb381dfa2e?s=96&d=mm&r=g","contentUrl":"https:\/\/secure.gravatar.com\/avatar\/a794a4fe8a9b9c52241597eb381dfa2e?s=96&d=mm&r=g","caption":"admin"}}]}},"_links":{"self":[{"href":"https:\/\/www.schlanser.ch\/magazin\/wp-json\/wp\/v2\/posts\/17621"}],"collection":[{"href":"https:\/\/www.schlanser.ch\/magazin\/wp-json\/wp\/v2\/posts"}],"about":[{"href":"https:\/\/www.schlanser.ch\/magazin\/wp-json\/wp\/v2\/types\/post"}],"author":[{"embeddable":true,"href":"https:\/\/www.schlanser.ch\/magazin\/wp-json\/wp\/v2\/users\/1"}],"replies":[{"embeddable":true,"href":"https:\/\/www.schlanser.ch\/magazin\/wp-json\/wp\/v2\/comments?post=17621"}],"version-history":[{"count":18,"href":"https:\/\/www.schlanser.ch\/magazin\/wp-json\/wp\/v2\/posts\/17621\/revisions"}],"predecessor-version":[{"id":17652,"href":"https:\/\/www.schlanser.ch\/magazin\/wp-json\/wp\/v2\/posts\/17621\/revisions\/17652"}],"wp:featuredmedia":[{"embeddable":true,"href":"https:\/\/www.schlanser.ch\/magazin\/wp-json\/wp\/v2\/media\/17624"}],"wp:attachment":[{"href":"https:\/\/www.schlanser.ch\/magazin\/wp-json\/wp\/v2\/media?parent=17621"}],"wp:term":[{"taxonomy":"category","embeddable":true,"href":"https:\/\/www.schlanser.ch\/magazin\/wp-json\/wp\/v2\/categories?post=17621"},{"taxonomy":"post_tag","embeddable":true,"href":"https:\/\/www.schlanser.ch\/magazin\/wp-json\/wp\/v2\/tags?post=17621"}],"curies":[{"name":"wp","href":"https:\/\/api.w.org\/{rel}","templated":true}]}}