{"id":17638,"date":"2024-03-12T10:00:27","date_gmt":"2024-03-12T09:00:27","guid":{"rendered":"https:\/\/www.schlanser.ch\/magazin\/?p=17638"},"modified":"2024-03-05T16:56:02","modified_gmt":"2024-03-05T15:56:02","slug":"wohnwagen-vorzelt-schnell-aufgebaut","status":"publish","type":"post","link":"https:\/\/www.schlanser.ch\/magazin\/wohnwagen-vorzelt-schnell-aufgebaut\/","title":{"rendered":"Wohnwagen-Vorzelt schnell aufgebaut"},"content":{"rendered":"<h2>\u00ab Diese Reisevorzelte sind wirklich mobil und schnell \u00bb<\/h2>\n<p style=\"text-align: justify;\"><strong>Der Gedanke an stundenlanges Hantieren mit sperrigen Gest\u00e4ngen kann die Lust auf einen Kurztrip genauso ausbremsen wie den spontanen Ortswechsel bei der Campingtour. <a href=\"https:\/\/www.schlanser.ch\/zelte\/vorzelte\/aufblasbare-vorzelte\/\">Aufblasbare Vorzelte f\u00fcr den Wohnwagen<\/a> oder Campingbus sind daf\u00fcr eine raffinierte L\u00f6sung. Mit ihnen erledigen sich Kompromisse bei der Reiselust oder dem Bewegungsfreiraum, weil der Aufbau schnell gelingt. Zweifel an der Robustheit? Sie l\u00f6sen sich in Luft auf, wen die aufgeblasenen Raumwunder bei Sturmb\u00f6en ihre konventionellen Pendants in den Schatten stellen.<\/strong><\/p>\n<h2>Aufblasbare Klassiker f\u00fcr Campingbusse &#8211; Touring Air &amp; Easy Air von Berger<\/h2>\n<p style=\"text-align: justify;\">Campingfans, die dynamische Outdoor-Abenteuer lieben, entscheiden sich f\u00fcr kompakte Fahrzeuge. Das wichtigste Kriterium ist f\u00fcr die Freiheitsliebenden von jeher beim <a href=\"https:\/\/www.schlanser.ch\/zelte\/vorzelte\/reisemobil-busvorzelte\/\">Busvorzelt<\/a> ein schneller Aufbau. In dem Segment gelang den Pionieren zum Aufblasen der Durchbruch, f\u00fcr deren Design die Touring Air-Serie von Berger typisch ist: Die gerundete Formgebung erinnert an Tunnelzelte und kam aus statischen Gr\u00fcnden zun\u00e4chst der Idee entgegen, Luftschl\u00e4uche als tragende Elemente ins Vorzelt zu integrieren.<\/p>\n<p><a href=\"https:\/\/www.schlanser.ch\/zelte\/vorzelte\/aufblasbare-vorzelte\/74307\/berger-bvz-touring-air-tc\"><img loading=\"lazy\" decoding=\"async\" class=\"aligncenter wp-image-17659 size-full\" title=\"Berger BVZ Touring Air TC\" src=\"https:\/\/www.schlanser.ch\/magazin\/wp-content\/uploads\/2026\/01\/berger-bvz-touring-air-tc.jpg\" alt=\"Berger BVZ Touring Air TC - Wohnwagen-Vorzelt schnell aufgebaut\" width=\"620\" height=\"361\" srcset=\"https:\/\/www.schlanser.ch\/magazin\/wp-content\/uploads\/2026\/01\/berger-bvz-touring-air-tc.jpg 620w, https:\/\/www.schlanser.ch\/magazin\/wp-content\/uploads\/2026\/01\/berger-bvz-touring-air-tc-300x175.jpg 300w\" sizes=\"(max-width: 620px) 100vw, 620px\" \/><\/a><\/p>\n<p style=\"text-align: justify;\">Dadurch entf\u00e4llt nicht nur das akribische Sortieren, Zusammenstecken, Drapieren und Einf\u00e4deln von Stangen, das dem l\u00e4ssigen Urlaubsgef\u00fchl beim Campieren widerspricht. Der aufblasbare Bausatz wird auch angenehm \u00fcbersichtlich: Beim Touring Air beschr\u00e4nkt er sich auf neun Teile, wenn man von der inkludierten <a href=\"https:\/\/www.schlanser.ch\/zelte\/zeltzubehoer\/sonstiges-zubehoer-zelte\/\">Luftpumpe<\/a>, dem <a href=\"https:\/\/www.schlanser.ch\/zelte\/zeltzubehoer\/zeltheringe-abspannmaterial\/\">Abspannmaterial<\/a> und Transportsack absieht.<\/p>\n<p><a href=\"https:\/\/www.schlanser.ch\/zelte\/zeltzubehoer\/sonstiges-zubehoer-zelte\/254632\/dometic-gale-elektrische-luftpumpe-12-v\"><img loading=\"lazy\" decoding=\"async\" class=\"aligncenter wp-image-17662 \" title=\"Dometic Gale elektrische Luftpumpe 12 V\" src=\"https:\/\/www.schlanser.ch\/magazin\/wp-content\/uploads\/2026\/01\/dometic-gale-elektrische-luftpumpe-12-v.jpg\" alt=\"Dometic Gale elektrische Luftpumpe 12 V\" width=\"445\" height=\"483\" srcset=\"https:\/\/www.schlanser.ch\/magazin\/wp-content\/uploads\/2026\/01\/dometic-gale-elektrische-luftpumpe-12-v.jpg 600w, https:\/\/www.schlanser.ch\/magazin\/wp-content\/uploads\/2026\/01\/dometic-gale-elektrische-luftpumpe-12-v-276x300.jpg 276w\" sizes=\"(max-width: 445px) 100vw, 445px\" \/><\/a><\/p>\n<p style=\"text-align: justify;\">Obwohl das Vorzelt schnell aufgebaut und intuitiv handhabbar ist, erf\u00fcllt es alle g\u00e4ngigen Bed\u00fcrfnisse. Die Fl\u00e4che von 315 x 345 cm mit integriertem Boden und die H\u00f6he von 180 bis 220 cm reicht v\u00f6llig aus, um beispielsweise einen regengesch\u00fctzten Treffpunkt f\u00fcr die Mahlzeiten zu schaffen. Wer nicht den gesamten Stauraum ben\u00f6tigt, kann die separat erh\u00e4ltliche Schlafkabine f\u00fcr Mitreisende integrieren.<\/p>\n<p><a href=\"https:\/\/www.schlanser.ch\/zelte\/vorzelte\/reisemobil-busvorzelte\/2245\/berger-touring-innenzelt-schlafkabine\"><img loading=\"lazy\" decoding=\"async\" class=\"aligncenter wp-image-17666 size-full\" title=\"Berger Touring Innenzelt Schlafkabine\" src=\"https:\/\/www.schlanser.ch\/magazin\/wp-content\/uploads\/2026\/01\/berger-touring-innenzelt-schlafkabine.jpg\" alt=\"Berger Touring Innenzelt Schlafkabine\" width=\"620\" height=\"388\" srcset=\"https:\/\/www.schlanser.ch\/magazin\/wp-content\/uploads\/2026\/01\/berger-touring-innenzelt-schlafkabine.jpg 620w, https:\/\/www.schlanser.ch\/magazin\/wp-content\/uploads\/2026\/01\/berger-touring-innenzelt-schlafkabine-300x188.jpg 300w\" sizes=\"(max-width: 620px) 100vw, 620px\" \/><\/a><\/p>\n<p style=\"text-align: justify;\">Bei einem Busvorzelt ist nicht nur ein schneller Aufbau, sondern auch die Mobilit\u00e4t am Urlaubsort relevant. Dem wird das aufblasbare Touring Air mit seinem freistehenden Konzept gerecht. Startet man mit dem Campingbus zum Tagesausflug durch, bleibt das Vorzelt auf dem Campingplatz. Dort dient es derweil als Garage f\u00fcr <a href=\"https:\/\/www.schlanser.ch\/moebel\/campingtische\/\">Campingtische<\/a>, <a href=\"https:\/\/www.schlanser.ch\/moebel\/campingstuehle\/\">Campingst\u00fchle<\/a> und anderes Equipment.<\/p>\n<p style=\"text-align: justify;\">Morgens nach dem Aufstehen direkt ins Freie, eine Seitenmarkise f\u00fcr Sonnentage oder das Innenraumkonzept des Campingvans: Es gibt viele Gr\u00fcnde, um mit einem <a href=\"https:\/\/www.schlanser.ch\/zelte\/vorzelte\/heckzelte\/\">Heckvorzelt<\/a> zu lieb\u00e4ugeln. Kein Problem! Den Wunsch erf\u00fcllt Berger mit einem Modell der aufblasbaren Vorzeltkollektion Easy Air.<\/p>\n<p><a href=\"https:\/\/www.schlanser.ch\/zelte\/vorzelte\/reisemobil-busvorzelte\/219652\/berger-touring-easy-air-rear-aufblasbares-heckzelt-fuer-vw-t5-t6\"><img loading=\"lazy\" decoding=\"async\" class=\"aligncenter wp-image-17683 size-full\" title=\"Berger Touring Easy Air Rear aufblasbares Heckzelt f\u00fcr VW T5\/T6\" src=\"https:\/\/www.schlanser.ch\/magazin\/wp-content\/uploads\/2026\/01\/berger-touring-easy-air-rear-aufblasbares-heckzelt-fuer-vw-t5-t6.jpg\" alt=\"Berger Touring Easy Air Rear aufblasbares Heckzelt f\u00fcr VW T5\/T6\" width=\"620\" height=\"313\" srcset=\"https:\/\/www.schlanser.ch\/magazin\/wp-content\/uploads\/2026\/01\/berger-touring-easy-air-rear-aufblasbares-heckzelt-fuer-vw-t5-t6.jpg 620w, https:\/\/www.schlanser.ch\/magazin\/wp-content\/uploads\/2026\/01\/berger-touring-easy-air-rear-aufblasbares-heckzelt-fuer-vw-t5-t6-300x151.jpg 300w\" sizes=\"(max-width: 620px) 100vw, 620px\" \/><\/a><\/p>\n<h2>Aufblasbare Teilvorzelte f\u00fcr Wohnwagen<\/h2>\n<p style=\"text-align: justify;\">Ankommen, im Handumdrehen alles erledigen und gen\u00fcsslich beim Grillen relaxen, w\u00e4hrend die Nachbarn noch klimpernd ihre schweren Stahlstangen sortieren: Davon tr\u00e4umen nicht nur Campingfreunde mit Bus, Kastenwagen oder Reisemobil. Es zahlt sich gerade beim Wohnwagen aus, wenn das Vorzelt schnell aufgebaut ist. Schliesslich ist die Anreise wegen des grossen Gespanns und Tempolimits meist etwas beschwerlicher als mit kleinen Campingfahrzeugen. Aufblasbare Alternativen machen fr\u00fch nach dem Ankommen, Erholung m\u00f6glich.<\/p>\n<p><a href=\"https:\/\/www.schlanser.ch\/zelte\/vorzelte\/reisemobil-busvorzelte\/138475\/outwell-newburg-240-air-busvorzelt\"><img loading=\"lazy\" decoding=\"async\" class=\"aligncenter wp-image-17670 size-full\" title=\"Outwell Newburg 240 Air Busvorzelt\" src=\"https:\/\/www.schlanser.ch\/magazin\/wp-content\/uploads\/2026\/01\/outwell-newburg-240-air-busvorzelt.jpg\" alt=\"Outwell Newburg 240 Air Busvorzelt\" width=\"620\" height=\"305\" srcset=\"https:\/\/www.schlanser.ch\/magazin\/wp-content\/uploads\/2026\/01\/outwell-newburg-240-air-busvorzelt.jpg 620w, https:\/\/www.schlanser.ch\/magazin\/wp-content\/uploads\/2026\/01\/outwell-newburg-240-air-busvorzelt-300x148.jpg 300w\" sizes=\"(max-width: 620px) 100vw, 620px\" \/><\/a><\/p>\n<h2>Zelt ohne viel Schnickschnack von DWT<\/h2>\n<p style=\"text-align: justify;\">Nat\u00fcrlich liesse sich das tunnelartige Konzept aufblasbarer Busvorzelte auch auf Pendants f\u00fcr den Wohnwagen \u00fcbertragen. Erfahrene Hersteller bevorzugen jedoch andere Konstruktionen \u2013 aus gutem Grund: Bei einer stark gerundeten Form reduziert sich automatisch die Fl\u00e4che mit einer komfortablen Stehh\u00f6he. Daher \u00e4hnelt die Space Air Kollektion von DWT den konventionellen Vorbildern, mit der man dennoch ein schnelles Vorzelt f\u00fcr den Wohnwagen zaubert. Es ist f\u00fcr die direkte Verbindung mit dem Wohnwagen mit so genannten Kederschienen ausgestattet. Das aufblasbare Konzept beschert einen sicheren Stand und eine angenehme H\u00f6he im gesamten Vorzelt.<\/p>\n<p><a href=\"https:\/\/www.schlanser.ch\/zelte\/vorzelte\/wohnwagenvorzelte\/240595\/dwt-space-air-hq-445-m-reisevorzelt\" class=\"broken_link\"><img loading=\"lazy\" decoding=\"async\" class=\"aligncenter wp-image-17677 size-full\" title=\"DWT Space Air HQ 445 M Reisevorzelt\" src=\"https:\/\/www.schlanser.ch\/magazin\/wp-content\/uploads\/2026\/01\/dwt-space-air-hq-445-m-reisevorzelt.jpg\" alt=\"DWT Space Air HQ 445 M Reisevorzelt\" width=\"620\" height=\"388\" srcset=\"https:\/\/www.schlanser.ch\/magazin\/wp-content\/uploads\/2026\/01\/dwt-space-air-hq-445-m-reisevorzelt.jpg 620w, https:\/\/www.schlanser.ch\/magazin\/wp-content\/uploads\/2026\/01\/dwt-space-air-hq-445-m-reisevorzelt-300x188.jpg 300w\" sizes=\"(max-width: 620px) 100vw, 620px\" \/><\/a><\/p>\n<p style=\"text-align: justify;\">Wer f\u00fcr aufblasbare Teilvorzelte nicht das luftige Pl\u00e4tzchen unter der <a href=\"https:\/\/www.schlanser.ch\/zelte\/markisenzubehoer\/\">Sonnenmarkise<\/a> opfern m\u00f6chte, sollte nicht vorschnell den Kopf sch\u00fctteln. Denn der Hersteller hat mitgedacht: Nach dem Aufbau, den durchaus eine Person meistern kann, sorgen grosse Fenster f\u00fcr beste Aussichten. Sie lassen sich samt Jalousien komplett einrollen oder mit zus\u00e4tzlichen Aufstellstangen als Sonnendach nutzen. So wird aus dem sch\u00fctzenden Teilvorzelt am sonnenverw\u00f6hnten Reiseziel eine weitl\u00e4ufige Veranda.<\/p>\n<p style=\"text-align: justify;\">DWT hat das aufblasbare Space Air f\u00fcr Campingfans entwickelt, die gerne spontan verreisen oder h\u00e4ufig den Campingplatz wechseln. Es ist deshalb ein schnell aufzubauendes Vorzelt f\u00fcr den Wohnwagen, das sich auf das Wesentliche beschr\u00e4nkt: die Erweiterung des gesch\u00fctzten Raums. Dadurch gen\u00fcgen rund 20 Minuten f\u00fcr den Aufbau und bleiben die Packmasse genauso \u00fcberschaubar wie das Gewicht, das bei der XL-Variante 23 kg betr\u00e4gt. Wer m\u00f6chte, kann aufstocken und zum Beispiel einen Zeltboden und einen Innenhimmel erg\u00e4nzen.<\/p>\n<p><a href=\"https:\/\/www.schlanser.ch\/zelte\/vorzelte\/wohnwagenvorzelte\/211080\/dwt-space-air-hq-320-xl-aufblasbares-reisevorzelt\" class=\"broken_link\"><img loading=\"lazy\" decoding=\"async\" class=\"aligncenter wp-image-17672 size-full\" title=\"DWT Space Air HQ 320 XL aufblasbares Reisevorzelt\" src=\"https:\/\/www.schlanser.ch\/magazin\/wp-content\/uploads\/2026\/01\/dwt-space-air-hq-320-xl-aufblasbares-reisevorzelt.jpg\" alt=\"DWT Space Air HQ 320 XL aufblasbares Reisevorzelt\" width=\"620\" height=\"388\" srcset=\"https:\/\/www.schlanser.ch\/magazin\/wp-content\/uploads\/2026\/01\/dwt-space-air-hq-320-xl-aufblasbares-reisevorzelt.jpg 620w, https:\/\/www.schlanser.ch\/magazin\/wp-content\/uploads\/2026\/01\/dwt-space-air-hq-320-xl-aufblasbares-reisevorzelt-300x188.jpg 300w\" sizes=\"(max-width: 620px) 100vw, 620px\" \/><\/a><\/p>\n<h2 style=\"text-align: justify;\">Immer schnell und manchmal opulent \u2013 die modulare Dometic-Kollektion<\/h2>\n<p style=\"text-align: justify;\">Ein schnell aufbaubares Vorzelt klingt verlockend f\u00fcr den Kurzurlaub. F\u00fcr die mehrw\u00f6chigen Ferien w\u00e4re das gewohnte Design mit viel Platz und Komfort w\u00fcnschenswert. Beide W\u00fcnsche erf\u00fcllt die Club Air Pro Linie von Dometic. Die Markenkollektion pr\u00e4sentiert aufblasbare Teilvorzelte, die es in Sachen \u00c4sthetik mit schicken Dauercamper-Anbauten aufnehmen k\u00f6nnen. Daf\u00fcr sorgen neben der unverwechselbaren Formensprache mit abgeschr\u00e4gtem Dach auch wohnliche Details wie Gardinen.<\/p>\n<p><a href=\"https:\/\/www.schlanser.ch\/zelte\/vorzelte\/wohnwagenvorzelte\/242345\/dometic-club-air-pro-390-s-aufblasbares-statisches-vorzelt-breite-3-9-m-anbauhoehe-235-265-cm\"><img loading=\"lazy\" decoding=\"async\" class=\"aligncenter wp-image-17679 size-full\" title=\"Dometic Club AIR Pro 390 S Aufblasbares statisches Vorzelt Breite 3,9 m Anbauh\u00f6he 235 - 265 cm\" src=\"https:\/\/www.schlanser.ch\/magazin\/wp-content\/uploads\/2026\/01\/dometic-club-air-pro-390-s-aufblasbares-statisches-vorzelt-breite-3-9-m-anbauhoehe-235-265-cm.jpg\" alt=\"Dometic Club AIR Pro 390 S Aufblasbares statisches Vorzelt Breite 3,9 m Anbauh\u00f6he 235 - 265 cm\" width=\"620\" height=\"305\" srcset=\"https:\/\/www.schlanser.ch\/magazin\/wp-content\/uploads\/2026\/01\/dometic-club-air-pro-390-s-aufblasbares-statisches-vorzelt-breite-3-9-m-anbauhoehe-235-265-cm.jpg 620w, https:\/\/www.schlanser.ch\/magazin\/wp-content\/uploads\/2026\/01\/dometic-club-air-pro-390-s-aufblasbares-statisches-vorzelt-breite-3-9-m-anbauhoehe-235-265-cm-300x148.jpg 300w\" sizes=\"(max-width: 620px) 100vw, 620px\" \/><\/a><\/p>\n<p style=\"text-align: justify;\">Durch das ausgekl\u00fcgelte System mit Spanngurten und aufblasbaren Elementen handelt sich trotzdem um ein schnell aufzubauendes Vorzelt f\u00fcr den Wohnwagen. Wer dabei nicht zur Pumpe greifen m\u00f6chte, entdeckt im Markensortiment eine elektrische Alternative f\u00fcr den Betrieb mit der 12-V-Stromquelle im Auto-Cockpit. F\u00fcr den komfortablen Kurztrip reicht das Teilvorzelt, das sich dank abnehmbarer Wandelemente beim Sommerurlaub auch in einen Pavillon verwandeln l\u00e4sst. Diverse Upgrades hat Dometic f\u00fcr die langen Ferien parat.<\/p>\n<p style=\"text-align: justify;\">Wintergarten, Seitenanbau f\u00fcr die Schlafkabine oder Seitenfl\u00fcgel f\u00fcr den luftigen Freisitz: aufblasbare Erweiterungen sind genauso wie das Wohnwagen-Vorzelt schnell aufgebaut. Je nach Reiseplan werden sie eingepackt oder bleiben zu Hause. Schockverliebt, aber mit dem Campingbus unterwegs? W\u00e4hrend die Club-Serie sich auf statische Anbauten fokussiert, bietet die Rallye-Kollektion aufblasbare Vorzelte mit freistehendem Design, damit das Fahrzeug mobil bleibt.<\/p>\n<p><a href=\"https:\/\/www.schlanser.ch\/zelte\/vorzelte\/wohnwagenvorzelte\/219642\/dometic-club-air-all-season-330-aufblasbares-sonnenvordach-fuer-ganzjahresvorzelt\"><img loading=\"lazy\" decoding=\"async\" class=\"aligncenter wp-image-17681 size-full\" title=\"Dometic Club Air All-Season 330 aufblasbares Sonnenvordach f\u00fcr Ganzjahresvorzelt\" src=\"https:\/\/www.schlanser.ch\/magazin\/wp-content\/uploads\/2026\/01\/dometic-club-air-all-season-330-aufblasbares-sonnenvordach-fuer-ganzjahresvorzelt.jpg\" alt=\"Dometic Club Air All-Season 330 aufblasbares Sonnenvordach f\u00fcr Ganzjahresvorzelt\" width=\"620\" height=\"346\" srcset=\"https:\/\/www.schlanser.ch\/magazin\/wp-content\/uploads\/2026\/01\/dometic-club-air-all-season-330-aufblasbares-sonnenvordach-fuer-ganzjahresvorzelt.jpg 620w, https:\/\/www.schlanser.ch\/magazin\/wp-content\/uploads\/2026\/01\/dometic-club-air-all-season-330-aufblasbares-sonnenvordach-fuer-ganzjahresvorzelt-300x167.jpg 300w\" sizes=\"(max-width: 620px) 100vw, 620px\" \/><\/a><\/p>\n<h2>Aufblasbares Vorzelt &#8211; schnell aufgebaut und hart im Nehmen<\/h2>\n<p style=\"text-align: justify;\">Erst zischt es beim geselligen Urlaubsabend, dann f\u00e4llt das Campingdomizil so schnell in sich zusammen wie eine schlaffe Luftmatratze. Wer bislang kein schnell aufbaubares Vorzelt zum Aufblasen verwendet hat, f\u00fcrchtet sich vor solchen Szenarien. Beim Deb\u00fct des Designkonzepts vor einigen Jahren wurde tats\u00e4chlich von derartigen Materialsch\u00e4den berichtet \u2013 allerdings mit weniger dramatischen Auswirkungen.<\/p>\n<p style=\"text-align: justify;\">Nach wirkungsvollen Optimierungen hat sich das Blatt gewendet: Aufblasbare Vorzelte haben rund die H\u00e4lfte des Marksegments erobert, sind erstaunlich robust und stellen ihre vertrauten Pendants bei extremen Witterungen oft in den Schatten. Frischt der Wind kr\u00e4ftig auf, beugen sich die aufgeblasenen Statik-Elemente lediglich, w\u00e4hrend gew\u00f6hnliche Zeltstangen manchmal ihren Halt verlieren oder im Extremfall brechen.<\/p>\n<p style=\"text-align: justify;\">Wer br\u00fctend-heisse Urlaubsziele oder Wintercamping liebt, kann ebenfalls auf ein schnelles Vorzelt f\u00fcr den Wohnwagen setzen. Die meisten Hersteller bieten 4-Seasons-Modelle an, deren Materialien f\u00fcr st\u00e4rkere UV-Strahlung, Niederschl\u00e4ge oder Temperaturschwankungen gewappnet sind.<\/p>\n","protected":false},"excerpt":{"rendered":"<p>\u00ab Diese Reisevorzelte sind wirklich mobil und schnell \u00bb Der Gedanke an stundenlanges Hantieren mit sperrigen Gest\u00e4ngen kann die Lust auf einen Kurztrip genauso ausbremsen wie den spontanen Ortswechsel bei der Campingtour. Aufblasbare Vorzelte f\u00fcr den Wohnwagen oder Campingbus sind daf\u00fcr eine raffinierte L\u00f6sung. Mit ihnen erledigen sich Kompromisse bei der Reiselust oder dem Bewegungsfreiraum, &hellip;<\/p>\n","protected":false},"author":1,"featured_media":17654,"comment_status":"closed","ping_status":"open","sticky":false,"template":"","format":"standard","meta":{"footnotes":""},"categories":[3],"tags":[18,2512,2514,2513,2501,2500],"yoast_head":"<!-- This site is optimized with the Yoast SEO plugin v22.2 - https:\/\/yoast.com\/wordpress\/plugins\/seo\/ -->\n<title>Wohnwagen-Vorzelt schnell aufgebaut - Schlanser Magazin<\/title>\n<meta name=\"description\" content=\"Wenig Aufbauzeit bedeutet mehr Urlaub \u2714 Wir erkl\u00e4ren, welches Wohnwagen-Vorzelt schnell aufgebaut wird \u2714 Tipps f\u00fcr Reisezelte | schlanser.ch\" \/>\n<meta name=\"robots\" content=\"index, follow, max-snippet:-1, max-image-preview:large, max-video-preview:-1\" \/>\n<link rel=\"canonical\" href=\"https:\/\/www.schlanser.ch\/magazin\/wohnwagen-vorzelt-schnell-aufgebaut\/\" \/>\n<meta property=\"og:locale\" content=\"de_DE\" \/>\n<meta property=\"og:type\" content=\"article\" \/>\n<meta property=\"og:title\" content=\"Wohnwagen-Vorzelt schnell aufgebaut - Schlanser Magazin\" \/>\n<meta property=\"og:description\" content=\"Wenig Aufbauzeit bedeutet mehr Urlaub \u2714 Wir erkl\u00e4ren, welches Wohnwagen-Vorzelt schnell aufgebaut wird \u2714 Tipps f\u00fcr Reisezelte | schlanser.ch\" \/>\n<meta property=\"og:url\" content=\"https:\/\/www.schlanser.ch\/magazin\/wohnwagen-vorzelt-schnell-aufgebaut\/\" \/>\n<meta property=\"og:site_name\" content=\"Schlanser Magazin\" \/>\n<meta property=\"article:published_time\" content=\"2024-03-12T09:00:27+00:00\" \/>\n<meta property=\"article:modified_time\" content=\"2024-03-05T15:56:02+00:00\" \/>\n<meta property=\"og:image\" content=\"https:\/\/www.schlanser.ch\/magazin\/wp-content\/uploads\/2026\/01\/Wohnwagen-Vorzelt-2.jpg\" \/>\n\t<meta property=\"og:image:width\" content=\"660\" \/>\n\t<meta property=\"og:image:height\" content=\"396\" \/>\n\t<meta property=\"og:image:type\" content=\"image\/jpeg\" \/>\n<meta name=\"author\" content=\"admin\" \/>\n<meta name=\"twitter:card\" content=\"summary_large_image\" \/>\n<meta name=\"twitter:label1\" content=\"Verfasst von\" \/>\n\t<meta name=\"twitter:data1\" content=\"admin\" \/>\n\t<meta name=\"twitter:label2\" content=\"Gesch\u00e4tzte Lesezeit\" \/>\n\t<meta name=\"twitter:data2\" content=\"8 Minuten\" \/>\n<script type=\"application\/ld+json\" class=\"yoast-schema-graph\">{\"@context\":\"https:\/\/schema.org\",\"@graph\":[{\"@type\":\"WebPage\",\"@id\":\"https:\/\/www.schlanser.ch\/magazin\/wohnwagen-vorzelt-schnell-aufgebaut\/\",\"url\":\"https:\/\/www.schlanser.ch\/magazin\/wohnwagen-vorzelt-schnell-aufgebaut\/\",\"name\":\"Wohnwagen-Vorzelt schnell aufgebaut - Schlanser Magazin\",\"isPartOf\":{\"@id\":\"https:\/\/www.schlanser.ch\/magazin\/#website\"},\"primaryImageOfPage\":{\"@id\":\"https:\/\/www.schlanser.ch\/magazin\/wohnwagen-vorzelt-schnell-aufgebaut\/#primaryimage\"},\"image\":{\"@id\":\"https:\/\/www.schlanser.ch\/magazin\/wohnwagen-vorzelt-schnell-aufgebaut\/#primaryimage\"},\"thumbnailUrl\":\"https:\/\/www.schlanser.ch\/magazin\/wp-content\/uploads\/2026\/01\/Wohnwagen-Vorzelt-2.jpg\",\"datePublished\":\"2024-03-12T09:00:27+00:00\",\"dateModified\":\"2024-03-05T15:56:02+00:00\",\"author\":{\"@id\":\"https:\/\/www.schlanser.ch\/magazin\/#\/schema\/person\/000db0a103eb2594ba3daf394b1dfea2\"},\"description\":\"Wenig Aufbauzeit bedeutet mehr Urlaub \u2714 Wir erkl\u00e4ren, welches Wohnwagen-Vorzelt schnell aufgebaut wird \u2714 Tipps f\u00fcr Reisezelte | schlanser.ch\",\"breadcrumb\":{\"@id\":\"https:\/\/www.schlanser.ch\/magazin\/wohnwagen-vorzelt-schnell-aufgebaut\/#breadcrumb\"},\"inLanguage\":\"de-DE\",\"potentialAction\":[{\"@type\":\"ReadAction\",\"target\":[\"https:\/\/www.schlanser.ch\/magazin\/wohnwagen-vorzelt-schnell-aufgebaut\/\"]}]},{\"@type\":\"ImageObject\",\"inLanguage\":\"de-DE\",\"@id\":\"https:\/\/www.schlanser.ch\/magazin\/wohnwagen-vorzelt-schnell-aufgebaut\/#primaryimage\",\"url\":\"https:\/\/www.schlanser.ch\/magazin\/wp-content\/uploads\/2026\/01\/Wohnwagen-Vorzelt-2.jpg\",\"contentUrl\":\"https:\/\/www.schlanser.ch\/magazin\/wp-content\/uploads\/2026\/01\/Wohnwagen-Vorzelt-2.jpg\",\"width\":660,\"height\":396,\"caption\":\"\u00a9 gizemg - stock.adobe.com\"},{\"@type\":\"BreadcrumbList\",\"@id\":\"https:\/\/www.schlanser.ch\/magazin\/wohnwagen-vorzelt-schnell-aufgebaut\/#breadcrumb\",\"itemListElement\":[{\"@type\":\"ListItem\",\"position\":1,\"name\":\"Startseite\",\"item\":\"https:\/\/www.schlanser.ch\/magazin\/\"},{\"@type\":\"ListItem\",\"position\":2,\"name\":\"Wohnwagen-Vorzelt schnell aufgebaut\"}]},{\"@type\":\"WebSite\",\"@id\":\"https:\/\/www.schlanser.ch\/magazin\/#website\",\"url\":\"https:\/\/www.schlanser.ch\/magazin\/\",\"name\":\"Schlanser Magazin\",\"description\":\"\",\"potentialAction\":[{\"@type\":\"SearchAction\",\"target\":{\"@type\":\"EntryPoint\",\"urlTemplate\":\"https:\/\/www.schlanser.ch\/magazin\/?s={search_term_string}\"},\"query-input\":\"required name=search_term_string\"}],\"inLanguage\":\"de-DE\"},{\"@type\":\"Person\",\"@id\":\"https:\/\/www.schlanser.ch\/magazin\/#\/schema\/person\/000db0a103eb2594ba3daf394b1dfea2\",\"name\":\"admin\",\"image\":{\"@type\":\"ImageObject\",\"inLanguage\":\"de-DE\",\"@id\":\"https:\/\/www.schlanser.ch\/magazin\/#\/schema\/person\/image\/\",\"url\":\"https:\/\/secure.gravatar.com\/avatar\/a794a4fe8a9b9c52241597eb381dfa2e?s=96&d=mm&r=g\",\"contentUrl\":\"https:\/\/secure.gravatar.com\/avatar\/a794a4fe8a9b9c52241597eb381dfa2e?s=96&d=mm&r=g\",\"caption\":\"admin\"}}]}<\/script>\n<!-- \/ Yoast SEO plugin. -->","yoast_head_json":{"title":"Wohnwagen-Vorzelt schnell aufgebaut - Schlanser Magazin","description":"Wenig Aufbauzeit bedeutet mehr Urlaub \u2714 Wir erkl\u00e4ren, welches Wohnwagen-Vorzelt schnell aufgebaut wird \u2714 Tipps f\u00fcr Reisezelte | schlanser.ch","robots":{"index":"index","follow":"follow","max-snippet":"max-snippet:-1","max-image-preview":"max-image-preview:large","max-video-preview":"max-video-preview:-1"},"canonical":"https:\/\/www.schlanser.ch\/magazin\/wohnwagen-vorzelt-schnell-aufgebaut\/","og_locale":"de_DE","og_type":"article","og_title":"Wohnwagen-Vorzelt schnell aufgebaut - Schlanser Magazin","og_description":"Wenig Aufbauzeit bedeutet mehr Urlaub \u2714 Wir erkl\u00e4ren, welches Wohnwagen-Vorzelt schnell aufgebaut wird \u2714 Tipps f\u00fcr Reisezelte | schlanser.ch","og_url":"https:\/\/www.schlanser.ch\/magazin\/wohnwagen-vorzelt-schnell-aufgebaut\/","og_site_name":"Schlanser Magazin","article_published_time":"2024-03-12T09:00:27+00:00","article_modified_time":"2024-03-05T15:56:02+00:00","og_image":[{"width":660,"height":396,"url":"https:\/\/www.schlanser.ch\/magazin\/wp-content\/uploads\/2026\/01\/Wohnwagen-Vorzelt-2.jpg","type":"image\/jpeg"}],"author":"admin","twitter_card":"summary_large_image","twitter_misc":{"Verfasst von":"admin","Gesch\u00e4tzte Lesezeit":"8 Minuten"},"schema":{"@context":"https:\/\/schema.org","@graph":[{"@type":"WebPage","@id":"https:\/\/www.schlanser.ch\/magazin\/wohnwagen-vorzelt-schnell-aufgebaut\/","url":"https:\/\/www.schlanser.ch\/magazin\/wohnwagen-vorzelt-schnell-aufgebaut\/","name":"Wohnwagen-Vorzelt schnell aufgebaut - Schlanser Magazin","isPartOf":{"@id":"https:\/\/www.schlanser.ch\/magazin\/#website"},"primaryImageOfPage":{"@id":"https:\/\/www.schlanser.ch\/magazin\/wohnwagen-vorzelt-schnell-aufgebaut\/#primaryimage"},"image":{"@id":"https:\/\/www.schlanser.ch\/magazin\/wohnwagen-vorzelt-schnell-aufgebaut\/#primaryimage"},"thumbnailUrl":"https:\/\/www.schlanser.ch\/magazin\/wp-content\/uploads\/2026\/01\/Wohnwagen-Vorzelt-2.jpg","datePublished":"2024-03-12T09:00:27+00:00","dateModified":"2024-03-05T15:56:02+00:00","author":{"@id":"https:\/\/www.schlanser.ch\/magazin\/#\/schema\/person\/000db0a103eb2594ba3daf394b1dfea2"},"description":"Wenig Aufbauzeit bedeutet mehr Urlaub \u2714 Wir erkl\u00e4ren, welches Wohnwagen-Vorzelt schnell aufgebaut wird \u2714 Tipps f\u00fcr Reisezelte | schlanser.ch","breadcrumb":{"@id":"https:\/\/www.schlanser.ch\/magazin\/wohnwagen-vorzelt-schnell-aufgebaut\/#breadcrumb"},"inLanguage":"de-DE","potentialAction":[{"@type":"ReadAction","target":["https:\/\/www.schlanser.ch\/magazin\/wohnwagen-vorzelt-schnell-aufgebaut\/"]}]},{"@type":"ImageObject","inLanguage":"de-DE","@id":"https:\/\/www.schlanser.ch\/magazin\/wohnwagen-vorzelt-schnell-aufgebaut\/#primaryimage","url":"https:\/\/www.schlanser.ch\/magazin\/wp-content\/uploads\/2026\/01\/Wohnwagen-Vorzelt-2.jpg","contentUrl":"https:\/\/www.schlanser.ch\/magazin\/wp-content\/uploads\/2026\/01\/Wohnwagen-Vorzelt-2.jpg","width":660,"height":396,"caption":"\u00a9 gizemg - stock.adobe.com"},{"@type":"BreadcrumbList","@id":"https:\/\/www.schlanser.ch\/magazin\/wohnwagen-vorzelt-schnell-aufgebaut\/#breadcrumb","itemListElement":[{"@type":"ListItem","position":1,"name":"Startseite","item":"https:\/\/www.schlanser.ch\/magazin\/"},{"@type":"ListItem","position":2,"name":"Wohnwagen-Vorzelt schnell aufgebaut"}]},{"@type":"WebSite","@id":"https:\/\/www.schlanser.ch\/magazin\/#website","url":"https:\/\/www.schlanser.ch\/magazin\/","name":"Schlanser Magazin","description":"","potentialAction":[{"@type":"SearchAction","target":{"@type":"EntryPoint","urlTemplate":"https:\/\/www.schlanser.ch\/magazin\/?s={search_term_string}"},"query-input":"required name=search_term_string"}],"inLanguage":"de-DE"},{"@type":"Person","@id":"https:\/\/www.schlanser.ch\/magazin\/#\/schema\/person\/000db0a103eb2594ba3daf394b1dfea2","name":"admin","image":{"@type":"ImageObject","inLanguage":"de-DE","@id":"https:\/\/www.schlanser.ch\/magazin\/#\/schema\/person\/image\/","url":"https:\/\/secure.gravatar.com\/avatar\/a794a4fe8a9b9c52241597eb381dfa2e?s=96&d=mm&r=g","contentUrl":"https:\/\/secure.gravatar.com\/avatar\/a794a4fe8a9b9c52241597eb381dfa2e?s=96&d=mm&r=g","caption":"admin"}}]}},"_links":{"self":[{"href":"https:\/\/www.schlanser.ch\/magazin\/wp-json\/wp\/v2\/posts\/17638"}],"collection":[{"href":"https:\/\/www.schlanser.ch\/magazin\/wp-json\/wp\/v2\/posts"}],"about":[{"href":"https:\/\/www.schlanser.ch\/magazin\/wp-json\/wp\/v2\/types\/post"}],"author":[{"embeddable":true,"href":"https:\/\/www.schlanser.ch\/magazin\/wp-json\/wp\/v2\/users\/1"}],"replies":[{"embeddable":true,"href":"https:\/\/www.schlanser.ch\/magazin\/wp-json\/wp\/v2\/comments?post=17638"}],"version-history":[{"count":21,"href":"https:\/\/www.schlanser.ch\/magazin\/wp-json\/wp\/v2\/posts\/17638\/revisions"}],"predecessor-version":[{"id":17751,"href":"https:\/\/www.schlanser.ch\/magazin\/wp-json\/wp\/v2\/posts\/17638\/revisions\/17751"}],"wp:featuredmedia":[{"embeddable":true,"href":"https:\/\/www.schlanser.ch\/magazin\/wp-json\/wp\/v2\/media\/17654"}],"wp:attachment":[{"href":"https:\/\/www.schlanser.ch\/magazin\/wp-json\/wp\/v2\/media?parent=17638"}],"wp:term":[{"taxonomy":"category","embeddable":true,"href":"https:\/\/www.schlanser.ch\/magazin\/wp-json\/wp\/v2\/categories?post=17638"},{"taxonomy":"post_tag","embeddable":true,"href":"https:\/\/www.schlanser.ch\/magazin\/wp-json\/wp\/v2\/tags?post=17638"}],"curies":[{"name":"wp","href":"https:\/\/api.w.org\/{rel}","templated":true}]}}