{"id":1872,"date":"2017-04-28T09:49:47","date_gmt":"2017-04-28T07:49:47","guid":{"rendered":"https:\/\/www.schlanser.ch\/magazin\/?p=1872"},"modified":"2024-01-10T14:42:13","modified_gmt":"2024-01-10T13:42:13","slug":"mountain-guide","status":"publish","type":"post","link":"https:\/\/www.schlanser.ch\/magazin\/mountain-guide\/","title":{"rendered":"Mit Mountain Guide auf Trekkingtour"},"content":{"rendered":"<h2>\u00ab Starke Marke, faire Preise \u00bb<\/h2>\n<p style=\"text-align: justify;\"><strong>Europaweit finden sich \u00fcberall sch\u00f6ne Wanderrouten. Auf ihnen l\u00e4sst sich der ganze Kontinent erkunden. Viele f\u00fchren durch die Schweiz oder aus ihr heraus. F\u00fcr Anf\u00e4nger ein optimales Trainingsgel\u00e4nde vor der eigenen Haust\u00fcr. Mit Trekkingrucksack, Schlafsack, Zelt und mehr Equipment von Mountain Guide kann die Trekkingtour starten.<\/strong><\/p>\n<h2>Mehrt\u00e4gige Trekkingtour mit Mountain Guide Zelt<\/h2>\n<p style=\"text-align: justify;\">Mehrt\u00e4gige Trekkingtouren erfordern eine gr\u00fcndliche Vorbereitung und das entsprechende Equipment. Als einer der renommierten Anbieter bringt Berger unter der Exklusivmarke Mountain Guide eine Serie unverzichtbaren Zubeh\u00f6rs heraus. Als Anbieter mit jahrzehntelanger Erfahrung und \u00a0Hersteller mit eigener Fertigung z\u00e4hlen Zelte traditionell zum Angebot. Unter dem Logo mit dem kr\u00e4ftigen Geweihtr\u00e4ger stecken leichte Trekkingzelte mit einer Wassers\u00e4ule von 6000 mm. Aluminiumgest\u00e4nge erleichtert das Tragen. Die Aussenform erlaubt eine sinnvolle Aufteilung im Innenraum f\u00fcr mehr Komfort und \u00dcbersicht f\u00fcr zwei Personen. Das geod\u00e4tische Trekkingzelt Capri II ist beispielsweise auch ohne \u00dcberzelt nutzbar und bietet in zwei Apsiden Platz f\u00fcr Ordnung. In der aufblasbaren Variante wiegt das Mountain Guide Zelt etwas mehr bei gr\u00f6sserer Gesamth\u00f6he.<\/p>\n<p style=\"text-align: justify;\"><img loading=\"lazy\" decoding=\"async\" class=\"aligncenter wp-image-1889 size-full\" title=\"Mountain Guide Trekkingzelt &quot;Carpi II&quot;\" src=\"https:\/\/www.schlanser.ch\/magazin\/wp-content\/uploads\/2017\/04\/Mountain-Guide-Trekkingzelt-Carpi-II.jpg\" alt=\"Mountain Guide Trekkingzelt Carpi II\" width=\"600\" height=\"405\" srcset=\"https:\/\/www.schlanser.ch\/magazin\/wp-content\/uploads\/2017\/04\/Mountain-Guide-Trekkingzelt-Carpi-II.jpg 600w, https:\/\/www.schlanser.ch\/magazin\/wp-content\/uploads\/2017\/04\/Mountain-Guide-Trekkingzelt-Carpi-II-300x203.jpg 300w, https:\/\/www.schlanser.ch\/magazin\/wp-content\/uploads\/2017\/04\/Mountain-Guide-Trekkingzelt-Carpi-II-110x75.jpg 110w\" sizes=\"(max-width: 600px) 100vw, 600px\" \/><\/p>\n<h2>Mountain Guide Zelt f\u00fcr Familien<\/h2>\n<p style=\"text-align: justify;\">Ein Trekkingzelt f\u00fcr drei Personen ist nur noch schwer von einem allein zu tragen. Gr\u00f6ssere Trekkinggemeinschaften profitieren trotzdem, wenn sie das Gewicht auf verschiedene Tr\u00e4ger verteilen. Bis zu drei Teilnehmer teilen sich die 4,6 kg des MALO III Trekkingzelts von Mountain Guide. Ein \u00fcberdachter Vorraum verspricht die gesch\u00fctzte Aufbewahrung des Gep\u00e4cks und erlaubt es, vor der Schafkabine im Trockenen zu sitzen.<\/p>\n<p style=\"text-align: justify;\"><img loading=\"lazy\" decoding=\"async\" class=\"aligncenter wp-image-1877 size-full\" title=\"Mountain Guide Trekkingzelt &quot;MALO III&quot;\" src=\"https:\/\/www.schlanser.ch\/magazin\/wp-content\/uploads\/2017\/04\/Mountain-Guide-Trekkingzelt-MALO-III_.jpg\" alt=\"Mountain Guide Trekkingzelt MALO III\" width=\"600\" height=\"394\" srcset=\"https:\/\/www.schlanser.ch\/magazin\/wp-content\/uploads\/2017\/04\/Mountain-Guide-Trekkingzelt-MALO-III_.jpg 600w, https:\/\/www.schlanser.ch\/magazin\/wp-content\/uploads\/2017\/04\/Mountain-Guide-Trekkingzelt-MALO-III_-300x197.jpg 300w, https:\/\/www.schlanser.ch\/magazin\/wp-content\/uploads\/2017\/04\/Mountain-Guide-Trekkingzelt-MALO-III_-310x205.jpg 310w\" sizes=\"(max-width: 600px) 100vw, 600px\" \/><\/p>\n<p style=\"text-align: justify;\">Bis zu vier Personen leben komfortabel im Tunnelzelt LIMANA IV und IV+. Mit einer Stehh\u00f6he von 185 cm richten sich sogar gr\u00f6ssere Personen in diesem Mountain Guide Zelt auf. Der einfache Aufbau beginnt mit der Aussenh\u00fclle, die sofortigen Wetterschutz bietet. So bleiben Schlafkabine und Gep\u00e4ck trocken. Aussen liegende Reissverschl\u00fcsse sind zus\u00e4tzlich durch einen Klettverschluss gesichert.<\/p>\n<h2>Abends im gem\u00fctlichen Schlafsack<\/h2>\n<p style=\"text-align: justify;\">Erholsamer Schlaf ist wichtig nach anstrengenden Kilometern. Muskeln und Sehnen ben\u00f6tigen Pausen. Auch der Geist erholt sich in Ruhe. Mountain Guide liefert daf\u00fcr nicht nur das passende Trekkingzelt, sondern auch den idealen Schlafsack. Der Deckenschlafsack Quinto ist mit einer Aussenhaut aus Baumwolle und Polyester ausgestattet. Das Flanellfutter f\u00fchlt sich auf der Haut angenehm warm an. Die Mumienschlafs\u00e4cke Merlo und Merlo Light verf\u00fcgen \u00fcber einem 2-Wege-Reissverschluss mit Abdeckleisten. Diese Modelle sind koppelbar. Bitte achten Sie darauf, je einen Schlafsack mit einem Reissverschluss auf der linken und auf der rechten Seite auszuw\u00e4hlen, wenn Sie die Schlafs\u00e4cke miteinander verbinden m\u00f6chten.<\/p>\n<p style=\"text-align: justify;\"><img loading=\"lazy\" decoding=\"async\" class=\"alignright wp-image-1879 size-full\" title=\"Mumienschlafsack &quot;Merlo&quot;\" src=\"https:\/\/www.schlanser.ch\/magazin\/wp-content\/uploads\/2017\/04\/Mumienschlafsack-Merlo.jpg\" alt=\"Mumienschlafsack Merlo\" width=\"300\" height=\"300\" srcset=\"https:\/\/www.schlanser.ch\/magazin\/wp-content\/uploads\/2017\/04\/Mumienschlafsack-Merlo.jpg 300w, https:\/\/www.schlanser.ch\/magazin\/wp-content\/uploads\/2017\/04\/Mumienschlafsack-Merlo-150x150.jpg 150w\" sizes=\"(max-width: 300px) 100vw, 300px\" \/>Die Ausf\u00fchrung Merlo Light eignet sich als Sommerschlafsack f\u00fcr Maximaltemperaturen von bis zu 20 \u00b0C. Der Merlo dagegen liegt laut EU-Norm EN 13537 sogar noch bei Minustemperaturen in der Komfortzone. Alle Modelle werden mit Kompressionssack geliefert, der das Packmass der Trekkingausr\u00fcstung deutlich reduziert. Allerdings eignet er sich nicht f\u00fcr die Aufbewahrung ausserhalb der Reisezeit. Die anhaltende Kompression schadet der F\u00fcllung aus 100 % Hohlfaserpolyester. H\u00e4ngend lagern Trekking-Schlafs\u00e4cke am besten.<\/p>\n<h2>St\u00e4ndiger Begleiter Trekkingrucksack<\/h2>\n<p style=\"text-align: justify;\">Neben dem Zelt und dem Schlafsack als weiteres Basic f\u00fcr den Tagesbedarf oder die Ausr\u00fcstung ist ein Trekkingrucksack unverzichtbar. Gepolsterte Tragegurte nehmen das Gewicht an Schultern und im Beckenbereich auf. Der Brustgurt h\u00e4lt es f\u00fcr eine gleichm\u00e4ssige Gewichtsverteilung dicht am K\u00f6rper. Wie gross der Trekkingrucksack sein darf, entscheiden allein Tragkraft und Ausdauer des Wanderers.<\/p>\n<p style=\"text-align: justify;\"><img loading=\"lazy\" decoding=\"async\" class=\"alignleft wp-image-1884 size-full\" title=\"Mountain Guide Rucksack &quot;Quebec&quot; mit 32L Fassungsverm\u00f6gen\" src=\"https:\/\/www.schlanser.ch\/magazin\/wp-content\/uploads\/2017\/04\/Mountain-Guide-Rucksack-Quebec-32L.jpg\" alt=\"Mountain Guide Rucksack Quebec 32L\" width=\"300\" height=\"300\" srcset=\"https:\/\/www.schlanser.ch\/magazin\/wp-content\/uploads\/2017\/04\/Mountain-Guide-Rucksack-Quebec-32L.jpg 300w, https:\/\/www.schlanser.ch\/magazin\/wp-content\/uploads\/2017\/04\/Mountain-Guide-Rucksack-Quebec-32L-150x150.jpg 150w\" sizes=\"(max-width: 300px) 100vw, 300px\" \/>Das Fassungsverm\u00f6gen der Modelle reicht derzeit von 15 l f\u00fcr ein Daypack bis 32 l als Reiserucksack. Neben Ausf\u00fchrungen in dem f\u00fcr Mountain Guide typischen Gr\u00fcn mit Schwarz f\u00e4llt der f\u00fcr M\u00e4nner und Frauen geeignete Rucksack Hike 32 mit seiner ansprechenden Farbkombination angenehm auf. Die MG H\u00fcfttasche Travel nimmt Kleinigkeiten auf, die jederzeit leicht erreichbar sein sollen wie Smartphone oder Kamera. Zus\u00e4tzliche Taschen f\u00fcr die Aussenbefestigung an Rucksack oder Packtaschen sind\u00a0eine sinnvolle Bereicherung der Trekkingausr\u00fcstung.<\/p>\n<h2>Kultur und Lebensart auf der Trekkingtour<\/h2>\n<p style=\"text-align: justify;\">Im Washbag finden Sie ausreichend Unterbringungsm\u00f6glichkeiten f\u00fcr Shampoo, Seife und Co. Der Kulturbeutel mit dem kleinen Spiegel an der Innenseite und der praktischen Aufh\u00e4ngung ist universell einsetzbar. Meshgewebe an den F\u00e4chern erlaubt zuverl\u00e4ssige Trocknung. Im Mountain Guide MG Storebag Go ist Platz f\u00fcr Kleinigkeiten, die gut erreichbar sein sollen. Am Rucksack l\u00e4sst er sich mittels Lasche befestigen. Bleibt zuletzt noch die Frage nach der richtigen Bekleidung: Funktionskleidung ist leicht und trocknet schnell. Das ist beim Tragen genauso vorteilhaft wie beim Waschen, wenn weniger Gep\u00e4ck in den Trekkingrucksack muss. Poloshirts f\u00fcr Herren und Blusen im modernen Schnitt f\u00fcr Damen wirken geschmackvoll. Auf ver\u00e4nderliche Witterungsbedingungen stellen Sie sich ein, indem Sie Kleidung in mehreren Lagen tragen. Jacken mit Softshell sch\u00fctzen vor Wind und Fleece h\u00e4lt warm.<\/p>\n<figure id=\"attachment_1892\" aria-describedby=\"caption-attachment-1892\" style=\"width: 600px\" class=\"wp-caption aligncenter\"><img loading=\"lazy\" decoding=\"async\" class=\"wp-image-1892 size-full\" title=\"Das richtige Trekking-Outfit um das Erlebnis abzurunden\" src=\"https:\/\/www.schlanser.ch\/magazin\/wp-content\/uploads\/2017\/04\/Trekkingtour.jpg\" alt=\"Das richtige Trekking-Outfit um das Erlebnis abzurunden\" width=\"600\" height=\"400\" srcset=\"https:\/\/www.schlanser.ch\/magazin\/wp-content\/uploads\/2017\/04\/Trekkingtour.jpg 600w, https:\/\/www.schlanser.ch\/magazin\/wp-content\/uploads\/2017\/04\/Trekkingtour-300x200.jpg 300w\" sizes=\"(max-width: 600px) 100vw, 600px\" \/><figcaption id=\"caption-attachment-1892\" class=\"wp-caption-text\">\u00a9 Andrey Kiselev \/ Fotolia.com<\/figcaption><\/figure>\n<h2>Autark unterwegs sein<\/h2>\n<p style=\"text-align: justify;\">Selbstversorgung inmitten der Natur setzt weiteres Equipment voraus. Kocher und Kochgeschirr sichern warme Mahlzeiten. Achten Sie bei der Auswahl des Campingkochers auf die Verf\u00fcgbarkeit von Brennstoff auf der Strecke. Trotz Piezo-Z\u00fcndung d\u00fcrfen Streichh\u00f6lzer im Gep\u00e4ck nicht fehlen. Eine Isomatte polstert nach unten, dient als Behelfssitz auf feuchtem Grund oder als Unterlage auf der gr\u00fcnen Wiese. Unter dem Zelt verlegt sch\u00fctzt sie den Boden vor spitzen Steinen. Ein vielseitiges Messer geh\u00f6rt ebenfalls in die Trekkingausr\u00fcstung und ein Kompass hilft bei der Orientierung. Federleichte Wanderst\u00f6cke unterst\u00fctzen einen ausdauernden Fussmarsch und geben Halt am Hang. Schon eine kleine Taschenlampe spendet Licht. Als Kopflampe beleuchtet das Licht alles in Blickrichtung oder h\u00e4ngt abends am Zelthimmel. LED-Leuchten arbeiten besonders sparsam. Denken Sie gegebenenfalls an Austauschbatterien oder andere Optionen zur Wiederaufladung. Behalten Sie bei allen W\u00fcnschen stets das Gesamtgewicht im Auge. Ein voller Trekkingrucksack wiegt nach zwei Stunden Tragzeit scheinbar mehr als im 10-Minuten-Test in der heimischen Wohnstube.<\/p>\n","protected":false},"excerpt":{"rendered":"<p>\u00ab Starke Marke, faire Preise \u00bb Europaweit finden sich \u00fcberall sch\u00f6ne Wanderrouten. Auf ihnen l\u00e4sst sich der ganze Kontinent erkunden. Viele f\u00fchren durch die Schweiz oder aus ihr heraus. F\u00fcr Anf\u00e4nger ein optimales Trainingsgel\u00e4nde vor der eigenen Haust\u00fcr. Mit Trekkingrucksack, Schlafsack, Zelt und mehr Equipment von Mountain Guide kann die Trekkingtour starten. Mehrt\u00e4gige Trekkingtour mit &hellip;<\/p>\n","protected":false},"author":1,"featured_media":1874,"comment_status":"closed","ping_status":"open","sticky":false,"template":"","format":"standard","meta":{"footnotes":""},"categories":[1],"tags":[48,58,237,24,234,238,236,235],"yoast_head":"<!-- This site is optimized with the Yoast SEO plugin v22.2 - https:\/\/yoast.com\/wordpress\/plugins\/seo\/ -->\n<title>Mit Mountain Guide auf Trekkingtour - Schlanser Magazin<\/title>\n<meta name=\"description\" content=\"Das Schlanser Magazin stellt mit Mountain Guide eine Berger-Marke f\u00fcr Trekking-Profis vor! \u2013 Rucksack \u2714 Zelt \u2714 Schlafsack \u2714 Mehr Ausr\u00fcstung \u2714\" \/>\n<meta name=\"robots\" content=\"index, follow, max-snippet:-1, max-image-preview:large, max-video-preview:-1\" \/>\n<link rel=\"canonical\" href=\"https:\/\/www.schlanser.ch\/magazin\/mountain-guide\/\" \/>\n<meta property=\"og:locale\" content=\"de_DE\" \/>\n<meta property=\"og:type\" content=\"article\" \/>\n<meta property=\"og:title\" content=\"Mit Mountain Guide auf Trekkingtour - Schlanser Magazin\" \/>\n<meta property=\"og:description\" content=\"Das Schlanser Magazin stellt mit Mountain Guide eine Berger-Marke f\u00fcr Trekking-Profis vor! \u2013 Rucksack \u2714 Zelt \u2714 Schlafsack \u2714 Mehr Ausr\u00fcstung \u2714\" \/>\n<meta property=\"og:url\" content=\"https:\/\/www.schlanser.ch\/magazin\/mountain-guide\/\" \/>\n<meta property=\"og:site_name\" content=\"Schlanser Magazin\" \/>\n<meta property=\"article:published_time\" content=\"2017-04-28T07:49:47+00:00\" \/>\n<meta property=\"article:modified_time\" content=\"2024-01-10T13:42:13+00:00\" \/>\n<meta property=\"og:image\" content=\"https:\/\/www.schlanser.ch\/magazin\/wp-content\/uploads\/2017\/04\/Mountain-Guide-Trekkingzelt-Nola-2.jpg\" \/>\n\t<meta property=\"og:image:width\" content=\"800\" \/>\n\t<meta property=\"og:image:height\" content=\"545\" \/>\n\t<meta property=\"og:image:type\" content=\"image\/jpeg\" \/>\n<meta name=\"author\" content=\"admin\" \/>\n<meta name=\"twitter:card\" content=\"summary_large_image\" \/>\n<meta name=\"twitter:label1\" content=\"Verfasst von\" \/>\n\t<meta name=\"twitter:data1\" content=\"admin\" \/>\n\t<meta name=\"twitter:label2\" content=\"Gesch\u00e4tzte Lesezeit\" \/>\n\t<meta name=\"twitter:data2\" content=\"5 Minuten\" \/>\n<script type=\"application\/ld+json\" class=\"yoast-schema-graph\">{\"@context\":\"https:\/\/schema.org\",\"@graph\":[{\"@type\":\"WebPage\",\"@id\":\"https:\/\/www.schlanser.ch\/magazin\/mountain-guide\/\",\"url\":\"https:\/\/www.schlanser.ch\/magazin\/mountain-guide\/\",\"name\":\"Mit Mountain Guide auf Trekkingtour - Schlanser Magazin\",\"isPartOf\":{\"@id\":\"https:\/\/www.schlanser.ch\/magazin\/#website\"},\"primaryImageOfPage\":{\"@id\":\"https:\/\/www.schlanser.ch\/magazin\/mountain-guide\/#primaryimage\"},\"image\":{\"@id\":\"https:\/\/www.schlanser.ch\/magazin\/mountain-guide\/#primaryimage\"},\"thumbnailUrl\":\"https:\/\/www.schlanser.ch\/magazin\/wp-content\/uploads\/2017\/04\/Mountain-Guide-Trekkingzelt-Nola-2.jpg\",\"datePublished\":\"2017-04-28T07:49:47+00:00\",\"dateModified\":\"2024-01-10T13:42:13+00:00\",\"author\":{\"@id\":\"https:\/\/www.schlanser.ch\/magazin\/#\/schema\/person\/000db0a103eb2594ba3daf394b1dfea2\"},\"description\":\"Das Schlanser Magazin stellt mit Mountain Guide eine Berger-Marke f\u00fcr Trekking-Profis vor! \u2013 Rucksack \u2714 Zelt \u2714 Schlafsack \u2714 Mehr Ausr\u00fcstung \u2714\",\"breadcrumb\":{\"@id\":\"https:\/\/www.schlanser.ch\/magazin\/mountain-guide\/#breadcrumb\"},\"inLanguage\":\"de-DE\",\"potentialAction\":[{\"@type\":\"ReadAction\",\"target\":[\"https:\/\/www.schlanser.ch\/magazin\/mountain-guide\/\"]}]},{\"@type\":\"ImageObject\",\"inLanguage\":\"de-DE\",\"@id\":\"https:\/\/www.schlanser.ch\/magazin\/mountain-guide\/#primaryimage\",\"url\":\"https:\/\/www.schlanser.ch\/magazin\/wp-content\/uploads\/2017\/04\/Mountain-Guide-Trekkingzelt-Nola-2.jpg\",\"contentUrl\":\"https:\/\/www.schlanser.ch\/magazin\/wp-content\/uploads\/2017\/04\/Mountain-Guide-Trekkingzelt-Nola-2.jpg\",\"width\":800,\"height\":545},{\"@type\":\"BreadcrumbList\",\"@id\":\"https:\/\/www.schlanser.ch\/magazin\/mountain-guide\/#breadcrumb\",\"itemListElement\":[{\"@type\":\"ListItem\",\"position\":1,\"name\":\"Startseite\",\"item\":\"https:\/\/www.schlanser.ch\/magazin\/\"},{\"@type\":\"ListItem\",\"position\":2,\"name\":\"Mit Mountain Guide auf Trekkingtour\"}]},{\"@type\":\"WebSite\",\"@id\":\"https:\/\/www.schlanser.ch\/magazin\/#website\",\"url\":\"https:\/\/www.schlanser.ch\/magazin\/\",\"name\":\"Schlanser Magazin\",\"description\":\"\",\"potentialAction\":[{\"@type\":\"SearchAction\",\"target\":{\"@type\":\"EntryPoint\",\"urlTemplate\":\"https:\/\/www.schlanser.ch\/magazin\/?s={search_term_string}\"},\"query-input\":\"required name=search_term_string\"}],\"inLanguage\":\"de-DE\"},{\"@type\":\"Person\",\"@id\":\"https:\/\/www.schlanser.ch\/magazin\/#\/schema\/person\/000db0a103eb2594ba3daf394b1dfea2\",\"name\":\"admin\",\"image\":{\"@type\":\"ImageObject\",\"inLanguage\":\"de-DE\",\"@id\":\"https:\/\/www.schlanser.ch\/magazin\/#\/schema\/person\/image\/\",\"url\":\"https:\/\/secure.gravatar.com\/avatar\/a794a4fe8a9b9c52241597eb381dfa2e?s=96&d=mm&r=g\",\"contentUrl\":\"https:\/\/secure.gravatar.com\/avatar\/a794a4fe8a9b9c52241597eb381dfa2e?s=96&d=mm&r=g\",\"caption\":\"admin\"}}]}<\/script>\n<!-- \/ Yoast SEO plugin. -->","yoast_head_json":{"title":"Mit Mountain Guide auf Trekkingtour - Schlanser Magazin","description":"Das Schlanser Magazin stellt mit Mountain Guide eine Berger-Marke f\u00fcr Trekking-Profis vor! \u2013 Rucksack \u2714 Zelt \u2714 Schlafsack \u2714 Mehr Ausr\u00fcstung \u2714","robots":{"index":"index","follow":"follow","max-snippet":"max-snippet:-1","max-image-preview":"max-image-preview:large","max-video-preview":"max-video-preview:-1"},"canonical":"https:\/\/www.schlanser.ch\/magazin\/mountain-guide\/","og_locale":"de_DE","og_type":"article","og_title":"Mit Mountain Guide auf Trekkingtour - Schlanser Magazin","og_description":"Das Schlanser Magazin stellt mit Mountain Guide eine Berger-Marke f\u00fcr Trekking-Profis vor! \u2013 Rucksack \u2714 Zelt \u2714 Schlafsack \u2714 Mehr Ausr\u00fcstung \u2714","og_url":"https:\/\/www.schlanser.ch\/magazin\/mountain-guide\/","og_site_name":"Schlanser Magazin","article_published_time":"2017-04-28T07:49:47+00:00","article_modified_time":"2024-01-10T13:42:13+00:00","og_image":[{"width":800,"height":545,"url":"https:\/\/www.schlanser.ch\/magazin\/wp-content\/uploads\/2017\/04\/Mountain-Guide-Trekkingzelt-Nola-2.jpg","type":"image\/jpeg"}],"author":"admin","twitter_card":"summary_large_image","twitter_misc":{"Verfasst von":"admin","Gesch\u00e4tzte Lesezeit":"5 Minuten"},"schema":{"@context":"https:\/\/schema.org","@graph":[{"@type":"WebPage","@id":"https:\/\/www.schlanser.ch\/magazin\/mountain-guide\/","url":"https:\/\/www.schlanser.ch\/magazin\/mountain-guide\/","name":"Mit Mountain Guide auf Trekkingtour - Schlanser Magazin","isPartOf":{"@id":"https:\/\/www.schlanser.ch\/magazin\/#website"},"primaryImageOfPage":{"@id":"https:\/\/www.schlanser.ch\/magazin\/mountain-guide\/#primaryimage"},"image":{"@id":"https:\/\/www.schlanser.ch\/magazin\/mountain-guide\/#primaryimage"},"thumbnailUrl":"https:\/\/www.schlanser.ch\/magazin\/wp-content\/uploads\/2017\/04\/Mountain-Guide-Trekkingzelt-Nola-2.jpg","datePublished":"2017-04-28T07:49:47+00:00","dateModified":"2024-01-10T13:42:13+00:00","author":{"@id":"https:\/\/www.schlanser.ch\/magazin\/#\/schema\/person\/000db0a103eb2594ba3daf394b1dfea2"},"description":"Das Schlanser Magazin stellt mit Mountain Guide eine Berger-Marke f\u00fcr Trekking-Profis vor! \u2013 Rucksack \u2714 Zelt \u2714 Schlafsack \u2714 Mehr Ausr\u00fcstung \u2714","breadcrumb":{"@id":"https:\/\/www.schlanser.ch\/magazin\/mountain-guide\/#breadcrumb"},"inLanguage":"de-DE","potentialAction":[{"@type":"ReadAction","target":["https:\/\/www.schlanser.ch\/magazin\/mountain-guide\/"]}]},{"@type":"ImageObject","inLanguage":"de-DE","@id":"https:\/\/www.schlanser.ch\/magazin\/mountain-guide\/#primaryimage","url":"https:\/\/www.schlanser.ch\/magazin\/wp-content\/uploads\/2017\/04\/Mountain-Guide-Trekkingzelt-Nola-2.jpg","contentUrl":"https:\/\/www.schlanser.ch\/magazin\/wp-content\/uploads\/2017\/04\/Mountain-Guide-Trekkingzelt-Nola-2.jpg","width":800,"height":545},{"@type":"BreadcrumbList","@id":"https:\/\/www.schlanser.ch\/magazin\/mountain-guide\/#breadcrumb","itemListElement":[{"@type":"ListItem","position":1,"name":"Startseite","item":"https:\/\/www.schlanser.ch\/magazin\/"},{"@type":"ListItem","position":2,"name":"Mit Mountain Guide auf Trekkingtour"}]},{"@type":"WebSite","@id":"https:\/\/www.schlanser.ch\/magazin\/#website","url":"https:\/\/www.schlanser.ch\/magazin\/","name":"Schlanser Magazin","description":"","potentialAction":[{"@type":"SearchAction","target":{"@type":"EntryPoint","urlTemplate":"https:\/\/www.schlanser.ch\/magazin\/?s={search_term_string}"},"query-input":"required name=search_term_string"}],"inLanguage":"de-DE"},{"@type":"Person","@id":"https:\/\/www.schlanser.ch\/magazin\/#\/schema\/person\/000db0a103eb2594ba3daf394b1dfea2","name":"admin","image":{"@type":"ImageObject","inLanguage":"de-DE","@id":"https:\/\/www.schlanser.ch\/magazin\/#\/schema\/person\/image\/","url":"https:\/\/secure.gravatar.com\/avatar\/a794a4fe8a9b9c52241597eb381dfa2e?s=96&d=mm&r=g","contentUrl":"https:\/\/secure.gravatar.com\/avatar\/a794a4fe8a9b9c52241597eb381dfa2e?s=96&d=mm&r=g","caption":"admin"}}]}},"_links":{"self":[{"href":"https:\/\/www.schlanser.ch\/magazin\/wp-json\/wp\/v2\/posts\/1872"}],"collection":[{"href":"https:\/\/www.schlanser.ch\/magazin\/wp-json\/wp\/v2\/posts"}],"about":[{"href":"https:\/\/www.schlanser.ch\/magazin\/wp-json\/wp\/v2\/types\/post"}],"author":[{"embeddable":true,"href":"https:\/\/www.schlanser.ch\/magazin\/wp-json\/wp\/v2\/users\/1"}],"replies":[{"embeddable":true,"href":"https:\/\/www.schlanser.ch\/magazin\/wp-json\/wp\/v2\/comments?post=1872"}],"version-history":[{"count":22,"href":"https:\/\/www.schlanser.ch\/magazin\/wp-json\/wp\/v2\/posts\/1872\/revisions"}],"predecessor-version":[{"id":16800,"href":"https:\/\/www.schlanser.ch\/magazin\/wp-json\/wp\/v2\/posts\/1872\/revisions\/16800"}],"wp:featuredmedia":[{"embeddable":true,"href":"https:\/\/www.schlanser.ch\/magazin\/wp-json\/wp\/v2\/media\/1874"}],"wp:attachment":[{"href":"https:\/\/www.schlanser.ch\/magazin\/wp-json\/wp\/v2\/media?parent=1872"}],"wp:term":[{"taxonomy":"category","embeddable":true,"href":"https:\/\/www.schlanser.ch\/magazin\/wp-json\/wp\/v2\/categories?post=1872"},{"taxonomy":"post_tag","embeddable":true,"href":"https:\/\/www.schlanser.ch\/magazin\/wp-json\/wp\/v2\/tags?post=1872"}],"curies":[{"name":"wp","href":"https:\/\/api.w.org\/{rel}","templated":true}]}}