{"id":18857,"date":"2025-09-15T11:41:47","date_gmt":"2025-09-15T09:41:47","guid":{"rendered":"https:\/\/www.schlanser.ch\/magazin\/?p=18857"},"modified":"2025-09-18T18:06:20","modified_gmt":"2025-09-18T16:06:20","slug":"herbst-camping-stellplaetze-in-der-schweiz-und-italien","status":"publish","type":"post","link":"https:\/\/www.schlanser.ch\/magazin\/herbst-camping-stellplaetze-in-der-schweiz-und-italien\/","title":{"rendered":"Herbstferien im S\u00fcden \u2013 10 Camping-Stellpl\u00e4tze f\u00fcr den Herbst"},"content":{"rendered":"<p style=\"text-align: justify;\"><strong>Herbst Camping Stellpl\u00e4tze in der Schweiz und Italien<\/strong> &#8211; Wenn die Tage k\u00fcrzer werden und das Licht goldener wird, lohnt sich der Blick gen S\u00fcden und in die T\u00e4ler der Schweiz: klare Luft, raschelndes Laub unter den Stiefeln, ein erster Tee an der Feuerstelle. Diese zehn Stellpl\u00e4tze laden ein, die bunte Jahreszeit bewusst zu erleben. Mit viel Ruhe, N\u00e4he zur Natur und herzlichen Gastgebenden.<\/p>\n<h3>Was zeichnet ein Nomady Camp aus?<\/h3>\n<p> <br \/>\nEin Nomady-Camp ist ein rares Gut: Ein Platz f\u00fcr dich in der Natur. Es ist kein Massenprodukt und mehr als ein Stellplatz. In der Wertsch\u00e4tzung dessen liegt die Grundlage f\u00fcr Nachhaltigkeit. Sie f\u00fchrt dazu, dass respektvoll mit Natur und Kultur umgegangen sowie Gastgeber:innen angemessen entlohnt werden. <\/p>\n<p>Inhaltsverzeichnis<\/p>\n<ol>\n<li style=\"text-align: justify;\">\n        <strong>Schweizer Camps<\/strong><\/p>\n<ul>\n<li style=\"text-align: justify;\">Heckenfenster Rossweid<\/li>\n<li style=\"text-align: justify;\">Linde<\/li>\n<li style=\"text-align: justify;\">Camp im Kr\u00e4utergarten<\/li>\n<li style=\"text-align: justify;\">Natur und Panorama Camp \u00abStein\u00bb <\/li>\n<li style=\"text-align: justify;\">Camp unter Rossgrat <\/li>\n<\/ul>\n<\/li>\n<p><\/p>\n<li style=\"text-align: justify;\">\n        <strong>Italienische Camps<\/strong><\/p>\n<ul>\n<li style=\"text-align: justify;\">Il passatempo di Enrica<\/li>\n<li style=\"text-align: justify;\">Camp Buzzarrone<\/li>\n<li style=\"text-align: justify;\">Sul Dorso di Lan \u2013 Agricampeggio<\/li>\n<li style=\"text-align: justify;\">Pian di Colle<\/li>\n<li style=\"text-align: justify;\">Camp C\u00e0 Licozzo <\/li>\n<\/ul>\n<\/li>\n<\/ol>\n<h2>Schweizer Camps<\/h2>\n<h3>1. Heckenfenster Rossweid<\/h3>\n<p>Ort: Altb\u00fcron, Kanton Luzern<br \/>\n<img decoding=\"async\" src=\"https:\/\/www.schlanser.ch\/magazin\/wp-content\/uploads\/2025\/08\/HeckfensterRossweid.webp\" alt=\"a camper van in nature under trees\" \/><\/p>\n<p>Romantisch von Hecken und B\u00e4umen gerahmt, mit weitem Blick \u00fcber das Napfgebiet bis zu den Berner Alpen. Ein ruhiger Ort f\u00fcr goldene Herbstabende. Die Wiese vor deinem Camper ist leicht geneigt und schafft ein Gef\u00fchl von Weite. Schattenpl\u00e4tze gibt\u2019s reichlich.<\/p>\n<p><strong>Infrastruktur:<\/strong> Feuerstelle, WC, Dusche, Trinkwasser, Strom, Parken direkt am Camp, Unterstand, Hofladen; familienfreundlich.<br \/>\n<strong>Highlights:<\/strong> Komposttoilette am Platz, regionales Bier, kleiner Hofkiosk.<\/p>\n<p><a href=\"https:\/\/nomady.camp\/cabin\/351\/heckenfenster-rossweid\/preview\" rel=\"noopener\" target=\"_blank\">Zum Camp Heckenfenster Rossweid<\/a><\/p>\n<h3>2. Linde <\/h3>\n<p>Ort: Marbach, Kanton St. Gallen<br \/>\n<img decoding=\"async\" src=\"https:\/\/www.schlanser.ch\/magazin\/wp-content\/uploads\/2025\/09\/Linde.webp\" alt=\"a camper van in nature under trees\" \/><\/p>\n<p>Auf 1\u2019050 m \u00fc. M. mitten auf der Wiese und mit Aussicht auf die Schrattenfluh liegt das Camp von Heidi und Hans. Von dort aus lassen sich Wanderabenteuer und Biketouren starten und sogar eine Kartbahn findet sich in der N\u00e4he. Tisch und Feuerschale mit Grill sind vorhanden und Holz kann vor Ort gekauft werden.<\/p>\n<p><strong>Infrastruktur:<\/strong> Feuerstelle, WC, Dusche, Trinkwasser, Strom, Parken direkt am Camp, Unterstand, Hofladen; Hunde erlaubt, familienfreundlich.<br \/>\n<strong>Hinweis:<\/strong> erh\u00f6hte Bodenfreiheit empfohlen. Highlights: Wander- &#038; Bikerouten, Biketrail, Cart-Spass Marbachegg.<\/p>\n<p><a href=\"https:\/\/nomady.camp\/cabin\/298\/linde\/preview\" rel=\"noopener\" target=\"_blank\">Zum Camp Linde<\/a><\/p>\n<h3>3. Camp im Kr\u00e4utergarten<\/h3>\n<p>Ort: Weier, Kanton St. Gallen<br \/>\n<img decoding=\"async\" src=\"https:\/\/www.schlanser.ch\/magazin\/wp-content\/uploads\/2025\/09\/Kraeutergarten.webp\" alt=\"swiss meadows and mountains with a camper van in the middle\" \/><\/p>\n<p>Auf dem Biohof in sanfter H\u00fcgellandschaft, nahe beim Hof und bestens ausger\u00fcstet liegt das Camp von Susanne und Andreas. Die Umgebung l\u00e4dt zu ausgedehnten Spazierg\u00e4ngen und Velotouren ein. Ideal f\u00fcr gem\u00fctliche Herbsttage zwischen Kr\u00e4utern, Weiden und Hofleben.<\/p>\n<p><strong>Infrastruktur:<\/strong> Feuerstelle mit Grill, Tisch &#038; Bank, WC und Dusche direkt am Platz, Trinkwasser, Strom, Parken am Camp, Unterstand, Hofladen; Hunde erlaubt, familienfreundlich.<br \/>\n<strong>Tipp:<\/strong> Emmentaler Schauk\u00e4serei in der N\u00e4he.<\/p>\n<p><a href=\"https:\/\/nomady.camp\/cabin\/533\/camp-im-krautergarten\/preview\" rel=\"noopener\" target=\"_blank\">Zum Camp im Kr\u00e4utergarten<\/a><\/p>\n<h3>4. Natur und Panorama Camp \u00abStein\u00bb <\/h3>\n<p>Ort: Flums, Kanton St. Gallen<br \/>\n<img decoding=\"async\" src=\"https:\/\/www.schlanser.ch\/magazin\/wp-content\/uploads\/2025\/09\/Panorama.webp\" alt=\"swiss meadows and mountains with a camper van in the middle\" \/><\/p>\n<p>Am Waldrand \u00fcber dem Seeztal liegt das Camp von Lisa und Reto. Von hier aus hast du einen tollen Ausblick auf die Wandergebiete Flumserberg und Pizol. Abgeschieden, ruhig und mit grandioser Bergsicht. Ein stimmungsvoller Ort f\u00fcr klare Sternenn\u00e4chte.<\/p>\n<p><strong>Infrastruktur:<\/strong> Feuerstelle, WC, Dusche, Trinkwasser, Strom, Parken am Camp, Unterstand, Hofladen; Hunde erlaubt, familienfreundlich.<br \/>\n<strong>Aktivit\u00e4ten:<\/strong> Wandern, Biken, Klettern, SUP &#038; Baden.<\/p>\n<p><a href=\"https:\/\/nomady.camp\/cabin\/189\/natur-und-panorama-camp-stein\/preview\" rel=\"noopener\" target=\"_blank\">Natur und Panorama Camp \u00abStein\u00bb<\/a><\/p>\n<h3>5. Camp unter Rossgrat <\/h3>\n<p>Ort: Trub, Kanton Bern<br \/>\n<img decoding=\"async\" src=\"https:\/\/www.schlanser.ch\/magazin\/wp-content\/uploads\/2025\/09\/Rossgrat.webp\" alt=\"swiss meadows and mountains with a camper van in the middle\" \/><\/p>\n<p>Im Herzen vom h\u00fcgeligen Emmental liegt der untere Rossgrat. Dort findest du den Bio-Bauernhof auf 1\u2019100 m \u00fc. M. mit Milchziegen und Milchk\u00fchen von Mira und Raphael \u2013 K\u00e4seproduktion inklusive. Das Camp liegt ca. 100 m vom Hof auf einer Krete mit Weitblick mit Ausblick \u00fcber die Jurakette. Der Sonnenuntergang l\u00e4sst sich wunderbar am Lagerfeuer geniessen.<\/p>\n<p><strong>Infrastruktur:<\/strong> Feuerstelle, WC, Dusche, Trinkwasser, Strom, Parken am Camp, Unterstand, Hofladen; Hunde erlaubt, familienfreundlich.<br \/>\n<strong>Hinweis:<\/strong> erh\u00f6hte Bodenfreiheit empfohlen. <\/p>\n<p><a href=\"https:\/\/nomady.camp\/cabin\/371\/camp-unter-rossgrat\/preview\" rel=\"noopener\" target=\"_blank\">Zum Camp im unter Rossgrat<\/a><\/p>\n<h3>Nomady Herbsthighlight:<\/h3>\n<p>Morgens steigt Dampf \u00fcber feuchten Wiesen auf, am Nachmittag w\u00e4rmt die Sonne noch einmal und am Abend prasselt das Feuer. Genau daf\u00fcr sind Nomady Pl\u00e4tze gemacht.<\/p>\n<p>Auch wenn die Herbsttage im Tessin oder im Wallis oft noch angenehm mild sind \u2013 nachts kann es selbst in der S\u00fcdschweiz bereits deutlich abk\u00fchlen. Damit ihr trotzdem warm und gem\u00fctlich schlaft, lohnt sich ein Blick auf die passenden <a href=\"https:\/\/www.schlanser.ch\/outdoor-freizeit\/schlafsaecke-matten\/schlafsaecke\/\" target=\"_blank\" rel=\"noopener\">Schlafs\u00e4cke<\/a> und <a href=\"https:\/\/www.schlanser.ch\/outdoor-freizeit\/schlafsaecke-matten\/decken\/\" target=\"_blank\" rel=\"noopener\">Decken<\/a> unseres Equipment-Partners Schlanser.ch. So seid ihr bestens f\u00fcr frische N\u00e4chte ger\u00fcstet.<\/p>\n<h2>Italienische Camps<\/h2>\n<h3>1. Il passatempo di Enrica<\/h3>\n<p>Ort: Vettign\u00e8, Piemont<br \/>\n<img decoding=\"async\" src=\"https:\/\/www.schlanser.ch\/magazin\/wp-content\/uploads\/2025\/09\/Enrica.webp\" alt=\"A camper van standing in a field in rural switzerland\" \/><\/p>\n<p>Schlafen innerhalb historischer Dorfmauern von Vettign\u00e8. Hier kannst du wirklich in einer Burg schlafen! Das grosse Areal schenkt Ruhe, Geschichte, ein besonderes Herbstflair und viel zum Entdecken und verwandelt sich nach und nach in ein Kultur- und Bildungszentrum. Auch mit dem Zelt l\u00e4sst es sich im Burghof \u00fcbernachten. <\/p>\n<p><strong>Infrastruktur:<\/strong> Feuerstelle, WC, Aussendusche, Trinkwasser, Strom, Parken am Camp, Unterstand, Hofladen; Hunde erlaubt, familienfreundlich.<\/p>\n<p><a href=\"https:\/\/nomady.camp\/cabin\/1124\/il-passatempo-di-enrica\/preview\" rel=\"noopener\" target=\"_blank\">Zum Camp Il passatempo di Enrica<\/a><\/p>\n<h3>2. Camp Buzzarrone<\/h3>\n<p>Ort: Abruzzen<br \/>\n<img decoding=\"async\" src=\"https:\/\/www.schlanser.ch\/magazin\/wp-content\/uploads\/2025\/09\/Buzzarrone.webp\" alt=\"a camper van in nature under trees\" \/><\/p>\n<p>Auf den H\u00fcgeln von Castelferrato erstreckt sich das Land wie ein Balkon zwischen der Adria und der Majella, eine einzigartige und stimmungsvolle Umgebung, die von Natur aus f\u00fcr den Wein- und Olivenanbau geeignet ist. Weinverkostung bei Gastgeber Riccardo und weiche Herbstfarben \u00fcber den H\u00fcgeln inklusive.<\/p>\n<p><strong>Infrastruktur:<\/strong> Feuerstelle, WC, Dusche, Trinkwasser, Strom, Parken am Camp, Unterstand, Hofladen.<\/p>\n<p><a href=\"https:\/\/nomady.camp\/cabin\/1047\/camp-buzzarrone\/preview\" rel=\"noopener\" target=\"_blank\">Zum Camp Buzzarrone<\/a><\/p>\n<h3>3. Sul Dorso di Lan \u2013 Agricampeggio<\/h3>\n<p>Ort: Venetien\/Dolomiten-Voralpen<br \/>\n<img decoding=\"async\" src=\"https:\/\/www.schlanser.ch\/magazin\/wp-content\/uploads\/2025\/09\/Agricola.webp\" alt=\"swiss meadows and mountains with a camper van in the middle\" \/><\/p>\n<p>Auf einer H\u00f6he von 1.200 Metern \u00fcber dem Meeresspiegel, kannst du dich mit einem guten Buch, regionalen K\u00f6stlichkeiten und wundersch\u00f6nen Spazierg\u00e4ngen bei Sonnenuntergang entspannen. Ein stiller R\u00fcckzugsort f\u00fcr klare Herbsttage.<\/p>\n<p><strong>Infrastruktur:<\/strong> Feuerstelle, WC, Dusche, Trinkwasser, Strom, Parken am Camp, Unterstand, Hofladen; Hunde erlaubt, familienfreundlich.<\/p>\n<p><a href=\"https:\/\/nomady.camp\/cabin\/978\/sul-dorso-di-lan-agricampeggio\/preview\" rel=\"noopener\" target=\"_blank\">Zum Camp Sul Dorso di Lan \u2013 Agricampeggio<\/a><\/p>\n<h3>4. Pian di Colle <\/h3>\n<p>Ort: Borgo Valbelluna, Belluno<br \/>\n<img decoding=\"async\" src=\"https:\/\/www.schlanser.ch\/magazin\/wp-content\/uploads\/2025\/09\/Colle.webp\" alt=\"swiss meadows and mountains with a camper van in the middle\" \/><\/p>\n<p>Im Dorf Colder\u00f9, 30 Min. von Belluno und 20 Min. von Feltre liegt das Camp von Gastgeberin Chiara. Ruhig gelegen, mit Blick auf die Bellunesischen Dolomiten.<br \/>\nPerfekt f\u00fcr sp\u00e4tsommerliche Sonnenunterg\u00e4nge.<\/p>\n<p><strong>Infrastruktur:<\/strong> Feuerstelle, WC, Dusche, Trinkwasser, Strom, Parken am Camp, Unterstand, Hofladen; Hunde erlaubt, familienfreundlich.<\/p>\n<p><a href=\"https:\/\/nomady.camp\/cabin\/870\/pian-di-colle\/preview\" rel=\"noopener\" target=\"_blank\">Zum Camp Pian di Colle <\/a><\/p>\n<h3>5. Camp C\u00e0 Licozzo<\/h3>\n<p>Ort: Marken\/Umbrisch-Marchigianische H\u00fcgel<br \/>\n<img decoding=\"async\" src=\"https:\/\/www.schlanser.ch\/magazin\/wp-content\/uploads\/2025\/09\/Licozzo.webp\" alt=\"swiss meadows and mountains with a camper van in the middle\" \/><\/p>\n<p>Der Campingplatz Ca&#8216; Licozzo liegt in einer Oase der Ruhe in der typisch umbrisch-marchigianischen Landschaft und verf\u00fcgt \u00fcber zwei Stellpl\u00e4tze neben dem Bauernhaus mit Blick auf die bezaubernde Landschaft. Mit Bio-Produkte, Tieren am Hof und viel Gr\u00fcn drumherum, der perfekte Ort, um zur Erntezeit durchzuatmen. <\/p>\n<p><strong>Infrastruktur:<\/strong> Feuerstelle, WC, Dusche, Trinkwasser, Strom, Parken am Camp, Unterstand, Hofladen; Hunde erlaubt, familienfreundlich.<\/p>\n<p><a href=\"https:\/\/nomady.camp\/cabin\/644\/camp-ca-licozzo\/preview\" rel=\"noopener\" target=\"_blank\">Zum Camp C\u00e0 Licozzo<\/a><\/p>\n<h2>Lust auf goldene Tage?<\/h2>\n<p>Ob Alpenpanorama, Emmentaler H\u00fcgelland oder italienische D\u00f6rfer mit jahrhundertealten Mauern, diese Nomady Stellpl\u00e4tze schenken dir Stille, Weitblick und N\u00e4he zur Natur. Pack die warme Jacke ein, f\u00fcll die Thermoskanne und freu dich auf knisternde Feuer, klare N\u00e4chte und die sanften Farben des Herbstes.<\/p>\n<h3>Camping ready f\u00fcr frische Herbstabende?<\/h3>\n<p>Das perfekte Camping-Equipment zu besten Preisen findest du nat\u00fcrlich bei <a href=\"https:\/\/www.schlanser.ch\/\" target=\"_blank\" rel=\"noopener\">Schlanser.ch<\/a> \u2013 lass dich von unserem Team beraten!<\/p>\n<p><a href=\"https:\/\/www.schlanser.ch\/\" target=\"_blank\" rel=\"noopener\"><img decoding=\"async\" src=\"https:\/\/www.schlanser.ch\/magazin\/wp-content\/uploads\/2025\/09\/Nomady_Image_Camping_035.webp\" alt=\"Camper van parked in nature in Switzerland\" \/><\/a><\/p>\n","protected":false},"excerpt":{"rendered":"<p>Herbst Camping Stellpl\u00e4tze in der Schweiz und Italien &#8211; Wenn die Tage k\u00fcrzer werden und das Licht goldener wird, lohnt sich der Blick gen S\u00fcden und in die T\u00e4ler der Schweiz: klare Luft, raschelndes Laub unter den Stiefeln, ein erster Tee an der Feuerstelle. Diese zehn Stellpl\u00e4tze laden ein, die bunte Jahreszeit bewusst zu erleben. &hellip;<\/p>\n","protected":false},"author":4,"featured_media":18904,"comment_status":"closed","ping_status":"open","sticky":false,"template":"","format":"standard","meta":{"footnotes":""},"categories":[1],"tags":[],"yoast_head":"<!-- This site is optimized with the Yoast SEO plugin v22.2 - https:\/\/yoast.com\/wordpress\/plugins\/seo\/ -->\n<title>Herbst Camping Stellpl\u00e4tze in der Schweiz und Italien<\/title>\n<meta name=\"description\" content=\"Entdeckt die besten Herbst Camping Stellpl\u00e4tze in der Schweiz und Italien \u2013 mit Tipps f\u00fcr die besten Reiseziele in der Schweiz und Italien.\" \/>\n<meta name=\"robots\" content=\"index, follow, max-snippet:-1, max-image-preview:large, max-video-preview:-1\" \/>\n<link rel=\"canonical\" href=\"https:\/\/www.schlanser.ch\/magazin\/herbst-camping-stellplaetze-in-der-schweiz-und-italien\/\" \/>\n<meta property=\"og:locale\" content=\"de_DE\" \/>\n<meta property=\"og:type\" content=\"article\" \/>\n<meta property=\"og:title\" content=\"Herbst Camping Stellpl\u00e4tze in der Schweiz und Italien\" \/>\n<meta property=\"og:description\" content=\"Entdeckt die besten Herbst Camping Stellpl\u00e4tze in der Schweiz und Italien \u2013 mit Tipps f\u00fcr die besten Reiseziele in der Schweiz und Italien.\" \/>\n<meta property=\"og:url\" content=\"https:\/\/www.schlanser.ch\/magazin\/herbst-camping-stellplaetze-in-der-schweiz-und-italien\/\" \/>\n<meta property=\"og:site_name\" content=\"Schlanser Magazin\" \/>\n<meta property=\"article:published_time\" content=\"2025-09-15T09:41:47+00:00\" \/>\n<meta property=\"article:modified_time\" content=\"2025-09-18T16:06:20+00:00\" \/>\n<meta property=\"og:image\" content=\"https:\/\/www.schlanser.ch\/magazin\/wp-content\/uploads\/2025\/09\/Camping_Sueden_Herbst.webp\" \/>\n\t<meta property=\"og:image:width\" content=\"1920\" \/>\n\t<meta property=\"og:image:height\" content=\"1280\" \/>\n\t<meta property=\"og:image:type\" content=\"image\/webp\" \/>\n<meta name=\"author\" content=\"a.lenhardt\" \/>\n<meta name=\"twitter:card\" content=\"summary_large_image\" \/>\n<meta name=\"twitter:label1\" content=\"Verfasst von\" \/>\n\t<meta name=\"twitter:data1\" content=\"a.lenhardt\" \/>\n\t<meta name=\"twitter:label2\" content=\"Gesch\u00e4tzte Lesezeit\" \/>\n\t<meta name=\"twitter:data2\" content=\"9 Minuten\" \/>\n<script type=\"application\/ld+json\" class=\"yoast-schema-graph\">{\"@context\":\"https:\/\/schema.org\",\"@graph\":[{\"@type\":\"WebPage\",\"@id\":\"https:\/\/www.schlanser.ch\/magazin\/herbst-camping-stellplaetze-in-der-schweiz-und-italien\/\",\"url\":\"https:\/\/www.schlanser.ch\/magazin\/herbst-camping-stellplaetze-in-der-schweiz-und-italien\/\",\"name\":\"Herbst Camping Stellpl\u00e4tze in der Schweiz und Italien\",\"isPartOf\":{\"@id\":\"https:\/\/www.schlanser.ch\/magazin\/#website\"},\"primaryImageOfPage\":{\"@id\":\"https:\/\/www.schlanser.ch\/magazin\/herbst-camping-stellplaetze-in-der-schweiz-und-italien\/#primaryimage\"},\"image\":{\"@id\":\"https:\/\/www.schlanser.ch\/magazin\/herbst-camping-stellplaetze-in-der-schweiz-und-italien\/#primaryimage\"},\"thumbnailUrl\":\"https:\/\/www.schlanser.ch\/magazin\/wp-content\/uploads\/2025\/09\/Camping_Sueden_Herbst.webp\",\"datePublished\":\"2025-09-15T09:41:47+00:00\",\"dateModified\":\"2025-09-18T16:06:20+00:00\",\"author\":{\"@id\":\"https:\/\/www.schlanser.ch\/magazin\/#\/schema\/person\/e71886b87631d1e017de3090e5e296c1\"},\"description\":\"Entdeckt die besten Herbst Camping Stellpl\u00e4tze in der Schweiz und Italien \u2013 mit Tipps f\u00fcr die besten Reiseziele in der Schweiz und Italien.\",\"breadcrumb\":{\"@id\":\"https:\/\/www.schlanser.ch\/magazin\/herbst-camping-stellplaetze-in-der-schweiz-und-italien\/#breadcrumb\"},\"inLanguage\":\"de-DE\",\"potentialAction\":[{\"@type\":\"ReadAction\",\"target\":[\"https:\/\/www.schlanser.ch\/magazin\/herbst-camping-stellplaetze-in-der-schweiz-und-italien\/\"]}]},{\"@type\":\"ImageObject\",\"inLanguage\":\"de-DE\",\"@id\":\"https:\/\/www.schlanser.ch\/magazin\/herbst-camping-stellplaetze-in-der-schweiz-und-italien\/#primaryimage\",\"url\":\"https:\/\/www.schlanser.ch\/magazin\/wp-content\/uploads\/2025\/09\/Camping_Sueden_Herbst.webp\",\"contentUrl\":\"https:\/\/www.schlanser.ch\/magazin\/wp-content\/uploads\/2025\/09\/Camping_Sueden_Herbst.webp\",\"width\":1920,\"height\":1280},{\"@type\":\"BreadcrumbList\",\"@id\":\"https:\/\/www.schlanser.ch\/magazin\/herbst-camping-stellplaetze-in-der-schweiz-und-italien\/#breadcrumb\",\"itemListElement\":[{\"@type\":\"ListItem\",\"position\":1,\"name\":\"Startseite\",\"item\":\"https:\/\/www.schlanser.ch\/magazin\/\"},{\"@type\":\"ListItem\",\"position\":2,\"name\":\"Herbstferien im S\u00fcden \u2013 10 Camping-Stellpl\u00e4tze f\u00fcr den Herbst\"}]},{\"@type\":\"WebSite\",\"@id\":\"https:\/\/www.schlanser.ch\/magazin\/#website\",\"url\":\"https:\/\/www.schlanser.ch\/magazin\/\",\"name\":\"Schlanser Magazin\",\"description\":\"\",\"potentialAction\":[{\"@type\":\"SearchAction\",\"target\":{\"@type\":\"EntryPoint\",\"urlTemplate\":\"https:\/\/www.schlanser.ch\/magazin\/?s={search_term_string}\"},\"query-input\":\"required name=search_term_string\"}],\"inLanguage\":\"de-DE\"},{\"@type\":\"Person\",\"@id\":\"https:\/\/www.schlanser.ch\/magazin\/#\/schema\/person\/e71886b87631d1e017de3090e5e296c1\",\"name\":\"a.lenhardt\",\"image\":{\"@type\":\"ImageObject\",\"inLanguage\":\"de-DE\",\"@id\":\"https:\/\/www.schlanser.ch\/magazin\/#\/schema\/person\/image\/\",\"url\":\"https:\/\/secure.gravatar.com\/avatar\/91ff9393761944e218b2f41f904f9d7d?s=96&d=mm&r=g\",\"contentUrl\":\"https:\/\/secure.gravatar.com\/avatar\/91ff9393761944e218b2f41f904f9d7d?s=96&d=mm&r=g\",\"caption\":\"a.lenhardt\"}}]}<\/script>\n<!-- \/ Yoast SEO plugin. -->","yoast_head_json":{"title":"Herbst Camping Stellpl\u00e4tze in der Schweiz und Italien","description":"Entdeckt die besten Herbst Camping Stellpl\u00e4tze in der Schweiz und Italien \u2013 mit Tipps f\u00fcr die besten Reiseziele in der Schweiz und Italien.","robots":{"index":"index","follow":"follow","max-snippet":"max-snippet:-1","max-image-preview":"max-image-preview:large","max-video-preview":"max-video-preview:-1"},"canonical":"https:\/\/www.schlanser.ch\/magazin\/herbst-camping-stellplaetze-in-der-schweiz-und-italien\/","og_locale":"de_DE","og_type":"article","og_title":"Herbst Camping Stellpl\u00e4tze in der Schweiz und Italien","og_description":"Entdeckt die besten Herbst Camping Stellpl\u00e4tze in der Schweiz und Italien \u2013 mit Tipps f\u00fcr die besten Reiseziele in der Schweiz und Italien.","og_url":"https:\/\/www.schlanser.ch\/magazin\/herbst-camping-stellplaetze-in-der-schweiz-und-italien\/","og_site_name":"Schlanser Magazin","article_published_time":"2025-09-15T09:41:47+00:00","article_modified_time":"2025-09-18T16:06:20+00:00","og_image":[{"width":1920,"height":1280,"url":"https:\/\/www.schlanser.ch\/magazin\/wp-content\/uploads\/2025\/09\/Camping_Sueden_Herbst.webp","type":"image\/webp"}],"author":"a.lenhardt","twitter_card":"summary_large_image","twitter_misc":{"Verfasst von":"a.lenhardt","Gesch\u00e4tzte Lesezeit":"9 Minuten"},"schema":{"@context":"https:\/\/schema.org","@graph":[{"@type":"WebPage","@id":"https:\/\/www.schlanser.ch\/magazin\/herbst-camping-stellplaetze-in-der-schweiz-und-italien\/","url":"https:\/\/www.schlanser.ch\/magazin\/herbst-camping-stellplaetze-in-der-schweiz-und-italien\/","name":"Herbst Camping Stellpl\u00e4tze in der Schweiz und Italien","isPartOf":{"@id":"https:\/\/www.schlanser.ch\/magazin\/#website"},"primaryImageOfPage":{"@id":"https:\/\/www.schlanser.ch\/magazin\/herbst-camping-stellplaetze-in-der-schweiz-und-italien\/#primaryimage"},"image":{"@id":"https:\/\/www.schlanser.ch\/magazin\/herbst-camping-stellplaetze-in-der-schweiz-und-italien\/#primaryimage"},"thumbnailUrl":"https:\/\/www.schlanser.ch\/magazin\/wp-content\/uploads\/2025\/09\/Camping_Sueden_Herbst.webp","datePublished":"2025-09-15T09:41:47+00:00","dateModified":"2025-09-18T16:06:20+00:00","author":{"@id":"https:\/\/www.schlanser.ch\/magazin\/#\/schema\/person\/e71886b87631d1e017de3090e5e296c1"},"description":"Entdeckt die besten Herbst Camping Stellpl\u00e4tze in der Schweiz und Italien \u2013 mit Tipps f\u00fcr die besten Reiseziele in der Schweiz und Italien.","breadcrumb":{"@id":"https:\/\/www.schlanser.ch\/magazin\/herbst-camping-stellplaetze-in-der-schweiz-und-italien\/#breadcrumb"},"inLanguage":"de-DE","potentialAction":[{"@type":"ReadAction","target":["https:\/\/www.schlanser.ch\/magazin\/herbst-camping-stellplaetze-in-der-schweiz-und-italien\/"]}]},{"@type":"ImageObject","inLanguage":"de-DE","@id":"https:\/\/www.schlanser.ch\/magazin\/herbst-camping-stellplaetze-in-der-schweiz-und-italien\/#primaryimage","url":"https:\/\/www.schlanser.ch\/magazin\/wp-content\/uploads\/2025\/09\/Camping_Sueden_Herbst.webp","contentUrl":"https:\/\/www.schlanser.ch\/magazin\/wp-content\/uploads\/2025\/09\/Camping_Sueden_Herbst.webp","width":1920,"height":1280},{"@type":"BreadcrumbList","@id":"https:\/\/www.schlanser.ch\/magazin\/herbst-camping-stellplaetze-in-der-schweiz-und-italien\/#breadcrumb","itemListElement":[{"@type":"ListItem","position":1,"name":"Startseite","item":"https:\/\/www.schlanser.ch\/magazin\/"},{"@type":"ListItem","position":2,"name":"Herbstferien im S\u00fcden \u2013 10 Camping-Stellpl\u00e4tze f\u00fcr den Herbst"}]},{"@type":"WebSite","@id":"https:\/\/www.schlanser.ch\/magazin\/#website","url":"https:\/\/www.schlanser.ch\/magazin\/","name":"Schlanser Magazin","description":"","potentialAction":[{"@type":"SearchAction","target":{"@type":"EntryPoint","urlTemplate":"https:\/\/www.schlanser.ch\/magazin\/?s={search_term_string}"},"query-input":"required name=search_term_string"}],"inLanguage":"de-DE"},{"@type":"Person","@id":"https:\/\/www.schlanser.ch\/magazin\/#\/schema\/person\/e71886b87631d1e017de3090e5e296c1","name":"a.lenhardt","image":{"@type":"ImageObject","inLanguage":"de-DE","@id":"https:\/\/www.schlanser.ch\/magazin\/#\/schema\/person\/image\/","url":"https:\/\/secure.gravatar.com\/avatar\/91ff9393761944e218b2f41f904f9d7d?s=96&d=mm&r=g","contentUrl":"https:\/\/secure.gravatar.com\/avatar\/91ff9393761944e218b2f41f904f9d7d?s=96&d=mm&r=g","caption":"a.lenhardt"}}]}},"_links":{"self":[{"href":"https:\/\/www.schlanser.ch\/magazin\/wp-json\/wp\/v2\/posts\/18857"}],"collection":[{"href":"https:\/\/www.schlanser.ch\/magazin\/wp-json\/wp\/v2\/posts"}],"about":[{"href":"https:\/\/www.schlanser.ch\/magazin\/wp-json\/wp\/v2\/types\/post"}],"author":[{"embeddable":true,"href":"https:\/\/www.schlanser.ch\/magazin\/wp-json\/wp\/v2\/users\/4"}],"replies":[{"embeddable":true,"href":"https:\/\/www.schlanser.ch\/magazin\/wp-json\/wp\/v2\/comments?post=18857"}],"version-history":[{"count":16,"href":"https:\/\/www.schlanser.ch\/magazin\/wp-json\/wp\/v2\/posts\/18857\/revisions"}],"predecessor-version":[{"id":18905,"href":"https:\/\/www.schlanser.ch\/magazin\/wp-json\/wp\/v2\/posts\/18857\/revisions\/18905"}],"wp:featuredmedia":[{"embeddable":true,"href":"https:\/\/www.schlanser.ch\/magazin\/wp-json\/wp\/v2\/media\/18904"}],"wp:attachment":[{"href":"https:\/\/www.schlanser.ch\/magazin\/wp-json\/wp\/v2\/media?parent=18857"}],"wp:term":[{"taxonomy":"category","embeddable":true,"href":"https:\/\/www.schlanser.ch\/magazin\/wp-json\/wp\/v2\/categories?post=18857"},{"taxonomy":"post_tag","embeddable":true,"href":"https:\/\/www.schlanser.ch\/magazin\/wp-json\/wp\/v2\/tags?post=18857"}],"curies":[{"name":"wp","href":"https:\/\/api.w.org\/{rel}","templated":true}]}}