{"id":18940,"date":"2025-12-04T11:36:30","date_gmt":"2025-12-04T10:36:30","guid":{"rendered":"https:\/\/www.schlanser.ch\/magazin\/?p=18940"},"modified":"2025-12-04T17:45:11","modified_gmt":"2025-12-04T16:45:11","slug":"vanlife-im-winter-tipps-loesungen-und-die-schoensten-nomady-wintercamps","status":"publish","type":"post","link":"https:\/\/www.schlanser.ch\/magazin\/vanlife-im-winter-tipps-loesungen-und-die-schoensten-nomady-wintercamps\/","title":{"rendered":"Vanlife im Winter: Tipps, L\u00f6sungen und die sch\u00f6nsten Nomady-Wintercamps"},"content":{"rendered":"<br \/>\n<h2>Freiheit sp\u00fcren \u2013 auch bei Schnee und frostigen Temperaturen<\/h2>\n<p style=\"text-align: justify;\">\n    Vanlife im Winter hat seinen ganz eigenen Zauber: klare Bergluft, verschneite Landschaften und ruhige Campingpl\u00e4tze fernab des Sommertrubels. Gleichzeitig stellt die kalte Jahreszeit Camper vor besondere Herausforderungen. Doch mit der richtigen Vorbereitung und passenden Ausr\u00fcstung wird das Winterabenteuer im Campervan zu einer gem\u00fctlichen, sicheren und unvergesslichen Erfahrung.\n  <\/p>\n<p style=\"text-align: justify;\">\n    In diesem Magazinbeitrag fassen wir die wichtigsten Pain Points f\u00fcr Wintercamper zusammen \u2013 und zeigen dir gleich die passenden L\u00f6sungen aus unserem Shop auf schlanser.ch. Zum Schluss stellen wir dir f\u00fcnf handverlesene <a href=\"#nomady\">Wintercamps unseres Partners Nomady<\/a> vor, die perfekt zur Saison passen.\n  <\/p>\n<h2>Die h\u00e4ufigsten Winter-Vanlife-Pain Points \u2013 und ihre L\u00f6sungen<\/h2>\n<p>  <!-- 1. K\u00e4lte im Fahrzeug --><\/p>\n<h3>1. K\u00e4lte im Fahrzeug \u2013 wie bleibt der Van warm?<\/h3>\n<p style=\"text-align: justify;\">\n    Einer der gr\u00f6ssten Winter-Vanlife-Herausforderungen ist die K\u00e4lte. Sobald die Temperatur sinkt, wird jeder Spalt und jede L\u00fccke sp\u00fcrbar \u2013 vor allem einfache Einscheibenfenster, die als Hauptquelle f\u00fcr eindringende K\u00e4lte gelten, da die einzelne Scheibe als stark w\u00e4rmeleitendes Medium wirkt und den Temperaturunterschied zwischen draussen und drinnen besonders leicht \u00fcbertr\u00e4gt \u2013 und daher unbedingt gut isoliert werden sollten.\n  <\/p>\n<h4>L\u00f6sung<\/h4>\n<ul>\n<li><strong>Thermo-Isoliermatten<\/strong> f\u00fcr Fahrerhaus und Heckfenster \u2013 sie halten die K\u00e4lte draussen und die W\u00e4rme drinnen.<\/li>\n<table width=\"100%\" cellspacing=\"0\" cellpadding=\"0\" style=\"border:0 !important; border-collapse:collapse !important;\">\n<tr>\n<td width=\"50%\" style=\"border:0 !important; padding:0 !important;\">\n<a href=\"https:\/\/www.schlanser.ch\/hersteller\/hindermann\/213220\/hecktuerisolierung-ducato-x250-x290-07-14-1-tlg.-hoher-tuerausschnitt-h2\" target=\"blank\" rel=\"noopener\"><br \/>\n  <img decoding=\"async\" \n    src=\"https:\/\/www.schlanser.ch\/thumbnail\/52\/50\/c9\/1741332235\/d2934afae6d04f309b96a2066cf1a0c5_1820x1820.jpg?1741332235\" \n    alt=\"Hindermann Heckt\u00fcrisolierung f\u00fcr Fiat Ducato X250\/X290 H2 \u2013 w\u00e4rmeisolierende Abdeckung der ge\u00f6ffneten Heckt\u00fcr f\u00fcr Wintercamping\" \n    style=\"display:block; width:100%; height:300px; object-fit:cover;\"\n        \/><br \/>\n      <\/a>\n    <\/td>\n<td width=\"5px\" style=\"border:0 !important;\"><\/td>\n<td width=\"50%\" style=\"border:0 !important; padding:0 !important;\">\n      <a href=\"https:\/\/www.schlanser.ch\/hersteller\/hindermann\/275628\/hindermann-thermo-trennvorhang-hellgrau\" target=\"_blank\" rel=\"noopener noreferrer\"><br \/>\n  <img decoding=\"async\" \n    src=\"https:\/\/www.schlanser.ch\/thumbnail\/f8\/c0\/af\/1678543723\/8046442cd364417abd07ccf5b640dd5b_1820x1820.jpg?1687369965\" \n    alt=\"Hindermann Thermo-Trennvorhang hellgrau \u2013 w\u00e4rmeisolierender Vorhang f\u00fcr Fahrerhaus und Wohnmobil-Innenraum\" \n    style=\"display:block; width:100%; height:300px; object-fit:cover;\"\n        \/><br \/>\n      <\/a>\n    <\/td>\n<\/tr>\n<\/table>\n<li><strong>Dachhauben-Isolation<\/strong> denn nach oben steigende W\u00e4rme geht hier am liebsten fl\u00f6ten.<\/li>\n<table width=\"100%\" cellspacing=\"0\" cellpadding=\"0\" style=\"border:0 !important; border-collapse:collapse !important;\">\n<tr>\n<td width=\"50%\" style=\"border:0 !important; padding:0 !important;\">\n<a href=\"https:\/\/www.schlanser.ch\/hersteller\/fiamma\/26-92292\/thermo-vent-40\" target=\"blank\" rel=\"noopener\"><br \/>\n  <img decoding=\"async\" \n    src=\"https:\/\/www.schlanser.ch\/thumbnail\/9a\/fc\/89\/1752240984\/a417e23ec73c46e88dc91f368b157c61_1820x1820.jpg?1752240985\" \n    alt=\"Thermo-Vent 40 \u2013 w\u00e4rmeisolierende Abdeckung f\u00fcr Dachhauben\" \n    style=\"display:block; width:100%; height:300px; object-fit:cover;\"\n        \/><br \/>\n      <\/a>\n    <\/td>\n<td width=\"5px\" style=\"border:0 !important;\"><\/td>\n<td width=\"50%\" style=\"border:0 !important; padding:0 !important;\">\n<a href=\"https:\/\/www.schlanser.ch\/hersteller\/brunner\/263736\/brunner-heki-cover-pro-schutzhaube-fuer-dachhaubenmodel-heki-universal\" target=\"_blank\" rel=\"noopener noreferrer\"><br \/>\n  <img decoding=\"async\" \n    src=\"https:\/\/www.schlanser.ch\/thumbnail\/00\/c2\/26\/1745645627\/61af231bf0d54bddb792008395cb1ac1_1820x1820.jpg?1745645627\" \n    alt=\"Brunner Heki Cover Pro Schutzhaube f\u00fcr Heki Dachhauben \u2013 zus\u00e4tzlicher Schutz vor Witterung und W\u00e4rmeverlust\" \n    style=\"display:block; width:100%; height:300px; object-fit:cover;\"\n        \/><br \/>\n      <\/a>\n    <\/td>\n<\/tr>\n<\/table>\n<li><strong>Warme Schlafs\u00e4cke<\/strong> mit Komfortbereich weit unter 0 \u00b0C.<\/li>\n<table width=\"100%\" cellspacing=\"0\" cellpadding=\"0\" style=\"border:0 !important; border-collapse:collapse !important;\">\n<tr>\n<td width=\"50%\" style=\"border:0 !important; padding:0 !important;\">\n<a href=\"https:\/\/www.schlanser.ch\/schlafsaecke\/outdoor-freizeit\/schlafsaecke-matten\/654070\/outwell-camper-lux-deckenschlafsack-235-cm-reissverschluss-rechts\" target=\"_blank\" rel=\"noopener\" class=\"broken_link\"><br \/>\n  <img decoding=\"async\" \n    src=\"https:\/\/www.schlanser.ch\/thumbnail\/d2\/4f\/87\/1741169923\/8637c7a475974ec2ab06df3eba79cdbf_1820x1820.jpg?1741169923\" \n    alt=\"Outwell Camper Lux Deckenschlafsack 235 cm \u2013 gem\u00fctlicher, gut gef\u00fctterter Schlafsack f\u00fcr Camping und Vanlife im Winter\"\n    style=\"display:block; width:100%; height:300px; object-fit:cover;\" \n  \/><br \/>\n<\/a>\n    <\/td>\n<td width=\"5px\" style=\"border:0 !important;\"><\/td>\n<td width=\"50%\" style=\"border:0 !important; padding:0 !important;\">\n<a href=\"https:\/\/www.schlanser.ch\/schlafsaecke\/outdoor-freizeit\/schlafsaecke-matten\/756330\/sea-to-summit-spark-spiv-lang-daunenschlafsack\" target=\"_blank\" rel=\"noopener noreferrer\"><br \/>\n  <img decoding=\"async\" \n    src=\"https:\/\/www.schlanser.ch\/thumbnail\/04\/b6\/bc\/1706800244\/d1d361fd8aa1442dad308451cd38345a_1820x1820.jpg?1706800246\" \n    alt=\"Sea to Summit Spark SpIV Lang Daunenschlafsack \u2013 ultraleichter, sehr warmer Mumienschlafsack f\u00fcr Wintertouren\" \n    style=\"display:block; width:100%; height:300px; object-fit:cover;\"\n        \/><br \/>\n      <\/a>\n    <\/td>\n<\/tr>\n<\/table>\n<li><strong>Kabinenheizer (12V\/230V)<\/strong> als zus\u00e4tzliche W\u00e4rmequelle f\u00fcr besonders kalte N\u00e4chte.<\/li>\n<table width=\"100%\" cellspacing=\"0\" cellpadding=\"0\" style=\"border:0 !important; border-collapse:collapse !important;\">\n<tr>\n<td width=\"50%\" style=\"border:0 !important; padding:0 !important;\">\n<a href=\"https:\/\/www.schlanser.ch\/hersteller\/ecomat\/443060\/elektro-heizluefter-ecomat-2000-select\" target=\"_blank\" rel=\"noopener\"><br \/>\n  <img decoding=\"async\" \n    src=\"https:\/\/www.schlanser.ch\/thumbnail\/66\/aa\/28\/1741141393\/9335247a91cf45b88bc4ebc4d250f12a_1820x1820.jpg?1741141394\" \n    alt=\"Elektro Heizl\u00fcfter Ecomat 2000 Select \u2013 kompakter Keramikheizer f\u00fcr sichere Zusatzw\u00e4rme im Wohnmobil\"\nstyle=\"display:block; width:100%; height:300px; object-fit:cover;\" \n  \/><br \/>\n<\/a>\n    <\/td>\n<td width=\"5px\" style=\"border:0 !important;\"><\/td>\n<td width=\"50%\" style=\"border:0 !important; padding:0 !important;\">\n<a href=\"https:\/\/www.schlanser.ch\/hersteller\/berger\/2819\/berger-keramik-heizluefter-plus\" target=\"_blank\" rel=\"noopener noreferrer\"><br \/>\n  <img decoding=\"async\" \n    src=\"https:\/\/www.schlanser.ch\/thumbnail\/e4\/65\/db\/1759909448\/202cd8d18d3e4a48bca26f3837cade41_1820x1820.jpg?1759909449\" \n    alt=\"Berger Keramik-Heizl\u00fcfter Plus \u2013 kompakter Elektroheizer f\u00fcr schnelle W\u00e4rme im Camper oder Wohnwagen\" \n    style=\"display:block; width:100%; height:300px; object-fit:cover;\"\n        \/><br \/>\n      <\/a>\n    <\/td>\n<\/tr>\n<\/table>\n<\/ul>\n<p style=\"text-align: justify;\">\n    Als kurze Zusammenfassung: Unsere <strong>Hindermann-Isoliermatten<\/strong> \u2013 von Heckklappenisolierung bis Lux-Thermofenstermatten \u2013 reduzieren den W\u00e4rmeverlust massiv und sch\u00fctzen zuverl\u00e4ssig vor K\u00e4lte. Erg\u00e4nzt durch hochwertige <strong>Sea to Summit<\/strong>&#8211; und <strong>Outwell-Schlafs\u00e4cke<\/strong> sowie robuste <strong>Ecomat-<\/strong> und <strong>Berger-Heizl\u00fcfter<\/strong> entsteht ein stimmiges W\u00e4rme-Konzept, das dich selbst bei tiefen Minusgraden sicher durch die Nacht bringt.\n  <\/p>\n<p>  <!-- 2. Stromversorgung --><\/p>\n<h3>2. Stromversorgung im Winter \u2013 weniger Sonne, mehr Verbrauch<\/h3>\n<p style=\"text-align: justify;\">\n    Kaum etwas wird im Winter so stark beansprucht wie die Bordbatterie \u2013 denn Licht, Heizung, L\u00fcfter und Innenraumger\u00e4te laufen l\u00e4nger und intensiver als in der warmen Jahreszeit, und zus\u00e4tzlich verlieren Batterien bei K\u00e4lte sp\u00fcrbar an Kapazit\u00e4t, was ihre Leistungsf\u00e4higkeit weiter reduziert.\n  <\/p>\n<h4>L\u00f6sung<\/h4>\n<ul>\n<li><strong>Mobile Solarpanels<\/strong> mit hoher Wintereffizienz.<\/li>\n<table width=\"100%\" cellspacing=\"0\" cellpadding=\"0\" style=\"border:0 !important; border-collapse:collapse !important;\">\n<tr>\n<td width=\"50%\" style=\"border:0 !important; padding:0 !important;\">\n<a href=\"https:\/\/www.schlanser.ch\/hersteller\/ecoflow\/362940\/solar-energie-panel-faltbar-160-w\" target=\"_blank\" rel=\"noopener noreferrer\"><br \/>\n  <img decoding=\"async\" \n    src=\"https:\/\/www.schlanser.ch\/media\/c2\/f5\/c5\/1701275516\/1977f3a560ab465fbbf09e63ae012e0d.jpg?1701275516\" \n    alt=\"EcoFlow faltbares 160 W Solar-Energie-Panel \u2013 mobiles Solarpanel f\u00fcr autarke Stromversorgung beim Camping\"\n    style=\"display:block; width:100%; height:300px; object-fit:cover;\" \n  \/><br \/>\n<\/a>\n    <\/td>\n<td width=\"5px\" style=\"border:0 !important;\"><\/td>\n<td width=\"50%\" style=\"border:0 !important; padding:0 !important;\">\n<a href=\"https:\/\/www.schlanser.ch\/hersteller\/berger\/871701\/berger-faltbares-solarpanel-100-w\" target=\"_blank\" rel=\"noopener noreferrer\"><br \/>\n  <img decoding=\"async\" \n    src=\"https:\/\/www.schlanser.ch\/thumbnail\/e5\/0d\/fd\/1756510847\/4c51c13224e7477ca0ec733de6a1ed99_1820x1820.jpg?1756510848\" \n    alt=\"Berger faltbares Solarpanel 100 W \u2013 mobiles Solar-Panel f\u00fcr autarke Stromversorgung beim Camping und Vanlife\" \n    style=\"display:block; width:100%; height:300px; object-fit:cover;\"\n        \/><br \/>\n      <\/a>\n    <\/td>\n<\/tr>\n<\/table>\n<li><strong>Powerstations<\/strong> f\u00fcr unabh\u00e4ngige Versorgung.<\/li>\n<table width=\"100%\" cellspacing=\"0\" cellpadding=\"0\" style=\"border:0 !important; border-collapse:collapse !important;\">\n<tr>\n<td width=\"50%\" style=\"border:0 !important; padding:0 !important;\">\n<a href=\"https:\/\/www.schlanser.ch\/hersteller\/bluetti\/192163\/bluetti-premium-200-v2-tragbare-powerstation-2700-w\" target=\"_blank\" rel=\"noopener noreferrer\"><br \/>\n  <img decoding=\"async\" \n    src=\"https:\/\/www.schlanser.ch\/thumbnail\/6c\/f5\/4d\/1746847293\/1bbcb6cbad8949abafd377a29dde0180_1820x1820.jpg?1746847293\" \n    alt=\"Bluetti Premium 200 V2 tragbare Powerstation 2700 W \u2013 leistungsstarke mobile Energiequelle f\u00fcr Camper und Offgrid-Einsatz\"\n    style=\"display:block; width:100%; height:300px; object-fit:cover;\" \n  \/><br \/>\n<\/a>\n    <\/td>\n<td width=\"5px\" style=\"border:0 !important;\"><\/td>\n<td width=\"50%\" style=\"border:0 !important; padding:0 !important;\">\n<a href=\"https:\/\/www.schlanser.ch\/hersteller\/ecoflow\/35-EFDELTA2MAX\/ecoflow-power-station-delta-2-max-2-048-wh-ch\" target=\"_blank\" rel=\"noopener noreferrer\"><br \/>\n  <img decoding=\"async\" \n    src=\"https:\/\/www.schlanser.ch\/thumbnail\/38\/88\/4f\/1709724362\/fe677510c5964ca7af92531999a35b16_1820x1820.jpg?1709724364\" \n    alt=\"EcoFlow Power Station Delta 2 Max 2\u2019048 Wh \u2013 leistungsstarke tragbare Powerstation f\u00fcr Camper und autarke Energieversorgung\" \n    style=\"display:block; width:100%; height:300px; object-fit:cover;\"\n        \/><br \/>\n      <\/a>\n    <\/td>\n<\/tr>\n<\/table>\n<li><strong>Ladebooster und intelligente Laderegler<\/strong>, um Fahrzeugbatterien w\u00e4hrend der Fahrt optimal zu laden.<\/li>\n<table width=\"100%\" cellspacing=\"0\" cellpadding=\"0\" style=\"border:0 !important; border-collapse:collapse !important;\">\n<tr>\n<td width=\"50%\" style=\"border:0 !important; padding:0 !important;\">\n<a href=\"https:\/\/www.schlanser.ch\/hersteller\/victron-energy\/212767\/victron-bluesolar-mppt-100-50-solar-laderegler-100-v-50-a\" target=\"_blank\" rel=\"noopener noreferrer\"><br \/>\n  <img decoding=\"async\" \n    src=\"https:\/\/www.schlanser.ch\/thumbnail\/7f\/b5\/b7\/1741629722\/d4589455634f4ab3a6ef2191f6ecf50d_1820x1820.jpg?1741629722\" \n    alt=\"Victron BlueSolar MPPT 100\/50 Solar-Laderegler \u2013 effizienter Regler f\u00fcr Solaranlagen im Camper mit 100 V \/ 50 A\"\n    style=\"display:block; width:100%; height:300px; object-fit:cover;\" \n  \/><br \/>\n<\/a>\n    <\/td>\n<td width=\"5px\" style=\"border:0 !important;\"><\/td>\n<td width=\"50%\" style=\"border:0 !important; padding:0 !important;\">\n<a href=\"https:\/\/www.schlanser.ch\/hersteller\/victron-energy\/246676\/victron-energy-blue-smart-ip65-ladegeraet-1-ausgang-cee-7-17-12-v-15-a-retail\" target=\"_blank\" rel=\"noopener noreferrer\" class=\"broken_link\"><br \/>\n  <img decoding=\"async\" \n    src=\"https:\/\/www.schlanser.ch\/thumbnail\/7d\/c0\/75\/1741181277\/fc5966c7cfc64cc7b8d8f5f173ce0b57_1820x1820.jpg?1741181277\" \n    alt=\"Victron Energy Blue Smart IP65 Ladeger\u00e4t 12 V 15 A \u2013 intelligentes Batterieladeger\u00e4t mit Bluetooth f\u00fcr Camper und Wohnmobile\" \n    style=\"display:block; width:100%; height:300px; object-fit:cover;\"\n        \/><br \/>\n      <\/a>\n    <\/td>\n<\/tr>\n<\/table>\n<\/ul>\n<p style=\"text-align: justify;\">\n    Unsere faltbaren <strong>EcoFlow<\/strong>&#8211; und <strong>Berger-Solarpanels<\/strong> sichern dir zuverl\u00e4ssige Energie, selbst bei schwacher Wintersonne. Erg\u00e4nzt durch leistungsstarke <strong>EcoFlow<\/strong>, <strong>Bluetti<\/strong> und <strong>Jackery Powerstations<\/strong> sowie pr\u00e4zise <strong>Victron-Ladebooster<\/strong> und -Laderegler entsteht ein robustes, wintertaugliches Stromkonzept \u2013 ideal f\u00fcr autarkes Reisen ohne Energieengp\u00e4sse.\n  <\/p>\n<p>  <!-- 3. Gefrorene Wasserleitungen --><\/p>\n<h3>3. Gefrorene Wasserleitungen und Tanks<\/h3>\n<p style=\"text-align: justify;\">\n    Eingefrorene Leitungen geh\u00f6ren zu den h\u00e4ufigsten Problemen beim Wintercamping \u2013 blockierte Wasserh\u00e4hne, platzende Schl\u00e4uche und defekte Pumpen k\u00f6nnen den Alltag im Van schnell erschweren.\n  <\/p>\n<h4>L\u00f6sung<\/h4>\n<ul>\n<li><strong>Frostschutz-Heizmatten und St\u00e4be \/ B\u00e4nder<\/strong> f\u00fcr Wassertanks und Leitungen.<\/li>\n<table width=\"100%\" cellspacing=\"0\" cellpadding=\"0\" style=\"border:0 !important; border-collapse:collapse !important;\">\n<tr>\n<td width=\"50%\" style=\"border:0 !important; padding:0 !important;\">\n<a href=\"https:\/\/www.schlanser.ch\/hersteller\/lilie\/26-74789\/ultra-heat-tankheizung-e\" target=\"_blank\" rel=\"noopener noreferrer\"><br \/>\n  <img decoding=\"async\" \n    src=\"https:\/\/www.schlanser.ch\/thumbnail\/37\/13\/f6\/1720444588\/37e6b8e34bce4bc2b9f50de08332f3d5_1820x1820.jpg?1720444589\" \n    alt=\"Ultra-Heat-Tankheizung E \u2013 elektrische Heizung f\u00fcr Frisch- und Abwassertanks im Winterbetrieb\"\n    style=\"display:block; width:100%; height:300px; object-fit:cover;\" \n  \/><br \/>\n<\/a>\n    <\/td>\n<td width=\"5px\" style=\"border:0 !important;\"><\/td>\n<td width=\"50%\" style=\"border:0 !important; padding:0 !important;\">\n<a href=\"https:\/\/www.schlanser.ch\/hersteller\/carbest\/36-67136\/campingstar-wasserheizstab-fuer-kanister-12v-75-w\" target=\"_blank\" rel=\"noopener noreferrer\"><br \/>\n  <img decoding=\"async\" \n    src=\"https:\/\/www.schlanser.ch\/thumbnail\/9d\/d5\/31\/1744923033\/e109b264fecb4541b0e2c53d11229ca8_1820x1820.jpg?1744923033\" \n    alt=\"CampingStar Wasserheizstab 12V \/ 75 W \u2013 Heizstab f\u00fcr Wasserkanister zum Frostschutz im Camper und Wohnmobil\"\n    style=\"display:block; width:100%; height:300px; object-fit:cover;\"\n        \/><br \/>\n      <\/a>\n    <\/td>\n<\/tr>\n<\/table>\n<li><strong>Frostschutzmittel<\/strong> f\u00fcr Abwasserleitungen und Tanks.<\/li>\n<p><a href=\"https:\/\/www.schlanser.ch\/hersteller\/yachticon\/398\/frostschutzkonzentrat-aqua-frozt-2-l\" target=\"_blank\" rel=\"noopener noreferrer\"><br \/>\n  <img decoding=\"async\" \n    src=\"https:\/\/www.schlanser.ch\/thumbnail\/c2\/28\/08\/1741293229\/b801bd05db814a9fb023e857a1dad1d1_1820x1820.jpg?1741293229\" \n    alt=\"Yachticon Frostschutzkonzentrat Aqua Frozt 2 l \u2013 Frostschutzmittel f\u00fcr Abwasser- und Tanksysteme im Wohnmobil\"\n    style=\"display:block; margin: 0 auto; height:200px;\" \n  \/><br \/>\n<\/a>\n  <\/ul>\n<h4>Wichtig<\/h4>\n<p style=\"text-align: justify;\">\n    Die Handhabung von Wasserleitungen im Winter ist nicht immer einfach. Besonders bei kalten Temperaturen, wenn das Wasser nicht ausreichend durchgeheizt wird, kann es in den Leitungen und der Pumpe schnell gefrieren. Selbst wenn du das Wasser abl\u00e4sst, bleibt oft Restwasser, das f\u00fcr Frostsch\u00e4den sorgt. Unsere Empfehlung: Stelle deinen Van Heizung auf mindestens 7 Grad, um zu verhindern, dass das Wasser in den Wasser- und F\u00e4kaltanks gefriert. Dies sorgt daf\u00fcr, dass deine innenliegenden Tanks immer eine Temperatur von mindestens 2 Grad behalten \u2013 abh\u00e4ngig davon, wo die Warmluftkan\u00e4le verlaufen.\n  <\/p>\n<p>  <!-- 4. Vereiste Scheiben --><\/p>\n<h3>4. Vereiste Scheiben &amp; eingeschr\u00e4nkte Sicht \u2013 ein untersch\u00e4tztes Winterproblem<\/h3>\n<p style=\"text-align: justify;\">\n    Wenn es draussen schneit oder friert, wird nicht nur die Fahrt anstrengender \u2013 auch die Sicht leidet enorm. Gerade beim Vanlife, wo gr\u00f6ssere Fensterfl\u00e4chen vorhanden sind, k\u00f6nnen vereiste oder beschlagene Scheiben schnell zum Sicherheitsrisiko werden.\n  <\/p>\n<h4>L\u00f6sung<\/h4>\n<ul>\n<li><strong>Hochwertige Eiskratzer<\/strong> f\u00fcr schnelles und schonendes Entfernen von Eis.<\/li>\n<p><a href=\"https:\/\/www.schlanser.ch\/hersteller\/berger\/752917\/berger-eiskratzer\" target=\"_blank\" rel=\"noopener noreferrer\"><br \/>\n  <img decoding=\"async\" \n    src=\"https:\/\/www.schlanser.ch\/thumbnail\/fa\/5f\/8a\/1741171688\/d380f9999c054ae7b70b445a938af726_1820x1820.jpg?1741171688\" \n    alt=\"Hochwertiger Eiskratzer \u2013 stabiler Kratzer zum schnellen Entfernen von Eis und Raureif an Fahrzeugscheiben\"\n    style=\"display:block; margin: 0 auto; height:200px;\" \n  \/><br \/>\n<\/a><\/p>\n<li><strong>Scheibenabdeckungen<\/strong> gegen Frost und Schnee.<\/li>\n<table width=\"100%\" cellspacing=\"0\" cellpadding=\"0\" style=\"border:0 !important; border-collapse:collapse !important;\">\n<tr>\n<td width=\"50%\" style=\"border:0 !important; padding:0 !important;\">\n<a href=\"https:\/\/www.schlanser.ch\/hersteller\/hindermann\/21476\/hindermann-four-seasons-aussenisoliermatte-fiat-ducato-typ-250-ab-2007-und-typ-290-ab-2014\" target=\"_blank\" rel=\"noopener noreferrer\"><br \/>\n  <img decoding=\"async\" \n    src=\"https:\/\/www.schlanser.ch\/thumbnail\/46\/a6\/9c\/1736253454\/05872ef9dd0d48ff83a007621fc05170_1820x1820.jpg?1736253454\" \n    alt=\"Hindermann Four Seasons Aussenisoliermatte f\u00fcr Fahrerkabine \u2013 ganzj\u00e4hrige Isolierung der Frontscheibe beim Wohnmobil\"\n    style=\"display:block; width:100%; height:300px; object-fit:cover;\" \n  \/><br \/>\n<\/a>\n    <\/td>\n<td width=\"5px\" style=\"border:0 !important;\"><\/td>\n<td width=\"50%\" style=\"border:0 !important; padding:0 !important;\">\n<a href=\"https:\/\/www.schlanser.ch\/hersteller\/hindermann\/22914\/hindermann-lux-thermofenstermatte-fuer-fiat-ducato-250-und-290\" target=\"_blank\" rel=\"noopener noreferrer\"><br \/>\n  <img decoding=\"async\" \n    src=\"https:\/\/www.schlanser.ch\/thumbnail\/7f\/e5\/4a\/1736259586\/cd65f19c9ee14882959c42e4211d2ed9_1820x1820.jpg?1736259586\" \n    alt=\"Hindermann Lux Thermofenstermatte f\u00fcr Fiat Ducato 250 und 290 \u2013 hochwertige Winterisolierung f\u00fcr Front- und Fahrerhausfenster\"\n    style=\"display:block; width:100%; height:300px; object-fit:cover;\"\n        \/><br \/>\n      <\/a>\n    <\/td>\n<\/tr>\n<\/table>\n<li><strong>Schneeschaufeln &amp; Besen<\/strong> f\u00fcr ein freies Fahrzeugdach \u2013 wichtig, um herabfallende Schneemassen w\u00e4hrend der Fahrt zu vermeiden.<\/li>\n<p><a href=\"https:\/\/www.schlanser.ch\/hersteller\/berger\/195987\/berger-eiskratzer-und-besen\" target=\"_blank\" rel=\"noopener noreferrer\"><br \/>\n  <img decoding=\"async\" \n    src=\"https:\/\/www.schlanser.ch\/thumbnail\/52\/48\/88\/1741179660\/89372446232a4105b4f703f5013d2a75_1820x1820.jpg?1741179661\" \n    alt=\"Eiskratzer und Besen in Einem \u2013 Kombi-Werkzeug zum Entfernen von Eis und Schnee auf Scheiben und Fahrzeugdach\"\n    style=\"display:block; margin: 0 auto; height:200px;\" \n  \/><br \/>\n<\/a>\n  <\/ul>\n<p style=\"text-align: justify;\">\n    Mit unseren robusten <strong>Berger Eiskratzern<\/strong> und dem praktischen <strong>Eiskratzer-Besen<\/strong> entfernst du Eis, Schnee und Frost schnell und schonend. Diese kompakten Winterhelfer sorgen jederzeit f\u00fcr klare Sicht und erh\u00f6hen die Sicherheit auf winterlichen Strecken erheblich.\n  <\/p>\n<p>  <!-- 5. Winterromantik --><\/p>\n<h3>5. Winterromantik im Van \u2013 Licht, Klang &amp; W\u00e4rme f\u00fcr Herz und Seele<\/h3>\n<p style=\"text-align: justify;\">\n    Wintercamping ist nicht nur technisch anspruchsvoll \u2013 es ist auch unglaublich stimmungsvoll. Wenn draussen der Schnee leise f\u00e4llt, verwandelt sich der Van mit den richtigen Accessoires in einen warmen, gem\u00fctlichen R\u00fcckzugsort.\n  <\/p>\n<h4>L\u00f6sung<\/h4>\n<ul>\n<li><strong>LED-Lichterketten<\/strong>, die kaum Strom verbrauchen und sofort eine kuschelige Atmosph\u00e4re schaffen.<\/li>\n<p><a href=\"https:\/\/www.schlanser.ch\/hersteller\/berger\/426344\/berger-2-in-1-campinglaterne-und-lichterkette-laenge-10-m\" target=\"_blank\" rel=\"noopener noreferrer\"><br \/>\n  <img decoding=\"async\" \n    src=\"https:\/\/www.schlanser.ch\/thumbnail\/82\/fb\/ff\/1764687302\/8a8196dc01ea4fb59679606b3f43d1ac_1820x1820.jpg?1764687305\" \n    alt=\"2-in-1 Campingleuchte und Lichterkette 10 m \u2013 dekorative LED-Beleuchtung f\u00fcr Vorzelt, Bus oder Wohnmobil\"\n    style=\"display:block; margin: 0 auto; height:200px;\" \n  \/><br \/>\n<\/a><\/p>\n<li><strong>Bluetooth-Lautsprecher<\/strong>, ideal f\u00fcr Winter-Playlisten, H\u00f6rb\u00fccher oder sanfte Hintergrundmusik.<\/li>\n<p><a href=\"https:\/\/www.schlanser.ch\/hersteller\/berger\/290674\/berger-sonido-led-campingleuchte-mit-bluetooth-lautsprecher\" target=\"_blank\" rel=\"noopener noreferrer\"><br \/>\n  <img decoding=\"async\" \n    src=\"https:\/\/www.schlanser.ch\/thumbnail\/f1\/6e\/31\/1741136158\/c7c517d841914f868c70f27d2bcdb07a_1820x1820.jpg?1741136158\" \n    alt=\"Sonido LED-Campingleuchte mit Bluetooth Lautsprecher \u2013 kombinierte Lampe und Speaker f\u00fcr gem\u00fctliche Abende im Camper\"\n    style=\"display:block; margin: 0 auto; height:200px;\" \n  \/><br \/>\n<\/a><\/p>\n<li><strong>Feuerschalen &amp; Outdoor-Feuerstellen<\/strong>, perfekt f\u00fcr einen romantischen Abend unter den Sternen.<\/li>\n<p><a href=\"https:\/\/www.schlanser.ch\/haushalt\/kocher-grills\/campinggrills\/235228\/origin-outdoors-hexagon-grill-und-feuerschale-40-x-45-cm\" target=\"_blank\" rel=\"noopener noreferrer\"><br \/>\n  <img decoding=\"async\" \n    src=\"https:\/\/www.schlanser.ch\/thumbnail\/e3\/eb\/a1\/1742175304\/4c644acc36af4f2aafd31f14b7733792_1820x1820.jpg?1742175568\" \n    alt=\"Origin Outdoors Hexagon Grill und Feuerschale 40 x 45 cm \u2013 faltbarer Grill und Feuerstelle f\u00fcr Camping und Outdoor\"\n    style=\"display:block; margin: 0 auto; height:200px;\" \n  \/><br \/>\n<\/a>\n  <\/ul>\n<p style=\"text-align: justify;\">\n    Mit unseren stimmungsvollen <strong>Berger LED-Lichterketten<\/strong> und kombinierten Laternen-Lichterketten schaffst du im Handumdrehen eine warme, gem\u00fctliche Atmosph\u00e4re im Van. Erg\u00e4nzt durch leistungsstarke <strong>Bluetooth-Lautsprecher<\/strong> von Pioneer, Berger und Aqiila sowie vielseitige <strong>Feuerschalen<\/strong> und Grillfire-Pits entsteht ein rundum stimmungsvolles Winterambiente \u2013 ideal f\u00fcr lange, behagliche Abende im Schnee.\n  <\/p>\n<p>  <!-- 6. Kalte F\u00fcsse \/ Bodenw\u00e4rme --><\/p>\n<h3>6. Kalte F\u00fcsse im Van \u2013 zus\u00e4tzliche Bodenw\u00e4rme f\u00fcr echten Winterkomfort<\/h3>\n<p style=\"text-align: justify;\">\n    Gerade im Winter wird der Boden im Campervan schnell zur gr\u00f6ssten K\u00e4ltebr\u00fccke. Selbst wenn der Innenraum angenehm warm ist, ziehen kalte B\u00f6den die W\u00e4rme aus dem K\u00f6rper \u2013 besonders morgens oder nach l\u00e4ngeren Aufenthalten draussen. F\u00fcr viele Wintercamper geh\u00f6rt dieses Problem zu den untersch\u00e4tzten, aber deutlich sp\u00fcrbaren Komfortverlusten beim Vanlife im Winter.\n  <\/p>\n<h4>L\u00f6sung<\/h4>\n<ul>\n<li><strong>Heizteppiche (12V)<\/strong> f\u00fcr sofortige, punktuelle W\u00e4rme unter den F\u00fcssen.<\/li>\n<p><a href=\"https:\/\/www.schlanser.ch\/hersteller\/procar\/24487\/heizteppich-palais-12-v\" target=\"_blank\" rel=\"noopener noreferrer\"><br \/>\n  <img decoding=\"async\" \n    src=\"https:\/\/www.schlanser.ch\/thumbnail\/g0\/45\/28\/1739428287\/9551e0ee516e43429188955e411c77c5_1820x1820.jpg?1739428287\" \n    alt=\"Heizteppich PALAIS 12 V \u2013 beheizbarer Teppich f\u00fcr warme F\u00fcsse im Wohnmobil oder Campervan\"\n    style=\"display:block; margin: 0 auto; height:200px;\" \n  \/><br \/>\n<\/a><\/p>\n<li><strong>Fussbodenheizungen (48V Heizfolie)<\/strong> f\u00fcr eine durchgehend angenehme, gleichm\u00e4ssige W\u00e4rme im gesamten Vanboden.<\/li>\n<p><a href=\"https:\/\/www.schlanser.ch\/hersteller\/unbekannt\/36-870113\/heizfolie-53cm-48v\" target=\"_blank\" rel=\"noopener noreferrer\"><br \/>\n  <img decoding=\"async\" \n    src=\"https:\/\/www.schlanser.ch\/thumbnail\/b5\/e8\/a1\/1760001095\/a4ddffcfd5ea49609955d2f4e4319c43_1820x1820.jpg?1760001095\" \n    alt=\"Heizfolie 48 V \u2013 d\u00fcnne elektrische Fussbodenheizung f\u00fcr den Einbau im Camperboden\"\n    style=\"display:block; margin: 0 auto; height:200px;\" \n  \/><br \/>\n<\/a>\n  <\/ul>\n<p style=\"text-align: justify;\">\n    Ein <strong>12V-Heizteppich<\/strong> sorgt mit geringem Stromverbrauch f\u00fcr direkt f\u00fchlbare W\u00e4rme und l\u00e4sst sich flexibel platzieren. F\u00fcr eine dauerhafte L\u00f6sung bietet die <strong>48V-Heizfolie<\/strong> eine effiziente M\u00f6glichkeit, den kompletten Vanboden auf angenehme Temperaturen zu bringen.\n  <\/p>\n<p>  <!-- Nomady-\u00dcbergang --><\/p>\n<h2>Und wenn du optimal ausger\u00fcstet bist &#8230;<\/h2>\n<p style=\"text-align: justify;\">\n    &#8230; fehlt nur noch der richtige Ort, um dein Winterabenteuer zu geniessen. Daf\u00fcr haben wir f\u00fcnf ausgew\u00e4hlte Wintercamps von Nomady, die perfekt zur Saison passen.\n  <\/p>\n<p>  <!-- Nomady Camps --><\/p>\n<h2 id=\"nomady\">Die sch\u00f6nsten Nomady-Wintercamps f\u00fcr dein Winterabenteuer<\/h2>\n<h3>Tannen-Camp<\/h3>\n<table width=\"100%\" cellspacing=\"0\" cellpadding=\"0\" style=\"border:0 !important; border-collapse:collapse !important;\">\n<tr>\n<td width=\"50%\" style=\"border:0 !important; padding:0 !important;\">\n      <a href=\"https:\/\/nomady.camp\/cabin\/378\/tannen-camp\/preview\" target=\"_blank\" rel=\"noopener noreferrer\"><br \/>\n        <img decoding=\"async\" \n          src=\"https:\/\/www.schlanser.ch\/magazin\/wp-content\/uploads\/2025\/12\/Nomady_Image_Camping_030.webp\" \n          alt=\"Winterliches Tannen-Camp von Nomady mit verschneitem Wald und ruhigen Stellpl\u00e4tzen f\u00fcr Camper\"\n          style=\"width:100%; height:300px; object-fit:cover;\"\n        \/><br \/>\n      <\/a>\n    <\/td>\n<td width=\"5px\" style=\"border:0 !important;\"><\/td>\n<td width=\"50%\" style=\"border:0 !important; padding:0 !important;\">\n      <a href=\"https:\/\/nomady.camp\/cabin\/378\/tannen-camp\/preview\" target=\"_blank\" rel=\"noopener noreferrer\"><br \/>\n        <img decoding=\"async\" \n          src=\"https:\/\/www.schlanser.ch\/magazin\/wp-content\/uploads\/2025\/12\/Tannen.webp\" \n          alt=\"Gem\u00fctliches Nomady Tannen-Camp im Schnee mit Tannenb\u00e4umen und Naturidylle\"\n          style=\"width:100%; height:300px; object-fit:cover;\"\n        \/><br \/>\n      <\/a>\n    <\/td>\n<\/tr>\n<\/table>\n<p style=\"text-align: justify;\">\n    Eingebettet zwischen verschneiten Tannen wirkt dieses Camp wie ein stiller Wintertraum. Ideal f\u00fcr alle, die Ruhe suchen, Schneeschuhwanderungen lieben oder einfach die klare Bergluft geniessen m\u00f6chten.\n  <\/p>\n<h3>Winter-M\u00e4rchen auf Alp Cousimbert<\/h3>\n<table width=\"100%\" cellspacing=\"0\" cellpadding=\"0\" style=\"border:0 !important; border-collapse:collapse !important;\">\n<tr>\n<td width=\"50%\" style=\"border:0 !important; padding:0 !important;\">\n      <a href=\"https:\/\/nomady.camp\/cabin\/83\/winter-marchen-auf-alp-cousimbert\/preview\" target=\"_blank\" rel=\"noopener noreferrer\"><br \/>\n        <img decoding=\"async\" \n          src=\"https:\/\/www.schlanser.ch\/magazin\/wp-content\/uploads\/2025\/12\/Alp_1.webp\" \n          alt=\"Winterlandschaft auf Alp Cousimbert mit verschneiten H\u00fcgeln und klassischen Alpweiden\"\n          style=\"width:100%; height:300px; object-fit:cover;\"\n        \/><br \/>\n      <\/a>\n    <\/td>\n<td width=\"5px\" style=\"border:0 !important;\"><\/td>\n<td width=\"50%\" style=\"border:0 !important; padding:0 !important;\">\n      <a href=\"https:\/\/nomady.camp\/cabin\/83\/winter-marchen-auf-alp-cousimbert\/preview\" target=\"_blank\" rel=\"noopener noreferrer\"><br \/>\n        <img decoding=\"async\" \n          src=\"https:\/\/www.schlanser.ch\/magazin\/wp-content\/uploads\/2025\/12\/Alp_2.webp\" \n          alt=\"Nomady Alp Cousimbert Winterh\u00fctte im Schnee mit Blick \u00fcber die Alpen\"\n          style=\"width:100%; height:300px; object-fit:cover;\"\n        \/><br \/>\n      <\/a>\n    <\/td>\n<\/tr>\n<\/table>\n<p style=\"text-align: justify;\">\n    Ein Aufenthalt, der seinem Namen gerecht wird: tief verschneite H\u00e4nge, weiter Blick \u00fcber die Alpen und das Gef\u00fchl, mitten in einer Postkarte aufzuwachen. Perfekt f\u00fcr Winterwanderer und Romantiker.\n  <\/p>\n<h3>Tr\u00fcmpis Camp<\/h3>\n<table width=\"100%\" cellspacing=\"0\" cellpadding=\"0\" style=\"border:0 !important; border-collapse:collapse !important;\">\n<tr>\n<td width=\"50%\" style=\"border:0 !important; padding:0 !important;\">\n      <a href=\"https:\/\/nomady.camp\/cabin\/313\/trumpis-camp\/preview\" target=\"_blank\" rel=\"noopener noreferrer\"><br \/>\n        <img decoding=\"async\" \n          src=\"https:\/\/www.schlanser.ch\/magazin\/wp-content\/uploads\/2025\/12\/Truempis_4.webp\" \n          alt=\"Nomady Tr\u00fcmpis Camp im Winter mit ruhiger Natur und verschneiten H\u00fcgeln\"\n          style=\"width:100%; height:300px; object-fit:cover;\"\n        \/><br \/>\n      <\/a>\n    <\/td>\n<td width=\"5px\" style=\"border:0 !important;\"><\/td>\n<td width=\"50%\" style=\"border:0 !important; padding:0 !important;\">\n      <a href=\"https:\/\/nomady.camp\/cabin\/313\/trumpis-camp\/preview\" target=\"_blank\" rel=\"noopener noreferrer\"><br \/>\n        <img decoding=\"async\" \n          src=\"https:\/\/www.schlanser.ch\/magazin\/wp-content\/uploads\/2025\/12\/Truempis_2.webp\" \n          alt=\"Stellplatz im Tr\u00fcmpis Camp im Winter mit Schnee und Waldkulisse\"\n          style=\"width:100%; height:300px; object-fit:cover;\"\n        \/><br \/>\n      <\/a>\n    <\/td>\n<\/tr>\n<\/table>\n<p style=\"text-align: justify;\">\n    Abenteuerlich, naturverbunden und wundersch\u00f6n abgelegen: Tr\u00fcmpis Camp bietet Winterruhe pur \u2013 ideal f\u00fcr alle, die Einsamkeit suchen und trotzdem komfortabel \u00fcbernachten m\u00f6chten.\n  <\/p>\n<h3>Nespel-Camp<\/h3>\n<table width=\"100%\" cellspacing=\"0\" cellpadding=\"0\" style=\"border:0 !important; border-collapse:collapse !important;\">\n<tr>\n<td width=\"50%\" style=\"border:0 !important; padding:0 !important;\">\n      <a href=\"https:\/\/nomady.camp\/cabin\/377\/nespel-camp\/preview\" target=\"_blank\" rel=\"noopener noreferrer\"><br \/>\n        <img decoding=\"async\" \n          src=\"https:\/\/www.schlanser.ch\/magazin\/wp-content\/uploads\/2025\/12\/Nespel_2.webp\" \n          alt=\"Nomady Nespel-Camp mit verschneiten H\u00e4ngen und weitem Blick ins Tal\"\n          style=\"width:100%; height:300px; object-fit:cover;\"\n        \/><br \/>\n      <\/a>\n    <\/td>\n<td width=\"5px\" style=\"border:0 !important;\"><\/td>\n<td width=\"50%\" style=\"border:0 !important; padding:0 !important;\">\n      <a href=\"https:\/\/nomady.camp\/cabin\/377\/nespel-camp\/preview\" target=\"_blank\" rel=\"noopener noreferrer\"><br \/>\n        <img decoding=\"async\" \n          src=\"https:\/\/www.schlanser.ch\/magazin\/wp-content\/uploads\/2025\/12\/Nespel_1.webp\" \n          alt=\"Winterlicher Stellplatz im Nespel-Camp mit Schnee und Bergkulisse\"\n          style=\"width:100%; height:300px; object-fit:cover;\"\n        \/><br \/>\n      <\/a>\n    <\/td>\n<\/tr>\n<\/table>\n<p style=\"text-align: justify;\">\n    Ein alpines Hideaway mit traumhafter Aussicht. Hier k\u00f6nnen Camper die Winterlandschaft in vollen Z\u00fcgen geniessen, weit weg vom Alltag und ganz nah an der Natur.\n  <\/p>\n<h3>Alp Eisten<\/h3>\n<table width=\"100%\" cellspacing=\"0\" cellpadding=\"0\" style=\"border:0 !important; border-collapse:collapse !important;\">\n<tr>\n<td width=\"50%\" style=\"border:0 !important; padding:0 !important;\">\n      <a href=\"https:\/\/nomady.camp\/cabin\/565\/alp-eisten\/preview\" target=\"_blank\" rel=\"noopener noreferrer\"><br \/>\n        <img decoding=\"async\" \n          src=\"https:\/\/www.schlanser.ch\/magazin\/wp-content\/uploads\/2025\/12\/Alp_2-1.webp\" \n          alt=\"Nomady Alp Eisten im Winter mit verschneiten Alpwiesen und H\u00fctten\"\n          style=\"width:100%; height:300px; object-fit:cover;\"\n        \/><br \/>\n      <\/a>\n    <\/td>\n<td width=\"5px\" style=\"border:0 !important;\"><\/td>\n<td width=\"50%\" style=\"border:0 !important; padding:0 !important;\">\n      <a href=\"https:\/\/nomady.camp\/cabin\/565\/alp-eisten\/preview\" target=\"_blank\" rel=\"noopener noreferrer\"><br \/>\n        <img decoding=\"async\" \n          src=\"https:\/\/www.schlanser.ch\/magazin\/wp-content\/uploads\/2025\/12\/Alp_1-1.webp\" \n          alt=\"Winterliche Alp Eisten mit Bergpanorama und ruhiger Naturkulisse\"\n          style=\"width:100%; height:300px; object-fit:cover;\"\n        \/><br \/>\n      <\/a>\n    <\/td>\n<\/tr>\n<\/table>\n<p style=\"text-align: justify;\">\n    Wer echte Wintermagie sucht, wird sie hier finden. Alp Eisten begeistert mit panoramareichen Schneefeldern, gem\u00fctlicher Atmosph\u00e4re und eindrucksvollen Sonnenunterg\u00e4ngen.\n  <\/p>\n<p>  <!-- Fazit --><\/p>\n<h2>Fazit: Vanlife im Winter \u2013 mit Schlanser perfekt vorbereitet<\/h2>\n<p style=\"text-align: justify;\">\n    Mit der richtigen Ausr\u00fcstung und Planung wird Vanlife im Winter zu einer bereichernden, ruhigen und wundersch\u00f6nen Erfahrung. Unsere Produkte sorgen f\u00fcr W\u00e4rme, Sicherheit und Komfort \u2013 und <a href=\"https:\/\/nomady.ch\/\" target=\"_blank\" rel=\"noopener noreferrer\">Nomadys Wintercamps<\/a> schenken dir die perfekte Umgebung f\u00fcr dein pers\u00f6nliches Winterm\u00e4rchen.\n  <\/p>\n<p style=\"text-align: justify;\">\n    Entdecke jetzt Winterausr\u00fcstung &amp; Inspiration \u2013 und starte in dein n\u00e4chstes Abenteuer!\n  <\/p>\n<p><!-- JSON-LD --><br \/>\n<script type=\"application\/ld+json\">\n{\n  \"@context\": \"https:\/\/schema.org\",\n  \"@graph\": [\n    {\n      \"@type\": \"Product\",\n      \"name\": \"Outwell Camper Lux Deckenschlafsack 235 cm\",\n      \"image\": \"https:\/\/www.schlanser.ch\/thumbnail\/d2\/4f\/87\/1741169923\/8637c7a475974ec2ab06df3eba79cdbf_1820x1820.jpg?1741169923\",\n      \"description\": \"Warmer Outwell Camper Lux Deckenschlafsack mit 235 cm L\u00e4nge, ideal f\u00fcr komfortables Camping und Winter-Vanlife.\",\n      \"brand\": {\n        \"@type\": \"Brand\",\n        \"name\": \"Outwell\"\n      },\n      \"url\": \"\"\n    },\n    {\n      \"@type\": \"Product\",\n      \"name\": \"Elektro Heizl\u00fcfter Ecomat 2000 Select\",\n      \"image\": \"https:\/\/www.schlanser.ch\/thumbnail\/66\/aa\/28\/1741141393\/9335247a91cf45b88bc4ebc4d250f12a_1820x1820.jpg?1741141394\",\n      \"description\": \"Ecomat 2000 Select Elektro-Heizl\u00fcfter mit Keramiktechnik f\u00fcr leise und sichere Zusatzheizung im Camper oder Wohnmobil.\",\n      \"brand\": {\n        \"@type\": \"Brand\",\n        \"name\": \"Ecomat\"\n      },\n      \"url\": \"\"\n    },\n    {\n      \"@type\": \"Product\",\n      \"name\": \"Ecoflow Solar-Energie Panel faltbar 160 W\",\n      \"image\": \"https:\/\/www.schlanser.ch\/media\/c2\/f5\/c5\/1701275516\/1977f3a560ab465fbbf09e63ae012e0d.jpg?1701275516\",\n      \"description\": \"Faltbares EcoFlow Solar-Energie-Panel mit 160 W Leistung f\u00fcr mobile, autarke Stromversorgung beim Camping und Vanlife.\",\n      \"brand\": {\n        \"@type\": \"Brand\",\n        \"name\": \"EcoFlow\"\n      },\n      \"url\": \"\"\n    },\n    {\n      \"@type\": \"Product\",\n      \"name\": \"Bluetti Premium 200 V2 tragbare Powerstation 2700 W\",\n      \"image\": \"https:\/\/www.schlanser.ch\/thumbnail\/6c\/f5\/4d\/1746847293\/1bbcb6cbad8949abafd377a29dde0180_1820x1820.jpg?1746847293\",\n      \"description\": \"Bluetti Premium 200 V2 tragbare Powerstation mit 2700 W f\u00fcr zuverl\u00e4ssige Stromversorgung beim Camping, Vanlife und Notstrombetrieb.\",\n      \"brand\": {\n        \"@type\": \"Brand\",\n        \"name\": \"Bluetti\"\n      },\n      \"url\": \"\"\n    },\n    {\n      \"@type\": \"Product\",\n      \"name\": \"Victron BlueSolar MPPT 100\/50 Solar-Laderegler 100 V \/ 50 A\",\n      \"image\": \"https:\/\/www.schlanser.ch\/thumbnail\/7f\/b5\/b7\/1741629722\/d4589455634f4ab3a6ef2191f6ecf50d_1820x1820.jpg?1741629722\",\n      \"description\": \"Victron BlueSolar MPPT 100\/50 Solar-Laderegler mit 100 V Eingangsspannung und 50 A Ladestrom f\u00fcr effiziente Nutzung von Solarpanels im Wohnmobil.\",\n      \"brand\": {\n        \"@type\": \"Brand\",\n        \"name\": \"Victron Energy\"\n      },\n      \"url\": \"\"\n    },\n    {\n      \"@type\": \"Product\",\n      \"name\": \"Ultra-Heat-Tankheizung E\",\n      \"image\": \"https:\/\/www.schlanser.ch\/thumbnail\/37\/13\/f6\/1720444588\/37e6b8e34bce4bc2b9f50de08332f3d5_1820x1820.jpg?1720444589\",\n      \"description\": \"Ultra-Heat Tankheizung E zur elektrischen Beheizung von Frisch- und Abwassertanks f\u00fcr frostgesch\u00fctzten Winterbetrieb im Wohnmobil.\",\n      \"url\": \"\"\n    },\n    {\n      \"@type\": \"Product\",\n      \"name\": \"Yachticon Frostschutzkonzentrat Aqua Frozt - 2 l\",\n      \"image\": \"https:\/\/www.schlanser.ch\/thumbnail\/c2\/28\/08\/1741293229\/b801bd05db814a9fb023e857a1dad1d1_1820x1820.jpg?1741293229\",\n      \"description\": \"Yachticon Aqua Frozt Frostschutzkonzentrat in der 2-Liter-Flasche zum Schutz von Abwasser- und Tanksystemen vor Frostsch\u00e4den.\",\n      \"brand\": {\n        \"@type\": \"Brand\",\n        \"name\": \"Yachticon\"\n      },\n      \"url\": \"\"\n    },\n    {\n      \"@type\": \"Product\",\n      \"name\": \"Hochwertiger Eiskratzer\",\n      \"image\": \"https:\/\/www.schlanser.ch\/thumbnail\/fa\/5f\/8a\/1741171688\/d380f9999c054ae7b70b445a938af726_1820x1820.jpg?1741171688\",\n      \"description\": \"Hochwertiger Eiskratzer mit stabiler Kante zum schnellen und schonenden Entfernen von Eis und Raureif an Autoscheiben.\",\n      \"url\": \"\"\n    },\n    {\n      \"@type\": \"Product\",\n      \"name\": \"Hindermann Four Seasons Au\u00dfenisoliermatte Fahrerkabine\",\n      \"image\": \"https:\/\/www.schlanser.ch\/thumbnail\/46\/a6\/9c\/1736253454\/05872ef9dd0d48ff83a007621fc05170_1820x1820.jpg?1736253454\",\n      \"description\": \"Hindermann Four Seasons Au\u00dfenisoliermatte f\u00fcr die Fahrerkabine zur Isolierung der Frontscheibe im Sommer und Winter.\",\n      \"brand\": {\n        \"@type\": \"Brand\",\n        \"name\": \"Hindermann\"\n      },\n      \"url\": \"\"\n    },\n    {\n      \"@type\": \"Product\",\n      \"name\": \"Eiskratzer und Besen in Einem\",\n      \"image\": \"https:\/\/www.schlanser.ch\/thumbnail\/52\/48\/88\/1741179660\/89372446232a4105b4f703f5013d2a75_1820x1820.jpg?1741179661\",\n      \"description\": \"Eiskratzer und Besen in Einem zum effizienten Entfernen von Eis und Schnee auf Scheiben sowie dem Fahrzeugdach.\",\n      \"url\": \"\"\n    },\n    {\n      \"@type\": \"Product\",\n      \"name\": \"2-in-1 Campingleuchte und Lichterkette (L\u00e4nge 10 m)\",\n      \"image\": \"https:\/\/www.schlanser.ch\/thumbnail\/82\/fb\/ff\/1764687302\/8a8196dc01ea4fb59679606b3f43d1ac_1820x1820.jpg?1764687305\",\n      \"description\": \"2-in-1 Campingleuchte und 10 m lange Lichterkette mit warmwei\u00dfen LEDs f\u00fcr stimmungsvolle Beleuchtung beim Camping.\",\n      \"url\": \"\"\n    },\n    {\n      \"@type\": \"Product\",\n      \"name\": \"Sonido LED-Campingleuchte mit Bluetooth Lautsprecher\",\n      \"image\": \"https:\/\/www.schlanser.ch\/thumbnail\/f1\/6e\/31\/1741136158\/c7c517d841914f868c70f27d2bcdb07a_1820x1820.jpg?1741136158\",\n      \"description\": \"Sonido LED-Campingleuchte mit integriertem Bluetooth Lautsprecher f\u00fcr Licht und Musik in einem kompakten Camping-Gadget.\",\n      \"url\": \"\"\n    },\n    {\n      \"@type\": \"Product\",\n      \"name\": \"Origin Outdoors Hexagon Grill und Feuerschale 40 x 45 cm\",\n      \"image\": \"https:\/\/www.schlanser.ch\/thumbnail\/e3\/eb\/a1\/1742175304\/4c644acc36af4f2aafd31f14b7733792_1820x1820.jpg?1742175568\",\n      \"description\": \"Origin Outdoors Hexagon Grill und Feuerschale mit 40 x 45 cm, ideal als faltbare Feuerstelle und Grill f\u00fcr Camping und Outdoor-Abende.\",\n      \"brand\": {\n        \"@type\": \"Brand\",\n        \"name\": \"Origin Outdoors\"\n      },\n      \"url\": \"\"\n    },\n    {\n      \"@type\": \"Product\",\n      \"name\": \"Heizteppich PALAIS (12 V)\",\n      \"image\": \"https:\/\/www.schlanser.ch\/thumbnail\/g0\/45\/28\/1739428287\/9551e0ee516e43429188955e411c77c5_1820x1820.jpg?1739428287\",\n      \"description\": \"Heizteppich PALAIS mit 12 V Anschluss f\u00fcr angenehm warme F\u00fc\u00dfe im Camper, Caravan oder Wohnmobil.\",\n      \"url\": \"\"\n    },\n    {\n      \"@type\": \"Product\",\n      \"name\": \"Heizfolie 48V\",\n      \"image\": \"https:\/\/www.schlanser.ch\/thumbnail\/b5\/e8\/a1\/1760001095\/a4ddffcfd5ea49609955d2f4e4319c43_1820x1820.jpg?1760001095\",\n      \"description\": \"Elektrische Heizfolie mit 48 V als flache Fu\u00dfbodenheizung f\u00fcr einen warmen Camperboden im Winterbetrieb.\",\n      \"url\": \"\"\n    },\n    {\n      \"@type\": \"Product\",\n      \"name\": \"Hindermann Thermo-Trennvorhang hellgrau\",\n      \"image\": \"https:\/\/www.schlanser.ch\/thumbnail\/f8\/c0\/af\/1678543723\/8046442cd364417abd07ccf5b640dd5b_1820x1820.jpg?1687369965\",\n      \"description\": \"Hindermann Thermo-Trennvorhang in Hellgrau zur thermischen Trennung zwischen Fahrerhaus und Wohnraum \u2013 ideal f\u00fcr bessere Isolierung im Winter.\",\n      \"brand\": {\n        \"@type\": \"Brand\",\n        \"name\": \"Hindermann\"\n      },\n      \"url\": \"https:\/\/www.schlanser.ch\/hersteller\/hindermann\/275628\/hindermann-thermo-trennvorhang-hellgrau\"\n    },\n    {\n      \"@type\": \"Product\",\n      \"name\": \"Sea to Summit Spark SpIV Lang Daunenschlafsack\",\n      \"image\": \"https:\/\/www.schlanser.ch\/thumbnail\/04\/b6\/bc\/1706800244\/d1d361fd8aa1442dad308451cd38345a_1820x1820.jpg?1706800246\",\n      \"description\": \"Sea to Summit Spark SpIV Lang Daunenschlafsack \u2013 ultraleichter, sehr warmer Mumienschlafsack f\u00fcr anspruchsvolle Touren und Wintercamping.\",\n      \"brand\": {\n        \"@type\": \"Brand\",\n        \"name\": \"Sea to Summit\"\n      },\n      \"url\": \"https:\/\/www.schlanser.ch\/schlafsaecke\/outdoor-freizeit\/schlafsaecke-matten\/756330\/sea-to-summit-spark-spiv-lang-daunenschlafsack\"\n    },\n    {\n      \"@type\": \"Product\",\n      \"name\": \"Berger Keramik-Heizl\u00fcfter Plus\",\n      \"image\": \"https:\/\/www.schlanser.ch\/thumbnail\/e4\/65\/db\/1759909448\/202cd8d18d3e4a48bca26f3837cade41_1820x1820.jpg?1759909449\",\n      \"description\": \"Berger Keramik-Heizl\u00fcfter Plus \u2013 kompakter, effizienter Elektroheizer mit Keramik-Technologie f\u00fcr zus\u00e4tzliche W\u00e4rme im Camper, Wohnwagen oder Vorzelt.\",\n      \"brand\": {\n        \"@type\": \"Brand\",\n        \"name\": \"Berger\"\n      },\n      \"url\": \"https:\/\/www.schlanser.ch\/hersteller\/berger\/2819\/berger-keramik-heizluefter-plus\"\n    },\n    {\n      \"@type\": \"Product\",\n      \"name\": \"Brunner Heki Cover Pro Schutzhaube f\u00fcr Dachhaubenmodel Heki Universal\",\n      \"image\": \"https:\/\/www.schlanser.ch\/thumbnail\/00\/c2\/26\/1745645627\/61af231bf0d54bddb792008395cb1ac1_1820x1820.jpg?1745645627\",\n      \"description\": \"Brunner Heki Cover Pro Schutzhaube f\u00fcr Heki Universal Dachhauben \u2013 sch\u00fctzt vor Witterungseinfl\u00fcssen und reduziert W\u00e4rmeverlust im Wohnmobil.\",\n      \"brand\": {\n        \"@type\": \"Brand\",\n        \"name\": \"Brunner\"\n      },\n      \"url\": \"https:\/\/www.schlanser.ch\/hersteller\/brunner\/263736\/brunner-heki-cover-pro-schutzhaube-fuer-dachhaubenmodel-heki-universal\"\n    },\n    {\n      \"@type\": \"Product\",\n      \"name\": \"CampingStar Wasserheizstab f\u00fcr Kanister 12V \/ 75 W\",\n      \"image\": \"https:\/\/www.schlanser.ch\/thumbnail\/9d\/d5\/31\/1744923033\/e109b264fecb4541b0e2c53d11229ca8_1820x1820.jpg?1744923033\",\n      \"description\": \"CampingStar Wasserheizstab 12V \/ 75 W \u2013 ideal zum Erw\u00e4rmen und Frostschutz von Wasserkanistern im Camper und Wohnmobil.\",\n      \"brand\": {\n        \"@type\": \"Brand\",\n        \"name\": \"Carbest\"\n      },\n      \"url\": \"https:\/\/www.schlanser.ch\/hersteller\/carbest\/36-67136\/campingstar-wasserheizstab-fuer-kanister-12v-75-w\"\n    },\n    {\n      \"@type\": \"Product\",\n      \"name\": \"Hindermann Lux Thermofenstermatte f\u00fcr Fiat Ducato 250 und 290\",\n      \"image\": \"https:\/\/www.schlanser.ch\/thumbnail\/7f\/e5\/4a\/1736259586\/cd65f19c9ee14882959c42e4211d2ed9_1820x1820.jpg?1736259586\",\n      \"description\": \"Hindermann Lux Thermofenstermatte f\u00fcr Fiat Ducato 250 und 290 \u2013 besonders effektive Au\u00dfenisoliermatte f\u00fcr Frontscheibe und Fahrerhaus im Winter.\",\n      \"brand\": {\n        \"@type\": \"Brand\",\n        \"name\": \"Hindermann\"\n      },\n      \"url\": \"https:\/\/www.schlanser.ch\/hersteller\/hindermann\/22914\/hindermann-lux-thermofenstermatte-fuer-fiat-ducato-250-und-290\"\n    },<\/p>\n<p>    {\n      \"@type\": \"ImageObject\",\n      \"name\": \"Nomady Tannen-Camp Winterstimmung\",\n      \"contentUrl\": \"https:\/\/www.schlanser.ch\/magazin\/wp-content\/uploads\/2025\/12\/Nomady_Image_Camping_030.webp\",\n      \"description\": \"Winterliche Aufnahme des Nomady Tannen-Camps mit verschneitem Wald und ruhigen Stellpl\u00e4tzen f\u00fcr Camper.\",\n      \"url\": \"https:\/\/nomady.camp\/cabin\/378\/tannen-camp\/preview\"\n    },\n    {\n      \"@type\": \"ImageObject\",\n      \"name\": \"Nomady Tannen-Camp im verschneiten Wald\",\n      \"contentUrl\": \"https:\/\/www.schlanser.ch\/magazin\/wp-content\/uploads\/2025\/12\/Tannen.webp\",\n      \"description\": \"Gem\u00fctliche Winterlandschaft im Nomady Tannen-Camp mit Tannenb\u00e4umen und Schnee.\",\n      \"url\": \"https:\/\/nomady.camp\/cabin\/378\/tannen-camp\/preview\"\n    },\n    {\n      \"@type\": \"ImageObject\",\n      \"name\": \"Nomady Winter-M\u00e4rchen auf Alp Cousimbert Panorama\",\n      \"contentUrl\": \"https:\/\/www.schlanser.ch\/magazin\/wp-content\/uploads\/2025\/12\/Alp_1.webp\",\n      \"description\": \"Verschneite Alp-Landschaft beim Nomady Winter-M\u00e4rchen auf Alp Cousimbert mit Blick \u00fcber H\u00fcgel und Berge.\",\n      \"url\": \"https:\/\/nomady.camp\/cabin\/83\/winter-marchen-auf-alp-cousimbert\/preview\"\n    },\n    {\n      \"@type\": \"ImageObject\",\n      \"name\": \"Alph\u00fctte im Schnee auf Alp Cousimbert\",\n      \"contentUrl\": \"https:\/\/www.schlanser.ch\/magazin\/wp-content\/uploads\/2025\/12\/Alp_2.webp\",\n      \"description\": \"Alph\u00fctte und Winteridylle beim Nomady Winter-M\u00e4rchen auf Alp Cousimbert mit Schnee und Bergkulisse.\",\n      \"url\": \"https:\/\/nomady.camp\/cabin\/83\/winter-marchen-auf-alp-cousimbert\/preview\"\n    },\n    {\n      \"@type\": \"ImageObject\",\n      \"name\": \"Nomady Tr\u00fcmpis Camp Winterlandschaft\",\n      \"contentUrl\": \"https:\/\/www.schlanser.ch\/magazin\/wp-content\/uploads\/2025\/12\/Truempis_4.webp\",\n      \"description\": \"Winterliche Aufnahme des Nomady Tr\u00fcmpis Camps mit Schnee und ruhiger Naturumgebung.\",\n      \"url\": \"https:\/\/nomady.camp\/cabin\/313\/trumpis-camp\/preview\"\n    },\n    {\n      \"@type\": \"ImageObject\",\n      \"name\": \"Stellplatz im verschneiten Tr\u00fcmpis Camp\",\n      \"contentUrl\": \"https:\/\/www.schlanser.ch\/magazin\/wp-content\/uploads\/2025\/12\/Truempis_2.webp\",\n      \"description\": \"Stellplatz im Nomady Tr\u00fcmpis Camp mit verschneiter Umgebung und Blick auf W\u00e4lder und H\u00fcgel.\",\n      \"url\": \"https:\/\/nomady.camp\/cabin\/313\/trumpis-camp\/preview\"\n    },\n    {\n      \"@type\": \"ImageObject\",\n      \"name\": \"Nomady Nespel-Camp mit Blick \u00fcber das verschneite Tal\",\n      \"contentUrl\": \"https:\/\/www.schlanser.ch\/magazin\/wp-content\/uploads\/2025\/12\/Nespel_2.webp\",\n      \"description\": \"Winterliche Ansicht des Nomady Nespel-Camps mit verschneiten H\u00e4ngen und weitem Talblick.\",\n      \"url\": \"https:\/\/nomady.camp\/cabin\/377\/nespel-camp\/preview\"\n    },\n    {\n      \"@type\": \"ImageObject\",\n      \"name\": \"Camperstellplatz im Nomady Nespel-Camp im Winter\",\n      \"contentUrl\": \"https:\/\/www.schlanser.ch\/magazin\/wp-content\/uploads\/2025\/12\/Nespel_1.webp\",\n      \"description\": \"Verschneites Nomady Nespel-Camp mit Stellplatz und umliegender Berglandschaft.\",\n      \"url\": \"https:\/\/nomady.camp\/cabin\/377\/nespel-camp\/preview\"\n    },\n    {\n      \"@type\": \"ImageObject\",\n      \"name\": \"Nomady Alp Eisten im Winter\",\n      \"contentUrl\": \"https:\/\/www.schlanser.ch\/magazin\/wp-content\/uploads\/2025\/12\/Alp_2-1.webp\",\n      \"description\": \"Winterliche Szene auf der Alp Eisten mit verschneiten Alpwiesen und H\u00fctten beim Nomady-Camp.\",\n      \"url\": \"https:\/\/nomady.camp\/cabin\/565\/alp-eisten\/preview\"\n    },\n    {\n      \"@type\": \"ImageObject\",\n      \"name\": \"Alp Eisten Nomady-Camp mit Bergkulisse\",\n      \"contentUrl\": \"https:\/\/www.schlanser.ch\/magazin\/wp-content\/uploads\/2025\/12\/Alp_1-1.webp\",\n      \"description\": \"Schneebedeckte Alp Eisten mit Blick auf die Berge und ruhiger Winteratmosph\u00e4re im Nomady-Camp.\",\n      \"url\": \"https:\/\/nomady.camp\/cabin\/565\/alp-eisten\/preview\"\n    }\n  ]\n}\n<\/script><\/p>\n","protected":false},"excerpt":{"rendered":"<p>Freiheit sp\u00fcren \u2013 auch bei Schnee und frostigen Temperaturen Vanlife im Winter hat seinen ganz eigenen Zauber: klare Bergluft, verschneite Landschaften und ruhige Campingpl\u00e4tze fernab des Sommertrubels. Gleichzeitig stellt die kalte Jahreszeit Camper vor besondere Herausforderungen. Doch mit der richtigen Vorbereitung und passenden Ausr\u00fcstung wird das Winterabenteuer im Campervan zu einer gem\u00fctlichen, sicheren und unvergesslichen &hellip;<\/p>\n","protected":false},"author":4,"featured_media":18942,"comment_status":"closed","ping_status":"open","sticky":false,"template":"","format":"standard","meta":{"footnotes":""},"categories":[3],"tags":[],"yoast_head":"<!-- This site is optimized with the Yoast SEO plugin v22.2 - https:\/\/yoast.com\/wordpress\/plugins\/seo\/ -->\n<title>Vanlife im Winter: Tipps, Ausr\u00fcstung &amp; die besten Nomady Camps<\/title>\n<meta name=\"description\" content=\"Entdecke, wie Vanlife im Winter gelingt: W\u00e4rme, Strom, Frostschutz, Bodenheizung &amp; mehr. Plus: Die 5 sch\u00f6nsten Nomady Wintercamps der Schweiz.\" \/>\n<meta name=\"robots\" content=\"index, follow, max-snippet:-1, max-image-preview:large, max-video-preview:-1\" \/>\n<link rel=\"canonical\" href=\"https:\/\/www.schlanser.ch\/magazin\/vanlife-im-winter-tipps-loesungen-und-die-schoensten-nomady-wintercamps\/\" \/>\n<meta property=\"og:locale\" content=\"de_DE\" \/>\n<meta property=\"og:type\" content=\"article\" \/>\n<meta property=\"og:title\" content=\"Vanlife im Winter: Tipps, Ausr\u00fcstung &amp; die besten Nomady Camps\" \/>\n<meta property=\"og:description\" content=\"Entdecke, wie Vanlife im Winter gelingt: W\u00e4rme, Strom, Frostschutz, Bodenheizung &amp; mehr. Plus: Die 5 sch\u00f6nsten Nomady Wintercamps der Schweiz.\" \/>\n<meta property=\"og:url\" content=\"https:\/\/www.schlanser.ch\/magazin\/vanlife-im-winter-tipps-loesungen-und-die-schoensten-nomady-wintercamps\/\" \/>\n<meta property=\"og:site_name\" content=\"Schlanser Magazin\" \/>\n<meta property=\"article:published_time\" content=\"2025-12-04T10:36:30+00:00\" \/>\n<meta property=\"article:modified_time\" content=\"2025-12-04T16:45:11+00:00\" \/>\n<meta property=\"og:image\" content=\"https:\/\/www.schlanser.ch\/magazin\/wp-content\/uploads\/2025\/12\/Nomady_Image_Camping_030.webp\" \/>\n\t<meta property=\"og:image:width\" content=\"1759\" \/>\n\t<meta property=\"og:image:height\" content=\"989\" \/>\n\t<meta property=\"og:image:type\" content=\"image\/webp\" \/>\n<meta name=\"author\" content=\"a.lenhardt\" \/>\n<meta name=\"twitter:card\" content=\"summary_large_image\" \/>\n<meta name=\"twitter:label1\" content=\"Verfasst von\" \/>\n\t<meta name=\"twitter:data1\" content=\"a.lenhardt\" \/>\n\t<meta name=\"twitter:label2\" content=\"Gesch\u00e4tzte Lesezeit\" \/>\n\t<meta name=\"twitter:data2\" content=\"14 Minuten\" \/>\n<script type=\"application\/ld+json\" class=\"yoast-schema-graph\">{\"@context\":\"https:\/\/schema.org\",\"@graph\":[{\"@type\":\"WebPage\",\"@id\":\"https:\/\/www.schlanser.ch\/magazin\/vanlife-im-winter-tipps-loesungen-und-die-schoensten-nomady-wintercamps\/\",\"url\":\"https:\/\/www.schlanser.ch\/magazin\/vanlife-im-winter-tipps-loesungen-und-die-schoensten-nomady-wintercamps\/\",\"name\":\"Vanlife im Winter: Tipps, Ausr\u00fcstung & die besten Nomady Camps\",\"isPartOf\":{\"@id\":\"https:\/\/www.schlanser.ch\/magazin\/#website\"},\"primaryImageOfPage\":{\"@id\":\"https:\/\/www.schlanser.ch\/magazin\/vanlife-im-winter-tipps-loesungen-und-die-schoensten-nomady-wintercamps\/#primaryimage\"},\"image\":{\"@id\":\"https:\/\/www.schlanser.ch\/magazin\/vanlife-im-winter-tipps-loesungen-und-die-schoensten-nomady-wintercamps\/#primaryimage\"},\"thumbnailUrl\":\"https:\/\/www.schlanser.ch\/magazin\/wp-content\/uploads\/2025\/12\/Nomady_Image_Camping_030.webp\",\"datePublished\":\"2025-12-04T10:36:30+00:00\",\"dateModified\":\"2025-12-04T16:45:11+00:00\",\"author\":{\"@id\":\"https:\/\/www.schlanser.ch\/magazin\/#\/schema\/person\/e71886b87631d1e017de3090e5e296c1\"},\"description\":\"Entdecke, wie Vanlife im Winter gelingt: W\u00e4rme, Strom, Frostschutz, Bodenheizung & mehr. Plus: Die 5 sch\u00f6nsten Nomady Wintercamps der Schweiz.\",\"breadcrumb\":{\"@id\":\"https:\/\/www.schlanser.ch\/magazin\/vanlife-im-winter-tipps-loesungen-und-die-schoensten-nomady-wintercamps\/#breadcrumb\"},\"inLanguage\":\"de-DE\",\"potentialAction\":[{\"@type\":\"ReadAction\",\"target\":[\"https:\/\/www.schlanser.ch\/magazin\/vanlife-im-winter-tipps-loesungen-und-die-schoensten-nomady-wintercamps\/\"]}]},{\"@type\":\"ImageObject\",\"inLanguage\":\"de-DE\",\"@id\":\"https:\/\/www.schlanser.ch\/magazin\/vanlife-im-winter-tipps-loesungen-und-die-schoensten-nomady-wintercamps\/#primaryimage\",\"url\":\"https:\/\/www.schlanser.ch\/magazin\/wp-content\/uploads\/2025\/12\/Nomady_Image_Camping_030.webp\",\"contentUrl\":\"https:\/\/www.schlanser.ch\/magazin\/wp-content\/uploads\/2025\/12\/Nomady_Image_Camping_030.webp\",\"width\":1759,\"height\":989},{\"@type\":\"BreadcrumbList\",\"@id\":\"https:\/\/www.schlanser.ch\/magazin\/vanlife-im-winter-tipps-loesungen-und-die-schoensten-nomady-wintercamps\/#breadcrumb\",\"itemListElement\":[{\"@type\":\"ListItem\",\"position\":1,\"name\":\"Startseite\",\"item\":\"https:\/\/www.schlanser.ch\/magazin\/\"},{\"@type\":\"ListItem\",\"position\":2,\"name\":\"Vanlife im Winter: Tipps, L\u00f6sungen und die sch\u00f6nsten Nomady-Wintercamps\"}]},{\"@type\":\"WebSite\",\"@id\":\"https:\/\/www.schlanser.ch\/magazin\/#website\",\"url\":\"https:\/\/www.schlanser.ch\/magazin\/\",\"name\":\"Schlanser Magazin\",\"description\":\"\",\"potentialAction\":[{\"@type\":\"SearchAction\",\"target\":{\"@type\":\"EntryPoint\",\"urlTemplate\":\"https:\/\/www.schlanser.ch\/magazin\/?s={search_term_string}\"},\"query-input\":\"required name=search_term_string\"}],\"inLanguage\":\"de-DE\"},{\"@type\":\"Person\",\"@id\":\"https:\/\/www.schlanser.ch\/magazin\/#\/schema\/person\/e71886b87631d1e017de3090e5e296c1\",\"name\":\"a.lenhardt\",\"image\":{\"@type\":\"ImageObject\",\"inLanguage\":\"de-DE\",\"@id\":\"https:\/\/www.schlanser.ch\/magazin\/#\/schema\/person\/image\/\",\"url\":\"https:\/\/secure.gravatar.com\/avatar\/91ff9393761944e218b2f41f904f9d7d?s=96&d=mm&r=g\",\"contentUrl\":\"https:\/\/secure.gravatar.com\/avatar\/91ff9393761944e218b2f41f904f9d7d?s=96&d=mm&r=g\",\"caption\":\"a.lenhardt\"}}]}<\/script>\n<!-- \/ Yoast SEO plugin. -->","yoast_head_json":{"title":"Vanlife im Winter: Tipps, Ausr\u00fcstung & die besten Nomady Camps","description":"Entdecke, wie Vanlife im Winter gelingt: W\u00e4rme, Strom, Frostschutz, Bodenheizung & mehr. Plus: Die 5 sch\u00f6nsten Nomady Wintercamps der Schweiz.","robots":{"index":"index","follow":"follow","max-snippet":"max-snippet:-1","max-image-preview":"max-image-preview:large","max-video-preview":"max-video-preview:-1"},"canonical":"https:\/\/www.schlanser.ch\/magazin\/vanlife-im-winter-tipps-loesungen-und-die-schoensten-nomady-wintercamps\/","og_locale":"de_DE","og_type":"article","og_title":"Vanlife im Winter: Tipps, Ausr\u00fcstung & die besten Nomady Camps","og_description":"Entdecke, wie Vanlife im Winter gelingt: W\u00e4rme, Strom, Frostschutz, Bodenheizung & mehr. Plus: Die 5 sch\u00f6nsten Nomady Wintercamps der Schweiz.","og_url":"https:\/\/www.schlanser.ch\/magazin\/vanlife-im-winter-tipps-loesungen-und-die-schoensten-nomady-wintercamps\/","og_site_name":"Schlanser Magazin","article_published_time":"2025-12-04T10:36:30+00:00","article_modified_time":"2025-12-04T16:45:11+00:00","og_image":[{"width":1759,"height":989,"url":"https:\/\/www.schlanser.ch\/magazin\/wp-content\/uploads\/2025\/12\/Nomady_Image_Camping_030.webp","type":"image\/webp"}],"author":"a.lenhardt","twitter_card":"summary_large_image","twitter_misc":{"Verfasst von":"a.lenhardt","Gesch\u00e4tzte Lesezeit":"14 Minuten"},"schema":{"@context":"https:\/\/schema.org","@graph":[{"@type":"WebPage","@id":"https:\/\/www.schlanser.ch\/magazin\/vanlife-im-winter-tipps-loesungen-und-die-schoensten-nomady-wintercamps\/","url":"https:\/\/www.schlanser.ch\/magazin\/vanlife-im-winter-tipps-loesungen-und-die-schoensten-nomady-wintercamps\/","name":"Vanlife im Winter: Tipps, Ausr\u00fcstung & die besten Nomady Camps","isPartOf":{"@id":"https:\/\/www.schlanser.ch\/magazin\/#website"},"primaryImageOfPage":{"@id":"https:\/\/www.schlanser.ch\/magazin\/vanlife-im-winter-tipps-loesungen-und-die-schoensten-nomady-wintercamps\/#primaryimage"},"image":{"@id":"https:\/\/www.schlanser.ch\/magazin\/vanlife-im-winter-tipps-loesungen-und-die-schoensten-nomady-wintercamps\/#primaryimage"},"thumbnailUrl":"https:\/\/www.schlanser.ch\/magazin\/wp-content\/uploads\/2025\/12\/Nomady_Image_Camping_030.webp","datePublished":"2025-12-04T10:36:30+00:00","dateModified":"2025-12-04T16:45:11+00:00","author":{"@id":"https:\/\/www.schlanser.ch\/magazin\/#\/schema\/person\/e71886b87631d1e017de3090e5e296c1"},"description":"Entdecke, wie Vanlife im Winter gelingt: W\u00e4rme, Strom, Frostschutz, Bodenheizung & mehr. Plus: Die 5 sch\u00f6nsten Nomady Wintercamps der Schweiz.","breadcrumb":{"@id":"https:\/\/www.schlanser.ch\/magazin\/vanlife-im-winter-tipps-loesungen-und-die-schoensten-nomady-wintercamps\/#breadcrumb"},"inLanguage":"de-DE","potentialAction":[{"@type":"ReadAction","target":["https:\/\/www.schlanser.ch\/magazin\/vanlife-im-winter-tipps-loesungen-und-die-schoensten-nomady-wintercamps\/"]}]},{"@type":"ImageObject","inLanguage":"de-DE","@id":"https:\/\/www.schlanser.ch\/magazin\/vanlife-im-winter-tipps-loesungen-und-die-schoensten-nomady-wintercamps\/#primaryimage","url":"https:\/\/www.schlanser.ch\/magazin\/wp-content\/uploads\/2025\/12\/Nomady_Image_Camping_030.webp","contentUrl":"https:\/\/www.schlanser.ch\/magazin\/wp-content\/uploads\/2025\/12\/Nomady_Image_Camping_030.webp","width":1759,"height":989},{"@type":"BreadcrumbList","@id":"https:\/\/www.schlanser.ch\/magazin\/vanlife-im-winter-tipps-loesungen-und-die-schoensten-nomady-wintercamps\/#breadcrumb","itemListElement":[{"@type":"ListItem","position":1,"name":"Startseite","item":"https:\/\/www.schlanser.ch\/magazin\/"},{"@type":"ListItem","position":2,"name":"Vanlife im Winter: Tipps, L\u00f6sungen und die sch\u00f6nsten Nomady-Wintercamps"}]},{"@type":"WebSite","@id":"https:\/\/www.schlanser.ch\/magazin\/#website","url":"https:\/\/www.schlanser.ch\/magazin\/","name":"Schlanser Magazin","description":"","potentialAction":[{"@type":"SearchAction","target":{"@type":"EntryPoint","urlTemplate":"https:\/\/www.schlanser.ch\/magazin\/?s={search_term_string}"},"query-input":"required name=search_term_string"}],"inLanguage":"de-DE"},{"@type":"Person","@id":"https:\/\/www.schlanser.ch\/magazin\/#\/schema\/person\/e71886b87631d1e017de3090e5e296c1","name":"a.lenhardt","image":{"@type":"ImageObject","inLanguage":"de-DE","@id":"https:\/\/www.schlanser.ch\/magazin\/#\/schema\/person\/image\/","url":"https:\/\/secure.gravatar.com\/avatar\/91ff9393761944e218b2f41f904f9d7d?s=96&d=mm&r=g","contentUrl":"https:\/\/secure.gravatar.com\/avatar\/91ff9393761944e218b2f41f904f9d7d?s=96&d=mm&r=g","caption":"a.lenhardt"}}]}},"_links":{"self":[{"href":"https:\/\/www.schlanser.ch\/magazin\/wp-json\/wp\/v2\/posts\/18940"}],"collection":[{"href":"https:\/\/www.schlanser.ch\/magazin\/wp-json\/wp\/v2\/posts"}],"about":[{"href":"https:\/\/www.schlanser.ch\/magazin\/wp-json\/wp\/v2\/types\/post"}],"author":[{"embeddable":true,"href":"https:\/\/www.schlanser.ch\/magazin\/wp-json\/wp\/v2\/users\/4"}],"replies":[{"embeddable":true,"href":"https:\/\/www.schlanser.ch\/magazin\/wp-json\/wp\/v2\/comments?post=18940"}],"version-history":[{"count":53,"href":"https:\/\/www.schlanser.ch\/magazin\/wp-json\/wp\/v2\/posts\/18940\/revisions"}],"predecessor-version":[{"id":19021,"href":"https:\/\/www.schlanser.ch\/magazin\/wp-json\/wp\/v2\/posts\/18940\/revisions\/19021"}],"wp:featuredmedia":[{"embeddable":true,"href":"https:\/\/www.schlanser.ch\/magazin\/wp-json\/wp\/v2\/media\/18942"}],"wp:attachment":[{"href":"https:\/\/www.schlanser.ch\/magazin\/wp-json\/wp\/v2\/media?parent=18940"}],"wp:term":[{"taxonomy":"category","embeddable":true,"href":"https:\/\/www.schlanser.ch\/magazin\/wp-json\/wp\/v2\/categories?post=18940"},{"taxonomy":"post_tag","embeddable":true,"href":"https:\/\/www.schlanser.ch\/magazin\/wp-json\/wp\/v2\/tags?post=18940"}],"curies":[{"name":"wp","href":"https:\/\/api.w.org\/{rel}","templated":true}]}}