{"id":2157,"date":"2017-06-13T08:59:45","date_gmt":"2017-06-13T06:59:45","guid":{"rendered":"https:\/\/www.schlanser.ch\/magazin\/?p=2157"},"modified":"2024-01-10T14:43:22","modified_gmt":"2024-01-10T13:43:22","slug":"wohnmobil-fahrradtraeger","status":"publish","type":"post","link":"https:\/\/www.schlanser.ch\/magazin\/wohnmobil-fahrradtraeger\/","title":{"rendered":"Wohnmobil Fahrradtr\u00e4ger"},"content":{"rendered":"<h2>\u00ab Wir vergleichen f\u00fcr Sie verschiedene Fahrradtr\u00e4ger f\u00fcr die Campingferien \u00bb<strong><br \/>\n<\/strong><\/h2>\n<p style=\"text-align: justify;\"><strong>Die Langsamkeit des Reisens auf zwei R\u00e4dern bildet einen starken Kontrast zur Schnelllebigkeit im Alltag. Vom Sattel aus geht der Blick mehr ins Detail und einen Zwischenstopp legen Sie ein, wo es sch\u00f6n ist und nicht erst am n\u00e4chsten Rastplatz. Lust bekommen? Wir zeigen Ihnen die vielen L\u00f6sungen bei Fahrradtr\u00e4gern.<\/strong><\/p>\n<h2>Endlich \u2013 Die Sommerferien stehen vor der T\u00fcr<\/h2>\n<p style=\"text-align: justify;\">Sie planen Ferien mit ihren Kindern. F\u00fcr die Kleinsten soll das Fahrrad mit ins Gep\u00e4ck, weil die kurzen Beine noch nicht weit tragen. Und pl\u00f6tzlich wollen auch die grossen Geschwister mit dem Velo fahren. Die Eltern \u00fcberlegen, dass Velotouren die Ferien durchaus bereichern werden.<\/p>\n<p style=\"text-align: justify;\"><img loading=\"lazy\" decoding=\"async\" class=\"alignright wp-image-2170 size-full\" title=\"Carry Bike Fahrradtr\u00e4ger XL A Pro 200 von Fiamma\" src=\"https:\/\/www.schlanser.ch\/magazin\/wp-content\/uploads\/2017\/06\/Carry-Bike-Fahrradtr\u00e4ger-XL-A-Pro-200.jpg\" alt=\"Carry Bike Fahrradtr\u00e4ger XL A Pro 200\" width=\"300\" height=\"300\" srcset=\"https:\/\/www.schlanser.ch\/magazin\/wp-content\/uploads\/2017\/06\/Carry-Bike-Fahrradtr\u00e4ger-XL-A-Pro-200.jpg 300w, https:\/\/www.schlanser.ch\/magazin\/wp-content\/uploads\/2017\/06\/Carry-Bike-Fahrradtr\u00e4ger-XL-A-Pro-200-150x150.jpg 150w\" sizes=\"(max-width: 300px) 100vw, 300px\" \/>Immerhin ist die Familie unabh\u00e4ngig und sitzt nicht den halben Tag im Auto, um die Umgebung zu erkunden.\u00a0W\u00e4hrend das kleinste Fahrrad noch knapp in den Kofferraum passt, ist f\u00fcr die Velos der Grossen kein Platz. Es sei denn, das Gep\u00e4ck bleibt zu Hause. Auch im Wohnanh\u00e4nger sind die Fahrr\u00e4der nur schlecht zu transportieren.<\/p>\n<p style=\"text-align: justify;\">Sie lassen sich kaum ordentlich befestigen und w\u00e4ren schon bei einem Zwischenstopp mit nur einer \u00dcbernachtung aus- und wieder einzur\u00e4umen. Ihnen kommt die Situation bekannt vor? Dann fehlt Ihnen ein <a href=\"https:\/\/www.schlanser.ch\/fahrzeug\/wohnwagen-und-wohnmobil-zubehoer\/fahrradtraeger\/\">Fahrradtr\u00e4ger<\/a>!<\/p>\n<h2>Mehr Spass und Bequemlichkeit<\/h2>\n<p style=\"text-align: justify;\">Es sind nicht allein Tagesausfl\u00fcge, die eine Mitnahme des Fahrrads in die Ferien rechtfertigen. Morgens sind die frischen Br\u00f6tchen schneller am <a href=\"https:\/\/www.schlanser.ch\/zelte\/campingzelte\/familienzelte\/\">Familienzelt<\/a> oder dem Wohnwagen \u2013 die Sanit\u00e4ranlagen r\u00fccken ebenso n\u00e4her und ins n\u00e4chste Dorf geht es auch, ohne alles einzupacken und das Wohnmobil zu starten. Auf vielen Campingpl\u00e4tzen sind Leihr\u00e4der verf\u00fcgbar, doch die Mietgeb\u00fchr belastet die Urlaubskasse. Hinzu kommt, dass nicht jeder ein bequemes und passendes Rad findet. Ein Kindersitz auf dem Gep\u00e4cktr\u00e4ger wird da schnell zum Problem. Ausstattungen wie diese sind vergleichsweise selten zu leihen.<\/p>\n<p style=\"text-align: justify;\"><img loading=\"lazy\" decoding=\"async\" class=\"aligncenter wp-image-2175\" title=\"Carry Bike &quot;Hobby&quot; von Fiamma\" src=\"https:\/\/www.schlanser.ch\/magazin\/wp-content\/uploads\/2017\/06\/Carry-Bike-Hobby.jpg\" alt=\"Carry Bike Hobby\" width=\"600\" height=\"600\" srcset=\"https:\/\/www.schlanser.ch\/magazin\/wp-content\/uploads\/2017\/06\/Carry-Bike-Hobby.jpg 680w, https:\/\/www.schlanser.ch\/magazin\/wp-content\/uploads\/2017\/06\/Carry-Bike-Hobby-150x150.jpg 150w, https:\/\/www.schlanser.ch\/magazin\/wp-content\/uploads\/2017\/06\/Carry-Bike-Hobby-300x300.jpg 300w\" sizes=\"(max-width: 600px) 100vw, 600px\" \/><\/p>\n<h2>Fahrradtr\u00e4ger und Fahrzeug: ein gutes Team<\/h2>\n<p style=\"text-align: justify;\">Im Auslieferungszustand nehmen die meisten Modelle zwei R\u00e4der auf. Erweiterbarkeit auf bis zu vier Velos ist \u00fcblich. Bei der Kaufentscheidung z\u00e4hlt die Tragf\u00e4higkeit: Ein modernes Erwachsenenrad wiegt um die 15 kg, manche mehr. Kinderr\u00e4der sind kaum leichter, was dem robusten Stahlrahmen geschuldet ist. Ungeachtet der Befestigungsart bringen Sie schnell 60 zus\u00e4tzliche Kilogramm auf die Hinterachse. Abstandshalter zum Fahrzeug schonen die Karosserie und eine sichere Befestigung h\u00e4lt fest, was sich nicht l\u00f6sen darf.<\/p>\n<p style=\"text-align: justify;\">Der Markt unterscheidet in Spezialisten und Allrounder. F\u00fcr beliebte Wohnmobile sind spezielle Fahrradtr\u00e4ger erh\u00e4ltlich. Sie passen sich der Linienf\u00fchrung des Fahrzeugs an und ber\u00fccksichtigen R\u00fcckleuchten und Nummernschild.<\/p>\n<p style=\"text-align: justify;\"><img loading=\"lazy\" decoding=\"async\" class=\"aligncenter wp-image-2168 size-full\" title=\"Carry All Box 150 von Thule\" src=\"https:\/\/www.schlanser.ch\/magazin\/wp-content\/uploads\/2017\/06\/Carry-All-Box-150.jpg\" alt=\"Carry All Box 150\" width=\"600\" height=\"537\" srcset=\"https:\/\/www.schlanser.ch\/magazin\/wp-content\/uploads\/2017\/06\/Carry-All-Box-150.jpg 600w, https:\/\/www.schlanser.ch\/magazin\/wp-content\/uploads\/2017\/06\/Carry-All-Box-150-300x269.jpg 300w\" sizes=\"(max-width: 600px) 100vw, 600px\" \/><\/p>\n<p style=\"text-align: justify;\">Deutlich gr\u00f6sser ist die Auswahl bei den Allesk\u00f6nnern, die sich jedem Heck anpassen. Wer auch hier nicht f\u00fcndig wird, entscheidet sich vielleicht f\u00fcr eine L\u00f6sung mit Dachgep\u00e4cktr\u00e4ger und wer kann, r\u00fcstet eine Heckgarage f\u00fcr die Fahrradmitnahme aus. Elektrische Ausf\u00fchrungen arbeiten mit Bordstrom f\u00fcr maximalen Komfort und ohne schweres Heben.<\/p>\n<h3>Schnell montierte Kupplungstr\u00e4ger<\/h3>\n<p style=\"text-align: justify;\">Der Kupplungstr\u00e4ger ist eine bequeme Art der Fahrradmitname. Die Bauart erlaubt umstandslose Montage und Demontage, was die Alltagstauglichkeit enorm steigert. F\u00fcr das Camping kommt diese L\u00f6sung allerdings kaum infrage. Immerhin soll der Caravan an der Kupplung h\u00e4ngen. Einzig Wohnmobile mit Anh\u00e4ngerkupplung nutzen die praktische L\u00f6sung. Leider oft um den Preis, dass die hintere T\u00fcr blockiert ist.<\/p>\n<p style=\"text-align: justify;\"><img loading=\"lazy\" decoding=\"async\" class=\"aligncenter wp-image-2160 size-full\" title=\"Fahrradtr\u00e4ger Easyfold XT 2B von Thule\" src=\"https:\/\/www.schlanser.ch\/magazin\/wp-content\/uploads\/2017\/06\/Thule-Fahrradtr\u00e4ger-Easyfold-XT-2B.jpg\" alt=\"Thule Fahrradtr\u00e4ger Easyfold XT 2B\" width=\"600\" height=\"475\" srcset=\"https:\/\/www.schlanser.ch\/magazin\/wp-content\/uploads\/2017\/06\/Thule-Fahrradtr\u00e4ger-Easyfold-XT-2B.jpg 600w, https:\/\/www.schlanser.ch\/magazin\/wp-content\/uploads\/2017\/06\/Thule-Fahrradtr\u00e4ger-Easyfold-XT-2B-300x238.jpg 300w\" sizes=\"(max-width: 600px) 100vw, 600px\" \/><\/p>\n<h3>Deichseltr\u00e4ger am Wohnwagen<\/h3>\n<p style=\"text-align: justify;\">Namhafte Markenhersteller wie Fiamma oder Thule liefern Deichseltr\u00e4ger f\u00fcr V-f\u00f6rmige Deichseln am Wohnwagen. Zwischen Zugfahrzeug und Caravan reisen die R\u00e4der im Windschatten. Das minimiert R\u00fctteln und Ersch\u00fctterungen durch B\u00f6en. Achten Sie darauf, dass der Deichselkasten auch bei montiertem Tr\u00e4ger erreichbar bleibt. Daf\u00fcr sind einige Modelle mit einem Klappmechanismus ausgestattet. Als Fahrradtr\u00e4ger f\u00fcr den Wohnwagen eine ausgereifte L\u00f6sung ohne Bohren.<\/p>\n<p style=\"text-align: justify;\"><img loading=\"lazy\" decoding=\"async\" class=\"aligncenter wp-image-2163 size-full\" title=\"Tr\u00e4ger &quot;Premium&quot; von Fritz Berger\" src=\"https:\/\/www.schlanser.ch\/magazin\/wp-content\/uploads\/2017\/06\/Berger-Tr\u00e4ger-Premium.jpg\" alt=\"Berger Tr\u00e4ger Premium\" width=\"600\" height=\"600\" srcset=\"https:\/\/www.schlanser.ch\/magazin\/wp-content\/uploads\/2017\/06\/Berger-Tr\u00e4ger-Premium.jpg 600w, https:\/\/www.schlanser.ch\/magazin\/wp-content\/uploads\/2017\/06\/Berger-Tr\u00e4ger-Premium-150x150.jpg 150w, https:\/\/www.schlanser.ch\/magazin\/wp-content\/uploads\/2017\/06\/Berger-Tr\u00e4ger-Premium-300x300.jpg 300w\" sizes=\"(max-width: 600px) 100vw, 600px\" \/><\/p>\n<h3>Hecktr\u00e4ger f\u00fcr Bus und Pkw<\/h3>\n<p style=\"text-align: justify;\">Als Fahrradtr\u00e4ger am Auto oder als Wohnmobil eignen sich Hecktr\u00e4ger. Vor dem Kauf informieren Sie sich, welche Modelle an Ihr Fahrzeug passen. Dank variabel verstellbarer Befestigungen eignen sie sich f\u00fcr fast jede Heckklappe am Pkw oder Heckt\u00fcr am Wohnmobil. M\u00f6glicherweise ben\u00f6tigen Sie Zubeh\u00f6r f\u00fcr optimale Passgenauigkeit. Das k\u00f6nnen Abstandshalter oder Polster sein. Eine separate Fahrzeugbeleuchtung erh\u00f6ht die Sichtbarkeit.<\/p>\n<p style=\"text-align: justify;\"><img loading=\"lazy\" decoding=\"async\" class=\"aligncenter wp-image-2164 size-full\" title=\"Fahrradtr\u00e4ger Elite Van XT von Thule\" src=\"https:\/\/www.schlanser.ch\/magazin\/wp-content\/uploads\/2017\/06\/Thule-Fahrradtr\u00e4ger-Elite-Van-XT.jpg\" alt=\"Thule Fahrradtr\u00e4ger Elite Van XT\" width=\"600\" height=\"600\" srcset=\"https:\/\/www.schlanser.ch\/magazin\/wp-content\/uploads\/2017\/06\/Thule-Fahrradtr\u00e4ger-Elite-Van-XT.jpg 600w, https:\/\/www.schlanser.ch\/magazin\/wp-content\/uploads\/2017\/06\/Thule-Fahrradtr\u00e4ger-Elite-Van-XT-150x150.jpg 150w, https:\/\/www.schlanser.ch\/magazin\/wp-content\/uploads\/2017\/06\/Thule-Fahrradtr\u00e4ger-Elite-Van-XT-300x300.jpg 300w\" sizes=\"(max-width: 600px) 100vw, 600px\" \/><\/p>\n<h3>Dachtr\u00e4ger f\u00fcr Autos<\/h3>\n<p style=\"text-align: justify;\">Die Verwendung von Dachtr\u00e4gern erlaubt es ebenfalls, Fahrr\u00e4der zu transportieren, wenngleich das Beladen kr\u00e4ftezehrend ist. Beim Heck-Fahrradtr\u00e4ger entlastet optional ein Lift. Hier gelangt das Velo per Muskelkraft auf das Fahrzeug. Lacksch\u00e4den sind schwer vermeidbar. So weit oben behindern sie zus\u00e4tzlich die Aerodynamik und sind dennoch beliebte Lastentr\u00e4ger.<\/p>\n<h3>Im Gep\u00e4ckabteil<\/h3>\n<p style=\"text-align: justify;\">Beim Wohnmobil der Luxusklasse ist ausreichend Stauraum f\u00fcr eine Fahrradgarage vorgesehen. Beim bequemen Be- und Entladen helfen Rampen. Die schlanken Befestigungsm\u00f6glichkeiten f\u00fcr maximale Platzeinsparung montieren Sie an den Seiten der Box. Noch komfortabler ist eine Heckgarage mit herausziehbarem Profil.<\/p>\n<p style=\"text-align: justify;\"><img loading=\"lazy\" decoding=\"async\" class=\"aligncenter wp-image-2166 size-full\" title=\"Carry Bike &quot;Garage&quot; von Fiamma\" src=\"https:\/\/www.schlanser.ch\/magazin\/wp-content\/uploads\/2017\/06\/Carry-Bike-Garage.jpg\" alt=\"Carry Bike Garage\" width=\"600\" height=\"600\" srcset=\"https:\/\/www.schlanser.ch\/magazin\/wp-content\/uploads\/2017\/06\/Carry-Bike-Garage.jpg 600w, https:\/\/www.schlanser.ch\/magazin\/wp-content\/uploads\/2017\/06\/Carry-Bike-Garage-150x150.jpg 150w, https:\/\/www.schlanser.ch\/magazin\/wp-content\/uploads\/2017\/06\/Carry-Bike-Garage-300x300.jpg 300w\" sizes=\"(max-width: 600px) 100vw, 600px\" \/><\/p>\n<h3>Optionales Zubeh\u00f6r<\/h3>\n<p style=\"text-align: justify;\">Mit einem Camping W\u00e4schest\u00e4nder wie dem Fiamma Easy Dry erh\u00e4lt der Hecktr\u00e4ger eine zus\u00e4tzliche Funktion. F\u00fcr die Montage von Deichseltr\u00e4gern ben\u00f6tigen Sie in einigen F\u00e4llen eine Schiene, die Sie ebenfalls im Zubeh\u00f6r finden. Wer nach dem letzten Abwasch vor der Abfahrt, nach dem Abbau des Vorzelts, dem Packen und Verstauen noch Kraft hat, verl\u00e4dt zuletzt die Fahrr\u00e4der. Andere nutzen den Bikelift, der beim anstrengenden Heben unterst\u00fctzt. Bevor Sie vom Platz fahren, \u00fcberpr\u00fcfen Sie alles auf festen Halt. Besch\u00e4digte oder fehlende Befestigungsriemen ersetzen Sie sicherheitshalber sofort.<\/p>\n<h2>Mehr Reichweite, Sport und Spass<\/h2>\n<p style=\"text-align: justify;\">Fahrradtr\u00e4ger f\u00fcr das Auto sind leicht montierbar, alltagstauglich und fahren auch im Gespann mit. Wie beim Wohnmobil Fahrradtr\u00e4ger wird das Rad kaum h\u00f6her als bis zur Brust gezogen, eingestellt und befestigt. Hilfsmittel wie Hubvorrichtungen bieten noch mehr Komfort. Dachtr\u00e4ger eignen sich eher f\u00fcr extrem leichte Sportr\u00e4der. Regelm\u00e4ssige \u00dcberpr\u00fcfungen der Befestigung, egal ob am Auto, dem Wohnmobil oder dem Wohnwagen, k\u00f6nnen auf langen Strecken Leben retten. Egal, wo die Fahrr\u00e4der mitreisen.<\/p>\n","protected":false},"excerpt":{"rendered":"<p>\u00ab Wir vergleichen f\u00fcr Sie verschiedene Fahrradtr\u00e4ger f\u00fcr die Campingferien \u00bb Die Langsamkeit des Reisens auf zwei R\u00e4dern bildet einen starken Kontrast zur Schnelllebigkeit im Alltag. Vom Sattel aus geht der Blick mehr ins Detail und einen Zwischenstopp legen Sie ein, wo es sch\u00f6n ist und nicht erst am n\u00e4chsten Rastplatz. Lust bekommen? Wir zeigen &hellip;<\/p>\n","protected":false},"author":1,"featured_media":2159,"comment_status":"closed","ping_status":"open","sticky":false,"template":"","format":"standard","meta":{"footnotes":""},"categories":[3],"tags":[18,201,34,292,293,290,42,291,294,295,296,297],"yoast_head":"<!-- This site is optimized with the Yoast SEO plugin v22.2 - https:\/\/yoast.com\/wordpress\/plugins\/seo\/ -->\n<title>Wohnmobil Fahrradtr\u00e4ger - Schlanser Magazin<\/title>\n<meta name=\"description\" content=\"Das Schlanser Magazin vergleicht f\u00fcr Wohnmobil-Fahrer M\u00f6glichkeiten, die Bikes mit in den Urlaub zu nehmen! - Fahrradtr\u00e4ger f\u00fcr Heck \u2714 Kupplung \u2714\" \/>\n<meta name=\"robots\" content=\"noindex, follow\" \/>\n<meta property=\"og:locale\" content=\"de_DE\" \/>\n<meta property=\"og:type\" content=\"article\" \/>\n<meta property=\"og:title\" content=\"Wohnmobil Fahrradtr\u00e4ger - Schlanser Magazin\" \/>\n<meta property=\"og:description\" content=\"Das Schlanser Magazin vergleicht f\u00fcr Wohnmobil-Fahrer M\u00f6glichkeiten, die Bikes mit in den Urlaub zu nehmen! - Fahrradtr\u00e4ger f\u00fcr Heck \u2714 Kupplung \u2714\" \/>\n<meta property=\"og:url\" content=\"https:\/\/www.schlanser.ch\/magazin\/wohnmobil-fahrradtraeger\/\" \/>\n<meta property=\"og:site_name\" content=\"Schlanser Magazin\" \/>\n<meta property=\"article:published_time\" content=\"2017-06-13T06:59:45+00:00\" \/>\n<meta property=\"article:modified_time\" content=\"2024-01-10T13:43:22+00:00\" \/>\n<meta property=\"og:image\" content=\"https:\/\/www.schlanser.ch\/magazin\/wp-content\/uploads\/2017\/06\/Wohnmobil-Fahrradtr\u00e4ger.jpg\" \/>\n\t<meta property=\"og:image:width\" content=\"660\" \/>\n\t<meta property=\"og:image:height\" content=\"440\" \/>\n\t<meta property=\"og:image:type\" content=\"image\/jpeg\" \/>\n<meta name=\"author\" content=\"admin\" \/>\n<meta name=\"twitter:card\" content=\"summary_large_image\" \/>\n<meta name=\"twitter:label1\" content=\"Verfasst von\" \/>\n\t<meta name=\"twitter:data1\" content=\"admin\" \/>\n\t<meta name=\"twitter:label2\" content=\"Gesch\u00e4tzte Lesezeit\" \/>\n\t<meta name=\"twitter:data2\" content=\"7 Minuten\" \/>\n<script type=\"application\/ld+json\" class=\"yoast-schema-graph\">{\"@context\":\"https:\/\/schema.org\",\"@graph\":[{\"@type\":\"WebPage\",\"@id\":\"https:\/\/www.schlanser.ch\/magazin\/wohnmobil-fahrradtraeger\/\",\"url\":\"https:\/\/www.schlanser.ch\/magazin\/wohnmobil-fahrradtraeger\/\",\"name\":\"Wohnmobil Fahrradtr\u00e4ger - Schlanser Magazin\",\"isPartOf\":{\"@id\":\"https:\/\/www.schlanser.ch\/magazin\/#website\"},\"primaryImageOfPage\":{\"@id\":\"https:\/\/www.schlanser.ch\/magazin\/wohnmobil-fahrradtraeger\/#primaryimage\"},\"image\":{\"@id\":\"https:\/\/www.schlanser.ch\/magazin\/wohnmobil-fahrradtraeger\/#primaryimage\"},\"thumbnailUrl\":\"https:\/\/www.schlanser.ch\/magazin\/wp-content\/uploads\/2017\/06\/Wohnmobil-Fahrradtr\u00e4ger.jpg\",\"datePublished\":\"2017-06-13T06:59:45+00:00\",\"dateModified\":\"2024-01-10T13:43:22+00:00\",\"author\":{\"@id\":\"https:\/\/www.schlanser.ch\/magazin\/#\/schema\/person\/000db0a103eb2594ba3daf394b1dfea2\"},\"description\":\"Das Schlanser Magazin vergleicht f\u00fcr Wohnmobil-Fahrer M\u00f6glichkeiten, die Bikes mit in den Urlaub zu nehmen! - Fahrradtr\u00e4ger f\u00fcr Heck \u2714 Kupplung \u2714\",\"breadcrumb\":{\"@id\":\"https:\/\/www.schlanser.ch\/magazin\/wohnmobil-fahrradtraeger\/#breadcrumb\"},\"inLanguage\":\"de-DE\",\"potentialAction\":[{\"@type\":\"ReadAction\",\"target\":[\"https:\/\/www.schlanser.ch\/magazin\/wohnmobil-fahrradtraeger\/\"]}]},{\"@type\":\"ImageObject\",\"inLanguage\":\"de-DE\",\"@id\":\"https:\/\/www.schlanser.ch\/magazin\/wohnmobil-fahrradtraeger\/#primaryimage\",\"url\":\"https:\/\/www.schlanser.ch\/magazin\/wp-content\/uploads\/2017\/06\/Wohnmobil-Fahrradtr\u00e4ger.jpg\",\"contentUrl\":\"https:\/\/www.schlanser.ch\/magazin\/wp-content\/uploads\/2017\/06\/Wohnmobil-Fahrradtr\u00e4ger.jpg\",\"width\":660,\"height\":440,\"caption\":\"\u00a9 #CNF \/ Fotolia.com\"},{\"@type\":\"BreadcrumbList\",\"@id\":\"https:\/\/www.schlanser.ch\/magazin\/wohnmobil-fahrradtraeger\/#breadcrumb\",\"itemListElement\":[{\"@type\":\"ListItem\",\"position\":1,\"name\":\"Startseite\",\"item\":\"https:\/\/www.schlanser.ch\/magazin\/\"},{\"@type\":\"ListItem\",\"position\":2,\"name\":\"Wohnmobil Fahrradtr\u00e4ger\"}]},{\"@type\":\"WebSite\",\"@id\":\"https:\/\/www.schlanser.ch\/magazin\/#website\",\"url\":\"https:\/\/www.schlanser.ch\/magazin\/\",\"name\":\"Schlanser Magazin\",\"description\":\"\",\"potentialAction\":[{\"@type\":\"SearchAction\",\"target\":{\"@type\":\"EntryPoint\",\"urlTemplate\":\"https:\/\/www.schlanser.ch\/magazin\/?s={search_term_string}\"},\"query-input\":\"required name=search_term_string\"}],\"inLanguage\":\"de-DE\"},{\"@type\":\"Person\",\"@id\":\"https:\/\/www.schlanser.ch\/magazin\/#\/schema\/person\/000db0a103eb2594ba3daf394b1dfea2\",\"name\":\"admin\",\"image\":{\"@type\":\"ImageObject\",\"inLanguage\":\"de-DE\",\"@id\":\"https:\/\/www.schlanser.ch\/magazin\/#\/schema\/person\/image\/\",\"url\":\"https:\/\/secure.gravatar.com\/avatar\/a794a4fe8a9b9c52241597eb381dfa2e?s=96&d=mm&r=g\",\"contentUrl\":\"https:\/\/secure.gravatar.com\/avatar\/a794a4fe8a9b9c52241597eb381dfa2e?s=96&d=mm&r=g\",\"caption\":\"admin\"}}]}<\/script>\n<!-- \/ Yoast SEO plugin. -->","yoast_head_json":{"title":"Wohnmobil Fahrradtr\u00e4ger - Schlanser Magazin","description":"Das Schlanser Magazin vergleicht f\u00fcr Wohnmobil-Fahrer M\u00f6glichkeiten, die Bikes mit in den Urlaub zu nehmen! - Fahrradtr\u00e4ger f\u00fcr Heck \u2714 Kupplung \u2714","robots":{"index":"noindex","follow":"follow"},"og_locale":"de_DE","og_type":"article","og_title":"Wohnmobil Fahrradtr\u00e4ger - Schlanser Magazin","og_description":"Das Schlanser Magazin vergleicht f\u00fcr Wohnmobil-Fahrer M\u00f6glichkeiten, die Bikes mit in den Urlaub zu nehmen! - Fahrradtr\u00e4ger f\u00fcr Heck \u2714 Kupplung \u2714","og_url":"https:\/\/www.schlanser.ch\/magazin\/wohnmobil-fahrradtraeger\/","og_site_name":"Schlanser Magazin","article_published_time":"2017-06-13T06:59:45+00:00","article_modified_time":"2024-01-10T13:43:22+00:00","og_image":[{"width":660,"height":440,"url":"https:\/\/www.schlanser.ch\/magazin\/wp-content\/uploads\/2017\/06\/Wohnmobil-Fahrradtr\u00e4ger.jpg","type":"image\/jpeg"}],"author":"admin","twitter_card":"summary_large_image","twitter_misc":{"Verfasst von":"admin","Gesch\u00e4tzte Lesezeit":"7 Minuten"},"schema":{"@context":"https:\/\/schema.org","@graph":[{"@type":"WebPage","@id":"https:\/\/www.schlanser.ch\/magazin\/wohnmobil-fahrradtraeger\/","url":"https:\/\/www.schlanser.ch\/magazin\/wohnmobil-fahrradtraeger\/","name":"Wohnmobil Fahrradtr\u00e4ger - Schlanser Magazin","isPartOf":{"@id":"https:\/\/www.schlanser.ch\/magazin\/#website"},"primaryImageOfPage":{"@id":"https:\/\/www.schlanser.ch\/magazin\/wohnmobil-fahrradtraeger\/#primaryimage"},"image":{"@id":"https:\/\/www.schlanser.ch\/magazin\/wohnmobil-fahrradtraeger\/#primaryimage"},"thumbnailUrl":"https:\/\/www.schlanser.ch\/magazin\/wp-content\/uploads\/2017\/06\/Wohnmobil-Fahrradtr\u00e4ger.jpg","datePublished":"2017-06-13T06:59:45+00:00","dateModified":"2024-01-10T13:43:22+00:00","author":{"@id":"https:\/\/www.schlanser.ch\/magazin\/#\/schema\/person\/000db0a103eb2594ba3daf394b1dfea2"},"description":"Das Schlanser Magazin vergleicht f\u00fcr Wohnmobil-Fahrer M\u00f6glichkeiten, die Bikes mit in den Urlaub zu nehmen! - Fahrradtr\u00e4ger f\u00fcr Heck \u2714 Kupplung \u2714","breadcrumb":{"@id":"https:\/\/www.schlanser.ch\/magazin\/wohnmobil-fahrradtraeger\/#breadcrumb"},"inLanguage":"de-DE","potentialAction":[{"@type":"ReadAction","target":["https:\/\/www.schlanser.ch\/magazin\/wohnmobil-fahrradtraeger\/"]}]},{"@type":"ImageObject","inLanguage":"de-DE","@id":"https:\/\/www.schlanser.ch\/magazin\/wohnmobil-fahrradtraeger\/#primaryimage","url":"https:\/\/www.schlanser.ch\/magazin\/wp-content\/uploads\/2017\/06\/Wohnmobil-Fahrradtr\u00e4ger.jpg","contentUrl":"https:\/\/www.schlanser.ch\/magazin\/wp-content\/uploads\/2017\/06\/Wohnmobil-Fahrradtr\u00e4ger.jpg","width":660,"height":440,"caption":"\u00a9 #CNF \/ Fotolia.com"},{"@type":"BreadcrumbList","@id":"https:\/\/www.schlanser.ch\/magazin\/wohnmobil-fahrradtraeger\/#breadcrumb","itemListElement":[{"@type":"ListItem","position":1,"name":"Startseite","item":"https:\/\/www.schlanser.ch\/magazin\/"},{"@type":"ListItem","position":2,"name":"Wohnmobil Fahrradtr\u00e4ger"}]},{"@type":"WebSite","@id":"https:\/\/www.schlanser.ch\/magazin\/#website","url":"https:\/\/www.schlanser.ch\/magazin\/","name":"Schlanser Magazin","description":"","potentialAction":[{"@type":"SearchAction","target":{"@type":"EntryPoint","urlTemplate":"https:\/\/www.schlanser.ch\/magazin\/?s={search_term_string}"},"query-input":"required name=search_term_string"}],"inLanguage":"de-DE"},{"@type":"Person","@id":"https:\/\/www.schlanser.ch\/magazin\/#\/schema\/person\/000db0a103eb2594ba3daf394b1dfea2","name":"admin","image":{"@type":"ImageObject","inLanguage":"de-DE","@id":"https:\/\/www.schlanser.ch\/magazin\/#\/schema\/person\/image\/","url":"https:\/\/secure.gravatar.com\/avatar\/a794a4fe8a9b9c52241597eb381dfa2e?s=96&d=mm&r=g","contentUrl":"https:\/\/secure.gravatar.com\/avatar\/a794a4fe8a9b9c52241597eb381dfa2e?s=96&d=mm&r=g","caption":"admin"}}]}},"_links":{"self":[{"href":"https:\/\/www.schlanser.ch\/magazin\/wp-json\/wp\/v2\/posts\/2157"}],"collection":[{"href":"https:\/\/www.schlanser.ch\/magazin\/wp-json\/wp\/v2\/posts"}],"about":[{"href":"https:\/\/www.schlanser.ch\/magazin\/wp-json\/wp\/v2\/types\/post"}],"author":[{"embeddable":true,"href":"https:\/\/www.schlanser.ch\/magazin\/wp-json\/wp\/v2\/users\/1"}],"replies":[{"embeddable":true,"href":"https:\/\/www.schlanser.ch\/magazin\/wp-json\/wp\/v2\/comments?post=2157"}],"version-history":[{"count":23,"href":"https:\/\/www.schlanser.ch\/magazin\/wp-json\/wp\/v2\/posts\/2157\/revisions"}],"predecessor-version":[{"id":16839,"href":"https:\/\/www.schlanser.ch\/magazin\/wp-json\/wp\/v2\/posts\/2157\/revisions\/16839"}],"wp:featuredmedia":[{"embeddable":true,"href":"https:\/\/www.schlanser.ch\/magazin\/wp-json\/wp\/v2\/media\/2159"}],"wp:attachment":[{"href":"https:\/\/www.schlanser.ch\/magazin\/wp-json\/wp\/v2\/media?parent=2157"}],"wp:term":[{"taxonomy":"category","embeddable":true,"href":"https:\/\/www.schlanser.ch\/magazin\/wp-json\/wp\/v2\/categories?post=2157"},{"taxonomy":"post_tag","embeddable":true,"href":"https:\/\/www.schlanser.ch\/magazin\/wp-json\/wp\/v2\/tags?post=2157"}],"curies":[{"name":"wp","href":"https:\/\/api.w.org\/{rel}","templated":true}]}}