{"id":2323,"date":"2017-07-14T11:18:35","date_gmt":"2017-07-14T09:18:35","guid":{"rendered":"https:\/\/www.schlanser.ch\/magazin\/?p=2323"},"modified":"2024-01-10T14:43:47","modified_gmt":"2024-01-10T13:43:47","slug":"checkliste-urlaub-mit-zelt","status":"publish","type":"post","link":"https:\/\/www.schlanser.ch\/magazin\/checkliste-urlaub-mit-zelt\/","title":{"rendered":"Checkliste f\u00fcr den Urlaub mit Zelt"},"content":{"rendered":"<h2>\u00ab An diese Dinge denken Profi-Camper \u00bb<\/h2>\n<p style=\"text-align: justify;\"><strong>Wenn Sie das erste Mal Urlaub mit dem Zelt machen, orientieren Sie sich an einer Zelturlaub-Checkliste, um nichts zu vergessen. Wer in der Vergangenheit ohne Packliste unterwegs war, weiss schon, dass es schwer ist auf Anhieb an alles zu denken. Damit sie nichts vergessen, haben wir hier eine Checkliste f\u00fcr den Urlaub auf dem Zeltplatz zusammengestellt. Damit m\u00fcssen Sie nur noch an jene Dinge denken, die Sie ohnehin mit in die Ferien genommen h\u00e4tten.<\/strong><\/p>\n<h2>Abenteuer Natur erleben<\/h2>\n<p style=\"text-align: justify;\">Um es vorwegzunehmen: Die ultimative Checkliste f\u00fcr den Urlaub existiert nicht. Daf\u00fcr sind Ferien viel zu individuell je nach Ort, Person und Reise. Die Trekkingtour in den Alpen erfordert anderes Equipment als die Ferien mit Familienzelt und Auto an der Adria. Trotzdem gibt es Mindestanforderungen, die Grundbed\u00fcrfnisse erf\u00fcllen. Die Gegenst\u00e4nde auf der Packliste erwiesen sich f\u00fcr erfahrene Reisende als praktisch und konnten sich bew\u00e4hren.<\/p>\n<p><img loading=\"lazy\" decoding=\"async\" class=\"aligncenter wp-image-2390 size-full\" title=\"Mountain Guide Trekkingzelt Nola 2\" src=\"https:\/\/www.schlanser.ch\/magazin\/wp-content\/uploads\/2017\/07\/Mountain-Guide-Trekkingzelt-Nola-2-1.jpg\" alt=\"Mountain Guide Trekkingzelt Nola 2\" width=\"600\" height=\"495\" srcset=\"https:\/\/www.schlanser.ch\/magazin\/wp-content\/uploads\/2017\/07\/Mountain-Guide-Trekkingzelt-Nola-2-1.jpg 600w, https:\/\/www.schlanser.ch\/magazin\/wp-content\/uploads\/2017\/07\/Mountain-Guide-Trekkingzelt-Nola-2-1-300x248.jpg 300w\" sizes=\"(max-width: 600px) 100vw, 600px\" \/><\/p>\n<p style=\"text-align: justify;\">Alles beginnt bei der Behausung: So dicht an der Natur wie im <a href=\"https:\/\/www.schlanser.ch\/zelte\/campingzelte\/\">Urlaub mit dem Zelt<\/a>, ist der moderne Mensch selten. Jedes Ger\u00e4usch dringt herein und das Wetter wird 1:1 erlebbar. Damit das nicht in einem Desaster endet, gilt schon vor der Reise dem Zelt grosse Aufmerksamkeit.<\/p>\n<h2>Gut untergebracht: Checkliste f\u00fcrs Zelten<\/h2>\n<p style=\"text-align: justify;\">Die Gr\u00f6sse des Zelts orientiert sich an der Personenzahl plus Gep\u00e4ck. Treffen Sie Ihre Auswahl danach, wie Sie das Gewicht transportieren. Zus\u00e4tzlich spielt das Packmass beim Trekking und Wandern eine Rolle. Am wichtigsten ist jedoch der Zustand. Nur ein intaktes Tent h\u00e4lt trocken. Daf\u00fcr bauen Sie Ihre mobile Unterkunft vor der Abreise einmal komplett auf. Das schafft Routine und dient der Kontrolle.<\/p>\n<p><img loading=\"lazy\" decoding=\"async\" class=\"aligncenter wp-image-2392 size-full\" title=\"Vango Zelt Halo 200\" src=\"https:\/\/www.schlanser.ch\/magazin\/wp-content\/uploads\/2017\/07\/Vango-Zelt-Halo-200.jpg\" alt=\"Vango Zelt Halo 200\" width=\"600\" height=\"339\" srcset=\"https:\/\/www.schlanser.ch\/magazin\/wp-content\/uploads\/2017\/07\/Vango-Zelt-Halo-200.jpg 600w, https:\/\/www.schlanser.ch\/magazin\/wp-content\/uploads\/2017\/07\/Vango-Zelt-Halo-200-300x170.jpg 300w\" sizes=\"(max-width: 600px) 100vw, 600px\" \/><\/p>\n<p style=\"text-align: justify;\"><a href=\"https:\/\/www.schlanser.ch\/zelte\/zeltzubehoer\/\">Zeltzubeh\u00f6r<\/a> ist unerl\u00e4sslich. \u00dcberpr\u00fcfen Sie alle N\u00e4hte und Reissverschl\u00fcsse und bessern Sie eventuelle Sch\u00e4den mit Nahtdichter oder Flickzeug aus. Heringe und Abspannleinen m\u00fcssen vollst\u00e4ndig vorhanden sein. Ersatz und ein Reparaturkit geh\u00f6ren auf die Checkliste f\u00fcr den Urlaub.<\/p>\n<p><img loading=\"lazy\" decoding=\"async\" class=\"aligncenter wp-image-2393 size-full\" title=\"Berger Einbogenzelt Hiker 2\" src=\"https:\/\/www.schlanser.ch\/magazin\/wp-content\/uploads\/2017\/07\/Berger-Einbogenzelt-Hiker-2.jpg\" alt=\"Berger Einbogenzelt Hiker 2\" width=\"600\" height=\"375\" srcset=\"https:\/\/www.schlanser.ch\/magazin\/wp-content\/uploads\/2017\/07\/Berger-Einbogenzelt-Hiker-2.jpg 600w, https:\/\/www.schlanser.ch\/magazin\/wp-content\/uploads\/2017\/07\/Berger-Einbogenzelt-Hiker-2-300x188.jpg 300w\" sizes=\"(max-width: 600px) 100vw, 600px\" \/><\/p>\n<p style=\"text-align: justify;\">Wer kann, erkundigt sich auch nach der Bodenbeschaffenheit am Urlaubsort. F\u00fcr Sand, Kies oder Rasen h\u00e4lt ein versierter Campingausstatter das passende Zubeh\u00f6r parat. Hier gibt es auch Ersatz und zur Not ein neues Zelt. Ein Gummihammer zum Einschlagen der Heringe ist bei harten B\u00f6den ein wahrer Segen und schont das Material.<\/p>\n<h2>Gut schlafen im Urlaub<\/h2>\n<p style=\"text-align: justify;\">Eine bequeme Schlafunterlage f\u00fcrs Campen sorgt f\u00fcr erholsamen Schlaf. Je nach Transportm\u00f6glichkeiten darf es sogar ein Luftbett sein. Sonst reicht eine Isomatte, die leicht ist und nur wenig Platz einnimmt. Hier w\u00e4hlen Sie zwischen selbstaufblasbaren Modellen und solchen aus Schaum.<\/p>\n<p><img loading=\"lazy\" decoding=\"async\" class=\"aligncenter wp-image-2369 size-full\" title=\"Mumienschlafsack Merlo\" src=\"https:\/\/www.schlanser.ch\/magazin\/wp-content\/uploads\/2017\/07\/Mumienschlafsack-Merlo.jpg\" alt=\"Mumienschlafsack Merlo\" width=\"600\" height=\"358\" srcset=\"https:\/\/www.schlanser.ch\/magazin\/wp-content\/uploads\/2017\/07\/Mumienschlafsack-Merlo.jpg 600w, https:\/\/www.schlanser.ch\/magazin\/wp-content\/uploads\/2017\/07\/Mumienschlafsack-Merlo-300x179.jpg 300w\" sizes=\"(max-width: 600px) 100vw, 600px\" \/><\/p>\n<p style=\"text-align: justify;\">Reisezeit und Ferienziel bestimmen den Schlafsack: Wo es warm ist, kann schon ein leichter H\u00fcttenschlafsack ausreichen. Sonst h\u00e4lt ein dicht schliessender Mumienschlafsack den K\u00f6rper auf Temperatur. Mit einem aufblasbaren Campingkissen wird es besonders gem\u00fctlich. Ein zusammengerollter Pullover erf\u00fcllt denselben Zweck.<\/p>\n<h2>Etwas Warmes im Bauch<\/h2>\n<p style=\"text-align: justify;\">Grill oder Kocher heissen die Ausstattungsmerkmale der <a href=\"https:\/\/www.schlanser.ch\/haushalt\/\">Campingk\u00fcche<\/a>. Der Campingkocher mit Gaskartusche oder anderen Brennmaterialien sorgt schon morgens f\u00fcr duftenden Kaffee.<\/p>\n<p><center><img loading=\"lazy\" decoding=\"async\" class=\"alignnone wp-image-2372 size-full\" title=\"Petromax Tee- und Kaffee-Perkolator\" src=\"https:\/\/www.schlanser.ch\/magazin\/wp-content\/uploads\/2017\/07\/Petromax-Tee-und-Kaffee-Perkolator.jpg\" alt=\"Petromax Tee und Kaffee Perkolator\" width=\"300\" height=\"229\" \/> <img loading=\"lazy\" decoding=\"async\" class=\"alignnone wp-image-2373 size-full\" title=\"TGO Zweiflamm-Kocher Email | Farbe: Wei\u00df\" src=\"https:\/\/www.schlanser.ch\/magazin\/wp-content\/uploads\/2017\/07\/TGO-Zweiflamm-Kocher-Email-weiss.jpg\" alt=\"TGO Zweiflamm-Kocher Email-weiss\" width=\"300\" height=\"229\" \/><\/center><\/p>\n<p style=\"text-align: justify;\">Kochgeschirr aus Aluminium oder Edelstahl wiegt wenig und erlaubt es, mehrere T\u00f6pfe samt Deckel ineinander zu stapeln. Ein Kaffeebereiter oder ein Kessel ist praktisch und gestattet einen gelungenen Start in den Tag.<\/p>\n<p><center><img loading=\"lazy\" decoding=\"async\" class=\"alignnone wp-image-2379 size-full\" title=\"Berger Absorberk\u00fchlbox A40\" src=\"https:\/\/www.schlanser.ch\/magazin\/wp-content\/uploads\/2017\/07\/Berger-Absorberkuehlbox-A40.jpg\" alt=\"Berger Absorberkuehlbox A40\" width=\"300\" height=\"300\" srcset=\"https:\/\/www.schlanser.ch\/magazin\/wp-content\/uploads\/2017\/07\/Berger-Absorberkuehlbox-A40.jpg 300w, https:\/\/www.schlanser.ch\/magazin\/wp-content\/uploads\/2017\/07\/Berger-Absorberkuehlbox-A40-150x150.jpg 150w\" sizes=\"(max-width: 300px) 100vw, 300px\" \/> <img loading=\"lazy\" decoding=\"async\" class=\"alignnone wp-image-2380 size-full\" title=\"Campingaz K\u00fchlbox Icetime Plus Extreme\" src=\"https:\/\/www.schlanser.ch\/magazin\/wp-content\/uploads\/2017\/07\/Campingaz-Kuehlbox-Icetime-Plus-Extreme.jpg\" alt=\"Campingaz Kuehlbox Icetime Plus Extreme\" width=\"300\" height=\"300\" srcset=\"https:\/\/www.schlanser.ch\/magazin\/wp-content\/uploads\/2017\/07\/Campingaz-Kuehlbox-Icetime-Plus-Extreme.jpg 300w, https:\/\/www.schlanser.ch\/magazin\/wp-content\/uploads\/2017\/07\/Campingaz-Kuehlbox-Icetime-Plus-Extreme-150x150.jpg 150w\" sizes=\"(max-width: 300px) 100vw, 300px\" \/><\/center><\/p>\n<p style=\"text-align: justify;\">F\u00fcr die Aufbewahrung von Lebensmittel konnten sich dicht schliessende Dosen aus Kunststoff bew\u00e4hren. <a href=\"https:\/\/www.schlanser.ch\/haushalt\/kuehlung\/kuehlboxen\/\">K\u00fchlboxen<\/a> erm\u00f6glichen Lagerhaltung, wenn sie ins Gep\u00e4ck passen. Im Handel finden sich Ausf\u00fchrungen f\u00fcr Gas und Strom.<\/p>\n<h2>Beim Camping gepflegt essen und trinken<\/h2>\n<p style=\"text-align: justify;\">In der Regel ist beim Kochset keine Tasse dabei, weshalb diese dringend auf die Checkliste f\u00fcr den Urlaub geh\u00f6rt. Deckel fungieren gleichzeitig als Teller, bedienen jedoch maximal eine Person.<\/p>\n<p><img loading=\"lazy\" decoding=\"async\" class=\"aligncenter wp-image-2387 size-full\" title=\"Melamin Set Classic-Line Earth | 16-teilig\" src=\"https:\/\/www.schlanser.ch\/magazin\/wp-content\/uploads\/2017\/07\/Melamin-Set-Classic-Line-Earth-16-teilig.jpg\" alt=\"Melamin Set Classic-Line Earth 16-teilig\" width=\"600\" height=\"355\" srcset=\"https:\/\/www.schlanser.ch\/magazin\/wp-content\/uploads\/2017\/07\/Melamin-Set-Classic-Line-Earth-16-teilig.jpg 600w, https:\/\/www.schlanser.ch\/magazin\/wp-content\/uploads\/2017\/07\/Melamin-Set-Classic-Line-Earth-16-teilig-300x178.jpg 300w\" sizes=\"(max-width: 600px) 100vw, 600px\" \/><\/p>\n<p style=\"text-align: justify;\">Melamin-Geschirr ist bruchsicher, leicht und schnell zu reinigen. Besteck besteht aus L\u00f6ffel, Gabel und Messer, die in einem praktischen Steck- oder Faltset untergebracht sind. So bleibt alles zusammen und die Halterung bietet sogar einen Zusatznutzen durch eingebauten Dosen\u00f6ffner. Sonst sollte dieser separat auf der Zelturlaub-Checkliste erscheinen.<\/p>\n<p><img loading=\"lazy\" decoding=\"async\" class=\"aligncenter wp-image-2385 size-full\" title=\"Melamin Geschirrset Rosso | 16-teilig\" src=\"https:\/\/www.schlanser.ch\/magazin\/wp-content\/uploads\/2017\/07\/Melamin-Geschirrset-Rosso-16-teilig.jpg\" alt=\"Melamin Geschirrset Rosso 16-teilig\" width=\"600\" height=\"375\" srcset=\"https:\/\/www.schlanser.ch\/magazin\/wp-content\/uploads\/2017\/07\/Melamin-Geschirrset-Rosso-16-teilig.jpg 600w, https:\/\/www.schlanser.ch\/magazin\/wp-content\/uploads\/2017\/07\/Melamin-Geschirrset-Rosso-16-teilig-300x188.jpg 300w\" sizes=\"(max-width: 600px) 100vw, 600px\" \/><\/p>\n<p style=\"text-align: justify;\">Wer es weniger rustikal mag, findet einige Besteckteile aus dem leichtgewichtigen Melamin. Brot- oder Universalmesser mit Klingenschutz sind sicher zu verstauen und schneiden zuverl\u00e4ssig. Da Camper die Natur lieben und ehren, sollte <a href=\"https:\/\/www.schlanser.ch\/haushalt\/camping-geschirr\/\">Camping Geschirr<\/a> niemals Einweggeschirr sein.<\/p>\n<h2><img loading=\"lazy\" decoding=\"async\" class=\"alignleft wp-image-2333 size-full\" title=\"Regatta Rucksack StreamAir 45+10 L | erstklassiger Trekkingrucksack aus strapazierf\u00e4higem Polyester\" src=\"https:\/\/www.schlanser.ch\/magazin\/wp-content\/uploads\/2017\/07\/Regatta-Rucksack-StreamAir-4510-L.jpg\" alt=\"Regatta Rucksack StreamAir 45+10 L\" width=\"225\" height=\"320\" srcset=\"https:\/\/www.schlanser.ch\/magazin\/wp-content\/uploads\/2017\/07\/Regatta-Rucksack-StreamAir-4510-L.jpg 225w, https:\/\/www.schlanser.ch\/magazin\/wp-content\/uploads\/2017\/07\/Regatta-Rucksack-StreamAir-4510-L-211x300.jpg 211w\" sizes=\"(max-width: 225px) 100vw, 225px\" \/>Auch auf der Zelturlaub-Campingliste: der Rucksack<\/h2>\n<p style=\"text-align: justify;\">Zur Gep\u00e4ckbef\u00f6rderung oder f\u00fcr Tagesausfl\u00fcge steht ein Rucksack auf der Zelturlaub-Checkliste. Der Trekking-Rucksack verf\u00fcgt idealerweise \u00fcber eine angenehme Polsterung, verstellbare H\u00fcftgurte um den R\u00fccken zu schonen und eine Schliesse vor der Brust.<\/p>\n<p style=\"text-align: justify;\">Achten Sie darauf, dass das Volumen nicht zu gross ist. Schnell ist mehr eingepackt, als Sie auf langen Strecken komfortabel tragen k\u00f6nnen. Soll der Zelturlaub nach einer Anreise mit dem Pkw stattfinden, ist ein kleiner Rucksack f\u00fcr Tagesausfl\u00fcge sinnvoll, der Brotzeit und Trinkflasche aufnimmt.<\/p>\n<h2>Wichtige Werkzeuge und Hilfsmittel<\/h2>\n<p style=\"text-align: justify;\">Der Alltag erfordert weitere n\u00fctzliche Gegenst\u00e4nde, die den Urlaub mit dem Zelt angenehm gestalten. F\u00fcr die n\u00e4chtliche Orientierung innen und aussen ist eine Taschenlampe unverzichtbar.<\/p>\n<p><center><img loading=\"lazy\" decoding=\"async\" class=\"alignnone wp-image-2338 size-full\" title=\"LED Headlamp CXO+ 200\" src=\"https:\/\/www.schlanser.ch\/magazin\/wp-content\/uploads\/2017\/07\/LED-Headlamp-CXO-200.jpg\" alt=\"LED Headlamp CXO+ 200\" width=\"300\" height=\"150\" \/> <img loading=\"lazy\" decoding=\"async\" class=\"alignnone wp-image-2339 size-full\" title=\"LED Taschenlampe Divide+ 75\" src=\"https:\/\/www.schlanser.ch\/magazin\/wp-content\/uploads\/2017\/07\/LED-Taschenlampe-Divide-75.jpg\" alt=\"LED Taschenlampe Divide+ 75\" width=\"300\" height=\"150\" \/><\/center><\/p>\n<p style=\"text-align: justify;\">Kinder haben damit zus\u00e4tzlich jede Menge Spass und ein Nachtlicht gegen Gespenster. Mit einer Stirnlampe bleiben beide H\u00e4nde frei.<\/p>\n<p><center><img loading=\"lazy\" decoding=\"async\" class=\"alignnone wp-image-2343 size-full\" title=\"Opinel Messer Nr. 8\" src=\"https:\/\/www.schlanser.ch\/magazin\/wp-content\/uploads\/2017\/07\/Opinel-Messer-Nummer-8.jpg\" alt=\"Opinel Messer Nummer 8\" width=\"300\" height=\"190\" \/> <img loading=\"lazy\" decoding=\"async\" class=\"alignnone wp-image-2344 size-full\" title=\"True Utility Clip Tool\" src=\"https:\/\/www.schlanser.ch\/magazin\/wp-content\/uploads\/2017\/07\/True-Utility-Clip-Tool.jpg\" alt=\"True Utility Clip Tool\" width=\"300\" height=\"190\" \/><\/center><\/p>\n<p style=\"text-align: justify;\">Ein kr\u00e4ftiges Messer oder Multifunktionswerkzeug schneidet praktisch alles \u2013 von den Sp\u00e4nen zum Anfachen des Lagerfeuers bis zum Steak auf dem Teller. Feuerzeug und Streichh\u00f6lzer empfehlen sich sogar bei Kochern mit Piezo-Z\u00fcndung.<\/p>\n<p><center><img loading=\"lazy\" decoding=\"async\" class=\"alignnone wp-image-2351 size-full\" title=\"Feuerstab-Gasanz\u00fcnder\" src=\"https:\/\/www.schlanser.ch\/magazin\/wp-content\/uploads\/2017\/07\/Feuerstab-Gasanzuender.jpg\" alt=\"Feuerstab-Gasanzuender\" width=\"263\" height=\"300\" \/> <img loading=\"lazy\" decoding=\"async\" class=\"alignnone wp-image-2352 size-full\" title=\"M\u00fcllbeutelhalter\" src=\"https:\/\/www.schlanser.ch\/magazin\/wp-content\/uploads\/2017\/07\/Muellbeutelhalter.jpg\" alt=\"Muellbeutelhalter\" width=\"177\" height=\"300\" \/><\/center><\/p>\n<p style=\"text-align: justify;\">F\u00e4llt die in den Ferien aus, bleibt die K\u00fcche sonst kalt. Um sich die Entsorgung anfallenden M\u00fclls zu erleichtern, sind M\u00fcllbeutel sinnvoll. Saubere und schmutzige W\u00e4sche trennen Sie mit einem W\u00e4schebeutel.<\/p>\n<h2>Pers\u00f6nliches praktisch zusammengestellt<\/h2>\n<p style=\"text-align: justify;\">Beim Urlaub mit dem Zelt ist einiges dabei, was auch sonst nicht fehlt: alles f\u00fcr die K\u00f6rperhygiene und angemessene Kleidung. Spezielle Outdoor-Fasern f\u00fcr Kleidung und Handt\u00fccher haben gegen\u00fcber Wolle und Baumwolle manche Vorteile.<\/p>\n<p><img loading=\"lazy\" decoding=\"async\" class=\"aligncenter wp-image-2356 size-full\" title=\"Vango Adventure Tarp\" src=\"https:\/\/www.schlanser.ch\/magazin\/wp-content\/uploads\/2017\/07\/Vango-Adventure-Tarp.jpg\" alt=\"Vango Adventure Tarp\" width=\"600\" height=\"372\" srcset=\"https:\/\/www.schlanser.ch\/magazin\/wp-content\/uploads\/2017\/07\/Vango-Adventure-Tarp.jpg 600w, https:\/\/www.schlanser.ch\/magazin\/wp-content\/uploads\/2017\/07\/Vango-Adventure-Tarp-300x186.jpg 300w\" sizes=\"(max-width: 600px) 100vw, 600px\" \/><\/p>\n<p style=\"text-align: justify;\">Das Reiseziel bestimmt, ob Sonnencreme oder Gummistiefel mitkommen. Gerade mit Kindern kann ein Tarp ganz oben auf der Priorit\u00e4tenliste stehen. Immer wieder erteilen erfahrene Reisende den Rat, wichtige Papiere zus\u00e4tzlich in Kopie mitzunehmen. Andere zelten nie ohne Sp\u00fclsch\u00fcssel. Entscheiden Sie individuell und nach vern\u00fcnftigen Kriterien.<\/p>\n<h3>Die Zelturlaub-Checkliste im \u00dcberblick<\/h3>\n<h4>Neben dem Zelt selbst<\/h4>\n<ul>\n<li style=\"text-align: justify;\">Abspannleinen (Ersatz)<\/li>\n<li style=\"text-align: justify;\">Heringe (Ersatz)<\/li>\n<li style=\"text-align: justify;\">Gummihammer<\/li>\n<li style=\"text-align: justify;\">Flickzeug<\/li>\n<\/ul>\n<p><center><img loading=\"lazy\" decoding=\"async\" class=\"alignnone wp-image-2358 size-full\" title=\"Heringsset\" src=\"https:\/\/www.schlanser.ch\/magazin\/wp-content\/uploads\/2017\/07\/Heringsset.jpg\" alt=\"Heringsset\" width=\"300\" height=\"267\" \/> <img loading=\"lazy\" decoding=\"async\" class=\"alignnone wp-image-2359 size-full\" title=\"Nylon-Reparaturflicken\" src=\"https:\/\/www.schlanser.ch\/magazin\/wp-content\/uploads\/2017\/07\/Nylon-Reparaturflicken.jpg\" alt=\"Nylon-Reparaturflicken\" width=\"300\" height=\"268\" \/><\/center><\/p>\n<h4>Schlafen<\/h4>\n<ul>\n<li style=\"text-align: justify;\">Isomatte, Luftbett oder Luftmatratze<\/li>\n<li style=\"text-align: justify;\">Schlafsack<\/li>\n<li style=\"text-align: justify;\">Kissen<\/li>\n<\/ul>\n<p><center><img loading=\"lazy\" decoding=\"async\" class=\"alignnone wp-image-2362 size-full\" title=\"Luftbett Rising Comfort\" src=\"https:\/\/www.schlanser.ch\/magazin\/wp-content\/uploads\/2017\/07\/Luftbett-Rising-Comfort.jpg\" alt=\"Luftbett Rising Comfort\" width=\"300\" height=\"176\" \/>\u00a0<img loading=\"lazy\" decoding=\"async\" class=\"alignnone wp-image-2363 size-full\" title=\"Luftbett Smart Quickbed\" src=\"https:\/\/www.schlanser.ch\/magazin\/wp-content\/uploads\/2017\/07\/Luftbett-Smart-Quickbed.jpg\" alt=\"Luftbett Smart Quickbed\" width=\"300\" height=\"150\" \/><\/center><\/p>\n<h4>Campingk\u00fcche<\/h4>\n<ul>\n<li style=\"text-align: justify;\">Kocher\/Grill<\/li>\n<li style=\"text-align: justify;\">Gaskartuschen\/Grillkohle + Anz\u00fcnder<\/li>\n<li style=\"text-align: justify;\">Streichh\u00f6lzer\/Feuerzeug<\/li>\n<li style=\"text-align: justify;\">Kr\u00e4ftiges Messer<\/li>\n<li style=\"text-align: justify;\">Kochset<\/li>\n<li style=\"text-align: justify;\">Geschirr<\/li>\n<\/ul>\n<p><img loading=\"lazy\" decoding=\"async\" class=\"aligncenter wp-image-2401 size-full\" title=\"Campingaz 2-Flamm Kocher Grill 400 SG\" src=\"https:\/\/www.schlanser.ch\/magazin\/wp-content\/uploads\/2017\/07\/Campingaz-2-Flamm-Kocher-Grill-400-SG.jpg\" alt=\"Campingaz 2-Flamm Kocher Grill 400 SG\" width=\"600\" height=\"600\" srcset=\"https:\/\/www.schlanser.ch\/magazin\/wp-content\/uploads\/2017\/07\/Campingaz-2-Flamm-Kocher-Grill-400-SG.jpg 600w, https:\/\/www.schlanser.ch\/magazin\/wp-content\/uploads\/2017\/07\/Campingaz-2-Flamm-Kocher-Grill-400-SG-150x150.jpg 150w, https:\/\/www.schlanser.ch\/magazin\/wp-content\/uploads\/2017\/07\/Campingaz-2-Flamm-Kocher-Grill-400-SG-300x300.jpg 300w\" sizes=\"(max-width: 600px) 100vw, 600px\" \/><\/p>\n<ul>\n<li style=\"text-align: justify;\">Besteck<\/li>\n<li style=\"text-align: justify;\">Tasse<\/li>\n<li style=\"text-align: justify;\">Wasserflasche<\/li>\n<li style=\"text-align: justify;\">K\u00fchlbox<\/li>\n<li style=\"text-align: justify;\">Dosenset<\/li>\n<li style=\"text-align: justify;\">Dosen\u00f6ffner<\/li>\n<li style=\"text-align: justify;\">M\u00fcllbeutel<\/li>\n<\/ul>\n<p><img loading=\"lazy\" decoding=\"async\" class=\"aligncenter wp-image-2403 size-full\" title=\"2 Flamm-Kocher von Berger\" src=\"https:\/\/www.schlanser.ch\/magazin\/wp-content\/uploads\/2017\/07\/2-Flamm-Kocher-Berger.jpg\" alt=\"2 Flamm-Kocher Berger\" width=\"600\" height=\"375\" srcset=\"https:\/\/www.schlanser.ch\/magazin\/wp-content\/uploads\/2017\/07\/2-Flamm-Kocher-Berger.jpg 600w, https:\/\/www.schlanser.ch\/magazin\/wp-content\/uploads\/2017\/07\/2-Flamm-Kocher-Berger-300x188.jpg 300w\" sizes=\"(max-width: 600px) 100vw, 600px\" \/><\/p>\n<h4>Weiteres<\/h4>\n<ul>\n<li style=\"text-align: justify;\">Rucksack<\/li>\n<li style=\"text-align: justify;\">Taschenlampe<\/li>\n<li style=\"text-align: justify;\">Papiere<\/li>\n<li style=\"text-align: justify;\">angemessene Kleidung<\/li>\n<li style=\"text-align: justify;\">Erste-Hilfe-Set<\/li>\n<li style=\"text-align: justify;\">W\u00e4schesack<\/li>\n<\/ul>\n<p><center><img loading=\"lazy\" decoding=\"async\" class=\"alignnone wp-image-2396 size-full\" title=\"Erste Hilfe Set\" src=\"https:\/\/www.schlanser.ch\/magazin\/wp-content\/uploads\/2017\/07\/Erste-Hilfe-Set.jpg\" alt=\"Erste Hilfe Set\" width=\"300\" height=\"300\" srcset=\"https:\/\/www.schlanser.ch\/magazin\/wp-content\/uploads\/2017\/07\/Erste-Hilfe-Set.jpg 300w, https:\/\/www.schlanser.ch\/magazin\/wp-content\/uploads\/2017\/07\/Erste-Hilfe-Set-150x150.jpg 150w\" sizes=\"(max-width: 300px) 100vw, 300px\" \/> <img loading=\"lazy\" decoding=\"async\" class=\"alignnone wp-image-2397 size-full\" title=\"Kombitasche Duo\" src=\"https:\/\/www.schlanser.ch\/magazin\/wp-content\/uploads\/2017\/07\/Kombitasche-Duo.jpg\" alt=\"Kombitasche Duo\" width=\"300\" height=\"300\" srcset=\"https:\/\/www.schlanser.ch\/magazin\/wp-content\/uploads\/2017\/07\/Kombitasche-Duo.jpg 300w, https:\/\/www.schlanser.ch\/magazin\/wp-content\/uploads\/2017\/07\/Kombitasche-Duo-150x150.jpg 150w\" sizes=\"(max-width: 300px) 100vw, 300px\" \/><\/center><\/p>\n<p style=\"text-align: justify;\">Wahrscheinlich bemerken Sie nach der Reise, dass Sie einiges nicht benutzt haben. Wenn es sich um Notfallkits, Verbandsmaterial oder Handys handelt, waren es wohl tolle Ferien!<\/p>\n","protected":false},"excerpt":{"rendered":"<p>\u00ab An diese Dinge denken Profi-Camper \u00bb Wenn Sie das erste Mal Urlaub mit dem Zelt machen, orientieren Sie sich an einer Zelturlaub-Checkliste, um nichts zu vergessen. Wer in der Vergangenheit ohne Packliste unterwegs war, weiss schon, dass es schwer ist auf Anhieb an alles zu denken. Damit sie nichts vergessen, haben wir hier eine &hellip;<\/p>\n","protected":false},"author":1,"featured_media":2327,"comment_status":"closed","ping_status":"open","sticky":false,"template":"","format":"standard","meta":{"footnotes":""},"categories":[2],"tags":[73,18,9,34,322,324,336,330,335,331,26,38,7,334,177,328,72,313,184,326,329,332,58,325,51,52,24,333,327,234,236,235,49,323,13,23],"yoast_head":"<!-- This site is optimized with the Yoast SEO plugin v22.2 - https:\/\/yoast.com\/wordpress\/plugins\/seo\/ -->\n<title>Checkliste f\u00fcr den Urlaub mit Zelt - Schlanser Magazin<\/title>\n<meta name=\"description\" content=\"Mit der Checkliste aus dem Schlanser Magazin sind Sie auf Ihren ersten Urlaub mit dem Zelt bestens vorbereitet! \u2013 Alles woran Sie denken m\u00fcssen \u2714\" \/>\n<meta name=\"robots\" content=\"noindex, follow\" \/>\n<meta property=\"og:locale\" content=\"de_DE\" \/>\n<meta property=\"og:type\" content=\"article\" \/>\n<meta property=\"og:title\" content=\"Checkliste f\u00fcr den Urlaub mit Zelt - Schlanser Magazin\" \/>\n<meta property=\"og:description\" content=\"Mit der Checkliste aus dem Schlanser Magazin sind Sie auf Ihren ersten Urlaub mit dem Zelt bestens vorbereitet! \u2013 Alles woran Sie denken m\u00fcssen \u2714\" \/>\n<meta property=\"og:url\" content=\"https:\/\/www.schlanser.ch\/magazin\/checkliste-urlaub-mit-zelt\/\" \/>\n<meta property=\"og:site_name\" content=\"Schlanser Magazin\" \/>\n<meta property=\"article:published_time\" content=\"2017-07-14T09:18:35+00:00\" \/>\n<meta property=\"article:modified_time\" content=\"2024-01-10T13:43:47+00:00\" \/>\n<meta property=\"og:image\" content=\"https:\/\/www.schlanser.ch\/magazin\/wp-content\/uploads\/2017\/07\/Checkliste-fuer-den-Urlaub-mit-Zelt.jpg\" \/>\n\t<meta property=\"og:image:width\" content=\"800\" \/>\n\t<meta property=\"og:image:height\" content=\"533\" \/>\n\t<meta property=\"og:image:type\" content=\"image\/jpeg\" \/>\n<meta name=\"author\" content=\"admin\" \/>\n<meta name=\"twitter:card\" content=\"summary_large_image\" \/>\n<meta name=\"twitter:label1\" content=\"Verfasst von\" \/>\n\t<meta name=\"twitter:data1\" content=\"admin\" \/>\n\t<meta name=\"twitter:label2\" content=\"Gesch\u00e4tzte Lesezeit\" \/>\n\t<meta name=\"twitter:data2\" content=\"11 Minuten\" \/>\n<script type=\"application\/ld+json\" class=\"yoast-schema-graph\">{\"@context\":\"https:\/\/schema.org\",\"@graph\":[{\"@type\":\"WebPage\",\"@id\":\"https:\/\/www.schlanser.ch\/magazin\/checkliste-urlaub-mit-zelt\/\",\"url\":\"https:\/\/www.schlanser.ch\/magazin\/checkliste-urlaub-mit-zelt\/\",\"name\":\"Checkliste f\u00fcr den Urlaub mit Zelt - Schlanser Magazin\",\"isPartOf\":{\"@id\":\"https:\/\/www.schlanser.ch\/magazin\/#website\"},\"primaryImageOfPage\":{\"@id\":\"https:\/\/www.schlanser.ch\/magazin\/checkliste-urlaub-mit-zelt\/#primaryimage\"},\"image\":{\"@id\":\"https:\/\/www.schlanser.ch\/magazin\/checkliste-urlaub-mit-zelt\/#primaryimage\"},\"thumbnailUrl\":\"https:\/\/www.schlanser.ch\/magazin\/wp-content\/uploads\/2017\/07\/Checkliste-fuer-den-Urlaub-mit-Zelt.jpg\",\"datePublished\":\"2017-07-14T09:18:35+00:00\",\"dateModified\":\"2024-01-10T13:43:47+00:00\",\"author\":{\"@id\":\"https:\/\/www.schlanser.ch\/magazin\/#\/schema\/person\/000db0a103eb2594ba3daf394b1dfea2\"},\"description\":\"Mit der Checkliste aus dem Schlanser Magazin sind Sie auf Ihren ersten Urlaub mit dem Zelt bestens vorbereitet! \u2013 Alles woran Sie denken m\u00fcssen \u2714\",\"breadcrumb\":{\"@id\":\"https:\/\/www.schlanser.ch\/magazin\/checkliste-urlaub-mit-zelt\/#breadcrumb\"},\"inLanguage\":\"de-DE\",\"potentialAction\":[{\"@type\":\"ReadAction\",\"target\":[\"https:\/\/www.schlanser.ch\/magazin\/checkliste-urlaub-mit-zelt\/\"]}]},{\"@type\":\"ImageObject\",\"inLanguage\":\"de-DE\",\"@id\":\"https:\/\/www.schlanser.ch\/magazin\/checkliste-urlaub-mit-zelt\/#primaryimage\",\"url\":\"https:\/\/www.schlanser.ch\/magazin\/wp-content\/uploads\/2017\/07\/Checkliste-fuer-den-Urlaub-mit-Zelt.jpg\",\"contentUrl\":\"https:\/\/www.schlanser.ch\/magazin\/wp-content\/uploads\/2017\/07\/Checkliste-fuer-den-Urlaub-mit-Zelt.jpg\",\"width\":800,\"height\":533,\"caption\":\"\u00a9 jannoon028 \/ Fotolia.com\"},{\"@type\":\"BreadcrumbList\",\"@id\":\"https:\/\/www.schlanser.ch\/magazin\/checkliste-urlaub-mit-zelt\/#breadcrumb\",\"itemListElement\":[{\"@type\":\"ListItem\",\"position\":1,\"name\":\"Startseite\",\"item\":\"https:\/\/www.schlanser.ch\/magazin\/\"},{\"@type\":\"ListItem\",\"position\":2,\"name\":\"Checkliste f\u00fcr den Urlaub mit Zelt\"}]},{\"@type\":\"WebSite\",\"@id\":\"https:\/\/www.schlanser.ch\/magazin\/#website\",\"url\":\"https:\/\/www.schlanser.ch\/magazin\/\",\"name\":\"Schlanser Magazin\",\"description\":\"\",\"potentialAction\":[{\"@type\":\"SearchAction\",\"target\":{\"@type\":\"EntryPoint\",\"urlTemplate\":\"https:\/\/www.schlanser.ch\/magazin\/?s={search_term_string}\"},\"query-input\":\"required name=search_term_string\"}],\"inLanguage\":\"de-DE\"},{\"@type\":\"Person\",\"@id\":\"https:\/\/www.schlanser.ch\/magazin\/#\/schema\/person\/000db0a103eb2594ba3daf394b1dfea2\",\"name\":\"admin\",\"image\":{\"@type\":\"ImageObject\",\"inLanguage\":\"de-DE\",\"@id\":\"https:\/\/www.schlanser.ch\/magazin\/#\/schema\/person\/image\/\",\"url\":\"https:\/\/secure.gravatar.com\/avatar\/a794a4fe8a9b9c52241597eb381dfa2e?s=96&d=mm&r=g\",\"contentUrl\":\"https:\/\/secure.gravatar.com\/avatar\/a794a4fe8a9b9c52241597eb381dfa2e?s=96&d=mm&r=g\",\"caption\":\"admin\"}}]}<\/script>\n<!-- \/ Yoast SEO plugin. -->","yoast_head_json":{"title":"Checkliste f\u00fcr den Urlaub mit Zelt - Schlanser Magazin","description":"Mit der Checkliste aus dem Schlanser Magazin sind Sie auf Ihren ersten Urlaub mit dem Zelt bestens vorbereitet! \u2013 Alles woran Sie denken m\u00fcssen \u2714","robots":{"index":"noindex","follow":"follow"},"og_locale":"de_DE","og_type":"article","og_title":"Checkliste f\u00fcr den Urlaub mit Zelt - Schlanser Magazin","og_description":"Mit der Checkliste aus dem Schlanser Magazin sind Sie auf Ihren ersten Urlaub mit dem Zelt bestens vorbereitet! \u2013 Alles woran Sie denken m\u00fcssen \u2714","og_url":"https:\/\/www.schlanser.ch\/magazin\/checkliste-urlaub-mit-zelt\/","og_site_name":"Schlanser Magazin","article_published_time":"2017-07-14T09:18:35+00:00","article_modified_time":"2024-01-10T13:43:47+00:00","og_image":[{"width":800,"height":533,"url":"https:\/\/www.schlanser.ch\/magazin\/wp-content\/uploads\/2017\/07\/Checkliste-fuer-den-Urlaub-mit-Zelt.jpg","type":"image\/jpeg"}],"author":"admin","twitter_card":"summary_large_image","twitter_misc":{"Verfasst von":"admin","Gesch\u00e4tzte Lesezeit":"11 Minuten"},"schema":{"@context":"https:\/\/schema.org","@graph":[{"@type":"WebPage","@id":"https:\/\/www.schlanser.ch\/magazin\/checkliste-urlaub-mit-zelt\/","url":"https:\/\/www.schlanser.ch\/magazin\/checkliste-urlaub-mit-zelt\/","name":"Checkliste f\u00fcr den Urlaub mit Zelt - Schlanser Magazin","isPartOf":{"@id":"https:\/\/www.schlanser.ch\/magazin\/#website"},"primaryImageOfPage":{"@id":"https:\/\/www.schlanser.ch\/magazin\/checkliste-urlaub-mit-zelt\/#primaryimage"},"image":{"@id":"https:\/\/www.schlanser.ch\/magazin\/checkliste-urlaub-mit-zelt\/#primaryimage"},"thumbnailUrl":"https:\/\/www.schlanser.ch\/magazin\/wp-content\/uploads\/2017\/07\/Checkliste-fuer-den-Urlaub-mit-Zelt.jpg","datePublished":"2017-07-14T09:18:35+00:00","dateModified":"2024-01-10T13:43:47+00:00","author":{"@id":"https:\/\/www.schlanser.ch\/magazin\/#\/schema\/person\/000db0a103eb2594ba3daf394b1dfea2"},"description":"Mit der Checkliste aus dem Schlanser Magazin sind Sie auf Ihren ersten Urlaub mit dem Zelt bestens vorbereitet! \u2013 Alles woran Sie denken m\u00fcssen \u2714","breadcrumb":{"@id":"https:\/\/www.schlanser.ch\/magazin\/checkliste-urlaub-mit-zelt\/#breadcrumb"},"inLanguage":"de-DE","potentialAction":[{"@type":"ReadAction","target":["https:\/\/www.schlanser.ch\/magazin\/checkliste-urlaub-mit-zelt\/"]}]},{"@type":"ImageObject","inLanguage":"de-DE","@id":"https:\/\/www.schlanser.ch\/magazin\/checkliste-urlaub-mit-zelt\/#primaryimage","url":"https:\/\/www.schlanser.ch\/magazin\/wp-content\/uploads\/2017\/07\/Checkliste-fuer-den-Urlaub-mit-Zelt.jpg","contentUrl":"https:\/\/www.schlanser.ch\/magazin\/wp-content\/uploads\/2017\/07\/Checkliste-fuer-den-Urlaub-mit-Zelt.jpg","width":800,"height":533,"caption":"\u00a9 jannoon028 \/ Fotolia.com"},{"@type":"BreadcrumbList","@id":"https:\/\/www.schlanser.ch\/magazin\/checkliste-urlaub-mit-zelt\/#breadcrumb","itemListElement":[{"@type":"ListItem","position":1,"name":"Startseite","item":"https:\/\/www.schlanser.ch\/magazin\/"},{"@type":"ListItem","position":2,"name":"Checkliste f\u00fcr den Urlaub mit Zelt"}]},{"@type":"WebSite","@id":"https:\/\/www.schlanser.ch\/magazin\/#website","url":"https:\/\/www.schlanser.ch\/magazin\/","name":"Schlanser Magazin","description":"","potentialAction":[{"@type":"SearchAction","target":{"@type":"EntryPoint","urlTemplate":"https:\/\/www.schlanser.ch\/magazin\/?s={search_term_string}"},"query-input":"required name=search_term_string"}],"inLanguage":"de-DE"},{"@type":"Person","@id":"https:\/\/www.schlanser.ch\/magazin\/#\/schema\/person\/000db0a103eb2594ba3daf394b1dfea2","name":"admin","image":{"@type":"ImageObject","inLanguage":"de-DE","@id":"https:\/\/www.schlanser.ch\/magazin\/#\/schema\/person\/image\/","url":"https:\/\/secure.gravatar.com\/avatar\/a794a4fe8a9b9c52241597eb381dfa2e?s=96&d=mm&r=g","contentUrl":"https:\/\/secure.gravatar.com\/avatar\/a794a4fe8a9b9c52241597eb381dfa2e?s=96&d=mm&r=g","caption":"admin"}}]}},"_links":{"self":[{"href":"https:\/\/www.schlanser.ch\/magazin\/wp-json\/wp\/v2\/posts\/2323"}],"collection":[{"href":"https:\/\/www.schlanser.ch\/magazin\/wp-json\/wp\/v2\/posts"}],"about":[{"href":"https:\/\/www.schlanser.ch\/magazin\/wp-json\/wp\/v2\/types\/post"}],"author":[{"embeddable":true,"href":"https:\/\/www.schlanser.ch\/magazin\/wp-json\/wp\/v2\/users\/1"}],"replies":[{"embeddable":true,"href":"https:\/\/www.schlanser.ch\/magazin\/wp-json\/wp\/v2\/comments?post=2323"}],"version-history":[{"count":82,"href":"https:\/\/www.schlanser.ch\/magazin\/wp-json\/wp\/v2\/posts\/2323\/revisions"}],"predecessor-version":[{"id":16860,"href":"https:\/\/www.schlanser.ch\/magazin\/wp-json\/wp\/v2\/posts\/2323\/revisions\/16860"}],"wp:featuredmedia":[{"embeddable":true,"href":"https:\/\/www.schlanser.ch\/magazin\/wp-json\/wp\/v2\/media\/2327"}],"wp:attachment":[{"href":"https:\/\/www.schlanser.ch\/magazin\/wp-json\/wp\/v2\/media?parent=2323"}],"wp:term":[{"taxonomy":"category","embeddable":true,"href":"https:\/\/www.schlanser.ch\/magazin\/wp-json\/wp\/v2\/categories?post=2323"},{"taxonomy":"post_tag","embeddable":true,"href":"https:\/\/www.schlanser.ch\/magazin\/wp-json\/wp\/v2\/tags?post=2323"}],"curies":[{"name":"wp","href":"https:\/\/api.w.org\/{rel}","templated":true}]}}