{"id":2501,"date":"2017-08-07T10:56:59","date_gmt":"2017-08-07T08:56:59","guid":{"rendered":"https:\/\/www.schlanser.ch\/magazin\/?p=2501"},"modified":"2024-01-10T14:44:02","modified_gmt":"2024-01-10T13:44:02","slug":"biwak-am-berg","status":"publish","type":"post","link":"https:\/\/www.schlanser.ch\/magazin\/biwak-am-berg\/","title":{"rendered":"Biwak am Berg"},"content":{"rendered":"<h2>\u00ab Tipps und Hilfen zur Ausr\u00fcstung \u00bb<\/h2>\n<p style=\"text-align: justify;\"><strong>Den <\/strong><strong>Rucksack<\/strong><strong> vom Haken nehmen, ein paar Kleinigkeiten hineinpacken, Bergschuhe anziehen und raus in das Wochenende: So einfach, doch romantisch kann ein Biwak Ausflug beginnen. Das Biwakieren am Berg ist dabei ein ganz spezielles Naturerlebnis. Damit Sie sich hundertprozentig auf die sch\u00f6ne Aussicht konzentrieren k\u00f6nnen, haben wir Ihnen einen Abriss zur Entstehung und im Anschluss ein paar Tipps zusammengestellt, was in der Biwak Ausr\u00fcstung auf keinen Fall fehlen darf.<\/strong><\/p>\n<h2>Ein unvergleichliches Naturerlebnis<\/h2>\n<p style=\"text-align: justify;\"><img loading=\"lazy\" decoding=\"async\" class=\"alignright wp-image-2503\" title=\"Mountain Guide Rucksack &quot;Quebec&quot; mit 32L Stauraum\" src=\"https:\/\/www.schlanser.ch\/magazin\/wp-content\/uploads\/2017\/08\/Mountain-Guide-Rucksack-Quebec-32L.jpg\" alt=\"Mountain Guide Rucksack Quebec 32L\" width=\"225\" height=\"225\" srcset=\"https:\/\/www.schlanser.ch\/magazin\/wp-content\/uploads\/2017\/08\/Mountain-Guide-Rucksack-Quebec-32L.jpg 300w, https:\/\/www.schlanser.ch\/magazin\/wp-content\/uploads\/2017\/08\/Mountain-Guide-Rucksack-Quebec-32L-150x150.jpg 150w\" sizes=\"(max-width: 225px) 100vw, 225px\" \/>In der heutigen Zeit versteht man unter dem Biwakieren das \u00dcbernachten unter freiem Himmel. F\u00fcr viele Naturliebhaber, Wanderer und Bergsteiger bedeutet das, sich ganz nah an der Natur von einem stressigen Alltag erholen zu k\u00f6nnen. Beim Biwak am Berg erleben Sie Ihre Umwelt nicht nur bei Tage, sondern k\u00f6nnen sie die ganze Nacht hindurch beobachten. Die Sonne geht unter. Die Sterne funkeln \u00fcber Ihnen. Sie sehen Tiere, die Sie tags\u00fcber nie zu Gesicht bekommen. Als Kr\u00f6nung des Ganzen erleben Sie den Sonnenaufgang in all seiner Langsamkeit und seinen leuchtenden Farben wohlig warm im Schlafsack liegend.<\/p>\n<p style=\"text-align: justify;\">Biwakieren ist allerdings nicht strikt auf ein obdachloses N\u00e4chtigen beschr\u00e4nkt. In manchen Gegenden oder auf einigen Wanderwegen gibt es eigens ausgezeichnete Biwak H\u00fctten, die oftmals zu einer Seite hin offen sind. Drei W\u00e4nde und ein Dach bieten besonders in den Bergen Schutz vor Wind und Wetter.<\/p>\n<blockquote>\n<p style=\"text-align: justify;\">Der Vorteil von Biwak gegen\u00fcber dem <a href=\"https:\/\/www.schlanser.ch\/zelte\/campingzelte\/\">Zelten<\/a> ist in jedem Fall, dass man sich das Gewicht des Zelts im Rucksack spart. Es reichen Schlafsack und Isomatte, um die Nacht bequem zu erleben.<\/p>\n<\/blockquote>\n<h2>Urspr\u00fcnglich war dieses Lager kein Freizeitspass<\/h2>\n<p><img loading=\"lazy\" decoding=\"async\" class=\"alignright wp-image-2509\" style=\"text-align: justify;\" title=\"Alubeschichtete Isomatte von Fritz Berger\" src=\"https:\/\/www.schlanser.ch\/magazin\/wp-content\/uploads\/2017\/08\/Isomatte-alubeschichtet.jpg\" alt=\"Isomatte alubeschichtet\" width=\"300\" height=\"300\" srcset=\"https:\/\/www.schlanser.ch\/magazin\/wp-content\/uploads\/2017\/08\/Isomatte-alubeschichtet.jpg 300w, https:\/\/www.schlanser.ch\/magazin\/wp-content\/uploads\/2017\/08\/Isomatte-alubeschichtet-150x150.jpg 150w\" sizes=\"(max-width: 300px) 100vw, 300px\" \/><\/p>\n<p style=\"text-align: justify;\">Eigentlich kommt das Prinzip des Biwakierens aus dem milit\u00e4rischen Metier. Der Ursprung des Begriffes liegt wohl im deutschen Wort &#8222;Beiwache&#8220;. Dies bezeichnete den Anteil der Soldaten, die vor den Stadtmauern auf freiem Feld lagern mussten. Da es dort keine festen Unterk\u00fcnfte gab, mussten sie sich mit Zelten behelfen oder direkt am Lagerfeuer schlafen. \u00dcber das Niederl\u00e4ndische &#8222;biwake&#8220; gelangte der Ausdruck schliesslich nach Frankreich. Dort wurde das &#8222;bivouac&#8220; bald allgemein f\u00fcr das Lagern von Soldaten im Freien angewendet.<\/p>\n<p style=\"text-align: justify;\">Letztendlich wanderte der Begriff wieder zur\u00fcck in das deutsche Milit\u00e4rwesen. Aufgrund der Wehrpflicht, durch die viele junge M\u00e4nner mit dem Biwak in Ber\u00fchrung kamen, wurde der Ausdruck allm\u00e4hlich in den zivilen Sprachgebrauch \u00fcbernommen. Hier fand er vorrangig bei den Bergsteigern Anwendung, die aufgrund des kleinen Gep\u00e4cks auf M\u00e4rschen in grosse H\u00f6hen h\u00e4ufig im Freien n\u00e4chtigen.<\/p>\n<h2><img loading=\"lazy\" decoding=\"async\" class=\"alignleft wp-image-2518 size-full\" title=\"Spiritus-Trockenbrennstoff-Kochset von Esbit\" src=\"https:\/\/www.schlanser.ch\/magazin\/wp-content\/uploads\/2017\/08\/Esbit-Spiritus-Trockenbrennstoff-Kochset.jpg\" alt=\"Esbit Spiritus-Trockenbrennstoff-Kochset\" width=\"300\" height=\"367\" srcset=\"https:\/\/www.schlanser.ch\/magazin\/wp-content\/uploads\/2017\/08\/Esbit-Spiritus-Trockenbrennstoff-Kochset.jpg 300w, https:\/\/www.schlanser.ch\/magazin\/wp-content\/uploads\/2017\/08\/Esbit-Spiritus-Trockenbrennstoff-Kochset-245x300.jpg 245w\" sizes=\"(max-width: 300px) 100vw, 300px\" \/>Spezielles Lagern am Berg<\/h2>\n<p style=\"text-align: justify;\">Im alpinen Bereich unterscheidet man zwei Formen des Biwakierens. Ein &#8222;Freiwilliges Biwak&#8220; ist vorher geplant. Meist ist es dann unumg\u00e4nglich, da das Tourenziel nicht an einem Tag zu erreichen ist. Entsprechend sind die Bergsteiger mit geeigneten \u00dcbernachtungs-Utensilien ausgestattet. Ausserdem haben sie einen Campingkocher und Lebensmittel dabei.<\/p>\n<p style=\"text-align: justify;\">In den k\u00fchlen Temperaturen am Berg ist eine warme Mahlzeit vom Campingkocher eine absolute Wohltat. Zur Biwak Ausr\u00fcstung geh\u00f6ren ausserdem Wechselkleidung, Hygieneartikel und eventuell ein Wasserfilter.<\/p>\n<p style=\"text-align: justify;\">Die 2. Form ist das Notbiwak. Da sich dieses aus der Situation ergibt, haben die betroffenen Bergsteiger in der Regel maximal einen Biwaksack, eine Notration an Essen und das allzeit begleitende Multitool dabei. So k\u00f6nnen Sie die Nacht nicht gerade luxuri\u00f6s, aber immerhin unbeschadet verbringen. Zu Notbiwaks kommt es entweder durch eine Verz\u00f6gerung auf der Tour oder einen Unfall. Ist einer der Bergsteiger verletzt, muss er m\u00f6glicherweise die Nacht am Berg verbringen. Grund daf\u00fcr k\u00f6nnen schlechte Witterung oder einbrechende Dunkelheit sein, die eine Rettungsaktion verhindern.<\/p>\n<p><img loading=\"lazy\" decoding=\"async\" class=\"aligncenter wp-image-2534 size-full\" title=\"Kartuschenkocher &quot;Lite Piezo&quot; von Primus \" src=\"https:\/\/www.schlanser.ch\/magazin\/wp-content\/uploads\/2017\/08\/Primus-Kartuschenkocher-Lite-Piezo.jpg\" alt=\"Primus Kartuschenkocher Lite Piezo\" width=\"600\" height=\"400\" srcset=\"https:\/\/www.schlanser.ch\/magazin\/wp-content\/uploads\/2017\/08\/Primus-Kartuschenkocher-Lite-Piezo.jpg 600w, https:\/\/www.schlanser.ch\/magazin\/wp-content\/uploads\/2017\/08\/Primus-Kartuschenkocher-Lite-Piezo-300x200.jpg 300w\" sizes=\"(max-width: 600px) 100vw, 600px\" \/><\/p>\n<p style=\"text-align: justify;\">In beiden F\u00e4llen suchen die Bergsteiger einen geeigneten Platz f\u00fcr ihr Biwak. Dieser zeichnet sich durch guten Wetterschutz aus. In schneereichen Gebieten muss auch die Sicherheit vor Lawinen ber\u00fccksichtigt werden. Bez\u00fcglich des Untergrunds ist eine ebene Fl\u00e4che wichtig. Auf leicht absch\u00fcssigem Gel\u00e4nde ist es beim \u00dcbernachten wichtig, immer mit dem Kopf oberhalb der F\u00fcsse zu schlafen. Sonst gibt es Kopfschmerzen.<\/p>\n<h2>Biwak Ausr\u00fcstung f\u00fcr das Nachtlager<\/h2>\n<p style=\"text-align: justify;\">Im bisherigen Abriss \u00fcber die Geschichte und Eigenheiten des Biwaks wurden bereits ein paar Gegenst\u00e4nde erw\u00e4hnt, die sich in der Ausr\u00fcstung befinden. Gerade am Berg erfordert das \u00dcbernachten im Freien einen warmen Schlafsack. Die beste Leistung bei wenig Gewicht bringen Mumienschlafs\u00e4cke mit Daunenf\u00fcllung. Anstelle des Zelts, empfiehlt es sich, einen wasserdichten Biwaksack mitzunehmen. Dieser hat etwa die Gr\u00f6sse des Schlafsacks, sch\u00fctzt aber vor Regen und Wind. Als Unterlage ist eine luftgef\u00fcllte Isomatte zu empfehlen. Auf dieser schlafen Sie sehr komfortabel und haben zugleich eine gute W\u00e4rmeisolation zum Boden hin.<\/p>\n<p><img loading=\"lazy\" decoding=\"async\" class=\"aligncenter wp-image-2523 size-full\" title=\"Mumienschlafsack &quot;Merlo&quot; von Mountain Guide\" src=\"https:\/\/www.schlanser.ch\/magazin\/wp-content\/uploads\/2017\/08\/Mumienschlafsack-Merlo.jpg\" alt=\"Mumienschlafsack Merlo\" width=\"600\" height=\"360\" srcset=\"https:\/\/www.schlanser.ch\/magazin\/wp-content\/uploads\/2017\/08\/Mumienschlafsack-Merlo.jpg 600w, https:\/\/www.schlanser.ch\/magazin\/wp-content\/uploads\/2017\/08\/Mumienschlafsack-Merlo-300x180.jpg 300w\" sizes=\"(max-width: 600px) 100vw, 600px\" \/><\/p>\n<p style=\"text-align: justify;\">Zum Kochen reicht ein einfacher Campingkocher. Selbst 4 Personen k\u00f6nnen auf einer Flamme in annehmbarer Zeit bekocht werden. Gaskocher haben sich hier aufgrund ihrer einfachen Handhabung bew\u00e4hrt. Vergewissern Sie sich vor Ihrer Tour, dass Sie ausreichend Brennstoff und Feuerzeuge sowie Streichh\u00f6lzer dabei haben. Zum Kochen selbst reicht ein einfacher Campingtopf aus Aluminium oder Edelstahl. F\u00fcr 4 Personen sollte er 2,5 l bis 3 l fassen. Pro Person sollten ein L\u00f6ffel, eine Tasse und ein scharfes Messer dabei sein. Das integrierte Messer im Multitool tut denselben Dienst. Eine Gabel braucht man nicht unbedingt. Zum Absp\u00fclen reichen ein paar Tropfen Sp\u00fclmittel und ein kleiner Schwamm. In den Bergen ist zwar es selten n\u00f6tig, doch haben Sie bei der Wasseraufbereitung die Wahl zwischen einem Filter oder Tabletten. Informieren Sie sich vorher, ob eins von beidem in Ihrem Zielgebiet sinnvoll ist. Neben einer normalen Trinkflasche, die mit warmem Wasser bef\u00fcllt eine W\u00e4rmflasche sein kann, versorgt Sie eine Thermosflasche mit heissem Tee, wenn der Campingkocher bereits verstaut ist.<\/p>\n<h2>Pers\u00f6nliche Ausstattung erg\u00e4nzt die Outdoor-Ausr\u00fcstung<\/h2>\n<p style=\"text-align: justify;\">Bei der Wechselkleidung sollten Sie pragmatisch aber nicht sparsam sein. In den Bergen kann nasse Kleidung zu verh\u00e4ngnisvollen Unterk\u00fchlungen f\u00fchren. Ausserdem w\u00e4rmen ein zus\u00e4tzlicher Pullover, eine lange Unterhose, M\u00fctze und Schal auch nachts im Schlafsack. Ansonsten d\u00fcrfen eine warme Softshelljacke mit Daunenf\u00fcllung sowie Regenkleidung nicht fehlen.<\/p>\n<figure id=\"attachment_2526\" aria-describedby=\"caption-attachment-2526\" style=\"width: 600px\" class=\"wp-caption aligncenter\"><img loading=\"lazy\" decoding=\"async\" class=\"wp-image-2526 size-full\" title=\"Passende Kleidung ist auf Bergtouren wichtig\" src=\"https:\/\/www.schlanser.ch\/magazin\/wp-content\/uploads\/2017\/08\/Richtige-Kleidung.jpg\" alt=\"Passende Kleidung ist auf Bergtouren wichtig\" width=\"600\" height=\"400\" srcset=\"https:\/\/www.schlanser.ch\/magazin\/wp-content\/uploads\/2017\/08\/Richtige-Kleidung.jpg 600w, https:\/\/www.schlanser.ch\/magazin\/wp-content\/uploads\/2017\/08\/Richtige-Kleidung-300x200.jpg 300w\" sizes=\"(max-width: 600px) 100vw, 600px\" \/><figcaption id=\"caption-attachment-2526\" class=\"wp-caption-text\">\u00a9 Everst \/ Fotolia.com<\/figcaption><\/figure>\n<p style=\"text-align: justify;\">Hinsichtlich Handschuhen kommt es auf die Jahreszeit und die H\u00f6he an, in der Sie unterwegs sind. Das Gleiche gilt f\u00fcr besondere Ausr\u00fcstungsgegenst\u00e4nde wie Gamaschen, Biwakschuhe, Schneeschuhe und Gletscherbrille. Nachts sorgt eine Stirnlampe f\u00fcr gute Sicht bei freien H\u00e4nden. Ersatzbatterien nicht vergessen! Eine Sonnenbrille sollte immer im Gep\u00e4ck sein. Ebenso Sonnencreme und bei w\u00e4rmeren Wetter ein M\u00fcckenschutzmittel. Sind Sie im Schnee unterwegs, k\u00f6nnen Sie sich mit einer Schneeschaufel eine kleine Schneeh\u00f6hle oder ein Iglu zum Biwakieren ausheben.<\/p>\n<p style=\"text-align: justify;\"><img loading=\"lazy\" decoding=\"async\" class=\"alignright wp-image-2528 size-full\" title=\"Fritz Berger &quot;Zapper Click&quot; gegen M\u00fcckenstiche\" src=\"https:\/\/www.schlanser.ch\/magazin\/wp-content\/uploads\/2017\/08\/Zapper-Click-gegen-M\u00fcckenstich.jpg\" alt=\"Zapper Click gegen M\u00fcckenstich\" width=\"300\" height=\"300\" srcset=\"https:\/\/www.schlanser.ch\/magazin\/wp-content\/uploads\/2017\/08\/Zapper-Click-gegen-M\u00fcckenstich.jpg 300w, https:\/\/www.schlanser.ch\/magazin\/wp-content\/uploads\/2017\/08\/Zapper-Click-gegen-M\u00fcckenstich-150x150.jpg 150w\" sizes=\"(max-width: 300px) 100vw, 300px\" \/>Wie auf jeder Bergtour geh\u00f6ren auch beim Biwak am Berg ordentliches Kartenmaterial, ein Kompass und\/oder ein GPS-Ger\u00e4t, gegebenenfalls ein Wanderf\u00fchrer und ein Erste-Hilfe-Pack in den Rucksack. Mit einem Multitool und starkem Tape k\u00f6nnen Sie sich aus vielen misslichen Lagen befreien. In Plastikt\u00fcten l\u00e4sst sich der Rucksackinhalt \u00fcbersichtlich und wassergesch\u00fctzt unterbringen. Eine leere T\u00fcte nimmt den anfallenden M\u00fcll auf. Die pers\u00f6nlichen Hygieneartikel k\u00f6nnen Sie auf ein absolutes Minimum reduzieren. Deo, Haarspray oder Make-Up sind absolut unn\u00f6tiges Gewicht.<\/p>\n<p style=\"text-align: justify;\">Nicht verzichten wollen Sie hingegen auf Klopapier. Dieses kann ausserdem zweckentfremdet als Taschentuch oder Serviette beim Essen benutzt werden.<\/p>\n","protected":false},"excerpt":{"rendered":"<p>\u00ab Tipps und Hilfen zur Ausr\u00fcstung \u00bb Den Rucksack vom Haken nehmen, ein paar Kleinigkeiten hineinpacken, Bergschuhe anziehen und raus in das Wochenende: So einfach, doch romantisch kann ein Biwak Ausflug beginnen. Das Biwakieren am Berg ist dabei ein ganz spezielles Naturerlebnis. Damit Sie sich hundertprozentig auf die sch\u00f6ne Aussicht konzentrieren k\u00f6nnen, haben wir Ihnen &hellip;<\/p>\n","protected":false},"author":1,"featured_media":2533,"comment_status":"closed","ping_status":"open","sticky":false,"template":"","format":"standard","meta":{"footnotes":""},"categories":[1],"tags":[348,351,347,350,25,349,352],"yoast_head":"<!-- This site is optimized with the Yoast SEO plugin v22.2 - https:\/\/yoast.com\/wordpress\/plugins\/seo\/ -->\n<title>Biwak am Berg - Schlanser Magazin<\/title>\n<meta name=\"description\" content=\"Biwakieren hat sich als Urlaubsform l\u00e4ngst etabliert! \u2013 Das Schlanser Magazin hilft bei der Wahl der Ausr\u00fcstung wenn es ums Biwak am Berg geht \u2714\" \/>\n<meta name=\"robots\" content=\"index, follow, max-snippet:-1, max-image-preview:large, max-video-preview:-1\" \/>\n<link rel=\"canonical\" href=\"https:\/\/www.schlanser.ch\/magazin\/biwak-am-berg\/\" \/>\n<meta property=\"og:locale\" content=\"de_DE\" \/>\n<meta property=\"og:type\" content=\"article\" \/>\n<meta property=\"og:title\" content=\"Biwak am Berg - Schlanser Magazin\" \/>\n<meta property=\"og:description\" content=\"Biwakieren hat sich als Urlaubsform l\u00e4ngst etabliert! \u2013 Das Schlanser Magazin hilft bei der Wahl der Ausr\u00fcstung wenn es ums Biwak am Berg geht \u2714\" \/>\n<meta property=\"og:url\" content=\"https:\/\/www.schlanser.ch\/magazin\/biwak-am-berg\/\" \/>\n<meta property=\"og:site_name\" content=\"Schlanser Magazin\" \/>\n<meta property=\"article:published_time\" content=\"2017-08-07T08:56:59+00:00\" \/>\n<meta property=\"article:modified_time\" content=\"2024-01-10T13:44:02+00:00\" \/>\n<meta property=\"og:image\" content=\"https:\/\/www.schlanser.ch\/magazin\/wp-content\/uploads\/2017\/08\/Biwak.jpg\" \/>\n\t<meta property=\"og:image:width\" content=\"660\" \/>\n\t<meta property=\"og:image:height\" content=\"441\" \/>\n\t<meta property=\"og:image:type\" content=\"image\/jpeg\" \/>\n<meta name=\"author\" content=\"admin\" \/>\n<meta name=\"twitter:card\" content=\"summary_large_image\" \/>\n<meta name=\"twitter:label1\" content=\"Verfasst von\" \/>\n\t<meta name=\"twitter:data1\" content=\"admin\" \/>\n\t<meta name=\"twitter:label2\" content=\"Gesch\u00e4tzte Lesezeit\" \/>\n\t<meta name=\"twitter:data2\" content=\"6 Minuten\" \/>\n<script type=\"application\/ld+json\" class=\"yoast-schema-graph\">{\"@context\":\"https:\/\/schema.org\",\"@graph\":[{\"@type\":\"WebPage\",\"@id\":\"https:\/\/www.schlanser.ch\/magazin\/biwak-am-berg\/\",\"url\":\"https:\/\/www.schlanser.ch\/magazin\/biwak-am-berg\/\",\"name\":\"Biwak am Berg - Schlanser Magazin\",\"isPartOf\":{\"@id\":\"https:\/\/www.schlanser.ch\/magazin\/#website\"},\"primaryImageOfPage\":{\"@id\":\"https:\/\/www.schlanser.ch\/magazin\/biwak-am-berg\/#primaryimage\"},\"image\":{\"@id\":\"https:\/\/www.schlanser.ch\/magazin\/biwak-am-berg\/#primaryimage\"},\"thumbnailUrl\":\"https:\/\/www.schlanser.ch\/magazin\/wp-content\/uploads\/2017\/08\/Biwak.jpg\",\"datePublished\":\"2017-08-07T08:56:59+00:00\",\"dateModified\":\"2024-01-10T13:44:02+00:00\",\"author\":{\"@id\":\"https:\/\/www.schlanser.ch\/magazin\/#\/schema\/person\/000db0a103eb2594ba3daf394b1dfea2\"},\"description\":\"Biwakieren hat sich als Urlaubsform l\u00e4ngst etabliert! \u2013 Das Schlanser Magazin hilft bei der Wahl der Ausr\u00fcstung wenn es ums Biwak am Berg geht \u2714\",\"breadcrumb\":{\"@id\":\"https:\/\/www.schlanser.ch\/magazin\/biwak-am-berg\/#breadcrumb\"},\"inLanguage\":\"de-DE\",\"potentialAction\":[{\"@type\":\"ReadAction\",\"target\":[\"https:\/\/www.schlanser.ch\/magazin\/biwak-am-berg\/\"]}]},{\"@type\":\"ImageObject\",\"inLanguage\":\"de-DE\",\"@id\":\"https:\/\/www.schlanser.ch\/magazin\/biwak-am-berg\/#primaryimage\",\"url\":\"https:\/\/www.schlanser.ch\/magazin\/wp-content\/uploads\/2017\/08\/Biwak.jpg\",\"contentUrl\":\"https:\/\/www.schlanser.ch\/magazin\/wp-content\/uploads\/2017\/08\/Biwak.jpg\",\"width\":660,\"height\":441,\"caption\":\"\u00a9 XtravaganT \/ Fotolia.com\"},{\"@type\":\"BreadcrumbList\",\"@id\":\"https:\/\/www.schlanser.ch\/magazin\/biwak-am-berg\/#breadcrumb\",\"itemListElement\":[{\"@type\":\"ListItem\",\"position\":1,\"name\":\"Startseite\",\"item\":\"https:\/\/www.schlanser.ch\/magazin\/\"},{\"@type\":\"ListItem\",\"position\":2,\"name\":\"Biwak am Berg\"}]},{\"@type\":\"WebSite\",\"@id\":\"https:\/\/www.schlanser.ch\/magazin\/#website\",\"url\":\"https:\/\/www.schlanser.ch\/magazin\/\",\"name\":\"Schlanser Magazin\",\"description\":\"\",\"potentialAction\":[{\"@type\":\"SearchAction\",\"target\":{\"@type\":\"EntryPoint\",\"urlTemplate\":\"https:\/\/www.schlanser.ch\/magazin\/?s={search_term_string}\"},\"query-input\":\"required name=search_term_string\"}],\"inLanguage\":\"de-DE\"},{\"@type\":\"Person\",\"@id\":\"https:\/\/www.schlanser.ch\/magazin\/#\/schema\/person\/000db0a103eb2594ba3daf394b1dfea2\",\"name\":\"admin\",\"image\":{\"@type\":\"ImageObject\",\"inLanguage\":\"de-DE\",\"@id\":\"https:\/\/www.schlanser.ch\/magazin\/#\/schema\/person\/image\/\",\"url\":\"https:\/\/secure.gravatar.com\/avatar\/a794a4fe8a9b9c52241597eb381dfa2e?s=96&d=mm&r=g\",\"contentUrl\":\"https:\/\/secure.gravatar.com\/avatar\/a794a4fe8a9b9c52241597eb381dfa2e?s=96&d=mm&r=g\",\"caption\":\"admin\"}}]}<\/script>\n<!-- \/ Yoast SEO plugin. -->","yoast_head_json":{"title":"Biwak am Berg - Schlanser Magazin","description":"Biwakieren hat sich als Urlaubsform l\u00e4ngst etabliert! \u2013 Das Schlanser Magazin hilft bei der Wahl der Ausr\u00fcstung wenn es ums Biwak am Berg geht \u2714","robots":{"index":"index","follow":"follow","max-snippet":"max-snippet:-1","max-image-preview":"max-image-preview:large","max-video-preview":"max-video-preview:-1"},"canonical":"https:\/\/www.schlanser.ch\/magazin\/biwak-am-berg\/","og_locale":"de_DE","og_type":"article","og_title":"Biwak am Berg - Schlanser Magazin","og_description":"Biwakieren hat sich als Urlaubsform l\u00e4ngst etabliert! \u2013 Das Schlanser Magazin hilft bei der Wahl der Ausr\u00fcstung wenn es ums Biwak am Berg geht \u2714","og_url":"https:\/\/www.schlanser.ch\/magazin\/biwak-am-berg\/","og_site_name":"Schlanser Magazin","article_published_time":"2017-08-07T08:56:59+00:00","article_modified_time":"2024-01-10T13:44:02+00:00","og_image":[{"width":660,"height":441,"url":"https:\/\/www.schlanser.ch\/magazin\/wp-content\/uploads\/2017\/08\/Biwak.jpg","type":"image\/jpeg"}],"author":"admin","twitter_card":"summary_large_image","twitter_misc":{"Verfasst von":"admin","Gesch\u00e4tzte Lesezeit":"6 Minuten"},"schema":{"@context":"https:\/\/schema.org","@graph":[{"@type":"WebPage","@id":"https:\/\/www.schlanser.ch\/magazin\/biwak-am-berg\/","url":"https:\/\/www.schlanser.ch\/magazin\/biwak-am-berg\/","name":"Biwak am Berg - Schlanser Magazin","isPartOf":{"@id":"https:\/\/www.schlanser.ch\/magazin\/#website"},"primaryImageOfPage":{"@id":"https:\/\/www.schlanser.ch\/magazin\/biwak-am-berg\/#primaryimage"},"image":{"@id":"https:\/\/www.schlanser.ch\/magazin\/biwak-am-berg\/#primaryimage"},"thumbnailUrl":"https:\/\/www.schlanser.ch\/magazin\/wp-content\/uploads\/2017\/08\/Biwak.jpg","datePublished":"2017-08-07T08:56:59+00:00","dateModified":"2024-01-10T13:44:02+00:00","author":{"@id":"https:\/\/www.schlanser.ch\/magazin\/#\/schema\/person\/000db0a103eb2594ba3daf394b1dfea2"},"description":"Biwakieren hat sich als Urlaubsform l\u00e4ngst etabliert! \u2013 Das Schlanser Magazin hilft bei der Wahl der Ausr\u00fcstung wenn es ums Biwak am Berg geht \u2714","breadcrumb":{"@id":"https:\/\/www.schlanser.ch\/magazin\/biwak-am-berg\/#breadcrumb"},"inLanguage":"de-DE","potentialAction":[{"@type":"ReadAction","target":["https:\/\/www.schlanser.ch\/magazin\/biwak-am-berg\/"]}]},{"@type":"ImageObject","inLanguage":"de-DE","@id":"https:\/\/www.schlanser.ch\/magazin\/biwak-am-berg\/#primaryimage","url":"https:\/\/www.schlanser.ch\/magazin\/wp-content\/uploads\/2017\/08\/Biwak.jpg","contentUrl":"https:\/\/www.schlanser.ch\/magazin\/wp-content\/uploads\/2017\/08\/Biwak.jpg","width":660,"height":441,"caption":"\u00a9 XtravaganT \/ Fotolia.com"},{"@type":"BreadcrumbList","@id":"https:\/\/www.schlanser.ch\/magazin\/biwak-am-berg\/#breadcrumb","itemListElement":[{"@type":"ListItem","position":1,"name":"Startseite","item":"https:\/\/www.schlanser.ch\/magazin\/"},{"@type":"ListItem","position":2,"name":"Biwak am Berg"}]},{"@type":"WebSite","@id":"https:\/\/www.schlanser.ch\/magazin\/#website","url":"https:\/\/www.schlanser.ch\/magazin\/","name":"Schlanser Magazin","description":"","potentialAction":[{"@type":"SearchAction","target":{"@type":"EntryPoint","urlTemplate":"https:\/\/www.schlanser.ch\/magazin\/?s={search_term_string}"},"query-input":"required name=search_term_string"}],"inLanguage":"de-DE"},{"@type":"Person","@id":"https:\/\/www.schlanser.ch\/magazin\/#\/schema\/person\/000db0a103eb2594ba3daf394b1dfea2","name":"admin","image":{"@type":"ImageObject","inLanguage":"de-DE","@id":"https:\/\/www.schlanser.ch\/magazin\/#\/schema\/person\/image\/","url":"https:\/\/secure.gravatar.com\/avatar\/a794a4fe8a9b9c52241597eb381dfa2e?s=96&d=mm&r=g","contentUrl":"https:\/\/secure.gravatar.com\/avatar\/a794a4fe8a9b9c52241597eb381dfa2e?s=96&d=mm&r=g","caption":"admin"}}]}},"_links":{"self":[{"href":"https:\/\/www.schlanser.ch\/magazin\/wp-json\/wp\/v2\/posts\/2501"}],"collection":[{"href":"https:\/\/www.schlanser.ch\/magazin\/wp-json\/wp\/v2\/posts"}],"about":[{"href":"https:\/\/www.schlanser.ch\/magazin\/wp-json\/wp\/v2\/types\/post"}],"author":[{"embeddable":true,"href":"https:\/\/www.schlanser.ch\/magazin\/wp-json\/wp\/v2\/users\/1"}],"replies":[{"embeddable":true,"href":"https:\/\/www.schlanser.ch\/magazin\/wp-json\/wp\/v2\/comments?post=2501"}],"version-history":[{"count":37,"href":"https:\/\/www.schlanser.ch\/magazin\/wp-json\/wp\/v2\/posts\/2501\/revisions"}],"predecessor-version":[{"id":16872,"href":"https:\/\/www.schlanser.ch\/magazin\/wp-json\/wp\/v2\/posts\/2501\/revisions\/16872"}],"wp:featuredmedia":[{"embeddable":true,"href":"https:\/\/www.schlanser.ch\/magazin\/wp-json\/wp\/v2\/media\/2533"}],"wp:attachment":[{"href":"https:\/\/www.schlanser.ch\/magazin\/wp-json\/wp\/v2\/media?parent=2501"}],"wp:term":[{"taxonomy":"category","embeddable":true,"href":"https:\/\/www.schlanser.ch\/magazin\/wp-json\/wp\/v2\/categories?post=2501"},{"taxonomy":"post_tag","embeddable":true,"href":"https:\/\/www.schlanser.ch\/magazin\/wp-json\/wp\/v2\/tags?post=2501"}],"curies":[{"name":"wp","href":"https:\/\/api.w.org\/{rel}","templated":true}]}}