{"id":2645,"date":"2017-08-30T16:38:55","date_gmt":"2017-08-30T14:38:55","guid":{"rendered":"https:\/\/www.schlanser.ch\/magazin\/?p=2645"},"modified":"2023-01-10T13:08:20","modified_gmt":"2023-01-10T12:08:20","slug":"mit-dem-zelt-durch-deutschland","status":"publish","type":"post","link":"https:\/\/www.schlanser.ch\/magazin\/mit-dem-zelt-durch-deutschland\/","title":{"rendered":"Nur mit dem Zelt durch Deutschland"},"content":{"rendered":"<h2>\u00ab Historische Orte, wundersch\u00f6ne Landschaften und Camping entlang des Jakobsweges \u00bb<\/h2>\n<p style=\"text-align: justify;\"><strong>Warum in die Ferne schweifen, wenn das Gute liegt so nah? Lange Fl\u00fcge nach Thailand, Nepal oder die Karibik sind nicht n\u00f6tig, wenn sie die vielen sch\u00f6nen Orte und Landschaften Mitteleuropas direkt in Ihrer N\u00e4he haben. Nirgendwo auf der Welt kann man sich unbesorgter auf einen kleinen Camping-Abenteuertrip nur mit <\/strong><a href=\"https:\/\/www.schlanser.ch\/zelte\/campingzelte\/\"><strong>Zelt<\/strong><\/a><strong> und Velo machen als hier. Wir zeigen Ihnen exemplarisch an einer wundersch\u00f6nen Route, wie vielf\u00e4ltig alleine Camping in S\u00fcddeutschland sein kann.<\/strong><\/p>\n<h2>Mit dem Zelt durch Deutschland<\/h2>\n<p style=\"text-align: justify;\">Wie in den meisten europ\u00e4ischen L\u00e4ndern ist auch in Deutschland das Camping in der Wildnis nicht erlaubt. Wenn Sie also nur mit dem Zelt durch Deutschland ziehen m\u00f6chten, sollten Sie vorab eine Route mit geeigneten \u00dcbernachtungsm\u00f6glichkeiten planen. Sicherlich besteht immer die M\u00f6glichkeit, auf privaten Grundst\u00fccken zu n\u00e4chtigen. Gerade, wenn Sie ohne Fahrzeug unterwegs sind, sind die Leute sehr aufgeschlossen und hilfsbereit. Wundern Sie sich also nicht, wenn Sie auf die Frage nach einem Platz f\u00fcr Ihr Zelt gleich noch ein leckeres Abendessen mit dazubekommen.<\/p>\n<p><img loading=\"lazy\" decoding=\"async\" class=\"aligncenter wp-image-2654 size-full\" title=\"Wurfzelt &quot;Calgary 4&quot; von Fritz Berger\" src=\"https:\/\/www.schlanser.ch\/magazin\/wp-content\/uploads\/2017\/08\/Berger-Wurfzelt-Calgary-4.jpg\" alt=\"Berger Wurfzelt Calgary 4\" width=\"600\" height=\"375\" srcset=\"https:\/\/www.schlanser.ch\/magazin\/wp-content\/uploads\/2017\/08\/Berger-Wurfzelt-Calgary-4.jpg 600w, https:\/\/www.schlanser.ch\/magazin\/wp-content\/uploads\/2017\/08\/Berger-Wurfzelt-Calgary-4-300x188.jpg 300w\" sizes=\"(max-width: 600px) 100vw, 600px\" \/><\/p>\n<p style=\"text-align: justify;\">Ansonsten kommen Sie gut mit dem Zelt durch Deutschland, wenn Sie sich unauff\u00e4llig verhalten. Schlagen Sie an abgelegenen Orten erst bei Einbruch der Dunkelheit Ihr Lager auf, vermeiden Sie offenes Feuer und hinterlassen keinen M\u00fcll, dann wird Zelten auch abseits vom Campingplatz meist toleriert. Eine Garantie gibt es allerdings nicht. In einer rechtlichen Grauzone befinden Sie sich beim Biwakieren. N\u00e4chtigen Sie bei gutem Wetter nur mit dem Schlafsack, kann Sie kaum jemand belangen. Sicherer und entspannter ist es allerdings, einen Zeltplatz aufzusuchen. Diese sind oft naturnah angelegt und machen Ihren Urlaub in Deutschland zu einer erholsamen Zeit.<\/p>\n<h2>Auf den Spuren der Jakobspilger<\/h2>\n<p style=\"text-align: justify;\">Als Beispiel f\u00fcr einen Urlaub mit dem Zelt durch Deutschland haben wir f\u00fcr Sie ein St\u00fcck des ber\u00fchmten Jakobswegs ausgesucht. Doch laufen wir ihn nicht klassisch zu Fuss, sondern befahren ihn mit dem Velo. F\u00fcr besonders sch\u00f6ne Orte oder einen h\u00fcbschen Zeltplatz biegen wir des \u00d6fteren vom Weg ab. Diese Streckenf\u00fchrung werden Sie so sicherlich in keinem klassischen Routenplaner f\u00fcr Deutschland finden.<\/p>\n<figure id=\"attachment_2655\" aria-describedby=\"caption-attachment-2655\" style=\"width: 600px\" class=\"wp-caption aligncenter\"><img loading=\"lazy\" decoding=\"async\" class=\"wp-image-2655 size-full\" title=\"Mit dem Velo durch S\u00fcddeutschland\" src=\"https:\/\/www.schlanser.ch\/magazin\/wp-content\/uploads\/2017\/08\/Rad-Tour.jpg\" alt=\"Mit dem Velo durch S\u00fcddeutschland\" width=\"600\" height=\"399\" srcset=\"https:\/\/www.schlanser.ch\/magazin\/wp-content\/uploads\/2017\/08\/Rad-Tour.jpg 600w, https:\/\/www.schlanser.ch\/magazin\/wp-content\/uploads\/2017\/08\/Rad-Tour-300x200.jpg 300w, https:\/\/www.schlanser.ch\/magazin\/wp-content\/uploads\/2017\/08\/Rad-Tour-310x205.jpg 310w\" sizes=\"(max-width: 600px) 100vw, 600px\" \/><figcaption id=\"caption-attachment-2655\" class=\"wp-caption-text\">\u00a9 ARochau \/ Fotolia.com<\/figcaption><\/figure>\n<p style=\"text-align: justify;\">Die Strecke ist mit An- und Abreisetag auf einen 10-t\u00e4gigen Aktivurlaub angelegt. Es lassen sich einzelne Abschnitte f\u00fcr eine Wochenendreise oder eine einw\u00f6chige Fahrradtour herausnehmen. Diese Tour f\u00fchrt Sie durch historisch bedeutsame St\u00e4dte wie N\u00fcrnberg und Ulm, durch pittoreske Orte wie Rothenburg ob der Tauber und Biberach an der Riss sowie durch wundersch\u00f6ne Landschaften wie das Romantische Franken. Die einzelnen Etappen sind recht kurz gehalten, sodass Ihnen unterwegs und vor Ort genug Zeit bleibt, um sich umzusehen. Sie werden staunen, was man in so kurzer Zeit beim Camping in S\u00fcddeutschland alles erleben kann.<\/p>\n<h2>Von N\u00fcrnberg nach Rothenburg<\/h2>\n<p style=\"text-align: justify;\">Die Anreise erfolgt mit dem Zug nach N\u00fcrnberg. Falls Sie geschichtlich interessiert sind, sollten Sie f\u00fcr diese Stadt einen Extra-Tag einplanen. Ansonsten st\u00fcrzen Sie sich gleich ins Abenteuer &#8222;Urlaub in Deutschland&#8220; und verlassen die Stadt in s\u00fcdlicher Richtung nach Stein. Dort treffen Sie im Ortsteil Deutenbach auf Ihren Wegweiser: eine gelbe Jakobsmuschel auf blauem Untergrund. Diesem Symbol folgen Sie heute bis R\u00f6shof. Auf flachen Wegen geht es durch die wundersch\u00f6ne Landschaft des romantischen Frankens. In R\u00f6shof m\u00fcssen Sie den Jakobsweg Richtung Norden verlassen. Nur ca. 6 km abseits findet sich der Campingplatz Sonnensee bei Kettenh\u00f6fstetten. Das Camping erleben Sie sehr naturnah zwischen B\u00e4umen und Wasser.<\/p>\n<figure id=\"attachment_2646\" aria-describedby=\"caption-attachment-2646\" style=\"width: 600px\" class=\"wp-caption aligncenter\"><img loading=\"lazy\" decoding=\"async\" class=\"wp-image-2646 size-full\" title=\"Das romantische Taubertal\" src=\"https:\/\/www.schlanser.ch\/magazin\/wp-content\/uploads\/2017\/08\/Fr\u00e4nkisches-Taubertal.jpg\" alt=\"Das romantische Taubertal\" width=\"600\" height=\"401\" srcset=\"https:\/\/www.schlanser.ch\/magazin\/wp-content\/uploads\/2017\/08\/Fr\u00e4nkisches-Taubertal.jpg 600w, https:\/\/www.schlanser.ch\/magazin\/wp-content\/uploads\/2017\/08\/Fr\u00e4nkisches-Taubertal-300x201.jpg 300w, https:\/\/www.schlanser.ch\/magazin\/wp-content\/uploads\/2017\/08\/Fr\u00e4nkisches-Taubertal-110x75.jpg 110w\" sizes=\"(max-width: 600px) 100vw, 600px\" \/><figcaption id=\"caption-attachment-2646\" class=\"wp-caption-text\">\u00a9 zauberblicke \/ Fotolia.com<\/figcaption><\/figure>\n<p style=\"text-align: justify;\">Am Folgetag geht es weiter in das ber\u00fchmte Rothenburg ob der Tauber. Die malerische Fachwerkstadt ist ein absolutes Highlight. Zum \u00dcbernachten empfehlen wir einen Zeltplatz etwa 15 km \u00f6stlich der Stadt in Naicha. Hierbei handelt es sich nicht um einen herk\u00f6mmlichen Campingplatz, sondern um einen ganzen Bauernhof, den \u00d6koferienhof Retzbach. So k\u00f6nnen Sie zum Einschlafen nach dem langen Tag noch eine Ziege streicheln oder Sie helfen morgens, die Fr\u00fchst\u00fccksmilch von der Kuh zu zapfen!<\/p>\n<h2>Von Rothenburg nach Ulm<\/h2>\n<p style=\"text-align: justify;\">Nach einer entspannten Nacht schl\u00e4ngeln Sie sich \u00fcber Landstrassen zur\u00fcck auf den Jakobsweg. Kurz bevor Sie die A6 kreuzen, biegen Sie in Wallhausen ab. Ihr Ziel ist heute der Naturcampingplatz in Braunsbach am Kocher. Das St\u00e4dtchen betrachtet sich selbst als die Perle des Kochertals und l\u00e4dt zu einem ausgedehnten Stadtspaziergang ein. Vielleicht sind die Glieder schon etwas schwer von den Tagen auf dem Fahrrad, doch so schl\u00e4ft es sich umso besser auf einer gem\u00fctlichen, aufblasbaren Isomatte im kuscheligen Schlafsack.<\/p>\n<p style=\"text-align: justify;\">Am n\u00e4chsten Tag k\u00f6nnen Sie ausgeruht wieder das Rad besteigen. Heute ist der 4. Tag Ihrer Radtour. Zur\u00fcck auf der beschilderten Jakobsweg-Route fahren Sie weiter gen S\u00fcden. Das Ziel der Tagesetappe liegt in der N\u00e4he von B\u00f6bingen. Verlassen Sie in Wallhausen den ausgeschilderten Weg in Richtung Osten nach Essingen. Der Ort ist leicht zu erkennen, da er auf der h\u00f6chsten Erhebung der ganzen Region liegt. Das macht den \u00f6rtlichen Campingplatz Hirtenteich auch so reizvoll: Sie geniessen beim Camping eine wundersch\u00f6ne Aussicht mit einem herrlichen Sonnenuntergang als Kr\u00f6nung.<\/p>\n<figure id=\"attachment_2647\" aria-describedby=\"caption-attachment-2647\" style=\"width: 600px\" class=\"wp-caption aligncenter\"><img loading=\"lazy\" decoding=\"async\" class=\"wp-image-2647 size-full\" title=\"Die malerische Altstadt von Ulm mit dem gr\u00f6\u00dften Kirchturm der Welt am Ulmer Dom\" src=\"https:\/\/www.schlanser.ch\/magazin\/wp-content\/uploads\/2017\/08\/Ulm.jpg\" alt=\"Die malerische Altstadt von Ulm mit dem gr\u00f6\u00dften Kirchturm der Welt am Ulmer Dom\" width=\"600\" height=\"400\" srcset=\"https:\/\/www.schlanser.ch\/magazin\/wp-content\/uploads\/2017\/08\/Ulm.jpg 600w, https:\/\/www.schlanser.ch\/magazin\/wp-content\/uploads\/2017\/08\/Ulm-300x200.jpg 300w\" sizes=\"(max-width: 600px) 100vw, 600px\" \/><figcaption id=\"caption-attachment-2647\" class=\"wp-caption-text\">\u00a9 M. Sch\u00f6nfeld \/ Fotolia.com<\/figcaption><\/figure>\n<p style=\"text-align: justify;\">Am folgenden Tag lohnt es sich einen Abstecher zur Burgruine Rosenstein zu machen, die direkt neben Ihrem R\u00fcckweg zum Jakobsweg liegt. Heute f\u00fchrt Sie Ihr Urlaub in Deutschland in die historische Stadt Ulm, die f\u00fcr ihr M\u00fcnster mit dem h\u00f6chsten Kirchturm der Welt ber\u00fchmt ist. Wenn Sie den Nachmittag gerne in den kleinen Gassen an der Donau verbringen m\u00f6chten, k\u00f6nnen Sie auf dem Zeltplatz der Kanufahrer direkt in der Stadt unterkommen. Ansonsten empfehlen wir die \u00dcbernachtung etwas s\u00fcdlich der Stadt auf dem Zeltplatz in Ersingen.<\/p>\n<h2>Von Ulm nach Konstanz<\/h2>\n<p style=\"text-align: justify;\">Haben Sie nur eine Woche Zeit, k\u00f6nnen Sie Ihre Fahrradtour in Ulm beenden. Die Stadt verf\u00fcgt \u00fcber eine gute Bahnanbindung. Ansonsten verlassen Sie die Stadt Richtung S\u00fcden weiter der Jakobsmuschel folgend. Haben Sie sich f\u00fcr den Campingplatz in Ersingen beim Gasthaus Hirsch entschieden, starten Sie mit etwas Vorsprung in den heutigen Tag. Sie werden erstaunt sein, wie bald man die Alpen am Horizont sehen kann. Die heutige Etappe f\u00fchrt sie nach Steinhausen. Dieser Ort liegt direkt am Weg, nicht zuletzt wegen seiner ber\u00fchmten Wallfahrtskirche \u201eUnserer Lieben Frau\u201c. Mit etwas Gl\u00fcck findet eine Orgelprobe statt, deren Kl\u00e4nge sanft bis zum Campingplatz am Bauernhof hin\u00fcberschallen.<\/p>\n<figure id=\"attachment_2651\" aria-describedby=\"caption-attachment-2651\" style=\"width: 600px\" class=\"wp-caption aligncenter\"><img loading=\"lazy\" decoding=\"async\" class=\"wp-image-2651 size-full\" title=\"Der Bodensee bei Sonnenuntergang\" src=\"https:\/\/www.schlanser.ch\/magazin\/wp-content\/uploads\/2017\/08\/Bodensee-bei-Sonnenuntergang.jpg\" alt=\"Der Bodensee bei Sonnenuntergang\" width=\"600\" height=\"265\" srcset=\"https:\/\/www.schlanser.ch\/magazin\/wp-content\/uploads\/2017\/08\/Bodensee-bei-Sonnenuntergang.jpg 600w, https:\/\/www.schlanser.ch\/magazin\/wp-content\/uploads\/2017\/08\/Bodensee-bei-Sonnenuntergang-300x133.jpg 300w\" sizes=\"(max-width: 600px) 100vw, 600px\" \/><figcaption id=\"caption-attachment-2651\" class=\"wp-caption-text\">\u00a9 M. Sch\u00f6nfeld \/ Fotolia.com<\/figcaption><\/figure>\n<p style=\"text-align: justify;\">Auf der vorletzten Etappe bietet Ihnen das sanfte Auf und Ab fast im Minutentakt neue sch\u00f6ne Aussichten. Die letzte Nacht verbringen Sie auf Wolfgangs Naturcampingwiese bei Markdorf. Sind Sie das Zelten inzwischen Leid, k\u00f6nnen Sie die letzte Nacht auch in einem Holztippi verbringen. Der Zeltplatz ist sehr naturnah angelegt und bietet einen wundersch\u00f6nen Blick auf den Bodensee. Mit ein wenig Gl\u00fcck wird Ihnen Wolfgang abends am Lagerfeuer selbst Gesellschaft leisten und Geschichten aus seinem bewegten Leben erz\u00e4hlen.<\/p>\n<p style=\"text-align: justify;\">An Ihrem letzten Campingtag in S\u00fcddeutschland k\u00f6nnen Sie sich ganz entspannt zum Bodensee hinunterrollen lassen. In Meersburg lassen Sie die Stadt auf sich wirken oder machen einen Abstecher zu den Pfahlbauten. Ansonsten f\u00e4hrt von hier eine F\u00e4hre nach Konstanz, das direkt an der Grenze von Deutschland und der Schweiz liegt.<\/p>\n","protected":false},"excerpt":{"rendered":"<p>\u00ab Historische Orte, wundersch\u00f6ne Landschaften und Camping entlang des Jakobsweges \u00bb Warum in die Ferne schweifen, wenn das Gute liegt so nah? Lange Fl\u00fcge nach Thailand, Nepal oder die Karibik sind nicht n\u00f6tig, wenn sie die vielen sch\u00f6nen Orte und Landschaften Mitteleuropas direkt in Ihrer N\u00e4he haben. Nirgendwo auf der Welt kann man sich unbesorgter &hellip;<\/p>\n","protected":false},"author":1,"featured_media":2656,"comment_status":"closed","ping_status":"open","sticky":false,"template":"","format":"standard","meta":{"footnotes":""},"categories":[2],"tags":[370,34,288,373,369,372,371],"yoast_head":"<!-- This site is optimized with the Yoast SEO plugin v22.2 - https:\/\/yoast.com\/wordpress\/plugins\/seo\/ -->\n<title>Nur mit dem Zelt durch Deutschland - Schlanser Magazin<\/title>\n<meta name=\"description\" content=\"Sie m\u00f6chten nur mit dem Zelt durch Deutschland? Das Schlanser Magazin zeigt Ihnen die sch\u00f6nste Reiseroute f\u00fcr Camping in S\u00fcddeutschland \u2714\" \/>\n<meta name=\"robots\" content=\"noindex, follow\" \/>\n<meta property=\"og:locale\" content=\"de_DE\" \/>\n<meta property=\"og:type\" content=\"article\" \/>\n<meta property=\"og:title\" content=\"Nur mit dem Zelt durch Deutschland - Schlanser Magazin\" \/>\n<meta property=\"og:description\" content=\"Sie m\u00f6chten nur mit dem Zelt durch Deutschland? Das Schlanser Magazin zeigt Ihnen die sch\u00f6nste Reiseroute f\u00fcr Camping in S\u00fcddeutschland \u2714\" \/>\n<meta property=\"og:url\" content=\"https:\/\/www.schlanser.ch\/magazin\/mit-dem-zelt-durch-deutschland\/\" \/>\n<meta property=\"og:site_name\" content=\"Schlanser Magazin\" \/>\n<meta property=\"article:published_time\" content=\"2017-08-30T14:38:55+00:00\" \/>\n<meta property=\"article:modified_time\" content=\"2023-01-10T12:08:20+00:00\" \/>\n<meta property=\"og:image\" content=\"https:\/\/www.schlanser.ch\/magazin\/wp-content\/uploads\/2017\/08\/Mit-dem-Zelt-durch-Deutschland.jpg\" \/>\n\t<meta property=\"og:image:width\" content=\"660\" \/>\n\t<meta property=\"og:image:height\" content=\"440\" \/>\n\t<meta property=\"og:image:type\" content=\"image\/jpeg\" \/>\n<meta name=\"author\" content=\"admin\" \/>\n<meta name=\"twitter:card\" content=\"summary_large_image\" \/>\n<meta name=\"twitter:label1\" content=\"Verfasst von\" \/>\n\t<meta name=\"twitter:data1\" content=\"admin\" \/>\n\t<meta name=\"twitter:label2\" content=\"Gesch\u00e4tzte Lesezeit\" \/>\n\t<meta name=\"twitter:data2\" content=\"8 Minuten\" \/>\n<script type=\"application\/ld+json\" class=\"yoast-schema-graph\">{\"@context\":\"https:\/\/schema.org\",\"@graph\":[{\"@type\":\"WebPage\",\"@id\":\"https:\/\/www.schlanser.ch\/magazin\/mit-dem-zelt-durch-deutschland\/\",\"url\":\"https:\/\/www.schlanser.ch\/magazin\/mit-dem-zelt-durch-deutschland\/\",\"name\":\"Nur mit dem Zelt durch Deutschland - Schlanser Magazin\",\"isPartOf\":{\"@id\":\"https:\/\/www.schlanser.ch\/magazin\/#website\"},\"primaryImageOfPage\":{\"@id\":\"https:\/\/www.schlanser.ch\/magazin\/mit-dem-zelt-durch-deutschland\/#primaryimage\"},\"image\":{\"@id\":\"https:\/\/www.schlanser.ch\/magazin\/mit-dem-zelt-durch-deutschland\/#primaryimage\"},\"thumbnailUrl\":\"https:\/\/www.schlanser.ch\/magazin\/wp-content\/uploads\/2017\/08\/Mit-dem-Zelt-durch-Deutschland.jpg\",\"datePublished\":\"2017-08-30T14:38:55+00:00\",\"dateModified\":\"2023-01-10T12:08:20+00:00\",\"author\":{\"@id\":\"https:\/\/www.schlanser.ch\/magazin\/#\/schema\/person\/000db0a103eb2594ba3daf394b1dfea2\"},\"description\":\"Sie m\u00f6chten nur mit dem Zelt durch Deutschland? Das Schlanser Magazin zeigt Ihnen die sch\u00f6nste Reiseroute f\u00fcr Camping in S\u00fcddeutschland \u2714\",\"breadcrumb\":{\"@id\":\"https:\/\/www.schlanser.ch\/magazin\/mit-dem-zelt-durch-deutschland\/#breadcrumb\"},\"inLanguage\":\"de-DE\",\"potentialAction\":[{\"@type\":\"ReadAction\",\"target\":[\"https:\/\/www.schlanser.ch\/magazin\/mit-dem-zelt-durch-deutschland\/\"]}]},{\"@type\":\"ImageObject\",\"inLanguage\":\"de-DE\",\"@id\":\"https:\/\/www.schlanser.ch\/magazin\/mit-dem-zelt-durch-deutschland\/#primaryimage\",\"url\":\"https:\/\/www.schlanser.ch\/magazin\/wp-content\/uploads\/2017\/08\/Mit-dem-Zelt-durch-Deutschland.jpg\",\"contentUrl\":\"https:\/\/www.schlanser.ch\/magazin\/wp-content\/uploads\/2017\/08\/Mit-dem-Zelt-durch-Deutschland.jpg\",\"width\":660,\"height\":440,\"caption\":\"\u00a9 Jacob Lund \/ Fotolia.com\"},{\"@type\":\"BreadcrumbList\",\"@id\":\"https:\/\/www.schlanser.ch\/magazin\/mit-dem-zelt-durch-deutschland\/#breadcrumb\",\"itemListElement\":[{\"@type\":\"ListItem\",\"position\":1,\"name\":\"Startseite\",\"item\":\"https:\/\/www.schlanser.ch\/magazin\/\"},{\"@type\":\"ListItem\",\"position\":2,\"name\":\"Nur mit dem Zelt durch Deutschland\"}]},{\"@type\":\"WebSite\",\"@id\":\"https:\/\/www.schlanser.ch\/magazin\/#website\",\"url\":\"https:\/\/www.schlanser.ch\/magazin\/\",\"name\":\"Schlanser Magazin\",\"description\":\"\",\"potentialAction\":[{\"@type\":\"SearchAction\",\"target\":{\"@type\":\"EntryPoint\",\"urlTemplate\":\"https:\/\/www.schlanser.ch\/magazin\/?s={search_term_string}\"},\"query-input\":\"required name=search_term_string\"}],\"inLanguage\":\"de-DE\"},{\"@type\":\"Person\",\"@id\":\"https:\/\/www.schlanser.ch\/magazin\/#\/schema\/person\/000db0a103eb2594ba3daf394b1dfea2\",\"name\":\"admin\",\"image\":{\"@type\":\"ImageObject\",\"inLanguage\":\"de-DE\",\"@id\":\"https:\/\/www.schlanser.ch\/magazin\/#\/schema\/person\/image\/\",\"url\":\"https:\/\/secure.gravatar.com\/avatar\/a794a4fe8a9b9c52241597eb381dfa2e?s=96&d=mm&r=g\",\"contentUrl\":\"https:\/\/secure.gravatar.com\/avatar\/a794a4fe8a9b9c52241597eb381dfa2e?s=96&d=mm&r=g\",\"caption\":\"admin\"}}]}<\/script>\n<!-- \/ Yoast SEO plugin. -->","yoast_head_json":{"title":"Nur mit dem Zelt durch Deutschland - Schlanser Magazin","description":"Sie m\u00f6chten nur mit dem Zelt durch Deutschland? Das Schlanser Magazin zeigt Ihnen die sch\u00f6nste Reiseroute f\u00fcr Camping in S\u00fcddeutschland \u2714","robots":{"index":"noindex","follow":"follow"},"og_locale":"de_DE","og_type":"article","og_title":"Nur mit dem Zelt durch Deutschland - Schlanser Magazin","og_description":"Sie m\u00f6chten nur mit dem Zelt durch Deutschland? Das Schlanser Magazin zeigt Ihnen die sch\u00f6nste Reiseroute f\u00fcr Camping in S\u00fcddeutschland \u2714","og_url":"https:\/\/www.schlanser.ch\/magazin\/mit-dem-zelt-durch-deutschland\/","og_site_name":"Schlanser Magazin","article_published_time":"2017-08-30T14:38:55+00:00","article_modified_time":"2023-01-10T12:08:20+00:00","og_image":[{"width":660,"height":440,"url":"https:\/\/www.schlanser.ch\/magazin\/wp-content\/uploads\/2017\/08\/Mit-dem-Zelt-durch-Deutschland.jpg","type":"image\/jpeg"}],"author":"admin","twitter_card":"summary_large_image","twitter_misc":{"Verfasst von":"admin","Gesch\u00e4tzte Lesezeit":"8 Minuten"},"schema":{"@context":"https:\/\/schema.org","@graph":[{"@type":"WebPage","@id":"https:\/\/www.schlanser.ch\/magazin\/mit-dem-zelt-durch-deutschland\/","url":"https:\/\/www.schlanser.ch\/magazin\/mit-dem-zelt-durch-deutschland\/","name":"Nur mit dem Zelt durch Deutschland - Schlanser Magazin","isPartOf":{"@id":"https:\/\/www.schlanser.ch\/magazin\/#website"},"primaryImageOfPage":{"@id":"https:\/\/www.schlanser.ch\/magazin\/mit-dem-zelt-durch-deutschland\/#primaryimage"},"image":{"@id":"https:\/\/www.schlanser.ch\/magazin\/mit-dem-zelt-durch-deutschland\/#primaryimage"},"thumbnailUrl":"https:\/\/www.schlanser.ch\/magazin\/wp-content\/uploads\/2017\/08\/Mit-dem-Zelt-durch-Deutschland.jpg","datePublished":"2017-08-30T14:38:55+00:00","dateModified":"2023-01-10T12:08:20+00:00","author":{"@id":"https:\/\/www.schlanser.ch\/magazin\/#\/schema\/person\/000db0a103eb2594ba3daf394b1dfea2"},"description":"Sie m\u00f6chten nur mit dem Zelt durch Deutschland? Das Schlanser Magazin zeigt Ihnen die sch\u00f6nste Reiseroute f\u00fcr Camping in S\u00fcddeutschland \u2714","breadcrumb":{"@id":"https:\/\/www.schlanser.ch\/magazin\/mit-dem-zelt-durch-deutschland\/#breadcrumb"},"inLanguage":"de-DE","potentialAction":[{"@type":"ReadAction","target":["https:\/\/www.schlanser.ch\/magazin\/mit-dem-zelt-durch-deutschland\/"]}]},{"@type":"ImageObject","inLanguage":"de-DE","@id":"https:\/\/www.schlanser.ch\/magazin\/mit-dem-zelt-durch-deutschland\/#primaryimage","url":"https:\/\/www.schlanser.ch\/magazin\/wp-content\/uploads\/2017\/08\/Mit-dem-Zelt-durch-Deutschland.jpg","contentUrl":"https:\/\/www.schlanser.ch\/magazin\/wp-content\/uploads\/2017\/08\/Mit-dem-Zelt-durch-Deutschland.jpg","width":660,"height":440,"caption":"\u00a9 Jacob Lund \/ Fotolia.com"},{"@type":"BreadcrumbList","@id":"https:\/\/www.schlanser.ch\/magazin\/mit-dem-zelt-durch-deutschland\/#breadcrumb","itemListElement":[{"@type":"ListItem","position":1,"name":"Startseite","item":"https:\/\/www.schlanser.ch\/magazin\/"},{"@type":"ListItem","position":2,"name":"Nur mit dem Zelt durch Deutschland"}]},{"@type":"WebSite","@id":"https:\/\/www.schlanser.ch\/magazin\/#website","url":"https:\/\/www.schlanser.ch\/magazin\/","name":"Schlanser Magazin","description":"","potentialAction":[{"@type":"SearchAction","target":{"@type":"EntryPoint","urlTemplate":"https:\/\/www.schlanser.ch\/magazin\/?s={search_term_string}"},"query-input":"required name=search_term_string"}],"inLanguage":"de-DE"},{"@type":"Person","@id":"https:\/\/www.schlanser.ch\/magazin\/#\/schema\/person\/000db0a103eb2594ba3daf394b1dfea2","name":"admin","image":{"@type":"ImageObject","inLanguage":"de-DE","@id":"https:\/\/www.schlanser.ch\/magazin\/#\/schema\/person\/image\/","url":"https:\/\/secure.gravatar.com\/avatar\/a794a4fe8a9b9c52241597eb381dfa2e?s=96&d=mm&r=g","contentUrl":"https:\/\/secure.gravatar.com\/avatar\/a794a4fe8a9b9c52241597eb381dfa2e?s=96&d=mm&r=g","caption":"admin"}}]}},"_links":{"self":[{"href":"https:\/\/www.schlanser.ch\/magazin\/wp-json\/wp\/v2\/posts\/2645"}],"collection":[{"href":"https:\/\/www.schlanser.ch\/magazin\/wp-json\/wp\/v2\/posts"}],"about":[{"href":"https:\/\/www.schlanser.ch\/magazin\/wp-json\/wp\/v2\/types\/post"}],"author":[{"embeddable":true,"href":"https:\/\/www.schlanser.ch\/magazin\/wp-json\/wp\/v2\/users\/1"}],"replies":[{"embeddable":true,"href":"https:\/\/www.schlanser.ch\/magazin\/wp-json\/wp\/v2\/comments?post=2645"}],"version-history":[{"count":5,"href":"https:\/\/www.schlanser.ch\/magazin\/wp-json\/wp\/v2\/posts\/2645\/revisions"}],"predecessor-version":[{"id":4651,"href":"https:\/\/www.schlanser.ch\/magazin\/wp-json\/wp\/v2\/posts\/2645\/revisions\/4651"}],"wp:featuredmedia":[{"embeddable":true,"href":"https:\/\/www.schlanser.ch\/magazin\/wp-json\/wp\/v2\/media\/2656"}],"wp:attachment":[{"href":"https:\/\/www.schlanser.ch\/magazin\/wp-json\/wp\/v2\/media?parent=2645"}],"wp:term":[{"taxonomy":"category","embeddable":true,"href":"https:\/\/www.schlanser.ch\/magazin\/wp-json\/wp\/v2\/categories?post=2645"},{"taxonomy":"post_tag","embeddable":true,"href":"https:\/\/www.schlanser.ch\/magazin\/wp-json\/wp\/v2\/tags?post=2645"}],"curies":[{"name":"wp","href":"https:\/\/api.w.org\/{rel}","templated":true}]}}