{"id":2659,"date":"2017-09-01T12:54:23","date_gmt":"2017-09-01T10:54:23","guid":{"rendered":"https:\/\/www.schlanser.ch\/magazin\/?p=2659"},"modified":"2024-01-10T14:44:07","modified_gmt":"2024-01-10T13:44:07","slug":"ganzjahresvorzelt","status":"publish","type":"post","link":"https:\/\/www.schlanser.ch\/magazin\/ganzjahresvorzelt\/","title":{"rendered":"Ganzjahresvorzelt oder Reisevorzelt"},"content":{"rendered":"<h2>\u00ab Wo liegen die Unterschiede? \u00bb<\/h2>\n<p style=\"text-align: justify;\"><strong>Ein Wohnwagen ist wie ein kleines Zuhause auf R\u00e4dern. Er bietet Ihnen allen Komfort, den Sie von ihrem Heim nicht missen m\u00f6chten, auf kleinstem Raum: Bad, K\u00fcche, Ess- und Schlafzimmer. Doch fehlt Ihnen wom\u00f6glich ein ger\u00e4umiges Wohnzimmer, in dem Sie sich bequem auch bei Regen aufhalten k\u00f6nnen oder wo gegessen werden kann und man nicht der prallen Sonne ausgesetzt ist? Dann sind Sie mit einem <\/strong><a href=\"https:\/\/www.schlanser.ch\/zelte\/vorzelte\/\"><strong>Vorzelt<\/strong><\/a><strong> gut beraten.<\/strong><\/p>\n<h2>Welche Vorzelte gibt es?<\/h2>\n<p style=\"text-align: justify;\">Wie bei den meisten Dingen in der Welt des Campings gibt es viele verschiedene Vorzelte. Das w\u00fcrde den verschiedenen Wohnw\u00e4gen, Bed\u00fcrfnissen der Camper und \u00f6rtlichen Besonderheiten auch gar nicht gerecht werden. Neben den verschiedenen Gr\u00f6ssen, die den jeweiligen Wohnwagentypen angepasst sind, unterscheidet man in erster Linie zwischen Reisevorzelt und Ganzjahresvorzelt.<\/p>\n<p><img loading=\"lazy\" decoding=\"async\" class=\"aligncenter wp-image-2674 size-full\" title=\"Reisevorzelt &quot;Riva Deluxe&quot; von Fritz Berger\" src=\"https:\/\/www.schlanser.ch\/magazin\/wp-content\/uploads\/2017\/09\/Reisevorzelt-Riva-Deluxe.jpg\" alt=\"Reisevorzelt Riva Deluxe\" width=\"600\" height=\"318\" srcset=\"https:\/\/www.schlanser.ch\/magazin\/wp-content\/uploads\/2017\/09\/Reisevorzelt-Riva-Deluxe.jpg 600w, https:\/\/www.schlanser.ch\/magazin\/wp-content\/uploads\/2017\/09\/Reisevorzelt-Riva-Deluxe-300x159.jpg 300w, https:\/\/www.schlanser.ch\/magazin\/wp-content\/uploads\/2017\/09\/Reisevorzelt-Riva-Deluxe-310x165.jpg 310w\" sizes=\"(max-width: 600px) 100vw, 600px\" \/><\/p>\n<h3>Reisevorzelt<\/h3>\n<p style=\"text-align: justify;\">Wie der Name verr\u00e4t, ist das Reisevorzelt f\u00fcr das Reisen gedacht. Bei der Konstruktion dieser Zelte wird also davon ausgegangen, dass sie f\u00fcr den Transport gering im Gewicht sein sollten. Ausserdem sollten sie im abgebauten Zustand wenig Platz einnehmen und schnell auf- und abzubauen sein. Da Campingurlaub meistens im Sommer in warmen Gegenden stattfindet, gehen Hersteller nur von vor\u00fcbergehendem, m\u00e4ssig-schlechtem Wetter aus.<\/p>\n<p><img loading=\"lazy\" decoding=\"async\" class=\"aligncenter wp-image-2661 size-full\" title=\"Reisevorzelt &quot;Safir TL&quot; von Brand\" src=\"https:\/\/www.schlanser.ch\/magazin\/wp-content\/uploads\/2017\/09\/Brand-Reisevorzelt-Safir-TL.jpg\" alt=\"Brand Reisevorzelt Safir TL\" width=\"600\" height=\"375\" srcset=\"https:\/\/www.schlanser.ch\/magazin\/wp-content\/uploads\/2017\/09\/Brand-Reisevorzelt-Safir-TL.jpg 600w, https:\/\/www.schlanser.ch\/magazin\/wp-content\/uploads\/2017\/09\/Brand-Reisevorzelt-Safir-TL-300x188.jpg 300w\" sizes=\"(max-width: 600px) 100vw, 600px\" \/><\/p>\n<h3>Ganzjahresvorzelt<\/h3>\n<p style=\"text-align: justify;\">Das Ganzjahresvorzelt ist hingegen f\u00fcr den Dauercamper entwickelt worden. Es geht nicht darum, dass Ganzjahresvorzelte st\u00e4ndig in Benutzung sind, sondern dass diese ganze Jahr \u00fcber stehen bleiben. So ist es f\u00fcr Leute ideal, die Ihren Wohnwagen fest auf einem Campingplatz stehen haben und nie oder nur sehr selten bewegen. Daher spielen Gewicht und platzsparende Verpackung beim Ganzjahresvorzelt eine untergeordnete Rolle. Im Fokus ist vielmehr eine hohe Stabilit\u00e4t gegen\u00fcber allen denkbaren Wettereinfl\u00fcssen. Ausserdem muss das Material \u00fcberaus langlebig sein, da es permanent Wind, Wetter und Schmutz ausgesetzt ist.<\/p>\n<p><img loading=\"lazy\" decoding=\"async\" class=\"aligncenter wp-image-2663 size-full\" title=\"Ganzjahresvorzelt &quot;Tango&quot; von DWT\" src=\"https:\/\/www.schlanser.ch\/magazin\/wp-content\/uploads\/2017\/09\/Ganzjahresvorzelt-Tango-dwt.jpg\" alt=\"Ganzjahresvorzelt Tango\" width=\"600\" height=\"375\" srcset=\"https:\/\/www.schlanser.ch\/magazin\/wp-content\/uploads\/2017\/09\/Ganzjahresvorzelt-Tango-dwt.jpg 600w, https:\/\/www.schlanser.ch\/magazin\/wp-content\/uploads\/2017\/09\/Ganzjahresvorzelt-Tango-dwt-300x188.jpg 300w\" sizes=\"(max-width: 600px) 100vw, 600px\" \/><\/p>\n<h3>Andere Vorzelttypen<\/h3>\n<p style=\"text-align: justify;\">Jenseits von Ganzjahresvorzelt oder Reisevorzelt gibt es noch weitere Vorzelttypen, die den spezifischen Bed\u00fcrfnissen passionierter Camper angepasst sind. Hier ist einerseits das Saisonvorzelt zu erw\u00e4hnen. Dieser Typ ist f\u00fcr Camper gedacht, die ihren Wohnwagen in der warmen Jahreszeit dauerhaft auf einem Stellplatz lassen. In der kalten Jahreszeit wird der Wohnwagen untergestellt und das Saisonvorzelt abgebaut. Es muss also wiederum nicht besonders klein oder leicht sein. Ebenso muss es nicht so stabil sein, wie ein Ganzjahresvorzelt, da es weder Schnee noch sehr kalten Temperaturen standhalten muss. Der \u00dcbergang zwischen Saisonvorzelt und Ganzjahresvorzelt ist fliessend. So gibt es beispielsweise von Brand Vorzelte, die sowohl als Saison- als auch als Ganzjahresvorzelt genutzt werden k\u00f6nnen.<\/p>\n<p><img loading=\"lazy\" decoding=\"async\" class=\"aligncenter wp-image-2664 size-full\" title=\"Saisonvorzelt &quot;Paradies II&quot; von DWT\" src=\"https:\/\/www.schlanser.ch\/magazin\/wp-content\/uploads\/2017\/09\/Saisonvorzelt-Paradies-II.jpg\" alt=\"Saisonvorzelt Paradies II\" width=\"600\" height=\"375\" srcset=\"https:\/\/www.schlanser.ch\/magazin\/wp-content\/uploads\/2017\/09\/Saisonvorzelt-Paradies-II.jpg 600w, https:\/\/www.schlanser.ch\/magazin\/wp-content\/uploads\/2017\/09\/Saisonvorzelt-Paradies-II-300x188.jpg 300w\" sizes=\"(max-width: 600px) 100vw, 600px\" \/><\/p>\n<p style=\"text-align: justify;\">Das Wintervorzelt ist sozusagen das Pendant zum Saisonvorzelt. Es ist eigens f\u00fcr das Wintercamping gemacht. Daf\u00fcr muss es nicht sonderlich ger\u00e4umig sein, da man sich im Winter eher im beheizbaren Wohnwagen aufh\u00e4lt. Es dient vielmehr als Windfang und Wetterschutz f\u00fcr den Eingangsbereich. Ein St\u00fcck weit ist es auch zus\u00e4tzlicher Stauraum. Seine Hauptaufgabe besteht darin, K\u00e4lte, Feuchtigkeit und Schneelasten zu trotzen. Sehr anschaulich f\u00fcr die Spannweite an Vorzelttypen ist das Sortiment der DWT Zelte, das vom g\u00fcnstigen Reisevorzelt \u00fcber Saisonvorzelte bis zum luxuri\u00f6sen Ganzjahresvorzelt alles zu bieten hat.<\/p>\n<h2>Ganzjahresvorzelt oder Reisevorzelt: Die Unterschiede<\/h2>\n<h3>Aufbau<\/h3>\n<p style=\"text-align: justify;\">Vorzelte werden auf der R\u00fcckseite an der Kederleiste des Wohnwagens eingezogen und nach vorne hin mit Gest\u00e4nge gest\u00fctzt. Es gibt Teilzelte, die nicht die ganze Vorderseite des Wohnwagens aussch\u00f6pfen, wie beispielsweise das Outwell Zelt Corsair 350 SA. Diese Variante findet sich h\u00e4ufig bei Wintervorzelten. Ausserdem sind Teilzelte perfekt als leichtes Reisevorzelt.<\/p>\n<p><img loading=\"lazy\" decoding=\"async\" class=\"aligncenter wp-image-2666 size-full\" title=\"Reisevorzelt &quot;Corsair 350 SA&quot; von Outwell\" src=\"https:\/\/www.schlanser.ch\/magazin\/wp-content\/uploads\/2017\/09\/Outwell-Reisevorzelt-Corsair-350-SA.jpg\" alt=\"Outwell Reisevorzelt Corsair 350 SA\" width=\"600\" height=\"375\" srcset=\"https:\/\/www.schlanser.ch\/magazin\/wp-content\/uploads\/2017\/09\/Outwell-Reisevorzelt-Corsair-350-SA.jpg 600w, https:\/\/www.schlanser.ch\/magazin\/wp-content\/uploads\/2017\/09\/Outwell-Reisevorzelt-Corsair-350-SA-300x188.jpg 300w\" sizes=\"(max-width: 600px) 100vw, 600px\" \/><\/p>\n<p style=\"text-align: justify;\">Bei Ganzjahresvorzelten sind Ganzzelte \u00fcblich. Teilweise k\u00f6nnen sie mit seitlichen Erkern vergr\u00f6ssert werden, wie das Modell Tango aus der Reihe der DWT Zelte. Einteilige Ganzzelte haben einen fixen Aufbau, der den \u00f6rtlichen Gegebenheiten nicht angepasst werden kann. Mehrteilige Vorzelte wie das Palazzo, eines der Brand Vorzelte, \u00fcberlassen es dem Camper, ob er die Eingangst\u00fcre lieber links oder rechts haben m\u00f6chte. Bei einem Ganzjahresvorzelt sollten ohnehin zwei T\u00fcren vorhanden sein, damit stets die windabgewandte Seite benutzt werden kann.<\/p>\n<h3>Aussenwand: Material<\/h3>\n<p style=\"text-align: justify;\">Um den verschiedenen Wetterbedingungen standzuhalten, ist bei einem Ganzjahresvorzelt ein sehr widerstandsf\u00e4higes Material f\u00fcr Aussenwand und Dach gefordert. \u00dcblicherweise findet man hier beschichtetes Polyestergewebe. Dieses ist wetter- und reissfest, UV-best\u00e4ndig sowie unempfindlich gegen\u00fcber Feuchtigkeit und Bakterien. Das Problem der Kondenswasser-Bildung wird durch eine Hochentl\u00fcftung am Giebel reduziert.<\/p>\n<p><img loading=\"lazy\" decoding=\"async\" class=\"aligncenter wp-image-2667 size-full\" title=\"Ganzjahresvorzelt &quot;Campione III&quot; von Fritz Berger\" src=\"https:\/\/www.schlanser.ch\/magazin\/wp-content\/uploads\/2017\/09\/Saisonvorzelt-Paradies-II-1.jpg\" alt=\"Berger Ganzjahresvorzelt Campione III\" width=\"600\" height=\"375\" srcset=\"https:\/\/www.schlanser.ch\/magazin\/wp-content\/uploads\/2017\/09\/Saisonvorzelt-Paradies-II-1.jpg 600w, https:\/\/www.schlanser.ch\/magazin\/wp-content\/uploads\/2017\/09\/Saisonvorzelt-Paradies-II-1-300x188.jpg 300w\" sizes=\"(max-width: 600px) 100vw, 600px\" \/><\/p>\n<p style=\"text-align: justify;\">Oft finden sich innerhalb eines Zeltes verschiedene Materialien, um den unterschiedlichen Anforderungen gerecht zu werden. So wie beim Modell Campione III, einem der Fritz Berger Vorzelte, dessen Seitenw\u00e4nde aus PVC-beschichtetem Polyester sind, w\u00e4hrend die Vorderwand aus 100 % Acryl besteht. Da es praktisch ist, finden sich auch beim Reisevorzelt h\u00e4ufig Polyestergewebe mit verschiedenen Beschichtungen. So verwendet DWT f\u00fcr seine Zelte das sogenannte &#8222;Trailtex&#8220;. Dieses Polyestergewebe ist mit Polyurethan beschichtet. Die Vorteile sind bessere Wasserdampf- und Lichtdurchl\u00e4ssigkeit.<\/p>\n<blockquote>\n<p style=\"text-align: justify;\">Grunds\u00e4tzlich sollten Sie unabh\u00e4ngig von Ganzjahresvorzelt oder Reisevorzelt darauf achten, dass Ihr Vorzelt nicht leichter als 250 g\/ m\u00b2 ist.<\/p>\n<\/blockquote>\n<p style=\"text-align: justify;\">Das meiste Material unter diesem Wert ist nicht stabil genug f\u00fcr den durchschnittlichen Campingeinsatz. Ab 1500 mm Wassers\u00e4ule gelten die Zeltw\u00e4nde als wasserdicht. Gerade bei Ganzjahresvorzelten sollte der Wert allerdings deutlich h\u00f6her liegen, um selbst bei Starkregen sicheren Schutz zu haben.<\/p>\n<h3>Aussenwand: Eigenschaften<\/h3>\n<p style=\"text-align: justify;\">Neben dem Material unterscheiden sich Ganzjahresvorzelte auch in anderen Aspekten des Zeltaufbaus vom Reisevorzelt. So f\u00e4llt der Faulstreifen bei Reisevorzelten eher schmal aus. Bei Ganzjahresvorzelten ist er, wie beispielsweise beim Fritz Berger Fehmarn III, weit hochgezogen, um das Zeltmaterial zuverl\u00e4ssig vor Bodenfeuchtigkeit zu sch\u00fctzen.<\/p>\n<p><img loading=\"lazy\" decoding=\"async\" class=\"aligncenter wp-image-2670 size-full\" title=\"Ganzjahresvorzelt &quot;Fehmarn III&quot; von Fritz Berger\" src=\"https:\/\/www.schlanser.ch\/magazin\/wp-content\/uploads\/2017\/09\/Berger-Ganzjahresvorzelt-Fehmarn-III.jpg\" alt=\"Berger Ganzjahresvorzelt Fehmarn III\" width=\"600\" height=\"375\" srcset=\"https:\/\/www.schlanser.ch\/magazin\/wp-content\/uploads\/2017\/09\/Berger-Ganzjahresvorzelt-Fehmarn-III.jpg 600w, https:\/\/www.schlanser.ch\/magazin\/wp-content\/uploads\/2017\/09\/Berger-Ganzjahresvorzelt-Fehmarn-III-300x188.jpg 300w\" sizes=\"(max-width: 600px) 100vw, 600px\" \/><\/p>\n<p style=\"text-align: justify;\">Eine Eigenheit, die sich in erster Linie bei Ganzjahresvorzelten findet, sind Fensterklappen. Beispielsweise sind alle Brand Vorzelte der Premium-Klasse mit Dreifachfenstern ausgestattet. Die Fensterklappen sch\u00fctzen das durchsichtige Fenstermaterial bei Abwesenheit der Wohnwagenbewohner vor widrigem Wetter. Zus\u00e4tzlich fungieren sie als Sichtschutz.<\/p>\n<h3>Gest\u00e4nge<\/h3>\n<p style=\"text-align: justify;\">Das traditionelle Material f\u00fcr Gest\u00e4nge sind Aluminium und Stahl. Aluminium ist sehr leicht, daf\u00fcr aber nicht so robust. Daher wird es vorwiegend bei Reisevorzelten verwendet. Stahl ist hingegen relativ schwer \u2013 aber auch stabiler. \u00dcbliche Durchmesser liegen bei 25 &#8211; 28 mm. Soll ein Zelt extremeren Bedingungen, wie zum Beispiel Schneebelastungen im Winter standhalten, empfiehlt sich ein dickeres Gest\u00e4nge. Theoretisch gibt es Gest\u00e4nge auch aus Carbonfaser oder Glasfiber. Hierbei handelt es sich um sehr stabiles Material, das obendrein \u00e4usserst leicht ist. Da die Kosten daf\u00fcr sehr hoch sind, wird es allerdings nur selten angeboten.<\/p>\n<p><img loading=\"lazy\" decoding=\"async\" class=\"aligncenter wp-image-2672 size-full\" title=\"Reisevorzelt &quot;Molina-L Deluxe II&quot; von Fritz Berger\" src=\"https:\/\/www.schlanser.ch\/magazin\/wp-content\/uploads\/2017\/09\/Berger-Reisevorzelt-Molina-L-Deluxe-II.jpg\" alt=\"Berger Reisevorzelt Molina-L Deluxe II\" width=\"600\" height=\"375\" srcset=\"https:\/\/www.schlanser.ch\/magazin\/wp-content\/uploads\/2017\/09\/Berger-Reisevorzelt-Molina-L-Deluxe-II.jpg 600w, https:\/\/www.schlanser.ch\/magazin\/wp-content\/uploads\/2017\/09\/Berger-Reisevorzelt-Molina-L-Deluxe-II-300x188.jpg 300w\" sizes=\"(max-width: 600px) 100vw, 600px\" \/><\/p>\n<p style=\"text-align: justify;\">Was sich bei Reisezelten immer mehr durchsetzt, ist ein aufblasbares Gest\u00e4nge. So kommt zum Beispiel jedes Outwell Zelt mit einer Luftpumpe, mit der das Vorzelt einfach aufgeblasen wird. So sparen Sie sich das Gewicht von zus\u00e4tzlichen Stangen. Ausserdem ist der Aufbau denkbar schnell. Die Luftpumpe wird an ein Ventil angeschlossen, von wo aus die Luft in schmale Kan\u00e4le verteilt wird. Diese Konstruktion ist f\u00fcr die meisten Urlaube stabil genug. Der Abbau erfolgt noch rascher, indem einfach die Ablassventile ge\u00f6ffnet werden.<\/p>\n","protected":false},"excerpt":{"rendered":"<p>\u00ab Wo liegen die Unterschiede? \u00bb Ein Wohnwagen ist wie ein kleines Zuhause auf R\u00e4dern. Er bietet Ihnen allen Komfort, den Sie von ihrem Heim nicht missen m\u00f6chten, auf kleinstem Raum: Bad, K\u00fcche, Ess- und Schlafzimmer. Doch fehlt Ihnen wom\u00f6glich ein ger\u00e4umiges Wohnzimmer, in dem Sie sich bequem auch bei Regen aufhalten k\u00f6nnen oder wo &hellip;<\/p>\n","protected":false},"author":1,"featured_media":2675,"comment_status":"closed","ping_status":"open","sticky":false,"template":"","format":"standard","meta":{"footnotes":""},"categories":[1],"tags":[201,379,374,375,376,377,378,297,13,23],"yoast_head":"<!-- This site is optimized with the Yoast SEO plugin v22.2 - https:\/\/yoast.com\/wordpress\/plugins\/seo\/ -->\n<title>Ganzjahresvorzelt oder Reisevorzelt - Schlanser Magazin<\/title>\n<meta name=\"description\" content=\"Worin liegen die Unterschiede zwischen einem Ganzjahresvorzelt oder Reisevorzelt? Das Schlanser Magazin wei\u00df die richtigen Antworten auf diese Frage!\" \/>\n<meta name=\"robots\" content=\"index, follow, max-snippet:-1, max-image-preview:large, max-video-preview:-1\" \/>\n<link rel=\"canonical\" href=\"https:\/\/www.schlanser.ch\/magazin\/ganzjahresvorzelt\/\" \/>\n<meta property=\"og:locale\" content=\"de_DE\" \/>\n<meta property=\"og:type\" content=\"article\" \/>\n<meta property=\"og:title\" content=\"Ganzjahresvorzelt oder Reisevorzelt - Schlanser Magazin\" \/>\n<meta property=\"og:description\" content=\"Worin liegen die Unterschiede zwischen einem Ganzjahresvorzelt oder Reisevorzelt? Das Schlanser Magazin wei\u00df die richtigen Antworten auf diese Frage!\" \/>\n<meta property=\"og:url\" content=\"https:\/\/www.schlanser.ch\/magazin\/ganzjahresvorzelt\/\" \/>\n<meta property=\"og:site_name\" content=\"Schlanser Magazin\" \/>\n<meta property=\"article:published_time\" content=\"2017-09-01T10:54:23+00:00\" \/>\n<meta property=\"article:modified_time\" content=\"2024-01-10T13:44:07+00:00\" \/>\n<meta property=\"og:image\" content=\"https:\/\/www.schlanser.ch\/magazin\/wp-content\/uploads\/2017\/09\/vorzelt.jpg\" \/>\n\t<meta property=\"og:image:width\" content=\"660\" \/>\n\t<meta property=\"og:image:height\" content=\"413\" \/>\n\t<meta property=\"og:image:type\" content=\"image\/jpeg\" \/>\n<meta name=\"author\" content=\"admin\" \/>\n<meta name=\"twitter:card\" content=\"summary_large_image\" \/>\n<meta name=\"twitter:label1\" content=\"Verfasst von\" \/>\n\t<meta name=\"twitter:data1\" content=\"admin\" \/>\n\t<meta name=\"twitter:label2\" content=\"Gesch\u00e4tzte Lesezeit\" \/>\n\t<meta name=\"twitter:data2\" content=\"6 Minuten\" \/>\n<script type=\"application\/ld+json\" class=\"yoast-schema-graph\">{\"@context\":\"https:\/\/schema.org\",\"@graph\":[{\"@type\":\"WebPage\",\"@id\":\"https:\/\/www.schlanser.ch\/magazin\/ganzjahresvorzelt\/\",\"url\":\"https:\/\/www.schlanser.ch\/magazin\/ganzjahresvorzelt\/\",\"name\":\"Ganzjahresvorzelt oder Reisevorzelt - Schlanser Magazin\",\"isPartOf\":{\"@id\":\"https:\/\/www.schlanser.ch\/magazin\/#website\"},\"primaryImageOfPage\":{\"@id\":\"https:\/\/www.schlanser.ch\/magazin\/ganzjahresvorzelt\/#primaryimage\"},\"image\":{\"@id\":\"https:\/\/www.schlanser.ch\/magazin\/ganzjahresvorzelt\/#primaryimage\"},\"thumbnailUrl\":\"https:\/\/www.schlanser.ch\/magazin\/wp-content\/uploads\/2017\/09\/vorzelt.jpg\",\"datePublished\":\"2017-09-01T10:54:23+00:00\",\"dateModified\":\"2024-01-10T13:44:07+00:00\",\"author\":{\"@id\":\"https:\/\/www.schlanser.ch\/magazin\/#\/schema\/person\/000db0a103eb2594ba3daf394b1dfea2\"},\"description\":\"Worin liegen die Unterschiede zwischen einem Ganzjahresvorzelt oder Reisevorzelt? Das Schlanser Magazin wei\u00df die richtigen Antworten auf diese Frage!\",\"breadcrumb\":{\"@id\":\"https:\/\/www.schlanser.ch\/magazin\/ganzjahresvorzelt\/#breadcrumb\"},\"inLanguage\":\"de-DE\",\"potentialAction\":[{\"@type\":\"ReadAction\",\"target\":[\"https:\/\/www.schlanser.ch\/magazin\/ganzjahresvorzelt\/\"]}]},{\"@type\":\"ImageObject\",\"inLanguage\":\"de-DE\",\"@id\":\"https:\/\/www.schlanser.ch\/magazin\/ganzjahresvorzelt\/#primaryimage\",\"url\":\"https:\/\/www.schlanser.ch\/magazin\/wp-content\/uploads\/2017\/09\/vorzelt.jpg\",\"contentUrl\":\"https:\/\/www.schlanser.ch\/magazin\/wp-content\/uploads\/2017\/09\/vorzelt.jpg\",\"width\":660,\"height\":413},{\"@type\":\"BreadcrumbList\",\"@id\":\"https:\/\/www.schlanser.ch\/magazin\/ganzjahresvorzelt\/#breadcrumb\",\"itemListElement\":[{\"@type\":\"ListItem\",\"position\":1,\"name\":\"Startseite\",\"item\":\"https:\/\/www.schlanser.ch\/magazin\/\"},{\"@type\":\"ListItem\",\"position\":2,\"name\":\"Ganzjahresvorzelt oder Reisevorzelt\"}]},{\"@type\":\"WebSite\",\"@id\":\"https:\/\/www.schlanser.ch\/magazin\/#website\",\"url\":\"https:\/\/www.schlanser.ch\/magazin\/\",\"name\":\"Schlanser Magazin\",\"description\":\"\",\"potentialAction\":[{\"@type\":\"SearchAction\",\"target\":{\"@type\":\"EntryPoint\",\"urlTemplate\":\"https:\/\/www.schlanser.ch\/magazin\/?s={search_term_string}\"},\"query-input\":\"required name=search_term_string\"}],\"inLanguage\":\"de-DE\"},{\"@type\":\"Person\",\"@id\":\"https:\/\/www.schlanser.ch\/magazin\/#\/schema\/person\/000db0a103eb2594ba3daf394b1dfea2\",\"name\":\"admin\",\"image\":{\"@type\":\"ImageObject\",\"inLanguage\":\"de-DE\",\"@id\":\"https:\/\/www.schlanser.ch\/magazin\/#\/schema\/person\/image\/\",\"url\":\"https:\/\/secure.gravatar.com\/avatar\/a794a4fe8a9b9c52241597eb381dfa2e?s=96&d=mm&r=g\",\"contentUrl\":\"https:\/\/secure.gravatar.com\/avatar\/a794a4fe8a9b9c52241597eb381dfa2e?s=96&d=mm&r=g\",\"caption\":\"admin\"}}]}<\/script>\n<!-- \/ Yoast SEO plugin. -->","yoast_head_json":{"title":"Ganzjahresvorzelt oder Reisevorzelt - Schlanser Magazin","description":"Worin liegen die Unterschiede zwischen einem Ganzjahresvorzelt oder Reisevorzelt? Das Schlanser Magazin wei\u00df die richtigen Antworten auf diese Frage!","robots":{"index":"index","follow":"follow","max-snippet":"max-snippet:-1","max-image-preview":"max-image-preview:large","max-video-preview":"max-video-preview:-1"},"canonical":"https:\/\/www.schlanser.ch\/magazin\/ganzjahresvorzelt\/","og_locale":"de_DE","og_type":"article","og_title":"Ganzjahresvorzelt oder Reisevorzelt - Schlanser Magazin","og_description":"Worin liegen die Unterschiede zwischen einem Ganzjahresvorzelt oder Reisevorzelt? Das Schlanser Magazin wei\u00df die richtigen Antworten auf diese Frage!","og_url":"https:\/\/www.schlanser.ch\/magazin\/ganzjahresvorzelt\/","og_site_name":"Schlanser Magazin","article_published_time":"2017-09-01T10:54:23+00:00","article_modified_time":"2024-01-10T13:44:07+00:00","og_image":[{"width":660,"height":413,"url":"https:\/\/www.schlanser.ch\/magazin\/wp-content\/uploads\/2017\/09\/vorzelt.jpg","type":"image\/jpeg"}],"author":"admin","twitter_card":"summary_large_image","twitter_misc":{"Verfasst von":"admin","Gesch\u00e4tzte Lesezeit":"6 Minuten"},"schema":{"@context":"https:\/\/schema.org","@graph":[{"@type":"WebPage","@id":"https:\/\/www.schlanser.ch\/magazin\/ganzjahresvorzelt\/","url":"https:\/\/www.schlanser.ch\/magazin\/ganzjahresvorzelt\/","name":"Ganzjahresvorzelt oder Reisevorzelt - Schlanser Magazin","isPartOf":{"@id":"https:\/\/www.schlanser.ch\/magazin\/#website"},"primaryImageOfPage":{"@id":"https:\/\/www.schlanser.ch\/magazin\/ganzjahresvorzelt\/#primaryimage"},"image":{"@id":"https:\/\/www.schlanser.ch\/magazin\/ganzjahresvorzelt\/#primaryimage"},"thumbnailUrl":"https:\/\/www.schlanser.ch\/magazin\/wp-content\/uploads\/2017\/09\/vorzelt.jpg","datePublished":"2017-09-01T10:54:23+00:00","dateModified":"2024-01-10T13:44:07+00:00","author":{"@id":"https:\/\/www.schlanser.ch\/magazin\/#\/schema\/person\/000db0a103eb2594ba3daf394b1dfea2"},"description":"Worin liegen die Unterschiede zwischen einem Ganzjahresvorzelt oder Reisevorzelt? Das Schlanser Magazin wei\u00df die richtigen Antworten auf diese Frage!","breadcrumb":{"@id":"https:\/\/www.schlanser.ch\/magazin\/ganzjahresvorzelt\/#breadcrumb"},"inLanguage":"de-DE","potentialAction":[{"@type":"ReadAction","target":["https:\/\/www.schlanser.ch\/magazin\/ganzjahresvorzelt\/"]}]},{"@type":"ImageObject","inLanguage":"de-DE","@id":"https:\/\/www.schlanser.ch\/magazin\/ganzjahresvorzelt\/#primaryimage","url":"https:\/\/www.schlanser.ch\/magazin\/wp-content\/uploads\/2017\/09\/vorzelt.jpg","contentUrl":"https:\/\/www.schlanser.ch\/magazin\/wp-content\/uploads\/2017\/09\/vorzelt.jpg","width":660,"height":413},{"@type":"BreadcrumbList","@id":"https:\/\/www.schlanser.ch\/magazin\/ganzjahresvorzelt\/#breadcrumb","itemListElement":[{"@type":"ListItem","position":1,"name":"Startseite","item":"https:\/\/www.schlanser.ch\/magazin\/"},{"@type":"ListItem","position":2,"name":"Ganzjahresvorzelt oder Reisevorzelt"}]},{"@type":"WebSite","@id":"https:\/\/www.schlanser.ch\/magazin\/#website","url":"https:\/\/www.schlanser.ch\/magazin\/","name":"Schlanser Magazin","description":"","potentialAction":[{"@type":"SearchAction","target":{"@type":"EntryPoint","urlTemplate":"https:\/\/www.schlanser.ch\/magazin\/?s={search_term_string}"},"query-input":"required name=search_term_string"}],"inLanguage":"de-DE"},{"@type":"Person","@id":"https:\/\/www.schlanser.ch\/magazin\/#\/schema\/person\/000db0a103eb2594ba3daf394b1dfea2","name":"admin","image":{"@type":"ImageObject","inLanguage":"de-DE","@id":"https:\/\/www.schlanser.ch\/magazin\/#\/schema\/person\/image\/","url":"https:\/\/secure.gravatar.com\/avatar\/a794a4fe8a9b9c52241597eb381dfa2e?s=96&d=mm&r=g","contentUrl":"https:\/\/secure.gravatar.com\/avatar\/a794a4fe8a9b9c52241597eb381dfa2e?s=96&d=mm&r=g","caption":"admin"}}]}},"_links":{"self":[{"href":"https:\/\/www.schlanser.ch\/magazin\/wp-json\/wp\/v2\/posts\/2659"}],"collection":[{"href":"https:\/\/www.schlanser.ch\/magazin\/wp-json\/wp\/v2\/posts"}],"about":[{"href":"https:\/\/www.schlanser.ch\/magazin\/wp-json\/wp\/v2\/types\/post"}],"author":[{"embeddable":true,"href":"https:\/\/www.schlanser.ch\/magazin\/wp-json\/wp\/v2\/users\/1"}],"replies":[{"embeddable":true,"href":"https:\/\/www.schlanser.ch\/magazin\/wp-json\/wp\/v2\/comments?post=2659"}],"version-history":[{"count":24,"href":"https:\/\/www.schlanser.ch\/magazin\/wp-json\/wp\/v2\/posts\/2659\/revisions"}],"predecessor-version":[{"id":16886,"href":"https:\/\/www.schlanser.ch\/magazin\/wp-json\/wp\/v2\/posts\/2659\/revisions\/16886"}],"wp:featuredmedia":[{"embeddable":true,"href":"https:\/\/www.schlanser.ch\/magazin\/wp-json\/wp\/v2\/media\/2675"}],"wp:attachment":[{"href":"https:\/\/www.schlanser.ch\/magazin\/wp-json\/wp\/v2\/media?parent=2659"}],"wp:term":[{"taxonomy":"category","embeddable":true,"href":"https:\/\/www.schlanser.ch\/magazin\/wp-json\/wp\/v2\/categories?post=2659"},{"taxonomy":"post_tag","embeddable":true,"href":"https:\/\/www.schlanser.ch\/magazin\/wp-json\/wp\/v2\/tags?post=2659"}],"curies":[{"name":"wp","href":"https:\/\/api.w.org\/{rel}","templated":true}]}}