{"id":2680,"date":"2017-09-07T09:50:13","date_gmt":"2017-09-07T07:50:13","guid":{"rendered":"https:\/\/www.schlanser.ch\/magazin\/?p=2680"},"modified":"2025-01-24T16:27:33","modified_gmt":"2025-01-24T15:27:33","slug":"deuter-trekking","status":"publish","type":"post","link":"https:\/\/www.schlanser.ch\/magazin\/deuter-trekking\/","title":{"rendered":"Deuter \u2013 Trekkingliebling im Portrait"},"content":{"rendered":"<p style=\"text-align: justify;\"><strong>Sp\u00e4tsommer und Herbst sind optimale Jahreszeiten f\u00fcr ausgiebiges Trekking. Die Sonne brennt nicht mehr so heiss und in den N\u00e4chten bleiben die Temperaturen moderat. Ein technisch ausgereifter Rucksack und entsprechende Taschen versprechen ausreichend Stauraum und hohen Tragekomfort bei allen Outdoor-Aktivit\u00e4ten. Deuter liefert auf diesem Sektor seit mehr als 100 Jahren Spitzenprodukte. Wir zeichnen das Portr\u00e4t des Trekkingriesen!<\/strong><\/p>\n<h2><img loading=\"lazy\" decoding=\"async\" class=\"alignleft wp-image-2719 size-full\" title=\"Umh\u00e4ngetasche &quot;Security Holster&quot; von Deuter\" src=\"https:\/\/www.schlanser.ch\/magazin\/wp-content\/uploads\/2017\/09\/Deuter-Umhaengetasche-Security-Holster.jpg\" alt=\"Deuter Umhaengetasche Security Holster\" width=\"150\" height=\"320\" srcset=\"https:\/\/www.schlanser.ch\/magazin\/wp-content\/uploads\/2017\/09\/Deuter-Umhaengetasche-Security-Holster.jpg 150w, https:\/\/www.schlanser.ch\/magazin\/wp-content\/uploads\/2017\/09\/Deuter-Umhaengetasche-Security-Holster-141x300.jpg 141w\" sizes=\"(max-width: 150px) 100vw, 150px\" \/>Am Anfang war eine Weberei<\/h2>\n<p style=\"text-align: justify;\">Das 1898 von Hans Deuter als Segeltuch- und Leineweberei gegr\u00fcndete Unternehmen aus Augsburg-Obernhausen z\u00e4hlt heute zu den angesehenen Outdoor-Ausstattern weltweit. Obwohl die Arbeit noch mit der Herstellung von Briefbeuteln und S\u00e4cken f\u00fcr die k\u00f6niglich-bayrische Post begann, kam bald ein Verleih von Grosszelten hinzu. Einige davon zierten die Wiesn anl\u00e4sslich des Oktoberfests. Schon bald fertigte Deuter Tornister und Rucks\u00e4cke aus Leinen sowie Taschen und Koffer aus Leder. Das fr\u00fche 20. Jahrhundert war noch die Zeit waghalsiger Forscher und Entdecker. Die Qualit\u00e4t der Ausstattung konnte \u00fcber Leben und Tod entscheiden. Der Deuter Rucksack begleitete zahlreiche Expeditionen: 1928 im Pamirgebirge, sp\u00e4ter mit Fritz Berchtold am Nanga Parbat oder beim erfolgreichen Durchstieg der Eiger Nordwand war Equipment der Marke mit auf dem Berg.<\/p>\n<h2>Innovativer Ideenstifter<\/h2>\n<p style=\"text-align: justify;\">Ab Mitte des vergangenen Jahrhunderts ist das Unternehmen auf der Suche nach Innovationen und findet dieses Potenzial in neuartigen Kunststoffen. Erste Versuche mit dem deutlich leichteren Perlon anstelle schwerer Leinwand fanden bereits in den fr\u00fchen 1950er Jahren statt. Der Durchbruch gelang 1968 und wurde seitdem von praktisch jedem Rucksackhersteller nachgeahmt.<\/p>\n<p><center><img loading=\"lazy\" decoding=\"async\" class=\"alignnone wp-image-2729 size-full\" title=\"Rucksack &quot;Walker 16&quot; von Deuter\" src=\"https:\/\/www.schlanser.ch\/magazin\/wp-content\/uploads\/2017\/09\/Deuter-Rucksack-Walker-16.jpg\" alt=\"Deuter Rucksack Walker 16\" width=\"300\" height=\"300\" srcset=\"https:\/\/www.schlanser.ch\/magazin\/wp-content\/uploads\/2017\/09\/Deuter-Rucksack-Walker-16.jpg 300w, https:\/\/www.schlanser.ch\/magazin\/wp-content\/uploads\/2017\/09\/Deuter-Rucksack-Walker-16-150x150.jpg 150w\" sizes=\"(max-width: 300px) 100vw, 300px\" \/> <img loading=\"lazy\" decoding=\"async\" class=\"alignnone wp-image-2730 size-full\" title=\"Rucksack &quot;Walker 20&quot; von Deuter\" src=\"https:\/\/www.schlanser.ch\/magazin\/wp-content\/uploads\/2017\/09\/Deuter-Rucksack-Walker-20.jpg\" alt=\"Deuter Rucksack Walker 20\" width=\"300\" height=\"300\" srcset=\"https:\/\/www.schlanser.ch\/magazin\/wp-content\/uploads\/2017\/09\/Deuter-Rucksack-Walker-20.jpg 300w, https:\/\/www.schlanser.ch\/magazin\/wp-content\/uploads\/2017\/09\/Deuter-Rucksack-Walker-20-150x150.jpg 150w\" sizes=\"(max-width: 300px) 100vw, 300px\" \/><\/center><\/p>\n<p style=\"text-align: justify;\">Mit weiteren Neuheiten am Rucksack erscheint 1984 &#8222;Das Original&#8220; mit komfortabler Bel\u00fcftung &#8222;Air Comfort&#8220; am R\u00fccken. Immer wieder erg\u00e4nzt das Unternehmen sein Angebot beim Trekking-Equipment um neue Artikel. Dazu z\u00e4hlen Deuter Taschen sowie Schlafs\u00e4cke.<\/p>\n<h2>Echte Praxistests<\/h2>\n<p style=\"text-align: justify;\"><img loading=\"lazy\" decoding=\"async\" class=\"alignright wp-image-2725 size-full\" title=\"Rucksack &quot;AC Lite 18&quot; von Deuter\" src=\"https:\/\/www.schlanser.ch\/magazin\/wp-content\/uploads\/2017\/09\/Deuter-Rucksack-AC-Lite-18.jpg\" alt=\"Deuter Rucksack AC Lite 18\" width=\"201\" height=\"300\" \/>Auch wenn heute keine Zelte mehr im Programm sind, ist der Hersteller seinen Wurzeln treu geblieben. Das gilt sowohl f\u00fcr den Rucksack als auch f\u00fcr die Pr\u00fcfmethoden im Feld.<\/p>\n<p style=\"text-align: justify;\">Erfahrene Bergf\u00fchrer mit mindestens 200 Touren pro Jahr testen die Neuentwicklungen des Herstellers. Damit steckt in jedem Deuter Rucksack mehr Praxiserfahrung. Neben der Ausstattung f\u00fcr Bergsteiger und dem Trekking-Equipment profitieren auch andere von dem Know-how beim Tragekomfort wie beispielsweise am Fahrradrucksack oder Schulrucksack. So geniesst der Anwender die ergonomische Form und gute Anpassungsf\u00e4higkeit eines Spitzenprodukts mit unterschiedlichen Gr\u00f6ssen und Ausstattungsmerkmalen.<\/p>\n<h2>Tipps zur Auswahl<\/h2>\n<p style=\"text-align: justify;\">Frauen finden unter den Deuter Rucks\u00e4cken eine speziell f\u00fcr ihre anatomischen Bedingungen entwickelte Linie. Diese ber\u00fccksichtigt nicht allein die Kraft der Tr\u00e4gerin, sondern auch die meist etwas schmaleren Schultern oder den etwas gr\u00f6sseren H\u00fcftumfang. Auch wo Brustriegel zur Entlastung der R\u00fcckenmuskulatur liegen, unterscheidet sich bei den Geschlechtern.<\/p>\n<blockquote>\n<p style=\"text-align: justify;\">Eine erste Anprobe sollte mit gef\u00fclltem Rucksack erfolgen.<\/p>\n<\/blockquote>\n<p style=\"text-align: justify;\">Nur so ist festzustellen, ob alles passt und nichts dr\u00fcckt. F\u00fcr lange Trekkingtouren ist ein Regenschutz unentbehrlich und Reflektoren sch\u00fctzen in der Dunkelheit.<\/p>\n<h3><img loading=\"lazy\" decoding=\"async\" class=\"alignleft wp-image-2687 size-full\" title=\"Rucksack &quot;Zugspitze 24&quot; von Deuter\" src=\"https:\/\/www.schlanser.ch\/magazin\/wp-content\/uploads\/2017\/09\/Deuter-Rucksack-Zugspitze-24.jpg\" alt=\"Deuter Rucksack Zugspitze 24\" width=\"222\" height=\"300\" \/>Trekking als Tagestour<\/h3>\n<p style=\"text-align: justify;\">Mit seinen 24 l ist der <strong>Deuter Rucksack Zugspitze<\/strong> ausreichend f\u00fcr eine ausgiebige Tour. Aufgesetzte und grossvolumige Taschen an den Seiten sorgen f\u00fcr Ordnung und schnellen Zugriff. Vortasche und Deckelfach erweitern den Stauraum. Die gepolsterten und einstellbaren Schulterriemen minimieren die Druckbelastung.<\/p>\n<p style=\"text-align: justify;\">Das Highlight findet sich allerdings an der R\u00fcckenpartie mit Air Comfort. Die Wiederauflage des Erfolgsmodells &#8222;Das Original&#8220; macht den Klassiker nun wieder zug\u00e4nglich. Mit einem integrierten Regenschutz sowie der Halterung f\u00fcr Wanderst\u00f6cke geh\u00f6rt dieser Rucksack zu den Basics.<\/p>\n<h3>Wandern mit dem ACT Lite 40+10<\/h3>\n<p style=\"text-align: justify;\"><img loading=\"lazy\" decoding=\"async\" class=\"alignright wp-image-2690 size-full\" title=\"Rucksack &quot;ACT Lite 40+10&quot; von Deuter\" src=\"https:\/\/www.schlanser.ch\/magazin\/wp-content\/uploads\/2017\/09\/Deuter-Rucksack-ACT-Lite-4010.jpg\" alt=\"Deuter Rucksack ACT Lite 40+10\" width=\"234\" height=\"300\" \/>F\u00fcr l\u00e4ngere Touren und mehr Gep\u00e4ck ist der <strong>ACT Lite 40+10<\/strong> gedacht, der alle wertvollen Features eines modernen Trekking-Rucksacks vereint. Das sind zum Beispiel Soft Edge Kanten, die den Schultergurt noch angenehmer machen. Die Bel\u00fcftung am R\u00fccken ist dank Aircontact-System gegeben. Mit flexibler Einstellung auf die passende R\u00fcckenl\u00e4nge und den verstellbaren H\u00fcftflossen ist eine optimale Lastverteilung gew\u00e4hrleistet. Ein separates Bodenfach, das Stretch-Innenfach und das Innenfach f\u00fcr Wertsachen dienen der Bequemlichkeit und sicheren Verwahrung. Ein SOS-Label liefert wichtige Hinweise f\u00fcr den Notfall und der integrierte Regenschutz h\u00e4lt Verpacktes trocken. Dieser Rucksack ist optional mit einem Trinksystem bis zu drei Liter Fassungsverm\u00f6gen auszustatten.<\/p>\n<h3>Urban und unterwegs: der Walker<\/h3>\n<p style=\"text-align: justify;\">Wer eher auf einen Allrounder setzt, schaut sich den <strong>Deuter Walker<\/strong> n\u00e4her an. Der Rucksack ist mit 20 l oder 24 l Volumen verf\u00fcgbar. \u00c4usserlich orientiert er sich an den Erfordernissen eines urbanen Umfelds mit Laptop-Fach und ausreichend Platz f\u00fcr Kabel und Stecker. Das Vorderfach gestattet eine \u00fcbersichtliche Unterbringung von allerlei Kleinkram, in dem die Schl\u00fcssel dank Karabiner immer schnell zur Hand sind.<\/p>\n<p><img loading=\"lazy\" decoding=\"async\" class=\"aligncenter wp-image-2695 size-full\" title=\"Rucksack &quot;Walker 24&quot; von Deuter\" src=\"https:\/\/www.schlanser.ch\/magazin\/wp-content\/uploads\/2017\/09\/Deuter-Rucksack-Walker-24.jpg\" alt=\"Deuter Rucksack Walker 24\" width=\"600\" height=\"300\" srcset=\"https:\/\/www.schlanser.ch\/magazin\/wp-content\/uploads\/2017\/09\/Deuter-Rucksack-Walker-24.jpg 600w, https:\/\/www.schlanser.ch\/magazin\/wp-content\/uploads\/2017\/09\/Deuter-Rucksack-Walker-24-300x150.jpg 300w\" sizes=\"(max-width: 600px) 100vw, 600px\" \/><\/p>\n<p style=\"text-align: justify;\">Das grossvolumige Innenfach nimmt problemlos Ordner auf, was den Walker zum veritablen Schulrucksack macht. Dass das Unternehmen deutlich mehr als Trekking-Equipment kann, sieht man auch an den Taschen der Marke.<\/p>\n<h2>Taschen: schick und praxistauglich<\/h2>\n<p style=\"text-align: justify;\">Aus demselben hochwertigen Material wie die R\u00fccks\u00e4cke sind auch die Taschen gefertigt. Als praktische Umh\u00e4ngetasche ist das Modell <strong>Roadway<\/strong> ein dankbarer Begleiter auf dem Weg zur Uni, auf St\u00e4dtetrips oder einfach als Laptop-Tasche. Der Umschlag verschliesst die Mappe mit einem Klettverschluss und zus\u00e4tzlicher Schnalle. Im Innenfach sind Handy, Kamera und anderes sicher untergebracht. Die pfiffige Tasche ist mit einem justierbaren Schultergurt f\u00fcr variable L\u00e4ngen ausger\u00fcstet.<\/p>\n<p><center><img loading=\"lazy\" decoding=\"async\" class=\"alignnone wp-image-2698 size-full\" title=\"Tasche &quot;Roadway&quot; von Deuter\" src=\"https:\/\/www.schlanser.ch\/magazin\/wp-content\/uploads\/2017\/09\/Deuter-Tasche-Roadway.jpg\" alt=\"Deuter Tasche Roadway\" width=\"300\" height=\"300\" srcset=\"https:\/\/www.schlanser.ch\/magazin\/wp-content\/uploads\/2017\/09\/Deuter-Tasche-Roadway.jpg 300w, https:\/\/www.schlanser.ch\/magazin\/wp-content\/uploads\/2017\/09\/Deuter-Tasche-Roadway-150x150.jpg 150w\" sizes=\"(max-width: 300px) 100vw, 300px\" \/> <img loading=\"lazy\" decoding=\"async\" class=\"alignnone wp-image-2699 size-full\" title=\"Umh\u00e4ngetasche &quot;Carry Out&quot; von Deuter\" src=\"https:\/\/www.schlanser.ch\/magazin\/wp-content\/uploads\/2017\/09\/Deuter-Umhaengetasche-Carry-Out.jpg\" alt=\"Deuter Umhaengetasche Carry Out\" width=\"300\" height=\"300\" srcset=\"https:\/\/www.schlanser.ch\/magazin\/wp-content\/uploads\/2017\/09\/Deuter-Umhaengetasche-Carry-Out.jpg 300w, https:\/\/www.schlanser.ch\/magazin\/wp-content\/uploads\/2017\/09\/Deuter-Umhaengetasche-Carry-Out-150x150.jpg 150w\" sizes=\"(max-width: 300px) 100vw, 300px\" \/><\/center><\/p>\n<p style=\"text-align: justify;\">Die <strong>Deuter Tasche Carry out<\/strong> ist etwas niedriger, daf\u00fcr aber mit Reissverschluss an jedem Fach ausgef\u00fchrt. Der verstellbare Tragegurt bietet dank Schulterpolster mehr Komfort.<\/p>\n<h3><img loading=\"lazy\" decoding=\"async\" class=\"alignleft wp-image-2706 size-full\" title=\"Security Legholster von Deuter\" src=\"https:\/\/www.schlanser.ch\/magazin\/wp-content\/uploads\/2017\/09\/Deuter-Security-Legholster.jpg\" alt=\"Deuter Security Legholster\" width=\"210\" height=\"300\" \/>Holster f\u00fcr Wertsachen<\/h3>\n<p style=\"text-align: justify;\">F\u00fcr manche darf eine k\u00f6rpernah getragene Tasche im Trekking-Equipment nicht fehlen. Wer es vorzieht, seine Wertgegenst\u00e4nde direkt auf der Haut zu tragen, findet unter den Holstern das Passende.<\/p>\n<p style=\"text-align: justify;\">Als Umh\u00e4ngetasche unter der Jacke oder am Bein, verborgen durch die Hose, sind Personalpapiere, Bargeld oder Scheckkarten schwer erreichbar f\u00fcr Taschendiebe.<\/p>\n<p style=\"text-align: justify;\">Als dritte Variante kommt noch eine G\u00fcrteltasche in die engere Wahl, die mit Befestigungsschlaufen am G\u00fcrtel festzumachen und verdeckt zu tragen ist.<\/p>\n<h2>Radwandern mit Deuter<\/h2>\n<p style=\"text-align: justify;\"><img loading=\"lazy\" decoding=\"async\" class=\"alignright wp-image-2708 size-full\" title=\"Security Flip In zur Anbringung am G\u00fcrtel von Deuter\" src=\"https:\/\/www.schlanser.ch\/magazin\/wp-content\/uploads\/2017\/09\/Deuter-Security-Flip-In-zur-Anbringung-am-Guertel.jpg\" alt=\"Deuter Security Flip In zur Anbringung am Guertel\" width=\"300\" height=\"219\" \/>Mit allen vorgestellten Deuter Taschen und Rucks\u00e4cken machen Sie auch auf dem Velo eine gute Figur. Trotzdem hat der Rucksackspezialist f\u00fcr diese Disziplin eine gesonderte Serie im Programm: Der Fahrradrucksack in unterschiedlichen Gr\u00f6ssen und Ausf\u00fchrungen ist mit Vorrichtungen zur Helmaufbewahrung, einem Regenschutz und leicht von aussen erreichbaren Taschen ausgestattet. Auch hier sind Modelle mit einem Volumen von bis zu 30 l vorhanden.<\/p>\n<p style=\"text-align: justify;\">In Kombination mit Satteltaschen bieten diese Rucks\u00e4cke ausreichend Fassungsverm\u00f6gen f\u00fcr eine ausgiebige Radtour auf Europas Fernradwegen.<\/p>\n","protected":false},"excerpt":{"rendered":"<p>Sp\u00e4tsommer und Herbst sind optimale Jahreszeiten f\u00fcr ausgiebiges Trekking. Die Sonne brennt nicht mehr so heiss und in den N\u00e4chten bleiben die Temperaturen moderat. Ein technisch ausgereifter Rucksack und entsprechende Taschen versprechen ausreichend Stauraum und hohen Tragekomfort bei allen Outdoor-Aktivit\u00e4ten. Deuter liefert auf diesem Sektor seit mehr als 100 Jahren Spitzenprodukte. Wir zeichnen das Portr\u00e4t &hellip;<\/p>\n","protected":false},"author":1,"featured_media":2733,"comment_status":"closed","ping_status":"open","sticky":false,"template":"","format":"standard","meta":{"footnotes":""},"categories":[1],"tags":[54,381,52,102,234,380,352],"yoast_head":"<!-- This site is optimized with the Yoast SEO plugin v22.2 - https:\/\/yoast.com\/wordpress\/plugins\/seo\/ -->\n<title>Deuter \u2013 Trekkingliebling im Portrait - Schlanser Magazin<\/title>\n<meta name=\"description\" content=\"Lesen Sie bei Schlanser: Der Trekking-Name Deuter steht weltweit f\u00fcr die ausgezeichnete Qualit\u00e4t seiner Taschen \u2714 Rucks\u00e4cke \u2714 Outdoor-Equipment \u2714\" \/>\n<meta name=\"robots\" content=\"noindex, follow\" \/>\n<meta property=\"og:locale\" content=\"de_DE\" \/>\n<meta property=\"og:type\" content=\"article\" \/>\n<meta property=\"og:title\" content=\"Deuter \u2013 Trekkingliebling im Portrait - Schlanser Magazin\" \/>\n<meta property=\"og:description\" content=\"Lesen Sie bei Schlanser: Der Trekking-Name Deuter steht weltweit f\u00fcr die ausgezeichnete Qualit\u00e4t seiner Taschen \u2714 Rucks\u00e4cke \u2714 Outdoor-Equipment \u2714\" \/>\n<meta property=\"og:url\" content=\"https:\/\/www.schlanser.ch\/magazin\/deuter-trekking\/\" \/>\n<meta property=\"og:site_name\" content=\"Schlanser Magazin\" \/>\n<meta property=\"article:published_time\" content=\"2017-09-07T07:50:13+00:00\" \/>\n<meta property=\"article:modified_time\" content=\"2025-01-24T15:27:33+00:00\" \/>\n<meta property=\"og:image\" content=\"https:\/\/www.schlanser.ch\/magazin\/wp-content\/uploads\/2017\/09\/Deuter-Trekkingliebling-im-Portrait.jpg\" \/>\n\t<meta property=\"og:image:width\" content=\"800\" \/>\n\t<meta property=\"og:image:height\" content=\"409\" \/>\n\t<meta property=\"og:image:type\" content=\"image\/jpeg\" \/>\n<meta name=\"author\" content=\"admin\" \/>\n<meta name=\"twitter:card\" content=\"summary_large_image\" \/>\n<meta name=\"twitter:label1\" content=\"Verfasst von\" \/>\n\t<meta name=\"twitter:data1\" content=\"admin\" \/>\n\t<meta name=\"twitter:label2\" content=\"Gesch\u00e4tzte Lesezeit\" \/>\n\t<meta name=\"twitter:data2\" content=\"8 Minuten\" \/>\n<script type=\"application\/ld+json\" class=\"yoast-schema-graph\">{\"@context\":\"https:\/\/schema.org\",\"@graph\":[{\"@type\":\"WebPage\",\"@id\":\"https:\/\/www.schlanser.ch\/magazin\/deuter-trekking\/\",\"url\":\"https:\/\/www.schlanser.ch\/magazin\/deuter-trekking\/\",\"name\":\"Deuter \u2013 Trekkingliebling im Portrait - Schlanser Magazin\",\"isPartOf\":{\"@id\":\"https:\/\/www.schlanser.ch\/magazin\/#website\"},\"primaryImageOfPage\":{\"@id\":\"https:\/\/www.schlanser.ch\/magazin\/deuter-trekking\/#primaryimage\"},\"image\":{\"@id\":\"https:\/\/www.schlanser.ch\/magazin\/deuter-trekking\/#primaryimage\"},\"thumbnailUrl\":\"https:\/\/www.schlanser.ch\/magazin\/wp-content\/uploads\/2017\/09\/Deuter-Trekkingliebling-im-Portrait.jpg\",\"datePublished\":\"2017-09-07T07:50:13+00:00\",\"dateModified\":\"2025-01-24T15:27:33+00:00\",\"author\":{\"@id\":\"https:\/\/www.schlanser.ch\/magazin\/#\/schema\/person\/000db0a103eb2594ba3daf394b1dfea2\"},\"description\":\"Lesen Sie bei Schlanser: Der Trekking-Name Deuter steht weltweit f\u00fcr die ausgezeichnete Qualit\u00e4t seiner Taschen \u2714 Rucks\u00e4cke \u2714 Outdoor-Equipment \u2714\",\"breadcrumb\":{\"@id\":\"https:\/\/www.schlanser.ch\/magazin\/deuter-trekking\/#breadcrumb\"},\"inLanguage\":\"de-DE\",\"potentialAction\":[{\"@type\":\"ReadAction\",\"target\":[\"https:\/\/www.schlanser.ch\/magazin\/deuter-trekking\/\"]}]},{\"@type\":\"ImageObject\",\"inLanguage\":\"de-DE\",\"@id\":\"https:\/\/www.schlanser.ch\/magazin\/deuter-trekking\/#primaryimage\",\"url\":\"https:\/\/www.schlanser.ch\/magazin\/wp-content\/uploads\/2017\/09\/Deuter-Trekkingliebling-im-Portrait.jpg\",\"contentUrl\":\"https:\/\/www.schlanser.ch\/magazin\/wp-content\/uploads\/2017\/09\/Deuter-Trekkingliebling-im-Portrait.jpg\",\"width\":800,\"height\":409,\"caption\":\"\u00a9 JenkoAtaman \/ Fotolia.com\"},{\"@type\":\"BreadcrumbList\",\"@id\":\"https:\/\/www.schlanser.ch\/magazin\/deuter-trekking\/#breadcrumb\",\"itemListElement\":[{\"@type\":\"ListItem\",\"position\":1,\"name\":\"Startseite\",\"item\":\"https:\/\/www.schlanser.ch\/magazin\/\"},{\"@type\":\"ListItem\",\"position\":2,\"name\":\"Deuter \u2013 Trekkingliebling im Portrait\"}]},{\"@type\":\"WebSite\",\"@id\":\"https:\/\/www.schlanser.ch\/magazin\/#website\",\"url\":\"https:\/\/www.schlanser.ch\/magazin\/\",\"name\":\"Schlanser Magazin\",\"description\":\"\",\"potentialAction\":[{\"@type\":\"SearchAction\",\"target\":{\"@type\":\"EntryPoint\",\"urlTemplate\":\"https:\/\/www.schlanser.ch\/magazin\/?s={search_term_string}\"},\"query-input\":\"required name=search_term_string\"}],\"inLanguage\":\"de-DE\"},{\"@type\":\"Person\",\"@id\":\"https:\/\/www.schlanser.ch\/magazin\/#\/schema\/person\/000db0a103eb2594ba3daf394b1dfea2\",\"name\":\"admin\",\"image\":{\"@type\":\"ImageObject\",\"inLanguage\":\"de-DE\",\"@id\":\"https:\/\/www.schlanser.ch\/magazin\/#\/schema\/person\/image\/\",\"url\":\"https:\/\/secure.gravatar.com\/avatar\/a794a4fe8a9b9c52241597eb381dfa2e?s=96&d=mm&r=g\",\"contentUrl\":\"https:\/\/secure.gravatar.com\/avatar\/a794a4fe8a9b9c52241597eb381dfa2e?s=96&d=mm&r=g\",\"caption\":\"admin\"}}]}<\/script>\n<!-- \/ Yoast SEO plugin. -->","yoast_head_json":{"title":"Deuter \u2013 Trekkingliebling im Portrait - Schlanser Magazin","description":"Lesen Sie bei Schlanser: Der Trekking-Name Deuter steht weltweit f\u00fcr die ausgezeichnete Qualit\u00e4t seiner Taschen \u2714 Rucks\u00e4cke \u2714 Outdoor-Equipment \u2714","robots":{"index":"noindex","follow":"follow"},"og_locale":"de_DE","og_type":"article","og_title":"Deuter \u2013 Trekkingliebling im Portrait - Schlanser Magazin","og_description":"Lesen Sie bei Schlanser: Der Trekking-Name Deuter steht weltweit f\u00fcr die ausgezeichnete Qualit\u00e4t seiner Taschen \u2714 Rucks\u00e4cke \u2714 Outdoor-Equipment \u2714","og_url":"https:\/\/www.schlanser.ch\/magazin\/deuter-trekking\/","og_site_name":"Schlanser Magazin","article_published_time":"2017-09-07T07:50:13+00:00","article_modified_time":"2025-01-24T15:27:33+00:00","og_image":[{"width":800,"height":409,"url":"https:\/\/www.schlanser.ch\/magazin\/wp-content\/uploads\/2017\/09\/Deuter-Trekkingliebling-im-Portrait.jpg","type":"image\/jpeg"}],"author":"admin","twitter_card":"summary_large_image","twitter_misc":{"Verfasst von":"admin","Gesch\u00e4tzte Lesezeit":"8 Minuten"},"schema":{"@context":"https:\/\/schema.org","@graph":[{"@type":"WebPage","@id":"https:\/\/www.schlanser.ch\/magazin\/deuter-trekking\/","url":"https:\/\/www.schlanser.ch\/magazin\/deuter-trekking\/","name":"Deuter \u2013 Trekkingliebling im Portrait - Schlanser Magazin","isPartOf":{"@id":"https:\/\/www.schlanser.ch\/magazin\/#website"},"primaryImageOfPage":{"@id":"https:\/\/www.schlanser.ch\/magazin\/deuter-trekking\/#primaryimage"},"image":{"@id":"https:\/\/www.schlanser.ch\/magazin\/deuter-trekking\/#primaryimage"},"thumbnailUrl":"https:\/\/www.schlanser.ch\/magazin\/wp-content\/uploads\/2017\/09\/Deuter-Trekkingliebling-im-Portrait.jpg","datePublished":"2017-09-07T07:50:13+00:00","dateModified":"2025-01-24T15:27:33+00:00","author":{"@id":"https:\/\/www.schlanser.ch\/magazin\/#\/schema\/person\/000db0a103eb2594ba3daf394b1dfea2"},"description":"Lesen Sie bei Schlanser: Der Trekking-Name Deuter steht weltweit f\u00fcr die ausgezeichnete Qualit\u00e4t seiner Taschen \u2714 Rucks\u00e4cke \u2714 Outdoor-Equipment \u2714","breadcrumb":{"@id":"https:\/\/www.schlanser.ch\/magazin\/deuter-trekking\/#breadcrumb"},"inLanguage":"de-DE","potentialAction":[{"@type":"ReadAction","target":["https:\/\/www.schlanser.ch\/magazin\/deuter-trekking\/"]}]},{"@type":"ImageObject","inLanguage":"de-DE","@id":"https:\/\/www.schlanser.ch\/magazin\/deuter-trekking\/#primaryimage","url":"https:\/\/www.schlanser.ch\/magazin\/wp-content\/uploads\/2017\/09\/Deuter-Trekkingliebling-im-Portrait.jpg","contentUrl":"https:\/\/www.schlanser.ch\/magazin\/wp-content\/uploads\/2017\/09\/Deuter-Trekkingliebling-im-Portrait.jpg","width":800,"height":409,"caption":"\u00a9 JenkoAtaman \/ Fotolia.com"},{"@type":"BreadcrumbList","@id":"https:\/\/www.schlanser.ch\/magazin\/deuter-trekking\/#breadcrumb","itemListElement":[{"@type":"ListItem","position":1,"name":"Startseite","item":"https:\/\/www.schlanser.ch\/magazin\/"},{"@type":"ListItem","position":2,"name":"Deuter \u2013 Trekkingliebling im Portrait"}]},{"@type":"WebSite","@id":"https:\/\/www.schlanser.ch\/magazin\/#website","url":"https:\/\/www.schlanser.ch\/magazin\/","name":"Schlanser Magazin","description":"","potentialAction":[{"@type":"SearchAction","target":{"@type":"EntryPoint","urlTemplate":"https:\/\/www.schlanser.ch\/magazin\/?s={search_term_string}"},"query-input":"required name=search_term_string"}],"inLanguage":"de-DE"},{"@type":"Person","@id":"https:\/\/www.schlanser.ch\/magazin\/#\/schema\/person\/000db0a103eb2594ba3daf394b1dfea2","name":"admin","image":{"@type":"ImageObject","inLanguage":"de-DE","@id":"https:\/\/www.schlanser.ch\/magazin\/#\/schema\/person\/image\/","url":"https:\/\/secure.gravatar.com\/avatar\/a794a4fe8a9b9c52241597eb381dfa2e?s=96&d=mm&r=g","contentUrl":"https:\/\/secure.gravatar.com\/avatar\/a794a4fe8a9b9c52241597eb381dfa2e?s=96&d=mm&r=g","caption":"admin"}}]}},"_links":{"self":[{"href":"https:\/\/www.schlanser.ch\/magazin\/wp-json\/wp\/v2\/posts\/2680"}],"collection":[{"href":"https:\/\/www.schlanser.ch\/magazin\/wp-json\/wp\/v2\/posts"}],"about":[{"href":"https:\/\/www.schlanser.ch\/magazin\/wp-json\/wp\/v2\/types\/post"}],"author":[{"embeddable":true,"href":"https:\/\/www.schlanser.ch\/magazin\/wp-json\/wp\/v2\/users\/1"}],"replies":[{"embeddable":true,"href":"https:\/\/www.schlanser.ch\/magazin\/wp-json\/wp\/v2\/comments?post=2680"}],"version-history":[{"count":53,"href":"https:\/\/www.schlanser.ch\/magazin\/wp-json\/wp\/v2\/posts\/2680\/revisions"}],"predecessor-version":[{"id":16887,"href":"https:\/\/www.schlanser.ch\/magazin\/wp-json\/wp\/v2\/posts\/2680\/revisions\/16887"}],"wp:featuredmedia":[{"embeddable":true,"href":"https:\/\/www.schlanser.ch\/magazin\/wp-json\/wp\/v2\/media\/2733"}],"wp:attachment":[{"href":"https:\/\/www.schlanser.ch\/magazin\/wp-json\/wp\/v2\/media?parent=2680"}],"wp:term":[{"taxonomy":"category","embeddable":true,"href":"https:\/\/www.schlanser.ch\/magazin\/wp-json\/wp\/v2\/categories?post=2680"},{"taxonomy":"post_tag","embeddable":true,"href":"https:\/\/www.schlanser.ch\/magazin\/wp-json\/wp\/v2\/tags?post=2680"}],"curies":[{"name":"wp","href":"https:\/\/api.w.org\/{rel}","templated":true}]}}