{"id":2765,"date":"2017-09-19T15:40:50","date_gmt":"2017-09-19T13:40:50","guid":{"rendered":"https:\/\/www.schlanser.ch\/magazin\/?p=2765"},"modified":"2024-01-10T14:41:52","modified_gmt":"2024-01-10T13:41:52","slug":"trekking-tour-rundreise","status":"publish","type":"post","link":"https:\/\/www.schlanser.ch\/magazin\/trekking-tour-rundreise\/","title":{"rendered":"Trekking Tour Rundreise"},"content":{"rendered":"<h2>\u00ab Wandern in Europa f\u00fcr Familien und Abenteurer \u00bb<\/h2>\n<p style=\"text-align: justify;\"><strong>Erholung mit Fitnessfaktor und einen deutlichen Kontrast zum Alltag bietet ganz sicher eine Trekking Tour. Mitgenommen wird das, was man auf dem R\u00fccken tragen kann. Und das muss je nach Strecke nicht viel sein. Innerhalb Europas bietet sich eine unvorstellbare Vielfalt an M\u00f6glichkeiten zum Wandern: Von traumhaften K\u00fcstentrails \u00fcber steinige Bergpfade bis hin zu Natur pur entlang von Fl\u00fcssen oder quer \u00fcber die Berge ist alles geboten, was Anf\u00e4nger oder Profis w\u00fcnschen.<\/strong><\/p>\n<h2>Wandern in Europa: extrem oder familienfreundlich?<\/h2>\n<p style=\"text-align: justify;\">Trekking Touren unterscheiden sich nicht nur hinsichtlich des Gebiets, in dem gewandert wird, sondern ebenso in Bezug auf die Unterk\u00fcnfte und die k\u00f6rperlichen Anforderungen. H\u00f6rt man Vielreisende \u00fcber Europa reden, wird eines stets betont: In diesem Kontinent findet man landschaftlich nahezu alles, was der Planet zu bieten hat. Obendrein kann man innerhalb von nur einem Tag an jedem Ort sein und das unvergessliche Erlebnis &#8222;Wandern&#8220; starten.<\/p>\n<p style=\"text-align: justify;\"><img loading=\"lazy\" decoding=\"async\" class=\"alignright wp-image-2775 size-full\" title=\"Primus Kocher Lite Plus Dark Olive Piezo\" src=\"https:\/\/www.schlanser.ch\/magazin\/wp-content\/uploads\/2017\/09\/Primus-Kocher-Lite-Plus-Dark-Olive-Piezo.jpg\" alt=\"Primus Kocher Lite Plus Dark Olive Piezo\" width=\"300\" height=\"301\" srcset=\"https:\/\/www.schlanser.ch\/magazin\/wp-content\/uploads\/2017\/09\/Primus-Kocher-Lite-Plus-Dark-Olive-Piezo.jpg 300w, https:\/\/www.schlanser.ch\/magazin\/wp-content\/uploads\/2017\/09\/Primus-Kocher-Lite-Plus-Dark-Olive-Piezo-150x150.jpg 150w, https:\/\/www.schlanser.ch\/magazin\/wp-content\/uploads\/2017\/09\/Primus-Kocher-Lite-Plus-Dark-Olive-Piezo-299x300.jpg 299w\" sizes=\"(max-width: 300px) 100vw, 300px\" \/>Extreme Trekker sorgen immer wieder f\u00fcr Schlagzeilen. Sie begeben sich in luftige H\u00f6hen, bew\u00e4ltigen Trecks ohne Versorgungsm\u00f6glichkeiten und blicken an steilen Abgr\u00fcnden dem Tod ins Auge. Trekking kann aber so viel mehr sein und bietet gleichermassen Familien eine perfekte Urlaubsm\u00f6glichkeit. So haben die Kleinen Bewegung, frische Luft und lernen ihre Umwelt kennen. Die Eltern d\u00fcrfen das Handy ausschalten und sich statt mit Rechnungen mit der Abendessensplanung und der Campingk\u00fcche als gr\u00f6sste Tagesaufgabe besch\u00e4ftigen.<\/p>\n<h2>Wandern in Europa f\u00fcr Familien<\/h2>\n<p style=\"text-align: justify;\">Nicht nur f\u00fcr Familien mit lauffreudigen Kindern, sondern auch f\u00fcr weniger sportliche Personen eignen sich die folgenden vier Wanderstrecken. Die einzelne Trekking Tour ist nicht unbedingt anspruchslos. Doch kann man sie mit entsprechender Planung und ausreichend Zeit gem\u00fctlich wandern.<\/p>\n<h3>Cinque Terre<\/h3>\n<p style=\"text-align: justify;\">An Cinque Terre kommt man in keinem Italien-Reisef\u00fchrer vorbei. Hinter dem Namen verbergen sich 5 malerisch gelegene St\u00e4dte, die auf Felsnadeln oberhalb der ligurischen K\u00fcste \u00f6stlich von Genua emporragen. Besucher finden hier eine einmalige Symbiose aus Kultur und Natur: Sanfte Weinberge erstrecken sich hin zu schroffen Klippen, die aus einem tiefblauen Meer herausragen. Dazwischen liegen wie Perlen auf einer Schnur urige Ortschaften mit H\u00e4usern in den warmen Farbt\u00f6nen eines Sonnenuntergangs.<\/p>\n<figure id=\"attachment_2768\" aria-describedby=\"caption-attachment-2768\" style=\"width: 600px\" class=\"wp-caption aligncenter\"><img loading=\"lazy\" decoding=\"async\" class=\"wp-image-2768 size-full\" title=\"Cinque Terre - malerische Aussicht und mediterranes Flair\" src=\"https:\/\/www.schlanser.ch\/magazin\/wp-content\/uploads\/2017\/09\/Cinque-Terre.jpg\" alt=\"Cinque Terre\" width=\"600\" height=\"400\" srcset=\"https:\/\/www.schlanser.ch\/magazin\/wp-content\/uploads\/2017\/09\/Cinque-Terre.jpg 600w, https:\/\/www.schlanser.ch\/magazin\/wp-content\/uploads\/2017\/09\/Cinque-Terre-300x200.jpg 300w\" sizes=\"(max-width: 600px) 100vw, 600px\" \/><figcaption id=\"caption-attachment-2768\" class=\"wp-caption-text\">\u00a9 iryna1 \/ Fotolia.com<\/figcaption><\/figure>\n<p style=\"text-align: justify;\">Es gibt verschiedene Varianten, um das Gebiet auf einer Trekking Tour zu erwandern. Eine sehr aussichtsreiche M\u00f6glichkeit ist der Wanderweg von Levanto \u00fcber Cigoletta nach Portovenere. Er f\u00fchrt haupts\u00e4chlich an einem H\u00f6henkamm \u00fcber 800 m entlang. Mit zwei Tagesetappen \u00e1 5 bis 6 Stunden ist die Strecke \u00fcberschaubar. Versorgungsm\u00f6glichkeiten gibt es unterwegs reichlich und \u00fcbernachtet werden kann in einem der zahlreichen Gasth\u00e4user. Neugierige k\u00f6nnen die Tour nach Belieben auf einen der kreuzenden Wanderwege ausweiten.<\/p>\n<h3>Via Gebennensis<\/h3>\n<p style=\"text-align: justify;\">Ein wenig begangenes St\u00fcck des Jakobus-Wegenetzes ist die Via Gebennensis. Nach seiner Ursprungsstadt Genf benannt, f\u00fchrt der gut ausgeschilderte Weg durch das \u00f6stliche Frankreich entlang der Rh\u00f4ne bis in das Zentralmassiv. Das dortige Ziel Le Puy en Valey wartet mit einer imposanten Kirche und einer riesigen Statue auf einem Felsen auf.<\/p>\n<figure id=\"attachment_2769\" aria-describedby=\"caption-attachment-2769\" style=\"width: 600px\" class=\"wp-caption aligncenter\"><img loading=\"lazy\" decoding=\"async\" class=\"wp-image-2769 size-full\" title=\"Kirche und Statue von Le Puy en Valey\" src=\"https:\/\/www.schlanser.ch\/magazin\/wp-content\/uploads\/2017\/09\/Le-Puy-en-Valey.jpg\" alt=\"Le Puy en Valey\" width=\"600\" height=\"374\" srcset=\"https:\/\/www.schlanser.ch\/magazin\/wp-content\/uploads\/2017\/09\/Le-Puy-en-Valey.jpg 600w, https:\/\/www.schlanser.ch\/magazin\/wp-content\/uploads\/2017\/09\/Le-Puy-en-Valey-300x187.jpg 300w\" sizes=\"(max-width: 600px) 100vw, 600px\" \/><figcaption id=\"caption-attachment-2769\" class=\"wp-caption-text\">\u00a9 photosjcc \/ Fotolia.com<\/figcaption><\/figure>\n<p style=\"text-align: justify;\">Auf der Via Gebennensis schnuppert man in ungef\u00e4hr 16 Etappen auf 327 km echte Pilgerluft. Mit einem entsprechenden Pilgerpass kommt man in den Herbergen am Wegesrand g\u00fcnstig unter und wird oft gegen eine Spende hervorragend versorgt. Ausser Wechselkleidung, Tagesproviant und einem Multitool f\u00fcr alle F\u00e4lle gibt es nichts, das den Rucksack beschweren m\u00fcsste.<\/p>\n<h2>Wandern in Europa f\u00fcr Ge\u00fcbte<\/h2>\n<p style=\"text-align: justify;\">Wer am Wochenende regelm\u00e4ssig in die Wanderschuhe schl\u00fcpft, der wagt sich im Urlaub auch an eine Trekking Tour mit h\u00f6herem Niveau. Es ist nicht unbedingt so, dass die schwierigeren Touren beim Wandern in Europa die sch\u00f6neren sind, doch es bietet sich eine gr\u00f6ssere Auswahl, wenn man viele H\u00f6henmeter an einem Tag und l\u00e4ngere Tagesetappen vertr\u00e4gt.<\/p>\n<h3>Alpen\u00fcberquerung<\/h3>\n<p style=\"text-align: justify;\">Ein bekannter Pfad zur Alpen\u00fcberquerung reicht vom M\u00fcnchner Marienplatz zum venezianischen Markusplatz. Neben dieser Hauptverkehrsader ist die Alpen\u00fcberquerung von Salzburg nach Triest eine ruhigere Alternative. Die Wege sind hier nicht ausgetrampelt und landschaftlich bieten sich dem ambitionierten Wanderer einmalige Erlebnisse.<\/p>\n<figure id=\"attachment_2770\" aria-describedby=\"caption-attachment-2770\" style=\"width: 600px\" class=\"wp-caption aligncenter\"><img loading=\"lazy\" decoding=\"async\" class=\"wp-image-2770 size-full\" title=\"Unvergleichbarer Ausblick bei der Alpen\u00fcberquerung\" src=\"https:\/\/www.schlanser.ch\/magazin\/wp-content\/uploads\/2017\/09\/Alpen.jpg\" alt=\"Alpen\" width=\"600\" height=\"400\" srcset=\"https:\/\/www.schlanser.ch\/magazin\/wp-content\/uploads\/2017\/09\/Alpen.jpg 600w, https:\/\/www.schlanser.ch\/magazin\/wp-content\/uploads\/2017\/09\/Alpen-300x200.jpg 300w\" sizes=\"(max-width: 600px) 100vw, 600px\" \/><figcaption id=\"caption-attachment-2770\" class=\"wp-caption-text\">\u00a9 by paul \/ Fotolia.com<\/figcaption><\/figure>\n<p style=\"text-align: justify;\">Die Trekking Tour ist in 28 Etappen gut zu schaffen. Innerhalb von 500 km steigt der Wanderer 25.610 m hinauf und 26.040 m wieder hinab. Es gibt durchaus Tagesetappen von 8 Stunden und gut 1.000 H\u00f6henmetern Aufstieg. Am Ende jeder Etappe findet sich eine H\u00fctte oder Herberge, in der man in guter Gesellschaft den Abend verbringen kann. H\u00fcttenschlafsack nicht vergessen!<\/p>\n<h3>Olavsweg in Norwegen<\/h3>\n<p style=\"text-align: justify;\">Dies ist ein weiterer Pilgerweg auf unserer Liste der sch\u00f6nsten Touren zum Wandern in Europa. Ziel der nordischen Pilgerstrecke ist der Nidarosdom in Trondheim. Ein typischer Startpunkt liegt in Oslo, von wo aus es 650 km nach Norden geht. Zeitansatz f\u00fcr diese gut ausgeschilderte Trekking Tour sind 32 Tage. Unterwegs erwarten den Wanderer gem\u00fctliche Herbergen und speziell gekennzeichnete Bauernh\u00f6fe mit Unterkunft und Essen. Nimmt man ein leichtes Trekkingzelt mit, ist man flexibler unterwegs.<\/p>\n<figure id=\"attachment_2771\" aria-describedby=\"caption-attachment-2771\" style=\"width: 600px\" class=\"wp-caption aligncenter\"><img loading=\"lazy\" decoding=\"async\" class=\"wp-image-2771 size-full\" title=\"Der Olavsweg: Trekking entlang alter Wikingerst\u00e4tten\" src=\"https:\/\/www.schlanser.ch\/magazin\/wp-content\/uploads\/2017\/09\/Olavsweg.jpg\" alt=\"Norwegen\" width=\"600\" height=\"450\" srcset=\"https:\/\/www.schlanser.ch\/magazin\/wp-content\/uploads\/2017\/09\/Olavsweg.jpg 600w, https:\/\/www.schlanser.ch\/magazin\/wp-content\/uploads\/2017\/09\/Olavsweg-300x225.jpg 300w\" sizes=\"(max-width: 600px) 100vw, 600px\" \/><figcaption id=\"caption-attachment-2771\" class=\"wp-caption-text\">\u00a9 Bigi Alt \/ Fotolia.com<\/figcaption><\/figure>\n<p style=\"text-align: justify;\">Der sportliche Anspruch ist m\u00e4ssig: Es m\u00fcssen teilweise Etappen bis 30 km mit einigen H\u00f6henmetern gegangen werden und es gibt kleinere Herausforderungen wie Bachdurchquerungen. Der Olavsweg schl\u00e4ngelt sich ein St\u00fcck weit entlang des Mj\u00f8sa-Sees, dem gr\u00f6ssten See Norwegens. Im Sommer verkehrt hier ein originaler Schaufelraddampfer von 1854. Auf einer sp\u00e4teren Etappe begegnet man freilaufenden, jedoch friedliebenden Moschusochsen. Die kulturellen Highlights unterwegs sind 28 Stabkirchen und diverse Thingst\u00e4tten, die Justizpl\u00e4tze der Wikinger.<\/p>\n<h2>Trekking f\u00fcr Abenteurer und Profi-Wanderer<\/h2>\n<p style=\"text-align: justify;\">F\u00fcr Adrenalinjunkies und erfahrene Wanderer, die schon so ziemlich alles auf dieser Welt gesehen haben, stellen wir hier zwei Routen f\u00fcr anspruchsvolles Wandern in Europa vor.<\/p>\n<h3>GR20 auf Korsika<\/h3>\n<p style=\"text-align: justify;\">Diese Trekking Tour schl\u00e4ngelt sich 200 km lang \u00fcber die franz\u00f6sische Mittelmeerinsel. Korsika ist weithin f\u00fcr seine einmalige Landschaft aufgrund hoher Berge auf engstem Raum bekannt. Der GR20 ist sprichw\u00f6rtlich der H\u00f6hepunkt aller Wanderwege dieser Insel. Von Calenzana im Norden bis Conca im S\u00fcden hat der passionierte Wanderer 12.500 H\u00f6henmeter zu bew\u00e4ltigen. Seinen Ruf als einen der schwersten Wanderwege Europas hat der GR20 wegen der extremen Wetterbedingungen, den alpin anmutenden An- und Abstiegen mit oft kniehoher Tritth\u00f6he und den steinigen Wegen. Nicht umsonst ist er auf bis zu 20 Etappen angelegt. Die Unterk\u00fcnfte sind einfache H\u00fctten mit Kaltwassersanit\u00e4ranlagen, Matratzenlager und Biwakpl\u00e4tzen. Es lohnt also, einen guten Biwaksack mitzunehmen. In der Hauptsaison sind viele der H\u00fctten bewirtschaftet. Es ist ratsam schon im Vorfeld zu buchen!<\/p>\n<figure id=\"attachment_2772\" aria-describedby=\"caption-attachment-2772\" style=\"width: 600px\" class=\"wp-caption aligncenter\"><img loading=\"lazy\" decoding=\"async\" class=\"wp-image-2772 size-full\" title=\"Korsika - hohe Berge auf kleiner Fl\u00e4che\" src=\"https:\/\/www.schlanser.ch\/magazin\/wp-content\/uploads\/2017\/09\/Korsika.jpg\" alt=\"Korsika\" width=\"600\" height=\"343\" srcset=\"https:\/\/www.schlanser.ch\/magazin\/wp-content\/uploads\/2017\/09\/Korsika.jpg 600w, https:\/\/www.schlanser.ch\/magazin\/wp-content\/uploads\/2017\/09\/Korsika-300x172.jpg 300w\" sizes=\"(max-width: 600px) 100vw, 600px\" \/><figcaption id=\"caption-attachment-2772\" class=\"wp-caption-text\">\u00a9 Jareck \/ Fotolia.com<\/figcaption><\/figure>\n<h3>Selvaggio Blu auf Sardinien<\/h3>\n<p style=\"text-align: justify;\">Hier gibt es extremes Wandern in Europa. Wanderer, die diese Trekking Tour gelaufen sind, sprechen von Sch\u00fcrfwunden, blauen Flecken und unvergesslichen N\u00e4chten in einsamen Buchten. Der 59 km lange Pfad von Santa Maria Navarrese bis Cala Gonone ist eine unvergleichliche Herausforderung. Die 5.000 m Auf- und Abstieg sind nur mit Kletterpassagen und Abseilen zu bew\u00e4ltigen. Die Zwischenst\u00fccke sind voll von Ger\u00f6ll und Wegweiser sucht man oft vergeblich. Karte und Kompass sind ein absolutes Muss auf diesem Pfad. Auf der 4 bis 7 Tage langen Trekking Tour gibt es keine Versorgungsm\u00f6glichkeiten. Viele Trekker legen sich deswegen vorher Depots mit Wasser und Nahrung an. Trotz all dieser Unannehmlichkeiten sagen fast alle Abenteurer nach dem Selvaggio Blu, dass dies die sch\u00f6nste Tour ihres Lebens gewesen sei.<\/p>\n","protected":false},"excerpt":{"rendered":"<p>\u00ab Wandern in Europa f\u00fcr Familien und Abenteurer \u00bb Erholung mit Fitnessfaktor und einen deutlichen Kontrast zum Alltag bietet ganz sicher eine Trekking Tour. Mitgenommen wird das, was man auf dem R\u00fccken tragen kann. Und das muss je nach Strecke nicht viel sein. Innerhalb Europas bietet sich eine unvorstellbare Vielfalt an M\u00f6glichkeiten zum Wandern: Von &hellip;<\/p>\n","protected":false},"author":1,"featured_media":2774,"comment_status":"closed","ping_status":"open","sticky":false,"template":"","format":"standard","meta":{"footnotes":""},"categories":[2],"tags":[201,34,234,236,49,352],"yoast_head":"<!-- This site is optimized with the Yoast SEO plugin v22.2 - https:\/\/yoast.com\/wordpress\/plugins\/seo\/ -->\n<title>Trekking Tour Rundreise - Schlanser Magazin<\/title>\n<meta name=\"description\" content=\"Begleiten Sie das Schlanser Magazin zu einer Trekking-Tour durch Europa! \u2013 Wir stellen Rundreisen zum Wandern f\u00fcr Profis oder die Familie vor \u2714\" \/>\n<meta name=\"robots\" content=\"noindex, follow\" \/>\n<meta property=\"og:locale\" content=\"de_DE\" \/>\n<meta property=\"og:type\" content=\"article\" \/>\n<meta property=\"og:title\" content=\"Trekking Tour Rundreise - Schlanser Magazin\" \/>\n<meta property=\"og:description\" content=\"Begleiten Sie das Schlanser Magazin zu einer Trekking-Tour durch Europa! \u2013 Wir stellen Rundreisen zum Wandern f\u00fcr Profis oder die Familie vor \u2714\" \/>\n<meta property=\"og:url\" content=\"https:\/\/www.schlanser.ch\/magazin\/trekking-tour-rundreise\/\" \/>\n<meta property=\"og:site_name\" content=\"Schlanser Magazin\" \/>\n<meta property=\"article:published_time\" content=\"2017-09-19T13:40:50+00:00\" \/>\n<meta property=\"article:modified_time\" content=\"2024-01-10T13:41:52+00:00\" \/>\n<meta property=\"og:image\" content=\"https:\/\/www.schlanser.ch\/magazin\/wp-content\/uploads\/2017\/09\/Trekking-in-Europa.jpg\" \/>\n\t<meta property=\"og:image:width\" content=\"660\" \/>\n\t<meta property=\"og:image:height\" content=\"398\" \/>\n\t<meta property=\"og:image:type\" content=\"image\/jpeg\" \/>\n<meta name=\"author\" content=\"admin\" \/>\n<meta name=\"twitter:card\" content=\"summary_large_image\" \/>\n<meta name=\"twitter:label1\" content=\"Verfasst von\" \/>\n\t<meta name=\"twitter:data1\" content=\"admin\" \/>\n\t<meta name=\"twitter:label2\" content=\"Gesch\u00e4tzte Lesezeit\" \/>\n\t<meta name=\"twitter:data2\" content=\"8 Minuten\" \/>\n<script type=\"application\/ld+json\" class=\"yoast-schema-graph\">{\"@context\":\"https:\/\/schema.org\",\"@graph\":[{\"@type\":\"WebPage\",\"@id\":\"https:\/\/www.schlanser.ch\/magazin\/trekking-tour-rundreise\/\",\"url\":\"https:\/\/www.schlanser.ch\/magazin\/trekking-tour-rundreise\/\",\"name\":\"Trekking Tour Rundreise - Schlanser Magazin\",\"isPartOf\":{\"@id\":\"https:\/\/www.schlanser.ch\/magazin\/#website\"},\"primaryImageOfPage\":{\"@id\":\"https:\/\/www.schlanser.ch\/magazin\/trekking-tour-rundreise\/#primaryimage\"},\"image\":{\"@id\":\"https:\/\/www.schlanser.ch\/magazin\/trekking-tour-rundreise\/#primaryimage\"},\"thumbnailUrl\":\"https:\/\/www.schlanser.ch\/magazin\/wp-content\/uploads\/2017\/09\/Trekking-in-Europa.jpg\",\"datePublished\":\"2017-09-19T13:40:50+00:00\",\"dateModified\":\"2024-01-10T13:41:52+00:00\",\"author\":{\"@id\":\"https:\/\/www.schlanser.ch\/magazin\/#\/schema\/person\/000db0a103eb2594ba3daf394b1dfea2\"},\"description\":\"Begleiten Sie das Schlanser Magazin zu einer Trekking-Tour durch Europa! \u2013 Wir stellen Rundreisen zum Wandern f\u00fcr Profis oder die Familie vor \u2714\",\"breadcrumb\":{\"@id\":\"https:\/\/www.schlanser.ch\/magazin\/trekking-tour-rundreise\/#breadcrumb\"},\"inLanguage\":\"de-DE\",\"potentialAction\":[{\"@type\":\"ReadAction\",\"target\":[\"https:\/\/www.schlanser.ch\/magazin\/trekking-tour-rundreise\/\"]}]},{\"@type\":\"ImageObject\",\"inLanguage\":\"de-DE\",\"@id\":\"https:\/\/www.schlanser.ch\/magazin\/trekking-tour-rundreise\/#primaryimage\",\"url\":\"https:\/\/www.schlanser.ch\/magazin\/wp-content\/uploads\/2017\/09\/Trekking-in-Europa.jpg\",\"contentUrl\":\"https:\/\/www.schlanser.ch\/magazin\/wp-content\/uploads\/2017\/09\/Trekking-in-Europa.jpg\",\"width\":660,\"height\":398,\"caption\":\"\u00a9 JenkoAtaman \/ Fotolia.com\"},{\"@type\":\"BreadcrumbList\",\"@id\":\"https:\/\/www.schlanser.ch\/magazin\/trekking-tour-rundreise\/#breadcrumb\",\"itemListElement\":[{\"@type\":\"ListItem\",\"position\":1,\"name\":\"Startseite\",\"item\":\"https:\/\/www.schlanser.ch\/magazin\/\"},{\"@type\":\"ListItem\",\"position\":2,\"name\":\"Trekking Tour Rundreise\"}]},{\"@type\":\"WebSite\",\"@id\":\"https:\/\/www.schlanser.ch\/magazin\/#website\",\"url\":\"https:\/\/www.schlanser.ch\/magazin\/\",\"name\":\"Schlanser Magazin\",\"description\":\"\",\"potentialAction\":[{\"@type\":\"SearchAction\",\"target\":{\"@type\":\"EntryPoint\",\"urlTemplate\":\"https:\/\/www.schlanser.ch\/magazin\/?s={search_term_string}\"},\"query-input\":\"required name=search_term_string\"}],\"inLanguage\":\"de-DE\"},{\"@type\":\"Person\",\"@id\":\"https:\/\/www.schlanser.ch\/magazin\/#\/schema\/person\/000db0a103eb2594ba3daf394b1dfea2\",\"name\":\"admin\",\"image\":{\"@type\":\"ImageObject\",\"inLanguage\":\"de-DE\",\"@id\":\"https:\/\/www.schlanser.ch\/magazin\/#\/schema\/person\/image\/\",\"url\":\"https:\/\/secure.gravatar.com\/avatar\/a794a4fe8a9b9c52241597eb381dfa2e?s=96&d=mm&r=g\",\"contentUrl\":\"https:\/\/secure.gravatar.com\/avatar\/a794a4fe8a9b9c52241597eb381dfa2e?s=96&d=mm&r=g\",\"caption\":\"admin\"}}]}<\/script>\n<!-- \/ Yoast SEO plugin. -->","yoast_head_json":{"title":"Trekking Tour Rundreise - Schlanser Magazin","description":"Begleiten Sie das Schlanser Magazin zu einer Trekking-Tour durch Europa! \u2013 Wir stellen Rundreisen zum Wandern f\u00fcr Profis oder die Familie vor \u2714","robots":{"index":"noindex","follow":"follow"},"og_locale":"de_DE","og_type":"article","og_title":"Trekking Tour Rundreise - Schlanser Magazin","og_description":"Begleiten Sie das Schlanser Magazin zu einer Trekking-Tour durch Europa! \u2013 Wir stellen Rundreisen zum Wandern f\u00fcr Profis oder die Familie vor \u2714","og_url":"https:\/\/www.schlanser.ch\/magazin\/trekking-tour-rundreise\/","og_site_name":"Schlanser Magazin","article_published_time":"2017-09-19T13:40:50+00:00","article_modified_time":"2024-01-10T13:41:52+00:00","og_image":[{"width":660,"height":398,"url":"https:\/\/www.schlanser.ch\/magazin\/wp-content\/uploads\/2017\/09\/Trekking-in-Europa.jpg","type":"image\/jpeg"}],"author":"admin","twitter_card":"summary_large_image","twitter_misc":{"Verfasst von":"admin","Gesch\u00e4tzte Lesezeit":"8 Minuten"},"schema":{"@context":"https:\/\/schema.org","@graph":[{"@type":"WebPage","@id":"https:\/\/www.schlanser.ch\/magazin\/trekking-tour-rundreise\/","url":"https:\/\/www.schlanser.ch\/magazin\/trekking-tour-rundreise\/","name":"Trekking Tour Rundreise - Schlanser Magazin","isPartOf":{"@id":"https:\/\/www.schlanser.ch\/magazin\/#website"},"primaryImageOfPage":{"@id":"https:\/\/www.schlanser.ch\/magazin\/trekking-tour-rundreise\/#primaryimage"},"image":{"@id":"https:\/\/www.schlanser.ch\/magazin\/trekking-tour-rundreise\/#primaryimage"},"thumbnailUrl":"https:\/\/www.schlanser.ch\/magazin\/wp-content\/uploads\/2017\/09\/Trekking-in-Europa.jpg","datePublished":"2017-09-19T13:40:50+00:00","dateModified":"2024-01-10T13:41:52+00:00","author":{"@id":"https:\/\/www.schlanser.ch\/magazin\/#\/schema\/person\/000db0a103eb2594ba3daf394b1dfea2"},"description":"Begleiten Sie das Schlanser Magazin zu einer Trekking-Tour durch Europa! \u2013 Wir stellen Rundreisen zum Wandern f\u00fcr Profis oder die Familie vor \u2714","breadcrumb":{"@id":"https:\/\/www.schlanser.ch\/magazin\/trekking-tour-rundreise\/#breadcrumb"},"inLanguage":"de-DE","potentialAction":[{"@type":"ReadAction","target":["https:\/\/www.schlanser.ch\/magazin\/trekking-tour-rundreise\/"]}]},{"@type":"ImageObject","inLanguage":"de-DE","@id":"https:\/\/www.schlanser.ch\/magazin\/trekking-tour-rundreise\/#primaryimage","url":"https:\/\/www.schlanser.ch\/magazin\/wp-content\/uploads\/2017\/09\/Trekking-in-Europa.jpg","contentUrl":"https:\/\/www.schlanser.ch\/magazin\/wp-content\/uploads\/2017\/09\/Trekking-in-Europa.jpg","width":660,"height":398,"caption":"\u00a9 JenkoAtaman \/ Fotolia.com"},{"@type":"BreadcrumbList","@id":"https:\/\/www.schlanser.ch\/magazin\/trekking-tour-rundreise\/#breadcrumb","itemListElement":[{"@type":"ListItem","position":1,"name":"Startseite","item":"https:\/\/www.schlanser.ch\/magazin\/"},{"@type":"ListItem","position":2,"name":"Trekking Tour Rundreise"}]},{"@type":"WebSite","@id":"https:\/\/www.schlanser.ch\/magazin\/#website","url":"https:\/\/www.schlanser.ch\/magazin\/","name":"Schlanser Magazin","description":"","potentialAction":[{"@type":"SearchAction","target":{"@type":"EntryPoint","urlTemplate":"https:\/\/www.schlanser.ch\/magazin\/?s={search_term_string}"},"query-input":"required name=search_term_string"}],"inLanguage":"de-DE"},{"@type":"Person","@id":"https:\/\/www.schlanser.ch\/magazin\/#\/schema\/person\/000db0a103eb2594ba3daf394b1dfea2","name":"admin","image":{"@type":"ImageObject","inLanguage":"de-DE","@id":"https:\/\/www.schlanser.ch\/magazin\/#\/schema\/person\/image\/","url":"https:\/\/secure.gravatar.com\/avatar\/a794a4fe8a9b9c52241597eb381dfa2e?s=96&d=mm&r=g","contentUrl":"https:\/\/secure.gravatar.com\/avatar\/a794a4fe8a9b9c52241597eb381dfa2e?s=96&d=mm&r=g","caption":"admin"}}]}},"_links":{"self":[{"href":"https:\/\/www.schlanser.ch\/magazin\/wp-json\/wp\/v2\/posts\/2765"}],"collection":[{"href":"https:\/\/www.schlanser.ch\/magazin\/wp-json\/wp\/v2\/posts"}],"about":[{"href":"https:\/\/www.schlanser.ch\/magazin\/wp-json\/wp\/v2\/types\/post"}],"author":[{"embeddable":true,"href":"https:\/\/www.schlanser.ch\/magazin\/wp-json\/wp\/v2\/users\/1"}],"replies":[{"embeddable":true,"href":"https:\/\/www.schlanser.ch\/magazin\/wp-json\/wp\/v2\/comments?post=2765"}],"version-history":[{"count":11,"href":"https:\/\/www.schlanser.ch\/magazin\/wp-json\/wp\/v2\/posts\/2765\/revisions"}],"predecessor-version":[{"id":16765,"href":"https:\/\/www.schlanser.ch\/magazin\/wp-json\/wp\/v2\/posts\/2765\/revisions\/16765"}],"wp:featuredmedia":[{"embeddable":true,"href":"https:\/\/www.schlanser.ch\/magazin\/wp-json\/wp\/v2\/media\/2774"}],"wp:attachment":[{"href":"https:\/\/www.schlanser.ch\/magazin\/wp-json\/wp\/v2\/media?parent=2765"}],"wp:term":[{"taxonomy":"category","embeddable":true,"href":"https:\/\/www.schlanser.ch\/magazin\/wp-json\/wp\/v2\/categories?post=2765"},{"taxonomy":"post_tag","embeddable":true,"href":"https:\/\/www.schlanser.ch\/magazin\/wp-json\/wp\/v2\/tags?post=2765"}],"curies":[{"name":"wp","href":"https:\/\/api.w.org\/{rel}","templated":true}]}}