{"id":2779,"date":"2017-09-20T17:28:32","date_gmt":"2017-09-20T15:28:32","guid":{"rendered":"https:\/\/www.schlanser.ch\/magazin\/?p=2779"},"modified":"2024-08-01T12:27:06","modified_gmt":"2024-08-01T10:27:06","slug":"festival-zelte","status":"publish","type":"post","link":"https:\/\/www.schlanser.ch\/magazin\/festival-zelte\/","title":{"rendered":"Festival Zelte"},"content":{"rendered":"<h2>G\u00fcnstige Festivalzelte und anderes Equipment f\u00fcr die Festivalsaison<\/h2>\n<p style=\"text-align: justify;\"><strong>Oft heisst es pauschal &#8222;Sommerzeit ist Festivalzeit&#8220;. Doch ist dem faktisch nicht so. Mittlerweile gibt es diverse Konzepte, um Musikfestivals das ganze Jahr \u00fcber und an den verschiedensten nur denkbaren Orten abzuhalten, wie beispielsweise auf Kreuzfahrtschiffen oder in Hotelanlagen. Diese Innovationen tun dem Klassiker Open-Air mit der bew\u00e4hrten Aufteilung in Parkplatz, Campingarea und Festivalgel\u00e4nde aber keinen Abbruch. Was Sie <a href=\"https:\/\/www.schlanser.ch\/erlebniswelten\/camping-rocks\/\">alles f\u00fcr ein klassisches Festivalwochenende ben\u00f6tigen<\/a> und was gute Festival Zelte ausmacht, erkl\u00e4ren wir Ihnen hier.<\/strong><\/p>\n<h2>Das Festivalgel\u00e4nde Open-Air<\/h2>\n<p style=\"text-align: justify;\">Ein Meer von Zeltd\u00e4chern \u2013 das sieht der unbedarfte Tagesbesucher, wenn er sich durch den Campingbereich auf Rock am Ring, Wacken, Pal\u00e9o oder dem Frauenfeld Open Air seinen Weg bahnt. Hier ist gleich ein erster Tipp f\u00fcr das Campen auf Festivals angebracht: Stellen Sie sicher, dass Sie genau wissen, wo ihr Zelt steht! Sind Sie nicht gerade auf einem Minifestival zu Gast, stellt der Heimweg sp\u00e4testens in der ersten Nacht eine Herausforderung dar. Die ungef\u00e4hre Luftlinie zu Sanit\u00e4ranlagen, Scheinwerfern und markanten anderen Festivalzelten in der Umgebung geben Ihnen Anhaltspunkte f\u00fcr den richtigen Ort. Zus\u00e4tzlich bietet sich die Installation von kleinen Solarl\u00e4mpchen \u2013 am besten in bunten Farben \u2013 an, um auch im Dunkeln sicher zu sein, dass Sie in das eigene Zelt schl\u00fcpfen.<\/p>\n<p><img loading=\"lazy\" decoding=\"async\" class=\"aligncenter wp-image-2782\" title=\"Solar LED Lampion\" src=\"https:\/\/www.schlanser.ch\/magazin\/wp-content\/uploads\/2017\/09\/Solar-Lampion-LED.jpg\" alt=\"Solar Lampion LED\" width=\"500\" height=\"312\" srcset=\"https:\/\/www.schlanser.ch\/magazin\/wp-content\/uploads\/2017\/09\/Solar-Lampion-LED.jpg 656w, https:\/\/www.schlanser.ch\/magazin\/wp-content\/uploads\/2017\/09\/Solar-Lampion-LED-300x188.jpg 300w\" sizes=\"(max-width: 500px) 100vw, 500px\" \/><\/p>\n<p style=\"text-align: justify;\">Der Platzmangel auf grossen Open-Air-Festivals bringt die Notwendigkeit mit sich, dass Festival Zelte m\u00f6glichst platzsparend sein m\u00fcssen. Dabei sind neben der Grundfl\u00e4che auch die Abspannseile zu ber\u00fccksichtigen. Diese erweisen sich immer wieder als ernsthafte Gef\u00e4hrdung f\u00fcr die Gesundheit angetrunkener Festivalbesucher und ebenso f\u00fcr die Unversehrtheit des Festivalzelts. Das ideale Zelt f\u00fcr ein Festival kommt mit sehr wenigen Abspannseilen klar, die Sie m\u00f6glichst nah an der Zeltwand im Boden versenken sollten. Zeltn\u00e4gel sind hier am besten geeignet, da sie mithilfe eines Gummihammers komplett im Boden versenkt werden k\u00f6nnen, was zus\u00e4tzlich die Gefahr unsch\u00f6ner Fussverletzungen reduziert.<\/p>\n<h2><img loading=\"lazy\" decoding=\"async\" class=\"aligncenter wp-image-15643 size-full\" title=\"Solar Lampionkette LED bunt 240 cm\" src=\"https:\/\/www.schlanser.ch\/magazin\/wp-content\/uploads\/2017\/09\/solar-lampionkette-led-bunt-e1670846730558.jpg\" alt=\"Solar Lampionkette LED bunt 240 cm\" width=\"850\" height=\"371\" srcset=\"https:\/\/www.schlanser.ch\/magazin\/wp-content\/uploads\/2017\/09\/solar-lampionkette-led-bunt-e1670846730558.jpg 850w, https:\/\/www.schlanser.ch\/magazin\/wp-content\/uploads\/2017\/09\/solar-lampionkette-led-bunt-e1670846730558-300x131.jpg 300w, https:\/\/www.schlanser.ch\/magazin\/wp-content\/uploads\/2017\/09\/solar-lampionkette-led-bunt-e1670846730558-768x335.jpg 768w\" sizes=\"(max-width: 850px) 100vw, 850px\" \/><\/h2>\n<h2>Eigenschaften idealer Festival Zelte<\/h2>\n<p style=\"text-align: justify;\">Grunds\u00e4tzlich sind Festival Zelte stets g\u00fcnstige Varianten. Da Sie nie wissen, ob Sie es nach dem Open-Air wieder intakt mit nach Hause nehmen werden, sollten Sie nicht zu viel investieren. Dennoch sollten die Festival Unterk\u00fcnfte \u00fcber Regen- und Windfestigkeit, ausreichend Platz und einen stabilen Aufbau verf\u00fcgen. Wasserdicht ist es, wenn in den Eigenschaften mindestens 1.500 mm Wassers\u00e4ule angegeben sind. Zudem ist ordentliches Abspannen wichtig f\u00fcr einen trockenen Schlafplatz. Das gilt f\u00fcr teure wie f\u00fcr g\u00fcnstige Festivalzelte.<\/p>\n<p style=\"text-align: justify;\">Zweiwandige Modelle, also solche mit Innen- und Aussenzelt, bieten ein wenig mehr Komfort bei Regenwetter. Sie lassen Wasser nicht gleich hinein, wenn man innen gegen die Zeltwand st\u00f6sst. Da es auf Festivals im Sommer sehr warm werden kann, ist eine gute L\u00fcftung nicht zu untersch\u00e4tzen. Besonders auf Zeltpl\u00e4tzen ohne Schatten ist ein frischer Luftzug eine Wohltat. Bei doppelwandigen Zelten k\u00f6nnen Sie zum L\u00fcften das Aussenzelt offen lassen.<\/p>\n<h2>Welches Zelt f\u00fcr Festival?<\/h2>\n<p style=\"text-align: justify;\">Welches Zelt f\u00fcr ein Festival geeignet ist, kommt ganz darauf an, mit wie vielen Personen Sie auf dem Festival sind und mit wie vielen Sie sich den Schlafplatz teilen wollen. Wollen Sie Geld sparen und sich mit einem Mehrpersonenzelt in einer Gruppe reinteilen, dann ist ein 5-6 Personenzelt sicherlich perfekt, w\u00e4hrend f\u00fcr Freunde oder Paare zu zweit ein kleineres Zwei-Personenzelt vollkommen ausreicht.<\/p>\n<h2>F\u00fcr 1 bis 2 Personen<\/h2>\n<p style=\"text-align: justify;\">Wenn Sie sich ein neues <a href=\"https:\/\/www.schlanser.ch\/zelte\/campingzelte\/2-personen-zelte\/\">Festivalzelt f\u00fcr 1-2 Personen<\/a> anschaffen, muss das Gewicht nicht der ausschlaggebende Punkt sein. Bei einigen Open-Air-Festivals darf man direkt neben dem Auto zelten. Auf anderen l\u00e4uft man eben mehrmals, bis alles auf dem Campingplatz ist. Auf ein Kilo mehr oder weniger kommt es da nicht an. M\u00f6chten Sie das Campingzelt auch f\u00fcr Trekking- oder Velotouren nutzen, sollten Gewicht und Packmass allerdings m\u00f6glichst gering sein.<\/p>\n<h3>Ponte Wurfzelt<\/h3>\n<p style=\"text-align: justify;\">Ein optimales Open Air Zelt f\u00fcr mildes Sommerwetter ist beispielsweise das Ponte 2 von Berger. Da es ein Wurfzelt ist, ist es im Handumdrehen aufgebaut. Es geh\u00f6rt definitiv zu der Kategorie &#8222;g\u00fcnstige Zelte&#8220; und bietet ausreichend Raum f\u00fcr eine Person mit Klamotten und Essen. F\u00fcr 2 Personen bietet sich der gr\u00f6ssere Bruder, das Ponte 3 an.<\/p>\n<p><img loading=\"lazy\" decoding=\"async\" class=\"aligncenter wp-image-15645 size-full\" title=\"Berger Ponte 2 Wurfzelt\" src=\"https:\/\/www.schlanser.ch\/magazin\/wp-content\/uploads\/2017\/09\/berger-ponte-2-wurfzelt.jpg\" alt=\"Berger Ponte 2 Wurfzelt\" width=\"850\" height=\"531\" srcset=\"https:\/\/www.schlanser.ch\/magazin\/wp-content\/uploads\/2017\/09\/berger-ponte-2-wurfzelt.jpg 850w, https:\/\/www.schlanser.ch\/magazin\/wp-content\/uploads\/2017\/09\/berger-ponte-2-wurfzelt-300x187.jpg 300w, https:\/\/www.schlanser.ch\/magazin\/wp-content\/uploads\/2017\/09\/berger-ponte-2-wurfzelt-768x480.jpg 768w\" sizes=\"(max-width: 850px) 100vw, 850px\" \/><\/p>\n<h3>Kiwi NZ Kuppelzelte<\/h3>\n<p style=\"text-align: justify;\">Das Kiwi NZ 2 von Berger ist ein typisches Kuppelzelt. Einfach im Aufbau, relativ robust und mit gen\u00fcgend Platz f\u00fcr 2 Schlafpl\u00e4tze ist es das ideale Campingzelt f\u00fcr ein Festival mit 2 Leuten. Die Variante NZ 3 ist ger\u00e4umig genug, um an verregneten Tagen auch drinnen zu sitzen und zu essen. Ein anderes Kuppelzelt, das Neptun 3 bietet f\u00fcr feuchte Tage mit einem Boden im Vorzelt einen zus\u00e4tzlichen Luxus. So k\u00f6nnen Sie dort nasse Kleidung und anderes Gep\u00e4ck regensicher ablegen.<\/p>\n<p><img loading=\"lazy\" decoding=\"async\" class=\"aligncenter wp-image-15646 size-full\" title=\"Berger Kiwi NZ 2 Kuppelzelt\" src=\"https:\/\/www.schlanser.ch\/magazin\/wp-content\/uploads\/2017\/09\/berger-kiwi-nz-2-kuppelzelt.jpg\" alt=\"Berger Kiwi NZ 2 Kuppelzelt\" width=\"850\" height=\"531\" srcset=\"https:\/\/www.schlanser.ch\/magazin\/wp-content\/uploads\/2017\/09\/berger-kiwi-nz-2-kuppelzelt.jpg 850w, https:\/\/www.schlanser.ch\/magazin\/wp-content\/uploads\/2017\/09\/berger-kiwi-nz-2-kuppelzelt-300x187.jpg 300w, https:\/\/www.schlanser.ch\/magazin\/wp-content\/uploads\/2017\/09\/berger-kiwi-nz-2-kuppelzelt-768x480.jpg 768w\" sizes=\"(max-width: 850px) 100vw, 850px\" \/><\/p>\n<h2>Unterkunft f\u00fcr Kleingruppen<\/h2>\n<p style=\"text-align: justify;\">Ist von vornherein klar, dass Sie mit mehreren Leuten das Festivalwochenende verbringen werden, ist ein Gruppenzelt f\u00fcr Ihr Open-Air genau das Richtige. Absolut betrachtet ist es zwar teurer, doch rechnet man den Preis pro Person, ist es eher ein g\u00fcnstiges Zelt f\u00fcr ein Festival. Eine grosse Annehmlichkeit von <a href=\"https:\/\/www.schlanser.ch\/zelte\/campingzelte\/4-personen-zelte\/\">Zelten mit 2 Schlafr\u00e4umen<\/a> ist der mittige Aufenthaltsbereich. Hier k\u00f6nnen Sie gesch\u00fctzt vor Sonne und Regen sitzen, etwas trinken, zwischen zwei Acts relaxen oder ungest\u00f6rt essen.<\/p>\n<h3>F\u00fcr 4 Personen<\/h3>\n<p style=\"text-align: justify;\">F\u00fcr 4 Personen ist das Lagoon 4 von Berger die perfekte L\u00f6sung. Allerdings sollten Sie sich zeitig am Festival-Zeltplatz einfinden, um gen\u00fcgend Platz f\u00fcr den Aufbau zu haben. Im Inneren hat das Lagoon 4 links und rechts je eine Schlafkabine f\u00fcr 2 Leute. Dazwischen ist der Eingangsbereich, in dem Sie problemlos Gep\u00e4ck und Proviant unterstellen k\u00f6nnen.<\/p>\n<p><a href=\"https:\/\/www.schlanser.ch\/zelte\/campingzelte\/4-personen-zelte\/116258\/berger-lagoon-4-familienzelt-2024\"><img loading=\"lazy\" decoding=\"async\" class=\"aligncenter wp-image-15644 size-full\" title=\"Berger Lagoon 4 Familienzelt\" src=\"https:\/\/www.schlanser.ch\/thumbnail\/47\/6c\/fd\/1717120255\/e0749b32e8124941bd46a3d5860ef638_1820x1820.jpg\" alt=\"Berger Lagoon 4 Familienzelt\" width=\"850\" height=\"531\" \/><\/a><\/p>\n<p>&nbsp;<\/p>\n<h3>F\u00fcr mehr als 5<\/h3>\n<p style=\"text-align: justify;\">Ein <a href=\"https:\/\/www.schlanser.ch\/zelte\/campingzelte\/5-8-personen-zelte\/\">Zelt f\u00fcr bis zu 5 Personen<\/a> ist das Avington 500 von Vango. Es geh\u00f6rt nicht mehr unbedingt zu dem Preissegment, das man &#8222;g\u00fcnstige Zelte&#8220; nennen w\u00fcrde, daf\u00fcr bietet es grossen Luxus auf dem Festival. Mit grossen Folien an den Seiten ist das Zeltinnere sehr hell. Ausserdem bietet das Vordach eine echte Alternative zu einem separaten Pavillon.<\/p>\n<p><img loading=\"lazy\" decoding=\"async\" class=\"aligncenter wp-image-2797\" src=\"https:\/\/www.schlanser.ch\/magazin\/wp-content\/uploads\/2017\/09\/Vango-Tunnelzelt-Avington-500.jpg\" alt=\"Vango Tunnelzelt Avington 500 - Festival Zelte\" width=\"850\" height=\"532\" srcset=\"https:\/\/www.schlanser.ch\/magazin\/wp-content\/uploads\/2017\/09\/Vango-Tunnelzelt-Avington-500.jpg 655w, https:\/\/www.schlanser.ch\/magazin\/wp-content\/uploads\/2017\/09\/Vango-Tunnelzelt-Avington-500-300x188.jpg 300w\" sizes=\"(max-width: 850px) 100vw, 850px\" \/><\/p>\n<p style=\"text-align: justify;\">Das Oak Canyon 6 von Coleman hat in 3 separaten Schlafkabinen Platz f\u00fcr insgesamt 6 Personen. Was es neben dem ger\u00e4umigen Wohnbereich besonders als Festivalzelt qualifiziert, ist die Nachtschwarz-Schlafbereich Technologie. Auf einem Festival ist es meist hell, sei es wegen der Scheinwerfer oder weil der n\u00e4chste Tag schon angebrochen ist. In den dunklen Schlafkabinen k\u00f6nnen Sie indessen trotzdem ungest\u00f6rt schlafen.<\/p>\n<p><img loading=\"lazy\" decoding=\"async\" class=\"aligncenter wp-image-2798\" src=\"https:\/\/www.schlanser.ch\/magazin\/wp-content\/uploads\/2017\/09\/Coleman-Familienzelt-Oak-Canyon-6.jpg\" alt=\"Coleman Familienzelt Oak Canyon 6 - Festival Zelte\" width=\"850\" height=\"531\" srcset=\"https:\/\/www.schlanser.ch\/magazin\/wp-content\/uploads\/2017\/09\/Coleman-Familienzelt-Oak-Canyon-6.jpg 656w, https:\/\/www.schlanser.ch\/magazin\/wp-content\/uploads\/2017\/09\/Coleman-Familienzelt-Oak-Canyon-6-300x188.jpg 300w\" sizes=\"(max-width: 850px) 100vw, 850px\" \/><\/p>\n<h2>N\u00fctzliches Equipment f\u00fcrs Camping auf dem Open-Air-Gel\u00e4nde<\/h2>\n<h3>Schlafen<\/h3>\n<p style=\"text-align: justify;\">Nat\u00fcrlich sind Zelte nicht das Einzige, was man f\u00fcr ein gelungenes Festivalwochenende ben\u00f6tigt. Die Schlafst\u00e4tte wird erst durch eine Isomatte und einen Schlafsack richtig gem\u00fctlich. PE-Liegematten haben sich hier bew\u00e4hrt, da sie leicht, robust und abwaschbar sind. Nur Personen mit R\u00fcckenproblemen sollten auf luftgef\u00fcllte Isomatten zur\u00fcckgreifen. Diese sind bequemer, k\u00f6nnen aber leichter kaputtgehen. Ein Deckenschlafsack reicht f\u00fcr laue Sommern\u00e4chte vollkommen aus. Im Gegensatz zu Mumienschlafs\u00e4cken mit Daunenf\u00fcllung ist ein Deckenschlafsack aus Fleece oder Baumwolle einfacher zu waschen.<\/p>\n<p><img loading=\"lazy\" decoding=\"async\" class=\"alignnone wp-image-2800 \" title=\"Berger Deckenschlafsack Camper\" src=\"https:\/\/www.schlanser.ch\/magazin\/wp-content\/uploads\/2017\/09\/Deckenschlafsack-Camper.jpg\" alt=\"Berger Deckenschlafsack Camper\" width=\"310\" height=\"194\" srcset=\"https:\/\/www.schlanser.ch\/magazin\/wp-content\/uploads\/2017\/09\/Deckenschlafsack-Camper.jpg 504w, https:\/\/www.schlanser.ch\/magazin\/wp-content\/uploads\/2017\/09\/Deckenschlafsack-Camper-300x188.jpg 300w\" sizes=\"(max-width: 310px) 100vw, 310px\" \/><a href=\"https:\/\/www.schlanser.ch\/outdoor-freizeit\/schlafsaecke-matten\/schlafsaecke\/24672\/mumie-dreamer-r-light\"><img loading=\"lazy\" decoding=\"async\" class=\"alignnone wp-image-2801 \" title=\"Mumie Dreamer R Light\" src=\"https:\/\/www.schlanser.ch\/magazin\/wp-content\/uploads\/2017\/09\/Berger-Mumie-Dreamer.jpg\" alt=\"Mumie Dreamer R Light\" width=\"296\" height=\"185\" srcset=\"https:\/\/www.schlanser.ch\/magazin\/wp-content\/uploads\/2017\/09\/Berger-Mumie-Dreamer.jpg 504w, https:\/\/www.schlanser.ch\/magazin\/wp-content\/uploads\/2017\/09\/Berger-Mumie-Dreamer-300x188.jpg 300w\" sizes=\"(max-width: 296px) 100vw, 296px\" \/><\/a><\/p>\n<h3>Essen und Trinken<\/h3>\n<p style=\"text-align: justify;\">Auch Geselligkeit geh\u00f6rt zu mehrt\u00e4gigen Open-Air-Konzerten! F\u00fcr gem\u00fctliches Beisammensitzen sollten Pavillon, Campingtisch und Faltst\u00fchle nicht fehlen. Ein Falt- oder Steckpavillon wiegt wenig und hat eine hohe Decke, unter der man bequem stehen kann. Er sch\u00fctzt vor Regen wie auch vor Sonne. So k\u00f6nnen Sie unabh\u00e4ngig vom Wetter gem\u00fctlich draussen grillen. Auf einem Mini- oder Picknickgrill bringt man selbst f\u00fcr 4 Leute genug Gem\u00fcsespie\u00dfe und W\u00fcrstchen unter. Dieses sollte vor der Zubereitung sicher in einer K\u00fchlbox aufbewahrt werden. F\u00fcr die gelungene Festivalmahlzeit fehlen nun nur noch Campinggeschirr und -besteck. Sollte das Festmahl erst nach Sonnenuntergang stattfinden, ist auch eine helle Leuchte sehr zu empfehlen.<\/p>\n<p style=\"text-align: justify;\">Ein kleiner Tipp am Schluss: Sollte Ihnen auf dem Open-Air ein Teil vom Festivalzelt oder Pavillon kaputtgehen, haben Sie am Abbautag gute Chancen, von anderen kaputten Modellen, die stehengelassen wurden, Ersatzteile zu ergattern.<\/p>\n","protected":false},"excerpt":{"rendered":"<p>G\u00fcnstige Festivalzelte und anderes Equipment f\u00fcr die Festivalsaison Oft heisst es pauschal &#8222;Sommerzeit ist Festivalzeit&#8220;. Doch ist dem faktisch nicht so. Mittlerweile gibt es diverse Konzepte, um Musikfestivals das ganze Jahr \u00fcber und an den verschiedensten nur denkbaren Orten abzuhalten, wie beispielsweise auf Kreuzfahrtschiffen oder in Hotelanlagen. Diese Innovationen tun dem Klassiker Open-Air mit der &hellip;<\/p>\n","protected":false},"author":3,"featured_media":2781,"comment_status":"closed","ping_status":"open","sticky":false,"template":"","format":"standard","meta":{"footnotes":""},"categories":[3],"tags":[388,389,390,386,391,387,323],"yoast_head":"<!-- This site is optimized with the Yoast SEO plugin v22.2 - https:\/\/yoast.com\/wordpress\/plugins\/seo\/ -->\n<title>Festival Zelte - Schlanser Magazin<\/title>\n<meta name=\"description\" content=\"Das Schlanser Magazin widmet sich nicht nur klassischem Camping! \u2013 Lesen Sie unsere Empfehlungen f\u00fcr Festival-Zelte \u2714 Festival-Equipment \u2714\" \/>\n<meta name=\"robots\" content=\"index, follow, max-snippet:-1, max-image-preview:large, max-video-preview:-1\" \/>\n<link rel=\"canonical\" href=\"https:\/\/www.schlanser.ch\/magazin\/festival-zelte\/\" \/>\n<meta property=\"og:locale\" content=\"de_DE\" \/>\n<meta property=\"og:type\" content=\"article\" \/>\n<meta property=\"og:title\" content=\"Festival Zelte - Schlanser Magazin\" \/>\n<meta property=\"og:description\" content=\"Das Schlanser Magazin widmet sich nicht nur klassischem Camping! \u2013 Lesen Sie unsere Empfehlungen f\u00fcr Festival-Zelte \u2714 Festival-Equipment \u2714\" \/>\n<meta property=\"og:url\" content=\"https:\/\/www.schlanser.ch\/magazin\/festival-zelte\/\" \/>\n<meta property=\"og:site_name\" content=\"Schlanser Magazin\" \/>\n<meta property=\"article:published_time\" content=\"2017-09-20T15:28:32+00:00\" \/>\n<meta property=\"article:modified_time\" content=\"2024-08-01T10:27:06+00:00\" \/>\n<meta property=\"og:image\" content=\"https:\/\/www.schlanser.ch\/magazin\/wp-content\/uploads\/2017\/09\/Festival-Zelte.jpg\" \/>\n\t<meta property=\"og:image:width\" content=\"739\" \/>\n\t<meta property=\"og:image:height\" content=\"492\" \/>\n\t<meta property=\"og:image:type\" content=\"image\/jpeg\" \/>\n<meta name=\"author\" content=\"s.loerz\" \/>\n<meta name=\"twitter:card\" content=\"summary_large_image\" \/>\n<meta name=\"twitter:label1\" content=\"Verfasst von\" \/>\n\t<meta name=\"twitter:data1\" content=\"s.loerz\" \/>\n\t<meta name=\"twitter:label2\" content=\"Gesch\u00e4tzte Lesezeit\" \/>\n\t<meta name=\"twitter:data2\" content=\"9 Minuten\" \/>\n<script type=\"application\/ld+json\" class=\"yoast-schema-graph\">{\"@context\":\"https:\/\/schema.org\",\"@graph\":[{\"@type\":\"WebPage\",\"@id\":\"https:\/\/www.schlanser.ch\/magazin\/festival-zelte\/\",\"url\":\"https:\/\/www.schlanser.ch\/magazin\/festival-zelte\/\",\"name\":\"Festival Zelte - Schlanser Magazin\",\"isPartOf\":{\"@id\":\"https:\/\/www.schlanser.ch\/magazin\/#website\"},\"primaryImageOfPage\":{\"@id\":\"https:\/\/www.schlanser.ch\/magazin\/festival-zelte\/#primaryimage\"},\"image\":{\"@id\":\"https:\/\/www.schlanser.ch\/magazin\/festival-zelte\/#primaryimage\"},\"thumbnailUrl\":\"https:\/\/www.schlanser.ch\/magazin\/wp-content\/uploads\/2017\/09\/Festival-Zelte.jpg\",\"datePublished\":\"2017-09-20T15:28:32+00:00\",\"dateModified\":\"2024-08-01T10:27:06+00:00\",\"author\":{\"@id\":\"https:\/\/www.schlanser.ch\/magazin\/#\/schema\/person\/7b1395ad2ae9e8e38aab5a5e64b77b2e\"},\"description\":\"Das Schlanser Magazin widmet sich nicht nur klassischem Camping! \u2013 Lesen Sie unsere Empfehlungen f\u00fcr Festival-Zelte \u2714 Festival-Equipment \u2714\",\"breadcrumb\":{\"@id\":\"https:\/\/www.schlanser.ch\/magazin\/festival-zelte\/#breadcrumb\"},\"inLanguage\":\"de-DE\",\"potentialAction\":[{\"@type\":\"ReadAction\",\"target\":[\"https:\/\/www.schlanser.ch\/magazin\/festival-zelte\/\"]}]},{\"@type\":\"ImageObject\",\"inLanguage\":\"de-DE\",\"@id\":\"https:\/\/www.schlanser.ch\/magazin\/festival-zelte\/#primaryimage\",\"url\":\"https:\/\/www.schlanser.ch\/magazin\/wp-content\/uploads\/2017\/09\/Festival-Zelte.jpg\",\"contentUrl\":\"https:\/\/www.schlanser.ch\/magazin\/wp-content\/uploads\/2017\/09\/Festival-Zelte.jpg\",\"width\":739,\"height\":492,\"caption\":\"\u00a9 Halfpoint \/ fotolia.com\"},{\"@type\":\"BreadcrumbList\",\"@id\":\"https:\/\/www.schlanser.ch\/magazin\/festival-zelte\/#breadcrumb\",\"itemListElement\":[{\"@type\":\"ListItem\",\"position\":1,\"name\":\"Startseite\",\"item\":\"https:\/\/www.schlanser.ch\/magazin\/\"},{\"@type\":\"ListItem\",\"position\":2,\"name\":\"Festival Zelte\"}]},{\"@type\":\"WebSite\",\"@id\":\"https:\/\/www.schlanser.ch\/magazin\/#website\",\"url\":\"https:\/\/www.schlanser.ch\/magazin\/\",\"name\":\"Schlanser Magazin\",\"description\":\"\",\"potentialAction\":[{\"@type\":\"SearchAction\",\"target\":{\"@type\":\"EntryPoint\",\"urlTemplate\":\"https:\/\/www.schlanser.ch\/magazin\/?s={search_term_string}\"},\"query-input\":\"required name=search_term_string\"}],\"inLanguage\":\"de-DE\"},{\"@type\":\"Person\",\"@id\":\"https:\/\/www.schlanser.ch\/magazin\/#\/schema\/person\/7b1395ad2ae9e8e38aab5a5e64b77b2e\",\"name\":\"s.loerz\",\"image\":{\"@type\":\"ImageObject\",\"inLanguage\":\"de-DE\",\"@id\":\"https:\/\/www.schlanser.ch\/magazin\/#\/schema\/person\/image\/\",\"url\":\"https:\/\/secure.gravatar.com\/avatar\/3b4f3b00fe580be553bea2cb055a1526?s=96&d=mm&r=g\",\"contentUrl\":\"https:\/\/secure.gravatar.com\/avatar\/3b4f3b00fe580be553bea2cb055a1526?s=96&d=mm&r=g\",\"caption\":\"s.loerz\"}}]}<\/script>\n<!-- \/ Yoast SEO plugin. -->","yoast_head_json":{"title":"Festival Zelte - Schlanser Magazin","description":"Das Schlanser Magazin widmet sich nicht nur klassischem Camping! \u2013 Lesen Sie unsere Empfehlungen f\u00fcr Festival-Zelte \u2714 Festival-Equipment \u2714","robots":{"index":"index","follow":"follow","max-snippet":"max-snippet:-1","max-image-preview":"max-image-preview:large","max-video-preview":"max-video-preview:-1"},"canonical":"https:\/\/www.schlanser.ch\/magazin\/festival-zelte\/","og_locale":"de_DE","og_type":"article","og_title":"Festival Zelte - Schlanser Magazin","og_description":"Das Schlanser Magazin widmet sich nicht nur klassischem Camping! \u2013 Lesen Sie unsere Empfehlungen f\u00fcr Festival-Zelte \u2714 Festival-Equipment \u2714","og_url":"https:\/\/www.schlanser.ch\/magazin\/festival-zelte\/","og_site_name":"Schlanser Magazin","article_published_time":"2017-09-20T15:28:32+00:00","article_modified_time":"2024-08-01T10:27:06+00:00","og_image":[{"width":739,"height":492,"url":"https:\/\/www.schlanser.ch\/magazin\/wp-content\/uploads\/2017\/09\/Festival-Zelte.jpg","type":"image\/jpeg"}],"author":"s.loerz","twitter_card":"summary_large_image","twitter_misc":{"Verfasst von":"s.loerz","Gesch\u00e4tzte Lesezeit":"9 Minuten"},"schema":{"@context":"https:\/\/schema.org","@graph":[{"@type":"WebPage","@id":"https:\/\/www.schlanser.ch\/magazin\/festival-zelte\/","url":"https:\/\/www.schlanser.ch\/magazin\/festival-zelte\/","name":"Festival Zelte - Schlanser Magazin","isPartOf":{"@id":"https:\/\/www.schlanser.ch\/magazin\/#website"},"primaryImageOfPage":{"@id":"https:\/\/www.schlanser.ch\/magazin\/festival-zelte\/#primaryimage"},"image":{"@id":"https:\/\/www.schlanser.ch\/magazin\/festival-zelte\/#primaryimage"},"thumbnailUrl":"https:\/\/www.schlanser.ch\/magazin\/wp-content\/uploads\/2017\/09\/Festival-Zelte.jpg","datePublished":"2017-09-20T15:28:32+00:00","dateModified":"2024-08-01T10:27:06+00:00","author":{"@id":"https:\/\/www.schlanser.ch\/magazin\/#\/schema\/person\/7b1395ad2ae9e8e38aab5a5e64b77b2e"},"description":"Das Schlanser Magazin widmet sich nicht nur klassischem Camping! \u2013 Lesen Sie unsere Empfehlungen f\u00fcr Festival-Zelte \u2714 Festival-Equipment \u2714","breadcrumb":{"@id":"https:\/\/www.schlanser.ch\/magazin\/festival-zelte\/#breadcrumb"},"inLanguage":"de-DE","potentialAction":[{"@type":"ReadAction","target":["https:\/\/www.schlanser.ch\/magazin\/festival-zelte\/"]}]},{"@type":"ImageObject","inLanguage":"de-DE","@id":"https:\/\/www.schlanser.ch\/magazin\/festival-zelte\/#primaryimage","url":"https:\/\/www.schlanser.ch\/magazin\/wp-content\/uploads\/2017\/09\/Festival-Zelte.jpg","contentUrl":"https:\/\/www.schlanser.ch\/magazin\/wp-content\/uploads\/2017\/09\/Festival-Zelte.jpg","width":739,"height":492,"caption":"\u00a9 Halfpoint \/ fotolia.com"},{"@type":"BreadcrumbList","@id":"https:\/\/www.schlanser.ch\/magazin\/festival-zelte\/#breadcrumb","itemListElement":[{"@type":"ListItem","position":1,"name":"Startseite","item":"https:\/\/www.schlanser.ch\/magazin\/"},{"@type":"ListItem","position":2,"name":"Festival Zelte"}]},{"@type":"WebSite","@id":"https:\/\/www.schlanser.ch\/magazin\/#website","url":"https:\/\/www.schlanser.ch\/magazin\/","name":"Schlanser Magazin","description":"","potentialAction":[{"@type":"SearchAction","target":{"@type":"EntryPoint","urlTemplate":"https:\/\/www.schlanser.ch\/magazin\/?s={search_term_string}"},"query-input":"required name=search_term_string"}],"inLanguage":"de-DE"},{"@type":"Person","@id":"https:\/\/www.schlanser.ch\/magazin\/#\/schema\/person\/7b1395ad2ae9e8e38aab5a5e64b77b2e","name":"s.loerz","image":{"@type":"ImageObject","inLanguage":"de-DE","@id":"https:\/\/www.schlanser.ch\/magazin\/#\/schema\/person\/image\/","url":"https:\/\/secure.gravatar.com\/avatar\/3b4f3b00fe580be553bea2cb055a1526?s=96&d=mm&r=g","contentUrl":"https:\/\/secure.gravatar.com\/avatar\/3b4f3b00fe580be553bea2cb055a1526?s=96&d=mm&r=g","caption":"s.loerz"}}]}},"_links":{"self":[{"href":"https:\/\/www.schlanser.ch\/magazin\/wp-json\/wp\/v2\/posts\/2779"}],"collection":[{"href":"https:\/\/www.schlanser.ch\/magazin\/wp-json\/wp\/v2\/posts"}],"about":[{"href":"https:\/\/www.schlanser.ch\/magazin\/wp-json\/wp\/v2\/types\/post"}],"author":[{"embeddable":true,"href":"https:\/\/www.schlanser.ch\/magazin\/wp-json\/wp\/v2\/users\/3"}],"replies":[{"embeddable":true,"href":"https:\/\/www.schlanser.ch\/magazin\/wp-json\/wp\/v2\/comments?post=2779"}],"version-history":[{"count":35,"href":"https:\/\/www.schlanser.ch\/magazin\/wp-json\/wp\/v2\/posts\/2779\/revisions"}],"predecessor-version":[{"id":18176,"href":"https:\/\/www.schlanser.ch\/magazin\/wp-json\/wp\/v2\/posts\/2779\/revisions\/18176"}],"wp:featuredmedia":[{"embeddable":true,"href":"https:\/\/www.schlanser.ch\/magazin\/wp-json\/wp\/v2\/media\/2781"}],"wp:attachment":[{"href":"https:\/\/www.schlanser.ch\/magazin\/wp-json\/wp\/v2\/media?parent=2779"}],"wp:term":[{"taxonomy":"category","embeddable":true,"href":"https:\/\/www.schlanser.ch\/magazin\/wp-json\/wp\/v2\/categories?post=2779"},{"taxonomy":"post_tag","embeddable":true,"href":"https:\/\/www.schlanser.ch\/magazin\/wp-json\/wp\/v2\/tags?post=2779"}],"curies":[{"name":"wp","href":"https:\/\/api.w.org\/{rel}","templated":true}]}}