{"id":2805,"date":"2017-09-25T10:00:39","date_gmt":"2017-09-25T08:00:39","guid":{"rendered":"https:\/\/www.schlanser.ch\/magazin\/?p=2805"},"modified":"2024-01-10T14:44:31","modified_gmt":"2024-01-10T13:44:31","slug":"top-5-rucksaecke-trekking-wandern","status":"publish","type":"post","link":"https:\/\/www.schlanser.ch\/magazin\/top-5-rucksaecke-trekking-wandern\/","title":{"rendered":"Top 5 Rucks\u00e4cke f\u00fcr Trekking und Wandern"},"content":{"rendered":"<p style=\"text-align: justify;\"><strong>Wandern erlebt seit einigen Jahren eine Art Renaissance. Zur Adventure Tour wird das Trekking abseits der Wanderwege. Erstklassiges <\/strong><strong>Trekking-Equipment<\/strong><strong> ist das A und O. Dabei kommt es mehr auf die Ausstattung und den Tragekomfort als auf das Aussehen an. Welche f\u00fcnf <\/strong><strong>Rucks\u00e4cke f\u00fcr Trekking<\/strong><strong> und Wanderungen in dieser Hinsicht \u00fcberzeugen, erfahren Sie hier.<\/strong><\/p>\n<h2>Den richtigen Rucksack finden<\/h2>\n<p style=\"text-align: justify;\">F\u00fcr jede Aktivit\u00e4t h\u00e4lt der Markt das richtige Backpack parat. Neben Spezialisten f\u00fcr Kamera oder Notebook stehen im n\u00e4chsten Regal Rucks\u00e4cke f\u00fcr Sport und Spass. Eine oder mehrere Innentaschen nehmen das Gep\u00e4ck auf. H\u00e4ufig sind seitliche Taschen f\u00fcr <a href=\"https:\/\/www.schlanser.ch\/haushalt\/camping-geschirr\/trinkflaschen\/\">Trinkflaschen<\/a> vorgesehen sowie von aussen leicht erreichbare F\u00e4cher. Je mehr Inhalt der Rucksack aufnimmt, desto h\u00f6her sind die Anspr\u00fcche an das Tragesystem. Anders als beim urspr\u00fcnglichen Transportsystem f\u00fcr den R\u00fccken \u2013 der Kraxe \u2013 liegt das Tragegestell im Inneren und ist mit einem H\u00fcftgurt verbunden. Dieser nimmt die Last von den Schultern. Schulter-, H\u00fcft- und Brustgurt sind bei anspruchsvollen Modellen zum Wandern individuell einstellbar. Das gilt auch f\u00fcr den Brustgurt, der zus\u00e4tzlich vertikal verschiebbar sein sollte.<\/p>\n<h2>Komfort beim Tragen, bequem beim Wandern<\/h2>\n<p style=\"text-align: justify;\">Die Gurte eines Trekking-Rucksacks sind gepolstert. Nur so gelingt das Tragen \u00fcber lange Strecken und mit hohem Gewicht ohne Druckstellen. Damit beim Wandern nichts scheuert, d\u00fcrfen die Schultergurte nicht zu eng am Hals anliegen. Das ist bei hochwertigen Ausf\u00fchrungen \u00fcber eine Einstellm\u00f6glichkeit am R\u00fccken gew\u00e4hrleistet. So k\u00f6nnen auch unterschiedliche grosse Personen ein und dasselbe Modell nutzen. Das Tragen wird leichter, wenn das Gewicht eng am K\u00f6rper anliegt. Besonders bei hohen Rucks\u00e4cken sind Gurte hilfreich, die den Abstand zwischen Schulter und Rucksack verkleinern. Kompressionsgurte formen das Gep\u00e4ck und ziehen dicht es an den R\u00fccken heran.<\/p>\n<figure id=\"attachment_2809\" aria-describedby=\"caption-attachment-2809\" style=\"width: 649px\" class=\"wp-caption aligncenter\"><img loading=\"lazy\" decoding=\"async\" class=\"wp-image-2809\" src=\"https:\/\/www.schlanser.ch\/magazin\/wp-content\/uploads\/2017\/09\/Gruppe-junger-Wanderer.jpg\" alt=\"Gruppe junger Wanderer\" width=\"649\" height=\"433\" srcset=\"https:\/\/www.schlanser.ch\/magazin\/wp-content\/uploads\/2017\/09\/Gruppe-junger-Wanderer.jpg 656w, https:\/\/www.schlanser.ch\/magazin\/wp-content\/uploads\/2017\/09\/Gruppe-junger-Wanderer-300x200.jpg 300w\" sizes=\"(max-width: 649px) 100vw, 649px\" \/><figcaption id=\"caption-attachment-2809\" class=\"wp-caption-text\">\u00a9 Studio M \/ fotolia.com<\/figcaption><\/figure>\n<h2>Optimal unterwegs<\/h2>\n<p style=\"text-align: justify;\">Obwohl es Ausnahmen geben mag, gehen Experten davon aus, dass eine Frau weniger Gewicht transportiert als ein Mann. Unabh\u00e4ngig davon, wie die Last \u00fcber Innentragegestell und H\u00fcftgurt verteilt ist, kommen dennoch einige Kilogramm zusammen. Dabei bringt der Rucksack noch Eigengewicht mit. F\u00fcr lange Touren sollte das Material extrem belastbar und das Produkt im Ganzen sehr gut verarbeitet sein. Verschiedene F\u00e4cher verteilen das Gewicht beim Wandern gleichm\u00e4ssig und sind ein Plus der Rucks\u00e4cke. Wie viele Aussentaschen sinnvoll sind, ist eine Frage des pers\u00f6nlichen Geschmacks. Ob sich aussen noch weitere Gep\u00e4ckst\u00fccke wie Isomatte oder Schlafsack befestigen lassen, entscheidet sich nach den Unterkunftsm\u00f6glichkeiten unterwegs.<\/p>\n<h2>Unsere Empfehlungen zum Gipfel erst\u00fcrmen<\/h2>\n<p style=\"text-align: justify;\">Trekking-Touren sind mit speziellem Gep\u00e4ck, wie etwa <a href=\"https:\/\/www.schlanser.ch\/haushalt\/camping-geschirr\/trekkinggeschirr\/\">Trekking Geschirr<\/a> oder Leichtzelten, und dem richtigen Gep\u00e4ckst\u00fcck nur halb so anstrengend. Tourenl\u00e4nge, Gel\u00e4nde und realistisch zu erwartende Gep\u00e4ckmenge erfordern jeweils ein anderes Backpack. Hier finden Sie die Top 5 Rucks\u00e4cke f\u00fcr Trekking und andere Disziplinen. Sicher ist auch f\u00fcr Ihre Tour der passende Rucksack dabei!<\/p>\n<p><img loading=\"lazy\" decoding=\"async\" class=\"aligncenter wp-image-2813 size-full\" src=\"https:\/\/www.schlanser.ch\/magazin\/wp-content\/uploads\/2017\/09\/Rucksack-Deuter-ACT-Lite-4010.jpg\" alt=\"Rucksack Deuter ACT Lite 40+10\" width=\"450\" height=\"450\" srcset=\"https:\/\/www.schlanser.ch\/magazin\/wp-content\/uploads\/2017\/09\/Rucksack-Deuter-ACT-Lite-4010.jpg 450w, https:\/\/www.schlanser.ch\/magazin\/wp-content\/uploads\/2017\/09\/Rucksack-Deuter-ACT-Lite-4010-150x150.jpg 150w, https:\/\/www.schlanser.ch\/magazin\/wp-content\/uploads\/2017\/09\/Rucksack-Deuter-ACT-Lite-4010-300x300.jpg 300w\" sizes=\"(max-width: 450px) 100vw, 450px\" \/><\/p>\n<h3>Die K\u00f6nige auf langen Strecken<\/h3>\n<p style=\"text-align: justify;\">Der Deuter ACT Lite 40+10 eignet sich f\u00fcr ausgiebige Trekking-Touren. Das innen angebrachte Tragegestell verlagert das Gewicht auf den H\u00fcftgurt. In H\u00f6he und Weite verstellbare Schultergurte gew\u00e4hrleisten eine optimale Passform. Am R\u00fccken liegt der Rucksack dank aircomfort-Ausstattung nur minimal auf, damit Schweiss erst gar nicht entsteht oder rasch abl\u00fcftet. Die ohnehin schn\u00f6rkellos gestaltete Aussenhaut ist mit den Kompressionsgurten eng zusammenzuschn\u00fcren. Damit ist der ACT Lite 40+10 f\u00fcr Trekking oder Hochtouren gleichermassen geeignet. Ausstattung und Verarbeitung erlauben es, die 1670 g Leergewicht mit 50 l Volumen \u00fcberall hinzubringen. Ein zuverl\u00e4ssiger Begleiter f\u00fcr das Wandern. Oft nachgeahmt, selten erreicht.<\/p>\n<p><img loading=\"lazy\" decoding=\"async\" class=\"aligncenter wp-image-2815 size-full\" title=\"Regatta Survivor III\" src=\"https:\/\/www.schlanser.ch\/magazin\/wp-content\/uploads\/2017\/09\/Regatta-Survivor-III.jpg\" alt=\"Regatta Survivor III\" width=\"450\" height=\"450\" srcset=\"https:\/\/www.schlanser.ch\/magazin\/wp-content\/uploads\/2017\/09\/Regatta-Survivor-III.jpg 450w, https:\/\/www.schlanser.ch\/magazin\/wp-content\/uploads\/2017\/09\/Regatta-Survivor-III-150x150.jpg 150w, https:\/\/www.schlanser.ch\/magazin\/wp-content\/uploads\/2017\/09\/Regatta-Survivor-III-300x300.jpg 300w\" sizes=\"(max-width: 450px) 100vw, 450px\" \/><\/p>\n<h3>Gigant unter den Rucks\u00e4cken, ausser beim Preis<\/h3>\n<p style=\"text-align: justify;\">Von Regatta stammen die R\u00fccks\u00e4cke mit dem gr\u00f6ssten Volumen. Der Regatta Survivor III ist in Ausf\u00fchrungen mit 65 l oder 85 l zu haben. Damit sind Sie auch viele Wochen in wechselndem Klima unterwegs. Damit nichts nass wird, ist ein Regenschutz dabei. H\u00fcftgurte unterst\u00fctzen beim Tragen und nat\u00fcrlich sind die verstellbaren Schultergurte gepolstert. Die extrem reissfeste Aussenh\u00fclle aus 600D Polyester-Ripstop-Gewebe h\u00e4lt auch rabiater Behandlung stand, wie beim Verladen in den Flieger oder zahllosen Scheuertouren im Gep\u00e4ckraum. Seitliche Kompressionsgurte halten alles zusammen bei diesem Rucksack f\u00fcr Sparsame, die beim Wandern auf nichts verzichten m\u00f6chten.<\/p>\n<p><img loading=\"lazy\" decoding=\"async\" class=\"aligncenter wp-image-2816 size-full\" title=\"Mountain Guide Rucksack Quebec 32L\" src=\"https:\/\/www.schlanser.ch\/magazin\/wp-content\/uploads\/2017\/09\/Mountain-Guide-Rucksack-Quebec-32L.jpg\" alt=\"Mountain Guide Rucksack Quebec 32L\" width=\"450\" height=\"450\" srcset=\"https:\/\/www.schlanser.ch\/magazin\/wp-content\/uploads\/2017\/09\/Mountain-Guide-Rucksack-Quebec-32L.jpg 450w, https:\/\/www.schlanser.ch\/magazin\/wp-content\/uploads\/2017\/09\/Mountain-Guide-Rucksack-Quebec-32L-150x150.jpg 150w, https:\/\/www.schlanser.ch\/magazin\/wp-content\/uploads\/2017\/09\/Mountain-Guide-Rucksack-Quebec-32L-300x300.jpg 300w\" sizes=\"(max-width: 450px) 100vw, 450px\" \/><\/p>\n<h3>Die Leichten f\u00fcr erm\u00fcdungsfreie Touren<\/h3>\n<p style=\"text-align: justify;\">Mit nur 1420 g ist der Mountain Guide Rucksack Quebec leichter als viele Mitbewerber in dieser Gewichtsklasse. Auf Komfort muss der Wanderer dabei nicht verzichten. Dort, wo das Tragesystem aufliegt, sind alle Gurte gepolstert. Dank Brustgurt und den zwei seitlichen Kompressionsgurten ist der 32 l fassende Rucksack gut an den K\u00f6rper anzupassen. Seitliche Taschen aus Mesh nehmen zwei Trinkflaschen auf. F\u00fcr Ordnung und schnellen Zugriff ist zus\u00e4tzlich ein Boden- und Deckelfach vorhanden. Mit Nassw\u00e4schefach ist der Quebec von Mountain Guide auf lange Strecken gut vorbereitet. Solides Backpack zum kleinen Preis f\u00fcr Trekking- oder Wandertouren und \u00dcbernachtungen in H\u00fctten oder Hotel.<\/p>\n<p><img loading=\"lazy\" decoding=\"async\" class=\"aligncenter wp-image-2817 size-full\" title=\"Mountain Guide Rucksack Hike 32\" src=\"https:\/\/www.schlanser.ch\/magazin\/wp-content\/uploads\/2017\/09\/Mountain-Guide-Rucksack-Hike-32.jpg\" alt=\"Mountain Guide Rucksack Hike 32\" width=\"450\" height=\"450\" srcset=\"https:\/\/www.schlanser.ch\/magazin\/wp-content\/uploads\/2017\/09\/Mountain-Guide-Rucksack-Hike-32.jpg 450w, https:\/\/www.schlanser.ch\/magazin\/wp-content\/uploads\/2017\/09\/Mountain-Guide-Rucksack-Hike-32-150x150.jpg 150w, https:\/\/www.schlanser.ch\/magazin\/wp-content\/uploads\/2017\/09\/Mountain-Guide-Rucksack-Hike-32-300x300.jpg 300w\" sizes=\"(max-width: 450px) 100vw, 450px\" \/><\/p>\n<h3>Alles dabei und gut sortiert<\/h3>\n<p style=\"text-align: justify;\">Der Mountain Guide Rucksack Hike 32 kommt ebenfalls mit einem Volumen von 32 l daher, wiegt aber leer nur 1000 g. Zwei Gurte schliessen das Deckelfach. So lassen sich auch Isomatte oder Schlafsack aussen befestigen. Tourengeher freuen sich \u00fcber Halterungen f\u00fcr Wanderst\u00f6cke. Ein gepolsterter R\u00fccken sch\u00fctzt vor Druck und das Fach f\u00fcr Nassw\u00e4sche erg\u00e4nzt das grosse Hauptfach. Besonderes Merkmal: An den Schultergurten sind Ringe angebracht zum Befestigen von kleinen Gegenst\u00e4nden, damit die H\u00e4nde immer frei bleiben. Ein Wanderrucksack par excellence \u2013 g\u00fcnstig und gut.<\/p>\n<p><img loading=\"lazy\" decoding=\"async\" class=\"aligncenter wp-image-2818 size-full\" title=\"Deuter Rucksack Zugspitze 24\" src=\"https:\/\/www.schlanser.ch\/magazin\/wp-content\/uploads\/2017\/09\/Deuter-Rucksack-Zugspitze-24-1.jpg\" alt=\"Deuter Rucksack Zugspitze 24\" width=\"453\" height=\"453\" srcset=\"https:\/\/www.schlanser.ch\/magazin\/wp-content\/uploads\/2017\/09\/Deuter-Rucksack-Zugspitze-24-1.jpg 453w, https:\/\/www.schlanser.ch\/magazin\/wp-content\/uploads\/2017\/09\/Deuter-Rucksack-Zugspitze-24-1-150x150.jpg 150w, https:\/\/www.schlanser.ch\/magazin\/wp-content\/uploads\/2017\/09\/Deuter-Rucksack-Zugspitze-24-1-300x300.jpg 300w\" sizes=\"(max-width: 453px) 100vw, 453px\" \/><\/p>\n<h3>Durchdachtes Leichtgewicht mit Geschichte<\/h3>\n<p style=\"text-align: justify;\">Deuter hat sich spezialisiert auf Rucks\u00e4cke f\u00fcr das Trekking. Mit der Zugspitze-Serie nimmt der Hersteller ein Erfolgsmodell aus dem Jahr 1984 erneut ins Programm auf. Allerdings rundum erneuert und in moderner Optik. Damals wie heute sorgt das aircomfort-System am R\u00fccken f\u00fcr optimale Bel\u00fcftung beim Wandern. Die gepolsterten Gurte sind individuell einstellbar und der Brustgurt entlastet. Auch hier bringen Kompressionsgurte das Gewicht dicht an den K\u00f6rper. Mit 24 l Volumen und einem Leergewicht von 1060 g ist der Deuter Zugspitze 24 der ungekr\u00f6nte K\u00f6nig jeder Tagestour und noch dar\u00fcber hinaus.<\/p>\n<h2>Bekannte Probleme<\/h2>\n<p style=\"text-align: justify;\">Der h\u00e4ufigste Fehler bei der Auswahl ist der Griff zur falschen Gr\u00f6sse. Viel Volumen verspricht eine komfortable Gep\u00e4ckmenge. Doch mit jedem Gep\u00e4ckst\u00fcck w\u00e4chst das Gesamtgewicht. Entlang bekannter Wanderpfade finden sich immer wieder entsorgte Kleidungst\u00fccke und andere Ausr\u00fcstungsgegenst\u00e4nde. Wer sich zum ersten Mal auf eine Trekking-Tour begibt, ist gut beraten, einen Test unter Realbedingungen durchzuf\u00fchren. Wer sein Backpack nicht mindestens vier bis sechs Stunden tragen kann, hat zu viel eingepackt. Manches darf zu Hause bleiben, finden Sie bei Schlanser eventuell in einer Trekkingversion mit deutlich weniger Gewicht.<\/p>\n","protected":false},"excerpt":{"rendered":"<p>Wandern erlebt seit einigen Jahren eine Art Renaissance. Zur Adventure Tour wird das Trekking abseits der Wanderwege. Erstklassiges Trekking-Equipment ist das A und O. Dabei kommt es mehr auf die Ausstattung und den Tragekomfort als auf das Aussehen an. Welche f\u00fcnf Rucks\u00e4cke f\u00fcr Trekking und Wanderungen in dieser Hinsicht \u00fcberzeugen, erfahren Sie hier. Den richtigen &hellip;<\/p>\n","protected":false},"author":3,"featured_media":2808,"comment_status":"closed","ping_status":"open","sticky":false,"template":"","format":"standard","meta":{"footnotes":""},"categories":[3],"tags":[54,48,51,52,234,352],"yoast_head":"<!-- This site is optimized with the Yoast SEO plugin v22.2 - https:\/\/yoast.com\/wordpress\/plugins\/seo\/ -->\n<title>Top 5 Rucks\u00e4cke f\u00fcr Trekking und Wandern - Schlanser Magazin<\/title>\n<meta name=\"description\" content=\"Das Schlanser Campingmagazin zeigt die besten Rucks\u00e4cke f\u00fcr Trekking &amp; Wanderungen! \u2013 Im Fokus: Gr\u00f6sse \u2714 Gewicht \u2714 Seitentaschen \u2714 Tragekomfort \u2714\" \/>\n<meta name=\"robots\" content=\"noindex, follow\" \/>\n<meta property=\"og:locale\" content=\"de_DE\" \/>\n<meta property=\"og:type\" content=\"article\" \/>\n<meta property=\"og:title\" content=\"Top 5 Rucks\u00e4cke f\u00fcr Trekking und Wandern - Schlanser Magazin\" \/>\n<meta property=\"og:description\" content=\"Das Schlanser Campingmagazin zeigt die besten Rucks\u00e4cke f\u00fcr Trekking &amp; Wanderungen! \u2013 Im Fokus: Gr\u00f6sse \u2714 Gewicht \u2714 Seitentaschen \u2714 Tragekomfort \u2714\" \/>\n<meta property=\"og:url\" content=\"https:\/\/www.schlanser.ch\/magazin\/top-5-rucksaecke-trekking-wandern\/\" \/>\n<meta property=\"og:site_name\" content=\"Schlanser Magazin\" \/>\n<meta property=\"article:published_time\" content=\"2017-09-25T08:00:39+00:00\" \/>\n<meta property=\"article:modified_time\" content=\"2024-01-10T13:44:31+00:00\" \/>\n<meta property=\"og:image\" content=\"https:\/\/www.schlanser.ch\/magazin\/wp-content\/uploads\/2017\/09\/Rucks\u00e4cke-f\u00fcr-Trekking-und-Wandern.jpg\" \/>\n\t<meta property=\"og:image:width\" content=\"747\" \/>\n\t<meta property=\"og:image:height\" content=\"508\" \/>\n\t<meta property=\"og:image:type\" content=\"image\/jpeg\" \/>\n<meta name=\"author\" content=\"s.loerz\" \/>\n<meta name=\"twitter:card\" content=\"summary_large_image\" \/>\n<meta name=\"twitter:label1\" content=\"Verfasst von\" \/>\n\t<meta name=\"twitter:data1\" content=\"s.loerz\" \/>\n\t<meta name=\"twitter:label2\" content=\"Gesch\u00e4tzte Lesezeit\" \/>\n\t<meta name=\"twitter:data2\" content=\"7 Minuten\" \/>\n<script type=\"application\/ld+json\" class=\"yoast-schema-graph\">{\"@context\":\"https:\/\/schema.org\",\"@graph\":[{\"@type\":\"WebPage\",\"@id\":\"https:\/\/www.schlanser.ch\/magazin\/top-5-rucksaecke-trekking-wandern\/\",\"url\":\"https:\/\/www.schlanser.ch\/magazin\/top-5-rucksaecke-trekking-wandern\/\",\"name\":\"Top 5 Rucks\u00e4cke f\u00fcr Trekking und Wandern - Schlanser Magazin\",\"isPartOf\":{\"@id\":\"https:\/\/www.schlanser.ch\/magazin\/#website\"},\"primaryImageOfPage\":{\"@id\":\"https:\/\/www.schlanser.ch\/magazin\/top-5-rucksaecke-trekking-wandern\/#primaryimage\"},\"image\":{\"@id\":\"https:\/\/www.schlanser.ch\/magazin\/top-5-rucksaecke-trekking-wandern\/#primaryimage\"},\"thumbnailUrl\":\"https:\/\/www.schlanser.ch\/magazin\/wp-content\/uploads\/2017\/09\/Rucks\u00e4cke-f\u00fcr-Trekking-und-Wandern.jpg\",\"datePublished\":\"2017-09-25T08:00:39+00:00\",\"dateModified\":\"2024-01-10T13:44:31+00:00\",\"author\":{\"@id\":\"https:\/\/www.schlanser.ch\/magazin\/#\/schema\/person\/7b1395ad2ae9e8e38aab5a5e64b77b2e\"},\"description\":\"Das Schlanser Campingmagazin zeigt die besten Rucks\u00e4cke f\u00fcr Trekking & Wanderungen! \u2013 Im Fokus: Gr\u00f6sse \u2714 Gewicht \u2714 Seitentaschen \u2714 Tragekomfort \u2714\",\"breadcrumb\":{\"@id\":\"https:\/\/www.schlanser.ch\/magazin\/top-5-rucksaecke-trekking-wandern\/#breadcrumb\"},\"inLanguage\":\"de-DE\",\"potentialAction\":[{\"@type\":\"ReadAction\",\"target\":[\"https:\/\/www.schlanser.ch\/magazin\/top-5-rucksaecke-trekking-wandern\/\"]}]},{\"@type\":\"ImageObject\",\"inLanguage\":\"de-DE\",\"@id\":\"https:\/\/www.schlanser.ch\/magazin\/top-5-rucksaecke-trekking-wandern\/#primaryimage\",\"url\":\"https:\/\/www.schlanser.ch\/magazin\/wp-content\/uploads\/2017\/09\/Rucks\u00e4cke-f\u00fcr-Trekking-und-Wandern.jpg\",\"contentUrl\":\"https:\/\/www.schlanser.ch\/magazin\/wp-content\/uploads\/2017\/09\/Rucks\u00e4cke-f\u00fcr-Trekking-und-Wandern.jpg\",\"width\":747,\"height\":508,\"caption\":\"\u00a9 Samo Trebizan \/ fotolia.com\"},{\"@type\":\"BreadcrumbList\",\"@id\":\"https:\/\/www.schlanser.ch\/magazin\/top-5-rucksaecke-trekking-wandern\/#breadcrumb\",\"itemListElement\":[{\"@type\":\"ListItem\",\"position\":1,\"name\":\"Startseite\",\"item\":\"https:\/\/www.schlanser.ch\/magazin\/\"},{\"@type\":\"ListItem\",\"position\":2,\"name\":\"Top 5 Rucks\u00e4cke f\u00fcr Trekking und Wandern\"}]},{\"@type\":\"WebSite\",\"@id\":\"https:\/\/www.schlanser.ch\/magazin\/#website\",\"url\":\"https:\/\/www.schlanser.ch\/magazin\/\",\"name\":\"Schlanser Magazin\",\"description\":\"\",\"potentialAction\":[{\"@type\":\"SearchAction\",\"target\":{\"@type\":\"EntryPoint\",\"urlTemplate\":\"https:\/\/www.schlanser.ch\/magazin\/?s={search_term_string}\"},\"query-input\":\"required name=search_term_string\"}],\"inLanguage\":\"de-DE\"},{\"@type\":\"Person\",\"@id\":\"https:\/\/www.schlanser.ch\/magazin\/#\/schema\/person\/7b1395ad2ae9e8e38aab5a5e64b77b2e\",\"name\":\"s.loerz\",\"image\":{\"@type\":\"ImageObject\",\"inLanguage\":\"de-DE\",\"@id\":\"https:\/\/www.schlanser.ch\/magazin\/#\/schema\/person\/image\/\",\"url\":\"https:\/\/secure.gravatar.com\/avatar\/3b4f3b00fe580be553bea2cb055a1526?s=96&d=mm&r=g\",\"contentUrl\":\"https:\/\/secure.gravatar.com\/avatar\/3b4f3b00fe580be553bea2cb055a1526?s=96&d=mm&r=g\",\"caption\":\"s.loerz\"}}]}<\/script>\n<!-- \/ Yoast SEO plugin. -->","yoast_head_json":{"title":"Top 5 Rucks\u00e4cke f\u00fcr Trekking und Wandern - Schlanser Magazin","description":"Das Schlanser Campingmagazin zeigt die besten Rucks\u00e4cke f\u00fcr Trekking & Wanderungen! \u2013 Im Fokus: Gr\u00f6sse \u2714 Gewicht \u2714 Seitentaschen \u2714 Tragekomfort \u2714","robots":{"index":"noindex","follow":"follow"},"og_locale":"de_DE","og_type":"article","og_title":"Top 5 Rucks\u00e4cke f\u00fcr Trekking und Wandern - Schlanser Magazin","og_description":"Das Schlanser Campingmagazin zeigt die besten Rucks\u00e4cke f\u00fcr Trekking & Wanderungen! \u2013 Im Fokus: Gr\u00f6sse \u2714 Gewicht \u2714 Seitentaschen \u2714 Tragekomfort \u2714","og_url":"https:\/\/www.schlanser.ch\/magazin\/top-5-rucksaecke-trekking-wandern\/","og_site_name":"Schlanser Magazin","article_published_time":"2017-09-25T08:00:39+00:00","article_modified_time":"2024-01-10T13:44:31+00:00","og_image":[{"width":747,"height":508,"url":"https:\/\/www.schlanser.ch\/magazin\/wp-content\/uploads\/2017\/09\/Rucks\u00e4cke-f\u00fcr-Trekking-und-Wandern.jpg","type":"image\/jpeg"}],"author":"s.loerz","twitter_card":"summary_large_image","twitter_misc":{"Verfasst von":"s.loerz","Gesch\u00e4tzte Lesezeit":"7 Minuten"},"schema":{"@context":"https:\/\/schema.org","@graph":[{"@type":"WebPage","@id":"https:\/\/www.schlanser.ch\/magazin\/top-5-rucksaecke-trekking-wandern\/","url":"https:\/\/www.schlanser.ch\/magazin\/top-5-rucksaecke-trekking-wandern\/","name":"Top 5 Rucks\u00e4cke f\u00fcr Trekking und Wandern - Schlanser Magazin","isPartOf":{"@id":"https:\/\/www.schlanser.ch\/magazin\/#website"},"primaryImageOfPage":{"@id":"https:\/\/www.schlanser.ch\/magazin\/top-5-rucksaecke-trekking-wandern\/#primaryimage"},"image":{"@id":"https:\/\/www.schlanser.ch\/magazin\/top-5-rucksaecke-trekking-wandern\/#primaryimage"},"thumbnailUrl":"https:\/\/www.schlanser.ch\/magazin\/wp-content\/uploads\/2017\/09\/Rucks\u00e4cke-f\u00fcr-Trekking-und-Wandern.jpg","datePublished":"2017-09-25T08:00:39+00:00","dateModified":"2024-01-10T13:44:31+00:00","author":{"@id":"https:\/\/www.schlanser.ch\/magazin\/#\/schema\/person\/7b1395ad2ae9e8e38aab5a5e64b77b2e"},"description":"Das Schlanser Campingmagazin zeigt die besten Rucks\u00e4cke f\u00fcr Trekking & Wanderungen! \u2013 Im Fokus: Gr\u00f6sse \u2714 Gewicht \u2714 Seitentaschen \u2714 Tragekomfort \u2714","breadcrumb":{"@id":"https:\/\/www.schlanser.ch\/magazin\/top-5-rucksaecke-trekking-wandern\/#breadcrumb"},"inLanguage":"de-DE","potentialAction":[{"@type":"ReadAction","target":["https:\/\/www.schlanser.ch\/magazin\/top-5-rucksaecke-trekking-wandern\/"]}]},{"@type":"ImageObject","inLanguage":"de-DE","@id":"https:\/\/www.schlanser.ch\/magazin\/top-5-rucksaecke-trekking-wandern\/#primaryimage","url":"https:\/\/www.schlanser.ch\/magazin\/wp-content\/uploads\/2017\/09\/Rucks\u00e4cke-f\u00fcr-Trekking-und-Wandern.jpg","contentUrl":"https:\/\/www.schlanser.ch\/magazin\/wp-content\/uploads\/2017\/09\/Rucks\u00e4cke-f\u00fcr-Trekking-und-Wandern.jpg","width":747,"height":508,"caption":"\u00a9 Samo Trebizan \/ fotolia.com"},{"@type":"BreadcrumbList","@id":"https:\/\/www.schlanser.ch\/magazin\/top-5-rucksaecke-trekking-wandern\/#breadcrumb","itemListElement":[{"@type":"ListItem","position":1,"name":"Startseite","item":"https:\/\/www.schlanser.ch\/magazin\/"},{"@type":"ListItem","position":2,"name":"Top 5 Rucks\u00e4cke f\u00fcr Trekking und Wandern"}]},{"@type":"WebSite","@id":"https:\/\/www.schlanser.ch\/magazin\/#website","url":"https:\/\/www.schlanser.ch\/magazin\/","name":"Schlanser Magazin","description":"","potentialAction":[{"@type":"SearchAction","target":{"@type":"EntryPoint","urlTemplate":"https:\/\/www.schlanser.ch\/magazin\/?s={search_term_string}"},"query-input":"required name=search_term_string"}],"inLanguage":"de-DE"},{"@type":"Person","@id":"https:\/\/www.schlanser.ch\/magazin\/#\/schema\/person\/7b1395ad2ae9e8e38aab5a5e64b77b2e","name":"s.loerz","image":{"@type":"ImageObject","inLanguage":"de-DE","@id":"https:\/\/www.schlanser.ch\/magazin\/#\/schema\/person\/image\/","url":"https:\/\/secure.gravatar.com\/avatar\/3b4f3b00fe580be553bea2cb055a1526?s=96&d=mm&r=g","contentUrl":"https:\/\/secure.gravatar.com\/avatar\/3b4f3b00fe580be553bea2cb055a1526?s=96&d=mm&r=g","caption":"s.loerz"}}]}},"_links":{"self":[{"href":"https:\/\/www.schlanser.ch\/magazin\/wp-json\/wp\/v2\/posts\/2805"}],"collection":[{"href":"https:\/\/www.schlanser.ch\/magazin\/wp-json\/wp\/v2\/posts"}],"about":[{"href":"https:\/\/www.schlanser.ch\/magazin\/wp-json\/wp\/v2\/types\/post"}],"author":[{"embeddable":true,"href":"https:\/\/www.schlanser.ch\/magazin\/wp-json\/wp\/v2\/users\/3"}],"replies":[{"embeddable":true,"href":"https:\/\/www.schlanser.ch\/magazin\/wp-json\/wp\/v2\/comments?post=2805"}],"version-history":[{"count":21,"href":"https:\/\/www.schlanser.ch\/magazin\/wp-json\/wp\/v2\/posts\/2805\/revisions"}],"predecessor-version":[{"id":16893,"href":"https:\/\/www.schlanser.ch\/magazin\/wp-json\/wp\/v2\/posts\/2805\/revisions\/16893"}],"wp:featuredmedia":[{"embeddable":true,"href":"https:\/\/www.schlanser.ch\/magazin\/wp-json\/wp\/v2\/media\/2808"}],"wp:attachment":[{"href":"https:\/\/www.schlanser.ch\/magazin\/wp-json\/wp\/v2\/media?parent=2805"}],"wp:term":[{"taxonomy":"category","embeddable":true,"href":"https:\/\/www.schlanser.ch\/magazin\/wp-json\/wp\/v2\/categories?post=2805"},{"taxonomy":"post_tag","embeddable":true,"href":"https:\/\/www.schlanser.ch\/magazin\/wp-json\/wp\/v2\/tags?post=2805"}],"curies":[{"name":"wp","href":"https:\/\/api.w.org\/{rel}","templated":true}]}}